{"id":1605,"date":"2025-07-18T11:23:46","date_gmt":"2025-07-18T09:23:46","guid":{"rendered":"https:\/\/www.uni.lu\/snt-fr\/?post_type=news&#038;p=1605"},"modified":"2025-07-18T11:23:47","modified_gmt":"2025-07-18T09:23:47","slug":"djamila-aouada-nommee-directrice-adjointe-du-snt","status":"publish","type":"news","link":"https:\/\/www.uni.lu\/snt-fr\/news\/djamila-aouada-nommee-directrice-adjointe-du-snt\/","title":{"rendered":"Djamila Aouada nomm\u00e9e directrice adjointe du SnT"},"content":{"rendered":"\n<section class=\"wp-block-unilux-blocks-free-section section\"><div class=\"container xl:max-w-screen-xl\">\n<p><\/p>\n\n\n\n<p><strong>Le SnT de l&rsquo;Universit\u00e9 du Luxembourg accueille Djamila Aouada en tant que nouvelle directrice adjointe. Elle apporte son leadership en mati\u00e8re de recherche multidisciplinaire et son exp\u00e9rience internationale. Le mercredi 16 juillet, Djamila Aouada a \u00e9t\u00e9 \u00e9lue pour un mandat de cinq ans.<\/strong><\/p>\n\n\n\n<p><a href=\"https:\/\/www.uni.lu\/snt-en\/people\/djamila-aouada\/\" target=\"_blank\" rel=\"noreferrer noopener\">Djamila Aouada<\/a> apporte \u00e0 son nouveau poste des r\u00e9f\u00e9rences impressionnantes. Elle a rejoint le SnT en 2009 en tant que membre fondatrice, alors qu&rsquo;il s&rsquo;agissait encore d&rsquo;une \u00e9quipe d&rsquo;une douzaine de chercheurs. Au fil des ans, elle a contribu\u00e9 \u00e0 sa croissance remarquable pour en faire un centre de recherche de premier plan comptant 600 collaborateurs. Elle travaillera en \u00e9troite collaboration avec <a href=\"https:\/\/www.uni.lu\/snt-en\/people\/yves-le-traon\/\" target=\"_blank\" rel=\"noreferrer noopener\">Yves Le Traon<\/a>, directeur du SnT depuis 2024.<\/p>\n\n\n\n<p>Mme Aouada s&rsquo;est impos\u00e9e comme une chercheuse de premier plan dans le domaine de l&rsquo;intelligence artificielle et de l&rsquo;apprentissage automatique. Elle dirige actuellement le groupe de recherche Computer Vision, Imaging and Machine Intelligence (<a href=\"https:\/\/www.uni.lu\/snt-en\/research-groups\/CVi2\/\" target=\"_blank\" rel=\"noreferrer noopener\">CVI2<\/a>). Son \u00e9quipe s&rsquo;attaque \u00e0 des d\u00e9fis de pointe dans le domaine de l&rsquo;analyse d&rsquo;images et de l&rsquo;intelligence artificielle, notamment la question d&rsquo;actualit\u00e9 de la d\u00e9tection des deepfakes.<\/p>\n\n\n\n<ul class=\"wp-block-unilux-blocks-button-list-v2\">\n<li class=\"wp-block-unilux-blocks-button-list-item-v2\"><a class=\"quick-link\" href=\"https:\/\/www.uni.lu\/snt-en\/news\/djamila-aouada-appointed-deputy-director-at-snt\/\" target=\"_blank\" role=\"link\" rel=\"noopener\" tabindex=\"0\"><span class=\"quick-link__container\">\n<div class=\"wp-block-unilux-blocks-block-inserter quick-link__img\"><\/div>\n\n\n\n<span class=\"quick-link__name wp-block-unilux-blocks-plain-text\">Lire l&rsquo;article complet en anglais<\/span>\n\n<svg aria-hidden=\"true\" focusable=\"false\" class=\"icon icon-outline icon--arrow-right \"><use xlink:href=\"https:\/\/www.uni.lu\/wp-content\/themes\/unilux-theme\/assets\/images\/icons\/icons-outline.svg#icon--arrow-right\"><\/use><\/svg><\/span><\/a><\/li>\n<\/ul>\n\n\n\n<p><\/p>\n<\/div><\/section>\n","protected":false},"excerpt":{"rendered":"","protected":false},"author":326,"featured_media":1606,"template":"","format":"standard","meta":{"featured_image_focal_point":{"x":0.53,"y":0.31},"show_featured_caption":false,"ulux_newsletter_groups":"","uluxPostTitle":"","uluxPrePostTitle":"","_trash_the_other_posts":false,"_price":"","_stock":"","_tribe_ticket_header":"","_tribe_default_ticket_provider":"","_tribe_ticket_capacity":"0","_ticket_start_date":"","_ticket_end_date":"","_tribe_ticket_show_description":"","_tribe_ticket_show_not_going":false,"_tribe_ticket_use_global_stock":"","_tribe_ticket_global_stock_level":"","_global_stock_mode":"","_global_stock_cap":"","_tribe_rsvp_for_event":"","_tribe_ticket_going_count":"","_tribe_ticket_not_going_count":"","_tribe_tickets_list":"[]","_tribe_ticket_has_attendee_info_fields":false},"news-category":[6],"news-topic":[9],"organisation":[186,183],"authorship":[],"acf":[],"yoast_head":"<!-- This site is optimized with the Yoast SEO Premium plugin v22.3 (Yoast SEO v22.3) - https:\/\/yoast.com\/wordpress\/plugins\/seo\/ -->\n<title>Djamila Aouada nomm\u00e9e directrice adjointe du SnT - SnT actualit\u00e9s I Universit\u00e9 du Luxembourg<\/title>\n<meta name=\"description\" content=\"Le SnT de l&#039;Universit\u00e9 du Luxembourg accueille Djamila Aouada en tant que nouvelle directrice adjointe. Elle apporte son leadership en mati\u00e8re de Djamila Aouada a \u00e9t\u00e9 \u00e9lue directrice adjointe du SnT de l&#039;Universit\u00e9 du Luxembourg.\" \/>\n<meta name=\"robots\" content=\"index, follow, max-snippet:-1, max-image-preview:large, max-video-preview:-1\" \/>\n<link rel=\"canonical\" href=\"https:\/\/www.uni.lu\/snt-fr\/news\/djamila-aouada-nommee-directrice-adjointe-du-snt\/\" \/>\n<meta property=\"og:locale\" content=\"fr_FR\" \/>\n<meta property=\"og:type\" content=\"article\" \/>\n<meta property=\"og:title\" content=\"Djamila Aouada nomm\u00e9e directrice adjointe du SnT\" \/>\n<meta property=\"og:description\" content=\"Le SnT de l&#039;Universit\u00e9 du Luxembourg accueille Djamila Aouada en tant que nouvelle directrice adjointe. Elle apporte son leadership en mati\u00e8re de\" \/>\n<meta property=\"og:url\" content=\"https:\/\/www.uni.lu\/snt-fr\/news\/djamila-aouada-nommee-directrice-adjointe-du-snt\/\" \/>\n<meta property=\"og:site_name\" content=\"SnT FR\" \/>\n<meta property=\"article:modified_time\" content=\"2025-07-18T09:23:47+00:00\" \/>\n<meta property=\"og:image\" content=\"https:\/\/www.uni.lu\/wp-content\/uploads\/sites\/13\/2025\/07\/18112257\/Website_News_Image_Size28.jpg\" \/>\n\t<meta property=\"og:image:width\" content=\"1024\" \/>\n\t<meta property=\"og:image:height\" content=\"768\" \/>\n\t<meta property=\"og:image:type\" content=\"image\/jpeg\" \/>\n<meta name=\"twitter:card\" content=\"summary_large_image\" \/>\n<meta name=\"twitter:label1\" content=\"Dur\u00e9e de lecture estim\u00e9e\" \/>\n\t<meta name=\"twitter:data1\" content=\"2 minutes\" \/>\n<script type=\"application\/ld+json\" class=\"yoast-schema-graph\">{\"@context\":\"https:\/\/schema.org\",\"@graph\":[{\"@type\":\"NewsArticle\",\"@id\":\"https:\/\/www.uni.lu\/snt-fr\/news\/djamila-aouada-nommee-directrice-adjointe-du-snt\/#article\",\"isPartOf\":{\"@id\":\"https:\/\/www.uni.lu\/snt-fr\/news\/djamila-aouada-nommee-directrice-adjointe-du-snt\/\"},\"author\":{\"name\":\"Geeta\",\"@id\":\"https:\/\/www.uni.lu\/snt-fr\/#\/schema\/person\/7f5186b4d6fc7de90b6fe3fc98f170ce\"},\"headline\":\"Djamila Aouada nomm\u00e9e directrice adjointe du SnT\",\"datePublished\":\"2025-07-18T09:23:46+00:00\",\"dateModified\":\"2025-07-18T09:23:47+00:00\",\"mainEntityOfPage\":{\"@id\":\"https:\/\/www.uni.lu\/snt-fr\/news\/djamila-aouada-nommee-directrice-adjointe-du-snt\/\"},\"wordCount\":195,\"publisher\":{\"@id\":\"https:\/\/www.uni.lu\/snt-fr\/#organization\"},\"image\":{\"@id\":\"https:\/\/www.uni.lu\/snt-fr\/news\/djamila-aouada-nommee-directrice-adjointe-du-snt\/#primaryimage\"},\"thumbnailUrl\":\"https:\/\/www.uni.lu\/wp-content\/uploads\/sites\/13\/2025\/07\/18112257\/Website_News_Image_Size28.jpg\",\"inLanguage\":\"fr-FR\"},{\"@type\":\"WebPage\",\"@id\":\"https:\/\/www.uni.lu\/snt-fr\/news\/djamila-aouada-nommee-directrice-adjointe-du-snt\/\",\"url\":\"https:\/\/www.uni.lu\/snt-fr\/news\/djamila-aouada-nommee-directrice-adjointe-du-snt\/\",\"name\":\"Djamila Aouada nomm\u00e9e directrice adjointe du SnT - SnT actualit\u00e9s I Universit\u00e9 du Luxembourg\",\"isPartOf\":{\"@id\":\"https:\/\/www.uni.lu\/snt-fr\/#website\"},\"primaryImageOfPage\":{\"@id\":\"https:\/\/www.uni.lu\/snt-fr\/news\/djamila-aouada-nommee-directrice-adjointe-du-snt\/#primaryimage\"},\"image\":{\"@id\":\"https:\/\/www.uni.lu\/snt-fr\/news\/djamila-aouada-nommee-directrice-adjointe-du-snt\/#primaryimage\"},\"thumbnailUrl\":\"https:\/\/www.uni.lu\/wp-content\/uploads\/sites\/13\/2025\/07\/18112257\/Website_News_Image_Size28.jpg\",\"datePublished\":\"2025-07-18T09:23:46+00:00\",\"dateModified\":\"2025-07-18T09:23:47+00:00\",\"description\":\"Le SnT de l'Universit\u00e9 du Luxembourg accueille Djamila Aouada en tant que nouvelle directrice adjointe. Elle apporte son leadership en mati\u00e8re de Djamila Aouada a \u00e9t\u00e9 \u00e9lue directrice adjointe du SnT de l'Universit\u00e9 du Luxembourg.\",\"breadcrumb\":{\"@id\":\"https:\/\/www.uni.lu\/snt-fr\/news\/djamila-aouada-nommee-directrice-adjointe-du-snt\/#breadcrumb\"},\"inLanguage\":\"fr-FR\",\"potentialAction\":[{\"@type\":\"ReadAction\",\"target\":[\"https:\/\/www.uni.lu\/snt-fr\/news\/djamila-aouada-nommee-directrice-adjointe-du-snt\/\"]}]},{\"@type\":\"ImageObject\",\"inLanguage\":\"fr-FR\",\"@id\":\"https:\/\/www.uni.lu\/snt-fr\/news\/djamila-aouada-nommee-directrice-adjointe-du-snt\/#primaryimage\",\"url\":\"https:\/\/www.uni.lu\/wp-content\/uploads\/sites\/13\/2025\/07\/18112257\/Website_News_Image_Size28.jpg\",\"contentUrl\":\"https:\/\/www.uni.lu\/wp-content\/uploads\/sites\/13\/2025\/07\/18112257\/Website_News_Image_Size28.jpg\",\"width\":1024,\"height\":768,\"caption\":\"Photo: SnT\"},{\"@type\":\"BreadcrumbList\",\"@id\":\"https:\/\/www.uni.lu\/snt-fr\/news\/djamila-aouada-nommee-directrice-adjointe-du-snt\/#breadcrumb\",\"itemListElement\":[{\"@type\":\"ListItem\",\"position\":1,\"name\":\"Home\",\"item\":\"https:\/\/www.uni.lu\/fr\"},{\"@type\":\"ListItem\",\"position\":2,\"name\":\"Interdisciplinary Centre for Security, Reliability and Trust (SnT)\",\"item\":\"https:\/\/www.uni.lu\/snt-fr\/\"},{\"@type\":\"ListItem\",\"position\":3,\"name\":\"News\",\"item\":\"https:\/\/www.uni.lu\/snt-fr\/news\/\"},{\"@type\":\"ListItem\",\"position\":4,\"name\":\"Djamila Aouada nomm\u00e9e directrice adjointe du SnT\"}]},{\"@type\":\"WebSite\",\"@id\":\"https:\/\/www.uni.lu\/snt-fr\/#website\",\"url\":\"https:\/\/www.uni.lu\/snt-fr\/\",\"name\":\"SnT\",\"description\":\"Interdisciplinary Centre for Security, Reliability and Trust I Uni.lu\",\"publisher\":{\"@id\":\"https:\/\/www.uni.lu\/snt-fr\/#organization\"},\"alternateName\":\"Interdisciplinary Centre for Security, Reliability and Trust I Universit\u00e9 du Luxembourg\",\"potentialAction\":[{\"@type\":\"SearchAction\",\"target\":{\"@type\":\"EntryPoint\",\"urlTemplate\":\"https:\/\/www.uni.lu\/snt-fr\/?s={search_term_string}\"},\"query-input\":\"required name=search_term_string\"}],\"inLanguage\":\"fr-FR\"},{\"@type\":\"Organization\",\"@id\":\"https:\/\/www.uni.lu\/snt-fr\/#organization\",\"name\":\"SnT - Universit\u00e9 du Luxembourg I Uni.lu\",\"alternateName\":\"Interdisciplinary Centre for Security, Reliability and Trust\",\"url\":\"https:\/\/www.uni.lu\/snt-fr\/\",\"logo\":{\"@type\":\"ImageObject\",\"inLanguage\":\"fr-FR\",\"@id\":\"https:\/\/www.uni.lu\/snt-fr\/#\/schema\/logo\/image\/\",\"url\":\"https:\/\/www.uni.lu\/wp-content\/uploads\/sites\/13\/2026\/03\/03112647\/SNT_SM-Profile_1600x1600px-scaled.jpg\",\"contentUrl\":\"https:\/\/www.uni.lu\/wp-content\/uploads\/sites\/13\/2026\/03\/03112647\/SNT_SM-Profile_1600x1600px-scaled.jpg\",\"width\":2560,\"height\":2560,\"caption\":\"SnT - Universit\u00e9 du Luxembourg I Uni.lu\"},\"image\":{\"@id\":\"https:\/\/www.uni.lu\/snt-fr\/#\/schema\/logo\/image\/\"},\"sameAs\":[\"https:\/\/www.linkedin.com\/school\/snt-lu\/\"],\"description\":\"Interdisciplinary Centre for Security, Reliability and Trust I Uni.lu\"},{\"@type\":\"Person\",\"@id\":\"https:\/\/www.uni.lu\/snt-fr\/#\/schema\/person\/7f5186b4d6fc7de90b6fe3fc98f170ce\",\"name\":\"Geeta\",\"image\":{\"@type\":\"ImageObject\",\"inLanguage\":\"fr-FR\",\"@id\":\"https:\/\/www.uni.lu\/snt-fr\/#\/schema\/person\/image\/\",\"url\":\"https:\/\/secure.gravatar.com\/avatar\/1e2ee5c3efd624acfb14f7cd04d93d50?s=96&d=mm&r=g\",\"contentUrl\":\"https:\/\/secure.gravatar.com\/avatar\/1e2ee5c3efd624acfb14f7cd04d93d50?s=96&d=mm&r=g\",\"caption\":\"Geeta\"}}]}<\/script>\n<!-- \/ Yoast SEO Premium plugin. -->","yoast_head_json":{"title":"Djamila Aouada nomm\u00e9e directrice adjointe du SnT - SnT actualit\u00e9s I Universit\u00e9 du Luxembourg","description":"Le SnT de l'Universit\u00e9 du Luxembourg accueille Djamila Aouada en tant que nouvelle directrice adjointe. Elle apporte son leadership en mati\u00e8re de Djamila Aouada a \u00e9t\u00e9 \u00e9lue directrice adjointe du SnT de l'Universit\u00e9 du Luxembourg.","robots":{"index":"index","follow":"follow","max-snippet":"max-snippet:-1","max-image-preview":"max-image-preview:large","max-video-preview":"max-video-preview:-1"},"canonical":"https:\/\/www.uni.lu\/snt-fr\/news\/djamila-aouada-nommee-directrice-adjointe-du-snt\/","og_locale":"fr_FR","og_type":"article","og_title":"Djamila Aouada nomm\u00e9e directrice adjointe du SnT","og_description":"Le SnT de l'Universit\u00e9 du Luxembourg accueille Djamila Aouada en tant que nouvelle directrice adjointe. Elle apporte son leadership en mati\u00e8re de","og_url":"https:\/\/www.uni.lu\/snt-fr\/news\/djamila-aouada-nommee-directrice-adjointe-du-snt\/","og_site_name":"SnT FR","article_modified_time":"2025-07-18T09:23:47+00:00","og_image":[{"width":1024,"height":768,"url":"https:\/\/www.uni.lu\/wp-content\/uploads\/sites\/13\/2025\/07\/18112257\/Website_News_Image_Size28.jpg","type":"image\/jpeg"}],"twitter_card":"summary_large_image","twitter_misc":{"Dur\u00e9e de lecture estim\u00e9e":"2 minutes"},"schema":{"@context":"https:\/\/schema.org","@graph":[{"@type":"NewsArticle","@id":"https:\/\/www.uni.lu\/snt-fr\/news\/djamila-aouada-nommee-directrice-adjointe-du-snt\/#article","isPartOf":{"@id":"https:\/\/www.uni.lu\/snt-fr\/news\/djamila-aouada-nommee-directrice-adjointe-du-snt\/"},"author":{"name":"Geeta","@id":"https:\/\/www.uni.lu\/snt-fr\/#\/schema\/person\/7f5186b4d6fc7de90b6fe3fc98f170ce"},"headline":"Djamila Aouada nomm\u00e9e directrice adjointe du SnT","datePublished":"2025-07-18T09:23:46+00:00","dateModified":"2025-07-18T09:23:47+00:00","mainEntityOfPage":{"@id":"https:\/\/www.uni.lu\/snt-fr\/news\/djamila-aouada-nommee-directrice-adjointe-du-snt\/"},"wordCount":195,"publisher":{"@id":"https:\/\/www.uni.lu\/snt-fr\/#organization"},"image":{"@id":"https:\/\/www.uni.lu\/snt-fr\/news\/djamila-aouada-nommee-directrice-adjointe-du-snt\/#primaryimage"},"thumbnailUrl":"https:\/\/www.uni.lu\/wp-content\/uploads\/sites\/13\/2025\/07\/18112257\/Website_News_Image_Size28.jpg","inLanguage":"fr-FR"},{"@type":"WebPage","@id":"https:\/\/www.uni.lu\/snt-fr\/news\/djamila-aouada-nommee-directrice-adjointe-du-snt\/","url":"https:\/\/www.uni.lu\/snt-fr\/news\/djamila-aouada-nommee-directrice-adjointe-du-snt\/","name":"Djamila Aouada nomm\u00e9e directrice adjointe du SnT - SnT actualit\u00e9s I Universit\u00e9 du Luxembourg","isPartOf":{"@id":"https:\/\/www.uni.lu\/snt-fr\/#website"},"primaryImageOfPage":{"@id":"https:\/\/www.uni.lu\/snt-fr\/news\/djamila-aouada-nommee-directrice-adjointe-du-snt\/#primaryimage"},"image":{"@id":"https:\/\/www.uni.lu\/snt-fr\/news\/djamila-aouada-nommee-directrice-adjointe-du-snt\/#primaryimage"},"thumbnailUrl":"https:\/\/www.uni.lu\/wp-content\/uploads\/sites\/13\/2025\/07\/18112257\/Website_News_Image_Size28.jpg","datePublished":"2025-07-18T09:23:46+00:00","dateModified":"2025-07-18T09:23:47+00:00","description":"Le SnT de l'Universit\u00e9 du Luxembourg accueille Djamila Aouada en tant que nouvelle directrice adjointe. Elle apporte son leadership en mati\u00e8re de Djamila Aouada a \u00e9t\u00e9 \u00e9lue directrice adjointe du SnT de l'Universit\u00e9 du Luxembourg.","breadcrumb":{"@id":"https:\/\/www.uni.lu\/snt-fr\/news\/djamila-aouada-nommee-directrice-adjointe-du-snt\/#breadcrumb"},"inLanguage":"fr-FR","potentialAction":[{"@type":"ReadAction","target":["https:\/\/www.uni.lu\/snt-fr\/news\/djamila-aouada-nommee-directrice-adjointe-du-snt\/"]}]},{"@type":"ImageObject","inLanguage":"fr-FR","@id":"https:\/\/www.uni.lu\/snt-fr\/news\/djamila-aouada-nommee-directrice-adjointe-du-snt\/#primaryimage","url":"https:\/\/www.uni.lu\/wp-content\/uploads\/sites\/13\/2025\/07\/18112257\/Website_News_Image_Size28.jpg","contentUrl":"https:\/\/www.uni.lu\/wp-content\/uploads\/sites\/13\/2025\/07\/18112257\/Website_News_Image_Size28.jpg","width":1024,"height":768,"caption":"Photo: SnT"},{"@type":"BreadcrumbList","@id":"https:\/\/www.uni.lu\/snt-fr\/news\/djamila-aouada-nommee-directrice-adjointe-du-snt\/#breadcrumb","itemListElement":[{"@type":"ListItem","position":1,"name":"Home","item":"https:\/\/www.uni.lu\/fr"},{"@type":"ListItem","position":2,"name":"Interdisciplinary Centre for Security, Reliability and Trust (SnT)","item":"https:\/\/www.uni.lu\/snt-fr\/"},{"@type":"ListItem","position":3,"name":"News","item":"https:\/\/www.uni.lu\/snt-fr\/news\/"},{"@type":"ListItem","position":4,"name":"Djamila Aouada nomm\u00e9e directrice adjointe du SnT"}]},{"@type":"WebSite","@id":"https:\/\/www.uni.lu\/snt-fr\/#website","url":"https:\/\/www.uni.lu\/snt-fr\/","name":"SnT","description":"Interdisciplinary Centre for Security, Reliability and Trust I Uni.lu","publisher":{"@id":"https:\/\/www.uni.lu\/snt-fr\/#organization"},"alternateName":"Interdisciplinary Centre for Security, Reliability and Trust I Universit\u00e9 du Luxembourg","potentialAction":[{"@type":"SearchAction","target":{"@type":"EntryPoint","urlTemplate":"https:\/\/www.uni.lu\/snt-fr\/?s={search_term_string}"},"query-input":"required name=search_term_string"}],"inLanguage":"fr-FR"},{"@type":"Organization","@id":"https:\/\/www.uni.lu\/snt-fr\/#organization","name":"SnT - Universit\u00e9 du Luxembourg I Uni.lu","alternateName":"Interdisciplinary Centre for Security, Reliability and Trust","url":"https:\/\/www.uni.lu\/snt-fr\/","logo":{"@type":"ImageObject","inLanguage":"fr-FR","@id":"https:\/\/www.uni.lu\/snt-fr\/#\/schema\/logo\/image\/","url":"https:\/\/www.uni.lu\/wp-content\/uploads\/sites\/13\/2026\/03\/03112647\/SNT_SM-Profile_1600x1600px-scaled.jpg","contentUrl":"https:\/\/www.uni.lu\/wp-content\/uploads\/sites\/13\/2026\/03\/03112647\/SNT_SM-Profile_1600x1600px-scaled.jpg","width":2560,"height":2560,"caption":"SnT - Universit\u00e9 du Luxembourg I Uni.lu"},"image":{"@id":"https:\/\/www.uni.lu\/snt-fr\/#\/schema\/logo\/image\/"},"sameAs":["https:\/\/www.linkedin.com\/school\/snt-lu\/"],"description":"Interdisciplinary Centre for Security, Reliability and Trust I Uni.lu"},{"@type":"Person","@id":"https:\/\/www.uni.lu\/snt-fr\/#\/schema\/person\/7f5186b4d6fc7de90b6fe3fc98f170ce","name":"Geeta","image":{"@type":"ImageObject","inLanguage":"fr-FR","@id":"https:\/\/www.uni.lu\/snt-fr\/#\/schema\/person\/image\/","url":"https:\/\/secure.gravatar.com\/avatar\/1e2ee5c3efd624acfb14f7cd04d93d50?s=96&d=mm&r=g","contentUrl":"https:\/\/secure.gravatar.com\/avatar\/1e2ee5c3efd624acfb14f7cd04d93d50?s=96&d=mm&r=g","caption":"Geeta"}}]}},"blog_id":13,"_links":{"self":[{"href":"https:\/\/www.uni.lu\/snt-fr\/wp-json\/wp\/v2\/news\/1605"}],"collection":[{"href":"https:\/\/www.uni.lu\/snt-fr\/wp-json\/wp\/v2\/news"}],"about":[{"href":"https:\/\/www.uni.lu\/snt-fr\/wp-json\/wp\/v2\/types\/news"}],"author":[{"embeddable":true,"href":"https:\/\/www.uni.lu\/snt-fr\/wp-json\/wp\/v2\/users\/326"}],"version-history":[{"count":1,"href":"https:\/\/www.uni.lu\/snt-fr\/wp-json\/wp\/v2\/news\/1605\/revisions"}],"predecessor-version":[{"id":1607,"href":"https:\/\/www.uni.lu\/snt-fr\/wp-json\/wp\/v2\/news\/1605\/revisions\/1607"}],"wp:featuredmedia":[{"embeddable":true,"href":"https:\/\/www.uni.lu\/snt-fr\/wp-json\/wp\/v2\/media\/1606"}],"wp:attachment":[{"href":"https:\/\/www.uni.lu\/snt-fr\/wp-json\/wp\/v2\/media?parent=1605"}],"wp:term":[{"taxonomy":"news-category","embeddable":true,"href":"https:\/\/www.uni.lu\/snt-fr\/wp-json\/wp\/v2\/news-category?post=1605"},{"taxonomy":"news-topic","embeddable":true,"href":"https:\/\/www.uni.lu\/snt-fr\/wp-json\/wp\/v2\/news-topic?post=1605"},{"taxonomy":"organisation","embeddable":true,"href":"https:\/\/www.uni.lu\/snt-fr\/wp-json\/wp\/v2\/organisation?post=1605"}],"curies":[{"name":"wp","href":"https:\/\/api.w.org\/{rel}","templated":true}]}}