{"id":1600,"date":"2025-07-15T10:01:42","date_gmt":"2025-07-15T08:01:42","guid":{"rendered":"https:\/\/www.uni.lu\/snt-fr\/?post_type=news&#038;p=1600"},"modified":"2025-07-15T10:02:24","modified_gmt":"2025-07-15T08:02:24","slug":"pourquoi-la-prochaine-revolution-technologique-commence-aux-racines-de-la-science","status":"publish","type":"news","link":"https:\/\/www.uni.lu\/snt-fr\/news\/pourquoi-la-prochaine-revolution-technologique-commence-aux-racines-de-la-science\/","title":{"rendered":"Pourquoi la prochaine r\u00e9volution technologique commence aux racines de la science"},"content":{"rendered":"\n<section class=\"wp-block-unilux-blocks-free-section section\"><div class=\"container xl:max-w-screen-xl\">\n<p><\/p>\n\n\n\n<p><strong>Et si prot\u00e9ger notre avenir signifiait revenir \u00e0 l&rsquo;essentiel ? Alors que le codage et la science des donn\u00e9es dominent les tendances actuelles en mati\u00e8re d&rsquo;\u00e9tudes, le prochain bond technologique pourrait bien r\u00e9sider dans un retour aux fondamentaux, tels que la physique et la quantique.<\/strong><\/p>\n\n\n\n<p>Dans le domaine de la technologie quantique, des mati\u00e8res fondamentales telles que la physique pourraient d\u00e9tenir la cl\u00e9 pour construire les syst\u00e8mes de communication les plus s\u00e9curis\u00e9s \u00e0 ce jour. Cette transition vers les communications quantiques \u00e9tait au c\u0153ur de la deuxi\u00e8me \u00e9dition du \u201cQuantum Breakfast\u201d organis\u00e9 par l&rsquo;Universit\u00e9 du Luxembourg en partenariat avec la Chambre de Commerce.<\/p>\n\n\n\n<p>Intitul\u00e9 \u00ab Are you ready for Quantum Communications? \u00bb, cet \u00e9v\u00e9nement a r\u00e9uni des experts issus du gouvernement, de la recherche et de l&rsquo;industrie, notamment des intervenants de SES, Luxinnovation et de l&rsquo;Universit\u00e9 du Luxembourg (Uni.lu). Ensemble, ils ont expliqu\u00e9 comment le Luxembourg se pr\u00e9pare \u00e0 garantir sa souverainet\u00e9 num\u00e9rique, autrement dit son ind\u00e9pendance, gr\u00e2ce aux communications quantiques.<\/p>\n\n\n\n<ul class=\"wp-block-unilux-blocks-button-list-v2\">\n<li class=\"wp-block-unilux-blocks-button-list-item-v2\"><a class=\"quick-link\" href=\"https:\/\/www.uni.lu\/snt-en\/news\/think-again-why-the-next-tech-revolution-starts-where-science-began\/\" target=\"_blank\" role=\"link\" rel=\"noopener\" tabindex=\"0\"><span class=\"quick-link__container\">\n<div class=\"wp-block-unilux-blocks-block-inserter quick-link__img\"><\/div>\n\n\n\n<span class=\"quick-link__name wp-block-unilux-blocks-plain-text\">Lire l\u2019article complet en anglais<\/span>\n\n<svg aria-hidden=\"true\" focusable=\"false\" class=\"icon icon-outline icon--arrow-right \"><use xlink:href=\"https:\/\/www.uni.lu\/wp-content\/themes\/unilux-theme\/assets\/images\/icons\/icons-outline.svg#icon--arrow-right\"><\/use><\/svg><\/span><\/a><\/li>\n<\/ul>\n<\/div><\/section>\n","protected":false},"excerpt":{"rendered":"<p>2e Quantum Breakfast de l&rsquo;Uni.lu organis\u00e9 \u00e0 la Chambre de Commerce le 10 juillet 2025.<\/p>\n","protected":false},"author":326,"featured_media":1602,"template":"","format":"standard","meta":{"featured_image_focal_point":[],"show_featured_caption":false,"ulux_newsletter_groups":"","uluxPostTitle":"","uluxPrePostTitle":"","_trash_the_other_posts":false,"_price":"","_stock":"","_tribe_ticket_header":"","_tribe_default_ticket_provider":"","_tribe_ticket_capacity":"0","_ticket_start_date":"","_ticket_end_date":"","_tribe_ticket_show_description":"","_tribe_ticket_show_not_going":false,"_tribe_ticket_use_global_stock":"","_tribe_ticket_global_stock_level":"","_global_stock_mode":"","_global_stock_cap":"","_tribe_rsvp_for_event":"","_tribe_ticket_going_count":"","_tribe_ticket_not_going_count":"","_tribe_tickets_list":"[]","_tribe_ticket_has_attendee_info_fields":false},"news-category":[3,6],"news-topic":[9],"organisation":[24,183],"authorship":[],"acf":[],"yoast_head":"<!-- This site is optimized with the Yoast SEO Premium plugin v22.3 (Yoast SEO v22.3) - https:\/\/yoast.com\/wordpress\/plugins\/seo\/ -->\n<title>Pourquoi la prochaine r\u00e9volution technologique commence aux racines de la science - SnT actualit\u00e9s I Universit\u00e9 du Luxembourg<\/title>\n<meta name=\"description\" content=\"2e Quantum Breakfast de l&#039;Uni.lu organis\u00e9 \u00e0 la Chambre de Commerce le 10 juillet 2025. Les principes fondamentaux de la physique et de la m\u00e9canique quantique sont \u00e0 l&#039;origine des prochaines avanc\u00e9es technologiques\" \/>\n<meta name=\"robots\" content=\"index, follow, max-snippet:-1, max-image-preview:large, max-video-preview:-1\" \/>\n<link rel=\"canonical\" href=\"https:\/\/www.uni.lu\/snt-fr\/news\/pourquoi-la-prochaine-revolution-technologique-commence-aux-racines-de-la-science\/\" \/>\n<meta property=\"og:locale\" content=\"fr_FR\" \/>\n<meta property=\"og:type\" content=\"article\" \/>\n<meta property=\"og:title\" content=\"Pourquoi la prochaine r\u00e9volution technologique commence aux racines de la science\" \/>\n<meta property=\"og:description\" content=\"2e Quantum Breakfast de l&#039;Uni.lu organis\u00e9 \u00e0 la Chambre de Commerce le 10 juillet 2025.\" \/>\n<meta property=\"og:url\" content=\"https:\/\/www.uni.lu\/snt-fr\/news\/pourquoi-la-prochaine-revolution-technologique-commence-aux-racines-de-la-science\/\" \/>\n<meta property=\"og:site_name\" content=\"SnT FR\" \/>\n<meta property=\"article:modified_time\" content=\"2025-07-15T08:02:24+00:00\" \/>\n<meta property=\"og:image\" content=\"https:\/\/www.uni.lu\/wp-content\/uploads\/sites\/13\/2025\/07\/15095947\/QB2-Cover-WIS.jpg\" \/>\n\t<meta property=\"og:image:width\" content=\"1024\" \/>\n\t<meta property=\"og:image:height\" content=\"768\" \/>\n\t<meta property=\"og:image:type\" content=\"image\/jpeg\" \/>\n<meta name=\"twitter:card\" content=\"summary_large_image\" \/>\n<meta name=\"twitter:label1\" content=\"Dur\u00e9e de lecture estim\u00e9e\" \/>\n\t<meta name=\"twitter:data1\" content=\"2 minutes\" \/>\n<script type=\"application\/ld+json\" class=\"yoast-schema-graph\">{\"@context\":\"https:\/\/schema.org\",\"@graph\":[{\"@type\":\"NewsArticle\",\"@id\":\"https:\/\/www.uni.lu\/snt-fr\/news\/pourquoi-la-prochaine-revolution-technologique-commence-aux-racines-de-la-science\/#article\",\"isPartOf\":{\"@id\":\"https:\/\/www.uni.lu\/snt-fr\/news\/pourquoi-la-prochaine-revolution-technologique-commence-aux-racines-de-la-science\/\"},\"author\":{\"name\":\"Geeta\",\"@id\":\"https:\/\/www.uni.lu\/snt-fr\/#\/schema\/person\/7f5186b4d6fc7de90b6fe3fc98f170ce\"},\"headline\":\"Pourquoi la prochaine r\u00e9volution technologique commence aux racines de la science\",\"datePublished\":\"2025-07-15T08:01:42+00:00\",\"dateModified\":\"2025-07-15T08:02:24+00:00\",\"mainEntityOfPage\":{\"@id\":\"https:\/\/www.uni.lu\/snt-fr\/news\/pourquoi-la-prochaine-revolution-technologique-commence-aux-racines-de-la-science\/\"},\"wordCount\":190,\"publisher\":{\"@id\":\"https:\/\/www.uni.lu\/snt-fr\/#organization\"},\"image\":{\"@id\":\"https:\/\/www.uni.lu\/snt-fr\/news\/pourquoi-la-prochaine-revolution-technologique-commence-aux-racines-de-la-science\/#primaryimage\"},\"thumbnailUrl\":\"https:\/\/www.uni.lu\/wp-content\/uploads\/sites\/13\/2025\/07\/15095947\/QB2-Cover-WIS.jpg\",\"inLanguage\":\"fr-FR\"},{\"@type\":\"WebPage\",\"@id\":\"https:\/\/www.uni.lu\/snt-fr\/news\/pourquoi-la-prochaine-revolution-technologique-commence-aux-racines-de-la-science\/\",\"url\":\"https:\/\/www.uni.lu\/snt-fr\/news\/pourquoi-la-prochaine-revolution-technologique-commence-aux-racines-de-la-science\/\",\"name\":\"Pourquoi la prochaine r\u00e9volution technologique commence aux racines de la science - SnT actualit\u00e9s I Universit\u00e9 du Luxembourg\",\"isPartOf\":{\"@id\":\"https:\/\/www.uni.lu\/snt-fr\/#website\"},\"primaryImageOfPage\":{\"@id\":\"https:\/\/www.uni.lu\/snt-fr\/news\/pourquoi-la-prochaine-revolution-technologique-commence-aux-racines-de-la-science\/#primaryimage\"},\"image\":{\"@id\":\"https:\/\/www.uni.lu\/snt-fr\/news\/pourquoi-la-prochaine-revolution-technologique-commence-aux-racines-de-la-science\/#primaryimage\"},\"thumbnailUrl\":\"https:\/\/www.uni.lu\/wp-content\/uploads\/sites\/13\/2025\/07\/15095947\/QB2-Cover-WIS.jpg\",\"datePublished\":\"2025-07-15T08:01:42+00:00\",\"dateModified\":\"2025-07-15T08:02:24+00:00\",\"description\":\"2e Quantum Breakfast de l'Uni.lu organis\u00e9 \u00e0 la Chambre de Commerce le 10 juillet 2025. Les principes fondamentaux de la physique et de la m\u00e9canique quantique sont \u00e0 l'origine des prochaines avanc\u00e9es technologiques\",\"breadcrumb\":{\"@id\":\"https:\/\/www.uni.lu\/snt-fr\/news\/pourquoi-la-prochaine-revolution-technologique-commence-aux-racines-de-la-science\/#breadcrumb\"},\"inLanguage\":\"fr-FR\",\"potentialAction\":[{\"@type\":\"ReadAction\",\"target\":[\"https:\/\/www.uni.lu\/snt-fr\/news\/pourquoi-la-prochaine-revolution-technologique-commence-aux-racines-de-la-science\/\"]}]},{\"@type\":\"ImageObject\",\"inLanguage\":\"fr-FR\",\"@id\":\"https:\/\/www.uni.lu\/snt-fr\/news\/pourquoi-la-prochaine-revolution-technologique-commence-aux-racines-de-la-science\/#primaryimage\",\"url\":\"https:\/\/www.uni.lu\/wp-content\/uploads\/sites\/13\/2025\/07\/15095947\/QB2-Cover-WIS.jpg\",\"contentUrl\":\"https:\/\/www.uni.lu\/wp-content\/uploads\/sites\/13\/2025\/07\/15095947\/QB2-Cover-WIS.jpg\",\"width\":1024,\"height\":768,\"caption\":\"Photo: Uni.lu\"},{\"@type\":\"BreadcrumbList\",\"@id\":\"https:\/\/www.uni.lu\/snt-fr\/news\/pourquoi-la-prochaine-revolution-technologique-commence-aux-racines-de-la-science\/#breadcrumb\",\"itemListElement\":[{\"@type\":\"ListItem\",\"position\":1,\"name\":\"Home\",\"item\":\"https:\/\/www.uni.lu\/fr\"},{\"@type\":\"ListItem\",\"position\":2,\"name\":\"Interdisciplinary Centre for Security, Reliability and Trust (SnT)\",\"item\":\"https:\/\/www.uni.lu\/snt-fr\/\"},{\"@type\":\"ListItem\",\"position\":3,\"name\":\"News\",\"item\":\"https:\/\/www.uni.lu\/snt-fr\/news\/\"},{\"@type\":\"ListItem\",\"position\":4,\"name\":\"Pourquoi la prochaine r\u00e9volution technologique commence aux racines de la science\"}]},{\"@type\":\"WebSite\",\"@id\":\"https:\/\/www.uni.lu\/snt-fr\/#website\",\"url\":\"https:\/\/www.uni.lu\/snt-fr\/\",\"name\":\"SnT\",\"description\":\"Interdisciplinary Centre for Security, Reliability and Trust I Uni.lu\",\"publisher\":{\"@id\":\"https:\/\/www.uni.lu\/snt-fr\/#organization\"},\"alternateName\":\"Interdisciplinary Centre for Security, Reliability and Trust I Universit\u00e9 du Luxembourg\",\"potentialAction\":[{\"@type\":\"SearchAction\",\"target\":{\"@type\":\"EntryPoint\",\"urlTemplate\":\"https:\/\/www.uni.lu\/snt-fr\/?s={search_term_string}\"},\"query-input\":\"required name=search_term_string\"}],\"inLanguage\":\"fr-FR\"},{\"@type\":\"Organization\",\"@id\":\"https:\/\/www.uni.lu\/snt-fr\/#organization\",\"name\":\"SnT - Universit\u00e9 du Luxembourg I Uni.lu\",\"alternateName\":\"Interdisciplinary Centre for Security, Reliability and Trust\",\"url\":\"https:\/\/www.uni.lu\/snt-fr\/\",\"logo\":{\"@type\":\"ImageObject\",\"inLanguage\":\"fr-FR\",\"@id\":\"https:\/\/www.uni.lu\/snt-fr\/#\/schema\/logo\/image\/\",\"url\":\"https:\/\/www.uni.lu\/wp-content\/uploads\/sites\/13\/2026\/03\/03112647\/SNT_SM-Profile_1600x1600px-scaled.jpg\",\"contentUrl\":\"https:\/\/www.uni.lu\/wp-content\/uploads\/sites\/13\/2026\/03\/03112647\/SNT_SM-Profile_1600x1600px-scaled.jpg\",\"width\":2560,\"height\":2560,\"caption\":\"SnT - Universit\u00e9 du Luxembourg I Uni.lu\"},\"image\":{\"@id\":\"https:\/\/www.uni.lu\/snt-fr\/#\/schema\/logo\/image\/\"},\"sameAs\":[\"https:\/\/www.linkedin.com\/school\/snt-lu\/\"],\"description\":\"Interdisciplinary Centre for Security, Reliability and Trust I Uni.lu\"},{\"@type\":\"Person\",\"@id\":\"https:\/\/www.uni.lu\/snt-fr\/#\/schema\/person\/7f5186b4d6fc7de90b6fe3fc98f170ce\",\"name\":\"Geeta\",\"image\":{\"@type\":\"ImageObject\",\"inLanguage\":\"fr-FR\",\"@id\":\"https:\/\/www.uni.lu\/snt-fr\/#\/schema\/person\/image\/\",\"url\":\"https:\/\/secure.gravatar.com\/avatar\/1e2ee5c3efd624acfb14f7cd04d93d50?s=96&d=mm&r=g\",\"contentUrl\":\"https:\/\/secure.gravatar.com\/avatar\/1e2ee5c3efd624acfb14f7cd04d93d50?s=96&d=mm&r=g\",\"caption\":\"Geeta\"}}]}<\/script>\n<!-- \/ Yoast SEO Premium plugin. -->","yoast_head_json":{"title":"Pourquoi la prochaine r\u00e9volution technologique commence aux racines de la science - SnT actualit\u00e9s I Universit\u00e9 du Luxembourg","description":"2e Quantum Breakfast de l'Uni.lu organis\u00e9 \u00e0 la Chambre de Commerce le 10 juillet 2025. Les principes fondamentaux de la physique et de la m\u00e9canique quantique sont \u00e0 l'origine des prochaines avanc\u00e9es technologiques","robots":{"index":"index","follow":"follow","max-snippet":"max-snippet:-1","max-image-preview":"max-image-preview:large","max-video-preview":"max-video-preview:-1"},"canonical":"https:\/\/www.uni.lu\/snt-fr\/news\/pourquoi-la-prochaine-revolution-technologique-commence-aux-racines-de-la-science\/","og_locale":"fr_FR","og_type":"article","og_title":"Pourquoi la prochaine r\u00e9volution technologique commence aux racines de la science","og_description":"2e Quantum Breakfast de l'Uni.lu organis\u00e9 \u00e0 la Chambre de Commerce le 10 juillet 2025.","og_url":"https:\/\/www.uni.lu\/snt-fr\/news\/pourquoi-la-prochaine-revolution-technologique-commence-aux-racines-de-la-science\/","og_site_name":"SnT FR","article_modified_time":"2025-07-15T08:02:24+00:00","og_image":[{"width":1024,"height":768,"url":"https:\/\/www.uni.lu\/wp-content\/uploads\/sites\/13\/2025\/07\/15095947\/QB2-Cover-WIS.jpg","type":"image\/jpeg"}],"twitter_card":"summary_large_image","twitter_misc":{"Dur\u00e9e de lecture estim\u00e9e":"2 minutes"},"schema":{"@context":"https:\/\/schema.org","@graph":[{"@type":"NewsArticle","@id":"https:\/\/www.uni.lu\/snt-fr\/news\/pourquoi-la-prochaine-revolution-technologique-commence-aux-racines-de-la-science\/#article","isPartOf":{"@id":"https:\/\/www.uni.lu\/snt-fr\/news\/pourquoi-la-prochaine-revolution-technologique-commence-aux-racines-de-la-science\/"},"author":{"name":"Geeta","@id":"https:\/\/www.uni.lu\/snt-fr\/#\/schema\/person\/7f5186b4d6fc7de90b6fe3fc98f170ce"},"headline":"Pourquoi la prochaine r\u00e9volution technologique commence aux racines de la science","datePublished":"2025-07-15T08:01:42+00:00","dateModified":"2025-07-15T08:02:24+00:00","mainEntityOfPage":{"@id":"https:\/\/www.uni.lu\/snt-fr\/news\/pourquoi-la-prochaine-revolution-technologique-commence-aux-racines-de-la-science\/"},"wordCount":190,"publisher":{"@id":"https:\/\/www.uni.lu\/snt-fr\/#organization"},"image":{"@id":"https:\/\/www.uni.lu\/snt-fr\/news\/pourquoi-la-prochaine-revolution-technologique-commence-aux-racines-de-la-science\/#primaryimage"},"thumbnailUrl":"https:\/\/www.uni.lu\/wp-content\/uploads\/sites\/13\/2025\/07\/15095947\/QB2-Cover-WIS.jpg","inLanguage":"fr-FR"},{"@type":"WebPage","@id":"https:\/\/www.uni.lu\/snt-fr\/news\/pourquoi-la-prochaine-revolution-technologique-commence-aux-racines-de-la-science\/","url":"https:\/\/www.uni.lu\/snt-fr\/news\/pourquoi-la-prochaine-revolution-technologique-commence-aux-racines-de-la-science\/","name":"Pourquoi la prochaine r\u00e9volution technologique commence aux racines de la science - SnT actualit\u00e9s I Universit\u00e9 du Luxembourg","isPartOf":{"@id":"https:\/\/www.uni.lu\/snt-fr\/#website"},"primaryImageOfPage":{"@id":"https:\/\/www.uni.lu\/snt-fr\/news\/pourquoi-la-prochaine-revolution-technologique-commence-aux-racines-de-la-science\/#primaryimage"},"image":{"@id":"https:\/\/www.uni.lu\/snt-fr\/news\/pourquoi-la-prochaine-revolution-technologique-commence-aux-racines-de-la-science\/#primaryimage"},"thumbnailUrl":"https:\/\/www.uni.lu\/wp-content\/uploads\/sites\/13\/2025\/07\/15095947\/QB2-Cover-WIS.jpg","datePublished":"2025-07-15T08:01:42+00:00","dateModified":"2025-07-15T08:02:24+00:00","description":"2e Quantum Breakfast de l'Uni.lu organis\u00e9 \u00e0 la Chambre de Commerce le 10 juillet 2025. Les principes fondamentaux de la physique et de la m\u00e9canique quantique sont \u00e0 l'origine des prochaines avanc\u00e9es technologiques","breadcrumb":{"@id":"https:\/\/www.uni.lu\/snt-fr\/news\/pourquoi-la-prochaine-revolution-technologique-commence-aux-racines-de-la-science\/#breadcrumb"},"inLanguage":"fr-FR","potentialAction":[{"@type":"ReadAction","target":["https:\/\/www.uni.lu\/snt-fr\/news\/pourquoi-la-prochaine-revolution-technologique-commence-aux-racines-de-la-science\/"]}]},{"@type":"ImageObject","inLanguage":"fr-FR","@id":"https:\/\/www.uni.lu\/snt-fr\/news\/pourquoi-la-prochaine-revolution-technologique-commence-aux-racines-de-la-science\/#primaryimage","url":"https:\/\/www.uni.lu\/wp-content\/uploads\/sites\/13\/2025\/07\/15095947\/QB2-Cover-WIS.jpg","contentUrl":"https:\/\/www.uni.lu\/wp-content\/uploads\/sites\/13\/2025\/07\/15095947\/QB2-Cover-WIS.jpg","width":1024,"height":768,"caption":"Photo: Uni.lu"},{"@type":"BreadcrumbList","@id":"https:\/\/www.uni.lu\/snt-fr\/news\/pourquoi-la-prochaine-revolution-technologique-commence-aux-racines-de-la-science\/#breadcrumb","itemListElement":[{"@type":"ListItem","position":1,"name":"Home","item":"https:\/\/www.uni.lu\/fr"},{"@type":"ListItem","position":2,"name":"Interdisciplinary Centre for Security, Reliability and Trust (SnT)","item":"https:\/\/www.uni.lu\/snt-fr\/"},{"@type":"ListItem","position":3,"name":"News","item":"https:\/\/www.uni.lu\/snt-fr\/news\/"},{"@type":"ListItem","position":4,"name":"Pourquoi la prochaine r\u00e9volution technologique commence aux racines de la science"}]},{"@type":"WebSite","@id":"https:\/\/www.uni.lu\/snt-fr\/#website","url":"https:\/\/www.uni.lu\/snt-fr\/","name":"SnT","description":"Interdisciplinary Centre for Security, Reliability and Trust I Uni.lu","publisher":{"@id":"https:\/\/www.uni.lu\/snt-fr\/#organization"},"alternateName":"Interdisciplinary Centre for Security, Reliability and Trust I Universit\u00e9 du Luxembourg","potentialAction":[{"@type":"SearchAction","target":{"@type":"EntryPoint","urlTemplate":"https:\/\/www.uni.lu\/snt-fr\/?s={search_term_string}"},"query-input":"required name=search_term_string"}],"inLanguage":"fr-FR"},{"@type":"Organization","@id":"https:\/\/www.uni.lu\/snt-fr\/#organization","name":"SnT - Universit\u00e9 du Luxembourg I Uni.lu","alternateName":"Interdisciplinary Centre for Security, Reliability and Trust","url":"https:\/\/www.uni.lu\/snt-fr\/","logo":{"@type":"ImageObject","inLanguage":"fr-FR","@id":"https:\/\/www.uni.lu\/snt-fr\/#\/schema\/logo\/image\/","url":"https:\/\/www.uni.lu\/wp-content\/uploads\/sites\/13\/2026\/03\/03112647\/SNT_SM-Profile_1600x1600px-scaled.jpg","contentUrl":"https:\/\/www.uni.lu\/wp-content\/uploads\/sites\/13\/2026\/03\/03112647\/SNT_SM-Profile_1600x1600px-scaled.jpg","width":2560,"height":2560,"caption":"SnT - Universit\u00e9 du Luxembourg I Uni.lu"},"image":{"@id":"https:\/\/www.uni.lu\/snt-fr\/#\/schema\/logo\/image\/"},"sameAs":["https:\/\/www.linkedin.com\/school\/snt-lu\/"],"description":"Interdisciplinary Centre for Security, Reliability and Trust I Uni.lu"},{"@type":"Person","@id":"https:\/\/www.uni.lu\/snt-fr\/#\/schema\/person\/7f5186b4d6fc7de90b6fe3fc98f170ce","name":"Geeta","image":{"@type":"ImageObject","inLanguage":"fr-FR","@id":"https:\/\/www.uni.lu\/snt-fr\/#\/schema\/person\/image\/","url":"https:\/\/secure.gravatar.com\/avatar\/1e2ee5c3efd624acfb14f7cd04d93d50?s=96&d=mm&r=g","contentUrl":"https:\/\/secure.gravatar.com\/avatar\/1e2ee5c3efd624acfb14f7cd04d93d50?s=96&d=mm&r=g","caption":"Geeta"}}]}},"blog_id":13,"_links":{"self":[{"href":"https:\/\/www.uni.lu\/snt-fr\/wp-json\/wp\/v2\/news\/1600"}],"collection":[{"href":"https:\/\/www.uni.lu\/snt-fr\/wp-json\/wp\/v2\/news"}],"about":[{"href":"https:\/\/www.uni.lu\/snt-fr\/wp-json\/wp\/v2\/types\/news"}],"author":[{"embeddable":true,"href":"https:\/\/www.uni.lu\/snt-fr\/wp-json\/wp\/v2\/users\/326"}],"version-history":[{"count":3,"href":"https:\/\/www.uni.lu\/snt-fr\/wp-json\/wp\/v2\/news\/1600\/revisions"}],"predecessor-version":[{"id":1604,"href":"https:\/\/www.uni.lu\/snt-fr\/wp-json\/wp\/v2\/news\/1600\/revisions\/1604"}],"wp:featuredmedia":[{"embeddable":true,"href":"https:\/\/www.uni.lu\/snt-fr\/wp-json\/wp\/v2\/media\/1602"}],"wp:attachment":[{"href":"https:\/\/www.uni.lu\/snt-fr\/wp-json\/wp\/v2\/media?parent=1600"}],"wp:term":[{"taxonomy":"news-category","embeddable":true,"href":"https:\/\/www.uni.lu\/snt-fr\/wp-json\/wp\/v2\/news-category?post=1600"},{"taxonomy":"news-topic","embeddable":true,"href":"https:\/\/www.uni.lu\/snt-fr\/wp-json\/wp\/v2\/news-topic?post=1600"},{"taxonomy":"organisation","embeddable":true,"href":"https:\/\/www.uni.lu\/snt-fr\/wp-json\/wp\/v2\/organisation?post=1600"}],"curies":[{"name":"wp","href":"https:\/\/api.w.org\/{rel}","templated":true}]}}