{"id":1355,"date":"2024-11-13T09:58:01","date_gmt":"2024-11-13T08:58:01","guid":{"rendered":"https:\/\/www.uni.lu\/snt-fr\/?post_type=news&#038;p=1355"},"modified":"2024-11-13T09:59:15","modified_gmt":"2024-11-13T08:59:15","slug":"pourquoi-la-recherche-spatiale-compte-au-snt","status":"publish","type":"news","link":"https:\/\/www.uni.lu\/snt-fr\/news\/pourquoi-la-recherche-spatiale-compte-au-snt\/","title":{"rendered":"Pourquoi la recherche spatiale compte au SnT"},"content":{"rendered":"\n<section class=\"wp-block-unilux-blocks-free-section section\"><div class=\"container xl:max-w-screen-xl\">\n<p><\/p>\n\n\n\n<p>Le plus grand \u00e9v\u00e9nement B2B europ\u00e9en consacr\u00e9 \u00e0 l&rsquo;espace est sur le point d&rsquo;ouvrir ses portes \u00e0 Br\u00eame, en Allemagne. Space Tech Expo Europe compte rassembler 8.000 participants lors de sa premi\u00e8re \u00e9dition, qui se tiendra du 19 au 21 novembre.<\/p>\n\n\n\n<p>Le SnT y participera en \u00e9tant pr\u00e9sent sur le stand de l&rsquo;Agence spatiale luxembourgeoise (LSA). Pour notre centre interdisciplinaire, la recherche spatiale figure parmi les quatre domaines de recherche strat\u00e9giques.<\/p>\n\n\n\n<ul class=\"wp-block-unilux-blocks-button-list-v2\">\n<li class=\"wp-block-unilux-blocks-button-list-item-v2\"><a class=\"quick-link\" href=\"https:\/\/www.uni.lu\/snt-en\/news\/how-to-pioneer-space-research-and-innovation\/\" target=\"_blank\" role=\"link\" rel=\"noopener\" tabindex=\"0\"><span class=\"quick-link__container\">\n<div class=\"wp-block-unilux-blocks-block-inserter quick-link__img\"><\/div>\n\n\n\n<span class=\"quick-link__name wp-block-unilux-blocks-plain-text\">Lire l&rsquo;article complet en anglais<\/span>\n\n<svg aria-hidden=\"true\" focusable=\"false\" class=\"icon icon-outline icon--arrow-right \"><use xlink:href=\"https:\/\/www.uni.lu\/wp-content\/themes\/unilux-theme\/assets\/images\/icons\/icons-outline.svg#icon--arrow-right\"><\/use><\/svg><\/span><\/a><\/li>\n<\/ul>\n<\/div><\/section>\n","protected":false},"excerpt":{"rendered":"","protected":false},"author":326,"featured_media":1356,"template":"","format":"standard","meta":{"featured_image_focal_point":[],"show_featured_caption":false,"ulux_newsletter_groups":"","uluxPostTitle":"","uluxPrePostTitle":"","_trash_the_other_posts":false,"_price":"","_stock":"","_tribe_ticket_header":"","_tribe_default_ticket_provider":"","_tribe_ticket_capacity":"0","_ticket_start_date":"","_ticket_end_date":"","_tribe_ticket_show_description":"","_tribe_ticket_show_not_going":false,"_tribe_ticket_use_global_stock":"","_tribe_ticket_global_stock_level":"","_global_stock_mode":"","_global_stock_cap":"","_tribe_rsvp_for_event":"","_tribe_ticket_going_count":"","_tribe_ticket_not_going_count":"","_tribe_tickets_list":"[]","_tribe_ticket_has_attendee_info_fields":false},"news-category":[3],"news-topic":[23],"organisation":[183,198,199],"authorship":[],"acf":[],"yoast_head":"<!-- This site is optimized with the Yoast SEO Premium plugin v22.3 (Yoast SEO v22.3) - https:\/\/yoast.com\/wordpress\/plugins\/seo\/ -->\n<title>Pourquoi la recherche spatiale compte au SnT - SnT actualit\u00e9s I Universit\u00e9 du Luxembourg<\/title>\n<meta name=\"description\" content=\"Le plus grand \u00e9v\u00e9nement B2B europ\u00e9en consacr\u00e9 \u00e0 l&#039;espace est sur le point d&#039;ouvrir ses portes \u00e0 Br\u00eame, en Allemagne. Space Tech Expo Europe compte La recherche spatiale figure parmi les quatre domaines de recherche strat\u00e9giques du SnT.\" \/>\n<meta name=\"robots\" content=\"index, follow, max-snippet:-1, max-image-preview:large, max-video-preview:-1\" \/>\n<link rel=\"canonical\" href=\"https:\/\/www.uni.lu\/snt-fr\/news\/pourquoi-la-recherche-spatiale-compte-au-snt\/\" \/>\n<meta property=\"og:locale\" content=\"fr_FR\" \/>\n<meta property=\"og:type\" content=\"article\" \/>\n<meta property=\"og:title\" content=\"Pourquoi la recherche spatiale compte au SnT\" \/>\n<meta property=\"og:description\" content=\"Le plus grand \u00e9v\u00e9nement B2B europ\u00e9en consacr\u00e9 \u00e0 l&#039;espace est sur le point d&#039;ouvrir ses portes \u00e0 Br\u00eame, en Allemagne. Space Tech Expo Europe compte\" \/>\n<meta property=\"og:url\" content=\"https:\/\/www.uni.lu\/snt-fr\/news\/pourquoi-la-recherche-spatiale-compte-au-snt\/\" \/>\n<meta property=\"og:site_name\" content=\"SnT FR\" \/>\n<meta property=\"article:modified_time\" content=\"2024-11-13T08:59:15+00:00\" \/>\n<meta property=\"og:image\" content=\"https:\/\/www.uni.lu\/wp-content\/uploads\/sites\/13\/2024\/11\/Website-Image-Size141.jpg\" \/>\n\t<meta property=\"og:image:width\" content=\"1024\" \/>\n\t<meta property=\"og:image:height\" content=\"768\" \/>\n\t<meta property=\"og:image:type\" content=\"image\/jpeg\" \/>\n<meta name=\"twitter:card\" content=\"summary_large_image\" \/>\n<meta name=\"twitter:label1\" content=\"Dur\u00e9e de lecture estim\u00e9e\" \/>\n\t<meta name=\"twitter:data1\" content=\"1 minute\" \/>\n<script type=\"application\/ld+json\" class=\"yoast-schema-graph\">{\"@context\":\"https:\/\/schema.org\",\"@graph\":[{\"@type\":\"NewsArticle\",\"@id\":\"https:\/\/www.uni.lu\/snt-fr\/news\/pourquoi-la-recherche-spatiale-compte-au-snt\/#article\",\"isPartOf\":{\"@id\":\"https:\/\/www.uni.lu\/snt-fr\/news\/pourquoi-la-recherche-spatiale-compte-au-snt\/\"},\"author\":{\"name\":\"Geeta\",\"@id\":\"https:\/\/www.uni.lu\/snt-fr\/#\/schema\/person\/7f5186b4d6fc7de90b6fe3fc98f170ce\"},\"headline\":\"Pourquoi la recherche spatiale compte au SnT\",\"datePublished\":\"2024-11-13T08:58:01+00:00\",\"dateModified\":\"2024-11-13T08:59:15+00:00\",\"mainEntityOfPage\":{\"@id\":\"https:\/\/www.uni.lu\/snt-fr\/news\/pourquoi-la-recherche-spatiale-compte-au-snt\/\"},\"wordCount\":83,\"publisher\":{\"@id\":\"https:\/\/www.uni.lu\/snt-fr\/#organization\"},\"image\":{\"@id\":\"https:\/\/www.uni.lu\/snt-fr\/news\/pourquoi-la-recherche-spatiale-compte-au-snt\/#primaryimage\"},\"thumbnailUrl\":\"https:\/\/www.uni.lu\/wp-content\/uploads\/sites\/13\/2024\/11\/Website-Image-Size141.jpg\",\"inLanguage\":\"fr-FR\"},{\"@type\":\"WebPage\",\"@id\":\"https:\/\/www.uni.lu\/snt-fr\/news\/pourquoi-la-recherche-spatiale-compte-au-snt\/\",\"url\":\"https:\/\/www.uni.lu\/snt-fr\/news\/pourquoi-la-recherche-spatiale-compte-au-snt\/\",\"name\":\"Pourquoi la recherche spatiale compte au SnT - SnT actualit\u00e9s I Universit\u00e9 du Luxembourg\",\"isPartOf\":{\"@id\":\"https:\/\/www.uni.lu\/snt-fr\/#website\"},\"primaryImageOfPage\":{\"@id\":\"https:\/\/www.uni.lu\/snt-fr\/news\/pourquoi-la-recherche-spatiale-compte-au-snt\/#primaryimage\"},\"image\":{\"@id\":\"https:\/\/www.uni.lu\/snt-fr\/news\/pourquoi-la-recherche-spatiale-compte-au-snt\/#primaryimage\"},\"thumbnailUrl\":\"https:\/\/www.uni.lu\/wp-content\/uploads\/sites\/13\/2024\/11\/Website-Image-Size141.jpg\",\"datePublished\":\"2024-11-13T08:58:01+00:00\",\"dateModified\":\"2024-11-13T08:59:15+00:00\",\"description\":\"Le plus grand \u00e9v\u00e9nement B2B europ\u00e9en consacr\u00e9 \u00e0 l'espace est sur le point d'ouvrir ses portes \u00e0 Br\u00eame, en Allemagne. Space Tech Expo Europe compte La recherche spatiale figure parmi les quatre domaines de recherche strat\u00e9giques du SnT.\",\"breadcrumb\":{\"@id\":\"https:\/\/www.uni.lu\/snt-fr\/news\/pourquoi-la-recherche-spatiale-compte-au-snt\/#breadcrumb\"},\"inLanguage\":\"fr-FR\",\"potentialAction\":[{\"@type\":\"ReadAction\",\"target\":[\"https:\/\/www.uni.lu\/snt-fr\/news\/pourquoi-la-recherche-spatiale-compte-au-snt\/\"]}]},{\"@type\":\"ImageObject\",\"inLanguage\":\"fr-FR\",\"@id\":\"https:\/\/www.uni.lu\/snt-fr\/news\/pourquoi-la-recherche-spatiale-compte-au-snt\/#primaryimage\",\"url\":\"https:\/\/www.uni.lu\/wp-content\/uploads\/sites\/13\/2024\/11\/Website-Image-Size141.jpg\",\"contentUrl\":\"https:\/\/www.uni.lu\/wp-content\/uploads\/sites\/13\/2024\/11\/Website-Image-Size141.jpg\",\"width\":1024,\"height\":768,\"caption\":\"Photo: SnT\"},{\"@type\":\"BreadcrumbList\",\"@id\":\"https:\/\/www.uni.lu\/snt-fr\/news\/pourquoi-la-recherche-spatiale-compte-au-snt\/#breadcrumb\",\"itemListElement\":[{\"@type\":\"ListItem\",\"position\":1,\"name\":\"Home\",\"item\":\"https:\/\/www.uni.lu\/fr\"},{\"@type\":\"ListItem\",\"position\":2,\"name\":\"Interdisciplinary Centre for Security, Reliability and Trust (SnT)\",\"item\":\"https:\/\/www.uni.lu\/snt-fr\/\"},{\"@type\":\"ListItem\",\"position\":3,\"name\":\"News\",\"item\":\"https:\/\/www.uni.lu\/snt-fr\/news\/\"},{\"@type\":\"ListItem\",\"position\":4,\"name\":\"Pourquoi la recherche spatiale compte au SnT\"}]},{\"@type\":\"WebSite\",\"@id\":\"https:\/\/www.uni.lu\/snt-fr\/#website\",\"url\":\"https:\/\/www.uni.lu\/snt-fr\/\",\"name\":\"SnT\",\"description\":\"Interdisciplinary Centre for Security, Reliability and Trust I Uni.lu\",\"publisher\":{\"@id\":\"https:\/\/www.uni.lu\/snt-fr\/#organization\"},\"alternateName\":\"Interdisciplinary Centre for Security, Reliability and Trust I Universit\u00e9 du Luxembourg\",\"potentialAction\":[{\"@type\":\"SearchAction\",\"target\":{\"@type\":\"EntryPoint\",\"urlTemplate\":\"https:\/\/www.uni.lu\/snt-fr\/?s={search_term_string}\"},\"query-input\":\"required name=search_term_string\"}],\"inLanguage\":\"fr-FR\"},{\"@type\":\"Organization\",\"@id\":\"https:\/\/www.uni.lu\/snt-fr\/#organization\",\"name\":\"SnT - Universit\u00e9 du Luxembourg I Uni.lu\",\"alternateName\":\"Interdisciplinary Centre for Security, Reliability and Trust\",\"url\":\"https:\/\/www.uni.lu\/snt-fr\/\",\"logo\":{\"@type\":\"ImageObject\",\"inLanguage\":\"fr-FR\",\"@id\":\"https:\/\/www.uni.lu\/snt-fr\/#\/schema\/logo\/image\/\",\"url\":\"https:\/\/www.uni.lu\/wp-content\/uploads\/sites\/13\/2026\/03\/03112647\/SNT_SM-Profile_1600x1600px-scaled.jpg\",\"contentUrl\":\"https:\/\/www.uni.lu\/wp-content\/uploads\/sites\/13\/2026\/03\/03112647\/SNT_SM-Profile_1600x1600px-scaled.jpg\",\"width\":2560,\"height\":2560,\"caption\":\"SnT - Universit\u00e9 du Luxembourg I Uni.lu\"},\"image\":{\"@id\":\"https:\/\/www.uni.lu\/snt-fr\/#\/schema\/logo\/image\/\"},\"sameAs\":[\"https:\/\/www.linkedin.com\/school\/snt-lu\/\"],\"description\":\"Interdisciplinary Centre for Security, Reliability and Trust I Uni.lu\"},{\"@type\":\"Person\",\"@id\":\"https:\/\/www.uni.lu\/snt-fr\/#\/schema\/person\/7f5186b4d6fc7de90b6fe3fc98f170ce\",\"name\":\"Geeta\",\"image\":{\"@type\":\"ImageObject\",\"inLanguage\":\"fr-FR\",\"@id\":\"https:\/\/www.uni.lu\/snt-fr\/#\/schema\/person\/image\/\",\"url\":\"https:\/\/secure.gravatar.com\/avatar\/1e2ee5c3efd624acfb14f7cd04d93d50?s=96&d=mm&r=g\",\"contentUrl\":\"https:\/\/secure.gravatar.com\/avatar\/1e2ee5c3efd624acfb14f7cd04d93d50?s=96&d=mm&r=g\",\"caption\":\"Geeta\"}}]}<\/script>\n<!-- \/ Yoast SEO Premium plugin. -->","yoast_head_json":{"title":"Pourquoi la recherche spatiale compte au SnT - SnT actualit\u00e9s I Universit\u00e9 du Luxembourg","description":"Le plus grand \u00e9v\u00e9nement B2B europ\u00e9en consacr\u00e9 \u00e0 l'espace est sur le point d'ouvrir ses portes \u00e0 Br\u00eame, en Allemagne. Space Tech Expo Europe compte La recherche spatiale figure parmi les quatre domaines de recherche strat\u00e9giques du SnT.","robots":{"index":"index","follow":"follow","max-snippet":"max-snippet:-1","max-image-preview":"max-image-preview:large","max-video-preview":"max-video-preview:-1"},"canonical":"https:\/\/www.uni.lu\/snt-fr\/news\/pourquoi-la-recherche-spatiale-compte-au-snt\/","og_locale":"fr_FR","og_type":"article","og_title":"Pourquoi la recherche spatiale compte au SnT","og_description":"Le plus grand \u00e9v\u00e9nement B2B europ\u00e9en consacr\u00e9 \u00e0 l'espace est sur le point d'ouvrir ses portes \u00e0 Br\u00eame, en Allemagne. Space Tech Expo Europe compte","og_url":"https:\/\/www.uni.lu\/snt-fr\/news\/pourquoi-la-recherche-spatiale-compte-au-snt\/","og_site_name":"SnT FR","article_modified_time":"2024-11-13T08:59:15+00:00","og_image":[{"width":1024,"height":768,"url":"https:\/\/www.uni.lu\/wp-content\/uploads\/sites\/13\/2024\/11\/Website-Image-Size141.jpg","type":"image\/jpeg"}],"twitter_card":"summary_large_image","twitter_misc":{"Dur\u00e9e de lecture estim\u00e9e":"1 minute"},"schema":{"@context":"https:\/\/schema.org","@graph":[{"@type":"NewsArticle","@id":"https:\/\/www.uni.lu\/snt-fr\/news\/pourquoi-la-recherche-spatiale-compte-au-snt\/#article","isPartOf":{"@id":"https:\/\/www.uni.lu\/snt-fr\/news\/pourquoi-la-recherche-spatiale-compte-au-snt\/"},"author":{"name":"Geeta","@id":"https:\/\/www.uni.lu\/snt-fr\/#\/schema\/person\/7f5186b4d6fc7de90b6fe3fc98f170ce"},"headline":"Pourquoi la recherche spatiale compte au SnT","datePublished":"2024-11-13T08:58:01+00:00","dateModified":"2024-11-13T08:59:15+00:00","mainEntityOfPage":{"@id":"https:\/\/www.uni.lu\/snt-fr\/news\/pourquoi-la-recherche-spatiale-compte-au-snt\/"},"wordCount":83,"publisher":{"@id":"https:\/\/www.uni.lu\/snt-fr\/#organization"},"image":{"@id":"https:\/\/www.uni.lu\/snt-fr\/news\/pourquoi-la-recherche-spatiale-compte-au-snt\/#primaryimage"},"thumbnailUrl":"https:\/\/www.uni.lu\/wp-content\/uploads\/sites\/13\/2024\/11\/Website-Image-Size141.jpg","inLanguage":"fr-FR"},{"@type":"WebPage","@id":"https:\/\/www.uni.lu\/snt-fr\/news\/pourquoi-la-recherche-spatiale-compte-au-snt\/","url":"https:\/\/www.uni.lu\/snt-fr\/news\/pourquoi-la-recherche-spatiale-compte-au-snt\/","name":"Pourquoi la recherche spatiale compte au SnT - SnT actualit\u00e9s I Universit\u00e9 du Luxembourg","isPartOf":{"@id":"https:\/\/www.uni.lu\/snt-fr\/#website"},"primaryImageOfPage":{"@id":"https:\/\/www.uni.lu\/snt-fr\/news\/pourquoi-la-recherche-spatiale-compte-au-snt\/#primaryimage"},"image":{"@id":"https:\/\/www.uni.lu\/snt-fr\/news\/pourquoi-la-recherche-spatiale-compte-au-snt\/#primaryimage"},"thumbnailUrl":"https:\/\/www.uni.lu\/wp-content\/uploads\/sites\/13\/2024\/11\/Website-Image-Size141.jpg","datePublished":"2024-11-13T08:58:01+00:00","dateModified":"2024-11-13T08:59:15+00:00","description":"Le plus grand \u00e9v\u00e9nement B2B europ\u00e9en consacr\u00e9 \u00e0 l'espace est sur le point d'ouvrir ses portes \u00e0 Br\u00eame, en Allemagne. Space Tech Expo Europe compte La recherche spatiale figure parmi les quatre domaines de recherche strat\u00e9giques du SnT.","breadcrumb":{"@id":"https:\/\/www.uni.lu\/snt-fr\/news\/pourquoi-la-recherche-spatiale-compte-au-snt\/#breadcrumb"},"inLanguage":"fr-FR","potentialAction":[{"@type":"ReadAction","target":["https:\/\/www.uni.lu\/snt-fr\/news\/pourquoi-la-recherche-spatiale-compte-au-snt\/"]}]},{"@type":"ImageObject","inLanguage":"fr-FR","@id":"https:\/\/www.uni.lu\/snt-fr\/news\/pourquoi-la-recherche-spatiale-compte-au-snt\/#primaryimage","url":"https:\/\/www.uni.lu\/wp-content\/uploads\/sites\/13\/2024\/11\/Website-Image-Size141.jpg","contentUrl":"https:\/\/www.uni.lu\/wp-content\/uploads\/sites\/13\/2024\/11\/Website-Image-Size141.jpg","width":1024,"height":768,"caption":"Photo: SnT"},{"@type":"BreadcrumbList","@id":"https:\/\/www.uni.lu\/snt-fr\/news\/pourquoi-la-recherche-spatiale-compte-au-snt\/#breadcrumb","itemListElement":[{"@type":"ListItem","position":1,"name":"Home","item":"https:\/\/www.uni.lu\/fr"},{"@type":"ListItem","position":2,"name":"Interdisciplinary Centre for Security, Reliability and Trust (SnT)","item":"https:\/\/www.uni.lu\/snt-fr\/"},{"@type":"ListItem","position":3,"name":"News","item":"https:\/\/www.uni.lu\/snt-fr\/news\/"},{"@type":"ListItem","position":4,"name":"Pourquoi la recherche spatiale compte au SnT"}]},{"@type":"WebSite","@id":"https:\/\/www.uni.lu\/snt-fr\/#website","url":"https:\/\/www.uni.lu\/snt-fr\/","name":"SnT","description":"Interdisciplinary Centre for Security, Reliability and Trust I Uni.lu","publisher":{"@id":"https:\/\/www.uni.lu\/snt-fr\/#organization"},"alternateName":"Interdisciplinary Centre for Security, Reliability and Trust I Universit\u00e9 du Luxembourg","potentialAction":[{"@type":"SearchAction","target":{"@type":"EntryPoint","urlTemplate":"https:\/\/www.uni.lu\/snt-fr\/?s={search_term_string}"},"query-input":"required name=search_term_string"}],"inLanguage":"fr-FR"},{"@type":"Organization","@id":"https:\/\/www.uni.lu\/snt-fr\/#organization","name":"SnT - Universit\u00e9 du Luxembourg I Uni.lu","alternateName":"Interdisciplinary Centre for Security, Reliability and Trust","url":"https:\/\/www.uni.lu\/snt-fr\/","logo":{"@type":"ImageObject","inLanguage":"fr-FR","@id":"https:\/\/www.uni.lu\/snt-fr\/#\/schema\/logo\/image\/","url":"https:\/\/www.uni.lu\/wp-content\/uploads\/sites\/13\/2026\/03\/03112647\/SNT_SM-Profile_1600x1600px-scaled.jpg","contentUrl":"https:\/\/www.uni.lu\/wp-content\/uploads\/sites\/13\/2026\/03\/03112647\/SNT_SM-Profile_1600x1600px-scaled.jpg","width":2560,"height":2560,"caption":"SnT - Universit\u00e9 du Luxembourg I Uni.lu"},"image":{"@id":"https:\/\/www.uni.lu\/snt-fr\/#\/schema\/logo\/image\/"},"sameAs":["https:\/\/www.linkedin.com\/school\/snt-lu\/"],"description":"Interdisciplinary Centre for Security, Reliability and Trust I Uni.lu"},{"@type":"Person","@id":"https:\/\/www.uni.lu\/snt-fr\/#\/schema\/person\/7f5186b4d6fc7de90b6fe3fc98f170ce","name":"Geeta","image":{"@type":"ImageObject","inLanguage":"fr-FR","@id":"https:\/\/www.uni.lu\/snt-fr\/#\/schema\/person\/image\/","url":"https:\/\/secure.gravatar.com\/avatar\/1e2ee5c3efd624acfb14f7cd04d93d50?s=96&d=mm&r=g","contentUrl":"https:\/\/secure.gravatar.com\/avatar\/1e2ee5c3efd624acfb14f7cd04d93d50?s=96&d=mm&r=g","caption":"Geeta"}}]}},"blog_id":13,"_links":{"self":[{"href":"https:\/\/www.uni.lu\/snt-fr\/wp-json\/wp\/v2\/news\/1355"}],"collection":[{"href":"https:\/\/www.uni.lu\/snt-fr\/wp-json\/wp\/v2\/news"}],"about":[{"href":"https:\/\/www.uni.lu\/snt-fr\/wp-json\/wp\/v2\/types\/news"}],"author":[{"embeddable":true,"href":"https:\/\/www.uni.lu\/snt-fr\/wp-json\/wp\/v2\/users\/326"}],"version-history":[{"count":2,"href":"https:\/\/www.uni.lu\/snt-fr\/wp-json\/wp\/v2\/news\/1355\/revisions"}],"predecessor-version":[{"id":1358,"href":"https:\/\/www.uni.lu\/snt-fr\/wp-json\/wp\/v2\/news\/1355\/revisions\/1358"}],"wp:featuredmedia":[{"embeddable":true,"href":"https:\/\/www.uni.lu\/snt-fr\/wp-json\/wp\/v2\/media\/1356"}],"wp:attachment":[{"href":"https:\/\/www.uni.lu\/snt-fr\/wp-json\/wp\/v2\/media?parent=1355"}],"wp:term":[{"taxonomy":"news-category","embeddable":true,"href":"https:\/\/www.uni.lu\/snt-fr\/wp-json\/wp\/v2\/news-category?post=1355"},{"taxonomy":"news-topic","embeddable":true,"href":"https:\/\/www.uni.lu\/snt-fr\/wp-json\/wp\/v2\/news-topic?post=1355"},{"taxonomy":"organisation","embeddable":true,"href":"https:\/\/www.uni.lu\/snt-fr\/wp-json\/wp\/v2\/organisation?post=1355"}],"curies":[{"name":"wp","href":"https:\/\/api.w.org\/{rel}","templated":true}]}}