{"id":81,"date":"2024-06-25T16:51:43","date_gmt":"2024-06-25T14:51:43","guid":{"rendered":"https:\/\/www.uni.lu\/snt-de\/?post_type=news&#038;p=81"},"modified":"2024-06-28T08:37:06","modified_gmt":"2024-06-28T06:37:06","slug":"geniessen-sie-die-fahrt-autonomes-fahren-made-in-luxembourg","status":"publish","type":"news","link":"https:\/\/www.uni.lu\/snt-de\/news\/geniessen-sie-die-fahrt-autonomes-fahren-made-in-luxembourg\/","title":{"rendered":"Genie\u00dfen Sie die Fahrt: Autonomes Fahren made in Luxembourg"},"content":{"rendered":"\n<section class=\"wp-block-unilux-blocks-free-section section\"><div class=\"container xl:max-w-screen-xl\">\n<p><strong>Auf den Stra\u00dfen Luxemburgs tut sich etwas Aufregendes. Wissenschaftler perfektionieren das autonome Fahren, damit Sie und ich von einem selbstfahrenden Auto zur Arbeit oder zur Schule chauffiert werden k\u00f6nnen.<\/strong><\/p>\n\n\n\n<ul class=\"wp-block-unilux-blocks-button-list-v2\">\n<li class=\"wp-block-unilux-blocks-button-list-item-v2\"><a class=\"quick-link\" href=\"https:\/\/www.uni.lu\/snt-en\/news\/enjoy-the-ride-self-driving-tech-made-in-luxembourg\/\" target=\"\" role=\"link\" rel=\"noopener\" tabindex=\"0\"><span class=\"quick-link__container\">\n<div class=\"wp-block-unilux-blocks-block-inserter quick-link__img\"><\/div>\n\n\n\n<span class=\"quick-link__name wp-block-unilux-blocks-plain-text\">Lesen Sie den vollst\u00e4ndigen Artikel auf Englisch<\/span>\n\n<svg aria-hidden=\"true\" focusable=\"false\" class=\"icon icon-outline icon--arrow-right \"><use xlink:href=\"https:\/\/www.uni.lu\/wp-content\/themes\/unilux-theme\/assets\/images\/icons\/icons-outline.svg#icon--arrow-right\"><\/use><\/svg><\/span><\/a><\/li>\n<\/ul>\n<\/div><\/section>\n","protected":false},"excerpt":{"rendered":"","protected":false},"author":66,"featured_media":84,"template":"","format":"standard","meta":{"featured_image_focal_point":[],"show_featured_caption":false,"ulux_newsletter_groups":"","uluxPostTitle":"","uluxPrePostTitle":"","_trash_the_other_posts":false,"_price":"","_stock":"","_tribe_ticket_header":"","_tribe_default_ticket_provider":"","_tribe_ticket_capacity":"0","_ticket_start_date":"","_ticket_end_date":"","_tribe_ticket_show_description":"","_tribe_ticket_show_not_going":false,"_tribe_ticket_use_global_stock":"","_tribe_ticket_global_stock_level":"","_global_stock_mode":"","_global_stock_cap":"","_tribe_rsvp_for_event":"","_tribe_ticket_going_count":"","_tribe_ticket_not_going_count":"","_tribe_tickets_list":"[]","_tribe_ticket_has_attendee_info_fields":false},"news-category":[3],"news-topic":[],"organisation":[],"authorship":[66],"acf":[],"yoast_head":"<!-- This site is optimized with the Yoast SEO Premium plugin v22.3 (Yoast SEO v22.3) - https:\/\/yoast.com\/wordpress\/plugins\/seo\/ -->\n<title>Genie\u00dfen Sie die Fahrt: Autonomes Fahren made in Luxembourg - SnT Aktualit\u00e4ten I Universit\u00e4t Luxemburg<\/title>\n<meta name=\"description\" content=\"Auf den Stra\u00dfen Luxemburgs tut sich etwas Aufregendes. Wissenschaftler perfektionieren das autonome Fahren, damit Sie und ich von einem selbstfahrenden\" \/>\n<meta name=\"robots\" content=\"index, follow, max-snippet:-1, max-image-preview:large, max-video-preview:-1\" \/>\n<link rel=\"canonical\" href=\"https:\/\/www.uni.lu\/snt-de\/news\/geniessen-sie-die-fahrt-autonomes-fahren-made-in-luxembourg\/\" \/>\n<meta property=\"og:locale\" content=\"de_DE\" \/>\n<meta property=\"og:type\" content=\"article\" \/>\n<meta property=\"og:title\" content=\"Genie\u00dfen Sie die Fahrt: Autonomes Fahren made in Luxembourg\" \/>\n<meta property=\"og:description\" content=\"Auf den Stra\u00dfen Luxemburgs tut sich etwas Aufregendes. Wissenschaftler perfektionieren das autonome Fahren, damit Sie und ich von einem selbstfahrenden\" \/>\n<meta property=\"og:url\" content=\"https:\/\/www.uni.lu\/snt-de\/news\/geniessen-sie-die-fahrt-autonomes-fahren-made-in-luxembourg\/\" \/>\n<meta property=\"og:site_name\" content=\"SnT DE\" \/>\n<meta property=\"article:modified_time\" content=\"2024-06-28T06:37:06+00:00\" \/>\n<meta property=\"og:image\" content=\"https:\/\/www.uni.lu\/wp-content\/uploads\/sites\/12\/2024\/06\/UBIX-Auto.png\" \/>\n\t<meta property=\"og:image:width\" content=\"1024\" \/>\n\t<meta property=\"og:image:height\" content=\"768\" \/>\n\t<meta property=\"og:image:type\" content=\"image\/png\" \/>\n<meta name=\"twitter:card\" content=\"summary_large_image\" \/>\n<meta name=\"twitter:label1\" content=\"Gesch\u00e4tzte Lesezeit\" \/>\n\t<meta name=\"twitter:data1\" content=\"1 Minute\" \/>\n<script type=\"application\/ld+json\" class=\"yoast-schema-graph\">{\"@context\":\"https:\/\/schema.org\",\"@graph\":[{\"@type\":\"NewsArticle\",\"@id\":\"https:\/\/www.uni.lu\/snt-de\/news\/geniessen-sie-die-fahrt-autonomes-fahren-made-in-luxembourg\/#article\",\"isPartOf\":{\"@id\":\"https:\/\/www.uni.lu\/snt-de\/news\/geniessen-sie-die-fahrt-autonomes-fahren-made-in-luxembourg\/\"},\"author\":{\"name\":\"cfrancis\",\"@id\":\"https:\/\/www.uni.lu\/snt-de\/#\/schema\/person\/2a1201b31f25414a31ad990ec0626ea0\"},\"headline\":\"Genie\u00dfen Sie die Fahrt: Autonomes Fahren made in Luxembourg\",\"datePublished\":\"2024-06-25T14:51:43+00:00\",\"dateModified\":\"2024-06-28T06:37:06+00:00\",\"mainEntityOfPage\":{\"@id\":\"https:\/\/www.uni.lu\/snt-de\/news\/geniessen-sie-die-fahrt-autonomes-fahren-made-in-luxembourg\/\"},\"wordCount\":41,\"publisher\":{\"@id\":\"https:\/\/www.uni.lu\/snt-de\/#organization\"},\"image\":{\"@id\":\"https:\/\/www.uni.lu\/snt-de\/news\/geniessen-sie-die-fahrt-autonomes-fahren-made-in-luxembourg\/#primaryimage\"},\"thumbnailUrl\":\"https:\/\/www.uni.lu\/wp-content\/uploads\/sites\/12\/2024\/06\/UBIX-Auto.png\",\"inLanguage\":\"de-DE\"},{\"@type\":\"WebPage\",\"@id\":\"https:\/\/www.uni.lu\/snt-de\/news\/geniessen-sie-die-fahrt-autonomes-fahren-made-in-luxembourg\/\",\"url\":\"https:\/\/www.uni.lu\/snt-de\/news\/geniessen-sie-die-fahrt-autonomes-fahren-made-in-luxembourg\/\",\"name\":\"Genie\u00dfen Sie die Fahrt: Autonomes Fahren made in Luxembourg - SnT Aktualit\u00e4ten I Universit\u00e4t Luxemburg\",\"isPartOf\":{\"@id\":\"https:\/\/www.uni.lu\/snt-de\/#website\"},\"primaryImageOfPage\":{\"@id\":\"https:\/\/www.uni.lu\/snt-de\/news\/geniessen-sie-die-fahrt-autonomes-fahren-made-in-luxembourg\/#primaryimage\"},\"image\":{\"@id\":\"https:\/\/www.uni.lu\/snt-de\/news\/geniessen-sie-die-fahrt-autonomes-fahren-made-in-luxembourg\/#primaryimage\"},\"thumbnailUrl\":\"https:\/\/www.uni.lu\/wp-content\/uploads\/sites\/12\/2024\/06\/UBIX-Auto.png\",\"datePublished\":\"2024-06-25T14:51:43+00:00\",\"dateModified\":\"2024-06-28T06:37:06+00:00\",\"description\":\"Auf den Stra\u00dfen Luxemburgs tut sich etwas Aufregendes. Wissenschaftler perfektionieren das autonome Fahren, damit Sie und ich von einem selbstfahrenden\",\"breadcrumb\":{\"@id\":\"https:\/\/www.uni.lu\/snt-de\/news\/geniessen-sie-die-fahrt-autonomes-fahren-made-in-luxembourg\/#breadcrumb\"},\"inLanguage\":\"de-DE\",\"potentialAction\":[{\"@type\":\"ReadAction\",\"target\":[\"https:\/\/www.uni.lu\/snt-de\/news\/geniessen-sie-die-fahrt-autonomes-fahren-made-in-luxembourg\/\"]}]},{\"@type\":\"ImageObject\",\"inLanguage\":\"de-DE\",\"@id\":\"https:\/\/www.uni.lu\/snt-de\/news\/geniessen-sie-die-fahrt-autonomes-fahren-made-in-luxembourg\/#primaryimage\",\"url\":\"https:\/\/www.uni.lu\/wp-content\/uploads\/sites\/12\/2024\/06\/UBIX-Auto.png\",\"contentUrl\":\"https:\/\/www.uni.lu\/wp-content\/uploads\/sites\/12\/2024\/06\/UBIX-Auto.png\",\"width\":1024,\"height\":768},{\"@type\":\"BreadcrumbList\",\"@id\":\"https:\/\/www.uni.lu\/snt-de\/news\/geniessen-sie-die-fahrt-autonomes-fahren-made-in-luxembourg\/#breadcrumb\",\"itemListElement\":[{\"@type\":\"ListItem\",\"position\":1,\"name\":\"Home\",\"item\":\"https:\/\/www.uni.lu\/de\"},{\"@type\":\"ListItem\",\"position\":2,\"name\":\"Interdisciplinary Centre for Security, Reliability and Trust (SnT)\",\"item\":\"https:\/\/www.uni.lu\/snt-de\/\"},{\"@type\":\"ListItem\",\"position\":3,\"name\":\"News\",\"item\":\"https:\/\/www.uni.lu\/snt-de\/news\/\"},{\"@type\":\"ListItem\",\"position\":4,\"name\":\"Genie\u00dfen Sie die Fahrt: Autonomes Fahren made in Luxembourg\"}]},{\"@type\":\"WebSite\",\"@id\":\"https:\/\/www.uni.lu\/snt-de\/#website\",\"url\":\"https:\/\/www.uni.lu\/snt-de\/\",\"name\":\"SnT\",\"description\":\"Interdisciplinary Centre for Security, Reliability and Trust I Uni.lu\",\"publisher\":{\"@id\":\"https:\/\/www.uni.lu\/snt-de\/#organization\"},\"alternateName\":\"Interdisciplinary Centre for Security, Reliability and Trust I Universit\u00e4t Luxemburg\",\"potentialAction\":[{\"@type\":\"SearchAction\",\"target\":{\"@type\":\"EntryPoint\",\"urlTemplate\":\"https:\/\/www.uni.lu\/snt-de\/?s={search_term_string}\"},\"query-input\":\"required name=search_term_string\"}],\"inLanguage\":\"de-DE\"},{\"@type\":\"Organization\",\"@id\":\"https:\/\/www.uni.lu\/snt-de\/#organization\",\"name\":\"SnT - Universit\u00e4t Luxemburg I Uni.lu\",\"alternateName\":\"Interdisciplinary Centre for Security, Reliability and Trust\",\"url\":\"https:\/\/www.uni.lu\/snt-de\/\",\"logo\":{\"@type\":\"ImageObject\",\"inLanguage\":\"de-DE\",\"@id\":\"https:\/\/www.uni.lu\/snt-de\/#\/schema\/logo\/image\/\",\"url\":\"https:\/\/www.uni.lu\/wp-content\/uploads\/sites\/12\/2026\/03\/03112938\/SNT_SM-Profile_1600x1600px-scaled.jpg\",\"contentUrl\":\"https:\/\/www.uni.lu\/wp-content\/uploads\/sites\/12\/2026\/03\/03112938\/SNT_SM-Profile_1600x1600px-scaled.jpg\",\"width\":2560,\"height\":2560,\"caption\":\"SnT - Universit\u00e4t Luxemburg I Uni.lu\"},\"image\":{\"@id\":\"https:\/\/www.uni.lu\/snt-de\/#\/schema\/logo\/image\/\"},\"sameAs\":[\"https:\/\/www.linkedin.com\/school\/snt-lu\/\"],\"description\":\"Interdisciplinary Centre for Security, Reliability and Trust I Uni.lu\"},{\"@type\":\"Person\",\"@id\":\"https:\/\/www.uni.lu\/snt-de\/#\/schema\/person\/2a1201b31f25414a31ad990ec0626ea0\",\"name\":\"cfrancis\",\"image\":{\"@type\":\"ImageObject\",\"inLanguage\":\"de-DE\",\"@id\":\"https:\/\/www.uni.lu\/snt-de\/#\/schema\/person\/image\/\",\"url\":\"https:\/\/secure.gravatar.com\/avatar\/3b65b95431f8007ff01cb96cc66d0788?s=96&d=mm&r=g\",\"contentUrl\":\"https:\/\/secure.gravatar.com\/avatar\/3b65b95431f8007ff01cb96cc66d0788?s=96&d=mm&r=g\",\"caption\":\"cfrancis\"}}]}<\/script>\n<!-- \/ Yoast SEO Premium plugin. -->","yoast_head_json":{"title":"Genie\u00dfen Sie die Fahrt: Autonomes Fahren made in Luxembourg - SnT Aktualit\u00e4ten I Universit\u00e4t Luxemburg","description":"Auf den Stra\u00dfen Luxemburgs tut sich etwas Aufregendes. Wissenschaftler perfektionieren das autonome Fahren, damit Sie und ich von einem selbstfahrenden","robots":{"index":"index","follow":"follow","max-snippet":"max-snippet:-1","max-image-preview":"max-image-preview:large","max-video-preview":"max-video-preview:-1"},"canonical":"https:\/\/www.uni.lu\/snt-de\/news\/geniessen-sie-die-fahrt-autonomes-fahren-made-in-luxembourg\/","og_locale":"de_DE","og_type":"article","og_title":"Genie\u00dfen Sie die Fahrt: Autonomes Fahren made in Luxembourg","og_description":"Auf den Stra\u00dfen Luxemburgs tut sich etwas Aufregendes. Wissenschaftler perfektionieren das autonome Fahren, damit Sie und ich von einem selbstfahrenden","og_url":"https:\/\/www.uni.lu\/snt-de\/news\/geniessen-sie-die-fahrt-autonomes-fahren-made-in-luxembourg\/","og_site_name":"SnT DE","article_modified_time":"2024-06-28T06:37:06+00:00","og_image":[{"width":1024,"height":768,"url":"https:\/\/www.uni.lu\/wp-content\/uploads\/sites\/12\/2024\/06\/UBIX-Auto.png","type":"image\/png"}],"twitter_card":"summary_large_image","twitter_misc":{"Gesch\u00e4tzte Lesezeit":"1 Minute"},"schema":{"@context":"https:\/\/schema.org","@graph":[{"@type":"NewsArticle","@id":"https:\/\/www.uni.lu\/snt-de\/news\/geniessen-sie-die-fahrt-autonomes-fahren-made-in-luxembourg\/#article","isPartOf":{"@id":"https:\/\/www.uni.lu\/snt-de\/news\/geniessen-sie-die-fahrt-autonomes-fahren-made-in-luxembourg\/"},"author":{"name":"cfrancis","@id":"https:\/\/www.uni.lu\/snt-de\/#\/schema\/person\/2a1201b31f25414a31ad990ec0626ea0"},"headline":"Genie\u00dfen Sie die Fahrt: Autonomes Fahren made in Luxembourg","datePublished":"2024-06-25T14:51:43+00:00","dateModified":"2024-06-28T06:37:06+00:00","mainEntityOfPage":{"@id":"https:\/\/www.uni.lu\/snt-de\/news\/geniessen-sie-die-fahrt-autonomes-fahren-made-in-luxembourg\/"},"wordCount":41,"publisher":{"@id":"https:\/\/www.uni.lu\/snt-de\/#organization"},"image":{"@id":"https:\/\/www.uni.lu\/snt-de\/news\/geniessen-sie-die-fahrt-autonomes-fahren-made-in-luxembourg\/#primaryimage"},"thumbnailUrl":"https:\/\/www.uni.lu\/wp-content\/uploads\/sites\/12\/2024\/06\/UBIX-Auto.png","inLanguage":"de-DE"},{"@type":"WebPage","@id":"https:\/\/www.uni.lu\/snt-de\/news\/geniessen-sie-die-fahrt-autonomes-fahren-made-in-luxembourg\/","url":"https:\/\/www.uni.lu\/snt-de\/news\/geniessen-sie-die-fahrt-autonomes-fahren-made-in-luxembourg\/","name":"Genie\u00dfen Sie die Fahrt: Autonomes Fahren made in Luxembourg - SnT Aktualit\u00e4ten I Universit\u00e4t Luxemburg","isPartOf":{"@id":"https:\/\/www.uni.lu\/snt-de\/#website"},"primaryImageOfPage":{"@id":"https:\/\/www.uni.lu\/snt-de\/news\/geniessen-sie-die-fahrt-autonomes-fahren-made-in-luxembourg\/#primaryimage"},"image":{"@id":"https:\/\/www.uni.lu\/snt-de\/news\/geniessen-sie-die-fahrt-autonomes-fahren-made-in-luxembourg\/#primaryimage"},"thumbnailUrl":"https:\/\/www.uni.lu\/wp-content\/uploads\/sites\/12\/2024\/06\/UBIX-Auto.png","datePublished":"2024-06-25T14:51:43+00:00","dateModified":"2024-06-28T06:37:06+00:00","description":"Auf den Stra\u00dfen Luxemburgs tut sich etwas Aufregendes. Wissenschaftler perfektionieren das autonome Fahren, damit Sie und ich von einem selbstfahrenden","breadcrumb":{"@id":"https:\/\/www.uni.lu\/snt-de\/news\/geniessen-sie-die-fahrt-autonomes-fahren-made-in-luxembourg\/#breadcrumb"},"inLanguage":"de-DE","potentialAction":[{"@type":"ReadAction","target":["https:\/\/www.uni.lu\/snt-de\/news\/geniessen-sie-die-fahrt-autonomes-fahren-made-in-luxembourg\/"]}]},{"@type":"ImageObject","inLanguage":"de-DE","@id":"https:\/\/www.uni.lu\/snt-de\/news\/geniessen-sie-die-fahrt-autonomes-fahren-made-in-luxembourg\/#primaryimage","url":"https:\/\/www.uni.lu\/wp-content\/uploads\/sites\/12\/2024\/06\/UBIX-Auto.png","contentUrl":"https:\/\/www.uni.lu\/wp-content\/uploads\/sites\/12\/2024\/06\/UBIX-Auto.png","width":1024,"height":768},{"@type":"BreadcrumbList","@id":"https:\/\/www.uni.lu\/snt-de\/news\/geniessen-sie-die-fahrt-autonomes-fahren-made-in-luxembourg\/#breadcrumb","itemListElement":[{"@type":"ListItem","position":1,"name":"Home","item":"https:\/\/www.uni.lu\/de"},{"@type":"ListItem","position":2,"name":"Interdisciplinary Centre for Security, Reliability and Trust (SnT)","item":"https:\/\/www.uni.lu\/snt-de\/"},{"@type":"ListItem","position":3,"name":"News","item":"https:\/\/www.uni.lu\/snt-de\/news\/"},{"@type":"ListItem","position":4,"name":"Genie\u00dfen Sie die Fahrt: Autonomes Fahren made in Luxembourg"}]},{"@type":"WebSite","@id":"https:\/\/www.uni.lu\/snt-de\/#website","url":"https:\/\/www.uni.lu\/snt-de\/","name":"SnT","description":"Interdisciplinary Centre for Security, Reliability and Trust I Uni.lu","publisher":{"@id":"https:\/\/www.uni.lu\/snt-de\/#organization"},"alternateName":"Interdisciplinary Centre for Security, Reliability and Trust I Universit\u00e4t Luxemburg","potentialAction":[{"@type":"SearchAction","target":{"@type":"EntryPoint","urlTemplate":"https:\/\/www.uni.lu\/snt-de\/?s={search_term_string}"},"query-input":"required name=search_term_string"}],"inLanguage":"de-DE"},{"@type":"Organization","@id":"https:\/\/www.uni.lu\/snt-de\/#organization","name":"SnT - Universit\u00e4t Luxemburg I Uni.lu","alternateName":"Interdisciplinary Centre for Security, Reliability and Trust","url":"https:\/\/www.uni.lu\/snt-de\/","logo":{"@type":"ImageObject","inLanguage":"de-DE","@id":"https:\/\/www.uni.lu\/snt-de\/#\/schema\/logo\/image\/","url":"https:\/\/www.uni.lu\/wp-content\/uploads\/sites\/12\/2026\/03\/03112938\/SNT_SM-Profile_1600x1600px-scaled.jpg","contentUrl":"https:\/\/www.uni.lu\/wp-content\/uploads\/sites\/12\/2026\/03\/03112938\/SNT_SM-Profile_1600x1600px-scaled.jpg","width":2560,"height":2560,"caption":"SnT - Universit\u00e4t Luxemburg I Uni.lu"},"image":{"@id":"https:\/\/www.uni.lu\/snt-de\/#\/schema\/logo\/image\/"},"sameAs":["https:\/\/www.linkedin.com\/school\/snt-lu\/"],"description":"Interdisciplinary Centre for Security, Reliability and Trust I Uni.lu"},{"@type":"Person","@id":"https:\/\/www.uni.lu\/snt-de\/#\/schema\/person\/2a1201b31f25414a31ad990ec0626ea0","name":"cfrancis","image":{"@type":"ImageObject","inLanguage":"de-DE","@id":"https:\/\/www.uni.lu\/snt-de\/#\/schema\/person\/image\/","url":"https:\/\/secure.gravatar.com\/avatar\/3b65b95431f8007ff01cb96cc66d0788?s=96&d=mm&r=g","contentUrl":"https:\/\/secure.gravatar.com\/avatar\/3b65b95431f8007ff01cb96cc66d0788?s=96&d=mm&r=g","caption":"cfrancis"}}]}},"blog_id":12,"_links":{"self":[{"href":"https:\/\/www.uni.lu\/snt-de\/wp-json\/wp\/v2\/news\/81"}],"collection":[{"href":"https:\/\/www.uni.lu\/snt-de\/wp-json\/wp\/v2\/news"}],"about":[{"href":"https:\/\/www.uni.lu\/snt-de\/wp-json\/wp\/v2\/types\/news"}],"author":[{"embeddable":true,"href":"https:\/\/www.uni.lu\/snt-de\/wp-json\/wp\/v2\/users\/66"}],"version-history":[{"count":1,"href":"https:\/\/www.uni.lu\/snt-de\/wp-json\/wp\/v2\/news\/81\/revisions"}],"predecessor-version":[{"id":83,"href":"https:\/\/www.uni.lu\/snt-de\/wp-json\/wp\/v2\/news\/81\/revisions\/83"}],"wp:authorship":[{"embeddable":true,"href":"https:\/\/www.uni.lu\/snt-de\/wp-json\/wp\/v2\/users\/66"}],"wp:featuredmedia":[{"embeddable":true,"href":"https:\/\/www.uni.lu\/snt-de\/wp-json\/wp\/v2\/media\/84"}],"wp:attachment":[{"href":"https:\/\/www.uni.lu\/snt-de\/wp-json\/wp\/v2\/media?parent=81"}],"wp:term":[{"taxonomy":"news-category","embeddable":true,"href":"https:\/\/www.uni.lu\/snt-de\/wp-json\/wp\/v2\/news-category?post=81"},{"taxonomy":"news-topic","embeddable":true,"href":"https:\/\/www.uni.lu\/snt-de\/wp-json\/wp\/v2\/news-topic?post=81"},{"taxonomy":"organisation","embeddable":true,"href":"https:\/\/www.uni.lu\/snt-de\/wp-json\/wp\/v2\/organisation?post=81"}],"curies":[{"name":"wp","href":"https:\/\/api.w.org\/{rel}","templated":true}]}}