{"id":805,"date":"2025-11-17T10:19:07","date_gmt":"2025-11-17T09:19:07","guid":{"rendered":"https:\/\/www.uni.lu\/research-fr\/?post_type=news&#038;p=805"},"modified":"2025-11-17T10:24:52","modified_gmt":"2025-11-17T09:24:52","slug":"la-lutte-contre-le-trafic-des-humains-a-l-ere-numerique","status":"publish","type":"news","link":"https:\/\/www.uni.lu\/research-fr\/news\/la-lutte-contre-le-trafic-des-humains-a-l-ere-numerique\/","title":{"rendered":"La lutte contre le trafic des humains \u00e0 l&rsquo;\u00e8re num\u00e9rique"},"content":{"rendered":"\n<section class=\"wp-block-unilux-blocks-free-section section\"><div class=\"container xl:max-w-screen-xl\">\n<p>Les r\u00e9seaux commettant des crimes contre les droits de l\u2019homme a su tirer profit des technologies num\u00e9riques, notamment pour la surveillance, l&rsquo;exploitation ou la traite des humains. Dr <a href=\"https:\/\/www.uni.lu\/fdef-en\/people\/salome-lannier\/\" target=\"_blank\" rel=\"noreferrer noopener\">Salom\u00e9 Lannier<\/a>, sp\u00e9cialis\u00e9e en criminologie et droit, revient sur les enjeux de l&rsquo;exploitation des travailleurs ainsi que sa recherche pour aider les autorit\u00e9s et les ONG \u00e0 lutter contre l\u2019exploitation.<\/p>\n\n\n\n<p>Tr\u00e8s t\u00f4t, Salom\u00e9 a d\u00e9cid\u00e9 de consacrer sa vie professionnelle \u00e0 la compr\u00e9hension des violations des droits de l\u2019homme commis \u00e0 l&rsquo;encontre de personnes vuln\u00e9rables. Apr\u00e8s avoir effectu\u00e9 un stage dans une ONG de d\u00e9fense des droits des femmes et d&rsquo;aide aux victimes de violences sexuelles, elle a consacr\u00e9 sa th\u00e8se de master en droit p\u00e9nal aux mariages forc\u00e9s et \u00e0 la contrebande \u00e0 des fins d&rsquo;exploitation sexuelle en Asie. Aujourd&rsquo;hui, son expertise touche au droit p\u00e9nal, au droit du travail et droit de la num\u00e9risation, et ses recherches incluent des m\u00e9thodes empiriques issues de la criminologie.&nbsp;&nbsp;<\/p>\n\n\n\n<p>\u00ab La traite des \u00eatres humains est un d\u00e9lit p\u00e9nal associ\u00e9 \u00e0 la mondialisation et au capitalisme. Le droit international vise \u00e0 enfreindre les situations qui conduisent \u00e0 l&rsquo;exploitation. Paradoxalement, ce droit peut \u00eatre utilis\u00e9 pour criminaliser certains groupes, par exemple les migrants qui sont travailleuses du sexe \u00bb, explique-t-elle. Ce paradoxe a suscit\u00e9 son int\u00e9r\u00eat\u202f: la loi peut prot\u00e9ger une personne tout en l\u00e9sant une autre.&nbsp;&nbsp;<\/p>\n\n\n\n<p>PROTEX, un projet <em>Young International Academics<\/em> de l&rsquo;<a href=\"https:\/\/www.uni.lu\/research-en\/ias\/\" target=\"_blank\" rel=\"noreferrer noopener\">Institute for Advanced Studies<\/a> de l&rsquo;Universit\u00e9, vise \u00e0 contribuer \u00e0 am\u00e9liorer l&rsquo;efficacit\u00e9 des protections juridiques pour les victimes et les normes du travail pour les travailleurs.&nbsp;<\/p>\n\n\n\n<h3 class=\"has-text-align-left wp-block-unilux-blocks-heading\"        id=\"comment-les-resultats-vont-ils-faire-avancer-le-travail-des-forces-de-lordre-et-les-agences-de-protection\"\n    >\nComment les r\u00e9sultats vont-ils faire avancer le travail des forces de l&rsquo;ordre et les agences de protection ?<\/h3>\n\n\n\n<section class=\"wp-block-unilux-blocks-quote-people\">\n    <div class=\"quote-people\" role=\"group\">\n        <figure class=\"quote-people__body\">\n            <blockquote class=\"quote-people__blockquote\">\n    <span class=\"quote-people__quote\">\u201f<\/span>\n    Pour condamner les d\u00e9linquants, le droit p\u00e9nal doit pouvoir se baser sur une d\u00e9finition pr\u00e9cise et harmonis\u00e9e des formes d&rsquo;exploitation. Or, c\u2019est une telle d\u00e9finition qui manque.\u201d\n<\/blockquote>\n<div class=\"wp-block-unilux-blocks-wrapper quote-people__figcaption\">\n<p class=\"quote-people__author wp-block-unilux-blocks-plain-text\"><\/p><\/div>\n        <\/figure>\n    <\/div>\n<\/section>\n\n<div class=\"wp-block-unilux-blocks-spacer is-spacer-size-sm\"><\/div>\n\n\n<p>\u00ab L&rsquo;exploitation est un \u00e9l\u00e9ment essential dans la d\u00e9finition de la traite des \u00eatres humains, l&rsquo;une des infractions les plus graves au niveau du droit europ\u00e9en. Le concept d&rsquo;exploitation permet aux forces de l&rsquo;ordre de distinguer les formes de travail criminalis\u00e9es des l\u00e9gitimes. Cependant, ni la loi ni les tribunaux \u2013 nationaux ou internationaux \u2013 ne fournissent de d\u00e9finition juridique de l&rsquo;exploitation. Vous voyez le dilemme : comment les forces de l&rsquo;ordre et les ONG peuvent-elles travailler efficacement avec des interpr\u00e9tations diff\u00e9rentes d&rsquo;un crime ?&nbsp;&nbsp;<\/p>\n\n\n\n<p>La cons\u00e9quence de cette absence d\u2019une entente commune de l&rsquo;exploitation est une diff\u00e9rence dans la justice aux victimes. Les forces de l&rsquo;ordre peinent \u00e0 appliquer les diff\u00e9rentes infractions li\u00e9es \u00e0 l&rsquo;exploitation, et les transpositions nationales varient m\u00eame au sein des pays europ\u00e9ens. Pour un exemple particuli\u00e8rement frappant, il suffit de voir la mani\u00e8re dont des pays voisins qualifient le trafic humain \u00e0 des fins d&rsquo;exploitation du travail. Les juges belges maintiennent la qualification de trafic d\u2019humain malgr\u00e9 l&rsquo;absence de violence ou de mauvais traitements ; au contraire, les juges fran\u00e7ais et luxembourgeois exigent la preuve de conditions de travail et d&rsquo;h\u00e9bergement extr\u00eames pour qualifier un trafic d\u2019humain \u00e0 des fins d&rsquo;exploitation.<\/p>\n\n\n\n<section class=\"wp-block-unilux-blocks-quote-people\">\n    <div class=\"quote-people\" role=\"group\">\n        <figure class=\"quote-people__body\">\n            <blockquote class=\"quote-people__blockquote\">\n    <span class=\"quote-people__quote\">\u201f<\/span>\n    Notre objectif est de comprendre comment les interpr\u00e9tations de l&rsquo;exploitation contribuent \u00e0 clarifier la fronti\u00e8re entre les conditions de travail criminelles ou l\u00e9gitimes.\u201d\n<\/blockquote>\n<div class=\"wp-block-unilux-blocks-wrapper quote-people__figcaption\">\n<p class=\"quote-people__author wp-block-unilux-blocks-plain-text\"><\/p><\/div>\n        <\/figure>\n    <\/div>\n<\/section>\n\n<div class=\"wp-block-unilux-blocks-spacer is-spacer-size-sm\"><\/div>\n\n\n<p>Cette recherche consiste notamment \u00e0 s&rsquo;interroger sur l&rsquo;impact de la num\u00e9risation sur les situations d&rsquo;exploitation.\u00a0\u00a0<\/p>\n\n\n\n<h3 class=\"has-text-align-left wp-block-unilux-blocks-heading\"        id=\"quel-est-limpact-de-la-technologie-sur-lexploitation-et-la-traite-des-etres-humains\"\n    >\nQuel est l\u2019impact de la technologie sur l&rsquo;exploitation et la traite des \u00eatres humains ?<\/h3>\n\n\n\n<p>\u00ab \u00c0 titre d&rsquo;exemple, voici deux exemples de l&rsquo;impact de la num\u00e9risation sur les conditions de travail : dans des entrep\u00f4ts europ\u00e9ens des entreprises de commerce enligne, les travailleurs sont constamment surveill\u00e9s num\u00e9riquement &#8211; leur rythme de travail, la dur\u00e9e de leurs pauses, m\u00eame le temps pass\u00e9 aux sanitaires. Les sociologues d\u00e9noncent de telles conditions de travail comme \u00e9tant de l&rsquo;exploitation, mais la question si elles sont consid\u00e9r\u00e9es comme criminelles d&rsquo;un point de vue juridique reste ouverte. En parall\u00e8le, les r\u00e9seaux de production ill\u00e9gale de drogues recrutent des travailleurs asiatiques sous de fausses promesses. Ces travailleurs sont confin\u00e9s dans des laboratoires ill\u00e9gaux, recevant des instructions num\u00e9riques pour produire des drogues, et surveill\u00e9s par vid\u00e9o par des criminels, parfois depuis d&rsquo;autres pays.<\/p>\n\n\n\n<p>Il y a un revers \u00e0 la m\u00e9daille. Des outils num\u00e9riques peuvent \u00eatre utilis\u00e9s \u00e0 des fins d&rsquo;enqu\u00eate et de criminalistique. Lors d\u2019enqu\u00eates sur les lieux, la police pourrait par exemple filmer les espaces de vie et de travail des travailleurs. Les juges pourront, \u00e0 l\u2019aide de casques de r\u00e9alit\u00e9 virtuelle, se mettre \u00e0 la place des travailleurs et d\u00e9couvrir les conditions inhumaines.<\/p>\n\n\n\n<p>En analysant les d\u00e9cisions judiciaires des quatre pays, je recherche des indicateurs de l&rsquo;influence du num\u00e9rique, par exemple la surveillance num\u00e9rique ou de la violence<\/p>\n\n\n\n<div class=\"wp-block-unilux-blocks-accordion accordion accordion--theme accordion-standard\" data-reference=\"4270cc59-7ad9-4eba-bc06-ae7584b6eabb\" data-accordion-type=\"standard\"><div class=\"accordion__item  wp-block-unilux-blocks-accordion-item\">\n    <h3 class=\"accordion__header\"\n                    id=\"methodes\"\n        >\n        <button\n            type=\"button\"\n            id=\"accordion-labelledby-6dd659bf-8c3d-46e2-8ea0-8d5bc27c4979\"\n            class=\"accordion__button collapsed\"\n            aria-expanded=\"false\"\n            aria-controls=\"accordion-panel-6dd659bf-8c3d-46e2-8ea0-8d5bc27c4979\"\n            data-bs-toggle=\"collapse\"\n            data-bs-target=\"#accordion-panel-6dd659bf-8c3d-46e2-8ea0-8d5bc27c4979\"\n        >\n            <span class=\"accordion__title\">\n                                M\u00e9thodes            <\/span>\n\n            <svg aria-hidden=\"true\" focusable=\"false\" class=\"icon icon-outline icon--arrow-down \"><use xlink:href=\"https:\/\/www.uni.lu\/wp-content\/themes\/unilux-theme\/assets\/images\/icons\/icons-outline.svg#icon--arrow-down\"><\/use><\/svg>        <\/button>\n    <\/h3>\n    <div id=\"accordion-panel-6dd659bf-8c3d-46e2-8ea0-8d5bc27c4979\"\n        class=\"accordion__collapse collapse\"\n        aria-labelledby=\"accordion-labelledby-6dd659bf-8c3d-46e2-8ea0-8d5bc27c4979\"\n        data-bs-parent=\"[data-reference=&quot;4270cc59-7ad9-4eba-bc06-ae7584b6eabb&quot;]\"\n    >\n        <div class=\"accordion__body \">\n            \n<ul class=\"ulux-list\">\n<li class=\"ulux-list-item\">Analyse d&rsquo;environ 350 d\u00e9cisions de justice rendues au Luxembourg, en Belgique, en France et en Espagne sur des infractions li\u00e9es \u00e0 l&rsquo;exploitation (par exemple, conditions de travail contraires \u00e0 la dignit\u00e9 humaine, prox\u00e9n\u00e9tisme) et \u00e0 la traite des \u00eatres humains.&nbsp;<\/li>\n<\/ul>\n\n<ul class=\"ulux-list\">\n<li class=\"ulux-list-item\">Recherche des indicateurs utilis\u00e9s dans ces d\u00e9cisions, tels que les heures de travail, le salaire, l&rsquo;enregistrement de l&#8217;emploi, l&rsquo;acc\u00e8s \u00e0 des \u00e9quipements de s\u00e9curit\u00e9 ou la violence num\u00e9rique et la surveillance.&nbsp;<\/li>\n<\/ul>\n\n<ul class=\"ulux-list\">\n<li class=\"ulux-list-item\">Entretiens avec des travailleurs dans des secteurs \u00e0 risque et des victimes d&rsquo;exploitation.&nbsp;&nbsp;<\/li>\n<\/ul>\n        <\/div>\n    <\/div>\n<\/div><\/div>\n\n\n\n<p>Une liste actualis\u00e9e d&rsquo;indicateurs clairs aiderait les intervenants de premi\u00e8re ligne (inspection du travail, ONG, professionnels de la sant\u00e9, avocats, etc.) \u00e0 d\u00e9tecter les victimes et permettrait \u00e0 la police d&rsquo;am\u00e9liorer ses enqu\u00eates afin d&rsquo;obtenir des condamnations.<\/p>\n\n\n\n<p>Dans le cadre de ses recherches et de ses activit\u00e9s de sensibilisation, Salom\u00e9 dispense d\u00e9j\u00e0 r\u00e9guli\u00e8rement des formations et participe \u00e0 des \u00e9v\u00e9nements destin\u00e9s aux professionnels de ce domaine. Elle est \u00e9galement experte pour le nouveau centre europ\u00e9en de lutte contre la traite des \u00eatres humains, qui met en relation des professionnels, des chercheurs et des d\u00e9cideurs politiques. <\/p>\n\n\n<div class=\"wp-block-unilux-blocks-spacer is-spacer-size-sm\"><\/div>\n\n\n<p><em>Le projet est financ\u00e9 par la Commission europ\u00e9enne et l&rsquo;Institut des hautes \u00e9tudes de l&rsquo;universit\u00e9.<\/em><\/p>\n<\/div><\/section>\n\n\n<section class=\"section section wp-block-unilux-blocks-quick-link-discover-section py-0\">\n    <div class=\"container xl:max-w-screen-xl\">\n        \n<h2 class=\"has-text-align-left wp-block-unilux-blocks-heading\"        id=\"decouvrez-egalement\"\n    >\nD\u00e9couvrez \u00e9galement<\/h2>\n\n<ul class=\"wp-block-unilux-blocks-quick-link-discover quick-link-list\">\n<li class=\"wp-block-unilux-blocks-quick-link-discover-item\">\n    <a\n                    href=\"https:\/\/www.uni.lu\/fr\/news\/le-temoin-numerique-l-intelligence-artificielle-remodele-la-justice-penale\/\"\n                    class=\"quick-link\"\n            target=\"\"\n    >\n            <span class=\"quick-link__container\">\n                <span class=\"quick-link__text\">\n                    Le t\u00e9moin num\u00e9rique : l\u2019intelligence artificielle remod\u00e8le la justice p\u00e9nale                 <\/span>\n                <svg aria-hidden=\"true\" focusable=\"false\" class=\"icon icon-outline icon--arrow-right \"><use xlink:href=\"https:\/\/www.uni.lu\/wp-content\/themes\/unilux-theme\/assets\/images\/icons\/icons-outline.svg#icon--arrow-right\"><\/use><\/svg>            <\/span>\n    <\/a>\n<\/li>\n<\/ul>\n    <\/div>\n<\/section>","protected":false},"excerpt":{"rendered":"","protected":false},"author":44,"featured_media":807,"template":"","format":"standard","meta":{"featured_image_focal_point":[],"show_featured_caption":false,"ulux_newsletter_groups":"","uluxPostTitle":"","uluxPrePostTitle":"","_trash_the_other_posts":false,"_price":"","_stock":"","_tribe_ticket_header":"","_tribe_default_ticket_provider":"","_tribe_ticket_capacity":"0","_ticket_start_date":"","_ticket_end_date":"","_tribe_ticket_show_description":"","_tribe_ticket_show_not_going":false,"_tribe_ticket_use_global_stock":"","_tribe_ticket_global_stock_level":"","_global_stock_mode":"","_global_stock_cap":"","_tribe_rsvp_for_event":"","_tribe_ticket_going_count":"","_tribe_ticket_not_going_count":"","_tribe_tickets_list":"[]","_tribe_ticket_has_attendee_info_fields":false},"news-category":[303],"news-topic":[317],"organisation":[614],"authorship":[44],"acf":[],"yoast_head":"<!-- This site is optimized with the Yoast SEO Premium plugin v22.3 (Yoast SEO v22.3) - https:\/\/yoast.com\/wordpress\/plugins\/seo\/ -->\n<title>La lutte contre le trafic des humains \u00e0 l&#039;\u00e8re num\u00e9rique - Universit\u00e9 du Luxembourg I Uni.lu<\/title>\n<meta name=\"description\" content=\"Les r\u00e9seaux commettant des crimes contre les droits de l\u2019homme a su tirer profit des technologies num\u00e9riques, notamment pour la surveillance,\" \/>\n<meta name=\"robots\" content=\"index, follow, max-snippet:-1, max-image-preview:large, max-video-preview:-1\" \/>\n<link rel=\"canonical\" href=\"https:\/\/www.uni.lu\/research-fr\/news\/la-lutte-contre-le-trafic-des-humains-a-l-ere-numerique\/\" \/>\n<meta property=\"og:locale\" content=\"fr_FR\" \/>\n<meta property=\"og:type\" content=\"article\" \/>\n<meta property=\"og:title\" content=\"La lutte contre le trafic des humains \u00e0 l&#039;\u00e8re num\u00e9rique\" \/>\n<meta property=\"og:description\" content=\"Les r\u00e9seaux commettant des crimes contre les droits de l\u2019homme a su tirer profit des technologies num\u00e9riques, notamment pour la surveillance,\" \/>\n<meta property=\"og:url\" content=\"https:\/\/www.uni.lu\/research-fr\/news\/la-lutte-contre-le-trafic-des-humains-a-l-ere-numerique\/\" \/>\n<meta property=\"og:site_name\" content=\"RESEARCH FR\" \/>\n<meta property=\"article:modified_time\" content=\"2025-11-17T09:24:52+00:00\" \/>\n<meta property=\"og:image\" content=\"https:\/\/www.uni.lu\/wp-content\/uploads\/sites\/28\/2025\/11\/17101745\/Salome-portrait.jpg\" \/>\n\t<meta property=\"og:image:width\" content=\"1499\" \/>\n\t<meta property=\"og:image:height\" content=\"1000\" \/>\n\t<meta property=\"og:image:type\" content=\"image\/jpeg\" \/>\n<meta name=\"twitter:card\" content=\"summary_large_image\" \/>\n<meta name=\"twitter:label1\" content=\"Dur\u00e9e de lecture estim\u00e9e\" \/>\n\t<meta name=\"twitter:data1\" content=\"5 minutes\" \/>\n<script type=\"application\/ld+json\" class=\"yoast-schema-graph\">{\"@context\":\"https:\/\/schema.org\",\"@graph\":[{\"@type\":\"NewsArticle\",\"@id\":\"https:\/\/www.uni.lu\/research-fr\/news\/la-lutte-contre-le-trafic-des-humains-a-l-ere-numerique\/#article\",\"isPartOf\":{\"@id\":\"https:\/\/www.uni.lu\/research-fr\/news\/la-lutte-contre-le-trafic-des-humains-a-l-ere-numerique\/\"},\"author\":{\"name\":\"Eunice\",\"@id\":\"https:\/\/www.uni.lu\/research-fr\/#\/schema\/person\/17dbc4a6ec9d969d266bcfb8d8e06279\"},\"headline\":\"La lutte contre le trafic des humains \u00e0 l&rsquo;\u00e8re num\u00e9rique\",\"datePublished\":\"2025-11-17T09:19:07+00:00\",\"dateModified\":\"2025-11-17T09:24:52+00:00\",\"mainEntityOfPage\":{\"@id\":\"https:\/\/www.uni.lu\/research-fr\/news\/la-lutte-contre-le-trafic-des-humains-a-l-ere-numerique\/\"},\"wordCount\":1001,\"publisher\":{\"@id\":\"https:\/\/www.uni.lu\/research-fr\/#organization\"},\"image\":{\"@id\":\"https:\/\/www.uni.lu\/research-fr\/news\/la-lutte-contre-le-trafic-des-humains-a-l-ere-numerique\/#primaryimage\"},\"thumbnailUrl\":\"https:\/\/www.uni.lu\/wp-content\/uploads\/sites\/28\/2025\/11\/17101745\/Salome-portrait.jpg\",\"inLanguage\":\"fr-FR\"},{\"@type\":\"WebPage\",\"@id\":\"https:\/\/www.uni.lu\/research-fr\/news\/la-lutte-contre-le-trafic-des-humains-a-l-ere-numerique\/\",\"url\":\"https:\/\/www.uni.lu\/research-fr\/news\/la-lutte-contre-le-trafic-des-humains-a-l-ere-numerique\/\",\"name\":\"La lutte contre le trafic des humains \u00e0 l'\u00e8re num\u00e9rique - Universit\u00e9 du Luxembourg I Uni.lu\",\"isPartOf\":{\"@id\":\"https:\/\/www.uni.lu\/research-fr\/#website\"},\"primaryImageOfPage\":{\"@id\":\"https:\/\/www.uni.lu\/research-fr\/news\/la-lutte-contre-le-trafic-des-humains-a-l-ere-numerique\/#primaryimage\"},\"image\":{\"@id\":\"https:\/\/www.uni.lu\/research-fr\/news\/la-lutte-contre-le-trafic-des-humains-a-l-ere-numerique\/#primaryimage\"},\"thumbnailUrl\":\"https:\/\/www.uni.lu\/wp-content\/uploads\/sites\/28\/2025\/11\/17101745\/Salome-portrait.jpg\",\"datePublished\":\"2025-11-17T09:19:07+00:00\",\"dateModified\":\"2025-11-17T09:24:52+00:00\",\"description\":\"Les r\u00e9seaux commettant des crimes contre les droits de l\u2019homme a su tirer profit des technologies num\u00e9riques, notamment pour la surveillance,\",\"breadcrumb\":{\"@id\":\"https:\/\/www.uni.lu\/research-fr\/news\/la-lutte-contre-le-trafic-des-humains-a-l-ere-numerique\/#breadcrumb\"},\"inLanguage\":\"fr-FR\",\"potentialAction\":[{\"@type\":\"ReadAction\",\"target\":[\"https:\/\/www.uni.lu\/research-fr\/news\/la-lutte-contre-le-trafic-des-humains-a-l-ere-numerique\/\"]}]},{\"@type\":\"ImageObject\",\"inLanguage\":\"fr-FR\",\"@id\":\"https:\/\/www.uni.lu\/research-fr\/news\/la-lutte-contre-le-trafic-des-humains-a-l-ere-numerique\/#primaryimage\",\"url\":\"https:\/\/www.uni.lu\/wp-content\/uploads\/sites\/28\/2025\/11\/17101745\/Salome-portrait.jpg\",\"contentUrl\":\"https:\/\/www.uni.lu\/wp-content\/uploads\/sites\/28\/2025\/11\/17101745\/Salome-portrait.jpg\",\"width\":1499,\"height\":1000},{\"@type\":\"BreadcrumbList\",\"@id\":\"https:\/\/www.uni.lu\/research-fr\/news\/la-lutte-contre-le-trafic-des-humains-a-l-ere-numerique\/#breadcrumb\",\"itemListElement\":[{\"@type\":\"ListItem\",\"position\":1,\"name\":\"Home\",\"item\":\"https:\/\/www.uni.lu\/fr\"},{\"@type\":\"ListItem\",\"position\":2,\"name\":\"Notre recherche en un coup d\u2019oeil\",\"item\":\"https:\/\/www.uni.lu\/research-fr\/\"},{\"@type\":\"ListItem\",\"position\":3,\"name\":\"News\",\"item\":\"https:\/\/www.uni.lu\/research-fr\/news\/\"},{\"@type\":\"ListItem\",\"position\":4,\"name\":\"La lutte contre le trafic des humains \u00e0 l'\u00e8re num\u00e9rique\"}]},{\"@type\":\"WebSite\",\"@id\":\"https:\/\/www.uni.lu\/research-fr\/#website\",\"url\":\"https:\/\/www.uni.lu\/research-fr\/\",\"name\":\"Uni.lu\",\"description\":\"Recherche \u00e0 l&#039;Universit\u00e9 du Luxembourg\",\"publisher\":{\"@id\":\"https:\/\/www.uni.lu\/research-fr\/#organization\"},\"alternateName\":\"Universit\u00e9 du Luxembourg\",\"potentialAction\":[{\"@type\":\"SearchAction\",\"target\":{\"@type\":\"EntryPoint\",\"urlTemplate\":\"https:\/\/www.uni.lu\/research-fr\/?s={search_term_string}\"},\"query-input\":\"required name=search_term_string\"}],\"inLanguage\":\"fr-FR\"},{\"@type\":\"Organization\",\"@id\":\"https:\/\/www.uni.lu\/research-fr\/#organization\",\"name\":\"Universit\u00e9 du Luxembourg\",\"alternateName\":\"Uni.lu\",\"url\":\"https:\/\/www.uni.lu\/research-fr\/\",\"logo\":{\"@type\":\"ImageObject\",\"inLanguage\":\"fr-FR\",\"@id\":\"https:\/\/www.uni.lu\/research-fr\/#\/schema\/logo\/image\/\",\"url\":\"https:\/\/www.uni.lu\/wp-content\/uploads\/sites\/28\/2026\/03\/03115643\/UNIV_SM-Profile_1600x1600px-scaled.jpg\",\"contentUrl\":\"https:\/\/www.uni.lu\/wp-content\/uploads\/sites\/28\/2026\/03\/03115643\/UNIV_SM-Profile_1600x1600px-scaled.jpg\",\"width\":2560,\"height\":2560,\"caption\":\"Universit\u00e9 du Luxembourg\"},\"image\":{\"@id\":\"https:\/\/www.uni.lu\/research-fr\/#\/schema\/logo\/image\/\"},\"description\":\"Recherche \u00e0 l&#039;Universit\u00e9 du Luxembourg\"},{\"@type\":\"Person\",\"@id\":\"https:\/\/www.uni.lu\/research-fr\/#\/schema\/person\/17dbc4a6ec9d969d266bcfb8d8e06279\",\"name\":\"Eunice\",\"image\":{\"@type\":\"ImageObject\",\"inLanguage\":\"fr-FR\",\"@id\":\"https:\/\/www.uni.lu\/research-fr\/#\/schema\/person\/image\/\",\"url\":\"https:\/\/secure.gravatar.com\/avatar\/dff9d86d63de4fa4c270ac204a61e8a8?s=96&d=mm&r=g\",\"contentUrl\":\"https:\/\/secure.gravatar.com\/avatar\/dff9d86d63de4fa4c270ac204a61e8a8?s=96&d=mm&r=g\",\"caption\":\"Eunice\"},\"birthDate\":\"1991-12-20\",\"gender\":\"female\",\"jobTitle\":\"Web editor\",\"worksFor\":\"University of Luxembourg\"}]}<\/script>\n<!-- \/ Yoast SEO Premium plugin. -->","yoast_head_json":{"title":"La lutte contre le trafic des humains \u00e0 l'\u00e8re num\u00e9rique - Universit\u00e9 du Luxembourg I Uni.lu","description":"Les r\u00e9seaux commettant des crimes contre les droits de l\u2019homme a su tirer profit des technologies num\u00e9riques, notamment pour la surveillance,","robots":{"index":"index","follow":"follow","max-snippet":"max-snippet:-1","max-image-preview":"max-image-preview:large","max-video-preview":"max-video-preview:-1"},"canonical":"https:\/\/www.uni.lu\/research-fr\/news\/la-lutte-contre-le-trafic-des-humains-a-l-ere-numerique\/","og_locale":"fr_FR","og_type":"article","og_title":"La lutte contre le trafic des humains \u00e0 l'\u00e8re num\u00e9rique","og_description":"Les r\u00e9seaux commettant des crimes contre les droits de l\u2019homme a su tirer profit des technologies num\u00e9riques, notamment pour la surveillance,","og_url":"https:\/\/www.uni.lu\/research-fr\/news\/la-lutte-contre-le-trafic-des-humains-a-l-ere-numerique\/","og_site_name":"RESEARCH FR","article_modified_time":"2025-11-17T09:24:52+00:00","og_image":[{"width":1499,"height":1000,"url":"https:\/\/www.uni.lu\/wp-content\/uploads\/sites\/28\/2025\/11\/17101745\/Salome-portrait.jpg","type":"image\/jpeg"}],"twitter_card":"summary_large_image","twitter_misc":{"Dur\u00e9e de lecture estim\u00e9e":"5 minutes"},"schema":{"@context":"https:\/\/schema.org","@graph":[{"@type":"NewsArticle","@id":"https:\/\/www.uni.lu\/research-fr\/news\/la-lutte-contre-le-trafic-des-humains-a-l-ere-numerique\/#article","isPartOf":{"@id":"https:\/\/www.uni.lu\/research-fr\/news\/la-lutte-contre-le-trafic-des-humains-a-l-ere-numerique\/"},"author":{"name":"Eunice","@id":"https:\/\/www.uni.lu\/research-fr\/#\/schema\/person\/17dbc4a6ec9d969d266bcfb8d8e06279"},"headline":"La lutte contre le trafic des humains \u00e0 l&rsquo;\u00e8re num\u00e9rique","datePublished":"2025-11-17T09:19:07+00:00","dateModified":"2025-11-17T09:24:52+00:00","mainEntityOfPage":{"@id":"https:\/\/www.uni.lu\/research-fr\/news\/la-lutte-contre-le-trafic-des-humains-a-l-ere-numerique\/"},"wordCount":1001,"publisher":{"@id":"https:\/\/www.uni.lu\/research-fr\/#organization"},"image":{"@id":"https:\/\/www.uni.lu\/research-fr\/news\/la-lutte-contre-le-trafic-des-humains-a-l-ere-numerique\/#primaryimage"},"thumbnailUrl":"https:\/\/www.uni.lu\/wp-content\/uploads\/sites\/28\/2025\/11\/17101745\/Salome-portrait.jpg","inLanguage":"fr-FR"},{"@type":"WebPage","@id":"https:\/\/www.uni.lu\/research-fr\/news\/la-lutte-contre-le-trafic-des-humains-a-l-ere-numerique\/","url":"https:\/\/www.uni.lu\/research-fr\/news\/la-lutte-contre-le-trafic-des-humains-a-l-ere-numerique\/","name":"La lutte contre le trafic des humains \u00e0 l'\u00e8re num\u00e9rique - Universit\u00e9 du Luxembourg I Uni.lu","isPartOf":{"@id":"https:\/\/www.uni.lu\/research-fr\/#website"},"primaryImageOfPage":{"@id":"https:\/\/www.uni.lu\/research-fr\/news\/la-lutte-contre-le-trafic-des-humains-a-l-ere-numerique\/#primaryimage"},"image":{"@id":"https:\/\/www.uni.lu\/research-fr\/news\/la-lutte-contre-le-trafic-des-humains-a-l-ere-numerique\/#primaryimage"},"thumbnailUrl":"https:\/\/www.uni.lu\/wp-content\/uploads\/sites\/28\/2025\/11\/17101745\/Salome-portrait.jpg","datePublished":"2025-11-17T09:19:07+00:00","dateModified":"2025-11-17T09:24:52+00:00","description":"Les r\u00e9seaux commettant des crimes contre les droits de l\u2019homme a su tirer profit des technologies num\u00e9riques, notamment pour la surveillance,","breadcrumb":{"@id":"https:\/\/www.uni.lu\/research-fr\/news\/la-lutte-contre-le-trafic-des-humains-a-l-ere-numerique\/#breadcrumb"},"inLanguage":"fr-FR","potentialAction":[{"@type":"ReadAction","target":["https:\/\/www.uni.lu\/research-fr\/news\/la-lutte-contre-le-trafic-des-humains-a-l-ere-numerique\/"]}]},{"@type":"ImageObject","inLanguage":"fr-FR","@id":"https:\/\/www.uni.lu\/research-fr\/news\/la-lutte-contre-le-trafic-des-humains-a-l-ere-numerique\/#primaryimage","url":"https:\/\/www.uni.lu\/wp-content\/uploads\/sites\/28\/2025\/11\/17101745\/Salome-portrait.jpg","contentUrl":"https:\/\/www.uni.lu\/wp-content\/uploads\/sites\/28\/2025\/11\/17101745\/Salome-portrait.jpg","width":1499,"height":1000},{"@type":"BreadcrumbList","@id":"https:\/\/www.uni.lu\/research-fr\/news\/la-lutte-contre-le-trafic-des-humains-a-l-ere-numerique\/#breadcrumb","itemListElement":[{"@type":"ListItem","position":1,"name":"Home","item":"https:\/\/www.uni.lu\/fr"},{"@type":"ListItem","position":2,"name":"Notre recherche en un coup d\u2019oeil","item":"https:\/\/www.uni.lu\/research-fr\/"},{"@type":"ListItem","position":3,"name":"News","item":"https:\/\/www.uni.lu\/research-fr\/news\/"},{"@type":"ListItem","position":4,"name":"La lutte contre le trafic des humains \u00e0 l'\u00e8re num\u00e9rique"}]},{"@type":"WebSite","@id":"https:\/\/www.uni.lu\/research-fr\/#website","url":"https:\/\/www.uni.lu\/research-fr\/","name":"Uni.lu","description":"Recherche \u00e0 l&#039;Universit\u00e9 du Luxembourg","publisher":{"@id":"https:\/\/www.uni.lu\/research-fr\/#organization"},"alternateName":"Universit\u00e9 du Luxembourg","potentialAction":[{"@type":"SearchAction","target":{"@type":"EntryPoint","urlTemplate":"https:\/\/www.uni.lu\/research-fr\/?s={search_term_string}"},"query-input":"required name=search_term_string"}],"inLanguage":"fr-FR"},{"@type":"Organization","@id":"https:\/\/www.uni.lu\/research-fr\/#organization","name":"Universit\u00e9 du Luxembourg","alternateName":"Uni.lu","url":"https:\/\/www.uni.lu\/research-fr\/","logo":{"@type":"ImageObject","inLanguage":"fr-FR","@id":"https:\/\/www.uni.lu\/research-fr\/#\/schema\/logo\/image\/","url":"https:\/\/www.uni.lu\/wp-content\/uploads\/sites\/28\/2026\/03\/03115643\/UNIV_SM-Profile_1600x1600px-scaled.jpg","contentUrl":"https:\/\/www.uni.lu\/wp-content\/uploads\/sites\/28\/2026\/03\/03115643\/UNIV_SM-Profile_1600x1600px-scaled.jpg","width":2560,"height":2560,"caption":"Universit\u00e9 du Luxembourg"},"image":{"@id":"https:\/\/www.uni.lu\/research-fr\/#\/schema\/logo\/image\/"},"description":"Recherche \u00e0 l&#039;Universit\u00e9 du Luxembourg"},{"@type":"Person","@id":"https:\/\/www.uni.lu\/research-fr\/#\/schema\/person\/17dbc4a6ec9d969d266bcfb8d8e06279","name":"Eunice","image":{"@type":"ImageObject","inLanguage":"fr-FR","@id":"https:\/\/www.uni.lu\/research-fr\/#\/schema\/person\/image\/","url":"https:\/\/secure.gravatar.com\/avatar\/dff9d86d63de4fa4c270ac204a61e8a8?s=96&d=mm&r=g","contentUrl":"https:\/\/secure.gravatar.com\/avatar\/dff9d86d63de4fa4c270ac204a61e8a8?s=96&d=mm&r=g","caption":"Eunice"},"birthDate":"1991-12-20","gender":"female","jobTitle":"Web editor","worksFor":"University of Luxembourg"}]}},"blog_id":28,"_links":{"self":[{"href":"https:\/\/www.uni.lu\/research-fr\/wp-json\/wp\/v2\/news\/805"}],"collection":[{"href":"https:\/\/www.uni.lu\/research-fr\/wp-json\/wp\/v2\/news"}],"about":[{"href":"https:\/\/www.uni.lu\/research-fr\/wp-json\/wp\/v2\/types\/news"}],"author":[{"embeddable":true,"href":"https:\/\/www.uni.lu\/research-fr\/wp-json\/wp\/v2\/users\/44"}],"version-history":[{"count":2,"href":"https:\/\/www.uni.lu\/research-fr\/wp-json\/wp\/v2\/news\/805\/revisions"}],"predecessor-version":[{"id":810,"href":"https:\/\/www.uni.lu\/research-fr\/wp-json\/wp\/v2\/news\/805\/revisions\/810"}],"wp:authorship":[{"embeddable":true,"href":"https:\/\/www.uni.lu\/research-fr\/wp-json\/wp\/v2\/users\/44"}],"wp:featuredmedia":[{"embeddable":true,"href":"https:\/\/www.uni.lu\/research-fr\/wp-json\/wp\/v2\/media\/807"}],"wp:attachment":[{"href":"https:\/\/www.uni.lu\/research-fr\/wp-json\/wp\/v2\/media?parent=805"}],"wp:term":[{"taxonomy":"news-category","embeddable":true,"href":"https:\/\/www.uni.lu\/research-fr\/wp-json\/wp\/v2\/news-category?post=805"},{"taxonomy":"news-topic","embeddable":true,"href":"https:\/\/www.uni.lu\/research-fr\/wp-json\/wp\/v2\/news-topic?post=805"},{"taxonomy":"organisation","embeddable":true,"href":"https:\/\/www.uni.lu\/research-fr\/wp-json\/wp\/v2\/organisation?post=805"}],"curies":[{"name":"wp","href":"https:\/\/api.w.org\/{rel}","templated":true}]}}