{"id":12895,"date":"2025-03-27T15:39:26","date_gmt":"2025-03-27T14:39:26","guid":{"rendered":"https:\/\/www.uni.lu\/life-en\/?post_type=news&#038;p=12895"},"modified":"2025-07-04T11:13:54","modified_gmt":"2025-07-04T09:13:54","slug":"prix-victor-hugo","status":"publish","type":"news","link":"https:\/\/www.uni.lu\/life-en\/news\/prix-victor-hugo\/","title":{"rendered":"Uni.lu students winners of the Prix Victor Hugo"},"content":{"rendered":"\n<section class=\"wp-block-unilux-blocks-free-section section\"><div class=\"container xl:max-w-screen-xl\">\n<h3 class=\"has-text-align-left wp-block-unilux-blocks-heading\"        id=\"two-of-our-students-are-the-winners-of-prix-victor-hugo-de-la-francophonie-2025-edition\"\n    >\nTwo of our students are the winners of Prix Victor Hugo de la Francophonie, 2025 edition.<\/h3>\n\n\n\n<p>On Tuesday, 25 March 2025 the awards ceremony for the literary competition &#8220;Prix Victor Hugo&#8221; took place in the French Embassy, and we are proud to announce that two of the winners belong to our university community. Students <strong>Mich\u00e8le Feltes<\/strong> and <strong>Eva Van Wymersch<\/strong> &#8211; both from FHSE, Bachelor en Cultures Europ\u00e9ennes &#8211; were our <em>laureates<\/em>! <\/p>\n\n\n\n<p>The <em>Institut fran\u00e7ais du Luxembourg<\/em>, in partnership with the <em>Association Victor Hugo<\/em> and the <em>Association des Professeurs de Fran\u00e7ais du Luxembourg<\/em>, organise annually the Prix Victor Hugo de la Francophonie, a high school and student competition for the best text in French. This year&#8217;s theme was \u201cTen words for the planet\u201d. In order to participate, the students had to submit an original text incorporating all the following words: biome, butiner, canop\u00e9e, cons\u00e9conscient, d\u00e9brousser, empreinte, glaner, palmeraie, solaire, vivant.<\/p>\n\n\n\n<p>The students are happy to share their winning texts.<\/p>\n\n\n\n<h4 class=\"has-text-align-left wp-block-unilux-blocks-heading\"        id=\"text-by-michele-feltes\"\n    >\nText by Mich\u00e8le Feltes<\/h4>\n\n\n\n<h5 class=\"has-text-align-left wp-block-unilux-blocks-heading\"        id=\"la-faute-dans-le-code\"\n    >\nLa faute dans le code<\/h5>\n\n\n\n<p>Depuis des semaines, les synapses de Le\u00efla ne s&#8217;\u00e9taient pas autant d\u00e9ploy\u00e9es pour butiner la dopamine qui vrombissait comme du pollen au printemps dans les replis de son cerveau. Ce qui d\u00e9clenchait cette s\u00e9cr\u00e9tion de joie aurait pouss\u00e9 toute autre adolescente \u00e0 se saisir d&#8217;un journal enroul\u00e9 ou m\u00eame \u00e0 s&#8217;armer d&#8217;un aspirateur. Mais le cas de Le\u00efla \u00e9tait bien diff\u00e9rent : elle se r\u00e9jouissait des jambes poilues d&#8217;une araign\u00e9e.<br>Le petit pr\u00e9dateur se glissait entre les racines du palmier qui s&#8217;\u00e9tendaient autour des basquettes de Le\u00efla. L&#8217;envie d&#8217;attraper l&#8217;animal noua ses doigts, mais elle se ma\u00eetrisa. Comme si la cr\u00e9ature avait per\u00e7u sa pr\u00e9sence \u2013 ce qui \u00e9tait absurde \u2013 elle se replia sous l&#8217;ombre d&#8217;une touffe de foug\u00e8re jaun\u00e2tre.<br>La canop\u00e9e s&#8217;\u00e9tirant au-dessus de la t\u00eate de Le\u00efla infusait la lumi\u00e8re d&#8217;une teinte verte, bien qu&#8217;elle-m\u00eame ne f\u00fbt point color\u00e9e par de la chlorophylle. Les lames \u00e9troites des feuilles d\u00e9coupaient le bleu du ciel en carr\u00e9s l\u00e0 o\u00f9 les branches se croisaient. Autour de Le\u00efla se dressaient des troncs \u00e0 l&#8217;\u00e9corce z\u00e9br\u00e9e. L\u00e9g\u00e8rement intimid\u00e9e par ces spectres d&#8217;arbres, elle avan\u00e7a de quelques pas pour s&#8217;insinuer dans le c\u0153ur de la palmeraie.<br>Les rayons du soleil, la frappant par-derri\u00e8re, resplendissaient dans ses lunettes, et elle plissait les yeux \u2013 qu&#8217;elle n&#8217;avait r\u00e9cemment pliss\u00e9s que pour d\u00e9chiffrer ses notes sur le biome des for\u00eats tropicales avant de s&#8217;endormir. L&#8217;\u00e9cologie g\u00e9n\u00e9rale, le cycle du carbone, les raisons des \u00e9checs de dix ans de reforestation\u2026 sur le papier, elle ma\u00eetrisait tout, mais en \u00ab r\u00e9alit\u00e9 \u00bb, elle se sentait d\u00e9connect\u00e9e de la substance m\u00eame de ses \u00e9tudes. Ce n&#8217;\u00e9tait plus la grande moisson d&#8217;informations dans les livres ; elle avait plut\u00f4t l&#8217;impression de glaner derri\u00e8re la moissonneuse-batteuse les \u00e9pis insignifiant sur lesquelles personne n&#8217;avait encore song\u00e9s.<br>Les pieds de Le\u00efla s\u2019avan\u00e7aient sans qu\u2019elle accorde une seule pens\u00e9e \u00e0 ses mouvements physiques. Sa conscience \u00e9tait trop occup\u00e9e \u00e0 se d\u00e9brouiller avec ce qui lui semblait \u00eatre une fantasmagorie : avec les nuages multicolores d\u2019oiseaux, des cigales chantantes et la lourdeur de l\u2019humidit\u00e9. Aveugl\u00e9e, accabl\u00e9e et abasourdie, Le\u00efla fut soudain captiv\u00e9e par un mouvement.<br>La premi\u00e8re chose qui sauta \u00e0 l\u2019\u0153il fut les bras tout maigres de l&#8217;homme qui s&#8217;acharnait \u00e0 manier une machette contre un arbrisseau parmi les palmiers qu&#8217;il semblait d\u00e9brousser. En observant son coude se replier, l&#8217;image d&#8217;un genou d&#8217;\u00e9l\u00e9phant surgit dans l\u2019esprit de Le\u00efla ; chaque geste tra\u00e7ait des rides sur sa peau tann\u00e9e. Sa tenue de travail se r\u00e9sumait \u00e0 un t-shirt et un short.<br>Quand l&#8217;homme se tourna vers elle, Le\u00efla aper\u00e7ut son propre visage dans le reflet de ses yeux bruns. Dans ces yeux bruns, elle vit son expression incr\u00e9dule encadr\u00e9e par de longs cils \u00e9bouriff\u00e9s. Dans ces yeux bruns, il y avait cet \u00e9clat blanch\u00e2tre \u2013 cet \u00e9clat qui lui donnait un air si vivant qu\u2019elle ressentit le besoin d\u2019esquiver son regard, \u00e0 tel point ces yeux bruns la transper\u00e7aient \u2013 \u00e0 tel point ces yeux bruns l\u2019attiraient encore quelques pas en avant.<br>C\u2019\u00e9tait comme s\u2019il y avait quelque chose d\u2019humain qui les unifiait, bien qu\u2019ils ne puissent \u00eatre plus diff\u00e9rents l\u2019un de l\u2019autre. Lui, probablement un quinquag\u00e9naire, et elle, une jeune fille. Un ouvrier agricole et une enfant de la ville. Il ne lui ressemblait gu\u00e8re et pourtant\u2026 La bordure effiloch\u00e9e de sa casquette et les grains de beaut\u00e9 qui parsemaient ses bras, empreintes br\u00fbl\u00e9es par le soleil canc\u00e9reux dans sa peau, touchaient Le\u00efla profond\u00e9ment. Cet homme, si \u00e9maci\u00e9, \u00e2g\u00e9 et faible, demeurait pourtant sage, durci tel un min\u00e9ral \u2013 en quelque sorte il \u00e9tait trop endommag\u00e9 pour se briser.<br>Un frisson parcourut Le\u00efla, qui \u00e9tait maintenant si pr\u00e8s qu\u2019elle distinguait la boue s\u00e9ch\u00e9e des ombres qui baignaient le cou de l\u2019homme. Son souffle suspendu, elle tendit la main, ignorant le doute qui voulait la paralyser. Elle ne devait pas le faire.<br>\u2014 Ne devrais pas\u2026<br>\u2026 mais avec les mots chuchot\u00e9s qui s\u2019enfuirent de ses l\u00e8vres, s\u2019enfuit aussi la raison. Ses doigts fr\u00f4l\u00e8rent le poignet du travailleur. Mais le poignet du travailleur ne fr\u00f4la point ses doigts\u2026 Il n\u2019\u00e9tait pas r\u00eache. Ni chaud de la lumi\u00e8re solaire qu\u2019il avait absorb\u00e9e au fil des ans.<br>Non, Le\u00efla ne ressentit aucune r\u00e9sistance. C&#8217;\u00e9tait si\u2026 Elle secoua la t\u00eate. Pas comme si\u2026 enfin, l&#8217;homme \u00e9tait fait d&#8217;air.<br>D&#8217;un seul coup, la canop\u00e9e se dissipa en brume floue et le sol se fissura en pixels \u00e9pars. Les palmiers s&#8217;effondr\u00e8rent comme abattus, ne laissant derri\u00e8re eux qu&#8217;un arri\u00e8re-plan g\u00e9n\u00e9rique de contours verd\u00e2tres fondus dans l&#8217;horizon. Le\u00efla vacilla, la paume encore tendue vers un monde qui n&#8217;existait plus.<br>Coupable, elle rattrapa sa main avec l&#8217;autre et croisa les bras. Elle avait tout int\u00e9r\u00eat \u00e0 feindre la surprise. La vingtaine d&#8217;\u00e9tudiants clignotait encore, comme s&#8217;ils n&#8217;arrivaient pas \u00e0 se d\u00e9tacher de l&#8217;illusion cr\u00e9\u00e9e \u00e0 partir du mat\u00e9riel audiovisuel enregistr\u00e9 autrefois et par l&#8217;IA qui le compl\u00e9tait. Or, apr\u00e8s le court-circuit, il ne restait que les \u00e9crans inclin\u00e9s, les projecteurs suspendus et l&#8217;amas de c\u00e2bles entrem\u00eal\u00e9s sur le sol qui avaient contribu\u00e9 \u00e0 la cr\u00e9dibilit\u00e9 des racines virtuelles.<br>\u2014 G\u00e9nial, qui a encore tout fait planter ?<br>\u2014 On \u00e9tait au beau milieu de la simulation !<br>\u2014 \u00c7a a grill\u00e9 d&#8217;un coup, j&#8217;ai rien touch\u00e9 ! s\u2019\u00e9leva une troisi\u00e8me voix.<br>Derri\u00e8re Le\u00efla, quelqu\u2019un de familier s\u2019adressa \u00e0 elle.<br>\u2014 Viens.<br>Le\u00efla baissa un peu ses \u00e9paules tendues et se laissa entra\u00eener par le coude \u00e0 l\u2019\u00e9cart de la salle. Les blouses des \u00e9tudiants flottaient autour de leurs bras, semblables aux ailes des papillons qui avaient voltig\u00e9 \u00e0 travers la palmeraie il y a quelques instants. Certains tapotaient sur les tablettes de commande \u00e0 l\u2019entr\u00e9e, et quelques regards soup\u00e7onneux se fixaient d\u00e9j\u00e0 sur elle. Le badge de son superviseur cliqueta tandis qu&#8217;il la d\u00e9signait d&#8217;un mouvement du menton.<br>\u2014 Respire, ce n&#8217;est pas la fin du monde, mais\u2026 Tu savais que l&#8217;illusion se dissipait d\u00e8s qu&#8217;on la touchait.<br>Le\u00efla hocha la t\u00eate, luttant pour avaler la boule qui s&#8217;\u00e9tait form\u00e9e dans sa gorge. C&#8217;\u00e9tait une faute p\u00e9nible, celle d&#8217;une d\u00e9butante ou d&#8217;une \u00e9tudiante lors de sa premi\u00e8re s\u00e9ance de r\u00e9alit\u00e9 virtuelle \u2013 quelque chose qui n&#8217;arrivait qu\u2019\u00e0 un auditeur libre.<br>\u2014 Oui, mais je ne m&#8217;y attendais pas\u2026 Je n&#8217;ai jamais vu d&#8217;humain dans une simulation d&#8217;autrefois\u2026 et \u00e7a avait l&#8217;air si anodin, si habituel, si simple\u2026, murmura-t-elle, les yeux fuyant le regard de son superviseur.<br>\u2014 Pourtant, tu le savais. Ce n&#8217;\u00e9tait pas tr\u00e8s cons\u00e9conscient de ta part.<br>Le\u00efla croisa les bras devant sa poitrine.<br>\u2014 Cons\u00e9conscient ? C&#8217;est ridicule d&#8217;utiliser ce mot. C&#8217;\u00e9taient eux, autrefois, qui ne l\u2019\u00e9taient pas.<br>\u2014 Ils devraient penser la m\u00eame chose que toi, conclut-il en haussant un sourcil.<\/p>\n\n\n<div class=\"wp-block-unilux-blocks-spacer is-spacer-size-md\"><\/div>\n\n\n<h4 class=\"has-text-align-left wp-block-unilux-blocks-heading\"        id=\"text-by-eva-van-wymersch\"\n    >\nText by Eva Van Wymersch<\/h4>\n\n\n\n<h5 class=\"has-text-align-left wp-block-unilux-blocks-heading\"        id=\"28-mars-3012\"\n    >\n28 mars 3012<\/h5>\n\n\n\n<p>Cher journal, \u00ab il \u00e9tait une fois la Terre \u00bb \u00e9tait tout ce que j\u2019avais retenu de mon cours d\u2019histoire. Madame Colette nous a parl\u00e9 pendant des heures d\u2019une plan\u00e8te bleue qui se caract\u00e9risait par un biome, mot que je n\u2019avais jamais entendu de toute ma vie. \u00c0 ce que j\u2019ai compris, cela veut dire que la terre \u00e9tait divis\u00e9e en grandes zones g\u00e9ographiques qui avaient chacune un climat sp\u00e9cifique. Ce soir, je ne comprends toujours pas, tout me parait si abstrait. \u00c0 un moment je pensais m\u00eame que Madame Colette devenait folle. Elle \u00e9tait tellement passionn\u00e9e par son sujet qu\u2019elle utilisait des mots bizarres et inventait des noms d\u2019animaux. Elle nous a montr\u00e9 des photos d\u2019abeilles qui volaient sur des fleurs. Nous \u00e9tions bouche b\u00e9e, c\u2019\u00e9tait si beau. Mais nous ne savions pas ce qu\u2019\u00e9taient des abeilles, ni ce qui signifiait butiner, ni ce qu\u2019\u00e9taient des fleurs. La classe a m\u00eame eu un fou rire quand elle nous a expliqu\u00e9 que les abeilles \u00e9taient indispensables \u00e0 la survie de l\u2019esp\u00e8ce humaine. C\u2019est vrai, nous nous sommes bien vivants quand m\u00eame ! J\u2019ai m\u00eame appris que des grands arbres avec des grandes feuilles s\u2019appelaient des palmiers et que beaucoup de palmiers formaient une palmeraie. Mon copain Max a alors demand\u00e9 pourquoi notre plan\u00e8te avait autant chang\u00e9. Madame Colette r\u00e9pondit que l\u2019ann\u00e9e 2050 a \u00e9t\u00e9 le d\u00e9but de la fin. Tous les pays du monde avaient une empreinte carbone trop \u00e9lev\u00e9e, il y avait trop de plastique dans l\u2019oc\u00e9an, l\u2019\u00e9nergie solaire ne captait plus les rayons n\u00e9cessaires \u00e0 cause de la pollution, la terre \u00e9tait devenue infertile, la for\u00eat amazonienne \u00e9tait d\u00e9brouss\u00e9e et aucune canop\u00e9e n\u2019a surv\u00e9cu, etc. Ceux qui \u00e9taient encore vivants se sont r\u00e9fugi\u00e9s sous la terre. Ils ont commenc\u00e9 \u00e0 creuser des tunnels et des caves souterraines. Deux fois par semaine, les survivants remontaient \u00e0 la surface pour glaner ce qui restait de comestible. Les animaux mourraient peu \u00e0 peu. Entre toutes les esp\u00e8ces r\u00e9gnait ce que Darwin appelait \u00ab la loi du plus fort \u00bb. Pour survivre les animaux ont commenc\u00e9 \u00e0 muter. Petit \u00e0 petit, tous ont d\u00fb s\u2019adapter au changement. Mille ans plus tard, je me rends compte que la Terre \u00e9tait un lieu magnifique, mais d\u2019autre part je ne peux pas me plaindre de ma vie. Bien que je ne connaisse pas la verdure, l\u2019air frais de la mer ou encore la chaleur tropicale, je suis heureux ici dans l\u2019espace. En effet, en l\u2019an 3000 ont d\u00e9but\u00e9 les exp\u00e9riences ayant pour but d\u2019\u00e9vacuer la Terre. Il n\u2019a pas fallu bien longtemps pour que tout le monde soit d\u00e9log\u00e9. J\u2019\u00e9tais tout petit<br>lorsque mes parents ont d\u00e9m\u00e9nag\u00e9. Madame Colette nous a dit qu\u2019il ne fallait pas oublier ce qui s\u2019\u00e9tait pass\u00e9 sur la Terre et que son r\u00f4le \u00e9tait de sensibiliser les \u00e9l\u00e8ves sur l\u2019histoire de la plan\u00e8te bleue. Sa mission est de nous inciter \u00e0 \u00eatre cons\u00e9conscients. J\u2019avoue que je ne sais toujours pas totalement ce que \u00e7a veut dire mais j\u2019ai retenu que le plus important, c\u2019est de prot\u00e9ger son habitat par des petites actions au quotidien. Sur ce, je pars prendre une douche au lieu d\u2019un bain.<\/p>\n\n\n<div class=\"wp-block-unilux-blocks-spacer is-spacer-size-sm\"><\/div>\n\n\n<div class=\"wp-block-columns is-layout-flex wp-block-columns-is-layout-flex\">\n<div class=\"wp-block-column is-layout-flow wp-block-column-is-layout-flow\"><figure class=\"wp-block-dev4-reusable-blocks-image  object-fit--contain\">\n    \n<img decoding=\"async\" class=\"wp-block-image unilux-custom-image-block\"\n                alt=\"Espace Cultures\"\n            src=\"https:\/\/www.uni.lu\/wp-content\/uploads\/sites\/29\/2023\/11\/Espace-Cultures-logo-white-BG.png\"\n                srcset=\"https:\/\/www.uni.lu\/wp-content\/uploads\/sites\/29\/2023\/11\/Espace-Cultures-logo-white-BG-300x143.png 300w, https:\/\/www.uni.lu\/wp-content\/uploads\/sites\/29\/2023\/11\/Espace-Cultures-logo-white-BG.png 667w\"\n                style=\"object-position: 56.00% 44.00%; font-family: &quot;object-fit: contain; object-position: 56.00% 44.00%;&quot;; aspect-ratio: 32\/9; object-fit: contain; width: 75%;\"\n        loading=\"lazy\"\n\/>    <\/figure><\/div>\n\n\n\n<div class=\"wp-block-column is-layout-flow wp-block-column-is-layout-flow\"><figure class=\"wp-block-dev4-reusable-blocks-image  object-fit--contain\">\n    \n<img decoding=\"async\" class=\"wp-block-image unilux-custom-image-block\"\n                alt=\"\"\n            src=\"https:\/\/www.uni.lu\/wp-content\/uploads\/sites\/29\/2025\/03\/Screenshot-2025-03-27-144956.png\"\n                srcset=\"https:\/\/www.uni.lu\/wp-content\/uploads\/sites\/29\/2025\/03\/Screenshot-2025-03-27-144956-300x200.png 300w, https:\/\/www.uni.lu\/wp-content\/uploads\/sites\/29\/2025\/03\/Screenshot-2025-03-27-144956-768x513.png 768w, https:\/\/www.uni.lu\/wp-content\/uploads\/sites\/29\/2025\/03\/Screenshot-2025-03-27-144956.png 949w\"\n                style=\"object-position: 50.00% 50.00%; font-family: &quot;object-fit: contain; object-position: 50.00% 50.00%;&quot;; aspect-ratio: 32\/9; object-fit: contain; width: 100%;\"\n        loading=\"lazy\"\n\/>    <\/figure><\/div>\n<\/div>\n<\/div><\/section>\n","protected":false},"excerpt":{"rendered":"<p>On Tuesday, 25 March 2025 the awards ceremony for the literary competition &#8220;Prix Victor Hugo&#8221; took place in the French Embassy, and we are proud to announce that two of the winners belong to our university community. Students Mich\u00e8le Feltes and Eva Van Wymersch &#8211; both from FHSE, Bachelor en Cultures Europ\u00e9ennes &#8211; were our laureates! <\/p>\n","protected":false},"author":323,"featured_media":12902,"template":"","format":"standard","meta":{"featured_image_focal_point":{"x":0.41,"y":0.55},"show_featured_caption":false,"ulux_newsletter_groups":"","uluxPostTitle":"","uluxPrePostTitle":"","_trash_the_other_posts":false,"_price":"","_stock":"","_tribe_ticket_header":"","_tribe_default_ticket_provider":"","_tribe_ticket_capacity":"0","_ticket_start_date":"","_ticket_end_date":"","_tribe_ticket_show_description":"","_tribe_ticket_show_not_going":false,"_tribe_ticket_use_global_stock":"","_tribe_ticket_global_stock_level":"","_global_stock_mode":"","_global_stock_cap":"","_tribe_rsvp_for_event":"","_tribe_ticket_going_count":"","_tribe_ticket_not_going_count":"","_tribe_tickets_list":"[]","_tribe_ticket_has_attendee_info_fields":false},"news-category":[315,314],"news-topic":[],"organisation":[776],"authorship":[323],"acf":[],"yoast_head":"<!-- This site is optimized with the Yoast SEO Premium plugin v22.3 (Yoast SEO v22.3) - https:\/\/yoast.com\/wordpress\/plugins\/seo\/ -->\n<title>Uni.lu students winners of the Prix Victor Hugo - University of Luxembourg news I Uni.lu<\/title>\n<meta name=\"description\" content=\"On Tuesday, 25 March 2025 the awards ceremony for the literary competition &quot;Prix Victor Hugo&quot; took place in the French Embassy, and we are proud to announce that two of the winners belong to our university community. Students Mich\u00e8le Feltes and Eva Van Wymersch - both from FHSE, Bachelor en Cultures Europ\u00e9ennes - were our laureates!\" \/>\n<meta name=\"robots\" content=\"index, follow, max-snippet:-1, max-image-preview:large, max-video-preview:-1\" \/>\n<link rel=\"canonical\" href=\"https:\/\/www.uni.lu\/life-en\/news\/prix-victor-hugo\/\" \/>\n<meta property=\"og:locale\" content=\"en_GB\" \/>\n<meta property=\"og:type\" content=\"article\" \/>\n<meta property=\"og:title\" content=\"Uni.lu students winners of the Prix Victor Hugo\" \/>\n<meta property=\"og:description\" content=\"On Tuesday, 25 March 2025 the awards ceremony for the literary competition &quot;Prix Victor Hugo&quot; took place in the French Embassy, and we are proud to announce that two of the winners belong to our university community. Students Mich\u00e8le Feltes and Eva Van Wymersch - both from FHSE, Bachelor en Cultures Europ\u00e9ennes - were our laureates!\" \/>\n<meta property=\"og:url\" content=\"https:\/\/www.uni.lu\/life-en\/news\/prix-victor-hugo\/\" \/>\n<meta property=\"og:site_name\" content=\"LIFE EN\" \/>\n<meta property=\"article:modified_time\" content=\"2025-07-04T09:13:54+00:00\" \/>\n<meta property=\"og:image\" content=\"https:\/\/www.uni.lu\/wp-content\/uploads\/sites\/29\/2025\/03\/image002.jpeg\" \/>\n\t<meta property=\"og:image:width\" content=\"640\" \/>\n\t<meta property=\"og:image:height\" content=\"480\" \/>\n\t<meta property=\"og:image:type\" content=\"image\/jpeg\" \/>\n<meta name=\"twitter:card\" content=\"summary_large_image\" \/>\n<meta name=\"twitter:label1\" content=\"Estimated reading time\" \/>\n\t<meta name=\"twitter:data1\" content=\"8 minutes\" \/>\n<script type=\"application\/ld+json\" class=\"yoast-schema-graph\">{\"@context\":\"https:\/\/schema.org\",\"@graph\":[{\"@type\":\"NewsArticle\",\"@id\":\"https:\/\/www.uni.lu\/life-en\/news\/prix-victor-hugo\/#article\",\"isPartOf\":{\"@id\":\"https:\/\/www.uni.lu\/life-en\/news\/prix-victor-hugo\/\"},\"author\":{\"name\":\"biancapirrelli\",\"@id\":\"https:\/\/www.uni.lu\/life-en\/#\/schema\/person\/409557f9b9fd15e05b1613a1eee69292\"},\"headline\":\"Uni.lu students winners of the Prix Victor Hugo\",\"datePublished\":\"2025-03-27T14:39:26+00:00\",\"dateModified\":\"2025-07-04T09:13:54+00:00\",\"mainEntityOfPage\":{\"@id\":\"https:\/\/www.uni.lu\/life-en\/news\/prix-victor-hugo\/\"},\"wordCount\":2032,\"publisher\":{\"@id\":\"https:\/\/www.uni.lu\/life-en\/#organization\"},\"image\":{\"@id\":\"https:\/\/www.uni.lu\/life-en\/news\/prix-victor-hugo\/#primaryimage\"},\"thumbnailUrl\":\"https:\/\/www.uni.lu\/wp-content\/uploads\/sites\/29\/2025\/03\/image002.jpeg\",\"inLanguage\":\"en-GB\"},{\"@type\":\"WebPage\",\"@id\":\"https:\/\/www.uni.lu\/life-en\/news\/prix-victor-hugo\/\",\"url\":\"https:\/\/www.uni.lu\/life-en\/news\/prix-victor-hugo\/\",\"name\":\"Uni.lu students winners of the Prix Victor Hugo - University of Luxembourg news I Uni.lu\",\"isPartOf\":{\"@id\":\"https:\/\/www.uni.lu\/life-en\/#website\"},\"primaryImageOfPage\":{\"@id\":\"https:\/\/www.uni.lu\/life-en\/news\/prix-victor-hugo\/#primaryimage\"},\"image\":{\"@id\":\"https:\/\/www.uni.lu\/life-en\/news\/prix-victor-hugo\/#primaryimage\"},\"thumbnailUrl\":\"https:\/\/www.uni.lu\/wp-content\/uploads\/sites\/29\/2025\/03\/image002.jpeg\",\"datePublished\":\"2025-03-27T14:39:26+00:00\",\"dateModified\":\"2025-07-04T09:13:54+00:00\",\"description\":\"On Tuesday, 25 March 2025 the awards ceremony for the literary competition \\\"Prix Victor Hugo\\\" took place in the French Embassy, and we are proud to announce that two of the winners belong to our university community. Students Mich\u00e8le Feltes and Eva Van Wymersch - both from FHSE, Bachelor en Cultures Europ\u00e9ennes - were our laureates!\",\"breadcrumb\":{\"@id\":\"https:\/\/www.uni.lu\/life-en\/news\/prix-victor-hugo\/#breadcrumb\"},\"inLanguage\":\"en-GB\",\"potentialAction\":[{\"@type\":\"ReadAction\",\"target\":[\"https:\/\/www.uni.lu\/life-en\/news\/prix-victor-hugo\/\"]}]},{\"@type\":\"ImageObject\",\"inLanguage\":\"en-GB\",\"@id\":\"https:\/\/www.uni.lu\/life-en\/news\/prix-victor-hugo\/#primaryimage\",\"url\":\"https:\/\/www.uni.lu\/wp-content\/uploads\/sites\/29\/2025\/03\/image002.jpeg\",\"contentUrl\":\"https:\/\/www.uni.lu\/wp-content\/uploads\/sites\/29\/2025\/03\/image002.jpeg\",\"width\":640,\"height\":480},{\"@type\":\"BreadcrumbList\",\"@id\":\"https:\/\/www.uni.lu\/life-en\/news\/prix-victor-hugo\/#breadcrumb\",\"itemListElement\":[{\"@type\":\"ListItem\",\"position\":1,\"name\":\"Home\",\"item\":\"https:\/\/www.uni.lu\/en\"},{\"@type\":\"ListItem\",\"position\":2,\"name\":\"Life at the University\",\"item\":\"https:\/\/www.uni.lu\/life-en\/\"},{\"@type\":\"ListItem\",\"position\":3,\"name\":\"News\",\"item\":\"https:\/\/www.uni.lu\/life-en\/news\/\"},{\"@type\":\"ListItem\",\"position\":4,\"name\":\"Uni.lu students winners of the Prix Victor Hugo\"}]},{\"@type\":\"WebSite\",\"@id\":\"https:\/\/www.uni.lu\/life-en\/#website\",\"url\":\"https:\/\/www.uni.lu\/life-en\/\",\"name\":\"Uni.lu\",\"description\":\"Life at the University of Luxembourg\",\"publisher\":{\"@id\":\"https:\/\/www.uni.lu\/life-en\/#organization\"},\"alternateName\":\"Universit\u00e4t Luxemburg\",\"potentialAction\":[{\"@type\":\"SearchAction\",\"target\":{\"@type\":\"EntryPoint\",\"urlTemplate\":\"https:\/\/www.uni.lu\/life-en\/?s={search_term_string}\"},\"query-input\":\"required name=search_term_string\"}],\"inLanguage\":\"en-GB\"},{\"@type\":\"Organization\",\"@id\":\"https:\/\/www.uni.lu\/life-en\/#organization\",\"name\":\"University of Luxembourg\",\"alternateName\":\"Uni.lu\",\"url\":\"https:\/\/www.uni.lu\/life-en\/\",\"logo\":{\"@type\":\"ImageObject\",\"inLanguage\":\"en-GB\",\"@id\":\"https:\/\/www.uni.lu\/life-en\/#\/schema\/logo\/image\/\",\"url\":\"https:\/\/www.uni.lu\/wp-content\/uploads\/sites\/29\/2026\/03\/03115118\/UNIV_SM-Profile_1600x1600px-scaled.jpg\",\"contentUrl\":\"https:\/\/www.uni.lu\/wp-content\/uploads\/sites\/29\/2026\/03\/03115118\/UNIV_SM-Profile_1600x1600px-scaled.jpg\",\"width\":2560,\"height\":2560,\"caption\":\"University of Luxembourg\"},\"image\":{\"@id\":\"https:\/\/www.uni.lu\/life-en\/#\/schema\/logo\/image\/\"},\"description\":\"Life at the University of Luxembourg\"},{\"@type\":\"Person\",\"@id\":\"https:\/\/www.uni.lu\/life-en\/#\/schema\/person\/409557f9b9fd15e05b1613a1eee69292\",\"name\":\"biancapirrelli\",\"image\":{\"@type\":\"ImageObject\",\"inLanguage\":\"en-GB\",\"@id\":\"https:\/\/www.uni.lu\/life-en\/#\/schema\/person\/image\/\",\"url\":\"https:\/\/secure.gravatar.com\/avatar\/110a611c7c88efec2cd459880e25765b?s=96&d=mm&r=g\",\"contentUrl\":\"https:\/\/secure.gravatar.com\/avatar\/110a611c7c88efec2cd459880e25765b?s=96&d=mm&r=g\",\"caption\":\"biancapirrelli\"}}]}<\/script>\n<!-- \/ Yoast SEO Premium plugin. -->","yoast_head_json":{"title":"Uni.lu students winners of the Prix Victor Hugo - University of Luxembourg news I Uni.lu","description":"On Tuesday, 25 March 2025 the awards ceremony for the literary competition \"Prix Victor Hugo\" took place in the French Embassy, and we are proud to announce that two of the winners belong to our university community. Students Mich\u00e8le Feltes and Eva Van Wymersch - both from FHSE, Bachelor en Cultures Europ\u00e9ennes - were our laureates!","robots":{"index":"index","follow":"follow","max-snippet":"max-snippet:-1","max-image-preview":"max-image-preview:large","max-video-preview":"max-video-preview:-1"},"canonical":"https:\/\/www.uni.lu\/life-en\/news\/prix-victor-hugo\/","og_locale":"en_GB","og_type":"article","og_title":"Uni.lu students winners of the Prix Victor Hugo","og_description":"On Tuesday, 25 March 2025 the awards ceremony for the literary competition \"Prix Victor Hugo\" took place in the French Embassy, and we are proud to announce that two of the winners belong to our university community. Students Mich\u00e8le Feltes and Eva Van Wymersch - both from FHSE, Bachelor en Cultures Europ\u00e9ennes - were our laureates!","og_url":"https:\/\/www.uni.lu\/life-en\/news\/prix-victor-hugo\/","og_site_name":"LIFE EN","article_modified_time":"2025-07-04T09:13:54+00:00","og_image":[{"width":640,"height":480,"url":"https:\/\/www.uni.lu\/wp-content\/uploads\/sites\/29\/2025\/03\/image002.jpeg","type":"image\/jpeg"}],"twitter_card":"summary_large_image","twitter_misc":{"Estimated reading time":"8 minutes"},"schema":{"@context":"https:\/\/schema.org","@graph":[{"@type":"NewsArticle","@id":"https:\/\/www.uni.lu\/life-en\/news\/prix-victor-hugo\/#article","isPartOf":{"@id":"https:\/\/www.uni.lu\/life-en\/news\/prix-victor-hugo\/"},"author":{"name":"biancapirrelli","@id":"https:\/\/www.uni.lu\/life-en\/#\/schema\/person\/409557f9b9fd15e05b1613a1eee69292"},"headline":"Uni.lu students winners of the Prix Victor Hugo","datePublished":"2025-03-27T14:39:26+00:00","dateModified":"2025-07-04T09:13:54+00:00","mainEntityOfPage":{"@id":"https:\/\/www.uni.lu\/life-en\/news\/prix-victor-hugo\/"},"wordCount":2032,"publisher":{"@id":"https:\/\/www.uni.lu\/life-en\/#organization"},"image":{"@id":"https:\/\/www.uni.lu\/life-en\/news\/prix-victor-hugo\/#primaryimage"},"thumbnailUrl":"https:\/\/www.uni.lu\/wp-content\/uploads\/sites\/29\/2025\/03\/image002.jpeg","inLanguage":"en-GB"},{"@type":"WebPage","@id":"https:\/\/www.uni.lu\/life-en\/news\/prix-victor-hugo\/","url":"https:\/\/www.uni.lu\/life-en\/news\/prix-victor-hugo\/","name":"Uni.lu students winners of the Prix Victor Hugo - University of Luxembourg news I Uni.lu","isPartOf":{"@id":"https:\/\/www.uni.lu\/life-en\/#website"},"primaryImageOfPage":{"@id":"https:\/\/www.uni.lu\/life-en\/news\/prix-victor-hugo\/#primaryimage"},"image":{"@id":"https:\/\/www.uni.lu\/life-en\/news\/prix-victor-hugo\/#primaryimage"},"thumbnailUrl":"https:\/\/www.uni.lu\/wp-content\/uploads\/sites\/29\/2025\/03\/image002.jpeg","datePublished":"2025-03-27T14:39:26+00:00","dateModified":"2025-07-04T09:13:54+00:00","description":"On Tuesday, 25 March 2025 the awards ceremony for the literary competition \"Prix Victor Hugo\" took place in the French Embassy, and we are proud to announce that two of the winners belong to our university community. Students Mich\u00e8le Feltes and Eva Van Wymersch - both from FHSE, Bachelor en Cultures Europ\u00e9ennes - were our laureates!","breadcrumb":{"@id":"https:\/\/www.uni.lu\/life-en\/news\/prix-victor-hugo\/#breadcrumb"},"inLanguage":"en-GB","potentialAction":[{"@type":"ReadAction","target":["https:\/\/www.uni.lu\/life-en\/news\/prix-victor-hugo\/"]}]},{"@type":"ImageObject","inLanguage":"en-GB","@id":"https:\/\/www.uni.lu\/life-en\/news\/prix-victor-hugo\/#primaryimage","url":"https:\/\/www.uni.lu\/wp-content\/uploads\/sites\/29\/2025\/03\/image002.jpeg","contentUrl":"https:\/\/www.uni.lu\/wp-content\/uploads\/sites\/29\/2025\/03\/image002.jpeg","width":640,"height":480},{"@type":"BreadcrumbList","@id":"https:\/\/www.uni.lu\/life-en\/news\/prix-victor-hugo\/#breadcrumb","itemListElement":[{"@type":"ListItem","position":1,"name":"Home","item":"https:\/\/www.uni.lu\/en"},{"@type":"ListItem","position":2,"name":"Life at the University","item":"https:\/\/www.uni.lu\/life-en\/"},{"@type":"ListItem","position":3,"name":"News","item":"https:\/\/www.uni.lu\/life-en\/news\/"},{"@type":"ListItem","position":4,"name":"Uni.lu students winners of the Prix Victor Hugo"}]},{"@type":"WebSite","@id":"https:\/\/www.uni.lu\/life-en\/#website","url":"https:\/\/www.uni.lu\/life-en\/","name":"Uni.lu","description":"Life at the University of Luxembourg","publisher":{"@id":"https:\/\/www.uni.lu\/life-en\/#organization"},"alternateName":"Universit\u00e4t Luxemburg","potentialAction":[{"@type":"SearchAction","target":{"@type":"EntryPoint","urlTemplate":"https:\/\/www.uni.lu\/life-en\/?s={search_term_string}"},"query-input":"required name=search_term_string"}],"inLanguage":"en-GB"},{"@type":"Organization","@id":"https:\/\/www.uni.lu\/life-en\/#organization","name":"University of Luxembourg","alternateName":"Uni.lu","url":"https:\/\/www.uni.lu\/life-en\/","logo":{"@type":"ImageObject","inLanguage":"en-GB","@id":"https:\/\/www.uni.lu\/life-en\/#\/schema\/logo\/image\/","url":"https:\/\/www.uni.lu\/wp-content\/uploads\/sites\/29\/2026\/03\/03115118\/UNIV_SM-Profile_1600x1600px-scaled.jpg","contentUrl":"https:\/\/www.uni.lu\/wp-content\/uploads\/sites\/29\/2026\/03\/03115118\/UNIV_SM-Profile_1600x1600px-scaled.jpg","width":2560,"height":2560,"caption":"University of Luxembourg"},"image":{"@id":"https:\/\/www.uni.lu\/life-en\/#\/schema\/logo\/image\/"},"description":"Life at the University of Luxembourg"},{"@type":"Person","@id":"https:\/\/www.uni.lu\/life-en\/#\/schema\/person\/409557f9b9fd15e05b1613a1eee69292","name":"biancapirrelli","image":{"@type":"ImageObject","inLanguage":"en-GB","@id":"https:\/\/www.uni.lu\/life-en\/#\/schema\/person\/image\/","url":"https:\/\/secure.gravatar.com\/avatar\/110a611c7c88efec2cd459880e25765b?s=96&d=mm&r=g","contentUrl":"https:\/\/secure.gravatar.com\/avatar\/110a611c7c88efec2cd459880e25765b?s=96&d=mm&r=g","caption":"biancapirrelli"}}]}},"blog_id":29,"_links":{"self":[{"href":"https:\/\/www.uni.lu\/life-en\/wp-json\/wp\/v2\/news\/12895"}],"collection":[{"href":"https:\/\/www.uni.lu\/life-en\/wp-json\/wp\/v2\/news"}],"about":[{"href":"https:\/\/www.uni.lu\/life-en\/wp-json\/wp\/v2\/types\/news"}],"author":[{"embeddable":true,"href":"https:\/\/www.uni.lu\/life-en\/wp-json\/wp\/v2\/users\/323"}],"version-history":[{"count":4,"href":"https:\/\/www.uni.lu\/life-en\/wp-json\/wp\/v2\/news\/12895\/revisions"}],"predecessor-version":[{"id":13693,"href":"https:\/\/www.uni.lu\/life-en\/wp-json\/wp\/v2\/news\/12895\/revisions\/13693"}],"wp:authorship":[{"embeddable":true,"href":"https:\/\/www.uni.lu\/life-en\/wp-json\/wp\/v2\/users\/323"}],"wp:featuredmedia":[{"embeddable":true,"href":"https:\/\/www.uni.lu\/life-en\/wp-json\/wp\/v2\/media\/12902"}],"wp:attachment":[{"href":"https:\/\/www.uni.lu\/life-en\/wp-json\/wp\/v2\/media?parent=12895"}],"wp:term":[{"taxonomy":"news-category","embeddable":true,"href":"https:\/\/www.uni.lu\/life-en\/wp-json\/wp\/v2\/news-category?post=12895"},{"taxonomy":"news-topic","embeddable":true,"href":"https:\/\/www.uni.lu\/life-en\/wp-json\/wp\/v2\/news-topic?post=12895"},{"taxonomy":"organisation","embeddable":true,"href":"https:\/\/www.uni.lu\/life-en\/wp-json\/wp\/v2\/organisation?post=12895"}],"curies":[{"name":"wp","href":"https:\/\/api.w.org\/{rel}","templated":true}]}}