{"id":842,"date":"2023-06-16T09:49:40","date_gmt":"2023-06-16T09:49:40","guid":{"rendered":"https:\/\/website.prod.unilu.spikeseed.cloud\/fstm-fr\/news\/second-call-for-project-accessing-amazon-cloud-computing\/"},"modified":"2024-11-12T13:07:17","modified_gmt":"2024-11-12T12:07:17","slug":"second-call-for-project-accessing-amazon-cloud-computing","status":"publish","type":"news","link":"https:\/\/www.uni.lu\/fstm-fr\/news\/second-call-for-project-accessing-amazon-cloud-computing\/","title":{"rendered":"Second call for project: accessing Amazon cloud computing"},"content":{"rendered":"\n<section class=\"wp-block-unilux-blocks-free-section section\"><div class=\"container xl:max-w-screen-xl\">\n<p>The University of Luxembourg and Amazon Web Services&nbsp;are now accepting proposals to all fields of science, interdisciplinary centres and faculties from the University of Luxembourg and public research institutions across Luxembourg for accessing the HPC cloud computing Amazon.<\/p>\n\n\n\n<p><strong>Collaboration with Amazon<\/strong><\/p>\n\n\n\n<p>In September 2022, the University of Luxembourg through its HPC team announced&nbsp;<a href=\"https:\/\/wwwen.uni.lu\/university\/news\/slideshow\/university_of_luxembourg_to_use_aws_processors_in_hpc_research\" target=\"_self\" title=\"\" rel=\"noopener\">a&nbsp;collaboration&nbsp;with Amazon Web Services (AWS)<\/a> to deploy Amazon Elastic Compute Cloud (Amazon EC2) cloud computing infrastructure with the objective to accelerate strategic High-Performance Computing (HPC) research and development in Europe.<\/p>\n\n\n\n<p>Using Amazon EC2 instances powered by AWS&nbsp;Graviton3, the University of Luxembourg&nbsp;will make cutting-edge computing capacities available to all Principal Investigators.&nbsp;<\/p>\n\n\n\n<p><strong>Submission<\/strong><\/p>\n\n\n\n<p>If you have a project that demands substantial compute power, numerical code development, or testing, this is your chance to accelerate your research and make an impact.&nbsp;Successful applicants of the call get free of charge compute time and will have the opportunity to gain access and run experiments on the system.&nbsp;<\/p>\n\n\n\n<p>Applicants interested in applying to the call, need to complete the <a href=\"https:\/\/docs.google.com\/document\/d\/1Qfe95Ri295w_bkldnPNpOiXl15DsElvRalY2sz1CwgM\/edit\" target=\"_self\" title=\"\" rel=\"noopener\">Template for submission<\/a>. Please submit your application before 6 July 2023, by sending your complete Template for submission form via email to <a href=\"mailto:hpc-partnership@uni.lu\" target=\"_self\" title=\"\" rel=\"noopener\">hpc-partnership@uni.lu<\/a>&nbsp;<\/p>\n<\/div><\/section>\n","protected":false},"excerpt":{"rendered":"<p>The University of Luxembourg and Amazon Web Services\u00a0are now accepting proposals to all fields of science, interdisciplinary centres and faculties from the University of Luxembourg and public research institutions across Luxembourg for accessing the HPC cloud computing Amazon.<\/p>\n","protected":false},"author":51,"featured_media":2753,"template":"","format":"standard","meta":{"featured_image_focal_point":[],"show_featured_caption":false,"ulux_newsletter_groups":"","uluxPostTitle":"","uluxPrePostTitle":"","_trash_the_other_posts":false,"_price":"","_stock":"","_tribe_ticket_header":"","_tribe_default_ticket_provider":"","_tribe_ticket_capacity":"0","_ticket_start_date":"","_ticket_end_date":"","_tribe_ticket_show_description":"","_tribe_ticket_show_not_going":false,"_tribe_ticket_use_global_stock":"","_tribe_ticket_global_stock_level":"","_global_stock_mode":"","_global_stock_cap":"","_tribe_rsvp_for_event":"","_tribe_ticket_going_count":"","_tribe_ticket_not_going_count":"","_tribe_tickets_list":"[]","_tribe_ticket_has_attendee_info_fields":false},"news-category":[],"news-topic":[],"organisation":[24],"authorship":[51],"acf":[],"yoast_head":"<!-- This site is optimized with the Yoast SEO Premium plugin v22.3 (Yoast SEO v22.3) - https:\/\/yoast.com\/wordpress\/plugins\/seo\/ -->\n<title>Second call for project: accessing Amazon cloud computing - FSTM actualit\u00e9s I Universit\u00e9 du Luxembourg<\/title>\n<meta name=\"description\" content=\"The University of Luxembourg and Amazon Web Services\u00a0are now accepting proposals to all fields of science, interdisciplinary centres and faculties from the University of Luxembourg and public research institutions across Luxembourg for accessing the HPC cloud computing Amazon.\" \/>\n<meta name=\"robots\" content=\"index, follow, max-snippet:-1, max-image-preview:large, max-video-preview:-1\" \/>\n<link rel=\"canonical\" href=\"https:\/\/www.uni.lu\/fstm-fr\/news\/second-call-for-project-accessing-amazon-cloud-computing\/\" \/>\n<meta property=\"og:locale\" content=\"fr_FR\" \/>\n<meta property=\"og:type\" content=\"article\" \/>\n<meta property=\"og:title\" content=\"Second call for project: accessing Amazon cloud computing\" \/>\n<meta property=\"og:description\" content=\"The University of Luxembourg and Amazon Web Services\u00a0are now accepting proposals to all fields of science, interdisciplinary centres and faculties from the University of Luxembourg and public research institutions across Luxembourg for accessing the HPC cloud computing Amazon.\" \/>\n<meta property=\"og:url\" content=\"https:\/\/www.uni.lu\/fstm-fr\/news\/second-call-for-project-accessing-amazon-cloud-computing\/\" \/>\n<meta property=\"og:site_name\" content=\"FSTM FR\" \/>\n<meta property=\"article:publisher\" content=\"https:\/\/www.facebook.com\/fstm.uni.lu\/\" \/>\n<meta property=\"article:modified_time\" content=\"2024-11-12T12:07:17+00:00\" \/>\n<meta property=\"og:image\" content=\"https:\/\/www.uni.lu\/wp-content\/uploads\/sites\/20\/2023\/06\/Amazon-web-services.jpg\" \/>\n\t<meta property=\"og:image:width\" content=\"1357\" \/>\n\t<meta property=\"og:image:height\" content=\"926\" \/>\n\t<meta property=\"og:image:type\" content=\"image\/jpeg\" \/>\n<meta name=\"twitter:card\" content=\"summary_large_image\" \/>\n<meta name=\"twitter:label1\" content=\"Dur\u00e9e de lecture estim\u00e9e\" \/>\n\t<meta name=\"twitter:data1\" content=\"2 minutes\" \/>\n<script type=\"application\/ld+json\" class=\"yoast-schema-graph\">{\"@context\":\"https:\/\/schema.org\",\"@graph\":[{\"@type\":\"NewsArticle\",\"@id\":\"https:\/\/www.uni.lu\/fstm-fr\/news\/second-call-for-project-accessing-amazon-cloud-computing\/#article\",\"isPartOf\":{\"@id\":\"https:\/\/www.uni.lu\/fstm-fr\/news\/second-call-for-project-accessing-amazon-cloud-computing\/\"},\"author\":{\"name\":\"acouvidat\",\"@id\":\"https:\/\/www.uni.lu\/fstm-fr\/#\/schema\/person\/35afc7d20f18bad3b124c529eaa7629c\"},\"headline\":\"Second call for project: accessing Amazon cloud computing\",\"datePublished\":\"2023-06-16T09:49:40+00:00\",\"dateModified\":\"2024-11-12T12:07:17+00:00\",\"mainEntityOfPage\":{\"@id\":\"https:\/\/www.uni.lu\/fstm-fr\/news\/second-call-for-project-accessing-amazon-cloud-computing\/\"},\"wordCount\":212,\"publisher\":{\"@id\":\"https:\/\/www.uni.lu\/fstm-fr\/#organization\"},\"image\":{\"@id\":\"https:\/\/www.uni.lu\/fstm-fr\/news\/second-call-for-project-accessing-amazon-cloud-computing\/#primaryimage\"},\"thumbnailUrl\":\"https:\/\/www.uni.lu\/wp-content\/uploads\/sites\/20\/2023\/06\/Amazon-web-services.jpg\",\"inLanguage\":\"fr-FR\"},{\"@type\":\"WebPage\",\"@id\":\"https:\/\/www.uni.lu\/fstm-fr\/news\/second-call-for-project-accessing-amazon-cloud-computing\/\",\"url\":\"https:\/\/www.uni.lu\/fstm-fr\/news\/second-call-for-project-accessing-amazon-cloud-computing\/\",\"name\":\"Second call for project: accessing Amazon cloud computing - FSTM actualit\u00e9s I Universit\u00e9 du Luxembourg\",\"isPartOf\":{\"@id\":\"https:\/\/www.uni.lu\/fstm-fr\/#website\"},\"primaryImageOfPage\":{\"@id\":\"https:\/\/www.uni.lu\/fstm-fr\/news\/second-call-for-project-accessing-amazon-cloud-computing\/#primaryimage\"},\"image\":{\"@id\":\"https:\/\/www.uni.lu\/fstm-fr\/news\/second-call-for-project-accessing-amazon-cloud-computing\/#primaryimage\"},\"thumbnailUrl\":\"https:\/\/www.uni.lu\/wp-content\/uploads\/sites\/20\/2023\/06\/Amazon-web-services.jpg\",\"datePublished\":\"2023-06-16T09:49:40+00:00\",\"dateModified\":\"2024-11-12T12:07:17+00:00\",\"description\":\"The University of Luxembourg and Amazon Web Services\u00a0are now accepting proposals to all fields of science, interdisciplinary centres and faculties from the University of Luxembourg and public research institutions across Luxembourg for accessing the HPC cloud computing Amazon.\",\"breadcrumb\":{\"@id\":\"https:\/\/www.uni.lu\/fstm-fr\/news\/second-call-for-project-accessing-amazon-cloud-computing\/#breadcrumb\"},\"inLanguage\":\"fr-FR\",\"potentialAction\":[{\"@type\":\"ReadAction\",\"target\":[\"https:\/\/www.uni.lu\/fstm-fr\/news\/second-call-for-project-accessing-amazon-cloud-computing\/\"]}]},{\"@type\":\"ImageObject\",\"inLanguage\":\"fr-FR\",\"@id\":\"https:\/\/www.uni.lu\/fstm-fr\/news\/second-call-for-project-accessing-amazon-cloud-computing\/#primaryimage\",\"url\":\"https:\/\/www.uni.lu\/wp-content\/uploads\/sites\/20\/2023\/06\/Amazon-web-services.jpg\",\"contentUrl\":\"https:\/\/www.uni.lu\/wp-content\/uploads\/sites\/20\/2023\/06\/Amazon-web-services.jpg\",\"width\":1357,\"height\":926},{\"@type\":\"BreadcrumbList\",\"@id\":\"https:\/\/www.uni.lu\/fstm-fr\/news\/second-call-for-project-accessing-amazon-cloud-computing\/#breadcrumb\",\"itemListElement\":[{\"@type\":\"ListItem\",\"position\":1,\"name\":\"Home\",\"item\":\"https:\/\/www.uni.lu\/fr\"},{\"@type\":\"ListItem\",\"position\":2,\"name\":\"Facult\u00e9 des Sciences, des Technologies et de M\u00e9decine\",\"item\":\"https:\/\/www.uni.lu\/fstm-fr\/\"},{\"@type\":\"ListItem\",\"position\":3,\"name\":\"News\",\"item\":\"https:\/\/www.uni.lu\/fstm-fr\/news\/\"},{\"@type\":\"ListItem\",\"position\":4,\"name\":\"Second call for project: accessing Amazon cloud computing\"}]},{\"@type\":\"WebSite\",\"@id\":\"https:\/\/www.uni.lu\/fstm-fr\/#website\",\"url\":\"https:\/\/www.uni.lu\/fstm-fr\/\",\"name\":\"FSTM\",\"description\":\"Facult\u00e9 des Sciences, des Technologies et de M\u00e9decine I Uni.lu\",\"publisher\":{\"@id\":\"https:\/\/www.uni.lu\/fstm-fr\/#organization\"},\"alternateName\":\"Facult\u00e9 des Sciences, des Technologies et de M\u00e9decine I Universit\u00e9 du Luxembourg\",\"potentialAction\":[{\"@type\":\"SearchAction\",\"target\":{\"@type\":\"EntryPoint\",\"urlTemplate\":\"https:\/\/www.uni.lu\/fstm-fr\/?s={search_term_string}\"},\"query-input\":\"required name=search_term_string\"}],\"inLanguage\":\"fr-FR\"},{\"@type\":\"Organization\",\"@id\":\"https:\/\/www.uni.lu\/fstm-fr\/#organization\",\"name\":\"FSTM - Universit\u00e9 du Luxembourg I Uni.lu\",\"alternateName\":\"Facult\u00e9 des Sciences, des Technologies et de M\u00e9decine\",\"url\":\"https:\/\/www.uni.lu\/fstm-fr\/\",\"logo\":{\"@type\":\"ImageObject\",\"inLanguage\":\"fr-FR\",\"@id\":\"https:\/\/www.uni.lu\/fstm-fr\/#\/schema\/logo\/image\/\",\"url\":\"https:\/\/www.uni.lu\/wp-content\/uploads\/sites\/20\/2026\/03\/03111744\/FSTM_SM-Profile_1600x1600px-scaled.jpg\",\"contentUrl\":\"https:\/\/www.uni.lu\/wp-content\/uploads\/sites\/20\/2026\/03\/03111744\/FSTM_SM-Profile_1600x1600px-scaled.jpg\",\"width\":2560,\"height\":2560,\"caption\":\"FSTM - Universit\u00e9 du Luxembourg I Uni.lu\"},\"image\":\"https:\/\/www.uni.lu\/wp-content\/uploads\/sites\/20\/2026\/04\/24144332\/20200609-Belval-Campus_Henri-Goergen-23.jpg\",\"sameAs\":[\"https:\/\/www.facebook.com\/fstm.uni.lu\/\",\"https:\/\/www.linkedin.com\/showcase\/fstm-uni-lu\"],\"email\":\"communication@uni.lu\",\"telephone\":\"+3524666441\",\"address\":{\"@type\":\"PostalAddress\",\"streetAddress\":\"2, place de l\u2019Universit\u00e9\",\"addressLocality\":\"Esch-sur-Alzette\",\"postalCode\":\"4365\",\"addressCountry\":\"LU\"},\"description\":\"Facult\u00e9 des Sciences, des Technologies et de M\u00e9decine I Uni.lu\"},{\"@type\":\"Person\",\"@id\":\"https:\/\/www.uni.lu\/fstm-fr\/#\/schema\/person\/35afc7d20f18bad3b124c529eaa7629c\",\"name\":\"acouvidat\",\"image\":{\"@type\":\"ImageObject\",\"inLanguage\":\"fr-FR\",\"@id\":\"https:\/\/www.uni.lu\/fstm-fr\/#\/schema\/person\/image\/\",\"url\":\"https:\/\/secure.gravatar.com\/avatar\/27deb4989fd3d953fc9d15546b8fe4ee?s=96&d=mm&r=g\",\"contentUrl\":\"https:\/\/secure.gravatar.com\/avatar\/27deb4989fd3d953fc9d15546b8fe4ee?s=96&d=mm&r=g\",\"caption\":\"acouvidat\"}}]}<\/script>\n<!-- \/ Yoast SEO Premium plugin. -->","yoast_head_json":{"title":"Second call for project: accessing Amazon cloud computing - FSTM actualit\u00e9s I Universit\u00e9 du Luxembourg","description":"The University of Luxembourg and Amazon Web Services\u00a0are now accepting proposals to all fields of science, interdisciplinary centres and faculties from the University of Luxembourg and public research institutions across Luxembourg for accessing the HPC cloud computing Amazon.","robots":{"index":"index","follow":"follow","max-snippet":"max-snippet:-1","max-image-preview":"max-image-preview:large","max-video-preview":"max-video-preview:-1"},"canonical":"https:\/\/www.uni.lu\/fstm-fr\/news\/second-call-for-project-accessing-amazon-cloud-computing\/","og_locale":"fr_FR","og_type":"article","og_title":"Second call for project: accessing Amazon cloud computing","og_description":"The University of Luxembourg and Amazon Web Services\u00a0are now accepting proposals to all fields of science, interdisciplinary centres and faculties from the University of Luxembourg and public research institutions across Luxembourg for accessing the HPC cloud computing Amazon.","og_url":"https:\/\/www.uni.lu\/fstm-fr\/news\/second-call-for-project-accessing-amazon-cloud-computing\/","og_site_name":"FSTM FR","article_publisher":"https:\/\/www.facebook.com\/fstm.uni.lu\/","article_modified_time":"2024-11-12T12:07:17+00:00","og_image":[{"width":1357,"height":926,"url":"https:\/\/www.uni.lu\/wp-content\/uploads\/sites\/20\/2023\/06\/Amazon-web-services.jpg","type":"image\/jpeg"}],"twitter_card":"summary_large_image","twitter_misc":{"Dur\u00e9e de lecture estim\u00e9e":"2 minutes"},"schema":{"@context":"https:\/\/schema.org","@graph":[{"@type":"NewsArticle","@id":"https:\/\/www.uni.lu\/fstm-fr\/news\/second-call-for-project-accessing-amazon-cloud-computing\/#article","isPartOf":{"@id":"https:\/\/www.uni.lu\/fstm-fr\/news\/second-call-for-project-accessing-amazon-cloud-computing\/"},"author":{"name":"acouvidat","@id":"https:\/\/www.uni.lu\/fstm-fr\/#\/schema\/person\/35afc7d20f18bad3b124c529eaa7629c"},"headline":"Second call for project: accessing Amazon cloud computing","datePublished":"2023-06-16T09:49:40+00:00","dateModified":"2024-11-12T12:07:17+00:00","mainEntityOfPage":{"@id":"https:\/\/www.uni.lu\/fstm-fr\/news\/second-call-for-project-accessing-amazon-cloud-computing\/"},"wordCount":212,"publisher":{"@id":"https:\/\/www.uni.lu\/fstm-fr\/#organization"},"image":{"@id":"https:\/\/www.uni.lu\/fstm-fr\/news\/second-call-for-project-accessing-amazon-cloud-computing\/#primaryimage"},"thumbnailUrl":"https:\/\/www.uni.lu\/wp-content\/uploads\/sites\/20\/2023\/06\/Amazon-web-services.jpg","inLanguage":"fr-FR"},{"@type":"WebPage","@id":"https:\/\/www.uni.lu\/fstm-fr\/news\/second-call-for-project-accessing-amazon-cloud-computing\/","url":"https:\/\/www.uni.lu\/fstm-fr\/news\/second-call-for-project-accessing-amazon-cloud-computing\/","name":"Second call for project: accessing Amazon cloud computing - FSTM actualit\u00e9s I Universit\u00e9 du Luxembourg","isPartOf":{"@id":"https:\/\/www.uni.lu\/fstm-fr\/#website"},"primaryImageOfPage":{"@id":"https:\/\/www.uni.lu\/fstm-fr\/news\/second-call-for-project-accessing-amazon-cloud-computing\/#primaryimage"},"image":{"@id":"https:\/\/www.uni.lu\/fstm-fr\/news\/second-call-for-project-accessing-amazon-cloud-computing\/#primaryimage"},"thumbnailUrl":"https:\/\/www.uni.lu\/wp-content\/uploads\/sites\/20\/2023\/06\/Amazon-web-services.jpg","datePublished":"2023-06-16T09:49:40+00:00","dateModified":"2024-11-12T12:07:17+00:00","description":"The University of Luxembourg and Amazon Web Services\u00a0are now accepting proposals to all fields of science, interdisciplinary centres and faculties from the University of Luxembourg and public research institutions across Luxembourg for accessing the HPC cloud computing Amazon.","breadcrumb":{"@id":"https:\/\/www.uni.lu\/fstm-fr\/news\/second-call-for-project-accessing-amazon-cloud-computing\/#breadcrumb"},"inLanguage":"fr-FR","potentialAction":[{"@type":"ReadAction","target":["https:\/\/www.uni.lu\/fstm-fr\/news\/second-call-for-project-accessing-amazon-cloud-computing\/"]}]},{"@type":"ImageObject","inLanguage":"fr-FR","@id":"https:\/\/www.uni.lu\/fstm-fr\/news\/second-call-for-project-accessing-amazon-cloud-computing\/#primaryimage","url":"https:\/\/www.uni.lu\/wp-content\/uploads\/sites\/20\/2023\/06\/Amazon-web-services.jpg","contentUrl":"https:\/\/www.uni.lu\/wp-content\/uploads\/sites\/20\/2023\/06\/Amazon-web-services.jpg","width":1357,"height":926},{"@type":"BreadcrumbList","@id":"https:\/\/www.uni.lu\/fstm-fr\/news\/second-call-for-project-accessing-amazon-cloud-computing\/#breadcrumb","itemListElement":[{"@type":"ListItem","position":1,"name":"Home","item":"https:\/\/www.uni.lu\/fr"},{"@type":"ListItem","position":2,"name":"Facult\u00e9 des Sciences, des Technologies et de M\u00e9decine","item":"https:\/\/www.uni.lu\/fstm-fr\/"},{"@type":"ListItem","position":3,"name":"News","item":"https:\/\/www.uni.lu\/fstm-fr\/news\/"},{"@type":"ListItem","position":4,"name":"Second call for project: accessing Amazon cloud computing"}]},{"@type":"WebSite","@id":"https:\/\/www.uni.lu\/fstm-fr\/#website","url":"https:\/\/www.uni.lu\/fstm-fr\/","name":"FSTM","description":"Facult\u00e9 des Sciences, des Technologies et de M\u00e9decine I Uni.lu","publisher":{"@id":"https:\/\/www.uni.lu\/fstm-fr\/#organization"},"alternateName":"Facult\u00e9 des Sciences, des Technologies et de M\u00e9decine I Universit\u00e9 du Luxembourg","potentialAction":[{"@type":"SearchAction","target":{"@type":"EntryPoint","urlTemplate":"https:\/\/www.uni.lu\/fstm-fr\/?s={search_term_string}"},"query-input":"required name=search_term_string"}],"inLanguage":"fr-FR"},{"@type":"Organization","@id":"https:\/\/www.uni.lu\/fstm-fr\/#organization","name":"FSTM - Universit\u00e9 du Luxembourg I Uni.lu","alternateName":"Facult\u00e9 des Sciences, des Technologies et de M\u00e9decine","url":"https:\/\/www.uni.lu\/fstm-fr\/","logo":{"@type":"ImageObject","inLanguage":"fr-FR","@id":"https:\/\/www.uni.lu\/fstm-fr\/#\/schema\/logo\/image\/","url":"https:\/\/www.uni.lu\/wp-content\/uploads\/sites\/20\/2026\/03\/03111744\/FSTM_SM-Profile_1600x1600px-scaled.jpg","contentUrl":"https:\/\/www.uni.lu\/wp-content\/uploads\/sites\/20\/2026\/03\/03111744\/FSTM_SM-Profile_1600x1600px-scaled.jpg","width":2560,"height":2560,"caption":"FSTM - Universit\u00e9 du Luxembourg I Uni.lu"},"image":"https:\/\/www.uni.lu\/wp-content\/uploads\/sites\/20\/2026\/04\/24144332\/20200609-Belval-Campus_Henri-Goergen-23.jpg","sameAs":["https:\/\/www.facebook.com\/fstm.uni.lu\/","https:\/\/www.linkedin.com\/showcase\/fstm-uni-lu"],"email":"communication@uni.lu","telephone":"+3524666441","address":{"@type":"PostalAddress","streetAddress":"2, place de l\u2019Universit\u00e9","addressLocality":"Esch-sur-Alzette","postalCode":"4365","addressCountry":"LU"},"description":"Facult\u00e9 des Sciences, des Technologies et de M\u00e9decine I Uni.lu"},{"@type":"Person","@id":"https:\/\/www.uni.lu\/fstm-fr\/#\/schema\/person\/35afc7d20f18bad3b124c529eaa7629c","name":"acouvidat","image":{"@type":"ImageObject","inLanguage":"fr-FR","@id":"https:\/\/www.uni.lu\/fstm-fr\/#\/schema\/person\/image\/","url":"https:\/\/secure.gravatar.com\/avatar\/27deb4989fd3d953fc9d15546b8fe4ee?s=96&d=mm&r=g","contentUrl":"https:\/\/secure.gravatar.com\/avatar\/27deb4989fd3d953fc9d15546b8fe4ee?s=96&d=mm&r=g","caption":"acouvidat"}}]}},"blog_id":20,"_links":{"self":[{"href":"https:\/\/www.uni.lu\/fstm-fr\/wp-json\/wp\/v2\/news\/842"}],"collection":[{"href":"https:\/\/www.uni.lu\/fstm-fr\/wp-json\/wp\/v2\/news"}],"about":[{"href":"https:\/\/www.uni.lu\/fstm-fr\/wp-json\/wp\/v2\/types\/news"}],"author":[{"embeddable":true,"href":"https:\/\/www.uni.lu\/fstm-fr\/wp-json\/wp\/v2\/users\/51"}],"version-history":[{"count":1,"href":"https:\/\/www.uni.lu\/fstm-fr\/wp-json\/wp\/v2\/news\/842\/revisions"}],"predecessor-version":[{"id":2754,"href":"https:\/\/www.uni.lu\/fstm-fr\/wp-json\/wp\/v2\/news\/842\/revisions\/2754"}],"wp:authorship":[{"embeddable":true,"href":"https:\/\/www.uni.lu\/fstm-fr\/wp-json\/wp\/v2\/users\/51"}],"wp:featuredmedia":[{"embeddable":true,"href":"https:\/\/www.uni.lu\/fstm-fr\/wp-json\/wp\/v2\/media\/2753"}],"wp:attachment":[{"href":"https:\/\/www.uni.lu\/fstm-fr\/wp-json\/wp\/v2\/media?parent=842"}],"wp:term":[{"taxonomy":"news-category","embeddable":true,"href":"https:\/\/www.uni.lu\/fstm-fr\/wp-json\/wp\/v2\/news-category?post=842"},{"taxonomy":"news-topic","embeddable":true,"href":"https:\/\/www.uni.lu\/fstm-fr\/wp-json\/wp\/v2\/news-topic?post=842"},{"taxonomy":"organisation","embeddable":true,"href":"https:\/\/www.uni.lu\/fstm-fr\/wp-json\/wp\/v2\/organisation?post=842"}],"curies":[{"name":"wp","href":"https:\/\/api.w.org\/{rel}","templated":true}]}}