{"id":499,"date":"2021-10-08T11:50:05","date_gmt":"2021-10-08T11:50:05","guid":{"rendered":"https:\/\/website.prod.unilu.spikeseed.cloud\/fstm-fr\/news\/a-new-kind-of-creativity-artificial-intelligence-for-the-arts\/"},"modified":"2021-10-08T11:50:05","modified_gmt":"2021-10-08T11:50:05","slug":"a-new-kind-of-creativity-artificial-intelligence-for-the-arts","status":"publish","type":"news","link":"https:\/\/www.uni.lu\/fstm-fr\/news\/a-new-kind-of-creativity-artificial-intelligence-for-the-arts\/","title":{"rendered":"A new kind of creativity: Artificial Intelligence for the Arts"},"content":{"rendered":"<section class=\"wp-block-unilux-blocks-free-section section\"><div class=\"container xl:max-w-screen-xl\"><p>From 28 to 30 September 2021, the hybrid workshop AI and the Future of Art (AIFA) gathered more than 100 experts in artificial intelligence and artists to exchange about the growing interactions between the two fields. The event was part of the overall AI Pavilion project in the frame of the European Capital of Culture Esch2022.<\/p><p><strong>Growing interest for AI &#038; Arts<\/strong><\/p><p>Artificial Intelligence and the algorithms associated with it are increasingly being used to paint pictures, write poems and compose pieces of music. At least that is how it seems when we look around in digital media, search for it specifically and watch recordings on YouTube. Whether Artificial Intelligence takes over the role of the human creative mind or is merely an artistic tool remains an open question. On the one hand, Artificial Intelligence-based algorithms are often trained on existing works by human artists, on the other hand they are merely applied in the sense of a technique.\u00a0<\/p><p>\u201cPerhaps you see art in combination with AI as critical and also lead the discussion about it controversially. Because not all of us can welcome this new kind of collaborative creativity. For some of us, art still means creating something with our own strength &#8211; without intelligent, computer-aided help. For others, however, creativity with tools is allowed and even explicitly desired. A new profession, so to speak! Perhaps it would be fair to introduce labels such as \u00ab\u00a0Made by Human\u00a0\u00bb, \u00ab\u00a0Made by Human &#038; Machine\u00a0\u00bb as well as \u00ab\u00a0Made by AI\u00a0\u00bb and thus recognise classic, pure handicraft? Is art really only what pleases, but also who made it?\u201d, comments\u00a0<a href=\"https:\/\/wwwfr.uni.lu\/recherche\/fstm\/interdisciplinary_lab_for_intelligent_and_adaptive_systems_ilias\/members\/christoph_schommer\" target=\"_self\" title=\"\" rel=\"noopener\">Christoph Schommer<\/a>, Professor in AI at the University of Luxembourg.\u00a0<\/p><p><strong>AIFA: interdisciplinary event<\/strong><\/p><p>The event was introduced by\u00a0<a href=\"https:\/\/wwwfr.uni.lu\/fstm\/organisation_chart\/dean\/jean_marc_schlenker\" target=\"_self\" title=\"\" rel=\"noopener\">Jean-Marc Schlenker<\/a>, Dean of the Faculty of Science, Technology and Medicine (FSTM) who congratulated this initiative and whished fruitful discussions among academia and artists. Then students, professors, researchers and artists from Brazil, Luxembourg, Spain and Sweden presented their projects and findings about a wide variety of topics such as artificial improvisation, art and swarm robotics, self-playing AI avatar, artificial identity.<\/p><p>Participants explored future developments, challenges and opportunities for AI and Art. \u00ab\u00a0We are very proud of the success of AIFA, we were very impressed by the quality and diversity of the presentations\u201d, says\u00a0<a href=\"https:\/\/wwwfr.uni.lu\/recherche\/fstm\/dcs\/members\/leon_van_der_torre\" target=\"_self\" title=\"\" rel=\"noopener\">Leon van der Torre<\/a>, Professor in AI and Director of the RoboLab at the University of Luxembourg.<\/p><p>Artist Egberdien van der Peijl and Yolanda Spinola, professor of Arts at the University of Seville, presented the\u00a0<a href=\"http:\/\/recorganize.art.br\/aifa2021\/\" target=\"_self\" title=\"\" rel=\"noopener\">virtual exhibition<\/a>\u00a0accompanying the conference.\u00a0<\/p><p><strong>Future events<\/strong><\/p><p>From 10 to 12 November 2021, the University of Luxembourg will organise the prestigious international science conference called <a href=\"https:\/\/bnaic2021.uni.lu\/\" target=\"_blank\" title=\"\" rel=\"noopener\">BNAIC<\/a>. This has been the reference conference for AI\u00a0and Machine Learning in BeNeLux for 20 years now. This year, the annual conference will include scientific lectures and exhibitions as well as an industry day. One of several conference focal points will be the theme \u00ab\u00a0AI and Art\u00a0\u00bb. Several keynote speakers will also punctuate the event with technical and in-depth contributions. As with AIFA, the event will be hybrid in nature.<\/p><p>More information: <a href=\"https:\/\/esch2022.uni.lu\" target=\"_self\" title=\"\" rel=\"noopener\">https:\/\/esch2022.uni.lu<\/a>\u00a0<\/p><\/div><\/section>","protected":false},"excerpt":{"rendered":"<p>From 28 to 30 September 2021, the hybrid workshop AI and the Future of Art (AIFA) gathered more than 100 experts in artificial intelligence and artists to exchange about the growing interactions between the two fields. The event was part of the overall AI Pavilion project in the frame of the European Capital of Culture Esch2022.<\/p>\n","protected":false},"author":0,"featured_media":500,"template":"","format":"standard","meta":{"featured_image_focal_point":[],"show_featured_caption":false,"ulux_newsletter_groups":"","uluxPostTitle":"","uluxPrePostTitle":"","_trash_the_other_posts":false,"_price":"","_stock":"","_tribe_ticket_header":"","_tribe_default_ticket_provider":"","_tribe_ticket_capacity":"0","_ticket_start_date":"","_ticket_end_date":"","_tribe_ticket_show_description":"","_tribe_ticket_show_not_going":false,"_tribe_ticket_use_global_stock":"","_tribe_ticket_global_stock_level":"","_global_stock_mode":"","_global_stock_cap":"","_tribe_rsvp_for_event":"","_tribe_ticket_going_count":"","_tribe_ticket_not_going_count":"","_tribe_tickets_list":"[]","_tribe_ticket_has_attendee_info_fields":false},"news-category":[],"news-topic":[],"organisation":[24],"authorship":[],"acf":[],"yoast_head":"<!-- This site is optimized with the Yoast SEO Premium plugin v22.3 (Yoast SEO v22.3) - https:\/\/yoast.com\/wordpress\/plugins\/seo\/ -->\n<title>A new kind of creativity: Artificial Intelligence for the Arts - FSTM actualit\u00e9s I Universit\u00e9 du Luxembourg<\/title>\n<meta name=\"description\" content=\"From 28 to 30 September 2021, the hybrid workshop AI and the Future of Art (AIFA) gathered more than 100 experts in artificial intelligence and artists to exchange about the growing interactions between the two fields. The event was part of the overall AI Pavilion project in the frame of the European Capital of Culture Esch2022.\" \/>\n<meta name=\"robots\" content=\"index, follow, max-snippet:-1, max-image-preview:large, max-video-preview:-1\" \/>\n<link rel=\"canonical\" href=\"https:\/\/www.uni.lu\/fstm-fr\/news\/a-new-kind-of-creativity-artificial-intelligence-for-the-arts\/\" \/>\n<meta property=\"og:locale\" content=\"fr_FR\" \/>\n<meta property=\"og:type\" content=\"article\" \/>\n<meta property=\"og:title\" content=\"A new kind of creativity: Artificial Intelligence for the Arts\" \/>\n<meta property=\"og:description\" content=\"From 28 to 30 September 2021, the hybrid workshop AI and the Future of Art (AIFA) gathered more than 100 experts in artificial intelligence and artists to exchange about the growing interactions between the two fields. The event was part of the overall AI Pavilion project in the frame of the European Capital of Culture Esch2022.\" \/>\n<meta property=\"og:url\" content=\"https:\/\/www.uni.lu\/fstm-fr\/news\/a-new-kind-of-creativity-artificial-intelligence-for-the-arts\/\" \/>\n<meta property=\"og:site_name\" content=\"FSTM FR\" \/>\n<meta property=\"article:publisher\" content=\"https:\/\/www.facebook.com\/fstm.uni.lu\/\" \/>\n<meta property=\"og:image\" content=\"https:\/\/www.uni.lu\/wp-content\/uploads\/sites\/20\/2021\/10\/a_new_kind_of_creativity_artificial_intelligence_for_the_arts.jpg\" \/>\n\t<meta property=\"og:image:width\" content=\"800\" \/>\n\t<meta property=\"og:image:height\" content=\"600\" \/>\n\t<meta property=\"og:image:type\" content=\"image\/jpeg\" \/>\n<meta name=\"twitter:card\" content=\"summary_large_image\" \/>\n<meta name=\"twitter:label1\" content=\"Dur\u00e9e de lecture estim\u00e9e\" \/>\n\t<meta name=\"twitter:data1\" content=\"3 minutes\" \/>\n<script type=\"application\/ld+json\" class=\"yoast-schema-graph\">{\"@context\":\"https:\/\/schema.org\",\"@graph\":[{\"@type\":\"NewsArticle\",\"@id\":\"https:\/\/www.uni.lu\/fstm-fr\/news\/a-new-kind-of-creativity-artificial-intelligence-for-the-arts\/#article\",\"isPartOf\":{\"@id\":\"https:\/\/www.uni.lu\/fstm-fr\/news\/a-new-kind-of-creativity-artificial-intelligence-for-the-arts\/\"},\"author\":{\"name\":\"\",\"@id\":\"\"},\"headline\":\"A new kind of creativity: Artificial Intelligence for the Arts\",\"datePublished\":\"2021-10-08T11:50:05+00:00\",\"dateModified\":\"2021-10-08T11:50:05+00:00\",\"mainEntityOfPage\":{\"@id\":\"https:\/\/www.uni.lu\/fstm-fr\/news\/a-new-kind-of-creativity-artificial-intelligence-for-the-arts\/\"},\"wordCount\":516,\"publisher\":{\"@id\":\"https:\/\/www.uni.lu\/fstm-fr\/#organization\"},\"image\":{\"@id\":\"https:\/\/www.uni.lu\/fstm-fr\/news\/a-new-kind-of-creativity-artificial-intelligence-for-the-arts\/#primaryimage\"},\"thumbnailUrl\":\"https:\/\/www.uni.lu\/wp-content\/uploads\/sites\/20\/2021\/10\/a_new_kind_of_creativity_artificial_intelligence_for_the_arts.jpg\",\"inLanguage\":\"fr-FR\"},{\"@type\":\"WebPage\",\"@id\":\"https:\/\/www.uni.lu\/fstm-fr\/news\/a-new-kind-of-creativity-artificial-intelligence-for-the-arts\/\",\"url\":\"https:\/\/www.uni.lu\/fstm-fr\/news\/a-new-kind-of-creativity-artificial-intelligence-for-the-arts\/\",\"name\":\"A new kind of creativity: Artificial Intelligence for the Arts - FSTM actualit\u00e9s I Universit\u00e9 du Luxembourg\",\"isPartOf\":{\"@id\":\"https:\/\/www.uni.lu\/fstm-fr\/#website\"},\"primaryImageOfPage\":{\"@id\":\"https:\/\/www.uni.lu\/fstm-fr\/news\/a-new-kind-of-creativity-artificial-intelligence-for-the-arts\/#primaryimage\"},\"image\":{\"@id\":\"https:\/\/www.uni.lu\/fstm-fr\/news\/a-new-kind-of-creativity-artificial-intelligence-for-the-arts\/#primaryimage\"},\"thumbnailUrl\":\"https:\/\/www.uni.lu\/wp-content\/uploads\/sites\/20\/2021\/10\/a_new_kind_of_creativity_artificial_intelligence_for_the_arts.jpg\",\"datePublished\":\"2021-10-08T11:50:05+00:00\",\"dateModified\":\"2021-10-08T11:50:05+00:00\",\"description\":\"From 28 to 30 September 2021, the hybrid workshop AI and the Future of Art (AIFA) gathered more than 100 experts in artificial intelligence and artists to exchange about the growing interactions between the two fields. The event was part of the overall AI Pavilion project in the frame of the European Capital of Culture Esch2022.\",\"breadcrumb\":{\"@id\":\"https:\/\/www.uni.lu\/fstm-fr\/news\/a-new-kind-of-creativity-artificial-intelligence-for-the-arts\/#breadcrumb\"},\"inLanguage\":\"fr-FR\",\"potentialAction\":[{\"@type\":\"ReadAction\",\"target\":[\"https:\/\/www.uni.lu\/fstm-fr\/news\/a-new-kind-of-creativity-artificial-intelligence-for-the-arts\/\"]}]},{\"@type\":\"ImageObject\",\"inLanguage\":\"fr-FR\",\"@id\":\"https:\/\/www.uni.lu\/fstm-fr\/news\/a-new-kind-of-creativity-artificial-intelligence-for-the-arts\/#primaryimage\",\"url\":\"https:\/\/www.uni.lu\/wp-content\/uploads\/sites\/20\/2021\/10\/a_new_kind_of_creativity_artificial_intelligence_for_the_arts.jpg\",\"contentUrl\":\"https:\/\/www.uni.lu\/wp-content\/uploads\/sites\/20\/2021\/10\/a_new_kind_of_creativity_artificial_intelligence_for_the_arts.jpg\",\"width\":800,\"height\":600},{\"@type\":\"BreadcrumbList\",\"@id\":\"https:\/\/www.uni.lu\/fstm-fr\/news\/a-new-kind-of-creativity-artificial-intelligence-for-the-arts\/#breadcrumb\",\"itemListElement\":[{\"@type\":\"ListItem\",\"position\":1,\"name\":\"Home\",\"item\":\"https:\/\/www.uni.lu\/fr\"},{\"@type\":\"ListItem\",\"position\":2,\"name\":\"Facult\u00e9 des Sciences, des Technologies et de M\u00e9decine\",\"item\":\"https:\/\/www.uni.lu\/fstm-fr\/\"},{\"@type\":\"ListItem\",\"position\":3,\"name\":\"News\",\"item\":\"https:\/\/www.uni.lu\/fstm-fr\/news\/\"},{\"@type\":\"ListItem\",\"position\":4,\"name\":\"A new kind of creativity: Artificial Intelligence for the Arts\"}]},{\"@type\":\"WebSite\",\"@id\":\"https:\/\/www.uni.lu\/fstm-fr\/#website\",\"url\":\"https:\/\/www.uni.lu\/fstm-fr\/\",\"name\":\"FSTM\",\"description\":\"Facult\u00e9 des Sciences, des Technologies et de M\u00e9decine I Uni.lu\",\"publisher\":{\"@id\":\"https:\/\/www.uni.lu\/fstm-fr\/#organization\"},\"alternateName\":\"Facult\u00e9 des Sciences, des Technologies et de M\u00e9decine I Universit\u00e9 du Luxembourg\",\"potentialAction\":[{\"@type\":\"SearchAction\",\"target\":{\"@type\":\"EntryPoint\",\"urlTemplate\":\"https:\/\/www.uni.lu\/fstm-fr\/?s={search_term_string}\"},\"query-input\":\"required name=search_term_string\"}],\"inLanguage\":\"fr-FR\"},{\"@type\":\"Organization\",\"@id\":\"https:\/\/www.uni.lu\/fstm-fr\/#organization\",\"name\":\"FSTM - Universit\u00e9 du Luxembourg I Uni.lu\",\"alternateName\":\"Facult\u00e9 des Sciences, des Technologies et de M\u00e9decine\",\"url\":\"https:\/\/www.uni.lu\/fstm-fr\/\",\"logo\":{\"@type\":\"ImageObject\",\"inLanguage\":\"fr-FR\",\"@id\":\"https:\/\/www.uni.lu\/fstm-fr\/#\/schema\/logo\/image\/\",\"url\":\"https:\/\/www.uni.lu\/wp-content\/uploads\/sites\/20\/2026\/03\/03111744\/FSTM_SM-Profile_1600x1600px-scaled.jpg\",\"contentUrl\":\"https:\/\/www.uni.lu\/wp-content\/uploads\/sites\/20\/2026\/03\/03111744\/FSTM_SM-Profile_1600x1600px-scaled.jpg\",\"width\":2560,\"height\":2560,\"caption\":\"FSTM - Universit\u00e9 du Luxembourg I Uni.lu\"},\"image\":\"https:\/\/www.uni.lu\/wp-content\/uploads\/sites\/20\/2026\/04\/24144332\/20200609-Belval-Campus_Henri-Goergen-23.jpg\",\"sameAs\":[\"https:\/\/www.facebook.com\/fstm.uni.lu\/\",\"https:\/\/www.linkedin.com\/showcase\/fstm-uni-lu\"],\"email\":\"communication@uni.lu\",\"telephone\":\"+3524666441\",\"address\":{\"@type\":\"PostalAddress\",\"streetAddress\":\"2, place de l\u2019Universit\u00e9\",\"addressLocality\":\"Esch-sur-Alzette\",\"postalCode\":\"4365\",\"addressCountry\":\"LU\"},\"description\":\"Facult\u00e9 des Sciences, des Technologies et de M\u00e9decine I Uni.lu\"}]}<\/script>\n<!-- \/ Yoast SEO Premium plugin. -->","yoast_head_json":{"title":"A new kind of creativity: Artificial Intelligence for the Arts - FSTM actualit\u00e9s I Universit\u00e9 du Luxembourg","description":"From 28 to 30 September 2021, the hybrid workshop AI and the Future of Art (AIFA) gathered more than 100 experts in artificial intelligence and artists to exchange about the growing interactions between the two fields. The event was part of the overall AI Pavilion project in the frame of the European Capital of Culture Esch2022.","robots":{"index":"index","follow":"follow","max-snippet":"max-snippet:-1","max-image-preview":"max-image-preview:large","max-video-preview":"max-video-preview:-1"},"canonical":"https:\/\/www.uni.lu\/fstm-fr\/news\/a-new-kind-of-creativity-artificial-intelligence-for-the-arts\/","og_locale":"fr_FR","og_type":"article","og_title":"A new kind of creativity: Artificial Intelligence for the Arts","og_description":"From 28 to 30 September 2021, the hybrid workshop AI and the Future of Art (AIFA) gathered more than 100 experts in artificial intelligence and artists to exchange about the growing interactions between the two fields. The event was part of the overall AI Pavilion project in the frame of the European Capital of Culture Esch2022.","og_url":"https:\/\/www.uni.lu\/fstm-fr\/news\/a-new-kind-of-creativity-artificial-intelligence-for-the-arts\/","og_site_name":"FSTM FR","article_publisher":"https:\/\/www.facebook.com\/fstm.uni.lu\/","og_image":[{"width":800,"height":600,"url":"https:\/\/www.uni.lu\/wp-content\/uploads\/sites\/20\/2021\/10\/a_new_kind_of_creativity_artificial_intelligence_for_the_arts.jpg","type":"image\/jpeg"}],"twitter_card":"summary_large_image","twitter_misc":{"Dur\u00e9e de lecture estim\u00e9e":"3 minutes"},"schema":{"@context":"https:\/\/schema.org","@graph":[{"@type":"NewsArticle","@id":"https:\/\/www.uni.lu\/fstm-fr\/news\/a-new-kind-of-creativity-artificial-intelligence-for-the-arts\/#article","isPartOf":{"@id":"https:\/\/www.uni.lu\/fstm-fr\/news\/a-new-kind-of-creativity-artificial-intelligence-for-the-arts\/"},"author":{"name":"","@id":""},"headline":"A new kind of creativity: Artificial Intelligence for the Arts","datePublished":"2021-10-08T11:50:05+00:00","dateModified":"2021-10-08T11:50:05+00:00","mainEntityOfPage":{"@id":"https:\/\/www.uni.lu\/fstm-fr\/news\/a-new-kind-of-creativity-artificial-intelligence-for-the-arts\/"},"wordCount":516,"publisher":{"@id":"https:\/\/www.uni.lu\/fstm-fr\/#organization"},"image":{"@id":"https:\/\/www.uni.lu\/fstm-fr\/news\/a-new-kind-of-creativity-artificial-intelligence-for-the-arts\/#primaryimage"},"thumbnailUrl":"https:\/\/www.uni.lu\/wp-content\/uploads\/sites\/20\/2021\/10\/a_new_kind_of_creativity_artificial_intelligence_for_the_arts.jpg","inLanguage":"fr-FR"},{"@type":"WebPage","@id":"https:\/\/www.uni.lu\/fstm-fr\/news\/a-new-kind-of-creativity-artificial-intelligence-for-the-arts\/","url":"https:\/\/www.uni.lu\/fstm-fr\/news\/a-new-kind-of-creativity-artificial-intelligence-for-the-arts\/","name":"A new kind of creativity: Artificial Intelligence for the Arts - FSTM actualit\u00e9s I Universit\u00e9 du Luxembourg","isPartOf":{"@id":"https:\/\/www.uni.lu\/fstm-fr\/#website"},"primaryImageOfPage":{"@id":"https:\/\/www.uni.lu\/fstm-fr\/news\/a-new-kind-of-creativity-artificial-intelligence-for-the-arts\/#primaryimage"},"image":{"@id":"https:\/\/www.uni.lu\/fstm-fr\/news\/a-new-kind-of-creativity-artificial-intelligence-for-the-arts\/#primaryimage"},"thumbnailUrl":"https:\/\/www.uni.lu\/wp-content\/uploads\/sites\/20\/2021\/10\/a_new_kind_of_creativity_artificial_intelligence_for_the_arts.jpg","datePublished":"2021-10-08T11:50:05+00:00","dateModified":"2021-10-08T11:50:05+00:00","description":"From 28 to 30 September 2021, the hybrid workshop AI and the Future of Art (AIFA) gathered more than 100 experts in artificial intelligence and artists to exchange about the growing interactions between the two fields. The event was part of the overall AI Pavilion project in the frame of the European Capital of Culture Esch2022.","breadcrumb":{"@id":"https:\/\/www.uni.lu\/fstm-fr\/news\/a-new-kind-of-creativity-artificial-intelligence-for-the-arts\/#breadcrumb"},"inLanguage":"fr-FR","potentialAction":[{"@type":"ReadAction","target":["https:\/\/www.uni.lu\/fstm-fr\/news\/a-new-kind-of-creativity-artificial-intelligence-for-the-arts\/"]}]},{"@type":"ImageObject","inLanguage":"fr-FR","@id":"https:\/\/www.uni.lu\/fstm-fr\/news\/a-new-kind-of-creativity-artificial-intelligence-for-the-arts\/#primaryimage","url":"https:\/\/www.uni.lu\/wp-content\/uploads\/sites\/20\/2021\/10\/a_new_kind_of_creativity_artificial_intelligence_for_the_arts.jpg","contentUrl":"https:\/\/www.uni.lu\/wp-content\/uploads\/sites\/20\/2021\/10\/a_new_kind_of_creativity_artificial_intelligence_for_the_arts.jpg","width":800,"height":600},{"@type":"BreadcrumbList","@id":"https:\/\/www.uni.lu\/fstm-fr\/news\/a-new-kind-of-creativity-artificial-intelligence-for-the-arts\/#breadcrumb","itemListElement":[{"@type":"ListItem","position":1,"name":"Home","item":"https:\/\/www.uni.lu\/fr"},{"@type":"ListItem","position":2,"name":"Facult\u00e9 des Sciences, des Technologies et de M\u00e9decine","item":"https:\/\/www.uni.lu\/fstm-fr\/"},{"@type":"ListItem","position":3,"name":"News","item":"https:\/\/www.uni.lu\/fstm-fr\/news\/"},{"@type":"ListItem","position":4,"name":"A new kind of creativity: Artificial Intelligence for the Arts"}]},{"@type":"WebSite","@id":"https:\/\/www.uni.lu\/fstm-fr\/#website","url":"https:\/\/www.uni.lu\/fstm-fr\/","name":"FSTM","description":"Facult\u00e9 des Sciences, des Technologies et de M\u00e9decine I Uni.lu","publisher":{"@id":"https:\/\/www.uni.lu\/fstm-fr\/#organization"},"alternateName":"Facult\u00e9 des Sciences, des Technologies et de M\u00e9decine I Universit\u00e9 du Luxembourg","potentialAction":[{"@type":"SearchAction","target":{"@type":"EntryPoint","urlTemplate":"https:\/\/www.uni.lu\/fstm-fr\/?s={search_term_string}"},"query-input":"required name=search_term_string"}],"inLanguage":"fr-FR"},{"@type":"Organization","@id":"https:\/\/www.uni.lu\/fstm-fr\/#organization","name":"FSTM - Universit\u00e9 du Luxembourg I Uni.lu","alternateName":"Facult\u00e9 des Sciences, des Technologies et de M\u00e9decine","url":"https:\/\/www.uni.lu\/fstm-fr\/","logo":{"@type":"ImageObject","inLanguage":"fr-FR","@id":"https:\/\/www.uni.lu\/fstm-fr\/#\/schema\/logo\/image\/","url":"https:\/\/www.uni.lu\/wp-content\/uploads\/sites\/20\/2026\/03\/03111744\/FSTM_SM-Profile_1600x1600px-scaled.jpg","contentUrl":"https:\/\/www.uni.lu\/wp-content\/uploads\/sites\/20\/2026\/03\/03111744\/FSTM_SM-Profile_1600x1600px-scaled.jpg","width":2560,"height":2560,"caption":"FSTM - Universit\u00e9 du Luxembourg I Uni.lu"},"image":"https:\/\/www.uni.lu\/wp-content\/uploads\/sites\/20\/2026\/04\/24144332\/20200609-Belval-Campus_Henri-Goergen-23.jpg","sameAs":["https:\/\/www.facebook.com\/fstm.uni.lu\/","https:\/\/www.linkedin.com\/showcase\/fstm-uni-lu"],"email":"communication@uni.lu","telephone":"+3524666441","address":{"@type":"PostalAddress","streetAddress":"2, place de l\u2019Universit\u00e9","addressLocality":"Esch-sur-Alzette","postalCode":"4365","addressCountry":"LU"},"description":"Facult\u00e9 des Sciences, des Technologies et de M\u00e9decine I Uni.lu"}]}},"blog_id":20,"_links":{"self":[{"href":"https:\/\/www.uni.lu\/fstm-fr\/wp-json\/wp\/v2\/news\/499"}],"collection":[{"href":"https:\/\/www.uni.lu\/fstm-fr\/wp-json\/wp\/v2\/news"}],"about":[{"href":"https:\/\/www.uni.lu\/fstm-fr\/wp-json\/wp\/v2\/types\/news"}],"version-history":[{"count":0,"href":"https:\/\/www.uni.lu\/fstm-fr\/wp-json\/wp\/v2\/news\/499\/revisions"}],"wp:featuredmedia":[{"embeddable":true,"href":"https:\/\/www.uni.lu\/fstm-fr\/wp-json\/wp\/v2\/media\/500"}],"wp:attachment":[{"href":"https:\/\/www.uni.lu\/fstm-fr\/wp-json\/wp\/v2\/media?parent=499"}],"wp:term":[{"taxonomy":"news-category","embeddable":true,"href":"https:\/\/www.uni.lu\/fstm-fr\/wp-json\/wp\/v2\/news-category?post=499"},{"taxonomy":"news-topic","embeddable":true,"href":"https:\/\/www.uni.lu\/fstm-fr\/wp-json\/wp\/v2\/news-topic?post=499"},{"taxonomy":"organisation","embeddable":true,"href":"https:\/\/www.uni.lu\/fstm-fr\/wp-json\/wp\/v2\/organisation?post=499"}],"curies":[{"name":"wp","href":"https:\/\/api.w.org\/{rel}","templated":true}]}}