{"id":497,"date":"2021-10-08T08:18:20","date_gmt":"2021-10-08T08:18:20","guid":{"rendered":"https:\/\/website.prod.unilu.spikeseed.cloud\/fstm-fr\/news\/journee-dintroduction-pour-les-medecins-en-voie-de-specialisation\/"},"modified":"2021-10-08T08:18:20","modified_gmt":"2021-10-08T08:18:20","slug":"journee-dintroduction-pour-les-medecins-en-voie-de-specialisation","status":"publish","type":"news","link":"https:\/\/www.uni.lu\/fstm-fr\/news\/journee-dintroduction-pour-les-medecins-en-voie-de-specialisation\/","title":{"rendered":"Journ\u00e9e d\u2019introduction pour les m\u00e9decins en voie de sp\u00e9cialisation"},"content":{"rendered":"<section class=\"wp-block-unilux-blocks-free-section section\"><div class=\"container xl:max-w-screen-xl\"><p>Le 30 septembre 2021, l\u2019Universit\u00e9 du Luxembourg a accueilli les jeunes m\u00e9decins qui entament des \u00e9tudes sp\u00e9cialis\u00e9es en m\u00e9decine g\u00e9n\u00e9rale, neurologie et oncologie m\u00e9dicale sur le campus de Limpertsberg. L\u2019\u00e9quipe en charge des trois sp\u00e9cialisations, les comit\u00e9s des trois formations, les repr\u00e9sentants des Minist\u00e8res de la Sant\u00e9 et de l\u2019Enseignement sup\u00e9rieur ainsi que des conf\u00e8res des h\u00f4pitaux luxembourgeois \u00e9taient pr\u00e9sents pour cette journ\u00e9e d\u2019introduction.<\/p><p>La journ\u00e9e a \u00e9t\u00e9 introduite par le professeur <a href=\"https:\/\/wwwfr.uni.lu\/recherche\/fstm\/dlsm\/people\/paul_heuschling\" target=\"_self\" title=\"\" rel=\"noopener\">Paul Heuschling<\/a>, directeur d\u2019\u00e9tudes de la formation en m\u00e9decine g\u00e9n\u00e9rale et le professeur <a href=\"https:\/\/wwwfr.uni.lu\/recherche\/fstm\/dlsm\/people\/gilbert_massard\" target=\"_self\" title=\"\" rel=\"noopener\">Gilbert Massard<\/a>, directeur des \u00e9tudes m\u00e9dicales \u00e0 l\u2019Universit\u00e9 du Luxembourg, qui ont souhait\u00e9 la bienvenue aux nouveaux \u00e9tudiants. Ils ont pr\u00e9sent\u00e9 le programme, le cadre l\u00e9gal, les diff\u00e9rentes modalit\u00e9s et options des trois sp\u00e9cialisations. A l\u2019issue de cette premi\u00e8re partie, les \u00e9tudiants ont pu poser leurs questions et \u00e9changer avec les professeurs et repr\u00e9sentants impliqu\u00e9s dans la formation.<\/p><p>Les m\u00e9decins en voie de formation sp\u00e9cialis\u00e9e en m\u00e9decine ont ensuite \u00e9t\u00e9 convi\u00e9s en petits groupes selon la sp\u00e9cialit\u00e9 envisag\u00e9e, pour approfondir plus en d\u00e9tails le programme et les modalit\u00e9s pratiques de chaque formation. Les 11 m\u00e9decins en voie de formation sp\u00e9cialis\u00e9e en m\u00e9decine g\u00e9n\u00e9rale ont pu revoir le r\u00f4le et les fonctions du m\u00e9decin g\u00e9n\u00e9raliste, comprendre le syst\u00e8me de garde et urgences au Luxembourg, r\u00e9fl\u00e9chir sur l\u2019\u00e9coute empathique et r\u00e9flective. Les 2 m\u00e9decins en voie de formation sp\u00e9cialis\u00e9e en neurologie ont pu \u00e9changer avec les ma\u00eetres de stage et les tuteurs sur le d\u00e9roulement de stage et les possibilit\u00e9s de mettre en \u0153uvre un projet de recherche avec le r\u00e9seau acad\u00e9mique national et international. Les 3 \u00e9tudiants en oncologie m\u00e9dicale ont pu revoir le r\u00f4le et fonctions de l&rsquo;oncologue, d\u00e9couvrir l\u2019histoire de la chimioth\u00e9rapie bas\u00e9e sur le livre de Siddhartha Mukherjee \u00ab\u00a0l\u2019empereur de toutes les maladies\u00a0\u00bb et assister \u00e0 un cours g\u00e9n\u00e9ral sur l\u2019oncologie.<\/p><p>\u00ab\u00a0Nous sommes tr\u00e8s heureux de vous informer que nos m\u00e9decins des trois sp\u00e9cialisations sont bien arriv\u00e9s aux \u00e9tablissements d\u2019accueil d\u00e8s le 1er octobre pour prendre leurs fonctions. Ensemble nous avons pu marquer cette \u00e9tape importante du d\u00e9veloppement universitaire en g\u00e9n\u00e9ral, et de l\u2019\u00e9mergence d\u2019une m\u00e9decine acad\u00e9mique en particulier au Luxembourg. Nous continuerons \u00e0 progresser dans ce projet ambitieux avec le soutien de Minist\u00e8re de la Sant\u00e9 et du Minist\u00e8re de l\u2019Enseignement sup\u00e9rieur et de la Recherche\u00a0\u00bb, souligne le Professeur Massard.<\/p><\/div><\/section>","protected":false},"excerpt":{"rendered":"<p>Le 30 septembre 2021, l\u2019Universit\u00e9 du Luxembourg a accueilli les jeunes m\u00e9decins qui entament des \u00e9tudes sp\u00e9cialis\u00e9es en m\u00e9decine g\u00e9n\u00e9rale, neurologie et oncologie m\u00e9dicale sur le campus de Limpertsberg. L\u2019\u00e9quipe en charge des trois sp\u00e9cialisations, les comit\u00e9s des trois formations, les repr\u00e9sentants des Minist\u00e8res de la Sant\u00e9 et de l\u2019Enseignement sup\u00e9rieur ainsi que des conf\u00e8res des h\u00f4pitaux luxembourgeois \u00e9taient pr\u00e9sents pour cette journ\u00e9e d\u2019introduction.<\/p>\n","protected":false},"author":0,"featured_media":498,"template":"","format":"standard","meta":{"featured_image_focal_point":[],"show_featured_caption":false,"ulux_newsletter_groups":"","uluxPostTitle":"","uluxPrePostTitle":"","_trash_the_other_posts":false,"_price":"","_stock":"","_tribe_ticket_header":"","_tribe_default_ticket_provider":"","_tribe_ticket_capacity":"0","_ticket_start_date":"","_ticket_end_date":"","_tribe_ticket_show_description":"","_tribe_ticket_show_not_going":false,"_tribe_ticket_use_global_stock":"","_tribe_ticket_global_stock_level":"","_global_stock_mode":"","_global_stock_cap":"","_tribe_rsvp_for_event":"","_tribe_ticket_going_count":"","_tribe_ticket_not_going_count":"","_tribe_tickets_list":"[]","_tribe_ticket_has_attendee_info_fields":false},"news-category":[4,3],"news-topic":[18],"organisation":[95,24],"authorship":[],"acf":[],"yoast_head":"<!-- This site is optimized with the Yoast SEO Premium plugin v22.3 (Yoast SEO v22.3) - https:\/\/yoast.com\/wordpress\/plugins\/seo\/ -->\n<title>Journ\u00e9e d\u2019introduction pour les m\u00e9decins en voie de sp\u00e9cialisation - FSTM actualit\u00e9s I Universit\u00e9 du Luxembourg<\/title>\n<meta name=\"description\" content=\"Le 30 septembre 2021, l\u2019Universit\u00e9 du Luxembourg a accueilli les jeunes m\u00e9decins qui entament des \u00e9tudes sp\u00e9cialis\u00e9es en m\u00e9decine g\u00e9n\u00e9rale, neurologie et oncologie m\u00e9dicale sur le campus de Limpertsberg. L\u2019\u00e9quipe en charge des trois sp\u00e9cialisations, les comit\u00e9s des trois formations, les repr\u00e9sentants des Minist\u00e8res de la Sant\u00e9 et de l\u2019Enseignement sup\u00e9rieur ainsi que des conf\u00e8res des h\u00f4pitaux luxembourgeois \u00e9taient pr\u00e9sents pour cette journ\u00e9e d\u2019introduction.\" \/>\n<meta name=\"robots\" content=\"index, follow, max-snippet:-1, max-image-preview:large, max-video-preview:-1\" \/>\n<link rel=\"canonical\" href=\"https:\/\/www.uni.lu\/fstm-fr\/news\/journee-dintroduction-pour-les-medecins-en-voie-de-specialisation\/\" \/>\n<meta property=\"og:locale\" content=\"fr_FR\" \/>\n<meta property=\"og:type\" content=\"article\" \/>\n<meta property=\"og:title\" content=\"Journ\u00e9e d\u2019introduction pour les m\u00e9decins en voie de sp\u00e9cialisation\" \/>\n<meta property=\"og:description\" content=\"Le 30 septembre 2021, l\u2019Universit\u00e9 du Luxembourg a accueilli les jeunes m\u00e9decins qui entament des \u00e9tudes sp\u00e9cialis\u00e9es en m\u00e9decine g\u00e9n\u00e9rale, neurologie et oncologie m\u00e9dicale sur le campus de Limpertsberg. L\u2019\u00e9quipe en charge des trois sp\u00e9cialisations, les comit\u00e9s des trois formations, les repr\u00e9sentants des Minist\u00e8res de la Sant\u00e9 et de l\u2019Enseignement sup\u00e9rieur ainsi que des conf\u00e8res des h\u00f4pitaux luxembourgeois \u00e9taient pr\u00e9sents pour cette journ\u00e9e d\u2019introduction.\" \/>\n<meta property=\"og:url\" content=\"https:\/\/www.uni.lu\/fstm-fr\/news\/journee-dintroduction-pour-les-medecins-en-voie-de-specialisation\/\" \/>\n<meta property=\"og:site_name\" content=\"FSTM FR\" \/>\n<meta property=\"article:publisher\" content=\"https:\/\/www.facebook.com\/fstm.uni.lu\/\" \/>\n<meta property=\"og:image\" content=\"https:\/\/www.uni.lu\/wp-content\/uploads\/sites\/20\/2021\/10\/journee_d_introduction_pour_les_medecins_en_voie_de_specialisation.jpg\" \/>\n\t<meta property=\"og:image:width\" content=\"800\" \/>\n\t<meta property=\"og:image:height\" content=\"600\" \/>\n\t<meta property=\"og:image:type\" content=\"image\/jpeg\" \/>\n<meta name=\"twitter:card\" content=\"summary_large_image\" \/>\n<meta name=\"twitter:label1\" content=\"Dur\u00e9e de lecture estim\u00e9e\" \/>\n\t<meta name=\"twitter:data1\" content=\"2 minutes\" \/>\n<script type=\"application\/ld+json\" class=\"yoast-schema-graph\">{\"@context\":\"https:\/\/schema.org\",\"@graph\":[{\"@type\":\"NewsArticle\",\"@id\":\"https:\/\/www.uni.lu\/fstm-fr\/news\/journee-dintroduction-pour-les-medecins-en-voie-de-specialisation\/#article\",\"isPartOf\":{\"@id\":\"https:\/\/www.uni.lu\/fstm-fr\/news\/journee-dintroduction-pour-les-medecins-en-voie-de-specialisation\/\"},\"author\":{\"name\":\"\",\"@id\":\"\"},\"headline\":\"Journ\u00e9e d\u2019introduction pour les m\u00e9decins en voie de sp\u00e9cialisation\",\"datePublished\":\"2021-10-08T08:18:20+00:00\",\"dateModified\":\"2021-10-08T08:18:20+00:00\",\"mainEntityOfPage\":{\"@id\":\"https:\/\/www.uni.lu\/fstm-fr\/news\/journee-dintroduction-pour-les-medecins-en-voie-de-specialisation\/\"},\"wordCount\":479,\"publisher\":{\"@id\":\"https:\/\/www.uni.lu\/fstm-fr\/#organization\"},\"image\":{\"@id\":\"https:\/\/www.uni.lu\/fstm-fr\/news\/journee-dintroduction-pour-les-medecins-en-voie-de-specialisation\/#primaryimage\"},\"thumbnailUrl\":\"https:\/\/www.uni.lu\/wp-content\/uploads\/sites\/20\/2021\/10\/journee_d_introduction_pour_les_medecins_en_voie_de_specialisation.jpg\",\"inLanguage\":\"fr-FR\"},{\"@type\":\"WebPage\",\"@id\":\"https:\/\/www.uni.lu\/fstm-fr\/news\/journee-dintroduction-pour-les-medecins-en-voie-de-specialisation\/\",\"url\":\"https:\/\/www.uni.lu\/fstm-fr\/news\/journee-dintroduction-pour-les-medecins-en-voie-de-specialisation\/\",\"name\":\"Journ\u00e9e d\u2019introduction pour les m\u00e9decins en voie de sp\u00e9cialisation - FSTM actualit\u00e9s I Universit\u00e9 du Luxembourg\",\"isPartOf\":{\"@id\":\"https:\/\/www.uni.lu\/fstm-fr\/#website\"},\"primaryImageOfPage\":{\"@id\":\"https:\/\/www.uni.lu\/fstm-fr\/news\/journee-dintroduction-pour-les-medecins-en-voie-de-specialisation\/#primaryimage\"},\"image\":{\"@id\":\"https:\/\/www.uni.lu\/fstm-fr\/news\/journee-dintroduction-pour-les-medecins-en-voie-de-specialisation\/#primaryimage\"},\"thumbnailUrl\":\"https:\/\/www.uni.lu\/wp-content\/uploads\/sites\/20\/2021\/10\/journee_d_introduction_pour_les_medecins_en_voie_de_specialisation.jpg\",\"datePublished\":\"2021-10-08T08:18:20+00:00\",\"dateModified\":\"2021-10-08T08:18:20+00:00\",\"description\":\"Le 30 septembre 2021, l\u2019Universit\u00e9 du Luxembourg a accueilli les jeunes m\u00e9decins qui entament des \u00e9tudes sp\u00e9cialis\u00e9es en m\u00e9decine g\u00e9n\u00e9rale, neurologie et oncologie m\u00e9dicale sur le campus de Limpertsberg. L\u2019\u00e9quipe en charge des trois sp\u00e9cialisations, les comit\u00e9s des trois formations, les repr\u00e9sentants des Minist\u00e8res de la Sant\u00e9 et de l\u2019Enseignement sup\u00e9rieur ainsi que des conf\u00e8res des h\u00f4pitaux luxembourgeois \u00e9taient pr\u00e9sents pour cette journ\u00e9e d\u2019introduction.\",\"breadcrumb\":{\"@id\":\"https:\/\/www.uni.lu\/fstm-fr\/news\/journee-dintroduction-pour-les-medecins-en-voie-de-specialisation\/#breadcrumb\"},\"inLanguage\":\"fr-FR\",\"potentialAction\":[{\"@type\":\"ReadAction\",\"target\":[\"https:\/\/www.uni.lu\/fstm-fr\/news\/journee-dintroduction-pour-les-medecins-en-voie-de-specialisation\/\"]}]},{\"@type\":\"ImageObject\",\"inLanguage\":\"fr-FR\",\"@id\":\"https:\/\/www.uni.lu\/fstm-fr\/news\/journee-dintroduction-pour-les-medecins-en-voie-de-specialisation\/#primaryimage\",\"url\":\"https:\/\/www.uni.lu\/wp-content\/uploads\/sites\/20\/2021\/10\/journee_d_introduction_pour_les_medecins_en_voie_de_specialisation.jpg\",\"contentUrl\":\"https:\/\/www.uni.lu\/wp-content\/uploads\/sites\/20\/2021\/10\/journee_d_introduction_pour_les_medecins_en_voie_de_specialisation.jpg\",\"width\":800,\"height\":600},{\"@type\":\"BreadcrumbList\",\"@id\":\"https:\/\/www.uni.lu\/fstm-fr\/news\/journee-dintroduction-pour-les-medecins-en-voie-de-specialisation\/#breadcrumb\",\"itemListElement\":[{\"@type\":\"ListItem\",\"position\":1,\"name\":\"Home\",\"item\":\"https:\/\/www.uni.lu\/fr\"},{\"@type\":\"ListItem\",\"position\":2,\"name\":\"Facult\u00e9 des Sciences, des Technologies et de M\u00e9decine\",\"item\":\"https:\/\/www.uni.lu\/fstm-fr\/\"},{\"@type\":\"ListItem\",\"position\":3,\"name\":\"News\",\"item\":\"https:\/\/www.uni.lu\/fstm-fr\/news\/\"},{\"@type\":\"ListItem\",\"position\":4,\"name\":\"Journ\u00e9e d\u2019introduction pour les m\u00e9decins en voie de sp\u00e9cialisation\"}]},{\"@type\":\"WebSite\",\"@id\":\"https:\/\/www.uni.lu\/fstm-fr\/#website\",\"url\":\"https:\/\/www.uni.lu\/fstm-fr\/\",\"name\":\"FSTM\",\"description\":\"Facult\u00e9 des Sciences, des Technologies et de M\u00e9decine I Uni.lu\",\"publisher\":{\"@id\":\"https:\/\/www.uni.lu\/fstm-fr\/#organization\"},\"alternateName\":\"Facult\u00e9 des Sciences, des Technologies et de M\u00e9decine I Universit\u00e9 du Luxembourg\",\"potentialAction\":[{\"@type\":\"SearchAction\",\"target\":{\"@type\":\"EntryPoint\",\"urlTemplate\":\"https:\/\/www.uni.lu\/fstm-fr\/?s={search_term_string}\"},\"query-input\":\"required name=search_term_string\"}],\"inLanguage\":\"fr-FR\"},{\"@type\":\"Organization\",\"@id\":\"https:\/\/www.uni.lu\/fstm-fr\/#organization\",\"name\":\"FSTM - Universit\u00e9 du Luxembourg I Uni.lu\",\"alternateName\":\"Facult\u00e9 des Sciences, des Technologies et de M\u00e9decine\",\"url\":\"https:\/\/www.uni.lu\/fstm-fr\/\",\"logo\":{\"@type\":\"ImageObject\",\"inLanguage\":\"fr-FR\",\"@id\":\"https:\/\/www.uni.lu\/fstm-fr\/#\/schema\/logo\/image\/\",\"url\":\"https:\/\/www.uni.lu\/wp-content\/uploads\/sites\/20\/2026\/03\/03111744\/FSTM_SM-Profile_1600x1600px-scaled.jpg\",\"contentUrl\":\"https:\/\/www.uni.lu\/wp-content\/uploads\/sites\/20\/2026\/03\/03111744\/FSTM_SM-Profile_1600x1600px-scaled.jpg\",\"width\":2560,\"height\":2560,\"caption\":\"FSTM - Universit\u00e9 du Luxembourg I Uni.lu\"},\"image\":\"https:\/\/www.uni.lu\/wp-content\/uploads\/sites\/20\/2026\/04\/24144332\/20200609-Belval-Campus_Henri-Goergen-23.jpg\",\"sameAs\":[\"https:\/\/www.facebook.com\/fstm.uni.lu\/\",\"https:\/\/www.linkedin.com\/showcase\/fstm-uni-lu\"],\"email\":\"communication@uni.lu\",\"telephone\":\"+3524666441\",\"address\":{\"@type\":\"PostalAddress\",\"streetAddress\":\"2, place de l\u2019Universit\u00e9\",\"addressLocality\":\"Esch-sur-Alzette\",\"postalCode\":\"4365\",\"addressCountry\":\"LU\"},\"description\":\"Facult\u00e9 des Sciences, des Technologies et de M\u00e9decine I Uni.lu\"}]}<\/script>\n<!-- \/ Yoast SEO Premium plugin. -->","yoast_head_json":{"title":"Journ\u00e9e d\u2019introduction pour les m\u00e9decins en voie de sp\u00e9cialisation - FSTM actualit\u00e9s I Universit\u00e9 du Luxembourg","description":"Le 30 septembre 2021, l\u2019Universit\u00e9 du Luxembourg a accueilli les jeunes m\u00e9decins qui entament des \u00e9tudes sp\u00e9cialis\u00e9es en m\u00e9decine g\u00e9n\u00e9rale, neurologie et oncologie m\u00e9dicale sur le campus de Limpertsberg. L\u2019\u00e9quipe en charge des trois sp\u00e9cialisations, les comit\u00e9s des trois formations, les repr\u00e9sentants des Minist\u00e8res de la Sant\u00e9 et de l\u2019Enseignement sup\u00e9rieur ainsi que des conf\u00e8res des h\u00f4pitaux luxembourgeois \u00e9taient pr\u00e9sents pour cette journ\u00e9e d\u2019introduction.","robots":{"index":"index","follow":"follow","max-snippet":"max-snippet:-1","max-image-preview":"max-image-preview:large","max-video-preview":"max-video-preview:-1"},"canonical":"https:\/\/www.uni.lu\/fstm-fr\/news\/journee-dintroduction-pour-les-medecins-en-voie-de-specialisation\/","og_locale":"fr_FR","og_type":"article","og_title":"Journ\u00e9e d\u2019introduction pour les m\u00e9decins en voie de sp\u00e9cialisation","og_description":"Le 30 septembre 2021, l\u2019Universit\u00e9 du Luxembourg a accueilli les jeunes m\u00e9decins qui entament des \u00e9tudes sp\u00e9cialis\u00e9es en m\u00e9decine g\u00e9n\u00e9rale, neurologie et oncologie m\u00e9dicale sur le campus de Limpertsberg. L\u2019\u00e9quipe en charge des trois sp\u00e9cialisations, les comit\u00e9s des trois formations, les repr\u00e9sentants des Minist\u00e8res de la Sant\u00e9 et de l\u2019Enseignement sup\u00e9rieur ainsi que des conf\u00e8res des h\u00f4pitaux luxembourgeois \u00e9taient pr\u00e9sents pour cette journ\u00e9e d\u2019introduction.","og_url":"https:\/\/www.uni.lu\/fstm-fr\/news\/journee-dintroduction-pour-les-medecins-en-voie-de-specialisation\/","og_site_name":"FSTM FR","article_publisher":"https:\/\/www.facebook.com\/fstm.uni.lu\/","og_image":[{"width":800,"height":600,"url":"https:\/\/www.uni.lu\/wp-content\/uploads\/sites\/20\/2021\/10\/journee_d_introduction_pour_les_medecins_en_voie_de_specialisation.jpg","type":"image\/jpeg"}],"twitter_card":"summary_large_image","twitter_misc":{"Dur\u00e9e de lecture estim\u00e9e":"2 minutes"},"schema":{"@context":"https:\/\/schema.org","@graph":[{"@type":"NewsArticle","@id":"https:\/\/www.uni.lu\/fstm-fr\/news\/journee-dintroduction-pour-les-medecins-en-voie-de-specialisation\/#article","isPartOf":{"@id":"https:\/\/www.uni.lu\/fstm-fr\/news\/journee-dintroduction-pour-les-medecins-en-voie-de-specialisation\/"},"author":{"name":"","@id":""},"headline":"Journ\u00e9e d\u2019introduction pour les m\u00e9decins en voie de sp\u00e9cialisation","datePublished":"2021-10-08T08:18:20+00:00","dateModified":"2021-10-08T08:18:20+00:00","mainEntityOfPage":{"@id":"https:\/\/www.uni.lu\/fstm-fr\/news\/journee-dintroduction-pour-les-medecins-en-voie-de-specialisation\/"},"wordCount":479,"publisher":{"@id":"https:\/\/www.uni.lu\/fstm-fr\/#organization"},"image":{"@id":"https:\/\/www.uni.lu\/fstm-fr\/news\/journee-dintroduction-pour-les-medecins-en-voie-de-specialisation\/#primaryimage"},"thumbnailUrl":"https:\/\/www.uni.lu\/wp-content\/uploads\/sites\/20\/2021\/10\/journee_d_introduction_pour_les_medecins_en_voie_de_specialisation.jpg","inLanguage":"fr-FR"},{"@type":"WebPage","@id":"https:\/\/www.uni.lu\/fstm-fr\/news\/journee-dintroduction-pour-les-medecins-en-voie-de-specialisation\/","url":"https:\/\/www.uni.lu\/fstm-fr\/news\/journee-dintroduction-pour-les-medecins-en-voie-de-specialisation\/","name":"Journ\u00e9e d\u2019introduction pour les m\u00e9decins en voie de sp\u00e9cialisation - FSTM actualit\u00e9s I Universit\u00e9 du Luxembourg","isPartOf":{"@id":"https:\/\/www.uni.lu\/fstm-fr\/#website"},"primaryImageOfPage":{"@id":"https:\/\/www.uni.lu\/fstm-fr\/news\/journee-dintroduction-pour-les-medecins-en-voie-de-specialisation\/#primaryimage"},"image":{"@id":"https:\/\/www.uni.lu\/fstm-fr\/news\/journee-dintroduction-pour-les-medecins-en-voie-de-specialisation\/#primaryimage"},"thumbnailUrl":"https:\/\/www.uni.lu\/wp-content\/uploads\/sites\/20\/2021\/10\/journee_d_introduction_pour_les_medecins_en_voie_de_specialisation.jpg","datePublished":"2021-10-08T08:18:20+00:00","dateModified":"2021-10-08T08:18:20+00:00","description":"Le 30 septembre 2021, l\u2019Universit\u00e9 du Luxembourg a accueilli les jeunes m\u00e9decins qui entament des \u00e9tudes sp\u00e9cialis\u00e9es en m\u00e9decine g\u00e9n\u00e9rale, neurologie et oncologie m\u00e9dicale sur le campus de Limpertsberg. L\u2019\u00e9quipe en charge des trois sp\u00e9cialisations, les comit\u00e9s des trois formations, les repr\u00e9sentants des Minist\u00e8res de la Sant\u00e9 et de l\u2019Enseignement sup\u00e9rieur ainsi que des conf\u00e8res des h\u00f4pitaux luxembourgeois \u00e9taient pr\u00e9sents pour cette journ\u00e9e d\u2019introduction.","breadcrumb":{"@id":"https:\/\/www.uni.lu\/fstm-fr\/news\/journee-dintroduction-pour-les-medecins-en-voie-de-specialisation\/#breadcrumb"},"inLanguage":"fr-FR","potentialAction":[{"@type":"ReadAction","target":["https:\/\/www.uni.lu\/fstm-fr\/news\/journee-dintroduction-pour-les-medecins-en-voie-de-specialisation\/"]}]},{"@type":"ImageObject","inLanguage":"fr-FR","@id":"https:\/\/www.uni.lu\/fstm-fr\/news\/journee-dintroduction-pour-les-medecins-en-voie-de-specialisation\/#primaryimage","url":"https:\/\/www.uni.lu\/wp-content\/uploads\/sites\/20\/2021\/10\/journee_d_introduction_pour_les_medecins_en_voie_de_specialisation.jpg","contentUrl":"https:\/\/www.uni.lu\/wp-content\/uploads\/sites\/20\/2021\/10\/journee_d_introduction_pour_les_medecins_en_voie_de_specialisation.jpg","width":800,"height":600},{"@type":"BreadcrumbList","@id":"https:\/\/www.uni.lu\/fstm-fr\/news\/journee-dintroduction-pour-les-medecins-en-voie-de-specialisation\/#breadcrumb","itemListElement":[{"@type":"ListItem","position":1,"name":"Home","item":"https:\/\/www.uni.lu\/fr"},{"@type":"ListItem","position":2,"name":"Facult\u00e9 des Sciences, des Technologies et de M\u00e9decine","item":"https:\/\/www.uni.lu\/fstm-fr\/"},{"@type":"ListItem","position":3,"name":"News","item":"https:\/\/www.uni.lu\/fstm-fr\/news\/"},{"@type":"ListItem","position":4,"name":"Journ\u00e9e d\u2019introduction pour les m\u00e9decins en voie de sp\u00e9cialisation"}]},{"@type":"WebSite","@id":"https:\/\/www.uni.lu\/fstm-fr\/#website","url":"https:\/\/www.uni.lu\/fstm-fr\/","name":"FSTM","description":"Facult\u00e9 des Sciences, des Technologies et de M\u00e9decine I Uni.lu","publisher":{"@id":"https:\/\/www.uni.lu\/fstm-fr\/#organization"},"alternateName":"Facult\u00e9 des Sciences, des Technologies et de M\u00e9decine I Universit\u00e9 du Luxembourg","potentialAction":[{"@type":"SearchAction","target":{"@type":"EntryPoint","urlTemplate":"https:\/\/www.uni.lu\/fstm-fr\/?s={search_term_string}"},"query-input":"required name=search_term_string"}],"inLanguage":"fr-FR"},{"@type":"Organization","@id":"https:\/\/www.uni.lu\/fstm-fr\/#organization","name":"FSTM - Universit\u00e9 du Luxembourg I Uni.lu","alternateName":"Facult\u00e9 des Sciences, des Technologies et de M\u00e9decine","url":"https:\/\/www.uni.lu\/fstm-fr\/","logo":{"@type":"ImageObject","inLanguage":"fr-FR","@id":"https:\/\/www.uni.lu\/fstm-fr\/#\/schema\/logo\/image\/","url":"https:\/\/www.uni.lu\/wp-content\/uploads\/sites\/20\/2026\/03\/03111744\/FSTM_SM-Profile_1600x1600px-scaled.jpg","contentUrl":"https:\/\/www.uni.lu\/wp-content\/uploads\/sites\/20\/2026\/03\/03111744\/FSTM_SM-Profile_1600x1600px-scaled.jpg","width":2560,"height":2560,"caption":"FSTM - Universit\u00e9 du Luxembourg I Uni.lu"},"image":"https:\/\/www.uni.lu\/wp-content\/uploads\/sites\/20\/2026\/04\/24144332\/20200609-Belval-Campus_Henri-Goergen-23.jpg","sameAs":["https:\/\/www.facebook.com\/fstm.uni.lu\/","https:\/\/www.linkedin.com\/showcase\/fstm-uni-lu"],"email":"communication@uni.lu","telephone":"+3524666441","address":{"@type":"PostalAddress","streetAddress":"2, place de l\u2019Universit\u00e9","addressLocality":"Esch-sur-Alzette","postalCode":"4365","addressCountry":"LU"},"description":"Facult\u00e9 des Sciences, des Technologies et de M\u00e9decine I Uni.lu"}]}},"blog_id":20,"_links":{"self":[{"href":"https:\/\/www.uni.lu\/fstm-fr\/wp-json\/wp\/v2\/news\/497"}],"collection":[{"href":"https:\/\/www.uni.lu\/fstm-fr\/wp-json\/wp\/v2\/news"}],"about":[{"href":"https:\/\/www.uni.lu\/fstm-fr\/wp-json\/wp\/v2\/types\/news"}],"version-history":[{"count":0,"href":"https:\/\/www.uni.lu\/fstm-fr\/wp-json\/wp\/v2\/news\/497\/revisions"}],"wp:featuredmedia":[{"embeddable":true,"href":"https:\/\/www.uni.lu\/fstm-fr\/wp-json\/wp\/v2\/media\/498"}],"wp:attachment":[{"href":"https:\/\/www.uni.lu\/fstm-fr\/wp-json\/wp\/v2\/media?parent=497"}],"wp:term":[{"taxonomy":"news-category","embeddable":true,"href":"https:\/\/www.uni.lu\/fstm-fr\/wp-json\/wp\/v2\/news-category?post=497"},{"taxonomy":"news-topic","embeddable":true,"href":"https:\/\/www.uni.lu\/fstm-fr\/wp-json\/wp\/v2\/news-topic?post=497"},{"taxonomy":"organisation","embeddable":true,"href":"https:\/\/www.uni.lu\/fstm-fr\/wp-json\/wp\/v2\/organisation?post=497"}],"curies":[{"name":"wp","href":"https:\/\/api.w.org\/{rel}","templated":true}]}}