{"id":3716,"date":"2026-02-27T10:00:00","date_gmt":"2026-02-27T09:00:00","guid":{"rendered":"https:\/\/www.uni.lu\/fstm-fr\/?post_type=news&#038;p=3716"},"modified":"2026-02-27T11:39:15","modified_gmt":"2026-02-27T10:39:15","slug":"giving-children-a-voice-in-pediatric-palliative-care","status":"publish","type":"news","link":"https:\/\/www.uni.lu\/fstm-fr\/news\/giving-children-a-voice-in-pediatric-palliative-care\/","title":{"rendered":"Donner la parole aux enfants en soins palliatifs"},"content":{"rendered":"\n<section class=\"wp-block-unilux-blocks-free-section section\"><div class=\"container xl:max-w-screen-xl\">\n<p>Comment mieux comprendre et \u00e9valuer la qualit\u00e9 de vie des enfants vivant avec des maladies potentiellement mortelles ou n\u00e9cessitant des traitements vitaux\u202f?&nbsp;Bien que ce sujet fasse l\u2019objet de recherches, celles-ci excluent trop souvent les principaux concern\u00e9s\u202f: les enfants eux-m\u00eames, fr\u00e9quemment jug\u00e9s \u201ctrop vuln\u00e9rables\u201d pour pouvoir participer (Namisango&nbsp;et al., Palliative&nbsp;Medicine, 2025).&nbsp;&nbsp;<\/p>\n\n\n\n<p>Pour rem\u00e9dier \u00e0 cette situation, la professeure en sciences infirmi\u00e8res Marie Friedel se concentre sur le d\u00e9veloppement d\u2019outils permettant d\u2019\u00e9valuer le bien-\u00eatre des enfants et milite pour leur inclusion active dans les processus de recherche, en tant que co-chercheurs. Selon elle, avec un accompagnement appropri\u00e9, les enfants peuvent et souhaitent partager leur exp\u00e9rience. Leur participation est essentielle pour \u00e9valuer efficacement la qualit\u00e9 des soins palliatifs p\u00e9diatriques, concevoir des services adapt\u00e9s et am\u00e9liorer leur qualit\u00e9 de vie. <\/p>\n\n\n<div class=\"wp-block-unilux-blocks-spacer is-spacer-size-md\"><\/div>\n\n\n<figure class=\"wp-block-table\"><table><tbody><tr><td><strong>Le saviez-vous ? <\/strong> <br>\u202fLes soins palliatifs p\u00e9diatriques ne se limitent pas aux soins de fin de vie. Ils offrent une prise en charge holistique et interdisciplinaire, r\u00e9pondant aux besoins physiques, \u00e9motionnels, sociaux et spirituels des enfants atteints d\u2019une maladie limitant leur esp\u00e9rance de vie, plut\u00f4t que de se concentrer uniquement sur la maladie. Ces soins incluent \u00e9galement le soutien de la famille pour am\u00e9liorer la qualit\u00e9 de vie de tous (Organisation mondiale de la Sant\u00e9). Ils commencent d\u00e8s le diagnostic d\u2019une maladie limitante ou mettant la vie en danger (le cancer ne repr\u00e9sentant que 30\u202f%), comprennent des soins de r\u00e9pit et se poursuivent avec l\u2019accompagnement en cas de deuil. <\/td><\/tr><\/tbody><\/table><\/figure>\n\n\n\n<p>\u202f<\/p>\n\n\n\n<h2 class=\"has-text-align-left wp-block-unilux-blocks-heading\"        id=\"le-projet-mosaik-impliquer-activement-les-enfants\"\n    >\nLe projet MOSAIK : impliquer activement les enfants <\/h2>\n\n\n\n<p>Le projet MOSAIK (Move to Open Shared Advanced Interventions for Kids with Life-limiting Conditions), r\u00e9cemment lanc\u00e9 par Prof. Friedel, se distingue car il ne se contente pas d\u2019\u00e9tudier les enfants, il les impliquecomme participants actifs.\u202f <\/p>\n\n\n\n<p>Dans le cadre de ce projet, des entretiens ont \u00e9t\u00e9 r\u00e9alis\u00e9s avec des enfants, leurs parents et des professionnels de sant\u00e9 afin de comprendre comment les enfants d\u00e9finissent et vivent leur qualit\u00e9 de vie. L\u2019\u00e9tude a r\u00e9v\u00e9l\u00e9 un d\u00e9calage constant entre la perception des adultes et celle des enfants. Tandis que parents et cliniciens ont tendance \u00e0 \u00e9valuer le bien-\u00eatre des enfants&nbsp;n\u00e9gativement, ceux-ci voient souvent leur qualit\u00e9 de vie de mani\u00e8re plus positive, m\u00eame face \u00e0 une maladie grave.&nbsp;<\/p>\n\n\n\n<p>L\u2019\u00e9tude montre \u00e9galement que les relations&nbsp;avec la famille et les amis&nbsp;jouent un r\u00f4le central dans le bien-\u00eatre des enfants, quel que soit leur niveau de limitation physique ou cognitive.&nbsp;&nbsp;<\/p>\n\n\n\n<p>Ces r\u00e9sultats remettent en question certaines id\u00e9es re\u00e7ues sur la mani\u00e8re dont les enfants vivent une maladie grave et soulignent l\u2019importance de prendre en compte leur ressenti dans les soins, la recherche et l\u2019\u00e9laboration des politiques.\u202f <\/p>\n\n\n\n<section class=\"wp-block-unilux-blocks-quote-people\">\n    <div class=\"quote-people\" role=\"group\">\n        <figure class=\"quote-people__body\">\n            <blockquote class=\"quote-people__blockquote\">\n    <span class=\"quote-people__quote\">\u201f<\/span>\n    Les enfants ne sont pas de simples b\u00e9n\u00e9ficiaires passifs de soins ; ils sont d\u00e9sireux d\u2019exprimer ce qui compte le plus pour eux.\u201d\n<\/blockquote>\n<div class=\"wp-block-unilux-blocks-wrapper quote-people__visual\"><figure class=\"wp-block-dev4-reusable-blocks-image  object-fit--cover\">\n    \n<img decoding=\"async\" class=\"wp-block-image unilux-custom-image-block\"\n                alt=\"\"\n            src=\"https:\/\/www.uni.lu\/wp-content\/uploads\/sites\/20\/2023\/07\/Marie-Friedel.jpg\"\n                srcset=\"https:\/\/www.uni.lu\/wp-content\/uploads\/sites\/20\/2023\/07\/Marie-Friedel-300x186.jpg 300w, https:\/\/www.uni.lu\/wp-content\/uploads\/sites\/20\/2023\/07\/Marie-Friedel-1024x634.jpg 1024w, https:\/\/www.uni.lu\/wp-content\/uploads\/sites\/20\/2023\/07\/Marie-Friedel-768x475.jpg 768w, https:\/\/www.uni.lu\/wp-content\/uploads\/sites\/20\/2023\/07\/Marie-Friedel-1536x951.jpg 1536w, https:\/\/www.uni.lu\/wp-content\/uploads\/sites\/20\/2023\/07\/Marie-Friedel.jpg 2000w\"\n                style=\"object-position: 84.00% 48.00%; font-family: &quot;object-fit: cover; object-position: 84.00% 48.00%;&quot;; aspect-ratio: 1\/1; object-fit: cover; width: 100%;\"\n        loading=\"lazy\"\n\/>    <\/figure><\/div>\n\n<div class=\"wp-block-unilux-blocks-wrapper quote-people__figcaption\">\n<p class=\"quote-people__author wp-block-unilux-blocks-plain-text\">Prof. Marie Friedel<\/p>\n\n\n<p class=\"quote-people__position wp-block-unilux-blocks-plain-text\">Professeure en sciences infirmi\u00e8res<\/p>\n\n<div class=\"wp-block-unilux-blocks-simple-cta\">\n    <a\n        href=\"https:\/\/www.uni.lu\/fstm-en\/people\/marie-friedel\/\"\n        title=\"View Profile\"\n        class=\"link-text link-text--icon quote-people__link\"\n        target=\"\"\n    >\n        <span class=\"link-text__body\">\n            <span class=\"link-text__name\">View profile<\/span>\n        <\/span>\n        <svg aria-hidden=\"true\" focusable=\"false\" class=\"icon icon-outline icon--arrow-right \"><use xlink:href=\"https:\/\/www.uni.lu\/wp-content\/themes\/unilux-theme\/assets\/images\/icons\/icons-outline.svg#icon--arrow-right\"><\/use><\/svg>    <\/a>\n<\/div>\n<\/div>\n        <\/figure>\n    <\/div>\n<\/section>\n\n<div class=\"wp-block-unilux-blocks-spacer is-spacer-size-sm\"><\/div>\n\n\n<h2 class=\"has-text-align-left wp-block-unilux-blocks-heading\"        id=\"une-approche-inclusive-reconnue\"\n    >\nUne approche inclusive reconnue <\/h2>\n\n\n\n<p>Cette approche a \u00e9galement \u00e9t\u00e9 mise en avant dans la publication internationale <em>T<\/em><a href=\"https:\/\/pubmed.ncbi.nlm.nih.gov\/40913482\/\" target=\"_blank\" rel=\"noreferrer noopener\"><em>oo Vulnerable? Successful Practices for Conducting Research with Children and Young People Who Have Life-Limiting or Life-Threatening Illness<\/em> (PubMed)<\/a>. Co-\u00e9crit par Prof. Marie Friedel et plusieurs chercheurs internationaux, l\u2019article s\u2019appuie sur leur exp\u00e9rience de recherche impliquant des enfants en soins palliatifs p\u00e9diatriques et propose des recommandations pour les impliquer de mani\u00e8re significative.  <\/p>\n\n\n\n<p>Il pr\u00e9conise de mener la recherche <em>avec <\/em>et non seulement <em>sur <\/em>les enfants. L\u2019article promeut \u00e9galement le concept de \u00ab\u202fco-chercheur \u00bb, une forme de recherche collaborative qui reconna\u00eet les enfants comme des agents actifs et r\u00e9fl\u00e9chis, capables d\u2019exprimer leurs points de vue et de contribuer \u00e0 l\u2019am\u00e9lioration des soins. <\/p>\n\n\n\n<figure class=\"wp-block-table\"><table><tbody><tr><td><strong>Marie, qu\u2019est-ce qui vous a conduit \u00e0 ce domaine\u202f? <\/strong> <br>\u201c<em>J\u2019ai perdu une cousine d\u2019une leuc\u00e9mie alors qu\u2019elle n\u2019avait que deux ans, et mon meilleur ami est mort dans un accident de ski. Ces exp\u00e9riences m\u2019ont amen\u00e9e \u00e0 m\u2019interroger sur le deuil et son impact sur les fr\u00e8res et s\u0153urs. En travaillant dans ce domaine, j\u2019ai vu qu\u2019il est possible de prodiguer des soins avec authenticit\u00e9. Il s\u2019agit de viser une v\u00e9ritable qualit\u00e9 de vie\u202f: en soins palliatifs, c\u2019est la qualit\u00e9 de vie qui compte, et non la dur\u00e9e de vie.<\/em>\u201d <\/td><\/tr><\/tbody><\/table><\/figure>\n\n\n<div class=\"wp-block-unilux-blocks-spacer is-spacer-size-sm\"><\/div>\n\n\n<h2 class=\"has-text-align-left wp-block-unilux-blocks-heading\"        id=\"des-outils-pour-evaluer-le-bien-etre-des-enfants\"\n    >\nDes outils pour \u00e9valuer le bien-\u00eatre des enfants<\/h2>\n\n\n\n<p>\u00c0 partir de cette \u00e9tude, l\u2019\u00e9chelle \u201c<a href=\"https:\/\/cordis.europa.eu\/project\/id\/772635\/reporting\">Children\u2019s Palliative Outcomes Scale<\/a>\u201d a \u00e9t\u00e9 d\u00e9velopp\u00e9e pour recueillir directement le retour des enfants sur les soins qu\u2019ils re\u00e7oivent. Elle constitue un instrument efficace pour mesurer la qualit\u00e9 des soins palliatifs p\u00e9diatriques. Aujourd\u2019hui, cet outil est d\u00e9j\u00e0 utilis\u00e9 dans plusieurs pays, dont la France, plusieurs pays d\u2019Asie du Sud-Est et les Pays-Bas. <\/p>\n\n\n\n<p>Des collaborations avec des chercheurs du Canada, du Cicely Saunders Institute au King&rsquo;s College London, du International Children&rsquo;s Palliative Care Network et du R\u00e9seau francophone de soins palliatifs p\u00e9diatriques ont port\u00e9 sur les d\u00e9fis \u00e9thiques et l\u2019identification d\u2019indicateurs de qualit\u00e9 en soins palliatifs p\u00e9diatriques. Ces efforts conjoints ont conduit \u00e0 des publications originales dans le domaine (Friedel &amp; Coombes, 2024). <\/p>\n\n\n<div class=\"wp-block-unilux-blocks-spacer is-spacer-size-sm\"><\/div>\n\n\n<h2 class=\"has-text-align-left wp-block-unilux-blocks-heading\"        id=\"premiere-etude-sur-les-soins-palliatifs-pediatriques-au-luxembourg\"\n    >\nPremi\u00e8re \u00e9tude sur les soins palliatifs p\u00e9diatriques au Luxembourg<\/h2>\n\n\n\n<p>S\u2019appuyant sur ce travail, l\u2019\u00e9quipe de Friedel a r\u00e9cemment contribu\u00e9 \u00e0 la <a href=\"https:\/\/link.springer.com\/article\/10.1186\/s12904-025-01813-3\" target=\"_blank\" rel=\"noreferrer noopener\">premi\u00e8re publication sur les soins palliatifs p\u00e9diatriques au Luxembourg<\/a>, men\u00e9e par la doctorante Micha Massaad et publi\u00e9e dans <em>BMC Palliative Care<\/em> (2025).  <\/p>\n\n\n\n<p>Cette \u00e9tude offre une vue d\u2019ensemble nationale des services de soins palliatifs p\u00e9diatriques et r\u00e9v\u00e8le que le Luxembourg ne propose actuellement qu\u2019un seul niveau de soins de base pour les enfants atteints de maladies limitantes. L\u2019article met aussi en lumi\u00e8re le besoin urgent de former des professionnels, de cr\u00e9er des infrastructures d\u00e9di\u00e9es et de renforcer le cadre juridique pour mieux r\u00e9pondre aux besoins palliatifs des enfants \u00e0 long terme.\u202f <\/p>\n\n\n\n<figure class=\"wp-block-table\"><table><tbody><tr><td><strong>Le saviez-vous ? <\/strong><br>Dans le monde, 21 millions d\u2019enfants vivent avec des maladies limitantes ou mettant la vie en danger, mais seulement 5 \u00e0 10\u202f% ont acc\u00e8s aux soins palliatifs p\u00e9diatriques (Downing et al., <em>Children<\/em>, 2025). En Europe, environ 170\u202f000 enfants souffrant de maladies graves meurent chaque ann\u00e9e sans acc\u00e8s aux soins palliatifs p\u00e9diatriques (European Association of Palliative Care, 2023). Au Luxembourg, environ 500 enfants sont actuellement confront\u00e9s \u00e0 des maladies graves (Massaad et al., <em>BMC Palliative Care<\/em>, 2025). <\/td><\/tr><\/tbody><\/table><\/figure>\n\n\n<div class=\"wp-block-unilux-blocks-spacer is-spacer-size-sm\"><\/div>\n\n\n<h2 class=\"has-text-align-left wp-block-unilux-blocks-heading\"        id=\"un-plan-national-de-soins-palliatifs-pediatriques-au-luxembourg\"\n    >\nUn plan national de soins palliatifs p\u00e9diatriques au Luxembourg <\/h2>\n\n\n\n<p>\u202fAfin de r\u00e9pondre \u00e0 cette probl\u00e9matique, la professeure Friedel et son \u00e9quipe collaborent avec le Plan&nbsp;Strat\u00e9gique&nbsp;National du Luxembourg et plusieurs acteurs cl\u00e9s pour cr\u00e9er&nbsp;un&nbsp;premier centre d\u00e9di\u00e9 aux soins palliatifs p\u00e9diatriques.&nbsp;<\/p>\n\n\n\n<p>Le projet pr\u00e9voit la mise en place de services de r\u00e9pit et l\u2019int\u00e9gration de la formation en soins palliatifs p\u00e9diatriques dans le cursus infirmier de l\u2019Universit\u00e9 du Luxembourg. Le nouveau module d\u2019une semaine offre aux \u00e9tudiants des comp\u00e9tences de base pour prendre soin d\u2019enfants gravement malades, un pas important pour pallier la p\u00e9nurie actuelle de professionnels form\u00e9s. <\/p>\n\n\n<div class=\"wp-block-unilux-blocks-spacer is-spacer-size-sm\"><\/div>\n\n\n<section class=\"wp-block-unilux-blocks-quote-people\">\n    <div class=\"quote-people\" role=\"group\">\n        <figure class=\"quote-people__body\">\n            <blockquote class=\"quote-people__blockquote\">\n    <span class=\"quote-people__quote\">\u201f<\/span>\n    <em>Il ne s&rsquo;agit pas seulement de soins m\u00e9dicaux. Il s&rsquo;agit de garantir que chaque enfant au Luxembourg, quelle que soit sa condition, puisse vivre pleinement sa vie et \u00eatre entendu avec dignit\u00e9 sur ce qui compte le plus pour lui.<\/em>\u201d\n<\/blockquote>\n<div class=\"wp-block-unilux-blocks-wrapper quote-people__visual\"><figure class=\"wp-block-dev4-reusable-blocks-image  object-fit--cover\">\n    \n<img decoding=\"async\" class=\"wp-block-image unilux-custom-image-block\"\n                alt=\"\"\n            src=\"https:\/\/www.uni.lu\/wp-content\/uploads\/sites\/20\/2023\/07\/Marie-Friedel.jpg\"\n                srcset=\"https:\/\/www.uni.lu\/wp-content\/uploads\/sites\/20\/2023\/07\/Marie-Friedel-300x186.jpg 300w, https:\/\/www.uni.lu\/wp-content\/uploads\/sites\/20\/2023\/07\/Marie-Friedel-1024x634.jpg 1024w, https:\/\/www.uni.lu\/wp-content\/uploads\/sites\/20\/2023\/07\/Marie-Friedel-768x475.jpg 768w, https:\/\/www.uni.lu\/wp-content\/uploads\/sites\/20\/2023\/07\/Marie-Friedel-1536x951.jpg 1536w, https:\/\/www.uni.lu\/wp-content\/uploads\/sites\/20\/2023\/07\/Marie-Friedel.jpg 2000w\"\n                style=\"object-position: 92.00% 42.00%; font-family: &quot;object-fit: cover; object-position: 92.00% 42.00%;&quot;; aspect-ratio: 1\/1; object-fit: cover; width: 100%;\"\n        loading=\"lazy\"\n\/>    <\/figure><\/div>\n\n<div class=\"wp-block-unilux-blocks-wrapper quote-people__figcaption\">\n<p class=\"quote-people__author wp-block-unilux-blocks-plain-text\">Prof. Marie Friedel<\/p>\n\n\n<p class=\"quote-people__position wp-block-unilux-blocks-plain-text\">Professeure en sciences infirmi\u00e8res<\/p>\n\n<div class=\"wp-block-unilux-blocks-simple-cta\">\n    <a\n        href=\"https:\/\/www.uni.lu\/fstm-en\/people\/marie-friedel\/\"\n        title=\"View Profile\"\n        class=\"link-text link-text--icon quote-people__link\"\n        target=\"\"\n    >\n        <span class=\"link-text__body\">\n            <span class=\"link-text__name\">View profile<\/span>\n        <\/span>\n        <svg aria-hidden=\"true\" focusable=\"false\" class=\"icon icon-outline icon--arrow-right \"><use xlink:href=\"https:\/\/www.uni.lu\/wp-content\/themes\/unilux-theme\/assets\/images\/icons\/icons-outline.svg#icon--arrow-right\"><\/use><\/svg>    <\/a>\n<\/div>\n<\/div>\n        <\/figure>\n    <\/div>\n<\/section>\n\n<div class=\"wp-block-unilux-blocks-spacer is-spacer-size-sm\"><\/div>\n\n\n<p>Les soins palliatifs p\u00e9diatriques gagnent progressivement en reconnaissance et en importance au Luxembourg. En 2028, le Congr\u00e8s du R\u00e9seau francophone de soins palliatifs p\u00e9diatriques sera organis\u00e9 pour la premi\u00e8re fois dans le pays, un jalon majeur pour ce domaine. <\/p>\n\n\n<div class=\"wp-block-unilux-blocks-spacer is-spacer-size-md\"><\/div><\/div><\/section>\n\n\n<section class=\"section section wp-block-unilux-blocks-quick-link-discover-section py-0\">\n    <div class=\"container xl:max-w-screen-xl\">\n        \n<h2 class=\"has-text-align-left wp-block-unilux-blocks-heading\"        id=\"a-lire-aussi\"\n    >\nA lire aussi&#8230;<\/h2>\n\n<ul class=\"wp-block-unilux-blocks-quick-link-discover quick-link-list\">\n<li class=\"wp-block-unilux-blocks-quick-link-discover-item\">\n    <a\n                    href=\"https:\/\/www.uni.lu\/en\/about\/fundraising\/support-our-research\/rare-childhood-diseases-research-fund\/\"\n                    class=\"quick-link\"\n            target=\"\"\n    >\n            <span class=\"quick-link__container\">\n                <span class=\"quick-link__text\">\n                    Soutenez notre fonds de recherche sur les maladies infantiles rares                <\/span>\n                <svg aria-hidden=\"true\" focusable=\"false\" class=\"icon icon-outline icon--arrow-right \"><use xlink:href=\"https:\/\/www.uni.lu\/wp-content\/themes\/unilux-theme\/assets\/images\/icons\/icons-outline.svg#icon--arrow-right\"><\/use><\/svg>            <\/span>\n    <\/a>\n<\/li>\n\n\n\n<li class=\"wp-block-unilux-blocks-quick-link-discover-item\">\n    <a\n                    href=\"https:\/\/www.uni.lu\/fstm-en\/study-programs\/bachelor-in-nursing-sciences-speciality-pediatric-nurse\/\"\n                    class=\"quick-link\"\n            target=\"\"\n    >\n            <span class=\"quick-link__container\">\n                <span class=\"quick-link__text\">\n                    Bachelor in Nursing Sciences &#8211; Speciality: Pediatric Nurse                <\/span>\n                <svg aria-hidden=\"true\" focusable=\"false\" class=\"icon icon-outline icon--arrow-right \"><use xlink:href=\"https:\/\/www.uni.lu\/wp-content\/themes\/unilux-theme\/assets\/images\/icons\/icons-outline.svg#icon--arrow-right\"><\/use><\/svg>            <\/span>\n    <\/a>\n<\/li>\n\n\n\n<li class=\"wp-block-unilux-blocks-quick-link-discover-item\">\n    <a\n                    href=\"https:\/\/www.uni.lu\/fstm-en\/news\/a-calling-in-care-prof-marie-friedels-mission-to-elevate-nursing-in-luxembourg\/\"\n                    class=\"quick-link\"\n            target=\"\"\n    >\n            <span class=\"quick-link__container\">\n                <span class=\"quick-link__text\">\n                    A calling in care: Prof. Marie Friedel&rsquo;s mission to elevate nursing in Luxembourg                <\/span>\n                <svg aria-hidden=\"true\" focusable=\"false\" class=\"icon icon-outline icon--arrow-right \"><use xlink:href=\"https:\/\/www.uni.lu\/wp-content\/themes\/unilux-theme\/assets\/images\/icons\/icons-outline.svg#icon--arrow-right\"><\/use><\/svg>            <\/span>\n    <\/a>\n<\/li>\n<\/ul>\n    <\/div>\n<\/section>","protected":false},"excerpt":{"rendered":"","protected":false},"author":325,"featured_media":3717,"template":"","format":"standard","meta":{"featured_image_focal_point":[],"show_featured_caption":false,"ulux_newsletter_groups":"","uluxPostTitle":"","uluxPrePostTitle":"","_trash_the_other_posts":false,"_price":"","_stock":"","_tribe_ticket_header":"","_tribe_default_ticket_provider":"","_tribe_ticket_capacity":"0","_ticket_start_date":"","_ticket_end_date":"","_tribe_ticket_show_description":"","_tribe_ticket_show_not_going":false,"_tribe_ticket_use_global_stock":"","_tribe_ticket_global_stock_level":"","_global_stock_mode":"","_global_stock_cap":"","_tribe_rsvp_for_event":"","_tribe_ticket_going_count":"","_tribe_ticket_not_going_count":"","_tribe_tickets_list":"[]","_tribe_ticket_has_attendee_info_fields":false},"news-category":[3],"news-topic":[18],"organisation":[95,24],"authorship":[325],"acf":[],"yoast_head":"<!-- This site is optimized with the Yoast SEO Premium plugin v22.3 (Yoast SEO v22.3) - https:\/\/yoast.com\/wordpress\/plugins\/seo\/ -->\n<title>Donner la parole aux enfants en soins palliatifs - FSTM actualit\u00e9s I Universit\u00e9 du Luxembourg<\/title>\n<meta name=\"description\" content=\"Comment mieux comprendre et \u00e9valuer la qualit\u00e9 de vie des enfants vivant avec des maladies potentiellement mortelles ou n\u00e9cessitant des traitements\" \/>\n<meta name=\"robots\" content=\"index, follow, max-snippet:-1, max-image-preview:large, max-video-preview:-1\" \/>\n<link rel=\"canonical\" href=\"https:\/\/www.uni.lu\/fstm-fr\/news\/giving-children-a-voice-in-pediatric-palliative-care\/\" \/>\n<meta property=\"og:locale\" content=\"fr_FR\" \/>\n<meta property=\"og:type\" content=\"article\" \/>\n<meta property=\"og:title\" content=\"Donner la parole aux enfants en soins palliatifs\" \/>\n<meta property=\"og:description\" content=\"Comment mieux comprendre et \u00e9valuer la qualit\u00e9 de vie des enfants vivant avec des maladies potentiellement mortelles ou n\u00e9cessitant des traitements\" \/>\n<meta property=\"og:url\" content=\"https:\/\/www.uni.lu\/fstm-fr\/news\/giving-children-a-voice-in-pediatric-palliative-care\/\" \/>\n<meta property=\"og:site_name\" content=\"FSTM FR\" \/>\n<meta property=\"article:publisher\" content=\"https:\/\/www.facebook.com\/fstm.uni.lu\/\" \/>\n<meta property=\"article:modified_time\" content=\"2026-02-27T10:39:15+00:00\" \/>\n<meta property=\"og:image\" content=\"https:\/\/www.uni.lu\/wp-content\/uploads\/sites\/20\/2026\/02\/26160205\/Capture-decran-2026-02-26-a-16.01.48.png\" \/>\n\t<meta property=\"og:image:width\" content=\"1606\" \/>\n\t<meta property=\"og:image:height\" content=\"1138\" \/>\n\t<meta property=\"og:image:type\" content=\"image\/png\" \/>\n<meta name=\"twitter:card\" content=\"summary_large_image\" \/>\n<meta name=\"twitter:label1\" content=\"Dur\u00e9e de lecture estim\u00e9e\" \/>\n\t<meta name=\"twitter:data1\" content=\"6 minutes\" \/>\n<script type=\"application\/ld+json\" class=\"yoast-schema-graph\">{\"@context\":\"https:\/\/schema.org\",\"@graph\":[{\"@type\":\"NewsArticle\",\"@id\":\"https:\/\/www.uni.lu\/fstm-fr\/news\/giving-children-a-voice-in-pediatric-palliative-care\/#article\",\"isPartOf\":{\"@id\":\"https:\/\/www.uni.lu\/fstm-fr\/news\/giving-children-a-voice-in-pediatric-palliative-care\/\"},\"author\":{\"name\":\"larapunt\",\"@id\":\"https:\/\/www.uni.lu\/fstm-fr\/#\/schema\/person\/9e909424a39bf837a0cf16a4640570f1\"},\"headline\":\"Donner la parole aux enfants en soins palliatifs\",\"datePublished\":\"2026-02-27T09:00:00+00:00\",\"dateModified\":\"2026-02-27T10:39:15+00:00\",\"mainEntityOfPage\":{\"@id\":\"https:\/\/www.uni.lu\/fstm-fr\/news\/giving-children-a-voice-in-pediatric-palliative-care\/\"},\"wordCount\":1197,\"publisher\":{\"@id\":\"https:\/\/www.uni.lu\/fstm-fr\/#organization\"},\"image\":{\"@id\":\"https:\/\/www.uni.lu\/fstm-fr\/news\/giving-children-a-voice-in-pediatric-palliative-care\/#primaryimage\"},\"thumbnailUrl\":\"https:\/\/www.uni.lu\/wp-content\/uploads\/sites\/20\/2026\/02\/26160205\/Capture-decran-2026-02-26-a-16.01.48.png\",\"inLanguage\":\"fr-FR\"},{\"@type\":\"WebPage\",\"@id\":\"https:\/\/www.uni.lu\/fstm-fr\/news\/giving-children-a-voice-in-pediatric-palliative-care\/\",\"url\":\"https:\/\/www.uni.lu\/fstm-fr\/news\/giving-children-a-voice-in-pediatric-palliative-care\/\",\"name\":\"Donner la parole aux enfants en soins palliatifs - FSTM actualit\u00e9s I Universit\u00e9 du Luxembourg\",\"isPartOf\":{\"@id\":\"https:\/\/www.uni.lu\/fstm-fr\/#website\"},\"primaryImageOfPage\":{\"@id\":\"https:\/\/www.uni.lu\/fstm-fr\/news\/giving-children-a-voice-in-pediatric-palliative-care\/#primaryimage\"},\"image\":{\"@id\":\"https:\/\/www.uni.lu\/fstm-fr\/news\/giving-children-a-voice-in-pediatric-palliative-care\/#primaryimage\"},\"thumbnailUrl\":\"https:\/\/www.uni.lu\/wp-content\/uploads\/sites\/20\/2026\/02\/26160205\/Capture-decran-2026-02-26-a-16.01.48.png\",\"datePublished\":\"2026-02-27T09:00:00+00:00\",\"dateModified\":\"2026-02-27T10:39:15+00:00\",\"description\":\"Comment mieux comprendre et \u00e9valuer la qualit\u00e9 de vie des enfants vivant avec des maladies potentiellement mortelles ou n\u00e9cessitant des traitements\",\"breadcrumb\":{\"@id\":\"https:\/\/www.uni.lu\/fstm-fr\/news\/giving-children-a-voice-in-pediatric-palliative-care\/#breadcrumb\"},\"inLanguage\":\"fr-FR\",\"potentialAction\":[{\"@type\":\"ReadAction\",\"target\":[\"https:\/\/www.uni.lu\/fstm-fr\/news\/giving-children-a-voice-in-pediatric-palliative-care\/\"]}]},{\"@type\":\"ImageObject\",\"inLanguage\":\"fr-FR\",\"@id\":\"https:\/\/www.uni.lu\/fstm-fr\/news\/giving-children-a-voice-in-pediatric-palliative-care\/#primaryimage\",\"url\":\"https:\/\/www.uni.lu\/wp-content\/uploads\/sites\/20\/2026\/02\/26160205\/Capture-decran-2026-02-26-a-16.01.48.png\",\"contentUrl\":\"https:\/\/www.uni.lu\/wp-content\/uploads\/sites\/20\/2026\/02\/26160205\/Capture-decran-2026-02-26-a-16.01.48.png\",\"width\":1606,\"height\":1138},{\"@type\":\"BreadcrumbList\",\"@id\":\"https:\/\/www.uni.lu\/fstm-fr\/news\/giving-children-a-voice-in-pediatric-palliative-care\/#breadcrumb\",\"itemListElement\":[{\"@type\":\"ListItem\",\"position\":1,\"name\":\"Home\",\"item\":\"https:\/\/www.uni.lu\/fr\"},{\"@type\":\"ListItem\",\"position\":2,\"name\":\"Facult\u00e9 des Sciences, des Technologies et de M\u00e9decine\",\"item\":\"https:\/\/www.uni.lu\/fstm-fr\/\"},{\"@type\":\"ListItem\",\"position\":3,\"name\":\"News\",\"item\":\"https:\/\/www.uni.lu\/fstm-fr\/news\/\"},{\"@type\":\"ListItem\",\"position\":4,\"name\":\"Donner la parole aux enfants en soins palliatifs\"}]},{\"@type\":\"WebSite\",\"@id\":\"https:\/\/www.uni.lu\/fstm-fr\/#website\",\"url\":\"https:\/\/www.uni.lu\/fstm-fr\/\",\"name\":\"FSTM\",\"description\":\"Facult\u00e9 des Sciences, des Technologies et de M\u00e9decine I Uni.lu\",\"publisher\":{\"@id\":\"https:\/\/www.uni.lu\/fstm-fr\/#organization\"},\"alternateName\":\"Facult\u00e9 des Sciences, des Technologies et de M\u00e9decine I Universit\u00e9 du Luxembourg\",\"potentialAction\":[{\"@type\":\"SearchAction\",\"target\":{\"@type\":\"EntryPoint\",\"urlTemplate\":\"https:\/\/www.uni.lu\/fstm-fr\/?s={search_term_string}\"},\"query-input\":\"required name=search_term_string\"}],\"inLanguage\":\"fr-FR\"},{\"@type\":\"Organization\",\"@id\":\"https:\/\/www.uni.lu\/fstm-fr\/#organization\",\"name\":\"FSTM - Universit\u00e9 du Luxembourg I Uni.lu\",\"alternateName\":\"Facult\u00e9 des Sciences, des Technologies et de M\u00e9decine\",\"url\":\"https:\/\/www.uni.lu\/fstm-fr\/\",\"logo\":{\"@type\":\"ImageObject\",\"inLanguage\":\"fr-FR\",\"@id\":\"https:\/\/www.uni.lu\/fstm-fr\/#\/schema\/logo\/image\/\",\"url\":\"https:\/\/www.uni.lu\/wp-content\/uploads\/sites\/20\/2026\/03\/03111744\/FSTM_SM-Profile_1600x1600px-scaled.jpg\",\"contentUrl\":\"https:\/\/www.uni.lu\/wp-content\/uploads\/sites\/20\/2026\/03\/03111744\/FSTM_SM-Profile_1600x1600px-scaled.jpg\",\"width\":2560,\"height\":2560,\"caption\":\"FSTM - Universit\u00e9 du Luxembourg I Uni.lu\"},\"image\":\"https:\/\/www.uni.lu\/wp-content\/uploads\/sites\/20\/2026\/04\/24144332\/20200609-Belval-Campus_Henri-Goergen-23.jpg\",\"sameAs\":[\"https:\/\/www.facebook.com\/fstm.uni.lu\/\",\"https:\/\/www.linkedin.com\/showcase\/fstm-uni-lu\"],\"email\":\"communication@uni.lu\",\"telephone\":\"+3524666441\",\"address\":{\"@type\":\"PostalAddress\",\"streetAddress\":\"2, place de l\u2019Universit\u00e9\",\"addressLocality\":\"Esch-sur-Alzette\",\"postalCode\":\"4365\",\"addressCountry\":\"LU\"},\"description\":\"Facult\u00e9 des Sciences, des Technologies et de M\u00e9decine I Uni.lu\"},{\"@type\":\"Person\",\"@id\":\"https:\/\/www.uni.lu\/fstm-fr\/#\/schema\/person\/9e909424a39bf837a0cf16a4640570f1\",\"name\":\"larapunt\",\"image\":{\"@type\":\"ImageObject\",\"inLanguage\":\"fr-FR\",\"@id\":\"https:\/\/www.uni.lu\/fstm-fr\/#\/schema\/person\/image\/\",\"url\":\"https:\/\/secure.gravatar.com\/avatar\/e6936a16453ddbc9fec6aa2e0a0e8bee?s=96&d=mm&r=g\",\"contentUrl\":\"https:\/\/secure.gravatar.com\/avatar\/e6936a16453ddbc9fec6aa2e0a0e8bee?s=96&d=mm&r=g\",\"caption\":\"larapunt\"}}]}<\/script>\n<!-- \/ Yoast SEO Premium plugin. -->","yoast_head_json":{"title":"Donner la parole aux enfants en soins palliatifs - FSTM actualit\u00e9s I Universit\u00e9 du Luxembourg","description":"Comment mieux comprendre et \u00e9valuer la qualit\u00e9 de vie des enfants vivant avec des maladies potentiellement mortelles ou n\u00e9cessitant des traitements","robots":{"index":"index","follow":"follow","max-snippet":"max-snippet:-1","max-image-preview":"max-image-preview:large","max-video-preview":"max-video-preview:-1"},"canonical":"https:\/\/www.uni.lu\/fstm-fr\/news\/giving-children-a-voice-in-pediatric-palliative-care\/","og_locale":"fr_FR","og_type":"article","og_title":"Donner la parole aux enfants en soins palliatifs","og_description":"Comment mieux comprendre et \u00e9valuer la qualit\u00e9 de vie des enfants vivant avec des maladies potentiellement mortelles ou n\u00e9cessitant des traitements","og_url":"https:\/\/www.uni.lu\/fstm-fr\/news\/giving-children-a-voice-in-pediatric-palliative-care\/","og_site_name":"FSTM FR","article_publisher":"https:\/\/www.facebook.com\/fstm.uni.lu\/","article_modified_time":"2026-02-27T10:39:15+00:00","og_image":[{"width":1606,"height":1138,"url":"https:\/\/www.uni.lu\/wp-content\/uploads\/sites\/20\/2026\/02\/26160205\/Capture-decran-2026-02-26-a-16.01.48.png","type":"image\/png"}],"twitter_card":"summary_large_image","twitter_misc":{"Dur\u00e9e de lecture estim\u00e9e":"6 minutes"},"schema":{"@context":"https:\/\/schema.org","@graph":[{"@type":"NewsArticle","@id":"https:\/\/www.uni.lu\/fstm-fr\/news\/giving-children-a-voice-in-pediatric-palliative-care\/#article","isPartOf":{"@id":"https:\/\/www.uni.lu\/fstm-fr\/news\/giving-children-a-voice-in-pediatric-palliative-care\/"},"author":{"name":"larapunt","@id":"https:\/\/www.uni.lu\/fstm-fr\/#\/schema\/person\/9e909424a39bf837a0cf16a4640570f1"},"headline":"Donner la parole aux enfants en soins palliatifs","datePublished":"2026-02-27T09:00:00+00:00","dateModified":"2026-02-27T10:39:15+00:00","mainEntityOfPage":{"@id":"https:\/\/www.uni.lu\/fstm-fr\/news\/giving-children-a-voice-in-pediatric-palliative-care\/"},"wordCount":1197,"publisher":{"@id":"https:\/\/www.uni.lu\/fstm-fr\/#organization"},"image":{"@id":"https:\/\/www.uni.lu\/fstm-fr\/news\/giving-children-a-voice-in-pediatric-palliative-care\/#primaryimage"},"thumbnailUrl":"https:\/\/www.uni.lu\/wp-content\/uploads\/sites\/20\/2026\/02\/26160205\/Capture-decran-2026-02-26-a-16.01.48.png","inLanguage":"fr-FR"},{"@type":"WebPage","@id":"https:\/\/www.uni.lu\/fstm-fr\/news\/giving-children-a-voice-in-pediatric-palliative-care\/","url":"https:\/\/www.uni.lu\/fstm-fr\/news\/giving-children-a-voice-in-pediatric-palliative-care\/","name":"Donner la parole aux enfants en soins palliatifs - FSTM actualit\u00e9s I Universit\u00e9 du Luxembourg","isPartOf":{"@id":"https:\/\/www.uni.lu\/fstm-fr\/#website"},"primaryImageOfPage":{"@id":"https:\/\/www.uni.lu\/fstm-fr\/news\/giving-children-a-voice-in-pediatric-palliative-care\/#primaryimage"},"image":{"@id":"https:\/\/www.uni.lu\/fstm-fr\/news\/giving-children-a-voice-in-pediatric-palliative-care\/#primaryimage"},"thumbnailUrl":"https:\/\/www.uni.lu\/wp-content\/uploads\/sites\/20\/2026\/02\/26160205\/Capture-decran-2026-02-26-a-16.01.48.png","datePublished":"2026-02-27T09:00:00+00:00","dateModified":"2026-02-27T10:39:15+00:00","description":"Comment mieux comprendre et \u00e9valuer la qualit\u00e9 de vie des enfants vivant avec des maladies potentiellement mortelles ou n\u00e9cessitant des traitements","breadcrumb":{"@id":"https:\/\/www.uni.lu\/fstm-fr\/news\/giving-children-a-voice-in-pediatric-palliative-care\/#breadcrumb"},"inLanguage":"fr-FR","potentialAction":[{"@type":"ReadAction","target":["https:\/\/www.uni.lu\/fstm-fr\/news\/giving-children-a-voice-in-pediatric-palliative-care\/"]}]},{"@type":"ImageObject","inLanguage":"fr-FR","@id":"https:\/\/www.uni.lu\/fstm-fr\/news\/giving-children-a-voice-in-pediatric-palliative-care\/#primaryimage","url":"https:\/\/www.uni.lu\/wp-content\/uploads\/sites\/20\/2026\/02\/26160205\/Capture-decran-2026-02-26-a-16.01.48.png","contentUrl":"https:\/\/www.uni.lu\/wp-content\/uploads\/sites\/20\/2026\/02\/26160205\/Capture-decran-2026-02-26-a-16.01.48.png","width":1606,"height":1138},{"@type":"BreadcrumbList","@id":"https:\/\/www.uni.lu\/fstm-fr\/news\/giving-children-a-voice-in-pediatric-palliative-care\/#breadcrumb","itemListElement":[{"@type":"ListItem","position":1,"name":"Home","item":"https:\/\/www.uni.lu\/fr"},{"@type":"ListItem","position":2,"name":"Facult\u00e9 des Sciences, des Technologies et de M\u00e9decine","item":"https:\/\/www.uni.lu\/fstm-fr\/"},{"@type":"ListItem","position":3,"name":"News","item":"https:\/\/www.uni.lu\/fstm-fr\/news\/"},{"@type":"ListItem","position":4,"name":"Donner la parole aux enfants en soins palliatifs"}]},{"@type":"WebSite","@id":"https:\/\/www.uni.lu\/fstm-fr\/#website","url":"https:\/\/www.uni.lu\/fstm-fr\/","name":"FSTM","description":"Facult\u00e9 des Sciences, des Technologies et de M\u00e9decine I Uni.lu","publisher":{"@id":"https:\/\/www.uni.lu\/fstm-fr\/#organization"},"alternateName":"Facult\u00e9 des Sciences, des Technologies et de M\u00e9decine I Universit\u00e9 du Luxembourg","potentialAction":[{"@type":"SearchAction","target":{"@type":"EntryPoint","urlTemplate":"https:\/\/www.uni.lu\/fstm-fr\/?s={search_term_string}"},"query-input":"required name=search_term_string"}],"inLanguage":"fr-FR"},{"@type":"Organization","@id":"https:\/\/www.uni.lu\/fstm-fr\/#organization","name":"FSTM - Universit\u00e9 du Luxembourg I Uni.lu","alternateName":"Facult\u00e9 des Sciences, des Technologies et de M\u00e9decine","url":"https:\/\/www.uni.lu\/fstm-fr\/","logo":{"@type":"ImageObject","inLanguage":"fr-FR","@id":"https:\/\/www.uni.lu\/fstm-fr\/#\/schema\/logo\/image\/","url":"https:\/\/www.uni.lu\/wp-content\/uploads\/sites\/20\/2026\/03\/03111744\/FSTM_SM-Profile_1600x1600px-scaled.jpg","contentUrl":"https:\/\/www.uni.lu\/wp-content\/uploads\/sites\/20\/2026\/03\/03111744\/FSTM_SM-Profile_1600x1600px-scaled.jpg","width":2560,"height":2560,"caption":"FSTM - Universit\u00e9 du Luxembourg I Uni.lu"},"image":"https:\/\/www.uni.lu\/wp-content\/uploads\/sites\/20\/2026\/04\/24144332\/20200609-Belval-Campus_Henri-Goergen-23.jpg","sameAs":["https:\/\/www.facebook.com\/fstm.uni.lu\/","https:\/\/www.linkedin.com\/showcase\/fstm-uni-lu"],"email":"communication@uni.lu","telephone":"+3524666441","address":{"@type":"PostalAddress","streetAddress":"2, place de l\u2019Universit\u00e9","addressLocality":"Esch-sur-Alzette","postalCode":"4365","addressCountry":"LU"},"description":"Facult\u00e9 des Sciences, des Technologies et de M\u00e9decine I Uni.lu"},{"@type":"Person","@id":"https:\/\/www.uni.lu\/fstm-fr\/#\/schema\/person\/9e909424a39bf837a0cf16a4640570f1","name":"larapunt","image":{"@type":"ImageObject","inLanguage":"fr-FR","@id":"https:\/\/www.uni.lu\/fstm-fr\/#\/schema\/person\/image\/","url":"https:\/\/secure.gravatar.com\/avatar\/e6936a16453ddbc9fec6aa2e0a0e8bee?s=96&d=mm&r=g","contentUrl":"https:\/\/secure.gravatar.com\/avatar\/e6936a16453ddbc9fec6aa2e0a0e8bee?s=96&d=mm&r=g","caption":"larapunt"}}]}},"blog_id":20,"_links":{"self":[{"href":"https:\/\/www.uni.lu\/fstm-fr\/wp-json\/wp\/v2\/news\/3716"}],"collection":[{"href":"https:\/\/www.uni.lu\/fstm-fr\/wp-json\/wp\/v2\/news"}],"about":[{"href":"https:\/\/www.uni.lu\/fstm-fr\/wp-json\/wp\/v2\/types\/news"}],"author":[{"embeddable":true,"href":"https:\/\/www.uni.lu\/fstm-fr\/wp-json\/wp\/v2\/users\/325"}],"version-history":[{"count":3,"href":"https:\/\/www.uni.lu\/fstm-fr\/wp-json\/wp\/v2\/news\/3716\/revisions"}],"predecessor-version":[{"id":3720,"href":"https:\/\/www.uni.lu\/fstm-fr\/wp-json\/wp\/v2\/news\/3716\/revisions\/3720"}],"wp:authorship":[{"embeddable":true,"href":"https:\/\/www.uni.lu\/fstm-fr\/wp-json\/wp\/v2\/users\/325"}],"wp:featuredmedia":[{"embeddable":true,"href":"https:\/\/www.uni.lu\/fstm-fr\/wp-json\/wp\/v2\/media\/3717"}],"wp:attachment":[{"href":"https:\/\/www.uni.lu\/fstm-fr\/wp-json\/wp\/v2\/media?parent=3716"}],"wp:term":[{"taxonomy":"news-category","embeddable":true,"href":"https:\/\/www.uni.lu\/fstm-fr\/wp-json\/wp\/v2\/news-category?post=3716"},{"taxonomy":"news-topic","embeddable":true,"href":"https:\/\/www.uni.lu\/fstm-fr\/wp-json\/wp\/v2\/news-topic?post=3716"},{"taxonomy":"organisation","embeddable":true,"href":"https:\/\/www.uni.lu\/fstm-fr\/wp-json\/wp\/v2\/organisation?post=3716"}],"curies":[{"name":"wp","href":"https:\/\/api.w.org\/{rel}","templated":true}]}}