{"id":263,"date":"2025-10-29T14:20:35","date_gmt":"2025-10-29T13:20:35","guid":{"rendered":"https:\/\/www.uni.lu\/fstm-de\/?post_type=news&#038;p=263"},"modified":"2025-10-29T14:20:37","modified_gmt":"2025-10-29T13:20:37","slug":"cybersicherheit-ein-balanceakt-um-sich-an-neue-herausforderungen-anzupassen","status":"publish","type":"news","link":"https:\/\/www.uni.lu\/fstm-de\/news\/cybersicherheit-ein-balanceakt-um-sich-an-neue-herausforderungen-anzupassen\/","title":{"rendered":"Cybersicherheit: Ein Balanceakt, um sich an neue Herausforderungen anzupassen"},"content":{"rendered":"\n<section class=\"wp-block-unilux-blocks-free-section section\"><div class=\"container xl:max-w-screen-xl\">\n<p>Anl\u00e4sslich des Europ\u00e4ischen Monats der Cybersicherheit machten drei Professoren der Universit\u00e4t eine Bestandsaufnahme der Herausforderungen, die mit der Schaffung eines koh\u00e4renten Ansatzes f\u00fcr die Cybersicherheit in Europa verbunden sind. Prof. Vincent Lenders, Inhaber des FNR-PEARL-Lehrstuhls f\u00fcr Cybersicherheit, Prof. Niovi Vavoula, Inhaberin des Lehrstuhls f\u00fcr Cyberpolitik, und Dr. Andy Rupp, Co-Direktor des Masterstudiengangs Cybersicherheit und Cyberabwehr, untersuchten die Spannungen zwischen technologischer Innovation, Infrastruktur und Regulierung.<\/p>\n\n\n\n<p><em>Das Interview wurde zur besseren Verst\u00e4ndlichkeit redigiert.<\/em><\/p>\n\n\n\n<p><strong>Was raubt Ihnen in Bezug auf Cybersicherheit den Schlaf?<\/strong><\/p>\n\n\n\n<p><strong>Vincent Lenders:<\/strong> \u201eDie Geschwindigkeit, mit der sich neue Bedrohungen entwickeln, und die Art und Weise, wie Spitzentechnologien wie KI und Quantencomputing die Cybersicherheit radikal ver\u00e4ndern werden. \u00bb<\/p>\n\n\n\n<p><strong>Niovi Vavoula:<\/strong> \u201eDie Risiken, die damit verbunden sind, dass die Regulierung nicht mit den technologischen Innovationen Schritt h\u00e4lt oder, schlimmer noch, unsere Reaktionen auf Schwachstellen verlangsamt.\u201d<\/p>\n\n\n\n<p><strong>Andy Rupp:<\/strong> \u201eDie Verz\u00f6gerung zwischen technologischer Innovation und der Umsetzung in der realen Welt. Unternehmen betrachten Datenschutz zu oft als Kostenfaktor und nicht als Katalysator. \u00bb<\/p>\n\n\n\n<p><\/p>\n\n\n\n<p>Lesen Sie den Beitrag <a href=\"https:\/\/www.uni.lu\/fstm-en\/news\/across-disciplines-navigating-legacy-systems-and-innovation-in-cybersecurity\/\">auf Englisch<\/a> weiter, um ihre Meinungen zu diesen Themen zu erfahren:<\/p>\n\n\n\n<ul class=\"ulux-list\">\n<li class=\"ulux-list-item\">Wie lassen sich die Ambitionen Europas in Bezug auf digitale Souver\u00e4nit\u00e4t und internationale Zusammenarbeit in Einklang bringen?<\/li>\n\n\n\n<li class=\"ulux-list-item\">Was sind die gr\u00f6\u00dften technischen oder organisatorischen Hindernisse f\u00fcr die Sicherung physischer Systeme (Energienetz, Smart Cities, industrielle Steuerungen) in Europa?<\/li>\n\n\n\n<li class=\"ulux-list-item\">Wer muss die Verantwortung \u00fcbernehmen, wenn ein Cyberangriff physische Sch\u00e4den oder St\u00f6rungen verursacht?<\/li>\n\n\n\n<li class=\"ulux-list-item\">Der zunehmende Fachkr\u00e4ftemangel in Europa gef\u00e4hrdet seine digitalen Ambitionen. Wie kann die Bildung diese L\u00fccke schlie\u00dfen?<\/li>\n\n\n\n<li class=\"ulux-list-item\"><strong>Ein Wunsch f\u00fcr 2030?<\/strong><\/li>\n<\/ul>\n<\/div><\/section>\n","protected":false},"excerpt":{"rendered":"<p>Anl\u00e4sslich des Europ\u00e4ischen Monats der Cybersicherheit machten kamen drei Professoren der Universit\u00e4t zusammen, um eine Bestandsaufnahme der Herausforderungen zu machen, die mit der Schaffung eines koh\u00e4renten Ansatzes f\u00fcr die Cybersicherheit in Europa verbunden sind. <\/p>\n","protected":false},"author":325,"featured_media":266,"template":"","format":"standard","meta":{"featured_image_focal_point":{"x":0.48,"y":0.61},"show_featured_caption":false,"ulux_newsletter_groups":"","uluxPostTitle":"","uluxPrePostTitle":"","_trash_the_other_posts":false,"_price":"","_stock":"","_tribe_ticket_header":"","_tribe_default_ticket_provider":"","_tribe_ticket_capacity":"0","_ticket_start_date":"","_ticket_end_date":"","_tribe_ticket_show_description":"","_tribe_ticket_show_not_going":false,"_tribe_ticket_use_global_stock":"","_tribe_ticket_global_stock_level":"","_global_stock_mode":"","_global_stock_cap":"","_tribe_rsvp_for_event":"","_tribe_ticket_going_count":"","_tribe_ticket_not_going_count":"","_tribe_tickets_list":"[]","_tribe_ticket_has_attendee_info_fields":false},"news-category":[3],"news-topic":[9,17],"organisation":[],"authorship":[325],"acf":[],"yoast_head":"<!-- This site is optimized with the Yoast SEO Premium plugin v22.3 (Yoast SEO v22.3) - https:\/\/yoast.com\/wordpress\/plugins\/seo\/ -->\n<title>Cybersicherheit: Ein Balanceakt, um sich an neue Herausforderungen anzupassen - FSTM Aktualit\u00e4ten I Universit\u00e4t Luxemburg<\/title>\n<meta name=\"description\" content=\"Anl\u00e4sslich des Europ\u00e4ischen Monats der Cybersicherheit machten kamen drei Professoren der Universit\u00e4t zusammen, um eine Bestandsaufnahme der Herausforderungen zu machen, die mit der Schaffung eines koh\u00e4renten Ansatzes f\u00fcr die Cybersicherheit in Europa verbunden sind.\" \/>\n<meta name=\"robots\" content=\"index, follow, max-snippet:-1, max-image-preview:large, max-video-preview:-1\" \/>\n<link rel=\"canonical\" href=\"https:\/\/www.uni.lu\/fstm-de\/news\/cybersicherheit-ein-balanceakt-um-sich-an-neue-herausforderungen-anzupassen\/\" \/>\n<meta property=\"og:locale\" content=\"de_DE\" \/>\n<meta property=\"og:type\" content=\"article\" \/>\n<meta property=\"og:title\" content=\"Cybersicherheit: Ein Balanceakt, um sich an neue Herausforderungen anzupassen\" \/>\n<meta property=\"og:description\" content=\"Anl\u00e4sslich des Europ\u00e4ischen Monats der Cybersicherheit machten kamen drei Professoren der Universit\u00e4t zusammen, um eine Bestandsaufnahme der Herausforderungen zu machen, die mit der Schaffung eines koh\u00e4renten Ansatzes f\u00fcr die Cybersicherheit in Europa verbunden sind.\" \/>\n<meta property=\"og:url\" content=\"https:\/\/www.uni.lu\/fstm-de\/news\/cybersicherheit-ein-balanceakt-um-sich-an-neue-herausforderungen-anzupassen\/\" \/>\n<meta property=\"og:site_name\" content=\"FSTM DE\" \/>\n<meta property=\"article:publisher\" content=\"https:\/\/www.facebook.com\/fstm.uni.lu\/\" \/>\n<meta property=\"article:modified_time\" content=\"2025-10-29T13:20:37+00:00\" \/>\n<meta property=\"og:image\" content=\"https:\/\/www.uni.lu\/wp-content\/uploads\/sites\/19\/2025\/10\/29142011\/Group-photo-scaled.jpg\" \/>\n\t<meta property=\"og:image:width\" content=\"2560\" \/>\n\t<meta property=\"og:image:height\" content=\"1445\" \/>\n\t<meta property=\"og:image:type\" content=\"image\/jpeg\" \/>\n<meta name=\"twitter:card\" content=\"summary_large_image\" \/>\n<meta name=\"twitter:label1\" content=\"Gesch\u00e4tzte Lesezeit\" \/>\n\t<meta name=\"twitter:data1\" content=\"2 Minuten\" \/>\n<script type=\"application\/ld+json\" class=\"yoast-schema-graph\">{\"@context\":\"https:\/\/schema.org\",\"@graph\":[{\"@type\":\"NewsArticle\",\"@id\":\"https:\/\/www.uni.lu\/fstm-de\/news\/cybersicherheit-ein-balanceakt-um-sich-an-neue-herausforderungen-anzupassen\/#article\",\"isPartOf\":{\"@id\":\"https:\/\/www.uni.lu\/fstm-de\/news\/cybersicherheit-ein-balanceakt-um-sich-an-neue-herausforderungen-anzupassen\/\"},\"author\":{\"name\":\"larapunt\",\"@id\":\"https:\/\/www.uni.lu\/fstm-de\/#\/schema\/person\/9e909424a39bf837a0cf16a4640570f1\"},\"headline\":\"Cybersicherheit: Ein Balanceakt, um sich an neue Herausforderungen anzupassen\",\"datePublished\":\"2025-10-29T13:20:35+00:00\",\"dateModified\":\"2025-10-29T13:20:37+00:00\",\"mainEntityOfPage\":{\"@id\":\"https:\/\/www.uni.lu\/fstm-de\/news\/cybersicherheit-ein-balanceakt-um-sich-an-neue-herausforderungen-anzupassen\/\"},\"wordCount\":272,\"publisher\":{\"@id\":\"https:\/\/www.uni.lu\/fstm-de\/#organization\"},\"image\":{\"@id\":\"https:\/\/www.uni.lu\/fstm-de\/news\/cybersicherheit-ein-balanceakt-um-sich-an-neue-herausforderungen-anzupassen\/#primaryimage\"},\"thumbnailUrl\":\"https:\/\/www.uni.lu\/wp-content\/uploads\/sites\/19\/2025\/10\/29142011\/Group-photo-scaled.jpg\",\"inLanguage\":\"de-DE\"},{\"@type\":\"WebPage\",\"@id\":\"https:\/\/www.uni.lu\/fstm-de\/news\/cybersicherheit-ein-balanceakt-um-sich-an-neue-herausforderungen-anzupassen\/\",\"url\":\"https:\/\/www.uni.lu\/fstm-de\/news\/cybersicherheit-ein-balanceakt-um-sich-an-neue-herausforderungen-anzupassen\/\",\"name\":\"Cybersicherheit: Ein Balanceakt, um sich an neue Herausforderungen anzupassen - FSTM Aktualit\u00e4ten I Universit\u00e4t Luxemburg\",\"isPartOf\":{\"@id\":\"https:\/\/www.uni.lu\/fstm-de\/#website\"},\"primaryImageOfPage\":{\"@id\":\"https:\/\/www.uni.lu\/fstm-de\/news\/cybersicherheit-ein-balanceakt-um-sich-an-neue-herausforderungen-anzupassen\/#primaryimage\"},\"image\":{\"@id\":\"https:\/\/www.uni.lu\/fstm-de\/news\/cybersicherheit-ein-balanceakt-um-sich-an-neue-herausforderungen-anzupassen\/#primaryimage\"},\"thumbnailUrl\":\"https:\/\/www.uni.lu\/wp-content\/uploads\/sites\/19\/2025\/10\/29142011\/Group-photo-scaled.jpg\",\"datePublished\":\"2025-10-29T13:20:35+00:00\",\"dateModified\":\"2025-10-29T13:20:37+00:00\",\"description\":\"Anl\u00e4sslich des Europ\u00e4ischen Monats der Cybersicherheit machten kamen drei Professoren der Universit\u00e4t zusammen, um eine Bestandsaufnahme der Herausforderungen zu machen, die mit der Schaffung eines koh\u00e4renten Ansatzes f\u00fcr die Cybersicherheit in Europa verbunden sind.\",\"breadcrumb\":{\"@id\":\"https:\/\/www.uni.lu\/fstm-de\/news\/cybersicherheit-ein-balanceakt-um-sich-an-neue-herausforderungen-anzupassen\/#breadcrumb\"},\"inLanguage\":\"de-DE\",\"potentialAction\":[{\"@type\":\"ReadAction\",\"target\":[\"https:\/\/www.uni.lu\/fstm-de\/news\/cybersicherheit-ein-balanceakt-um-sich-an-neue-herausforderungen-anzupassen\/\"]}]},{\"@type\":\"ImageObject\",\"inLanguage\":\"de-DE\",\"@id\":\"https:\/\/www.uni.lu\/fstm-de\/news\/cybersicherheit-ein-balanceakt-um-sich-an-neue-herausforderungen-anzupassen\/#primaryimage\",\"url\":\"https:\/\/www.uni.lu\/wp-content\/uploads\/sites\/19\/2025\/10\/29142011\/Group-photo-scaled.jpg\",\"contentUrl\":\"https:\/\/www.uni.lu\/wp-content\/uploads\/sites\/19\/2025\/10\/29142011\/Group-photo-scaled.jpg\",\"width\":2560,\"height\":1445},{\"@type\":\"BreadcrumbList\",\"@id\":\"https:\/\/www.uni.lu\/fstm-de\/news\/cybersicherheit-ein-balanceakt-um-sich-an-neue-herausforderungen-anzupassen\/#breadcrumb\",\"itemListElement\":[{\"@type\":\"ListItem\",\"position\":1,\"name\":\"Home\",\"item\":\"https:\/\/www.uni.lu\/de\"},{\"@type\":\"ListItem\",\"position\":2,\"name\":\"Fakult\u00e4t f\u00fcr Naturwissenschaften, Technologie und Medizin\",\"item\":\"https:\/\/www.uni.lu\/fstm-de\/\"},{\"@type\":\"ListItem\",\"position\":3,\"name\":\"News\",\"item\":\"https:\/\/www.uni.lu\/fstm-de\/news\/\"},{\"@type\":\"ListItem\",\"position\":4,\"name\":\"Cybersicherheit: Ein Balanceakt, um sich an neue Herausforderungen anzupassen\"}]},{\"@type\":\"WebSite\",\"@id\":\"https:\/\/www.uni.lu\/fstm-de\/#website\",\"url\":\"https:\/\/www.uni.lu\/fstm-de\/\",\"name\":\"FSTM\",\"description\":\"Fakult\u00e4t f\u00fcr Naturwissenschaften, Technologie und Medizin I Uni.lu\",\"publisher\":{\"@id\":\"https:\/\/www.uni.lu\/fstm-de\/#organization\"},\"alternateName\":\"Fakult\u00e4t f\u00fcr Naturwissenschaften, Technologie und Medizin I Universit\u00e4t Luxemburg\",\"potentialAction\":[{\"@type\":\"SearchAction\",\"target\":{\"@type\":\"EntryPoint\",\"urlTemplate\":\"https:\/\/www.uni.lu\/fstm-de\/?s={search_term_string}\"},\"query-input\":\"required name=search_term_string\"}],\"inLanguage\":\"de-DE\"},{\"@type\":\"Organization\",\"@id\":\"https:\/\/www.uni.lu\/fstm-de\/#organization\",\"name\":\"FSTM - Universit\u00e4t Luxemburg I Uni.lu\",\"alternateName\":\"Fakult\u00e4t f\u00fcr Naturwissenschaften, Technologie und Medizin\",\"url\":\"https:\/\/www.uni.lu\/fstm-de\/\",\"logo\":{\"@type\":\"ImageObject\",\"inLanguage\":\"de-DE\",\"@id\":\"https:\/\/www.uni.lu\/fstm-de\/#\/schema\/logo\/image\/\",\"url\":\"https:\/\/www.uni.lu\/wp-content\/uploads\/sites\/19\/2026\/03\/03111827\/FSTM_SM-Profile_1600x1600px-scaled.jpg\",\"contentUrl\":\"https:\/\/www.uni.lu\/wp-content\/uploads\/sites\/19\/2026\/03\/03111827\/FSTM_SM-Profile_1600x1600px-scaled.jpg\",\"width\":2560,\"height\":2560,\"caption\":\"FSTM - Universit\u00e4t Luxemburg I Uni.lu\"},\"image\":\"https:\/\/www.uni.lu\/wp-content\/uploads\/sites\/19\/2026\/04\/24144332\/20200609-Belval-Campus_Henri-Goergen-23.jpg\",\"sameAs\":[\"https:\/\/www.facebook.com\/fstm.uni.lu\/\",\"https:\/\/www.linkedin.com\/showcase\/fstm-uni-lu\"],\"email\":\"communication@uni.lu\",\"telephone\":\"+3524666441\",\"address\":{\"@type\":\"PostalAddress\",\"streetAddress\":\"2, place de l\u2019Universit\u00e9\",\"addressLocality\":\"Esch-sur-Alzette\",\"postalCode\":\"4365\",\"addressCountry\":\"LU\"},\"description\":\"Fakult\u00e4t f\u00fcr Naturwissenschaften, Technologie und Medizin I Uni.lu\"},{\"@type\":\"Person\",\"@id\":\"https:\/\/www.uni.lu\/fstm-de\/#\/schema\/person\/9e909424a39bf837a0cf16a4640570f1\",\"name\":\"larapunt\",\"image\":{\"@type\":\"ImageObject\",\"inLanguage\":\"de-DE\",\"@id\":\"https:\/\/www.uni.lu\/fstm-de\/#\/schema\/person\/image\/\",\"url\":\"https:\/\/secure.gravatar.com\/avatar\/e6936a16453ddbc9fec6aa2e0a0e8bee?s=96&d=mm&r=g\",\"contentUrl\":\"https:\/\/secure.gravatar.com\/avatar\/e6936a16453ddbc9fec6aa2e0a0e8bee?s=96&d=mm&r=g\",\"caption\":\"larapunt\"}}]}<\/script>\n<!-- \/ Yoast SEO Premium plugin. -->","yoast_head_json":{"title":"Cybersicherheit: Ein Balanceakt, um sich an neue Herausforderungen anzupassen - FSTM Aktualit\u00e4ten I Universit\u00e4t Luxemburg","description":"Anl\u00e4sslich des Europ\u00e4ischen Monats der Cybersicherheit machten kamen drei Professoren der Universit\u00e4t zusammen, um eine Bestandsaufnahme der Herausforderungen zu machen, die mit der Schaffung eines koh\u00e4renten Ansatzes f\u00fcr die Cybersicherheit in Europa verbunden sind.","robots":{"index":"index","follow":"follow","max-snippet":"max-snippet:-1","max-image-preview":"max-image-preview:large","max-video-preview":"max-video-preview:-1"},"canonical":"https:\/\/www.uni.lu\/fstm-de\/news\/cybersicherheit-ein-balanceakt-um-sich-an-neue-herausforderungen-anzupassen\/","og_locale":"de_DE","og_type":"article","og_title":"Cybersicherheit: Ein Balanceakt, um sich an neue Herausforderungen anzupassen","og_description":"Anl\u00e4sslich des Europ\u00e4ischen Monats der Cybersicherheit machten kamen drei Professoren der Universit\u00e4t zusammen, um eine Bestandsaufnahme der Herausforderungen zu machen, die mit der Schaffung eines koh\u00e4renten Ansatzes f\u00fcr die Cybersicherheit in Europa verbunden sind.","og_url":"https:\/\/www.uni.lu\/fstm-de\/news\/cybersicherheit-ein-balanceakt-um-sich-an-neue-herausforderungen-anzupassen\/","og_site_name":"FSTM DE","article_publisher":"https:\/\/www.facebook.com\/fstm.uni.lu\/","article_modified_time":"2025-10-29T13:20:37+00:00","og_image":[{"width":2560,"height":1445,"url":"https:\/\/www.uni.lu\/wp-content\/uploads\/sites\/19\/2025\/10\/29142011\/Group-photo-scaled.jpg","type":"image\/jpeg"}],"twitter_card":"summary_large_image","twitter_misc":{"Gesch\u00e4tzte Lesezeit":"2 Minuten"},"schema":{"@context":"https:\/\/schema.org","@graph":[{"@type":"NewsArticle","@id":"https:\/\/www.uni.lu\/fstm-de\/news\/cybersicherheit-ein-balanceakt-um-sich-an-neue-herausforderungen-anzupassen\/#article","isPartOf":{"@id":"https:\/\/www.uni.lu\/fstm-de\/news\/cybersicherheit-ein-balanceakt-um-sich-an-neue-herausforderungen-anzupassen\/"},"author":{"name":"larapunt","@id":"https:\/\/www.uni.lu\/fstm-de\/#\/schema\/person\/9e909424a39bf837a0cf16a4640570f1"},"headline":"Cybersicherheit: Ein Balanceakt, um sich an neue Herausforderungen anzupassen","datePublished":"2025-10-29T13:20:35+00:00","dateModified":"2025-10-29T13:20:37+00:00","mainEntityOfPage":{"@id":"https:\/\/www.uni.lu\/fstm-de\/news\/cybersicherheit-ein-balanceakt-um-sich-an-neue-herausforderungen-anzupassen\/"},"wordCount":272,"publisher":{"@id":"https:\/\/www.uni.lu\/fstm-de\/#organization"},"image":{"@id":"https:\/\/www.uni.lu\/fstm-de\/news\/cybersicherheit-ein-balanceakt-um-sich-an-neue-herausforderungen-anzupassen\/#primaryimage"},"thumbnailUrl":"https:\/\/www.uni.lu\/wp-content\/uploads\/sites\/19\/2025\/10\/29142011\/Group-photo-scaled.jpg","inLanguage":"de-DE"},{"@type":"WebPage","@id":"https:\/\/www.uni.lu\/fstm-de\/news\/cybersicherheit-ein-balanceakt-um-sich-an-neue-herausforderungen-anzupassen\/","url":"https:\/\/www.uni.lu\/fstm-de\/news\/cybersicherheit-ein-balanceakt-um-sich-an-neue-herausforderungen-anzupassen\/","name":"Cybersicherheit: Ein Balanceakt, um sich an neue Herausforderungen anzupassen - FSTM Aktualit\u00e4ten I Universit\u00e4t Luxemburg","isPartOf":{"@id":"https:\/\/www.uni.lu\/fstm-de\/#website"},"primaryImageOfPage":{"@id":"https:\/\/www.uni.lu\/fstm-de\/news\/cybersicherheit-ein-balanceakt-um-sich-an-neue-herausforderungen-anzupassen\/#primaryimage"},"image":{"@id":"https:\/\/www.uni.lu\/fstm-de\/news\/cybersicherheit-ein-balanceakt-um-sich-an-neue-herausforderungen-anzupassen\/#primaryimage"},"thumbnailUrl":"https:\/\/www.uni.lu\/wp-content\/uploads\/sites\/19\/2025\/10\/29142011\/Group-photo-scaled.jpg","datePublished":"2025-10-29T13:20:35+00:00","dateModified":"2025-10-29T13:20:37+00:00","description":"Anl\u00e4sslich des Europ\u00e4ischen Monats der Cybersicherheit machten kamen drei Professoren der Universit\u00e4t zusammen, um eine Bestandsaufnahme der Herausforderungen zu machen, die mit der Schaffung eines koh\u00e4renten Ansatzes f\u00fcr die Cybersicherheit in Europa verbunden sind.","breadcrumb":{"@id":"https:\/\/www.uni.lu\/fstm-de\/news\/cybersicherheit-ein-balanceakt-um-sich-an-neue-herausforderungen-anzupassen\/#breadcrumb"},"inLanguage":"de-DE","potentialAction":[{"@type":"ReadAction","target":["https:\/\/www.uni.lu\/fstm-de\/news\/cybersicherheit-ein-balanceakt-um-sich-an-neue-herausforderungen-anzupassen\/"]}]},{"@type":"ImageObject","inLanguage":"de-DE","@id":"https:\/\/www.uni.lu\/fstm-de\/news\/cybersicherheit-ein-balanceakt-um-sich-an-neue-herausforderungen-anzupassen\/#primaryimage","url":"https:\/\/www.uni.lu\/wp-content\/uploads\/sites\/19\/2025\/10\/29142011\/Group-photo-scaled.jpg","contentUrl":"https:\/\/www.uni.lu\/wp-content\/uploads\/sites\/19\/2025\/10\/29142011\/Group-photo-scaled.jpg","width":2560,"height":1445},{"@type":"BreadcrumbList","@id":"https:\/\/www.uni.lu\/fstm-de\/news\/cybersicherheit-ein-balanceakt-um-sich-an-neue-herausforderungen-anzupassen\/#breadcrumb","itemListElement":[{"@type":"ListItem","position":1,"name":"Home","item":"https:\/\/www.uni.lu\/de"},{"@type":"ListItem","position":2,"name":"Fakult\u00e4t f\u00fcr Naturwissenschaften, Technologie und Medizin","item":"https:\/\/www.uni.lu\/fstm-de\/"},{"@type":"ListItem","position":3,"name":"News","item":"https:\/\/www.uni.lu\/fstm-de\/news\/"},{"@type":"ListItem","position":4,"name":"Cybersicherheit: Ein Balanceakt, um sich an neue Herausforderungen anzupassen"}]},{"@type":"WebSite","@id":"https:\/\/www.uni.lu\/fstm-de\/#website","url":"https:\/\/www.uni.lu\/fstm-de\/","name":"FSTM","description":"Fakult\u00e4t f\u00fcr Naturwissenschaften, Technologie und Medizin I Uni.lu","publisher":{"@id":"https:\/\/www.uni.lu\/fstm-de\/#organization"},"alternateName":"Fakult\u00e4t f\u00fcr Naturwissenschaften, Technologie und Medizin I Universit\u00e4t Luxemburg","potentialAction":[{"@type":"SearchAction","target":{"@type":"EntryPoint","urlTemplate":"https:\/\/www.uni.lu\/fstm-de\/?s={search_term_string}"},"query-input":"required name=search_term_string"}],"inLanguage":"de-DE"},{"@type":"Organization","@id":"https:\/\/www.uni.lu\/fstm-de\/#organization","name":"FSTM - Universit\u00e4t Luxemburg I Uni.lu","alternateName":"Fakult\u00e4t f\u00fcr Naturwissenschaften, Technologie und Medizin","url":"https:\/\/www.uni.lu\/fstm-de\/","logo":{"@type":"ImageObject","inLanguage":"de-DE","@id":"https:\/\/www.uni.lu\/fstm-de\/#\/schema\/logo\/image\/","url":"https:\/\/www.uni.lu\/wp-content\/uploads\/sites\/19\/2026\/03\/03111827\/FSTM_SM-Profile_1600x1600px-scaled.jpg","contentUrl":"https:\/\/www.uni.lu\/wp-content\/uploads\/sites\/19\/2026\/03\/03111827\/FSTM_SM-Profile_1600x1600px-scaled.jpg","width":2560,"height":2560,"caption":"FSTM - Universit\u00e4t Luxemburg I Uni.lu"},"image":"https:\/\/www.uni.lu\/wp-content\/uploads\/sites\/19\/2026\/04\/24144332\/20200609-Belval-Campus_Henri-Goergen-23.jpg","sameAs":["https:\/\/www.facebook.com\/fstm.uni.lu\/","https:\/\/www.linkedin.com\/showcase\/fstm-uni-lu"],"email":"communication@uni.lu","telephone":"+3524666441","address":{"@type":"PostalAddress","streetAddress":"2, place de l\u2019Universit\u00e9","addressLocality":"Esch-sur-Alzette","postalCode":"4365","addressCountry":"LU"},"description":"Fakult\u00e4t f\u00fcr Naturwissenschaften, Technologie und Medizin I Uni.lu"},{"@type":"Person","@id":"https:\/\/www.uni.lu\/fstm-de\/#\/schema\/person\/9e909424a39bf837a0cf16a4640570f1","name":"larapunt","image":{"@type":"ImageObject","inLanguage":"de-DE","@id":"https:\/\/www.uni.lu\/fstm-de\/#\/schema\/person\/image\/","url":"https:\/\/secure.gravatar.com\/avatar\/e6936a16453ddbc9fec6aa2e0a0e8bee?s=96&d=mm&r=g","contentUrl":"https:\/\/secure.gravatar.com\/avatar\/e6936a16453ddbc9fec6aa2e0a0e8bee?s=96&d=mm&r=g","caption":"larapunt"}}]}},"blog_id":19,"_links":{"self":[{"href":"https:\/\/www.uni.lu\/fstm-de\/wp-json\/wp\/v2\/news\/263"}],"collection":[{"href":"https:\/\/www.uni.lu\/fstm-de\/wp-json\/wp\/v2\/news"}],"about":[{"href":"https:\/\/www.uni.lu\/fstm-de\/wp-json\/wp\/v2\/types\/news"}],"author":[{"embeddable":true,"href":"https:\/\/www.uni.lu\/fstm-de\/wp-json\/wp\/v2\/users\/325"}],"version-history":[{"count":2,"href":"https:\/\/www.uni.lu\/fstm-de\/wp-json\/wp\/v2\/news\/263\/revisions"}],"predecessor-version":[{"id":267,"href":"https:\/\/www.uni.lu\/fstm-de\/wp-json\/wp\/v2\/news\/263\/revisions\/267"}],"wp:authorship":[{"embeddable":true,"href":"https:\/\/www.uni.lu\/fstm-de\/wp-json\/wp\/v2\/users\/325"}],"wp:featuredmedia":[{"embeddable":true,"href":"https:\/\/www.uni.lu\/fstm-de\/wp-json\/wp\/v2\/media\/266"}],"wp:attachment":[{"href":"https:\/\/www.uni.lu\/fstm-de\/wp-json\/wp\/v2\/media?parent=263"}],"wp:term":[{"taxonomy":"news-category","embeddable":true,"href":"https:\/\/www.uni.lu\/fstm-de\/wp-json\/wp\/v2\/news-category?post=263"},{"taxonomy":"news-topic","embeddable":true,"href":"https:\/\/www.uni.lu\/fstm-de\/wp-json\/wp\/v2\/news-topic?post=263"},{"taxonomy":"organisation","embeddable":true,"href":"https:\/\/www.uni.lu\/fstm-de\/wp-json\/wp\/v2\/organisation?post=263"}],"curies":[{"name":"wp","href":"https:\/\/api.w.org\/{rel}","templated":true}]}}