{"id":9964,"date":"2024-02-12T12:30:51","date_gmt":"2024-02-12T11:30:51","guid":{"rendered":"https:\/\/www.uni.lu\/fr\/?post_type=news&#038;p=9964"},"modified":"2024-02-12T14:32:15","modified_gmt":"2024-02-12T13:32:15","slug":"engagee-sur-la-voie-de-la-diversite-et-de-l-egalite-des-chances","status":"publish","type":"news","link":"https:\/\/www.uni.lu\/fr\/news\/engagee-sur-la-voie-de-la-diversite-et-de-l-egalite-des-chances\/","title":{"rendered":"Engag\u00e9e sur la voie de la diversit\u00e9 et de l&rsquo;\u00e9galit\u00e9 des chances"},"content":{"rendered":"\n<section class=\"wp-block-unilux-blocks-free-section section\"><div class=\"container xl:max-w-screen-xl\">\n<p>Jeune institution de 20 ans, l&rsquo;Universit\u00e9 s&rsquo;efforce de favoriser un environnement qui non seulement attire les chercheuses talentueuses, mais leur offre \u00e9galement des raisons de rester et de d\u00e9velopper tout leur potentiel acad\u00e9mique.&nbsp;&nbsp;<\/p>\n\n\n\n<p>\u00ab L&rsquo;\u00e9galit\u00e9 des genres est une question d&rsquo;\u00e9quit\u00e9 et un facteur important pour promouvoir l&rsquo;excellence acad\u00e9mique au sein de notre universit\u00e9 de recherche \u00bb, d\u00e9clare Prof. Jens Kreisel, recteur de l&rsquo;Universit\u00e9. \u00ab La proportion de femmes dans la sph\u00e8re acad\u00e9mique s&rsquo;est am\u00e9lior\u00e9e, mais reste encore trop faible. De mani\u00e8re g\u00e9n\u00e9rale, un environnement diversifi\u00e9 et favorisant l&rsquo;\u00e9galit\u00e9 des chances est essentiel pour comprendre la complexit\u00e9 des d\u00e9fis contemporains. Cela motive \u00e9galement des chercheuses exceptionnelles \u00e0 rejoindre l&rsquo;Universit\u00e9 et surtout, \u00e0 rester et poursuivre leur carri\u00e8re au sein de notre communaut\u00e9. \u00bb.&nbsp; Des enqu\u00eates ont confirm\u00e9 que les femmes tiennent de plus en plus compte de l\u2019\u00e9galit\u00e9 des chances au travail lorsqu&rsquo;elles d\u00e9cident de changer de carri\u00e8re.&nbsp;&nbsp;<\/p>\n\n\n\n<p>La cr\u00e9ation d&rsquo;un environnement de recherche respectueux de l&rsquo;\u00e9galit\u00e9 entre les hommes et les femmes implique de garantir l&rsquo;\u00e9galit\u00e9 des chances \u00e0 tous les niveaux pour le d\u00e9veloppement professionnel et personnel, une politique et des pratiques de recrutement ad\u00e9quates, des environnements et des politiques de recherche ad\u00e9quats pour les chercheuses enceintes et les parents, ainsi que des m\u00e9canismes de soutien pour les jeunes chercheurs. Pour mettre en \u0153uvre ces mesures, les institutions travaillent \u00e9galement sur des processus d\u00e9cisionnels transparents, la communication interne et la sensibilisation.<\/p>\n\n\n<figure class=\"wp-block-dev4-reusable-blocks-image  object-fit--cover\">\n    \n<img decoding=\"async\" class=\"wp-block-image unilux-custom-image-block\"\n                alt=\"\"\n            src=\"https:\/\/www.uni.lu\/wp-content\/uploads\/sites\/11\/2024\/02\/GFvM5i3XYAAqn_F.jpg\"\n                srcset=\"https:\/\/www.uni.lu\/wp-content\/uploads\/sites\/11\/2024\/02\/GFvM5i3XYAAqn_F-300x214.jpg 300w, https:\/\/www.uni.lu\/wp-content\/uploads\/sites\/11\/2024\/02\/GFvM5i3XYAAqn_F-1024x729.jpg 1024w, https:\/\/www.uni.lu\/wp-content\/uploads\/sites\/11\/2024\/02\/GFvM5i3XYAAqn_F-768x547.jpg 768w, https:\/\/www.uni.lu\/wp-content\/uploads\/sites\/11\/2024\/02\/GFvM5i3XYAAqn_F-1536x1094.jpg 1536w, https:\/\/www.uni.lu\/wp-content\/uploads\/sites\/11\/2024\/02\/GFvM5i3XYAAqn_F.jpg 2048w\"\n                style=\"object-position: 50.00% 50.00%; font-family: &quot;object-fit: cover; object-position: 50.00% 50.00%;&quot;; aspect-ratio: 3\/2; object-fit: cover; width: 100%;\"\n        loading=\"lazy\"\n\/>            <p class=\"wp-block-dev4-reusable-blocks-image-caption\">\n            L\u00e9gende de la photo : Le recteur Jens Kreisel, la ministre de l&rsquo;\u00c9galit\u00e9 des genres et de la Diversit\u00e9 Yuriko Backes et la ministre de la Recherche et de l&rsquo;Enseignement sup\u00e9rieur St\u00e9phanie Obertin signent une convention pour la campagne \u00ab Women &amp; Girls in science \u00bb de Research Luxembourg.         <\/p>\n    <\/figure>\n\n\n<h2 class=\"has-text-align-left wp-block-unilux-blocks-heading\"        id=\"sappuyer-sur-une-approche-globale\"\n    >\nS&rsquo;appuyer sur une approche globale<\/h2>\n\n\n\n<p>Au cours des derni\u00e8res ann\u00e9es, plusieurs mesures ont \u00e9t\u00e9 mises en \u0153uvre dans cette optique. La d\u00e9l\u00e9gu\u00e9e \u00e0 l&rsquo;\u00e9galit\u00e9 des genres, Prof. Skerdilajda Zanaj, est le fer de lance de <a href=\"https:\/\/www.uni.lu\/en\/about\/gender-equality\/\">la politique et de la pratique<\/a> dans ce domaine et pr\u00e9side la commission de l&rsquo;\u00e9galit\u00e9 des genres. Depuis 2019, la <a href=\"https:\/\/www.uni.lu\/wp-content\/uploads\/sites\/9\/2023\/06\/Gender_Equality_Policy_2021-09-1.pdf\" target=\"_blank\" rel=\"noreferrer noopener\">politique officielle en mati\u00e8re d&rsquo;\u00e9galit\u00e9 des genres<\/a> guide la promotion de la diversit\u00e9 des genres dans le monde universitaire. \u00ab Construire un environnement acad\u00e9mique \u00e9galitaire en termes de genre requiert une attention particuli\u00e8re \u00e0 plusieurs facteurs cl\u00e9s \u00bb, explique <a href=\"https:\/\/www.uni.lu\/en\/person\/NTAwMDMzNTRfX1NrZXJkaWxhamRhIFpBTkFK\/\">Prof. Zanaj<\/a>. \u00ab Un aspect crucial est la pr\u00e9sence de mod\u00e8les, qui sont sources d\u2019inspiration et qui peuvent montrer comment d\u00e9fier les st\u00e9r\u00e9otypes. Nous travaillons sur plusieurs initiatives visant \u00e0 attirer des chercheuses de premier plan au Luxembourg. Le soutien \u00e0 l&rsquo;excellence de la recherche par le biais du mentorat et de bourses vise \u00e9galement \u00e0 am\u00e9liorer l&rsquo;\u00e9quilibre entre la vie professionnelle et la vie priv\u00e9e des parents chercheurs \u00bb.<\/p>\n\n\n\n<p>Parmi les \u00e9tapes r\u00e9centes, citons les toutes nouvelles bourses Marie Speyer Excellence Grants. Ces bourses soutiendront des femmes, du niveau du doctorat \u00e0 celui de professeur associ\u00e9, afin qu&rsquo;elles puissent poursuivre leurs recherches \u00e0 l&rsquo;universit\u00e9.<\/p>\n\n\n\n<p>Les chercheuses peuvent participer au programme de mentorat <a href=\"https:\/\/www.uni.lu\/en\/about\/gender-equality\/advance-mentoring-programme\/\">ADVANCE<\/a>, qui associe des jeunes chercheuses \u00e0 un chercheur exp\u00e9riment\u00e9. Lanc\u00e9 en 2023, ADVANCE propose plusieurs formats pour catalyser la collaboration, la croissance professionnelle et l&rsquo;autonomisation.<\/p>\n\n\n\n<p>Un d\u00e9jeuner de mise en r\u00e9seau pour les femmes professeurs a lieu \u00e0 intervalles r\u00e9guliers. Plusieurs mesures sont mises en place pour am\u00e9liorer l&rsquo;\u00e9quilibre entre la vie professionnelle et la vie priv\u00e9e des chercheurs parents. Le bureau de l&rsquo;\u00e9galit\u00e9 des genres finance les frais de garde des parents qui partent en conf\u00e9rence avec leurs jeunes enfants. En outre, une proc\u00e9dure existe pour mettre en place une garderie temporaire pour les enfants des participants aux conf\u00e9rences sur le campus.<\/p>\n\n\n\n<p>De plus en plus de femmes agissent en tant que charg\u00e9es de mission aupr\u00e8s du rectorat, g\u00e9rant des portefeuilles institutionnels strat\u00e9giques, telles que les Profs. Anja Leist (Research assessment), Emma Schymanski (Open science) ou Val\u00e9rie Schafer (archivage).<\/p>\n\n\n\n<p>Aujourd&rsquo;hui, des postes de direction cl\u00e9s sont occup\u00e9s par des chercheuses : La Facult\u00e9 de Droit, d&rsquo;\u00c9conomie et de Finance a \u00e9lu pour un second mandat sa doyenne, Prof. Katalin Ligeti, tandis que les trois postes de vice-rectrice sont occup\u00e9s par les professeures Catherine L\u00e9glu (Vice-rectrice acad\u00e9mique), Marie-H\u00e9l\u00e8ne Jobin (Partenariats et relations internationales) et Simone Niclou (Recherche). Une partie des comit\u00e9s sp\u00e9ciaux de l&rsquo;Universit\u00e9 sont pr\u00e9sid\u00e9s par des femmes : Prof. Silvia Allegrezza (Comit\u00e9 d&rsquo;\u00e9valuation \u00e9thique), Prof. S\u00e9verine Menetrey (Contentieux), Joanna West (Ajustements raisonnables) et Jennifer Behm (\u00c9thique de l&rsquo;exp\u00e9rimentation animale).<\/p>\n\n\n\n<h2 class=\"has-text-align-left wp-block-unilux-blocks-heading\"        id=\"lire-plus\"\n    >\n<strong>Lire plus<\/strong><\/h2>\n\n\n\n<p>Research Luxembourg lance la 3e saison de la campagne \u00ab <a href=\"https:\/\/www.uni.lu\/fr\/news\/working-towards-an-inclusive-research-landscape\/\">Women and Girls in Science<\/a> \u00bb.\u00a0<\/p>\n<\/div><\/section>\n","protected":false},"excerpt":{"rendered":"<p>Alors que les chercheurs du monde entier ont c\u00e9l\u00e9br\u00e9 la Journ\u00e9e internationale des femmes et des filles de science le 11 f\u00e9vrier, l&rsquo;Universit\u00e9 fait le point sur ses efforts pass\u00e9s, pr\u00e9sents et futurs pour promouvoir un environnement de travail diversifi\u00e9 et offrant l&rsquo;\u00e9galit\u00e9 des chances.<\/p>\n","protected":false},"author":33,"featured_media":9976,"template":"","format":"standard","meta":{"featured_image_focal_point":[],"show_featured_caption":false,"ulux_newsletter_groups":"","uluxPostTitle":"","uluxPrePostTitle":"","_trash_the_other_posts":false,"_price":"","_stock":"","_tribe_ticket_header":"","_tribe_default_ticket_provider":"","_tribe_ticket_capacity":"0","_ticket_start_date":"","_ticket_end_date":"","_tribe_ticket_show_description":"","_tribe_ticket_show_not_going":false,"_tribe_ticket_use_global_stock":"","_tribe_ticket_global_stock_level":"","_global_stock_mode":"","_global_stock_cap":"","_tribe_rsvp_for_event":"","_tribe_ticket_going_count":"","_tribe_ticket_not_going_count":"","_tribe_tickets_list":"[]","_tribe_ticket_has_attendee_info_fields":false},"news-category":[3],"news-topic":[],"organisation":[],"authorship":[33],"acf":[],"yoast_head":"<!-- This site is optimized with the Yoast SEO Premium plugin v22.3 (Yoast SEO v22.3) - https:\/\/yoast.com\/wordpress\/plugins\/seo\/ -->\n<title>Engag\u00e9e sur la voie de la diversit\u00e9 et de l&#039;\u00e9galit\u00e9 des chances - Universit\u00e9 du Luxembourg<\/title>\n<meta name=\"description\" content=\"Alors que les chercheurs du monde entier ont c\u00e9l\u00e9br\u00e9 la Journ\u00e9e internationale des femmes et des filles de science le 11 f\u00e9vrier, l&#039;Universit\u00e9 fait le point sur ses efforts pass\u00e9s, pr\u00e9sents et futurs pour promouvoir un environnement de travail diversifi\u00e9 et offrant l&#039;\u00e9galit\u00e9 des chances.\" \/>\n<meta name=\"robots\" content=\"index, follow, max-snippet:-1, max-image-preview:large, max-video-preview:-1\" \/>\n<link rel=\"canonical\" href=\"https:\/\/www.uni.lu\/fr\/news\/engagee-sur-la-voie-de-la-diversite-et-de-l-egalite-des-chances\/\" \/>\n<meta property=\"og:locale\" content=\"fr_FR\" \/>\n<meta property=\"og:type\" content=\"article\" \/>\n<meta property=\"og:title\" content=\"Engag\u00e9e sur la voie de la diversit\u00e9 et de l&#039;\u00e9galit\u00e9 des chances\" \/>\n<meta property=\"og:description\" content=\"Alors que les chercheurs du monde entier ont c\u00e9l\u00e9br\u00e9 la Journ\u00e9e internationale des femmes et des filles de science le 11 f\u00e9vrier, l&#039;Universit\u00e9 fait le point sur ses efforts pass\u00e9s, pr\u00e9sents et futurs pour promouvoir un environnement de travail diversifi\u00e9 et offrant l&#039;\u00e9galit\u00e9 des chances.\" \/>\n<meta property=\"og:url\" content=\"https:\/\/www.uni.lu\/fr\/news\/engagee-sur-la-voie-de-la-diversite-et-de-l-egalite-des-chances\/\" \/>\n<meta property=\"og:site_name\" content=\"UNI FR\" \/>\n<meta property=\"article:publisher\" content=\"https:\/\/www.facebook.com\/uni.lu\" \/>\n<meta property=\"article:modified_time\" content=\"2024-02-12T13:32:15+00:00\" \/>\n<meta property=\"og:image\" content=\"https:\/\/www.uni.lu\/wp-content\/uploads\/sites\/11\/2024\/02\/iStock-1299152059.jpg\" \/>\n\t<meta property=\"og:image:width\" content=\"2233\" \/>\n\t<meta property=\"og:image:height\" content=\"1342\" \/>\n\t<meta property=\"og:image:type\" content=\"image\/jpeg\" \/>\n<meta name=\"twitter:card\" content=\"summary_large_image\" \/>\n<meta name=\"twitter:label1\" content=\"Dur\u00e9e de lecture estim\u00e9e\" \/>\n\t<meta name=\"twitter:data1\" content=\"4 minutes\" \/>\n<script type=\"application\/ld+json\" class=\"yoast-schema-graph\">{\"@context\":\"https:\/\/schema.org\",\"@graph\":[{\"@type\":\"NewsArticle\",\"@id\":\"https:\/\/www.uni.lu\/fr\/news\/engagee-sur-la-voie-de-la-diversite-et-de-l-egalite-des-chances\/#article\",\"isPartOf\":{\"@id\":\"https:\/\/www.uni.lu\/fr\/news\/engagee-sur-la-voie-de-la-diversite-et-de-l-egalite-des-chances\/\"},\"author\":{\"name\":\"mchristen\",\"@id\":\"https:\/\/www.uni.lu\/fr\/#\/schema\/person\/c438f03d51b691a88d09778fc4b1e214\"},\"headline\":\"Engag\u00e9e sur la voie de la diversit\u00e9 et de l&rsquo;\u00e9galit\u00e9 des chances\",\"datePublished\":\"2024-02-12T11:30:51+00:00\",\"dateModified\":\"2024-02-12T13:32:15+00:00\",\"mainEntityOfPage\":{\"@id\":\"https:\/\/www.uni.lu\/fr\/news\/engagee-sur-la-voie-de-la-diversite-et-de-l-egalite-des-chances\/\"},\"wordCount\":772,\"publisher\":{\"@id\":\"https:\/\/www.uni.lu\/fr\/#organization\"},\"image\":{\"@id\":\"https:\/\/www.uni.lu\/fr\/news\/engagee-sur-la-voie-de-la-diversite-et-de-l-egalite-des-chances\/#primaryimage\"},\"thumbnailUrl\":\"https:\/\/www.uni.lu\/wp-content\/uploads\/sites\/11\/2024\/02\/iStock-1299152059.jpg\",\"inLanguage\":\"fr-FR\"},{\"@type\":\"WebPage\",\"@id\":\"https:\/\/www.uni.lu\/fr\/news\/engagee-sur-la-voie-de-la-diversite-et-de-l-egalite-des-chances\/\",\"url\":\"https:\/\/www.uni.lu\/fr\/news\/engagee-sur-la-voie-de-la-diversite-et-de-l-egalite-des-chances\/\",\"name\":\"Engag\u00e9e sur la voie de la diversit\u00e9 et de l'\u00e9galit\u00e9 des chances - Universit\u00e9 du Luxembourg\",\"isPartOf\":{\"@id\":\"https:\/\/www.uni.lu\/fr\/#website\"},\"primaryImageOfPage\":{\"@id\":\"https:\/\/www.uni.lu\/fr\/news\/engagee-sur-la-voie-de-la-diversite-et-de-l-egalite-des-chances\/#primaryimage\"},\"image\":{\"@id\":\"https:\/\/www.uni.lu\/fr\/news\/engagee-sur-la-voie-de-la-diversite-et-de-l-egalite-des-chances\/#primaryimage\"},\"thumbnailUrl\":\"https:\/\/www.uni.lu\/wp-content\/uploads\/sites\/11\/2024\/02\/iStock-1299152059.jpg\",\"datePublished\":\"2024-02-12T11:30:51+00:00\",\"dateModified\":\"2024-02-12T13:32:15+00:00\",\"description\":\"Alors que les chercheurs du monde entier ont c\u00e9l\u00e9br\u00e9 la Journ\u00e9e internationale des femmes et des filles de science le 11 f\u00e9vrier, l'Universit\u00e9 fait le point sur ses efforts pass\u00e9s, pr\u00e9sents et futurs pour promouvoir un environnement de travail diversifi\u00e9 et offrant l'\u00e9galit\u00e9 des chances.\",\"breadcrumb\":{\"@id\":\"https:\/\/www.uni.lu\/fr\/news\/engagee-sur-la-voie-de-la-diversite-et-de-l-egalite-des-chances\/#breadcrumb\"},\"inLanguage\":\"fr-FR\",\"potentialAction\":[{\"@type\":\"ReadAction\",\"target\":[\"https:\/\/www.uni.lu\/fr\/news\/engagee-sur-la-voie-de-la-diversite-et-de-l-egalite-des-chances\/\"]}]},{\"@type\":\"ImageObject\",\"inLanguage\":\"fr-FR\",\"@id\":\"https:\/\/www.uni.lu\/fr\/news\/engagee-sur-la-voie-de-la-diversite-et-de-l-egalite-des-chances\/#primaryimage\",\"url\":\"https:\/\/www.uni.lu\/wp-content\/uploads\/sites\/11\/2024\/02\/iStock-1299152059.jpg\",\"contentUrl\":\"https:\/\/www.uni.lu\/wp-content\/uploads\/sites\/11\/2024\/02\/iStock-1299152059.jpg\",\"width\":2233,\"height\":1342},{\"@type\":\"BreadcrumbList\",\"@id\":\"https:\/\/www.uni.lu\/fr\/news\/engagee-sur-la-voie-de-la-diversite-et-de-l-egalite-des-chances\/#breadcrumb\",\"itemListElement\":[{\"@type\":\"ListItem\",\"position\":1,\"name\":\"Home\",\"item\":\"https:\/\/www.uni.lu\/fr\/\"},{\"@type\":\"ListItem\",\"position\":2,\"name\":\"News\",\"item\":\"https:\/\/www.uni.lu\/fr\/news\/\"},{\"@type\":\"ListItem\",\"position\":3,\"name\":\"Engag\u00e9e sur la voie de la diversit\u00e9 et de l'\u00e9galit\u00e9 des chances\"}]},{\"@type\":\"WebSite\",\"@id\":\"https:\/\/www.uni.lu\/fr\/#website\",\"url\":\"https:\/\/www.uni.lu\/fr\/\",\"name\":\"Uni.lu\",\"description\":\"Universit\u00e9 du Luxembourg\",\"publisher\":{\"@id\":\"https:\/\/www.uni.lu\/fr\/#organization\"},\"alternateName\":\"Universit\u00e9 du Luxembourg\",\"potentialAction\":[{\"@type\":\"SearchAction\",\"target\":{\"@type\":\"EntryPoint\",\"urlTemplate\":\"https:\/\/www.uni.lu\/fr\/?s={search_term_string}\"},\"query-input\":\"required name=search_term_string\"}],\"inLanguage\":\"fr-FR\"},{\"@type\":\"Organization\",\"@id\":\"https:\/\/www.uni.lu\/fr\/#organization\",\"name\":\"Universit\u00e9 du Luxembourg\",\"alternateName\":\"Uni.lu\",\"url\":\"https:\/\/www.uni.lu\/fr\/\",\"logo\":{\"@type\":\"ImageObject\",\"inLanguage\":\"fr-FR\",\"@id\":\"https:\/\/www.uni.lu\/fr\/#\/schema\/logo\/image\/\",\"url\":\"https:\/\/www.uni.lu\/wp-content\/uploads\/sites\/11\/2026\/03\/03120045\/UNIV_SM-Profile_1600x1600px-scaled.jpg\",\"contentUrl\":\"https:\/\/www.uni.lu\/wp-content\/uploads\/sites\/11\/2026\/03\/03120045\/UNIV_SM-Profile_1600x1600px-scaled.jpg\",\"width\":2560,\"height\":2560,\"caption\":\"Universit\u00e9 du Luxembourg\"},\"image\":\"https:\/\/www.uni.lu\/wp-content\/uploads\/sites\/11\/2026\/04\/24120552\/20200609-Belval-Campus_Henri-Goergen-23.jpg\",\"sameAs\":[\"https:\/\/www.facebook.com\/uni.lu\",\"https:\/\/www.linkedin.com\/school\/university-of-luxembourg\/\",\"https:\/\/www.instagram.com\/uni.lu\",\"https:\/\/www.youtube.com\/@uni_lu\",\"https:\/\/en.wikipedia.org\/wiki\/University_of_Luxembourg\"],\"email\":\"communication@uni.lu\",\"telephone\":\"+352 46 66 44 1\",\"address\":{\"@type\":\"PostalAddress\",\"streetAddress\":\"2, place de l\u2019Universit\u00e9\",\"addressLocality\":\"Esch-sur-Alzette\",\"postalCode\":\"4365\",\"addressCountry\":\"LU\"},\"description\":\"Universit\u00e9 du Luxembourg\"},{\"@type\":\"Person\",\"@id\":\"https:\/\/www.uni.lu\/fr\/#\/schema\/person\/c438f03d51b691a88d09778fc4b1e214\",\"name\":\"mchristen\",\"image\":{\"@type\":\"ImageObject\",\"inLanguage\":\"fr-FR\",\"@id\":\"https:\/\/www.uni.lu\/fr\/#\/schema\/person\/image\/\",\"url\":\"https:\/\/secure.gravatar.com\/avatar\/16d82684b572872e8e543a3c7bfe637a?s=96&d=mm&r=g\",\"contentUrl\":\"https:\/\/secure.gravatar.com\/avatar\/16d82684b572872e8e543a3c7bfe637a?s=96&d=mm&r=g\",\"caption\":\"mchristen\"}}]}<\/script>\n<!-- \/ Yoast SEO Premium plugin. -->","yoast_head_json":{"title":"Engag\u00e9e sur la voie de la diversit\u00e9 et de l'\u00e9galit\u00e9 des chances - Universit\u00e9 du Luxembourg","description":"Alors que les chercheurs du monde entier ont c\u00e9l\u00e9br\u00e9 la Journ\u00e9e internationale des femmes et des filles de science le 11 f\u00e9vrier, l'Universit\u00e9 fait le point sur ses efforts pass\u00e9s, pr\u00e9sents et futurs pour promouvoir un environnement de travail diversifi\u00e9 et offrant l'\u00e9galit\u00e9 des chances.","robots":{"index":"index","follow":"follow","max-snippet":"max-snippet:-1","max-image-preview":"max-image-preview:large","max-video-preview":"max-video-preview:-1"},"canonical":"https:\/\/www.uni.lu\/fr\/news\/engagee-sur-la-voie-de-la-diversite-et-de-l-egalite-des-chances\/","og_locale":"fr_FR","og_type":"article","og_title":"Engag\u00e9e sur la voie de la diversit\u00e9 et de l'\u00e9galit\u00e9 des chances","og_description":"Alors que les chercheurs du monde entier ont c\u00e9l\u00e9br\u00e9 la Journ\u00e9e internationale des femmes et des filles de science le 11 f\u00e9vrier, l'Universit\u00e9 fait le point sur ses efforts pass\u00e9s, pr\u00e9sents et futurs pour promouvoir un environnement de travail diversifi\u00e9 et offrant l'\u00e9galit\u00e9 des chances.","og_url":"https:\/\/www.uni.lu\/fr\/news\/engagee-sur-la-voie-de-la-diversite-et-de-l-egalite-des-chances\/","og_site_name":"UNI FR","article_publisher":"https:\/\/www.facebook.com\/uni.lu","article_modified_time":"2024-02-12T13:32:15+00:00","og_image":[{"width":2233,"height":1342,"url":"https:\/\/www.uni.lu\/wp-content\/uploads\/sites\/11\/2024\/02\/iStock-1299152059.jpg","type":"image\/jpeg"}],"twitter_card":"summary_large_image","twitter_misc":{"Dur\u00e9e de lecture estim\u00e9e":"4 minutes"},"schema":{"@context":"https:\/\/schema.org","@graph":[{"@type":"NewsArticle","@id":"https:\/\/www.uni.lu\/fr\/news\/engagee-sur-la-voie-de-la-diversite-et-de-l-egalite-des-chances\/#article","isPartOf":{"@id":"https:\/\/www.uni.lu\/fr\/news\/engagee-sur-la-voie-de-la-diversite-et-de-l-egalite-des-chances\/"},"author":{"name":"mchristen","@id":"https:\/\/www.uni.lu\/fr\/#\/schema\/person\/c438f03d51b691a88d09778fc4b1e214"},"headline":"Engag\u00e9e sur la voie de la diversit\u00e9 et de l&rsquo;\u00e9galit\u00e9 des chances","datePublished":"2024-02-12T11:30:51+00:00","dateModified":"2024-02-12T13:32:15+00:00","mainEntityOfPage":{"@id":"https:\/\/www.uni.lu\/fr\/news\/engagee-sur-la-voie-de-la-diversite-et-de-l-egalite-des-chances\/"},"wordCount":772,"publisher":{"@id":"https:\/\/www.uni.lu\/fr\/#organization"},"image":{"@id":"https:\/\/www.uni.lu\/fr\/news\/engagee-sur-la-voie-de-la-diversite-et-de-l-egalite-des-chances\/#primaryimage"},"thumbnailUrl":"https:\/\/www.uni.lu\/wp-content\/uploads\/sites\/11\/2024\/02\/iStock-1299152059.jpg","inLanguage":"fr-FR"},{"@type":"WebPage","@id":"https:\/\/www.uni.lu\/fr\/news\/engagee-sur-la-voie-de-la-diversite-et-de-l-egalite-des-chances\/","url":"https:\/\/www.uni.lu\/fr\/news\/engagee-sur-la-voie-de-la-diversite-et-de-l-egalite-des-chances\/","name":"Engag\u00e9e sur la voie de la diversit\u00e9 et de l'\u00e9galit\u00e9 des chances - Universit\u00e9 du Luxembourg","isPartOf":{"@id":"https:\/\/www.uni.lu\/fr\/#website"},"primaryImageOfPage":{"@id":"https:\/\/www.uni.lu\/fr\/news\/engagee-sur-la-voie-de-la-diversite-et-de-l-egalite-des-chances\/#primaryimage"},"image":{"@id":"https:\/\/www.uni.lu\/fr\/news\/engagee-sur-la-voie-de-la-diversite-et-de-l-egalite-des-chances\/#primaryimage"},"thumbnailUrl":"https:\/\/www.uni.lu\/wp-content\/uploads\/sites\/11\/2024\/02\/iStock-1299152059.jpg","datePublished":"2024-02-12T11:30:51+00:00","dateModified":"2024-02-12T13:32:15+00:00","description":"Alors que les chercheurs du monde entier ont c\u00e9l\u00e9br\u00e9 la Journ\u00e9e internationale des femmes et des filles de science le 11 f\u00e9vrier, l'Universit\u00e9 fait le point sur ses efforts pass\u00e9s, pr\u00e9sents et futurs pour promouvoir un environnement de travail diversifi\u00e9 et offrant l'\u00e9galit\u00e9 des chances.","breadcrumb":{"@id":"https:\/\/www.uni.lu\/fr\/news\/engagee-sur-la-voie-de-la-diversite-et-de-l-egalite-des-chances\/#breadcrumb"},"inLanguage":"fr-FR","potentialAction":[{"@type":"ReadAction","target":["https:\/\/www.uni.lu\/fr\/news\/engagee-sur-la-voie-de-la-diversite-et-de-l-egalite-des-chances\/"]}]},{"@type":"ImageObject","inLanguage":"fr-FR","@id":"https:\/\/www.uni.lu\/fr\/news\/engagee-sur-la-voie-de-la-diversite-et-de-l-egalite-des-chances\/#primaryimage","url":"https:\/\/www.uni.lu\/wp-content\/uploads\/sites\/11\/2024\/02\/iStock-1299152059.jpg","contentUrl":"https:\/\/www.uni.lu\/wp-content\/uploads\/sites\/11\/2024\/02\/iStock-1299152059.jpg","width":2233,"height":1342},{"@type":"BreadcrumbList","@id":"https:\/\/www.uni.lu\/fr\/news\/engagee-sur-la-voie-de-la-diversite-et-de-l-egalite-des-chances\/#breadcrumb","itemListElement":[{"@type":"ListItem","position":1,"name":"Home","item":"https:\/\/www.uni.lu\/fr\/"},{"@type":"ListItem","position":2,"name":"News","item":"https:\/\/www.uni.lu\/fr\/news\/"},{"@type":"ListItem","position":3,"name":"Engag\u00e9e sur la voie de la diversit\u00e9 et de l'\u00e9galit\u00e9 des chances"}]},{"@type":"WebSite","@id":"https:\/\/www.uni.lu\/fr\/#website","url":"https:\/\/www.uni.lu\/fr\/","name":"Uni.lu","description":"Universit\u00e9 du Luxembourg","publisher":{"@id":"https:\/\/www.uni.lu\/fr\/#organization"},"alternateName":"Universit\u00e9 du Luxembourg","potentialAction":[{"@type":"SearchAction","target":{"@type":"EntryPoint","urlTemplate":"https:\/\/www.uni.lu\/fr\/?s={search_term_string}"},"query-input":"required name=search_term_string"}],"inLanguage":"fr-FR"},{"@type":"Organization","@id":"https:\/\/www.uni.lu\/fr\/#organization","name":"Universit\u00e9 du Luxembourg","alternateName":"Uni.lu","url":"https:\/\/www.uni.lu\/fr\/","logo":{"@type":"ImageObject","inLanguage":"fr-FR","@id":"https:\/\/www.uni.lu\/fr\/#\/schema\/logo\/image\/","url":"https:\/\/www.uni.lu\/wp-content\/uploads\/sites\/11\/2026\/03\/03120045\/UNIV_SM-Profile_1600x1600px-scaled.jpg","contentUrl":"https:\/\/www.uni.lu\/wp-content\/uploads\/sites\/11\/2026\/03\/03120045\/UNIV_SM-Profile_1600x1600px-scaled.jpg","width":2560,"height":2560,"caption":"Universit\u00e9 du Luxembourg"},"image":"https:\/\/www.uni.lu\/wp-content\/uploads\/sites\/11\/2026\/04\/24120552\/20200609-Belval-Campus_Henri-Goergen-23.jpg","sameAs":["https:\/\/www.facebook.com\/uni.lu","https:\/\/www.linkedin.com\/school\/university-of-luxembourg\/","https:\/\/www.instagram.com\/uni.lu","https:\/\/www.youtube.com\/@uni_lu","https:\/\/en.wikipedia.org\/wiki\/University_of_Luxembourg"],"email":"communication@uni.lu","telephone":"+352 46 66 44 1","address":{"@type":"PostalAddress","streetAddress":"2, place de l\u2019Universit\u00e9","addressLocality":"Esch-sur-Alzette","postalCode":"4365","addressCountry":"LU"},"description":"Universit\u00e9 du Luxembourg"},{"@type":"Person","@id":"https:\/\/www.uni.lu\/fr\/#\/schema\/person\/c438f03d51b691a88d09778fc4b1e214","name":"mchristen","image":{"@type":"ImageObject","inLanguage":"fr-FR","@id":"https:\/\/www.uni.lu\/fr\/#\/schema\/person\/image\/","url":"https:\/\/secure.gravatar.com\/avatar\/16d82684b572872e8e543a3c7bfe637a?s=96&d=mm&r=g","contentUrl":"https:\/\/secure.gravatar.com\/avatar\/16d82684b572872e8e543a3c7bfe637a?s=96&d=mm&r=g","caption":"mchristen"}}]}},"blog_id":11,"_links":{"self":[{"href":"https:\/\/www.uni.lu\/fr\/wp-json\/wp\/v2\/news\/9964"}],"collection":[{"href":"https:\/\/www.uni.lu\/fr\/wp-json\/wp\/v2\/news"}],"about":[{"href":"https:\/\/www.uni.lu\/fr\/wp-json\/wp\/v2\/types\/news"}],"author":[{"embeddable":true,"href":"https:\/\/www.uni.lu\/fr\/wp-json\/wp\/v2\/users\/33"}],"version-history":[{"count":4,"href":"https:\/\/www.uni.lu\/fr\/wp-json\/wp\/v2\/news\/9964\/revisions"}],"predecessor-version":[{"id":9981,"href":"https:\/\/www.uni.lu\/fr\/wp-json\/wp\/v2\/news\/9964\/revisions\/9981"}],"wp:authorship":[{"embeddable":true,"href":"https:\/\/www.uni.lu\/fr\/wp-json\/wp\/v2\/users\/33"}],"wp:featuredmedia":[{"embeddable":true,"href":"https:\/\/www.uni.lu\/fr\/wp-json\/wp\/v2\/media\/9976"}],"wp:attachment":[{"href":"https:\/\/www.uni.lu\/fr\/wp-json\/wp\/v2\/media?parent=9964"}],"wp:term":[{"taxonomy":"news-category","embeddable":true,"href":"https:\/\/www.uni.lu\/fr\/wp-json\/wp\/v2\/news-category?post=9964"},{"taxonomy":"news-topic","embeddable":true,"href":"https:\/\/www.uni.lu\/fr\/wp-json\/wp\/v2\/news-topic?post=9964"},{"taxonomy":"organisation","embeddable":true,"href":"https:\/\/www.uni.lu\/fr\/wp-json\/wp\/v2\/organisation?post=9964"}],"curies":[{"name":"wp","href":"https:\/\/api.w.org\/{rel}","templated":true}]}}