{"id":99,"date":"2018-03-07T11:10:24","date_gmt":"2018-03-07T11:10:24","guid":{"rendered":"https:\/\/website.prod.unilu.spikeseed.cloud\/fr\/news\/promouvoir-les-competences-entrepreneuriales-a-luniversite\/"},"modified":"2018-03-07T11:10:24","modified_gmt":"2018-03-07T11:10:24","slug":"promouvoir-les-competences-entrepreneuriales-a-luniversite","status":"publish","type":"news","link":"https:\/\/www.uni.lu\/fr\/news\/promouvoir-les-competences-entrepreneuriales-a-luniversite\/","title":{"rendered":"Promouvoir les comp\u00e9tences entrepreneuriales \u00e0 l\u2019Universit\u00e9"},"content":{"rendered":"<section class=\"wp-block-unilux-blocks-free-section section\"><div class=\"container xl:max-w-screen-xl\"><p>L\u2019Universit\u00e9 du Luxembourg a officiellement lanc\u00e9 son Incubateur le mardi, 6 mars 2018 en pr\u00e9sence du Premier ministre Xavier Bettel. L\u2019Incubateur assistera les entrepreneurs en herbe de l\u2019Universit\u00e9, afin qu\u2019ils d\u00e9veloppent des aptitudes et des comp\u00e9tences li\u00e9es \u00e0 l\u2019entrepreneuriat. Sa finalit\u00e9 est de les aider \u00e0 cr\u00e9er leurs concepts d\u2019affaires et \u00e0 fonder leur entreprise au Luxembourg. Chuck Robbins, le pr\u00e9sident-directeur g\u00e9n\u00e9ral de la soci\u00e9t\u00e9 d\u2019informatique mondiale Cisco, a particip\u00e9 \u00e0 l\u2019ouverture. Cisco contribuera au succ\u00e8s de l&rsquo;initiative entrepreneuriale de l&rsquo;Universit\u00e9 en mettant en \u0153uvre Cisco Networking Academy sur le campus.<\/p>\n<h2 class=\"has-text-align-left wp-block-unilux-blocks-heading\"        id=\"lincubateur-une-initiative-entrepreneuriale-a-luniversite\"\n    >\nL\u2019Incubateur, une initiative entrepreneuriale \u00e0 l\u2019Universit\u00e9<\/h2>\n<p>Cette initiative vient compl\u00e9ter d\u2019autres incubateurs existants au Luxembourg et avec lesquels l&rsquo;<strong>Incubateur de l&rsquo;Universit\u00e9 du Luxembourg<\/strong>, <a href=\"https:\/\/incubator.uni.lu\/\" target=\"_self\" title=\"Visitez incubator.uni.lu\" rel=\"noopener\">University of Luxembourg Incubator<\/a>, est en \u00e9troite collaboration. Ce projet fournira un environnement pour le d\u00e9veloppement des comp\u00e9tences entrepreneuriales, qui sera disponible \u00e0 toute la communaut\u00e9 universitaire. Il mettra \u00e0 disposition une infrastructure de bureautique et une formation destin\u00e9e aux fondateurs et \u00e0 de jeunes entreprises, \u00e0 un stade tr\u00e8s pr\u00e9coce du d\u00e9veloppement de leur concept d\u2019affaires. De plus, un programme de mentorat permettra aux entrepreneurs de b\u00e9n\u00e9ficier des conseils, des connaissances et des r\u00e9seaux de mentors exp\u00e9riment\u00e9s issus du milieu professionnel ou universitaire.<\/p><p>\u00ab L\u2019objectif principal de l\u2019Incubateur est de <strong>soutenir les start-up lors de leurs tout premiers pas, tout en d\u00e9veloppant et en affinant leurs id\u00e9es<\/strong>. Une fois qu\u2019elles sont arriv\u00e9es \u00e0 maturit\u00e9 et qu\u2019elles sont pr\u00eates \u00e0 entrer sur le march\u00e9, nous les transf\u00e9rons vers l\u2019un des incubateurs \u00e9tablis, comme le Technoport \u00bb, explique Romain Martin, vice-recteur acad\u00e9mique de l\u2019Universit\u00e9.<\/p><p><\/p>\n<h2 class=\"has-text-align-left wp-block-unilux-blocks-heading\"        id=\"comprendre-et-developper-lesprit-entrepreneurial\"\n    >\nComprendre et d\u00e9velopper l\u2019esprit entrepreneurial<\/h2>\n<p>L\u2019Incubateur fait partie du nouveau \u00ab University of Luxembourg Entrepreneurship Programme \u00bb, qui vise \u00e0 <strong>promouvoir parmi les \u00e9tudiants un ensemble de comp\u00e9tences et aptitudes essentielles en lien avec les initiatives entrepreneuriales<\/strong>, telles que le travail d\u2019\u00e9quipe, la r\u00e9flexion strat\u00e9gique et la cr\u00e9ativit\u00e9. \u00ab Le Luxembourg a besoin davantage de culture entrepreneuriale. Avec notre initiative, nous voulons agir pour d\u00e9velopper l\u2019esprit entrepreneurial de nos \u00e9tudiants et chercheurs dans toutes les disciplines. Notre but est de rendre nos dipl\u00f4m\u00e9s\/alumni plus comp\u00e9titifs sur le march\u00e9 et de contribuer \u00e0 leur d\u00e9veloppement personnel et professionnel, qu\u2019ils soient destin\u00e9s par la suite \u00e0 devenir entrepreneurs ou bien employ\u00e9s dans une entreprise \u00bb, affirme St\u00e9phane Pallage, recteur de l\u2019Universit\u00e9.<\/p><p><\/p><p>Sivakumar Bactavatchalou, responsable du programme, ajoute : \u00ab Il s\u2019agit d\u2019enseigner des comp\u00e9tences telles que la cr\u00e9ation de concepts, la pr\u00e9sentation, les techniques de n\u00e9gociation, la gestion de projet et le leadership. Que les \u00e9tudiants obtiennent leur dipl\u00f4me en physique ou en philosophie, ils auront besoin de ces comp\u00e9tences dites transversales \u00e0 chaque \u00e9tape de leur vie professionnelle, m\u00eame en tant qu\u2019employ\u00e9s. De nos jours, cependant, les gens changent plus rapidement que jamais de domaine d\u2019expertise et de profession. \u00bb L\u2019Universit\u00e9 d\u00e9veloppe donc des \u00ab intrapreneurs \u00bb. Et si l\u2019initiative venait \u00e0 donner naissance \u00e0 de jeunes entreprises, ce serait par ailleurs formidable, pr\u00e9cise-t-il.<\/p><p>Le \u00ab Entrepreneurship Programme \u00bb n\u2019est pas \u00e0 proprement parler une formation, mais plut\u00f4t <strong>une offre pour la communaut\u00e9 universitaire<\/strong> qui s\u2019\u00e9tendra sur deux ans dans un premier temps et qui sera financ\u00e9e par le programme \u00ab KITS &#8211; Transfert de connaissances et d&rsquo;innovation \u00bb du Fonds National de la Recherche (FNR) et la Fondation Veuve \u00c9mile Metz-Tesch. Il est g\u00e9r\u00e9 par le vice-recteur Romain Martin, la vice-rectrice Tonie van Dam et la directrice administrative faisant fonction Erica Monfardini, avec le soutien de Pranjul Shah, expert en d\u00e9veloppement commercial et innovation. Le si\u00e8ge social et premier point de contact est l\u2019Incubateur, situ\u00e9 dans le \u00ab Student Lounge \u00bb, en face de la Maison de l\u2019Innovation sur le Campus de Belval.<\/p>\n<h2 class=\"has-text-align-left wp-block-unilux-blocks-heading\"        id=\"une-approche-axee-sur-la-pratique\"\n    >\nUne approche ax\u00e9e sur la pratique<\/h2>\n<p>L&rsquo;Incubateur propose <strong>un espace pour des ateliers, une infrastructure pour les start-up potentielles et des services de conseil individuels pour tout type de questions<\/strong>, qu\u2019elles concernent l\u2019\u00e9tude de projets en phase initiale ou de business plans complets.<\/p><p>Ces activit\u00e9s seront couronn\u00e9es par l&rsquo;ouverture de la nouvelle Cisco Networking Academy annonc\u00e9e lors de l&rsquo;\u00e9v\u00e9nement. L&rsquo;acad\u00e9mie offrira des cours en ligne pour les \u00e9tudiants de tous les domaines, des \u00e9valuations personnalis\u00e9es et des opportunit\u00e9s pratiques telles que des logiciels de simulation de r\u00e9seaux, des concours et des hackathons. Bien que le programme soit ax\u00e9 sur les r\u00e9seaux et la s\u00e9curit\u00e9, il offre \u00e9galement des formations en entrepreneuriat ainsi que dans des domaines \u00e9mergents tels que l&rsquo;Internet des objets et l&rsquo;analyse de donn\u00e9es. \u00ab Cisco est fier de travailler avec l&rsquo;Universit\u00e9 du Luxembourg \u00e0 l&rsquo;ouverture d&rsquo;une Cisco Networking Academy pour fournir les comp\u00e9tences num\u00e9riques qui sont n\u00e9cessaires pour qu\u2019entreprises et particuliers r\u00e9ussissent leur parcours. \u00bb, a d\u00e9clar\u00e9 Chuck Robbins.<\/p><p>Et Romain Siebenaler, Country Manager Cisco Luxembourg, d\u2019ajouter : \u00ab Au cours des prochains mois, nous pr\u00e9voyons d&rsquo;\u00e9tendre la coop\u00e9ration entre l&rsquo;Universit\u00e9 du Luxembourg et Cisco au-del\u00e0 de la Networking Academy. Nous cherchons \u00e0 travailler ensemble pour concevoir, tester et constamment am\u00e9liorer les outils, ainsi que d\u00e9velopper des environnements d&rsquo;apprentissage efficaces pour le monde num\u00e9rique. \u00bb<\/p><p><strong>&#8211; &#8211; &#8211;<\/strong><\/p><p><strong>D\u00e9velopper l&rsquo;esprit d&rsquo;entrepreneuriat n\u2019est toutefois pas nouveau \u00e0 l&rsquo;Universit\u00e9 du Luxembourg. D\u00e8s 2007, l&rsquo;Universit\u00e9 lan\u00e7ait le<\/strong><a href=\"https:\/\/wwwfr.uni.lu\/formations\/fdef\/master_in_entrepreneurship_and_innovation\" target=\"_self\" title=\"Visit mei.uni.lu\" rel=\"noopener\">Master in Entrepreneurship and Innovation<\/a> en partenariat avec la Chambre de Commerce, afin de renforcer la recherche et l&rsquo;enseignement dans cette discipline et de former la prochaine g\u00e9n\u00e9ration d&rsquo;entrepreneurs et d&rsquo;innovateurs.<\/p><p><strong>D\u00e9couvrez\u00a0aussi des moments forts de l&rsquo;\u00e9v\u00e9nement comme si vous y \u00e9tiez :<\/strong><\/p><p><\/p>\n<h5 class=\"has-text-align-left wp-block-unilux-blocks-heading\"        id=\"photo-le-projet-playcraft-dhimadri-pathak-pour-la-fabrication-de-guitares-a-partir-dobjets-de-recuperation-michel-brumat-universite-du-luxembourg\"\n    >\nPhoto : Le projet PlayCraft d&rsquo;Himadri Pathak pour la fabrication de guitares \u00e0 partir d&rsquo;objets de r\u00e9cup\u00e9ration, \u00a9 Michel Brumat \/ Universit\u00e9 du Luxembourg<\/h5>\n<\/div><\/section>","protected":false},"excerpt":{"rendered":"<p>L\u2019Universit\u00e9 du Luxembourg a officiellement lanc\u00e9 son Incubateur le mardi, 6 mars 2018 en pr\u00e9sence du Premier ministre Xavier Bettel. L\u2019Incubateur assistera les entrepreneurs en herbe de l\u2019Universit\u00e9, afin qu\u2019ils d\u00e9veloppent des aptitudes et des comp\u00e9tences li\u00e9es \u00e0 l\u2019entrepreneuriat. Sa finalit\u00e9 est de les aider \u00e0 cr\u00e9er leurs concepts d\u2019affaires et \u00e0 fonder leur entreprise au Luxembourg. Chuck Robbins, le pr\u00e9sident-directeur g\u00e9n\u00e9ral de la soci\u00e9t\u00e9 d\u2019informatique mondiale Cisco, a particip\u00e9 \u00e0 l\u2019ouverture. Cisco contribuera au succ\u00e8s de l&rsquo;initiative entrepreneuriale de l&rsquo;Universit\u00e9 en mettant en \u0153uvre Cisco Networking Academy sur le campus.<\/p>\n","protected":false},"author":0,"featured_media":0,"template":"","format":"standard","meta":{"featured_image_focal_point":[],"show_featured_caption":false,"ulux_newsletter_groups":"","uluxPostTitle":"","uluxPrePostTitle":"","_trash_the_other_posts":false,"_price":"","_stock":"","_tribe_ticket_header":"","_tribe_default_ticket_provider":"","_tribe_ticket_capacity":"0","_ticket_start_date":"","_ticket_end_date":"","_tribe_ticket_show_description":"","_tribe_ticket_show_not_going":false,"_tribe_ticket_use_global_stock":"","_tribe_ticket_global_stock_level":"","_global_stock_mode":"","_global_stock_cap":"","_tribe_rsvp_for_event":"","_tribe_ticket_going_count":"","_tribe_ticket_not_going_count":"","_tribe_tickets_list":"[]","_tribe_ticket_has_attendee_info_fields":false},"news-category":[6,7,3],"news-topic":[],"organisation":[238,226],"authorship":[],"acf":[],"yoast_head":"<!-- This site is optimized with the Yoast SEO Premium plugin v22.3 (Yoast SEO v22.3) - https:\/\/yoast.com\/wordpress\/plugins\/seo\/ -->\n<title>Promouvoir les comp\u00e9tences entrepreneuriales \u00e0 l\u2019Universit\u00e9 - Universit\u00e9 du Luxembourg<\/title>\n<meta name=\"description\" content=\"L\u2019Universit\u00e9 du Luxembourg a officiellement lanc\u00e9 son Incubateur le mardi, 6 mars 2018 en pr\u00e9sence du Premier ministre Xavier Bettel. L\u2019Incubateur assistera les entrepreneurs en herbe de l\u2019Universit\u00e9, afin qu\u2019ils d\u00e9veloppent des aptitudes et des comp\u00e9tences li\u00e9es \u00e0 l\u2019entrepreneuriat. Sa finalit\u00e9 est de les aider \u00e0 cr\u00e9er leurs concepts d\u2019affaires et \u00e0 fonder leur entreprise au Luxembourg. Chuck Robbins, le pr\u00e9sident-directeur g\u00e9n\u00e9ral de la soci\u00e9t\u00e9 d\u2019informatique mondiale Cisco, a particip\u00e9 \u00e0 l\u2019ouverture. Cisco contribuera au succ\u00e8s de l&#039;initiative entrepreneuriale de l&#039;Universit\u00e9 en mettant en \u0153uvre Cisco Networking Academy sur le campus.\" \/>\n<meta name=\"robots\" content=\"index, follow, max-snippet:-1, max-image-preview:large, max-video-preview:-1\" \/>\n<link rel=\"canonical\" href=\"https:\/\/www.uni.lu\/fr\/news\/promouvoir-les-competences-entrepreneuriales-a-luniversite\/\" \/>\n<meta property=\"og:locale\" content=\"fr_FR\" \/>\n<meta property=\"og:type\" content=\"article\" \/>\n<meta property=\"og:title\" content=\"Promouvoir les comp\u00e9tences entrepreneuriales \u00e0 l\u2019Universit\u00e9\" \/>\n<meta property=\"og:description\" content=\"L\u2019Universit\u00e9 du Luxembourg a officiellement lanc\u00e9 son Incubateur le mardi, 6 mars 2018 en pr\u00e9sence du Premier ministre Xavier Bettel. L\u2019Incubateur assistera les entrepreneurs en herbe de l\u2019Universit\u00e9, afin qu\u2019ils d\u00e9veloppent des aptitudes et des comp\u00e9tences li\u00e9es \u00e0 l\u2019entrepreneuriat. Sa finalit\u00e9 est de les aider \u00e0 cr\u00e9er leurs concepts d\u2019affaires et \u00e0 fonder leur entreprise au Luxembourg. Chuck Robbins, le pr\u00e9sident-directeur g\u00e9n\u00e9ral de la soci\u00e9t\u00e9 d\u2019informatique mondiale Cisco, a particip\u00e9 \u00e0 l\u2019ouverture. Cisco contribuera au succ\u00e8s de l&#039;initiative entrepreneuriale de l&#039;Universit\u00e9 en mettant en \u0153uvre Cisco Networking Academy sur le campus.\" \/>\n<meta property=\"og:url\" content=\"https:\/\/www.uni.lu\/fr\/news\/promouvoir-les-competences-entrepreneuriales-a-luniversite\/\" \/>\n<meta property=\"og:site_name\" content=\"UNI FR\" \/>\n<meta property=\"article:publisher\" content=\"https:\/\/www.facebook.com\/uni.lu\" \/>\n<meta property=\"og:image\" content=\"https:\/\/www.uni.lu\/wp-content\/uploads\/sites\/11\/2018\/03\/promouvoir_les_competences_entrepreneuriales_a_l_universite.jpg\" \/>\n\t<meta property=\"og:image:width\" content=\"800\" \/>\n\t<meta property=\"og:image:height\" content=\"600\" \/>\n\t<meta property=\"og:image:type\" content=\"image\/jpeg\" \/>\n<meta name=\"twitter:card\" content=\"summary_large_image\" \/>\n<meta name=\"twitter:label1\" content=\"Dur\u00e9e de lecture estim\u00e9e\" \/>\n\t<meta name=\"twitter:data1\" content=\"5 minutes\" \/>\n<script type=\"application\/ld+json\" class=\"yoast-schema-graph\">{\"@context\":\"https:\/\/schema.org\",\"@graph\":[{\"@type\":\"NewsArticle\",\"@id\":\"https:\/\/www.uni.lu\/fr\/news\/promouvoir-les-competences-entrepreneuriales-a-luniversite\/#article\",\"isPartOf\":{\"@id\":\"https:\/\/www.uni.lu\/fr\/news\/promouvoir-les-competences-entrepreneuriales-a-luniversite\/\"},\"author\":{\"name\":\"\",\"@id\":\"\"},\"headline\":\"Promouvoir les comp\u00e9tences entrepreneuriales \u00e0 l\u2019Universit\u00e9\",\"datePublished\":\"2018-03-07T11:10:24+00:00\",\"dateModified\":\"2018-03-07T11:10:24+00:00\",\"mainEntityOfPage\":{\"@id\":\"https:\/\/www.uni.lu\/fr\/news\/promouvoir-les-competences-entrepreneuriales-a-luniversite\/\"},\"wordCount\":970,\"publisher\":{\"@id\":\"https:\/\/www.uni.lu\/fr\/#organization\"},\"inLanguage\":\"fr-FR\"},{\"@type\":\"WebPage\",\"@id\":\"https:\/\/www.uni.lu\/fr\/news\/promouvoir-les-competences-entrepreneuriales-a-luniversite\/\",\"url\":\"https:\/\/www.uni.lu\/fr\/news\/promouvoir-les-competences-entrepreneuriales-a-luniversite\/\",\"name\":\"Promouvoir les comp\u00e9tences entrepreneuriales \u00e0 l\u2019Universit\u00e9 - Universit\u00e9 du Luxembourg\",\"isPartOf\":{\"@id\":\"https:\/\/www.uni.lu\/fr\/#website\"},\"datePublished\":\"2018-03-07T11:10:24+00:00\",\"dateModified\":\"2018-03-07T11:10:24+00:00\",\"description\":\"L\u2019Universit\u00e9 du Luxembourg a officiellement lanc\u00e9 son Incubateur le mardi, 6 mars 2018 en pr\u00e9sence du Premier ministre Xavier Bettel. L\u2019Incubateur assistera les entrepreneurs en herbe de l\u2019Universit\u00e9, afin qu\u2019ils d\u00e9veloppent des aptitudes et des comp\u00e9tences li\u00e9es \u00e0 l\u2019entrepreneuriat. Sa finalit\u00e9 est de les aider \u00e0 cr\u00e9er leurs concepts d\u2019affaires et \u00e0 fonder leur entreprise au Luxembourg. Chuck Robbins, le pr\u00e9sident-directeur g\u00e9n\u00e9ral de la soci\u00e9t\u00e9 d\u2019informatique mondiale Cisco, a particip\u00e9 \u00e0 l\u2019ouverture. Cisco contribuera au succ\u00e8s de l'initiative entrepreneuriale de l'Universit\u00e9 en mettant en \u0153uvre Cisco Networking Academy sur le campus.\",\"breadcrumb\":{\"@id\":\"https:\/\/www.uni.lu\/fr\/news\/promouvoir-les-competences-entrepreneuriales-a-luniversite\/#breadcrumb\"},\"inLanguage\":\"fr-FR\",\"potentialAction\":[{\"@type\":\"ReadAction\",\"target\":[\"https:\/\/www.uni.lu\/fr\/news\/promouvoir-les-competences-entrepreneuriales-a-luniversite\/\"]}]},{\"@type\":\"BreadcrumbList\",\"@id\":\"https:\/\/www.uni.lu\/fr\/news\/promouvoir-les-competences-entrepreneuriales-a-luniversite\/#breadcrumb\",\"itemListElement\":[{\"@type\":\"ListItem\",\"position\":1,\"name\":\"Home\",\"item\":\"https:\/\/www.uni.lu\/fr\/\"},{\"@type\":\"ListItem\",\"position\":2,\"name\":\"News\",\"item\":\"https:\/\/www.uni.lu\/fr\/news\/\"},{\"@type\":\"ListItem\",\"position\":3,\"name\":\"Promouvoir les comp\u00e9tences entrepreneuriales \u00e0 l\u2019Universit\u00e9\"}]},{\"@type\":\"WebSite\",\"@id\":\"https:\/\/www.uni.lu\/fr\/#website\",\"url\":\"https:\/\/www.uni.lu\/fr\/\",\"name\":\"Uni.lu\",\"description\":\"Universit\u00e9 du Luxembourg\",\"publisher\":{\"@id\":\"https:\/\/www.uni.lu\/fr\/#organization\"},\"alternateName\":\"Universit\u00e9 du Luxembourg\",\"potentialAction\":[{\"@type\":\"SearchAction\",\"target\":{\"@type\":\"EntryPoint\",\"urlTemplate\":\"https:\/\/www.uni.lu\/fr\/?s={search_term_string}\"},\"query-input\":\"required name=search_term_string\"}],\"inLanguage\":\"fr-FR\"},{\"@type\":\"Organization\",\"@id\":\"https:\/\/www.uni.lu\/fr\/#organization\",\"name\":\"Universit\u00e9 du Luxembourg\",\"alternateName\":\"Uni.lu\",\"url\":\"https:\/\/www.uni.lu\/fr\/\",\"logo\":{\"@type\":\"ImageObject\",\"inLanguage\":\"fr-FR\",\"@id\":\"https:\/\/www.uni.lu\/fr\/#\/schema\/logo\/image\/\",\"url\":\"https:\/\/www.uni.lu\/wp-content\/uploads\/sites\/11\/2026\/03\/03120045\/UNIV_SM-Profile_1600x1600px-scaled.jpg\",\"contentUrl\":\"https:\/\/www.uni.lu\/wp-content\/uploads\/sites\/11\/2026\/03\/03120045\/UNIV_SM-Profile_1600x1600px-scaled.jpg\",\"width\":2560,\"height\":2560,\"caption\":\"Universit\u00e9 du Luxembourg\"},\"image\":\"https:\/\/www.uni.lu\/wp-content\/uploads\/sites\/11\/2026\/04\/24120552\/20200609-Belval-Campus_Henri-Goergen-23.jpg\",\"sameAs\":[\"https:\/\/www.facebook.com\/uni.lu\",\"https:\/\/www.linkedin.com\/school\/university-of-luxembourg\/\",\"https:\/\/www.instagram.com\/uni.lu\",\"https:\/\/www.youtube.com\/@uni_lu\",\"https:\/\/en.wikipedia.org\/wiki\/University_of_Luxembourg\"],\"email\":\"communication@uni.lu\",\"telephone\":\"+352 46 66 44 1\",\"address\":{\"@type\":\"PostalAddress\",\"streetAddress\":\"2, place de l\u2019Universit\u00e9\",\"addressLocality\":\"Esch-sur-Alzette\",\"postalCode\":\"4365\",\"addressCountry\":\"LU\"},\"description\":\"Universit\u00e9 du Luxembourg\"}]}<\/script>\n<!-- \/ Yoast SEO Premium plugin. -->","yoast_head_json":{"title":"Promouvoir les comp\u00e9tences entrepreneuriales \u00e0 l\u2019Universit\u00e9 - Universit\u00e9 du Luxembourg","description":"L\u2019Universit\u00e9 du Luxembourg a officiellement lanc\u00e9 son Incubateur le mardi, 6 mars 2018 en pr\u00e9sence du Premier ministre Xavier Bettel. L\u2019Incubateur assistera les entrepreneurs en herbe de l\u2019Universit\u00e9, afin qu\u2019ils d\u00e9veloppent des aptitudes et des comp\u00e9tences li\u00e9es \u00e0 l\u2019entrepreneuriat. Sa finalit\u00e9 est de les aider \u00e0 cr\u00e9er leurs concepts d\u2019affaires et \u00e0 fonder leur entreprise au Luxembourg. Chuck Robbins, le pr\u00e9sident-directeur g\u00e9n\u00e9ral de la soci\u00e9t\u00e9 d\u2019informatique mondiale Cisco, a particip\u00e9 \u00e0 l\u2019ouverture. Cisco contribuera au succ\u00e8s de l'initiative entrepreneuriale de l'Universit\u00e9 en mettant en \u0153uvre Cisco Networking Academy sur le campus.","robots":{"index":"index","follow":"follow","max-snippet":"max-snippet:-1","max-image-preview":"max-image-preview:large","max-video-preview":"max-video-preview:-1"},"canonical":"https:\/\/www.uni.lu\/fr\/news\/promouvoir-les-competences-entrepreneuriales-a-luniversite\/","og_locale":"fr_FR","og_type":"article","og_title":"Promouvoir les comp\u00e9tences entrepreneuriales \u00e0 l\u2019Universit\u00e9","og_description":"L\u2019Universit\u00e9 du Luxembourg a officiellement lanc\u00e9 son Incubateur le mardi, 6 mars 2018 en pr\u00e9sence du Premier ministre Xavier Bettel. L\u2019Incubateur assistera les entrepreneurs en herbe de l\u2019Universit\u00e9, afin qu\u2019ils d\u00e9veloppent des aptitudes et des comp\u00e9tences li\u00e9es \u00e0 l\u2019entrepreneuriat. Sa finalit\u00e9 est de les aider \u00e0 cr\u00e9er leurs concepts d\u2019affaires et \u00e0 fonder leur entreprise au Luxembourg. Chuck Robbins, le pr\u00e9sident-directeur g\u00e9n\u00e9ral de la soci\u00e9t\u00e9 d\u2019informatique mondiale Cisco, a particip\u00e9 \u00e0 l\u2019ouverture. Cisco contribuera au succ\u00e8s de l'initiative entrepreneuriale de l'Universit\u00e9 en mettant en \u0153uvre Cisco Networking Academy sur le campus.","og_url":"https:\/\/www.uni.lu\/fr\/news\/promouvoir-les-competences-entrepreneuriales-a-luniversite\/","og_site_name":"UNI FR","article_publisher":"https:\/\/www.facebook.com\/uni.lu","og_image":[{"width":800,"height":600,"url":"https:\/\/www.uni.lu\/wp-content\/uploads\/sites\/11\/2018\/03\/promouvoir_les_competences_entrepreneuriales_a_l_universite.jpg","type":"image\/jpeg"}],"twitter_card":"summary_large_image","twitter_misc":{"Dur\u00e9e de lecture estim\u00e9e":"5 minutes"},"schema":{"@context":"https:\/\/schema.org","@graph":[{"@type":"NewsArticle","@id":"https:\/\/www.uni.lu\/fr\/news\/promouvoir-les-competences-entrepreneuriales-a-luniversite\/#article","isPartOf":{"@id":"https:\/\/www.uni.lu\/fr\/news\/promouvoir-les-competences-entrepreneuriales-a-luniversite\/"},"author":{"name":"","@id":""},"headline":"Promouvoir les comp\u00e9tences entrepreneuriales \u00e0 l\u2019Universit\u00e9","datePublished":"2018-03-07T11:10:24+00:00","dateModified":"2018-03-07T11:10:24+00:00","mainEntityOfPage":{"@id":"https:\/\/www.uni.lu\/fr\/news\/promouvoir-les-competences-entrepreneuriales-a-luniversite\/"},"wordCount":970,"publisher":{"@id":"https:\/\/www.uni.lu\/fr\/#organization"},"inLanguage":"fr-FR"},{"@type":"WebPage","@id":"https:\/\/www.uni.lu\/fr\/news\/promouvoir-les-competences-entrepreneuriales-a-luniversite\/","url":"https:\/\/www.uni.lu\/fr\/news\/promouvoir-les-competences-entrepreneuriales-a-luniversite\/","name":"Promouvoir les comp\u00e9tences entrepreneuriales \u00e0 l\u2019Universit\u00e9 - Universit\u00e9 du Luxembourg","isPartOf":{"@id":"https:\/\/www.uni.lu\/fr\/#website"},"datePublished":"2018-03-07T11:10:24+00:00","dateModified":"2018-03-07T11:10:24+00:00","description":"L\u2019Universit\u00e9 du Luxembourg a officiellement lanc\u00e9 son Incubateur le mardi, 6 mars 2018 en pr\u00e9sence du Premier ministre Xavier Bettel. L\u2019Incubateur assistera les entrepreneurs en herbe de l\u2019Universit\u00e9, afin qu\u2019ils d\u00e9veloppent des aptitudes et des comp\u00e9tences li\u00e9es \u00e0 l\u2019entrepreneuriat. Sa finalit\u00e9 est de les aider \u00e0 cr\u00e9er leurs concepts d\u2019affaires et \u00e0 fonder leur entreprise au Luxembourg. Chuck Robbins, le pr\u00e9sident-directeur g\u00e9n\u00e9ral de la soci\u00e9t\u00e9 d\u2019informatique mondiale Cisco, a particip\u00e9 \u00e0 l\u2019ouverture. Cisco contribuera au succ\u00e8s de l'initiative entrepreneuriale de l'Universit\u00e9 en mettant en \u0153uvre Cisco Networking Academy sur le campus.","breadcrumb":{"@id":"https:\/\/www.uni.lu\/fr\/news\/promouvoir-les-competences-entrepreneuriales-a-luniversite\/#breadcrumb"},"inLanguage":"fr-FR","potentialAction":[{"@type":"ReadAction","target":["https:\/\/www.uni.lu\/fr\/news\/promouvoir-les-competences-entrepreneuriales-a-luniversite\/"]}]},{"@type":"BreadcrumbList","@id":"https:\/\/www.uni.lu\/fr\/news\/promouvoir-les-competences-entrepreneuriales-a-luniversite\/#breadcrumb","itemListElement":[{"@type":"ListItem","position":1,"name":"Home","item":"https:\/\/www.uni.lu\/fr\/"},{"@type":"ListItem","position":2,"name":"News","item":"https:\/\/www.uni.lu\/fr\/news\/"},{"@type":"ListItem","position":3,"name":"Promouvoir les comp\u00e9tences entrepreneuriales \u00e0 l\u2019Universit\u00e9"}]},{"@type":"WebSite","@id":"https:\/\/www.uni.lu\/fr\/#website","url":"https:\/\/www.uni.lu\/fr\/","name":"Uni.lu","description":"Universit\u00e9 du Luxembourg","publisher":{"@id":"https:\/\/www.uni.lu\/fr\/#organization"},"alternateName":"Universit\u00e9 du Luxembourg","potentialAction":[{"@type":"SearchAction","target":{"@type":"EntryPoint","urlTemplate":"https:\/\/www.uni.lu\/fr\/?s={search_term_string}"},"query-input":"required name=search_term_string"}],"inLanguage":"fr-FR"},{"@type":"Organization","@id":"https:\/\/www.uni.lu\/fr\/#organization","name":"Universit\u00e9 du Luxembourg","alternateName":"Uni.lu","url":"https:\/\/www.uni.lu\/fr\/","logo":{"@type":"ImageObject","inLanguage":"fr-FR","@id":"https:\/\/www.uni.lu\/fr\/#\/schema\/logo\/image\/","url":"https:\/\/www.uni.lu\/wp-content\/uploads\/sites\/11\/2026\/03\/03120045\/UNIV_SM-Profile_1600x1600px-scaled.jpg","contentUrl":"https:\/\/www.uni.lu\/wp-content\/uploads\/sites\/11\/2026\/03\/03120045\/UNIV_SM-Profile_1600x1600px-scaled.jpg","width":2560,"height":2560,"caption":"Universit\u00e9 du Luxembourg"},"image":"https:\/\/www.uni.lu\/wp-content\/uploads\/sites\/11\/2026\/04\/24120552\/20200609-Belval-Campus_Henri-Goergen-23.jpg","sameAs":["https:\/\/www.facebook.com\/uni.lu","https:\/\/www.linkedin.com\/school\/university-of-luxembourg\/","https:\/\/www.instagram.com\/uni.lu","https:\/\/www.youtube.com\/@uni_lu","https:\/\/en.wikipedia.org\/wiki\/University_of_Luxembourg"],"email":"communication@uni.lu","telephone":"+352 46 66 44 1","address":{"@type":"PostalAddress","streetAddress":"2, place de l\u2019Universit\u00e9","addressLocality":"Esch-sur-Alzette","postalCode":"4365","addressCountry":"LU"},"description":"Universit\u00e9 du Luxembourg"}]}},"blog_id":11,"_links":{"self":[{"href":"https:\/\/www.uni.lu\/fr\/wp-json\/wp\/v2\/news\/99"}],"collection":[{"href":"https:\/\/www.uni.lu\/fr\/wp-json\/wp\/v2\/news"}],"about":[{"href":"https:\/\/www.uni.lu\/fr\/wp-json\/wp\/v2\/types\/news"}],"version-history":[{"count":0,"href":"https:\/\/www.uni.lu\/fr\/wp-json\/wp\/v2\/news\/99\/revisions"}],"wp:attachment":[{"href":"https:\/\/www.uni.lu\/fr\/wp-json\/wp\/v2\/media?parent=99"}],"wp:term":[{"taxonomy":"news-category","embeddable":true,"href":"https:\/\/www.uni.lu\/fr\/wp-json\/wp\/v2\/news-category?post=99"},{"taxonomy":"news-topic","embeddable":true,"href":"https:\/\/www.uni.lu\/fr\/wp-json\/wp\/v2\/news-topic?post=99"},{"taxonomy":"organisation","embeddable":true,"href":"https:\/\/www.uni.lu\/fr\/wp-json\/wp\/v2\/organisation?post=99"}],"curies":[{"name":"wp","href":"https:\/\/api.w.org\/{rel}","templated":true}]}}