{"id":9894,"date":"2024-02-07T11:49:24","date_gmt":"2024-02-07T10:49:24","guid":{"rendered":"https:\/\/www.uni.lu\/fr\/?post_type=news&#038;p=9894"},"modified":"2024-04-25T15:29:50","modified_gmt":"2024-04-25T13:29:50","slug":"vice-recteur-academique-vice-rectrice-academique","status":"publish","type":"news","link":"https:\/\/www.uni.lu\/fr\/news\/vice-recteur-academique-vice-rectrice-academique\/","title":{"rendered":"Appel \u00e0 candidatures : Vice-Recteur Acad\u00e9mique \/ Vice-Rectrice Acad\u00e9mique"},"content":{"rendered":"\n<section class=\"wp-block-unilux-blocks-free-section section\"><div class=\"container xl:max-w-screen-xl\">\n<p>Fond\u00e9e en 2003, l&rsquo;Universit\u00e9 du Luxembourg est la seule universit\u00e9 publique du Grand-Duch\u00e9 de Luxembourg. Forte de son caract\u00e8re multilingue et multiculturel, l&rsquo;Universit\u00e9 incarne une modernit\u00e9 ancr\u00e9e dans une culture inclusive et coll\u00e9giale. Sa dimension internationale se manifeste \u00e0 travers la diversit\u00e9 de son corps enseignant et de ses \u00e9tudiants. Reconnue comme une universit\u00e9 de recherche de renomm\u00e9e internationale, l\u2019Universit\u00e9 aspire \u00e0 l&rsquo;excellence tant dans l&rsquo;enseignement que dans ses activit\u00e9s de recherche et de service \u00e0 la soci\u00e9t\u00e9.<\/p>\n\n\n\n<p>L\u2019Universit\u00e9 du Luxembourg a retenu les services d\u2019Odgers Berndtson Luxembourg pour la recherche d\u2019un\/une Vice-Recteur Acad\u00e9mique \/ Vice-Rectrice Acad\u00e9mique.<\/p>\n\n\n\n<h2 class=\"has-text-align-left wp-block-unilux-blocks-heading\"        id=\"le-role\"\n    >\nLe r\u00f4le<\/h2>\n\n\n\n<p>Le Vice-Recteur \/ la Vice-Rectrice Acad\u00e9mique de l&rsquo;Universit\u00e9 supervise toutes les activit\u00e9s li\u00e9es \u00e0 l&rsquo;apprentissage et \u00e0 l&rsquo;enseignement (Bachelor, Master). Il\/elle est \u00e9galement responsable de tous les aspects de l&rsquo;exp\u00e9rience des \u00e9tudiants \u00e0 l&rsquo;Universit\u00e9 du Luxembourg.<br>Le Vice-Recteur \/ la Vice-Rectrice Acad\u00e9mique jouera un r\u00f4le d\u00e9terminant dans l&rsquo;\u00e9laboration de la vision et de la strat\u00e9gie des activit\u00e9s d&rsquo;apprentissage et d&rsquo;enseignement au sein de l&rsquo;institution. Il\/elle dirigera \u00e9galement l&rsquo;introduction de nouvelles m\u00e9thodes d&rsquo;enseignement, en tirant parti des avanc\u00e9es technologiques. En tant que membre de l&rsquo;\u00e9quipe de direction, il\/elle exercera un leadership strat\u00e9gique pour les activit\u00e9s d&rsquo;apprentissage et d&rsquo;enseignement de l\u2019institution. Il s&rsquo;agit d&rsquo;un r\u00f4le strat\u00e9gique crucial pour le d\u00e9veloppement de l\u2019Universit\u00e9.<\/p>\n\n\n\n<h2 class=\"has-text-align-left wp-block-unilux-blocks-heading\"        id=\"le-profil\"\n    >\nLe profil<\/h2>\n\n\n\n<p>Le\/la candidat.e id\u00e9al.e sera un.e professeur.e de renomm\u00e9e internationale, dot\u00e9.e d&rsquo;une solide exp\u00e9rience dans la gestion des affaires acad\u00e9miques. La personne apportera une vision strat\u00e9gique pour le d\u00e9veloppement de l&rsquo;enseignement sup\u00e9rieur ainsi qu\u2019une capacit\u00e9 av\u00e9r\u00e9e \u00e0 promouvoir l&rsquo;excellence acad\u00e9mique, \u00e0 favoriser l&rsquo;innovation p\u00e9dagogique et \u00e0 assurer une exp\u00e9rience \u00e9tudiante enrichissante. La ma\u00eetrise de l&rsquo;anglais et du fran\u00e7ais est requise.<\/p>\n\n\n\n<p>Si cette opportunit\u00e9 \u00e9veille votre int\u00e9r\u00eat, nous vous invitons \u00e0 nous contacter pour obtenir davantage d&rsquo;informations \u00e0 l&rsquo;adresse suivante :<br><a href=\"mailto:olga.jeczmyk@odgersberndtson.com\">olga.jeczmyk@odgersberndtson.com<\/a> ou <a href=\"mailto:agnieszka.zajac@odgersberndtson.com\">agnieszka.zajac@odgersberndtson.com<\/a><\/p>\n\n\n\n<p>Les candidatures seront trait\u00e9es avec la plus stricte confidentialit\u00e9.<\/p>\n<\/div><\/section>\n","protected":false},"excerpt":{"rendered":"<p>L\u2019Universit\u00e9 du Luxembourg a retenu les services d\u2019Odgers Berndtson Luxembourg pour la recherche d\u2019un\/une Vice-Recteur Acad\u00e9mique \/ Vice-Rectrice Acad\u00e9mique.<\/p>\n","protected":false},"author":42,"featured_media":0,"template":"","format":"standard","meta":{"featured_image_focal_point":[],"show_featured_caption":false,"ulux_newsletter_groups":"","uluxPostTitle":"","uluxPrePostTitle":"","_trash_the_other_posts":false,"_price":"","_stock":"","_tribe_ticket_header":"","_tribe_default_ticket_provider":"","_tribe_ticket_capacity":"0","_ticket_start_date":"","_ticket_end_date":"","_tribe_ticket_show_description":"","_tribe_ticket_show_not_going":false,"_tribe_ticket_use_global_stock":"","_tribe_ticket_global_stock_level":"","_global_stock_mode":"","_global_stock_cap":"","_tribe_rsvp_for_event":"","_tribe_ticket_going_count":"","_tribe_ticket_not_going_count":"","_tribe_tickets_list":"[]","_tribe_ticket_has_attendee_info_fields":false},"news-category":[3],"news-topic":[],"organisation":[226],"authorship":[42],"acf":[],"yoast_head":"<!-- This site is optimized with the Yoast SEO Premium plugin v22.3 (Yoast SEO v22.3) - https:\/\/yoast.com\/wordpress\/plugins\/seo\/ -->\n<title>Appel \u00e0 candidatures : Vice-Recteur Acad\u00e9mique \/ Vice-Rectrice Acad\u00e9mique - Universit\u00e9 du Luxembourg<\/title>\n<meta name=\"description\" content=\"L\u2019Universit\u00e9 du Luxembourg a retenu les services d\u2019Odgers Berndtson Luxembourg pour la recherche d\u2019un\/une Vice-Recteur Acad\u00e9mique \/ Vice-Rectrice Acad\u00e9mique.\" \/>\n<meta name=\"robots\" content=\"index, follow, max-snippet:-1, max-image-preview:large, max-video-preview:-1\" \/>\n<link rel=\"canonical\" href=\"https:\/\/www.uni.lu\/fr\/news\/vice-recteur-academique-vice-rectrice-academique\/\" \/>\n<meta property=\"og:locale\" content=\"fr_FR\" \/>\n<meta property=\"og:type\" content=\"article\" \/>\n<meta property=\"og:title\" content=\"Appel \u00e0 candidatures : Vice-Recteur Acad\u00e9mique \/ Vice-Rectrice Acad\u00e9mique\" \/>\n<meta property=\"og:description\" content=\"L\u2019Universit\u00e9 du Luxembourg a retenu les services d\u2019Odgers Berndtson Luxembourg pour la recherche d\u2019un\/une Vice-Recteur Acad\u00e9mique \/ Vice-Rectrice Acad\u00e9mique.\" \/>\n<meta property=\"og:url\" content=\"https:\/\/www.uni.lu\/fr\/news\/vice-recteur-academique-vice-rectrice-academique\/\" \/>\n<meta property=\"og:site_name\" content=\"UNI FR\" \/>\n<meta property=\"article:publisher\" content=\"https:\/\/www.facebook.com\/uni.lu\" \/>\n<meta property=\"article:modified_time\" content=\"2024-04-25T13:29:50+00:00\" \/>\n<meta property=\"og:image\" content=\"https:\/\/www.uni.lu\/wp-content\/uploads\/sites\/11\/2024\/02\/Universite-du-Luxembourg-logo.png\" \/>\n\t<meta property=\"og:image:width\" content=\"1500\" \/>\n\t<meta property=\"og:image:height\" content=\"1125\" \/>\n\t<meta property=\"og:image:type\" content=\"image\/png\" \/>\n<meta name=\"twitter:card\" content=\"summary_large_image\" \/>\n<meta name=\"twitter:label1\" content=\"Dur\u00e9e de lecture estim\u00e9e\" \/>\n\t<meta name=\"twitter:data1\" content=\"2 minutes\" \/>\n<script type=\"application\/ld+json\" class=\"yoast-schema-graph\">{\"@context\":\"https:\/\/schema.org\",\"@graph\":[{\"@type\":\"NewsArticle\",\"@id\":\"https:\/\/www.uni.lu\/fr\/news\/vice-recteur-academique-vice-rectrice-academique\/#article\",\"isPartOf\":{\"@id\":\"https:\/\/www.uni.lu\/fr\/news\/vice-recteur-academique-vice-rectrice-academique\/\"},\"author\":{\"name\":\"svankelst\",\"@id\":\"https:\/\/www.uni.lu\/fr\/#\/schema\/person\/bbacc9db2c68a323b1a3cbdab743cd0c\"},\"headline\":\"Appel \u00e0 candidatures : Vice-Recteur Acad\u00e9mique \/ Vice-Rectrice Acad\u00e9mique\",\"datePublished\":\"2024-02-07T10:49:24+00:00\",\"dateModified\":\"2024-04-25T13:29:50+00:00\",\"mainEntityOfPage\":{\"@id\":\"https:\/\/www.uni.lu\/fr\/news\/vice-recteur-academique-vice-rectrice-academique\/\"},\"wordCount\":382,\"publisher\":{\"@id\":\"https:\/\/www.uni.lu\/fr\/#organization\"},\"inLanguage\":\"fr-FR\"},{\"@type\":\"WebPage\",\"@id\":\"https:\/\/www.uni.lu\/fr\/news\/vice-recteur-academique-vice-rectrice-academique\/\",\"url\":\"https:\/\/www.uni.lu\/fr\/news\/vice-recteur-academique-vice-rectrice-academique\/\",\"name\":\"Appel \u00e0 candidatures : Vice-Recteur Acad\u00e9mique \/ Vice-Rectrice Acad\u00e9mique - Universit\u00e9 du Luxembourg\",\"isPartOf\":{\"@id\":\"https:\/\/www.uni.lu\/fr\/#website\"},\"datePublished\":\"2024-02-07T10:49:24+00:00\",\"dateModified\":\"2024-04-25T13:29:50+00:00\",\"description\":\"L\u2019Universit\u00e9 du Luxembourg a retenu les services d\u2019Odgers Berndtson Luxembourg pour la recherche d\u2019un\/une Vice-Recteur Acad\u00e9mique \/ Vice-Rectrice Acad\u00e9mique.\",\"breadcrumb\":{\"@id\":\"https:\/\/www.uni.lu\/fr\/news\/vice-recteur-academique-vice-rectrice-academique\/#breadcrumb\"},\"inLanguage\":\"fr-FR\",\"potentialAction\":[{\"@type\":\"ReadAction\",\"target\":[\"https:\/\/www.uni.lu\/fr\/news\/vice-recteur-academique-vice-rectrice-academique\/\"]}]},{\"@type\":\"BreadcrumbList\",\"@id\":\"https:\/\/www.uni.lu\/fr\/news\/vice-recteur-academique-vice-rectrice-academique\/#breadcrumb\",\"itemListElement\":[{\"@type\":\"ListItem\",\"position\":1,\"name\":\"Home\",\"item\":\"https:\/\/www.uni.lu\/fr\/\"},{\"@type\":\"ListItem\",\"position\":2,\"name\":\"News\",\"item\":\"https:\/\/www.uni.lu\/fr\/news\/\"},{\"@type\":\"ListItem\",\"position\":3,\"name\":\"Appel \u00e0 candidatures : Vice-Recteur Acad\u00e9mique \/ Vice-Rectrice Acad\u00e9mique\"}]},{\"@type\":\"WebSite\",\"@id\":\"https:\/\/www.uni.lu\/fr\/#website\",\"url\":\"https:\/\/www.uni.lu\/fr\/\",\"name\":\"Uni.lu\",\"description\":\"Universit\u00e9 du Luxembourg\",\"publisher\":{\"@id\":\"https:\/\/www.uni.lu\/fr\/#organization\"},\"alternateName\":\"Universit\u00e9 du Luxembourg\",\"potentialAction\":[{\"@type\":\"SearchAction\",\"target\":{\"@type\":\"EntryPoint\",\"urlTemplate\":\"https:\/\/www.uni.lu\/fr\/?s={search_term_string}\"},\"query-input\":\"required name=search_term_string\"}],\"inLanguage\":\"fr-FR\"},{\"@type\":\"Organization\",\"@id\":\"https:\/\/www.uni.lu\/fr\/#organization\",\"name\":\"Universit\u00e9 du Luxembourg\",\"alternateName\":\"Uni.lu\",\"url\":\"https:\/\/www.uni.lu\/fr\/\",\"logo\":{\"@type\":\"ImageObject\",\"inLanguage\":\"fr-FR\",\"@id\":\"https:\/\/www.uni.lu\/fr\/#\/schema\/logo\/image\/\",\"url\":\"https:\/\/www.uni.lu\/wp-content\/uploads\/sites\/11\/2026\/03\/03120045\/UNIV_SM-Profile_1600x1600px-scaled.jpg\",\"contentUrl\":\"https:\/\/www.uni.lu\/wp-content\/uploads\/sites\/11\/2026\/03\/03120045\/UNIV_SM-Profile_1600x1600px-scaled.jpg\",\"width\":2560,\"height\":2560,\"caption\":\"Universit\u00e9 du Luxembourg\"},\"image\":\"https:\/\/www.uni.lu\/wp-content\/uploads\/sites\/11\/2026\/04\/24120552\/20200609-Belval-Campus_Henri-Goergen-23.jpg\",\"sameAs\":[\"https:\/\/www.facebook.com\/uni.lu\",\"https:\/\/www.linkedin.com\/school\/university-of-luxembourg\/\",\"https:\/\/www.instagram.com\/uni.lu\",\"https:\/\/www.youtube.com\/@uni_lu\",\"https:\/\/en.wikipedia.org\/wiki\/University_of_Luxembourg\"],\"email\":\"communication@uni.lu\",\"telephone\":\"+352 46 66 44 1\",\"address\":{\"@type\":\"PostalAddress\",\"streetAddress\":\"2, place de l\u2019Universit\u00e9\",\"addressLocality\":\"Esch-sur-Alzette\",\"postalCode\":\"4365\",\"addressCountry\":\"LU\"},\"description\":\"Universit\u00e9 du Luxembourg\"},{\"@type\":\"Person\",\"@id\":\"https:\/\/www.uni.lu\/fr\/#\/schema\/person\/bbacc9db2c68a323b1a3cbdab743cd0c\",\"name\":\"svankelst\",\"image\":{\"@type\":\"ImageObject\",\"inLanguage\":\"fr-FR\",\"@id\":\"https:\/\/www.uni.lu\/fr\/#\/schema\/person\/image\/\",\"url\":\"https:\/\/secure.gravatar.com\/avatar\/54b090610f90377561821e2f82f83b9f?s=96&d=mm&r=g\",\"contentUrl\":\"https:\/\/secure.gravatar.com\/avatar\/54b090610f90377561821e2f82f83b9f?s=96&d=mm&r=g\",\"caption\":\"svankelst\"}}]}<\/script>\n<!-- \/ Yoast SEO Premium plugin. -->","yoast_head_json":{"title":"Appel \u00e0 candidatures : Vice-Recteur Acad\u00e9mique \/ Vice-Rectrice Acad\u00e9mique - Universit\u00e9 du Luxembourg","description":"L\u2019Universit\u00e9 du Luxembourg a retenu les services d\u2019Odgers Berndtson Luxembourg pour la recherche d\u2019un\/une Vice-Recteur Acad\u00e9mique \/ Vice-Rectrice Acad\u00e9mique.","robots":{"index":"index","follow":"follow","max-snippet":"max-snippet:-1","max-image-preview":"max-image-preview:large","max-video-preview":"max-video-preview:-1"},"canonical":"https:\/\/www.uni.lu\/fr\/news\/vice-recteur-academique-vice-rectrice-academique\/","og_locale":"fr_FR","og_type":"article","og_title":"Appel \u00e0 candidatures : Vice-Recteur Acad\u00e9mique \/ Vice-Rectrice Acad\u00e9mique","og_description":"L\u2019Universit\u00e9 du Luxembourg a retenu les services d\u2019Odgers Berndtson Luxembourg pour la recherche d\u2019un\/une Vice-Recteur Acad\u00e9mique \/ Vice-Rectrice Acad\u00e9mique.","og_url":"https:\/\/www.uni.lu\/fr\/news\/vice-recteur-academique-vice-rectrice-academique\/","og_site_name":"UNI FR","article_publisher":"https:\/\/www.facebook.com\/uni.lu","article_modified_time":"2024-04-25T13:29:50+00:00","og_image":[{"width":1500,"height":1125,"url":"https:\/\/www.uni.lu\/wp-content\/uploads\/sites\/11\/2024\/02\/Universite-du-Luxembourg-logo.png","type":"image\/png"}],"twitter_card":"summary_large_image","twitter_misc":{"Dur\u00e9e de lecture estim\u00e9e":"2 minutes"},"schema":{"@context":"https:\/\/schema.org","@graph":[{"@type":"NewsArticle","@id":"https:\/\/www.uni.lu\/fr\/news\/vice-recteur-academique-vice-rectrice-academique\/#article","isPartOf":{"@id":"https:\/\/www.uni.lu\/fr\/news\/vice-recteur-academique-vice-rectrice-academique\/"},"author":{"name":"svankelst","@id":"https:\/\/www.uni.lu\/fr\/#\/schema\/person\/bbacc9db2c68a323b1a3cbdab743cd0c"},"headline":"Appel \u00e0 candidatures : Vice-Recteur Acad\u00e9mique \/ Vice-Rectrice Acad\u00e9mique","datePublished":"2024-02-07T10:49:24+00:00","dateModified":"2024-04-25T13:29:50+00:00","mainEntityOfPage":{"@id":"https:\/\/www.uni.lu\/fr\/news\/vice-recteur-academique-vice-rectrice-academique\/"},"wordCount":382,"publisher":{"@id":"https:\/\/www.uni.lu\/fr\/#organization"},"inLanguage":"fr-FR"},{"@type":"WebPage","@id":"https:\/\/www.uni.lu\/fr\/news\/vice-recteur-academique-vice-rectrice-academique\/","url":"https:\/\/www.uni.lu\/fr\/news\/vice-recteur-academique-vice-rectrice-academique\/","name":"Appel \u00e0 candidatures : Vice-Recteur Acad\u00e9mique \/ Vice-Rectrice Acad\u00e9mique - Universit\u00e9 du Luxembourg","isPartOf":{"@id":"https:\/\/www.uni.lu\/fr\/#website"},"datePublished":"2024-02-07T10:49:24+00:00","dateModified":"2024-04-25T13:29:50+00:00","description":"L\u2019Universit\u00e9 du Luxembourg a retenu les services d\u2019Odgers Berndtson Luxembourg pour la recherche d\u2019un\/une Vice-Recteur Acad\u00e9mique \/ Vice-Rectrice Acad\u00e9mique.","breadcrumb":{"@id":"https:\/\/www.uni.lu\/fr\/news\/vice-recteur-academique-vice-rectrice-academique\/#breadcrumb"},"inLanguage":"fr-FR","potentialAction":[{"@type":"ReadAction","target":["https:\/\/www.uni.lu\/fr\/news\/vice-recteur-academique-vice-rectrice-academique\/"]}]},{"@type":"BreadcrumbList","@id":"https:\/\/www.uni.lu\/fr\/news\/vice-recteur-academique-vice-rectrice-academique\/#breadcrumb","itemListElement":[{"@type":"ListItem","position":1,"name":"Home","item":"https:\/\/www.uni.lu\/fr\/"},{"@type":"ListItem","position":2,"name":"News","item":"https:\/\/www.uni.lu\/fr\/news\/"},{"@type":"ListItem","position":3,"name":"Appel \u00e0 candidatures : Vice-Recteur Acad\u00e9mique \/ Vice-Rectrice Acad\u00e9mique"}]},{"@type":"WebSite","@id":"https:\/\/www.uni.lu\/fr\/#website","url":"https:\/\/www.uni.lu\/fr\/","name":"Uni.lu","description":"Universit\u00e9 du Luxembourg","publisher":{"@id":"https:\/\/www.uni.lu\/fr\/#organization"},"alternateName":"Universit\u00e9 du Luxembourg","potentialAction":[{"@type":"SearchAction","target":{"@type":"EntryPoint","urlTemplate":"https:\/\/www.uni.lu\/fr\/?s={search_term_string}"},"query-input":"required name=search_term_string"}],"inLanguage":"fr-FR"},{"@type":"Organization","@id":"https:\/\/www.uni.lu\/fr\/#organization","name":"Universit\u00e9 du Luxembourg","alternateName":"Uni.lu","url":"https:\/\/www.uni.lu\/fr\/","logo":{"@type":"ImageObject","inLanguage":"fr-FR","@id":"https:\/\/www.uni.lu\/fr\/#\/schema\/logo\/image\/","url":"https:\/\/www.uni.lu\/wp-content\/uploads\/sites\/11\/2026\/03\/03120045\/UNIV_SM-Profile_1600x1600px-scaled.jpg","contentUrl":"https:\/\/www.uni.lu\/wp-content\/uploads\/sites\/11\/2026\/03\/03120045\/UNIV_SM-Profile_1600x1600px-scaled.jpg","width":2560,"height":2560,"caption":"Universit\u00e9 du Luxembourg"},"image":"https:\/\/www.uni.lu\/wp-content\/uploads\/sites\/11\/2026\/04\/24120552\/20200609-Belval-Campus_Henri-Goergen-23.jpg","sameAs":["https:\/\/www.facebook.com\/uni.lu","https:\/\/www.linkedin.com\/school\/university-of-luxembourg\/","https:\/\/www.instagram.com\/uni.lu","https:\/\/www.youtube.com\/@uni_lu","https:\/\/en.wikipedia.org\/wiki\/University_of_Luxembourg"],"email":"communication@uni.lu","telephone":"+352 46 66 44 1","address":{"@type":"PostalAddress","streetAddress":"2, place de l\u2019Universit\u00e9","addressLocality":"Esch-sur-Alzette","postalCode":"4365","addressCountry":"LU"},"description":"Universit\u00e9 du Luxembourg"},{"@type":"Person","@id":"https:\/\/www.uni.lu\/fr\/#\/schema\/person\/bbacc9db2c68a323b1a3cbdab743cd0c","name":"svankelst","image":{"@type":"ImageObject","inLanguage":"fr-FR","@id":"https:\/\/www.uni.lu\/fr\/#\/schema\/person\/image\/","url":"https:\/\/secure.gravatar.com\/avatar\/54b090610f90377561821e2f82f83b9f?s=96&d=mm&r=g","contentUrl":"https:\/\/secure.gravatar.com\/avatar\/54b090610f90377561821e2f82f83b9f?s=96&d=mm&r=g","caption":"svankelst"}}]}},"blog_id":11,"_links":{"self":[{"href":"https:\/\/www.uni.lu\/fr\/wp-json\/wp\/v2\/news\/9894"}],"collection":[{"href":"https:\/\/www.uni.lu\/fr\/wp-json\/wp\/v2\/news"}],"about":[{"href":"https:\/\/www.uni.lu\/fr\/wp-json\/wp\/v2\/types\/news"}],"author":[{"embeddable":true,"href":"https:\/\/www.uni.lu\/fr\/wp-json\/wp\/v2\/users\/42"}],"version-history":[{"count":5,"href":"https:\/\/www.uni.lu\/fr\/wp-json\/wp\/v2\/news\/9894\/revisions"}],"predecessor-version":[{"id":11168,"href":"https:\/\/www.uni.lu\/fr\/wp-json\/wp\/v2\/news\/9894\/revisions\/11168"}],"wp:authorship":[{"embeddable":true,"href":"https:\/\/www.uni.lu\/fr\/wp-json\/wp\/v2\/users\/42"}],"wp:attachment":[{"href":"https:\/\/www.uni.lu\/fr\/wp-json\/wp\/v2\/media?parent=9894"}],"wp:term":[{"taxonomy":"news-category","embeddable":true,"href":"https:\/\/www.uni.lu\/fr\/wp-json\/wp\/v2\/news-category?post=9894"},{"taxonomy":"news-topic","embeddable":true,"href":"https:\/\/www.uni.lu\/fr\/wp-json\/wp\/v2\/news-topic?post=9894"},{"taxonomy":"organisation","embeddable":true,"href":"https:\/\/www.uni.lu\/fr\/wp-json\/wp\/v2\/organisation?post=9894"}],"curies":[{"name":"wp","href":"https:\/\/api.w.org\/{rel}","templated":true}]}}