{"id":4483,"date":"2023-10-29T11:53:00","date_gmt":"2023-10-29T10:53:00","guid":{"rendered":"https:\/\/www.uni.lu\/fr\/?post_type=news&#038;p=4483"},"modified":"2024-10-08T15:56:31","modified_gmt":"2024-10-08T13:56:31","slug":"exposition-pierre-werner-architecte-de-leuro-a-luniversite-de-sibiu-29-octobre-22-decembre-2022","status":"publish","type":"news","link":"https:\/\/www.uni.lu\/fr\/news\/exposition-pierre-werner-architecte-de-leuro-a-luniversite-de-sibiu-29-octobre-22-decembre-2022\/","title":{"rendered":"Exposition \u00ab Pierre Werner, architecte de l\u2019euro \u00bb \u00e0 l\u2019Universit\u00e9 de Sibiu (29 octobre \u2013 22 d\u00e9cembre 2022)"},"content":{"rendered":"\n<section class=\"wp-block-unilux-blocks-free-section section\"><div class=\"container xl:max-w-screen-xl\">\n<p>L\u2019<strong>Europe Direct de l\u2019Universit\u00e9 du Luxembourg<\/strong>&nbsp;en collaboration avec l\u2019<strong>Universit\u00e9 \u00ab&nbsp;Lucian Blaga&nbsp;\u00bb de Sibiu<\/strong>, la&nbsp;<strong>Facult\u00e9 des Sciences \u00e9conomiques<\/strong>&nbsp;et&nbsp;<strong>\u00ab&nbsp;Casa Luxembourg&nbsp;\u00bb Sibiu<\/strong>, ont inaugur\u00e9 le&nbsp;<strong>29 octobre 2022<\/strong>&nbsp;l\u2019<strong>exposition \u00ab&nbsp;Pierre Werner, architecte de l\u2019euro&nbsp;\u00bb<\/strong>.<\/p>\n\n\n\n<p>Bas\u00e9e principalement sur des photos et documents provenant des collections priv\u00e9es de Pierre Werner (29 d\u00e9cembre 1913 \u2013 24 juin 2002), dont bon nombre in\u00e9dites, ainsi que sur d\u2019autres archives luxembourgeoises et europ\u00e9ennes, l\u2019exposition met en lumi\u00e8re la personnalit\u00e9, l\u2019\u0153uvre europ\u00e9enne et l\u2019h\u00e9ritage intellectuel de Pierre Werner, qui a profond\u00e9ment marqu\u00e9 l\u2019architecture et le contenu de l\u2019Union \u00e9conomique et mon\u00e9taire et la monnaie unique europ\u00e9enne. Pierre Werner fur le premier Luxembourgeois \u00e9lu Membre d\u2019honneur de l\u2019Acad\u00e9mie Roumaine (1993). En 1998, il devint Doctor Honoris Causa de l\u2019Universit\u00e9 \u00ab&nbsp;Lucian Blaga&nbsp;\u00bb de Sibiu, ainsi que Citoyen d\u2019honneur de la Ville de Sibiu.<\/p>\n\n\n\n<p>L\u2019exposition \u00ab&nbsp;Pierre Werner, architecte de l\u2019euro&nbsp;\u00bb est en acc\u00e8s libre et pourra \u00eatre visit\u00e9e jusqu\u2019au 22 d\u00e9cembre 2022.<\/p>\n\n\n\n<p><strong>Organisateurs<\/strong>:&nbsp;Europe Direct University of Luxembourg (EDIC), University of Luxembourg and Luxembourg Centre for Contemporary and Digital History (C<sup>2<\/sup>&nbsp;DH)<\/p>\n\n\n\n<p>Conception, textes et documentation: Henri Werner<\/p>\n\n\n\n<p>\u00a9 2022 Luxembourg Centre for Contemporary and Digital History<\/p>\n\n\n\n<p>Tous les droits r\u00e9serv\u00e9s<\/p>\n\n\n\n<div class=\"wp-block-unilux-blocks-accordion accordion accordion--theme accordion-standard\" data-reference=\"561e4d0a-79da-493b-9a94-99ee7171be0d\" data-accordion-type=\"standard\"><div class=\"accordion__item  wp-block-unilux-blocks-accordion-item\">\n    <h3 class=\"accordion__header\"\n        >\n        <button\n            type=\"button\"\n            id=\"accordion-labelledby-98beafae-2770-434f-97e1-5608dd276729\"\n            class=\"accordion__button collapsed\"\n            aria-expanded=\"false\"\n            aria-controls=\"accordion-panel-98beafae-2770-434f-97e1-5608dd276729\"\n            data-bs-toggle=\"collapse\"\n            data-bs-target=\"#accordion-panel-98beafae-2770-434f-97e1-5608dd276729\"\n        >\n            <span class=\"accordion__title\">\n                                Site internet et r\u00e9seaux sociaux de l\u2019Universit\u00e9 de Sibiu            <\/span>\n\n            <svg aria-hidden=\"true\" focusable=\"false\" class=\"icon icon-outline icon--arrow-down \"><use xlink:href=\"https:\/\/www.uni.lu\/wp-content\/themes\/unilux-theme\/assets\/images\/icons\/icons-outline.svg#icon--arrow-down\"><\/use><\/svg>        <\/button>\n    <\/h3>\n    <div id=\"accordion-panel-98beafae-2770-434f-97e1-5608dd276729\"\n        class=\"accordion__collapse collapse\"\n        aria-labelledby=\"accordion-labelledby-98beafae-2770-434f-97e1-5608dd276729\"\n        data-bs-parent=\"[data-reference=&quot;561e4d0a-79da-493b-9a94-99ee7171be0d&quot;]\"\n    >\n        <div class=\"accordion__body \">\n            \n<ul class=\"ulux-list\">\n<li class=\"ulux-list-item\"><strong><a href=\"https:\/\/www.ulbsibiu.ro\/news\/expozitie-pierre-werner-la-facultatea-de-stiinte-economice\/\" target=\"_blank\" rel=\"noreferrer noopener\">Sur le site de l\u2019Universit\u00e9 \u00ab&nbsp;Lucian Blaga&nbsp;\u00bb Sibiu<\/a><\/strong><\/li>\n\n\n\n<li class=\"ulux-list-item\"><strong><a href=\"http:\/\/economice.ulbsibiu.ro\/index.php\/ro\/despre\/stiri-evenimente\/item\/581-expozitia-pierre-werner-1913-2002-o-viata-dedicata-luxemburgului-si-europei.html\" target=\"_blank\" rel=\"noreferrer noopener\">Sur le site de la Facult\u00e9 des Sciences \u00e9conomiques<\/a><\/strong><\/li>\n\n\n\n<li class=\"ulux-list-item\"><strong><a href=\"https:\/\/www.facebook.com\/groups\/240876126025082\/user\/100063614079942\/\" target=\"_blank\" rel=\"noreferrer noopener\">Sur les r\u00e9seaux sociaux (facebook, instagram)<\/a><\/strong><\/li>\n<\/ul>\n        <\/div>\n    <\/div>\n<\/div><\/div>\n\n\n<div class=\"wp-block-unilux-blocks-spacer is-spacer-size-sm\"><\/div>\n\n\n<div class=\"wp-block-columns are-vertically-aligned-center is-layout-flex wp-block-columns-is-layout-flex\">\n<div class=\"wp-block-column is-vertically-aligned-center is-layout-flow wp-block-column-is-layout-flow\" style=\"flex-basis:100%\"><figure class=\"wp-block-dev4-reusable-blocks-image  object-fit--contain\">\n    \n<img decoding=\"async\" class=\"wp-block-image unilux-custom-image-block\"\n                alt=\"\"\n            src=\"https:\/\/www.uni.lu\/wp-content\/uploads\/sites\/11\/2023\/11\/bandeau-logos-vf.png\"\n                srcset=\"https:\/\/www.uni.lu\/wp-content\/uploads\/sites\/11\/2023\/11\/bandeau-logos-vf-300x69.png 300w, https:\/\/www.uni.lu\/wp-content\/uploads\/sites\/11\/2023\/11\/bandeau-logos-vf-1024x237.png 1024w, https:\/\/www.uni.lu\/wp-content\/uploads\/sites\/11\/2023\/11\/bandeau-logos-vf-768x178.png 768w, https:\/\/www.uni.lu\/wp-content\/uploads\/sites\/11\/2023\/11\/bandeau-logos-vf-1536x356.png 1536w, https:\/\/www.uni.lu\/wp-content\/uploads\/sites\/11\/2023\/11\/bandeau-logos-vf-2048x474.png 2048w\"\n                style=\"object-position: 50.00% 50.00%; font-family: &quot;object-fit: contain; object-position: 50.00% 50.00%;&quot;; aspect-ratio: 32\/9; object-fit: contain; width: 100%;\"\n        loading=\"lazy\"\n\/>    <\/figure><\/div>\n<\/div>\n<\/div><\/section>\n","protected":false},"excerpt":{"rendered":"","protected":false},"author":292,"featured_media":4486,"template":"","format":"standard","meta":{"featured_image_focal_point":[],"show_featured_caption":false,"ulux_newsletter_groups":"","uluxPostTitle":"","uluxPrePostTitle":"","_trash_the_other_posts":false,"_price":"","_stock":"","_tribe_ticket_header":"","_tribe_default_ticket_provider":"","_tribe_ticket_capacity":"0","_ticket_start_date":"","_ticket_end_date":"","_tribe_ticket_show_description":"","_tribe_ticket_show_not_going":false,"_tribe_ticket_use_global_stock":"","_tribe_ticket_global_stock_level":"","_global_stock_mode":"","_global_stock_cap":"","_tribe_rsvp_for_event":"","_tribe_ticket_going_count":"","_tribe_ticket_not_going_count":"","_tribe_tickets_list":"[]","_tribe_ticket_has_attendee_info_fields":false},"news-category":[],"news-topic":[],"organisation":[297],"authorship":[292,327],"acf":[],"yoast_head":"<!-- This site is optimized with the Yoast SEO Premium plugin v22.3 (Yoast SEO v22.3) - https:\/\/yoast.com\/wordpress\/plugins\/seo\/ -->\n<title>Exposition \u00ab Pierre Werner, architecte de l\u2019euro \u00bb \u00e0 l\u2019Universit\u00e9 de Sibiu (29 octobre \u2013 22 d\u00e9cembre 2022) - Universit\u00e9 du Luxembourg<\/title>\n<meta name=\"description\" content=\"L\u2019Europe Direct de l\u2019Universit\u00e9 du Luxembourg&nbsp;en collaboration avec l\u2019Universit\u00e9 \u00ab&nbsp;Lucian Blaga&nbsp;\u00bb de Sibiu, la&nbsp;Facult\u00e9 des Sciences\" \/>\n<meta name=\"robots\" content=\"index, follow, max-snippet:-1, max-image-preview:large, max-video-preview:-1\" \/>\n<link rel=\"canonical\" href=\"https:\/\/www.uni.lu\/fr\/news\/exposition-pierre-werner-architecte-de-leuro-a-luniversite-de-sibiu-29-octobre-22-decembre-2022\/\" \/>\n<meta property=\"og:locale\" content=\"fr_FR\" \/>\n<meta property=\"og:type\" content=\"article\" \/>\n<meta property=\"og:title\" content=\"Exposition \u00ab Pierre Werner, architecte de l\u2019euro \u00bb \u00e0 l\u2019Universit\u00e9 de Sibiu (29 octobre \u2013 22 d\u00e9cembre 2022)\" \/>\n<meta property=\"og:description\" content=\"L\u2019Europe Direct de l\u2019Universit\u00e9 du Luxembourg&nbsp;en collaboration avec l\u2019Universit\u00e9 \u00ab&nbsp;Lucian Blaga&nbsp;\u00bb de Sibiu, la&nbsp;Facult\u00e9 des Sciences\" \/>\n<meta property=\"og:url\" content=\"https:\/\/www.uni.lu\/fr\/news\/exposition-pierre-werner-architecte-de-leuro-a-luniversite-de-sibiu-29-octobre-22-decembre-2022\/\" \/>\n<meta property=\"og:site_name\" content=\"UNI FR\" \/>\n<meta property=\"article:publisher\" content=\"https:\/\/www.facebook.com\/uni.lu\" \/>\n<meta property=\"article:modified_time\" content=\"2024-10-08T13:56:31+00:00\" \/>\n<meta property=\"og:image\" content=\"https:\/\/www.uni.lu\/wp-content\/uploads\/sites\/11\/2023\/11\/illustration.jpg\" \/>\n\t<meta property=\"og:image:width\" content=\"566\" \/>\n\t<meta property=\"og:image:height\" content=\"378\" \/>\n\t<meta property=\"og:image:type\" content=\"image\/jpeg\" \/>\n<meta name=\"twitter:card\" content=\"summary_large_image\" \/>\n<meta name=\"twitter:label1\" content=\"Dur\u00e9e de lecture estim\u00e9e\" \/>\n\t<meta name=\"twitter:data1\" content=\"2 minutes\" \/>\n<script type=\"application\/ld+json\" class=\"yoast-schema-graph\">{\"@context\":\"https:\/\/schema.org\",\"@graph\":[{\"@type\":\"NewsArticle\",\"@id\":\"https:\/\/www.uni.lu\/fr\/news\/exposition-pierre-werner-architecte-de-leuro-a-luniversite-de-sibiu-29-octobre-22-decembre-2022\/#article\",\"isPartOf\":{\"@id\":\"https:\/\/www.uni.lu\/fr\/news\/exposition-pierre-werner-architecte-de-leuro-a-luniversite-de-sibiu-29-octobre-22-decembre-2022\/\"},\"author\":{\"name\":\"lucacolling\",\"@id\":\"https:\/\/www.uni.lu\/fr\/#\/schema\/person\/cbcad1cf6b807d7f55d4e7e6c825d639\"},\"headline\":\"Exposition \u00ab Pierre Werner, architecte de l\u2019euro \u00bb \u00e0 l\u2019Universit\u00e9 de Sibiu (29 octobre \u2013 22 d\u00e9cembre 2022)\",\"datePublished\":\"2023-10-29T10:53:00+00:00\",\"dateModified\":\"2024-10-08T13:56:31+00:00\",\"mainEntityOfPage\":{\"@id\":\"https:\/\/www.uni.lu\/fr\/news\/exposition-pierre-werner-architecte-de-leuro-a-luniversite-de-sibiu-29-octobre-22-decembre-2022\/\"},\"wordCount\":273,\"publisher\":{\"@id\":\"https:\/\/www.uni.lu\/fr\/#organization\"},\"image\":{\"@id\":\"https:\/\/www.uni.lu\/fr\/news\/exposition-pierre-werner-architecte-de-leuro-a-luniversite-de-sibiu-29-octobre-22-decembre-2022\/#primaryimage\"},\"thumbnailUrl\":\"https:\/\/www.uni.lu\/wp-content\/uploads\/sites\/11\/2023\/11\/illustration.jpg\",\"inLanguage\":\"fr-FR\"},{\"@type\":\"WebPage\",\"@id\":\"https:\/\/www.uni.lu\/fr\/news\/exposition-pierre-werner-architecte-de-leuro-a-luniversite-de-sibiu-29-octobre-22-decembre-2022\/\",\"url\":\"https:\/\/www.uni.lu\/fr\/news\/exposition-pierre-werner-architecte-de-leuro-a-luniversite-de-sibiu-29-octobre-22-decembre-2022\/\",\"name\":\"Exposition \u00ab Pierre Werner, architecte de l\u2019euro \u00bb \u00e0 l\u2019Universit\u00e9 de Sibiu (29 octobre \u2013 22 d\u00e9cembre 2022) - Universit\u00e9 du Luxembourg\",\"isPartOf\":{\"@id\":\"https:\/\/www.uni.lu\/fr\/#website\"},\"primaryImageOfPage\":{\"@id\":\"https:\/\/www.uni.lu\/fr\/news\/exposition-pierre-werner-architecte-de-leuro-a-luniversite-de-sibiu-29-octobre-22-decembre-2022\/#primaryimage\"},\"image\":{\"@id\":\"https:\/\/www.uni.lu\/fr\/news\/exposition-pierre-werner-architecte-de-leuro-a-luniversite-de-sibiu-29-octobre-22-decembre-2022\/#primaryimage\"},\"thumbnailUrl\":\"https:\/\/www.uni.lu\/wp-content\/uploads\/sites\/11\/2023\/11\/illustration.jpg\",\"datePublished\":\"2023-10-29T10:53:00+00:00\",\"dateModified\":\"2024-10-08T13:56:31+00:00\",\"description\":\"L\u2019Europe Direct de l\u2019Universit\u00e9 du Luxembourg&nbsp;en collaboration avec l\u2019Universit\u00e9 \u00ab&nbsp;Lucian Blaga&nbsp;\u00bb de Sibiu, la&nbsp;Facult\u00e9 des Sciences\",\"breadcrumb\":{\"@id\":\"https:\/\/www.uni.lu\/fr\/news\/exposition-pierre-werner-architecte-de-leuro-a-luniversite-de-sibiu-29-octobre-22-decembre-2022\/#breadcrumb\"},\"inLanguage\":\"fr-FR\",\"potentialAction\":[{\"@type\":\"ReadAction\",\"target\":[\"https:\/\/www.uni.lu\/fr\/news\/exposition-pierre-werner-architecte-de-leuro-a-luniversite-de-sibiu-29-octobre-22-decembre-2022\/\"]}]},{\"@type\":\"ImageObject\",\"inLanguage\":\"fr-FR\",\"@id\":\"https:\/\/www.uni.lu\/fr\/news\/exposition-pierre-werner-architecte-de-leuro-a-luniversite-de-sibiu-29-octobre-22-decembre-2022\/#primaryimage\",\"url\":\"https:\/\/www.uni.lu\/wp-content\/uploads\/sites\/11\/2023\/11\/illustration.jpg\",\"contentUrl\":\"https:\/\/www.uni.lu\/wp-content\/uploads\/sites\/11\/2023\/11\/illustration.jpg\",\"width\":566,\"height\":378},{\"@type\":\"BreadcrumbList\",\"@id\":\"https:\/\/www.uni.lu\/fr\/news\/exposition-pierre-werner-architecte-de-leuro-a-luniversite-de-sibiu-29-octobre-22-decembre-2022\/#breadcrumb\",\"itemListElement\":[{\"@type\":\"ListItem\",\"position\":1,\"name\":\"Home\",\"item\":\"https:\/\/www.uni.lu\/fr\/\"},{\"@type\":\"ListItem\",\"position\":2,\"name\":\"News\",\"item\":\"https:\/\/www.uni.lu\/fr\/news\/\"},{\"@type\":\"ListItem\",\"position\":3,\"name\":\"Exposition \u00ab Pierre Werner, architecte de l\u2019euro \u00bb \u00e0 l\u2019Universit\u00e9 de Sibiu (29 octobre \u2013 22 d\u00e9cembre 2022)\"}]},{\"@type\":\"WebSite\",\"@id\":\"https:\/\/www.uni.lu\/fr\/#website\",\"url\":\"https:\/\/www.uni.lu\/fr\/\",\"name\":\"Uni.lu\",\"description\":\"Universit\u00e9 du Luxembourg\",\"publisher\":{\"@id\":\"https:\/\/www.uni.lu\/fr\/#organization\"},\"alternateName\":\"Universit\u00e9 du Luxembourg\",\"potentialAction\":[{\"@type\":\"SearchAction\",\"target\":{\"@type\":\"EntryPoint\",\"urlTemplate\":\"https:\/\/www.uni.lu\/fr\/?s={search_term_string}\"},\"query-input\":\"required name=search_term_string\"}],\"inLanguage\":\"fr-FR\"},{\"@type\":\"Organization\",\"@id\":\"https:\/\/www.uni.lu\/fr\/#organization\",\"name\":\"Universit\u00e9 du Luxembourg\",\"alternateName\":\"Uni.lu\",\"url\":\"https:\/\/www.uni.lu\/fr\/\",\"logo\":{\"@type\":\"ImageObject\",\"inLanguage\":\"fr-FR\",\"@id\":\"https:\/\/www.uni.lu\/fr\/#\/schema\/logo\/image\/\",\"url\":\"https:\/\/www.uni.lu\/wp-content\/uploads\/sites\/11\/2026\/03\/03120045\/UNIV_SM-Profile_1600x1600px-scaled.jpg\",\"contentUrl\":\"https:\/\/www.uni.lu\/wp-content\/uploads\/sites\/11\/2026\/03\/03120045\/UNIV_SM-Profile_1600x1600px-scaled.jpg\",\"width\":2560,\"height\":2560,\"caption\":\"Universit\u00e9 du Luxembourg\"},\"image\":\"https:\/\/www.uni.lu\/wp-content\/uploads\/sites\/11\/2026\/04\/24120552\/20200609-Belval-Campus_Henri-Goergen-23.jpg\",\"sameAs\":[\"https:\/\/www.facebook.com\/uni.lu\",\"https:\/\/www.linkedin.com\/school\/university-of-luxembourg\/\",\"https:\/\/www.instagram.com\/uni.lu\",\"https:\/\/www.youtube.com\/@uni_lu\",\"https:\/\/en.wikipedia.org\/wiki\/University_of_Luxembourg\"],\"email\":\"communication@uni.lu\",\"telephone\":\"+352 46 66 44 1\",\"address\":{\"@type\":\"PostalAddress\",\"streetAddress\":\"2, place de l\u2019Universit\u00e9\",\"addressLocality\":\"Esch-sur-Alzette\",\"postalCode\":\"4365\",\"addressCountry\":\"LU\"},\"description\":\"Universit\u00e9 du Luxembourg\"},{\"@type\":\"Person\",\"@id\":\"https:\/\/www.uni.lu\/fr\/#\/schema\/person\/cbcad1cf6b807d7f55d4e7e6c825d639\",\"name\":\"lucacolling\",\"image\":{\"@type\":\"ImageObject\",\"inLanguage\":\"fr-FR\",\"@id\":\"https:\/\/www.uni.lu\/fr\/#\/schema\/person\/image\/\",\"url\":\"https:\/\/secure.gravatar.com\/avatar\/b916eb75bf84d37d345044c8508d388b?s=96&d=mm&r=g\",\"contentUrl\":\"https:\/\/secure.gravatar.com\/avatar\/b916eb75bf84d37d345044c8508d388b?s=96&d=mm&r=g\",\"caption\":\"lucacolling\"},\"worksFor\":\"Europe Direct University of Luxembourg\"}]}<\/script>\n<!-- \/ Yoast SEO Premium plugin. -->","yoast_head_json":{"title":"Exposition \u00ab Pierre Werner, architecte de l\u2019euro \u00bb \u00e0 l\u2019Universit\u00e9 de Sibiu (29 octobre \u2013 22 d\u00e9cembre 2022) - Universit\u00e9 du Luxembourg","description":"L\u2019Europe Direct de l\u2019Universit\u00e9 du Luxembourg&nbsp;en collaboration avec l\u2019Universit\u00e9 \u00ab&nbsp;Lucian Blaga&nbsp;\u00bb de Sibiu, la&nbsp;Facult\u00e9 des Sciences","robots":{"index":"index","follow":"follow","max-snippet":"max-snippet:-1","max-image-preview":"max-image-preview:large","max-video-preview":"max-video-preview:-1"},"canonical":"https:\/\/www.uni.lu\/fr\/news\/exposition-pierre-werner-architecte-de-leuro-a-luniversite-de-sibiu-29-octobre-22-decembre-2022\/","og_locale":"fr_FR","og_type":"article","og_title":"Exposition \u00ab Pierre Werner, architecte de l\u2019euro \u00bb \u00e0 l\u2019Universit\u00e9 de Sibiu (29 octobre \u2013 22 d\u00e9cembre 2022)","og_description":"L\u2019Europe Direct de l\u2019Universit\u00e9 du Luxembourg&nbsp;en collaboration avec l\u2019Universit\u00e9 \u00ab&nbsp;Lucian Blaga&nbsp;\u00bb de Sibiu, la&nbsp;Facult\u00e9 des Sciences","og_url":"https:\/\/www.uni.lu\/fr\/news\/exposition-pierre-werner-architecte-de-leuro-a-luniversite-de-sibiu-29-octobre-22-decembre-2022\/","og_site_name":"UNI FR","article_publisher":"https:\/\/www.facebook.com\/uni.lu","article_modified_time":"2024-10-08T13:56:31+00:00","og_image":[{"width":566,"height":378,"url":"https:\/\/www.uni.lu\/wp-content\/uploads\/sites\/11\/2023\/11\/illustration.jpg","type":"image\/jpeg"}],"twitter_card":"summary_large_image","twitter_misc":{"Dur\u00e9e de lecture estim\u00e9e":"2 minutes"},"schema":{"@context":"https:\/\/schema.org","@graph":[{"@type":"NewsArticle","@id":"https:\/\/www.uni.lu\/fr\/news\/exposition-pierre-werner-architecte-de-leuro-a-luniversite-de-sibiu-29-octobre-22-decembre-2022\/#article","isPartOf":{"@id":"https:\/\/www.uni.lu\/fr\/news\/exposition-pierre-werner-architecte-de-leuro-a-luniversite-de-sibiu-29-octobre-22-decembre-2022\/"},"author":{"name":"lucacolling","@id":"https:\/\/www.uni.lu\/fr\/#\/schema\/person\/cbcad1cf6b807d7f55d4e7e6c825d639"},"headline":"Exposition \u00ab Pierre Werner, architecte de l\u2019euro \u00bb \u00e0 l\u2019Universit\u00e9 de Sibiu (29 octobre \u2013 22 d\u00e9cembre 2022)","datePublished":"2023-10-29T10:53:00+00:00","dateModified":"2024-10-08T13:56:31+00:00","mainEntityOfPage":{"@id":"https:\/\/www.uni.lu\/fr\/news\/exposition-pierre-werner-architecte-de-leuro-a-luniversite-de-sibiu-29-octobre-22-decembre-2022\/"},"wordCount":273,"publisher":{"@id":"https:\/\/www.uni.lu\/fr\/#organization"},"image":{"@id":"https:\/\/www.uni.lu\/fr\/news\/exposition-pierre-werner-architecte-de-leuro-a-luniversite-de-sibiu-29-octobre-22-decembre-2022\/#primaryimage"},"thumbnailUrl":"https:\/\/www.uni.lu\/wp-content\/uploads\/sites\/11\/2023\/11\/illustration.jpg","inLanguage":"fr-FR"},{"@type":"WebPage","@id":"https:\/\/www.uni.lu\/fr\/news\/exposition-pierre-werner-architecte-de-leuro-a-luniversite-de-sibiu-29-octobre-22-decembre-2022\/","url":"https:\/\/www.uni.lu\/fr\/news\/exposition-pierre-werner-architecte-de-leuro-a-luniversite-de-sibiu-29-octobre-22-decembre-2022\/","name":"Exposition \u00ab Pierre Werner, architecte de l\u2019euro \u00bb \u00e0 l\u2019Universit\u00e9 de Sibiu (29 octobre \u2013 22 d\u00e9cembre 2022) - Universit\u00e9 du Luxembourg","isPartOf":{"@id":"https:\/\/www.uni.lu\/fr\/#website"},"primaryImageOfPage":{"@id":"https:\/\/www.uni.lu\/fr\/news\/exposition-pierre-werner-architecte-de-leuro-a-luniversite-de-sibiu-29-octobre-22-decembre-2022\/#primaryimage"},"image":{"@id":"https:\/\/www.uni.lu\/fr\/news\/exposition-pierre-werner-architecte-de-leuro-a-luniversite-de-sibiu-29-octobre-22-decembre-2022\/#primaryimage"},"thumbnailUrl":"https:\/\/www.uni.lu\/wp-content\/uploads\/sites\/11\/2023\/11\/illustration.jpg","datePublished":"2023-10-29T10:53:00+00:00","dateModified":"2024-10-08T13:56:31+00:00","description":"L\u2019Europe Direct de l\u2019Universit\u00e9 du Luxembourg&nbsp;en collaboration avec l\u2019Universit\u00e9 \u00ab&nbsp;Lucian Blaga&nbsp;\u00bb de Sibiu, la&nbsp;Facult\u00e9 des Sciences","breadcrumb":{"@id":"https:\/\/www.uni.lu\/fr\/news\/exposition-pierre-werner-architecte-de-leuro-a-luniversite-de-sibiu-29-octobre-22-decembre-2022\/#breadcrumb"},"inLanguage":"fr-FR","potentialAction":[{"@type":"ReadAction","target":["https:\/\/www.uni.lu\/fr\/news\/exposition-pierre-werner-architecte-de-leuro-a-luniversite-de-sibiu-29-octobre-22-decembre-2022\/"]}]},{"@type":"ImageObject","inLanguage":"fr-FR","@id":"https:\/\/www.uni.lu\/fr\/news\/exposition-pierre-werner-architecte-de-leuro-a-luniversite-de-sibiu-29-octobre-22-decembre-2022\/#primaryimage","url":"https:\/\/www.uni.lu\/wp-content\/uploads\/sites\/11\/2023\/11\/illustration.jpg","contentUrl":"https:\/\/www.uni.lu\/wp-content\/uploads\/sites\/11\/2023\/11\/illustration.jpg","width":566,"height":378},{"@type":"BreadcrumbList","@id":"https:\/\/www.uni.lu\/fr\/news\/exposition-pierre-werner-architecte-de-leuro-a-luniversite-de-sibiu-29-octobre-22-decembre-2022\/#breadcrumb","itemListElement":[{"@type":"ListItem","position":1,"name":"Home","item":"https:\/\/www.uni.lu\/fr\/"},{"@type":"ListItem","position":2,"name":"News","item":"https:\/\/www.uni.lu\/fr\/news\/"},{"@type":"ListItem","position":3,"name":"Exposition \u00ab Pierre Werner, architecte de l\u2019euro \u00bb \u00e0 l\u2019Universit\u00e9 de Sibiu (29 octobre \u2013 22 d\u00e9cembre 2022)"}]},{"@type":"WebSite","@id":"https:\/\/www.uni.lu\/fr\/#website","url":"https:\/\/www.uni.lu\/fr\/","name":"Uni.lu","description":"Universit\u00e9 du Luxembourg","publisher":{"@id":"https:\/\/www.uni.lu\/fr\/#organization"},"alternateName":"Universit\u00e9 du Luxembourg","potentialAction":[{"@type":"SearchAction","target":{"@type":"EntryPoint","urlTemplate":"https:\/\/www.uni.lu\/fr\/?s={search_term_string}"},"query-input":"required name=search_term_string"}],"inLanguage":"fr-FR"},{"@type":"Organization","@id":"https:\/\/www.uni.lu\/fr\/#organization","name":"Universit\u00e9 du Luxembourg","alternateName":"Uni.lu","url":"https:\/\/www.uni.lu\/fr\/","logo":{"@type":"ImageObject","inLanguage":"fr-FR","@id":"https:\/\/www.uni.lu\/fr\/#\/schema\/logo\/image\/","url":"https:\/\/www.uni.lu\/wp-content\/uploads\/sites\/11\/2026\/03\/03120045\/UNIV_SM-Profile_1600x1600px-scaled.jpg","contentUrl":"https:\/\/www.uni.lu\/wp-content\/uploads\/sites\/11\/2026\/03\/03120045\/UNIV_SM-Profile_1600x1600px-scaled.jpg","width":2560,"height":2560,"caption":"Universit\u00e9 du Luxembourg"},"image":"https:\/\/www.uni.lu\/wp-content\/uploads\/sites\/11\/2026\/04\/24120552\/20200609-Belval-Campus_Henri-Goergen-23.jpg","sameAs":["https:\/\/www.facebook.com\/uni.lu","https:\/\/www.linkedin.com\/school\/university-of-luxembourg\/","https:\/\/www.instagram.com\/uni.lu","https:\/\/www.youtube.com\/@uni_lu","https:\/\/en.wikipedia.org\/wiki\/University_of_Luxembourg"],"email":"communication@uni.lu","telephone":"+352 46 66 44 1","address":{"@type":"PostalAddress","streetAddress":"2, place de l\u2019Universit\u00e9","addressLocality":"Esch-sur-Alzette","postalCode":"4365","addressCountry":"LU"},"description":"Universit\u00e9 du Luxembourg"},{"@type":"Person","@id":"https:\/\/www.uni.lu\/fr\/#\/schema\/person\/cbcad1cf6b807d7f55d4e7e6c825d639","name":"lucacolling","image":{"@type":"ImageObject","inLanguage":"fr-FR","@id":"https:\/\/www.uni.lu\/fr\/#\/schema\/person\/image\/","url":"https:\/\/secure.gravatar.com\/avatar\/b916eb75bf84d37d345044c8508d388b?s=96&d=mm&r=g","contentUrl":"https:\/\/secure.gravatar.com\/avatar\/b916eb75bf84d37d345044c8508d388b?s=96&d=mm&r=g","caption":"lucacolling"},"worksFor":"Europe Direct University of Luxembourg"}]}},"blog_id":11,"_links":{"self":[{"href":"https:\/\/www.uni.lu\/fr\/wp-json\/wp\/v2\/news\/4483"}],"collection":[{"href":"https:\/\/www.uni.lu\/fr\/wp-json\/wp\/v2\/news"}],"about":[{"href":"https:\/\/www.uni.lu\/fr\/wp-json\/wp\/v2\/types\/news"}],"author":[{"embeddable":true,"href":"https:\/\/www.uni.lu\/fr\/wp-json\/wp\/v2\/users\/292"}],"version-history":[{"count":4,"href":"https:\/\/www.uni.lu\/fr\/wp-json\/wp\/v2\/news\/4483\/revisions"}],"predecessor-version":[{"id":12584,"href":"https:\/\/www.uni.lu\/fr\/wp-json\/wp\/v2\/news\/4483\/revisions\/12584"}],"wp:authorship":[{"embeddable":true,"href":"https:\/\/www.uni.lu\/fr\/wp-json\/wp\/v2\/users\/292"},{"embeddable":true,"href":"https:\/\/www.uni.lu\/fr\/wp-json\/wp\/v2\/users\/327"}],"wp:featuredmedia":[{"embeddable":true,"href":"https:\/\/www.uni.lu\/fr\/wp-json\/wp\/v2\/media\/4486"}],"wp:attachment":[{"href":"https:\/\/www.uni.lu\/fr\/wp-json\/wp\/v2\/media?parent=4483"}],"wp:term":[{"taxonomy":"news-category","embeddable":true,"href":"https:\/\/www.uni.lu\/fr\/wp-json\/wp\/v2\/news-category?post=4483"},{"taxonomy":"news-topic","embeddable":true,"href":"https:\/\/www.uni.lu\/fr\/wp-json\/wp\/v2\/news-topic?post=4483"},{"taxonomy":"organisation","embeddable":true,"href":"https:\/\/www.uni.lu\/fr\/wp-json\/wp\/v2\/organisation?post=4483"}],"curies":[{"name":"wp","href":"https:\/\/api.w.org\/{rel}","templated":true}]}}