{"id":4471,"date":"2023-07-07T10:44:00","date_gmt":"2023-07-07T08:44:00","guid":{"rendered":"https:\/\/www.uni.lu\/fr\/?post_type=news&#038;p=4471"},"modified":"2024-10-08T15:59:50","modified_gmt":"2024-10-08T13:59:50","slug":"l-europe-a-l-heure-des-defis-realites-et-perspectives-avec-jean-claude-juncker","status":"publish","type":"news","link":"https:\/\/www.uni.lu\/fr\/news\/l-europe-a-l-heure-des-defis-realites-et-perspectives-avec-jean-claude-juncker\/","title":{"rendered":"Conf\u00e9rence 2023 Robert Schuman de l\u2019Universit\u00e9 du Luxembourg : L\u2019Europe \u00e0 l\u2019heure des d\u00e9fis : r\u00e9alit\u00e9s et perspectives avec M. Jean-Claude Juncker"},"content":{"rendered":"\n<section class=\"wp-block-unilux-blocks-free-section section\"><div class=\"container xl:max-w-screen-xl\">\n<p class=\"has-text-align-center\"><strong>L\u2019Europe Direct de l\u2019Universit\u00e9 du Luxembourg et la Ville d\u2019Esch<\/strong><\/p>\n\n\n\n<p class=\"has-text-align-center\">ensemble avec leurs partenaires&nbsp;<\/p>\n\n\n\n<p class=\"has-text-align-center\">\u2013&nbsp;<strong>l\u2019Universit\u00e9 du Luxembourg, le Luxembourg Centre for Contemporary and Digital History (C\u00b2DH),<\/strong>&nbsp;<strong>the Robert Schuman Initiative for European Affairs of the University of Luxembourg, le Lyc\u00e9e de Ga<\/strong><strong>r<\/strong><strong>\u00e7ons Esch, la Fondation du M\u00e9rite Europ\u00e9en, le Mouvement europ\u00e9en Luxembourg, la Repr\u00e9sentation de la Commission europ\u00e9enne et le Bureau de liaison du Parlement europ\u00e9en au Luxembourg, et la Radio 100k7<\/strong>&nbsp;\u2013<\/p>\n\n\n\n<p class=\"has-text-align-center\">ont le plaisir de vous convier \u00e0 la 3e \u00e9dition de la Conf\u00e9rence Robert Schuman de l\u2019Universit\u00e9 du Luxembourg intitul\u00e9e<\/p>\n\n\n\n<p class=\"has-text-align-center\"><strong><em>L\u2019Europe \u00e0 l\u2019heure des d\u00e9fis : r\u00e9alit\u00e9s et perspectives<\/em><\/strong><\/p>\n\n\n\n<p class=\"has-text-align-center\">avec&nbsp;<strong>M. Jean-Claude Juncker<\/strong><\/p>\n\n\n\n<p class=\"has-text-align-center\"><strong>Pr\u00e9sident de l\u2019Acad\u00e9mie de Droit Europ\u00e9en (depuis 2021)<\/strong><\/p>\n\n\n\n<p class=\"has-text-align-center\"><strong>Pr\u00e9sident de la Commission europ\u00e9enne (2014 \u2013 2019)<\/strong><\/p>\n\n\n\n<p class=\"has-text-align-center\"><strong>Pr\u00e9sident de l\u2019Eurogroupe (2004 \u2013 2013)<\/strong><\/p>\n\n\n\n<p class=\"has-text-align-center\"><strong>Premier Ministre du Grand-Duch\u00e9 de Luxembourg (1995 \u2013 2013)<\/strong><\/p>\n\n\n\n<p><strong>qui aura lieu le vendredi 7 juillet de 18h30 \u00e0 20h00&nbsp;<\/strong><strong>au&nbsp;<\/strong><strong>Lyc\u00e9e de Gar\u00e7ons Esch (Rue de l&rsquo;H\u00f4pital Pr\u00e9au LGE, vis-\u00e0-vis Maison Nr.11-12).<\/strong><\/p>\n\n\n\n<p>Cet \u00e9v\u00e9nement de marque cl\u00f4turera le cycle des manifestations publiques et d\u00e9bats citoyens sur le pass\u00e9, le pr\u00e9sent et l\u2019avenir de notre continent que l\u2019Europe Direct de l\u2019Universit\u00e9 du Luxembourg et la Ville d\u2019Esch ont co-organis\u00e9s en mai, juin et juillet 2023, dans le cadre&nbsp; des \u201cMois de l\u2019Europe \u00e0 Esch\u201d.&nbsp;<\/p>\n\n\n\n<p>La conf\u00e9rence se d\u00e9roulera en fran\u00e7ais, avec une session de questions-r\u00e9ponses en fran\u00e7ais, en luxembourgeois, en anglais et en allemand.<\/p>\n\n\n\n<div class=\"wp-block-columns is-layout-flex wp-block-columns-is-layout-flex\">\n<div class=\"wp-block-column is-layout-flow wp-block-column-is-layout-flow\"><figure class=\"wp-block-dev4-reusable-blocks-image  object-fit--contain\">\n    \n<img decoding=\"async\" class=\"wp-block-image unilux-custom-image-block\"\n                alt=\"\"\n            src=\"https:\/\/www.uni.lu\/wp-content\/uploads\/sites\/11\/2023\/11\/Visuel-base.png\"\n                srcset=\"https:\/\/www.uni.lu\/wp-content\/uploads\/sites\/11\/2023\/11\/Visuel-base-300x169.png 300w, https:\/\/www.uni.lu\/wp-content\/uploads\/sites\/11\/2023\/11\/Visuel-base-1024x576.png 1024w, https:\/\/www.uni.lu\/wp-content\/uploads\/sites\/11\/2023\/11\/Visuel-base-768x432.png 768w, https:\/\/www.uni.lu\/wp-content\/uploads\/sites\/11\/2023\/11\/Visuel-base-1536x864.png 1536w, https:\/\/www.uni.lu\/wp-content\/uploads\/sites\/11\/2023\/11\/Visuel-base.png 1920w\"\n                style=\"object-position: 50.00% 50.00%; font-family: &quot;object-fit: contain; object-position: 50.00% 50.00%;&quot;; aspect-ratio: 21\/9; object-fit: contain; width: 100%;\"\n        loading=\"lazy\"\n\/>    <\/figure><\/div>\n<\/div>\n\n\n<div class=\"wp-block-unilux-blocks-spacer is-spacer-size-sm\"><\/div>\n\n\n<h3 class=\"has-text-align-left wp-block-unilux-blocks-heading\"        id=\"programme\"\n    >\n<strong>P<\/strong>rogramme<\/h3>\n\n\n\n<ul class=\"ulux-list\">\n<li class=\"ulux-list-item\"><strong>8h30 &#8211; 18h40<\/strong> : Session d&rsquo;ouverture\n<ul class=\"ulux-list\">\n<li class=\"ulux-list-item\"><strong>M.Georges Mischo<\/strong>, Bourgmestre de la Ville d\u2019Esch<\/li>\n\n\n\n<li class=\"ulux-list-item\"><strong>M.Pascal Bermes<\/strong>, Directeur du Lyc\u00e9e de Gar\u00e7ons, Esch<\/li>\n\n\n\n<li class=\"ulux-list-item\"><strong>Prof. Dr Catherine L\u00e9glu<\/strong>, Vice-Rectrice de l\u2019Universit\u00e9 du Luxembourg<\/li>\n\n\n\n<li class=\"ulux-list-item\"><strong>Dr Elena Danescu<\/strong>, Coordinatrice de l\u2019Europe Direct de l\u2019Universit\u00e9 du Luxembourg<\/li>\n<\/ul>\n<\/li>\n\n\n\n<li class=\"ulux-list-item\"><strong>18h40 \u2013 19h15 <\/strong>: L\u2019Europe \u00e0 l\u2019heure des d\u00e9fis : r\u00e9alit\u00e9s et perspectives\n<ul class=\"ulux-list\">\n<li class=\"ulux-list-item\">Orateur &#8211; intvit\u00e9 <strong>M.Jean-Claude Juncker<\/strong><\/li>\n<\/ul>\n<\/li>\n\n\n\n<li class=\"ulux-list-item\"><strong>19h15 \u2013 19h50<\/strong> : Session Q&amp;R et d\u00e9bats de l\u2019orateur avec le public\n<ul class=\"ulux-list\">\n<li class=\"ulux-list-item\">Mod\u00e9rateur M.Daniel Codello,&nbsp;Coordinateur de la politique transfrontali\u00e8re et europ\u00e9enne aupr\u00e8s de la Ville d&rsquo;Esch-sur-Alzette<\/li>\n<\/ul>\n<\/li>\n\n\n\n<li class=\"ulux-list-item\"><strong>19h50 \u2013 20h00<\/strong>:&nbsp;Session de cl\u00f4ture\n<ul class=\"ulux-list\">\n<li class=\"ulux-list-item\"><strong>Mme Anne Calteux<\/strong>, Repr\u00e9sentante de la Commission europ\u00e9enne au Luxembourg<\/li>\n\n\n\n<li class=\"ulux-list-item\"><strong>M.Christoph Schroeder,<\/strong> Chef du Bureau de Liaison du Parlement europ\u00e9en au Luxembourg<\/li>\n<\/ul>\n<\/li>\n<\/ul>\n\n\n<div class=\"wp-block-unilux-blocks-spacer is-spacer-size-sm\"><\/div>\n\n\n<h3 class=\"has-text-align-left wp-block-unilux-blocks-heading\"        id=\"enregistrement-de-la-conference\"\n    >\n<strong>Enregistrement de la Conf\u00e9rence<\/strong><\/h3>\n\n\n\n<div class=\"wp-block-columns are-vertically-aligned-center is-layout-flex wp-block-columns-is-layout-flex\">\n<div class=\"wp-block-column is-vertically-aligned-center is-layout-flow wp-block-column-is-layout-flow\" style=\"flex-basis:70%\"><div class=\"thumbnail  wp-block-unilux-blocks-thumbnail-video\">\n    <div class=\"card bg-theme p-0\">\n        <div class=\"card__container p-0\">\n            <div class=\"card__body p-0\">\n                <iframe \n            src=\"\" \n            title=\"YouTube video player\" frameborder=\"0\" \n            allow=\"accelerometer; autoplay; clipboard-write; encrypted-media; gyroscope; picture-in-picture; web-share\" referrerpolicy=\"strict-origin-when-cross-origin\" \n            style=\"object-position: 50% 50%; aspect-ratio: 16\/9; object-fit: cover; width: 100%;\"\n            allowfullscreen data-cookieconsent=\"ignore\">\n            <\/iframe>                            <\/div>\n        <\/div>\n    <\/div>\n<\/div>\n<\/div>\n<\/div>\n\n\n<div class=\"wp-block-unilux-blocks-spacer is-spacer-size-sm\"><\/div>\n\n\n<section class=\"alignfull wp-block-unilux-blocks-gallery-carousel\">\n    <div class=\"swiper swiper-gallery\" aria-roledescription=\"carousel\" aria-label=\"A gallery of images\">\n        <!-- Swiper button Next & Prev -->\n        <div class=\"swiper-nav\">\n            <div class=\"swiper-nav__container\">\n                <div class=\"swiper-nav__grid\">\n                    <button type=\"button\" class=\"swiper-button-next\">\n                        <svg aria-hidden=\"true\" focusable=\"false\" class=\"icon icon-outline icon--arrow-right \"><use xlink:href=\"https:\/\/www.uni.lu\/wp-content\/themes\/unilux-theme\/assets\/images\/icons\/icons-outline.svg#icon--arrow-right\"><\/use><\/svg>                    <\/button>\n                    <button type=\"button\" class=\"swiper-button-prev\">\n                        <svg aria-hidden=\"true\" focusable=\"false\" class=\"icon icon-outline icon--arrow-left \"><use xlink:href=\"https:\/\/www.uni.lu\/wp-content\/themes\/unilux-theme\/assets\/images\/icons\/icons-outline.svg#icon--arrow-left\"><\/use><\/svg>                    <\/button>\n                <\/div>\n            <\/div>\n        <\/div>\n\n        <!-- swiper slides -->\n        <ul class=\"swiper-wrapper\">\n            \n<li class=\"swiper-slide\" aria-roledescription=\"slide\">\n    <figure class=\"wp-block-dev4-reusable-blocks-image swiper-slide__bg object-fit--cover\">\n    \n<img decoding=\"async\" class=\"wp-block-image unilux-custom-image-block\"\n                alt=\"\"\n            src=\"https:\/\/www.uni.lu\/wp-content\/uploads\/sites\/11\/2023\/07\/2.-Mot-daccueil-par-M.Pascal-Bermes-Directeur-du-Lycee-de-Garcons-Esch-sur-Alzette-scaled.jpg\"\n                srcset=\"https:\/\/www.uni.lu\/wp-content\/uploads\/sites\/11\/2023\/07\/2.-Mot-daccueil-par-M.Pascal-Bermes-Directeur-du-Lycee-de-Garcons-Esch-sur-Alzette-300x200.jpg 300w, https:\/\/www.uni.lu\/wp-content\/uploads\/sites\/11\/2023\/07\/2.-Mot-daccueil-par-M.Pascal-Bermes-Directeur-du-Lycee-de-Garcons-Esch-sur-Alzette-1024x683.jpg 1024w, https:\/\/www.uni.lu\/wp-content\/uploads\/sites\/11\/2023\/07\/2.-Mot-daccueil-par-M.Pascal-Bermes-Directeur-du-Lycee-de-Garcons-Esch-sur-Alzette-768x512.jpg 768w, https:\/\/www.uni.lu\/wp-content\/uploads\/sites\/11\/2023\/07\/2.-Mot-daccueil-par-M.Pascal-Bermes-Directeur-du-Lycee-de-Garcons-Esch-sur-Alzette-1536x1024.jpg 1536w, https:\/\/www.uni.lu\/wp-content\/uploads\/sites\/11\/2023\/07\/2.-Mot-daccueil-par-M.Pascal-Bermes-Directeur-du-Lycee-de-Garcons-Esch-sur-Alzette-2048x1365.jpg 2048w\"\n                style=\"object-position: 50.00% 50.00%; font-family: &quot;object-fit: cover; object-position: 50.00% 50.00%;&quot;; aspect-ratio: 16\/9; object-fit: cover; width: 100%;\"\n        loading=\"lazy\"\n\/>            <p class=\"wp-block-dev4-reusable-blocks-image-caption\">\n            Mot d&rsquo;accueil par M.Pascal Bermes, Directeur du Lyc\u00e9e de Gar\u00e7ons Esch-sur-Alzette        <\/p>\n    <\/figure><\/li>\n<li class=\"swiper-slide\" aria-roledescription=\"slide\">\n    <figure class=\"wp-block-dev4-reusable-blocks-image swiper-slide__bg object-fit--cover\">\n    \n<img decoding=\"async\" class=\"wp-block-image unilux-custom-image-block\"\n                alt=\"\"\n            src=\"https:\/\/www.uni.lu\/wp-content\/uploads\/sites\/11\/2023\/07\/3.-Mot-douverture-par-Prof.Dr-Catherine-Leglu-Vice-Rectrice-academique-de-lUniversite-du-Luxembourg-scaled.jpg\"\n                srcset=\"https:\/\/www.uni.lu\/wp-content\/uploads\/sites\/11\/2023\/07\/3.-Mot-douverture-par-Prof.Dr-Catherine-Leglu-Vice-Rectrice-academique-de-lUniversite-du-Luxembourg-300x200.jpg 300w, https:\/\/www.uni.lu\/wp-content\/uploads\/sites\/11\/2023\/07\/3.-Mot-douverture-par-Prof.Dr-Catherine-Leglu-Vice-Rectrice-academique-de-lUniversite-du-Luxembourg-1024x683.jpg 1024w, https:\/\/www.uni.lu\/wp-content\/uploads\/sites\/11\/2023\/07\/3.-Mot-douverture-par-Prof.Dr-Catherine-Leglu-Vice-Rectrice-academique-de-lUniversite-du-Luxembourg-768x512.jpg 768w, https:\/\/www.uni.lu\/wp-content\/uploads\/sites\/11\/2023\/07\/3.-Mot-douverture-par-Prof.Dr-Catherine-Leglu-Vice-Rectrice-academique-de-lUniversite-du-Luxembourg-1536x1024.jpg 1536w, https:\/\/www.uni.lu\/wp-content\/uploads\/sites\/11\/2023\/07\/3.-Mot-douverture-par-Prof.Dr-Catherine-Leglu-Vice-Rectrice-academique-de-lUniversite-du-Luxembourg-2048x1365.jpg 2048w\"\n                style=\"object-position: 50.00% 50.00%; font-family: &quot;object-fit: cover; object-position: 50.00% 50.00%;&quot;; aspect-ratio: 16\/9; object-fit: cover; width: 100%;\"\n        loading=\"lazy\"\n\/>            <p class=\"wp-block-dev4-reusable-blocks-image-caption\">\n            Mot d&rsquo;ouverture, par Prof.Dr Catherine L\u00e9glu, Vice-Rectrice acad\u00e9mique de l&rsquo;Universit\u00e9 du Luxembourg        <\/p>\n    <\/figure><\/li>\n<li class=\"swiper-slide\" aria-roledescription=\"slide\">\n    <figure class=\"wp-block-dev4-reusable-blocks-image swiper-slide__bg object-fit--cover\">\n    \n<img decoding=\"async\" class=\"wp-block-image unilux-custom-image-block\"\n                alt=\"\"\n            src=\"https:\/\/www.uni.lu\/wp-content\/uploads\/sites\/11\/2023\/07\/4.-Remarques-introductives-par-Dr-Elena-Danescu-Coordinatrice-de-lEurope-Direct-Universite-du-Luxembourg-scaled.jpg\"\n                srcset=\"https:\/\/www.uni.lu\/wp-content\/uploads\/sites\/11\/2023\/07\/4.-Remarques-introductives-par-Dr-Elena-Danescu-Coordinatrice-de-lEurope-Direct-Universite-du-Luxembourg-300x200.jpg 300w, https:\/\/www.uni.lu\/wp-content\/uploads\/sites\/11\/2023\/07\/4.-Remarques-introductives-par-Dr-Elena-Danescu-Coordinatrice-de-lEurope-Direct-Universite-du-Luxembourg-1024x683.jpg 1024w, https:\/\/www.uni.lu\/wp-content\/uploads\/sites\/11\/2023\/07\/4.-Remarques-introductives-par-Dr-Elena-Danescu-Coordinatrice-de-lEurope-Direct-Universite-du-Luxembourg-768x512.jpg 768w, https:\/\/www.uni.lu\/wp-content\/uploads\/sites\/11\/2023\/07\/4.-Remarques-introductives-par-Dr-Elena-Danescu-Coordinatrice-de-lEurope-Direct-Universite-du-Luxembourg-1536x1024.jpg 1536w, https:\/\/www.uni.lu\/wp-content\/uploads\/sites\/11\/2023\/07\/4.-Remarques-introductives-par-Dr-Elena-Danescu-Coordinatrice-de-lEurope-Direct-Universite-du-Luxembourg-2048x1365.jpg 2048w\"\n                style=\"object-position: 50.00% 50.00%; font-family: &quot;object-fit: cover; object-position: 50.00% 50.00%;&quot;; aspect-ratio: 16\/9; object-fit: cover; width: 100%;\"\n        loading=\"lazy\"\n\/>            <p class=\"wp-block-dev4-reusable-blocks-image-caption\">\n            Remarques introductives, par Dr Elena Danescu, Coordinatrice de l&rsquo;Europe Direct Universit\u00e9 du Luxembourg        <\/p>\n    <\/figure><\/li>\n<li class=\"swiper-slide\" aria-roledescription=\"slide\">\n    <figure class=\"wp-block-dev4-reusable-blocks-image swiper-slide__bg object-fit--cover\">\n    \n<img decoding=\"async\" class=\"wp-block-image unilux-custom-image-block\"\n                alt=\"\"\n            src=\"https:\/\/www.uni.lu\/wp-content\/uploads\/sites\/11\/2023\/07\/5.-Lorateur-innvite-M.-Jean-Claude-Juncker-a-la-tribune-scaled.jpg\"\n                srcset=\"https:\/\/www.uni.lu\/wp-content\/uploads\/sites\/11\/2023\/07\/5.-Lorateur-innvite-M.-Jean-Claude-Juncker-a-la-tribune-300x200.jpg 300w, https:\/\/www.uni.lu\/wp-content\/uploads\/sites\/11\/2023\/07\/5.-Lorateur-innvite-M.-Jean-Claude-Juncker-a-la-tribune-1024x683.jpg 1024w, https:\/\/www.uni.lu\/wp-content\/uploads\/sites\/11\/2023\/07\/5.-Lorateur-innvite-M.-Jean-Claude-Juncker-a-la-tribune-768x512.jpg 768w, https:\/\/www.uni.lu\/wp-content\/uploads\/sites\/11\/2023\/07\/5.-Lorateur-innvite-M.-Jean-Claude-Juncker-a-la-tribune-1536x1024.jpg 1536w, https:\/\/www.uni.lu\/wp-content\/uploads\/sites\/11\/2023\/07\/5.-Lorateur-innvite-M.-Jean-Claude-Juncker-a-la-tribune-2048x1365.jpg 2048w\"\n                style=\"object-position: 50.00% 50.00%; font-family: &quot;object-fit: cover; object-position: 50.00% 50.00%;&quot;; aspect-ratio: 16\/9; object-fit: cover; width: 100%;\"\n        loading=\"lazy\"\n\/>            <p class=\"wp-block-dev4-reusable-blocks-image-caption\">\n            L&rsquo;orateur-invit\u00e9, M. Jean-Claude Juncker, \u00e0 la tribune        <\/p>\n    <\/figure><\/li>\n<li class=\"swiper-slide\" aria-roledescription=\"slide\">\n    <figure class=\"wp-block-dev4-reusable-blocks-image swiper-slide__bg object-fit--cover\">\n    \n<img decoding=\"async\" class=\"wp-block-image unilux-custom-image-block\"\n                alt=\"\"\n            src=\"https:\/\/www.uni.lu\/wp-content\/uploads\/sites\/11\/2023\/07\/8.-Les-propos-de-lorateur-invite-M.Jean-Claude-Juncker-ont-ete-suivis-avec-grand-interet-scaled.jpg\"\n                srcset=\"https:\/\/www.uni.lu\/wp-content\/uploads\/sites\/11\/2023\/07\/8.-Les-propos-de-lorateur-invite-M.Jean-Claude-Juncker-ont-ete-suivis-avec-grand-interet-300x200.jpg 300w, https:\/\/www.uni.lu\/wp-content\/uploads\/sites\/11\/2023\/07\/8.-Les-propos-de-lorateur-invite-M.Jean-Claude-Juncker-ont-ete-suivis-avec-grand-interet-1024x683.jpg 1024w, https:\/\/www.uni.lu\/wp-content\/uploads\/sites\/11\/2023\/07\/8.-Les-propos-de-lorateur-invite-M.Jean-Claude-Juncker-ont-ete-suivis-avec-grand-interet-768x512.jpg 768w, https:\/\/www.uni.lu\/wp-content\/uploads\/sites\/11\/2023\/07\/8.-Les-propos-de-lorateur-invite-M.Jean-Claude-Juncker-ont-ete-suivis-avec-grand-interet-1536x1024.jpg 1536w, https:\/\/www.uni.lu\/wp-content\/uploads\/sites\/11\/2023\/07\/8.-Les-propos-de-lorateur-invite-M.Jean-Claude-Juncker-ont-ete-suivis-avec-grand-interet-2048x1365.jpg 2048w\"\n                style=\"object-position: 50.00% 50.00%; font-family: &quot;object-fit: cover; object-position: 50.00% 50.00%;&quot;; aspect-ratio: 16\/9; object-fit: cover; width: 100%;\"\n        loading=\"lazy\"\n\/>            <p class=\"wp-block-dev4-reusable-blocks-image-caption\">\n            Les propos de l&rsquo;orateur-invit\u00e9, M.Jean-Claude Juncker, ont \u00e9t\u00e9 suivis avec grand int\u00e9r\u00eat        <\/p>\n    <\/figure><\/li>\n<li class=\"swiper-slide\" aria-roledescription=\"slide\">\n    <figure class=\"wp-block-dev4-reusable-blocks-image swiper-slide__bg object-fit--cover\">\n    \n<img decoding=\"async\" class=\"wp-block-image unilux-custom-image-block\"\n                alt=\"\"\n            src=\"https:\/\/www.uni.lu\/wp-content\/uploads\/sites\/11\/2023\/07\/10.-Ouverture-de-la-session-QA.-M.-Jean-Claude-Juncker-avec-M.-Pascal-Bermes-Lycee-de-Garcon-Esch-et-M.-Dan-Codello-Ville-dEsch-scaled.jpg\"\n                srcset=\"https:\/\/www.uni.lu\/wp-content\/uploads\/sites\/11\/2023\/07\/10.-Ouverture-de-la-session-QA.-M.-Jean-Claude-Juncker-avec-M.-Pascal-Bermes-Lycee-de-Garcon-Esch-et-M.-Dan-Codello-Ville-dEsch-300x200.jpg 300w, https:\/\/www.uni.lu\/wp-content\/uploads\/sites\/11\/2023\/07\/10.-Ouverture-de-la-session-QA.-M.-Jean-Claude-Juncker-avec-M.-Pascal-Bermes-Lycee-de-Garcon-Esch-et-M.-Dan-Codello-Ville-dEsch-1024x683.jpg 1024w, https:\/\/www.uni.lu\/wp-content\/uploads\/sites\/11\/2023\/07\/10.-Ouverture-de-la-session-QA.-M.-Jean-Claude-Juncker-avec-M.-Pascal-Bermes-Lycee-de-Garcon-Esch-et-M.-Dan-Codello-Ville-dEsch-768x512.jpg 768w, https:\/\/www.uni.lu\/wp-content\/uploads\/sites\/11\/2023\/07\/10.-Ouverture-de-la-session-QA.-M.-Jean-Claude-Juncker-avec-M.-Pascal-Bermes-Lycee-de-Garcon-Esch-et-M.-Dan-Codello-Ville-dEsch-1536x1024.jpg 1536w, https:\/\/www.uni.lu\/wp-content\/uploads\/sites\/11\/2023\/07\/10.-Ouverture-de-la-session-QA.-M.-Jean-Claude-Juncker-avec-M.-Pascal-Bermes-Lycee-de-Garcon-Esch-et-M.-Dan-Codello-Ville-dEsch-2048x1365.jpg 2048w\"\n                style=\"object-position: 50.00% 50.00%; font-family: &quot;object-fit: cover; object-position: 50.00% 50.00%;&quot;; aspect-ratio: 16\/9; object-fit: cover; width: 100%;\"\n        loading=\"lazy\"\n\/>            <p class=\"wp-block-dev4-reusable-blocks-image-caption\">\n            Ouverture de la session Q&amp;A. M. Jean-Claude Juncker, avec M. Pascal Bermes (Lyc\u00e9e de Gar\u00e7on Esch) et M. Dan Codello (Ville d&rsquo;Esch)        <\/p>\n    <\/figure><\/li>\n<li class=\"swiper-slide\" aria-roledescription=\"slide\">\n    <figure class=\"wp-block-dev4-reusable-blocks-image swiper-slide__bg object-fit--cover\">\n    \n<img decoding=\"async\" class=\"wp-block-image unilux-custom-image-block\"\n                alt=\"\"\n            src=\"https:\/\/www.uni.lu\/wp-content\/uploads\/sites\/11\/2023\/07\/12.-Conclusions-par-Mme-Anne-Calteux-Representante-de-la-Commission-europeenne-au-Luxembourg-scaled.jpg\"\n                srcset=\"https:\/\/www.uni.lu\/wp-content\/uploads\/sites\/11\/2023\/07\/12.-Conclusions-par-Mme-Anne-Calteux-Representante-de-la-Commission-europeenne-au-Luxembourg-300x200.jpg 300w, https:\/\/www.uni.lu\/wp-content\/uploads\/sites\/11\/2023\/07\/12.-Conclusions-par-Mme-Anne-Calteux-Representante-de-la-Commission-europeenne-au-Luxembourg-1024x683.jpg 1024w, https:\/\/www.uni.lu\/wp-content\/uploads\/sites\/11\/2023\/07\/12.-Conclusions-par-Mme-Anne-Calteux-Representante-de-la-Commission-europeenne-au-Luxembourg-768x512.jpg 768w, https:\/\/www.uni.lu\/wp-content\/uploads\/sites\/11\/2023\/07\/12.-Conclusions-par-Mme-Anne-Calteux-Representante-de-la-Commission-europeenne-au-Luxembourg-1536x1024.jpg 1536w, https:\/\/www.uni.lu\/wp-content\/uploads\/sites\/11\/2023\/07\/12.-Conclusions-par-Mme-Anne-Calteux-Representante-de-la-Commission-europeenne-au-Luxembourg-2048x1365.jpg 2048w\"\n                style=\"object-position: 50.00% 50.00%; font-family: &quot;object-fit: cover; object-position: 50.00% 50.00%;&quot;; aspect-ratio: 16\/9; object-fit: cover; width: 100%;\"\n        loading=\"lazy\"\n\/>            <p class=\"wp-block-dev4-reusable-blocks-image-caption\">\n            Conclusions, par Mme Anne Calteux, Repr\u00e9sentante de la Commission europ\u00e9enne au Luxembourg        <\/p>\n    <\/figure><\/li>\n<li class=\"swiper-slide\" aria-roledescription=\"slide\">\n    <figure class=\"wp-block-dev4-reusable-blocks-image swiper-slide__bg object-fit--cover\">\n    \n<img decoding=\"async\" class=\"wp-block-image unilux-custom-image-block\"\n                alt=\"\"\n            src=\"https:\/\/www.uni.lu\/wp-content\/uploads\/sites\/11\/2023\/07\/14.-M.Gaston-Reinesch-BCL-Mme-lAmbassadrice-Claire-Lignieres-Counathe-France-lAmbassadeur-Georges-Santer-Mme-Anne-Calt-eux-scaled.jpg\"\n                srcset=\"https:\/\/www.uni.lu\/wp-content\/uploads\/sites\/11\/2023\/07\/14.-M.Gaston-Reinesch-BCL-Mme-lAmbassadrice-Claire-Lignieres-Counathe-France-lAmbassadeur-Georges-Santer-Mme-Anne-Calt-eux-300x200.jpg 300w, https:\/\/www.uni.lu\/wp-content\/uploads\/sites\/11\/2023\/07\/14.-M.Gaston-Reinesch-BCL-Mme-lAmbassadrice-Claire-Lignieres-Counathe-France-lAmbassadeur-Georges-Santer-Mme-Anne-Calt-eux-1024x683.jpg 1024w, https:\/\/www.uni.lu\/wp-content\/uploads\/sites\/11\/2023\/07\/14.-M.Gaston-Reinesch-BCL-Mme-lAmbassadrice-Claire-Lignieres-Counathe-France-lAmbassadeur-Georges-Santer-Mme-Anne-Calt-eux-768x512.jpg 768w, https:\/\/www.uni.lu\/wp-content\/uploads\/sites\/11\/2023\/07\/14.-M.Gaston-Reinesch-BCL-Mme-lAmbassadrice-Claire-Lignieres-Counathe-France-lAmbassadeur-Georges-Santer-Mme-Anne-Calt-eux-1536x1024.jpg 1536w, https:\/\/www.uni.lu\/wp-content\/uploads\/sites\/11\/2023\/07\/14.-M.Gaston-Reinesch-BCL-Mme-lAmbassadrice-Claire-Lignieres-Counathe-France-lAmbassadeur-Georges-Santer-Mme-Anne-Calt-eux-2048x1365.jpg 2048w\"\n                style=\"object-position: 50.00% 50.00%; font-family: &quot;object-fit: cover; object-position: 50.00% 50.00%;&quot;; aspect-ratio: 16\/9; object-fit: cover; width: 100%;\"\n        loading=\"lazy\"\n\/>            <p class=\"wp-block-dev4-reusable-blocks-image-caption\">\n            M.Gaston Reinesch (BCL), Mme l&rsquo;Ambassadrice Claire Ligni\u00e8res-Counathe (France), l&rsquo;Ambassadeur Georges Santer, Mme Anne Calteux        <\/p>\n    <\/figure><\/li>\n<li class=\"swiper-slide\" aria-roledescription=\"slide\">\n    <figure class=\"wp-block-dev4-reusable-blocks-image swiper-slide__bg object-fit--cover\">\n    \n<img decoding=\"async\" class=\"wp-block-image unilux-custom-image-block\"\n                alt=\"\"\n            src=\"https:\/\/www.uni.lu\/wp-content\/uploads\/sites\/11\/2023\/07\/24.-Depart-de-lorateur-invite-M.Jean-Claude-Juncker-de-la-Robert-Schuman-Lecture-2023-de-lUniversite-du-Luxembourg-scaled.jpg\"\n                srcset=\"https:\/\/www.uni.lu\/wp-content\/uploads\/sites\/11\/2023\/07\/24.-Depart-de-lorateur-invite-M.Jean-Claude-Juncker-de-la-Robert-Schuman-Lecture-2023-de-lUniversite-du-Luxembourg-300x296.jpg 300w, https:\/\/www.uni.lu\/wp-content\/uploads\/sites\/11\/2023\/07\/24.-Depart-de-lorateur-invite-M.Jean-Claude-Juncker-de-la-Robert-Schuman-Lecture-2023-de-lUniversite-du-Luxembourg-1024x1011.jpg 1024w, https:\/\/www.uni.lu\/wp-content\/uploads\/sites\/11\/2023\/07\/24.-Depart-de-lorateur-invite-M.Jean-Claude-Juncker-de-la-Robert-Schuman-Lecture-2023-de-lUniversite-du-Luxembourg-768x758.jpg 768w, https:\/\/www.uni.lu\/wp-content\/uploads\/sites\/11\/2023\/07\/24.-Depart-de-lorateur-invite-M.Jean-Claude-Juncker-de-la-Robert-Schuman-Lecture-2023-de-lUniversite-du-Luxembourg-1536x1516.jpg 1536w, https:\/\/www.uni.lu\/wp-content\/uploads\/sites\/11\/2023\/07\/24.-Depart-de-lorateur-invite-M.Jean-Claude-Juncker-de-la-Robert-Schuman-Lecture-2023-de-lUniversite-du-Luxembourg-2048x2022.jpg 2048w\"\n                style=\"object-position: 50.00% 65.00%; font-family: &quot;object-fit: cover; object-position: 50.00% 65.00%;&quot;; aspect-ratio: 16\/9; object-fit: cover; width: 100%;\"\n        loading=\"lazy\"\n\/>    <\/figure><\/li>\n<li class=\"swiper-slide\" aria-roledescription=\"slide\">\n    <figure class=\"wp-block-dev4-reusable-blocks-image swiper-slide__bg object-fit--cover\">\n    \n<img decoding=\"async\" class=\"wp-block-image unilux-custom-image-block\"\n                alt=\"\"\n            src=\"https:\/\/www.uni.lu\/wp-content\/uploads\/sites\/11\/2023\/07\/22.-Le-public-est-venu-en-nombre-pour-debattre-de-lEurope-avec-M.-Jean-Claude-Juncker-scaled.jpg\"\n                srcset=\"https:\/\/www.uni.lu\/wp-content\/uploads\/sites\/11\/2023\/07\/22.-Le-public-est-venu-en-nombre-pour-debattre-de-lEurope-avec-M.-Jean-Claude-Juncker-300x226.jpg 300w, https:\/\/www.uni.lu\/wp-content\/uploads\/sites\/11\/2023\/07\/22.-Le-public-est-venu-en-nombre-pour-debattre-de-lEurope-avec-M.-Jean-Claude-Juncker-1024x771.jpg 1024w, https:\/\/www.uni.lu\/wp-content\/uploads\/sites\/11\/2023\/07\/22.-Le-public-est-venu-en-nombre-pour-debattre-de-lEurope-avec-M.-Jean-Claude-Juncker-768x578.jpg 768w, https:\/\/www.uni.lu\/wp-content\/uploads\/sites\/11\/2023\/07\/22.-Le-public-est-venu-en-nombre-pour-debattre-de-lEurope-avec-M.-Jean-Claude-Juncker-1536x1157.jpg 1536w, https:\/\/www.uni.lu\/wp-content\/uploads\/sites\/11\/2023\/07\/22.-Le-public-est-venu-en-nombre-pour-debattre-de-lEurope-avec-M.-Jean-Claude-Juncker-2048x1542.jpg 2048w\"\n                style=\"object-position: 73.00% 78.00%; font-family: &quot;object-fit: cover; object-position: 73.00% 78.00%;&quot;; aspect-ratio: 16\/9; object-fit: cover; width: 100%;\"\n        loading=\"lazy\"\n\/>            <p class=\"wp-block-dev4-reusable-blocks-image-caption\">\n            Le public est venu en nombre pour d\u00e9battre de l&rsquo;Europe avec M. Jean-Claude Juncker        <\/p>\n    <\/figure><\/li>        <\/ul>\n\n        <!-- Swiper pagination -->\n        <div class=\"swiper-pagination\">\n            <div class=\"swiper-pagination__bullets\"><\/div>\n        <\/div>\n    <\/div>\n<\/section>\n\n\n<p>\u00a9University of Luxembourg<\/p>\n<\/div><\/section>\n","protected":false},"excerpt":{"rendered":"","protected":false},"author":33,"featured_media":4508,"template":"","format":"standard","meta":{"featured_image_focal_point":[],"show_featured_caption":false,"ulux_newsletter_groups":"","uluxPostTitle":"","uluxPrePostTitle":"","_trash_the_other_posts":false,"_price":"","_stock":"","_tribe_ticket_header":"","_tribe_default_ticket_provider":"","_tribe_ticket_capacity":"0","_ticket_start_date":"","_ticket_end_date":"","_tribe_ticket_show_description":"","_tribe_ticket_show_not_going":false,"_tribe_ticket_use_global_stock":"","_tribe_ticket_global_stock_level":"","_global_stock_mode":"","_global_stock_cap":"","_tribe_rsvp_for_event":"","_tribe_ticket_going_count":"","_tribe_ticket_not_going_count":"","_tribe_tickets_list":"[]","_tribe_ticket_has_attendee_info_fields":false},"news-category":[],"news-topic":[],"organisation":[297],"authorship":[33,327,292],"acf":[],"yoast_head":"<!-- This site is optimized with the Yoast SEO Premium plugin v22.3 (Yoast SEO v22.3) - https:\/\/yoast.com\/wordpress\/plugins\/seo\/ -->\n<title>Conf\u00e9rence 2023 Robert Schuman de l\u2019Universit\u00e9 du Luxembourg : L\u2019Europe \u00e0 l\u2019heure des d\u00e9fis : r\u00e9alit\u00e9s et perspectives avec M. Jean-Claude Juncker - Universit\u00e9 du Luxembourg<\/title>\n<meta name=\"description\" content=\"L\u2019Europe Direct de l\u2019Universit\u00e9 du Luxembourg et la Ville d\u2019Esch ensemble avec leurs partenaires&nbsp; \u2013&nbsp;l\u2019Universit\u00e9 du Luxembourg, le Luxembourg\" \/>\n<meta name=\"robots\" content=\"index, follow, max-snippet:-1, max-image-preview:large, max-video-preview:-1\" \/>\n<link rel=\"canonical\" href=\"https:\/\/www.uni.lu\/fr\/news\/l-europe-a-l-heure-des-defis-realites-et-perspectives-avec-jean-claude-juncker\/\" \/>\n<meta property=\"og:locale\" content=\"fr_FR\" \/>\n<meta property=\"og:type\" content=\"article\" \/>\n<meta property=\"og:title\" content=\"Conf\u00e9rence 2023 Robert Schuman de l\u2019Universit\u00e9 du Luxembourg : L\u2019Europe \u00e0 l\u2019heure des d\u00e9fis : r\u00e9alit\u00e9s et perspectives avec M. Jean-Claude Juncker\" \/>\n<meta property=\"og:description\" content=\"L\u2019Europe Direct de l\u2019Universit\u00e9 du Luxembourg et la Ville d\u2019Esch ensemble avec leurs partenaires&nbsp; \u2013&nbsp;l\u2019Universit\u00e9 du Luxembourg, le Luxembourg\" \/>\n<meta property=\"og:url\" content=\"https:\/\/www.uni.lu\/fr\/news\/l-europe-a-l-heure-des-defis-realites-et-perspectives-avec-jean-claude-juncker\/\" \/>\n<meta property=\"og:site_name\" content=\"UNI FR\" \/>\n<meta property=\"article:publisher\" content=\"https:\/\/www.facebook.com\/uni.lu\" \/>\n<meta property=\"article:modified_time\" content=\"2024-10-08T13:59:50+00:00\" \/>\n<meta property=\"og:image\" content=\"https:\/\/www.uni.lu\/wp-content\/uploads\/sites\/11\/2023\/07\/8.-Les-propos-de-lorateur-invite-M.Jean-Claude-Juncker-ont-ete-suivis-avec-grand-interet-scaled.jpg\" \/>\n\t<meta property=\"og:image:width\" content=\"2560\" \/>\n\t<meta property=\"og:image:height\" content=\"1707\" \/>\n\t<meta property=\"og:image:type\" content=\"image\/jpeg\" \/>\n<meta name=\"twitter:card\" content=\"summary_large_image\" \/>\n<meta name=\"twitter:label1\" content=\"Dur\u00e9e de lecture estim\u00e9e\" \/>\n\t<meta name=\"twitter:data1\" content=\"2 minutes\" \/>\n<script type=\"application\/ld+json\" class=\"yoast-schema-graph\">{\"@context\":\"https:\/\/schema.org\",\"@graph\":[{\"@type\":\"NewsArticle\",\"@id\":\"https:\/\/www.uni.lu\/fr\/news\/l-europe-a-l-heure-des-defis-realites-et-perspectives-avec-jean-claude-juncker\/#article\",\"isPartOf\":{\"@id\":\"https:\/\/www.uni.lu\/fr\/news\/l-europe-a-l-heure-des-defis-realites-et-perspectives-avec-jean-claude-juncker\/\"},\"author\":{\"name\":\"mchristen\",\"@id\":\"https:\/\/www.uni.lu\/fr\/#\/schema\/person\/c438f03d51b691a88d09778fc4b1e214\"},\"headline\":\"Conf\u00e9rence 2023 Robert Schuman de l\u2019Universit\u00e9 du Luxembourg : L\u2019Europe \u00e0 l\u2019heure des d\u00e9fis : r\u00e9alit\u00e9s et perspectives avec M. Jean-Claude Juncker\",\"datePublished\":\"2023-07-07T08:44:00+00:00\",\"dateModified\":\"2024-10-08T13:59:50+00:00\",\"mainEntityOfPage\":{\"@id\":\"https:\/\/www.uni.lu\/fr\/news\/l-europe-a-l-heure-des-defis-realites-et-perspectives-avec-jean-claude-juncker\/\"},\"wordCount\":443,\"publisher\":{\"@id\":\"https:\/\/www.uni.lu\/fr\/#organization\"},\"image\":{\"@id\":\"https:\/\/www.uni.lu\/fr\/news\/l-europe-a-l-heure-des-defis-realites-et-perspectives-avec-jean-claude-juncker\/#primaryimage\"},\"thumbnailUrl\":\"https:\/\/www.uni.lu\/wp-content\/uploads\/sites\/11\/2023\/07\/8.-Les-propos-de-lorateur-invite-M.Jean-Claude-Juncker-ont-ete-suivis-avec-grand-interet-scaled.jpg\",\"inLanguage\":\"fr-FR\"},{\"@type\":\"WebPage\",\"@id\":\"https:\/\/www.uni.lu\/fr\/news\/l-europe-a-l-heure-des-defis-realites-et-perspectives-avec-jean-claude-juncker\/\",\"url\":\"https:\/\/www.uni.lu\/fr\/news\/l-europe-a-l-heure-des-defis-realites-et-perspectives-avec-jean-claude-juncker\/\",\"name\":\"Conf\u00e9rence 2023 Robert Schuman de l\u2019Universit\u00e9 du Luxembourg : L\u2019Europe \u00e0 l\u2019heure des d\u00e9fis : r\u00e9alit\u00e9s et perspectives avec M. Jean-Claude Juncker - Universit\u00e9 du Luxembourg\",\"isPartOf\":{\"@id\":\"https:\/\/www.uni.lu\/fr\/#website\"},\"primaryImageOfPage\":{\"@id\":\"https:\/\/www.uni.lu\/fr\/news\/l-europe-a-l-heure-des-defis-realites-et-perspectives-avec-jean-claude-juncker\/#primaryimage\"},\"image\":{\"@id\":\"https:\/\/www.uni.lu\/fr\/news\/l-europe-a-l-heure-des-defis-realites-et-perspectives-avec-jean-claude-juncker\/#primaryimage\"},\"thumbnailUrl\":\"https:\/\/www.uni.lu\/wp-content\/uploads\/sites\/11\/2023\/07\/8.-Les-propos-de-lorateur-invite-M.Jean-Claude-Juncker-ont-ete-suivis-avec-grand-interet-scaled.jpg\",\"datePublished\":\"2023-07-07T08:44:00+00:00\",\"dateModified\":\"2024-10-08T13:59:50+00:00\",\"description\":\"L\u2019Europe Direct de l\u2019Universit\u00e9 du Luxembourg et la Ville d\u2019Esch ensemble avec leurs partenaires&nbsp; \u2013&nbsp;l\u2019Universit\u00e9 du Luxembourg, le Luxembourg\",\"breadcrumb\":{\"@id\":\"https:\/\/www.uni.lu\/fr\/news\/l-europe-a-l-heure-des-defis-realites-et-perspectives-avec-jean-claude-juncker\/#breadcrumb\"},\"inLanguage\":\"fr-FR\",\"potentialAction\":[{\"@type\":\"ReadAction\",\"target\":[\"https:\/\/www.uni.lu\/fr\/news\/l-europe-a-l-heure-des-defis-realites-et-perspectives-avec-jean-claude-juncker\/\"]}]},{\"@type\":\"ImageObject\",\"inLanguage\":\"fr-FR\",\"@id\":\"https:\/\/www.uni.lu\/fr\/news\/l-europe-a-l-heure-des-defis-realites-et-perspectives-avec-jean-claude-juncker\/#primaryimage\",\"url\":\"https:\/\/www.uni.lu\/wp-content\/uploads\/sites\/11\/2023\/07\/8.-Les-propos-de-lorateur-invite-M.Jean-Claude-Juncker-ont-ete-suivis-avec-grand-interet-scaled.jpg\",\"contentUrl\":\"https:\/\/www.uni.lu\/wp-content\/uploads\/sites\/11\/2023\/07\/8.-Les-propos-de-lorateur-invite-M.Jean-Claude-Juncker-ont-ete-suivis-avec-grand-interet-scaled.jpg\",\"width\":2560,\"height\":1707,\"caption\":\"Les propos de l'orateur-invit\u00e9, M.Jean-Claude Juncker, ont \u00e9t\u00e9 suivis avec grand int\u00e9r\u00eat\"},{\"@type\":\"BreadcrumbList\",\"@id\":\"https:\/\/www.uni.lu\/fr\/news\/l-europe-a-l-heure-des-defis-realites-et-perspectives-avec-jean-claude-juncker\/#breadcrumb\",\"itemListElement\":[{\"@type\":\"ListItem\",\"position\":1,\"name\":\"Home\",\"item\":\"https:\/\/www.uni.lu\/fr\/\"},{\"@type\":\"ListItem\",\"position\":2,\"name\":\"News\",\"item\":\"https:\/\/www.uni.lu\/fr\/news\/\"},{\"@type\":\"ListItem\",\"position\":3,\"name\":\"Conf\u00e9rence 2023 Robert Schuman de l\u2019Universit\u00e9 du Luxembourg : L\u2019Europe \u00e0 l\u2019heure des d\u00e9fis : r\u00e9alit\u00e9s et perspectives avec M. Jean-Claude Juncker\"}]},{\"@type\":\"WebSite\",\"@id\":\"https:\/\/www.uni.lu\/fr\/#website\",\"url\":\"https:\/\/www.uni.lu\/fr\/\",\"name\":\"Uni.lu\",\"description\":\"Universit\u00e9 du Luxembourg\",\"publisher\":{\"@id\":\"https:\/\/www.uni.lu\/fr\/#organization\"},\"alternateName\":\"Universit\u00e9 du Luxembourg\",\"potentialAction\":[{\"@type\":\"SearchAction\",\"target\":{\"@type\":\"EntryPoint\",\"urlTemplate\":\"https:\/\/www.uni.lu\/fr\/?s={search_term_string}\"},\"query-input\":\"required name=search_term_string\"}],\"inLanguage\":\"fr-FR\"},{\"@type\":\"Organization\",\"@id\":\"https:\/\/www.uni.lu\/fr\/#organization\",\"name\":\"Universit\u00e9 du Luxembourg\",\"alternateName\":\"Uni.lu\",\"url\":\"https:\/\/www.uni.lu\/fr\/\",\"logo\":{\"@type\":\"ImageObject\",\"inLanguage\":\"fr-FR\",\"@id\":\"https:\/\/www.uni.lu\/fr\/#\/schema\/logo\/image\/\",\"url\":\"https:\/\/www.uni.lu\/wp-content\/uploads\/sites\/11\/2026\/03\/03120045\/UNIV_SM-Profile_1600x1600px-scaled.jpg\",\"contentUrl\":\"https:\/\/www.uni.lu\/wp-content\/uploads\/sites\/11\/2026\/03\/03120045\/UNIV_SM-Profile_1600x1600px-scaled.jpg\",\"width\":2560,\"height\":2560,\"caption\":\"Universit\u00e9 du Luxembourg\"},\"image\":\"https:\/\/www.uni.lu\/wp-content\/uploads\/sites\/11\/2026\/04\/24120552\/20200609-Belval-Campus_Henri-Goergen-23.jpg\",\"sameAs\":[\"https:\/\/www.facebook.com\/uni.lu\",\"https:\/\/www.linkedin.com\/school\/university-of-luxembourg\/\",\"https:\/\/www.instagram.com\/uni.lu\",\"https:\/\/www.youtube.com\/@uni_lu\",\"https:\/\/en.wikipedia.org\/wiki\/University_of_Luxembourg\"],\"email\":\"communication@uni.lu\",\"telephone\":\"+352 46 66 44 1\",\"address\":{\"@type\":\"PostalAddress\",\"streetAddress\":\"2, place de l\u2019Universit\u00e9\",\"addressLocality\":\"Esch-sur-Alzette\",\"postalCode\":\"4365\",\"addressCountry\":\"LU\"},\"description\":\"Universit\u00e9 du Luxembourg\"},{\"@type\":\"Person\",\"@id\":\"https:\/\/www.uni.lu\/fr\/#\/schema\/person\/c438f03d51b691a88d09778fc4b1e214\",\"name\":\"mchristen\",\"image\":{\"@type\":\"ImageObject\",\"inLanguage\":\"fr-FR\",\"@id\":\"https:\/\/www.uni.lu\/fr\/#\/schema\/person\/image\/\",\"url\":\"https:\/\/secure.gravatar.com\/avatar\/16d82684b572872e8e543a3c7bfe637a?s=96&d=mm&r=g\",\"contentUrl\":\"https:\/\/secure.gravatar.com\/avatar\/16d82684b572872e8e543a3c7bfe637a?s=96&d=mm&r=g\",\"caption\":\"mchristen\"}}]}<\/script>\n<!-- \/ Yoast SEO Premium plugin. -->","yoast_head_json":{"title":"Conf\u00e9rence 2023 Robert Schuman de l\u2019Universit\u00e9 du Luxembourg : L\u2019Europe \u00e0 l\u2019heure des d\u00e9fis : r\u00e9alit\u00e9s et perspectives avec M. Jean-Claude Juncker - Universit\u00e9 du Luxembourg","description":"L\u2019Europe Direct de l\u2019Universit\u00e9 du Luxembourg et la Ville d\u2019Esch ensemble avec leurs partenaires&nbsp; \u2013&nbsp;l\u2019Universit\u00e9 du Luxembourg, le Luxembourg","robots":{"index":"index","follow":"follow","max-snippet":"max-snippet:-1","max-image-preview":"max-image-preview:large","max-video-preview":"max-video-preview:-1"},"canonical":"https:\/\/www.uni.lu\/fr\/news\/l-europe-a-l-heure-des-defis-realites-et-perspectives-avec-jean-claude-juncker\/","og_locale":"fr_FR","og_type":"article","og_title":"Conf\u00e9rence 2023 Robert Schuman de l\u2019Universit\u00e9 du Luxembourg : L\u2019Europe \u00e0 l\u2019heure des d\u00e9fis : r\u00e9alit\u00e9s et perspectives avec M. Jean-Claude Juncker","og_description":"L\u2019Europe Direct de l\u2019Universit\u00e9 du Luxembourg et la Ville d\u2019Esch ensemble avec leurs partenaires&nbsp; \u2013&nbsp;l\u2019Universit\u00e9 du Luxembourg, le Luxembourg","og_url":"https:\/\/www.uni.lu\/fr\/news\/l-europe-a-l-heure-des-defis-realites-et-perspectives-avec-jean-claude-juncker\/","og_site_name":"UNI FR","article_publisher":"https:\/\/www.facebook.com\/uni.lu","article_modified_time":"2024-10-08T13:59:50+00:00","og_image":[{"width":2560,"height":1707,"url":"https:\/\/www.uni.lu\/wp-content\/uploads\/sites\/11\/2023\/07\/8.-Les-propos-de-lorateur-invite-M.Jean-Claude-Juncker-ont-ete-suivis-avec-grand-interet-scaled.jpg","type":"image\/jpeg"}],"twitter_card":"summary_large_image","twitter_misc":{"Dur\u00e9e de lecture estim\u00e9e":"2 minutes"},"schema":{"@context":"https:\/\/schema.org","@graph":[{"@type":"NewsArticle","@id":"https:\/\/www.uni.lu\/fr\/news\/l-europe-a-l-heure-des-defis-realites-et-perspectives-avec-jean-claude-juncker\/#article","isPartOf":{"@id":"https:\/\/www.uni.lu\/fr\/news\/l-europe-a-l-heure-des-defis-realites-et-perspectives-avec-jean-claude-juncker\/"},"author":{"name":"mchristen","@id":"https:\/\/www.uni.lu\/fr\/#\/schema\/person\/c438f03d51b691a88d09778fc4b1e214"},"headline":"Conf\u00e9rence 2023 Robert Schuman de l\u2019Universit\u00e9 du Luxembourg : L\u2019Europe \u00e0 l\u2019heure des d\u00e9fis : r\u00e9alit\u00e9s et perspectives avec M. Jean-Claude Juncker","datePublished":"2023-07-07T08:44:00+00:00","dateModified":"2024-10-08T13:59:50+00:00","mainEntityOfPage":{"@id":"https:\/\/www.uni.lu\/fr\/news\/l-europe-a-l-heure-des-defis-realites-et-perspectives-avec-jean-claude-juncker\/"},"wordCount":443,"publisher":{"@id":"https:\/\/www.uni.lu\/fr\/#organization"},"image":{"@id":"https:\/\/www.uni.lu\/fr\/news\/l-europe-a-l-heure-des-defis-realites-et-perspectives-avec-jean-claude-juncker\/#primaryimage"},"thumbnailUrl":"https:\/\/www.uni.lu\/wp-content\/uploads\/sites\/11\/2023\/07\/8.-Les-propos-de-lorateur-invite-M.Jean-Claude-Juncker-ont-ete-suivis-avec-grand-interet-scaled.jpg","inLanguage":"fr-FR"},{"@type":"WebPage","@id":"https:\/\/www.uni.lu\/fr\/news\/l-europe-a-l-heure-des-defis-realites-et-perspectives-avec-jean-claude-juncker\/","url":"https:\/\/www.uni.lu\/fr\/news\/l-europe-a-l-heure-des-defis-realites-et-perspectives-avec-jean-claude-juncker\/","name":"Conf\u00e9rence 2023 Robert Schuman de l\u2019Universit\u00e9 du Luxembourg : L\u2019Europe \u00e0 l\u2019heure des d\u00e9fis : r\u00e9alit\u00e9s et perspectives avec M. Jean-Claude Juncker - Universit\u00e9 du Luxembourg","isPartOf":{"@id":"https:\/\/www.uni.lu\/fr\/#website"},"primaryImageOfPage":{"@id":"https:\/\/www.uni.lu\/fr\/news\/l-europe-a-l-heure-des-defis-realites-et-perspectives-avec-jean-claude-juncker\/#primaryimage"},"image":{"@id":"https:\/\/www.uni.lu\/fr\/news\/l-europe-a-l-heure-des-defis-realites-et-perspectives-avec-jean-claude-juncker\/#primaryimage"},"thumbnailUrl":"https:\/\/www.uni.lu\/wp-content\/uploads\/sites\/11\/2023\/07\/8.-Les-propos-de-lorateur-invite-M.Jean-Claude-Juncker-ont-ete-suivis-avec-grand-interet-scaled.jpg","datePublished":"2023-07-07T08:44:00+00:00","dateModified":"2024-10-08T13:59:50+00:00","description":"L\u2019Europe Direct de l\u2019Universit\u00e9 du Luxembourg et la Ville d\u2019Esch ensemble avec leurs partenaires&nbsp; \u2013&nbsp;l\u2019Universit\u00e9 du Luxembourg, le Luxembourg","breadcrumb":{"@id":"https:\/\/www.uni.lu\/fr\/news\/l-europe-a-l-heure-des-defis-realites-et-perspectives-avec-jean-claude-juncker\/#breadcrumb"},"inLanguage":"fr-FR","potentialAction":[{"@type":"ReadAction","target":["https:\/\/www.uni.lu\/fr\/news\/l-europe-a-l-heure-des-defis-realites-et-perspectives-avec-jean-claude-juncker\/"]}]},{"@type":"ImageObject","inLanguage":"fr-FR","@id":"https:\/\/www.uni.lu\/fr\/news\/l-europe-a-l-heure-des-defis-realites-et-perspectives-avec-jean-claude-juncker\/#primaryimage","url":"https:\/\/www.uni.lu\/wp-content\/uploads\/sites\/11\/2023\/07\/8.-Les-propos-de-lorateur-invite-M.Jean-Claude-Juncker-ont-ete-suivis-avec-grand-interet-scaled.jpg","contentUrl":"https:\/\/www.uni.lu\/wp-content\/uploads\/sites\/11\/2023\/07\/8.-Les-propos-de-lorateur-invite-M.Jean-Claude-Juncker-ont-ete-suivis-avec-grand-interet-scaled.jpg","width":2560,"height":1707,"caption":"Les propos de l'orateur-invit\u00e9, M.Jean-Claude Juncker, ont \u00e9t\u00e9 suivis avec grand int\u00e9r\u00eat"},{"@type":"BreadcrumbList","@id":"https:\/\/www.uni.lu\/fr\/news\/l-europe-a-l-heure-des-defis-realites-et-perspectives-avec-jean-claude-juncker\/#breadcrumb","itemListElement":[{"@type":"ListItem","position":1,"name":"Home","item":"https:\/\/www.uni.lu\/fr\/"},{"@type":"ListItem","position":2,"name":"News","item":"https:\/\/www.uni.lu\/fr\/news\/"},{"@type":"ListItem","position":3,"name":"Conf\u00e9rence 2023 Robert Schuman de l\u2019Universit\u00e9 du Luxembourg : L\u2019Europe \u00e0 l\u2019heure des d\u00e9fis : r\u00e9alit\u00e9s et perspectives avec M. Jean-Claude Juncker"}]},{"@type":"WebSite","@id":"https:\/\/www.uni.lu\/fr\/#website","url":"https:\/\/www.uni.lu\/fr\/","name":"Uni.lu","description":"Universit\u00e9 du Luxembourg","publisher":{"@id":"https:\/\/www.uni.lu\/fr\/#organization"},"alternateName":"Universit\u00e9 du Luxembourg","potentialAction":[{"@type":"SearchAction","target":{"@type":"EntryPoint","urlTemplate":"https:\/\/www.uni.lu\/fr\/?s={search_term_string}"},"query-input":"required name=search_term_string"}],"inLanguage":"fr-FR"},{"@type":"Organization","@id":"https:\/\/www.uni.lu\/fr\/#organization","name":"Universit\u00e9 du Luxembourg","alternateName":"Uni.lu","url":"https:\/\/www.uni.lu\/fr\/","logo":{"@type":"ImageObject","inLanguage":"fr-FR","@id":"https:\/\/www.uni.lu\/fr\/#\/schema\/logo\/image\/","url":"https:\/\/www.uni.lu\/wp-content\/uploads\/sites\/11\/2026\/03\/03120045\/UNIV_SM-Profile_1600x1600px-scaled.jpg","contentUrl":"https:\/\/www.uni.lu\/wp-content\/uploads\/sites\/11\/2026\/03\/03120045\/UNIV_SM-Profile_1600x1600px-scaled.jpg","width":2560,"height":2560,"caption":"Universit\u00e9 du Luxembourg"},"image":"https:\/\/www.uni.lu\/wp-content\/uploads\/sites\/11\/2026\/04\/24120552\/20200609-Belval-Campus_Henri-Goergen-23.jpg","sameAs":["https:\/\/www.facebook.com\/uni.lu","https:\/\/www.linkedin.com\/school\/university-of-luxembourg\/","https:\/\/www.instagram.com\/uni.lu","https:\/\/www.youtube.com\/@uni_lu","https:\/\/en.wikipedia.org\/wiki\/University_of_Luxembourg"],"email":"communication@uni.lu","telephone":"+352 46 66 44 1","address":{"@type":"PostalAddress","streetAddress":"2, place de l\u2019Universit\u00e9","addressLocality":"Esch-sur-Alzette","postalCode":"4365","addressCountry":"LU"},"description":"Universit\u00e9 du Luxembourg"},{"@type":"Person","@id":"https:\/\/www.uni.lu\/fr\/#\/schema\/person\/c438f03d51b691a88d09778fc4b1e214","name":"mchristen","image":{"@type":"ImageObject","inLanguage":"fr-FR","@id":"https:\/\/www.uni.lu\/fr\/#\/schema\/person\/image\/","url":"https:\/\/secure.gravatar.com\/avatar\/16d82684b572872e8e543a3c7bfe637a?s=96&d=mm&r=g","contentUrl":"https:\/\/secure.gravatar.com\/avatar\/16d82684b572872e8e543a3c7bfe637a?s=96&d=mm&r=g","caption":"mchristen"}}]}},"blog_id":11,"_links":{"self":[{"href":"https:\/\/www.uni.lu\/fr\/wp-json\/wp\/v2\/news\/4471"}],"collection":[{"href":"https:\/\/www.uni.lu\/fr\/wp-json\/wp\/v2\/news"}],"about":[{"href":"https:\/\/www.uni.lu\/fr\/wp-json\/wp\/v2\/types\/news"}],"author":[{"embeddable":true,"href":"https:\/\/www.uni.lu\/fr\/wp-json\/wp\/v2\/users\/33"}],"version-history":[{"count":5,"href":"https:\/\/www.uni.lu\/fr\/wp-json\/wp\/v2\/news\/4471\/revisions"}],"predecessor-version":[{"id":13160,"href":"https:\/\/www.uni.lu\/fr\/wp-json\/wp\/v2\/news\/4471\/revisions\/13160"}],"wp:authorship":[{"embeddable":true,"href":"https:\/\/www.uni.lu\/fr\/wp-json\/wp\/v2\/users\/33"},{"embeddable":true,"href":"https:\/\/www.uni.lu\/fr\/wp-json\/wp\/v2\/users\/327"},{"embeddable":true,"href":"https:\/\/www.uni.lu\/fr\/wp-json\/wp\/v2\/users\/292"}],"wp:featuredmedia":[{"embeddable":true,"href":"https:\/\/www.uni.lu\/fr\/wp-json\/wp\/v2\/media\/4508"}],"wp:attachment":[{"href":"https:\/\/www.uni.lu\/fr\/wp-json\/wp\/v2\/media?parent=4471"}],"wp:term":[{"taxonomy":"news-category","embeddable":true,"href":"https:\/\/www.uni.lu\/fr\/wp-json\/wp\/v2\/news-category?post=4471"},{"taxonomy":"news-topic","embeddable":true,"href":"https:\/\/www.uni.lu\/fr\/wp-json\/wp\/v2\/news-topic?post=4471"},{"taxonomy":"organisation","embeddable":true,"href":"https:\/\/www.uni.lu\/fr\/wp-json\/wp\/v2\/organisation?post=4471"}],"curies":[{"name":"wp","href":"https:\/\/api.w.org\/{rel}","templated":true}]}}