{"id":4448,"date":"2023-07-23T10:29:00","date_gmt":"2023-07-23T08:29:00","guid":{"rendered":"https:\/\/www.uni.lu\/fr\/?post_type=news&#038;p=4448"},"modified":"2024-10-08T15:59:09","modified_gmt":"2024-10-08T13:59:09","slug":"la-specque-2023-une-semaine-de-simulation-parlementaire-euro-canadienne","status":"publish","type":"news","link":"https:\/\/www.uni.lu\/fr\/news\/la-specque-2023-une-semaine-de-simulation-parlementaire-euro-canadienne\/","title":{"rendered":"La SPECQUE 2023 : une semaine de simulation parlementaire euro-canadienne"},"content":{"rendered":"\n<section class=\"wp-block-unilux-blocks-free-section section\"><div class=\"container xl:max-w-screen-xl\">\n<p>L&rsquo;Europe Direct Universit\u00e9 du Luxembourg a \u00e9t\u00e9 un partenaire de la <a href=\"https:\/\/specque.org\/\" target=\"_blank\" rel=\"noreferrer noopener\">25e \u00e9dition de la Simulation du Parlement Europ\u00e9en Canada-Qu\u00e9bec-Europe (SPECQUE)<\/a>, qui s&rsquo;est d\u00e9roul\u00e9e du 23 au 30 juillet 2023 \u00e0 Luxembourg.<\/p>\n\n\n\n<p>Cette simulation francophone des institutions europ\u00e9ennes a r\u00e9uni pr\u00e8s de 200 \u00e9tudiantes et \u00e9tudiants, jeunes actifs et jeunes actives de toute la francophonie. Les participants ont incarn\u00e9 les diff\u00e9rents acteurs du Parlement europ\u00e9en, de la Commission europ\u00e9enne, du Conseil de l&rsquo;Union europ\u00e9enne et de la sph\u00e8re europ\u00e9enne pendant une semaine. Ils ont d\u00e9battu, n\u00e9goci\u00e9 et travaill\u00e9 sur trois textes l\u00e9gislatifs portant sur la politique europ\u00e9enne de voisinage, les partenariats commerciaux de l&rsquo;Union europ\u00e9enne et l&rsquo;accueil des populations nomades.<\/p>\n\n\n\n<p>La SPECQUE est une exp\u00e9rience unique qui permet aux jeunes de d\u00e9couvrir le fonctionnement des institutions europ\u00e9ennes et de d\u00e9velopper leurs comp\u00e9tences en communication, en n\u00e9gociation et en r\u00e9solution de conflits. Elle est \u00e9galement un excellent moyen de rencontrer des jeunes de toute la francophonie et de cr\u00e9er des liens durables.<\/p>\n\n\n\n<ul class=\"wp-block-unilux-blocks-custom-buttons btn-list justify-center\"><li class=\"wp-block-unilux-blocks-custom-button\"    aria-disabled=\"false\"\n    >\n    <a\n        role=\"link\"\n        aria-disabled=\"false\"\n                    href=\"https:\/\/specque.org\/nos-partenaires\/\"\n                target=\"_blank\"\n        class=\"btn btn--secondary\"\n            >Rapport annuel du Specque<\/a>\n<\/li>\n<\/ul>\n\n\n<div class=\"wp-block-unilux-blocks-spacer is-spacer-size-sm\"><\/div>\n\n\n<h3 class=\"has-text-align-left wp-block-unilux-blocks-heading\"        id=\"consortium-eci-initiative\"\n    >\n<strong>consortium ECI Initiative<\/strong><\/h3>\n\n\n\n<div class=\"wp-block-columns is-layout-flex wp-block-columns-is-layout-flex\">\n<div class=\"wp-block-column is-layout-flow wp-block-column-is-layout-flow\"><div class=\"thumbnail  wp-block-unilux-blocks-thumbnail-video\">\n    <div class=\"card bg-theme p-0\">\n        <div class=\"card__container p-0\">\n            <div class=\"card__body p-0\">\n                <iframe \n            src=\"https:\/\/www.youtube.com\/embed\/9_g5-4_IaWU\" \n            title=\"YouTube video player\" frameborder=\"0\" \n            allow=\"accelerometer; autoplay; clipboard-write; encrypted-media; gyroscope; picture-in-picture; web-share\" referrerpolicy=\"strict-origin-when-cross-origin\" \n            style=\"object-position: 50% 50%; aspect-ratio: 16\/9; object-fit: cover; width: 100%;\"\n            allowfullscreen data-cookieconsent=\"ignore\">\n            <\/iframe>                            <\/div>\n        <\/div>\n    <\/div>\n<\/div>\n<\/div>\n\n\n\n<div class=\"wp-block-column is-layout-flow wp-block-column-is-layout-flow\"><\/div>\n<\/div>\n\n\n<div class=\"wp-block-unilux-blocks-spacer is-spacer-size-sm\"><\/div>\n\n\n<h3 class=\"has-text-align-left wp-block-unilux-blocks-heading\"        id=\"galerie\"\n    >\nGalerie<\/h3>\n\n\n\n<section class=\"alignfull wp-block-unilux-blocks-gallery-carousel\">\n    <div class=\"swiper swiper-gallery\" aria-roledescription=\"carousel\" aria-label=\"A gallery of images\">\n        <!-- Swiper button Next & Prev -->\n        <div class=\"swiper-nav\">\n            <div class=\"swiper-nav__container\">\n                <div class=\"swiper-nav__grid\">\n                    <button type=\"button\" class=\"swiper-button-next\">\n                        <svg aria-hidden=\"true\" focusable=\"false\" class=\"icon icon-outline icon--arrow-right \"><use xlink:href=\"https:\/\/www.uni.lu\/wp-content\/themes\/unilux-theme\/assets\/images\/icons\/icons-outline.svg#icon--arrow-right\"><\/use><\/svg>                    <\/button>\n                    <button type=\"button\" class=\"swiper-button-prev\">\n                        <svg aria-hidden=\"true\" focusable=\"false\" class=\"icon icon-outline icon--arrow-left \"><use xlink:href=\"https:\/\/www.uni.lu\/wp-content\/themes\/unilux-theme\/assets\/images\/icons\/icons-outline.svg#icon--arrow-left\"><\/use><\/svg>                    <\/button>\n                <\/div>\n            <\/div>\n        <\/div>\n\n        <!-- swiper slides -->\n        <ul class=\"swiper-wrapper\">\n            \n<li class=\"swiper-slide\" aria-roledescription=\"slide\">\n    <figure class=\"wp-block-dev4-reusable-blocks-image swiper-slide__bg object-fit--cover\">\n    \n<img decoding=\"async\" class=\"wp-block-image unilux-custom-image-block\"\n                alt=\"\"\n            src=\"https:\/\/www.uni.lu\/wp-content\/uploads\/sites\/11\/2023\/11\/362415758_303072085618163_8979495018851222419_n-scaled.jpg\"\n                srcset=\"https:\/\/www.uni.lu\/wp-content\/uploads\/sites\/11\/2023\/11\/362415758_303072085618163_8979495018851222419_n-200x300.jpg 200w, https:\/\/www.uni.lu\/wp-content\/uploads\/sites\/11\/2023\/11\/362415758_303072085618163_8979495018851222419_n-683x1024.jpg 683w, https:\/\/www.uni.lu\/wp-content\/uploads\/sites\/11\/2023\/11\/362415758_303072085618163_8979495018851222419_n-768x1152.jpg 768w, https:\/\/www.uni.lu\/wp-content\/uploads\/sites\/11\/2023\/11\/362415758_303072085618163_8979495018851222419_n-1024x1536.jpg 1024w, https:\/\/www.uni.lu\/wp-content\/uploads\/sites\/11\/2023\/11\/362415758_303072085618163_8979495018851222419_n-1365x2048.jpg 1365w, https:\/\/www.uni.lu\/wp-content\/uploads\/sites\/11\/2023\/11\/362415758_303072085618163_8979495018851222419_n-scaled.jpg 1706w\"\n                style=\"object-position: 68.00% 30.00%; font-family: &quot;object-fit: cover; object-position: 68.00% 30.00%;&quot;; aspect-ratio: 16\/9; object-fit: cover; width: 100%;\"\n        loading=\"lazy\"\n\/>            <p class=\"wp-block-dev4-reusable-blocks-image-caption\">\n            Ouverture de la simulation         <\/p>\n    <\/figure><\/li>\n<li class=\"swiper-slide\" aria-roledescription=\"slide\">\n    <figure class=\"wp-block-dev4-reusable-blocks-image swiper-slide__bg object-fit--cover\">\n    \n<img decoding=\"async\" class=\"wp-block-image unilux-custom-image-block\"\n                alt=\"\"\n            src=\"https:\/\/www.uni.lu\/wp-content\/uploads\/sites\/11\/2023\/11\/362440716_306138931759056_5536901379312106639_n-scaled.jpg\"\n                srcset=\"https:\/\/www.uni.lu\/wp-content\/uploads\/sites\/11\/2023\/11\/362440716_306138931759056_5536901379312106639_n-300x200.jpg 300w, https:\/\/www.uni.lu\/wp-content\/uploads\/sites\/11\/2023\/11\/362440716_306138931759056_5536901379312106639_n-1024x683.jpg 1024w, https:\/\/www.uni.lu\/wp-content\/uploads\/sites\/11\/2023\/11\/362440716_306138931759056_5536901379312106639_n-768x512.jpg 768w, https:\/\/www.uni.lu\/wp-content\/uploads\/sites\/11\/2023\/11\/362440716_306138931759056_5536901379312106639_n-1536x1024.jpg 1536w, https:\/\/www.uni.lu\/wp-content\/uploads\/sites\/11\/2023\/11\/362440716_306138931759056_5536901379312106639_n-2048x1365.jpg 2048w\"\n                style=\"object-position: 56.00% 33.00%; font-family: &quot;object-fit: cover; object-position: 56.00% 33.00%;&quot;; aspect-ratio: 16\/9; object-fit: cover; width: 100%;\"\n        loading=\"lazy\"\n\/>            <p class=\"wp-block-dev4-reusable-blocks-image-caption\">\n            Ouverture de la simulation         <\/p>\n    <\/figure><\/li>\n<li class=\"swiper-slide\" aria-roledescription=\"slide\">\n    <figure class=\"wp-block-dev4-reusable-blocks-image swiper-slide__bg object-fit--cover\">\n    \n<img decoding=\"async\" class=\"wp-block-image unilux-custom-image-block\"\n                alt=\"\"\n            src=\"https:\/\/www.uni.lu\/wp-content\/uploads\/sites\/11\/2023\/11\/362482108_291868523398707_3246128587537762630_n-scaled.jpg\"\n                srcset=\"https:\/\/www.uni.lu\/wp-content\/uploads\/sites\/11\/2023\/11\/362482108_291868523398707_3246128587537762630_n-300x200.jpg 300w, https:\/\/www.uni.lu\/wp-content\/uploads\/sites\/11\/2023\/11\/362482108_291868523398707_3246128587537762630_n-1024x683.jpg 1024w, https:\/\/www.uni.lu\/wp-content\/uploads\/sites\/11\/2023\/11\/362482108_291868523398707_3246128587537762630_n-768x512.jpg 768w, https:\/\/www.uni.lu\/wp-content\/uploads\/sites\/11\/2023\/11\/362482108_291868523398707_3246128587537762630_n-1536x1024.jpg 1536w, https:\/\/www.uni.lu\/wp-content\/uploads\/sites\/11\/2023\/11\/362482108_291868523398707_3246128587537762630_n-2048x1365.jpg 2048w\"\n                style=\"object-position: 50.00% 50.00%; font-family: &quot;object-fit: cover; object-position: 50.00% 50.00%;&quot;; aspect-ratio: 16\/9; object-fit: cover; width: 100%;\"\n        loading=\"lazy\"\n\/>            <p class=\"wp-block-dev4-reusable-blocks-image-caption\">\n            \u00c9changes et d\u00e9bat dans les Commissions        <\/p>\n    <\/figure><\/li>\n<li class=\"swiper-slide\" aria-roledescription=\"slide\">\n    <figure class=\"wp-block-dev4-reusable-blocks-image swiper-slide__bg object-fit--cover\">\n    \n<img decoding=\"async\" class=\"wp-block-image unilux-custom-image-block\"\n                alt=\"\"\n            src=\"https:\/\/www.uni.lu\/wp-content\/uploads\/sites\/11\/2023\/11\/IMG-20230725-WA0008.jpg\"\n                srcset=\"https:\/\/www.uni.lu\/wp-content\/uploads\/sites\/11\/2023\/11\/IMG-20230725-WA0008-200x300.jpg 200w, https:\/\/www.uni.lu\/wp-content\/uploads\/sites\/11\/2023\/11\/IMG-20230725-WA0008.jpg 683w\"\n                style=\"object-position: 52.00% 37.00%; font-family: &quot;object-fit: cover; object-position: 52.00% 37.00%;&quot;; aspect-ratio: 16\/9; object-fit: cover; width: 100%;\"\n        loading=\"lazy\"\n\/>            <p class=\"wp-block-dev4-reusable-blocks-image-caption\">\n            \u00c9changes et d\u00e9bats dans les Commissions        <\/p>\n    <\/figure><\/li>\n<li class=\"swiper-slide\" aria-roledescription=\"slide\">\n    <figure class=\"wp-block-dev4-reusable-blocks-image swiper-slide__bg object-fit--cover\">\n    \n<img decoding=\"async\" class=\"wp-block-image unilux-custom-image-block\"\n                alt=\"\"\n            src=\"https:\/\/www.uni.lu\/wp-content\/uploads\/sites\/11\/2023\/11\/IMG-20230725-WA0009.jpg\"\n                srcset=\"https:\/\/www.uni.lu\/wp-content\/uploads\/sites\/11\/2023\/11\/IMG-20230725-WA0009-200x300.jpg 200w, https:\/\/www.uni.lu\/wp-content\/uploads\/sites\/11\/2023\/11\/IMG-20230725-WA0009.jpg 683w\"\n                style=\"object-position: 57.00% 45.00%; font-family: &quot;object-fit: cover; object-position: 57.00% 45.00%;&quot;; aspect-ratio: 16\/9; object-fit: cover; width: 100%;\"\n        loading=\"lazy\"\n\/>            <p class=\"wp-block-dev4-reusable-blocks-image-caption\">\n            \u00c9changes et d\u00e9bats dans les Commissions        <\/p>\n    <\/figure><\/li>\n<li class=\"swiper-slide\" aria-roledescription=\"slide\">\n    <figure class=\"wp-block-dev4-reusable-blocks-image swiper-slide__bg object-fit--cover\">\n    \n<img decoding=\"async\" class=\"wp-block-image unilux-custom-image-block\"\n                alt=\"\"\n            src=\"https:\/\/www.uni.lu\/wp-content\/uploads\/sites\/11\/2023\/11\/IMG-20230725-WA0010.jpg\"\n                srcset=\"https:\/\/www.uni.lu\/wp-content\/uploads\/sites\/11\/2023\/11\/IMG-20230725-WA0010-200x300.jpg 200w, https:\/\/www.uni.lu\/wp-content\/uploads\/sites\/11\/2023\/11\/IMG-20230725-WA0010.jpg 683w\"\n                style=\"object-position: 50.00% 50.00%; font-family: &quot;object-fit: cover; object-position: 50.00% 50.00%;&quot;; aspect-ratio: 16\/9; object-fit: cover; width: 100%;\"\n        loading=\"lazy\"\n\/>            <p class=\"wp-block-dev4-reusable-blocks-image-caption\">\n            \u00c9changes et d\u00e9bats dans les Commissions        <\/p>\n    <\/figure><\/li>\n<li class=\"swiper-slide\" aria-roledescription=\"slide\">\n    <figure class=\"wp-block-dev4-reusable-blocks-image swiper-slide__bg object-fit--cover\">\n    \n<img decoding=\"async\" class=\"wp-block-image unilux-custom-image-block\"\n                alt=\"\"\n            src=\"https:\/\/www.uni.lu\/wp-content\/uploads\/sites\/11\/2023\/11\/IMG-20230725-WA0011-002.jpg\"\n                srcset=\"https:\/\/www.uni.lu\/wp-content\/uploads\/sites\/11\/2023\/11\/IMG-20230725-WA0011-002-200x300.jpg 200w, https:\/\/www.uni.lu\/wp-content\/uploads\/sites\/11\/2023\/11\/IMG-20230725-WA0011-002.jpg 683w\"\n                style=\"object-position: 51.00% 46.00%; font-family: &quot;object-fit: cover; object-position: 51.00% 46.00%;&quot;; aspect-ratio: 16\/9; object-fit: cover; width: 100%;\"\n        loading=\"lazy\"\n\/>            <p class=\"wp-block-dev4-reusable-blocks-image-caption\">\n            Les participants \u00e0 la SPECQUE 2023 d\u00e9battent et n\u00e9gocient des textes l\u00e9gislatifs sur des sujets d&rsquo;actualit\u00e9.        <\/p>\n    <\/figure><\/li>\n<li class=\"swiper-slide\" aria-roledescription=\"slide\">\n    <figure class=\"wp-block-dev4-reusable-blocks-image swiper-slide__bg object-fit--cover\">\n    \n<img decoding=\"async\" class=\"wp-block-image unilux-custom-image-block\"\n                alt=\"\"\n            src=\"https:\/\/www.uni.lu\/wp-content\/uploads\/sites\/11\/2023\/11\/IMG-20230725-WA0013-002.jpg\"\n                srcset=\"https:\/\/www.uni.lu\/wp-content\/uploads\/sites\/11\/2023\/11\/IMG-20230725-WA0013-002-300x200.jpg 300w, https:\/\/www.uni.lu\/wp-content\/uploads\/sites\/11\/2023\/11\/IMG-20230725-WA0013-002-768x512.jpg 768w, https:\/\/www.uni.lu\/wp-content\/uploads\/sites\/11\/2023\/11\/IMG-20230725-WA0013-002.jpg 1024w\"\n                style=\"object-position: 50.00% 50.00%; font-family: &quot;object-fit: cover; object-position: 50.00% 50.00%;&quot;; aspect-ratio: 16\/9; object-fit: cover; width: 100%;\"\n        loading=\"lazy\"\n\/>            <p class=\"wp-block-dev4-reusable-blocks-image-caption\">\n            Les participants \u00e0 la SPECQUE 2023 d\u00e9battent et n\u00e9gocient des textes l\u00e9gislatifs sur des sujets d&rsquo;actualit\u00e9.        <\/p>\n    <\/figure><\/li>\n<li class=\"swiper-slide\" aria-roledescription=\"slide\">\n    <figure class=\"wp-block-dev4-reusable-blocks-image swiper-slide__bg object-fit--cover\">\n    \n<img decoding=\"async\" class=\"wp-block-image unilux-custom-image-block\"\n                alt=\"\"\n            src=\"https:\/\/www.uni.lu\/wp-content\/uploads\/sites\/11\/2023\/11\/IMG-20230725-WA0018-002.jpg\"\n                srcset=\"https:\/\/www.uni.lu\/wp-content\/uploads\/sites\/11\/2023\/11\/IMG-20230725-WA0018-002-300x200.jpg 300w, https:\/\/www.uni.lu\/wp-content\/uploads\/sites\/11\/2023\/11\/IMG-20230725-WA0018-002-768x512.jpg 768w, https:\/\/www.uni.lu\/wp-content\/uploads\/sites\/11\/2023\/11\/IMG-20230725-WA0018-002.jpg 1024w\"\n                style=\"object-position: 52.00% 26.00%; font-family: &quot;object-fit: cover; object-position: 52.00% 26.00%;&quot;; aspect-ratio: 16\/9; object-fit: cover; width: 100%;\"\n        loading=\"lazy\"\n\/>            <p class=\"wp-block-dev4-reusable-blocks-image-caption\">\n            \u00ab\u00a0Les repr\u00e9sentants des diff\u00e9rents groupes politiques n\u00e9gocient un compromis sur un partenariat commercial entre l&rsquo;Union europ\u00e9enne et le Canada.\u00a0\u00bb        <\/p>\n    <\/figure><\/li>\n<li class=\"swiper-slide\" aria-roledescription=\"slide\">\n    <figure class=\"wp-block-dev4-reusable-blocks-image swiper-slide__bg object-fit--cover\">\n    \n<img decoding=\"async\" class=\"wp-block-image unilux-custom-image-block\"\n                alt=\"\"\n            src=\"https:\/\/www.uni.lu\/wp-content\/uploads\/sites\/11\/2023\/11\/IMG-20230725-WA0021-002.jpg\"\n                srcset=\"https:\/\/www.uni.lu\/wp-content\/uploads\/sites\/11\/2023\/11\/IMG-20230725-WA0021-002-200x300.jpg 200w, https:\/\/www.uni.lu\/wp-content\/uploads\/sites\/11\/2023\/11\/IMG-20230725-WA0021-002.jpg 683w\"\n                style=\"object-position: 48.00% 34.00%; font-family: &quot;object-fit: cover; object-position: 48.00% 34.00%;&quot;; aspect-ratio: 16\/9; object-fit: cover; width: 100%;\"\n        loading=\"lazy\"\n\/>            <p class=\"wp-block-dev4-reusable-blocks-image-caption\">\n            \u00ab\u00a0Les repr\u00e9sentants des diff\u00e9rents groupes politiques n\u00e9gocient un compromis sur un partenariat commercial entre l&rsquo;Union europ\u00e9enne et le Canada.\u00a0\u00bb        <\/p>\n    <\/figure><\/li>        <\/ul>\n\n        <!-- Swiper pagination -->\n        <div class=\"swiper-pagination\">\n            <div class=\"swiper-pagination__bullets\"><\/div>\n        <\/div>\n    <\/div>\n<\/section>\n\n\n<p>\u00a9Specque<\/p>\n<\/div><\/section>\n","protected":false},"excerpt":{"rendered":"","protected":false},"author":292,"featured_media":4453,"template":"","format":"standard","meta":{"featured_image_focal_point":[],"show_featured_caption":false,"ulux_newsletter_groups":"","uluxPostTitle":"","uluxPrePostTitle":"","_trash_the_other_posts":false,"_price":"","_stock":"","_tribe_ticket_header":"","_tribe_default_ticket_provider":"","_tribe_ticket_capacity":"0","_ticket_start_date":"","_ticket_end_date":"","_tribe_ticket_show_description":"","_tribe_ticket_show_not_going":false,"_tribe_ticket_use_global_stock":"","_tribe_ticket_global_stock_level":"","_global_stock_mode":"","_global_stock_cap":"","_tribe_rsvp_for_event":"","_tribe_ticket_going_count":"","_tribe_ticket_not_going_count":"","_tribe_tickets_list":"[]","_tribe_ticket_has_attendee_info_fields":false},"news-category":[],"news-topic":[],"organisation":[297],"authorship":[292,327],"acf":[],"yoast_head":"<!-- This site is optimized with the Yoast SEO Premium plugin v22.3 (Yoast SEO v22.3) - https:\/\/yoast.com\/wordpress\/plugins\/seo\/ -->\n<title>La SPECQUE 2023 : une semaine de simulation parlementaire euro-canadienne - Universit\u00e9 du Luxembourg<\/title>\n<meta name=\"description\" content=\"L&#039;Europe Direct Universit\u00e9 du Luxembourg a \u00e9t\u00e9 un partenaire de la 25e \u00e9dition de la Simulation du Parlement Europ\u00e9en Canada-Qu\u00e9bec-Europe (SPECQUE), qui\" \/>\n<meta name=\"robots\" content=\"index, follow, max-snippet:-1, max-image-preview:large, max-video-preview:-1\" \/>\n<link rel=\"canonical\" href=\"https:\/\/www.uni.lu\/fr\/news\/la-specque-2023-une-semaine-de-simulation-parlementaire-euro-canadienne\/\" \/>\n<meta property=\"og:locale\" content=\"fr_FR\" \/>\n<meta property=\"og:type\" content=\"article\" \/>\n<meta property=\"og:title\" content=\"La SPECQUE 2023 : une semaine de simulation parlementaire euro-canadienne\" \/>\n<meta property=\"og:description\" content=\"L&#039;Europe Direct Universit\u00e9 du Luxembourg a \u00e9t\u00e9 un partenaire de la 25e \u00e9dition de la Simulation du Parlement Europ\u00e9en Canada-Qu\u00e9bec-Europe (SPECQUE), qui\" \/>\n<meta property=\"og:url\" content=\"https:\/\/www.uni.lu\/fr\/news\/la-specque-2023-une-semaine-de-simulation-parlementaire-euro-canadienne\/\" \/>\n<meta property=\"og:site_name\" content=\"UNI FR\" \/>\n<meta property=\"article:publisher\" content=\"https:\/\/www.facebook.com\/uni.lu\" \/>\n<meta property=\"article:modified_time\" content=\"2024-10-08T13:59:09+00:00\" \/>\n<meta property=\"og:image\" content=\"https:\/\/www.uni.lu\/wp-content\/uploads\/sites\/11\/2023\/11\/362482108_291868523398707_3246128587537762630_n-scaled.jpg\" \/>\n\t<meta property=\"og:image:width\" content=\"2560\" \/>\n\t<meta property=\"og:image:height\" content=\"1706\" \/>\n\t<meta property=\"og:image:type\" content=\"image\/jpeg\" \/>\n<meta name=\"twitter:card\" content=\"summary_large_image\" \/>\n<meta name=\"twitter:label1\" content=\"Dur\u00e9e de lecture estim\u00e9e\" \/>\n\t<meta name=\"twitter:data1\" content=\"2 minutes\" \/>\n<script type=\"application\/ld+json\" class=\"yoast-schema-graph\">{\"@context\":\"https:\/\/schema.org\",\"@graph\":[{\"@type\":\"NewsArticle\",\"@id\":\"https:\/\/www.uni.lu\/fr\/news\/la-specque-2023-une-semaine-de-simulation-parlementaire-euro-canadienne\/#article\",\"isPartOf\":{\"@id\":\"https:\/\/www.uni.lu\/fr\/news\/la-specque-2023-une-semaine-de-simulation-parlementaire-euro-canadienne\/\"},\"author\":{\"name\":\"lucacolling\",\"@id\":\"https:\/\/www.uni.lu\/fr\/#\/schema\/person\/cbcad1cf6b807d7f55d4e7e6c825d639\"},\"headline\":\"La SPECQUE 2023 : une semaine de simulation parlementaire euro-canadienne\",\"datePublished\":\"2023-07-23T08:29:00+00:00\",\"dateModified\":\"2024-10-08T13:59:09+00:00\",\"mainEntityOfPage\":{\"@id\":\"https:\/\/www.uni.lu\/fr\/news\/la-specque-2023-une-semaine-de-simulation-parlementaire-euro-canadienne\/\"},\"wordCount\":196,\"publisher\":{\"@id\":\"https:\/\/www.uni.lu\/fr\/#organization\"},\"image\":{\"@id\":\"https:\/\/www.uni.lu\/fr\/news\/la-specque-2023-une-semaine-de-simulation-parlementaire-euro-canadienne\/#primaryimage\"},\"thumbnailUrl\":\"https:\/\/www.uni.lu\/wp-content\/uploads\/sites\/11\/2023\/11\/362482108_291868523398707_3246128587537762630_n-scaled.jpg\",\"inLanguage\":\"fr-FR\"},{\"@type\":\"WebPage\",\"@id\":\"https:\/\/www.uni.lu\/fr\/news\/la-specque-2023-une-semaine-de-simulation-parlementaire-euro-canadienne\/\",\"url\":\"https:\/\/www.uni.lu\/fr\/news\/la-specque-2023-une-semaine-de-simulation-parlementaire-euro-canadienne\/\",\"name\":\"La SPECQUE 2023 : une semaine de simulation parlementaire euro-canadienne - Universit\u00e9 du Luxembourg\",\"isPartOf\":{\"@id\":\"https:\/\/www.uni.lu\/fr\/#website\"},\"primaryImageOfPage\":{\"@id\":\"https:\/\/www.uni.lu\/fr\/news\/la-specque-2023-une-semaine-de-simulation-parlementaire-euro-canadienne\/#primaryimage\"},\"image\":{\"@id\":\"https:\/\/www.uni.lu\/fr\/news\/la-specque-2023-une-semaine-de-simulation-parlementaire-euro-canadienne\/#primaryimage\"},\"thumbnailUrl\":\"https:\/\/www.uni.lu\/wp-content\/uploads\/sites\/11\/2023\/11\/362482108_291868523398707_3246128587537762630_n-scaled.jpg\",\"datePublished\":\"2023-07-23T08:29:00+00:00\",\"dateModified\":\"2024-10-08T13:59:09+00:00\",\"description\":\"L'Europe Direct Universit\u00e9 du Luxembourg a \u00e9t\u00e9 un partenaire de la 25e \u00e9dition de la Simulation du Parlement Europ\u00e9en Canada-Qu\u00e9bec-Europe (SPECQUE), qui\",\"breadcrumb\":{\"@id\":\"https:\/\/www.uni.lu\/fr\/news\/la-specque-2023-une-semaine-de-simulation-parlementaire-euro-canadienne\/#breadcrumb\"},\"inLanguage\":\"fr-FR\",\"potentialAction\":[{\"@type\":\"ReadAction\",\"target\":[\"https:\/\/www.uni.lu\/fr\/news\/la-specque-2023-une-semaine-de-simulation-parlementaire-euro-canadienne\/\"]}]},{\"@type\":\"ImageObject\",\"inLanguage\":\"fr-FR\",\"@id\":\"https:\/\/www.uni.lu\/fr\/news\/la-specque-2023-une-semaine-de-simulation-parlementaire-euro-canadienne\/#primaryimage\",\"url\":\"https:\/\/www.uni.lu\/wp-content\/uploads\/sites\/11\/2023\/11\/362482108_291868523398707_3246128587537762630_n-scaled.jpg\",\"contentUrl\":\"https:\/\/www.uni.lu\/wp-content\/uploads\/sites\/11\/2023\/11\/362482108_291868523398707_3246128587537762630_n-scaled.jpg\",\"width\":2560,\"height\":1706},{\"@type\":\"BreadcrumbList\",\"@id\":\"https:\/\/www.uni.lu\/fr\/news\/la-specque-2023-une-semaine-de-simulation-parlementaire-euro-canadienne\/#breadcrumb\",\"itemListElement\":[{\"@type\":\"ListItem\",\"position\":1,\"name\":\"Home\",\"item\":\"https:\/\/www.uni.lu\/fr\/\"},{\"@type\":\"ListItem\",\"position\":2,\"name\":\"News\",\"item\":\"https:\/\/www.uni.lu\/fr\/news\/\"},{\"@type\":\"ListItem\",\"position\":3,\"name\":\"La SPECQUE 2023 : une semaine de simulation parlementaire euro-canadienne\"}]},{\"@type\":\"WebSite\",\"@id\":\"https:\/\/www.uni.lu\/fr\/#website\",\"url\":\"https:\/\/www.uni.lu\/fr\/\",\"name\":\"Uni.lu\",\"description\":\"Universit\u00e9 du Luxembourg\",\"publisher\":{\"@id\":\"https:\/\/www.uni.lu\/fr\/#organization\"},\"alternateName\":\"Universit\u00e9 du Luxembourg\",\"potentialAction\":[{\"@type\":\"SearchAction\",\"target\":{\"@type\":\"EntryPoint\",\"urlTemplate\":\"https:\/\/www.uni.lu\/fr\/?s={search_term_string}\"},\"query-input\":\"required name=search_term_string\"}],\"inLanguage\":\"fr-FR\"},{\"@type\":\"Organization\",\"@id\":\"https:\/\/www.uni.lu\/fr\/#organization\",\"name\":\"Universit\u00e9 du Luxembourg\",\"alternateName\":\"Uni.lu\",\"url\":\"https:\/\/www.uni.lu\/fr\/\",\"logo\":{\"@type\":\"ImageObject\",\"inLanguage\":\"fr-FR\",\"@id\":\"https:\/\/www.uni.lu\/fr\/#\/schema\/logo\/image\/\",\"url\":\"https:\/\/www.uni.lu\/wp-content\/uploads\/sites\/11\/2026\/03\/03120045\/UNIV_SM-Profile_1600x1600px-scaled.jpg\",\"contentUrl\":\"https:\/\/www.uni.lu\/wp-content\/uploads\/sites\/11\/2026\/03\/03120045\/UNIV_SM-Profile_1600x1600px-scaled.jpg\",\"width\":2560,\"height\":2560,\"caption\":\"Universit\u00e9 du Luxembourg\"},\"image\":\"https:\/\/www.uni.lu\/wp-content\/uploads\/sites\/11\/2026\/04\/24120552\/20200609-Belval-Campus_Henri-Goergen-23.jpg\",\"sameAs\":[\"https:\/\/www.facebook.com\/uni.lu\",\"https:\/\/www.linkedin.com\/school\/university-of-luxembourg\/\",\"https:\/\/www.instagram.com\/uni.lu\",\"https:\/\/www.youtube.com\/@uni_lu\",\"https:\/\/en.wikipedia.org\/wiki\/University_of_Luxembourg\"],\"email\":\"communication@uni.lu\",\"telephone\":\"+352 46 66 44 1\",\"address\":{\"@type\":\"PostalAddress\",\"streetAddress\":\"2, place de l\u2019Universit\u00e9\",\"addressLocality\":\"Esch-sur-Alzette\",\"postalCode\":\"4365\",\"addressCountry\":\"LU\"},\"description\":\"Universit\u00e9 du Luxembourg\"},{\"@type\":\"Person\",\"@id\":\"https:\/\/www.uni.lu\/fr\/#\/schema\/person\/cbcad1cf6b807d7f55d4e7e6c825d639\",\"name\":\"lucacolling\",\"image\":{\"@type\":\"ImageObject\",\"inLanguage\":\"fr-FR\",\"@id\":\"https:\/\/www.uni.lu\/fr\/#\/schema\/person\/image\/\",\"url\":\"https:\/\/secure.gravatar.com\/avatar\/b916eb75bf84d37d345044c8508d388b?s=96&d=mm&r=g\",\"contentUrl\":\"https:\/\/secure.gravatar.com\/avatar\/b916eb75bf84d37d345044c8508d388b?s=96&d=mm&r=g\",\"caption\":\"lucacolling\"},\"worksFor\":\"Europe Direct University of Luxembourg\"}]}<\/script>\n<!-- \/ Yoast SEO Premium plugin. -->","yoast_head_json":{"title":"La SPECQUE 2023 : une semaine de simulation parlementaire euro-canadienne - Universit\u00e9 du Luxembourg","description":"L'Europe Direct Universit\u00e9 du Luxembourg a \u00e9t\u00e9 un partenaire de la 25e \u00e9dition de la Simulation du Parlement Europ\u00e9en Canada-Qu\u00e9bec-Europe (SPECQUE), qui","robots":{"index":"index","follow":"follow","max-snippet":"max-snippet:-1","max-image-preview":"max-image-preview:large","max-video-preview":"max-video-preview:-1"},"canonical":"https:\/\/www.uni.lu\/fr\/news\/la-specque-2023-une-semaine-de-simulation-parlementaire-euro-canadienne\/","og_locale":"fr_FR","og_type":"article","og_title":"La SPECQUE 2023 : une semaine de simulation parlementaire euro-canadienne","og_description":"L'Europe Direct Universit\u00e9 du Luxembourg a \u00e9t\u00e9 un partenaire de la 25e \u00e9dition de la Simulation du Parlement Europ\u00e9en Canada-Qu\u00e9bec-Europe (SPECQUE), qui","og_url":"https:\/\/www.uni.lu\/fr\/news\/la-specque-2023-une-semaine-de-simulation-parlementaire-euro-canadienne\/","og_site_name":"UNI FR","article_publisher":"https:\/\/www.facebook.com\/uni.lu","article_modified_time":"2024-10-08T13:59:09+00:00","og_image":[{"width":2560,"height":1706,"url":"https:\/\/www.uni.lu\/wp-content\/uploads\/sites\/11\/2023\/11\/362482108_291868523398707_3246128587537762630_n-scaled.jpg","type":"image\/jpeg"}],"twitter_card":"summary_large_image","twitter_misc":{"Dur\u00e9e de lecture estim\u00e9e":"2 minutes"},"schema":{"@context":"https:\/\/schema.org","@graph":[{"@type":"NewsArticle","@id":"https:\/\/www.uni.lu\/fr\/news\/la-specque-2023-une-semaine-de-simulation-parlementaire-euro-canadienne\/#article","isPartOf":{"@id":"https:\/\/www.uni.lu\/fr\/news\/la-specque-2023-une-semaine-de-simulation-parlementaire-euro-canadienne\/"},"author":{"name":"lucacolling","@id":"https:\/\/www.uni.lu\/fr\/#\/schema\/person\/cbcad1cf6b807d7f55d4e7e6c825d639"},"headline":"La SPECQUE 2023 : une semaine de simulation parlementaire euro-canadienne","datePublished":"2023-07-23T08:29:00+00:00","dateModified":"2024-10-08T13:59:09+00:00","mainEntityOfPage":{"@id":"https:\/\/www.uni.lu\/fr\/news\/la-specque-2023-une-semaine-de-simulation-parlementaire-euro-canadienne\/"},"wordCount":196,"publisher":{"@id":"https:\/\/www.uni.lu\/fr\/#organization"},"image":{"@id":"https:\/\/www.uni.lu\/fr\/news\/la-specque-2023-une-semaine-de-simulation-parlementaire-euro-canadienne\/#primaryimage"},"thumbnailUrl":"https:\/\/www.uni.lu\/wp-content\/uploads\/sites\/11\/2023\/11\/362482108_291868523398707_3246128587537762630_n-scaled.jpg","inLanguage":"fr-FR"},{"@type":"WebPage","@id":"https:\/\/www.uni.lu\/fr\/news\/la-specque-2023-une-semaine-de-simulation-parlementaire-euro-canadienne\/","url":"https:\/\/www.uni.lu\/fr\/news\/la-specque-2023-une-semaine-de-simulation-parlementaire-euro-canadienne\/","name":"La SPECQUE 2023 : une semaine de simulation parlementaire euro-canadienne - Universit\u00e9 du Luxembourg","isPartOf":{"@id":"https:\/\/www.uni.lu\/fr\/#website"},"primaryImageOfPage":{"@id":"https:\/\/www.uni.lu\/fr\/news\/la-specque-2023-une-semaine-de-simulation-parlementaire-euro-canadienne\/#primaryimage"},"image":{"@id":"https:\/\/www.uni.lu\/fr\/news\/la-specque-2023-une-semaine-de-simulation-parlementaire-euro-canadienne\/#primaryimage"},"thumbnailUrl":"https:\/\/www.uni.lu\/wp-content\/uploads\/sites\/11\/2023\/11\/362482108_291868523398707_3246128587537762630_n-scaled.jpg","datePublished":"2023-07-23T08:29:00+00:00","dateModified":"2024-10-08T13:59:09+00:00","description":"L'Europe Direct Universit\u00e9 du Luxembourg a \u00e9t\u00e9 un partenaire de la 25e \u00e9dition de la Simulation du Parlement Europ\u00e9en Canada-Qu\u00e9bec-Europe (SPECQUE), qui","breadcrumb":{"@id":"https:\/\/www.uni.lu\/fr\/news\/la-specque-2023-une-semaine-de-simulation-parlementaire-euro-canadienne\/#breadcrumb"},"inLanguage":"fr-FR","potentialAction":[{"@type":"ReadAction","target":["https:\/\/www.uni.lu\/fr\/news\/la-specque-2023-une-semaine-de-simulation-parlementaire-euro-canadienne\/"]}]},{"@type":"ImageObject","inLanguage":"fr-FR","@id":"https:\/\/www.uni.lu\/fr\/news\/la-specque-2023-une-semaine-de-simulation-parlementaire-euro-canadienne\/#primaryimage","url":"https:\/\/www.uni.lu\/wp-content\/uploads\/sites\/11\/2023\/11\/362482108_291868523398707_3246128587537762630_n-scaled.jpg","contentUrl":"https:\/\/www.uni.lu\/wp-content\/uploads\/sites\/11\/2023\/11\/362482108_291868523398707_3246128587537762630_n-scaled.jpg","width":2560,"height":1706},{"@type":"BreadcrumbList","@id":"https:\/\/www.uni.lu\/fr\/news\/la-specque-2023-une-semaine-de-simulation-parlementaire-euro-canadienne\/#breadcrumb","itemListElement":[{"@type":"ListItem","position":1,"name":"Home","item":"https:\/\/www.uni.lu\/fr\/"},{"@type":"ListItem","position":2,"name":"News","item":"https:\/\/www.uni.lu\/fr\/news\/"},{"@type":"ListItem","position":3,"name":"La SPECQUE 2023 : une semaine de simulation parlementaire euro-canadienne"}]},{"@type":"WebSite","@id":"https:\/\/www.uni.lu\/fr\/#website","url":"https:\/\/www.uni.lu\/fr\/","name":"Uni.lu","description":"Universit\u00e9 du Luxembourg","publisher":{"@id":"https:\/\/www.uni.lu\/fr\/#organization"},"alternateName":"Universit\u00e9 du Luxembourg","potentialAction":[{"@type":"SearchAction","target":{"@type":"EntryPoint","urlTemplate":"https:\/\/www.uni.lu\/fr\/?s={search_term_string}"},"query-input":"required name=search_term_string"}],"inLanguage":"fr-FR"},{"@type":"Organization","@id":"https:\/\/www.uni.lu\/fr\/#organization","name":"Universit\u00e9 du Luxembourg","alternateName":"Uni.lu","url":"https:\/\/www.uni.lu\/fr\/","logo":{"@type":"ImageObject","inLanguage":"fr-FR","@id":"https:\/\/www.uni.lu\/fr\/#\/schema\/logo\/image\/","url":"https:\/\/www.uni.lu\/wp-content\/uploads\/sites\/11\/2026\/03\/03120045\/UNIV_SM-Profile_1600x1600px-scaled.jpg","contentUrl":"https:\/\/www.uni.lu\/wp-content\/uploads\/sites\/11\/2026\/03\/03120045\/UNIV_SM-Profile_1600x1600px-scaled.jpg","width":2560,"height":2560,"caption":"Universit\u00e9 du Luxembourg"},"image":"https:\/\/www.uni.lu\/wp-content\/uploads\/sites\/11\/2026\/04\/24120552\/20200609-Belval-Campus_Henri-Goergen-23.jpg","sameAs":["https:\/\/www.facebook.com\/uni.lu","https:\/\/www.linkedin.com\/school\/university-of-luxembourg\/","https:\/\/www.instagram.com\/uni.lu","https:\/\/www.youtube.com\/@uni_lu","https:\/\/en.wikipedia.org\/wiki\/University_of_Luxembourg"],"email":"communication@uni.lu","telephone":"+352 46 66 44 1","address":{"@type":"PostalAddress","streetAddress":"2, place de l\u2019Universit\u00e9","addressLocality":"Esch-sur-Alzette","postalCode":"4365","addressCountry":"LU"},"description":"Universit\u00e9 du Luxembourg"},{"@type":"Person","@id":"https:\/\/www.uni.lu\/fr\/#\/schema\/person\/cbcad1cf6b807d7f55d4e7e6c825d639","name":"lucacolling","image":{"@type":"ImageObject","inLanguage":"fr-FR","@id":"https:\/\/www.uni.lu\/fr\/#\/schema\/person\/image\/","url":"https:\/\/secure.gravatar.com\/avatar\/b916eb75bf84d37d345044c8508d388b?s=96&d=mm&r=g","contentUrl":"https:\/\/secure.gravatar.com\/avatar\/b916eb75bf84d37d345044c8508d388b?s=96&d=mm&r=g","caption":"lucacolling"},"worksFor":"Europe Direct University of Luxembourg"}]}},"blog_id":11,"_links":{"self":[{"href":"https:\/\/www.uni.lu\/fr\/wp-json\/wp\/v2\/news\/4448"}],"collection":[{"href":"https:\/\/www.uni.lu\/fr\/wp-json\/wp\/v2\/news"}],"about":[{"href":"https:\/\/www.uni.lu\/fr\/wp-json\/wp\/v2\/types\/news"}],"author":[{"embeddable":true,"href":"https:\/\/www.uni.lu\/fr\/wp-json\/wp\/v2\/users\/292"}],"version-history":[{"count":5,"href":"https:\/\/www.uni.lu\/fr\/wp-json\/wp\/v2\/news\/4448\/revisions"}],"predecessor-version":[{"id":13161,"href":"https:\/\/www.uni.lu\/fr\/wp-json\/wp\/v2\/news\/4448\/revisions\/13161"}],"wp:authorship":[{"embeddable":true,"href":"https:\/\/www.uni.lu\/fr\/wp-json\/wp\/v2\/users\/292"},{"embeddable":true,"href":"https:\/\/www.uni.lu\/fr\/wp-json\/wp\/v2\/users\/327"}],"wp:featuredmedia":[{"embeddable":true,"href":"https:\/\/www.uni.lu\/fr\/wp-json\/wp\/v2\/media\/4453"}],"wp:attachment":[{"href":"https:\/\/www.uni.lu\/fr\/wp-json\/wp\/v2\/media?parent=4448"}],"wp:term":[{"taxonomy":"news-category","embeddable":true,"href":"https:\/\/www.uni.lu\/fr\/wp-json\/wp\/v2\/news-category?post=4448"},{"taxonomy":"news-topic","embeddable":true,"href":"https:\/\/www.uni.lu\/fr\/wp-json\/wp\/v2\/news-topic?post=4448"},{"taxonomy":"organisation","embeddable":true,"href":"https:\/\/www.uni.lu\/fr\/wp-json\/wp\/v2\/organisation?post=4448"}],"curies":[{"name":"wp","href":"https:\/\/api.w.org\/{rel}","templated":true}]}}