{"id":4327,"date":"2023-09-28T12:55:00","date_gmt":"2023-09-28T10:55:00","guid":{"rendered":"https:\/\/www.uni.lu\/fr\/?post_type=news&#038;p=4327"},"modified":"2024-10-08T15:57:14","modified_gmt":"2024-10-08T13:57:14","slug":"reunion-du-reseau-eu-network","status":"publish","type":"news","link":"https:\/\/www.uni.lu\/fr\/news\/reunion-du-reseau-eu-network\/","title":{"rendered":"R\u00e9union du r\u00e9seau EU-Network"},"content":{"rendered":"\n<section class=\"wp-block-unilux-blocks-free-section section\"><div class=\"container xl:max-w-screen-xl\">\n<p>\u00c0 l&rsquo;initiative de la <a href=\"https:\/\/luxembourg.representation.ec.europa.eu\/index_fr\" target=\"_blank\" rel=\"noreferrer noopener\"><strong>Repr\u00e9sentation de la Commission europ\u00e9enne de Luxembourg<\/strong><\/a>, le <strong>r\u00e9seau EU-Network<\/strong> s&rsquo;est r\u00e9uni le jeudi 28 septembre 2023. L&rsquo;Europe Direct Universit\u00e9 du Luxembourg a eu le plaisir de prendre part \u00e0 cette r\u00e9union.<\/p>\n\n\n\n<p>La r\u00e9union a port\u00e9 essentiellement sur <strong>les nouvelles priorit\u00e9s de la Commission europ\u00e9enne<\/strong> annonc\u00e9es par la Pr\u00e9sidente de la Commission europ\u00e9enne lors de son discours du 13 septembre dernier sur l&rsquo;\u00c9tat de l&rsquo;Union europ\u00e9enne ainsi que sur <strong>le SME RELIEF PACKAGE<\/strong>, le nouveau paquet de mesures \u0153uvr\u00e9 au niveau communautaire en faveur des PME.<\/p>\n\n\n\n<p>Dans ce cadre, une pr\u00e9sentation a \u00e9t\u00e9 \u00e9galement faite sur le r\u00e9seau europ\u00e9en de soutien aux entreprises \u00ab Enterprise Europe Network \u00bb qui, cette ann\u00e9e c\u00e9l\u00e8bre ses 15 ans de fonctionnement au service des entreprises europ\u00e9ennes.<\/p>\n\n\n\n<p>Comme pour chaque rencontre du r\u00e9seau EU-Network, les participants ont eu l&rsquo;occasion de pr\u00e9senter de bonnes pratiques. <\/p>\n\n\n\n<ul class=\"wp-block-unilux-blocks-custom-buttons btn-list justify-center\"><li class=\"wp-block-unilux-blocks-custom-button\"    aria-disabled=\"false\"\n    >\n    <a\n        role=\"link\"\n        aria-disabled=\"false\"\n                    href=\"https:\/\/acrobat.adobe.com\/link\/review?uri=urn:aaid:scds:US:d3174a33-1660-352e-82e9-b2e26155afd9\"\n                target=\"_blank\"\n        class=\"btn btn--secondary\"\n            >Programme<\/a>\n<\/li>\n<\/ul>\n\n\n<div class=\"wp-block-unilux-blocks-spacer is-spacer-size-sm\"><\/div>\n\n\n<h3 class=\"has-text-align-left wp-block-unilux-blocks-heading\"        id=\"programme\"\n    >\nProgramme<\/h3>\n\n\n\n<ul class=\"ulux-list\">\n<li class=\"ulux-list-item\"><strong>De 9h30 \u00e0 10h00<\/strong> &#8211; Accueil des participants<\/li>\n\n\n\n<li class=\"ulux-list-item\"><strong>De 10h00 \u00e0 10h10<\/strong> &#8211; Mots de bienvenue\n<ul class=\"ulux-list\">\n<li class=\"ulux-list-item\"><strong>Mme Anne Calteux<\/strong>, Cheffe de la Repr\u00e9sentation de la Commission europ\u00e9enne au Luxembourg<\/li>\n<\/ul>\n<\/li>\n\n\n\n<li class=\"ulux-list-item\"><strong>De 10h10 \u00e0 10h50<\/strong> &#8211; Pr\u00e9sentation des priorit\u00e9s 2023-2024 de la Commission europ\u00e9enne\n<ul class=\"ulux-list\">\n<li class=\"ulux-list-item\">Focus sur le nouveau \u00ab SME RELIEF PACKAGE \u00bb pr\u00e9sent\u00e9 par la Commission europ\u00e9enne<\/li>\n\n\n\n<li class=\"ulux-list-item\"><strong>Mme Anne Calteux<\/strong>, Cheffe de la Repr\u00e9sentation de la Commission europ\u00e9enne au Luxembourg<\/li>\n<\/ul>\n<\/li>\n\n\n\n<li class=\"ulux-list-item\"><strong>De 10h50 \u00e0 11h10<\/strong> &#8211; Pr\u00e9sentation du r\u00e9seau Enterprise Europe Network avec ses domaines de sp\u00e9cialisation communautaires et son interaction avec les stakeholders nationaux\n<ul class=\"ulux-list\">\n<li class=\"ulux-list-item\"><strong>Mme Sabrina Sagramola<\/strong>, Coordinateur National du Consortium de l\u2019Enterprise Europe Network \u2013 Luxembourg<\/li>\n<\/ul>\n<\/li>\n\n\n\n<li class=\"ulux-list-item\"><strong>De 11h10 \u00e0 11h45<\/strong> &#8211; Discussion avec les membres en vue de sonder des pistes de collaboration pour l\u2019ann\u00e9e 2024<\/li>\n\n\n\n<li class=\"ulux-list-item\"><strong>De 11h45 \u00e0 12h25<\/strong> &#8211; Pr\u00e9sentation de bonnes pratiques par diff\u00e9rents partenaires du r\u00e9seau EU-Network &amp; \u00e9changes<\/li>\n\n\n\n<li class=\"ulux-list-item\"><strong>De 12h25 \u00e0 12h30<\/strong> &#8211; Conclusions<\/li>\n\n\n\n<li class=\"ulux-list-item\"><strong>De 12h30 \u00e0 14h00<\/strong> &#8211; Networking lunch &#8211; Buffet<\/li>\n\n\n\n<li class=\"ulux-list-item\"><strong>14h00<\/strong> &#8211; Fin de la rencontre<\/li>\n<\/ul>\n\n\n<div class=\"wp-block-unilux-blocks-spacer is-spacer-size-sm\"><\/div>\n\n\n<h3 class=\"has-text-align-left wp-block-unilux-blocks-heading\"        id=\"galerie\"\n    >\nGalerie<\/h3>\n\n\n\n<section class=\"alignfull wp-block-unilux-blocks-gallery-carousel\">\n    <div class=\"swiper swiper-gallery\" aria-roledescription=\"carousel\" aria-label=\"A gallery of images\">\n        <!-- Swiper button Next & Prev -->\n        <div class=\"swiper-nav\">\n            <div class=\"swiper-nav__container\">\n                <div class=\"swiper-nav__grid\">\n                    <button type=\"button\" class=\"swiper-button-next\">\n                        <svg aria-hidden=\"true\" focusable=\"false\" class=\"icon icon-outline icon--arrow-right \"><use xlink:href=\"https:\/\/www.uni.lu\/wp-content\/themes\/unilux-theme\/assets\/images\/icons\/icons-outline.svg#icon--arrow-right\"><\/use><\/svg>                    <\/button>\n                    <button type=\"button\" class=\"swiper-button-prev\">\n                        <svg aria-hidden=\"true\" focusable=\"false\" class=\"icon icon-outline icon--arrow-left \"><use xlink:href=\"https:\/\/www.uni.lu\/wp-content\/themes\/unilux-theme\/assets\/images\/icons\/icons-outline.svg#icon--arrow-left\"><\/use><\/svg>                    <\/button>\n                <\/div>\n            <\/div>\n        <\/div>\n\n        <!-- swiper slides -->\n        <ul class=\"swiper-wrapper\">\n            \n<li class=\"swiper-slide\" aria-roledescription=\"slide\">\n    <figure class=\"wp-block-dev4-reusable-blocks-image swiper-slide__bg object-fit--cover\">\n    \n<img decoding=\"async\" class=\"wp-block-image unilux-custom-image-block\"\n                alt=\"\"\n            src=\"https:\/\/www.uni.lu\/wp-content\/uploads\/sites\/11\/2023\/11\/IMG_1092-scaled.jpg\"\n                srcset=\"https:\/\/www.uni.lu\/wp-content\/uploads\/sites\/11\/2023\/11\/IMG_1092-225x300.jpg 225w, https:\/\/www.uni.lu\/wp-content\/uploads\/sites\/11\/2023\/11\/IMG_1092-768x1024.jpg 768w, https:\/\/www.uni.lu\/wp-content\/uploads\/sites\/11\/2023\/11\/IMG_1092-1152x1536.jpg 1152w, https:\/\/www.uni.lu\/wp-content\/uploads\/sites\/11\/2023\/11\/IMG_1092-1536x2048.jpg 1536w, https:\/\/www.uni.lu\/wp-content\/uploads\/sites\/11\/2023\/11\/IMG_1092-scaled.jpg 1920w\"\n                style=\"object-position: 50.00% 50.00%; font-family: &quot;object-fit: cover; object-position: 50.00% 50.00%;&quot;; aspect-ratio: 16\/9; object-fit: cover; width: 100%;\"\n        loading=\"lazy\"\n\/>            <p class=\"wp-block-dev4-reusable-blocks-image-caption\">\n            Mots de bienvenue par Mme Anne Calteux, Cheffe de la Repr\u00e9sentation de la Commission europ\u00e9enne au Luxembourg        <\/p>\n    <\/figure><\/li>\n<li class=\"swiper-slide\" aria-roledescription=\"slide\">\n    <figure class=\"wp-block-dev4-reusable-blocks-image swiper-slide__bg object-fit--cover\">\n    \n<img decoding=\"async\" class=\"wp-block-image unilux-custom-image-block\"\n                alt=\"\"\n            src=\"https:\/\/www.uni.lu\/wp-content\/uploads\/sites\/11\/2023\/11\/IMG_1093-scaled.jpg\"\n                srcset=\"https:\/\/www.uni.lu\/wp-content\/uploads\/sites\/11\/2023\/11\/IMG_1093-225x300.jpg 225w, https:\/\/www.uni.lu\/wp-content\/uploads\/sites\/11\/2023\/11\/IMG_1093-768x1024.jpg 768w, https:\/\/www.uni.lu\/wp-content\/uploads\/sites\/11\/2023\/11\/IMG_1093-1152x1536.jpg 1152w, https:\/\/www.uni.lu\/wp-content\/uploads\/sites\/11\/2023\/11\/IMG_1093-1536x2048.jpg 1536w, https:\/\/www.uni.lu\/wp-content\/uploads\/sites\/11\/2023\/11\/IMG_1093-scaled.jpg 1920w\"\n                style=\"object-position: 50.00% 50.00%; font-family: &quot;object-fit: cover; object-position: 50.00% 50.00%;&quot;; aspect-ratio: 16\/9; object-fit: cover; width: 100%;\"\n        loading=\"lazy\"\n\/>            <p class=\"wp-block-dev4-reusable-blocks-image-caption\">\n            Pr\u00e9sentation des priorit\u00e9s 2023-2024 de la Commission europ\u00e9enne par Mme Anne Calteux, Cheffe de la Repr\u00e9sentation de la Commission europ\u00e9enne au Luxembourg        <\/p>\n    <\/figure><\/li>\n<li class=\"swiper-slide\" aria-roledescription=\"slide\">\n    <figure class=\"wp-block-dev4-reusable-blocks-image swiper-slide__bg object-fit--cover\">\n    \n<img decoding=\"async\" class=\"wp-block-image unilux-custom-image-block\"\n                alt=\"\"\n            src=\"https:\/\/www.uni.lu\/wp-content\/uploads\/sites\/11\/2023\/11\/IMG_1095-scaled.jpg\"\n                srcset=\"https:\/\/www.uni.lu\/wp-content\/uploads\/sites\/11\/2023\/11\/IMG_1095-225x300.jpg 225w, https:\/\/www.uni.lu\/wp-content\/uploads\/sites\/11\/2023\/11\/IMG_1095-768x1024.jpg 768w, https:\/\/www.uni.lu\/wp-content\/uploads\/sites\/11\/2023\/11\/IMG_1095-1152x1536.jpg 1152w, https:\/\/www.uni.lu\/wp-content\/uploads\/sites\/11\/2023\/11\/IMG_1095-1536x2048.jpg 1536w, https:\/\/www.uni.lu\/wp-content\/uploads\/sites\/11\/2023\/11\/IMG_1095-scaled.jpg 1920w\"\n                style=\"object-position: 81.00% 34.00%; font-family: &quot;object-fit: cover; object-position: 81.00% 34.00%;&quot;; aspect-ratio: 16\/9; object-fit: cover; width: 100%;\"\n        loading=\"lazy\"\n\/>            <p class=\"wp-block-dev4-reusable-blocks-image-caption\">\n            Pr\u00e9sentation du r\u00e9seau Enterprise Europe Network par Mme Sabrina Sagramola, Coordinateur National du Consortium de l\u2019Enterprise Europe Network \u2013 Luxembourg        <\/p>\n    <\/figure><\/li>\n<li class=\"swiper-slide\" aria-roledescription=\"slide\">\n    <figure class=\"wp-block-dev4-reusable-blocks-image swiper-slide__bg object-fit--cover\">\n    \n<img decoding=\"async\" class=\"wp-block-image unilux-custom-image-block\"\n                alt=\"\"\n            src=\"https:\/\/www.uni.lu\/wp-content\/uploads\/sites\/11\/2023\/11\/IMG_1096-scaled.jpg\"\n                srcset=\"https:\/\/www.uni.lu\/wp-content\/uploads\/sites\/11\/2023\/11\/IMG_1096-225x300.jpg 225w, https:\/\/www.uni.lu\/wp-content\/uploads\/sites\/11\/2023\/11\/IMG_1096-768x1024.jpg 768w, https:\/\/www.uni.lu\/wp-content\/uploads\/sites\/11\/2023\/11\/IMG_1096-1152x1536.jpg 1152w, https:\/\/www.uni.lu\/wp-content\/uploads\/sites\/11\/2023\/11\/IMG_1096-1536x2048.jpg 1536w, https:\/\/www.uni.lu\/wp-content\/uploads\/sites\/11\/2023\/11\/IMG_1096-scaled.jpg 1920w\"\n                style=\"object-position: 73.00% 23.00%; font-family: &quot;object-fit: cover; object-position: 73.00% 23.00%;&quot;; aspect-ratio: 16\/9; object-fit: cover; width: 100%;\"\n        loading=\"lazy\"\n\/>            <p class=\"wp-block-dev4-reusable-blocks-image-caption\">\n            Intervention de M. Christoph Schr\u00f6der, Chef du Bureau de liaison du Parlement europ\u00e9en au Luxembourg        <\/p>\n    <\/figure><\/li>\n<li class=\"swiper-slide\" aria-roledescription=\"slide\">\n    <figure class=\"wp-block-dev4-reusable-blocks-image swiper-slide__bg object-fit--cover\">\n    \n<img decoding=\"async\" class=\"wp-block-image unilux-custom-image-block\"\n                alt=\"\"\n            src=\"https:\/\/www.uni.lu\/wp-content\/uploads\/sites\/11\/2023\/11\/IMG_1098-scaled.jpg\"\n                srcset=\"https:\/\/www.uni.lu\/wp-content\/uploads\/sites\/11\/2023\/11\/IMG_1098-225x300.jpg 225w, https:\/\/www.uni.lu\/wp-content\/uploads\/sites\/11\/2023\/11\/IMG_1098-768x1024.jpg 768w, https:\/\/www.uni.lu\/wp-content\/uploads\/sites\/11\/2023\/11\/IMG_1098-1152x1536.jpg 1152w, https:\/\/www.uni.lu\/wp-content\/uploads\/sites\/11\/2023\/11\/IMG_1098-1536x2048.jpg 1536w, https:\/\/www.uni.lu\/wp-content\/uploads\/sites\/11\/2023\/11\/IMG_1098-scaled.jpg 1920w\"\n                style=\"object-position: 50.00% 50.00%; font-family: &quot;object-fit: cover; object-position: 50.00% 50.00%;&quot;; aspect-ratio: 16\/9; object-fit: cover; width: 100%;\"\n        loading=\"lazy\"\n\/>            <p class=\"wp-block-dev4-reusable-blocks-image-caption\">\n            Pr\u00e9sentation de bonnes pratiques par diff\u00e9rents partenaires du r\u00e9seau EU-Network &amp; \u00e9changes        <\/p>\n    <\/figure><\/li>        <\/ul>\n\n        <!-- Swiper pagination -->\n        <div class=\"swiper-pagination\">\n            <div class=\"swiper-pagination__bullets\"><\/div>\n        <\/div>\n    <\/div>\n<\/section>\n\n\n<p>Photo: \u00a9Europe Direct Universit\u00e9 du Luxembourg<\/p>\n<\/div><\/section>\n","protected":false},"excerpt":{"rendered":"","protected":false},"author":292,"featured_media":4335,"template":"","format":"standard","meta":{"featured_image_focal_point":[],"show_featured_caption":false,"ulux_newsletter_groups":"","uluxPostTitle":"","uluxPrePostTitle":"","_trash_the_other_posts":false,"_price":"","_stock":"","_tribe_ticket_header":"","_tribe_default_ticket_provider":"","_tribe_ticket_capacity":"0","_ticket_start_date":"","_ticket_end_date":"","_tribe_ticket_show_description":"","_tribe_ticket_show_not_going":false,"_tribe_ticket_use_global_stock":"","_tribe_ticket_global_stock_level":"","_global_stock_mode":"","_global_stock_cap":"","_tribe_rsvp_for_event":"","_tribe_ticket_going_count":"","_tribe_ticket_not_going_count":"","_tribe_tickets_list":"[]","_tribe_ticket_has_attendee_info_fields":false},"news-category":[3],"news-topic":[],"organisation":[297],"authorship":[292,327],"acf":[],"yoast_head":"<!-- This site is optimized with the Yoast SEO Premium plugin v22.3 (Yoast SEO v22.3) - https:\/\/yoast.com\/wordpress\/plugins\/seo\/ -->\n<title>R\u00e9union du r\u00e9seau EU-Network - Universit\u00e9 du Luxembourg<\/title>\n<meta name=\"description\" content=\"\u00c0 l&#039;initiative de la Repr\u00e9sentation de la Commission europ\u00e9enne de Luxembourg, le r\u00e9seau EU-Network s&#039;est r\u00e9uni le jeudi 28 septembre 2023. L&#039;Europe\" \/>\n<meta name=\"robots\" content=\"index, follow, max-snippet:-1, max-image-preview:large, max-video-preview:-1\" \/>\n<link rel=\"canonical\" href=\"https:\/\/www.uni.lu\/fr\/news\/reunion-du-reseau-eu-network\/\" \/>\n<meta property=\"og:locale\" content=\"fr_FR\" \/>\n<meta property=\"og:type\" content=\"article\" \/>\n<meta property=\"og:title\" content=\"R\u00e9union du r\u00e9seau EU-Network\" \/>\n<meta property=\"og:description\" content=\"\u00c0 l&#039;initiative de la Repr\u00e9sentation de la Commission europ\u00e9enne de Luxembourg, le r\u00e9seau EU-Network s&#039;est r\u00e9uni le jeudi 28 septembre 2023. L&#039;Europe\" \/>\n<meta property=\"og:url\" content=\"https:\/\/www.uni.lu\/fr\/news\/reunion-du-reseau-eu-network\/\" \/>\n<meta property=\"og:site_name\" content=\"UNI FR\" \/>\n<meta property=\"article:publisher\" content=\"https:\/\/www.facebook.com\/uni.lu\" \/>\n<meta property=\"article:modified_time\" content=\"2024-10-08T13:57:14+00:00\" \/>\n<meta property=\"og:image\" content=\"https:\/\/www.uni.lu\/wp-content\/uploads\/sites\/11\/2023\/11\/IMG_1096-scaled.jpg\" \/>\n\t<meta property=\"og:image:width\" content=\"1920\" \/>\n\t<meta property=\"og:image:height\" content=\"2560\" \/>\n\t<meta property=\"og:image:type\" content=\"image\/jpeg\" \/>\n<meta name=\"twitter:card\" content=\"summary_large_image\" \/>\n<meta name=\"twitter:label1\" content=\"Dur\u00e9e de lecture estim\u00e9e\" \/>\n\t<meta name=\"twitter:data1\" content=\"2 minutes\" \/>\n<script type=\"application\/ld+json\" class=\"yoast-schema-graph\">{\"@context\":\"https:\/\/schema.org\",\"@graph\":[{\"@type\":\"NewsArticle\",\"@id\":\"https:\/\/www.uni.lu\/fr\/news\/reunion-du-reseau-eu-network\/#article\",\"isPartOf\":{\"@id\":\"https:\/\/www.uni.lu\/fr\/news\/reunion-du-reseau-eu-network\/\"},\"author\":{\"name\":\"lucacolling\",\"@id\":\"https:\/\/www.uni.lu\/fr\/#\/schema\/person\/cbcad1cf6b807d7f55d4e7e6c825d639\"},\"headline\":\"R\u00e9union du r\u00e9seau EU-Network\",\"datePublished\":\"2023-09-28T10:55:00+00:00\",\"dateModified\":\"2024-10-08T13:57:14+00:00\",\"mainEntityOfPage\":{\"@id\":\"https:\/\/www.uni.lu\/fr\/news\/reunion-du-reseau-eu-network\/\"},\"wordCount\":344,\"publisher\":{\"@id\":\"https:\/\/www.uni.lu\/fr\/#organization\"},\"image\":{\"@id\":\"https:\/\/www.uni.lu\/fr\/news\/reunion-du-reseau-eu-network\/#primaryimage\"},\"thumbnailUrl\":\"https:\/\/www.uni.lu\/wp-content\/uploads\/sites\/11\/2023\/11\/IMG_1096-scaled.jpg\",\"inLanguage\":\"fr-FR\"},{\"@type\":\"WebPage\",\"@id\":\"https:\/\/www.uni.lu\/fr\/news\/reunion-du-reseau-eu-network\/\",\"url\":\"https:\/\/www.uni.lu\/fr\/news\/reunion-du-reseau-eu-network\/\",\"name\":\"R\u00e9union du r\u00e9seau EU-Network - Universit\u00e9 du Luxembourg\",\"isPartOf\":{\"@id\":\"https:\/\/www.uni.lu\/fr\/#website\"},\"primaryImageOfPage\":{\"@id\":\"https:\/\/www.uni.lu\/fr\/news\/reunion-du-reseau-eu-network\/#primaryimage\"},\"image\":{\"@id\":\"https:\/\/www.uni.lu\/fr\/news\/reunion-du-reseau-eu-network\/#primaryimage\"},\"thumbnailUrl\":\"https:\/\/www.uni.lu\/wp-content\/uploads\/sites\/11\/2023\/11\/IMG_1096-scaled.jpg\",\"datePublished\":\"2023-09-28T10:55:00+00:00\",\"dateModified\":\"2024-10-08T13:57:14+00:00\",\"description\":\"\u00c0 l'initiative de la Repr\u00e9sentation de la Commission europ\u00e9enne de Luxembourg, le r\u00e9seau EU-Network s'est r\u00e9uni le jeudi 28 septembre 2023. L'Europe\",\"breadcrumb\":{\"@id\":\"https:\/\/www.uni.lu\/fr\/news\/reunion-du-reseau-eu-network\/#breadcrumb\"},\"inLanguage\":\"fr-FR\",\"potentialAction\":[{\"@type\":\"ReadAction\",\"target\":[\"https:\/\/www.uni.lu\/fr\/news\/reunion-du-reseau-eu-network\/\"]}]},{\"@type\":\"ImageObject\",\"inLanguage\":\"fr-FR\",\"@id\":\"https:\/\/www.uni.lu\/fr\/news\/reunion-du-reseau-eu-network\/#primaryimage\",\"url\":\"https:\/\/www.uni.lu\/wp-content\/uploads\/sites\/11\/2023\/11\/IMG_1096-scaled.jpg\",\"contentUrl\":\"https:\/\/www.uni.lu\/wp-content\/uploads\/sites\/11\/2023\/11\/IMG_1096-scaled.jpg\",\"width\":1920,\"height\":2560},{\"@type\":\"BreadcrumbList\",\"@id\":\"https:\/\/www.uni.lu\/fr\/news\/reunion-du-reseau-eu-network\/#breadcrumb\",\"itemListElement\":[{\"@type\":\"ListItem\",\"position\":1,\"name\":\"Home\",\"item\":\"https:\/\/www.uni.lu\/fr\/\"},{\"@type\":\"ListItem\",\"position\":2,\"name\":\"News\",\"item\":\"https:\/\/www.uni.lu\/fr\/news\/\"},{\"@type\":\"ListItem\",\"position\":3,\"name\":\"R\u00e9union du r\u00e9seau EU-Network\"}]},{\"@type\":\"WebSite\",\"@id\":\"https:\/\/www.uni.lu\/fr\/#website\",\"url\":\"https:\/\/www.uni.lu\/fr\/\",\"name\":\"Uni.lu\",\"description\":\"Universit\u00e9 du Luxembourg\",\"publisher\":{\"@id\":\"https:\/\/www.uni.lu\/fr\/#organization\"},\"alternateName\":\"Universit\u00e9 du Luxembourg\",\"potentialAction\":[{\"@type\":\"SearchAction\",\"target\":{\"@type\":\"EntryPoint\",\"urlTemplate\":\"https:\/\/www.uni.lu\/fr\/?s={search_term_string}\"},\"query-input\":\"required name=search_term_string\"}],\"inLanguage\":\"fr-FR\"},{\"@type\":\"Organization\",\"@id\":\"https:\/\/www.uni.lu\/fr\/#organization\",\"name\":\"Universit\u00e9 du Luxembourg\",\"alternateName\":\"Uni.lu\",\"url\":\"https:\/\/www.uni.lu\/fr\/\",\"logo\":{\"@type\":\"ImageObject\",\"inLanguage\":\"fr-FR\",\"@id\":\"https:\/\/www.uni.lu\/fr\/#\/schema\/logo\/image\/\",\"url\":\"https:\/\/www.uni.lu\/wp-content\/uploads\/sites\/11\/2026\/03\/03120045\/UNIV_SM-Profile_1600x1600px-scaled.jpg\",\"contentUrl\":\"https:\/\/www.uni.lu\/wp-content\/uploads\/sites\/11\/2026\/03\/03120045\/UNIV_SM-Profile_1600x1600px-scaled.jpg\",\"width\":2560,\"height\":2560,\"caption\":\"Universit\u00e9 du Luxembourg\"},\"image\":\"https:\/\/www.uni.lu\/wp-content\/uploads\/sites\/11\/2026\/04\/24120552\/20200609-Belval-Campus_Henri-Goergen-23.jpg\",\"sameAs\":[\"https:\/\/www.facebook.com\/uni.lu\",\"https:\/\/www.linkedin.com\/school\/university-of-luxembourg\/\",\"https:\/\/www.instagram.com\/uni.lu\",\"https:\/\/www.youtube.com\/@uni_lu\",\"https:\/\/en.wikipedia.org\/wiki\/University_of_Luxembourg\"],\"email\":\"communication@uni.lu\",\"telephone\":\"+352 46 66 44 1\",\"address\":{\"@type\":\"PostalAddress\",\"streetAddress\":\"2, place de l\u2019Universit\u00e9\",\"addressLocality\":\"Esch-sur-Alzette\",\"postalCode\":\"4365\",\"addressCountry\":\"LU\"},\"description\":\"Universit\u00e9 du Luxembourg\"},{\"@type\":\"Person\",\"@id\":\"https:\/\/www.uni.lu\/fr\/#\/schema\/person\/cbcad1cf6b807d7f55d4e7e6c825d639\",\"name\":\"lucacolling\",\"image\":{\"@type\":\"ImageObject\",\"inLanguage\":\"fr-FR\",\"@id\":\"https:\/\/www.uni.lu\/fr\/#\/schema\/person\/image\/\",\"url\":\"https:\/\/secure.gravatar.com\/avatar\/b916eb75bf84d37d345044c8508d388b?s=96&d=mm&r=g\",\"contentUrl\":\"https:\/\/secure.gravatar.com\/avatar\/b916eb75bf84d37d345044c8508d388b?s=96&d=mm&r=g\",\"caption\":\"lucacolling\"},\"worksFor\":\"Europe Direct University of Luxembourg\"}]}<\/script>\n<!-- \/ Yoast SEO Premium plugin. -->","yoast_head_json":{"title":"R\u00e9union du r\u00e9seau EU-Network - Universit\u00e9 du Luxembourg","description":"\u00c0 l'initiative de la Repr\u00e9sentation de la Commission europ\u00e9enne de Luxembourg, le r\u00e9seau EU-Network s'est r\u00e9uni le jeudi 28 septembre 2023. L'Europe","robots":{"index":"index","follow":"follow","max-snippet":"max-snippet:-1","max-image-preview":"max-image-preview:large","max-video-preview":"max-video-preview:-1"},"canonical":"https:\/\/www.uni.lu\/fr\/news\/reunion-du-reseau-eu-network\/","og_locale":"fr_FR","og_type":"article","og_title":"R\u00e9union du r\u00e9seau EU-Network","og_description":"\u00c0 l'initiative de la Repr\u00e9sentation de la Commission europ\u00e9enne de Luxembourg, le r\u00e9seau EU-Network s'est r\u00e9uni le jeudi 28 septembre 2023. L'Europe","og_url":"https:\/\/www.uni.lu\/fr\/news\/reunion-du-reseau-eu-network\/","og_site_name":"UNI FR","article_publisher":"https:\/\/www.facebook.com\/uni.lu","article_modified_time":"2024-10-08T13:57:14+00:00","og_image":[{"width":1920,"height":2560,"url":"https:\/\/www.uni.lu\/wp-content\/uploads\/sites\/11\/2023\/11\/IMG_1096-scaled.jpg","type":"image\/jpeg"}],"twitter_card":"summary_large_image","twitter_misc":{"Dur\u00e9e de lecture estim\u00e9e":"2 minutes"},"schema":{"@context":"https:\/\/schema.org","@graph":[{"@type":"NewsArticle","@id":"https:\/\/www.uni.lu\/fr\/news\/reunion-du-reseau-eu-network\/#article","isPartOf":{"@id":"https:\/\/www.uni.lu\/fr\/news\/reunion-du-reseau-eu-network\/"},"author":{"name":"lucacolling","@id":"https:\/\/www.uni.lu\/fr\/#\/schema\/person\/cbcad1cf6b807d7f55d4e7e6c825d639"},"headline":"R\u00e9union du r\u00e9seau EU-Network","datePublished":"2023-09-28T10:55:00+00:00","dateModified":"2024-10-08T13:57:14+00:00","mainEntityOfPage":{"@id":"https:\/\/www.uni.lu\/fr\/news\/reunion-du-reseau-eu-network\/"},"wordCount":344,"publisher":{"@id":"https:\/\/www.uni.lu\/fr\/#organization"},"image":{"@id":"https:\/\/www.uni.lu\/fr\/news\/reunion-du-reseau-eu-network\/#primaryimage"},"thumbnailUrl":"https:\/\/www.uni.lu\/wp-content\/uploads\/sites\/11\/2023\/11\/IMG_1096-scaled.jpg","inLanguage":"fr-FR"},{"@type":"WebPage","@id":"https:\/\/www.uni.lu\/fr\/news\/reunion-du-reseau-eu-network\/","url":"https:\/\/www.uni.lu\/fr\/news\/reunion-du-reseau-eu-network\/","name":"R\u00e9union du r\u00e9seau EU-Network - Universit\u00e9 du Luxembourg","isPartOf":{"@id":"https:\/\/www.uni.lu\/fr\/#website"},"primaryImageOfPage":{"@id":"https:\/\/www.uni.lu\/fr\/news\/reunion-du-reseau-eu-network\/#primaryimage"},"image":{"@id":"https:\/\/www.uni.lu\/fr\/news\/reunion-du-reseau-eu-network\/#primaryimage"},"thumbnailUrl":"https:\/\/www.uni.lu\/wp-content\/uploads\/sites\/11\/2023\/11\/IMG_1096-scaled.jpg","datePublished":"2023-09-28T10:55:00+00:00","dateModified":"2024-10-08T13:57:14+00:00","description":"\u00c0 l'initiative de la Repr\u00e9sentation de la Commission europ\u00e9enne de Luxembourg, le r\u00e9seau EU-Network s'est r\u00e9uni le jeudi 28 septembre 2023. L'Europe","breadcrumb":{"@id":"https:\/\/www.uni.lu\/fr\/news\/reunion-du-reseau-eu-network\/#breadcrumb"},"inLanguage":"fr-FR","potentialAction":[{"@type":"ReadAction","target":["https:\/\/www.uni.lu\/fr\/news\/reunion-du-reseau-eu-network\/"]}]},{"@type":"ImageObject","inLanguage":"fr-FR","@id":"https:\/\/www.uni.lu\/fr\/news\/reunion-du-reseau-eu-network\/#primaryimage","url":"https:\/\/www.uni.lu\/wp-content\/uploads\/sites\/11\/2023\/11\/IMG_1096-scaled.jpg","contentUrl":"https:\/\/www.uni.lu\/wp-content\/uploads\/sites\/11\/2023\/11\/IMG_1096-scaled.jpg","width":1920,"height":2560},{"@type":"BreadcrumbList","@id":"https:\/\/www.uni.lu\/fr\/news\/reunion-du-reseau-eu-network\/#breadcrumb","itemListElement":[{"@type":"ListItem","position":1,"name":"Home","item":"https:\/\/www.uni.lu\/fr\/"},{"@type":"ListItem","position":2,"name":"News","item":"https:\/\/www.uni.lu\/fr\/news\/"},{"@type":"ListItem","position":3,"name":"R\u00e9union du r\u00e9seau EU-Network"}]},{"@type":"WebSite","@id":"https:\/\/www.uni.lu\/fr\/#website","url":"https:\/\/www.uni.lu\/fr\/","name":"Uni.lu","description":"Universit\u00e9 du Luxembourg","publisher":{"@id":"https:\/\/www.uni.lu\/fr\/#organization"},"alternateName":"Universit\u00e9 du Luxembourg","potentialAction":[{"@type":"SearchAction","target":{"@type":"EntryPoint","urlTemplate":"https:\/\/www.uni.lu\/fr\/?s={search_term_string}"},"query-input":"required name=search_term_string"}],"inLanguage":"fr-FR"},{"@type":"Organization","@id":"https:\/\/www.uni.lu\/fr\/#organization","name":"Universit\u00e9 du Luxembourg","alternateName":"Uni.lu","url":"https:\/\/www.uni.lu\/fr\/","logo":{"@type":"ImageObject","inLanguage":"fr-FR","@id":"https:\/\/www.uni.lu\/fr\/#\/schema\/logo\/image\/","url":"https:\/\/www.uni.lu\/wp-content\/uploads\/sites\/11\/2026\/03\/03120045\/UNIV_SM-Profile_1600x1600px-scaled.jpg","contentUrl":"https:\/\/www.uni.lu\/wp-content\/uploads\/sites\/11\/2026\/03\/03120045\/UNIV_SM-Profile_1600x1600px-scaled.jpg","width":2560,"height":2560,"caption":"Universit\u00e9 du Luxembourg"},"image":"https:\/\/www.uni.lu\/wp-content\/uploads\/sites\/11\/2026\/04\/24120552\/20200609-Belval-Campus_Henri-Goergen-23.jpg","sameAs":["https:\/\/www.facebook.com\/uni.lu","https:\/\/www.linkedin.com\/school\/university-of-luxembourg\/","https:\/\/www.instagram.com\/uni.lu","https:\/\/www.youtube.com\/@uni_lu","https:\/\/en.wikipedia.org\/wiki\/University_of_Luxembourg"],"email":"communication@uni.lu","telephone":"+352 46 66 44 1","address":{"@type":"PostalAddress","streetAddress":"2, place de l\u2019Universit\u00e9","addressLocality":"Esch-sur-Alzette","postalCode":"4365","addressCountry":"LU"},"description":"Universit\u00e9 du Luxembourg"},{"@type":"Person","@id":"https:\/\/www.uni.lu\/fr\/#\/schema\/person\/cbcad1cf6b807d7f55d4e7e6c825d639","name":"lucacolling","image":{"@type":"ImageObject","inLanguage":"fr-FR","@id":"https:\/\/www.uni.lu\/fr\/#\/schema\/person\/image\/","url":"https:\/\/secure.gravatar.com\/avatar\/b916eb75bf84d37d345044c8508d388b?s=96&d=mm&r=g","contentUrl":"https:\/\/secure.gravatar.com\/avatar\/b916eb75bf84d37d345044c8508d388b?s=96&d=mm&r=g","caption":"lucacolling"},"worksFor":"Europe Direct University of Luxembourg"}]}},"blog_id":11,"_links":{"self":[{"href":"https:\/\/www.uni.lu\/fr\/wp-json\/wp\/v2\/news\/4327"}],"collection":[{"href":"https:\/\/www.uni.lu\/fr\/wp-json\/wp\/v2\/news"}],"about":[{"href":"https:\/\/www.uni.lu\/fr\/wp-json\/wp\/v2\/types\/news"}],"author":[{"embeddable":true,"href":"https:\/\/www.uni.lu\/fr\/wp-json\/wp\/v2\/users\/292"}],"version-history":[{"count":5,"href":"https:\/\/www.uni.lu\/fr\/wp-json\/wp\/v2\/news\/4327\/revisions"}],"predecessor-version":[{"id":13172,"href":"https:\/\/www.uni.lu\/fr\/wp-json\/wp\/v2\/news\/4327\/revisions\/13172"}],"wp:authorship":[{"embeddable":true,"href":"https:\/\/www.uni.lu\/fr\/wp-json\/wp\/v2\/users\/292"},{"embeddable":true,"href":"https:\/\/www.uni.lu\/fr\/wp-json\/wp\/v2\/users\/327"}],"wp:featuredmedia":[{"embeddable":true,"href":"https:\/\/www.uni.lu\/fr\/wp-json\/wp\/v2\/media\/4335"}],"wp:attachment":[{"href":"https:\/\/www.uni.lu\/fr\/wp-json\/wp\/v2\/media?parent=4327"}],"wp:term":[{"taxonomy":"news-category","embeddable":true,"href":"https:\/\/www.uni.lu\/fr\/wp-json\/wp\/v2\/news-category?post=4327"},{"taxonomy":"news-topic","embeddable":true,"href":"https:\/\/www.uni.lu\/fr\/wp-json\/wp\/v2\/news-topic?post=4327"},{"taxonomy":"organisation","embeddable":true,"href":"https:\/\/www.uni.lu\/fr\/wp-json\/wp\/v2\/organisation?post=4327"}],"curies":[{"name":"wp","href":"https:\/\/api.w.org\/{rel}","templated":true}]}}