{"id":426,"date":"2019-04-30T16:16:01","date_gmt":"2019-04-30T16:16:01","guid":{"rendered":"https:\/\/website.prod.unilu.spikeseed.cloud\/fr\/news\/lien-entre-regime-alimentaire-bacteries-et-progression-du-cancer\/"},"modified":"2019-04-30T16:16:01","modified_gmt":"2019-04-30T16:16:01","slug":"lien-entre-regime-alimentaire-bacteries-et-progression-du-cancer","status":"publish","type":"news","link":"https:\/\/www.uni.lu\/fr\/news\/lien-entre-regime-alimentaire-bacteries-et-progression-du-cancer\/","title":{"rendered":"Lien entre r\u00e9gime alimentaire, bact\u00e9ries et progression du cancer"},"content":{"rendered":"<section class=\"wp-block-unilux-blocks-free-section section\"><div class=\"container xl:max-w-screen-xl\"><p>Les chercheurs de l\u2019Universit\u00e9 du Luxembourg ont montr\u00e9, au cours d&rsquo;une \u00e9tude in vitro, qu&rsquo;une combinaison de facteurs alimentaires et de bact\u00e9ries intestinales peut inhiber la progression du cancer colorectal.\u00a0<\/p><p>Leurs r\u00e9sultats, publi\u00e9s dans la prestigieuse revue en libre acc\u00e8s <a href=\"https:\/\/doi.org\/10.1016\/j.celrep.2019.04.001\" target=\"_blank\" title=\"\" rel=\"noopener\">Cell Reports<\/a>, pourraient encourager l\u2019utilisation de recommandations alimentaires \u00e0 des fins th\u00e9rapeutiques pour am\u00e9liorer l\u2019efficacit\u00e9 de la chimioth\u00e9rapie et en r\u00e9duire la toxicit\u00e9.<\/p>\n<h2 class=\"has-text-align-left wp-block-unilux-blocks-heading\"        id=\"lien-entre-regime-alimentaire-et-progression-du-cancer\"\n    >\nLien entre r\u00e9gime alimentaire et progression du cancer<\/h2>\n<p>L\u2019alimentation d\u2019une personne peut avoir des effets significatifs sur le microbiote intestinal, c\u2019est-\u00e0-dire les populations de micro-organismes comme les bact\u00e9ries qui vivent dans l\u2019intestin humain. Il est bien connu que les habitudes alimentaires, par le biais d\u2019interactions m\u00e9taboliques complexes, contribuent \u00e0 la pr\u00e9vention du cancer. Plus particuli\u00e8rement, les r\u00e9gimes alimentaires riches en fibres r\u00e9duisent le risque de d\u00e9velopper certains cancers comme le cancer colorectal (CCR). Bien que de tels r\u00e9gimes repr\u00e9sentent un moyen efficace de pr\u00e9venir le cancer, leur possible r\u00f4le dans la progression et le traitement du cancer demeure toutefois mal connu.<\/p><p>Une \u00e9quipe de scientifiques du <a href=\"https:\/\/wwwfr.uni.lu\/lcsb\" target=\"_self\" title=\"\" rel=\"noopener\">Luxembourg Centre for Systems Biomedicine (LCSB)<\/a> et de la <a href=\"https:\/\/wwwfr.uni.lu\/fstm\/recherche\/department_of_life_sciences_and_medicine_dlsm\" target=\"_self\" title=\"\" rel=\"noopener\">Life Sciences Research Unit (LSRU)<\/a> de l\u2019Universit\u00e9 du Luxembourg a d\u00e9couvert qu\u2019une combinaison de pr\u00e9biotiques, comme les fibres alimentaires, et de probiotiques, c\u2019est-\u00e0-dire des bact\u00e9ries b\u00e9n\u00e9fiques sp\u00e9cifiques, r\u00e9duit l\u2019expression des g\u00e8nes pro-canc\u00e9rig\u00e8nes et de r\u00e9sistance aux m\u00e9dicaments. Cela entra\u00eene des changements m\u00e9taboliques qui affectent la croissance des cellules canc\u00e9reuses et pourrait contribuer \u00e0 traiter des maladies comme le CCR.<\/p>\n<h2 class=\"has-text-align-left wp-block-unilux-blocks-heading\"        id=\"des-interactions-entre-fibres-alimentaires-bacteries-et-cellules-humaines\"\n    >\nDes interactions entre fibres alimentaires, bact\u00e9ries et cellules humaines<\/h2>\n<p>Pour \u00e9tudier les interactions entre le r\u00e9gime alimentaire, le microbiote et l\u2019h\u00f4te, les biologistes ont travaill\u00e9 avec <a href=\"https:\/\/wwwen.uni.lu\/university\/news\/slideshow\/gut_model_humix_works_like_the_real_thing\" target=\"_blank\" title=\"\" rel=\"noopener\">HuMiX (\u00ab Human-Microbial X(cross)-talk \u00bb)<\/a>, un mod\u00e8le <i>in vitro<\/i> de l\u2019intestin unique (\u00ab intestin sur puce \u00bb) qui permet de cultiver des cellules intestinales humaines avec des bact\u00e9ries, dans un environnement repr\u00e9sentatif des conditions r\u00e9elles. Dans cette \u00e9tude, ils ont analys\u00e9 les effets de diff\u00e9rents r\u00e9gimes alimentaires et d\u2019un probiotique sp\u00e9cifique sur les cellules CCR.<\/p><p>Alors que pris s\u00e9par\u00e9ment, les traitements riches en fibres ou en probiotique n\u2019ont pas donn\u00e9 de r\u00e9sultats significatifs, la combinaison des fibres et des probiotiques a permis d\u2019obtenir les effets b\u00e9n\u00e9fiques observ\u00e9s. Avec l\u2019appui de collaborateurs, les chercheurs ont int\u00e9gr\u00e9 un mod\u00e8le m\u00e9tabolique informatis\u00e9 des interactions entre le r\u00e9gime alimentaire, l\u2019h\u00f4te et le microbiote. Ils ont ainsi identifi\u00e9 les effets du traitement combin\u00e9 : la r\u00e9gulation n\u00e9gative des g\u00e8nes associ\u00e9s au cancer colorectal et \u00e0 la r\u00e9sistance aux m\u00e9dicaments ainsi que l\u2019att\u00e9nuation de la capacit\u00e9 de renouvellement des cellules canc\u00e9reuses. Par le biais d\u2019analyses mol\u00e9culaires minutieuses, ils ont \u00e9galement identifi\u00e9 un cocktail de mol\u00e9cules produit par la combinaison des fibres et des probiotiques, fournissant ainsi une base pour comprendre le m\u00e9canisme \u00e0 l\u2019origine des effets b\u00e9n\u00e9fiques observ\u00e9s.<\/p><p>\u00ab Actuellement, durant un traitement par chimioth\u00e9rapie, les patients canc\u00e9reux ne b\u00e9n\u00e9ficient pas de recommandations alimentaires fond\u00e9es sur des donn\u00e9es factuelles. Nos r\u00e9sultats constituent une base pour utiliser les interactions entre les aliments et le microbiote comme une approche th\u00e9rapeutique compl\u00e9mentaire dans la th\u00e9rapie anticanc\u00e9reuse \u00bb, explique Dr Kacy Greenhalgh, post-doctorante au sein du <a href=\"https:\/\/wwwfr.uni.lu\/lcsb\/research\/systems_ecology\" target=\"_self\" title=\"\" rel=\"noopener\">groupe Eco-Systems Biology<\/a> au LCSB et premier auteur de l\u2019\u00e9tude. \u00ab J\u2019esp\u00e8re que nos r\u00e9sultats parviendront jusqu\u2019aux patients et aux m\u00e9decins, et qu\u2019\u00e0 l\u2019avenir, les recommandations alimentaires personnalis\u00e9es seront plus fr\u00e9quemment incluses dans le traitement du cancer. \u00bb<\/p><p>\u00ab C\u2019est particuli\u00e8rement le cas dans le CCR, o\u00f9 le microbiote a gagn\u00e9 en importance au cours des derni\u00e8res ann\u00e9es. Une meilleure compr\u00e9hension des interactions entre le microbiote et l\u2019h\u00f4te pourrait permettre de mettre en place de nouvelles strat\u00e9gies th\u00e9rapeutiques pour les patients CCR, \u00bb ajoute Dr Elisabeth Letellier, chercheuse au sein du groupe Molecular Disease Mechanisms au LSRU.<\/p><p>Les scientifiques poursuivent maintenant leurs travaux de recherche avec des mod\u00e8les animaux, afin de confirmer les effets positifs observ\u00e9s dans les cultures cellulaires.<\/p>\n<h2 class=\"has-text-align-left wp-block-unilux-blocks-heading\"        id=\"une-approche-collaborative-et-interdisciplinaire\"\n    >\nUne approche collaborative et interdisciplinaire<\/h2>\n<p>Ce projet de recherche a \u00e9t\u00e9 men\u00e9 \u00e0 bien gr\u00e2ce \u00e0 la collaboration entre diff\u00e9rents groupes de l\u2019Universit\u00e9 du Luxembourg. \u00ab D\u00e9chiffrer les interactions complexes entre l\u2019h\u00f4te, le r\u00e9gime alimentaire et le microbiote, et leurs effets sur la sant\u00e9 et les maladies n\u00e9cessite les efforts concert\u00e9s de sp\u00e9cialistes issus de diff\u00e9rents domaines. L\u2019approche interdisciplinaire a \u00e9t\u00e9 cruciale pour comprendre les processus mol\u00e9culaires tr\u00e8s complexes sous-tendant les effets b\u00e9n\u00e9fiques observ\u00e9s \u00bb souligne le professeur associ\u00e9 <a href=\"https:\/\/wwwfr.uni.lu\/lcsb\/people\/paul_wilmes\" target=\"_self\" title=\"\" rel=\"noopener\">Paul Wilmes<\/a>, responsable du groupe Eco-Systems Biology au LCSB et auteur principal de l\u2019\u00e9tude.<\/p><p>L\u2019\u00e9tude a \u00e9t\u00e9 financ\u00e9e par le <a href=\"https:\/\/www.fnr.lu\/\" target=\"_blank\" title=\"\" rel=\"noopener\">Fonds National de la Recherche (FNR)<\/a>, l\u2019Universit\u00e9 du Luxembourg et le <a href=\"https:\/\/www.ibbl.lu\/research\/personalised-medicine-consortium\/\" target=\"_blank\" title=\"\" rel=\"noopener\">Personalised Medicine Consortium (PMC)<\/a>.<\/p><figure class=\"wp-block-dev4-reusable-blocks-image  object-fit--contain\">\n    \n<img decoding=\"async\" class=\"wp-block-image unilux-custom-image-block\"\n                alt=\"\"\n            src=\"https:\/\/www.uni.lu\/wp-content\/uploads\/sites\/11\/2023\/07\/cell_reports_paper_microbiome_crc_group_540.jpg\"\n                    style=\"object-position: 50.00% 50.00%; font-family: &quot;object-fit: contain; object-position: 50.00% 50.00%;&quot;; aspect-ratio: 3\/2; object-fit: contain; width: 100%;\"\n        loading=\"lazy\"\n\/>    <\/figure><p>L\u00e9gende : \u00abCertains des chercheurs qui ont men\u00e9 l&rsquo;\u00e9tude. De gauche \u00e0 droite: Audrey Frachet, Serge Haan, Elisabeth Letellier, Kacy Greenhalgh, Rashi Halder, Javier Ramiro-Garcia et Paul Wilmes. \u00bb<\/p><p>Copyright pour les photos: \u00a9 Universit\u00e9 du Luxembourg<\/p><\/div><\/section>","protected":false},"excerpt":{"rendered":"<p>Les chercheurs de l\u2019Universit\u00e9 du Luxembourg ont montr\u00e9, au cours d&rsquo;une \u00e9tude in vitro, qu&rsquo;une combinaison de facteurs alimentaires et de bact\u00e9ries intestinales peut inhiber la progression du cancer colorectal.\u00a0<\/p>\n","protected":false},"author":0,"featured_media":0,"template":"","format":"standard","meta":{"featured_image_focal_point":[],"show_featured_caption":false,"ulux_newsletter_groups":"","uluxPostTitle":"","uluxPrePostTitle":"","_trash_the_other_posts":false,"_price":"","_stock":"","_tribe_ticket_header":"","_tribe_default_ticket_provider":"","_tribe_ticket_capacity":"0","_ticket_start_date":"","_ticket_end_date":"","_tribe_ticket_show_description":"","_tribe_ticket_show_not_going":false,"_tribe_ticket_use_global_stock":"","_tribe_ticket_global_stock_level":"","_global_stock_mode":"","_global_stock_cap":"","_tribe_rsvp_for_event":"","_tribe_ticket_going_count":"","_tribe_ticket_not_going_count":"","_tribe_tickets_list":"[]","_tribe_ticket_has_attendee_info_fields":false},"news-category":[4,3],"news-topic":[19],"organisation":[25,202,226],"authorship":[],"acf":[],"yoast_head":"<!-- This site is optimized with the Yoast SEO Premium plugin v22.3 (Yoast SEO v22.3) - https:\/\/yoast.com\/wordpress\/plugins\/seo\/ -->\n<title>Lien entre r\u00e9gime alimentaire, bact\u00e9ries et progression du cancer - Universit\u00e9 du Luxembourg<\/title>\n<meta name=\"description\" content=\"Les chercheurs de l\u2019Universit\u00e9 du Luxembourg ont montr\u00e9, au cours d&#039;une \u00e9tude in vitro, qu&#039;une combinaison de facteurs alimentaires et de bact\u00e9ries intestinales peut inhiber la progression du cancer colorectal.\u00a0\" \/>\n<meta name=\"robots\" content=\"index, follow, max-snippet:-1, max-image-preview:large, max-video-preview:-1\" \/>\n<link rel=\"canonical\" href=\"https:\/\/www.uni.lu\/fr\/news\/\" \/>\n<meta property=\"og:locale\" content=\"fr_FR\" \/>\n<meta property=\"og:type\" content=\"article\" \/>\n<meta property=\"og:title\" content=\"Lien entre r\u00e9gime alimentaire, bact\u00e9ries et progression du cancer\" \/>\n<meta property=\"og:description\" content=\"Les chercheurs de l\u2019Universit\u00e9 du Luxembourg ont montr\u00e9, au cours d&#039;une \u00e9tude in vitro, qu&#039;une combinaison de facteurs alimentaires et de bact\u00e9ries intestinales peut inhiber la progression du cancer colorectal.\u00a0\" \/>\n<meta property=\"og:url\" content=\"https:\/\/www.uni.lu\/fr\/news\/\" \/>\n<meta property=\"og:site_name\" content=\"UNI FR\" \/>\n<meta property=\"article:publisher\" content=\"https:\/\/www.facebook.com\/uni.lu\" \/>\n<meta property=\"og:image\" content=\"https:\/\/www.uni.lu\/wp-content\/uploads\/sites\/11\/2019\/04\/lien_entre_regime_alimentaire_bacteries_et_progression_du_cancer.jpg\" \/>\n\t<meta property=\"og:image:width\" content=\"800\" \/>\n\t<meta property=\"og:image:height\" content=\"600\" \/>\n\t<meta property=\"og:image:type\" content=\"image\/jpeg\" \/>\n<meta name=\"twitter:card\" content=\"summary_large_image\" \/>\n<meta name=\"twitter:label1\" content=\"Dur\u00e9e de lecture estim\u00e9e\" \/>\n\t<meta name=\"twitter:data1\" content=\"4 minutes\" \/>\n<script type=\"application\/ld+json\" class=\"yoast-schema-graph\">{\"@context\":\"https:\/\/schema.org\",\"@graph\":[{\"@type\":\"NewsArticle\",\"@id\":\"https:\/\/www.uni.lu\/fr\/news\/#article\",\"isPartOf\":{\"@id\":\"https:\/\/www.uni.lu\/fr\/news\/\"},\"author\":{\"name\":\"\",\"@id\":\"\"},\"headline\":\"Lien entre r\u00e9gime alimentaire, bact\u00e9ries et progression du cancer\",\"datePublished\":\"2019-04-30T16:16:01+00:00\",\"dateModified\":\"2019-04-30T16:16:01+00:00\",\"mainEntityOfPage\":{\"@id\":\"https:\/\/www.uni.lu\/fr\/news\/\"},\"wordCount\":885,\"publisher\":{\"@id\":\"https:\/\/www.uni.lu\/fr\/#organization\"},\"inLanguage\":\"fr-FR\"},{\"@type\":\"WebPage\",\"@id\":\"https:\/\/www.uni.lu\/fr\/news\/\",\"url\":\"https:\/\/www.uni.lu\/fr\/news\/\",\"name\":\"Lien entre r\u00e9gime alimentaire, bact\u00e9ries et progression du cancer - Universit\u00e9 du Luxembourg\",\"isPartOf\":{\"@id\":\"https:\/\/www.uni.lu\/fr\/#website\"},\"datePublished\":\"2019-04-30T16:16:01+00:00\",\"dateModified\":\"2019-04-30T16:16:01+00:00\",\"description\":\"Les chercheurs de l\u2019Universit\u00e9 du Luxembourg ont montr\u00e9, au cours d'une \u00e9tude in vitro, qu'une combinaison de facteurs alimentaires et de bact\u00e9ries intestinales peut inhiber la progression du cancer colorectal.\u00a0\",\"breadcrumb\":{\"@id\":\"https:\/\/www.uni.lu\/fr\/news\/#breadcrumb\"},\"inLanguage\":\"fr-FR\",\"potentialAction\":[{\"@type\":\"ReadAction\",\"target\":[\"https:\/\/www.uni.lu\/fr\/news\/\"]}]},{\"@type\":\"BreadcrumbList\",\"@id\":\"https:\/\/www.uni.lu\/fr\/news\/#breadcrumb\",\"itemListElement\":[{\"@type\":\"ListItem\",\"position\":1,\"name\":\"Home\",\"item\":\"https:\/\/www.uni.lu\/fr\/\"},{\"@type\":\"ListItem\",\"position\":2,\"name\":\"News\",\"item\":\"https:\/\/www.uni.lu\/fr\/news\/\"},{\"@type\":\"ListItem\",\"position\":3,\"name\":\"Lien entre r\u00e9gime alimentaire, bact\u00e9ries et progression du cancer\"}]},{\"@type\":\"WebSite\",\"@id\":\"https:\/\/www.uni.lu\/fr\/#website\",\"url\":\"https:\/\/www.uni.lu\/fr\/\",\"name\":\"Uni.lu\",\"description\":\"Universit\u00e9 du Luxembourg\",\"publisher\":{\"@id\":\"https:\/\/www.uni.lu\/fr\/#organization\"},\"alternateName\":\"Universit\u00e9 du Luxembourg\",\"potentialAction\":[{\"@type\":\"SearchAction\",\"target\":{\"@type\":\"EntryPoint\",\"urlTemplate\":\"https:\/\/www.uni.lu\/fr\/?s={search_term_string}\"},\"query-input\":\"required name=search_term_string\"}],\"inLanguage\":\"fr-FR\"},{\"@type\":\"Organization\",\"@id\":\"https:\/\/www.uni.lu\/fr\/#organization\",\"name\":\"Universit\u00e9 du Luxembourg\",\"alternateName\":\"Uni.lu\",\"url\":\"https:\/\/www.uni.lu\/fr\/\",\"logo\":{\"@type\":\"ImageObject\",\"inLanguage\":\"fr-FR\",\"@id\":\"https:\/\/www.uni.lu\/fr\/#\/schema\/logo\/image\/\",\"url\":\"https:\/\/www.uni.lu\/wp-content\/uploads\/sites\/11\/2026\/03\/03120045\/UNIV_SM-Profile_1600x1600px-scaled.jpg\",\"contentUrl\":\"https:\/\/www.uni.lu\/wp-content\/uploads\/sites\/11\/2026\/03\/03120045\/UNIV_SM-Profile_1600x1600px-scaled.jpg\",\"width\":2560,\"height\":2560,\"caption\":\"Universit\u00e9 du Luxembourg\"},\"image\":\"https:\/\/www.uni.lu\/wp-content\/uploads\/sites\/11\/2026\/04\/24120552\/20200609-Belval-Campus_Henri-Goergen-23.jpg\",\"sameAs\":[\"https:\/\/www.facebook.com\/uni.lu\",\"https:\/\/www.linkedin.com\/school\/university-of-luxembourg\/\",\"https:\/\/www.instagram.com\/uni.lu\",\"https:\/\/www.youtube.com\/@uni_lu\",\"https:\/\/en.wikipedia.org\/wiki\/University_of_Luxembourg\"],\"email\":\"communication@uni.lu\",\"telephone\":\"+352 46 66 44 1\",\"address\":{\"@type\":\"PostalAddress\",\"streetAddress\":\"2, place de l\u2019Universit\u00e9\",\"addressLocality\":\"Esch-sur-Alzette\",\"postalCode\":\"4365\",\"addressCountry\":\"LU\"},\"description\":\"Universit\u00e9 du Luxembourg\"}]}<\/script>\n<!-- \/ Yoast SEO Premium plugin. -->","yoast_head_json":{"title":"Lien entre r\u00e9gime alimentaire, bact\u00e9ries et progression du cancer - Universit\u00e9 du Luxembourg","description":"Les chercheurs de l\u2019Universit\u00e9 du Luxembourg ont montr\u00e9, au cours d'une \u00e9tude in vitro, qu'une combinaison de facteurs alimentaires et de bact\u00e9ries intestinales peut inhiber la progression du cancer colorectal.\u00a0","robots":{"index":"index","follow":"follow","max-snippet":"max-snippet:-1","max-image-preview":"max-image-preview:large","max-video-preview":"max-video-preview:-1"},"canonical":"https:\/\/www.uni.lu\/fr\/news\/","og_locale":"fr_FR","og_type":"article","og_title":"Lien entre r\u00e9gime alimentaire, bact\u00e9ries et progression du cancer","og_description":"Les chercheurs de l\u2019Universit\u00e9 du Luxembourg ont montr\u00e9, au cours d'une \u00e9tude in vitro, qu'une combinaison de facteurs alimentaires et de bact\u00e9ries intestinales peut inhiber la progression du cancer colorectal.\u00a0","og_url":"https:\/\/www.uni.lu\/fr\/news\/","og_site_name":"UNI FR","article_publisher":"https:\/\/www.facebook.com\/uni.lu","og_image":[{"width":800,"height":600,"url":"https:\/\/www.uni.lu\/wp-content\/uploads\/sites\/11\/2019\/04\/lien_entre_regime_alimentaire_bacteries_et_progression_du_cancer.jpg","type":"image\/jpeg"}],"twitter_card":"summary_large_image","twitter_misc":{"Dur\u00e9e de lecture estim\u00e9e":"4 minutes"},"schema":{"@context":"https:\/\/schema.org","@graph":[{"@type":"NewsArticle","@id":"https:\/\/www.uni.lu\/fr\/news\/#article","isPartOf":{"@id":"https:\/\/www.uni.lu\/fr\/news\/"},"author":{"name":"","@id":""},"headline":"Lien entre r\u00e9gime alimentaire, bact\u00e9ries et progression du cancer","datePublished":"2019-04-30T16:16:01+00:00","dateModified":"2019-04-30T16:16:01+00:00","mainEntityOfPage":{"@id":"https:\/\/www.uni.lu\/fr\/news\/"},"wordCount":885,"publisher":{"@id":"https:\/\/www.uni.lu\/fr\/#organization"},"inLanguage":"fr-FR"},{"@type":"WebPage","@id":"https:\/\/www.uni.lu\/fr\/news\/","url":"https:\/\/www.uni.lu\/fr\/news\/","name":"Lien entre r\u00e9gime alimentaire, bact\u00e9ries et progression du cancer - Universit\u00e9 du Luxembourg","isPartOf":{"@id":"https:\/\/www.uni.lu\/fr\/#website"},"datePublished":"2019-04-30T16:16:01+00:00","dateModified":"2019-04-30T16:16:01+00:00","description":"Les chercheurs de l\u2019Universit\u00e9 du Luxembourg ont montr\u00e9, au cours d'une \u00e9tude in vitro, qu'une combinaison de facteurs alimentaires et de bact\u00e9ries intestinales peut inhiber la progression du cancer colorectal.\u00a0","breadcrumb":{"@id":"https:\/\/www.uni.lu\/fr\/news\/#breadcrumb"},"inLanguage":"fr-FR","potentialAction":[{"@type":"ReadAction","target":["https:\/\/www.uni.lu\/fr\/news\/"]}]},{"@type":"BreadcrumbList","@id":"https:\/\/www.uni.lu\/fr\/news\/#breadcrumb","itemListElement":[{"@type":"ListItem","position":1,"name":"Home","item":"https:\/\/www.uni.lu\/fr\/"},{"@type":"ListItem","position":2,"name":"News","item":"https:\/\/www.uni.lu\/fr\/news\/"},{"@type":"ListItem","position":3,"name":"Lien entre r\u00e9gime alimentaire, bact\u00e9ries et progression du cancer"}]},{"@type":"WebSite","@id":"https:\/\/www.uni.lu\/fr\/#website","url":"https:\/\/www.uni.lu\/fr\/","name":"Uni.lu","description":"Universit\u00e9 du Luxembourg","publisher":{"@id":"https:\/\/www.uni.lu\/fr\/#organization"},"alternateName":"Universit\u00e9 du Luxembourg","potentialAction":[{"@type":"SearchAction","target":{"@type":"EntryPoint","urlTemplate":"https:\/\/www.uni.lu\/fr\/?s={search_term_string}"},"query-input":"required name=search_term_string"}],"inLanguage":"fr-FR"},{"@type":"Organization","@id":"https:\/\/www.uni.lu\/fr\/#organization","name":"Universit\u00e9 du Luxembourg","alternateName":"Uni.lu","url":"https:\/\/www.uni.lu\/fr\/","logo":{"@type":"ImageObject","inLanguage":"fr-FR","@id":"https:\/\/www.uni.lu\/fr\/#\/schema\/logo\/image\/","url":"https:\/\/www.uni.lu\/wp-content\/uploads\/sites\/11\/2026\/03\/03120045\/UNIV_SM-Profile_1600x1600px-scaled.jpg","contentUrl":"https:\/\/www.uni.lu\/wp-content\/uploads\/sites\/11\/2026\/03\/03120045\/UNIV_SM-Profile_1600x1600px-scaled.jpg","width":2560,"height":2560,"caption":"Universit\u00e9 du Luxembourg"},"image":"https:\/\/www.uni.lu\/wp-content\/uploads\/sites\/11\/2026\/04\/24120552\/20200609-Belval-Campus_Henri-Goergen-23.jpg","sameAs":["https:\/\/www.facebook.com\/uni.lu","https:\/\/www.linkedin.com\/school\/university-of-luxembourg\/","https:\/\/www.instagram.com\/uni.lu","https:\/\/www.youtube.com\/@uni_lu","https:\/\/en.wikipedia.org\/wiki\/University_of_Luxembourg"],"email":"communication@uni.lu","telephone":"+352 46 66 44 1","address":{"@type":"PostalAddress","streetAddress":"2, place de l\u2019Universit\u00e9","addressLocality":"Esch-sur-Alzette","postalCode":"4365","addressCountry":"LU"},"description":"Universit\u00e9 du Luxembourg"}]}},"blog_id":11,"_links":{"self":[{"href":"https:\/\/www.uni.lu\/fr\/wp-json\/wp\/v2\/news\/426"}],"collection":[{"href":"https:\/\/www.uni.lu\/fr\/wp-json\/wp\/v2\/news"}],"about":[{"href":"https:\/\/www.uni.lu\/fr\/wp-json\/wp\/v2\/types\/news"}],"version-history":[{"count":0,"href":"https:\/\/www.uni.lu\/fr\/wp-json\/wp\/v2\/news\/426\/revisions"}],"wp:attachment":[{"href":"https:\/\/www.uni.lu\/fr\/wp-json\/wp\/v2\/media?parent=426"}],"wp:term":[{"taxonomy":"news-category","embeddable":true,"href":"https:\/\/www.uni.lu\/fr\/wp-json\/wp\/v2\/news-category?post=426"},{"taxonomy":"news-topic","embeddable":true,"href":"https:\/\/www.uni.lu\/fr\/wp-json\/wp\/v2\/news-topic?post=426"},{"taxonomy":"organisation","embeddable":true,"href":"https:\/\/www.uni.lu\/fr\/wp-json\/wp\/v2\/organisation?post=426"}],"curies":[{"name":"wp","href":"https:\/\/api.w.org\/{rel}","templated":true}]}}