{"id":3345,"date":"2023-10-11T15:32:19","date_gmt":"2023-10-11T13:32:19","guid":{"rendered":"https:\/\/www.uni.lu\/fr\/?post_type=news&#038;p=3345"},"modified":"2023-11-10T18:04:51","modified_gmt":"2023-11-10T17:04:51","slug":"un-tiers-des-jeunes-filles-ressentent-de-la-solitude-au-luxembourg","status":"publish","type":"news","link":"https:\/\/www.uni.lu\/fr\/news\/un-tiers-des-jeunes-filles-ressentent-de-la-solitude-au-luxembourg\/","title":{"rendered":"Un tiers des jeunes filles ressentent de la solitude au Luxembourg"},"content":{"rendered":"\n<section class=\"wp-block-unilux-blocks-free-section section\"><div class=\"container xl:max-w-screen-xl\">\n<p>Les donn\u00e9es sp\u00e9cifiques sur le Luxembourg dressent un tableau de la sant\u00e9 mentale de nos adolescents et de la mani\u00e8re dont elle s\u2019inscrit dans la tendance g\u00e9n\u00e9rale en Europe et en Asie centrale.<\/p>\n\n\n\n<p>Dans le cadre de la Journ\u00e9e mondiale de la sant\u00e9 mentale ce mardi, le Bureau r\u00e9gional de l&rsquo;Organisation mondiale de la sant\u00e9 (OMS) pour l&rsquo;Europe a publi\u00e9 les derni\u00e8res donn\u00e9es sur la sant\u00e9 mentale, issues de l&rsquo;\u00e9tude <a href=\"https:\/\/hbsc.org\/publications\/reports\/a-focus-on-adolescent-mental-health-and-well-being-in-europe-central-asia-and-canada\/\" target=\"_blank\" rel=\"noreferrer noopener\">Health Behaviour in School-aged Children<\/a> (HBSC). Celles-ci r\u00e9v\u00e8lent une tendance r\u00e9pandue et i nqui\u00e9tante en Europe et en Asie centrale : une baisse g\u00e9n\u00e9ralis\u00e9e du bien-\u00eatre mental des adolescentes.<\/p>\n\n\n\n<p>La Dr. <a href=\"https:\/\/www.uni.lu\/en\/person\/NTAwMzAyMzNfX0Nhcm9saW5hIENBVFVOREE=\/\">Carolina Catunda<\/a>, co-autrice du rapport et co-chercheuse principale du projet HBSC \u00e0 l\u2019Universit\u00e9 du Luxembourg, a comment\u00e9 : \u00ab <em>Ces chiffres sont le reflet de notre soci\u00e9t\u00e9, de nos \u00e9coles, de nos domiciles. Et elles appellent \u00e0 l&rsquo;action &#8211; pour mieux comprendre, agir plus rapidement et apporter un meilleur accompagnement<\/em>. \u00bb<\/p>\n\n\n\n<p>L&rsquo;analyse des donn\u00e9es de l&rsquo;\u00e9tude HBSC 2021\/22, portant sur 280 000 jeunes dans 44 pays, fait appara\u00eetre que les adolescentes ont un niveau de sant\u00e9 mentale et de bien-\u00eatre inf\u00e9rieur \u00e0 celui des gar\u00e7ons. Au Luxembourg, on observe une situation similaire. Par exemple, \u00e0 l&rsquo;\u00e2ge de 11 ans, 8 % des gar\u00e7ons et 14 % des filles font \u00e9tat d&rsquo;un sentiment de solitude. Ces pr\u00e9valences doublent \u00e0 l&rsquo;\u00e2ge de 15 ans : 14 % des gar\u00e7ons et 28 % des filles font \u00e9tat de ces sentiments.<\/p>\n\n\n\n<p>Les adolescents luxembourgeois font toutefois partie des 15 pays o\u00f9 la pr\u00e9valence d&rsquo;une excellente sant\u00e9 est la plus \u00e9lev\u00e9e dans tous les groupes d&rsquo;\u00e2ge. \u00c0 l&rsquo;\u00e2ge de 11 ans, 43 % des filles et 47 % des gar\u00e7ons d\u00e9clarent \u00eatre en excellente sant\u00e9, contre 39 % des filles et 44 % des gar\u00e7ons en moyenne dans l&rsquo;ensemble des pays.<\/p>\n\n\n\n<p>Ce rapport met en \u00e9vidence le d\u00e9clin de la sant\u00e9 mentale et du bien-\u00eatre entre 2018 et 2022. Dans la plupart des pays, les adolescents, et plus particuli\u00e8rement les filles, se plaignent plus souvent de probl\u00e8mes de sant\u00e9 multiples. Au Luxembourg, les filles de 13 et 15 ans sont celles qui pr\u00e9sentent la plus forte augmentation de plaintes multiples en mati\u00e8re de sant\u00e9 entre 2018 et 2022.<\/p>\n\n\n\n<p>S&rsquo;appuyant sur les conclusions europ\u00e9ennes, le Luxembourg met \u00e9galement l&rsquo;accent sur les interventions pr\u00e9coces, en particulier dans le cadre scolaire. Les \u00e9coles ne sont pas seulement des centres d&rsquo;enseignement, elles sont au c\u0153ur du bien-\u00eatre de nos adolescents. La collaboration entre les \u00e9tablissements d&rsquo;enseignement, les centres de sant\u00e9 communautaires et les initiatives nationales en mati\u00e8re de sant\u00e9 mentale est essentielle pour obtenir des changements tangibles.<\/p>\n\n\n\n<p>\u00ab <em>Ces r\u00e9sultats nous offrent la possibilit\u00e9 non seulement de comparer, mais aussi de concevoir des interventions mieux adapt\u00e9es \u00e0 nos jeunes, ici m\u00eame au Luxembourg. Les donn\u00e9es dont nous disposons aujourd&rsquo;hui sont claires. Notre approche doit \u00eatre multidimensionnelle et faire le lien entre les \u00e9coles, les familles, les communaut\u00e9s et les politiques. Nous disposons des informations n\u00e9cessaires ; il est temps de passer \u00e0 l&rsquo;action<\/em> \u00bb, poursuit le Dr. Catunda.<\/p>\n\n\n<div class=\"icon-info-wrapper\">\n    <ul class=\"wp-block-unilux-blocks-icon-info\">\n        <li class=\"wp-block-unilux-blocks-icon-info-item\">\n    \n<div class=\"wp-block-unilux-blocks-wrapper icon-info\">\n<div class=\"icon--primary icon--secondary-2  wp-block-unilux-blocks-icon-picker\">\n    <svg aria-hidden=\"true\" focusable=\"false\" class=\"icon icon-outline icon--external-link \"><use xlink:href=\"https:\/\/www.uni.lu\/wp-content\/themes\/unilux-theme\/assets\/images\/icons\/icons-outline.svg#icon--external-link\"><\/use><\/svg><\/div>\n\n\n<p class=\"has-1-125-rem-font-size\"><a href=\"https:\/\/hbsc.org\/publications\/reports\/a-focus-on-adolescent-mental-health-and-well-being-in-europe-central-asia-and-canada\/\" target=\"_blank\" rel=\"noreferrer noopener\">D\u00e9couvrez le rapport<\/a><\/p>\n<\/div>\n<\/li>\n    <\/ul>\n<\/div>\n<\/div><\/section>\n","protected":false},"excerpt":{"rendered":"<p>Les donn\u00e9es sp\u00e9cifiques sur le Luxembourg dressent un tableau de la sant\u00e9 mentale de nos adolescents et de la mani\u00e8re dont elle s\u2019inscrit dans la tendance g\u00e9n\u00e9rale en Europe et en Asie centrale.<\/p>\n","protected":false},"author":42,"featured_media":3346,"template":"","format":"standard","meta":{"featured_image_focal_point":[],"show_featured_caption":false,"ulux_newsletter_groups":"","uluxPostTitle":"","uluxPrePostTitle":"","_trash_the_other_posts":false,"_price":"","_stock":"","_tribe_ticket_header":"","_tribe_default_ticket_provider":"","_tribe_ticket_capacity":"0","_ticket_start_date":"","_ticket_end_date":"","_tribe_ticket_show_description":"","_tribe_ticket_show_not_going":false,"_tribe_ticket_use_global_stock":"","_tribe_ticket_global_stock_level":"","_global_stock_mode":"","_global_stock_cap":"","_tribe_rsvp_for_event":"","_tribe_ticket_going_count":"","_tribe_ticket_not_going_count":"","_tribe_tickets_list":"[]","_tribe_ticket_has_attendee_info_fields":false},"news-category":[4],"news-topic":[17],"organisation":[180],"authorship":[],"acf":[],"yoast_head":"<!-- This site is optimized with the Yoast SEO Premium plugin v22.3 (Yoast SEO v22.3) - https:\/\/yoast.com\/wordpress\/plugins\/seo\/ -->\n<title>Un tiers des jeunes filles ressentent de la solitude au Luxembourg - Universit\u00e9 du Luxembourg<\/title>\n<meta name=\"description\" content=\"Les donn\u00e9es sp\u00e9cifiques sur le Luxembourg dressent un tableau de la sant\u00e9 mentale de nos adolescents et de la mani\u00e8re dont elle s\u2019inscrit dans la tendance g\u00e9n\u00e9rale en Europe et en Asie centrale.\" \/>\n<meta name=\"robots\" content=\"index, follow, max-snippet:-1, max-image-preview:large, max-video-preview:-1\" \/>\n<link rel=\"canonical\" href=\"https:\/\/www.uni.lu\/fr\/news\/un-tiers-des-jeunes-filles-ressentent-de-la-solitude-au-luxembourg\/\" \/>\n<meta property=\"og:locale\" content=\"fr_FR\" \/>\n<meta property=\"og:type\" content=\"article\" \/>\n<meta property=\"og:title\" content=\"Un tiers des jeunes filles ressentent de la solitude au Luxembourg\" \/>\n<meta property=\"og:description\" content=\"Les donn\u00e9es sp\u00e9cifiques sur le Luxembourg dressent un tableau de la sant\u00e9 mentale de nos adolescents et de la mani\u00e8re dont elle s\u2019inscrit dans la tendance g\u00e9n\u00e9rale en Europe et en Asie centrale.\" \/>\n<meta property=\"og:url\" content=\"https:\/\/www.uni.lu\/fr\/news\/un-tiers-des-jeunes-filles-ressentent-de-la-solitude-au-luxembourg\/\" \/>\n<meta property=\"og:site_name\" content=\"UNI FR\" \/>\n<meta property=\"article:publisher\" content=\"https:\/\/www.facebook.com\/uni.lu\" \/>\n<meta property=\"article:modified_time\" content=\"2023-11-10T17:04:51+00:00\" \/>\n<meta property=\"og:image\" content=\"https:\/\/www.uni.lu\/wp-content\/uploads\/sites\/11\/2023\/10\/iStock-1389127113_credit_Hakase_.jpg\" \/>\n\t<meta property=\"og:image:width\" content=\"1254\" \/>\n\t<meta property=\"og:image:height\" content=\"836\" \/>\n\t<meta property=\"og:image:type\" content=\"image\/jpeg\" \/>\n<meta name=\"twitter:card\" content=\"summary_large_image\" \/>\n<meta name=\"twitter:label1\" content=\"Dur\u00e9e de lecture estim\u00e9e\" \/>\n\t<meta name=\"twitter:data1\" content=\"3 minutes\" \/>\n<script type=\"application\/ld+json\" class=\"yoast-schema-graph\">{\"@context\":\"https:\/\/schema.org\",\"@graph\":[{\"@type\":\"NewsArticle\",\"@id\":\"https:\/\/www.uni.lu\/fr\/news\/un-tiers-des-jeunes-filles-ressentent-de-la-solitude-au-luxembourg\/#article\",\"isPartOf\":{\"@id\":\"https:\/\/www.uni.lu\/fr\/news\/un-tiers-des-jeunes-filles-ressentent-de-la-solitude-au-luxembourg\/\"},\"author\":{\"name\":\"svankelst\",\"@id\":\"https:\/\/www.uni.lu\/fr\/#\/schema\/person\/bbacc9db2c68a323b1a3cbdab743cd0c\"},\"headline\":\"Un tiers des jeunes filles ressentent de la solitude au Luxembourg\",\"datePublished\":\"2023-10-11T13:32:19+00:00\",\"dateModified\":\"2023-11-10T17:04:51+00:00\",\"mainEntityOfPage\":{\"@id\":\"https:\/\/www.uni.lu\/fr\/news\/un-tiers-des-jeunes-filles-ressentent-de-la-solitude-au-luxembourg\/\"},\"wordCount\":538,\"publisher\":{\"@id\":\"https:\/\/www.uni.lu\/fr\/#organization\"},\"image\":{\"@id\":\"https:\/\/www.uni.lu\/fr\/news\/un-tiers-des-jeunes-filles-ressentent-de-la-solitude-au-luxembourg\/#primaryimage\"},\"thumbnailUrl\":\"https:\/\/www.uni.lu\/wp-content\/uploads\/sites\/11\/2023\/10\/iStock-1389127113_credit_Hakase_.jpg\",\"inLanguage\":\"fr-FR\"},{\"@type\":\"WebPage\",\"@id\":\"https:\/\/www.uni.lu\/fr\/news\/un-tiers-des-jeunes-filles-ressentent-de-la-solitude-au-luxembourg\/\",\"url\":\"https:\/\/www.uni.lu\/fr\/news\/un-tiers-des-jeunes-filles-ressentent-de-la-solitude-au-luxembourg\/\",\"name\":\"Un tiers des jeunes filles ressentent de la solitude au Luxembourg - Universit\u00e9 du Luxembourg\",\"isPartOf\":{\"@id\":\"https:\/\/www.uni.lu\/fr\/#website\"},\"primaryImageOfPage\":{\"@id\":\"https:\/\/www.uni.lu\/fr\/news\/un-tiers-des-jeunes-filles-ressentent-de-la-solitude-au-luxembourg\/#primaryimage\"},\"image\":{\"@id\":\"https:\/\/www.uni.lu\/fr\/news\/un-tiers-des-jeunes-filles-ressentent-de-la-solitude-au-luxembourg\/#primaryimage\"},\"thumbnailUrl\":\"https:\/\/www.uni.lu\/wp-content\/uploads\/sites\/11\/2023\/10\/iStock-1389127113_credit_Hakase_.jpg\",\"datePublished\":\"2023-10-11T13:32:19+00:00\",\"dateModified\":\"2023-11-10T17:04:51+00:00\",\"description\":\"Les donn\u00e9es sp\u00e9cifiques sur le Luxembourg dressent un tableau de la sant\u00e9 mentale de nos adolescents et de la mani\u00e8re dont elle s\u2019inscrit dans la tendance g\u00e9n\u00e9rale en Europe et en Asie centrale.\",\"breadcrumb\":{\"@id\":\"https:\/\/www.uni.lu\/fr\/news\/un-tiers-des-jeunes-filles-ressentent-de-la-solitude-au-luxembourg\/#breadcrumb\"},\"inLanguage\":\"fr-FR\",\"potentialAction\":[{\"@type\":\"ReadAction\",\"target\":[\"https:\/\/www.uni.lu\/fr\/news\/un-tiers-des-jeunes-filles-ressentent-de-la-solitude-au-luxembourg\/\"]}]},{\"@type\":\"ImageObject\",\"inLanguage\":\"fr-FR\",\"@id\":\"https:\/\/www.uni.lu\/fr\/news\/un-tiers-des-jeunes-filles-ressentent-de-la-solitude-au-luxembourg\/#primaryimage\",\"url\":\"https:\/\/www.uni.lu\/wp-content\/uploads\/sites\/11\/2023\/10\/iStock-1389127113_credit_Hakase_.jpg\",\"contentUrl\":\"https:\/\/www.uni.lu\/wp-content\/uploads\/sites\/11\/2023\/10\/iStock-1389127113_credit_Hakase_.jpg\",\"width\":1254,\"height\":836,\"caption\":\"Child sitting on the horizontal bar, iStock credit: Hakase_\"},{\"@type\":\"BreadcrumbList\",\"@id\":\"https:\/\/www.uni.lu\/fr\/news\/un-tiers-des-jeunes-filles-ressentent-de-la-solitude-au-luxembourg\/#breadcrumb\",\"itemListElement\":[{\"@type\":\"ListItem\",\"position\":1,\"name\":\"Home\",\"item\":\"https:\/\/www.uni.lu\/fr\/\"},{\"@type\":\"ListItem\",\"position\":2,\"name\":\"News\",\"item\":\"https:\/\/www.uni.lu\/fr\/news\/\"},{\"@type\":\"ListItem\",\"position\":3,\"name\":\"Un tiers des jeunes filles ressentent de la solitude au Luxembourg\"}]},{\"@type\":\"WebSite\",\"@id\":\"https:\/\/www.uni.lu\/fr\/#website\",\"url\":\"https:\/\/www.uni.lu\/fr\/\",\"name\":\"Uni.lu\",\"description\":\"Universit\u00e9 du Luxembourg\",\"publisher\":{\"@id\":\"https:\/\/www.uni.lu\/fr\/#organization\"},\"alternateName\":\"Universit\u00e9 du Luxembourg\",\"potentialAction\":[{\"@type\":\"SearchAction\",\"target\":{\"@type\":\"EntryPoint\",\"urlTemplate\":\"https:\/\/www.uni.lu\/fr\/?s={search_term_string}\"},\"query-input\":\"required name=search_term_string\"}],\"inLanguage\":\"fr-FR\"},{\"@type\":\"Organization\",\"@id\":\"https:\/\/www.uni.lu\/fr\/#organization\",\"name\":\"Universit\u00e9 du Luxembourg\",\"alternateName\":\"Uni.lu\",\"url\":\"https:\/\/www.uni.lu\/fr\/\",\"logo\":{\"@type\":\"ImageObject\",\"inLanguage\":\"fr-FR\",\"@id\":\"https:\/\/www.uni.lu\/fr\/#\/schema\/logo\/image\/\",\"url\":\"https:\/\/www.uni.lu\/wp-content\/uploads\/sites\/11\/2026\/03\/03120045\/UNIV_SM-Profile_1600x1600px-scaled.jpg\",\"contentUrl\":\"https:\/\/www.uni.lu\/wp-content\/uploads\/sites\/11\/2026\/03\/03120045\/UNIV_SM-Profile_1600x1600px-scaled.jpg\",\"width\":2560,\"height\":2560,\"caption\":\"Universit\u00e9 du Luxembourg\"},\"image\":\"https:\/\/www.uni.lu\/wp-content\/uploads\/sites\/11\/2026\/04\/24120552\/20200609-Belval-Campus_Henri-Goergen-23.jpg\",\"sameAs\":[\"https:\/\/www.facebook.com\/uni.lu\",\"https:\/\/www.linkedin.com\/school\/university-of-luxembourg\/\",\"https:\/\/www.instagram.com\/uni.lu\",\"https:\/\/www.youtube.com\/@uni_lu\",\"https:\/\/en.wikipedia.org\/wiki\/University_of_Luxembourg\"],\"email\":\"communication@uni.lu\",\"telephone\":\"+352 46 66 44 1\",\"address\":{\"@type\":\"PostalAddress\",\"streetAddress\":\"2, place de l\u2019Universit\u00e9\",\"addressLocality\":\"Esch-sur-Alzette\",\"postalCode\":\"4365\",\"addressCountry\":\"LU\"},\"description\":\"Universit\u00e9 du Luxembourg\"},{\"@type\":\"Person\",\"@id\":\"https:\/\/www.uni.lu\/fr\/#\/schema\/person\/bbacc9db2c68a323b1a3cbdab743cd0c\",\"name\":\"svankelst\",\"image\":{\"@type\":\"ImageObject\",\"inLanguage\":\"fr-FR\",\"@id\":\"https:\/\/www.uni.lu\/fr\/#\/schema\/person\/image\/\",\"url\":\"https:\/\/secure.gravatar.com\/avatar\/54b090610f90377561821e2f82f83b9f?s=96&d=mm&r=g\",\"contentUrl\":\"https:\/\/secure.gravatar.com\/avatar\/54b090610f90377561821e2f82f83b9f?s=96&d=mm&r=g\",\"caption\":\"svankelst\"}}]}<\/script>\n<!-- \/ Yoast SEO Premium plugin. -->","yoast_head_json":{"title":"Un tiers des jeunes filles ressentent de la solitude au Luxembourg - Universit\u00e9 du Luxembourg","description":"Les donn\u00e9es sp\u00e9cifiques sur le Luxembourg dressent un tableau de la sant\u00e9 mentale de nos adolescents et de la mani\u00e8re dont elle s\u2019inscrit dans la tendance g\u00e9n\u00e9rale en Europe et en Asie centrale.","robots":{"index":"index","follow":"follow","max-snippet":"max-snippet:-1","max-image-preview":"max-image-preview:large","max-video-preview":"max-video-preview:-1"},"canonical":"https:\/\/www.uni.lu\/fr\/news\/un-tiers-des-jeunes-filles-ressentent-de-la-solitude-au-luxembourg\/","og_locale":"fr_FR","og_type":"article","og_title":"Un tiers des jeunes filles ressentent de la solitude au Luxembourg","og_description":"Les donn\u00e9es sp\u00e9cifiques sur le Luxembourg dressent un tableau de la sant\u00e9 mentale de nos adolescents et de la mani\u00e8re dont elle s\u2019inscrit dans la tendance g\u00e9n\u00e9rale en Europe et en Asie centrale.","og_url":"https:\/\/www.uni.lu\/fr\/news\/un-tiers-des-jeunes-filles-ressentent-de-la-solitude-au-luxembourg\/","og_site_name":"UNI FR","article_publisher":"https:\/\/www.facebook.com\/uni.lu","article_modified_time":"2023-11-10T17:04:51+00:00","og_image":[{"width":1254,"height":836,"url":"https:\/\/www.uni.lu\/wp-content\/uploads\/sites\/11\/2023\/10\/iStock-1389127113_credit_Hakase_.jpg","type":"image\/jpeg"}],"twitter_card":"summary_large_image","twitter_misc":{"Dur\u00e9e de lecture estim\u00e9e":"3 minutes"},"schema":{"@context":"https:\/\/schema.org","@graph":[{"@type":"NewsArticle","@id":"https:\/\/www.uni.lu\/fr\/news\/un-tiers-des-jeunes-filles-ressentent-de-la-solitude-au-luxembourg\/#article","isPartOf":{"@id":"https:\/\/www.uni.lu\/fr\/news\/un-tiers-des-jeunes-filles-ressentent-de-la-solitude-au-luxembourg\/"},"author":{"name":"svankelst","@id":"https:\/\/www.uni.lu\/fr\/#\/schema\/person\/bbacc9db2c68a323b1a3cbdab743cd0c"},"headline":"Un tiers des jeunes filles ressentent de la solitude au Luxembourg","datePublished":"2023-10-11T13:32:19+00:00","dateModified":"2023-11-10T17:04:51+00:00","mainEntityOfPage":{"@id":"https:\/\/www.uni.lu\/fr\/news\/un-tiers-des-jeunes-filles-ressentent-de-la-solitude-au-luxembourg\/"},"wordCount":538,"publisher":{"@id":"https:\/\/www.uni.lu\/fr\/#organization"},"image":{"@id":"https:\/\/www.uni.lu\/fr\/news\/un-tiers-des-jeunes-filles-ressentent-de-la-solitude-au-luxembourg\/#primaryimage"},"thumbnailUrl":"https:\/\/www.uni.lu\/wp-content\/uploads\/sites\/11\/2023\/10\/iStock-1389127113_credit_Hakase_.jpg","inLanguage":"fr-FR"},{"@type":"WebPage","@id":"https:\/\/www.uni.lu\/fr\/news\/un-tiers-des-jeunes-filles-ressentent-de-la-solitude-au-luxembourg\/","url":"https:\/\/www.uni.lu\/fr\/news\/un-tiers-des-jeunes-filles-ressentent-de-la-solitude-au-luxembourg\/","name":"Un tiers des jeunes filles ressentent de la solitude au Luxembourg - Universit\u00e9 du Luxembourg","isPartOf":{"@id":"https:\/\/www.uni.lu\/fr\/#website"},"primaryImageOfPage":{"@id":"https:\/\/www.uni.lu\/fr\/news\/un-tiers-des-jeunes-filles-ressentent-de-la-solitude-au-luxembourg\/#primaryimage"},"image":{"@id":"https:\/\/www.uni.lu\/fr\/news\/un-tiers-des-jeunes-filles-ressentent-de-la-solitude-au-luxembourg\/#primaryimage"},"thumbnailUrl":"https:\/\/www.uni.lu\/wp-content\/uploads\/sites\/11\/2023\/10\/iStock-1389127113_credit_Hakase_.jpg","datePublished":"2023-10-11T13:32:19+00:00","dateModified":"2023-11-10T17:04:51+00:00","description":"Les donn\u00e9es sp\u00e9cifiques sur le Luxembourg dressent un tableau de la sant\u00e9 mentale de nos adolescents et de la mani\u00e8re dont elle s\u2019inscrit dans la tendance g\u00e9n\u00e9rale en Europe et en Asie centrale.","breadcrumb":{"@id":"https:\/\/www.uni.lu\/fr\/news\/un-tiers-des-jeunes-filles-ressentent-de-la-solitude-au-luxembourg\/#breadcrumb"},"inLanguage":"fr-FR","potentialAction":[{"@type":"ReadAction","target":["https:\/\/www.uni.lu\/fr\/news\/un-tiers-des-jeunes-filles-ressentent-de-la-solitude-au-luxembourg\/"]}]},{"@type":"ImageObject","inLanguage":"fr-FR","@id":"https:\/\/www.uni.lu\/fr\/news\/un-tiers-des-jeunes-filles-ressentent-de-la-solitude-au-luxembourg\/#primaryimage","url":"https:\/\/www.uni.lu\/wp-content\/uploads\/sites\/11\/2023\/10\/iStock-1389127113_credit_Hakase_.jpg","contentUrl":"https:\/\/www.uni.lu\/wp-content\/uploads\/sites\/11\/2023\/10\/iStock-1389127113_credit_Hakase_.jpg","width":1254,"height":836,"caption":"Child sitting on the horizontal bar, iStock credit: Hakase_"},{"@type":"BreadcrumbList","@id":"https:\/\/www.uni.lu\/fr\/news\/un-tiers-des-jeunes-filles-ressentent-de-la-solitude-au-luxembourg\/#breadcrumb","itemListElement":[{"@type":"ListItem","position":1,"name":"Home","item":"https:\/\/www.uni.lu\/fr\/"},{"@type":"ListItem","position":2,"name":"News","item":"https:\/\/www.uni.lu\/fr\/news\/"},{"@type":"ListItem","position":3,"name":"Un tiers des jeunes filles ressentent de la solitude au Luxembourg"}]},{"@type":"WebSite","@id":"https:\/\/www.uni.lu\/fr\/#website","url":"https:\/\/www.uni.lu\/fr\/","name":"Uni.lu","description":"Universit\u00e9 du Luxembourg","publisher":{"@id":"https:\/\/www.uni.lu\/fr\/#organization"},"alternateName":"Universit\u00e9 du Luxembourg","potentialAction":[{"@type":"SearchAction","target":{"@type":"EntryPoint","urlTemplate":"https:\/\/www.uni.lu\/fr\/?s={search_term_string}"},"query-input":"required name=search_term_string"}],"inLanguage":"fr-FR"},{"@type":"Organization","@id":"https:\/\/www.uni.lu\/fr\/#organization","name":"Universit\u00e9 du Luxembourg","alternateName":"Uni.lu","url":"https:\/\/www.uni.lu\/fr\/","logo":{"@type":"ImageObject","inLanguage":"fr-FR","@id":"https:\/\/www.uni.lu\/fr\/#\/schema\/logo\/image\/","url":"https:\/\/www.uni.lu\/wp-content\/uploads\/sites\/11\/2026\/03\/03120045\/UNIV_SM-Profile_1600x1600px-scaled.jpg","contentUrl":"https:\/\/www.uni.lu\/wp-content\/uploads\/sites\/11\/2026\/03\/03120045\/UNIV_SM-Profile_1600x1600px-scaled.jpg","width":2560,"height":2560,"caption":"Universit\u00e9 du Luxembourg"},"image":"https:\/\/www.uni.lu\/wp-content\/uploads\/sites\/11\/2026\/04\/24120552\/20200609-Belval-Campus_Henri-Goergen-23.jpg","sameAs":["https:\/\/www.facebook.com\/uni.lu","https:\/\/www.linkedin.com\/school\/university-of-luxembourg\/","https:\/\/www.instagram.com\/uni.lu","https:\/\/www.youtube.com\/@uni_lu","https:\/\/en.wikipedia.org\/wiki\/University_of_Luxembourg"],"email":"communication@uni.lu","telephone":"+352 46 66 44 1","address":{"@type":"PostalAddress","streetAddress":"2, place de l\u2019Universit\u00e9","addressLocality":"Esch-sur-Alzette","postalCode":"4365","addressCountry":"LU"},"description":"Universit\u00e9 du Luxembourg"},{"@type":"Person","@id":"https:\/\/www.uni.lu\/fr\/#\/schema\/person\/bbacc9db2c68a323b1a3cbdab743cd0c","name":"svankelst","image":{"@type":"ImageObject","inLanguage":"fr-FR","@id":"https:\/\/www.uni.lu\/fr\/#\/schema\/person\/image\/","url":"https:\/\/secure.gravatar.com\/avatar\/54b090610f90377561821e2f82f83b9f?s=96&d=mm&r=g","contentUrl":"https:\/\/secure.gravatar.com\/avatar\/54b090610f90377561821e2f82f83b9f?s=96&d=mm&r=g","caption":"svankelst"}}]}},"blog_id":11,"_links":{"self":[{"href":"https:\/\/www.uni.lu\/fr\/wp-json\/wp\/v2\/news\/3345"}],"collection":[{"href":"https:\/\/www.uni.lu\/fr\/wp-json\/wp\/v2\/news"}],"about":[{"href":"https:\/\/www.uni.lu\/fr\/wp-json\/wp\/v2\/types\/news"}],"author":[{"embeddable":true,"href":"https:\/\/www.uni.lu\/fr\/wp-json\/wp\/v2\/users\/42"}],"version-history":[{"count":2,"href":"https:\/\/www.uni.lu\/fr\/wp-json\/wp\/v2\/news\/3345\/revisions"}],"predecessor-version":[{"id":4443,"href":"https:\/\/www.uni.lu\/fr\/wp-json\/wp\/v2\/news\/3345\/revisions\/4443"}],"wp:featuredmedia":[{"embeddable":true,"href":"https:\/\/www.uni.lu\/fr\/wp-json\/wp\/v2\/media\/3346"}],"wp:attachment":[{"href":"https:\/\/www.uni.lu\/fr\/wp-json\/wp\/v2\/media?parent=3345"}],"wp:term":[{"taxonomy":"news-category","embeddable":true,"href":"https:\/\/www.uni.lu\/fr\/wp-json\/wp\/v2\/news-category?post=3345"},{"taxonomy":"news-topic","embeddable":true,"href":"https:\/\/www.uni.lu\/fr\/wp-json\/wp\/v2\/news-topic?post=3345"},{"taxonomy":"organisation","embeddable":true,"href":"https:\/\/www.uni.lu\/fr\/wp-json\/wp\/v2\/organisation?post=3345"}],"curies":[{"name":"wp","href":"https:\/\/api.w.org\/{rel}","templated":true}]}}