{"id":259,"date":"2018-10-18T11:48:14","date_gmt":"2018-10-18T11:48:14","guid":{"rendered":"https:\/\/website.prod.unilu.spikeseed.cloud\/fr\/news\/2-forum-grosregion-des-projekts-unigr-center-for-border-studies\/"},"modified":"2018-10-18T11:48:14","modified_gmt":"2018-10-18T11:48:14","slug":"2-forum-grosregion-des-projekts-unigr-center-for-border-studies","status":"publish","type":"news","link":"https:\/\/www.uni.lu\/fr\/news\/2-forum-grosregion-des-projekts-unigr-center-for-border-studies\/","title":{"rendered":"2. Forum Gro\u00dfregion des Projekts UniGR-Center for Border Studies"},"content":{"rendered":"<section class=\"wp-block-unilux-blocks-free-section section\"><div class=\"container xl:max-w-screen-xl\"><p><strong>&lsquo;REALIT\u00c4TEN UND VISIONEN DER GRENZ\u00dcBERSCHREITENDEN MOBILIT\u00c4T IM BILDUNGSBEREICH&rsquo;<\/strong><\/p><p><strong>7. November 2018, 16.00 Uhr \u2502 Haus der Gro\u00dfregion <\/strong><\/p><p>Die grenz\u00fcberschreitende Mobilit\u00e4t stellt gleicherma\u00dfen Herausforderungen, aber auch Chancen f\u00fcr die Menschen in der Gro\u00dfregion dar. Vielfach bestehen auch im Bildungsbereich besondere Anforderungen f\u00fcr die Grenzg\u00e4nger, etwa, wenn sie ihre Kinder in Einrichtungen im Nachbarstaat unterbringen, oder wenn sie als Sch\u00fcler, Auszubildende oder Studierende ihre Ausbildung im Nachbarland absolvieren m\u00f6chten.<\/p><p>Das Forum bringt Akteure aus Universit\u00e4ten, Wirtschaft und Verwaltung der Gro\u00dfregion zusammen, die sich aus verschiedenen Perspektiven mit der Mobilit\u00e4t im Bildungsbereich auseinandersetzen. Sie sprechen \u00fcber ihre Erfahrungen und Standpunkte und stehen zum Austausch mit dem Publikum zur Verf\u00fcgung.<\/p><p>Vertreter folgender Einrichtungen sind eingeladen:<\/p><p>\u2022\u00a0\u00a0\u00a0\u00a0\u00a0\u00a0\u00a0\u00a0\u00a0\u00a0\u00a0\u00a0 Claudia Polzin-Haumann (Universit\u00e4t des Saarlandes)<\/p><p>\u2022\u00a0\u00a0\u00a0\u00a0\u00a0\u00a0\u00a0\u00a0\u00a0\u00a0\u00a0\u00a0 Florence Soriano-Gafiuk (Universit\u00e9 de Lorraine\/ ESP\u00c9 Sarreguemines)<\/p><p>\u2022\u00a0\u00a0\u00a0\u00a0\u00a0\u00a0\u00a0\u00a0\u00a0\u00a0\u00a0\u00a0 Line Jacoby (Chambre de Commerce Luxembourg)<\/p><p>\u2022\u00a0\u00a0\u00a0\u00a0\u00a0\u00a0\u00a0\u00a0\u00a0\u00a0\u00a0\u00a0 \u00c9lodie Mareau (Acad\u00e9mie Nancy-Metz)<\/p><p>\u2022\u00a0\u00a0\u00a0\u00a0\u00a0\u00a0\u00a0\u00a0\u00a0\u00a0\u00a0\u00a0 Joachim Mohr (Universit\u00e4t des Saarlandes)<\/p><p>\u2022\u00a0\u00a0\u00a0\u00a0\u00a0\u00a0\u00a0\u00a0\u00a0\u00a0\u00a0\u00a0 Alexandra Schwarz (Verbundausbildung Untere Saar e.V.)<\/p><p>\u2022\u00a0\u00a0\u00a0\u00a0\u00a0\u00a0\u00a0\u00a0\u00a0\u00a0\u00a0\u00a0 Moderation: Christina Reissner (Universit\u00e4t des Saarlandes)<\/p><p>Das Forum Gro\u00dfregion findet am 7. November 2018 um 16.00 Uhr im Haus der Gro\u00dfregion, Esch-sur-Alzette (Luxemburg) statt. Eine Anmeldung ist erforderlich und bis zum 02.11.2018 m\u00f6glich: <a href=\"http:\/\/forum.borderstudies.org\" target=\"_self\" title=\"\" rel=\"noopener\">http:\/\/forum.borderstudies.org<\/a><\/p><p>Ansprechpartner:<\/p><ul class=\"ulux-list\"><li class=\"ulux-list-item\">Florence NDiaye, Universit\u00e4t des Saarlandes, <a href=\"mailto:f.ndiaye@mx.uni-saarland.de\" target=\"_self\" title=\"\" rel=\"noopener\">f.ndiaye@mx.uni-saarland.de<\/a><\/li><li class=\"ulux-list-item\">Christina Reissner, Universit\u00e4t des Saarlandes, <a href=\"mailto:c.reissner@mx.uni-saarland.de\" target=\"_self\" title=\"\" rel=\"noopener\">c.reissner@mx.uni-saarland.de<\/a><\/li><\/ul><p>Das Forum steht unter der Schirmherrschaft von Frau Ministerin Corinne Cahen (Pr\u00e4sidentin des Gipfels der Gro\u00dfregion unter luxemburgischem Vorsitz (2017-18); Ministerin f\u00fcr Familie und Integration; Ministerin f\u00fcr die Gro\u00dfregion).<\/p><p><strong>Die Veranstaltungsreihe Forum Gro\u00dfregion<\/strong><\/p><p>Das Forum Gro\u00dfregion ist eine Reihe von Podiumsdiskussionen, die von den Wissenschaftlern und Wissenschaftlerinnen der Universit\u00e4ten der Gro\u00dfregion im Rahmen des Interreg VA Gro\u00dfregion Projekts \u201eUniGR-Center for Border Studies\u201d organisiert werden. Es bildet eine Schnittstelle zwischen Wissenschaft, Verwaltung, Politik und B\u00fcrgern und behandelt aktuelle Herausforderungen der Gro\u00dfregion. Austragungsort der insgesamt sechs Podiumsdiskussionen, die zwischen 2018-2020 stattfinden werden, ist das Haus der Gro\u00dfregion.<\/p><p>Die n\u00e4chste Podiumsdiskussion wird am 14.03.2019 zu dem Thema \u201eMigration und Grenzen: zwischen Regulierung und Integration\u201d stattfinden.<\/p><p>www.borderstudies.org | twitter @unigr_cbs<\/p><p>&#8212;&#8212;&#8212;&#8212;&#8212;&#8212;&#8212;&#8212;&#8212;&#8212;&#8212;&#8212;&#8212;&#8212;&#8212;-<\/p><p><strong>2\u00e8me Forum Grande R\u00e9gion du projet UniGR-Center for Border Studies<\/strong><\/p><p><strong>\u00ab\u00a0R\u00c9ALIT\u00c9S ET PERSPECTIVES DE LA MOBILIT\u00c9 TRANSFRONTA\u00adLI\u00c8RE DANS LE DOMAINE DE L\u2019\u00c9DUCATION\u00a0\u00bb<\/strong><\/p><p><strong>7 novembre 2018, 16h00 \u2502 Maison de la Grande R\u00e9gion<\/strong><\/p><p>La mobilit\u00e9 dans la Grande R\u00e9gion constitue \u00e0 la fois un d\u00e9fi et une chance. Pour ce qui est de la mobilit\u00e9 dans le secteur \u00e9ducatif, les trans\u00adfrontaliers doivent r\u00e9pondre \u00e0 des exigences particuli\u00e8res, par exemple lorsqu\u2019ils envisagent la scolarisation de leurs enfants dans les insti\u00adtutions du pays voisin, ou d\u2019y suivre une forma\u00adtion professionnelle ou universitaire.<\/p><p>Le forum r\u00e9unira diff\u00e9rents acteurs en lien avec la mobilit\u00e9 transfrontali\u00e8re dans le domaine de la formation. Prendront la parole des repr\u00e9sen\u00adtants issus du monde universitaire, \u00e9cono\u00admique et institutionnel de la Grande R\u00e9gion. Ils \u00e9changeront leurs exp\u00e9riences et seront pr\u00eats \u00e0 r\u00e9pondre aux questions de l\u2019audience.<\/p><p>Les invit\u00e9s sont\u00a0:<\/p><ul class=\"ulux-list\"><li class=\"ulux-list-item\">Claudia\u00a0Polzin-Haumann (Universit\u00e4t des Saarlandes)<\/li><li class=\"ulux-list-item\">Florence Soriano-Gafiuk (Universit\u00e9 de Lor\u00adraine\/ ESP\u00c9 Sarreguemines)<\/li><li class=\"ulux-list-item\">Line Jacoby (Chambre de Commerce Luxembourg)<\/li><li class=\"ulux-list-item\">\u00c9lodie Mareau (Acad\u00e9mie Nancy-Metz)<\/li><li class=\"ulux-list-item\">Joachim Mohr (Universit\u00e4t des Saarlandes)<\/li><li class=\"ulux-list-item\">Alexandra Schwarz (Verbundausbildung Untere Saar e.V.)<\/li><li class=\"ulux-list-item\">Animation : Christina Reissner (Universit\u00e4t des Saarlandes)<\/li><\/ul><p>Le Forum Grande R\u00e9gion aura lieu le 7 novembre 2018 \u00e0 16h00 \u00e0 la Maison de la Grande R\u00e9gion, Esch-sur-Alzette (Luxembourg). \u00a0<\/p><p>Les inscriptions sont ouvertes jusqu\u2019au 02\/11\/2018\u00a0: <a href=\"http:\/\/forum.borderstudies.org\" target=\"_self\" title=\"\" rel=\"noopener\">http:\/\/forum.borderstudies.org<\/a><\/p><p>Contacts :<\/p><ul class=\"ulux-list\"><li class=\"ulux-list-item\">Florence NDiaye, Universit\u00e4t des Saarlandes, <a href=\"mailto:f.ndiaye@mx.uni-saarland.de\" target=\"_self\" title=\"\" rel=\"noopener\">f.ndiaye@mx.uni-saarland.de<\/a><\/li><li class=\"ulux-list-item\">Christina Reissner, Universit\u00e4t des Saarlandes, <a href=\"mailto:c.reissner@mx.uni-saarland.de\" target=\"_self\" title=\"\" rel=\"noopener\">c.reissner@mx.uni-saarland.de<\/a><\/li><\/ul><p>Le forum est sous le patronage de Madame le Ministre Corinne Cahen (Pr\u00e9sidente du Sommet de la Grande R\u00e9gion sous la pr\u00e9sidence luxem\u00adbourgeoise (2017-2018)\u00a0; Ministre de la Famille et de l&rsquo;Int\u00e9gration; Ministre \u00e0 la Grande R\u00e9gion).<\/p><p><strong>La s\u00e9rie de tables rondes Forum Grande R\u00e9gion<\/strong><\/p><p>Le Forum Grande R\u00e9gion est une s\u00e9rie de tables rondes organis\u00e9es par les chercheurs des Universit\u00e9s de la Grande R\u00e9gion dans le cadre du projet Interreg VA Grande R\u00e9gion \u00ab\u00a0UniGR-Center for Border Studies\u00a0\u00bb. Traitant des d\u00e9fis que doit relever la Grande R\u00e9gion, il constitue un lieu de discussion et d\u2019\u00e9changes entre la recherche, le milieu politique et les citoyens. Le Forum se tiendra dans la Maison de la Grande R\u00e9gion. Six tables-rondes auront lieu entre 2018 et 2020.<\/p><p>Le prochain Forum se tiendra le 14 mars 2019 sur le th\u00e8me \u00ab\u00a0Migrations et fronti\u00e8res : entre r\u00e9gulation et int\u00e9gration \u00bb.<\/p><p>www.borderstudies.org | twitter @unigr_cbs<\/p><\/div><\/section>","protected":false},"excerpt":{"rendered":"<p>&lsquo;REALIT\u00c4TEN UND VISIONEN DER GRENZ\u00dcBERSCHREITENDEN MOBILIT\u00c4T IM BILDUNGSBEREICH&rsquo; 7. November 2018, 16.00 Uhr \u2502 Haus der Gro\u00dfregion Die grenz\u00fcberschreitende Mobilit\u00e4t stellt gleicherma\u00dfen Herausforderungen, aber auch Chancen f\u00fcr die Menschen in der Gro\u00dfregion dar. Vielfach bestehen auch im Bildungsbereich besondere Anforderungen f\u00fcr die Grenzg\u00e4nger, etwa, wenn sie ihre Kinder in Einrichtungen im Nachbarstaat unterbringen, oder wenn sie als Sch\u00fcler, Auszubildende oder Studierende ihre Ausbildung im Nachbarland absolvieren m\u00f6chten.<\/p>\n","protected":false},"author":0,"featured_media":0,"template":"","format":"standard","meta":{"featured_image_focal_point":[],"show_featured_caption":false,"ulux_newsletter_groups":"","uluxPostTitle":"","uluxPrePostTitle":"","_trash_the_other_posts":false,"_price":"","_stock":"","_tribe_ticket_header":"","_tribe_default_ticket_provider":"","_tribe_ticket_capacity":"0","_ticket_start_date":"","_ticket_end_date":"","_tribe_ticket_show_description":"","_tribe_ticket_show_not_going":false,"_tribe_ticket_use_global_stock":"","_tribe_ticket_global_stock_level":"","_global_stock_mode":"","_global_stock_cap":"","_tribe_rsvp_for_event":"","_tribe_ticket_going_count":"","_tribe_ticket_not_going_count":"","_tribe_tickets_list":"[]","_tribe_ticket_has_attendee_info_fields":false},"news-category":[4],"news-topic":[15],"organisation":[149],"authorship":[],"acf":[],"yoast_head":"<!-- This site is optimized with the Yoast SEO Premium plugin v22.3 (Yoast SEO v22.3) - https:\/\/yoast.com\/wordpress\/plugins\/seo\/ -->\n<title>2. Forum Gro\u00dfregion des Projekts UniGR-Center for Border Studies - Universit\u00e9 du Luxembourg<\/title>\n<meta name=\"description\" content=\"&#039;REALIT\u00c4TEN UND VISIONEN DER GRENZ\u00dcBERSCHREITENDEN MOBILIT\u00c4T IM BILDUNGSBEREICH&#039; 7. November 2018, 16.00 Uhr \u2502 Haus der Gro\u00dfregion Die grenz\u00fcberschreitende Mobilit\u00e4t stellt gleicherma\u00dfen Herausforderungen, aber auch Chancen f\u00fcr die Menschen in der Gro\u00dfregion dar. Vielfach bestehen auch im Bildungsbereich besondere Anforderungen f\u00fcr die Grenzg\u00e4nger, etwa, wenn sie ihre Kinder in Einrichtungen im Nachbarstaat unterbringen, oder wenn sie als Sch\u00fcler, Auszubildende oder Studierende ihre Ausbildung im Nachbarland absolvieren m\u00f6chten.\" \/>\n<meta name=\"robots\" content=\"index, follow, max-snippet:-1, max-image-preview:large, max-video-preview:-1\" \/>\n<link rel=\"canonical\" href=\"https:\/\/www.uni.lu\/fr\/news\/2-forum-grosregion-des-projekts-unigr-center-for-border-studies\/\" \/>\n<meta property=\"og:locale\" content=\"fr_FR\" \/>\n<meta property=\"og:type\" content=\"article\" \/>\n<meta property=\"og:title\" content=\"2. Forum Gro\u00dfregion des Projekts UniGR-Center for Border Studies\" \/>\n<meta property=\"og:description\" content=\"&#039;REALIT\u00c4TEN UND VISIONEN DER GRENZ\u00dcBERSCHREITENDEN MOBILIT\u00c4T IM BILDUNGSBEREICH&#039; 7. November 2018, 16.00 Uhr \u2502 Haus der Gro\u00dfregion Die grenz\u00fcberschreitende Mobilit\u00e4t stellt gleicherma\u00dfen Herausforderungen, aber auch Chancen f\u00fcr die Menschen in der Gro\u00dfregion dar. Vielfach bestehen auch im Bildungsbereich besondere Anforderungen f\u00fcr die Grenzg\u00e4nger, etwa, wenn sie ihre Kinder in Einrichtungen im Nachbarstaat unterbringen, oder wenn sie als Sch\u00fcler, Auszubildende oder Studierende ihre Ausbildung im Nachbarland absolvieren m\u00f6chten.\" \/>\n<meta property=\"og:url\" content=\"https:\/\/www.uni.lu\/fr\/news\/2-forum-grosregion-des-projekts-unigr-center-for-border-studies\/\" \/>\n<meta property=\"og:site_name\" content=\"UNI FR\" \/>\n<meta property=\"article:publisher\" content=\"https:\/\/www.facebook.com\/uni.lu\" \/>\n<meta property=\"og:image\" content=\"https:\/\/www.uni.lu\/wp-content\/uploads\/sites\/11\/2018\/10\/2_forum_grossregion_des_projekts_unigr_center_for_border_studies.jpg\" \/>\n\t<meta property=\"og:image:width\" content=\"800\" \/>\n\t<meta property=\"og:image:height\" content=\"600\" \/>\n\t<meta property=\"og:image:type\" content=\"image\/jpeg\" \/>\n<meta name=\"twitter:card\" content=\"summary_large_image\" \/>\n<meta name=\"twitter:label1\" content=\"Dur\u00e9e de lecture estim\u00e9e\" \/>\n\t<meta name=\"twitter:data1\" content=\"4 minutes\" \/>\n<script type=\"application\/ld+json\" class=\"yoast-schema-graph\">{\"@context\":\"https:\/\/schema.org\",\"@graph\":[{\"@type\":\"NewsArticle\",\"@id\":\"https:\/\/www.uni.lu\/fr\/news\/2-forum-grosregion-des-projekts-unigr-center-for-border-studies\/#article\",\"isPartOf\":{\"@id\":\"https:\/\/www.uni.lu\/fr\/news\/2-forum-grosregion-des-projekts-unigr-center-for-border-studies\/\"},\"author\":{\"name\":\"\",\"@id\":\"\"},\"headline\":\"2. Forum Gro\u00dfregion des Projekts UniGR-Center for Border Studies\",\"datePublished\":\"2018-10-18T11:48:14+00:00\",\"dateModified\":\"2018-10-18T11:48:14+00:00\",\"mainEntityOfPage\":{\"@id\":\"https:\/\/www.uni.lu\/fr\/news\/2-forum-grosregion-des-projekts-unigr-center-for-border-studies\/\"},\"wordCount\":784,\"publisher\":{\"@id\":\"https:\/\/www.uni.lu\/fr\/#organization\"},\"inLanguage\":\"fr-FR\"},{\"@type\":\"WebPage\",\"@id\":\"https:\/\/www.uni.lu\/fr\/news\/2-forum-grosregion-des-projekts-unigr-center-for-border-studies\/\",\"url\":\"https:\/\/www.uni.lu\/fr\/news\/2-forum-grosregion-des-projekts-unigr-center-for-border-studies\/\",\"name\":\"2. Forum Gro\u00dfregion des Projekts UniGR-Center for Border Studies - Universit\u00e9 du Luxembourg\",\"isPartOf\":{\"@id\":\"https:\/\/www.uni.lu\/fr\/#website\"},\"datePublished\":\"2018-10-18T11:48:14+00:00\",\"dateModified\":\"2018-10-18T11:48:14+00:00\",\"description\":\"'REALIT\u00c4TEN UND VISIONEN DER GRENZ\u00dcBERSCHREITENDEN MOBILIT\u00c4T IM BILDUNGSBEREICH' 7. November 2018, 16.00 Uhr \u2502 Haus der Gro\u00dfregion Die grenz\u00fcberschreitende Mobilit\u00e4t stellt gleicherma\u00dfen Herausforderungen, aber auch Chancen f\u00fcr die Menschen in der Gro\u00dfregion dar. Vielfach bestehen auch im Bildungsbereich besondere Anforderungen f\u00fcr die Grenzg\u00e4nger, etwa, wenn sie ihre Kinder in Einrichtungen im Nachbarstaat unterbringen, oder wenn sie als Sch\u00fcler, Auszubildende oder Studierende ihre Ausbildung im Nachbarland absolvieren m\u00f6chten.\",\"breadcrumb\":{\"@id\":\"https:\/\/www.uni.lu\/fr\/news\/2-forum-grosregion-des-projekts-unigr-center-for-border-studies\/#breadcrumb\"},\"inLanguage\":\"fr-FR\",\"potentialAction\":[{\"@type\":\"ReadAction\",\"target\":[\"https:\/\/www.uni.lu\/fr\/news\/2-forum-grosregion-des-projekts-unigr-center-for-border-studies\/\"]}]},{\"@type\":\"BreadcrumbList\",\"@id\":\"https:\/\/www.uni.lu\/fr\/news\/2-forum-grosregion-des-projekts-unigr-center-for-border-studies\/#breadcrumb\",\"itemListElement\":[{\"@type\":\"ListItem\",\"position\":1,\"name\":\"Home\",\"item\":\"https:\/\/www.uni.lu\/fr\/\"},{\"@type\":\"ListItem\",\"position\":2,\"name\":\"News\",\"item\":\"https:\/\/www.uni.lu\/fr\/news\/\"},{\"@type\":\"ListItem\",\"position\":3,\"name\":\"2. Forum Gro\u00dfregion des Projekts UniGR-Center for Border Studies\"}]},{\"@type\":\"WebSite\",\"@id\":\"https:\/\/www.uni.lu\/fr\/#website\",\"url\":\"https:\/\/www.uni.lu\/fr\/\",\"name\":\"Uni.lu\",\"description\":\"Universit\u00e9 du Luxembourg\",\"publisher\":{\"@id\":\"https:\/\/www.uni.lu\/fr\/#organization\"},\"alternateName\":\"Universit\u00e9 du Luxembourg\",\"potentialAction\":[{\"@type\":\"SearchAction\",\"target\":{\"@type\":\"EntryPoint\",\"urlTemplate\":\"https:\/\/www.uni.lu\/fr\/?s={search_term_string}\"},\"query-input\":\"required name=search_term_string\"}],\"inLanguage\":\"fr-FR\"},{\"@type\":\"Organization\",\"@id\":\"https:\/\/www.uni.lu\/fr\/#organization\",\"name\":\"Universit\u00e9 du Luxembourg\",\"alternateName\":\"Uni.lu\",\"url\":\"https:\/\/www.uni.lu\/fr\/\",\"logo\":{\"@type\":\"ImageObject\",\"inLanguage\":\"fr-FR\",\"@id\":\"https:\/\/www.uni.lu\/fr\/#\/schema\/logo\/image\/\",\"url\":\"https:\/\/www.uni.lu\/wp-content\/uploads\/sites\/11\/2026\/03\/03120045\/UNIV_SM-Profile_1600x1600px-scaled.jpg\",\"contentUrl\":\"https:\/\/www.uni.lu\/wp-content\/uploads\/sites\/11\/2026\/03\/03120045\/UNIV_SM-Profile_1600x1600px-scaled.jpg\",\"width\":2560,\"height\":2560,\"caption\":\"Universit\u00e9 du Luxembourg\"},\"image\":\"https:\/\/www.uni.lu\/wp-content\/uploads\/sites\/11\/2026\/04\/24120552\/20200609-Belval-Campus_Henri-Goergen-23.jpg\",\"sameAs\":[\"https:\/\/www.facebook.com\/uni.lu\",\"https:\/\/www.linkedin.com\/school\/university-of-luxembourg\/\",\"https:\/\/www.instagram.com\/uni.lu\",\"https:\/\/www.youtube.com\/@uni_lu\",\"https:\/\/en.wikipedia.org\/wiki\/University_of_Luxembourg\"],\"email\":\"communication@uni.lu\",\"telephone\":\"+352 46 66 44 1\",\"address\":{\"@type\":\"PostalAddress\",\"streetAddress\":\"2, place de l\u2019Universit\u00e9\",\"addressLocality\":\"Esch-sur-Alzette\",\"postalCode\":\"4365\",\"addressCountry\":\"LU\"},\"description\":\"Universit\u00e9 du Luxembourg\"}]}<\/script>\n<!-- \/ Yoast SEO Premium plugin. -->","yoast_head_json":{"title":"2. Forum Gro\u00dfregion des Projekts UniGR-Center for Border Studies - Universit\u00e9 du Luxembourg","description":"'REALIT\u00c4TEN UND VISIONEN DER GRENZ\u00dcBERSCHREITENDEN MOBILIT\u00c4T IM BILDUNGSBEREICH' 7. November 2018, 16.00 Uhr \u2502 Haus der Gro\u00dfregion Die grenz\u00fcberschreitende Mobilit\u00e4t stellt gleicherma\u00dfen Herausforderungen, aber auch Chancen f\u00fcr die Menschen in der Gro\u00dfregion dar. Vielfach bestehen auch im Bildungsbereich besondere Anforderungen f\u00fcr die Grenzg\u00e4nger, etwa, wenn sie ihre Kinder in Einrichtungen im Nachbarstaat unterbringen, oder wenn sie als Sch\u00fcler, Auszubildende oder Studierende ihre Ausbildung im Nachbarland absolvieren m\u00f6chten.","robots":{"index":"index","follow":"follow","max-snippet":"max-snippet:-1","max-image-preview":"max-image-preview:large","max-video-preview":"max-video-preview:-1"},"canonical":"https:\/\/www.uni.lu\/fr\/news\/2-forum-grosregion-des-projekts-unigr-center-for-border-studies\/","og_locale":"fr_FR","og_type":"article","og_title":"2. Forum Gro\u00dfregion des Projekts UniGR-Center for Border Studies","og_description":"'REALIT\u00c4TEN UND VISIONEN DER GRENZ\u00dcBERSCHREITENDEN MOBILIT\u00c4T IM BILDUNGSBEREICH' 7. November 2018, 16.00 Uhr \u2502 Haus der Gro\u00dfregion Die grenz\u00fcberschreitende Mobilit\u00e4t stellt gleicherma\u00dfen Herausforderungen, aber auch Chancen f\u00fcr die Menschen in der Gro\u00dfregion dar. Vielfach bestehen auch im Bildungsbereich besondere Anforderungen f\u00fcr die Grenzg\u00e4nger, etwa, wenn sie ihre Kinder in Einrichtungen im Nachbarstaat unterbringen, oder wenn sie als Sch\u00fcler, Auszubildende oder Studierende ihre Ausbildung im Nachbarland absolvieren m\u00f6chten.","og_url":"https:\/\/www.uni.lu\/fr\/news\/2-forum-grosregion-des-projekts-unigr-center-for-border-studies\/","og_site_name":"UNI FR","article_publisher":"https:\/\/www.facebook.com\/uni.lu","og_image":[{"width":800,"height":600,"url":"https:\/\/www.uni.lu\/wp-content\/uploads\/sites\/11\/2018\/10\/2_forum_grossregion_des_projekts_unigr_center_for_border_studies.jpg","type":"image\/jpeg"}],"twitter_card":"summary_large_image","twitter_misc":{"Dur\u00e9e de lecture estim\u00e9e":"4 minutes"},"schema":{"@context":"https:\/\/schema.org","@graph":[{"@type":"NewsArticle","@id":"https:\/\/www.uni.lu\/fr\/news\/2-forum-grosregion-des-projekts-unigr-center-for-border-studies\/#article","isPartOf":{"@id":"https:\/\/www.uni.lu\/fr\/news\/2-forum-grosregion-des-projekts-unigr-center-for-border-studies\/"},"author":{"name":"","@id":""},"headline":"2. Forum Gro\u00dfregion des Projekts UniGR-Center for Border Studies","datePublished":"2018-10-18T11:48:14+00:00","dateModified":"2018-10-18T11:48:14+00:00","mainEntityOfPage":{"@id":"https:\/\/www.uni.lu\/fr\/news\/2-forum-grosregion-des-projekts-unigr-center-for-border-studies\/"},"wordCount":784,"publisher":{"@id":"https:\/\/www.uni.lu\/fr\/#organization"},"inLanguage":"fr-FR"},{"@type":"WebPage","@id":"https:\/\/www.uni.lu\/fr\/news\/2-forum-grosregion-des-projekts-unigr-center-for-border-studies\/","url":"https:\/\/www.uni.lu\/fr\/news\/2-forum-grosregion-des-projekts-unigr-center-for-border-studies\/","name":"2. Forum Gro\u00dfregion des Projekts UniGR-Center for Border Studies - Universit\u00e9 du Luxembourg","isPartOf":{"@id":"https:\/\/www.uni.lu\/fr\/#website"},"datePublished":"2018-10-18T11:48:14+00:00","dateModified":"2018-10-18T11:48:14+00:00","description":"'REALIT\u00c4TEN UND VISIONEN DER GRENZ\u00dcBERSCHREITENDEN MOBILIT\u00c4T IM BILDUNGSBEREICH' 7. November 2018, 16.00 Uhr \u2502 Haus der Gro\u00dfregion Die grenz\u00fcberschreitende Mobilit\u00e4t stellt gleicherma\u00dfen Herausforderungen, aber auch Chancen f\u00fcr die Menschen in der Gro\u00dfregion dar. Vielfach bestehen auch im Bildungsbereich besondere Anforderungen f\u00fcr die Grenzg\u00e4nger, etwa, wenn sie ihre Kinder in Einrichtungen im Nachbarstaat unterbringen, oder wenn sie als Sch\u00fcler, Auszubildende oder Studierende ihre Ausbildung im Nachbarland absolvieren m\u00f6chten.","breadcrumb":{"@id":"https:\/\/www.uni.lu\/fr\/news\/2-forum-grosregion-des-projekts-unigr-center-for-border-studies\/#breadcrumb"},"inLanguage":"fr-FR","potentialAction":[{"@type":"ReadAction","target":["https:\/\/www.uni.lu\/fr\/news\/2-forum-grosregion-des-projekts-unigr-center-for-border-studies\/"]}]},{"@type":"BreadcrumbList","@id":"https:\/\/www.uni.lu\/fr\/news\/2-forum-grosregion-des-projekts-unigr-center-for-border-studies\/#breadcrumb","itemListElement":[{"@type":"ListItem","position":1,"name":"Home","item":"https:\/\/www.uni.lu\/fr\/"},{"@type":"ListItem","position":2,"name":"News","item":"https:\/\/www.uni.lu\/fr\/news\/"},{"@type":"ListItem","position":3,"name":"2. Forum Gro\u00dfregion des Projekts UniGR-Center for Border Studies"}]},{"@type":"WebSite","@id":"https:\/\/www.uni.lu\/fr\/#website","url":"https:\/\/www.uni.lu\/fr\/","name":"Uni.lu","description":"Universit\u00e9 du Luxembourg","publisher":{"@id":"https:\/\/www.uni.lu\/fr\/#organization"},"alternateName":"Universit\u00e9 du Luxembourg","potentialAction":[{"@type":"SearchAction","target":{"@type":"EntryPoint","urlTemplate":"https:\/\/www.uni.lu\/fr\/?s={search_term_string}"},"query-input":"required name=search_term_string"}],"inLanguage":"fr-FR"},{"@type":"Organization","@id":"https:\/\/www.uni.lu\/fr\/#organization","name":"Universit\u00e9 du Luxembourg","alternateName":"Uni.lu","url":"https:\/\/www.uni.lu\/fr\/","logo":{"@type":"ImageObject","inLanguage":"fr-FR","@id":"https:\/\/www.uni.lu\/fr\/#\/schema\/logo\/image\/","url":"https:\/\/www.uni.lu\/wp-content\/uploads\/sites\/11\/2026\/03\/03120045\/UNIV_SM-Profile_1600x1600px-scaled.jpg","contentUrl":"https:\/\/www.uni.lu\/wp-content\/uploads\/sites\/11\/2026\/03\/03120045\/UNIV_SM-Profile_1600x1600px-scaled.jpg","width":2560,"height":2560,"caption":"Universit\u00e9 du Luxembourg"},"image":"https:\/\/www.uni.lu\/wp-content\/uploads\/sites\/11\/2026\/04\/24120552\/20200609-Belval-Campus_Henri-Goergen-23.jpg","sameAs":["https:\/\/www.facebook.com\/uni.lu","https:\/\/www.linkedin.com\/school\/university-of-luxembourg\/","https:\/\/www.instagram.com\/uni.lu","https:\/\/www.youtube.com\/@uni_lu","https:\/\/en.wikipedia.org\/wiki\/University_of_Luxembourg"],"email":"communication@uni.lu","telephone":"+352 46 66 44 1","address":{"@type":"PostalAddress","streetAddress":"2, place de l\u2019Universit\u00e9","addressLocality":"Esch-sur-Alzette","postalCode":"4365","addressCountry":"LU"},"description":"Universit\u00e9 du Luxembourg"}]}},"blog_id":11,"_links":{"self":[{"href":"https:\/\/www.uni.lu\/fr\/wp-json\/wp\/v2\/news\/259"}],"collection":[{"href":"https:\/\/www.uni.lu\/fr\/wp-json\/wp\/v2\/news"}],"about":[{"href":"https:\/\/www.uni.lu\/fr\/wp-json\/wp\/v2\/types\/news"}],"version-history":[{"count":0,"href":"https:\/\/www.uni.lu\/fr\/wp-json\/wp\/v2\/news\/259\/revisions"}],"wp:attachment":[{"href":"https:\/\/www.uni.lu\/fr\/wp-json\/wp\/v2\/media?parent=259"}],"wp:term":[{"taxonomy":"news-category","embeddable":true,"href":"https:\/\/www.uni.lu\/fr\/wp-json\/wp\/v2\/news-category?post=259"},{"taxonomy":"news-topic","embeddable":true,"href":"https:\/\/www.uni.lu\/fr\/wp-json\/wp\/v2\/news-topic?post=259"},{"taxonomy":"organisation","embeddable":true,"href":"https:\/\/www.uni.lu\/fr\/wp-json\/wp\/v2\/organisation?post=259"}],"curies":[{"name":"wp","href":"https:\/\/api.w.org\/{rel}","templated":true}]}}