{"id":2482,"date":"2023-09-13T11:28:48","date_gmt":"2023-09-13T09:28:48","guid":{"rendered":"https:\/\/www.uni.lu\/fr\/?post_type=news&#038;p=2482"},"modified":"2024-08-09T13:56:54","modified_gmt":"2024-08-09T11:56:54","slug":"the-university-of-luxembourg-is-celebrating-its-anniversary","status":"publish","type":"news","link":"https:\/\/www.uni.lu\/fr\/news\/the-university-of-luxembourg-is-celebrating-its-anniversary\/","title":{"rendered":"L\u2019Universit\u00e9 du Luxembourg c\u00e9l\u00e8bre son anniversaire"},"content":{"rendered":"\n<section class=\"py-0 wp-block-unilux-blocks-free-section section\"><div class=\"container xl:max-w-screen-xl\"><div class=\"wp-block-unilux-blocks-spacer is-spacer-size-lg\"><\/div>\n\n\n<h2 class=\"has-text-align-left wp-block-unilux-blocks-heading\"        id=\"20-ans-dedies-aux-etudiants-a-la-recherche-et-a-la-societe\"\n    >\n20 ans d\u00e9di\u00e9s aux \u00e9tudiants, \u00e0 la recherche et \u00e0 la soci\u00e9t\u00e9<\/h2>\n\n\n\n<p>Cette ann\u00e9e marque le 20e anniversaire de l&rsquo;Universit\u00e9 du Luxembourg. Une occasion de c\u00e9l\u00e9brer les \u00e9tapes importantes et les r\u00e9ussites, mais surtout de saluer les personnes qui ont contribu\u00e9 au fil des ans au succ\u00e8s de l\u2019Universit\u00e9.<\/p>\n\n\n\n<p>La loi portant cr\u00e9ation de l\u2019Universit\u00e9 du Luxembourg a \u00e9t\u00e9 adopt\u00e9e en ao\u00fbt 2003, marquant le d\u00e9but d&rsquo;un voyage fascinant, celui de cr\u00e9er la seule universit\u00e9 publique du pays. La nouvelle institution se voulait orient\u00e9e sur la recherche, internationale et multilingue. On lui confie le r\u00f4le d&rsquo;attirer des talents au Luxembourg et d\u2019offrir des \u00e9tudes sup\u00e9rieures dans des domaines d&rsquo;int\u00e9r\u00eat pour le pays et la soci\u00e9t\u00e9 en g\u00e9n\u00e9ral. L\u2019objectif est que l\u2019Universit\u00e9 contribue \u00e0 faire du Luxembourg une soci\u00e9t\u00e9 de la connaissance.<\/p>\n\n\n\n<p>20 ans plus tard, l&rsquo;Universit\u00e9 est rest\u00e9e fid\u00e8le \u00e0 ses principes originels. La jeune institution dynamique est aujourd&rsquo;hui une universit\u00e9 de recherche internationale, au caract\u00e8re r\u00e9solument multilingue et interdisciplinaire, et reconnue dans les classements universitaires mondiaux. L&rsquo;Universit\u00e9 compte aujourd&rsquo;hui 6 000 \u00e9tudiants, dont 1 000 doctorants auxquels s\u2019ajoutent 1 000 participants aux formations continues. Au total 130 nationalit\u00e9s sont repr\u00e9sent\u00e9es. L&rsquo;Universit\u00e9 emploie plus de 2 400 personnes et son r\u00e9seau de dipl\u00f4m\u00e9s compte 14 000 alumni, qui travaillent au Luxembourg et \u00e0 l\u2019\u00e9tranger.<\/p>\n\n\n\n<h2 class=\"has-text-align-left wp-block-unilux-blocks-heading\"        id=\"troisieme-enquete-sur-la-perception-de-luniversite-du-luxembourg\"\n    >\nTroisi\u00e8me enqu\u00eate sur la perception de l\u2019Universit\u00e9 du Luxembourg<\/h2>\n\n\n\n<p>\u00ab <em>Aujourd&rsquo;hui, l&rsquo;Universit\u00e9 est au service du pays et est un partenaire strat\u00e9gique qui aide le Luxembourg \u00e0 fa\u00e7onner son avenir. Elle est aussi l&rsquo;un des plus grands employeurs du Grand-Duch\u00e9<\/em> \u00bb, a d\u00e9clar\u00e9 le recteur Jens Kreisel. \u00ab <em>C\u2019est notre personnel, nos \u00e9tudiants et nos alumni, nos partenaires ainsi que le pays entier qui ont rendu cela possible. L&rsquo;Universit\u00e9 exprime sa gratitude \u00e0 tous ceux qui ont eu confiance en cette vision et ont contribu\u00e9 \u00e0 son d\u00e9veloppement.<\/em> \u00bb<\/p>\n\n\n\n<p>Selon la troisi\u00e8me enqu\u00eate de perception nationale r\u00e9alis\u00e9e r\u00e9cemment par l&rsquo;ILRES pour le compte de l&rsquo;Universit\u00e9, 99% des personnes interrog\u00e9es consid\u00e8rent que c\u2019est une excellente, une tr\u00e8s bonne ou une bonne chose que le Luxembourg ait sa propre universit\u00e9 (85% la jugent excellente ou tr\u00e8s bonne). Par ailleurs, 86% consid\u00e8rent qu&rsquo;elle contribue \u00e0 attirer des talents dans le pays et 69% consid\u00e8rent qu&rsquo;un dipl\u00f4me de l&rsquo;Universit\u00e9 du Luxembourg constitue un avantage sur le march\u00e9 du travail. Environ 70% des personnes interrog\u00e9es pensent que l&rsquo;Universit\u00e9 a un impact positif ou tr\u00e8s positif sur l&rsquo;\u00e9conomie, l&rsquo;\u00e9ducation nationale et l&#8217;emploi au Luxembourg.<\/p>\n\n\n\n<h2 class=\"has-text-align-left wp-block-unilux-blocks-heading\"        id=\"la-recherche-pour-tous-serie-de-conferences-publiques-20-years-of-ideas\"\n    >\nLa recherche pour tous : S\u00e9rie de conf\u00e9rences publiques \u201c20 Years of Ideas\u201d<\/h2>\n<\/div><\/section>\n\n\n<section class=\"section section pb-0 wp-block-unilux-blocks-page-intro py-0\">\n    \n<div class=\"wp-block-unilux-blocks-wrapper container xl:max-w-screen-xl\">\n<div class=\"wp-block-unilux-blocks-wrapper flex flex-wrap -mx-16\">\n<div class=\"wp-block-unilux-blocks-wrapper flex-1 mb-48 px-16\">\n<h1 class=\"has-text-align-left wp-block-unilux-blocks-heading\"    >\n<\/h1>\n\n\n\n<p>Le 14 septembre, l\u2019Universit\u00e9 lance les activit\u00e9s pour c\u00e9l\u00e9brer cet anniversaire avec une c\u00e9r\u00e9monie officielle pour les partenaires, les donateurs, le personnel et les membres de la soci\u00e9t\u00e9 civile sur le campus de Belval, en pr\u00e9sence de Son Altesse Royale le Grand-Duc.<br><br>Tous les citoyens int\u00e9ress\u00e9s pourront d\u00e9couvrir la recherche et des personnalit\u00e9s de l\u2019Universit\u00e9 \u00e0 travers la s\u00e9rie de conf\u00e9rences publiques \u201c20 Years of Ideas\u201d. Les chercheurs y pr\u00e9senteront des d\u00e9couvertes et des solutions dans divers sujets d\u2019int\u00e9r\u00eat pour la soci\u00e9t\u00e9 : de la fintech au droit public, de la vision artificielle au march\u00e9 immobilier, de la biom\u00e9decine \u00e0 l\u2019histoire num\u00e9rique, de l\u2019\u00e9thique num\u00e9rique \u00e0 la finance inclusive, et bien plus encore.<br><br>Les conf\u00e9rences se tiendront du 21 septembre au 29 f\u00e9vrier 2024.<\/p>\n\n\n\n<ul class=\"wp-block-unilux-blocks-custom-buttons btn-list\"><\/ul>\n<\/div>\n\n\n\n<div class=\"wp-block-unilux-blocks-wrapper w-full md:w-auto px-16\">\n<div class=\"wp-block-unilux-blocks-wrapper flex flex-col items-center\">\n<h2 class=\"text-h4 has-text-align-left wp-block-unilux-blocks-heading\"        id=\"telechargez\"\n    >\nT\u00e9l\u00e9chargez<\/h2>\n\n\n<a class=\"wp-block-unilux-blocks-button-highlight-square\"\n    href=\"https:\/\/www.uni.lu\/wp-content\/uploads\/sites\/9\/2023\/09\/20th_Anniversary_Lecture_Series_Brochure.pdf\"\n    target=\"_blank\"\n>\n    <span class=\"btn-highlight-square__container\">\n        <div class=\"btn-highlight-square__body\">\n    <svg aria-hidden=\"true\" focusable=\"false\" class=\"icon icon-outline icon--download-link icon--xl\"><use xlink:href=\"https:\/\/www.uni.lu\/wp-content\/themes\/unilux-theme\/assets\/images\/icons\/icons-outline.svg#icon--download-link\"><\/use><\/svg>    <span class=\"btn btn--dark\">\n        \n<span class=\"btn__name wp-block-unilux-blocks-plain-text\">Livret des conf\u00e9rences<\/span>    <\/span>\n<\/div><figure class=\"wp-block-dev4-reusable-blocks-image image-bg object-fit--cover\">\n    \n<img decoding=\"async\" class=\"wp-block-image unilux-custom-image-block\"\n                alt=\"\"\n            src=\"https:\/\/www.uni.lu\/wp-content\/uploads\/sites\/11\/2023\/09\/pdf-download.png\"\n                srcset=\"https:\/\/www.uni.lu\/wp-content\/uploads\/sites\/11\/2023\/09\/pdf-download.png 240w, https:\/\/www.uni.lu\/wp-content\/uploads\/sites\/11\/2023\/09\/pdf-download-150x150.png 150w\"\n                style=\"object-position: 50.00% 50.00%; font-family: &quot;object-fit: cover; object-position: 50.00% 50.00%;&quot;; aspect-ratio: 3\/4; object-fit: cover; width: 100%;\"\n        loading=\"lazy\"\n\/>    <\/figure>    <\/span>\n<\/a><\/div>\n<\/div>\n<\/div>\n<\/div>\n<\/section>\n\n\n<section class=\"py-0 wp-block-unilux-blocks-free-section section\"><div class=\"container xl:max-w-screen-xl\">\n<h2 class=\"has-text-align-left wp-block-unilux-blocks-heading\"        id=\"portes-ouvertes-luxembourg-on-17-september\"\n    >\nPortes Ouvertes Luxembourg on 17 September<\/h2>\n\n\n\n<p>Ce dimanche 17 septembre, entrez dans les coulisses du campus du Kirchberg dans le cadre des Portes Ouvertes Luxembourg. La Facult\u00e9 des Sciences, des Technologies et de M\u00e9decine (FSTM) et l&rsquo;Interdisciplinary Centre for Security, Reliability and Trust (SnT) pr\u00e9senteront leur enseignement et recherche de pointe en sciences et technologies. Les visiteurs pourront interagir avec des drones et un chien robot, construire des spectrom\u00e8tres, comprendre le traitement des eaux us\u00e9es et la communication par satellite, et m\u00eame faire l&rsquo;exp\u00e9rience de l\u2019apesanteur.<\/p>\n\n\n\n<p>En parall\u00e8le, des t\u00e9moignages vid\u00e9o de 20 alumni seront diffus\u00e9s en ligne au cours des prochaines semaines, illustrant la grande vari\u00e9t\u00e9 d&rsquo;\u00e9tudes et les carri\u00e8res passionnantes des dipl\u00f4m\u00e9s de Bachelor, de Master et des doctorants, de l&rsquo;Universit\u00e9 du Luxembourg, au Luxembourg et \u00e0 l&rsquo;\u00e9tranger.<\/p>\n\n\n\n<p>Toutes les activit\u00e9s sont pr\u00e9sent\u00e9es sur la <a href=\"https:\/\/www.uni.lu\/en\/20th-anniversary-of-the-university\/\">page des 20 ans<\/a>.<\/p>\n\n\n\n<h3 class=\"has-text-align-left wp-block-unilux-blocks-heading\"        id=\"press-kit\"\n    >\nPress kit<\/h3>\n\n\n\n<ul class=\"ulux-list\">\n<li class=\"ulux-list-item\"><a href=\"https:\/\/www.uni.lu\/wp-content\/uploads\/sites\/9\/2023\/09\/Public_Lecture_Series_Event_Calendar.docx\" target=\"_blank\" rel=\"noreferrer noopener\">Livret de la s\u00e9rie de conf\u00e9rences publiques<\/a> (document Word)<\/li>\n\n\n\n<li class=\"ulux-list-item\"><a href=\"https:\/\/www.uni.lu\/wp-content\/uploads\/sites\/9\/2023\/09\/University_of_Luxembourg_facts_and_figures_2023.pdf\" target=\"_blank\" rel=\"noreferrer noopener\">Fiche d&rsquo;information sur l&rsquo;Universit\u00e9<\/a> (PDF)<\/li>\n\n\n\n<li class=\"ulux-list-item\"><a href=\"https:\/\/www.uni.lu\/wp-content\/uploads\/sites\/9\/2023\/09\/20_Years_Anniversary_press_kit_3800px.png\" target=\"_blank\" rel=\"noreferrer noopener\">Visuel des 20 ans<\/a> (jpg)<\/li>\n<\/ul>\n\n\n\n<h3 class=\"has-text-align-left wp-block-unilux-blocks-heading\"        id=\"un-peu-dhistoire\"\n    >\nUn peu d\u2019histoire\u2026<\/h3>\n\n\n\n<p>De nombreuses \u00e9tapes ont fa\u00e7onn\u00e9 les 20 premi\u00e8res ann\u00e9es de l\u2019Universit\u00e9. Tout d&rsquo;abord, la cr\u00e9ation de ses facult\u00e9s (aujourd\u2019hui la Facult\u00e9 des Sciences, des Technologies et de M\u00e9decine, la Facult\u00e9 des Sciences Humaines, des Sciences de l\u2019\u00c9ducation et des Sciences Sociales, la Facult\u00e9 de Droit, d\u2019\u00c9conomie et de Finance).<\/p>\n\n\n\n<p>En 2005, le premier plan strat\u00e9gique quadriennal est pr\u00e9sent\u00e9 et Belval \u2013 \u00e0 l&rsquo;\u00e9poque un projet d&rsquo;urbanisation industrielle \u2013 est d\u00e9sign\u00e9 comme futur si\u00e8ge et campus principal de l\u2019Universit\u00e9.<\/p>\n\n\n\n<p>En 2009, deux centres de recherche sont cr\u00e9\u00e9s, l\u2019Interdisciplinary Centre for Security, Reliability and Trust (SnT) et le Luxembourg Centre for Systems Biomedicine (LCSB). En 2016, le troisi\u00e8me centre de recherche est inaugur\u00e9, le Luxembourg Centre for Contemporary and Digital History (C\u00b2DH), et deux autres centres de recherche seront inaugur\u00e9s en 2024.<\/p>\n\n\n\n<p>En 2012, le cadre pour la formation doctorale est approuv\u00e9 par le Conseil de gouvernance, donnant lieu \u00e0 la cr\u00e9ation de la premi\u00e8re \u00e9cole doctorale (de droit).<br>En 2015, le campus de Belval est inaugur\u00e9 lors d&rsquo;une c\u00e9r\u00e9monie officielle en pr\u00e9sence de Son Altesse Royale le Grand-Duc.<\/p>\n\n\n\n<p>En 2018, l&rsquo;Universit\u00e9 signe sa premi\u00e8re convention collective avec le syndicat OGBL. La biblioth\u00e8que universitaire, le Luxembourg Learning Centre, est inaugur\u00e9e \u00e0 Belval.<br>En 2020, dans le cadre de la pand\u00e9mie, l\u2019Universit\u00e9 passe temporairement \u00e0 un mode d\u2019enseignement et de travail enti\u00e8rement virtuel. En septembre, le programme d&rsquo;\u00e9tudes de m\u00e9decine tant attendu d\u00e9bute avec un Bachelor en m\u00e9decine.<\/p>\n\n\n\n<p>D\u2019autres jalons peuvent \u00eatre consult\u00e9s sur le <a href=\"https:\/\/www.uni.lu\/en\/about\/profile\/history\/\">site de l\u2019Universit\u00e9<\/a>.<\/p>\n<\/div><\/section>\n","protected":false},"excerpt":{"rendered":"","protected":false},"author":42,"featured_media":2486,"template":"","format":"standard","meta":{"featured_image_focal_point":[],"show_featured_caption":false,"ulux_newsletter_groups":"","uluxPostTitle":"","uluxPrePostTitle":"","_trash_the_other_posts":false,"_price":"","_stock":"","_tribe_ticket_header":"","_tribe_default_ticket_provider":"","_tribe_ticket_capacity":"0","_ticket_start_date":"","_ticket_end_date":"","_tribe_ticket_show_description":"","_tribe_ticket_show_not_going":false,"_tribe_ticket_use_global_stock":"","_tribe_ticket_global_stock_level":"","_global_stock_mode":"","_global_stock_cap":"","_tribe_rsvp_for_event":"","_tribe_ticket_going_count":"","_tribe_ticket_not_going_count":"","_tribe_tickets_list":"[]","_tribe_ticket_has_attendee_info_fields":false},"news-category":[3],"news-topic":[],"organisation":[],"authorship":[42],"acf":[],"yoast_head":"<!-- This site is optimized with the Yoast SEO Premium plugin v22.3 (Yoast SEO v22.3) - https:\/\/yoast.com\/wordpress\/plugins\/seo\/ -->\n<title>L\u2019Universit\u00e9 du Luxembourg c\u00e9l\u00e8bre son anniversaire - Universit\u00e9 du Luxembourg<\/title>\n<meta name=\"description\" content=\"Cette ann\u00e9e marque le 20e anniversaire de l&#039;Universit\u00e9 du Luxembourg. Une occasion de c\u00e9l\u00e9brer les \u00e9tapes importantes et les r\u00e9ussites, mais surtout de\" \/>\n<meta name=\"robots\" content=\"index, follow, max-snippet:-1, max-image-preview:large, max-video-preview:-1\" \/>\n<link rel=\"canonical\" href=\"https:\/\/www.uni.lu\/fr\/news\/the-university-of-luxembourg-is-celebrating-its-anniversary\/\" \/>\n<meta property=\"og:locale\" content=\"fr_FR\" \/>\n<meta property=\"og:type\" content=\"article\" \/>\n<meta property=\"og:title\" content=\"L\u2019Universit\u00e9 du Luxembourg c\u00e9l\u00e8bre son anniversaire\" \/>\n<meta property=\"og:description\" content=\"Cette ann\u00e9e marque le 20e anniversaire de l&#039;Universit\u00e9 du Luxembourg. Une occasion de c\u00e9l\u00e9brer les \u00e9tapes importantes et les r\u00e9ussites, mais surtout de\" \/>\n<meta property=\"og:url\" content=\"https:\/\/www.uni.lu\/fr\/news\/the-university-of-luxembourg-is-celebrating-its-anniversary\/\" \/>\n<meta property=\"og:site_name\" content=\"UNI FR\" \/>\n<meta property=\"article:publisher\" content=\"https:\/\/www.facebook.com\/uni.lu\" \/>\n<meta property=\"article:modified_time\" content=\"2024-08-09T11:56:54+00:00\" \/>\n<meta property=\"og:image\" content=\"https:\/\/www.uni.lu\/wp-content\/uploads\/sites\/11\/2023\/09\/Univirsite_du_Luxembourg_Anniversaire_20_Ans.jpg\" \/>\n\t<meta property=\"og:image:width\" content=\"2560\" \/>\n\t<meta property=\"og:image:height\" content=\"1601\" \/>\n\t<meta property=\"og:image:type\" content=\"image\/jpeg\" \/>\n<meta name=\"twitter:card\" content=\"summary_large_image\" \/>\n<meta name=\"twitter:label1\" content=\"Dur\u00e9e de lecture estim\u00e9e\" \/>\n\t<meta name=\"twitter:data1\" content=\"5 minutes\" \/>\n<script type=\"application\/ld+json\" class=\"yoast-schema-graph\">{\"@context\":\"https:\/\/schema.org\",\"@graph\":[{\"@type\":\"NewsArticle\",\"@id\":\"https:\/\/www.uni.lu\/fr\/news\/the-university-of-luxembourg-is-celebrating-its-anniversary\/#article\",\"isPartOf\":{\"@id\":\"https:\/\/www.uni.lu\/fr\/news\/the-university-of-luxembourg-is-celebrating-its-anniversary\/\"},\"author\":{\"name\":\"svankelst\",\"@id\":\"https:\/\/www.uni.lu\/fr\/#\/schema\/person\/bbacc9db2c68a323b1a3cbdab743cd0c\"},\"headline\":\"L\u2019Universit\u00e9 du Luxembourg c\u00e9l\u00e8bre son anniversaire\",\"datePublished\":\"2023-09-13T09:28:48+00:00\",\"dateModified\":\"2024-08-09T11:56:54+00:00\",\"mainEntityOfPage\":{\"@id\":\"https:\/\/www.uni.lu\/fr\/news\/the-university-of-luxembourg-is-celebrating-its-anniversary\/\"},\"wordCount\":1032,\"publisher\":{\"@id\":\"https:\/\/www.uni.lu\/fr\/#organization\"},\"image\":{\"@id\":\"https:\/\/www.uni.lu\/fr\/news\/the-university-of-luxembourg-is-celebrating-its-anniversary\/#primaryimage\"},\"thumbnailUrl\":\"https:\/\/www.uni.lu\/wp-content\/uploads\/sites\/11\/2023\/09\/Univirsite_du_Luxembourg_Anniversaire_20_Ans.jpg\",\"inLanguage\":\"fr-FR\"},{\"@type\":\"WebPage\",\"@id\":\"https:\/\/www.uni.lu\/fr\/news\/the-university-of-luxembourg-is-celebrating-its-anniversary\/\",\"url\":\"https:\/\/www.uni.lu\/fr\/news\/the-university-of-luxembourg-is-celebrating-its-anniversary\/\",\"name\":\"L\u2019Universit\u00e9 du Luxembourg c\u00e9l\u00e8bre son anniversaire - Universit\u00e9 du Luxembourg\",\"isPartOf\":{\"@id\":\"https:\/\/www.uni.lu\/fr\/#website\"},\"primaryImageOfPage\":{\"@id\":\"https:\/\/www.uni.lu\/fr\/news\/the-university-of-luxembourg-is-celebrating-its-anniversary\/#primaryimage\"},\"image\":{\"@id\":\"https:\/\/www.uni.lu\/fr\/news\/the-university-of-luxembourg-is-celebrating-its-anniversary\/#primaryimage\"},\"thumbnailUrl\":\"https:\/\/www.uni.lu\/wp-content\/uploads\/sites\/11\/2023\/09\/Univirsite_du_Luxembourg_Anniversaire_20_Ans.jpg\",\"datePublished\":\"2023-09-13T09:28:48+00:00\",\"dateModified\":\"2024-08-09T11:56:54+00:00\",\"description\":\"Cette ann\u00e9e marque le 20e anniversaire de l'Universit\u00e9 du Luxembourg. Une occasion de c\u00e9l\u00e9brer les \u00e9tapes importantes et les r\u00e9ussites, mais surtout de\",\"breadcrumb\":{\"@id\":\"https:\/\/www.uni.lu\/fr\/news\/the-university-of-luxembourg-is-celebrating-its-anniversary\/#breadcrumb\"},\"inLanguage\":\"fr-FR\",\"potentialAction\":[{\"@type\":\"ReadAction\",\"target\":[\"https:\/\/www.uni.lu\/fr\/news\/the-university-of-luxembourg-is-celebrating-its-anniversary\/\"]}]},{\"@type\":\"ImageObject\",\"inLanguage\":\"fr-FR\",\"@id\":\"https:\/\/www.uni.lu\/fr\/news\/the-university-of-luxembourg-is-celebrating-its-anniversary\/#primaryimage\",\"url\":\"https:\/\/www.uni.lu\/wp-content\/uploads\/sites\/11\/2023\/09\/Univirsite_du_Luxembourg_Anniversaire_20_Ans.jpg\",\"contentUrl\":\"https:\/\/www.uni.lu\/wp-content\/uploads\/sites\/11\/2023\/09\/Univirsite_du_Luxembourg_Anniversaire_20_Ans.jpg\",\"width\":2560,\"height\":1601,\"caption\":\"20 years University of Luxembourg\"},{\"@type\":\"BreadcrumbList\",\"@id\":\"https:\/\/www.uni.lu\/fr\/news\/the-university-of-luxembourg-is-celebrating-its-anniversary\/#breadcrumb\",\"itemListElement\":[{\"@type\":\"ListItem\",\"position\":1,\"name\":\"Home\",\"item\":\"https:\/\/www.uni.lu\/fr\/\"},{\"@type\":\"ListItem\",\"position\":2,\"name\":\"News\",\"item\":\"https:\/\/www.uni.lu\/fr\/news\/\"},{\"@type\":\"ListItem\",\"position\":3,\"name\":\"L\u2019Universit\u00e9 du Luxembourg c\u00e9l\u00e8bre son anniversaire\"}]},{\"@type\":\"WebSite\",\"@id\":\"https:\/\/www.uni.lu\/fr\/#website\",\"url\":\"https:\/\/www.uni.lu\/fr\/\",\"name\":\"Uni.lu\",\"description\":\"Universit\u00e9 du Luxembourg\",\"publisher\":{\"@id\":\"https:\/\/www.uni.lu\/fr\/#organization\"},\"alternateName\":\"Universit\u00e9 du Luxembourg\",\"potentialAction\":[{\"@type\":\"SearchAction\",\"target\":{\"@type\":\"EntryPoint\",\"urlTemplate\":\"https:\/\/www.uni.lu\/fr\/?s={search_term_string}\"},\"query-input\":\"required name=search_term_string\"}],\"inLanguage\":\"fr-FR\"},{\"@type\":\"Organization\",\"@id\":\"https:\/\/www.uni.lu\/fr\/#organization\",\"name\":\"Universit\u00e9 du Luxembourg\",\"alternateName\":\"Uni.lu\",\"url\":\"https:\/\/www.uni.lu\/fr\/\",\"logo\":{\"@type\":\"ImageObject\",\"inLanguage\":\"fr-FR\",\"@id\":\"https:\/\/www.uni.lu\/fr\/#\/schema\/logo\/image\/\",\"url\":\"https:\/\/www.uni.lu\/wp-content\/uploads\/sites\/11\/2026\/03\/03120045\/UNIV_SM-Profile_1600x1600px-scaled.jpg\",\"contentUrl\":\"https:\/\/www.uni.lu\/wp-content\/uploads\/sites\/11\/2026\/03\/03120045\/UNIV_SM-Profile_1600x1600px-scaled.jpg\",\"width\":2560,\"height\":2560,\"caption\":\"Universit\u00e9 du Luxembourg\"},\"image\":\"https:\/\/www.uni.lu\/wp-content\/uploads\/sites\/11\/2026\/04\/24120552\/20200609-Belval-Campus_Henri-Goergen-23.jpg\",\"sameAs\":[\"https:\/\/www.facebook.com\/uni.lu\",\"https:\/\/www.linkedin.com\/school\/university-of-luxembourg\/\",\"https:\/\/www.instagram.com\/uni.lu\",\"https:\/\/www.youtube.com\/@uni_lu\",\"https:\/\/en.wikipedia.org\/wiki\/University_of_Luxembourg\"],\"email\":\"communication@uni.lu\",\"telephone\":\"+352 46 66 44 1\",\"address\":{\"@type\":\"PostalAddress\",\"streetAddress\":\"2, place de l\u2019Universit\u00e9\",\"addressLocality\":\"Esch-sur-Alzette\",\"postalCode\":\"4365\",\"addressCountry\":\"LU\"},\"description\":\"Universit\u00e9 du Luxembourg\"},{\"@type\":\"Person\",\"@id\":\"https:\/\/www.uni.lu\/fr\/#\/schema\/person\/bbacc9db2c68a323b1a3cbdab743cd0c\",\"name\":\"svankelst\",\"image\":{\"@type\":\"ImageObject\",\"inLanguage\":\"fr-FR\",\"@id\":\"https:\/\/www.uni.lu\/fr\/#\/schema\/person\/image\/\",\"url\":\"https:\/\/secure.gravatar.com\/avatar\/54b090610f90377561821e2f82f83b9f?s=96&d=mm&r=g\",\"contentUrl\":\"https:\/\/secure.gravatar.com\/avatar\/54b090610f90377561821e2f82f83b9f?s=96&d=mm&r=g\",\"caption\":\"svankelst\"}}]}<\/script>\n<!-- \/ Yoast SEO Premium plugin. -->","yoast_head_json":{"title":"L\u2019Universit\u00e9 du Luxembourg c\u00e9l\u00e8bre son anniversaire - Universit\u00e9 du Luxembourg","description":"Cette ann\u00e9e marque le 20e anniversaire de l'Universit\u00e9 du Luxembourg. Une occasion de c\u00e9l\u00e9brer les \u00e9tapes importantes et les r\u00e9ussites, mais surtout de","robots":{"index":"index","follow":"follow","max-snippet":"max-snippet:-1","max-image-preview":"max-image-preview:large","max-video-preview":"max-video-preview:-1"},"canonical":"https:\/\/www.uni.lu\/fr\/news\/the-university-of-luxembourg-is-celebrating-its-anniversary\/","og_locale":"fr_FR","og_type":"article","og_title":"L\u2019Universit\u00e9 du Luxembourg c\u00e9l\u00e8bre son anniversaire","og_description":"Cette ann\u00e9e marque le 20e anniversaire de l'Universit\u00e9 du Luxembourg. Une occasion de c\u00e9l\u00e9brer les \u00e9tapes importantes et les r\u00e9ussites, mais surtout de","og_url":"https:\/\/www.uni.lu\/fr\/news\/the-university-of-luxembourg-is-celebrating-its-anniversary\/","og_site_name":"UNI FR","article_publisher":"https:\/\/www.facebook.com\/uni.lu","article_modified_time":"2024-08-09T11:56:54+00:00","og_image":[{"width":2560,"height":1601,"url":"https:\/\/www.uni.lu\/wp-content\/uploads\/sites\/11\/2023\/09\/Univirsite_du_Luxembourg_Anniversaire_20_Ans.jpg","type":"image\/jpeg"}],"twitter_card":"summary_large_image","twitter_misc":{"Dur\u00e9e de lecture estim\u00e9e":"5 minutes"},"schema":{"@context":"https:\/\/schema.org","@graph":[{"@type":"NewsArticle","@id":"https:\/\/www.uni.lu\/fr\/news\/the-university-of-luxembourg-is-celebrating-its-anniversary\/#article","isPartOf":{"@id":"https:\/\/www.uni.lu\/fr\/news\/the-university-of-luxembourg-is-celebrating-its-anniversary\/"},"author":{"name":"svankelst","@id":"https:\/\/www.uni.lu\/fr\/#\/schema\/person\/bbacc9db2c68a323b1a3cbdab743cd0c"},"headline":"L\u2019Universit\u00e9 du Luxembourg c\u00e9l\u00e8bre son anniversaire","datePublished":"2023-09-13T09:28:48+00:00","dateModified":"2024-08-09T11:56:54+00:00","mainEntityOfPage":{"@id":"https:\/\/www.uni.lu\/fr\/news\/the-university-of-luxembourg-is-celebrating-its-anniversary\/"},"wordCount":1032,"publisher":{"@id":"https:\/\/www.uni.lu\/fr\/#organization"},"image":{"@id":"https:\/\/www.uni.lu\/fr\/news\/the-university-of-luxembourg-is-celebrating-its-anniversary\/#primaryimage"},"thumbnailUrl":"https:\/\/www.uni.lu\/wp-content\/uploads\/sites\/11\/2023\/09\/Univirsite_du_Luxembourg_Anniversaire_20_Ans.jpg","inLanguage":"fr-FR"},{"@type":"WebPage","@id":"https:\/\/www.uni.lu\/fr\/news\/the-university-of-luxembourg-is-celebrating-its-anniversary\/","url":"https:\/\/www.uni.lu\/fr\/news\/the-university-of-luxembourg-is-celebrating-its-anniversary\/","name":"L\u2019Universit\u00e9 du Luxembourg c\u00e9l\u00e8bre son anniversaire - Universit\u00e9 du Luxembourg","isPartOf":{"@id":"https:\/\/www.uni.lu\/fr\/#website"},"primaryImageOfPage":{"@id":"https:\/\/www.uni.lu\/fr\/news\/the-university-of-luxembourg-is-celebrating-its-anniversary\/#primaryimage"},"image":{"@id":"https:\/\/www.uni.lu\/fr\/news\/the-university-of-luxembourg-is-celebrating-its-anniversary\/#primaryimage"},"thumbnailUrl":"https:\/\/www.uni.lu\/wp-content\/uploads\/sites\/11\/2023\/09\/Univirsite_du_Luxembourg_Anniversaire_20_Ans.jpg","datePublished":"2023-09-13T09:28:48+00:00","dateModified":"2024-08-09T11:56:54+00:00","description":"Cette ann\u00e9e marque le 20e anniversaire de l'Universit\u00e9 du Luxembourg. Une occasion de c\u00e9l\u00e9brer les \u00e9tapes importantes et les r\u00e9ussites, mais surtout de","breadcrumb":{"@id":"https:\/\/www.uni.lu\/fr\/news\/the-university-of-luxembourg-is-celebrating-its-anniversary\/#breadcrumb"},"inLanguage":"fr-FR","potentialAction":[{"@type":"ReadAction","target":["https:\/\/www.uni.lu\/fr\/news\/the-university-of-luxembourg-is-celebrating-its-anniversary\/"]}]},{"@type":"ImageObject","inLanguage":"fr-FR","@id":"https:\/\/www.uni.lu\/fr\/news\/the-university-of-luxembourg-is-celebrating-its-anniversary\/#primaryimage","url":"https:\/\/www.uni.lu\/wp-content\/uploads\/sites\/11\/2023\/09\/Univirsite_du_Luxembourg_Anniversaire_20_Ans.jpg","contentUrl":"https:\/\/www.uni.lu\/wp-content\/uploads\/sites\/11\/2023\/09\/Univirsite_du_Luxembourg_Anniversaire_20_Ans.jpg","width":2560,"height":1601,"caption":"20 years University of Luxembourg"},{"@type":"BreadcrumbList","@id":"https:\/\/www.uni.lu\/fr\/news\/the-university-of-luxembourg-is-celebrating-its-anniversary\/#breadcrumb","itemListElement":[{"@type":"ListItem","position":1,"name":"Home","item":"https:\/\/www.uni.lu\/fr\/"},{"@type":"ListItem","position":2,"name":"News","item":"https:\/\/www.uni.lu\/fr\/news\/"},{"@type":"ListItem","position":3,"name":"L\u2019Universit\u00e9 du Luxembourg c\u00e9l\u00e8bre son anniversaire"}]},{"@type":"WebSite","@id":"https:\/\/www.uni.lu\/fr\/#website","url":"https:\/\/www.uni.lu\/fr\/","name":"Uni.lu","description":"Universit\u00e9 du Luxembourg","publisher":{"@id":"https:\/\/www.uni.lu\/fr\/#organization"},"alternateName":"Universit\u00e9 du Luxembourg","potentialAction":[{"@type":"SearchAction","target":{"@type":"EntryPoint","urlTemplate":"https:\/\/www.uni.lu\/fr\/?s={search_term_string}"},"query-input":"required name=search_term_string"}],"inLanguage":"fr-FR"},{"@type":"Organization","@id":"https:\/\/www.uni.lu\/fr\/#organization","name":"Universit\u00e9 du Luxembourg","alternateName":"Uni.lu","url":"https:\/\/www.uni.lu\/fr\/","logo":{"@type":"ImageObject","inLanguage":"fr-FR","@id":"https:\/\/www.uni.lu\/fr\/#\/schema\/logo\/image\/","url":"https:\/\/www.uni.lu\/wp-content\/uploads\/sites\/11\/2026\/03\/03120045\/UNIV_SM-Profile_1600x1600px-scaled.jpg","contentUrl":"https:\/\/www.uni.lu\/wp-content\/uploads\/sites\/11\/2026\/03\/03120045\/UNIV_SM-Profile_1600x1600px-scaled.jpg","width":2560,"height":2560,"caption":"Universit\u00e9 du Luxembourg"},"image":"https:\/\/www.uni.lu\/wp-content\/uploads\/sites\/11\/2026\/04\/24120552\/20200609-Belval-Campus_Henri-Goergen-23.jpg","sameAs":["https:\/\/www.facebook.com\/uni.lu","https:\/\/www.linkedin.com\/school\/university-of-luxembourg\/","https:\/\/www.instagram.com\/uni.lu","https:\/\/www.youtube.com\/@uni_lu","https:\/\/en.wikipedia.org\/wiki\/University_of_Luxembourg"],"email":"communication@uni.lu","telephone":"+352 46 66 44 1","address":{"@type":"PostalAddress","streetAddress":"2, place de l\u2019Universit\u00e9","addressLocality":"Esch-sur-Alzette","postalCode":"4365","addressCountry":"LU"},"description":"Universit\u00e9 du Luxembourg"},{"@type":"Person","@id":"https:\/\/www.uni.lu\/fr\/#\/schema\/person\/bbacc9db2c68a323b1a3cbdab743cd0c","name":"svankelst","image":{"@type":"ImageObject","inLanguage":"fr-FR","@id":"https:\/\/www.uni.lu\/fr\/#\/schema\/person\/image\/","url":"https:\/\/secure.gravatar.com\/avatar\/54b090610f90377561821e2f82f83b9f?s=96&d=mm&r=g","contentUrl":"https:\/\/secure.gravatar.com\/avatar\/54b090610f90377561821e2f82f83b9f?s=96&d=mm&r=g","caption":"svankelst"}}]}},"blog_id":11,"_links":{"self":[{"href":"https:\/\/www.uni.lu\/fr\/wp-json\/wp\/v2\/news\/2482"}],"collection":[{"href":"https:\/\/www.uni.lu\/fr\/wp-json\/wp\/v2\/news"}],"about":[{"href":"https:\/\/www.uni.lu\/fr\/wp-json\/wp\/v2\/types\/news"}],"author":[{"embeddable":true,"href":"https:\/\/www.uni.lu\/fr\/wp-json\/wp\/v2\/users\/42"}],"version-history":[{"count":5,"href":"https:\/\/www.uni.lu\/fr\/wp-json\/wp\/v2\/news\/2482\/revisions"}],"predecessor-version":[{"id":2507,"href":"https:\/\/www.uni.lu\/fr\/wp-json\/wp\/v2\/news\/2482\/revisions\/2507"}],"wp:authorship":[{"embeddable":true,"href":"https:\/\/www.uni.lu\/fr\/wp-json\/wp\/v2\/users\/42"}],"wp:featuredmedia":[{"embeddable":true,"href":"https:\/\/www.uni.lu\/fr\/wp-json\/wp\/v2\/media\/2486"}],"wp:attachment":[{"href":"https:\/\/www.uni.lu\/fr\/wp-json\/wp\/v2\/media?parent=2482"}],"wp:term":[{"taxonomy":"news-category","embeddable":true,"href":"https:\/\/www.uni.lu\/fr\/wp-json\/wp\/v2\/news-category?post=2482"},{"taxonomy":"news-topic","embeddable":true,"href":"https:\/\/www.uni.lu\/fr\/wp-json\/wp\/v2\/news-topic?post=2482"},{"taxonomy":"organisation","embeddable":true,"href":"https:\/\/www.uni.lu\/fr\/wp-json\/wp\/v2\/organisation?post=2482"}],"curies":[{"name":"wp","href":"https:\/\/api.w.org\/{rel}","templated":true}]}}