{"id":2465,"date":"2021-06-22T13:48:00","date_gmt":"2021-06-22T11:48:00","guid":{"rendered":"https:\/\/www.uni.lu\/fr\/?post_type=news&#038;p=2465"},"modified":"2024-10-08T16:05:00","modified_gmt":"2024-10-08T14:05:00","slug":"webinaire-luxembourg-de-lacier-a-leconomie-de-la-connaissance-et-au-dela","status":"publish","type":"news","link":"https:\/\/www.uni.lu\/fr\/news\/webinaire-luxembourg-de-lacier-a-leconomie-de-la-connaissance-et-au-dela\/","title":{"rendered":"Webinaire &#8211; Luxembourg : De l&rsquo;acier \u00e0 l&rsquo;\u00e9conomie de la connaissance et au-del\u00e0"},"content":{"rendered":"\n<section class=\"py-0 wp-block-unilux-blocks-free-section section\"><div class=\"container xl:max-w-screen-xl\">\n<p>Malgr\u00e9 sa petite taille g\u00e9ographique (2 586 km2) et d\u00e9mographique (626 100 habitants au 1er janvier 2020), le Luxembourg poss\u00e8de une \u00e9conomie ouverte, dynamique et innovante qui est l&rsquo;une des plus performantes au niveau international &#8211; en 2019, son PIB par habitant repr\u00e9sentait 261 % de la moyenne europ\u00e9enne et son taux de croissance \u00e9tait le troisi\u00e8me plus \u00e9lev\u00e9 des 28 \u00c9tats membres que comptait alors l&rsquo;UE &#8211; et \u00e9galement l&rsquo;une des moins touch\u00e9es par la crise du COVID-19. Cela s&rsquo;explique par sa structure sectorielle, dans laquelle les activit\u00e9s et services li\u00e9s \u00e0 la place financi\u00e8re, ainsi que les technologies de l&rsquo;information et de la communication, les transports et les services non marchands jouent un r\u00f4le cl\u00e9 ; par l&rsquo;existence d&rsquo;une main-d&rsquo;\u0153uvre hautement qualifi\u00e9e, multilingue et mobile (transfrontali\u00e8re) ; mais aussi par la politique \u00e9conomique proactive men\u00e9e par les autorit\u00e9s du pays tout au long de son histoire. Avec le recul, on constate que le Luxembourg a travers\u00e9 plusieurs transitions et fait face \u00e0 plusieurs crises graves. Apr\u00e8s l&rsquo;\u00e9conomie \u00e0 dominante rurale du XIXe si\u00e8cle, la premi\u00e8re moiti\u00e9 du XXe si\u00e8cle a \u00e9t\u00e9 caract\u00e9ris\u00e9e par une \u00e9conomie industrielle bas\u00e9e sur la sid\u00e9rurgie et la seconde partie du si\u00e8cle par une \u00e9conomie de services centr\u00e9e sur la place financi\u00e8re, pour finalement aboutir \u00e0 l&rsquo;\u00e9mergence d&rsquo;une \u00e9conomie de l&rsquo;information et de la connaissance qui se met progressivement en place au XXIe si\u00e8cle.<\/p>\n\n\n\n<p>Pour r\u00e9fl\u00e9chir \u00e0 l&rsquo;histoire de l&rsquo;\u00e9conomie luxembourgeoise et esquisser des sc\u00e9narios d&rsquo;avenir, l&rsquo;<strong>Europe Direct Information Centre (EDIC)<\/strong>&nbsp; de l&rsquo;Universit\u00e9 du Luxembourg et ses partenaires, <strong>Luxembourg Institute of Socio-Economic&nbsp;Research&nbsp;<\/strong> (LISER) et <strong>Luxembourg national&nbsp;innovation agency Luxinnovation<\/strong>, ont le plaisir de vous inviter au webinaire&nbsp;<strong>\u201cLuxembourg: from steel to the knowledge economy and beyond\u201d<\/strong> le mardi 22 juin 2021 de 14h00 \u00e0 15h30 via Webex.<\/p>\n\n\n\n<h5 class=\"has-text-align-left wp-block-unilux-blocks-heading\"        id=\"programme\"\n    >\nProgramme<\/h5>\n\n\n\n<ul class=\"ulux-list\">\n<li class=\"ulux-list-item\"><strong>14:00 \u2013 Remarques introductives \u2013 Dr Elena Danescu<\/strong>, Coordinatrice de l&rsquo;EDIC University of Luxembourg<\/li>\n\n\n\n<li class=\"ulux-list-item\"><strong>14:10 \u2013 \u201cLuxembourg: The path from the steel economy to the knowledge economy\u201d &#8211; Dr Franz Cl\u00e9ment<\/strong>, Chercheur \u00e0 la Luxembourg Institute of Socio-Economic Research (LISER)<\/li>\n\n\n\n<li class=\"ulux-list-item\"><strong>14:55 \u2013 \u201cLooking always to the future\u201d<\/strong>&nbsp;(<strong>Luxinnovation<\/strong>&nbsp;role in building an innovation-based economy in Luxembourg) \u2013 Documentaire audio-visuel<\/li>\n\n\n\n<li class=\"ulux-list-item\"><strong>15:10 \u2013 D\u00e9bat avec le public \/ Session de questions et r\u00e9ponses<\/strong><\/li>\n\n\n\n<li class=\"ulux-list-item\"><strong>15:30 \u2013 Cl\u00f4ture de la manifestation<\/strong><\/li>\n<\/ul>\n\n\n\n<h5 class=\"has-text-align-left wp-block-unilux-blocks-heading\"        id=\"presentation-des-intervenants\"\n    >\nPr\u00e9sentation des intervenants<\/h5>\n\n\n\n<p><em>Par ordre alphab\u00e9tique<\/em><\/p>\n\n\n\n<h6 class=\"has-text-align-left wp-block-unilux-blocks-heading\"        id=\"franz-clement\"\n    >\n<strong>Franz Cl\u00e9ment<\/strong>\u00a0<\/h6>\n\n\n\n<p>Franz Cl\u00e9ment est dipl\u00f4m\u00e9 en sciences politiques de l&rsquo;Universit\u00e9 catholique de Louvain et a suivi un troisi\u00e8me cycle en sociologie du travail \u00e0 l&rsquo;Universit\u00e9 Nancy 2. Il est titulaire d&rsquo;un doctorat en sociologie du CNAM (Conservatoire national des arts et m\u00e9tiers) \u00e0 Paris. Il est chercheur en sciences sociales \u00e0 la Luxembourg Institute of Socio-Economic Research (LISER) \u00e0 Esch-Belval. Il a dirig\u00e9 diverses \u00e9tudes et r\u00e9dig\u00e9 des publications sur le dialogue social au Luxembourg et dans la Grande R\u00e9gion et sur les travailleurs transfrontaliers dans ce domaine.<\/p>\n\n\n\n<h6 class=\"has-text-align-left wp-block-unilux-blocks-heading\"        id=\"elena-danescu\"\n    >\n<strong>Elena Danescu<\/strong><\/h6>\n\n\n\n<p>Elena Danescu est chercheur, docteur au d\u00e9partement d&rsquo;histoire contemporaine de l&rsquo;Europe au Luxembourg Centre for Contemporary and Digital History (C\u00b2DH) de l&rsquo;Universit\u00e9 du Luxembourg. Ses recherches portent sur : L&rsquo;histoire de la pens\u00e9e \u00e9conomique ; l&rsquo;histoire contemporaine de l&rsquo;Europe ; l&rsquo;histoire orale ; les transitions d\u00e9mocratiques dans les pays d&rsquo;Europe centrale et orientale. Elle est l&rsquo;auteur de plusieurs publications acad\u00e9miques dans ses domaines de sp\u00e9cialisation. Depuis avril 2019, elle est coordinatrice du Europe Direct Information Centre de l&rsquo;Universit\u00e9 du Luxembourg &#8211; Belval.<\/p>\n\n\n\n<h5 class=\"has-text-align-left wp-block-unilux-blocks-heading\"        id=\"bibliographie-relative-au-theme-du-webinaire\"\n    >\nBibliographie relative au th\u00e8me du webinaire<\/h5>\n\n\n\n<ul class=\"ulux-list\">\n<li class=\"ulux-list-item\"><a href=\"http:\/\/chrome-extension:\/\/efaidnbmnnnibpcajpcglclefindmkaj\/https:\/\/luxembourg.public.lu\/dam-assets\/publications\/economie-du-luxembourg\/economie-luxembourg-fr.PDF\">\u00c9conomie du Luxembourg: ouverte, dynamique, fiable<\/a><\/li>\n\n\n\n<li class=\"ulux-list-item\"><a href=\"http:\/\/chrome-extension:\/\/efaidnbmnnnibpcajpcglclefindmkaj\/https:\/\/sip.gouvernement.lu\/dam-assets\/publications\/brochure-livre\/minist-etat\/sip\/brochure\/Tout_savoir_Luxembourg\/Tout_savoir-FR.pdf\">Tout savoir sur le Grand-Duch\u00e9 de Luxembourg<\/a><\/li>\n\n\n\n<li class=\"ulux-list-item\"><a href=\"http:\/\/chrome-extension:\/\/efaidnbmnnnibpcajpcglclefindmkaj\/https:\/\/www.bil.com\/Documents\/brochures\/175ans-fr.pdf\">175 ans d\u2019histoire luxembourgeoise: d\u2019une \u00e9conomie rurale \u00e0 une Place financi\u00e8re internationale, Banque Internationale \u00e0 Luxembourg (BIL)<\/a><\/li>\n\n\n\n<li class=\"ulux-list-item\"><a href=\"http:\/\/chrome-extension:\/\/efaidnbmnnnibpcajpcglclefindmkaj\/https:\/\/liser.elsevierpure.com\/ws\/portalfiles\/portal\/27952848\/cahiers_GR4_04_fr_AW.pd\">Les Cahiers de la Grande R\u00e9gion &#8211; Les relations entre l\u2019Ostbelgien, la Wallonie et le Grand-Duch\u00e9 : vers un \u00abGrand Luxembourg\u00bb ?, Franz Cl\u00e9ment (Luxembourg Institute of Socio-Economic Research)<\/a><\/li>\n<\/ul>\n\n\n\n<h5 class=\"has-text-align-left wp-block-unilux-blocks-heading\"        id=\"enregistrement-du-webinaire\"\n    >\nEnregistrement du webinaire<\/h5>\n\n\n\n<p><em>In English<\/em><\/p>\n\n\n<div class=\"thumbnail  wp-block-unilux-blocks-thumbnail-video\">\n    <div class=\"card bg-theme p-0\">\n        <div class=\"card__container p-0\">\n            <div class=\"card__body p-0\">\n                <iframe \n            src=\"https:\/\/www.youtube.com\/embed\/ag1D1pm3Mv0\" \n            title=\"YouTube video player\" frameborder=\"0\" \n            allow=\"accelerometer; autoplay; clipboard-write; encrypted-media; gyroscope; picture-in-picture; web-share\" referrerpolicy=\"strict-origin-when-cross-origin\" \n            style=\"object-position: 50% 50%; aspect-ratio: 16\/9; object-fit: cover; width: 100%;\"\n            allowfullscreen data-cookieconsent=\"ignore\">\n            <\/iframe>                            <\/div>\n        <\/div>\n    <\/div>\n<\/div>\n<\/div><\/section>\n","protected":false},"excerpt":{"rendered":"","protected":false},"author":33,"featured_media":0,"template":"","format":"standard","meta":{"featured_image_focal_point":[],"show_featured_caption":false,"ulux_newsletter_groups":"","uluxPostTitle":"","uluxPrePostTitle":"","_trash_the_other_posts":false,"_price":"","_stock":"","_tribe_ticket_header":"","_tribe_default_ticket_provider":"","_tribe_ticket_capacity":"0","_ticket_start_date":"","_ticket_end_date":"","_tribe_ticket_show_description":"","_tribe_ticket_show_not_going":false,"_tribe_ticket_use_global_stock":"","_tribe_ticket_global_stock_level":"","_global_stock_mode":"","_global_stock_cap":"","_tribe_rsvp_for_event":"","_tribe_ticket_going_count":"","_tribe_ticket_not_going_count":"","_tribe_tickets_list":"[]","_tribe_ticket_has_attendee_info_fields":false},"news-category":[],"news-topic":[],"organisation":[297],"authorship":[33,292,327],"acf":[],"yoast_head":"<!-- This site is optimized with the Yoast SEO Premium plugin v22.3 (Yoast SEO v22.3) - https:\/\/yoast.com\/wordpress\/plugins\/seo\/ -->\n<title>Webinaire - Luxembourg : De l&#039;acier \u00e0 l&#039;\u00e9conomie de la connaissance et au-del\u00e0 - Universit\u00e9 du Luxembourg<\/title>\n<meta name=\"description\" content=\"Malgr\u00e9 sa petite taille g\u00e9ographique (2 586 km2) et d\u00e9mographique (626 100 habitants au 1er janvier 2020), le Luxembourg poss\u00e8de une \u00e9conomie ouverte,\" \/>\n<meta name=\"robots\" content=\"index, follow, max-snippet:-1, max-image-preview:large, max-video-preview:-1\" \/>\n<link rel=\"canonical\" href=\"https:\/\/www.uni.lu\/fr\/news\/webinaire-luxembourg-de-lacier-a-leconomie-de-la-connaissance-et-au-dela\/\" \/>\n<meta property=\"og:locale\" content=\"fr_FR\" \/>\n<meta property=\"og:type\" content=\"article\" \/>\n<meta property=\"og:title\" content=\"Webinaire - Luxembourg : De l&#039;acier \u00e0 l&#039;\u00e9conomie de la connaissance et au-del\u00e0\" \/>\n<meta property=\"og:description\" content=\"Malgr\u00e9 sa petite taille g\u00e9ographique (2 586 km2) et d\u00e9mographique (626 100 habitants au 1er janvier 2020), le Luxembourg poss\u00e8de une \u00e9conomie ouverte,\" \/>\n<meta property=\"og:url\" content=\"https:\/\/www.uni.lu\/fr\/news\/webinaire-luxembourg-de-lacier-a-leconomie-de-la-connaissance-et-au-dela\/\" \/>\n<meta property=\"og:site_name\" content=\"UNI FR\" \/>\n<meta property=\"article:publisher\" content=\"https:\/\/www.facebook.com\/uni.lu\" \/>\n<meta property=\"article:modified_time\" content=\"2024-10-08T14:05:00+00:00\" \/>\n<meta property=\"og:image\" content=\"https:\/\/www.uni.lu\/wp-content\/uploads\/sites\/11\/2026\/03\/03120045\/UNIV_SM-Profile_1600x1600px-scaled.jpg\" \/>\n\t<meta property=\"og:image:width\" content=\"2560\" \/>\n\t<meta property=\"og:image:height\" content=\"2560\" \/>\n\t<meta property=\"og:image:type\" content=\"image\/jpeg\" \/>\n<meta name=\"twitter:card\" content=\"summary_large_image\" \/>\n<meta name=\"twitter:label1\" content=\"Dur\u00e9e de lecture estim\u00e9e\" \/>\n\t<meta name=\"twitter:data1\" content=\"3 minutes\" \/>\n<script type=\"application\/ld+json\" class=\"yoast-schema-graph\">{\"@context\":\"https:\/\/schema.org\",\"@graph\":[{\"@type\":\"NewsArticle\",\"@id\":\"https:\/\/www.uni.lu\/fr\/news\/webinaire-luxembourg-de-lacier-a-leconomie-de-la-connaissance-et-au-dela\/#article\",\"isPartOf\":{\"@id\":\"https:\/\/www.uni.lu\/fr\/news\/webinaire-luxembourg-de-lacier-a-leconomie-de-la-connaissance-et-au-dela\/\"},\"author\":{\"name\":\"mchristen\",\"@id\":\"https:\/\/www.uni.lu\/fr\/#\/schema\/person\/c438f03d51b691a88d09778fc4b1e214\"},\"headline\":\"Webinaire &#8211; Luxembourg : De l&rsquo;acier \u00e0 l&rsquo;\u00e9conomie de la connaissance et au-del\u00e0\",\"datePublished\":\"2021-06-22T11:48:00+00:00\",\"dateModified\":\"2024-10-08T14:05:00+00:00\",\"mainEntityOfPage\":{\"@id\":\"https:\/\/www.uni.lu\/fr\/news\/webinaire-luxembourg-de-lacier-a-leconomie-de-la-connaissance-et-au-dela\/\"},\"wordCount\":660,\"publisher\":{\"@id\":\"https:\/\/www.uni.lu\/fr\/#organization\"},\"inLanguage\":\"fr-FR\"},{\"@type\":\"WebPage\",\"@id\":\"https:\/\/www.uni.lu\/fr\/news\/webinaire-luxembourg-de-lacier-a-leconomie-de-la-connaissance-et-au-dela\/\",\"url\":\"https:\/\/www.uni.lu\/fr\/news\/webinaire-luxembourg-de-lacier-a-leconomie-de-la-connaissance-et-au-dela\/\",\"name\":\"Webinaire - Luxembourg : De l'acier \u00e0 l'\u00e9conomie de la connaissance et au-del\u00e0 - Universit\u00e9 du Luxembourg\",\"isPartOf\":{\"@id\":\"https:\/\/www.uni.lu\/fr\/#website\"},\"datePublished\":\"2021-06-22T11:48:00+00:00\",\"dateModified\":\"2024-10-08T14:05:00+00:00\",\"description\":\"Malgr\u00e9 sa petite taille g\u00e9ographique (2 586 km2) et d\u00e9mographique (626 100 habitants au 1er janvier 2020), le Luxembourg poss\u00e8de une \u00e9conomie ouverte,\",\"breadcrumb\":{\"@id\":\"https:\/\/www.uni.lu\/fr\/news\/webinaire-luxembourg-de-lacier-a-leconomie-de-la-connaissance-et-au-dela\/#breadcrumb\"},\"inLanguage\":\"fr-FR\",\"potentialAction\":[{\"@type\":\"ReadAction\",\"target\":[\"https:\/\/www.uni.lu\/fr\/news\/webinaire-luxembourg-de-lacier-a-leconomie-de-la-connaissance-et-au-dela\/\"]}]},{\"@type\":\"BreadcrumbList\",\"@id\":\"https:\/\/www.uni.lu\/fr\/news\/webinaire-luxembourg-de-lacier-a-leconomie-de-la-connaissance-et-au-dela\/#breadcrumb\",\"itemListElement\":[{\"@type\":\"ListItem\",\"position\":1,\"name\":\"Home\",\"item\":\"https:\/\/www.uni.lu\/fr\/\"},{\"@type\":\"ListItem\",\"position\":2,\"name\":\"News\",\"item\":\"https:\/\/www.uni.lu\/fr\/news\/\"},{\"@type\":\"ListItem\",\"position\":3,\"name\":\"Webinaire - Luxembourg : De l'acier \u00e0 l'\u00e9conomie de la connaissance et au-del\u00e0\"}]},{\"@type\":\"WebSite\",\"@id\":\"https:\/\/www.uni.lu\/fr\/#website\",\"url\":\"https:\/\/www.uni.lu\/fr\/\",\"name\":\"Uni.lu\",\"description\":\"Universit\u00e9 du Luxembourg\",\"publisher\":{\"@id\":\"https:\/\/www.uni.lu\/fr\/#organization\"},\"alternateName\":\"Universit\u00e9 du Luxembourg\",\"potentialAction\":[{\"@type\":\"SearchAction\",\"target\":{\"@type\":\"EntryPoint\",\"urlTemplate\":\"https:\/\/www.uni.lu\/fr\/?s={search_term_string}\"},\"query-input\":\"required name=search_term_string\"}],\"inLanguage\":\"fr-FR\"},{\"@type\":\"Organization\",\"@id\":\"https:\/\/www.uni.lu\/fr\/#organization\",\"name\":\"Universit\u00e9 du Luxembourg\",\"alternateName\":\"Uni.lu\",\"url\":\"https:\/\/www.uni.lu\/fr\/\",\"logo\":{\"@type\":\"ImageObject\",\"inLanguage\":\"fr-FR\",\"@id\":\"https:\/\/www.uni.lu\/fr\/#\/schema\/logo\/image\/\",\"url\":\"https:\/\/www.uni.lu\/wp-content\/uploads\/sites\/11\/2026\/03\/03120045\/UNIV_SM-Profile_1600x1600px-scaled.jpg\",\"contentUrl\":\"https:\/\/www.uni.lu\/wp-content\/uploads\/sites\/11\/2026\/03\/03120045\/UNIV_SM-Profile_1600x1600px-scaled.jpg\",\"width\":2560,\"height\":2560,\"caption\":\"Universit\u00e9 du Luxembourg\"},\"image\":\"https:\/\/www.uni.lu\/wp-content\/uploads\/sites\/11\/2026\/04\/24120552\/20200609-Belval-Campus_Henri-Goergen-23.jpg\",\"sameAs\":[\"https:\/\/www.facebook.com\/uni.lu\",\"https:\/\/www.linkedin.com\/school\/university-of-luxembourg\/\",\"https:\/\/www.instagram.com\/uni.lu\",\"https:\/\/www.youtube.com\/@uni_lu\",\"https:\/\/en.wikipedia.org\/wiki\/University_of_Luxembourg\"],\"email\":\"communication@uni.lu\",\"telephone\":\"+352 46 66 44 1\",\"address\":{\"@type\":\"PostalAddress\",\"streetAddress\":\"2, place de l\u2019Universit\u00e9\",\"addressLocality\":\"Esch-sur-Alzette\",\"postalCode\":\"4365\",\"addressCountry\":\"LU\"},\"description\":\"Universit\u00e9 du Luxembourg\"},{\"@type\":\"Person\",\"@id\":\"https:\/\/www.uni.lu\/fr\/#\/schema\/person\/c438f03d51b691a88d09778fc4b1e214\",\"name\":\"mchristen\",\"image\":{\"@type\":\"ImageObject\",\"inLanguage\":\"fr-FR\",\"@id\":\"https:\/\/www.uni.lu\/fr\/#\/schema\/person\/image\/\",\"url\":\"https:\/\/secure.gravatar.com\/avatar\/16d82684b572872e8e543a3c7bfe637a?s=96&d=mm&r=g\",\"contentUrl\":\"https:\/\/secure.gravatar.com\/avatar\/16d82684b572872e8e543a3c7bfe637a?s=96&d=mm&r=g\",\"caption\":\"mchristen\"}}]}<\/script>\n<!-- \/ Yoast SEO Premium plugin. -->","yoast_head_json":{"title":"Webinaire - Luxembourg : De l'acier \u00e0 l'\u00e9conomie de la connaissance et au-del\u00e0 - Universit\u00e9 du Luxembourg","description":"Malgr\u00e9 sa petite taille g\u00e9ographique (2 586 km2) et d\u00e9mographique (626 100 habitants au 1er janvier 2020), le Luxembourg poss\u00e8de une \u00e9conomie ouverte,","robots":{"index":"index","follow":"follow","max-snippet":"max-snippet:-1","max-image-preview":"max-image-preview:large","max-video-preview":"max-video-preview:-1"},"canonical":"https:\/\/www.uni.lu\/fr\/news\/webinaire-luxembourg-de-lacier-a-leconomie-de-la-connaissance-et-au-dela\/","og_locale":"fr_FR","og_type":"article","og_title":"Webinaire - Luxembourg : De l'acier \u00e0 l'\u00e9conomie de la connaissance et au-del\u00e0","og_description":"Malgr\u00e9 sa petite taille g\u00e9ographique (2 586 km2) et d\u00e9mographique (626 100 habitants au 1er janvier 2020), le Luxembourg poss\u00e8de une \u00e9conomie ouverte,","og_url":"https:\/\/www.uni.lu\/fr\/news\/webinaire-luxembourg-de-lacier-a-leconomie-de-la-connaissance-et-au-dela\/","og_site_name":"UNI FR","article_publisher":"https:\/\/www.facebook.com\/uni.lu","article_modified_time":"2024-10-08T14:05:00+00:00","og_image":[{"width":2560,"height":2560,"url":"https:\/\/www.uni.lu\/wp-content\/uploads\/sites\/11\/2026\/03\/03120045\/UNIV_SM-Profile_1600x1600px-scaled.jpg","type":"image\/jpeg"}],"twitter_card":"summary_large_image","twitter_misc":{"Dur\u00e9e de lecture estim\u00e9e":"3 minutes"},"schema":{"@context":"https:\/\/schema.org","@graph":[{"@type":"NewsArticle","@id":"https:\/\/www.uni.lu\/fr\/news\/webinaire-luxembourg-de-lacier-a-leconomie-de-la-connaissance-et-au-dela\/#article","isPartOf":{"@id":"https:\/\/www.uni.lu\/fr\/news\/webinaire-luxembourg-de-lacier-a-leconomie-de-la-connaissance-et-au-dela\/"},"author":{"name":"mchristen","@id":"https:\/\/www.uni.lu\/fr\/#\/schema\/person\/c438f03d51b691a88d09778fc4b1e214"},"headline":"Webinaire &#8211; Luxembourg : De l&rsquo;acier \u00e0 l&rsquo;\u00e9conomie de la connaissance et au-del\u00e0","datePublished":"2021-06-22T11:48:00+00:00","dateModified":"2024-10-08T14:05:00+00:00","mainEntityOfPage":{"@id":"https:\/\/www.uni.lu\/fr\/news\/webinaire-luxembourg-de-lacier-a-leconomie-de-la-connaissance-et-au-dela\/"},"wordCount":660,"publisher":{"@id":"https:\/\/www.uni.lu\/fr\/#organization"},"inLanguage":"fr-FR"},{"@type":"WebPage","@id":"https:\/\/www.uni.lu\/fr\/news\/webinaire-luxembourg-de-lacier-a-leconomie-de-la-connaissance-et-au-dela\/","url":"https:\/\/www.uni.lu\/fr\/news\/webinaire-luxembourg-de-lacier-a-leconomie-de-la-connaissance-et-au-dela\/","name":"Webinaire - Luxembourg : De l'acier \u00e0 l'\u00e9conomie de la connaissance et au-del\u00e0 - Universit\u00e9 du Luxembourg","isPartOf":{"@id":"https:\/\/www.uni.lu\/fr\/#website"},"datePublished":"2021-06-22T11:48:00+00:00","dateModified":"2024-10-08T14:05:00+00:00","description":"Malgr\u00e9 sa petite taille g\u00e9ographique (2 586 km2) et d\u00e9mographique (626 100 habitants au 1er janvier 2020), le Luxembourg poss\u00e8de une \u00e9conomie ouverte,","breadcrumb":{"@id":"https:\/\/www.uni.lu\/fr\/news\/webinaire-luxembourg-de-lacier-a-leconomie-de-la-connaissance-et-au-dela\/#breadcrumb"},"inLanguage":"fr-FR","potentialAction":[{"@type":"ReadAction","target":["https:\/\/www.uni.lu\/fr\/news\/webinaire-luxembourg-de-lacier-a-leconomie-de-la-connaissance-et-au-dela\/"]}]},{"@type":"BreadcrumbList","@id":"https:\/\/www.uni.lu\/fr\/news\/webinaire-luxembourg-de-lacier-a-leconomie-de-la-connaissance-et-au-dela\/#breadcrumb","itemListElement":[{"@type":"ListItem","position":1,"name":"Home","item":"https:\/\/www.uni.lu\/fr\/"},{"@type":"ListItem","position":2,"name":"News","item":"https:\/\/www.uni.lu\/fr\/news\/"},{"@type":"ListItem","position":3,"name":"Webinaire - Luxembourg : De l'acier \u00e0 l'\u00e9conomie de la connaissance et au-del\u00e0"}]},{"@type":"WebSite","@id":"https:\/\/www.uni.lu\/fr\/#website","url":"https:\/\/www.uni.lu\/fr\/","name":"Uni.lu","description":"Universit\u00e9 du Luxembourg","publisher":{"@id":"https:\/\/www.uni.lu\/fr\/#organization"},"alternateName":"Universit\u00e9 du Luxembourg","potentialAction":[{"@type":"SearchAction","target":{"@type":"EntryPoint","urlTemplate":"https:\/\/www.uni.lu\/fr\/?s={search_term_string}"},"query-input":"required name=search_term_string"}],"inLanguage":"fr-FR"},{"@type":"Organization","@id":"https:\/\/www.uni.lu\/fr\/#organization","name":"Universit\u00e9 du Luxembourg","alternateName":"Uni.lu","url":"https:\/\/www.uni.lu\/fr\/","logo":{"@type":"ImageObject","inLanguage":"fr-FR","@id":"https:\/\/www.uni.lu\/fr\/#\/schema\/logo\/image\/","url":"https:\/\/www.uni.lu\/wp-content\/uploads\/sites\/11\/2026\/03\/03120045\/UNIV_SM-Profile_1600x1600px-scaled.jpg","contentUrl":"https:\/\/www.uni.lu\/wp-content\/uploads\/sites\/11\/2026\/03\/03120045\/UNIV_SM-Profile_1600x1600px-scaled.jpg","width":2560,"height":2560,"caption":"Universit\u00e9 du Luxembourg"},"image":"https:\/\/www.uni.lu\/wp-content\/uploads\/sites\/11\/2026\/04\/24120552\/20200609-Belval-Campus_Henri-Goergen-23.jpg","sameAs":["https:\/\/www.facebook.com\/uni.lu","https:\/\/www.linkedin.com\/school\/university-of-luxembourg\/","https:\/\/www.instagram.com\/uni.lu","https:\/\/www.youtube.com\/@uni_lu","https:\/\/en.wikipedia.org\/wiki\/University_of_Luxembourg"],"email":"communication@uni.lu","telephone":"+352 46 66 44 1","address":{"@type":"PostalAddress","streetAddress":"2, place de l\u2019Universit\u00e9","addressLocality":"Esch-sur-Alzette","postalCode":"4365","addressCountry":"LU"},"description":"Universit\u00e9 du Luxembourg"},{"@type":"Person","@id":"https:\/\/www.uni.lu\/fr\/#\/schema\/person\/c438f03d51b691a88d09778fc4b1e214","name":"mchristen","image":{"@type":"ImageObject","inLanguage":"fr-FR","@id":"https:\/\/www.uni.lu\/fr\/#\/schema\/person\/image\/","url":"https:\/\/secure.gravatar.com\/avatar\/16d82684b572872e8e543a3c7bfe637a?s=96&d=mm&r=g","contentUrl":"https:\/\/secure.gravatar.com\/avatar\/16d82684b572872e8e543a3c7bfe637a?s=96&d=mm&r=g","caption":"mchristen"}}]}},"blog_id":11,"_links":{"self":[{"href":"https:\/\/www.uni.lu\/fr\/wp-json\/wp\/v2\/news\/2465"}],"collection":[{"href":"https:\/\/www.uni.lu\/fr\/wp-json\/wp\/v2\/news"}],"about":[{"href":"https:\/\/www.uni.lu\/fr\/wp-json\/wp\/v2\/types\/news"}],"author":[{"embeddable":true,"href":"https:\/\/www.uni.lu\/fr\/wp-json\/wp\/v2\/users\/33"}],"version-history":[{"count":4,"href":"https:\/\/www.uni.lu\/fr\/wp-json\/wp\/v2\/news\/2465\/revisions"}],"predecessor-version":[{"id":12603,"href":"https:\/\/www.uni.lu\/fr\/wp-json\/wp\/v2\/news\/2465\/revisions\/12603"}],"wp:authorship":[{"embeddable":true,"href":"https:\/\/www.uni.lu\/fr\/wp-json\/wp\/v2\/users\/33"},{"embeddable":true,"href":"https:\/\/www.uni.lu\/fr\/wp-json\/wp\/v2\/users\/292"},{"embeddable":true,"href":"https:\/\/www.uni.lu\/fr\/wp-json\/wp\/v2\/users\/327"}],"wp:attachment":[{"href":"https:\/\/www.uni.lu\/fr\/wp-json\/wp\/v2\/media?parent=2465"}],"wp:term":[{"taxonomy":"news-category","embeddable":true,"href":"https:\/\/www.uni.lu\/fr\/wp-json\/wp\/v2\/news-category?post=2465"},{"taxonomy":"news-topic","embeddable":true,"href":"https:\/\/www.uni.lu\/fr\/wp-json\/wp\/v2\/news-topic?post=2465"},{"taxonomy":"organisation","embeddable":true,"href":"https:\/\/www.uni.lu\/fr\/wp-json\/wp\/v2\/organisation?post=2465"}],"curies":[{"name":"wp","href":"https:\/\/api.w.org\/{rel}","templated":true}]}}