{"id":2382,"date":"2021-01-15T10:12:51","date_gmt":"2021-01-15T09:12:51","guid":{"rendered":"https:\/\/www.uni.lu\/fr\/?post_type=news&#038;p=2382"},"modified":"2024-07-26T14:24:42","modified_gmt":"2024-07-26T12:24:42","slug":"this-day-in-european-history-un-jour-dans-l-histoire","status":"publish","type":"news","link":"https:\/\/www.uni.lu\/fr\/news\/this-day-in-european-history-un-jour-dans-l-histoire\/","title":{"rendered":"This day in European History \/ Un jour dans l&rsquo;Histoire"},"content":{"rendered":"\n<section class=\"wp-block-unilux-blocks-free-section section\"><div class=\"container xl:max-w-screen-xl\">\n<p>La s\u00e9rie \u00ab\u00a0This day in European History \/ Un jour dans l&rsquo;Histoire\u00a0\u00bb met en exergue des \u00e9v\u00e9nements de marque pour l\u2019histoire contemporaine de l\u2019Europe et de la Grande R\u00e9gion qui correspondent \u00e0 la date de publication sur les r\u00e9seaux sociaux de l&rsquo;EDIC de l&rsquo;Universit\u00e9 du Luxembourg.<\/p>\n\n\n\n<p>Cette s\u00e9rie est mise \u00e0 jour au fur et \u00e0 mesure des publications sur les r\u00e9seaux sociaux.<\/p>\n\n\n\n<ul class=\"ulux-list\">\n<li class=\"ulux-list-item\">22 janvier 1963 :&nbsp;<strong>signature du&nbsp;Trait\u00e9 de l\u2019Elys\u00e9e<\/strong>&nbsp;:&nbsp;<a href=\"https:\/\/www.facebook.com\/EDICUniversityofLuxembourg\/photos\/a.700322347101614\/1053754281758417\/\">Facebook<\/a>,&nbsp;<a href=\"https:\/\/www.instagram.com\/p\/CKWIDF0oW6t\/\">Instagram<\/a>&nbsp;,&nbsp;<a href=\"https:\/\/twitter.com\/EDIC_uni_lu\/status\/1352632115293204487\">Twitter<\/a>&nbsp;;<\/li>\n\n\n\n<li class=\"ulux-list-item\">7 f\u00e9vrier 1992&nbsp;:<strong>&nbsp;signature du Trait\u00e9 de Maastricht&nbsp;<\/strong>:&nbsp;<a href=\"https:\/\/www.facebook.com\/EDICUniversityofLuxembourg\/posts\/1062929567507555\">Facebook<\/a>,&nbsp;<a href=\"https:\/\/www.instagram.com\/p\/CK_DYHzipEd\/\">Instagram<\/a>,&nbsp;<a href=\"https:\/\/twitter.com\/EDIC_uni_lu\/status\/1358339723173969920\">Twitter<\/a>&nbsp;;<\/li>\n\n\n\n<li class=\"ulux-list-item\">17 f\u00e9vrier 1986 :<strong>&nbsp;signature de l\u2019Acte Unique Europ\u00e9en \u00e0 Luxembourg&nbsp;<\/strong>:&nbsp;<a href=\"https:\/\/www.facebook.com\/EDICUniversityofLuxembourg\/posts\/1068829846917527\">Facebook<\/a>,&nbsp;<a href=\"https:\/\/www.instagram.com\/p\/CLYsda_I-4t\/\">Instagram<\/a>,&nbsp;<a href=\"https:\/\/twitter.com\/EDIC_uni_lu\/status\/1361948499227664386\">Twitter&nbsp;<\/a>;<\/li>\n\n\n\n<li class=\"ulux-list-item\">26 f\u00e9vrier 2001:<strong>&nbsp;signature du Trait\u00e9 de Nice<\/strong>&nbsp;:&nbsp;<a href=\"https:\/\/www.facebook.com\/EDICUniversityofLuxembourg\/posts\/1074058209728024\">Facebook<\/a>,&nbsp;<a href=\"https:\/\/www.instagram.com\/p\/CLv3lODITlB\/\">Instagram<\/a>,&nbsp;<a href=\"https:\/\/twitter.com\/EDIC_uni_lu\/status\/1365209989825007616\">Twitter<\/a>&nbsp;;<\/li>\n\n\n\n<li class=\"ulux-list-item\">12-13 mars&nbsp;1979:<strong>&nbsp;Conseil Europ\u00e9en de Paris et entr\u00e9e en vigueur du syst\u00e8me mon\u00e9taire europ\u00e9en<\/strong>:&nbsp;<a href=\"https:\/\/www.facebook.com\/EDICUniversityofLuxembourg\/posts\/1083073912159787\">Facebook<\/a>,&nbsp;<a href=\"https:\/\/www.instagram.com\/p\/CMWmW9moHq2\/\">Instagram<\/a>,&nbsp;<a href=\"https:\/\/twitter.com\/EDIC_uni_lu\/status\/1370660906879827971\">Twitter<\/a>;<\/li>\n\n\n\n<li class=\"ulux-list-item\">17 mars 1948:<strong>&nbsp;signature du Trait\u00e9 de Bruxelles par le Luxembourg<\/strong>:&nbsp;<a href=\"https:\/\/www.facebook.com\/EDICUniversityofLuxembourg\/posts\/1085551321912046\">Facebook<\/a>,&nbsp;<a href=\"https:\/\/www.instagram.com\/p\/CMgym6xIJvV\/\">Instagram<\/a>,&nbsp;<a href=\"https:\/\/twitter.com\/EDIC_uni_lu\/status\/1372095363746697216\">Twitter<\/a>;<\/li>\n\n\n\n<li class=\"ulux-list-item\">25 mars 1957:&nbsp;<strong>signature des Trait\u00e9s de Rome<\/strong>&nbsp;:&nbsp;<a href=\"https:\/\/www.facebook.com\/EDICUniversityofLuxembourg\/posts\/1090496704750841\">Facebook<\/a>,&nbsp;<a href=\"https:\/\/www.instagram.com\/p\/CM17agdoXSU\/\">Instagram<\/a>,&nbsp;<a href=\"https:\/\/twitter.com\/EDIC_uni_lu\/status\/1375063100987219972\">Twitter<\/a>&nbsp;;<\/li>\n\n\n\n<li class=\"ulux-list-item\">01-02 avril 1976:&nbsp;<strong>Premier Conseil europ\u00e9en sous pr\u00e9sidence luxembourgeoise<\/strong>:&nbsp;<a href=\"https:\/\/www.facebook.com\/EDICUniversityofLuxembourg\/posts\/1094446624355849\">Facebook<\/a>,&nbsp;<a href=\"https:\/\/www.instagram.com\/p\/CNHTuAII5fM\/\">Instagram<\/a>,&nbsp;<a href=\"https:\/\/twitter.com\/EDIC_uni_lu\/status\/1377516079329603587\">Twitter<\/a>;<\/li>\n\n\n\n<li class=\"ulux-list-item\">04 avril 1949:&nbsp;<strong>signature du Trait\u00e9 de Washington par le Luxembourg<\/strong>:&nbsp;<a href=\"https:\/\/www.facebook.com\/EDICUniversityofLuxembourg\/posts\/1096292820837896\">Facebook<\/a>,&nbsp;<a href=\"https:\/\/www.instagram.com\/p\/CNPMY_PosMB\/\">Instagram<\/a>,&nbsp;<a href=\"https:\/\/twitter.com\/EDIC_uni_lu\/status\/1378625889856974848\">Twitter<\/a>;<\/li>\n\n\n\n<li class=\"ulux-list-item\">16 avril 2003:&nbsp;<strong>signature du Trait\u00e9 d\u2019adh\u00e9sion \u00e0 l\u2019UE de 10 nouveaux Etats membres<\/strong>:&nbsp;<a href=\"https:\/\/www.facebook.com\/EDICUniversityofLuxembourg\/posts\/1103580646775780\">Facebook<\/a>,&nbsp;<a href=\"https:\/\/www.instagram.com\/p\/CNuhb1WozEf\/\">Instagram<\/a>,&nbsp;<a href=\"https:\/\/twitter.com\/EDIC_uni_lu\/status\/1383034941282390017\">Twitter<\/a>;<\/li>\n\n\n\n<li class=\"ulux-list-item\">30 avril 1953:&nbsp;<strong>le premier acier \u00ab\u00a0europ\u00e9en\u00a0\u00bb \u00e0 Belval<\/strong>:&nbsp;<a href=\"https:\/\/www.facebook.com\/EDICUniversityofLuxembourg\/posts\/1111608515972993\" target=\"_blank\" rel=\"noreferrer noopener\">Facebook<\/a>,&nbsp;<a href=\"https:\/\/www.instagram.com\/p\/COR-uHoIR5I\/\" target=\"_blank\" rel=\"noreferrer noopener\">Instagram<\/a>,&nbsp;<a href=\"https:\/\/twitter.com\/EDIC_uni_lu\/status\/1388025327356502019\" target=\"_blank\" rel=\"noreferrer noopener\">Twitter<\/a>;<\/li>\n\n\n\n<li class=\"ulux-list-item\">10 ao\u00fbt 1952 :&nbsp;<strong>premi\u00e8re r\u00e9union&nbsp;<\/strong><strong>de la Haute Autorit\u00e9 de la CECA<\/strong>:&nbsp;<a href=\"https:\/\/www.facebook.com\/EDICUniversityofLuxembourg\/posts\/pfbid0exTxXZqPMZGwTXGgua9jwjV5NLXgzZQQQaedcGyzRoMCpzuM1hLHYoBzLUbWNxBDl\" target=\"_blank\" rel=\"noreferrer noopener\">Facebook<\/a>,&nbsp;<a href=\"https:\/\/www.instagram.com\/p\/ChKJ48DIOnT\/\" target=\"_blank\" rel=\"noreferrer noopener\">Instagram<\/a>,&nbsp;<a href=\"https:\/\/twitter.com\/EDIC_uni_lu\/status\/1558000333028196353\" target=\"_blank\" rel=\"noreferrer noopener\">Twitter<\/a>;<\/li>\n\n\n\n<li class=\"ulux-list-item\">5 septembre 1944:&nbsp;<strong>signature de la convention du Benelux \u00e0 Londres<\/strong>&nbsp;par les gouvernements en exil de la Belgique, des Pays-Bas et du Luxembourg :&nbsp;<a href=\"https:\/\/www.facebook.com\/EDICUniversityofLuxembourg\/posts\/pfbid02SoBoDDmz2pg5Er2Lup43rgrRy49M6bUdGNxLek3eLBwUPdBgC2UqkJCGygkLrgx2l\" target=\"_blank\" rel=\"noreferrer noopener\">Facebook<\/a>,&nbsp;<a href=\"https:\/\/www.instagram.com\/p\/CiHaoUzIR90\/\" target=\"_blank\" rel=\"noreferrer noopener\">Instagram<\/a>,&nbsp;<a href=\"https:\/\/twitter.com\/EDIC_uni_lu\/status\/1566697643123695617\" target=\"_blank\" rel=\"noreferrer noopener\">Twitter<\/a>.<\/li>\n<\/ul>\n<\/div><\/section>\n","protected":false},"excerpt":{"rendered":"","protected":false},"author":292,"featured_media":4540,"template":"","format":"standard","meta":{"featured_image_focal_point":[],"show_featured_caption":false,"ulux_newsletter_groups":"","uluxPostTitle":"","uluxPrePostTitle":"","_trash_the_other_posts":false,"_price":"","_stock":"","_tribe_ticket_header":"","_tribe_default_ticket_provider":"","_tribe_ticket_capacity":"0","_ticket_start_date":"","_ticket_end_date":"","_tribe_ticket_show_description":"","_tribe_ticket_show_not_going":false,"_tribe_ticket_use_global_stock":"","_tribe_ticket_global_stock_level":"","_global_stock_mode":"","_global_stock_cap":"","_tribe_rsvp_for_event":"","_tribe_ticket_going_count":"","_tribe_ticket_not_going_count":"","_tribe_tickets_list":"[]","_tribe_ticket_has_attendee_info_fields":false},"news-category":[],"news-topic":[],"organisation":[297],"authorship":[292],"acf":[],"yoast_head":"<!-- This site is optimized with the Yoast SEO Premium plugin v22.3 (Yoast SEO v22.3) - https:\/\/yoast.com\/wordpress\/plugins\/seo\/ -->\n<title>This day in European History \/ Un jour dans l&#039;Histoire - Universit\u00e9 du Luxembourg<\/title>\n<meta name=\"description\" content=\"La s\u00e9rie &quot;This day in European History \/ Un jour dans l&#039;Histoire&quot; met en exergue des \u00e9v\u00e9nements de marque pour l\u2019histoire contemporaine de l\u2019Europe et de\" \/>\n<meta name=\"robots\" content=\"index, follow, max-snippet:-1, max-image-preview:large, max-video-preview:-1\" \/>\n<link rel=\"canonical\" href=\"https:\/\/www.uni.lu\/fr\/news\/this-day-in-european-history-un-jour-dans-l-histoire\/\" \/>\n<meta property=\"og:locale\" content=\"fr_FR\" \/>\n<meta property=\"og:type\" content=\"article\" \/>\n<meta property=\"og:title\" content=\"This day in European History \/ Un jour dans l&#039;Histoire\" \/>\n<meta property=\"og:description\" content=\"La s\u00e9rie &quot;This day in European History \/ Un jour dans l&#039;Histoire&quot; met en exergue des \u00e9v\u00e9nements de marque pour l\u2019histoire contemporaine de l\u2019Europe et de\" \/>\n<meta property=\"og:url\" content=\"https:\/\/www.uni.lu\/fr\/news\/this-day-in-european-history-un-jour-dans-l-histoire\/\" \/>\n<meta property=\"og:site_name\" content=\"UNI FR\" \/>\n<meta property=\"article:publisher\" content=\"https:\/\/www.facebook.com\/uni.lu\" \/>\n<meta property=\"article:modified_time\" content=\"2024-07-26T12:24:42+00:00\" \/>\n<meta property=\"og:image\" content=\"https:\/\/www.uni.lu\/wp-content\/uploads\/sites\/11\/2023\/11\/Placeholder_news.png\" \/>\n\t<meta property=\"og:image:width\" content=\"1500\" \/>\n\t<meta property=\"og:image:height\" content=\"1125\" \/>\n\t<meta property=\"og:image:type\" content=\"image\/png\" \/>\n<meta name=\"twitter:card\" content=\"summary_large_image\" \/>\n<meta name=\"twitter:label1\" content=\"Dur\u00e9e de lecture estim\u00e9e\" \/>\n\t<meta name=\"twitter:data1\" content=\"2 minutes\" \/>\n<script type=\"application\/ld+json\" class=\"yoast-schema-graph\">{\"@context\":\"https:\/\/schema.org\",\"@graph\":[{\"@type\":\"NewsArticle\",\"@id\":\"https:\/\/www.uni.lu\/fr\/news\/this-day-in-european-history-un-jour-dans-l-histoire\/#article\",\"isPartOf\":{\"@id\":\"https:\/\/www.uni.lu\/fr\/news\/this-day-in-european-history-un-jour-dans-l-histoire\/\"},\"author\":{\"name\":\"lucacolling\",\"@id\":\"https:\/\/www.uni.lu\/fr\/#\/schema\/person\/cbcad1cf6b807d7f55d4e7e6c825d639\"},\"headline\":\"This day in European History \/ Un jour dans l&rsquo;Histoire\",\"datePublished\":\"2021-01-15T09:12:51+00:00\",\"dateModified\":\"2024-07-26T12:24:42+00:00\",\"mainEntityOfPage\":{\"@id\":\"https:\/\/www.uni.lu\/fr\/news\/this-day-in-european-history-un-jour-dans-l-histoire\/\"},\"wordCount\":327,\"publisher\":{\"@id\":\"https:\/\/www.uni.lu\/fr\/#organization\"},\"image\":{\"@id\":\"https:\/\/www.uni.lu\/fr\/news\/this-day-in-european-history-un-jour-dans-l-histoire\/#primaryimage\"},\"thumbnailUrl\":\"https:\/\/www.uni.lu\/wp-content\/uploads\/sites\/11\/2023\/11\/Placeholder_news.png\",\"inLanguage\":\"fr-FR\"},{\"@type\":\"WebPage\",\"@id\":\"https:\/\/www.uni.lu\/fr\/news\/this-day-in-european-history-un-jour-dans-l-histoire\/\",\"url\":\"https:\/\/www.uni.lu\/fr\/news\/this-day-in-european-history-un-jour-dans-l-histoire\/\",\"name\":\"This day in European History \/ Un jour dans l'Histoire - Universit\u00e9 du Luxembourg\",\"isPartOf\":{\"@id\":\"https:\/\/www.uni.lu\/fr\/#website\"},\"primaryImageOfPage\":{\"@id\":\"https:\/\/www.uni.lu\/fr\/news\/this-day-in-european-history-un-jour-dans-l-histoire\/#primaryimage\"},\"image\":{\"@id\":\"https:\/\/www.uni.lu\/fr\/news\/this-day-in-european-history-un-jour-dans-l-histoire\/#primaryimage\"},\"thumbnailUrl\":\"https:\/\/www.uni.lu\/wp-content\/uploads\/sites\/11\/2023\/11\/Placeholder_news.png\",\"datePublished\":\"2021-01-15T09:12:51+00:00\",\"dateModified\":\"2024-07-26T12:24:42+00:00\",\"description\":\"La s\u00e9rie \\\"This day in European History \/ Un jour dans l'Histoire\\\" met en exergue des \u00e9v\u00e9nements de marque pour l\u2019histoire contemporaine de l\u2019Europe et de\",\"breadcrumb\":{\"@id\":\"https:\/\/www.uni.lu\/fr\/news\/this-day-in-european-history-un-jour-dans-l-histoire\/#breadcrumb\"},\"inLanguage\":\"fr-FR\",\"potentialAction\":[{\"@type\":\"ReadAction\",\"target\":[\"https:\/\/www.uni.lu\/fr\/news\/this-day-in-european-history-un-jour-dans-l-histoire\/\"]}]},{\"@type\":\"ImageObject\",\"inLanguage\":\"fr-FR\",\"@id\":\"https:\/\/www.uni.lu\/fr\/news\/this-day-in-european-history-un-jour-dans-l-histoire\/#primaryimage\",\"url\":\"https:\/\/www.uni.lu\/wp-content\/uploads\/sites\/11\/2023\/11\/Placeholder_news.png\",\"contentUrl\":\"https:\/\/www.uni.lu\/wp-content\/uploads\/sites\/11\/2023\/11\/Placeholder_news.png\",\"width\":1500,\"height\":1125},{\"@type\":\"BreadcrumbList\",\"@id\":\"https:\/\/www.uni.lu\/fr\/news\/this-day-in-european-history-un-jour-dans-l-histoire\/#breadcrumb\",\"itemListElement\":[{\"@type\":\"ListItem\",\"position\":1,\"name\":\"Home\",\"item\":\"https:\/\/www.uni.lu\/fr\/\"},{\"@type\":\"ListItem\",\"position\":2,\"name\":\"News\",\"item\":\"https:\/\/www.uni.lu\/fr\/news\/\"},{\"@type\":\"ListItem\",\"position\":3,\"name\":\"This day in European History \/ Un jour dans l'Histoire\"}]},{\"@type\":\"WebSite\",\"@id\":\"https:\/\/www.uni.lu\/fr\/#website\",\"url\":\"https:\/\/www.uni.lu\/fr\/\",\"name\":\"Uni.lu\",\"description\":\"Universit\u00e9 du Luxembourg\",\"publisher\":{\"@id\":\"https:\/\/www.uni.lu\/fr\/#organization\"},\"alternateName\":\"Universit\u00e9 du Luxembourg\",\"potentialAction\":[{\"@type\":\"SearchAction\",\"target\":{\"@type\":\"EntryPoint\",\"urlTemplate\":\"https:\/\/www.uni.lu\/fr\/?s={search_term_string}\"},\"query-input\":\"required name=search_term_string\"}],\"inLanguage\":\"fr-FR\"},{\"@type\":\"Organization\",\"@id\":\"https:\/\/www.uni.lu\/fr\/#organization\",\"name\":\"Universit\u00e9 du Luxembourg\",\"alternateName\":\"Uni.lu\",\"url\":\"https:\/\/www.uni.lu\/fr\/\",\"logo\":{\"@type\":\"ImageObject\",\"inLanguage\":\"fr-FR\",\"@id\":\"https:\/\/www.uni.lu\/fr\/#\/schema\/logo\/image\/\",\"url\":\"https:\/\/www.uni.lu\/wp-content\/uploads\/sites\/11\/2026\/03\/03120045\/UNIV_SM-Profile_1600x1600px-scaled.jpg\",\"contentUrl\":\"https:\/\/www.uni.lu\/wp-content\/uploads\/sites\/11\/2026\/03\/03120045\/UNIV_SM-Profile_1600x1600px-scaled.jpg\",\"width\":2560,\"height\":2560,\"caption\":\"Universit\u00e9 du Luxembourg\"},\"image\":\"https:\/\/www.uni.lu\/wp-content\/uploads\/sites\/11\/2026\/04\/24120552\/20200609-Belval-Campus_Henri-Goergen-23.jpg\",\"sameAs\":[\"https:\/\/www.facebook.com\/uni.lu\",\"https:\/\/www.linkedin.com\/school\/university-of-luxembourg\/\",\"https:\/\/www.instagram.com\/uni.lu\",\"https:\/\/www.youtube.com\/@uni_lu\",\"https:\/\/en.wikipedia.org\/wiki\/University_of_Luxembourg\"],\"email\":\"communication@uni.lu\",\"telephone\":\"+352 46 66 44 1\",\"address\":{\"@type\":\"PostalAddress\",\"streetAddress\":\"2, place de l\u2019Universit\u00e9\",\"addressLocality\":\"Esch-sur-Alzette\",\"postalCode\":\"4365\",\"addressCountry\":\"LU\"},\"description\":\"Universit\u00e9 du Luxembourg\"},{\"@type\":\"Person\",\"@id\":\"https:\/\/www.uni.lu\/fr\/#\/schema\/person\/cbcad1cf6b807d7f55d4e7e6c825d639\",\"name\":\"lucacolling\",\"image\":{\"@type\":\"ImageObject\",\"inLanguage\":\"fr-FR\",\"@id\":\"https:\/\/www.uni.lu\/fr\/#\/schema\/person\/image\/\",\"url\":\"https:\/\/secure.gravatar.com\/avatar\/b916eb75bf84d37d345044c8508d388b?s=96&d=mm&r=g\",\"contentUrl\":\"https:\/\/secure.gravatar.com\/avatar\/b916eb75bf84d37d345044c8508d388b?s=96&d=mm&r=g\",\"caption\":\"lucacolling\"},\"worksFor\":\"Europe Direct University of Luxembourg\"}]}<\/script>\n<!-- \/ Yoast SEO Premium plugin. -->","yoast_head_json":{"title":"This day in European History \/ Un jour dans l'Histoire - Universit\u00e9 du Luxembourg","description":"La s\u00e9rie \"This day in European History \/ Un jour dans l'Histoire\" met en exergue des \u00e9v\u00e9nements de marque pour l\u2019histoire contemporaine de l\u2019Europe et de","robots":{"index":"index","follow":"follow","max-snippet":"max-snippet:-1","max-image-preview":"max-image-preview:large","max-video-preview":"max-video-preview:-1"},"canonical":"https:\/\/www.uni.lu\/fr\/news\/this-day-in-european-history-un-jour-dans-l-histoire\/","og_locale":"fr_FR","og_type":"article","og_title":"This day in European History \/ Un jour dans l'Histoire","og_description":"La s\u00e9rie \"This day in European History \/ Un jour dans l'Histoire\" met en exergue des \u00e9v\u00e9nements de marque pour l\u2019histoire contemporaine de l\u2019Europe et de","og_url":"https:\/\/www.uni.lu\/fr\/news\/this-day-in-european-history-un-jour-dans-l-histoire\/","og_site_name":"UNI FR","article_publisher":"https:\/\/www.facebook.com\/uni.lu","article_modified_time":"2024-07-26T12:24:42+00:00","og_image":[{"width":1500,"height":1125,"url":"https:\/\/www.uni.lu\/wp-content\/uploads\/sites\/11\/2023\/11\/Placeholder_news.png","type":"image\/png"}],"twitter_card":"summary_large_image","twitter_misc":{"Dur\u00e9e de lecture estim\u00e9e":"2 minutes"},"schema":{"@context":"https:\/\/schema.org","@graph":[{"@type":"NewsArticle","@id":"https:\/\/www.uni.lu\/fr\/news\/this-day-in-european-history-un-jour-dans-l-histoire\/#article","isPartOf":{"@id":"https:\/\/www.uni.lu\/fr\/news\/this-day-in-european-history-un-jour-dans-l-histoire\/"},"author":{"name":"lucacolling","@id":"https:\/\/www.uni.lu\/fr\/#\/schema\/person\/cbcad1cf6b807d7f55d4e7e6c825d639"},"headline":"This day in European History \/ Un jour dans l&rsquo;Histoire","datePublished":"2021-01-15T09:12:51+00:00","dateModified":"2024-07-26T12:24:42+00:00","mainEntityOfPage":{"@id":"https:\/\/www.uni.lu\/fr\/news\/this-day-in-european-history-un-jour-dans-l-histoire\/"},"wordCount":327,"publisher":{"@id":"https:\/\/www.uni.lu\/fr\/#organization"},"image":{"@id":"https:\/\/www.uni.lu\/fr\/news\/this-day-in-european-history-un-jour-dans-l-histoire\/#primaryimage"},"thumbnailUrl":"https:\/\/www.uni.lu\/wp-content\/uploads\/sites\/11\/2023\/11\/Placeholder_news.png","inLanguage":"fr-FR"},{"@type":"WebPage","@id":"https:\/\/www.uni.lu\/fr\/news\/this-day-in-european-history-un-jour-dans-l-histoire\/","url":"https:\/\/www.uni.lu\/fr\/news\/this-day-in-european-history-un-jour-dans-l-histoire\/","name":"This day in European History \/ Un jour dans l'Histoire - Universit\u00e9 du Luxembourg","isPartOf":{"@id":"https:\/\/www.uni.lu\/fr\/#website"},"primaryImageOfPage":{"@id":"https:\/\/www.uni.lu\/fr\/news\/this-day-in-european-history-un-jour-dans-l-histoire\/#primaryimage"},"image":{"@id":"https:\/\/www.uni.lu\/fr\/news\/this-day-in-european-history-un-jour-dans-l-histoire\/#primaryimage"},"thumbnailUrl":"https:\/\/www.uni.lu\/wp-content\/uploads\/sites\/11\/2023\/11\/Placeholder_news.png","datePublished":"2021-01-15T09:12:51+00:00","dateModified":"2024-07-26T12:24:42+00:00","description":"La s\u00e9rie \"This day in European History \/ Un jour dans l'Histoire\" met en exergue des \u00e9v\u00e9nements de marque pour l\u2019histoire contemporaine de l\u2019Europe et de","breadcrumb":{"@id":"https:\/\/www.uni.lu\/fr\/news\/this-day-in-european-history-un-jour-dans-l-histoire\/#breadcrumb"},"inLanguage":"fr-FR","potentialAction":[{"@type":"ReadAction","target":["https:\/\/www.uni.lu\/fr\/news\/this-day-in-european-history-un-jour-dans-l-histoire\/"]}]},{"@type":"ImageObject","inLanguage":"fr-FR","@id":"https:\/\/www.uni.lu\/fr\/news\/this-day-in-european-history-un-jour-dans-l-histoire\/#primaryimage","url":"https:\/\/www.uni.lu\/wp-content\/uploads\/sites\/11\/2023\/11\/Placeholder_news.png","contentUrl":"https:\/\/www.uni.lu\/wp-content\/uploads\/sites\/11\/2023\/11\/Placeholder_news.png","width":1500,"height":1125},{"@type":"BreadcrumbList","@id":"https:\/\/www.uni.lu\/fr\/news\/this-day-in-european-history-un-jour-dans-l-histoire\/#breadcrumb","itemListElement":[{"@type":"ListItem","position":1,"name":"Home","item":"https:\/\/www.uni.lu\/fr\/"},{"@type":"ListItem","position":2,"name":"News","item":"https:\/\/www.uni.lu\/fr\/news\/"},{"@type":"ListItem","position":3,"name":"This day in European History \/ Un jour dans l'Histoire"}]},{"@type":"WebSite","@id":"https:\/\/www.uni.lu\/fr\/#website","url":"https:\/\/www.uni.lu\/fr\/","name":"Uni.lu","description":"Universit\u00e9 du Luxembourg","publisher":{"@id":"https:\/\/www.uni.lu\/fr\/#organization"},"alternateName":"Universit\u00e9 du Luxembourg","potentialAction":[{"@type":"SearchAction","target":{"@type":"EntryPoint","urlTemplate":"https:\/\/www.uni.lu\/fr\/?s={search_term_string}"},"query-input":"required name=search_term_string"}],"inLanguage":"fr-FR"},{"@type":"Organization","@id":"https:\/\/www.uni.lu\/fr\/#organization","name":"Universit\u00e9 du Luxembourg","alternateName":"Uni.lu","url":"https:\/\/www.uni.lu\/fr\/","logo":{"@type":"ImageObject","inLanguage":"fr-FR","@id":"https:\/\/www.uni.lu\/fr\/#\/schema\/logo\/image\/","url":"https:\/\/www.uni.lu\/wp-content\/uploads\/sites\/11\/2026\/03\/03120045\/UNIV_SM-Profile_1600x1600px-scaled.jpg","contentUrl":"https:\/\/www.uni.lu\/wp-content\/uploads\/sites\/11\/2026\/03\/03120045\/UNIV_SM-Profile_1600x1600px-scaled.jpg","width":2560,"height":2560,"caption":"Universit\u00e9 du Luxembourg"},"image":"https:\/\/www.uni.lu\/wp-content\/uploads\/sites\/11\/2026\/04\/24120552\/20200609-Belval-Campus_Henri-Goergen-23.jpg","sameAs":["https:\/\/www.facebook.com\/uni.lu","https:\/\/www.linkedin.com\/school\/university-of-luxembourg\/","https:\/\/www.instagram.com\/uni.lu","https:\/\/www.youtube.com\/@uni_lu","https:\/\/en.wikipedia.org\/wiki\/University_of_Luxembourg"],"email":"communication@uni.lu","telephone":"+352 46 66 44 1","address":{"@type":"PostalAddress","streetAddress":"2, place de l\u2019Universit\u00e9","addressLocality":"Esch-sur-Alzette","postalCode":"4365","addressCountry":"LU"},"description":"Universit\u00e9 du Luxembourg"},{"@type":"Person","@id":"https:\/\/www.uni.lu\/fr\/#\/schema\/person\/cbcad1cf6b807d7f55d4e7e6c825d639","name":"lucacolling","image":{"@type":"ImageObject","inLanguage":"fr-FR","@id":"https:\/\/www.uni.lu\/fr\/#\/schema\/person\/image\/","url":"https:\/\/secure.gravatar.com\/avatar\/b916eb75bf84d37d345044c8508d388b?s=96&d=mm&r=g","contentUrl":"https:\/\/secure.gravatar.com\/avatar\/b916eb75bf84d37d345044c8508d388b?s=96&d=mm&r=g","caption":"lucacolling"},"worksFor":"Europe Direct University of Luxembourg"}]}},"blog_id":11,"_links":{"self":[{"href":"https:\/\/www.uni.lu\/fr\/wp-json\/wp\/v2\/news\/2382"}],"collection":[{"href":"https:\/\/www.uni.lu\/fr\/wp-json\/wp\/v2\/news"}],"about":[{"href":"https:\/\/www.uni.lu\/fr\/wp-json\/wp\/v2\/types\/news"}],"author":[{"embeddable":true,"href":"https:\/\/www.uni.lu\/fr\/wp-json\/wp\/v2\/users\/292"}],"version-history":[{"count":5,"href":"https:\/\/www.uni.lu\/fr\/wp-json\/wp\/v2\/news\/2382\/revisions"}],"predecessor-version":[{"id":4603,"href":"https:\/\/www.uni.lu\/fr\/wp-json\/wp\/v2\/news\/2382\/revisions\/4603"}],"wp:authorship":[{"embeddable":true,"href":"https:\/\/www.uni.lu\/fr\/wp-json\/wp\/v2\/users\/292"}],"wp:featuredmedia":[{"embeddable":true,"href":"https:\/\/www.uni.lu\/fr\/wp-json\/wp\/v2\/media\/4540"}],"wp:attachment":[{"href":"https:\/\/www.uni.lu\/fr\/wp-json\/wp\/v2\/media?parent=2382"}],"wp:term":[{"taxonomy":"news-category","embeddable":true,"href":"https:\/\/www.uni.lu\/fr\/wp-json\/wp\/v2\/news-category?post=2382"},{"taxonomy":"news-topic","embeddable":true,"href":"https:\/\/www.uni.lu\/fr\/wp-json\/wp\/v2\/news-topic?post=2382"},{"taxonomy":"organisation","embeddable":true,"href":"https:\/\/www.uni.lu\/fr\/wp-json\/wp\/v2\/organisation?post=2382"}],"curies":[{"name":"wp","href":"https:\/\/api.w.org\/{rel}","templated":true}]}}