{"id":2257,"date":"2023-06-27T21:53:23","date_gmt":"2023-06-27T21:53:23","guid":{"rendered":"https:\/\/website.prod.unilu.spikeseed.cloud\/fr\/news\/exposition-10e-edition-de-art2cure-time-reflections\/"},"modified":"2023-06-27T21:53:23","modified_gmt":"2023-06-27T21:53:23","slug":"exposition-10e-edition-de-art2cure-time-reflections","status":"publish","type":"news","link":"https:\/\/www.uni.lu\/fr\/news\/exposition-10e-edition-de-art2cure-time-reflections\/","title":{"rendered":"Exposition 10e \u00e9dition de Art2Cure : Time reflections"},"content":{"rendered":"<section class=\"wp-block-unilux-blocks-free-section section\"><div class=\"container xl:max-w-screen-xl\"><p>Art2Cure, l&rsquo;initiative de collecte de fonds artistique fond\u00e9e en 2014, c\u00e9l\u00e8bre sa 10\u00e8me \u00e9dition avec deux expositions uniques cette ann\u00e9e. Au cours de la derni\u00e8re d\u00e9cennie, Art2Cure a collabor\u00e9 avec pr\u00e8s de 100 artistes locaux et internationaux et a collect\u00e9 environ un quart de million d&rsquo;euros pour soutenir des causes li\u00e9es \u00e0 la sant\u00e9 physique et mentale.<\/p><p>Art2Cure, l&rsquo;initiative de collecte de fonds artistique fond\u00e9e en 2014, c\u00e9l\u00e8bre sa 10\u00e8me \u00e9dition avec deux expositions uniques cette ann\u00e9e. Au cours de la derni\u00e8re d\u00e9cennie, Art2Cure a collabor\u00e9 avec pr\u00e8s de 100 artistes locaux et internationaux et a collect\u00e9 environ un quart de million d&rsquo;euros pour soutenir des causes li\u00e9es \u00e0 la sant\u00e9 physique et mentale.<\/p><p>L&rsquo;exposition collective Time reflections est une collaboration franco-luxembourgeoise et met en vedette cinq artistes luxembourgeois et cinq artistes fran\u00e7ais: Camille Br\u00e8s, Luc Doerflinger, Valentine Esteve, Florent Groc, Pit Molling, Sali Muller, Natacha Nikouline, Roland Quetsch, Sergio Sardelli, Adrien Schwirtz, Joachim van der Vlugt. Elle se d\u00e9roule du 17 juin au 29 septembre 2023 \u00e0 la Galerie Ind\u00e9pendance de la BIL, du lundi au vendredi de 8 \u00e0 18 heures.<\/p><p>En parall\u00e8le dans le cadre des dix ans de Art2Cure, l&rsquo;exposition Back to the roots, regroupant des \u0153uvres d&rsquo;une vingtaine d&rsquo;artistes, se d\u00e9roule \u00e0 la Konschthal KH \u00e0 Esch-sur-Alzette du 1er au 8 juillet 2023. <\/p><p>Pour plus d&rsquo;informations sur Art2Cure, les artistes exposants ou leurs visuels en haute d\u00e9finition, veuillez contacter Art2Cure par courrier \u00e0 art2curelux@gmail.com ou par t\u00e9l\u00e9phone au 621 132890.<\/p><\/div><\/section>","protected":false},"excerpt":{"rendered":"<p>Art2Cure, l&rsquo;initiative de collecte de fonds artistique fond\u00e9e en 2014, c\u00e9l\u00e8bre sa 10\u00e8me \u00e9dition avec deux expositions uniques cette ann\u00e9e. Au cours de la derni\u00e8re d\u00e9cennie, Art2Cure a collabor\u00e9 avec pr\u00e8s de 100 artistes locaux et internationaux et a collect\u00e9 environ un quart de million d&rsquo;euros pour soutenir des causes li\u00e9es \u00e0 la sant\u00e9 physique et mentale.<\/p>\n","protected":false},"author":0,"featured_media":0,"template":"","format":"standard","meta":{"featured_image_focal_point":[],"show_featured_caption":false,"ulux_newsletter_groups":"","uluxPostTitle":"","uluxPrePostTitle":"","_trash_the_other_posts":false,"_price":"","_stock":"","_tribe_ticket_header":"","_tribe_default_ticket_provider":"","_tribe_ticket_capacity":"0","_ticket_start_date":"","_ticket_end_date":"","_tribe_ticket_show_description":"","_tribe_ticket_show_not_going":false,"_tribe_ticket_use_global_stock":"","_tribe_ticket_global_stock_level":"","_global_stock_mode":"","_global_stock_cap":"","_tribe_rsvp_for_event":"","_tribe_ticket_going_count":"","_tribe_ticket_not_going_count":"","_tribe_tickets_list":"[]","_tribe_ticket_has_attendee_info_fields":false},"news-category":[],"news-topic":[],"organisation":[],"authorship":[],"acf":[],"yoast_head":"<!-- This site is optimized with the Yoast SEO Premium plugin v22.3 (Yoast SEO v22.3) - https:\/\/yoast.com\/wordpress\/plugins\/seo\/ -->\n<title>Exposition 10e \u00e9dition de Art2Cure : Time reflections - Universit\u00e9 du Luxembourg<\/title>\n<meta name=\"description\" content=\"Art2Cure, l&#039;initiative de collecte de fonds artistique fond\u00e9e en 2014, c\u00e9l\u00e8bre sa 10\u00e8me \u00e9dition avec deux expositions uniques cette ann\u00e9e. Au cours de la derni\u00e8re d\u00e9cennie, Art2Cure a collabor\u00e9 avec pr\u00e8s de 100 artistes locaux et internationaux et a collect\u00e9 environ un quart de million d&#039;euros pour soutenir des causes li\u00e9es \u00e0 la sant\u00e9 physique et mentale.\" \/>\n<meta name=\"robots\" content=\"index, follow, max-snippet:-1, max-image-preview:large, max-video-preview:-1\" \/>\n<link rel=\"canonical\" href=\"https:\/\/www.uni.lu\/fr\/news\/exposition-10e-edition-de-art2cure-time-reflections\/\" \/>\n<meta property=\"og:locale\" content=\"fr_FR\" \/>\n<meta property=\"og:type\" content=\"article\" \/>\n<meta property=\"og:title\" content=\"Exposition 10e \u00e9dition de Art2Cure : Time reflections\" \/>\n<meta property=\"og:description\" content=\"Art2Cure, l&#039;initiative de collecte de fonds artistique fond\u00e9e en 2014, c\u00e9l\u00e8bre sa 10\u00e8me \u00e9dition avec deux expositions uniques cette ann\u00e9e. Au cours de la derni\u00e8re d\u00e9cennie, Art2Cure a collabor\u00e9 avec pr\u00e8s de 100 artistes locaux et internationaux et a collect\u00e9 environ un quart de million d&#039;euros pour soutenir des causes li\u00e9es \u00e0 la sant\u00e9 physique et mentale.\" \/>\n<meta property=\"og:url\" content=\"https:\/\/www.uni.lu\/fr\/news\/exposition-10e-edition-de-art2cure-time-reflections\/\" \/>\n<meta property=\"og:site_name\" content=\"UNI FR\" \/>\n<meta property=\"article:publisher\" content=\"https:\/\/www.facebook.com\/uni.lu\" \/>\n<meta property=\"og:image\" content=\"https:\/\/www.uni.lu\/wp-content\/uploads\/sites\/11\/2023\/06\/exposition_10e_edition_de_art2cure_time_reflections.jpg\" \/>\n\t<meta property=\"og:image:width\" content=\"800\" \/>\n\t<meta property=\"og:image:height\" content=\"600\" \/>\n\t<meta property=\"og:image:type\" content=\"image\/jpeg\" \/>\n<meta name=\"twitter:card\" content=\"summary_large_image\" \/>\n<meta name=\"twitter:label1\" content=\"Dur\u00e9e de lecture estim\u00e9e\" \/>\n\t<meta name=\"twitter:data1\" content=\"1 minute\" \/>\n<script type=\"application\/ld+json\" class=\"yoast-schema-graph\">{\"@context\":\"https:\/\/schema.org\",\"@graph\":[{\"@type\":\"NewsArticle\",\"@id\":\"https:\/\/www.uni.lu\/fr\/news\/exposition-10e-edition-de-art2cure-time-reflections\/#article\",\"isPartOf\":{\"@id\":\"https:\/\/www.uni.lu\/fr\/news\/exposition-10e-edition-de-art2cure-time-reflections\/\"},\"author\":{\"name\":\"\",\"@id\":\"\"},\"headline\":\"Exposition 10e \u00e9dition de Art2Cure : Time reflections\",\"datePublished\":\"2023-06-27T21:53:23+00:00\",\"dateModified\":\"2023-06-27T21:53:23+00:00\",\"mainEntityOfPage\":{\"@id\":\"https:\/\/www.uni.lu\/fr\/news\/exposition-10e-edition-de-art2cure-time-reflections\/\"},\"wordCount\":277,\"publisher\":{\"@id\":\"https:\/\/www.uni.lu\/fr\/#organization\"},\"inLanguage\":\"fr-FR\"},{\"@type\":\"WebPage\",\"@id\":\"https:\/\/www.uni.lu\/fr\/news\/exposition-10e-edition-de-art2cure-time-reflections\/\",\"url\":\"https:\/\/www.uni.lu\/fr\/news\/exposition-10e-edition-de-art2cure-time-reflections\/\",\"name\":\"Exposition 10e \u00e9dition de Art2Cure : Time reflections - Universit\u00e9 du Luxembourg\",\"isPartOf\":{\"@id\":\"https:\/\/www.uni.lu\/fr\/#website\"},\"datePublished\":\"2023-06-27T21:53:23+00:00\",\"dateModified\":\"2023-06-27T21:53:23+00:00\",\"description\":\"Art2Cure, l'initiative de collecte de fonds artistique fond\u00e9e en 2014, c\u00e9l\u00e8bre sa 10\u00e8me \u00e9dition avec deux expositions uniques cette ann\u00e9e. Au cours de la derni\u00e8re d\u00e9cennie, Art2Cure a collabor\u00e9 avec pr\u00e8s de 100 artistes locaux et internationaux et a collect\u00e9 environ un quart de million d'euros pour soutenir des causes li\u00e9es \u00e0 la sant\u00e9 physique et mentale.\",\"breadcrumb\":{\"@id\":\"https:\/\/www.uni.lu\/fr\/news\/exposition-10e-edition-de-art2cure-time-reflections\/#breadcrumb\"},\"inLanguage\":\"fr-FR\",\"potentialAction\":[{\"@type\":\"ReadAction\",\"target\":[\"https:\/\/www.uni.lu\/fr\/news\/exposition-10e-edition-de-art2cure-time-reflections\/\"]}]},{\"@type\":\"BreadcrumbList\",\"@id\":\"https:\/\/www.uni.lu\/fr\/news\/exposition-10e-edition-de-art2cure-time-reflections\/#breadcrumb\",\"itemListElement\":[{\"@type\":\"ListItem\",\"position\":1,\"name\":\"Home\",\"item\":\"https:\/\/www.uni.lu\/fr\/\"},{\"@type\":\"ListItem\",\"position\":2,\"name\":\"News\",\"item\":\"https:\/\/www.uni.lu\/fr\/news\/\"},{\"@type\":\"ListItem\",\"position\":3,\"name\":\"Exposition 10e \u00e9dition de Art2Cure : Time reflections\"}]},{\"@type\":\"WebSite\",\"@id\":\"https:\/\/www.uni.lu\/fr\/#website\",\"url\":\"https:\/\/www.uni.lu\/fr\/\",\"name\":\"Uni.lu\",\"description\":\"Universit\u00e9 du Luxembourg\",\"publisher\":{\"@id\":\"https:\/\/www.uni.lu\/fr\/#organization\"},\"alternateName\":\"Universit\u00e9 du Luxembourg\",\"potentialAction\":[{\"@type\":\"SearchAction\",\"target\":{\"@type\":\"EntryPoint\",\"urlTemplate\":\"https:\/\/www.uni.lu\/fr\/?s={search_term_string}\"},\"query-input\":\"required name=search_term_string\"}],\"inLanguage\":\"fr-FR\"},{\"@type\":\"Organization\",\"@id\":\"https:\/\/www.uni.lu\/fr\/#organization\",\"name\":\"Universit\u00e9 du Luxembourg\",\"alternateName\":\"Uni.lu\",\"url\":\"https:\/\/www.uni.lu\/fr\/\",\"logo\":{\"@type\":\"ImageObject\",\"inLanguage\":\"fr-FR\",\"@id\":\"https:\/\/www.uni.lu\/fr\/#\/schema\/logo\/image\/\",\"url\":\"https:\/\/www.uni.lu\/wp-content\/uploads\/sites\/11\/2026\/03\/03120045\/UNIV_SM-Profile_1600x1600px-scaled.jpg\",\"contentUrl\":\"https:\/\/www.uni.lu\/wp-content\/uploads\/sites\/11\/2026\/03\/03120045\/UNIV_SM-Profile_1600x1600px-scaled.jpg\",\"width\":2560,\"height\":2560,\"caption\":\"Universit\u00e9 du Luxembourg\"},\"image\":\"https:\/\/www.uni.lu\/wp-content\/uploads\/sites\/11\/2026\/04\/24120552\/20200609-Belval-Campus_Henri-Goergen-23.jpg\",\"sameAs\":[\"https:\/\/www.facebook.com\/uni.lu\",\"https:\/\/www.linkedin.com\/school\/university-of-luxembourg\/\",\"https:\/\/www.instagram.com\/uni.lu\",\"https:\/\/www.youtube.com\/@uni_lu\",\"https:\/\/en.wikipedia.org\/wiki\/University_of_Luxembourg\"],\"email\":\"communication@uni.lu\",\"telephone\":\"+352 46 66 44 1\",\"address\":{\"@type\":\"PostalAddress\",\"streetAddress\":\"2, place de l\u2019Universit\u00e9\",\"addressLocality\":\"Esch-sur-Alzette\",\"postalCode\":\"4365\",\"addressCountry\":\"LU\"},\"description\":\"Universit\u00e9 du Luxembourg\"}]}<\/script>\n<!-- \/ Yoast SEO Premium plugin. -->","yoast_head_json":{"title":"Exposition 10e \u00e9dition de Art2Cure : Time reflections - Universit\u00e9 du Luxembourg","description":"Art2Cure, l'initiative de collecte de fonds artistique fond\u00e9e en 2014, c\u00e9l\u00e8bre sa 10\u00e8me \u00e9dition avec deux expositions uniques cette ann\u00e9e. Au cours de la derni\u00e8re d\u00e9cennie, Art2Cure a collabor\u00e9 avec pr\u00e8s de 100 artistes locaux et internationaux et a collect\u00e9 environ un quart de million d'euros pour soutenir des causes li\u00e9es \u00e0 la sant\u00e9 physique et mentale.","robots":{"index":"index","follow":"follow","max-snippet":"max-snippet:-1","max-image-preview":"max-image-preview:large","max-video-preview":"max-video-preview:-1"},"canonical":"https:\/\/www.uni.lu\/fr\/news\/exposition-10e-edition-de-art2cure-time-reflections\/","og_locale":"fr_FR","og_type":"article","og_title":"Exposition 10e \u00e9dition de Art2Cure : Time reflections","og_description":"Art2Cure, l'initiative de collecte de fonds artistique fond\u00e9e en 2014, c\u00e9l\u00e8bre sa 10\u00e8me \u00e9dition avec deux expositions uniques cette ann\u00e9e. Au cours de la derni\u00e8re d\u00e9cennie, Art2Cure a collabor\u00e9 avec pr\u00e8s de 100 artistes locaux et internationaux et a collect\u00e9 environ un quart de million d'euros pour soutenir des causes li\u00e9es \u00e0 la sant\u00e9 physique et mentale.","og_url":"https:\/\/www.uni.lu\/fr\/news\/exposition-10e-edition-de-art2cure-time-reflections\/","og_site_name":"UNI FR","article_publisher":"https:\/\/www.facebook.com\/uni.lu","og_image":[{"width":800,"height":600,"url":"https:\/\/www.uni.lu\/wp-content\/uploads\/sites\/11\/2023\/06\/exposition_10e_edition_de_art2cure_time_reflections.jpg","type":"image\/jpeg"}],"twitter_card":"summary_large_image","twitter_misc":{"Dur\u00e9e de lecture estim\u00e9e":"1 minute"},"schema":{"@context":"https:\/\/schema.org","@graph":[{"@type":"NewsArticle","@id":"https:\/\/www.uni.lu\/fr\/news\/exposition-10e-edition-de-art2cure-time-reflections\/#article","isPartOf":{"@id":"https:\/\/www.uni.lu\/fr\/news\/exposition-10e-edition-de-art2cure-time-reflections\/"},"author":{"name":"","@id":""},"headline":"Exposition 10e \u00e9dition de Art2Cure : Time reflections","datePublished":"2023-06-27T21:53:23+00:00","dateModified":"2023-06-27T21:53:23+00:00","mainEntityOfPage":{"@id":"https:\/\/www.uni.lu\/fr\/news\/exposition-10e-edition-de-art2cure-time-reflections\/"},"wordCount":277,"publisher":{"@id":"https:\/\/www.uni.lu\/fr\/#organization"},"inLanguage":"fr-FR"},{"@type":"WebPage","@id":"https:\/\/www.uni.lu\/fr\/news\/exposition-10e-edition-de-art2cure-time-reflections\/","url":"https:\/\/www.uni.lu\/fr\/news\/exposition-10e-edition-de-art2cure-time-reflections\/","name":"Exposition 10e \u00e9dition de Art2Cure : Time reflections - Universit\u00e9 du Luxembourg","isPartOf":{"@id":"https:\/\/www.uni.lu\/fr\/#website"},"datePublished":"2023-06-27T21:53:23+00:00","dateModified":"2023-06-27T21:53:23+00:00","description":"Art2Cure, l'initiative de collecte de fonds artistique fond\u00e9e en 2014, c\u00e9l\u00e8bre sa 10\u00e8me \u00e9dition avec deux expositions uniques cette ann\u00e9e. Au cours de la derni\u00e8re d\u00e9cennie, Art2Cure a collabor\u00e9 avec pr\u00e8s de 100 artistes locaux et internationaux et a collect\u00e9 environ un quart de million d'euros pour soutenir des causes li\u00e9es \u00e0 la sant\u00e9 physique et mentale.","breadcrumb":{"@id":"https:\/\/www.uni.lu\/fr\/news\/exposition-10e-edition-de-art2cure-time-reflections\/#breadcrumb"},"inLanguage":"fr-FR","potentialAction":[{"@type":"ReadAction","target":["https:\/\/www.uni.lu\/fr\/news\/exposition-10e-edition-de-art2cure-time-reflections\/"]}]},{"@type":"BreadcrumbList","@id":"https:\/\/www.uni.lu\/fr\/news\/exposition-10e-edition-de-art2cure-time-reflections\/#breadcrumb","itemListElement":[{"@type":"ListItem","position":1,"name":"Home","item":"https:\/\/www.uni.lu\/fr\/"},{"@type":"ListItem","position":2,"name":"News","item":"https:\/\/www.uni.lu\/fr\/news\/"},{"@type":"ListItem","position":3,"name":"Exposition 10e \u00e9dition de Art2Cure : Time reflections"}]},{"@type":"WebSite","@id":"https:\/\/www.uni.lu\/fr\/#website","url":"https:\/\/www.uni.lu\/fr\/","name":"Uni.lu","description":"Universit\u00e9 du Luxembourg","publisher":{"@id":"https:\/\/www.uni.lu\/fr\/#organization"},"alternateName":"Universit\u00e9 du Luxembourg","potentialAction":[{"@type":"SearchAction","target":{"@type":"EntryPoint","urlTemplate":"https:\/\/www.uni.lu\/fr\/?s={search_term_string}"},"query-input":"required name=search_term_string"}],"inLanguage":"fr-FR"},{"@type":"Organization","@id":"https:\/\/www.uni.lu\/fr\/#organization","name":"Universit\u00e9 du Luxembourg","alternateName":"Uni.lu","url":"https:\/\/www.uni.lu\/fr\/","logo":{"@type":"ImageObject","inLanguage":"fr-FR","@id":"https:\/\/www.uni.lu\/fr\/#\/schema\/logo\/image\/","url":"https:\/\/www.uni.lu\/wp-content\/uploads\/sites\/11\/2026\/03\/03120045\/UNIV_SM-Profile_1600x1600px-scaled.jpg","contentUrl":"https:\/\/www.uni.lu\/wp-content\/uploads\/sites\/11\/2026\/03\/03120045\/UNIV_SM-Profile_1600x1600px-scaled.jpg","width":2560,"height":2560,"caption":"Universit\u00e9 du Luxembourg"},"image":"https:\/\/www.uni.lu\/wp-content\/uploads\/sites\/11\/2026\/04\/24120552\/20200609-Belval-Campus_Henri-Goergen-23.jpg","sameAs":["https:\/\/www.facebook.com\/uni.lu","https:\/\/www.linkedin.com\/school\/university-of-luxembourg\/","https:\/\/www.instagram.com\/uni.lu","https:\/\/www.youtube.com\/@uni_lu","https:\/\/en.wikipedia.org\/wiki\/University_of_Luxembourg"],"email":"communication@uni.lu","telephone":"+352 46 66 44 1","address":{"@type":"PostalAddress","streetAddress":"2, place de l\u2019Universit\u00e9","addressLocality":"Esch-sur-Alzette","postalCode":"4365","addressCountry":"LU"},"description":"Universit\u00e9 du Luxembourg"}]}},"blog_id":11,"_links":{"self":[{"href":"https:\/\/www.uni.lu\/fr\/wp-json\/wp\/v2\/news\/2257"}],"collection":[{"href":"https:\/\/www.uni.lu\/fr\/wp-json\/wp\/v2\/news"}],"about":[{"href":"https:\/\/www.uni.lu\/fr\/wp-json\/wp\/v2\/types\/news"}],"version-history":[{"count":0,"href":"https:\/\/www.uni.lu\/fr\/wp-json\/wp\/v2\/news\/2257\/revisions"}],"wp:attachment":[{"href":"https:\/\/www.uni.lu\/fr\/wp-json\/wp\/v2\/media?parent=2257"}],"wp:term":[{"taxonomy":"news-category","embeddable":true,"href":"https:\/\/www.uni.lu\/fr\/wp-json\/wp\/v2\/news-category?post=2257"},{"taxonomy":"news-topic","embeddable":true,"href":"https:\/\/www.uni.lu\/fr\/wp-json\/wp\/v2\/news-topic?post=2257"},{"taxonomy":"organisation","embeddable":true,"href":"https:\/\/www.uni.lu\/fr\/wp-json\/wp\/v2\/organisation?post=2257"}],"curies":[{"name":"wp","href":"https:\/\/api.w.org\/{rel}","templated":true}]}}