{"id":2195,"date":"2023-05-15T09:25:46","date_gmt":"2023-05-15T09:25:46","guid":{"rendered":"https:\/\/website.prod.unilu.spikeseed.cloud\/fr\/news\/prof-yves-le-traon-nomme-directeur-du-snt-de-luniversite\/"},"modified":"2023-05-15T09:25:46","modified_gmt":"2023-05-15T09:25:46","slug":"prof-yves-le-traon-nomme-directeur-du-snt-de-luniversite","status":"publish","type":"news","link":"https:\/\/www.uni.lu\/fr\/news\/prof-yves-le-traon-nomme-directeur-du-snt-de-luniversite\/","title":{"rendered":"Prof. Yves Le Traon nomm\u00e9 directeur du SnT de l\u2019Universit\u00e9"},"content":{"rendered":"<section class=\"wp-block-unilux-blocks-free-section section\"><div class=\"container xl:max-w-screen-xl\"><p>Le Conseil de Gouvernance de l\u2019Universit\u00e9 du Luxembourg a a nomm\u00e9 le 12 mai 2023, Prof. Yves Le Traon nouveau directeur du Interdisciplinary Centre for Security, Reliability and Trust (SnT).<\/p><p>La nomination prendra effet le 1er janvier 2024, pour un mandat de cinq ans. Elle fait suite \u00e0 un appel \u00e0 candidature international et aux travaux d\u2019une commission de recrutement, ainsi qu\u2019au recueil de l\u2019avis des professeurs du <a href=\"https:\/\/wwwfr.uni.lu\/snt\" target=\"_self\" title=\"Interdisciplinary Centre for Security, Reliability and Trust\" rel=\"noopener\">Interdisciplinary Centre for Security, Reliability and Trust<\/a> (SnT).<\/p><p>Prof. Le Traon prendra la rel\u00e8ve du Prof. Bj\u00f6rn Ottersten, directeur fondateur de ce centre de recherche interdisciplinaire de l\u2019Universit\u00e9, et dont le troisi\u00e8me mandat arrivera \u00e0 terme le 31 d\u00e9cembre 2023.<\/p><p>Cr\u00e9\u00e9 en 2009, le SnT s\u2019est d\u00e9velopp\u00e9 en un centre de recherche d\u2019excellence internationalement reconnu qui g\u00e9n\u00e8re des avanc\u00e9es significatives en mati\u00e8re de technologies de l&rsquo;information et de la communication (TIC), au service de l\u2019\u00e9conomie et de la soci\u00e9t\u00e9.<\/p><p>Directeur adjoint du SnT depuis 2020, <a href=\"https:\/\/wwwfr.uni.lu\/snt\/people\/yves_le_traon\" target=\"_self\" title=\"Yves Le Traon\" rel=\"noopener\">Yves Le Traon<\/a> a rejoint l\u2019Universit\u00e9 du Luxembourg en 2009 et a assur\u00e9 la direction du d\u00e9partement des sciences informatiques de l\u2019Universit\u00e9 de 2013 \u00e0 2016. Yves Le Traon a d\u00e9but\u00e9 sa carri\u00e8re scientifique par un doctorat en informatique \u00e0 l\u2019Institut National Polytechnique de Grenoble en 1997 puis \u00a0a d\u00e9velopp\u00e9 sa recherche en g\u00e9nie logiciel \u00e0 Rennes. Scientifique reconnu internationalement, son activit\u00e9 scientifique s\u2019appuie sur des collaborations avec d\u2019autres institutions de recherche mais aussi avec des partenaires industriels. Prof. Le Traon apporte \u00e9galement une connaissance approfondie de l\u2019Universit\u00e9, du SnT et du contexte luxembourgeois.<\/p><p>\u00ab<i>\u00a0Je suis heureux et fier que la commission de recrutement, compos\u00e9e d\u2019experts internationaux, ait choisi un professeur de l\u2019Universit\u00e9 du Luxembourg parmi les excellentes candidatures re\u00e7ues\u00a0\u00bb<\/i>, a soulign\u00e9 le recteur <i> \u00ab\u00a0Le Prof. Le Traon saura donner de nouvelles impulsions au SnT, tout en assurant la poursuite des ambitions de ce centre interdisciplinaire qui, sous la direction du Prof. Ottersten, a su se positionner comme l\u2019un des grands succ\u00e8s de l\u2019Universit\u00e9.\u00a0<\/i>.<a href=\"https:\/\/wwwfr.uni.lu\/universite\/presentation\/organigrammes\/organigramme_rectorat_administration_centrale\/le_recteur\/jens_kreisel\" target=\"_self\" title=\"Jens Kreisel\" rel=\"noopener\">Jens Kreisel<\/a>\u00bb<\/p>\n<h5 class=\"has-text-align-left wp-block-unilux-blocks-heading\"        id=\"universite-du-luxembourg\"\n    >\n\u00a9 Universit\u00e9 du Luxembourg<\/h5>\n<\/div><\/section>","protected":false},"excerpt":{"rendered":"<p>Le Conseil de Gouvernance de l\u2019Universit\u00e9 du Luxembourg a a nomm\u00e9 le 12 mai 2023, Prof. Yves Le Traon nouveau directeur du Interdisciplinary Centre for Security, Reliability and Trust (SnT).<\/p>\n","protected":false},"author":44,"featured_media":0,"template":"","format":"standard","meta":{"featured_image_focal_point":[],"show_featured_caption":false,"ulux_newsletter_groups":"","uluxPostTitle":"","uluxPrePostTitle":"","_trash_the_other_posts":false,"_price":"","_stock":"","_tribe_ticket_header":"","_tribe_default_ticket_provider":"","_tribe_ticket_capacity":"0","_ticket_start_date":"","_ticket_end_date":"","_tribe_ticket_show_description":"","_tribe_ticket_show_not_going":false,"_tribe_ticket_use_global_stock":"","_tribe_ticket_global_stock_level":"","_global_stock_mode":"","_global_stock_cap":"","_tribe_rsvp_for_event":"","_tribe_ticket_going_count":"","_tribe_ticket_not_going_count":"","_tribe_tickets_list":"[]","_tribe_ticket_has_attendee_info_fields":false},"news-category":[3],"news-topic":[],"organisation":[226],"authorship":[],"acf":[],"yoast_head":"<!-- This site is optimized with the Yoast SEO Premium plugin v22.3 (Yoast SEO v22.3) - https:\/\/yoast.com\/wordpress\/plugins\/seo\/ -->\n<title>Prof. Yves Le Traon nomm\u00e9 directeur du SnT de l\u2019Universit\u00e9 - Universit\u00e9 du Luxembourg<\/title>\n<meta name=\"description\" content=\"Le Conseil de Gouvernance de l\u2019Universit\u00e9 du Luxembourg a a nomm\u00e9 le 12 mai 2023, Prof. Yves Le Traon nouveau directeur du Interdisciplinary Centre for Security, Reliability and Trust (SnT).\" \/>\n<meta name=\"robots\" content=\"index, follow, max-snippet:-1, max-image-preview:large, max-video-preview:-1\" \/>\n<link rel=\"canonical\" href=\"https:\/\/www.uni.lu\/fr\/news\/\" \/>\n<meta property=\"og:locale\" content=\"fr_FR\" \/>\n<meta property=\"og:type\" content=\"article\" \/>\n<meta property=\"og:title\" content=\"Prof. Yves Le Traon nomm\u00e9 directeur du SnT de l\u2019Universit\u00e9\" \/>\n<meta property=\"og:description\" content=\"Le Conseil de Gouvernance de l\u2019Universit\u00e9 du Luxembourg a a nomm\u00e9 le 12 mai 2023, Prof. Yves Le Traon nouveau directeur du Interdisciplinary Centre for Security, Reliability and Trust (SnT).\" \/>\n<meta property=\"og:url\" content=\"https:\/\/www.uni.lu\/fr\/news\/\" \/>\n<meta property=\"og:site_name\" content=\"UNI FR\" \/>\n<meta property=\"article:publisher\" content=\"https:\/\/www.facebook.com\/uni.lu\" \/>\n<meta property=\"og:image\" content=\"https:\/\/www.uni.lu\/wp-content\/uploads\/sites\/11\/2023\/05\/prof_yves_le_traon_nomme_directeur_du_snt_de_l_universite.jpg\" \/>\n\t<meta property=\"og:image:width\" content=\"800\" \/>\n\t<meta property=\"og:image:height\" content=\"600\" \/>\n\t<meta property=\"og:image:type\" content=\"image\/jpeg\" \/>\n<meta name=\"twitter:card\" content=\"summary_large_image\" \/>\n<meta name=\"twitter:label1\" content=\"Dur\u00e9e de lecture estim\u00e9e\" \/>\n\t<meta name=\"twitter:data1\" content=\"2 minutes\" \/>\n<script type=\"application\/ld+json\" class=\"yoast-schema-graph\">{\"@context\":\"https:\/\/schema.org\",\"@graph\":[{\"@type\":\"NewsArticle\",\"@id\":\"https:\/\/www.uni.lu\/fr\/news\/#article\",\"isPartOf\":{\"@id\":\"https:\/\/www.uni.lu\/fr\/news\/\"},\"author\":{\"name\":\"Eunice\",\"@id\":\"https:\/\/www.uni.lu\/fr\/#\/schema\/person\/17dbc4a6ec9d969d266bcfb8d8e06279\"},\"headline\":\"Prof. Yves Le Traon nomm\u00e9 directeur du SnT de l\u2019Universit\u00e9\",\"datePublished\":\"2023-05-15T09:25:46+00:00\",\"dateModified\":\"2023-05-15T09:25:46+00:00\",\"mainEntityOfPage\":{\"@id\":\"https:\/\/www.uni.lu\/fr\/news\/\"},\"wordCount\":350,\"publisher\":{\"@id\":\"https:\/\/www.uni.lu\/fr\/#organization\"},\"inLanguage\":\"fr-FR\"},{\"@type\":\"WebPage\",\"@id\":\"https:\/\/www.uni.lu\/fr\/news\/\",\"url\":\"https:\/\/www.uni.lu\/fr\/news\/\",\"name\":\"Prof. Yves Le Traon nomm\u00e9 directeur du SnT de l\u2019Universit\u00e9 - Universit\u00e9 du Luxembourg\",\"isPartOf\":{\"@id\":\"https:\/\/www.uni.lu\/fr\/#website\"},\"datePublished\":\"2023-05-15T09:25:46+00:00\",\"dateModified\":\"2023-05-15T09:25:46+00:00\",\"description\":\"Le Conseil de Gouvernance de l\u2019Universit\u00e9 du Luxembourg a a nomm\u00e9 le 12 mai 2023, Prof. Yves Le Traon nouveau directeur du Interdisciplinary Centre for Security, Reliability and Trust (SnT).\",\"breadcrumb\":{\"@id\":\"https:\/\/www.uni.lu\/fr\/news\/#breadcrumb\"},\"inLanguage\":\"fr-FR\",\"potentialAction\":[{\"@type\":\"ReadAction\",\"target\":[\"https:\/\/www.uni.lu\/fr\/news\/\"]}]},{\"@type\":\"BreadcrumbList\",\"@id\":\"https:\/\/www.uni.lu\/fr\/news\/#breadcrumb\",\"itemListElement\":[{\"@type\":\"ListItem\",\"position\":1,\"name\":\"Home\",\"item\":\"https:\/\/www.uni.lu\/fr\/\"},{\"@type\":\"ListItem\",\"position\":2,\"name\":\"News\",\"item\":\"https:\/\/www.uni.lu\/fr\/news\/\"},{\"@type\":\"ListItem\",\"position\":3,\"name\":\"Prof. Yves Le Traon nomm\u00e9 directeur du SnT de l\u2019Universit\u00e9\"}]},{\"@type\":\"WebSite\",\"@id\":\"https:\/\/www.uni.lu\/fr\/#website\",\"url\":\"https:\/\/www.uni.lu\/fr\/\",\"name\":\"Uni.lu\",\"description\":\"Universit\u00e9 du Luxembourg\",\"publisher\":{\"@id\":\"https:\/\/www.uni.lu\/fr\/#organization\"},\"alternateName\":\"Universit\u00e9 du Luxembourg\",\"potentialAction\":[{\"@type\":\"SearchAction\",\"target\":{\"@type\":\"EntryPoint\",\"urlTemplate\":\"https:\/\/www.uni.lu\/fr\/?s={search_term_string}\"},\"query-input\":\"required name=search_term_string\"}],\"inLanguage\":\"fr-FR\"},{\"@type\":\"Organization\",\"@id\":\"https:\/\/www.uni.lu\/fr\/#organization\",\"name\":\"Universit\u00e9 du Luxembourg\",\"alternateName\":\"Uni.lu\",\"url\":\"https:\/\/www.uni.lu\/fr\/\",\"logo\":{\"@type\":\"ImageObject\",\"inLanguage\":\"fr-FR\",\"@id\":\"https:\/\/www.uni.lu\/fr\/#\/schema\/logo\/image\/\",\"url\":\"https:\/\/www.uni.lu\/wp-content\/uploads\/sites\/11\/2026\/03\/03120045\/UNIV_SM-Profile_1600x1600px-scaled.jpg\",\"contentUrl\":\"https:\/\/www.uni.lu\/wp-content\/uploads\/sites\/11\/2026\/03\/03120045\/UNIV_SM-Profile_1600x1600px-scaled.jpg\",\"width\":2560,\"height\":2560,\"caption\":\"Universit\u00e9 du Luxembourg\"},\"image\":\"https:\/\/www.uni.lu\/wp-content\/uploads\/sites\/11\/2026\/04\/24120552\/20200609-Belval-Campus_Henri-Goergen-23.jpg\",\"sameAs\":[\"https:\/\/www.facebook.com\/uni.lu\",\"https:\/\/www.linkedin.com\/school\/university-of-luxembourg\/\",\"https:\/\/www.instagram.com\/uni.lu\",\"https:\/\/www.youtube.com\/@uni_lu\",\"https:\/\/en.wikipedia.org\/wiki\/University_of_Luxembourg\"],\"email\":\"communication@uni.lu\",\"telephone\":\"+352 46 66 44 1\",\"address\":{\"@type\":\"PostalAddress\",\"streetAddress\":\"2, place de l\u2019Universit\u00e9\",\"addressLocality\":\"Esch-sur-Alzette\",\"postalCode\":\"4365\",\"addressCountry\":\"LU\"},\"description\":\"Universit\u00e9 du Luxembourg\"},{\"@type\":\"Person\",\"@id\":\"https:\/\/www.uni.lu\/fr\/#\/schema\/person\/17dbc4a6ec9d969d266bcfb8d8e06279\",\"name\":\"Eunice\",\"image\":{\"@type\":\"ImageObject\",\"inLanguage\":\"fr-FR\",\"@id\":\"https:\/\/www.uni.lu\/fr\/#\/schema\/person\/image\/\",\"url\":\"https:\/\/secure.gravatar.com\/avatar\/dff9d86d63de4fa4c270ac204a61e8a8?s=96&d=mm&r=g\",\"contentUrl\":\"https:\/\/secure.gravatar.com\/avatar\/dff9d86d63de4fa4c270ac204a61e8a8?s=96&d=mm&r=g\",\"caption\":\"Eunice\"},\"birthDate\":\"1991-12-20\",\"gender\":\"female\",\"jobTitle\":\"Web editor\",\"worksFor\":\"University of Luxembourg\"}]}<\/script>\n<!-- \/ Yoast SEO Premium plugin. -->","yoast_head_json":{"title":"Prof. Yves Le Traon nomm\u00e9 directeur du SnT de l\u2019Universit\u00e9 - Universit\u00e9 du Luxembourg","description":"Le Conseil de Gouvernance de l\u2019Universit\u00e9 du Luxembourg a a nomm\u00e9 le 12 mai 2023, Prof. Yves Le Traon nouveau directeur du Interdisciplinary Centre for Security, Reliability and Trust (SnT).","robots":{"index":"index","follow":"follow","max-snippet":"max-snippet:-1","max-image-preview":"max-image-preview:large","max-video-preview":"max-video-preview:-1"},"canonical":"https:\/\/www.uni.lu\/fr\/news\/","og_locale":"fr_FR","og_type":"article","og_title":"Prof. Yves Le Traon nomm\u00e9 directeur du SnT de l\u2019Universit\u00e9","og_description":"Le Conseil de Gouvernance de l\u2019Universit\u00e9 du Luxembourg a a nomm\u00e9 le 12 mai 2023, Prof. Yves Le Traon nouveau directeur du Interdisciplinary Centre for Security, Reliability and Trust (SnT).","og_url":"https:\/\/www.uni.lu\/fr\/news\/","og_site_name":"UNI FR","article_publisher":"https:\/\/www.facebook.com\/uni.lu","og_image":[{"width":800,"height":600,"url":"https:\/\/www.uni.lu\/wp-content\/uploads\/sites\/11\/2023\/05\/prof_yves_le_traon_nomme_directeur_du_snt_de_l_universite.jpg","type":"image\/jpeg"}],"twitter_card":"summary_large_image","twitter_misc":{"Dur\u00e9e de lecture estim\u00e9e":"2 minutes"},"schema":{"@context":"https:\/\/schema.org","@graph":[{"@type":"NewsArticle","@id":"https:\/\/www.uni.lu\/fr\/news\/#article","isPartOf":{"@id":"https:\/\/www.uni.lu\/fr\/news\/"},"author":{"name":"Eunice","@id":"https:\/\/www.uni.lu\/fr\/#\/schema\/person\/17dbc4a6ec9d969d266bcfb8d8e06279"},"headline":"Prof. Yves Le Traon nomm\u00e9 directeur du SnT de l\u2019Universit\u00e9","datePublished":"2023-05-15T09:25:46+00:00","dateModified":"2023-05-15T09:25:46+00:00","mainEntityOfPage":{"@id":"https:\/\/www.uni.lu\/fr\/news\/"},"wordCount":350,"publisher":{"@id":"https:\/\/www.uni.lu\/fr\/#organization"},"inLanguage":"fr-FR"},{"@type":"WebPage","@id":"https:\/\/www.uni.lu\/fr\/news\/","url":"https:\/\/www.uni.lu\/fr\/news\/","name":"Prof. Yves Le Traon nomm\u00e9 directeur du SnT de l\u2019Universit\u00e9 - Universit\u00e9 du Luxembourg","isPartOf":{"@id":"https:\/\/www.uni.lu\/fr\/#website"},"datePublished":"2023-05-15T09:25:46+00:00","dateModified":"2023-05-15T09:25:46+00:00","description":"Le Conseil de Gouvernance de l\u2019Universit\u00e9 du Luxembourg a a nomm\u00e9 le 12 mai 2023, Prof. Yves Le Traon nouveau directeur du Interdisciplinary Centre for Security, Reliability and Trust (SnT).","breadcrumb":{"@id":"https:\/\/www.uni.lu\/fr\/news\/#breadcrumb"},"inLanguage":"fr-FR","potentialAction":[{"@type":"ReadAction","target":["https:\/\/www.uni.lu\/fr\/news\/"]}]},{"@type":"BreadcrumbList","@id":"https:\/\/www.uni.lu\/fr\/news\/#breadcrumb","itemListElement":[{"@type":"ListItem","position":1,"name":"Home","item":"https:\/\/www.uni.lu\/fr\/"},{"@type":"ListItem","position":2,"name":"News","item":"https:\/\/www.uni.lu\/fr\/news\/"},{"@type":"ListItem","position":3,"name":"Prof. Yves Le Traon nomm\u00e9 directeur du SnT de l\u2019Universit\u00e9"}]},{"@type":"WebSite","@id":"https:\/\/www.uni.lu\/fr\/#website","url":"https:\/\/www.uni.lu\/fr\/","name":"Uni.lu","description":"Universit\u00e9 du Luxembourg","publisher":{"@id":"https:\/\/www.uni.lu\/fr\/#organization"},"alternateName":"Universit\u00e9 du Luxembourg","potentialAction":[{"@type":"SearchAction","target":{"@type":"EntryPoint","urlTemplate":"https:\/\/www.uni.lu\/fr\/?s={search_term_string}"},"query-input":"required name=search_term_string"}],"inLanguage":"fr-FR"},{"@type":"Organization","@id":"https:\/\/www.uni.lu\/fr\/#organization","name":"Universit\u00e9 du Luxembourg","alternateName":"Uni.lu","url":"https:\/\/www.uni.lu\/fr\/","logo":{"@type":"ImageObject","inLanguage":"fr-FR","@id":"https:\/\/www.uni.lu\/fr\/#\/schema\/logo\/image\/","url":"https:\/\/www.uni.lu\/wp-content\/uploads\/sites\/11\/2026\/03\/03120045\/UNIV_SM-Profile_1600x1600px-scaled.jpg","contentUrl":"https:\/\/www.uni.lu\/wp-content\/uploads\/sites\/11\/2026\/03\/03120045\/UNIV_SM-Profile_1600x1600px-scaled.jpg","width":2560,"height":2560,"caption":"Universit\u00e9 du Luxembourg"},"image":"https:\/\/www.uni.lu\/wp-content\/uploads\/sites\/11\/2026\/04\/24120552\/20200609-Belval-Campus_Henri-Goergen-23.jpg","sameAs":["https:\/\/www.facebook.com\/uni.lu","https:\/\/www.linkedin.com\/school\/university-of-luxembourg\/","https:\/\/www.instagram.com\/uni.lu","https:\/\/www.youtube.com\/@uni_lu","https:\/\/en.wikipedia.org\/wiki\/University_of_Luxembourg"],"email":"communication@uni.lu","telephone":"+352 46 66 44 1","address":{"@type":"PostalAddress","streetAddress":"2, place de l\u2019Universit\u00e9","addressLocality":"Esch-sur-Alzette","postalCode":"4365","addressCountry":"LU"},"description":"Universit\u00e9 du Luxembourg"},{"@type":"Person","@id":"https:\/\/www.uni.lu\/fr\/#\/schema\/person\/17dbc4a6ec9d969d266bcfb8d8e06279","name":"Eunice","image":{"@type":"ImageObject","inLanguage":"fr-FR","@id":"https:\/\/www.uni.lu\/fr\/#\/schema\/person\/image\/","url":"https:\/\/secure.gravatar.com\/avatar\/dff9d86d63de4fa4c270ac204a61e8a8?s=96&d=mm&r=g","contentUrl":"https:\/\/secure.gravatar.com\/avatar\/dff9d86d63de4fa4c270ac204a61e8a8?s=96&d=mm&r=g","caption":"Eunice"},"birthDate":"1991-12-20","gender":"female","jobTitle":"Web editor","worksFor":"University of Luxembourg"}]}},"blog_id":11,"_links":{"self":[{"href":"https:\/\/www.uni.lu\/fr\/wp-json\/wp\/v2\/news\/2195"}],"collection":[{"href":"https:\/\/www.uni.lu\/fr\/wp-json\/wp\/v2\/news"}],"about":[{"href":"https:\/\/www.uni.lu\/fr\/wp-json\/wp\/v2\/types\/news"}],"author":[{"embeddable":true,"href":"https:\/\/www.uni.lu\/fr\/wp-json\/wp\/v2\/users\/44"}],"version-history":[{"count":1,"href":"https:\/\/www.uni.lu\/fr\/wp-json\/wp\/v2\/news\/2195\/revisions"}],"predecessor-version":[{"id":12269,"href":"https:\/\/www.uni.lu\/fr\/wp-json\/wp\/v2\/news\/2195\/revisions\/12269"}],"wp:attachment":[{"href":"https:\/\/www.uni.lu\/fr\/wp-json\/wp\/v2\/media?parent=2195"}],"wp:term":[{"taxonomy":"news-category","embeddable":true,"href":"https:\/\/www.uni.lu\/fr\/wp-json\/wp\/v2\/news-category?post=2195"},{"taxonomy":"news-topic","embeddable":true,"href":"https:\/\/www.uni.lu\/fr\/wp-json\/wp\/v2\/news-topic?post=2195"},{"taxonomy":"organisation","embeddable":true,"href":"https:\/\/www.uni.lu\/fr\/wp-json\/wp\/v2\/organisation?post=2195"}],"curies":[{"name":"wp","href":"https:\/\/api.w.org\/{rel}","templated":true}]}}