{"id":218,"date":"2018-09-06T14:13:25","date_gmt":"2018-09-06T14:13:25","guid":{"rendered":"https:\/\/website.prod.unilu.spikeseed.cloud\/fr\/news\/le-premier-tedx-university-of-luxembourg-se-tiendra-en-octobre\/"},"modified":"2018-09-06T14:13:25","modified_gmt":"2018-09-06T14:13:25","slug":"le-premier-tedx-university-of-luxembourg-se-tiendra-en-octobre","status":"publish","type":"news","link":"https:\/\/www.uni.lu\/fr\/news\/le-premier-tedx-university-of-luxembourg-se-tiendra-en-octobre\/","title":{"rendered":"Le premier \u00ab TEDx University of Luxembourg \u00bb se tiendra en octobre"},"content":{"rendered":"<section class=\"wp-block-unilux-blocks-free-section section\"><div class=\"container xl:max-w-screen-xl\"><p>L\u2019Universit\u00e9 du Luxembourg accueillera le premier \u00e9v\u00e9nement \u00ab\u00a0TEDx University of Luxembourg\u00a0\u00bb le vendredi 26 octobre sur le campus de Belval. Le th\u00e8me transversal de cette manifestation est \u00ab\u00a0Ideas 4.0\u00a0\u00bb.<\/p><p>L\u2019\u00e9v\u00e9nement donnera la parole \u00e0 deux chercheurs en sciences naturelles, deux chercheurs en sciences sociales, un musicien, deux m\u00e9decins, un journaliste, une manager, une experte en FinTech, une entrepreneure, une experte en \u00e9ducation et un \u00e9tudiant en master.<\/p><p>Tous ces orateurs hors pair partageront le secret de leur succ\u00e8s \u2013 volont\u00e9, philosophie et capacit\u00e9 \u2013 pour s\u2019ouvrir \u00e0 l\u2019innovation et \u00e0 l\u2019esprit critique, enrichissant ainsi notre vision de l\u2019avenir. Les interventions seront compl\u00e9t\u00e9es par les performances de trois groupes d\u2019artistes, qui surprendront le public par des moyens d\u2019expression traditionnels et modernes.<\/p><p>\u00ab\u00a0Une conf\u00e9rence TEDx est \u00e0 la fois plus et moins qu\u2019une conf\u00e9rence classique\u00a0\u00bb, explique le Prof. <a href=\"https:\/\/wwwen.uni.lu\/recherche\/fstc\/physics_and_materials_science_research_unit\/people\/jan_lagerwall\/\" target=\"_self\" title=\"\" rel=\"noopener\">Jan Lagerwall<\/a>, professeur en physique des mati\u00e8res \u00e0 l\u2019Universit\u00e9 et titulaire de la licence TEDx pour cet \u00e9v\u00e9nement. \u00ab\u00a0Moins dans le sens o\u00f9 la dur\u00e9e des interventions est plus courte, autour de 10 minutes en g\u00e9n\u00e9ral, mais plus en termes de b\u00e9n\u00e9fices que le public peut en tirer. Malgr\u00e9 le degr\u00e9 d\u2019expertise de nos orateurs dans leur domaine respectif, ils s\u2019adresseront \u00e0 un public h\u00e9t\u00e9rog\u00e8ne, mettant les messages complexes \u00e0 la port\u00e9e de tout un chacun.\u00a0\u00bb<\/p><p>En 2013, le Pr. Lagerwall a d\u00e9j\u00e0 organis\u00e9 l\u2019\u00e9v\u00e9nement <a href=\"https:\/\/www.ted.com\/tedx\/events\/9700\" target=\"_blank\" title=\"\" rel=\"noopener\">TEDxSNUSuwon<\/a> dans son \u00e9tablissement pr\u00e9c\u00e9dent en Cor\u00e9e du Sud. C\u2019\u00e9tait une exp\u00e9rience enrichissante et la conf\u00e9rence a b\u00e9n\u00e9fici\u00e9 d\u2019un retour positif, l\u2019encourageant ainsi \u00e0 organiser un nouveau TEDx, cette fois \u00e0 l\u2019Universit\u00e9 du Luxembourg.<\/p><p>Fid\u00e8le au caract\u00e8re international de l\u2019Universit\u00e9, les orateurs et artistes repr\u00e9sentent divers pays et cultures, faisant de l\u2019\u00e9v\u00e9nement un v\u00e9ritable brassage d\u2019id\u00e9es et de cultures. Toutes les conf\u00e9rences se tiendront en anglais.<\/p><p><strong>Ideas 4.0<\/strong><\/p><p>L\u2019industrie 4.0 ou la quatri\u00e8me r\u00e9volution industrielle best fond\u00e9 sur l\u2019id\u00e9e d\u2019un r\u00e9seau de processus interconnect\u00e9s et des usines intelligentes compos\u00e9es d\u2019unit\u00e9s communicantes et autonomes, qui apprennent et \u00e9voluent pour mieux travailler. Le th\u00e8me global de l\u2019\u00e9v\u00e9nement, \u00ab\u00a0Ideas 4.0\u00a0\u00bb joue sur ce concept. La manifestation traitera de l\u2019interconnexion, l\u2019autonomie et l\u2019aspect r\u00e9volutionnaire de l\u2019industrie 4.0, mais appliqu\u00e9s \u00e0 l\u2019\u00eatre humain et \u00e0 la culture humaine.<\/p><p>Les orateurs nous permettront de d\u00e9couvrir des t\u00e9moignages in\u00e9dits pour enrichir notre conception du monde et des opportunit\u00e9s que la vie nous offre.<\/p><p><strong>Informations pratiques<\/strong><\/p><p>\u00ab\u00a0TEDx University of Luxembourg\u00a0\u00bb est organis\u00e9 par des membres du personnel de l\u2019Universit\u00e9, des candidats au doctorat et des \u00e9tudiants en master. Les tickets seront mis en vente le mercredi 19 septembre \u00e0 partir de 13. heures, uniquement via le site web <a href=\"http:\/\/www.tedxuniversityofluxembourg.com\/\" target=\"_blank\" title=\"\" rel=\"noopener\">www.tedxuniversityofluxembourg.com<\/a>.<\/p><p>Retrouvez les derni\u00e8res informations sur les orateurs et artistes sur le site web <a href=\"http:\/\/www.tedxuniversityofluxembourg.com\/\" target=\"_blank\" title=\"\" rel=\"noopener\">www.tedxuniversityofluxembourg.com<\/a> ou sur la page Facebook TEDx University of Luxembourg.<\/p><p>L\u2019\u00e9v\u00e9nement commence \u00e0 12h30 et sera retransmis en direct dans son int\u00e9gralit\u00e9 sur Internet.<\/p><p>Les personnes ou entreprises d\u00e9sireuses de soutenir TEDx University of Luxembourg peuvent contacter <a href=\"mailto:tedx@uni.lu\" target=\"_self\" title=\"\" rel=\"noopener\">tedx@uni.lu<\/a>.<\/p><\/div><\/section>","protected":false},"excerpt":{"rendered":"<p>L\u2019Universit\u00e9 du Luxembourg accueillera le premier \u00e9v\u00e9nement \u00ab\u00a0TEDx University of Luxembourg\u00a0\u00bb le vendredi 26 octobre sur le campus de Belval. Le th\u00e8me transversal de cette manifestation est \u00ab\u00a0Ideas 4.0\u00a0\u00bb.<\/p>\n","protected":false},"author":0,"featured_media":0,"template":"","format":"standard","meta":{"featured_image_focal_point":[],"show_featured_caption":false,"ulux_newsletter_groups":"","uluxPostTitle":"","uluxPrePostTitle":"","_trash_the_other_posts":false,"_price":"","_stock":"","_tribe_ticket_header":"","_tribe_default_ticket_provider":"","_tribe_ticket_capacity":"0","_ticket_start_date":"","_ticket_end_date":"","_tribe_ticket_show_description":"","_tribe_ticket_show_not_going":false,"_tribe_ticket_use_global_stock":"","_tribe_ticket_global_stock_level":"","_global_stock_mode":"","_global_stock_cap":"","_tribe_rsvp_for_event":"","_tribe_ticket_going_count":"","_tribe_ticket_not_going_count":"","_tribe_tickets_list":"[]","_tribe_ticket_has_attendee_info_fields":false},"news-category":[3],"news-topic":[],"organisation":[226],"authorship":[],"acf":[],"yoast_head":"<!-- This site is optimized with the Yoast SEO Premium plugin v22.3 (Yoast SEO v22.3) - https:\/\/yoast.com\/wordpress\/plugins\/seo\/ -->\n<title>Le premier \u00ab TEDx University of Luxembourg \u00bb se tiendra en octobre - Universit\u00e9 du Luxembourg<\/title>\n<meta name=\"description\" content=\"L\u2019Universit\u00e9 du Luxembourg accueillera le premier \u00e9v\u00e9nement \u00ab\u00a0TEDx University of Luxembourg\u00a0\u00bb le vendredi 26 octobre sur le campus de Belval. Le th\u00e8me transversal de cette manifestation est \u00ab\u00a0Ideas 4.0\u00a0\u00bb.\" \/>\n<meta name=\"robots\" content=\"index, follow, max-snippet:-1, max-image-preview:large, max-video-preview:-1\" \/>\n<link rel=\"canonical\" href=\"https:\/\/www.uni.lu\/fr\/news\/\" \/>\n<meta property=\"og:locale\" content=\"fr_FR\" \/>\n<meta property=\"og:type\" content=\"article\" \/>\n<meta property=\"og:title\" content=\"Le premier \u00ab TEDx University of Luxembourg \u00bb se tiendra en octobre\" \/>\n<meta property=\"og:description\" content=\"L\u2019Universit\u00e9 du Luxembourg accueillera le premier \u00e9v\u00e9nement \u00ab\u00a0TEDx University of Luxembourg\u00a0\u00bb le vendredi 26 octobre sur le campus de Belval. Le th\u00e8me transversal de cette manifestation est \u00ab\u00a0Ideas 4.0\u00a0\u00bb.\" \/>\n<meta property=\"og:url\" content=\"https:\/\/www.uni.lu\/fr\/news\/\" \/>\n<meta property=\"og:site_name\" content=\"UNI FR\" \/>\n<meta property=\"article:publisher\" content=\"https:\/\/www.facebook.com\/uni.lu\" \/>\n<meta property=\"og:image\" content=\"https:\/\/www.uni.lu\/wp-content\/uploads\/sites\/11\/2018\/09\/le_premier_tedx_university_of_luxembourg_se_tiendra_en_octobre.jpg\" \/>\n\t<meta property=\"og:image:width\" content=\"800\" \/>\n\t<meta property=\"og:image:height\" content=\"600\" \/>\n\t<meta property=\"og:image:type\" content=\"image\/jpeg\" \/>\n<meta name=\"twitter:card\" content=\"summary_large_image\" \/>\n<meta name=\"twitter:label1\" content=\"Dur\u00e9e de lecture estim\u00e9e\" \/>\n\t<meta name=\"twitter:data1\" content=\"3 minutes\" \/>\n<script type=\"application\/ld+json\" class=\"yoast-schema-graph\">{\"@context\":\"https:\/\/schema.org\",\"@graph\":[{\"@type\":\"NewsArticle\",\"@id\":\"https:\/\/www.uni.lu\/fr\/news\/#article\",\"isPartOf\":{\"@id\":\"https:\/\/www.uni.lu\/fr\/news\/\"},\"author\":{\"name\":\"\",\"@id\":\"\"},\"headline\":\"Le premier \u00ab TEDx University of Luxembourg \u00bb se tiendra en octobre\",\"datePublished\":\"2018-09-06T14:13:25+00:00\",\"dateModified\":\"2018-09-06T14:13:25+00:00\",\"mainEntityOfPage\":{\"@id\":\"https:\/\/www.uni.lu\/fr\/news\/\"},\"wordCount\":551,\"publisher\":{\"@id\":\"https:\/\/www.uni.lu\/fr\/#organization\"},\"inLanguage\":\"fr-FR\"},{\"@type\":\"WebPage\",\"@id\":\"https:\/\/www.uni.lu\/fr\/news\/\",\"url\":\"https:\/\/www.uni.lu\/fr\/news\/\",\"name\":\"Le premier \u00ab TEDx University of Luxembourg \u00bb se tiendra en octobre - Universit\u00e9 du Luxembourg\",\"isPartOf\":{\"@id\":\"https:\/\/www.uni.lu\/fr\/#website\"},\"datePublished\":\"2018-09-06T14:13:25+00:00\",\"dateModified\":\"2018-09-06T14:13:25+00:00\",\"description\":\"L\u2019Universit\u00e9 du Luxembourg accueillera le premier \u00e9v\u00e9nement \u00ab\u00a0TEDx University of Luxembourg\u00a0\u00bb le vendredi 26 octobre sur le campus de Belval. Le th\u00e8me transversal de cette manifestation est \u00ab\u00a0Ideas 4.0\u00a0\u00bb.\",\"breadcrumb\":{\"@id\":\"https:\/\/www.uni.lu\/fr\/news\/#breadcrumb\"},\"inLanguage\":\"fr-FR\",\"potentialAction\":[{\"@type\":\"ReadAction\",\"target\":[\"https:\/\/www.uni.lu\/fr\/news\/\"]}]},{\"@type\":\"BreadcrumbList\",\"@id\":\"https:\/\/www.uni.lu\/fr\/news\/#breadcrumb\",\"itemListElement\":[{\"@type\":\"ListItem\",\"position\":1,\"name\":\"Home\",\"item\":\"https:\/\/www.uni.lu\/fr\/\"},{\"@type\":\"ListItem\",\"position\":2,\"name\":\"News\",\"item\":\"https:\/\/www.uni.lu\/fr\/news\/\"},{\"@type\":\"ListItem\",\"position\":3,\"name\":\"Le premier \u00ab TEDx University of Luxembourg \u00bb se tiendra en octobre\"}]},{\"@type\":\"WebSite\",\"@id\":\"https:\/\/www.uni.lu\/fr\/#website\",\"url\":\"https:\/\/www.uni.lu\/fr\/\",\"name\":\"Uni.lu\",\"description\":\"Universit\u00e9 du Luxembourg\",\"publisher\":{\"@id\":\"https:\/\/www.uni.lu\/fr\/#organization\"},\"alternateName\":\"Universit\u00e9 du Luxembourg\",\"potentialAction\":[{\"@type\":\"SearchAction\",\"target\":{\"@type\":\"EntryPoint\",\"urlTemplate\":\"https:\/\/www.uni.lu\/fr\/?s={search_term_string}\"},\"query-input\":\"required name=search_term_string\"}],\"inLanguage\":\"fr-FR\"},{\"@type\":\"Organization\",\"@id\":\"https:\/\/www.uni.lu\/fr\/#organization\",\"name\":\"Universit\u00e9 du Luxembourg\",\"alternateName\":\"Uni.lu\",\"url\":\"https:\/\/www.uni.lu\/fr\/\",\"logo\":{\"@type\":\"ImageObject\",\"inLanguage\":\"fr-FR\",\"@id\":\"https:\/\/www.uni.lu\/fr\/#\/schema\/logo\/image\/\",\"url\":\"https:\/\/www.uni.lu\/wp-content\/uploads\/sites\/11\/2026\/03\/03120045\/UNIV_SM-Profile_1600x1600px-scaled.jpg\",\"contentUrl\":\"https:\/\/www.uni.lu\/wp-content\/uploads\/sites\/11\/2026\/03\/03120045\/UNIV_SM-Profile_1600x1600px-scaled.jpg\",\"width\":2560,\"height\":2560,\"caption\":\"Universit\u00e9 du Luxembourg\"},\"image\":\"https:\/\/www.uni.lu\/wp-content\/uploads\/sites\/11\/2026\/04\/24120552\/20200609-Belval-Campus_Henri-Goergen-23.jpg\",\"sameAs\":[\"https:\/\/www.facebook.com\/uni.lu\",\"https:\/\/www.linkedin.com\/school\/university-of-luxembourg\/\",\"https:\/\/www.instagram.com\/uni.lu\",\"https:\/\/www.youtube.com\/@uni_lu\",\"https:\/\/en.wikipedia.org\/wiki\/University_of_Luxembourg\"],\"email\":\"communication@uni.lu\",\"telephone\":\"+352 46 66 44 1\",\"address\":{\"@type\":\"PostalAddress\",\"streetAddress\":\"2, place de l\u2019Universit\u00e9\",\"addressLocality\":\"Esch-sur-Alzette\",\"postalCode\":\"4365\",\"addressCountry\":\"LU\"},\"description\":\"Universit\u00e9 du Luxembourg\"}]}<\/script>\n<!-- \/ Yoast SEO Premium plugin. -->","yoast_head_json":{"title":"Le premier \u00ab TEDx University of Luxembourg \u00bb se tiendra en octobre - Universit\u00e9 du Luxembourg","description":"L\u2019Universit\u00e9 du Luxembourg accueillera le premier \u00e9v\u00e9nement \u00ab\u00a0TEDx University of Luxembourg\u00a0\u00bb le vendredi 26 octobre sur le campus de Belval. Le th\u00e8me transversal de cette manifestation est \u00ab\u00a0Ideas 4.0\u00a0\u00bb.","robots":{"index":"index","follow":"follow","max-snippet":"max-snippet:-1","max-image-preview":"max-image-preview:large","max-video-preview":"max-video-preview:-1"},"canonical":"https:\/\/www.uni.lu\/fr\/news\/","og_locale":"fr_FR","og_type":"article","og_title":"Le premier \u00ab TEDx University of Luxembourg \u00bb se tiendra en octobre","og_description":"L\u2019Universit\u00e9 du Luxembourg accueillera le premier \u00e9v\u00e9nement \u00ab\u00a0TEDx University of Luxembourg\u00a0\u00bb le vendredi 26 octobre sur le campus de Belval. Le th\u00e8me transversal de cette manifestation est \u00ab\u00a0Ideas 4.0\u00a0\u00bb.","og_url":"https:\/\/www.uni.lu\/fr\/news\/","og_site_name":"UNI FR","article_publisher":"https:\/\/www.facebook.com\/uni.lu","og_image":[{"width":800,"height":600,"url":"https:\/\/www.uni.lu\/wp-content\/uploads\/sites\/11\/2018\/09\/le_premier_tedx_university_of_luxembourg_se_tiendra_en_octobre.jpg","type":"image\/jpeg"}],"twitter_card":"summary_large_image","twitter_misc":{"Dur\u00e9e de lecture estim\u00e9e":"3 minutes"},"schema":{"@context":"https:\/\/schema.org","@graph":[{"@type":"NewsArticle","@id":"https:\/\/www.uni.lu\/fr\/news\/#article","isPartOf":{"@id":"https:\/\/www.uni.lu\/fr\/news\/"},"author":{"name":"","@id":""},"headline":"Le premier \u00ab TEDx University of Luxembourg \u00bb se tiendra en octobre","datePublished":"2018-09-06T14:13:25+00:00","dateModified":"2018-09-06T14:13:25+00:00","mainEntityOfPage":{"@id":"https:\/\/www.uni.lu\/fr\/news\/"},"wordCount":551,"publisher":{"@id":"https:\/\/www.uni.lu\/fr\/#organization"},"inLanguage":"fr-FR"},{"@type":"WebPage","@id":"https:\/\/www.uni.lu\/fr\/news\/","url":"https:\/\/www.uni.lu\/fr\/news\/","name":"Le premier \u00ab TEDx University of Luxembourg \u00bb se tiendra en octobre - Universit\u00e9 du Luxembourg","isPartOf":{"@id":"https:\/\/www.uni.lu\/fr\/#website"},"datePublished":"2018-09-06T14:13:25+00:00","dateModified":"2018-09-06T14:13:25+00:00","description":"L\u2019Universit\u00e9 du Luxembourg accueillera le premier \u00e9v\u00e9nement \u00ab\u00a0TEDx University of Luxembourg\u00a0\u00bb le vendredi 26 octobre sur le campus de Belval. Le th\u00e8me transversal de cette manifestation est \u00ab\u00a0Ideas 4.0\u00a0\u00bb.","breadcrumb":{"@id":"https:\/\/www.uni.lu\/fr\/news\/#breadcrumb"},"inLanguage":"fr-FR","potentialAction":[{"@type":"ReadAction","target":["https:\/\/www.uni.lu\/fr\/news\/"]}]},{"@type":"BreadcrumbList","@id":"https:\/\/www.uni.lu\/fr\/news\/#breadcrumb","itemListElement":[{"@type":"ListItem","position":1,"name":"Home","item":"https:\/\/www.uni.lu\/fr\/"},{"@type":"ListItem","position":2,"name":"News","item":"https:\/\/www.uni.lu\/fr\/news\/"},{"@type":"ListItem","position":3,"name":"Le premier \u00ab TEDx University of Luxembourg \u00bb se tiendra en octobre"}]},{"@type":"WebSite","@id":"https:\/\/www.uni.lu\/fr\/#website","url":"https:\/\/www.uni.lu\/fr\/","name":"Uni.lu","description":"Universit\u00e9 du Luxembourg","publisher":{"@id":"https:\/\/www.uni.lu\/fr\/#organization"},"alternateName":"Universit\u00e9 du Luxembourg","potentialAction":[{"@type":"SearchAction","target":{"@type":"EntryPoint","urlTemplate":"https:\/\/www.uni.lu\/fr\/?s={search_term_string}"},"query-input":"required name=search_term_string"}],"inLanguage":"fr-FR"},{"@type":"Organization","@id":"https:\/\/www.uni.lu\/fr\/#organization","name":"Universit\u00e9 du Luxembourg","alternateName":"Uni.lu","url":"https:\/\/www.uni.lu\/fr\/","logo":{"@type":"ImageObject","inLanguage":"fr-FR","@id":"https:\/\/www.uni.lu\/fr\/#\/schema\/logo\/image\/","url":"https:\/\/www.uni.lu\/wp-content\/uploads\/sites\/11\/2026\/03\/03120045\/UNIV_SM-Profile_1600x1600px-scaled.jpg","contentUrl":"https:\/\/www.uni.lu\/wp-content\/uploads\/sites\/11\/2026\/03\/03120045\/UNIV_SM-Profile_1600x1600px-scaled.jpg","width":2560,"height":2560,"caption":"Universit\u00e9 du Luxembourg"},"image":"https:\/\/www.uni.lu\/wp-content\/uploads\/sites\/11\/2026\/04\/24120552\/20200609-Belval-Campus_Henri-Goergen-23.jpg","sameAs":["https:\/\/www.facebook.com\/uni.lu","https:\/\/www.linkedin.com\/school\/university-of-luxembourg\/","https:\/\/www.instagram.com\/uni.lu","https:\/\/www.youtube.com\/@uni_lu","https:\/\/en.wikipedia.org\/wiki\/University_of_Luxembourg"],"email":"communication@uni.lu","telephone":"+352 46 66 44 1","address":{"@type":"PostalAddress","streetAddress":"2, place de l\u2019Universit\u00e9","addressLocality":"Esch-sur-Alzette","postalCode":"4365","addressCountry":"LU"},"description":"Universit\u00e9 du Luxembourg"}]}},"blog_id":11,"_links":{"self":[{"href":"https:\/\/www.uni.lu\/fr\/wp-json\/wp\/v2\/news\/218"}],"collection":[{"href":"https:\/\/www.uni.lu\/fr\/wp-json\/wp\/v2\/news"}],"about":[{"href":"https:\/\/www.uni.lu\/fr\/wp-json\/wp\/v2\/types\/news"}],"version-history":[{"count":0,"href":"https:\/\/www.uni.lu\/fr\/wp-json\/wp\/v2\/news\/218\/revisions"}],"wp:attachment":[{"href":"https:\/\/www.uni.lu\/fr\/wp-json\/wp\/v2\/media?parent=218"}],"wp:term":[{"taxonomy":"news-category","embeddable":true,"href":"https:\/\/www.uni.lu\/fr\/wp-json\/wp\/v2\/news-category?post=218"},{"taxonomy":"news-topic","embeddable":true,"href":"https:\/\/www.uni.lu\/fr\/wp-json\/wp\/v2\/news-topic?post=218"},{"taxonomy":"organisation","embeddable":true,"href":"https:\/\/www.uni.lu\/fr\/wp-json\/wp\/v2\/organisation?post=218"}],"curies":[{"name":"wp","href":"https:\/\/api.w.org\/{rel}","templated":true}]}}