{"id":2077,"date":"2023-02-20T15:13:23","date_gmt":"2023-02-20T15:13:23","guid":{"rendered":"https:\/\/website.prod.unilu.spikeseed.cloud\/fr\/news\/nouveau-doyen-a-la-faculte-des-sciences-humaines-et-sociales\/"},"modified":"2023-02-20T15:13:23","modified_gmt":"2023-02-20T15:13:23","slug":"nouveau-doyen-a-la-faculte-des-sciences-humaines-et-sociales","status":"publish","type":"news","link":"https:\/\/www.uni.lu\/fr\/news\/nouveau-doyen-a-la-faculte-des-sciences-humaines-et-sociales\/","title":{"rendered":"Nouveau doyen \u00e0 la facult\u00e9 des sciences humaines et sociales"},"content":{"rendered":"<section class=\"wp-block-unilux-blocks-free-section section\"><div class=\"container xl:max-w-screen-xl\"><p>Robert Harmsen, professeur en sciences politiques \u00e0 l&rsquo;Universit\u00e9, a \u00e9t\u00e9 nomm\u00e9 pour une p\u00e9riode de cinq ans au poste de doyen de la Facult\u00e9 des Sciences Humaines, des Sciences de l\u2019\u00c9ducation et des Sciences Sociales\u200b. Il succ\u00e8de au Prof. Georg Mein, qui a \u00e9t\u00e9 \u00e0 la t\u00eate de la Facult\u00e9 pendant dix ans.<\/p><p>Le <a href=\"https:\/\/wwwfr.uni.lu\/recherche\/fhse\/dsoc\/people\/robert_harmsen\" target=\"_self\" title=\"\" rel=\"noopener\">Prof. Harmsen<\/a>, dont les recherches abordent les droits de l&rsquo;homme, la gouvernance europ\u00e9enne et les politiques publiques, a pr\u00e9c\u00e9demment dirig\u00e9 le D\u00e9partement sciences sociales de la Facult\u00e9. Il f\u00fbt directeur d&rsquo;\u00e9tudes du <a href=\"https:\/\/wwwen.uni.lu\/studies\/fhse\/master_in_european_governance\" target=\"_self\" title=\"\" rel=\"noopener\">Master en gouvernance europ\u00e9enne<\/a> et est actuellement titulaire de la chaire <a href=\"https:\/\/wwwen.uni.lu\/unesco_chair_in_human_rights\" target=\"_self\" title=\"\" rel=\"noopener\">UNESCO des droits de l&rsquo;homme<\/a>.<\/p><p>Nous avons pos\u00e9 trois questions au nouveau doyen.<\/p>\n<h3 class=\"has-text-align-left wp-block-unilux-blocks-heading\"        id=\"quelle-est-votre-vision-pour-la-faculte\"\n    >\nQuelle est votre vision pour la Facult\u00e9 ?<\/h3>\n<p>La Facult\u00e9 a d\u00e9velopp\u00e9 des fondations solides dans l&rsquo;enseignement et la recherche dans ses principaux domaines \u2013 les sciences humaines et sociales, l\u2019\u00e9ducation. Des activit\u00e9s \u00e0 la fois reconnues \u00e0 l&rsquo;\u00e9chelle internationale et pertinentes au niveau national, que nous continuerons \u00e0 d\u00e9velopper au cours des prochaines ann\u00e9es.<\/p><p>Je souhaite particuli\u00e8rement, au cours de mon mandat, accro\u00eetre la visibilit\u00e9 internationale de notre recherche et notre statut dans divers r\u00e9seaux internationaux. B\u00e9n\u00e9ficiant de notre excellente position dans plusieurs domaines ainsi que de la connectivit\u00e9 internationale au Luxembourg, je pense que nous pouvons assumer un r\u00f4le plus important dans le paysage de la recherche internationale.<\/p><p>La Facult\u00e9 joue \u00e9galement un r\u00f4le particulier dans la soci\u00e9t\u00e9 nationale \u2013 \u00e0 travers la formation de professionnels de l&rsquo;\u00e9ducation et du travail social, la publication de rapports de recherche nationaux, le conseil en mati\u00e8re de politique publique, la recherche et l\u2019enseignement en l\u2019histoire, la culture et la langue nationales. C&rsquo;est un r\u00f4le soci\u00e9tal essentiel que nous continuerons \u00e0 d\u00e9velopper avec nos partenaires nationaux.<\/p><p>\u00c0 cet \u00e9gard il faut consid\u00e9rer la place singuli\u00e8re qu&rsquo;occupent les sciences humaines et sociales face aux grands d\u00e9fis contemporains. Pensez par exemple \u00e0 la transformation num\u00e9rique. Une r\u00e9flexion critique sur les finalit\u00e9s sociales de la technologie s\u2019impose, afin de ne pas \u00eatre guid\u00e9s uniquement par les avanc\u00e9es technologiques ou les effets commerciaux de celle-ci. De plus, nos soci\u00e9t\u00e9s de plus en plus multiculturelles et diversifi\u00e9es exigent de pouvoir cultiver la compr\u00e9hension empathique d\u2019autrui, une notion qui est au c\u0153ur de bon nombre de nos disciplines.<\/p>\n<h3 class=\"has-text-align-left wp-block-unilux-blocks-heading\"        id=\"quelles-seront-vos-priorites-dans-les-annees-a-venir\"\n    >\nQuelles seront vos priorit\u00e9s dans les ann\u00e9es \u00e0 venir ?<\/h3>\n<p>L&rsquo;\u00e9ducation continuera de jouer un r\u00f4le central en tant que domaine prioritaire dans notre Facult\u00e9. Nous lancerons quatre nouveaux programmes d&rsquo;\u00e9tudes au cours des deux prochaines ann\u00e9es &#8211; le \u00ab\u00a0Bachelor en formation p\u00e9dagogique\u00a0\u00bb est pr\u00e9vue pour cette ann\u00e9e et trois programmes de master en \u00e9ducation sont pr\u00e9vus pour 2024, ainsi qu&rsquo;une expansion majeure de la formation existante \u00ab\u00a0<a href=\"https:\/\/wwwfr.uni.lu\/formations\/fhse\/bachelor_en_sciences_de_l_education\" target=\"_self\" title=\"\" rel=\"noopener\">Bachelor en sciences de l&rsquo;\u00e9ducation<\/a> \u00bb. Gr\u00e2ce \u00e0 ses d\u00e9veloppements, notre Facult\u00e9 a le privil\u00e8ge de jouer un r\u00f4le crucial pour r\u00e9pondre \u00e0 la demande croissante de professionnels de l&rsquo;enseignement national.<\/p><p>Plus largement, la Facult\u00e9 d\u00e9veloppera davantage ses contributions aux principales priorit\u00e9s nationales de recherche. Des initiatives majeures sont actuellement mises en place dans les domaines de la durabilit\u00e9 et des facteurs sociaux dans la sant\u00e9. Le \u00ab\u00a0Centre for the Ethics of Digitalisation\u00a0\u00bb, d\u00e9velopp\u00e9 par mon pr\u00e9d\u00e9cesseur, le Prof. Georg Mein, prendra forme au cours des prochaines ann\u00e9es et, j&rsquo;en suis certain, assumera sa place en tant que centre de recherche international de r\u00e9f\u00e9rence ainsi qu&rsquo;en tant qu&rsquo;acteur important dans les d\u00e9bats politiques.<\/p><p><strong>Vous \u00eates originaire du Canada et vous \u00eates arriv\u00e9 au Luxembourg depuis l&rsquo;Irlande du Nord.<\/strong><strong>Qu&rsquo;est-ce que \u00e7a fait de vivre ici 15 ans ?<\/strong><\/p><p>Je vis \u00e0 Luxembourg depuis ma nomination \u00e0 l&rsquo;Universit\u00e9 en 2008. Je me sens maintenant tr\u00e8s bien enracin\u00e9 ici et j&rsquo;ai particuli\u00e8rement appr\u00e9ci\u00e9 l&rsquo;opportunit\u00e9, \u00e0 travers la Chaire UNESCO, de m&rsquo;impliquer dans de nombreuses organisations de la soci\u00e9t\u00e9 civile. Cela m&rsquo;a permis d&rsquo;organiser et de participer \u00e0 divers \u00e9v\u00e9nements traitant de sujets d&rsquo;actualit\u00e9, dont un projet en cours sur la construction communautaire au Luxembourg.<\/p><\/div><\/section>","protected":false},"excerpt":{"rendered":"<p>Robert Harmsen, professeur en sciences politiques \u00e0 l&rsquo;Universit\u00e9, a \u00e9t\u00e9 nomm\u00e9 pour une p\u00e9riode de cinq ans au poste de doyen de la Facult\u00e9 des Sciences Humaines, des Sciences de l\u2019\u00c9ducation et des Sciences Sociales\u200b. Il succ\u00e8de au Prof. Georg Mein, qui a \u00e9t\u00e9 \u00e0 la t\u00eate de la Facult\u00e9 pendant dix ans.<\/p>\n","protected":false},"author":44,"featured_media":0,"template":"","format":"standard","meta":{"featured_image_focal_point":[],"show_featured_caption":false,"ulux_newsletter_groups":"","uluxPostTitle":"","uluxPrePostTitle":"","_trash_the_other_posts":false,"_price":"","_stock":"","_tribe_ticket_header":"","_tribe_default_ticket_provider":"","_tribe_ticket_capacity":"0","_ticket_start_date":"","_ticket_end_date":"","_tribe_ticket_show_description":"","_tribe_ticket_show_not_going":false,"_tribe_ticket_use_global_stock":"","_tribe_ticket_global_stock_level":"","_global_stock_mode":"","_global_stock_cap":"","_tribe_rsvp_for_event":"","_tribe_ticket_going_count":"","_tribe_ticket_not_going_count":"","_tribe_tickets_list":"[]","_tribe_ticket_has_attendee_info_fields":false},"news-category":[4,3],"news-topic":[23],"organisation":[179,147,226],"authorship":[44],"acf":[],"yoast_head":"<!-- This site is optimized with the Yoast SEO Premium plugin v22.3 (Yoast SEO v22.3) - https:\/\/yoast.com\/wordpress\/plugins\/seo\/ -->\n<title>Nouveau doyen \u00e0 la facult\u00e9 des sciences humaines et sociales - Universit\u00e9 du Luxembourg<\/title>\n<meta name=\"description\" content=\"Robert Harmsen, professeur en sciences politiques \u00e0 l&#039;Universit\u00e9, a \u00e9t\u00e9 nomm\u00e9 pour une p\u00e9riode de cinq ans au poste de doyen de la Facult\u00e9 des Sciences Humaines, des Sciences de l\u2019\u00c9ducation et des Sciences Sociales\u200b. Il succ\u00e8de au Prof. Georg Mein, qui a \u00e9t\u00e9 \u00e0 la t\u00eate de la Facult\u00e9 pendant dix ans.\" \/>\n<meta name=\"robots\" content=\"index, follow, max-snippet:-1, max-image-preview:large, max-video-preview:-1\" \/>\n<link rel=\"canonical\" href=\"https:\/\/www.uni.lu\/fr\/news\/nouveau-doyen-a-la-faculte-des-sciences-humaines-et-sociales\/\" \/>\n<meta property=\"og:locale\" content=\"fr_FR\" \/>\n<meta property=\"og:type\" content=\"article\" \/>\n<meta property=\"og:title\" content=\"Nouveau doyen \u00e0 la facult\u00e9 des sciences humaines et sociales\" \/>\n<meta property=\"og:description\" content=\"Robert Harmsen, professeur en sciences politiques \u00e0 l&#039;Universit\u00e9, a \u00e9t\u00e9 nomm\u00e9 pour une p\u00e9riode de cinq ans au poste de doyen de la Facult\u00e9 des Sciences Humaines, des Sciences de l\u2019\u00c9ducation et des Sciences Sociales\u200b. Il succ\u00e8de au Prof. Georg Mein, qui a \u00e9t\u00e9 \u00e0 la t\u00eate de la Facult\u00e9 pendant dix ans.\" \/>\n<meta property=\"og:url\" content=\"https:\/\/www.uni.lu\/fr\/news\/nouveau-doyen-a-la-faculte-des-sciences-humaines-et-sociales\/\" \/>\n<meta property=\"og:site_name\" content=\"UNI FR\" \/>\n<meta property=\"article:publisher\" content=\"https:\/\/www.facebook.com\/uni.lu\" \/>\n<meta property=\"og:image\" content=\"https:\/\/www.uni.lu\/wp-content\/uploads\/sites\/11\/2023\/02\/nouveau_doyen_a_la_faculte_des_sciences_humaines_et_sociales.jpg\" \/>\n\t<meta property=\"og:image:width\" content=\"800\" \/>\n\t<meta property=\"og:image:height\" content=\"600\" \/>\n\t<meta property=\"og:image:type\" content=\"image\/jpeg\" \/>\n<meta name=\"twitter:card\" content=\"summary_large_image\" \/>\n<meta name=\"twitter:label1\" content=\"Dur\u00e9e de lecture estim\u00e9e\" \/>\n\t<meta name=\"twitter:data1\" content=\"3 minutes\" \/>\n<script type=\"application\/ld+json\" class=\"yoast-schema-graph\">{\"@context\":\"https:\/\/schema.org\",\"@graph\":[{\"@type\":\"NewsArticle\",\"@id\":\"https:\/\/www.uni.lu\/fr\/news\/nouveau-doyen-a-la-faculte-des-sciences-humaines-et-sociales\/#article\",\"isPartOf\":{\"@id\":\"https:\/\/www.uni.lu\/fr\/news\/nouveau-doyen-a-la-faculte-des-sciences-humaines-et-sociales\/\"},\"author\":{\"name\":\"Eunice\",\"@id\":\"https:\/\/www.uni.lu\/fr\/#\/schema\/person\/17dbc4a6ec9d969d266bcfb8d8e06279\"},\"headline\":\"Nouveau doyen \u00e0 la facult\u00e9 des sciences humaines et sociales\",\"datePublished\":\"2023-02-20T15:13:23+00:00\",\"dateModified\":\"2023-02-20T15:13:23+00:00\",\"mainEntityOfPage\":{\"@id\":\"https:\/\/www.uni.lu\/fr\/news\/nouveau-doyen-a-la-faculte-des-sciences-humaines-et-sociales\/\"},\"wordCount\":703,\"publisher\":{\"@id\":\"https:\/\/www.uni.lu\/fr\/#organization\"},\"inLanguage\":\"fr-FR\"},{\"@type\":\"WebPage\",\"@id\":\"https:\/\/www.uni.lu\/fr\/news\/nouveau-doyen-a-la-faculte-des-sciences-humaines-et-sociales\/\",\"url\":\"https:\/\/www.uni.lu\/fr\/news\/nouveau-doyen-a-la-faculte-des-sciences-humaines-et-sociales\/\",\"name\":\"Nouveau doyen \u00e0 la facult\u00e9 des sciences humaines et sociales - Universit\u00e9 du Luxembourg\",\"isPartOf\":{\"@id\":\"https:\/\/www.uni.lu\/fr\/#website\"},\"datePublished\":\"2023-02-20T15:13:23+00:00\",\"dateModified\":\"2023-02-20T15:13:23+00:00\",\"description\":\"Robert Harmsen, professeur en sciences politiques \u00e0 l'Universit\u00e9, a \u00e9t\u00e9 nomm\u00e9 pour une p\u00e9riode de cinq ans au poste de doyen de la Facult\u00e9 des Sciences Humaines, des Sciences de l\u2019\u00c9ducation et des Sciences Sociales\u200b. Il succ\u00e8de au Prof. Georg Mein, qui a \u00e9t\u00e9 \u00e0 la t\u00eate de la Facult\u00e9 pendant dix ans.\",\"breadcrumb\":{\"@id\":\"https:\/\/www.uni.lu\/fr\/news\/nouveau-doyen-a-la-faculte-des-sciences-humaines-et-sociales\/#breadcrumb\"},\"inLanguage\":\"fr-FR\",\"potentialAction\":[{\"@type\":\"ReadAction\",\"target\":[\"https:\/\/www.uni.lu\/fr\/news\/nouveau-doyen-a-la-faculte-des-sciences-humaines-et-sociales\/\"]}]},{\"@type\":\"BreadcrumbList\",\"@id\":\"https:\/\/www.uni.lu\/fr\/news\/nouveau-doyen-a-la-faculte-des-sciences-humaines-et-sociales\/#breadcrumb\",\"itemListElement\":[{\"@type\":\"ListItem\",\"position\":1,\"name\":\"Home\",\"item\":\"https:\/\/www.uni.lu\/fr\/\"},{\"@type\":\"ListItem\",\"position\":2,\"name\":\"News\",\"item\":\"https:\/\/www.uni.lu\/fr\/news\/\"},{\"@type\":\"ListItem\",\"position\":3,\"name\":\"Nouveau doyen \u00e0 la facult\u00e9 des sciences humaines et sociales\"}]},{\"@type\":\"WebSite\",\"@id\":\"https:\/\/www.uni.lu\/fr\/#website\",\"url\":\"https:\/\/www.uni.lu\/fr\/\",\"name\":\"Uni.lu\",\"description\":\"Universit\u00e9 du Luxembourg\",\"publisher\":{\"@id\":\"https:\/\/www.uni.lu\/fr\/#organization\"},\"alternateName\":\"Universit\u00e9 du Luxembourg\",\"potentialAction\":[{\"@type\":\"SearchAction\",\"target\":{\"@type\":\"EntryPoint\",\"urlTemplate\":\"https:\/\/www.uni.lu\/fr\/?s={search_term_string}\"},\"query-input\":\"required name=search_term_string\"}],\"inLanguage\":\"fr-FR\"},{\"@type\":\"Organization\",\"@id\":\"https:\/\/www.uni.lu\/fr\/#organization\",\"name\":\"Universit\u00e9 du Luxembourg\",\"alternateName\":\"Uni.lu\",\"url\":\"https:\/\/www.uni.lu\/fr\/\",\"logo\":{\"@type\":\"ImageObject\",\"inLanguage\":\"fr-FR\",\"@id\":\"https:\/\/www.uni.lu\/fr\/#\/schema\/logo\/image\/\",\"url\":\"https:\/\/www.uni.lu\/wp-content\/uploads\/sites\/11\/2026\/03\/03120045\/UNIV_SM-Profile_1600x1600px-scaled.jpg\",\"contentUrl\":\"https:\/\/www.uni.lu\/wp-content\/uploads\/sites\/11\/2026\/03\/03120045\/UNIV_SM-Profile_1600x1600px-scaled.jpg\",\"width\":2560,\"height\":2560,\"caption\":\"Universit\u00e9 du Luxembourg\"},\"image\":\"https:\/\/www.uni.lu\/wp-content\/uploads\/sites\/11\/2026\/04\/24120552\/20200609-Belval-Campus_Henri-Goergen-23.jpg\",\"sameAs\":[\"https:\/\/www.facebook.com\/uni.lu\",\"https:\/\/www.linkedin.com\/school\/university-of-luxembourg\/\",\"https:\/\/www.instagram.com\/uni.lu\",\"https:\/\/www.youtube.com\/@uni_lu\",\"https:\/\/en.wikipedia.org\/wiki\/University_of_Luxembourg\"],\"email\":\"communication@uni.lu\",\"telephone\":\"+352 46 66 44 1\",\"address\":{\"@type\":\"PostalAddress\",\"streetAddress\":\"2, place de l\u2019Universit\u00e9\",\"addressLocality\":\"Esch-sur-Alzette\",\"postalCode\":\"4365\",\"addressCountry\":\"LU\"},\"description\":\"Universit\u00e9 du Luxembourg\"},{\"@type\":\"Person\",\"@id\":\"https:\/\/www.uni.lu\/fr\/#\/schema\/person\/17dbc4a6ec9d969d266bcfb8d8e06279\",\"name\":\"Eunice\",\"image\":{\"@type\":\"ImageObject\",\"inLanguage\":\"fr-FR\",\"@id\":\"https:\/\/www.uni.lu\/fr\/#\/schema\/person\/image\/\",\"url\":\"https:\/\/secure.gravatar.com\/avatar\/dff9d86d63de4fa4c270ac204a61e8a8?s=96&d=mm&r=g\",\"contentUrl\":\"https:\/\/secure.gravatar.com\/avatar\/dff9d86d63de4fa4c270ac204a61e8a8?s=96&d=mm&r=g\",\"caption\":\"Eunice\"},\"birthDate\":\"1991-12-20\",\"gender\":\"female\",\"jobTitle\":\"Web editor\",\"worksFor\":\"University of Luxembourg\"}]}<\/script>\n<!-- \/ Yoast SEO Premium plugin. -->","yoast_head_json":{"title":"Nouveau doyen \u00e0 la facult\u00e9 des sciences humaines et sociales - Universit\u00e9 du Luxembourg","description":"Robert Harmsen, professeur en sciences politiques \u00e0 l'Universit\u00e9, a \u00e9t\u00e9 nomm\u00e9 pour une p\u00e9riode de cinq ans au poste de doyen de la Facult\u00e9 des Sciences Humaines, des Sciences de l\u2019\u00c9ducation et des Sciences Sociales\u200b. Il succ\u00e8de au Prof. Georg Mein, qui a \u00e9t\u00e9 \u00e0 la t\u00eate de la Facult\u00e9 pendant dix ans.","robots":{"index":"index","follow":"follow","max-snippet":"max-snippet:-1","max-image-preview":"max-image-preview:large","max-video-preview":"max-video-preview:-1"},"canonical":"https:\/\/www.uni.lu\/fr\/news\/nouveau-doyen-a-la-faculte-des-sciences-humaines-et-sociales\/","og_locale":"fr_FR","og_type":"article","og_title":"Nouveau doyen \u00e0 la facult\u00e9 des sciences humaines et sociales","og_description":"Robert Harmsen, professeur en sciences politiques \u00e0 l'Universit\u00e9, a \u00e9t\u00e9 nomm\u00e9 pour une p\u00e9riode de cinq ans au poste de doyen de la Facult\u00e9 des Sciences Humaines, des Sciences de l\u2019\u00c9ducation et des Sciences Sociales\u200b. Il succ\u00e8de au Prof. Georg Mein, qui a \u00e9t\u00e9 \u00e0 la t\u00eate de la Facult\u00e9 pendant dix ans.","og_url":"https:\/\/www.uni.lu\/fr\/news\/nouveau-doyen-a-la-faculte-des-sciences-humaines-et-sociales\/","og_site_name":"UNI FR","article_publisher":"https:\/\/www.facebook.com\/uni.lu","og_image":[{"width":800,"height":600,"url":"https:\/\/www.uni.lu\/wp-content\/uploads\/sites\/11\/2023\/02\/nouveau_doyen_a_la_faculte_des_sciences_humaines_et_sociales.jpg","type":"image\/jpeg"}],"twitter_card":"summary_large_image","twitter_misc":{"Dur\u00e9e de lecture estim\u00e9e":"3 minutes"},"schema":{"@context":"https:\/\/schema.org","@graph":[{"@type":"NewsArticle","@id":"https:\/\/www.uni.lu\/fr\/news\/nouveau-doyen-a-la-faculte-des-sciences-humaines-et-sociales\/#article","isPartOf":{"@id":"https:\/\/www.uni.lu\/fr\/news\/nouveau-doyen-a-la-faculte-des-sciences-humaines-et-sociales\/"},"author":{"name":"Eunice","@id":"https:\/\/www.uni.lu\/fr\/#\/schema\/person\/17dbc4a6ec9d969d266bcfb8d8e06279"},"headline":"Nouveau doyen \u00e0 la facult\u00e9 des sciences humaines et sociales","datePublished":"2023-02-20T15:13:23+00:00","dateModified":"2023-02-20T15:13:23+00:00","mainEntityOfPage":{"@id":"https:\/\/www.uni.lu\/fr\/news\/nouveau-doyen-a-la-faculte-des-sciences-humaines-et-sociales\/"},"wordCount":703,"publisher":{"@id":"https:\/\/www.uni.lu\/fr\/#organization"},"inLanguage":"fr-FR"},{"@type":"WebPage","@id":"https:\/\/www.uni.lu\/fr\/news\/nouveau-doyen-a-la-faculte-des-sciences-humaines-et-sociales\/","url":"https:\/\/www.uni.lu\/fr\/news\/nouveau-doyen-a-la-faculte-des-sciences-humaines-et-sociales\/","name":"Nouveau doyen \u00e0 la facult\u00e9 des sciences humaines et sociales - Universit\u00e9 du Luxembourg","isPartOf":{"@id":"https:\/\/www.uni.lu\/fr\/#website"},"datePublished":"2023-02-20T15:13:23+00:00","dateModified":"2023-02-20T15:13:23+00:00","description":"Robert Harmsen, professeur en sciences politiques \u00e0 l'Universit\u00e9, a \u00e9t\u00e9 nomm\u00e9 pour une p\u00e9riode de cinq ans au poste de doyen de la Facult\u00e9 des Sciences Humaines, des Sciences de l\u2019\u00c9ducation et des Sciences Sociales\u200b. Il succ\u00e8de au Prof. Georg Mein, qui a \u00e9t\u00e9 \u00e0 la t\u00eate de la Facult\u00e9 pendant dix ans.","breadcrumb":{"@id":"https:\/\/www.uni.lu\/fr\/news\/nouveau-doyen-a-la-faculte-des-sciences-humaines-et-sociales\/#breadcrumb"},"inLanguage":"fr-FR","potentialAction":[{"@type":"ReadAction","target":["https:\/\/www.uni.lu\/fr\/news\/nouveau-doyen-a-la-faculte-des-sciences-humaines-et-sociales\/"]}]},{"@type":"BreadcrumbList","@id":"https:\/\/www.uni.lu\/fr\/news\/nouveau-doyen-a-la-faculte-des-sciences-humaines-et-sociales\/#breadcrumb","itemListElement":[{"@type":"ListItem","position":1,"name":"Home","item":"https:\/\/www.uni.lu\/fr\/"},{"@type":"ListItem","position":2,"name":"News","item":"https:\/\/www.uni.lu\/fr\/news\/"},{"@type":"ListItem","position":3,"name":"Nouveau doyen \u00e0 la facult\u00e9 des sciences humaines et sociales"}]},{"@type":"WebSite","@id":"https:\/\/www.uni.lu\/fr\/#website","url":"https:\/\/www.uni.lu\/fr\/","name":"Uni.lu","description":"Universit\u00e9 du Luxembourg","publisher":{"@id":"https:\/\/www.uni.lu\/fr\/#organization"},"alternateName":"Universit\u00e9 du Luxembourg","potentialAction":[{"@type":"SearchAction","target":{"@type":"EntryPoint","urlTemplate":"https:\/\/www.uni.lu\/fr\/?s={search_term_string}"},"query-input":"required name=search_term_string"}],"inLanguage":"fr-FR"},{"@type":"Organization","@id":"https:\/\/www.uni.lu\/fr\/#organization","name":"Universit\u00e9 du Luxembourg","alternateName":"Uni.lu","url":"https:\/\/www.uni.lu\/fr\/","logo":{"@type":"ImageObject","inLanguage":"fr-FR","@id":"https:\/\/www.uni.lu\/fr\/#\/schema\/logo\/image\/","url":"https:\/\/www.uni.lu\/wp-content\/uploads\/sites\/11\/2026\/03\/03120045\/UNIV_SM-Profile_1600x1600px-scaled.jpg","contentUrl":"https:\/\/www.uni.lu\/wp-content\/uploads\/sites\/11\/2026\/03\/03120045\/UNIV_SM-Profile_1600x1600px-scaled.jpg","width":2560,"height":2560,"caption":"Universit\u00e9 du Luxembourg"},"image":"https:\/\/www.uni.lu\/wp-content\/uploads\/sites\/11\/2026\/04\/24120552\/20200609-Belval-Campus_Henri-Goergen-23.jpg","sameAs":["https:\/\/www.facebook.com\/uni.lu","https:\/\/www.linkedin.com\/school\/university-of-luxembourg\/","https:\/\/www.instagram.com\/uni.lu","https:\/\/www.youtube.com\/@uni_lu","https:\/\/en.wikipedia.org\/wiki\/University_of_Luxembourg"],"email":"communication@uni.lu","telephone":"+352 46 66 44 1","address":{"@type":"PostalAddress","streetAddress":"2, place de l\u2019Universit\u00e9","addressLocality":"Esch-sur-Alzette","postalCode":"4365","addressCountry":"LU"},"description":"Universit\u00e9 du Luxembourg"},{"@type":"Person","@id":"https:\/\/www.uni.lu\/fr\/#\/schema\/person\/17dbc4a6ec9d969d266bcfb8d8e06279","name":"Eunice","image":{"@type":"ImageObject","inLanguage":"fr-FR","@id":"https:\/\/www.uni.lu\/fr\/#\/schema\/person\/image\/","url":"https:\/\/secure.gravatar.com\/avatar\/dff9d86d63de4fa4c270ac204a61e8a8?s=96&d=mm&r=g","contentUrl":"https:\/\/secure.gravatar.com\/avatar\/dff9d86d63de4fa4c270ac204a61e8a8?s=96&d=mm&r=g","caption":"Eunice"},"birthDate":"1991-12-20","gender":"female","jobTitle":"Web editor","worksFor":"University of Luxembourg"}]}},"blog_id":11,"_links":{"self":[{"href":"https:\/\/www.uni.lu\/fr\/wp-json\/wp\/v2\/news\/2077"}],"collection":[{"href":"https:\/\/www.uni.lu\/fr\/wp-json\/wp\/v2\/news"}],"about":[{"href":"https:\/\/www.uni.lu\/fr\/wp-json\/wp\/v2\/types\/news"}],"author":[{"embeddable":true,"href":"https:\/\/www.uni.lu\/fr\/wp-json\/wp\/v2\/users\/44"}],"version-history":[{"count":1,"href":"https:\/\/www.uni.lu\/fr\/wp-json\/wp\/v2\/news\/2077\/revisions"}],"predecessor-version":[{"id":11044,"href":"https:\/\/www.uni.lu\/fr\/wp-json\/wp\/v2\/news\/2077\/revisions\/11044"}],"wp:authorship":[{"embeddable":true,"href":"https:\/\/www.uni.lu\/fr\/wp-json\/wp\/v2\/users\/44"}],"wp:attachment":[{"href":"https:\/\/www.uni.lu\/fr\/wp-json\/wp\/v2\/media?parent=2077"}],"wp:term":[{"taxonomy":"news-category","embeddable":true,"href":"https:\/\/www.uni.lu\/fr\/wp-json\/wp\/v2\/news-category?post=2077"},{"taxonomy":"news-topic","embeddable":true,"href":"https:\/\/www.uni.lu\/fr\/wp-json\/wp\/v2\/news-topic?post=2077"},{"taxonomy":"organisation","embeddable":true,"href":"https:\/\/www.uni.lu\/fr\/wp-json\/wp\/v2\/organisation?post=2077"}],"curies":[{"name":"wp","href":"https:\/\/api.w.org\/{rel}","templated":true}]}}