{"id":2000,"date":"2022-11-28T15:16:08","date_gmt":"2022-11-28T15:16:08","guid":{"rendered":"https:\/\/website.prod.unilu.spikeseed.cloud\/fr\/news\/economisons-lenergie-ensemble\/"},"modified":"2022-11-28T15:16:08","modified_gmt":"2022-11-28T15:16:08","slug":"economisons-lenergie-ensemble","status":"publish","type":"news","link":"https:\/\/www.uni.lu\/fr\/news\/economisons-lenergie-ensemble\/","title":{"rendered":"\u00c9conomisons l&rsquo;\u00e9nergie ensemble !"},"content":{"rendered":"<section class=\"wp-block-unilux-blocks-free-section section\"><div class=\"container xl:max-w-screen-xl\"><p>Le gouvernement a appel\u00e9 l&rsquo;ensemble de la population luxembourgeoise \u00e0 <strong>r\u00e9duire consid\u00e9rablement la consommation d&rsquo;\u00e9nergie<\/strong> &#8211; au travail, \u00e0 la maison, dans les espaces publics.<\/p><p>En tant qu&rsquo;universit\u00e9, nous devons \u00eatre proactifs dans cette lutte : chaque kilowattheure d&rsquo;\u00e9lectricit\u00e9 \u00e9conomis\u00e9, chaque m\u00e8tre cube de gaz non consomm\u00e9, <strong>chaque geste compte<\/strong> &#8211; dans le but de minimiser le risque de p\u00e9nurie d&rsquo;\u00e9nergie cet hiver et notre lutte contre le changement climatique.<\/p><p>\u00a0<\/p><p><strong>Comment puis-je contribuer\u00a0?<\/strong><\/p><p>\u00a0<\/p><ul class=\"ulux-list\"><li class=\"ulux-list-item\">Ajustez la <strong>temp\u00e9rature<\/strong> de votre logement<strong>\u00a0:<\/strong><ul class=\"ulux-list\"><li class=\"ulux-list-item\">Durant la journ\u00e9e<strong>\u00a0: <\/strong>19\u00b0C\u201320\u00b0C<\/li><li class=\"ulux-list-item\">Durant la nuit\u00a0: 17\u00b0C\u201318\u00b0C\u00a0<\/li><li class=\"ulux-list-item\">Quand vous \u00eates absent : 16\u00b0C\u00a0<\/li><\/ul><\/li><li class=\"ulux-list-item\"><strong>A l\u2019int\u00e9rieur<\/strong>\u00a0:<ul class=\"ulux-list\"><li class=\"ulux-list-item\">Limitez l\u2019\u00e9clairage au maximum<\/li><li class=\"ulux-list-item\">Ne ventilez que pendant de courtes p\u00e9riodes<\/li><\/ul><\/li><li class=\"ulux-list-item\">Quand vous <strong>quittez votre logement<\/strong>\u00a0:<ul class=\"ulux-list\"><li class=\"ulux-list-item\">Eteignez tous les \u00e9quipements informatiques (\u00e9vitez le mode veille)<\/li><li class=\"ulux-list-item\">Eteignez les lumi\u00e8res<\/li><\/ul><\/li><li class=\"ulux-list-item\">Utilisez <strong>les transports publics ou le covoiturage<\/strong> lorsque cela est possible<\/li><\/ul><p>\u00a0<\/p><p>Notre plan d\u2019\u00e9conomie d\u2019\u00e9nergie est un premier pas et une chance de changer notre comportement \u00e0 long terme vers une soci\u00e9t\u00e9 plus durable.<\/p><\/div><\/section>","protected":false},"excerpt":{"rendered":"<p>Le gouvernement a appel\u00e9 l&rsquo;ensemble de la population luxembourgeoise \u00e0 r\u00e9duire consid\u00e9rablement la consommation d&rsquo;\u00e9nergie &#8211; au travail, \u00e0 la maison, dans les espaces publics.<\/p>\n","protected":false},"author":0,"featured_media":0,"template":"","format":"standard","meta":{"featured_image_focal_point":[],"show_featured_caption":false,"ulux_newsletter_groups":"","uluxPostTitle":"","uluxPrePostTitle":"","_trash_the_other_posts":false,"_price":"","_stock":"","_tribe_ticket_header":"","_tribe_default_ticket_provider":"","_tribe_ticket_capacity":"0","_ticket_start_date":"","_ticket_end_date":"","_tribe_ticket_show_description":"","_tribe_ticket_show_not_going":false,"_tribe_ticket_use_global_stock":"","_tribe_ticket_global_stock_level":"","_global_stock_mode":"","_global_stock_cap":"","_tribe_rsvp_for_event":"","_tribe_ticket_going_count":"","_tribe_ticket_not_going_count":"","_tribe_tickets_list":"[]","_tribe_ticket_has_attendee_info_fields":false},"news-category":[],"news-topic":[],"organisation":[],"authorship":[],"acf":[],"yoast_head":"<!-- This site is optimized with the Yoast SEO Premium plugin v22.3 (Yoast SEO v22.3) - https:\/\/yoast.com\/wordpress\/plugins\/seo\/ -->\n<title>\u00c9conomisons l&#039;\u00e9nergie ensemble ! - Universit\u00e9 du Luxembourg<\/title>\n<meta name=\"description\" content=\"Le gouvernement a appel\u00e9 l&#039;ensemble de la population luxembourgeoise \u00e0 r\u00e9duire consid\u00e9rablement la consommation d&#039;\u00e9nergie - au travail, \u00e0 la maison, dans les espaces publics.\" \/>\n<meta name=\"robots\" content=\"index, follow, max-snippet:-1, max-image-preview:large, max-video-preview:-1\" \/>\n<link rel=\"canonical\" href=\"https:\/\/www.uni.lu\/fr\/news\/\" \/>\n<meta property=\"og:locale\" content=\"fr_FR\" \/>\n<meta property=\"og:type\" content=\"article\" \/>\n<meta property=\"og:title\" content=\"\u00c9conomisons l&#039;\u00e9nergie ensemble !\" \/>\n<meta property=\"og:description\" content=\"Le gouvernement a appel\u00e9 l&#039;ensemble de la population luxembourgeoise \u00e0 r\u00e9duire consid\u00e9rablement la consommation d&#039;\u00e9nergie - au travail, \u00e0 la maison, dans les espaces publics.\" \/>\n<meta property=\"og:url\" content=\"https:\/\/www.uni.lu\/fr\/news\/\" \/>\n<meta property=\"og:site_name\" content=\"UNI FR\" \/>\n<meta property=\"article:publisher\" content=\"https:\/\/www.facebook.com\/uni.lu\" \/>\n<meta property=\"og:image\" content=\"https:\/\/www.uni.lu\/wp-content\/uploads\/sites\/11\/2022\/11\/economisons_l_energie_ensemble.jpg\" \/>\n\t<meta property=\"og:image:width\" content=\"723\" \/>\n\t<meta property=\"og:image:height\" content=\"1024\" \/>\n\t<meta property=\"og:image:type\" content=\"image\/jpeg\" \/>\n<meta name=\"twitter:card\" content=\"summary_large_image\" \/>\n<meta name=\"twitter:label1\" content=\"Dur\u00e9e de lecture estim\u00e9e\" \/>\n\t<meta name=\"twitter:data1\" content=\"1 minute\" \/>\n<script type=\"application\/ld+json\" class=\"yoast-schema-graph\">{\"@context\":\"https:\/\/schema.org\",\"@graph\":[{\"@type\":\"NewsArticle\",\"@id\":\"https:\/\/www.uni.lu\/fr\/news\/#article\",\"isPartOf\":{\"@id\":\"https:\/\/www.uni.lu\/fr\/news\/\"},\"author\":{\"name\":\"\",\"@id\":\"\"},\"headline\":\"\u00c9conomisons l&rsquo;\u00e9nergie ensemble !\",\"datePublished\":\"2022-11-28T15:16:08+00:00\",\"dateModified\":\"2022-11-28T15:16:08+00:00\",\"mainEntityOfPage\":{\"@id\":\"https:\/\/www.uni.lu\/fr\/news\/\"},\"wordCount\":177,\"publisher\":{\"@id\":\"https:\/\/www.uni.lu\/fr\/#organization\"},\"inLanguage\":\"fr-FR\"},{\"@type\":\"WebPage\",\"@id\":\"https:\/\/www.uni.lu\/fr\/news\/\",\"url\":\"https:\/\/www.uni.lu\/fr\/news\/\",\"name\":\"\u00c9conomisons l'\u00e9nergie ensemble ! - Universit\u00e9 du Luxembourg\",\"isPartOf\":{\"@id\":\"https:\/\/www.uni.lu\/fr\/#website\"},\"datePublished\":\"2022-11-28T15:16:08+00:00\",\"dateModified\":\"2022-11-28T15:16:08+00:00\",\"description\":\"Le gouvernement a appel\u00e9 l'ensemble de la population luxembourgeoise \u00e0 r\u00e9duire consid\u00e9rablement la consommation d'\u00e9nergie - au travail, \u00e0 la maison, dans les espaces publics.\",\"breadcrumb\":{\"@id\":\"https:\/\/www.uni.lu\/fr\/news\/#breadcrumb\"},\"inLanguage\":\"fr-FR\",\"potentialAction\":[{\"@type\":\"ReadAction\",\"target\":[\"https:\/\/www.uni.lu\/fr\/news\/\"]}]},{\"@type\":\"BreadcrumbList\",\"@id\":\"https:\/\/www.uni.lu\/fr\/news\/#breadcrumb\",\"itemListElement\":[{\"@type\":\"ListItem\",\"position\":1,\"name\":\"Home\",\"item\":\"https:\/\/www.uni.lu\/fr\/\"},{\"@type\":\"ListItem\",\"position\":2,\"name\":\"News\",\"item\":\"https:\/\/www.uni.lu\/fr\/news\/\"},{\"@type\":\"ListItem\",\"position\":3,\"name\":\"\u00c9conomisons l&#8217;\u00e9nergie ensemble !\"}]},{\"@type\":\"WebSite\",\"@id\":\"https:\/\/www.uni.lu\/fr\/#website\",\"url\":\"https:\/\/www.uni.lu\/fr\/\",\"name\":\"Uni.lu\",\"description\":\"Universit\u00e9 du Luxembourg\",\"publisher\":{\"@id\":\"https:\/\/www.uni.lu\/fr\/#organization\"},\"alternateName\":\"Universit\u00e9 du Luxembourg\",\"potentialAction\":[{\"@type\":\"SearchAction\",\"target\":{\"@type\":\"EntryPoint\",\"urlTemplate\":\"https:\/\/www.uni.lu\/fr\/?s={search_term_string}\"},\"query-input\":\"required name=search_term_string\"}],\"inLanguage\":\"fr-FR\"},{\"@type\":\"Organization\",\"@id\":\"https:\/\/www.uni.lu\/fr\/#organization\",\"name\":\"Universit\u00e9 du Luxembourg\",\"alternateName\":\"Uni.lu\",\"url\":\"https:\/\/www.uni.lu\/fr\/\",\"logo\":{\"@type\":\"ImageObject\",\"inLanguage\":\"fr-FR\",\"@id\":\"https:\/\/www.uni.lu\/fr\/#\/schema\/logo\/image\/\",\"url\":\"https:\/\/www.uni.lu\/wp-content\/uploads\/sites\/11\/2026\/03\/03120045\/UNIV_SM-Profile_1600x1600px-scaled.jpg\",\"contentUrl\":\"https:\/\/www.uni.lu\/wp-content\/uploads\/sites\/11\/2026\/03\/03120045\/UNIV_SM-Profile_1600x1600px-scaled.jpg\",\"width\":2560,\"height\":2560,\"caption\":\"Universit\u00e9 du Luxembourg\"},\"image\":\"https:\/\/www.uni.lu\/wp-content\/uploads\/sites\/11\/2026\/04\/24120552\/20200609-Belval-Campus_Henri-Goergen-23.jpg\",\"sameAs\":[\"https:\/\/www.facebook.com\/uni.lu\",\"https:\/\/www.linkedin.com\/school\/university-of-luxembourg\/\",\"https:\/\/www.instagram.com\/uni.lu\",\"https:\/\/www.youtube.com\/@uni_lu\",\"https:\/\/en.wikipedia.org\/wiki\/University_of_Luxembourg\"],\"email\":\"communication@uni.lu\",\"telephone\":\"+352 46 66 44 1\",\"address\":{\"@type\":\"PostalAddress\",\"streetAddress\":\"2, place de l\u2019Universit\u00e9\",\"addressLocality\":\"Esch-sur-Alzette\",\"postalCode\":\"4365\",\"addressCountry\":\"LU\"},\"description\":\"Universit\u00e9 du Luxembourg\"}]}<\/script>\n<!-- \/ Yoast SEO Premium plugin. -->","yoast_head_json":{"title":"\u00c9conomisons l'\u00e9nergie ensemble ! - Universit\u00e9 du Luxembourg","description":"Le gouvernement a appel\u00e9 l'ensemble de la population luxembourgeoise \u00e0 r\u00e9duire consid\u00e9rablement la consommation d'\u00e9nergie - au travail, \u00e0 la maison, dans les espaces publics.","robots":{"index":"index","follow":"follow","max-snippet":"max-snippet:-1","max-image-preview":"max-image-preview:large","max-video-preview":"max-video-preview:-1"},"canonical":"https:\/\/www.uni.lu\/fr\/news\/","og_locale":"fr_FR","og_type":"article","og_title":"\u00c9conomisons l'\u00e9nergie ensemble !","og_description":"Le gouvernement a appel\u00e9 l'ensemble de la population luxembourgeoise \u00e0 r\u00e9duire consid\u00e9rablement la consommation d'\u00e9nergie - au travail, \u00e0 la maison, dans les espaces publics.","og_url":"https:\/\/www.uni.lu\/fr\/news\/","og_site_name":"UNI FR","article_publisher":"https:\/\/www.facebook.com\/uni.lu","og_image":[{"width":723,"height":1024,"url":"https:\/\/www.uni.lu\/wp-content\/uploads\/sites\/11\/2022\/11\/economisons_l_energie_ensemble.jpg","type":"image\/jpeg"}],"twitter_card":"summary_large_image","twitter_misc":{"Dur\u00e9e de lecture estim\u00e9e":"1 minute"},"schema":{"@context":"https:\/\/schema.org","@graph":[{"@type":"NewsArticle","@id":"https:\/\/www.uni.lu\/fr\/news\/#article","isPartOf":{"@id":"https:\/\/www.uni.lu\/fr\/news\/"},"author":{"name":"","@id":""},"headline":"\u00c9conomisons l&rsquo;\u00e9nergie ensemble !","datePublished":"2022-11-28T15:16:08+00:00","dateModified":"2022-11-28T15:16:08+00:00","mainEntityOfPage":{"@id":"https:\/\/www.uni.lu\/fr\/news\/"},"wordCount":177,"publisher":{"@id":"https:\/\/www.uni.lu\/fr\/#organization"},"inLanguage":"fr-FR"},{"@type":"WebPage","@id":"https:\/\/www.uni.lu\/fr\/news\/","url":"https:\/\/www.uni.lu\/fr\/news\/","name":"\u00c9conomisons l'\u00e9nergie ensemble ! - Universit\u00e9 du Luxembourg","isPartOf":{"@id":"https:\/\/www.uni.lu\/fr\/#website"},"datePublished":"2022-11-28T15:16:08+00:00","dateModified":"2022-11-28T15:16:08+00:00","description":"Le gouvernement a appel\u00e9 l'ensemble de la population luxembourgeoise \u00e0 r\u00e9duire consid\u00e9rablement la consommation d'\u00e9nergie - au travail, \u00e0 la maison, dans les espaces publics.","breadcrumb":{"@id":"https:\/\/www.uni.lu\/fr\/news\/#breadcrumb"},"inLanguage":"fr-FR","potentialAction":[{"@type":"ReadAction","target":["https:\/\/www.uni.lu\/fr\/news\/"]}]},{"@type":"BreadcrumbList","@id":"https:\/\/www.uni.lu\/fr\/news\/#breadcrumb","itemListElement":[{"@type":"ListItem","position":1,"name":"Home","item":"https:\/\/www.uni.lu\/fr\/"},{"@type":"ListItem","position":2,"name":"News","item":"https:\/\/www.uni.lu\/fr\/news\/"},{"@type":"ListItem","position":3,"name":"\u00c9conomisons l&#8217;\u00e9nergie ensemble !"}]},{"@type":"WebSite","@id":"https:\/\/www.uni.lu\/fr\/#website","url":"https:\/\/www.uni.lu\/fr\/","name":"Uni.lu","description":"Universit\u00e9 du Luxembourg","publisher":{"@id":"https:\/\/www.uni.lu\/fr\/#organization"},"alternateName":"Universit\u00e9 du Luxembourg","potentialAction":[{"@type":"SearchAction","target":{"@type":"EntryPoint","urlTemplate":"https:\/\/www.uni.lu\/fr\/?s={search_term_string}"},"query-input":"required name=search_term_string"}],"inLanguage":"fr-FR"},{"@type":"Organization","@id":"https:\/\/www.uni.lu\/fr\/#organization","name":"Universit\u00e9 du Luxembourg","alternateName":"Uni.lu","url":"https:\/\/www.uni.lu\/fr\/","logo":{"@type":"ImageObject","inLanguage":"fr-FR","@id":"https:\/\/www.uni.lu\/fr\/#\/schema\/logo\/image\/","url":"https:\/\/www.uni.lu\/wp-content\/uploads\/sites\/11\/2026\/03\/03120045\/UNIV_SM-Profile_1600x1600px-scaled.jpg","contentUrl":"https:\/\/www.uni.lu\/wp-content\/uploads\/sites\/11\/2026\/03\/03120045\/UNIV_SM-Profile_1600x1600px-scaled.jpg","width":2560,"height":2560,"caption":"Universit\u00e9 du Luxembourg"},"image":"https:\/\/www.uni.lu\/wp-content\/uploads\/sites\/11\/2026\/04\/24120552\/20200609-Belval-Campus_Henri-Goergen-23.jpg","sameAs":["https:\/\/www.facebook.com\/uni.lu","https:\/\/www.linkedin.com\/school\/university-of-luxembourg\/","https:\/\/www.instagram.com\/uni.lu","https:\/\/www.youtube.com\/@uni_lu","https:\/\/en.wikipedia.org\/wiki\/University_of_Luxembourg"],"email":"communication@uni.lu","telephone":"+352 46 66 44 1","address":{"@type":"PostalAddress","streetAddress":"2, place de l\u2019Universit\u00e9","addressLocality":"Esch-sur-Alzette","postalCode":"4365","addressCountry":"LU"},"description":"Universit\u00e9 du Luxembourg"}]}},"blog_id":11,"_links":{"self":[{"href":"https:\/\/www.uni.lu\/fr\/wp-json\/wp\/v2\/news\/2000"}],"collection":[{"href":"https:\/\/www.uni.lu\/fr\/wp-json\/wp\/v2\/news"}],"about":[{"href":"https:\/\/www.uni.lu\/fr\/wp-json\/wp\/v2\/types\/news"}],"version-history":[{"count":0,"href":"https:\/\/www.uni.lu\/fr\/wp-json\/wp\/v2\/news\/2000\/revisions"}],"wp:attachment":[{"href":"https:\/\/www.uni.lu\/fr\/wp-json\/wp\/v2\/media?parent=2000"}],"wp:term":[{"taxonomy":"news-category","embeddable":true,"href":"https:\/\/www.uni.lu\/fr\/wp-json\/wp\/v2\/news-category?post=2000"},{"taxonomy":"news-topic","embeddable":true,"href":"https:\/\/www.uni.lu\/fr\/wp-json\/wp\/v2\/news-topic?post=2000"},{"taxonomy":"organisation","embeddable":true,"href":"https:\/\/www.uni.lu\/fr\/wp-json\/wp\/v2\/organisation?post=2000"}],"curies":[{"name":"wp","href":"https:\/\/api.w.org\/{rel}","templated":true}]}}