{"id":19490,"date":"2026-04-24T13:32:27","date_gmt":"2026-04-24T11:32:27","guid":{"rendered":"https:\/\/www.uni.lu\/fr\/?post_type=news&#038;p=19490"},"modified":"2026-04-24T13:35:30","modified_gmt":"2026-04-24T11:35:30","slug":"decouvrez-les-uni-lu-highlights-2025","status":"publish","type":"news","link":"https:\/\/www.uni.lu\/fr\/news\/decouvrez-les-uni-lu-highlights-2025\/","title":{"rendered":"D\u00e9couvrez les Uni.lu Highlights 2025 !"},"content":{"rendered":"\n<section class=\"wp-block-unilux-blocks-free-section section\"><div class=\"container xl:max-w-screen-xl\">\n<p><strong><em>Qu&rsquo;est-ce qu\u2019est Uni.lu Highlights ? <\/em><\/strong>Un livret offrant des histoires d\u2019\u00e9tudiants et de recherche \u00e0 l&rsquo;Universit\u00e9, ses moments et chiffres cl\u00e9 de l&rsquo;ann\u00e9e \u00e9coul\u00e9e. Il met en lumi\u00e8re les caract\u00e9ristiques essentielles de l&rsquo;Universit\u00e9 du Luxembourg, ainsi que les personnes qui en font un lieu unique pour \u00e9tudier, travailler et s&rsquo;\u00e9panouir.<\/p>\n\n\n\n<p>En passant des prix scientifiques aux t\u00e9moignages d&rsquo;alumni et d\u2019\u00e9tudiants, ce livret offre un aper\u00e7u de la vie dynamique de l&rsquo;Uni.lu.<\/p>\n\n\n\n<p><strong>Voici quelques faits marquants :<\/strong><\/p>\n\n\n\n<ul class=\"ulux-list\">\n<li class=\"ulux-list-item\">Des \u00e9tudiants et des chercheurs ont con\u00e7u, construit et exploit\u00e9 le <a href=\"https:\/\/www.uni.lu\/fr\/news\/le-premier-satellite-de-l-universite-du-luxembourg-lance-avec-succes-par-spacex-falcon-9\/\">satellite miniature Poquito<\/a>, actuellement en orbite autour de la plan\u00e8te.<\/li>\n\n\n\n<li class=\"ulux-list-item\">Un <a href=\"https:\/\/www.uni.lu\/snt-fr\/news\/google-devient-un-nouveau-partenaire-du-snt-de-l-universite-du-luxembourg\/\">nouveau partenariat avec Google<\/a> permet la cr\u00e9ation d\u2019un centre d&rsquo;excellence et d\u2019une chaire <em>Sovereign AI Chair<\/em>.<\/li>\n\n\n\n<li class=\"ulux-list-item\">Des experts en \u00e9ducation ont con\u00e7u des tests \u00e0 destination des enseignants, pour <a href=\"https:\/\/www.uni.lu\/fr\/news\/detecter-les-troubles-de-l-apprentissage-les-tests-adaptes-aux-realites-du-luxembourg\/\">identifier les troubles d&rsquo;apprentissage <\/a>dans des environnements multilingues.<\/li>\n\n\n\n<li class=\"ulux-list-item\">Un nouveau <a href=\"https:\/\/www.uni.lu\/fstm-fr\/study-programs\/bachelor-en-sciences-maieutiques-sage-femme\/\">Bachelor en Sciences Ma\u00efeutiques \u2013 Sage-femme<\/a> permettra de renforcer le vivier de personnel m\u00e9dical qualifi\u00e9 au Luxembourg.<\/li>\n\n\n\n<li class=\"ulux-list-item\">Des recherches de pointe sur les maladies neurod\u00e9g\u00e9n\u00e9ratives nous rapprochent d&rsquo;un diagnostic pr\u00e9coce et d&rsquo;un traitement personnalis\u00e9 des maladies d&rsquo;<a href=\"https:\/\/www.uni.lu\/research-en\/research-areas\/alzheimers-disease\/\">Alzheimer<\/a> et de <a href=\"https:\/\/www.uni.lu\/research-en\/research-areas\/parkinsons-disease\/\">Parkinson<\/a>.<\/li>\n\n\n\n<li class=\"ulux-list-item\">En 2025, <a href=\"https:\/\/www.uni.lu\/fr\/news\/semaine-de-la-remise-des-diplomes-pres-de-deux-mille-talents-de-l-uni-lu-sont-prets-pour-l-avenir\/\">1 800 dipl\u00f4m\u00e9s et 1 000 doctorants ont termin\u00e9 leur ann\u00e9e universitaire<\/a> avec succ\u00e8s, rejoignant ainsi la communaut\u00e9 des alumni forte de 19 000 membres.<\/li>\n\n\n\n<li class=\"ulux-list-item\">Des nouvelles bourses du Conseil europ\u00e9en de la recherche sont accord\u00e9es \u00e0 des projets audacieux.<\/li>\n<\/ul>\n\n\n\n<ul class=\"wp-block-unilux-blocks-button-list-v2\">\n<li class=\"wp-block-unilux-blocks-button-list-item-v2\"><a class=\"quick-link\" href=\"https:\/\/www.uni.lu\/en\/about\/profile\/highlights\/highlights-2025\/\" target=\"\" role=\"link\" rel=\"noopener\" tabindex=\"0\"><span class=\"quick-link__container\">\n<div class=\"wp-block-unilux-blocks-block-inserter quick-link__img\">\n<div class=\"icon--primary icon--secondary-2 icon--xl wp-block-unilux-blocks-icon-picker\">\n    <svg aria-hidden=\"true\" focusable=\"false\" class=\"icon icon-outline icon--feedback \"><use xlink:href=\"https:\/\/www.uni.lu\/wp-content\/themes\/unilux-theme\/assets\/images\/icons\/icons-outline.svg#icon--feedback\"><\/use><\/svg><\/div><\/div>\n\n\n\n<span class=\"quick-link__name wp-block-unilux-blocks-plain-text\">D\u00e9couvrez-en plus dans Highlights 2025 (EN)<\/span>\n\n<svg aria-hidden=\"true\" focusable=\"false\" class=\"icon icon-outline icon--arrow-right \"><use xlink:href=\"https:\/\/www.uni.lu\/wp-content\/themes\/unilux-theme\/assets\/images\/icons\/icons-outline.svg#icon--arrow-right\"><\/use><\/svg><\/span><\/a><\/li>\n<\/ul>\n\n\n<div class=\"wp-block-unilux-blocks-spacer is-spacer-size-sm\"><\/div>\n\n\n<p>Pour recevoir un <strong>exemplaire du livret<\/strong>, veuillez contacter le Service de la communication.<\/p>\n\n\n<div class=\"icon-info-wrapper\">\n    <ul class=\"wp-block-unilux-blocks-icon-info\">\n        <li class=\"wp-block-unilux-blocks-icon-info-item\">\n    \n<div class=\"wp-block-unilux-blocks-wrapper icon-info\">\n<div class=\"icon--info icon--info-2  wp-block-unilux-blocks-icon-picker\">\n    <svg aria-hidden=\"true\" focusable=\"false\" class=\"icon icon-outline icon--group \"><use xlink:href=\"https:\/\/www.uni.lu\/wp-content\/themes\/unilux-theme\/assets\/images\/icons\/icons-outline.svg#icon--group\"><\/use><\/svg><\/div>\n\n\n<p class=\"has-1-125-rem-font-size\"><a href=\"https:\/\/www.uni.lu\/fr\/a-propos\/organisation\/administration\/service-de-la-communication\/\">Service de la communication<\/a><\/p>\n<\/div>\n<\/li>\n    <\/ul>\n<\/div>\n<\/div><\/section>\n","protected":false},"excerpt":{"rendered":"","protected":false},"author":44,"featured_media":19494,"template":"","format":"standard","meta":{"featured_image_focal_point":[],"show_featured_caption":true,"ulux_newsletter_groups":"","uluxPostTitle":"","uluxPrePostTitle":"","_trash_the_other_posts":false,"_price":"","_stock":"","_tribe_ticket_header":"","_tribe_default_ticket_provider":"","_tribe_ticket_capacity":"0","_ticket_start_date":"","_ticket_end_date":"","_tribe_ticket_show_description":"","_tribe_ticket_show_not_going":false,"_tribe_ticket_use_global_stock":"","_tribe_ticket_global_stock_level":"","_global_stock_mode":"","_global_stock_cap":"","_tribe_rsvp_for_event":"","_tribe_ticket_going_count":"","_tribe_ticket_not_going_count":"","_tribe_tickets_list":"[]","_tribe_ticket_has_attendee_info_fields":false},"news-category":[9,3],"news-topic":[417],"organisation":[226],"authorship":[44,91],"acf":[],"yoast_head":"<!-- This site is optimized with the Yoast SEO Premium plugin v22.3 (Yoast SEO v22.3) - https:\/\/yoast.com\/wordpress\/plugins\/seo\/ -->\n<title>D\u00e9couvrez les Uni.lu Highlights 2025 ! - Universit\u00e9 du Luxembourg<\/title>\n<meta name=\"description\" content=\"Qu&#039;est-ce qu\u2019est Uni.lu Highlights ? Un livret offrant des histoires d\u2019\u00e9tudiants et de recherche \u00e0 l&#039;Universit\u00e9, ses moments et chiffres cl\u00e9 de l&#039;ann\u00e9e\" \/>\n<meta name=\"robots\" content=\"index, follow, max-snippet:-1, max-image-preview:large, max-video-preview:-1\" \/>\n<link rel=\"canonical\" href=\"https:\/\/www.uni.lu\/fr\/news\/decouvrez-les-uni-lu-highlights-2025\/\" \/>\n<meta property=\"og:locale\" content=\"fr_FR\" \/>\n<meta property=\"og:type\" content=\"article\" \/>\n<meta property=\"og:title\" content=\"D\u00e9couvrez les Uni.lu Highlights 2025 !\" \/>\n<meta property=\"og:description\" content=\"Qu&#039;est-ce qu\u2019est Uni.lu Highlights ? Un livret offrant des histoires d\u2019\u00e9tudiants et de recherche \u00e0 l&#039;Universit\u00e9, ses moments et chiffres cl\u00e9 de l&#039;ann\u00e9e\" \/>\n<meta property=\"og:url\" content=\"https:\/\/www.uni.lu\/fr\/news\/decouvrez-les-uni-lu-highlights-2025\/\" \/>\n<meta property=\"og:site_name\" content=\"UNI FR\" \/>\n<meta property=\"article:publisher\" content=\"https:\/\/www.facebook.com\/uni.lu\" \/>\n<meta property=\"article:modified_time\" content=\"2026-04-24T11:35:30+00:00\" \/>\n<meta property=\"og:image\" content=\"https:\/\/www.uni.lu\/wp-content\/uploads\/sites\/11\/2026\/04\/24122424\/Highlights-2025_web_actualites.png\" \/>\n\t<meta property=\"og:image:width\" content=\"700\" \/>\n\t<meta property=\"og:image:height\" content=\"560\" \/>\n\t<meta property=\"og:image:type\" content=\"image\/png\" \/>\n<meta name=\"twitter:card\" content=\"summary_large_image\" \/>\n<meta name=\"twitter:label1\" content=\"Dur\u00e9e de lecture estim\u00e9e\" \/>\n\t<meta name=\"twitter:data1\" content=\"2 minutes\" \/>\n<script type=\"application\/ld+json\" class=\"yoast-schema-graph\">{\"@context\":\"https:\/\/schema.org\",\"@graph\":[{\"@type\":\"NewsArticle\",\"@id\":\"https:\/\/www.uni.lu\/fr\/news\/decouvrez-les-uni-lu-highlights-2025\/#article\",\"isPartOf\":{\"@id\":\"https:\/\/www.uni.lu\/fr\/news\/decouvrez-les-uni-lu-highlights-2025\/\"},\"author\":{\"name\":\"Eunice\",\"@id\":\"https:\/\/www.uni.lu\/fr\/#\/schema\/person\/17dbc4a6ec9d969d266bcfb8d8e06279\"},\"headline\":\"D\u00e9couvrez les Uni.lu Highlights 2025 !\",\"datePublished\":\"2026-04-24T11:32:27+00:00\",\"dateModified\":\"2026-04-24T11:35:30+00:00\",\"mainEntityOfPage\":{\"@id\":\"https:\/\/www.uni.lu\/fr\/news\/decouvrez-les-uni-lu-highlights-2025\/\"},\"wordCount\":270,\"publisher\":{\"@id\":\"https:\/\/www.uni.lu\/fr\/#organization\"},\"image\":{\"@id\":\"https:\/\/www.uni.lu\/fr\/news\/decouvrez-les-uni-lu-highlights-2025\/#primaryimage\"},\"thumbnailUrl\":\"https:\/\/www.uni.lu\/wp-content\/uploads\/sites\/11\/2026\/04\/24122424\/Highlights-2025_web_actualites.png\",\"inLanguage\":\"fr-FR\"},{\"@type\":\"WebPage\",\"@id\":\"https:\/\/www.uni.lu\/fr\/news\/decouvrez-les-uni-lu-highlights-2025\/\",\"url\":\"https:\/\/www.uni.lu\/fr\/news\/decouvrez-les-uni-lu-highlights-2025\/\",\"name\":\"D\u00e9couvrez les Uni.lu Highlights 2025 ! - Universit\u00e9 du Luxembourg\",\"isPartOf\":{\"@id\":\"https:\/\/www.uni.lu\/fr\/#website\"},\"primaryImageOfPage\":{\"@id\":\"https:\/\/www.uni.lu\/fr\/news\/decouvrez-les-uni-lu-highlights-2025\/#primaryimage\"},\"image\":{\"@id\":\"https:\/\/www.uni.lu\/fr\/news\/decouvrez-les-uni-lu-highlights-2025\/#primaryimage\"},\"thumbnailUrl\":\"https:\/\/www.uni.lu\/wp-content\/uploads\/sites\/11\/2026\/04\/24122424\/Highlights-2025_web_actualites.png\",\"datePublished\":\"2026-04-24T11:32:27+00:00\",\"dateModified\":\"2026-04-24T11:35:30+00:00\",\"description\":\"Qu'est-ce qu\u2019est Uni.lu Highlights ? Un livret offrant des histoires d\u2019\u00e9tudiants et de recherche \u00e0 l'Universit\u00e9, ses moments et chiffres cl\u00e9 de l'ann\u00e9e\",\"breadcrumb\":{\"@id\":\"https:\/\/www.uni.lu\/fr\/news\/decouvrez-les-uni-lu-highlights-2025\/#breadcrumb\"},\"inLanguage\":\"fr-FR\",\"potentialAction\":[{\"@type\":\"ReadAction\",\"target\":[\"https:\/\/www.uni.lu\/fr\/news\/decouvrez-les-uni-lu-highlights-2025\/\"]}]},{\"@type\":\"ImageObject\",\"inLanguage\":\"fr-FR\",\"@id\":\"https:\/\/www.uni.lu\/fr\/news\/decouvrez-les-uni-lu-highlights-2025\/#primaryimage\",\"url\":\"https:\/\/www.uni.lu\/wp-content\/uploads\/sites\/11\/2026\/04\/24122424\/Highlights-2025_web_actualites.png\",\"contentUrl\":\"https:\/\/www.uni.lu\/wp-content\/uploads\/sites\/11\/2026\/04\/24122424\/Highlights-2025_web_actualites.png\",\"width\":700,\"height\":560,\"caption\":\"Uni.lu Highlights 2025\"},{\"@type\":\"BreadcrumbList\",\"@id\":\"https:\/\/www.uni.lu\/fr\/news\/decouvrez-les-uni-lu-highlights-2025\/#breadcrumb\",\"itemListElement\":[{\"@type\":\"ListItem\",\"position\":1,\"name\":\"Home\",\"item\":\"https:\/\/www.uni.lu\/fr\/\"},{\"@type\":\"ListItem\",\"position\":2,\"name\":\"News\",\"item\":\"https:\/\/www.uni.lu\/fr\/news\/\"},{\"@type\":\"ListItem\",\"position\":3,\"name\":\"D\u00e9couvrez les Uni.lu Highlights 2025 !\"}]},{\"@type\":\"WebSite\",\"@id\":\"https:\/\/www.uni.lu\/fr\/#website\",\"url\":\"https:\/\/www.uni.lu\/fr\/\",\"name\":\"Uni.lu\",\"description\":\"Universit\u00e9 du Luxembourg\",\"publisher\":{\"@id\":\"https:\/\/www.uni.lu\/fr\/#organization\"},\"alternateName\":\"Universit\u00e9 du Luxembourg\",\"potentialAction\":[{\"@type\":\"SearchAction\",\"target\":{\"@type\":\"EntryPoint\",\"urlTemplate\":\"https:\/\/www.uni.lu\/fr\/?s={search_term_string}\"},\"query-input\":\"required name=search_term_string\"}],\"inLanguage\":\"fr-FR\"},{\"@type\":\"Organization\",\"@id\":\"https:\/\/www.uni.lu\/fr\/#organization\",\"name\":\"Universit\u00e9 du Luxembourg\",\"alternateName\":\"Uni.lu\",\"url\":\"https:\/\/www.uni.lu\/fr\/\",\"logo\":{\"@type\":\"ImageObject\",\"inLanguage\":\"fr-FR\",\"@id\":\"https:\/\/www.uni.lu\/fr\/#\/schema\/logo\/image\/\",\"url\":\"https:\/\/www.uni.lu\/wp-content\/uploads\/sites\/11\/2026\/03\/03120045\/UNIV_SM-Profile_1600x1600px-scaled.jpg\",\"contentUrl\":\"https:\/\/www.uni.lu\/wp-content\/uploads\/sites\/11\/2026\/03\/03120045\/UNIV_SM-Profile_1600x1600px-scaled.jpg\",\"width\":2560,\"height\":2560,\"caption\":\"Universit\u00e9 du Luxembourg\"},\"image\":\"https:\/\/www.uni.lu\/wp-content\/uploads\/sites\/11\/2026\/04\/24120552\/20200609-Belval-Campus_Henri-Goergen-23.jpg\",\"sameAs\":[\"https:\/\/www.facebook.com\/uni.lu\",\"https:\/\/www.linkedin.com\/school\/university-of-luxembourg\/\",\"https:\/\/www.instagram.com\/uni.lu\",\"https:\/\/www.youtube.com\/@uni_lu\",\"https:\/\/en.wikipedia.org\/wiki\/University_of_Luxembourg\"],\"email\":\"communication@uni.lu\",\"telephone\":\"+352 46 66 44 1\",\"address\":{\"@type\":\"PostalAddress\",\"streetAddress\":\"2, place de l\u2019Universit\u00e9\",\"addressLocality\":\"Esch-sur-Alzette\",\"postalCode\":\"4365\",\"addressCountry\":\"LU\"},\"description\":\"Universit\u00e9 du Luxembourg\"},{\"@type\":\"Person\",\"@id\":\"https:\/\/www.uni.lu\/fr\/#\/schema\/person\/17dbc4a6ec9d969d266bcfb8d8e06279\",\"name\":\"Eunice\",\"image\":{\"@type\":\"ImageObject\",\"inLanguage\":\"fr-FR\",\"@id\":\"https:\/\/www.uni.lu\/fr\/#\/schema\/person\/image\/\",\"url\":\"https:\/\/secure.gravatar.com\/avatar\/dff9d86d63de4fa4c270ac204a61e8a8?s=96&d=mm&r=g\",\"contentUrl\":\"https:\/\/secure.gravatar.com\/avatar\/dff9d86d63de4fa4c270ac204a61e8a8?s=96&d=mm&r=g\",\"caption\":\"Eunice\"},\"birthDate\":\"1991-12-20\",\"gender\":\"female\",\"jobTitle\":\"Web editor\",\"worksFor\":\"University of Luxembourg\"}]}<\/script>\n<!-- \/ Yoast SEO Premium plugin. -->","yoast_head_json":{"title":"D\u00e9couvrez les Uni.lu Highlights 2025 ! - Universit\u00e9 du Luxembourg","description":"Qu'est-ce qu\u2019est Uni.lu Highlights ? Un livret offrant des histoires d\u2019\u00e9tudiants et de recherche \u00e0 l'Universit\u00e9, ses moments et chiffres cl\u00e9 de l'ann\u00e9e","robots":{"index":"index","follow":"follow","max-snippet":"max-snippet:-1","max-image-preview":"max-image-preview:large","max-video-preview":"max-video-preview:-1"},"canonical":"https:\/\/www.uni.lu\/fr\/news\/decouvrez-les-uni-lu-highlights-2025\/","og_locale":"fr_FR","og_type":"article","og_title":"D\u00e9couvrez les Uni.lu Highlights 2025 !","og_description":"Qu'est-ce qu\u2019est Uni.lu Highlights ? Un livret offrant des histoires d\u2019\u00e9tudiants et de recherche \u00e0 l'Universit\u00e9, ses moments et chiffres cl\u00e9 de l'ann\u00e9e","og_url":"https:\/\/www.uni.lu\/fr\/news\/decouvrez-les-uni-lu-highlights-2025\/","og_site_name":"UNI FR","article_publisher":"https:\/\/www.facebook.com\/uni.lu","article_modified_time":"2026-04-24T11:35:30+00:00","og_image":[{"width":700,"height":560,"url":"https:\/\/www.uni.lu\/wp-content\/uploads\/sites\/11\/2026\/04\/24122424\/Highlights-2025_web_actualites.png","type":"image\/png"}],"twitter_card":"summary_large_image","twitter_misc":{"Dur\u00e9e de lecture estim\u00e9e":"2 minutes"},"schema":{"@context":"https:\/\/schema.org","@graph":[{"@type":"NewsArticle","@id":"https:\/\/www.uni.lu\/fr\/news\/decouvrez-les-uni-lu-highlights-2025\/#article","isPartOf":{"@id":"https:\/\/www.uni.lu\/fr\/news\/decouvrez-les-uni-lu-highlights-2025\/"},"author":{"name":"Eunice","@id":"https:\/\/www.uni.lu\/fr\/#\/schema\/person\/17dbc4a6ec9d969d266bcfb8d8e06279"},"headline":"D\u00e9couvrez les Uni.lu Highlights 2025 !","datePublished":"2026-04-24T11:32:27+00:00","dateModified":"2026-04-24T11:35:30+00:00","mainEntityOfPage":{"@id":"https:\/\/www.uni.lu\/fr\/news\/decouvrez-les-uni-lu-highlights-2025\/"},"wordCount":270,"publisher":{"@id":"https:\/\/www.uni.lu\/fr\/#organization"},"image":{"@id":"https:\/\/www.uni.lu\/fr\/news\/decouvrez-les-uni-lu-highlights-2025\/#primaryimage"},"thumbnailUrl":"https:\/\/www.uni.lu\/wp-content\/uploads\/sites\/11\/2026\/04\/24122424\/Highlights-2025_web_actualites.png","inLanguage":"fr-FR"},{"@type":"WebPage","@id":"https:\/\/www.uni.lu\/fr\/news\/decouvrez-les-uni-lu-highlights-2025\/","url":"https:\/\/www.uni.lu\/fr\/news\/decouvrez-les-uni-lu-highlights-2025\/","name":"D\u00e9couvrez les Uni.lu Highlights 2025 ! - Universit\u00e9 du Luxembourg","isPartOf":{"@id":"https:\/\/www.uni.lu\/fr\/#website"},"primaryImageOfPage":{"@id":"https:\/\/www.uni.lu\/fr\/news\/decouvrez-les-uni-lu-highlights-2025\/#primaryimage"},"image":{"@id":"https:\/\/www.uni.lu\/fr\/news\/decouvrez-les-uni-lu-highlights-2025\/#primaryimage"},"thumbnailUrl":"https:\/\/www.uni.lu\/wp-content\/uploads\/sites\/11\/2026\/04\/24122424\/Highlights-2025_web_actualites.png","datePublished":"2026-04-24T11:32:27+00:00","dateModified":"2026-04-24T11:35:30+00:00","description":"Qu'est-ce qu\u2019est Uni.lu Highlights ? Un livret offrant des histoires d\u2019\u00e9tudiants et de recherche \u00e0 l'Universit\u00e9, ses moments et chiffres cl\u00e9 de l'ann\u00e9e","breadcrumb":{"@id":"https:\/\/www.uni.lu\/fr\/news\/decouvrez-les-uni-lu-highlights-2025\/#breadcrumb"},"inLanguage":"fr-FR","potentialAction":[{"@type":"ReadAction","target":["https:\/\/www.uni.lu\/fr\/news\/decouvrez-les-uni-lu-highlights-2025\/"]}]},{"@type":"ImageObject","inLanguage":"fr-FR","@id":"https:\/\/www.uni.lu\/fr\/news\/decouvrez-les-uni-lu-highlights-2025\/#primaryimage","url":"https:\/\/www.uni.lu\/wp-content\/uploads\/sites\/11\/2026\/04\/24122424\/Highlights-2025_web_actualites.png","contentUrl":"https:\/\/www.uni.lu\/wp-content\/uploads\/sites\/11\/2026\/04\/24122424\/Highlights-2025_web_actualites.png","width":700,"height":560,"caption":"Uni.lu Highlights 2025"},{"@type":"BreadcrumbList","@id":"https:\/\/www.uni.lu\/fr\/news\/decouvrez-les-uni-lu-highlights-2025\/#breadcrumb","itemListElement":[{"@type":"ListItem","position":1,"name":"Home","item":"https:\/\/www.uni.lu\/fr\/"},{"@type":"ListItem","position":2,"name":"News","item":"https:\/\/www.uni.lu\/fr\/news\/"},{"@type":"ListItem","position":3,"name":"D\u00e9couvrez les Uni.lu Highlights 2025 !"}]},{"@type":"WebSite","@id":"https:\/\/www.uni.lu\/fr\/#website","url":"https:\/\/www.uni.lu\/fr\/","name":"Uni.lu","description":"Universit\u00e9 du Luxembourg","publisher":{"@id":"https:\/\/www.uni.lu\/fr\/#organization"},"alternateName":"Universit\u00e9 du Luxembourg","potentialAction":[{"@type":"SearchAction","target":{"@type":"EntryPoint","urlTemplate":"https:\/\/www.uni.lu\/fr\/?s={search_term_string}"},"query-input":"required name=search_term_string"}],"inLanguage":"fr-FR"},{"@type":"Organization","@id":"https:\/\/www.uni.lu\/fr\/#organization","name":"Universit\u00e9 du Luxembourg","alternateName":"Uni.lu","url":"https:\/\/www.uni.lu\/fr\/","logo":{"@type":"ImageObject","inLanguage":"fr-FR","@id":"https:\/\/www.uni.lu\/fr\/#\/schema\/logo\/image\/","url":"https:\/\/www.uni.lu\/wp-content\/uploads\/sites\/11\/2026\/03\/03120045\/UNIV_SM-Profile_1600x1600px-scaled.jpg","contentUrl":"https:\/\/www.uni.lu\/wp-content\/uploads\/sites\/11\/2026\/03\/03120045\/UNIV_SM-Profile_1600x1600px-scaled.jpg","width":2560,"height":2560,"caption":"Universit\u00e9 du Luxembourg"},"image":"https:\/\/www.uni.lu\/wp-content\/uploads\/sites\/11\/2026\/04\/24120552\/20200609-Belval-Campus_Henri-Goergen-23.jpg","sameAs":["https:\/\/www.facebook.com\/uni.lu","https:\/\/www.linkedin.com\/school\/university-of-luxembourg\/","https:\/\/www.instagram.com\/uni.lu","https:\/\/www.youtube.com\/@uni_lu","https:\/\/en.wikipedia.org\/wiki\/University_of_Luxembourg"],"email":"communication@uni.lu","telephone":"+352 46 66 44 1","address":{"@type":"PostalAddress","streetAddress":"2, place de l\u2019Universit\u00e9","addressLocality":"Esch-sur-Alzette","postalCode":"4365","addressCountry":"LU"},"description":"Universit\u00e9 du Luxembourg"},{"@type":"Person","@id":"https:\/\/www.uni.lu\/fr\/#\/schema\/person\/17dbc4a6ec9d969d266bcfb8d8e06279","name":"Eunice","image":{"@type":"ImageObject","inLanguage":"fr-FR","@id":"https:\/\/www.uni.lu\/fr\/#\/schema\/person\/image\/","url":"https:\/\/secure.gravatar.com\/avatar\/dff9d86d63de4fa4c270ac204a61e8a8?s=96&d=mm&r=g","contentUrl":"https:\/\/secure.gravatar.com\/avatar\/dff9d86d63de4fa4c270ac204a61e8a8?s=96&d=mm&r=g","caption":"Eunice"},"birthDate":"1991-12-20","gender":"female","jobTitle":"Web editor","worksFor":"University of Luxembourg"}]}},"blog_id":11,"_links":{"self":[{"href":"https:\/\/www.uni.lu\/fr\/wp-json\/wp\/v2\/news\/19490"}],"collection":[{"href":"https:\/\/www.uni.lu\/fr\/wp-json\/wp\/v2\/news"}],"about":[{"href":"https:\/\/www.uni.lu\/fr\/wp-json\/wp\/v2\/types\/news"}],"author":[{"embeddable":true,"href":"https:\/\/www.uni.lu\/fr\/wp-json\/wp\/v2\/users\/44"}],"version-history":[{"count":5,"href":"https:\/\/www.uni.lu\/fr\/wp-json\/wp\/v2\/news\/19490\/revisions"}],"predecessor-version":[{"id":19497,"href":"https:\/\/www.uni.lu\/fr\/wp-json\/wp\/v2\/news\/19490\/revisions\/19497"}],"wp:authorship":[{"embeddable":true,"href":"https:\/\/www.uni.lu\/fr\/wp-json\/wp\/v2\/users\/44"},{"embeddable":true,"href":"https:\/\/www.uni.lu\/fr\/wp-json\/wp\/v2\/users\/91"}],"wp:featuredmedia":[{"embeddable":true,"href":"https:\/\/www.uni.lu\/fr\/wp-json\/wp\/v2\/media\/19494"}],"wp:attachment":[{"href":"https:\/\/www.uni.lu\/fr\/wp-json\/wp\/v2\/media?parent=19490"}],"wp:term":[{"taxonomy":"news-category","embeddable":true,"href":"https:\/\/www.uni.lu\/fr\/wp-json\/wp\/v2\/news-category?post=19490"},{"taxonomy":"news-topic","embeddable":true,"href":"https:\/\/www.uni.lu\/fr\/wp-json\/wp\/v2\/news-topic?post=19490"},{"taxonomy":"organisation","embeddable":true,"href":"https:\/\/www.uni.lu\/fr\/wp-json\/wp\/v2\/organisation?post=19490"}],"curies":[{"name":"wp","href":"https:\/\/api.w.org\/{rel}","templated":true}]}}