{"id":1795,"date":"2022-05-24T14:43:31","date_gmt":"2022-05-24T14:43:31","guid":{"rendered":"https:\/\/website.prod.unilu.spikeseed.cloud\/fr\/news\/limitation-de-la-duree-de-sejour\/"},"modified":"2022-05-24T14:43:31","modified_gmt":"2022-05-24T14:43:31","slug":"limitation-de-la-duree-de-sejour","status":"publish","type":"news","link":"https:\/\/www.uni.lu\/fr\/news\/limitation-de-la-duree-de-sejour\/","title":{"rendered":"Limitation de la dur\u00e9e de s\u00e9jour"},"content":{"rendered":"<section class=\"wp-block-unilux-blocks-free-section section\"><div class=\"container xl:max-w-screen-xl\"><p>L\u2019Universit\u00e9 du Luxembourg peut attribuer des logements aux \u00e9tudiants inscrits et suivant un programme d\u2019\u00e9tudes \u00e0 temps plein.<\/p><p>Bien qu&rsquo;elle dispose d\u2018un parc de quelque 1000 logements pour \u00e9tudiants, l\u2019Universit\u00e9 n&rsquo;est pas en mesure de satisfaire toutes les demandes d\u2018h\u00e9bergement des \u00e9tudiants. Afin d&rsquo;assurer une disponibilit\u00e9 ad\u00e9quate de logements aux nouveaux \u00e9tudiants, l&rsquo;Universit\u00e9 a institu\u00e9, apr\u00e8s consultation de la d\u00e9l\u00e9gation des \u00e9tudiants, des limites \u00e0 la dur\u00e9e de s\u00e9jour dans les r\u00e9sidences universitaires.<\/p><p><strong>A partir du semestre d&rsquo;hiver 2022-23 qui d\u00e9bute en septembre 2022<\/strong>, la dur\u00e9e maximale de s\u00e9jour au sein d\u2019une r\u00e9sidence sera de :<\/p><ul class=\"ulux-list\"><li class=\"ulux-list-item\">trente-six (36) mois pour les \u00e9tudiants inscrits dans un m\u00eame programme d\u2019\u00e9tudes en grade bachelor,<\/li><li class=\"ulux-list-item\">vingt-quatre (24) mois pour les \u00e9tudiants inscrits dans un m\u00eame programme d\u2019\u00e9tudes en grade master,<\/li><li class=\"ulux-list-item\">vingt-quatre (24) mois pour les doctorants nouvellement inscrits \u00e0 l&rsquo;Universit\u00e9 du Luxembourg (\u00e0 partir du 1er mars 2022).<\/li><li class=\"ulux-list-item\">vingt-quatre (24) mois pour tous les doctorants\u00a0inscrits\u00a0\u00e0 l&rsquo;Universit\u00e9 du Luxembourg\u00a0avant le 1er mars 2022\u00a0\u00a0et\u00a0n&rsquo;ayant pas b\u00e9n\u00e9fici\u00e9 de\u00a0logement \u00e9tudiant avant le 1er mars 2022.\u00a0 \u00a0<\/li><\/ul><p>Une p\u00e9riode de transition sera impl\u00e9ment\u00e9e pour les \u00e9tudiants logeant actuellement dans une r\u00e9sidence de l\u2019Universit\u00e9, qui pourront b\u00e9n\u00e9ficier de ce logement jusqu\u2019\u00e0 la fin de leurs programmes d\u2019\u00e9tudes actuels. La r\u00e8gle concernant la dur\u00e9e maximale de s\u00e9jour s\u2019applique n\u00e9anmoins \u00e0 tout \u00e9tudiant actuellement dans un logement qui changerait de fili\u00e8re ou de niveau d\u2019\u00e9tudes et ayant d\u00e9pass\u00e9 la dur\u00e9e normale d\u2019\u00e9tudes de 24 mois ou de 36 mois en fonction du niveau et de la fili\u00e8re.<\/p><p>L&rsquo;Universit\u00e9 ne proposera plus de contrats de location<\/p><ul class=\"ulux-list\"><li class=\"ulux-list-item\">aux \u00e9tudiants au-del\u00e0 de la dur\u00e9e maximale de s\u00e9jour,<\/li><li class=\"ulux-list-item\">\u00e0 toute personne autres que des \u00e9tudiants.<\/li><li class=\"ulux-list-item\">aux \u00e9tudiants ayant chang\u00e9 de programme d\u2019\u00e9tudes et ayant atteint la\u00a0dur\u00e9e maximale de s\u00e9jour dans leur programme initial, <strong>\u00a0<\/strong><\/li><\/ul><p>Si vous envisagez de poursuivre vos \u00e9tudes ou activit\u00e9s \u00e0 Luxembourg, nous vous invitons, d\u00e8s \u00e0 pr\u00e9sent, \u00e0 prendre vos dispositions pour trouver une alternative de logement.<\/p><\/div><\/section>","protected":false},"excerpt":{"rendered":"<p>L\u2019Universit\u00e9 du Luxembourg peut attribuer des logements aux \u00e9tudiants inscrits et suivant un programme d\u2019\u00e9tudes \u00e0 temps plein.<\/p>\n","protected":false},"author":44,"featured_media":0,"template":"","format":"standard","meta":{"featured_image_focal_point":[],"show_featured_caption":false,"ulux_newsletter_groups":"","uluxPostTitle":"","uluxPrePostTitle":"","_trash_the_other_posts":false,"_price":"","_stock":"","_tribe_ticket_header":"","_tribe_default_ticket_provider":"","_tribe_ticket_capacity":"0","_ticket_start_date":"","_ticket_end_date":"","_tribe_ticket_show_description":"","_tribe_ticket_show_not_going":false,"_tribe_ticket_use_global_stock":"","_tribe_ticket_global_stock_level":"","_global_stock_mode":"","_global_stock_cap":"","_tribe_rsvp_for_event":"","_tribe_ticket_going_count":"","_tribe_ticket_not_going_count":"","_tribe_tickets_list":"[]","_tribe_ticket_has_attendee_info_fields":false},"news-category":[],"news-topic":[],"organisation":[],"authorship":[44],"acf":[],"yoast_head":"<!-- This site is optimized with the Yoast SEO Premium plugin v22.3 (Yoast SEO v22.3) - https:\/\/yoast.com\/wordpress\/plugins\/seo\/ -->\n<title>Limitation de la dur\u00e9e de s\u00e9jour - Universit\u00e9 du Luxembourg<\/title>\n<meta name=\"description\" content=\"L\u2019Universit\u00e9 du Luxembourg peut attribuer des logements aux \u00e9tudiants inscrits et suivant un programme d\u2019\u00e9tudes \u00e0 temps plein.\" \/>\n<meta name=\"robots\" content=\"index, follow, max-snippet:-1, max-image-preview:large, max-video-preview:-1\" \/>\n<link rel=\"canonical\" href=\"https:\/\/www.uni.lu\/fr\/news\/\" \/>\n<meta property=\"og:locale\" content=\"fr_FR\" \/>\n<meta property=\"og:type\" content=\"article\" \/>\n<meta property=\"og:title\" content=\"Limitation de la dur\u00e9e de s\u00e9jour\" \/>\n<meta property=\"og:description\" content=\"L\u2019Universit\u00e9 du Luxembourg peut attribuer des logements aux \u00e9tudiants inscrits et suivant un programme d\u2019\u00e9tudes \u00e0 temps plein.\" \/>\n<meta property=\"og:url\" content=\"https:\/\/www.uni.lu\/fr\/news\/\" \/>\n<meta property=\"og:site_name\" content=\"UNI FR\" \/>\n<meta property=\"article:publisher\" content=\"https:\/\/www.facebook.com\/uni.lu\" \/>\n<meta property=\"og:image\" content=\"https:\/\/www.uni.lu\/wp-content\/uploads\/sites\/11\/2022\/05\/limitation_de_la_duree_de_sejour.jpg\" \/>\n\t<meta property=\"og:image:width\" content=\"800\" \/>\n\t<meta property=\"og:image:height\" content=\"600\" \/>\n\t<meta property=\"og:image:type\" content=\"image\/jpeg\" \/>\n<meta name=\"twitter:card\" content=\"summary_large_image\" \/>\n<meta name=\"twitter:label1\" content=\"Dur\u00e9e de lecture estim\u00e9e\" \/>\n\t<meta name=\"twitter:data1\" content=\"2 minutes\" \/>\n<script type=\"application\/ld+json\" class=\"yoast-schema-graph\">{\"@context\":\"https:\/\/schema.org\",\"@graph\":[{\"@type\":\"NewsArticle\",\"@id\":\"https:\/\/www.uni.lu\/fr\/news\/#article\",\"isPartOf\":{\"@id\":\"https:\/\/www.uni.lu\/fr\/news\/\"},\"author\":{\"name\":\"Eunice\",\"@id\":\"https:\/\/www.uni.lu\/fr\/#\/schema\/person\/17dbc4a6ec9d969d266bcfb8d8e06279\"},\"headline\":\"Limitation de la dur\u00e9e de s\u00e9jour\",\"datePublished\":\"2022-05-24T14:43:31+00:00\",\"dateModified\":\"2022-05-24T14:43:31+00:00\",\"mainEntityOfPage\":{\"@id\":\"https:\/\/www.uni.lu\/fr\/news\/\"},\"wordCount\":366,\"publisher\":{\"@id\":\"https:\/\/www.uni.lu\/fr\/#organization\"},\"inLanguage\":\"fr-FR\"},{\"@type\":\"WebPage\",\"@id\":\"https:\/\/www.uni.lu\/fr\/news\/\",\"url\":\"https:\/\/www.uni.lu\/fr\/news\/\",\"name\":\"Limitation de la dur\u00e9e de s\u00e9jour - Universit\u00e9 du Luxembourg\",\"isPartOf\":{\"@id\":\"https:\/\/www.uni.lu\/fr\/#website\"},\"datePublished\":\"2022-05-24T14:43:31+00:00\",\"dateModified\":\"2022-05-24T14:43:31+00:00\",\"description\":\"L\u2019Universit\u00e9 du Luxembourg peut attribuer des logements aux \u00e9tudiants inscrits et suivant un programme d\u2019\u00e9tudes \u00e0 temps plein.\",\"breadcrumb\":{\"@id\":\"https:\/\/www.uni.lu\/fr\/news\/#breadcrumb\"},\"inLanguage\":\"fr-FR\",\"potentialAction\":[{\"@type\":\"ReadAction\",\"target\":[\"https:\/\/www.uni.lu\/fr\/news\/\"]}]},{\"@type\":\"BreadcrumbList\",\"@id\":\"https:\/\/www.uni.lu\/fr\/news\/#breadcrumb\",\"itemListElement\":[{\"@type\":\"ListItem\",\"position\":1,\"name\":\"Home\",\"item\":\"https:\/\/www.uni.lu\/fr\/\"},{\"@type\":\"ListItem\",\"position\":2,\"name\":\"News\",\"item\":\"https:\/\/www.uni.lu\/fr\/news\/\"},{\"@type\":\"ListItem\",\"position\":3,\"name\":\"Limitation de la dur\u00e9e de s\u00e9jour\"}]},{\"@type\":\"WebSite\",\"@id\":\"https:\/\/www.uni.lu\/fr\/#website\",\"url\":\"https:\/\/www.uni.lu\/fr\/\",\"name\":\"Uni.lu\",\"description\":\"Universit\u00e9 du Luxembourg\",\"publisher\":{\"@id\":\"https:\/\/www.uni.lu\/fr\/#organization\"},\"alternateName\":\"Universit\u00e9 du Luxembourg\",\"potentialAction\":[{\"@type\":\"SearchAction\",\"target\":{\"@type\":\"EntryPoint\",\"urlTemplate\":\"https:\/\/www.uni.lu\/fr\/?s={search_term_string}\"},\"query-input\":\"required name=search_term_string\"}],\"inLanguage\":\"fr-FR\"},{\"@type\":\"Organization\",\"@id\":\"https:\/\/www.uni.lu\/fr\/#organization\",\"name\":\"Universit\u00e9 du Luxembourg\",\"alternateName\":\"Uni.lu\",\"url\":\"https:\/\/www.uni.lu\/fr\/\",\"logo\":{\"@type\":\"ImageObject\",\"inLanguage\":\"fr-FR\",\"@id\":\"https:\/\/www.uni.lu\/fr\/#\/schema\/logo\/image\/\",\"url\":\"https:\/\/www.uni.lu\/wp-content\/uploads\/sites\/11\/2026\/03\/03120045\/UNIV_SM-Profile_1600x1600px-scaled.jpg\",\"contentUrl\":\"https:\/\/www.uni.lu\/wp-content\/uploads\/sites\/11\/2026\/03\/03120045\/UNIV_SM-Profile_1600x1600px-scaled.jpg\",\"width\":2560,\"height\":2560,\"caption\":\"Universit\u00e9 du Luxembourg\"},\"image\":\"https:\/\/www.uni.lu\/wp-content\/uploads\/sites\/11\/2026\/04\/24120552\/20200609-Belval-Campus_Henri-Goergen-23.jpg\",\"sameAs\":[\"https:\/\/www.facebook.com\/uni.lu\",\"https:\/\/www.linkedin.com\/school\/university-of-luxembourg\/\",\"https:\/\/www.instagram.com\/uni.lu\",\"https:\/\/www.youtube.com\/@uni_lu\",\"https:\/\/en.wikipedia.org\/wiki\/University_of_Luxembourg\"],\"email\":\"communication@uni.lu\",\"telephone\":\"+352 46 66 44 1\",\"address\":{\"@type\":\"PostalAddress\",\"streetAddress\":\"2, place de l\u2019Universit\u00e9\",\"addressLocality\":\"Esch-sur-Alzette\",\"postalCode\":\"4365\",\"addressCountry\":\"LU\"},\"description\":\"Universit\u00e9 du Luxembourg\"},{\"@type\":\"Person\",\"@id\":\"https:\/\/www.uni.lu\/fr\/#\/schema\/person\/17dbc4a6ec9d969d266bcfb8d8e06279\",\"name\":\"Eunice\",\"image\":{\"@type\":\"ImageObject\",\"inLanguage\":\"fr-FR\",\"@id\":\"https:\/\/www.uni.lu\/fr\/#\/schema\/person\/image\/\",\"url\":\"https:\/\/secure.gravatar.com\/avatar\/dff9d86d63de4fa4c270ac204a61e8a8?s=96&d=mm&r=g\",\"contentUrl\":\"https:\/\/secure.gravatar.com\/avatar\/dff9d86d63de4fa4c270ac204a61e8a8?s=96&d=mm&r=g\",\"caption\":\"Eunice\"},\"birthDate\":\"1991-12-20\",\"gender\":\"female\",\"jobTitle\":\"Web editor\",\"worksFor\":\"University of Luxembourg\"}]}<\/script>\n<!-- \/ Yoast SEO Premium plugin. -->","yoast_head_json":{"title":"Limitation de la dur\u00e9e de s\u00e9jour - Universit\u00e9 du Luxembourg","description":"L\u2019Universit\u00e9 du Luxembourg peut attribuer des logements aux \u00e9tudiants inscrits et suivant un programme d\u2019\u00e9tudes \u00e0 temps plein.","robots":{"index":"index","follow":"follow","max-snippet":"max-snippet:-1","max-image-preview":"max-image-preview:large","max-video-preview":"max-video-preview:-1"},"canonical":"https:\/\/www.uni.lu\/fr\/news\/","og_locale":"fr_FR","og_type":"article","og_title":"Limitation de la dur\u00e9e de s\u00e9jour","og_description":"L\u2019Universit\u00e9 du Luxembourg peut attribuer des logements aux \u00e9tudiants inscrits et suivant un programme d\u2019\u00e9tudes \u00e0 temps plein.","og_url":"https:\/\/www.uni.lu\/fr\/news\/","og_site_name":"UNI FR","article_publisher":"https:\/\/www.facebook.com\/uni.lu","og_image":[{"width":800,"height":600,"url":"https:\/\/www.uni.lu\/wp-content\/uploads\/sites\/11\/2022\/05\/limitation_de_la_duree_de_sejour.jpg","type":"image\/jpeg"}],"twitter_card":"summary_large_image","twitter_misc":{"Dur\u00e9e de lecture estim\u00e9e":"2 minutes"},"schema":{"@context":"https:\/\/schema.org","@graph":[{"@type":"NewsArticle","@id":"https:\/\/www.uni.lu\/fr\/news\/#article","isPartOf":{"@id":"https:\/\/www.uni.lu\/fr\/news\/"},"author":{"name":"Eunice","@id":"https:\/\/www.uni.lu\/fr\/#\/schema\/person\/17dbc4a6ec9d969d266bcfb8d8e06279"},"headline":"Limitation de la dur\u00e9e de s\u00e9jour","datePublished":"2022-05-24T14:43:31+00:00","dateModified":"2022-05-24T14:43:31+00:00","mainEntityOfPage":{"@id":"https:\/\/www.uni.lu\/fr\/news\/"},"wordCount":366,"publisher":{"@id":"https:\/\/www.uni.lu\/fr\/#organization"},"inLanguage":"fr-FR"},{"@type":"WebPage","@id":"https:\/\/www.uni.lu\/fr\/news\/","url":"https:\/\/www.uni.lu\/fr\/news\/","name":"Limitation de la dur\u00e9e de s\u00e9jour - Universit\u00e9 du Luxembourg","isPartOf":{"@id":"https:\/\/www.uni.lu\/fr\/#website"},"datePublished":"2022-05-24T14:43:31+00:00","dateModified":"2022-05-24T14:43:31+00:00","description":"L\u2019Universit\u00e9 du Luxembourg peut attribuer des logements aux \u00e9tudiants inscrits et suivant un programme d\u2019\u00e9tudes \u00e0 temps plein.","breadcrumb":{"@id":"https:\/\/www.uni.lu\/fr\/news\/#breadcrumb"},"inLanguage":"fr-FR","potentialAction":[{"@type":"ReadAction","target":["https:\/\/www.uni.lu\/fr\/news\/"]}]},{"@type":"BreadcrumbList","@id":"https:\/\/www.uni.lu\/fr\/news\/#breadcrumb","itemListElement":[{"@type":"ListItem","position":1,"name":"Home","item":"https:\/\/www.uni.lu\/fr\/"},{"@type":"ListItem","position":2,"name":"News","item":"https:\/\/www.uni.lu\/fr\/news\/"},{"@type":"ListItem","position":3,"name":"Limitation de la dur\u00e9e de s\u00e9jour"}]},{"@type":"WebSite","@id":"https:\/\/www.uni.lu\/fr\/#website","url":"https:\/\/www.uni.lu\/fr\/","name":"Uni.lu","description":"Universit\u00e9 du Luxembourg","publisher":{"@id":"https:\/\/www.uni.lu\/fr\/#organization"},"alternateName":"Universit\u00e9 du Luxembourg","potentialAction":[{"@type":"SearchAction","target":{"@type":"EntryPoint","urlTemplate":"https:\/\/www.uni.lu\/fr\/?s={search_term_string}"},"query-input":"required name=search_term_string"}],"inLanguage":"fr-FR"},{"@type":"Organization","@id":"https:\/\/www.uni.lu\/fr\/#organization","name":"Universit\u00e9 du Luxembourg","alternateName":"Uni.lu","url":"https:\/\/www.uni.lu\/fr\/","logo":{"@type":"ImageObject","inLanguage":"fr-FR","@id":"https:\/\/www.uni.lu\/fr\/#\/schema\/logo\/image\/","url":"https:\/\/www.uni.lu\/wp-content\/uploads\/sites\/11\/2026\/03\/03120045\/UNIV_SM-Profile_1600x1600px-scaled.jpg","contentUrl":"https:\/\/www.uni.lu\/wp-content\/uploads\/sites\/11\/2026\/03\/03120045\/UNIV_SM-Profile_1600x1600px-scaled.jpg","width":2560,"height":2560,"caption":"Universit\u00e9 du Luxembourg"},"image":"https:\/\/www.uni.lu\/wp-content\/uploads\/sites\/11\/2026\/04\/24120552\/20200609-Belval-Campus_Henri-Goergen-23.jpg","sameAs":["https:\/\/www.facebook.com\/uni.lu","https:\/\/www.linkedin.com\/school\/university-of-luxembourg\/","https:\/\/www.instagram.com\/uni.lu","https:\/\/www.youtube.com\/@uni_lu","https:\/\/en.wikipedia.org\/wiki\/University_of_Luxembourg"],"email":"communication@uni.lu","telephone":"+352 46 66 44 1","address":{"@type":"PostalAddress","streetAddress":"2, place de l\u2019Universit\u00e9","addressLocality":"Esch-sur-Alzette","postalCode":"4365","addressCountry":"LU"},"description":"Universit\u00e9 du Luxembourg"},{"@type":"Person","@id":"https:\/\/www.uni.lu\/fr\/#\/schema\/person\/17dbc4a6ec9d969d266bcfb8d8e06279","name":"Eunice","image":{"@type":"ImageObject","inLanguage":"fr-FR","@id":"https:\/\/www.uni.lu\/fr\/#\/schema\/person\/image\/","url":"https:\/\/secure.gravatar.com\/avatar\/dff9d86d63de4fa4c270ac204a61e8a8?s=96&d=mm&r=g","contentUrl":"https:\/\/secure.gravatar.com\/avatar\/dff9d86d63de4fa4c270ac204a61e8a8?s=96&d=mm&r=g","caption":"Eunice"},"birthDate":"1991-12-20","gender":"female","jobTitle":"Web editor","worksFor":"University of Luxembourg"}]}},"blog_id":11,"_links":{"self":[{"href":"https:\/\/www.uni.lu\/fr\/wp-json\/wp\/v2\/news\/1795"}],"collection":[{"href":"https:\/\/www.uni.lu\/fr\/wp-json\/wp\/v2\/news"}],"about":[{"href":"https:\/\/www.uni.lu\/fr\/wp-json\/wp\/v2\/types\/news"}],"author":[{"embeddable":true,"href":"https:\/\/www.uni.lu\/fr\/wp-json\/wp\/v2\/users\/44"}],"version-history":[{"count":1,"href":"https:\/\/www.uni.lu\/fr\/wp-json\/wp\/v2\/news\/1795\/revisions"}],"predecessor-version":[{"id":11165,"href":"https:\/\/www.uni.lu\/fr\/wp-json\/wp\/v2\/news\/1795\/revisions\/11165"}],"wp:authorship":[{"embeddable":true,"href":"https:\/\/www.uni.lu\/fr\/wp-json\/wp\/v2\/users\/44"}],"wp:attachment":[{"href":"https:\/\/www.uni.lu\/fr\/wp-json\/wp\/v2\/media?parent=1795"}],"wp:term":[{"taxonomy":"news-category","embeddable":true,"href":"https:\/\/www.uni.lu\/fr\/wp-json\/wp\/v2\/news-category?post=1795"},{"taxonomy":"news-topic","embeddable":true,"href":"https:\/\/www.uni.lu\/fr\/wp-json\/wp\/v2\/news-topic?post=1795"},{"taxonomy":"organisation","embeddable":true,"href":"https:\/\/www.uni.lu\/fr\/wp-json\/wp\/v2\/organisation?post=1795"}],"curies":[{"name":"wp","href":"https:\/\/api.w.org\/{rel}","templated":true}]}}