{"id":17732,"date":"2026-01-07T15:55:08","date_gmt":"2026-01-07T14:55:08","guid":{"rendered":"https:\/\/www.uni.lu\/fr\/?post_type=news&#038;p=17732"},"modified":"2026-01-07T15:55:11","modified_gmt":"2026-01-07T14:55:11","slug":"evenements-marquants-de-uni-lu-en-2025","status":"publish","type":"news","link":"https:\/\/www.uni.lu\/fr\/news\/evenements-marquants-de-uni-lu-en-2025\/","title":{"rendered":"Moments cl\u00e9s : les \u00e9v\u00e9nements marquants de l&rsquo;Uni.lu en 2025"},"content":{"rendered":"\n<section class=\"wp-block-unilux-blocks-free-section section\"><div class=\"container xl:max-w-screen-xl\">\n<p>\u00c0 l&rsquo;aube de cette nouvelle ann\u00e9e, l&rsquo;universit\u00e9 revient sur les moments cl\u00e9s, les r\u00e9sultats de recherche et les activit\u00e9s qui ont marqu\u00e9 l&rsquo;ann\u00e9e 2025.<\/p>\n\n\n\n<p>La communaut\u00e9 de l\u2019Uni.lu a accompli des r\u00e9alisations remarquables cette ann\u00e9e, d\u00e9montrant sa force et son engagement envers l\u2019excellence acad\u00e9mique, la vie sur le campus et l\u2019impact soci\u00e9tal. L\u2019ann\u00e9e a \u00e9t\u00e9 marqu\u00e9e par un fort dynamisme : l\u2019Uni.lu a accueilli 1 500 nouveaux \u00e9tudiants et 300 nouveaux doctorants, atteint un niveau record de financements par des tiers et \u00e9largi ses actions de rayonnement dans la soci\u00e9t\u00e9.<\/p>\n\n\n\n<div class=\"wp-block-columns is-layout-flex wp-block-columns-is-layout-flex\">\n<div class=\"wp-block-column is-layout-flow wp-block-column-is-layout-flow\">\n<div class=\"thumbnail-virtual-tour bg-theme  wp-block-unilux-blocks-custom-image-with-link-or-button\">\n    <div class=\"thumbnail-virtual-tour__container\">\n        <div class=\"thumbnail-virtual-tour__content\">\n            <a class=\"btn btn--primary link-absolute\" target=\"\" href=\"#vie-etudiante\">\n                Vie \u00e9tudiante \/ sur le campus            <\/a>\n        <\/div>\n        <div class=\"image-bg\">\n            <figure class=\"wp-block-dev4-reusable-blocks-image w-full object-fit--cover\">\n    \n<img decoding=\"async\" class=\"wp-block-image unilux-custom-image-block\"\n                alt=\"\"\n            src=\"https:\/\/www.uni.lu\/wp-content\/uploads\/sites\/9\/2025\/12\/09090824\/graduation-20251208-BA-FDEF-scaled.jpg\"\n                    style=\"object-position: 50.00% 50.00%; font-family: &quot;object-fit: cover; object-position: 50.00% 50.00%;&quot;; aspect-ratio: 4\/3; object-fit: cover; width: 100%;\"\n        loading=\"lazy\"\n\/>    <\/figure>        <\/div>\n    <\/div>\n<\/div>\n\n\n<div class=\"thumbnail-virtual-tour bg-theme  wp-block-unilux-blocks-custom-image-with-link-or-button\">\n    <div class=\"thumbnail-virtual-tour__container\">\n        <div class=\"thumbnail-virtual-tour__content\">\n            <a class=\"btn btn--primary link-absolute\" target=\"\" href=\"#entrepreneuriat\">\n                Entrepreneuriat            <\/a>\n        <\/div>\n        <div class=\"image-bg\">\n            <figure class=\"wp-block-dev4-reusable-blocks-image w-full object-fit--cover\">\n    \n<img decoding=\"async\" class=\"wp-block-image unilux-custom-image-block\"\n                alt=\"Conference-AI\"\n            src=\"https:\/\/www.uni.lu\/wp-content\/uploads\/sites\/9\/2025\/02\/illustration-pictures.jpg\"\n                    style=\"object-position: 50.00% 50.00%; font-family: &quot;object-fit: cover; object-position: 50.00% 50.00%;&quot;; aspect-ratio: 4\/3; object-fit: cover; width: 100%;\"\n        loading=\"lazy\"\n\/>    <\/figure>        <\/div>\n    <\/div>\n<\/div><\/div>\n\n\n\n<div class=\"wp-block-column is-layout-flow wp-block-column-is-layout-flow\">\n<div class=\"thumbnail-virtual-tour bg-theme  wp-block-unilux-blocks-custom-image-with-link-or-button\">\n    <div class=\"thumbnail-virtual-tour__container\">\n        <div class=\"thumbnail-virtual-tour__content\">\n            <a class=\"btn btn--primary link-absolute\" target=\"\" href=\"#recherche\">\n                Recherche            <\/a>\n        <\/div>\n        <div class=\"image-bg\">\n            <figure class=\"wp-block-dev4-reusable-blocks-image w-full object-fit--cover\">\n    \n<img decoding=\"async\" class=\"wp-block-image unilux-custom-image-block\"\n                alt=\"\"\n            src=\"https:\/\/www.uni.lu\/wp-content\/uploads\/sites\/11\/2024\/11\/Highly-Cited-Researchers-2024_social-card_1200x628-Copy.jpg\"\n                srcset=\"https:\/\/www.uni.lu\/wp-content\/uploads\/sites\/11\/2024\/11\/Highly-Cited-Researchers-2024_social-card_1200x628-Copy-300x267.jpg 300w, https:\/\/www.uni.lu\/wp-content\/uploads\/sites\/11\/2024\/11\/Highly-Cited-Researchers-2024_social-card_1200x628-Copy.jpg 704w\"\n                style=\"object-position: 55.00% 50.00%; font-family: &quot;object-fit: cover; object-position: 55.00% 50.00%;&quot;; aspect-ratio: 4\/3; object-fit: cover; width: 100%;\"\n        loading=\"lazy\"\n\/>    <\/figure>        <\/div>\n    <\/div>\n<\/div>\n\n\n<div class=\"thumbnail-virtual-tour bg-theme  wp-block-unilux-blocks-custom-image-with-link-or-button\">\n    <div class=\"thumbnail-virtual-tour__container\">\n        <div class=\"thumbnail-virtual-tour__content\">\n            <a class=\"btn btn--primary link-absolute\" target=\"\" href=\"#developpement-institutionnel-et-partenariats\">\n                D\u00e9veloppement institutionnel et partenariats            <\/a>\n        <\/div>\n        <div class=\"image-bg\">\n            <figure class=\"wp-block-dev4-reusable-blocks-image w-full object-fit--cover\">\n    \n<img decoding=\"async\" class=\"wp-block-image unilux-custom-image-block\"\n                alt=\"\"\n            src=\"https:\/\/www.uni.lu\/wp-content\/uploads\/sites\/9\/2025\/09\/19141436\/Belval.jpg\"\n                    style=\"object-position: 50.00% 50.00%; font-family: &quot;object-fit: cover; object-position: 50.00% 50.00%;&quot;; aspect-ratio: 4\/3; object-fit: cover; width: 100%;\"\n        loading=\"lazy\"\n\/>    <\/figure>        <\/div>\n    <\/div>\n<\/div><\/div>\n\n\n\n<div class=\"wp-block-column is-layout-flow wp-block-column-is-layout-flow\">\n<div class=\"thumbnail-virtual-tour bg-theme  wp-block-unilux-blocks-custom-image-with-link-or-button\">\n    <div class=\"thumbnail-virtual-tour__container\">\n        <div class=\"thumbnail-virtual-tour__content\">\n            <a class=\"btn btn--primary link-absolute\" target=\"\" href=\"#interdisciplinarite\">\n                Interdisciplinarit\u00e9            <\/a>\n        <\/div>\n        <div class=\"image-bg\">\n            <figure class=\"wp-block-dev4-reusable-blocks-image w-full object-fit--cover\">\n    \n<img decoding=\"async\" class=\"wp-block-image unilux-custom-image-block\"\n                alt=\"\"\n            src=\"https:\/\/www.uni.lu\/wp-content\/uploads\/sites\/9\/2025\/08\/21102127\/LCSB_ai-modelling.jpg\"\n                    style=\"object-position: 50.00% 50.00%; font-family: &quot;object-fit: cover; object-position: 50.00% 50.00%;&quot;; aspect-ratio: 4\/3; object-fit: cover; width: 100%;\"\n        loading=\"lazy\"\n\/>    <\/figure>        <\/div>\n    <\/div>\n<\/div>\n\n\n<div class=\"thumbnail-virtual-tour bg-theme  wp-block-unilux-blocks-custom-image-with-link-or-button\">\n    <div class=\"thumbnail-virtual-tour__container\">\n        <div class=\"thumbnail-virtual-tour__content\">\n            <a class=\"btn btn--primary link-absolute\" target=\"\" href=\"#uni-dans-la-societe\">\n                Uni.lu dans la soci\u00e9t\u00e9            <\/a>\n        <\/div>\n        <div class=\"image-bg\">\n            <figure class=\"wp-block-dev4-reusable-blocks-image w-full object-fit--cover\">\n    \n<img decoding=\"async\" class=\"wp-block-image unilux-custom-image-block\"\n                alt=\"\"\n            src=\"https:\/\/www.uni.lu\/wp-content\/uploads\/sites\/9\/2025\/02\/flyd-OLRXnzXFBjo-unsplash-scaled.jpg\"\n                    style=\"object-position: 50.00% 50.00%; font-family: &quot;object-fit: cover; object-position: 50.00% 50.00%;&quot;; aspect-ratio: 4\/3; object-fit: cover; width: 100%;\"\n        loading=\"lazy\"\n\/>    <\/figure>        <\/div>\n    <\/div>\n<\/div><\/div>\n<\/div>\n\n\n\n<section class=\"section wp-block-unilux-blocks-covered-info \">\n    \n<div class=\"wp-block-unilux-blocks-wrapper max-w-screen-3xl mx-auto relative bg-dark\">\n<div class=\"wp-block-unilux-blocks-wrapper container container-py 2xl:max-w-screen-2xl relative z-30 covered-info__container\">\n<h2 class=\"covered-info__title has-text-align-left wp-block-unilux-blocks-heading\"        id=\"vie-etudiante\"\n    >\nVie \u00e9tudiante et vie sur le campus<\/h2>\n\n\n\n<ul class=\"wp-block-unilux-blocks-custom-buttons btn-list\"><\/ul>\n<\/div>\n\n\n\n<div class=\"wp-block-unilux-blocks-wrapper image-bg\">\n<div class=\"wp-block-unilux-blocks-wrapper img-bg-overlay\"><\/div>\n\n\n<figure class=\"wp-block-dev4-reusable-blocks-image object-cover w-full h-full object-fit--cover\">\n    \n<img decoding=\"async\" class=\"wp-block-image unilux-custom-image-block\"\n                alt=\"\"\n            src=\"https:\/\/www.uni.lu\/wp-content\/uploads\/sites\/9\/2025\/12\/09090824\/graduation-20251208-BA-FDEF-scaled.jpg\"\n                    style=\"object-position: 54.00% 46.00%; font-family: &quot;object-fit: cover; object-position: 54.00% 46.00%;&quot;; aspect-ratio: 16\/9; object-fit: cover; width: 100%;\"\n        loading=\"lazy\"\n\/>    <\/figure><\/div>\n<\/div>\n<\/section>\n\n\n<div class=\"wp-block-unilux-blocks-accordion accordion accordion--theme accordion-standard\" data-reference=\"ba72d7e6-0cca-43bb-83df-fba824b36884\" data-accordion-type=\"standard\"><div class=\"accordion__item  wp-block-unilux-blocks-accordion-item\">\n    <h3 class=\"accordion__header\"\n                    id=\"welcome-day\"\n        >\n        <button\n            type=\"button\"\n            id=\"accordion-labelledby-91c00a53-c33e-4dac-a6a5-89ddde6ec853\"\n            class=\"accordion__button collapsed\"\n            aria-expanded=\"false\"\n            aria-controls=\"accordion-panel-91c00a53-c33e-4dac-a6a5-89ddde6ec853\"\n            data-bs-toggle=\"collapse\"\n            data-bs-target=\"#accordion-panel-91c00a53-c33e-4dac-a6a5-89ddde6ec853\"\n        >\n            <span class=\"accordion__title\">\n                                Welcome Day            <\/span>\n\n            <svg aria-hidden=\"true\" focusable=\"false\" class=\"icon icon-outline icon--arrow-down \"><use xlink:href=\"https:\/\/www.uni.lu\/wp-content\/themes\/unilux-theme\/assets\/images\/icons\/icons-outline.svg#icon--arrow-down\"><\/use><\/svg>        <\/button>\n    <\/h3>\n    <div id=\"accordion-panel-91c00a53-c33e-4dac-a6a5-89ddde6ec853\"\n        class=\"accordion__collapse collapse\"\n        aria-labelledby=\"accordion-labelledby-91c00a53-c33e-4dac-a6a5-89ddde6ec853\"\n        data-bs-parent=\"[data-reference=&quot;ba72d7e6-0cca-43bb-83df-fba824b36884&quot;]\"\n    >\n        <div class=\"accordion__body \">\n            \n<p>Le vendredi 12 septembre, l&rsquo;effervescence r\u00e9gnait sur le campus de Belval, o\u00f9 des centaines de nouveaux \u00e9tudiants ont particip\u00e9 \u00e0 la journ\u00e9e d&rsquo;accueil.<\/p>\n\n<ul class=\"wp-block-unilux-blocks-button-list-v2\">\n<li class=\"wp-block-unilux-blocks-button-list-item-v2\"><a class=\"quick-link\" href=\"https:\/\/www.uni.lu\/fr\/news\/uni-lu-est-pret-a-accueillir-les-etudiants-pour-le-nouveau-semestre\/\" target=\"\" role=\"link\" rel=\"noopener\" tabindex=\"0\"><span class=\"quick-link__container\">\n<div class=\"wp-block-unilux-blocks-block-inserter quick-link__img\">\n<div class=\"icon--primary icon--secondary-2  wp-block-unilux-blocks-icon-picker\">\n    <svg aria-hidden=\"true\" focusable=\"false\" class=\"icon icon-outline icon--feedback \"><use xlink:href=\"https:\/\/www.uni.lu\/wp-content\/themes\/unilux-theme\/assets\/images\/icons\/icons-outline.svg#icon--feedback\"><\/use><\/svg><\/div><\/div>\n\n\n\n<span class=\"quick-link__name wp-block-unilux-blocks-plain-text\">En savoir plus<\/span>\n\n<svg aria-hidden=\"true\" focusable=\"false\" class=\"icon icon-outline icon--arrow-right \"><use xlink:href=\"https:\/\/www.uni.lu\/wp-content\/themes\/unilux-theme\/assets\/images\/icons\/icons-outline.svg#icon--arrow-right\"><\/use><\/svg><\/span><\/a><\/li>\n<\/ul>\n        <\/div>\n    <\/div>\n<\/div>\n\n<div class=\"accordion__item  wp-block-unilux-blocks-accordion-item\">\n    <h3 class=\"accordion__header\"\n                    id=\"projet-academique\"\n        >\n        <button\n            type=\"button\"\n            id=\"accordion-labelledby-53ee24c7-2219-4947-9c77-8d3999c9824d\"\n            class=\"accordion__button collapsed\"\n            aria-expanded=\"false\"\n            aria-controls=\"accordion-panel-53ee24c7-2219-4947-9c77-8d3999c9824d\"\n            data-bs-toggle=\"collapse\"\n            data-bs-target=\"#accordion-panel-53ee24c7-2219-4947-9c77-8d3999c9824d\"\n        >\n            <span class=\"accordion__title\">\n                                Projet acad\u00e9mique            <\/span>\n\n            <svg aria-hidden=\"true\" focusable=\"false\" class=\"icon icon-outline icon--arrow-down \"><use xlink:href=\"https:\/\/www.uni.lu\/wp-content\/themes\/unilux-theme\/assets\/images\/icons\/icons-outline.svg#icon--arrow-down\"><\/use><\/svg>        <\/button>\n    <\/h3>\n    <div id=\"accordion-panel-53ee24c7-2219-4947-9c77-8d3999c9824d\"\n        class=\"accordion__collapse collapse\"\n        aria-labelledby=\"accordion-labelledby-53ee24c7-2219-4947-9c77-8d3999c9824d\"\n        data-bs-parent=\"[data-reference=&quot;ba72d7e6-0cca-43bb-83df-fba824b36884&quot;]\"\n    >\n        <div class=\"accordion__body \">\n            \n<p>En 2025, l\u2019Uni.lu a plac\u00e9 l\u2019IA g\u00e9n\u00e9rative, l\u2019apprentissage innovant et l\u2019engagement \u00e9tudiant au c\u0153ur de son projet acad\u00e9mique. Prof.&nbsp;Philippe&nbsp;Hiligsmann, vice-recteur aux affaires acad\u00e9miques et \u00e9tudiantes, pr\u00e9sente les initiatives qui fa\u00e7onneront l\u2019Uni.lu de demain.&nbsp;<\/p>\n\n<ul class=\"wp-block-unilux-blocks-button-list-v2\">\n<li class=\"wp-block-unilux-blocks-button-list-item-v2\"><a class=\"quick-link\" href=\"https:\/\/www.uni.lu\/fr\/news\/engagement-innovation-et-ia-un-trio-gagnant-pour-la-vie-etudiante\/\" target=\"\" role=\"link\" rel=\"noopener\" tabindex=\"0\"><span class=\"quick-link__container\">\n<div class=\"wp-block-unilux-blocks-block-inserter quick-link__img\">\n<div class=\"icon--primary icon--secondary-2  wp-block-unilux-blocks-icon-picker\">\n    <svg aria-hidden=\"true\" focusable=\"false\" class=\"icon icon-outline icon--idea \"><use xlink:href=\"https:\/\/www.uni.lu\/wp-content\/themes\/unilux-theme\/assets\/images\/icons\/icons-outline.svg#icon--idea\"><\/use><\/svg><\/div><\/div>\n\n\n\n<span class=\"quick-link__name wp-block-unilux-blocks-plain-text\">En savoir plus<\/span>\n\n<svg aria-hidden=\"true\" focusable=\"false\" class=\"icon icon-outline icon--arrow-right \"><use xlink:href=\"https:\/\/www.uni.lu\/wp-content\/themes\/unilux-theme\/assets\/images\/icons\/icons-outline.svg#icon--arrow-right\"><\/use><\/svg><\/span><\/a><\/li>\n<\/ul>\n        <\/div>\n    <\/div>\n<\/div>\n\n<div class=\"accordion__item  wp-block-unilux-blocks-accordion-item\">\n    <h3 class=\"accordion__header\"\n                    id=\"graduation-week\"\n        >\n        <button\n            type=\"button\"\n            id=\"accordion-labelledby-b7d38bc0-f738-4a9a-9c95-df9faedb5f2f\"\n            class=\"accordion__button collapsed\"\n            aria-expanded=\"false\"\n            aria-controls=\"accordion-panel-b7d38bc0-f738-4a9a-9c95-df9faedb5f2f\"\n            data-bs-toggle=\"collapse\"\n            data-bs-target=\"#accordion-panel-b7d38bc0-f738-4a9a-9c95-df9faedb5f2f\"\n        >\n            <span class=\"accordion__title\">\n                                Graduation Week            <\/span>\n\n            <svg aria-hidden=\"true\" focusable=\"false\" class=\"icon icon-outline icon--arrow-down \"><use xlink:href=\"https:\/\/www.uni.lu\/wp-content\/themes\/unilux-theme\/assets\/images\/icons\/icons-outline.svg#icon--arrow-down\"><\/use><\/svg>        <\/button>\n    <\/h3>\n    <div id=\"accordion-panel-b7d38bc0-f738-4a9a-9c95-df9faedb5f2f\"\n        class=\"accordion__collapse collapse\"\n        aria-labelledby=\"accordion-labelledby-b7d38bc0-f738-4a9a-9c95-df9faedb5f2f\"\n        data-bs-parent=\"[data-reference=&quot;ba72d7e6-0cca-43bb-83df-fba824b36884&quot;]\"\n    >\n        <div class=\"accordion__body \">\n            \n<p><strong>\u00ab Once a student, always an alumni \u00bb !<\/strong> Le campus de Belval a vibr\u00e9 dans une ambiance festive : pr\u00e8s de 1 800 dipl\u00f4m\u00e9s ont fi\u00e8rement re\u00e7u leur dipl\u00f4me lors de la Graduation Week en d\u00e9cembre.<\/p>\n\n<ul class=\"wp-block-unilux-blocks-button-list-v2\">\n<li class=\"wp-block-unilux-blocks-button-list-item-v2\"><a class=\"quick-link\" href=\"https:\/\/www.uni.lu\/fr\/news\/semaine-de-la-remise-des-diplomes-pres-de-deux-mille-talents-de-l-uni-lu-sont-prets-pour-l-avenir\/\" target=\"\" role=\"link\" rel=\"noopener\" tabindex=\"0\"><span class=\"quick-link__container\">\n<div class=\"wp-block-unilux-blocks-block-inserter quick-link__img\">\n<div class=\"icon--primary icon--secondary-2 icon--lg wp-block-unilux-blocks-icon-picker\">\n    <svg aria-hidden=\"true\" focusable=\"false\" class=\"icon icon-outline icon--graduate \"><use xlink:href=\"https:\/\/www.uni.lu\/wp-content\/themes\/unilux-theme\/assets\/images\/icons\/icons-outline.svg#icon--graduate\"><\/use><\/svg><\/div><\/div>\n\n\n\n<span class=\"quick-link__name wp-block-unilux-blocks-plain-text\">En savoir plus sur nos dipl\u00f4m\u00e9s 2025<\/span>\n\n<svg aria-hidden=\"true\" focusable=\"false\" class=\"icon icon-outline icon--arrow-right \"><use xlink:href=\"https:\/\/www.uni.lu\/wp-content\/themes\/unilux-theme\/assets\/images\/icons\/icons-outline.svg#icon--arrow-right\"><\/use><\/svg><\/span><\/a><\/li>\n<\/ul>\n        <\/div>\n    <\/div>\n<\/div>\n\n<div class=\"accordion__item  wp-block-unilux-blocks-accordion-item\">\n    <h3 class=\"accordion__header\"\n                    id=\"formations-en-sciences-de-la-sante\"\n        >\n        <button\n            type=\"button\"\n            id=\"accordion-labelledby-b99e8306-11d5-4bf3-866a-76a4d03d3d7f\"\n            class=\"accordion__button collapsed\"\n            aria-expanded=\"false\"\n            aria-controls=\"accordion-panel-b99e8306-11d5-4bf3-866a-76a4d03d3d7f\"\n            data-bs-toggle=\"collapse\"\n            data-bs-target=\"#accordion-panel-b99e8306-11d5-4bf3-866a-76a4d03d3d7f\"\n        >\n            <span class=\"accordion__title\">\n                                Formations\u00a0en sciences de\u00a0la sant\u00e9            <\/span>\n\n            <svg aria-hidden=\"true\" focusable=\"false\" class=\"icon icon-outline icon--arrow-down \"><use xlink:href=\"https:\/\/www.uni.lu\/wp-content\/themes\/unilux-theme\/assets\/images\/icons\/icons-outline.svg#icon--arrow-down\"><\/use><\/svg>        <\/button>\n    <\/h3>\n    <div id=\"accordion-panel-b99e8306-11d5-4bf3-866a-76a4d03d3d7f\"\n        class=\"accordion__collapse collapse\"\n        aria-labelledby=\"accordion-labelledby-b99e8306-11d5-4bf3-866a-76a4d03d3d7f\"\n        data-bs-parent=\"[data-reference=&quot;ba72d7e6-0cca-43bb-83df-fba824b36884&quot;]\"\n    >\n        <div class=\"accordion__body \">\n            \n<p>En 2025, des \u00e9tudiants se sont inscrits aux tout nouveaux bachelors d\u2019Assistant technique m\u00e9dical de radiologie et en Sciences Ma\u00efeutiques \u2013 Sage-femme.<br><\/p>\n\n<ul class=\"wp-block-unilux-blocks-button-list-v2\">\n<li class=\"wp-block-unilux-blocks-button-list-item-v2\"><a class=\"quick-link\" href=\"https:\/\/www.uni.lu\/fstm-en\/news\/the-way-were-born-matters-uni-lu-to-train-the-countrys-future-midwives\/\" target=\"\" role=\"link\" rel=\"noopener\" tabindex=\"0\"><span class=\"quick-link__container\">\n<div class=\"wp-block-unilux-blocks-block-inserter quick-link__img\">\n<div class=\"icon--primary icon--secondary-2  wp-block-unilux-blocks-icon-picker\">\n    <svg aria-hidden=\"true\" focusable=\"false\" class=\"icon icon-outline icon--plus \"><use xlink:href=\"https:\/\/www.uni.lu\/wp-content\/themes\/unilux-theme\/assets\/images\/icons\/icons-outline.svg#icon--plus\"><\/use><\/svg><\/div><\/div>\n\n\n\n<span class=\"quick-link__name wp-block-unilux-blocks-plain-text\">En savoir plus<\/span>\n\n<svg aria-hidden=\"true\" focusable=\"false\" class=\"icon icon-outline icon--arrow-right \"><use xlink:href=\"https:\/\/www.uni.lu\/wp-content\/themes\/unilux-theme\/assets\/images\/icons\/icons-outline.svg#icon--arrow-right\"><\/use><\/svg><\/span><\/a><\/li>\n<\/ul>\n<div class=\"wp-block-unilux-blocks-spacer is-spacer-size-sm\"><\/div>\n<p> L\u2019<a href=\"https:\/\/www.uni.lu\/fr\/news\/external-evaluation-of-medical-education-points-to-promising-start\/\">\u00e9valuation externe<\/a> du Bachelor en m\u00e9decine a ouvert la voie \u00e0 la cr\u00e9ation d\u2019un Master en m\u00e9decine tant attendu.&nbsp;<\/p>\n        <\/div>\n    <\/div>\n<\/div><\/div>\n\n\n\n<section class=\"section wp-block-unilux-blocks-covered-info\">\n    \n<div class=\"wp-block-unilux-blocks-wrapper max-w-screen-3xl mx-auto relative bg-dark\">\n<div class=\"wp-block-unilux-blocks-wrapper container container-py 2xl:max-w-screen-2xl relative z-30 covered-info__container\">\n<h2 class=\"covered-info__title has-text-align-left wp-block-unilux-blocks-heading\"        id=\"recherche\"\n    >\nRecherche<\/h2>\n\n\n\n<ul class=\"wp-block-unilux-blocks-custom-buttons btn-list\"><\/ul>\n<\/div>\n\n\n\n<div class=\"wp-block-unilux-blocks-wrapper image-bg\">\n<div class=\"wp-block-unilux-blocks-wrapper img-bg-overlay\"><\/div>\n\n\n<figure class=\"wp-block-dev4-reusable-blocks-image object-cover w-full h-full object-fit--cover\">\n    \n<img decoding=\"async\" class=\"wp-block-image unilux-custom-image-block\"\n                alt=\"\"\n            src=\"https:\/\/www.uni.lu\/wp-content\/uploads\/sites\/11\/2024\/11\/Highly-Cited-Researchers-2024_social-card_1200x628-Copy.jpg\"\n                srcset=\"https:\/\/www.uni.lu\/wp-content\/uploads\/sites\/11\/2024\/11\/Highly-Cited-Researchers-2024_social-card_1200x628-Copy-300x267.jpg 300w, https:\/\/www.uni.lu\/wp-content\/uploads\/sites\/11\/2024\/11\/Highly-Cited-Researchers-2024_social-card_1200x628-Copy.jpg 704w\"\n                style=\"object-position: 55.00% 48.00%; font-family: &quot;object-fit: cover; object-position: 55.00% 48.00%;&quot;; aspect-ratio: 16\/9; object-fit: cover; width: 100%;\"\n        loading=\"lazy\"\n\/>    <\/figure><\/div>\n<\/div>\n<\/section>\n\n\n<div class=\"wp-block-unilux-blocks-accordion accordion accordion--theme accordion-standard\" data-reference=\"2ec394bd-48b1-4205-9c76-9ff911b39df7\" data-accordion-type=\"standard\"><div class=\"accordion__item  wp-block-unilux-blocks-accordion-item\">\n    <h3 class=\"accordion__header\"\n                    id=\"bourses-du-conseil-europeen-de-la-recherche-erc\"\n        >\n        <button\n            type=\"button\"\n            id=\"accordion-labelledby-9bc5c899-9ac2-4205-9703-435ae1720150\"\n            class=\"accordion__button collapsed\"\n            aria-expanded=\"false\"\n            aria-controls=\"accordion-panel-9bc5c899-9ac2-4205-9703-435ae1720150\"\n            data-bs-toggle=\"collapse\"\n            data-bs-target=\"#accordion-panel-9bc5c899-9ac2-4205-9703-435ae1720150\"\n        >\n            <span class=\"accordion__title\">\n                                Bourses du Conseil europ\u00e9en de la recherche (ERC)            <\/span>\n\n            <svg aria-hidden=\"true\" focusable=\"false\" class=\"icon icon-outline icon--arrow-down \"><use xlink:href=\"https:\/\/www.uni.lu\/wp-content\/themes\/unilux-theme\/assets\/images\/icons\/icons-outline.svg#icon--arrow-down\"><\/use><\/svg>        <\/button>\n    <\/h3>\n    <div id=\"accordion-panel-9bc5c899-9ac2-4205-9703-435ae1720150\"\n        class=\"accordion__collapse collapse\"\n        aria-labelledby=\"accordion-labelledby-9bc5c899-9ac2-4205-9703-435ae1720150\"\n        data-bs-parent=\"[data-reference=&quot;2ec394bd-48b1-4205-9c76-9ff911b39df7&quot;]\"\n    >\n        <div class=\"accordion__body \">\n            \n<p>Trois&nbsp;chercheurs&nbsp;de l\u2019Uni.lu&nbsp;ont&nbsp;obtenu&nbsp;une&nbsp;prestigieuse&nbsp;bourse du Conseil&nbsp;europ\u00e9en&nbsp;de la recherche (ERC)<\/p>\n<ul class=\"flex flex-wrap mt-24 -mx-16  wp-block-unilux-blocks-free-content-card\">\n    <li class=\"w-full sm:w-1\/2 lg:w-1\/3 px-16  wp-block-unilux-blocks-free-content-card-item\">\n    <div class=\"ulux-card card-people bg-theme\">\n        <div class=\"ulux-card__container card__container\">\n                        <div class=\"ulux-card__visual wp-block-unilux-blocks-free-content-card-item-visual\">\n    \n<div class=\"wp-block-unilux-blocks-image-video-wrapper\">\n    <figure class=\"wp-block-dev4-reusable-blocks-image  object-fit--cover\">\n    \n<img decoding=\"async\" class=\"wp-block-image unilux-custom-image-block\"\n                alt=\"Beno\u00eet Majerus and the ERC funding logo\"\n            src=\"https:\/\/www.uni.lu\/wp-content\/uploads\/sites\/9\/2025\/06\/19092951\/Benoit-Majerus_ERC-logo-_web.png\"\n                    style=\"object-position: 50.00% 50.00%; font-family: &quot;object-fit: cover; object-position: 50.00% 50.00%;&quot;; aspect-ratio: 4\/3; object-fit: cover; width: 100%;\"\n        loading=\"lazy\"\n\/>    <\/figure><\/div><\/div><div class=\"ulux-card__body wp-block-unilux-blocks-free-content-card-item-body\">\n    \n<div class=\"card__activity wp-block-unilux-blocks-plain-text\"><\/div>\n<h3 class=\"card__name has-text-align-left wp-block-unilux-blocks-heading\"        id=\"prof-benoit-majerus\"\n    >\nProf Beno\u00eet MAJERUS<\/h3>\n\n<div class=\"card__organization wp-block-unilux-blocks-plain-text\">C2DH<\/div>\n<div class=\"card__function wp-block-unilux-blocks-plain-text\">L\u2019historien Beno\u00eet Majerus utilise l\u2019IA pour reconstituer l\u2019histoire mondiale des soci\u00e9t\u00e9s \u00e9crans offshore<\/div>\n<div class=\"card__interest wp-block-unilux-blocks-plain-text\"><\/div><div class=\"ulux-card__link-wrapper card__link wp-block-unilux-blocks-simple-cta\">\n    <a\n        href=\"https:\/\/www.uni.lu\/fr\/news\/grace-a-l-ia-les-chercheurs-reconstituent-l-histoire-des-societes-ecrans-offshore\/\"\n        title=\"Learn more\"\n        class=\"link-text link-text--icon ulux-card__link link-text link-absolute\"\n        target=\"\"\n    >\n        <span class=\"link-text__body\">\n            <span class=\"link-text__name\">En savoir plus<\/span>\n        <\/span>\n        <svg aria-hidden=\"true\" focusable=\"false\" class=\"icon icon-outline icon--arrow-right \"><use xlink:href=\"https:\/\/www.uni.lu\/wp-content\/themes\/unilux-theme\/assets\/images\/icons\/icons-outline.svg#icon--arrow-right\"><\/use><\/svg>    <\/a>\n<\/div>\n<\/div>        <\/div>\n    <\/div>\n<\/li><li class=\"w-full sm:w-1\/2 lg:w-1\/3 px-16  wp-block-unilux-blocks-free-content-card-item\">\n    <div class=\"ulux-card card-people bg-theme\">\n        <div class=\"ulux-card__container card__container\">\n                        <div class=\"ulux-card__visual wp-block-unilux-blocks-free-content-card-item-visual\">\n    \n<div class=\"wp-block-unilux-blocks-image-video-wrapper\">\n    <figure class=\"wp-block-dev4-reusable-blocks-image  object-fit--cover\">\n    \n<img decoding=\"async\" class=\"wp-block-image unilux-custom-image-block\"\n                alt=\"Prof. Dr Anupam Sengupta\"\n            src=\"https:\/\/www.uni.lu\/wp-content\/uploads\/sites\/9\/2025\/07\/18105604\/sengupta.jpg\"\n                    style=\"object-position: 50.00% 50.00%; font-family: &quot;object-fit: cover; object-position: 50.00% 50.00%;&quot;; aspect-ratio: 4\/3; object-fit: cover; width: 100%;\"\n        loading=\"lazy\"\n\/>    <\/figure><\/div><\/div><div class=\"ulux-card__body wp-block-unilux-blocks-free-content-card-item-body\">\n    \n<div class=\"card__activity wp-block-unilux-blocks-plain-text\"><\/div>\n<h3 class=\"card__name has-text-align-left wp-block-unilux-blocks-heading\"        id=\"assoc-prof-anupam-sengupta\"\n    >\nAssoc. Prof Anupam SENGUPTA<\/h3>\n\n<div class=\"card__organization wp-block-unilux-blocks-plain-text\">FSTM<\/div>\n<div class=\"card__function wp-block-unilux-blocks-plain-text\">Anupam Sengupta explore des bact\u00e9ries capables de contr\u00f4ler la lumi\u00e8re de l\u2019int\u00e9rieur<\/div>\n<div class=\"card__interest wp-block-unilux-blocks-plain-text\"><\/div><div class=\"ulux-card__link-wrapper card__link wp-block-unilux-blocks-simple-cta\">\n    <a\n        href=\"https:\/\/www.uni.lu\/fr\/news\/un-projet-cer-explore-comment-des-bacteries-controlent-la-lumiere\/\"\n        title=\"Learn more\"\n        class=\"link-text link-text--icon ulux-card__link link-text link-absolute\"\n        target=\"\"\n    >\n        <span class=\"link-text__body\">\n            <span class=\"link-text__name\">En savoir plus<\/span>\n        <\/span>\n        <svg aria-hidden=\"true\" focusable=\"false\" class=\"icon icon-outline icon--arrow-right \"><use xlink:href=\"https:\/\/www.uni.lu\/wp-content\/themes\/unilux-theme\/assets\/images\/icons\/icons-outline.svg#icon--arrow-right\"><\/use><\/svg>    <\/a>\n<\/div>\n<\/div>        <\/div>\n    <\/div>\n<\/li><li class=\"w-full sm:w-1\/2 lg:w-1\/3 px-16  wp-block-unilux-blocks-free-content-card-item\">\n    <div class=\"ulux-card card-people bg-theme\">\n        <div class=\"ulux-card__container card__container\">\n                        <div class=\"ulux-card__visual wp-block-unilux-blocks-free-content-card-item-visual\">\n    \n<div class=\"wp-block-unilux-blocks-image-video-wrapper\">\n    <figure class=\"wp-block-dev4-reusable-blocks-image  object-fit--cover\">\n    \n<img decoding=\"async\" class=\"wp-block-image unilux-custom-image-block\"\n                alt=\"\"\n            src=\"https:\/\/www.uni.lu\/wp-content\/uploads\/sites\/9\/2025\/07\/14125141\/2025-07-11_PaulWilmes_LabPortrait_0215_withERClogo-1536x1272-1.png\"\n                    style=\"object-position: 50.00% 50.00%; font-family: &quot;object-fit: cover; object-position: 50.00% 50.00%;&quot;; aspect-ratio: 4\/3; object-fit: cover; width: 100%;\"\n        loading=\"lazy\"\n\/>    <\/figure><\/div><\/div><div class=\"ulux-card__body wp-block-unilux-blocks-free-content-card-item-body\">\n    \n<div class=\"card__activity wp-block-unilux-blocks-plain-text\"><\/div>\n<h3 class=\"card__name has-text-align-left wp-block-unilux-blocks-heading\"        id=\"prof-paul-wilmes\"\n    >\nProf Paul WILMES<\/h3>\n\n<div class=\"card__organization wp-block-unilux-blocks-plain-text\">LCSB<\/div>\n<div class=\"card__function wp-block-unilux-blocks-plain-text\">Paul Wilmes \u00e9tudie si de petites prot\u00e9ines provenant des microbiotes intestinaux peuvent servir de biomarqueurs pour la maladie de Parkinson<\/div>\n<div class=\"card__interest wp-block-unilux-blocks-plain-text\"><\/div><div class=\"ulux-card__link-wrapper card__link wp-block-unilux-blocks-simple-cta\">\n    <a\n        href=\"https:\/\/www.uni.lu\/lcsb-fr\/news\/molecules-microbiennes-pour-detecter-la-maladie-de-parkinson-plus-tot\/\"\n        title=\"Learn more\"\n        class=\"link-text link-text--icon ulux-card__link link-text link-absolute\"\n        target=\"\"\n    >\n        <span class=\"link-text__body\">\n            <span class=\"link-text__name\">En savoir plus<\/span>\n        <\/span>\n        <svg aria-hidden=\"true\" focusable=\"false\" class=\"icon icon-outline icon--arrow-right \"><use xlink:href=\"https:\/\/www.uni.lu\/wp-content\/themes\/unilux-theme\/assets\/images\/icons\/icons-outline.svg#icon--arrow-right\"><\/use><\/svg>    <\/a>\n<\/div>\n<\/div>        <\/div>\n    <\/div>\n<\/li><\/ul>        <\/div>\n    <\/div>\n<\/div>\n\n<div class=\"accordion__item  wp-block-unilux-blocks-accordion-item\">\n    <h3 class=\"accordion__header\"\n                    id=\"10-ans-de-lucet\"\n        >\n        <button\n            type=\"button\"\n            id=\"accordion-labelledby-ccf6c914-5761-46b5-a494-90debbbc067a\"\n            class=\"accordion__button collapsed\"\n            aria-expanded=\"false\"\n            aria-controls=\"accordion-panel-ccf6c914-5761-46b5-a494-90debbbc067a\"\n            data-bs-toggle=\"collapse\"\n            data-bs-target=\"#accordion-panel-ccf6c914-5761-46b5-a494-90debbbc067a\"\n        >\n            <span class=\"accordion__title\">\n                                10 ans de LUCET            <\/span>\n\n            <svg aria-hidden=\"true\" focusable=\"false\" class=\"icon icon-outline icon--arrow-down \"><use xlink:href=\"https:\/\/www.uni.lu\/wp-content\/themes\/unilux-theme\/assets\/images\/icons\/icons-outline.svg#icon--arrow-down\"><\/use><\/svg>        <\/button>\n    <\/h3>\n    <div id=\"accordion-panel-ccf6c914-5761-46b5-a494-90debbbc067a\"\n        class=\"accordion__collapse collapse\"\n        aria-labelledby=\"accordion-labelledby-ccf6c914-5761-46b5-a494-90debbbc067a\"\n        data-bs-parent=\"[data-reference=&quot;2ec394bd-48b1-4205-9c76-9ff911b39df7&quot;]\"\n    >\n        <div class=\"accordion__body \">\n            \n<p>Depuis dix ans, le Luxembourg Centre for Educational Testing (LUCET) est \u00e0 l\u2019avant-garde de l\u2019\u00e9valuation et de l\u2019am\u00e9lioration du syst\u00e8me scolaire du pays. Gr\u00e2ce \u00e0 des tests innovants, une analyse approfondie des donn\u00e9es et une collaboration \u00e9troite avec les chercheurs et les d\u00e9cideurs politiques, le LUCET a contribu\u00e9 \u00e0 fa\u00e7onner un paysage \u00e9ducatif luxembourgeois plus transparent, inclusif et efficace.<\/p>\n\n<ul class=\"wp-block-unilux-blocks-button-list-v2\">\n<li class=\"wp-block-unilux-blocks-button-list-item-v2\"><a class=\"quick-link\" href=\"https:\/\/www.uni.lu\/fr\/news\/dix-ans-de-lucet-au-luxembourg\/\" target=\"\" role=\"link\" rel=\"noopener\" tabindex=\"0\"><span class=\"quick-link__container\">\n<div class=\"wp-block-unilux-blocks-block-inserter quick-link__img\">\n<div class=\"icon--primary icon--secondary-2  wp-block-unilux-blocks-icon-picker\">\n    <svg aria-hidden=\"true\" focusable=\"false\" class=\"icon icon-outline icon--workshop \"><use xlink:href=\"https:\/\/www.uni.lu\/wp-content\/themes\/unilux-theme\/assets\/images\/icons\/icons-outline.svg#icon--workshop\"><\/use><\/svg><\/div><\/div>\n\n\n\n<span class=\"quick-link__name wp-block-unilux-blocks-plain-text\">En savoir plus<\/span>\n\n<svg aria-hidden=\"true\" focusable=\"false\" class=\"icon icon-outline icon--arrow-right \"><use xlink:href=\"https:\/\/www.uni.lu\/wp-content\/themes\/unilux-theme\/assets\/images\/icons\/icons-outline.svg#icon--arrow-right\"><\/use><\/svg><\/span><\/a><\/li>\n<\/ul>\n        <\/div>\n    <\/div>\n<\/div>\n\n<div class=\"accordion__item  wp-block-unilux-blocks-accordion-item\">\n    <h3 class=\"accordion__header\"\n                    id=\"succes-aux-fnr-awards\"\n        >\n        <button\n            type=\"button\"\n            id=\"accordion-labelledby-b7485143-709d-47b9-bbd2-42d66fdb77d4\"\n            class=\"accordion__button collapsed\"\n            aria-expanded=\"false\"\n            aria-controls=\"accordion-panel-b7485143-709d-47b9-bbd2-42d66fdb77d4\"\n            data-bs-toggle=\"collapse\"\n            data-bs-target=\"#accordion-panel-b7485143-709d-47b9-bbd2-42d66fdb77d4\"\n        >\n            <span class=\"accordion__title\">\n                                Succ\u00e8s aux FNR Awards            <\/span>\n\n            <svg aria-hidden=\"true\" focusable=\"false\" class=\"icon icon-outline icon--arrow-down \"><use xlink:href=\"https:\/\/www.uni.lu\/wp-content\/themes\/unilux-theme\/assets\/images\/icons\/icons-outline.svg#icon--arrow-down\"><\/use><\/svg>        <\/button>\n    <\/h3>\n    <div id=\"accordion-panel-b7485143-709d-47b9-bbd2-42d66fdb77d4\"\n        class=\"accordion__collapse collapse\"\n        aria-labelledby=\"accordion-labelledby-b7485143-709d-47b9-bbd2-42d66fdb77d4\"\n        data-bs-parent=\"[data-reference=&quot;2ec394bd-48b1-4205-9c76-9ff911b39df7&quot;]\"\n    >\n        <div class=\"accordion__body \">\n            \n<p>Dr Florian Felten a re\u00e7u le prix de la Meilleure th\u00e8se de doctorat pour&nbsp;sa th\u00e8se intitul\u00e9e&nbsp;\u00ab Multi-Objective&nbsp;Reinforcement&nbsp;Learning \u00bb, tandis que les professeurs&nbsp;Andreas&nbsp;Fickers, Sonja&nbsp;Kmec&nbsp;et Dietmar&nbsp;H\u00fcser&nbsp;(Universit\u00e9 de Sarrebruck) ont obtenu le prix de la&nbsp;meilleure r\u00e9alisation scientifique&nbsp;pour \u00ab Transnational&nbsp;popular&nbsp;culture \u2013 Europe in the long 1960s \u00bb.&nbsp;<br>Nomin\u00e9&nbsp;par son \u00e9quipe et ses \u00e9tudiants,&nbsp;Prof.&nbsp;Christos&nbsp;Koulovatianos&nbsp;a re\u00e7u le prix du&nbsp;meilleur mentor.&nbsp;<\/p>\n\n<ul class=\"wp-block-unilux-blocks-button-list-v2\">\n<li class=\"wp-block-unilux-blocks-button-list-item-v2\"><a class=\"quick-link\" href=\"https:\/\/www.uni.lu\/fr\/news\/la-recherche-a-fort-impact-recompensee-aux-fnr-awards-2025\/\" target=\"\" role=\"link\" rel=\"noopener\" tabindex=\"0\"><span class=\"quick-link__container\">\n<div class=\"wp-block-unilux-blocks-block-inserter quick-link__img\">\n<div class=\"icon--primary icon--secondary-2 icon--lg wp-block-unilux-blocks-icon-picker\">\n    <svg aria-hidden=\"true\" focusable=\"false\" class=\"icon icon-outline icon--winner \"><use xlink:href=\"https:\/\/www.uni.lu\/wp-content\/themes\/unilux-theme\/assets\/images\/icons\/icons-outline.svg#icon--winner\"><\/use><\/svg><\/div><\/div>\n\n\n\n<span class=\"quick-link__name wp-block-unilux-blocks-plain-text\">Voir les vid\u00e9os<\/span>\n\n<svg aria-hidden=\"true\" focusable=\"false\" class=\"icon icon-outline icon--arrow-right \"><use xlink:href=\"https:\/\/www.uni.lu\/wp-content\/themes\/unilux-theme\/assets\/images\/icons\/icons-outline.svg#icon--arrow-right\"><\/use><\/svg><\/span><\/a><\/li>\n<\/ul>\n        <\/div>\n    <\/div>\n<\/div><\/div>\n\n\n\n<section class=\"section wp-block-unilux-blocks-covered-info\">\n    \n<div class=\"wp-block-unilux-blocks-wrapper max-w-screen-3xl mx-auto relative bg-dark\">\n<div class=\"wp-block-unilux-blocks-wrapper container container-py 2xl:max-w-screen-2xl relative z-30 covered-info__container\">\n<h2 class=\"covered-info__title has-text-align-left wp-block-unilux-blocks-heading\"        id=\"interdisciplinarite\"\n    >\nInterdisciplinarit\u00e9<\/h2>\n\n\n\n<ul class=\"wp-block-unilux-blocks-custom-buttons btn-list\"><\/ul>\n<\/div>\n\n\n\n<div class=\"wp-block-unilux-blocks-wrapper image-bg\">\n<div class=\"wp-block-unilux-blocks-wrapper img-bg-overlay\"><\/div>\n\n\n<figure class=\"wp-block-dev4-reusable-blocks-image object-cover w-full h-full object-fit--cover\">\n    \n<img decoding=\"async\" class=\"wp-block-image unilux-custom-image-block\"\n                alt=\"\"\n            src=\"https:\/\/www.uni.lu\/wp-content\/uploads\/sites\/9\/2025\/08\/21102127\/LCSB_ai-modelling.jpg\"\n                    style=\"object-position: 55.00% 62.00%; font-family: &quot;object-fit: cover; object-position: 55.00% 62.00%;&quot;; aspect-ratio: 16\/9; object-fit: cover; width: 100%;\"\n        loading=\"lazy\"\n\/>    <\/figure><\/div>\n<\/div>\n<\/section>\n\n\n<div class=\"wp-block-unilux-blocks-accordion accordion accordion--theme accordion-standard\" data-reference=\"dc781bc9-9361-4cd9-bfec-d22f00702ab8\" data-accordion-type=\"standard\"><div class=\"accordion__item  wp-block-unilux-blocks-accordion-item\">\n    <h3 class=\"accordion__header\"\n                    id=\"ia-et-droit-penal\"\n        >\n        <button\n            type=\"button\"\n            id=\"accordion-labelledby-6cc39151-3a2b-4da8-9f68-be8d731736a8\"\n            class=\"accordion__button collapsed\"\n            aria-expanded=\"false\"\n            aria-controls=\"accordion-panel-6cc39151-3a2b-4da8-9f68-be8d731736a8\"\n            data-bs-toggle=\"collapse\"\n            data-bs-target=\"#accordion-panel-6cc39151-3a2b-4da8-9f68-be8d731736a8\"\n        >\n            <span class=\"accordion__title\">\n                                IA et droit p\u00e9nal            <\/span>\n\n            <svg aria-hidden=\"true\" focusable=\"false\" class=\"icon icon-outline icon--arrow-down \"><use xlink:href=\"https:\/\/www.uni.lu\/wp-content\/themes\/unilux-theme\/assets\/images\/icons\/icons-outline.svg#icon--arrow-down\"><\/use><\/svg>        <\/button>\n    <\/h3>\n    <div id=\"accordion-panel-6cc39151-3a2b-4da8-9f68-be8d731736a8\"\n        class=\"accordion__collapse collapse\"\n        aria-labelledby=\"accordion-labelledby-6cc39151-3a2b-4da8-9f68-be8d731736a8\"\n        data-bs-parent=\"[data-reference=&quot;dc781bc9-9361-4cd9-bfec-d22f00702ab8&quot;]\"\n    >\n        <div class=\"accordion__body \">\n            \n<p>Alors que l\u2019<a href=\"https:\/\/www.uni.lu\/research-en\/research-areas\/artificial-intelligence\/\">IA<\/a> g\u00e9n\u00e9rative fait son entr\u00e9e dans les salles d\u2019audience, les experts en droit p\u00e9nal analysent son usage dans les preuves m\u00e9dico-l\u00e9gales et les enjeux pour garantir des proc\u00e8s \u00e9quitables et fiables.<\/p>\n\n<ul class=\"wp-block-unilux-blocks-button-list-v2\">\n<li class=\"wp-block-unilux-blocks-button-list-item-v2\"><a class=\"quick-link\" href=\"https:\/\/www.uni.lu\/fr\/news\/le-temoin-numerique-l-intelligence-artificielle-remodele-la-justice-penale\/\" target=\"\" role=\"link\" rel=\"noopener\" tabindex=\"0\"><span class=\"quick-link__container\">\n<div class=\"wp-block-unilux-blocks-block-inserter quick-link__img\">\n<div class=\"icon--primary icon--secondary-2  wp-block-unilux-blocks-icon-picker\">\n    <svg aria-hidden=\"true\" focusable=\"false\" class=\"icon icon-outline icon--feedback \"><use xlink:href=\"https:\/\/www.uni.lu\/wp-content\/themes\/unilux-theme\/assets\/images\/icons\/icons-outline.svg#icon--feedback\"><\/use><\/svg><\/div><\/div>\n\n\n\n<span class=\"quick-link__name wp-block-unilux-blocks-plain-text\">En savoir plus<\/span>\n\n<svg aria-hidden=\"true\" focusable=\"false\" class=\"icon icon-outline icon--arrow-right \"><use xlink:href=\"https:\/\/www.uni.lu\/wp-content\/themes\/unilux-theme\/assets\/images\/icons\/icons-outline.svg#icon--arrow-right\"><\/use><\/svg><\/span><\/a><\/li>\n<\/ul>\n        <\/div>\n    <\/div>\n<\/div>\n\n<div class=\"accordion__item  wp-block-unilux-blocks-accordion-item\">\n    <h3 class=\"accordion__header\"\n                    id=\"projet-populism\"\n        >\n        <button\n            type=\"button\"\n            id=\"accordion-labelledby-41d8bef2-61eb-4b05-905a-7f45de294fd3\"\n            class=\"accordion__button collapsed\"\n            aria-expanded=\"false\"\n            aria-controls=\"accordion-panel-41d8bef2-61eb-4b05-905a-7f45de294fd3\"\n            data-bs-toggle=\"collapse\"\n            data-bs-target=\"#accordion-panel-41d8bef2-61eb-4b05-905a-7f45de294fd3\"\n        >\n            <span class=\"accordion__title\">\n                                Projet POPULISM            <\/span>\n\n            <svg aria-hidden=\"true\" focusable=\"false\" class=\"icon icon-outline icon--arrow-down \"><use xlink:href=\"https:\/\/www.uni.lu\/wp-content\/themes\/unilux-theme\/assets\/images\/icons\/icons-outline.svg#icon--arrow-down\"><\/use><\/svg>        <\/button>\n    <\/h3>\n    <div id=\"accordion-panel-41d8bef2-61eb-4b05-905a-7f45de294fd3\"\n        class=\"accordion__collapse collapse\"\n        aria-labelledby=\"accordion-labelledby-41d8bef2-61eb-4b05-905a-7f45de294fd3\"\n        data-bs-parent=\"[data-reference=&quot;dc781bc9-9361-4cd9-bfec-d22f00702ab8&quot;]\"\n    >\n        <div class=\"accordion__body \">\n            \n<p>Les r\u00e9seaux sociaux se sont av\u00e9r\u00e9s \u00eatre un terrain fertile pour la mont\u00e9e du populisme, offrant un espace de libre expression aux discours polarisants et \u00e0 la diffusion de fausses informations. Pour la premi\u00e8re fois, des chercheurs en finance et en \u00e9conomie combinent des mod\u00e8les et des th\u00e9ories issus de la finance, de la robotique, de l\u2019\u00e9conomie et des sciences naturelles pour \u00e9tudier quantitativement les donn\u00e9es li\u00e9es \u00e0 l\u2019augmentation et \u00e0 l\u2019omnipr\u00e9sence du populisme dans les r\u00e9seaux sociaux.<\/p>\n\n<ul class=\"wp-block-unilux-blocks-button-list-v2\">\n<li class=\"wp-block-unilux-blocks-button-list-item-v2\"><a class=\"quick-link\" href=\"https:\/\/www.uni.lu\/fr\/news\/approche-quantitative-de-la-dynamique-des-reseaux-sociaux\/\" target=\"\" role=\"link\" rel=\"noopener\" tabindex=\"0\"><span class=\"quick-link__container\">\n<div class=\"wp-block-unilux-blocks-block-inserter quick-link__img\">\n<div class=\"icon--primary icon--secondary-2  wp-block-unilux-blocks-icon-picker\">\n    <svg aria-hidden=\"true\" focusable=\"false\" class=\"icon icon-outline icon--social-media \"><use xlink:href=\"https:\/\/www.uni.lu\/wp-content\/themes\/unilux-theme\/assets\/images\/icons\/icons-outline.svg#icon--social-media\"><\/use><\/svg><\/div><\/div>\n\n\n\n<span class=\"quick-link__name wp-block-unilux-blocks-plain-text\">En savoir plus sur le projet POPULISM<\/span>\n\n<svg aria-hidden=\"true\" focusable=\"false\" class=\"icon icon-outline icon--arrow-right \"><use xlink:href=\"https:\/\/www.uni.lu\/wp-content\/themes\/unilux-theme\/assets\/images\/icons\/icons-outline.svg#icon--arrow-right\"><\/use><\/svg><\/span><\/a><\/li>\n<\/ul>\n        <\/div>\n    <\/div>\n<\/div>\n\n<div class=\"accordion__item  wp-block-unilux-blocks-accordion-item\">\n    <h3 class=\"accordion__header\"\n                    id=\"cybersecurite-une-approche-europeenne-coherente\"\n        >\n        <button\n            type=\"button\"\n            id=\"accordion-labelledby-443d9e24-5f7a-4c75-8eaa-1c6b50c424f5\"\n            class=\"accordion__button collapsed\"\n            aria-expanded=\"false\"\n            aria-controls=\"accordion-panel-443d9e24-5f7a-4c75-8eaa-1c6b50c424f5\"\n            data-bs-toggle=\"collapse\"\n            data-bs-target=\"#accordion-panel-443d9e24-5f7a-4c75-8eaa-1c6b50c424f5\"\n        >\n            <span class=\"accordion__title\">\n                                Cybers\u00e9curit\u00e9 : une\u00a0approche\u00a0europ\u00e9enne\u00a0coh\u00e9rente\u00a0            <\/span>\n\n            <svg aria-hidden=\"true\" focusable=\"false\" class=\"icon icon-outline icon--arrow-down \"><use xlink:href=\"https:\/\/www.uni.lu\/wp-content\/themes\/unilux-theme\/assets\/images\/icons\/icons-outline.svg#icon--arrow-down\"><\/use><\/svg>        <\/button>\n    <\/h3>\n    <div id=\"accordion-panel-443d9e24-5f7a-4c75-8eaa-1c6b50c424f5\"\n        class=\"accordion__collapse collapse\"\n        aria-labelledby=\"accordion-labelledby-443d9e24-5f7a-4c75-8eaa-1c6b50c424f5\"\n        data-bs-parent=\"[data-reference=&quot;dc781bc9-9361-4cd9-bfec-d22f00702ab8&quot;]\"\n    >\n        <div class=\"accordion__body \">\n            \n<p>Des experts en politiques cyber, cybers\u00e9curit\u00e9 et cyberd\u00e9fense d\u00e9battent des d\u00e9fis li\u00e9s \u00e0 la mise en place d\u2019une approche europ\u00e9enne coh\u00e9rente en mati\u00e8re de cybers\u00e9curit\u00e9.<\/p>\n\n<ul class=\"wp-block-unilux-blocks-button-list-v2\">\n<li class=\"wp-block-unilux-blocks-button-list-item-v2\"><a class=\"quick-link\" href=\"https:\/\/www.uni.lu\/fstm-fr\/news\/cybersecurite-un-numero-dequilibriste-pour-sadapter-aux-nouveaux-defis\/\" target=\"\" role=\"link\" rel=\"noopener\" tabindex=\"0\"><span class=\"quick-link__container\">\n<div class=\"wp-block-unilux-blocks-block-inserter quick-link__img\">\n<div class=\"icon--primary icon--secondary-2  wp-block-unilux-blocks-icon-picker\">\n    <svg aria-hidden=\"true\" focusable=\"false\" class=\"icon icon-outline icon--restricted-access \"><use xlink:href=\"https:\/\/www.uni.lu\/wp-content\/themes\/unilux-theme\/assets\/images\/icons\/icons-outline.svg#icon--restricted-access\"><\/use><\/svg><\/div><\/div>\n\n\n\n<span class=\"quick-link__name wp-block-unilux-blocks-plain-text\">Lire leurs analyses<\/span>\n\n<svg aria-hidden=\"true\" focusable=\"false\" class=\"icon icon-outline icon--arrow-right \"><use xlink:href=\"https:\/\/www.uni.lu\/wp-content\/themes\/unilux-theme\/assets\/images\/icons\/icons-outline.svg#icon--arrow-right\"><\/use><\/svg><\/span><\/a><\/li>\n<\/ul>\n        <\/div>\n    <\/div>\n<\/div>\n\n<div class=\"accordion__item  wp-block-unilux-blocks-accordion-item\">\n    <h3 class=\"accordion__header\"\n                    id=\"agir-avant-la-catastrophe\"\n        >\n        <button\n            type=\"button\"\n            id=\"accordion-labelledby-380e4d9c-518f-48bf-9194-00ed4011b7fe\"\n            class=\"accordion__button collapsed\"\n            aria-expanded=\"false\"\n            aria-controls=\"accordion-panel-380e4d9c-518f-48bf-9194-00ed4011b7fe\"\n            data-bs-toggle=\"collapse\"\n            data-bs-target=\"#accordion-panel-380e4d9c-518f-48bf-9194-00ed4011b7fe\"\n        >\n            <span class=\"accordion__title\">\n                                Agir avant la\u00a0catastrophe            <\/span>\n\n            <svg aria-hidden=\"true\" focusable=\"false\" class=\"icon icon-outline icon--arrow-down \"><use xlink:href=\"https:\/\/www.uni.lu\/wp-content\/themes\/unilux-theme\/assets\/images\/icons\/icons-outline.svg#icon--arrow-down\"><\/use><\/svg>        <\/button>\n    <\/h3>\n    <div id=\"accordion-panel-380e4d9c-518f-48bf-9194-00ed4011b7fe\"\n        class=\"accordion__collapse collapse\"\n        aria-labelledby=\"accordion-labelledby-380e4d9c-518f-48bf-9194-00ed4011b7fe\"\n        data-bs-parent=\"[data-reference=&quot;dc781bc9-9361-4cd9-bfec-d22f00702ab8&quot;]\"\n    >\n        <div class=\"accordion__body \">\n            \n<p>Des \u00e9lastom\u00e8res semblables \u00e0 une peinture de rev\u00eatement, d\u00e9velopp\u00e9s par Jan&nbsp;Lagerwall&nbsp;et&nbsp;l&rsquo;universit\u00e9 technique de Darmstadt,&nbsp;se sont av\u00e9r\u00e9s efficaces pour d\u00e9tecter et surveiller les fissures potentielles&nbsp;des&nbsp;structures en b\u00e9ton.\u202f<\/p>\n\n<ul class=\"wp-block-unilux-blocks-button-list-v2\">\n<li class=\"wp-block-unilux-blocks-button-list-item-v2\"><a class=\"quick-link\" href=\"https:\/\/www.uni.lu\/fr\/news\/un-revetement-innovant-pour-proteger-les-ponts\/\" target=\"\" role=\"link\" rel=\"noopener\" tabindex=\"0\"><span class=\"quick-link__container\">\n<div class=\"wp-block-unilux-blocks-block-inserter quick-link__img\">\n<div class=\"icon--primary icon--secondary-2  wp-block-unilux-blocks-icon-picker\">\n    <svg aria-hidden=\"true\" focusable=\"false\" class=\"icon icon-outline icon--tools \"><use xlink:href=\"https:\/\/www.uni.lu\/wp-content\/themes\/unilux-theme\/assets\/images\/icons\/icons-outline.svg#icon--tools\"><\/use><\/svg><\/div><\/div>\n\n\n\n<span class=\"quick-link__name wp-block-unilux-blocks-plain-text\">En savoir plus<\/span>\n\n<svg aria-hidden=\"true\" focusable=\"false\" class=\"icon icon-outline icon--arrow-right \"><use xlink:href=\"https:\/\/www.uni.lu\/wp-content\/themes\/unilux-theme\/assets\/images\/icons\/icons-outline.svg#icon--arrow-right\"><\/use><\/svg><\/span><\/a><\/li>\n<\/ul>\n        <\/div>\n    <\/div>\n<\/div>\n\n<div class=\"accordion__item  wp-block-unilux-blocks-accordion-item\">\n    <h3 class=\"accordion__header\"\n                    id=\"impresso-media-monitoring-of-the-past\"\n        >\n        <button\n            type=\"button\"\n            id=\"accordion-labelledby-52c4cc19-4fec-477c-a047-e5a55540db4b\"\n            class=\"accordion__button collapsed\"\n            aria-expanded=\"false\"\n            aria-controls=\"accordion-panel-52c4cc19-4fec-477c-a047-e5a55540db4b\"\n            data-bs-toggle=\"collapse\"\n            data-bs-target=\"#accordion-panel-52c4cc19-4fec-477c-a047-e5a55540db4b\"\n        >\n            <span class=\"accordion__title\">\n                                Impresso \u2013 Media Monitoring of the Past            <\/span>\n\n            <svg aria-hidden=\"true\" focusable=\"false\" class=\"icon icon-outline icon--arrow-down \"><use xlink:href=\"https:\/\/www.uni.lu\/wp-content\/themes\/unilux-theme\/assets\/images\/icons\/icons-outline.svg#icon--arrow-down\"><\/use><\/svg>        <\/button>\n    <\/h3>\n    <div id=\"accordion-panel-52c4cc19-4fec-477c-a047-e5a55540db4b\"\n        class=\"accordion__collapse collapse\"\n        aria-labelledby=\"accordion-labelledby-52c4cc19-4fec-477c-a047-e5a55540db4b\"\n        data-bs-parent=\"[data-reference=&quot;dc781bc9-9361-4cd9-bfec-d22f00702ab8&quot;]\"\n    >\n        <div class=\"accordion__body \">\n            \n<p>Impresso \u2013 Media Monitoring of the Past, soutient la recherche de pointe, fond\u00e9e sur les donn\u00e9es, sur les collections m\u00e9diatiques historiques.<\/p>\n\n<ul class=\"wp-block-unilux-blocks-button-list-v2\">\n<li class=\"wp-block-unilux-blocks-button-list-item-v2\"><a class=\"quick-link\" href=\"https:\/\/www.uni.lu\/c2dh-en\/news\/impresso-datalab-corpus-expansion-new-data-access-management\/\" target=\"\" role=\"link\" rel=\"noopener\" tabindex=\"0\"><span class=\"quick-link__container\">\n<div class=\"wp-block-unilux-blocks-block-inserter quick-link__img\">\n<div class=\"icon--primary icon--secondary-2  wp-block-unilux-blocks-icon-picker\">\n    <svg aria-hidden=\"true\" focusable=\"false\" class=\"icon icon-outline icon--search-people \"><use xlink:href=\"https:\/\/www.uni.lu\/wp-content\/themes\/unilux-theme\/assets\/images\/icons\/icons-outline.svg#icon--search-people\"><\/use><\/svg><\/div><\/div>\n\n\n\n<span class=\"quick-link__name wp-block-unilux-blocks-plain-text\">En savoir plus<\/span>\n\n<svg aria-hidden=\"true\" focusable=\"false\" class=\"icon icon-outline icon--arrow-right \"><use xlink:href=\"https:\/\/www.uni.lu\/wp-content\/themes\/unilux-theme\/assets\/images\/icons\/icons-outline.svg#icon--arrow-right\"><\/use><\/svg><\/span><\/a><\/li>\n<\/ul>\n        <\/div>\n    <\/div>\n<\/div><\/div>\n\n\n\n<section class=\"section wp-block-unilux-blocks-covered-info\">\n    \n<div class=\"wp-block-unilux-blocks-wrapper max-w-screen-3xl mx-auto relative bg-dark\">\n<div class=\"wp-block-unilux-blocks-wrapper container container-py 2xl:max-w-screen-2xl relative z-30 covered-info__container\">\n<h2 class=\"covered-info__title has-text-align-left wp-block-unilux-blocks-heading\"        id=\"entrepreneuriat\"\n    >\nEntrepreneuriat<\/h2>\n\n\n\n<ul class=\"wp-block-unilux-blocks-custom-buttons btn-list\"><\/ul>\n<\/div>\n\n\n\n<div class=\"wp-block-unilux-blocks-wrapper image-bg\">\n<div class=\"wp-block-unilux-blocks-wrapper img-bg-overlay\"><\/div>\n\n\n<figure class=\"wp-block-dev4-reusable-blocks-image object-cover w-full h-full object-fit--cover\">\n    \n<img decoding=\"async\" class=\"wp-block-image unilux-custom-image-block\"\n                alt=\"Conference-AI\"\n            src=\"https:\/\/www.uni.lu\/wp-content\/uploads\/sites\/9\/2025\/02\/illustration-pictures.jpg\"\n                    style=\"object-position: 58.00% 66.00%; font-family: &quot;object-fit: cover; object-position: 58.00% 66.00%;&quot;; aspect-ratio: 16\/9; object-fit: cover; width: 100%;\"\n        loading=\"lazy\"\n\/>    <\/figure><\/div>\n<\/div>\n<\/section>\n\n\n<div class=\"wp-block-unilux-blocks-accordion accordion accordion--theme accordion-standard\" data-reference=\"75b390ef-eddb-44bd-9273-dab20e636918\" data-accordion-type=\"standard\"><div class=\"accordion__item  wp-block-unilux-blocks-accordion-item\">\n    <h3 class=\"accordion__header\"\n                    id=\"une-carte-interactive-de-lecosysteme-entrepreneurial-luxembourgeois\"\n        >\n        <button\n            type=\"button\"\n            id=\"accordion-labelledby-7e582608-2b2b-4290-9481-f50786b103d1\"\n            class=\"accordion__button collapsed\"\n            aria-expanded=\"false\"\n            aria-controls=\"accordion-panel-7e582608-2b2b-4290-9481-f50786b103d1\"\n            data-bs-toggle=\"collapse\"\n            data-bs-target=\"#accordion-panel-7e582608-2b2b-4290-9481-f50786b103d1\"\n        >\n            <span class=\"accordion__title\">\n                                Une carte\u00a0interactive de\u00a0l\u2019\u00e9cosyst\u00e8me\u00a0entrepreneurial luxembourgeois            <\/span>\n\n            <svg aria-hidden=\"true\" focusable=\"false\" class=\"icon icon-outline icon--arrow-down \"><use xlink:href=\"https:\/\/www.uni.lu\/wp-content\/themes\/unilux-theme\/assets\/images\/icons\/icons-outline.svg#icon--arrow-down\"><\/use><\/svg>        <\/button>\n    <\/h3>\n    <div id=\"accordion-panel-7e582608-2b2b-4290-9481-f50786b103d1\"\n        class=\"accordion__collapse collapse\"\n        aria-labelledby=\"accordion-labelledby-7e582608-2b2b-4290-9481-f50786b103d1\"\n        data-bs-parent=\"[data-reference=&quot;75b390ef-eddb-44bd-9273-dab20e636918&quot;]\"\n    >\n        <div class=\"accordion__body \">\n            \n<p>Une nouvelle&nbsp;cartographie&nbsp;interactive de&nbsp;l\u2019\u00e9cosyst\u00e8me&nbsp;entrepreneurial&nbsp;complexe&nbsp;du Luxembourg \u2014 des institutions aux&nbsp;financeurs,&nbsp;en&nbsp;passant par la R&amp;D et les r\u00e9seaux \u2014 est&nbsp;d\u00e9sormais&nbsp;disponible pour les entrepreneurs&nbsp;en&nbsp;herbe, les&nbsp;chercheurs&nbsp;et les&nbsp;\u00e9tudiants.&nbsp;<\/p>\n\n<ul class=\"wp-block-unilux-blocks-button-list-v2\">\n<li class=\"wp-block-unilux-blocks-button-list-item-v2\"><a class=\"quick-link\" href=\"https:\/\/www.uni.lu\/fdef-fr\/news\/une-nouvelle-cartographie-pour-dechiffrer-l-ecosysteme-de-l-entrepreneuriat-et-de-l-innovation-au-luxembourg\/\" target=\"\" role=\"link\" rel=\"noopener\" tabindex=\"0\"><span class=\"quick-link__container\">\n<div class=\"wp-block-unilux-blocks-block-inserter quick-link__img\">\n<div class=\"icon--primary icon--secondary-2  wp-block-unilux-blocks-icon-picker\">\n    <svg aria-hidden=\"true\" focusable=\"false\" class=\"icon icon-outline icon--network \"><use xlink:href=\"https:\/\/www.uni.lu\/wp-content\/themes\/unilux-theme\/assets\/images\/icons\/icons-outline.svg#icon--network\"><\/use><\/svg><\/div><\/div>\n\n\n\n<span class=\"quick-link__name wp-block-unilux-blocks-plain-text\">D\u00e9couvrir la carte<\/span>\n\n<svg aria-hidden=\"true\" focusable=\"false\" class=\"icon icon-outline icon--arrow-right \"><use xlink:href=\"https:\/\/www.uni.lu\/wp-content\/themes\/unilux-theme\/assets\/images\/icons\/icons-outline.svg#icon--arrow-right\"><\/use><\/svg><\/span><\/a><\/li>\n<\/ul>\n        <\/div>\n    <\/div>\n<\/div>\n\n<div class=\"accordion__item  wp-block-unilux-blocks-accordion-item\">\n    <h3 class=\"accordion__header\"\n                    id=\"lia-et-la-biomecanique-pour-ameliorer-la-chirurgie\"\n        >\n        <button\n            type=\"button\"\n            id=\"accordion-labelledby-e12bf41d-ab88-4e54-ba05-5470aa8cbaea\"\n            class=\"accordion__button collapsed\"\n            aria-expanded=\"false\"\n            aria-controls=\"accordion-panel-e12bf41d-ab88-4e54-ba05-5470aa8cbaea\"\n            data-bs-toggle=\"collapse\"\n            data-bs-target=\"#accordion-panel-e12bf41d-ab88-4e54-ba05-5470aa8cbaea\"\n        >\n            <span class=\"accordion__title\">\n                                L\u2019IA et la biom\u00e9canique pour am\u00e9liorer la chirurgie            <\/span>\n\n            <svg aria-hidden=\"true\" focusable=\"false\" class=\"icon icon-outline icon--arrow-down \"><use xlink:href=\"https:\/\/www.uni.lu\/wp-content\/themes\/unilux-theme\/assets\/images\/icons\/icons-outline.svg#icon--arrow-down\"><\/use><\/svg>        <\/button>\n    <\/h3>\n    <div id=\"accordion-panel-e12bf41d-ab88-4e54-ba05-5470aa8cbaea\"\n        class=\"accordion__collapse collapse\"\n        aria-labelledby=\"accordion-labelledby-e12bf41d-ab88-4e54-ba05-5470aa8cbaea\"\n        data-bs-parent=\"[data-reference=&quot;75b390ef-eddb-44bd-9273-dab20e636918&quot;]\"\n    >\n        <div class=\"accordion__body \">\n            \n<p>La doctorante Dominique Nicoli et l\u2019entreprise&nbsp;<strong>MDSim<\/strong>&nbsp;am\u00e9liorent les jumeaux num\u00e9riques de la colonne vert\u00e9brale afin d\u2019identifier des pronostics sp\u00e9cifiques \u00e0 chaque patient. Leur mod\u00e8le contribue \u00e0 r\u00e9duire le taux \u00e9lev\u00e9 de&nbsp;r\u00e9visions chirurgicales de la colonne vert\u00e9brale tous les deux ans.&nbsp;<\/p>\n\n<ul class=\"wp-block-unilux-blocks-button-list-v2\">\n<li class=\"wp-block-unilux-blocks-button-list-item-v2\"><a class=\"quick-link\" href=\"https:\/\/www.uni.lu\/research-fr\/news\/l-ia-et-la-biomecanique-s-associent-pour-ameliorer-les-resultats-des-chirurgies-de-la-colonne-vertebrale\/\" target=\"\" role=\"link\" rel=\"noopener\" tabindex=\"0\"><span class=\"quick-link__container\">\n<div class=\"wp-block-unilux-blocks-block-inserter quick-link__img\">\n<div class=\"icon--primary icon--secondary-2  wp-block-unilux-blocks-icon-picker\">\n    <svg aria-hidden=\"true\" focusable=\"false\" class=\"icon icon-outline icon--research \"><use xlink:href=\"https:\/\/www.uni.lu\/wp-content\/themes\/unilux-theme\/assets\/images\/icons\/icons-outline.svg#icon--research\"><\/use><\/svg><\/div><\/div>\n\n\n\n<span class=\"quick-link__name wp-block-unilux-blocks-plain-text\">Comment l\u2019IA am\u00e9liore la chirurgie de la colonne vert\u00e9brale<\/span>\n\n<svg aria-hidden=\"true\" focusable=\"false\" class=\"icon icon-outline icon--arrow-right \"><use xlink:href=\"https:\/\/www.uni.lu\/wp-content\/themes\/unilux-theme\/assets\/images\/icons\/icons-outline.svg#icon--arrow-right\"><\/use><\/svg><\/span><\/a><\/li>\n<\/ul>\n        <\/div>\n    <\/div>\n<\/div><\/div>\n\n\n\n<section class=\"section wp-block-unilux-blocks-covered-info\">\n    \n<div class=\"wp-block-unilux-blocks-wrapper max-w-screen-3xl mx-auto relative bg-dark\">\n<div class=\"wp-block-unilux-blocks-wrapper container container-py 2xl:max-w-screen-2xl relative z-30 covered-info__container\">\n<h2 class=\"covered-info__title has-text-align-left wp-block-unilux-blocks-heading\"        id=\"developpement-institutionnel-et-partenariats\"\n    >\nD\u00e9veloppement institutionnel et partenariats<\/h2>\n\n\n\n<ul class=\"wp-block-unilux-blocks-custom-buttons btn-list\"><\/ul>\n<\/div>\n\n\n\n<div class=\"wp-block-unilux-blocks-wrapper image-bg\">\n<div class=\"wp-block-unilux-blocks-wrapper img-bg-overlay\"><\/div>\n\n\n<figure class=\"wp-block-dev4-reusable-blocks-image object-cover w-full h-full object-fit--cover\">\n    \n<img decoding=\"async\" class=\"wp-block-image unilux-custom-image-block\"\n                alt=\"\"\n            src=\"https:\/\/www.uni.lu\/wp-content\/uploads\/sites\/9\/2025\/09\/19141436\/Belval.jpg\"\n                    style=\"object-position: 14.00% 70.00%; font-family: &quot;object-fit: cover; object-position: 14.00% 70.00%;&quot;; aspect-ratio: 16\/9; object-fit: cover; width: 100%;\"\n        loading=\"lazy\"\n\/>    <\/figure><\/div>\n<\/div>\n<\/section>\n\n\n<div class=\"wp-block-unilux-blocks-accordion accordion accordion--theme accordion-standard\" data-reference=\"b6e33b61-1c3c-468f-bdcb-6d9af6b0b258\" data-accordion-type=\"standard\"><div class=\"accordion__item  wp-block-unilux-blocks-accordion-item\">\n    <h3 class=\"accordion__header\"\n                    id=\"uni-lu-rejoint-la-guild-of-european-research-intensive-universities\"\n        >\n        <button\n            type=\"button\"\n            id=\"accordion-labelledby-3fa1f15a-9a4f-4063-b5d9-94eb734c83a0\"\n            class=\"accordion__button collapsed\"\n            aria-expanded=\"false\"\n            aria-controls=\"accordion-panel-3fa1f15a-9a4f-4063-b5d9-94eb734c83a0\"\n            data-bs-toggle=\"collapse\"\n            data-bs-target=\"#accordion-panel-3fa1f15a-9a4f-4063-b5d9-94eb734c83a0\"\n        >\n            <span class=\"accordion__title\">\n                                Uni.lu rejoint la\u00a0Guild of European Research-Intensive\u00a0Universities            <\/span>\n\n            <svg aria-hidden=\"true\" focusable=\"false\" class=\"icon icon-outline icon--arrow-down \"><use xlink:href=\"https:\/\/www.uni.lu\/wp-content\/themes\/unilux-theme\/assets\/images\/icons\/icons-outline.svg#icon--arrow-down\"><\/use><\/svg>        <\/button>\n    <\/h3>\n    <div id=\"accordion-panel-3fa1f15a-9a4f-4063-b5d9-94eb734c83a0\"\n        class=\"accordion__collapse collapse\"\n        aria-labelledby=\"accordion-labelledby-3fa1f15a-9a4f-4063-b5d9-94eb734c83a0\"\n        data-bs-parent=\"[data-reference=&quot;b6e33b61-1c3c-468f-bdcb-6d9af6b0b258&quot;]\"\n    >\n        <div class=\"accordion__body \">\n            \n<p>L\u2019Uni.lu a rejoint la&nbsp;<strong>Guild of European Research-Intensive&nbsp;Universities<\/strong>, un r\u00e9seau&nbsp;prestigieux&nbsp;d\u2019universit\u00e9s&nbsp;europ\u00e9ennes&nbsp;tourn\u00e9es vers&nbsp;la recherche, d\u00e9di\u00e9 \u00e0&nbsp;l\u2019excellence acad\u00e9mique et&nbsp;scientifique, \u00e0 l\u2019impact soci\u00e9tal et \u00e0 la collaboration internationale.<\/p>\n\n<ul class=\"wp-block-unilux-blocks-button-list-v2\">\n<li class=\"wp-block-unilux-blocks-button-list-item-v2\"><a class=\"quick-link\" href=\"https:\/\/www.uni.lu\/fr\/news\/universite-luxembourg-rejoint-the-guild-of-european-research-intensive-universities\/\" target=\"\" role=\"link\" rel=\"noopener\" tabindex=\"0\"><span class=\"quick-link__container\">\n<div class=\"wp-block-unilux-blocks-block-inserter quick-link__img\">\n<div class=\"icon--primary icon--secondary-2  wp-block-unilux-blocks-icon-picker\">\n    <svg aria-hidden=\"true\" focusable=\"false\" class=\"icon icon-outline icon--partnership \"><use xlink:href=\"https:\/\/www.uni.lu\/wp-content\/themes\/unilux-theme\/assets\/images\/icons\/icons-outline.svg#icon--partnership\"><\/use><\/svg><\/div><\/div>\n\n\n\n<span class=\"quick-link__name wp-block-unilux-blocks-plain-text\">Lire l&rsquo;actualit\u00e9<\/span>\n\n<svg aria-hidden=\"true\" focusable=\"false\" class=\"icon icon-outline icon--arrow-right \"><use xlink:href=\"https:\/\/www.uni.lu\/wp-content\/themes\/unilux-theme\/assets\/images\/icons\/icons-outline.svg#icon--arrow-right\"><\/use><\/svg><\/span><\/a><\/li>\n<\/ul>\n        <\/div>\n    <\/div>\n<\/div>\n\n<div class=\"accordion__item  wp-block-unilux-blocks-accordion-item\">\n    <h3 class=\"accordion__header\"\n                    id=\"chaires-anne-beffort-promouvoir-le-leadership-academique-feminin\"\n        >\n        <button\n            type=\"button\"\n            id=\"accordion-labelledby-b1288532-cdbd-42cd-8d85-12b9bb3fcc45\"\n            class=\"accordion__button collapsed\"\n            aria-expanded=\"false\"\n            aria-controls=\"accordion-panel-b1288532-cdbd-42cd-8d85-12b9bb3fcc45\"\n            data-bs-toggle=\"collapse\"\n            data-bs-target=\"#accordion-panel-b1288532-cdbd-42cd-8d85-12b9bb3fcc45\"\n        >\n            <span class=\"accordion__title\">\n                                Chaires Anne Beffort : promouvoir\u00a0le leadership\u00a0acad\u00e9mique\u00a0f\u00e9minin\u00a0            <\/span>\n\n            <svg aria-hidden=\"true\" focusable=\"false\" class=\"icon icon-outline icon--arrow-down \"><use xlink:href=\"https:\/\/www.uni.lu\/wp-content\/themes\/unilux-theme\/assets\/images\/icons\/icons-outline.svg#icon--arrow-down\"><\/use><\/svg>        <\/button>\n    <\/h3>\n    <div id=\"accordion-panel-b1288532-cdbd-42cd-8d85-12b9bb3fcc45\"\n        class=\"accordion__collapse collapse\"\n        aria-labelledby=\"accordion-labelledby-b1288532-cdbd-42cd-8d85-12b9bb3fcc45\"\n        data-bs-parent=\"[data-reference=&quot;b6e33b61-1c3c-468f-bdcb-6d9af6b0b258&quot;]\"\n    >\n        <div class=\"accordion__body \">\n            \n<p>Quatre\u00a0postes\u00a0de\u00a0professeurs\u00a0donneront\u00a0la\u00a0priorit\u00e9\u00a0aux candidatures\u00a0f\u00e9minines, dans le cadre des efforts d\u00e9ploy\u00e9s par l\u2019Uni.lu pour\u00a0promouvoir\u00a0le leadership\u00a0acad\u00e9mique\u00a0des femmes.<\/p>\n\n<ul class=\"wp-block-unilux-blocks-button-list-v2\">\n<li class=\"wp-block-unilux-blocks-button-list-item-v2\"><a class=\"quick-link\" href=\"https:\/\/www.uni.lu\/fr\/news\/quatre-postes-de-professeures-ouverts-dans-le-cadre-du-programme-d-excellence-anne-beffort\/\" target=\"\" role=\"link\" rel=\"noopener\" tabindex=\"0\"><span class=\"quick-link__container\">\n<div class=\"wp-block-unilux-blocks-block-inserter quick-link__img\">\n<div class=\"icon--primary icon--secondary-2  wp-block-unilux-blocks-icon-picker\">\n    <svg aria-hidden=\"true\" focusable=\"false\" class=\"icon icon-outline icon--jobs \"><use xlink:href=\"https:\/\/www.uni.lu\/wp-content\/themes\/unilux-theme\/assets\/images\/icons\/icons-outline.svg#icon--jobs\"><\/use><\/svg><\/div><\/div>\n\n\n\n<span class=\"quick-link__name wp-block-unilux-blocks-plain-text\">En savoir plus sur cette initiative<\/span>\n\n<svg aria-hidden=\"true\" focusable=\"false\" class=\"icon icon-outline icon--arrow-right \"><use xlink:href=\"https:\/\/www.uni.lu\/wp-content\/themes\/unilux-theme\/assets\/images\/icons\/icons-outline.svg#icon--arrow-right\"><\/use><\/svg><\/span><\/a><\/li>\n<\/ul>\n        <\/div>\n    <\/div>\n<\/div>\n\n<div class=\"accordion__item  wp-block-unilux-blocks-accordion-item\">\n    <h3 class=\"accordion__header\"\n                    id=\"lancement-de-nouvelles-entites\"\n        >\n        <button\n            type=\"button\"\n            id=\"accordion-labelledby-0ee2e06d-9ac1-4d64-bba0-860a439fcadb\"\n            class=\"accordion__button collapsed\"\n            aria-expanded=\"false\"\n            aria-controls=\"accordion-panel-0ee2e06d-9ac1-4d64-bba0-860a439fcadb\"\n            data-bs-toggle=\"collapse\"\n            data-bs-target=\"#accordion-panel-0ee2e06d-9ac1-4d64-bba0-860a439fcadb\"\n        >\n            <span class=\"accordion__title\">\n                                Lancement de nouvelles entit\u00e9s            <\/span>\n\n            <svg aria-hidden=\"true\" focusable=\"false\" class=\"icon icon-outline icon--arrow-down \"><use xlink:href=\"https:\/\/www.uni.lu\/wp-content\/themes\/unilux-theme\/assets\/images\/icons\/icons-outline.svg#icon--arrow-down\"><\/use><\/svg>        <\/button>\n    <\/h3>\n    <div id=\"accordion-panel-0ee2e06d-9ac1-4d64-bba0-860a439fcadb\"\n        class=\"accordion__collapse collapse\"\n        aria-labelledby=\"accordion-labelledby-0ee2e06d-9ac1-4d64-bba0-860a439fcadb\"\n        data-bs-parent=\"[data-reference=&quot;b6e33b61-1c3c-468f-bdcb-6d9af6b0b258&quot;]\"\n    >\n        <div class=\"accordion__body \">\n            <ul class=\"flex flex-wrap mt-24 -mx-16  wp-block-unilux-blocks-free-content-card\">\n    <li class=\"w-full sm:w-1\/2 lg:w-1\/3 px-16  wp-block-unilux-blocks-free-content-card-item\">\n    <div class=\"ulux-card card-people bg-theme\">\n        <div class=\"ulux-card__container card__container\">\n                        <div class=\"ulux-card__visual wp-block-unilux-blocks-free-content-card-item-visual\">\n    \n<div class=\"wp-block-unilux-blocks-image-video-wrapper\">\n    <figure class=\"wp-block-dev4-reusable-blocks-image  object-fit--cover\">\n    \n<img decoding=\"async\" class=\"wp-block-image unilux-custom-image-block\"\n                alt=\"Room filled of people taking a workshop\"\n            src=\"https:\/\/www.uni.lu\/wp-content\/uploads\/sites\/9\/2025\/12\/05163609\/Workshop3_I2TL.jpeg\"\n                    style=\"object-position: 50.00% 50.00%; font-family: &quot;object-fit: cover; object-position: 50.00% 50.00%;&quot;; aspect-ratio: 4\/3; object-fit: cover; width: 100%;\"\n        loading=\"lazy\"\n\/>    <\/figure><\/div><\/div><div class=\"ulux-card__body wp-block-unilux-blocks-free-content-card-item-body\">\n    \n<div class=\"card__activity wp-block-unilux-blocks-plain-text\"><\/div>\n<h3 class=\"card__name has-text-align-left wp-block-unilux-blocks-heading\"        id=\"institute-for-innovative-teaching-and-learning\"\n    >\nInstitute for Innovative Teaching and Learning<\/h3>\n\n<div class=\"card__organization wp-block-unilux-blocks-plain-text\">I\u00b2TL<\/div>\n<div class=\"card__function wp-block-unilux-blocks-plain-text\">L\u2019Institute for Innovative Teaching and Learning pilotera des approches modernes de d\u00e9veloppement p\u00e9dagogique et d\u2019\u00e9ducation num\u00e9rique.<\/div>\n<div class=\"card__interest wp-block-unilux-blocks-plain-text\"><\/div><div class=\"ulux-card__link-wrapper card__link wp-block-unilux-blocks-simple-cta\">\n    <a\n        href=\"https:\/\/www.uni.lu\/en\/news\/uni-lu-launches-the-institute-for-innovative-teaching-and-learning\/\"\n        title=\"Learn more\"\n        class=\"link-text link-text--icon ulux-card__link link-text link-absolute\"\n        target=\"\"\n    >\n        <span class=\"link-text__body\">\n            <span class=\"link-text__name\">En savoir plus<\/span>\n        <\/span>\n        <svg aria-hidden=\"true\" focusable=\"false\" class=\"icon icon-outline icon--arrow-right \"><use xlink:href=\"https:\/\/www.uni.lu\/wp-content\/themes\/unilux-theme\/assets\/images\/icons\/icons-outline.svg#icon--arrow-right\"><\/use><\/svg>    <\/a>\n<\/div>\n<\/div>        <\/div>\n    <\/div>\n<\/li><li class=\"w-full sm:w-1\/2 lg:w-1\/3 px-16  wp-block-unilux-blocks-free-content-card-item\">\n    <div class=\"ulux-card card-people bg-theme\">\n        <div class=\"ulux-card__container card__container\">\n                        <div class=\"ulux-card__visual wp-block-unilux-blocks-free-content-card-item-visual\">\n    \n<div class=\"wp-block-unilux-blocks-image-video-wrapper\">\n    <figure class=\"wp-block-dev4-reusable-blocks-image  object-fit--cover\">\n    \n<img decoding=\"async\" class=\"wp-block-image unilux-custom-image-block\"\n                alt=\"\"\n            src=\"https:\/\/www.uni.lu\/wp-content\/uploads\/sites\/9\/2024\/12\/AdobeStock_955641456-1-scaled.jpeg\"\n                    style=\"object-position: 50.00% 50.00%; font-family: &quot;object-fit: cover; object-position: 50.00% 50.00%;&quot;; aspect-ratio: 4\/3; object-fit: cover; width: 100%;\"\n        loading=\"lazy\"\n\/>    <\/figure><\/div><\/div><div class=\"ulux-card__body wp-block-unilux-blocks-free-content-card-item-body\">\n    \n<div class=\"card__activity wp-block-unilux-blocks-plain-text\"><\/div>\n<h3 class=\"card__name has-text-align-left wp-block-unilux-blocks-heading\"        id=\"institute-for-digital-ethics\"\n    >\nInstitute for Digital Ethics<\/h3>\n\n<div class=\"card__organization wp-block-unilux-blocks-plain-text\">ULIDE<\/div>\n<div class=\"card__function wp-block-unilux-blocks-plain-text\">L\u2019Institute for Digital Ethics offre un p\u00f4le transversal de r\u00e9flexion, de formation et de conseil.<\/div>\n<div class=\"card__interest wp-block-unilux-blocks-plain-text\"><\/div><div class=\"ulux-card__link-wrapper card__link wp-block-unilux-blocks-simple-cta\">\n    <a\n        href=\"https:\/\/www.uni.lu\/research-en\/ulide\/\"\n        title=\"Learn more\"\n        class=\"link-text link-text--icon ulux-card__link link-text link-absolute\"\n        target=\"\"\n    >\n        <span class=\"link-text__body\">\n            <span class=\"link-text__name\">En savoir plus<\/span>\n        <\/span>\n        <svg aria-hidden=\"true\" focusable=\"false\" class=\"icon icon-outline icon--arrow-right \"><use xlink:href=\"https:\/\/www.uni.lu\/wp-content\/themes\/unilux-theme\/assets\/images\/icons\/icons-outline.svg#icon--arrow-right\"><\/use><\/svg>    <\/a>\n<\/div>\n<\/div>        <\/div>\n    <\/div>\n<\/li><li class=\"w-full sm:w-1\/2 lg:w-1\/3 px-16  wp-block-unilux-blocks-free-content-card-item\">\n    <div class=\"ulux-card card-people bg-theme\">\n        <div class=\"ulux-card__container card__container\">\n                        <div class=\"ulux-card__visual wp-block-unilux-blocks-free-content-card-item-visual\">\n    \n<div class=\"wp-block-unilux-blocks-image-video-wrapper\">\n    <figure class=\"wp-block-dev4-reusable-blocks-image  object-fit--cover\">\n    \n<img decoding=\"async\" class=\"wp-block-image unilux-custom-image-block\"\n                alt=\"Ralf Seppelt presenting\"\n            src=\"https:\/\/www.uni.lu\/wp-content\/uploads\/sites\/9\/2024\/10\/ralf-seppelt-presenting-copyright-ufz-credit-sebastian-wielding.jpg\"\n                    style=\"object-position: 98.00% 52.00%; font-family: &quot;object-fit: cover; object-position: 98.00% 52.00%;&quot;; aspect-ratio: 4\/3; object-fit: cover; width: 100%;\"\n        loading=\"lazy\"\n\/>    <\/figure><\/div><\/div><div class=\"ulux-card__body wp-block-unilux-blocks-free-content-card-item-body\">\n    \n<div class=\"card__activity wp-block-unilux-blocks-plain-text\"><\/div>\n<h3 class=\"card__name has-text-align-left wp-block-unilux-blocks-heading\"        id=\"centre-for-socio-environmental-systems\"\n    >\nCentre for Socio-Environmental Systems<\/h3>\n\n<div class=\"card__organization wp-block-unilux-blocks-plain-text\">LCSES<\/div>\n<div class=\"card__function wp-block-unilux-blocks-plain-text\">Ralf Seppelt a rejoint l\u2019Universit\u00e9 en tant que directeur du nouveau Luxembourg Centre for Socio-Environmental Systems. <\/div>\n<div class=\"card__interest wp-block-unilux-blocks-plain-text\"><\/div><div class=\"ulux-card__link-wrapper card__link wp-block-unilux-blocks-simple-cta\">\n    <a\n        href=\"https:\/\/www.uni.lu\/fr\/news\/directeur-nomme-au-nouveau-centre-for-socio-environmental-systems\/\"\n        title=\"Learn more\"\n        class=\"link-text link-text--icon ulux-card__link link-text link-absolute\"\n        target=\"\"\n    >\n        <span class=\"link-text__body\">\n            <span class=\"link-text__name\">En savoir plus<\/span>\n        <\/span>\n        <svg aria-hidden=\"true\" focusable=\"false\" class=\"icon icon-outline icon--arrow-right \"><use xlink:href=\"https:\/\/www.uni.lu\/wp-content\/themes\/unilux-theme\/assets\/images\/icons\/icons-outline.svg#icon--arrow-right\"><\/use><\/svg>    <\/a>\n<\/div>\n<\/div>        <\/div>\n    <\/div>\n<\/li><li class=\"w-full sm:w-1\/2 lg:w-1\/3 px-16  wp-block-unilux-blocks-free-content-card-item\">\n    <div class=\"ulux-card card-people bg-theme\">\n        <div class=\"ulux-card__container card__container\">\n                        <div class=\"ulux-card__visual wp-block-unilux-blocks-free-content-card-item-visual\">\n    \n<div class=\"wp-block-unilux-blocks-image-video-wrapper\">\n    <figure class=\"wp-block-dev4-reusable-blocks-image  object-fit--cover\">\n    \n<img decoding=\"async\" class=\"wp-block-image unilux-custom-image-block\"\n                alt=\"\"\n            src=\"https:\/\/www.uni.lu\/wp-content\/uploads\/sites\/11\/2025\/07\/25104911\/climate-convention-3-scaled.jpeg\"\n                srcset=\"https:\/\/www.uni.lu\/wp-content\/uploads\/sites\/11\/2025\/07\/25104911\/climate-convention-3-300x225.jpeg 300w, https:\/\/www.uni.lu\/wp-content\/uploads\/sites\/11\/2025\/07\/25104911\/climate-convention-3-1024x768.jpeg 1024w, https:\/\/www.uni.lu\/wp-content\/uploads\/sites\/11\/2025\/07\/25104911\/climate-convention-3-768x576.jpeg 768w, https:\/\/www.uni.lu\/wp-content\/uploads\/sites\/11\/2025\/07\/25104911\/climate-convention-3-1536x1152.jpeg 1536w, https:\/\/www.uni.lu\/wp-content\/uploads\/sites\/11\/2025\/07\/25104911\/climate-convention-3-2048x1536.jpeg 2048w\"\n                style=\"object-position: 98.00% 52.00%; font-family: &quot;object-fit: cover; object-position: 98.00% 52.00%;&quot;; aspect-ratio: 4\/3; object-fit: cover; width: 100%;\"\n        loading=\"lazy\"\n\/>    <\/figure><\/div><\/div><div class=\"ulux-card__body wp-block-unilux-blocks-free-content-card-item-body\">\n    \n<div class=\"card__activity wp-block-unilux-blocks-plain-text\"><\/div>\n<h3 class=\"card__name has-text-align-left wp-block-unilux-blocks-heading\"        id=\"convention-nexus-climat\"\n    >\nConvention Nexus Climat<\/h3>\n\n<div class=\"card__organization wp-block-unilux-blocks-plain-text\">LCSES<\/div>\n<div class=\"card__function wp-block-unilux-blocks-plain-text\">En \u00e9t\u00e9, l\u2019Universit\u00e9 a sign\u00e9 la premi\u00e8re convention Nexus Climat avec le gouvernement luxembourgeois. L\u2019Universit\u00e9 va explorer, tester et \u00e9tendre les transformations li\u00e9es au climat \u00e0 tous les niveaux gr\u00e2ce \u00e0 la recherche interdisciplinaire, \u00e0 l\u2019analyse des donn\u00e9es et \u00e0 l\u2019engagement public inclusif. La Convention soutient \u00e9galement plusieurs chapitres de l&rsquo;accord de coalition 2023-2028 du Luxembourg, acc\u00e9l\u00e9rant la r\u00e9alisation des objectifs nationaux et mondiaux en mati\u00e8re de durabilit\u00e9. <\/div>\n<div class=\"card__interest wp-block-unilux-blocks-plain-text\"><\/div><div class=\"ulux-card__link-wrapper card__link wp-block-unilux-blocks-simple-cta\">\n    <a\n        href=\"https:\/\/www.uni.lu\/fr\/news\/directeur-nomme-au-nouveau-centre-for-socio-environmental-systems\/\"\n        title=\"Learn more\"\n        class=\"link-text link-text--icon ulux-card__link link-text link-absolute\"\n        target=\"\"\n    >\n        <span class=\"link-text__body\">\n            <span class=\"link-text__name\">En savoir plus<\/span>\n        <\/span>\n        <svg aria-hidden=\"true\" focusable=\"false\" class=\"icon icon-outline icon--arrow-right \"><use xlink:href=\"https:\/\/www.uni.lu\/wp-content\/themes\/unilux-theme\/assets\/images\/icons\/icons-outline.svg#icon--arrow-right\"><\/use><\/svg>    <\/a>\n<\/div>\n<\/div>        <\/div>\n    <\/div>\n<\/li><\/ul>        <\/div>\n    <\/div>\n<\/div>\n\n<div class=\"accordion__item  wp-block-unilux-blocks-accordion-item\">\n    <h3 class=\"accordion__header\"\n                    id=\"partenariat-avec-google\"\n        >\n        <button\n            type=\"button\"\n            id=\"accordion-labelledby-41e10731-6655-4c94-a56c-3e968a367cb5\"\n            class=\"accordion__button collapsed\"\n            aria-expanded=\"false\"\n            aria-controls=\"accordion-panel-41e10731-6655-4c94-a56c-3e968a367cb5\"\n            data-bs-toggle=\"collapse\"\n            data-bs-target=\"#accordion-panel-41e10731-6655-4c94-a56c-3e968a367cb5\"\n        >\n            <span class=\"accordion__title\">\n                                Partenariat avec Google            <\/span>\n\n            <svg aria-hidden=\"true\" focusable=\"false\" class=\"icon icon-outline icon--arrow-down \"><use xlink:href=\"https:\/\/www.uni.lu\/wp-content\/themes\/unilux-theme\/assets\/images\/icons\/icons-outline.svg#icon--arrow-down\"><\/use><\/svg>        <\/button>\n    <\/h3>\n    <div id=\"accordion-panel-41e10731-6655-4c94-a56c-3e968a367cb5\"\n        class=\"accordion__collapse collapse\"\n        aria-labelledby=\"accordion-labelledby-41e10731-6655-4c94-a56c-3e968a367cb5\"\n        data-bs-parent=\"[data-reference=&quot;b6e33b61-1c3c-468f-bdcb-6d9af6b0b258&quot;]\"\n    >\n        <div class=\"accordion__body \">\n            \n<p>L\u2019Universit\u00e9&nbsp;et Google&nbsp;ont&nbsp;annonc\u00e9&nbsp;un nouveau&nbsp;partenariat&nbsp;comprenant&nbsp;un Centre&nbsp;d\u2019excellence&nbsp;et&nbsp;une&nbsp;Chaire&nbsp;en&nbsp;IA&nbsp;souveraine. Ce&nbsp;partenariat&nbsp;se&nbsp;concentrera&nbsp;sur la&nbsp;cybers\u00e9curit\u00e9&nbsp;et&nbsp;l\u2019IA,&nbsp;afin&nbsp;de doter les&nbsp;\u00e9tudiants, les&nbsp;entreprises&nbsp;et&nbsp;l\u2019\u00e9cosyst\u00e8me&nbsp;au&nbsp;sens&nbsp;large de&nbsp;comp\u00e9tences&nbsp;comp\u00e9titives.&nbsp;<\/p>\n\n<ul class=\"wp-block-unilux-blocks-button-list-v2\">\n<li class=\"wp-block-unilux-blocks-button-list-item-v2\"><a class=\"quick-link\" href=\"https:\/\/www.uni.lu\/snt-fr\/news\/google-devient-un-nouveau-partenaire-du-snt-de-l-universite-du-luxembourg\/\" target=\"\" role=\"link\" rel=\"noopener\" tabindex=\"0\"><span class=\"quick-link__container\">\n<div class=\"wp-block-unilux-blocks-block-inserter quick-link__img\">\n<div class=\"icon--primary icon--secondary-2 icon--lg wp-block-unilux-blocks-icon-picker\">\n    <svg aria-hidden=\"true\" focusable=\"false\" class=\"icon icon-outline icon--partnership \"><use xlink:href=\"https:\/\/www.uni.lu\/wp-content\/themes\/unilux-theme\/assets\/images\/icons\/icons-outline.svg#icon--partnership\"><\/use><\/svg><\/div><\/div>\n\n\n\n<span class=\"quick-link__name wp-block-unilux-blocks-plain-text\">En savoir plus<\/span>\n\n<svg aria-hidden=\"true\" focusable=\"false\" class=\"icon icon-outline icon--arrow-right \"><use xlink:href=\"https:\/\/www.uni.lu\/wp-content\/themes\/unilux-theme\/assets\/images\/icons\/icons-outline.svg#icon--arrow-right\"><\/use><\/svg><\/span><\/a><\/li>\n<\/ul>\n        <\/div>\n    <\/div>\n<\/div>\n\n<div class=\"accordion__item  wp-block-unilux-blocks-accordion-item\">\n    <h3 class=\"accordion__header\"\n                    id=\"chaire-ceratizit-en-materiaux-durs-et-avances\"\n        >\n        <button\n            type=\"button\"\n            id=\"accordion-labelledby-b649b6f1-ce9e-423e-879b-396290b245d8\"\n            class=\"accordion__button collapsed\"\n            aria-expanded=\"false\"\n            aria-controls=\"accordion-panel-b649b6f1-ce9e-423e-879b-396290b245d8\"\n            data-bs-toggle=\"collapse\"\n            data-bs-target=\"#accordion-panel-b649b6f1-ce9e-423e-879b-396290b245d8\"\n        >\n            <span class=\"accordion__title\">\n                                Chaire\u00a0CERATIZIT\u00a0en\u00a0mat\u00e9riaux\u00a0durs\u00a0et\u00a0avanc\u00e9s            <\/span>\n\n            <svg aria-hidden=\"true\" focusable=\"false\" class=\"icon icon-outline icon--arrow-down \"><use xlink:href=\"https:\/\/www.uni.lu\/wp-content\/themes\/unilux-theme\/assets\/images\/icons\/icons-outline.svg#icon--arrow-down\"><\/use><\/svg>        <\/button>\n    <\/h3>\n    <div id=\"accordion-panel-b649b6f1-ce9e-423e-879b-396290b245d8\"\n        class=\"accordion__collapse collapse\"\n        aria-labelledby=\"accordion-labelledby-b649b6f1-ce9e-423e-879b-396290b245d8\"\n        data-bs-parent=\"[data-reference=&quot;b6e33b61-1c3c-468f-bdcb-6d9af6b0b258&quot;]\"\n    >\n        <div class=\"accordion__body \">\n            \n<p>L\u2019Universit\u00e9&nbsp;accueille&nbsp;la&nbsp;<strong>Chaire&nbsp;CERATIZIT&nbsp;en&nbsp;mat\u00e9riaux&nbsp;durs&nbsp;et&nbsp;avanc\u00e9s<\/strong>&nbsp;afin&nbsp;de&nbsp;renforcer&nbsp;la R&amp;D dans des technologies de&nbsp;mat\u00e9riaux&nbsp;et de fabrication&nbsp;de pointe.<\/p>\n\n<ul class=\"wp-block-unilux-blocks-button-list-v2\">\n<li class=\"wp-block-unilux-blocks-button-list-item-v2\"><a class=\"quick-link\" href=\"https:\/\/www.uni.lu\/research-fr\/news\/l-universite-et-ceratizit-lancent-une-chaire-pour-innover-dans-les-materiaux-et-la-production\/\" target=\"\" role=\"link\" rel=\"noopener\" tabindex=\"0\"><span class=\"quick-link__container\">\n<div class=\"wp-block-unilux-blocks-block-inserter quick-link__img\">\n<div class=\"icon--primary icon--secondary-2  wp-block-unilux-blocks-icon-picker\">\n    <svg aria-hidden=\"true\" focusable=\"false\" class=\"icon icon-outline icon--news \"><use xlink:href=\"https:\/\/www.uni.lu\/wp-content\/themes\/unilux-theme\/assets\/images\/icons\/icons-outline.svg#icon--news\"><\/use><\/svg><\/div><\/div>\n\n\n\n<span class=\"quick-link__name wp-block-unilux-blocks-plain-text\">Lire le communiqu\u00e9 de presse<\/span>\n\n<svg aria-hidden=\"true\" focusable=\"false\" class=\"icon icon-outline icon--arrow-right \"><use xlink:href=\"https:\/\/www.uni.lu\/wp-content\/themes\/unilux-theme\/assets\/images\/icons\/icons-outline.svg#icon--arrow-right\"><\/use><\/svg><\/span><\/a><\/li>\n<\/ul>\n        <\/div>\n    <\/div>\n<\/div>\n\n<div class=\"accordion__item  wp-block-unilux-blocks-accordion-item\">\n    <h3 class=\"accordion__header\"\n                    id=\"nouvelle-chaire-histoire-et-migrations\"\n        >\n        <button\n            type=\"button\"\n            id=\"accordion-labelledby-404f35f6-a090-4ee6-8821-f2624cfa261a\"\n            class=\"accordion__button collapsed\"\n            aria-expanded=\"false\"\n            aria-controls=\"accordion-panel-404f35f6-a090-4ee6-8821-f2624cfa261a\"\n            data-bs-toggle=\"collapse\"\n            data-bs-target=\"#accordion-panel-404f35f6-a090-4ee6-8821-f2624cfa261a\"\n        >\n            <span class=\"accordion__title\">\n                                Nouvelle Chaire \u00ab Histoire et Migrations \u00bb            <\/span>\n\n            <svg aria-hidden=\"true\" focusable=\"false\" class=\"icon icon-outline icon--arrow-down \"><use xlink:href=\"https:\/\/www.uni.lu\/wp-content\/themes\/unilux-theme\/assets\/images\/icons\/icons-outline.svg#icon--arrow-down\"><\/use><\/svg>        <\/button>\n    <\/h3>\n    <div id=\"accordion-panel-404f35f6-a090-4ee6-8821-f2624cfa261a\"\n        class=\"accordion__collapse collapse\"\n        aria-labelledby=\"accordion-labelledby-404f35f6-a090-4ee6-8821-f2624cfa261a\"\n        data-bs-parent=\"[data-reference=&quot;b6e33b61-1c3c-468f-bdcb-6d9af6b0b258&quot;]\"\n    >\n        <div class=\"accordion__body \">\n            \n<p>Une nouvelle Chaire \u00ab Histoire et Migrations \u00bb : un pont entre le pass\u00e9 et l&rsquo;avenir pour \u00e9tudier les migrations internationales au cours des XIXe et XXe si\u00e8cles dans la Grande R\u00e9gion.<\/p>\n\n<ul class=\"wp-block-unilux-blocks-button-list-v2\">\n<li class=\"wp-block-unilux-blocks-button-list-item-v2\"><a class=\"quick-link\" href=\"https:\/\/www.uni.lu\/c2dh-fr\/chairs\/histoire-et-migrations\/\" target=\"\" role=\"link\" rel=\"noopener\" tabindex=\"0\"><span class=\"quick-link__container\">\n<div class=\"wp-block-unilux-blocks-block-inserter quick-link__img\">\n<div class=\"icon--primary icon--secondary-2  wp-block-unilux-blocks-icon-picker\">\n    <svg aria-hidden=\"true\" focusable=\"false\" class=\"icon icon-outline icon--group \"><use xlink:href=\"https:\/\/www.uni.lu\/wp-content\/themes\/unilux-theme\/assets\/images\/icons\/icons-outline.svg#icon--group\"><\/use><\/svg><\/div><\/div>\n\n\n\n<span class=\"quick-link__name wp-block-unilux-blocks-plain-text\">En savoir plus<\/span>\n\n<svg aria-hidden=\"true\" focusable=\"false\" class=\"icon icon-outline icon--arrow-right \"><use xlink:href=\"https:\/\/www.uni.lu\/wp-content\/themes\/unilux-theme\/assets\/images\/icons\/icons-outline.svg#icon--arrow-right\"><\/use><\/svg><\/span><\/a><\/li>\n<\/ul>\n        <\/div>\n    <\/div>\n<\/div><\/div>\n\n\n\n<section class=\"section wp-block-unilux-blocks-covered-info\">\n    \n<div class=\"wp-block-unilux-blocks-wrapper max-w-screen-3xl mx-auto relative bg-dark\">\n<div class=\"wp-block-unilux-blocks-wrapper container container-py 2xl:max-w-screen-2xl relative z-30 covered-info__container\">\n<h2 class=\"covered-info__title has-text-align-left wp-block-unilux-blocks-heading\"        id=\"uni-dans-la-societe\"\n    >\nUni.lu dans la soci\u00e9t\u00e9<\/h2>\n\n\n\n<ul class=\"wp-block-unilux-blocks-custom-buttons btn-list\"><\/ul>\n<\/div>\n\n\n\n<div class=\"wp-block-unilux-blocks-wrapper image-bg\">\n<div class=\"wp-block-unilux-blocks-wrapper img-bg-overlay\"><\/div>\n\n\n<figure class=\"wp-block-dev4-reusable-blocks-image object-cover w-full h-full object-fit--cover\">\n    \n<img decoding=\"async\" class=\"wp-block-image unilux-custom-image-block\"\n                alt=\"\"\n            src=\"https:\/\/www.uni.lu\/wp-content\/uploads\/sites\/9\/2025\/02\/flyd-OLRXnzXFBjo-unsplash-scaled.jpg\"\n                    style=\"object-position: 59.00% 73.00%; font-family: &quot;object-fit: cover; object-position: 59.00% 73.00%;&quot;; aspect-ratio: 16\/9; object-fit: cover; width: 100%;\"\n        loading=\"lazy\"\n\/>    <\/figure><\/div>\n<\/div>\n<\/section>\n\n\n<div class=\"wp-block-unilux-blocks-accordion accordion accordion--theme accordion-standard\" data-reference=\"1d316702-0cc0-4dff-b15d-ab2dd614e42c\" data-accordion-type=\"standard\"><div class=\"accordion__item  wp-block-unilux-blocks-accordion-item\">\n    <h3 class=\"accordion__header\"\n                    id=\"2025-annee-quantique\"\n        >\n        <button\n            type=\"button\"\n            id=\"accordion-labelledby-0bf37748-cb93-48e4-b89e-4a21304ad082\"\n            class=\"accordion__button collapsed\"\n            aria-expanded=\"false\"\n            aria-controls=\"accordion-panel-0bf37748-cb93-48e4-b89e-4a21304ad082\"\n            data-bs-toggle=\"collapse\"\n            data-bs-target=\"#accordion-panel-0bf37748-cb93-48e4-b89e-4a21304ad082\"\n        >\n            <span class=\"accordion__title\">\n                                2025, ann\u00e9e quantique            <\/span>\n\n            <svg aria-hidden=\"true\" focusable=\"false\" class=\"icon icon-outline icon--arrow-down \"><use xlink:href=\"https:\/\/www.uni.lu\/wp-content\/themes\/unilux-theme\/assets\/images\/icons\/icons-outline.svg#icon--arrow-down\"><\/use><\/svg>        <\/button>\n    <\/h3>\n    <div id=\"accordion-panel-0bf37748-cb93-48e4-b89e-4a21304ad082\"\n        class=\"accordion__collapse collapse\"\n        aria-labelledby=\"accordion-labelledby-0bf37748-cb93-48e4-b89e-4a21304ad082\"\n        data-bs-parent=\"[data-reference=&quot;1d316702-0cc0-4dff-b15d-ab2dd614e42c&quot;]\"\n    >\n        <div class=\"accordion__body \">\n            \n<p>Des<strong> <\/strong>chercheurs en cybers\u00e9curit\u00e9, en technologies de l\u2019information, en science des mat\u00e9riaux et en physique explorent de nouvelles possibilit\u00e9s gr\u00e2ce \u00e0 la recherche quantique. En 2025, Uni.lu a pr\u00e9sent\u00e9 le meilleur de sa science \u00e0 travers une s\u00e9rie d\u2019activit\u00e9s pour susciter la curiosit\u00e9 et faire progresser notre compr\u00e9hension des sujets li\u00e9s \u00e0 la physique quantique.<\/p>\n\n<ul class=\"wp-block-unilux-blocks-button-list-v2\">\n<li class=\"wp-block-unilux-blocks-button-list-item-v2\"><a class=\"quick-link\" href=\"https:\/\/www.uni.lu\/research-en\/research-areas\/quantum\/\" target=\"\" role=\"link\" rel=\"noopener\" tabindex=\"0\"><span class=\"quick-link__container\">\n<div class=\"wp-block-unilux-blocks-block-inserter quick-link__img\">\n<div class=\"icon--primary icon--secondary-2  wp-block-unilux-blocks-icon-picker\">\n    <svg aria-hidden=\"true\" focusable=\"false\" class=\"icon icon-outline icon--research \"><use xlink:href=\"https:\/\/www.uni.lu\/wp-content\/themes\/unilux-theme\/assets\/images\/icons\/icons-outline.svg#icon--research\"><\/use><\/svg><\/div><\/div>\n\n\n\n<span class=\"quick-link__name wp-block-unilux-blocks-plain-text\">D\u00e9couvrez les initiatives et les recherches d&rsquo;Uni.lu pour le Quantum<\/span>\n\n<svg aria-hidden=\"true\" focusable=\"false\" class=\"icon icon-outline icon--arrow-right \"><use xlink:href=\"https:\/\/www.uni.lu\/wp-content\/themes\/unilux-theme\/assets\/images\/icons\/icons-outline.svg#icon--arrow-right\"><\/use><\/svg><\/span><\/a><\/li>\n<\/ul>\n        <\/div>\n    <\/div>\n<\/div>\n\n<div class=\"accordion__item  wp-block-unilux-blocks-accordion-item\">\n    <h3 class=\"accordion__header\"\n                    id=\"democracy-and-youth-in-the-digital-age\"\n        >\n        <button\n            type=\"button\"\n            id=\"accordion-labelledby-5d9f3f55-65c0-470e-a0af-349a7b90061c\"\n            class=\"accordion__button collapsed\"\n            aria-expanded=\"false\"\n            aria-controls=\"accordion-panel-5d9f3f55-65c0-470e-a0af-349a7b90061c\"\n            data-bs-toggle=\"collapse\"\n            data-bs-target=\"#accordion-panel-5d9f3f55-65c0-470e-a0af-349a7b90061c\"\n        >\n            <span class=\"accordion__title\">\n                                Democracy and Youth in the Digital Age            <\/span>\n\n            <svg aria-hidden=\"true\" focusable=\"false\" class=\"icon icon-outline icon--arrow-down \"><use xlink:href=\"https:\/\/www.uni.lu\/wp-content\/themes\/unilux-theme\/assets\/images\/icons\/icons-outline.svg#icon--arrow-down\"><\/use><\/svg>        <\/button>\n    <\/h3>\n    <div id=\"accordion-panel-5d9f3f55-65c0-470e-a0af-349a7b90061c\"\n        class=\"accordion__collapse collapse\"\n        aria-labelledby=\"accordion-labelledby-5d9f3f55-65c0-470e-a0af-349a7b90061c\"\n        data-bs-parent=\"[data-reference=&quot;1d316702-0cc0-4dff-b15d-ab2dd614e42c&quot;]\"\n    >\n        <div class=\"accordion__body \">\n            \n<p>La&nbsp;conf\u00e9rence&nbsp;de trois&nbsp;jours&nbsp;<strong>Democracy and Youth in the Digital Age<\/strong> a&nbsp;r\u00e9uni&nbsp;experts,&nbsp;\u00e9tudiants&nbsp;et&nbsp;d\u00e9cideurs&nbsp;politiques&nbsp;autour&nbsp;de&nbsp;th\u00e9matiques&nbsp;cl\u00e9s&nbsp;de la&nbsp;d\u00e9mocratie&nbsp;et de&nbsp;l\u2019engagement&nbsp;des jeunes \u00e0&nbsp;l\u2019\u00e8re&nbsp;num\u00e9rique.&nbsp;<\/p>\n\n<ul class=\"wp-block-unilux-blocks-button-list-v2\">\n<li class=\"wp-block-unilux-blocks-button-list-item-v2\"><a class=\"quick-link\" href=\"https:\/\/www.uni.lu\/fhse-fr\/news\/pouvons-nous-sauver-la-democratie-grace-aux-jeunes\/\" target=\"\" role=\"link\" rel=\"noopener\" tabindex=\"0\"><span class=\"quick-link__container\">\n<div class=\"wp-block-unilux-blocks-block-inserter quick-link__img\">\n<div class=\"icon--primary icon--secondary-2 icon--lg wp-block-unilux-blocks-icon-picker\">\n    <svg aria-hidden=\"true\" focusable=\"false\" class=\"icon icon-outline icon--workshop \"><use xlink:href=\"https:\/\/www.uni.lu\/wp-content\/themes\/unilux-theme\/assets\/images\/icons\/icons-outline.svg#icon--workshop\"><\/use><\/svg><\/div><\/div>\n\n\n\n<span class=\"quick-link__name wp-block-unilux-blocks-plain-text\">En savoir plus<\/span>\n\n<svg aria-hidden=\"true\" focusable=\"false\" class=\"icon icon-outline icon--arrow-right \"><use xlink:href=\"https:\/\/www.uni.lu\/wp-content\/themes\/unilux-theme\/assets\/images\/icons\/icons-outline.svg#icon--arrow-right\"><\/use><\/svg><\/span><\/a><\/li>\n<\/ul>\n        <\/div>\n    <\/div>\n<\/div>\n\n<div class=\"accordion__item  wp-block-unilux-blocks-accordion-item\">\n    <h3 class=\"accordion__header\"\n                    id=\"univercity-talks\"\n        >\n        <button\n            type=\"button\"\n            id=\"accordion-labelledby-1a65d568-45e9-467b-a641-f80d112e552c\"\n            class=\"accordion__button collapsed\"\n            aria-expanded=\"false\"\n            aria-controls=\"accordion-panel-1a65d568-45e9-467b-a641-f80d112e552c\"\n            data-bs-toggle=\"collapse\"\n            data-bs-target=\"#accordion-panel-1a65d568-45e9-467b-a641-f80d112e552c\"\n        >\n            <span class=\"accordion__title\">\n                                UniverCITY Talks            <\/span>\n\n            <svg aria-hidden=\"true\" focusable=\"false\" class=\"icon icon-outline icon--arrow-down \"><use xlink:href=\"https:\/\/www.uni.lu\/wp-content\/themes\/unilux-theme\/assets\/images\/icons\/icons-outline.svg#icon--arrow-down\"><\/use><\/svg>        <\/button>\n    <\/h3>\n    <div id=\"accordion-panel-1a65d568-45e9-467b-a641-f80d112e552c\"\n        class=\"accordion__collapse collapse\"\n        aria-labelledby=\"accordion-labelledby-1a65d568-45e9-467b-a641-f80d112e552c\"\n        data-bs-parent=\"[data-reference=&quot;1d316702-0cc0-4dff-b15d-ab2dd614e42c&quot;]\"\n    >\n        <div class=\"accordion__body \">\n            \n<p>Uni.lu a lanc\u00e9 les UniverCITY Talks, une s\u00e9rie de discussions interactives au cours desquelles des experts de l&rsquo;Universit\u00e9 du Luxembourg se rendent en ville pour explorer des th\u00e8mes cl\u00e9s tels que l&rsquo;intelligence artificielle, la sant\u00e9, la finance, l&rsquo;espace et la durabilit\u00e9.<\/p>\n\n<ul class=\"wp-block-unilux-blocks-button-list-v2\">\n<li class=\"wp-block-unilux-blocks-button-list-item-v2\"><a class=\"quick-link\" href=\"https:\/\/www.uni.lu\/en\/news\/univercity-talks\/\" target=\"\" role=\"link\" rel=\"noopener\" tabindex=\"0\"><span class=\"quick-link__container\">\n<div class=\"wp-block-unilux-blocks-block-inserter quick-link__img\">\n<div class=\"icon--primary icon--secondary-2 icon--lg wp-block-unilux-blocks-icon-picker\">\n    <svg aria-hidden=\"true\" focusable=\"false\" class=\"icon icon-outline icon--speaker \"><use xlink:href=\"https:\/\/www.uni.lu\/wp-content\/themes\/unilux-theme\/assets\/images\/icons\/icons-outline.svg#icon--speaker\"><\/use><\/svg><\/div><\/div>\n\n\n\n<span class=\"quick-link__name wp-block-unilux-blocks-plain-text\">En savoir plus sur les UniverCITY Talks<\/span>\n\n<svg aria-hidden=\"true\" focusable=\"false\" class=\"icon icon-outline icon--arrow-right \"><use xlink:href=\"https:\/\/www.uni.lu\/wp-content\/themes\/unilux-theme\/assets\/images\/icons\/icons-outline.svg#icon--arrow-right\"><\/use><\/svg><\/span><\/a><\/li>\n<\/ul>\n        <\/div>\n    <\/div>\n<\/div><\/div>\n\n\n<div class=\"wp-block-unilux-blocks-spacer is-spacer-size-sm\"><\/div>\n\n\n<section class=\"wp-block-unilux-blocks-quote-people\">\n    <div class=\"quote-people\" role=\"group\">\n        <figure class=\"quote-people__body\">\n            <blockquote class=\"quote-people__blockquote\">\n    <span class=\"quote-people__quote\">\u201f<\/span>\n    Nos valeurs partag\u00e9es, la confiance mutuelle et le sens des responsabilit\u00e9s qui nous animent apportent de la stabilit\u00e9. Nous avons cl\u00f4tur\u00e9 l\u2019ann\u00e9e en c\u00e9l\u00e9brant pr\u00e8s de 1 800 dipl\u00f4m\u00e9s lors d\u2019une semaine de remise des dipl\u00f4mes inspirante, un moment qui a honor\u00e9 la r\u00e9ussite acad\u00e9mique et, surtout, le parcours humain derri\u00e8re chaque dipl\u00f4me. Lors de la premi\u00e8re \u00e9valuation externe de la recherche depuis six ans, des experts internationaux ind\u00e9pendants ont conclu que l&rsquo;Uni.lu avait obtenu des r\u00e9sultats remarquables.\u201d\n<\/blockquote><!-- People Item Automated: Quote People -->\n<div class=\"quote-people__visual\">\n    <figure class=\"wp-block-dev4-reusable-blocks-image object-fit--cover\">\n        <!-- Template Image Component: default -->\n<img decoding=\"async\" class=\"w-full\" width=\"\" height=\"\" rel=\"\" alt=\"Prof Jens KREISEL\" src=\"https:\/\/www.uni.lu\/en\/person-image\/NTAwMzE3MzBfX0plbnMgS1JFSVNFTA==\" srcset=\"https:\/\/www.uni.lu\/en\/person-image\/NTAwMzE3MzBfX0plbnMgS1JFSVNFTA==--thumbnail 150w,https:\/\/www.uni.lu\/en\/person-image\/NTAwMzE3MzBfX0plbnMgS1JFSVNFTA==--medium 300w,https:\/\/www.uni.lu\/en\/person-image\/NTAwMzE3MzBfX0plbnMgS1JFSVNFTA==--medium_large 768w,https:\/\/www.uni.lu\/en\/person-image\/NTAwMzE3MzBfX0plbnMgS1JFSVNFTA==--large 1024w,https:\/\/www.uni.lu\/en\/person-image\/NTAwMzE3MzBfX0plbnMgS1JFSVNFTA==--1536x1536 1536w,https:\/\/www.uni.lu\/en\/person-image\/NTAwMzE3MzBfX0plbnMgS1JFSVNFTA==--2048x2048 2048w\" loading=\"lazy\" \/><!-- end Image Component -->\n    <\/figure>\n<\/div>\n<div class=\"quote-people__figcaption\">\n    <p class=\"quote-people__author\">Prof Jens KREISEL<\/p>\n    <p class=\"quote-people__position\">Rector<\/p>\n    <div class=\"wp-block-unilux-blocks-simple-cta wp-block-unilux-blocks-people-item-automated\">\n    <a\n        href=\"https:\/\/www.uni.lu\/fstm-en\/people\/jens-kreisel\/\"\n        title=\"Prof Jens KREISEL\"\n        class=\"link-text link-text--icon quote-people__link\"\n        target=\"\"\n    >\n        <span class=\"link-text__body\">\n            <span class=\"link-text__name\">Voir le profil<\/span>\n        <\/span>\n        <svg aria-hidden=\"true\" focusable=\"false\" class=\"icon icon-outline icon--arrow-right \"><use xlink:href=\"https:\/\/www.uni.lu\/wp-content\/themes\/unilux-theme\/assets\/images\/icons\/icons-outline.svg#icon--arrow-right\"><\/use><\/svg>    <\/a>\n<\/div>\n<\/div>\n<!-- end People Item Automated -->        <\/figure>\n    <\/div>\n<\/section>\n\n\n<p>L\u2019Universit\u00e9 remercie ses \u00e9tudiants et son personnel pour leur collaboration et souhaite \u00e0 toute sa communaut\u00e9 et ses partenaires un d\u00e9but d\u2019ann\u00e9e 2026 inspirant.<\/p>\n<\/div><\/section>\n","protected":false},"excerpt":{"rendered":"","protected":false},"author":341,"featured_media":17743,"template":"","format":"standard","meta":{"featured_image_focal_point":{"x":0.56,"y":0.58},"show_featured_caption":false,"ulux_newsletter_groups":"","uluxPostTitle":"","uluxPrePostTitle":"","_trash_the_other_posts":false,"_price":"","_stock":"","_tribe_ticket_header":"","_tribe_default_ticket_provider":"","_tribe_ticket_capacity":"0","_ticket_start_date":"","_ticket_end_date":"","_tribe_ticket_show_description":"","_tribe_ticket_show_not_going":false,"_tribe_ticket_use_global_stock":"","_tribe_ticket_global_stock_level":"","_global_stock_mode":"","_global_stock_cap":"","_tribe_rsvp_for_event":"","_tribe_ticket_going_count":"","_tribe_ticket_not_going_count":"","_tribe_tickets_list":"[]","_tribe_ticket_has_attendee_info_fields":false},"news-category":[3],"news-topic":[],"organisation":[226],"authorship":[341],"acf":[],"yoast_head":"<!-- This site is optimized with the Yoast SEO Premium plugin v22.3 (Yoast SEO v22.3) - https:\/\/yoast.com\/wordpress\/plugins\/seo\/ -->\n<title>Moments cl\u00e9s : les \u00e9v\u00e9nements marquants de l&#039;Uni.lu en 2025 - Universit\u00e9 du Luxembourg<\/title>\n<meta name=\"description\" content=\"\u00c0 l&#039;aube de cette nouvelle ann\u00e9e, l&#039;universit\u00e9 revient sur les moments cl\u00e9s, les r\u00e9sultats de recherche et les activit\u00e9s qui ont marqu\u00e9 l&#039;ann\u00e9e 2025. La\" \/>\n<meta name=\"robots\" content=\"index, follow, max-snippet:-1, max-image-preview:large, max-video-preview:-1\" \/>\n<link rel=\"canonical\" href=\"https:\/\/www.uni.lu\/fr\/news\/evenements-marquants-de-uni-lu-en-2025\/\" \/>\n<meta property=\"og:locale\" content=\"fr_FR\" \/>\n<meta property=\"og:type\" content=\"article\" \/>\n<meta property=\"og:title\" content=\"Moments cl\u00e9s : les \u00e9v\u00e9nements marquants de l&#039;Uni.lu en 2025\" \/>\n<meta property=\"og:description\" content=\"\u00c0 l&#039;aube de cette nouvelle ann\u00e9e, l&#039;universit\u00e9 revient sur les moments cl\u00e9s, les r\u00e9sultats de recherche et les activit\u00e9s qui ont marqu\u00e9 l&#039;ann\u00e9e 2025. La\" \/>\n<meta property=\"og:url\" content=\"https:\/\/www.uni.lu\/fr\/news\/evenements-marquants-de-uni-lu-en-2025\/\" \/>\n<meta property=\"og:site_name\" content=\"UNI FR\" \/>\n<meta property=\"article:publisher\" content=\"https:\/\/www.facebook.com\/uni.lu\" \/>\n<meta property=\"article:modified_time\" content=\"2026-01-07T14:55:11+00:00\" \/>\n<meta property=\"og:image\" content=\"https:\/\/www.uni.lu\/wp-content\/uploads\/sites\/11\/2025\/12\/31123427\/belval.webp\" \/>\n\t<meta property=\"og:image:width\" content=\"812\" \/>\n\t<meta property=\"og:image:height\" content=\"560\" \/>\n\t<meta property=\"og:image:type\" content=\"image\/webp\" \/>\n<meta name=\"twitter:card\" content=\"summary_large_image\" \/>\n<meta name=\"twitter:label1\" content=\"Dur\u00e9e de lecture estim\u00e9e\" \/>\n\t<meta name=\"twitter:data1\" content=\"6 minutes\" \/>\n<script type=\"application\/ld+json\" class=\"yoast-schema-graph\">{\"@context\":\"https:\/\/schema.org\",\"@graph\":[{\"@type\":\"NewsArticle\",\"@id\":\"https:\/\/www.uni.lu\/fr\/news\/evenements-marquants-de-uni-lu-en-2025\/#article\",\"isPartOf\":{\"@id\":\"https:\/\/www.uni.lu\/fr\/news\/evenements-marquants-de-uni-lu-en-2025\/\"},\"author\":{\"name\":\"Catherine Clesse\",\"@id\":\"https:\/\/www.uni.lu\/fr\/#\/schema\/person\/67d3defa53981502bf9cddb74a850c08\"},\"headline\":\"Moments cl\u00e9s : les \u00e9v\u00e9nements marquants de l&rsquo;Uni.lu en 2025\",\"datePublished\":\"2026-01-07T14:55:08+00:00\",\"dateModified\":\"2026-01-07T14:55:11+00:00\",\"mainEntityOfPage\":{\"@id\":\"https:\/\/www.uni.lu\/fr\/news\/evenements-marquants-de-uni-lu-en-2025\/\"},\"wordCount\":1261,\"publisher\":{\"@id\":\"https:\/\/www.uni.lu\/fr\/#organization\"},\"image\":{\"@id\":\"https:\/\/www.uni.lu\/fr\/news\/evenements-marquants-de-uni-lu-en-2025\/#primaryimage\"},\"thumbnailUrl\":\"https:\/\/www.uni.lu\/wp-content\/uploads\/sites\/11\/2025\/12\/31123427\/belval.webp\",\"inLanguage\":\"fr-FR\"},{\"@type\":\"WebPage\",\"@id\":\"https:\/\/www.uni.lu\/fr\/news\/evenements-marquants-de-uni-lu-en-2025\/\",\"url\":\"https:\/\/www.uni.lu\/fr\/news\/evenements-marquants-de-uni-lu-en-2025\/\",\"name\":\"Moments cl\u00e9s : les \u00e9v\u00e9nements marquants de l'Uni.lu en 2025 - Universit\u00e9 du Luxembourg\",\"isPartOf\":{\"@id\":\"https:\/\/www.uni.lu\/fr\/#website\"},\"primaryImageOfPage\":{\"@id\":\"https:\/\/www.uni.lu\/fr\/news\/evenements-marquants-de-uni-lu-en-2025\/#primaryimage\"},\"image\":{\"@id\":\"https:\/\/www.uni.lu\/fr\/news\/evenements-marquants-de-uni-lu-en-2025\/#primaryimage\"},\"thumbnailUrl\":\"https:\/\/www.uni.lu\/wp-content\/uploads\/sites\/11\/2025\/12\/31123427\/belval.webp\",\"datePublished\":\"2026-01-07T14:55:08+00:00\",\"dateModified\":\"2026-01-07T14:55:11+00:00\",\"description\":\"\u00c0 l'aube de cette nouvelle ann\u00e9e, l'universit\u00e9 revient sur les moments cl\u00e9s, les r\u00e9sultats de recherche et les activit\u00e9s qui ont marqu\u00e9 l'ann\u00e9e 2025. La\",\"breadcrumb\":{\"@id\":\"https:\/\/www.uni.lu\/fr\/news\/evenements-marquants-de-uni-lu-en-2025\/#breadcrumb\"},\"inLanguage\":\"fr-FR\",\"potentialAction\":[{\"@type\":\"ReadAction\",\"target\":[\"https:\/\/www.uni.lu\/fr\/news\/evenements-marquants-de-uni-lu-en-2025\/\"]}]},{\"@type\":\"ImageObject\",\"inLanguage\":\"fr-FR\",\"@id\":\"https:\/\/www.uni.lu\/fr\/news\/evenements-marquants-de-uni-lu-en-2025\/#primaryimage\",\"url\":\"https:\/\/www.uni.lu\/wp-content\/uploads\/sites\/11\/2025\/12\/31123427\/belval.webp\",\"contentUrl\":\"https:\/\/www.uni.lu\/wp-content\/uploads\/sites\/11\/2025\/12\/31123427\/belval.webp\",\"width\":812,\"height\":560},{\"@type\":\"BreadcrumbList\",\"@id\":\"https:\/\/www.uni.lu\/fr\/news\/evenements-marquants-de-uni-lu-en-2025\/#breadcrumb\",\"itemListElement\":[{\"@type\":\"ListItem\",\"position\":1,\"name\":\"Home\",\"item\":\"https:\/\/www.uni.lu\/fr\/\"},{\"@type\":\"ListItem\",\"position\":2,\"name\":\"News\",\"item\":\"https:\/\/www.uni.lu\/fr\/news\/\"},{\"@type\":\"ListItem\",\"position\":3,\"name\":\"Moments cl\u00e9s : les \u00e9v\u00e9nements marquants de l'Uni.lu en 2025\"}]},{\"@type\":\"WebSite\",\"@id\":\"https:\/\/www.uni.lu\/fr\/#website\",\"url\":\"https:\/\/www.uni.lu\/fr\/\",\"name\":\"Uni.lu\",\"description\":\"Universit\u00e9 du Luxembourg\",\"publisher\":{\"@id\":\"https:\/\/www.uni.lu\/fr\/#organization\"},\"alternateName\":\"Universit\u00e9 du Luxembourg\",\"potentialAction\":[{\"@type\":\"SearchAction\",\"target\":{\"@type\":\"EntryPoint\",\"urlTemplate\":\"https:\/\/www.uni.lu\/fr\/?s={search_term_string}\"},\"query-input\":\"required name=search_term_string\"}],\"inLanguage\":\"fr-FR\"},{\"@type\":\"Organization\",\"@id\":\"https:\/\/www.uni.lu\/fr\/#organization\",\"name\":\"Universit\u00e9 du Luxembourg\",\"alternateName\":\"Uni.lu\",\"url\":\"https:\/\/www.uni.lu\/fr\/\",\"logo\":{\"@type\":\"ImageObject\",\"inLanguage\":\"fr-FR\",\"@id\":\"https:\/\/www.uni.lu\/fr\/#\/schema\/logo\/image\/\",\"url\":\"https:\/\/www.uni.lu\/wp-content\/uploads\/sites\/11\/2026\/03\/03120045\/UNIV_SM-Profile_1600x1600px-scaled.jpg\",\"contentUrl\":\"https:\/\/www.uni.lu\/wp-content\/uploads\/sites\/11\/2026\/03\/03120045\/UNIV_SM-Profile_1600x1600px-scaled.jpg\",\"width\":2560,\"height\":2560,\"caption\":\"Universit\u00e9 du Luxembourg\"},\"image\":\"https:\/\/www.uni.lu\/wp-content\/uploads\/sites\/11\/2026\/04\/24120552\/20200609-Belval-Campus_Henri-Goergen-23.jpg\",\"sameAs\":[\"https:\/\/www.facebook.com\/uni.lu\",\"https:\/\/www.linkedin.com\/school\/university-of-luxembourg\/\",\"https:\/\/www.instagram.com\/uni.lu\",\"https:\/\/www.youtube.com\/@uni_lu\",\"https:\/\/en.wikipedia.org\/wiki\/University_of_Luxembourg\"],\"email\":\"communication@uni.lu\",\"telephone\":\"+352 46 66 44 1\",\"address\":{\"@type\":\"PostalAddress\",\"streetAddress\":\"2, place de l\u2019Universit\u00e9\",\"addressLocality\":\"Esch-sur-Alzette\",\"postalCode\":\"4365\",\"addressCountry\":\"LU\"},\"description\":\"Universit\u00e9 du Luxembourg\"},{\"@type\":\"Person\",\"@id\":\"https:\/\/www.uni.lu\/fr\/#\/schema\/person\/67d3defa53981502bf9cddb74a850c08\",\"name\":\"Catherine Clesse\",\"image\":{\"@type\":\"ImageObject\",\"inLanguage\":\"fr-FR\",\"@id\":\"https:\/\/www.uni.lu\/fr\/#\/schema\/person\/image\/\",\"url\":\"https:\/\/secure.gravatar.com\/avatar\/6a2e15a24f9036a6aee8753304e46c2d?s=96&d=mm&r=g\",\"contentUrl\":\"https:\/\/secure.gravatar.com\/avatar\/6a2e15a24f9036a6aee8753304e46c2d?s=96&d=mm&r=g\",\"caption\":\"Catherine Clesse\"}}]}<\/script>\n<!-- \/ Yoast SEO Premium plugin. -->","yoast_head_json":{"title":"Moments cl\u00e9s : les \u00e9v\u00e9nements marquants de l'Uni.lu en 2025 - Universit\u00e9 du Luxembourg","description":"\u00c0 l'aube de cette nouvelle ann\u00e9e, l'universit\u00e9 revient sur les moments cl\u00e9s, les r\u00e9sultats de recherche et les activit\u00e9s qui ont marqu\u00e9 l'ann\u00e9e 2025. La","robots":{"index":"index","follow":"follow","max-snippet":"max-snippet:-1","max-image-preview":"max-image-preview:large","max-video-preview":"max-video-preview:-1"},"canonical":"https:\/\/www.uni.lu\/fr\/news\/evenements-marquants-de-uni-lu-en-2025\/","og_locale":"fr_FR","og_type":"article","og_title":"Moments cl\u00e9s : les \u00e9v\u00e9nements marquants de l'Uni.lu en 2025","og_description":"\u00c0 l'aube de cette nouvelle ann\u00e9e, l'universit\u00e9 revient sur les moments cl\u00e9s, les r\u00e9sultats de recherche et les activit\u00e9s qui ont marqu\u00e9 l'ann\u00e9e 2025. La","og_url":"https:\/\/www.uni.lu\/fr\/news\/evenements-marquants-de-uni-lu-en-2025\/","og_site_name":"UNI FR","article_publisher":"https:\/\/www.facebook.com\/uni.lu","article_modified_time":"2026-01-07T14:55:11+00:00","og_image":[{"width":812,"height":560,"url":"https:\/\/www.uni.lu\/wp-content\/uploads\/sites\/11\/2025\/12\/31123427\/belval.webp","type":"image\/webp"}],"twitter_card":"summary_large_image","twitter_misc":{"Dur\u00e9e de lecture estim\u00e9e":"6 minutes"},"schema":{"@context":"https:\/\/schema.org","@graph":[{"@type":"NewsArticle","@id":"https:\/\/www.uni.lu\/fr\/news\/evenements-marquants-de-uni-lu-en-2025\/#article","isPartOf":{"@id":"https:\/\/www.uni.lu\/fr\/news\/evenements-marquants-de-uni-lu-en-2025\/"},"author":{"name":"Catherine Clesse","@id":"https:\/\/www.uni.lu\/fr\/#\/schema\/person\/67d3defa53981502bf9cddb74a850c08"},"headline":"Moments cl\u00e9s : les \u00e9v\u00e9nements marquants de l&rsquo;Uni.lu en 2025","datePublished":"2026-01-07T14:55:08+00:00","dateModified":"2026-01-07T14:55:11+00:00","mainEntityOfPage":{"@id":"https:\/\/www.uni.lu\/fr\/news\/evenements-marquants-de-uni-lu-en-2025\/"},"wordCount":1261,"publisher":{"@id":"https:\/\/www.uni.lu\/fr\/#organization"},"image":{"@id":"https:\/\/www.uni.lu\/fr\/news\/evenements-marquants-de-uni-lu-en-2025\/#primaryimage"},"thumbnailUrl":"https:\/\/www.uni.lu\/wp-content\/uploads\/sites\/11\/2025\/12\/31123427\/belval.webp","inLanguage":"fr-FR"},{"@type":"WebPage","@id":"https:\/\/www.uni.lu\/fr\/news\/evenements-marquants-de-uni-lu-en-2025\/","url":"https:\/\/www.uni.lu\/fr\/news\/evenements-marquants-de-uni-lu-en-2025\/","name":"Moments cl\u00e9s : les \u00e9v\u00e9nements marquants de l'Uni.lu en 2025 - Universit\u00e9 du Luxembourg","isPartOf":{"@id":"https:\/\/www.uni.lu\/fr\/#website"},"primaryImageOfPage":{"@id":"https:\/\/www.uni.lu\/fr\/news\/evenements-marquants-de-uni-lu-en-2025\/#primaryimage"},"image":{"@id":"https:\/\/www.uni.lu\/fr\/news\/evenements-marquants-de-uni-lu-en-2025\/#primaryimage"},"thumbnailUrl":"https:\/\/www.uni.lu\/wp-content\/uploads\/sites\/11\/2025\/12\/31123427\/belval.webp","datePublished":"2026-01-07T14:55:08+00:00","dateModified":"2026-01-07T14:55:11+00:00","description":"\u00c0 l'aube de cette nouvelle ann\u00e9e, l'universit\u00e9 revient sur les moments cl\u00e9s, les r\u00e9sultats de recherche et les activit\u00e9s qui ont marqu\u00e9 l'ann\u00e9e 2025. La","breadcrumb":{"@id":"https:\/\/www.uni.lu\/fr\/news\/evenements-marquants-de-uni-lu-en-2025\/#breadcrumb"},"inLanguage":"fr-FR","potentialAction":[{"@type":"ReadAction","target":["https:\/\/www.uni.lu\/fr\/news\/evenements-marquants-de-uni-lu-en-2025\/"]}]},{"@type":"ImageObject","inLanguage":"fr-FR","@id":"https:\/\/www.uni.lu\/fr\/news\/evenements-marquants-de-uni-lu-en-2025\/#primaryimage","url":"https:\/\/www.uni.lu\/wp-content\/uploads\/sites\/11\/2025\/12\/31123427\/belval.webp","contentUrl":"https:\/\/www.uni.lu\/wp-content\/uploads\/sites\/11\/2025\/12\/31123427\/belval.webp","width":812,"height":560},{"@type":"BreadcrumbList","@id":"https:\/\/www.uni.lu\/fr\/news\/evenements-marquants-de-uni-lu-en-2025\/#breadcrumb","itemListElement":[{"@type":"ListItem","position":1,"name":"Home","item":"https:\/\/www.uni.lu\/fr\/"},{"@type":"ListItem","position":2,"name":"News","item":"https:\/\/www.uni.lu\/fr\/news\/"},{"@type":"ListItem","position":3,"name":"Moments cl\u00e9s : les \u00e9v\u00e9nements marquants de l'Uni.lu en 2025"}]},{"@type":"WebSite","@id":"https:\/\/www.uni.lu\/fr\/#website","url":"https:\/\/www.uni.lu\/fr\/","name":"Uni.lu","description":"Universit\u00e9 du Luxembourg","publisher":{"@id":"https:\/\/www.uni.lu\/fr\/#organization"},"alternateName":"Universit\u00e9 du Luxembourg","potentialAction":[{"@type":"SearchAction","target":{"@type":"EntryPoint","urlTemplate":"https:\/\/www.uni.lu\/fr\/?s={search_term_string}"},"query-input":"required name=search_term_string"}],"inLanguage":"fr-FR"},{"@type":"Organization","@id":"https:\/\/www.uni.lu\/fr\/#organization","name":"Universit\u00e9 du Luxembourg","alternateName":"Uni.lu","url":"https:\/\/www.uni.lu\/fr\/","logo":{"@type":"ImageObject","inLanguage":"fr-FR","@id":"https:\/\/www.uni.lu\/fr\/#\/schema\/logo\/image\/","url":"https:\/\/www.uni.lu\/wp-content\/uploads\/sites\/11\/2026\/03\/03120045\/UNIV_SM-Profile_1600x1600px-scaled.jpg","contentUrl":"https:\/\/www.uni.lu\/wp-content\/uploads\/sites\/11\/2026\/03\/03120045\/UNIV_SM-Profile_1600x1600px-scaled.jpg","width":2560,"height":2560,"caption":"Universit\u00e9 du Luxembourg"},"image":"https:\/\/www.uni.lu\/wp-content\/uploads\/sites\/11\/2026\/04\/24120552\/20200609-Belval-Campus_Henri-Goergen-23.jpg","sameAs":["https:\/\/www.facebook.com\/uni.lu","https:\/\/www.linkedin.com\/school\/university-of-luxembourg\/","https:\/\/www.instagram.com\/uni.lu","https:\/\/www.youtube.com\/@uni_lu","https:\/\/en.wikipedia.org\/wiki\/University_of_Luxembourg"],"email":"communication@uni.lu","telephone":"+352 46 66 44 1","address":{"@type":"PostalAddress","streetAddress":"2, place de l\u2019Universit\u00e9","addressLocality":"Esch-sur-Alzette","postalCode":"4365","addressCountry":"LU"},"description":"Universit\u00e9 du Luxembourg"},{"@type":"Person","@id":"https:\/\/www.uni.lu\/fr\/#\/schema\/person\/67d3defa53981502bf9cddb74a850c08","name":"Catherine Clesse","image":{"@type":"ImageObject","inLanguage":"fr-FR","@id":"https:\/\/www.uni.lu\/fr\/#\/schema\/person\/image\/","url":"https:\/\/secure.gravatar.com\/avatar\/6a2e15a24f9036a6aee8753304e46c2d?s=96&d=mm&r=g","contentUrl":"https:\/\/secure.gravatar.com\/avatar\/6a2e15a24f9036a6aee8753304e46c2d?s=96&d=mm&r=g","caption":"Catherine Clesse"}}]}},"blog_id":11,"_links":{"self":[{"href":"https:\/\/www.uni.lu\/fr\/wp-json\/wp\/v2\/news\/17732"}],"collection":[{"href":"https:\/\/www.uni.lu\/fr\/wp-json\/wp\/v2\/news"}],"about":[{"href":"https:\/\/www.uni.lu\/fr\/wp-json\/wp\/v2\/types\/news"}],"author":[{"embeddable":true,"href":"https:\/\/www.uni.lu\/fr\/wp-json\/wp\/v2\/users\/341"}],"version-history":[{"count":5,"href":"https:\/\/www.uni.lu\/fr\/wp-json\/wp\/v2\/news\/17732\/revisions"}],"predecessor-version":[{"id":17809,"href":"https:\/\/www.uni.lu\/fr\/wp-json\/wp\/v2\/news\/17732\/revisions\/17809"}],"wp:authorship":[{"embeddable":true,"href":"https:\/\/www.uni.lu\/fr\/wp-json\/wp\/v2\/users\/341"}],"wp:featuredmedia":[{"embeddable":true,"href":"https:\/\/www.uni.lu\/fr\/wp-json\/wp\/v2\/media\/17743"}],"wp:attachment":[{"href":"https:\/\/www.uni.lu\/fr\/wp-json\/wp\/v2\/media?parent=17732"}],"wp:term":[{"taxonomy":"news-category","embeddable":true,"href":"https:\/\/www.uni.lu\/fr\/wp-json\/wp\/v2\/news-category?post=17732"},{"taxonomy":"news-topic","embeddable":true,"href":"https:\/\/www.uni.lu\/fr\/wp-json\/wp\/v2\/news-topic?post=17732"},{"taxonomy":"organisation","embeddable":true,"href":"https:\/\/www.uni.lu\/fr\/wp-json\/wp\/v2\/organisation?post=17732"}],"curies":[{"name":"wp","href":"https:\/\/api.w.org\/{rel}","templated":true}]}}