{"id":17685,"date":"2025-12-22T08:37:15","date_gmt":"2025-12-22T07:37:15","guid":{"rendered":"https:\/\/www.uni.lu\/fr\/?post_type=news&#038;p=17685"},"modified":"2025-12-22T08:39:11","modified_gmt":"2025-12-22T07:39:11","slug":"christmas-burnout-quand-noel-epuise-les-parents","status":"publish","type":"news","link":"https:\/\/www.uni.lu\/fr\/news\/christmas-burnout-quand-noel-epuise-les-parents\/","title":{"rendered":"Christmas Burnout : quand No\u00ebl \u00e9puise les parents"},"content":{"rendered":"\n<section class=\"wp-block-unilux-blocks-free-section section\"><div class=\"container xl:max-w-screen-xl\">\n<p><strong>Derri\u00e8re les d\u00e9corations et les sourires, de nombreux parents vivent les f\u00eates de fin d\u2019ann\u00e9e sous pression. Une \u00e9tude r\u00e9cente r\u00e9v\u00e8le comment le stress de No\u00ebl peut conduire au burn-out parental et des pistes de survie.<\/strong><\/p>\n\n\n\n<p>D\u00e9but d\u00e9cembre, l\u2019avent commence, le premier sapin de No\u00ebl brille ou la premi\u00e8re gorg\u00e9e de vin chaud &#8211; la fin d\u2019ann\u00e9e s\u2019annonce. Fatigu\u00e9s par les mois \u00e9coul\u00e9s et des journ\u00e9es d\u2019hiver courtes, nous comptons les jours avant les cong\u00e9s de fin d\u2019ann\u00e9e. &nbsp;<br>&nbsp;<br>Mais cette image joyeuse des f\u00eates peut en cacher une autre. Nous voil\u00e0 en stress, courant les magasins et les sites de e-commerce \u00e0 la recherche de cadeaux, passant des soir\u00e9es enti\u00e8res \u00e0 planifier menus, d\u00e9coration et agenda surcharg\u00e9. Cette situation vous semble famili\u00e8re ? Vous n&rsquo;\u00eates pas seuls. Une \u00e9tude r\u00e9alis\u00e9e sur 300 parents en Grande-Bretagne par des chercheurs de l\u2019Universit\u00e9 du Luxembourg s\u2019est pench\u00e9e sur ce ph\u00e9nom\u00e8ne baptis\u00e9 \u00ab <em>Christmas Burn-out<\/em> \u00bb.&nbsp;&nbsp;<\/p>\n\n\n\n<section class=\"wp-block-unilux-blocks-quote-people\">\n    <div class=\"quote-people\" role=\"group\">\n        <figure class=\"quote-people__body\">\n            <blockquote class=\"quote-people__blockquote\">\n    <span class=\"quote-people__quote\">\u201f<\/span>\n    Les f\u00eates de fin d\u2019ann\u00e9es ne riment pas toujours avec joie et bien-\u00eatre pour les parents. Organiser une r\u00e9ception et vouloir faire plaisir \u00e0 sa famille, s\u2019occuper des enfants en vacances scolaires repr\u00e9sente une source de stress importante qui s\u2019ajoute \u00e0 celui de l\u2019ann\u00e9e \u00e9coul\u00e9e.\u201d\n<\/blockquote>\n<div class=\"wp-block-unilux-blocks-wrapper quote-people__visual\"><figure class=\"wp-block-dev4-reusable-blocks-image  object-fit--cover\">\n    \n<img decoding=\"async\" class=\"wp-block-image unilux-custom-image-block\"\n                alt=\"Portrait of Dr Ziwen Teuber\"\n            src=\"https:\/\/www.uni.lu\/wp-content\/uploads\/sites\/9\/2025\/12\/22074633\/ziwen-teuber.jpg\"\n                    style=\"object-position: 56.00% 58.00%; font-family: &quot;object-fit: cover; object-position: 56.00% 58.00%;&quot;; aspect-ratio: 1\/1; object-fit: cover; width: 100%;\"\n        loading=\"lazy\"\n\/>    <\/figure><\/div>\n\n<div class=\"wp-block-unilux-blocks-wrapper quote-people__figcaption\">\n<p class=\"quote-people__author wp-block-unilux-blocks-plain-text\">Dr. Ziwen Teuber<\/p>\n\n\n<p class=\"quote-people__position wp-block-unilux-blocks-plain-text\">Research Scientist at the Faculty of Humanities, Social Sciences and Education<\/p>\n\n<div class=\"wp-block-unilux-blocks-simple-cta\">\n    <a\n        href=\"https:\/\/www.uni.lu\/fhse-en\/people\/ziwen-teuber\/\"\n        title=\"View Profile\"\n        class=\"link-text link-text--icon quote-people__link\"\n        target=\"\"\n    >\n        <span class=\"link-text__body\">\n            <span class=\"link-text__name\">Voir son profil<\/span>\n        <\/span>\n        <svg aria-hidden=\"true\" focusable=\"false\" class=\"icon icon-outline icon--arrow-right \"><use xlink:href=\"https:\/\/www.uni.lu\/wp-content\/themes\/unilux-theme\/assets\/images\/icons\/icons-outline.svg#icon--arrow-right\"><\/use><\/svg>    <\/a>\n<\/div>\n<\/div>\n        <\/figure>\n    <\/div>\n<\/section>\n\n<div class=\"wp-block-unilux-blocks-spacer is-spacer-size-sm\"><\/div>\n\n\n<h2 class=\"has-text-align-left wp-block-unilux-blocks-heading\"        id=\"sourire-a-tout-prix-un-reflexe-aux-effets-pervers\"\n    >\nSourire \u00e0 tout prix : un r\u00e9flexe aux effets pervers <\/h2>\n\n\n\n<p>Sous le poids de cette charge mentale, le stress peut \u00e9voluer en burn-out parental. Alors que les parents sont cens\u00e9s vivre \u00ab the most wonferful time of the year \u00bb, beaucoup s\u2019efforcent d\u2019afficher sourire, malgr\u00e9 un \u00e9puisement bien r\u00e9el<em>. \u00ab Nous avons observ\u00e9 que les parents en burn out ont tendance \u00e0 nier leurs \u00e9motions et s\u2019efforcent de para\u00eetre joyeux pour ne pas g\u00e2cher les f\u00eates<\/em> \u00bb poursuit la chercheuse. Si cette attitude part d\u2019une bonne intention, elle n\u2019est pas sans cons\u00e9quences.&nbsp;&nbsp;<\/p>\n\n\n\n<p>\u00ab <em>Les recherches ont d\u00e9montr\u00e9 que le d\u00e9calage entre nos \u00e9motions r\u00e9elles et celles que nous communiquons \u00e0 nos enfants n\u2019est ni une bonne chose pour notre sant\u00e9 mentale sur le long terme, ni pour la qualit\u00e9 de la relation avec nos enfants. \u00c0 force de se couper de ses \u00e9motions, le parent devient absent \u00e9motionnellement et les interactions se d\u00e9t\u00e9riorent<\/em> \u00bb, souligne-t-elle. Pour limiter ces effets n\u00e9gatifs, mieux vaut donc oser exprimer son ressenti. \u00ab <em>Il est bien s\u00fbr n\u00e9cessaire d\u2019adapter son discours aux enfants, mais dire que l\u2019on est fatigu\u00e9 est pr\u00e9f\u00e9rable \u00e0 faire semblant que tout va bien<\/em>\u00bb, explique Zwien Teuber.&nbsp;<\/p>\n\n\n\n<h2 class=\"has-text-align-left wp-block-unilux-blocks-heading\"        id=\"des-pistes-concretes-pour-traverser-les-fetes-plus-sereinement\"\n    >\nDes pistes concr\u00e8tes pour traverser les f\u00eates plus sereinement<\/h2>\n\n\n\n<p>Les chercheurs identifient toutefois plusieurs pistes pour \u00e9viter de commencer la nouvelle ann\u00e9e \u00e9puis\u00e9s.<\/p>\n\n\n\n<ul class=\"wp-block-unilux-blocks-highlighted-list list-highlighted list-highlighted--history\"><li class=\"list-highlighted__item  wp-block-unilux-blocks-highlighted-list-item\">\n    <header class=\"list-highlighted__header wp-block-unilux-blocks-highlighted-list-item-header\">\n    \n<h4 class=\"title text-18 font-bold has-text-align-left wp-block-unilux-blocks-heading\"    >\n<\/h4>\n<div class=\"wp-block-unilux-blocks-bigtext\">\n    <span>\n        \n1.    <\/span>\n<\/div><\/header><div class=\"list-highlighted__body wp-block-unilux-blocks-highlighted-list-item-body\">\n    <div class=\"wp-block-unilux-blocks-highlighted-list-item-free-content-area\">\n    \n<p><strong>Rester r\u00e9alistes<\/strong>. Accepter la non-perfection ou manque de ma\u00eetrise compl\u00e8te de la d\u00e9coration au repas cinq services. Simplifier les choses permet \u00e0 chacun d\u2019en profiter davantage, parents comme enfants.&nbsp;&nbsp;<\/p>\n<\/div><\/div><\/li>\n\n<li class=\"list-highlighted__item  wp-block-unilux-blocks-highlighted-list-item\">\n    <header class=\"list-highlighted__header wp-block-unilux-blocks-highlighted-list-item-header\">\n    \n<h4 class=\"title text-18 font-bold has-text-align-left wp-block-unilux-blocks-heading\"    >\n<\/h4>\n<div class=\"wp-block-unilux-blocks-bigtext\">\n    <span>\n        \n2.    <\/span>\n<\/div><\/header><div class=\"list-highlighted__body wp-block-unilux-blocks-highlighted-list-item-body\">\n    <div class=\"wp-block-unilux-blocks-highlighted-list-item-free-content-area\">\n    \n<p>\u00ab<em> Il n\u2019y a rien d\u2019\u00e9go\u00efste d\u2019\u00eatre aussi \u00e0 l\u2019\u00e9coute de ses besoins en cette p\u00e9riode. S\u2019attribuer un \u00ab me-time \u00bb, un moment \u00e0 soi, peut v\u00e9ritablement aider \u00e0 traverser cette p\u00e9riode<\/em> \u00bb, insiste-elle.&nbsp;<\/p>\n<\/div><\/div><\/li>\n\n<li class=\"list-highlighted__item  wp-block-unilux-blocks-highlighted-list-item\">\n    <header class=\"list-highlighted__header wp-block-unilux-blocks-highlighted-list-item-header\">\n    \n<h4 class=\"title text-18 font-bold has-text-align-left wp-block-unilux-blocks-heading\"    >\n<\/h4>\n<div class=\"wp-block-unilux-blocks-bigtext\">\n    <span>\n        \n3.    <\/span>\n<\/div><\/header><div class=\"list-highlighted__body wp-block-unilux-blocks-highlighted-list-item-body\">\n    <div class=\"wp-block-unilux-blocks-highlighted-list-item-free-content-area\">\n    \n<p>Enfin, la cl\u00e9 pour \u00e9viter le burnout parental ou s\u2019en remettre rapidement se trouve dans l\u2019entourage. Restez entour\u00e9s, demandez de l\u2019aide ou proposez la v\u00f4tre car le support \u00e9motionnel est le plus efficace en cette saison.<\/p>\n<\/div><\/div><\/li><\/ul>\n\n\n<div class=\"wp-block-unilux-blocks-spacer is-spacer-size-sm\"><\/div>\n\n\n<p>\u00ab <em>Notre \u00e9tude souligne l\u2019importance du soutien social et de l\u2019implication du co-parent surtout pour les m\u00e8res, car les r\u00e9sultats indiquent que ce sont elles qui portent une grande partie de la charge mentale li\u00e9e aux f\u00eates de fin d\u2019ann\u00e9e <\/em>\u00bb conclut-elle.&nbsp;<\/p>\n\n\n\n<p>Peu importe ce qu\u2019il y aura sur la table, ce qui compte c\u2019est qui y est attabl\u00e9 : et qu\u2019est-ce r\u00e9sume mieux l\u2019esprit de No\u00ebl?&nbsp;<\/p>\n\n\n\n<h2 class=\"has-text-align-left wp-block-unilux-blocks-heading\"        id=\"le-burnout-parental\"\n    >\nLe \u00ab burnout parental \u00bb ?<\/h2>\n\n\n\n<p>On parle de burnout parental, quand la parentalit\u00e9 devient un stress chronique et que le parent se sent \u00e9puis\u00e9. La situation peut se d\u00e9grader au niveau \u00e9motionnel et le parent ne prend plus de plaisir dans son r\u00f4le allant parfois jusqu\u2019au regret d\u2019\u00eatre p\u00e8re ou m\u00e8re. Il se distance de son enfant et se sent honteux et coupable de ne plus parvenir \u00e0 lui offrir la m\u00eame pr\u00e9sence qu\u2019auparavant.&nbsp;&nbsp;<\/p>\n\n\n\n<p>Si vous vous posez des questions o\u00f9 avez besoin d\u2019aide, n\u2019h\u00e9sitez pas \u00e0 consulter <strong><a href=\"http:\/\/burnoutparental.com\" target=\"_blank\" rel=\"noreferrer noopener\">burnoutparental.com<\/a><\/strong> ou vous diriger vers la <strong><a href=\"https:\/\/www.kannerschlass.lu\/fr\/\" target=\"_blank\" rel=\"noreferrer noopener\">Kannerschlass<\/a><\/strong> qui proposent des ateliers pour les parents dont un d\u00e9di\u00e9 au burnout parental.&nbsp;&nbsp;<\/p>\n<\/div><\/section>\n\n\n<section class=\"section section wp-block-unilux-blocks-quick-link-discover-section py-0\">\n    <div class=\"container xl:max-w-screen-xl\">\n        \n<h2 class=\"has-text-align-left wp-block-unilux-blocks-heading\"        id=\"decouvrez-egalement\"\n    >\nD\u00e9couvrez \u00e9galement&#8230;<\/h2>\n\n<ul class=\"wp-block-unilux-blocks-quick-link-discover quick-link-list\">\n<li class=\"wp-block-unilux-blocks-quick-link-discover-item\">\n    <a\n                    href=\"https:\/\/www.uni.lu\/fhse-en\/research-departments\/department-of-behavioural-and-cognitive-sciences\/\"\n                    class=\"quick-link\"\n            target=\"\"\n    >\n            <span class=\"quick-link__container\">\n                <span class=\"quick-link__text\">\n                    Department of Behavioural and Cognitive Sciences                <\/span>\n                <svg aria-hidden=\"true\" focusable=\"false\" class=\"icon icon-outline icon--arrow-right \"><use xlink:href=\"https:\/\/www.uni.lu\/wp-content\/themes\/unilux-theme\/assets\/images\/icons\/icons-outline.svg#icon--arrow-right\"><\/use><\/svg>            <\/span>\n    <\/a>\n<\/li>\n<\/ul>\n    <\/div>\n<\/section>","protected":false},"excerpt":{"rendered":"","protected":false},"author":341,"featured_media":17687,"template":"","format":"standard","meta":{"featured_image_focal_point":[],"show_featured_caption":false,"ulux_newsletter_groups":"","uluxPostTitle":"","uluxPrePostTitle":"","_trash_the_other_posts":false,"_price":"","_stock":"","_tribe_ticket_header":"","_tribe_default_ticket_provider":"","_tribe_ticket_capacity":"0","_ticket_start_date":"","_ticket_end_date":"","_tribe_ticket_show_description":"","_tribe_ticket_show_not_going":false,"_tribe_ticket_use_global_stock":"","_tribe_ticket_global_stock_level":"","_global_stock_mode":"","_global_stock_cap":"","_tribe_rsvp_for_event":"","_tribe_ticket_going_count":"","_tribe_ticket_not_going_count":"","_tribe_tickets_list":"[]","_tribe_ticket_has_attendee_info_fields":false},"news-category":[4],"news-topic":[22],"organisation":[147],"authorship":[341],"acf":[],"yoast_head":"<!-- This site is optimized with the Yoast SEO Premium plugin v22.3 (Yoast SEO v22.3) - https:\/\/yoast.com\/wordpress\/plugins\/seo\/ -->\n<title>Christmas Burnout : quand No\u00ebl \u00e9puise les parents - Universit\u00e9 du Luxembourg<\/title>\n<meta name=\"description\" content=\"Derri\u00e8re les d\u00e9corations et les sourires, de nombreux parents vivent les f\u00eates de fin d\u2019ann\u00e9e sous pression. Une \u00e9tude r\u00e9cente r\u00e9v\u00e8le comment le stress de\" \/>\n<meta name=\"robots\" content=\"index, follow, max-snippet:-1, max-image-preview:large, max-video-preview:-1\" \/>\n<link rel=\"canonical\" href=\"https:\/\/www.uni.lu\/fr\/news\/christmas-burnout-quand-noel-epuise-les-parents\/\" \/>\n<meta property=\"og:locale\" content=\"fr_FR\" \/>\n<meta property=\"og:type\" content=\"article\" \/>\n<meta property=\"og:title\" content=\"Christmas Burnout : quand No\u00ebl \u00e9puise les parents\" \/>\n<meta property=\"og:description\" content=\"Derri\u00e8re les d\u00e9corations et les sourires, de nombreux parents vivent les f\u00eates de fin d\u2019ann\u00e9e sous pression. Une \u00e9tude r\u00e9cente r\u00e9v\u00e8le comment le stress de\" \/>\n<meta property=\"og:url\" content=\"https:\/\/www.uni.lu\/fr\/news\/christmas-burnout-quand-noel-epuise-les-parents\/\" \/>\n<meta property=\"og:site_name\" content=\"UNI FR\" \/>\n<meta property=\"article:publisher\" content=\"https:\/\/www.facebook.com\/uni.lu\" \/>\n<meta property=\"article:modified_time\" content=\"2025-12-22T07:39:11+00:00\" \/>\n<meta property=\"og:image\" content=\"https:\/\/www.uni.lu\/wp-content\/uploads\/sites\/11\/2025\/12\/22083428\/iStock-2247766096-scaled.jpg\" \/>\n\t<meta property=\"og:image:width\" content=\"2560\" \/>\n\t<meta property=\"og:image:height\" content=\"1350\" \/>\n\t<meta property=\"og:image:type\" content=\"image\/jpeg\" \/>\n<meta name=\"twitter:card\" content=\"summary_large_image\" \/>\n<meta name=\"twitter:label1\" content=\"Dur\u00e9e de lecture estim\u00e9e\" \/>\n\t<meta name=\"twitter:data1\" content=\"4 minutes\" \/>\n<script type=\"application\/ld+json\" class=\"yoast-schema-graph\">{\"@context\":\"https:\/\/schema.org\",\"@graph\":[{\"@type\":\"NewsArticle\",\"@id\":\"https:\/\/www.uni.lu\/fr\/news\/christmas-burnout-quand-noel-epuise-les-parents\/#article\",\"isPartOf\":{\"@id\":\"https:\/\/www.uni.lu\/fr\/news\/christmas-burnout-quand-noel-epuise-les-parents\/\"},\"author\":{\"name\":\"Catherine Clesse\",\"@id\":\"https:\/\/www.uni.lu\/fr\/#\/schema\/person\/67d3defa53981502bf9cddb74a850c08\"},\"headline\":\"Christmas Burnout : quand No\u00ebl \u00e9puise les parents\",\"datePublished\":\"2025-12-22T07:37:15+00:00\",\"dateModified\":\"2025-12-22T07:39:11+00:00\",\"mainEntityOfPage\":{\"@id\":\"https:\/\/www.uni.lu\/fr\/news\/christmas-burnout-quand-noel-epuise-les-parents\/\"},\"wordCount\":726,\"publisher\":{\"@id\":\"https:\/\/www.uni.lu\/fr\/#organization\"},\"image\":{\"@id\":\"https:\/\/www.uni.lu\/fr\/news\/christmas-burnout-quand-noel-epuise-les-parents\/#primaryimage\"},\"thumbnailUrl\":\"https:\/\/www.uni.lu\/wp-content\/uploads\/sites\/11\/2025\/12\/22083428\/iStock-2247766096-scaled.jpg\",\"inLanguage\":\"fr-FR\"},{\"@type\":\"WebPage\",\"@id\":\"https:\/\/www.uni.lu\/fr\/news\/christmas-burnout-quand-noel-epuise-les-parents\/\",\"url\":\"https:\/\/www.uni.lu\/fr\/news\/christmas-burnout-quand-noel-epuise-les-parents\/\",\"name\":\"Christmas Burnout : quand No\u00ebl \u00e9puise les parents - Universit\u00e9 du Luxembourg\",\"isPartOf\":{\"@id\":\"https:\/\/www.uni.lu\/fr\/#website\"},\"primaryImageOfPage\":{\"@id\":\"https:\/\/www.uni.lu\/fr\/news\/christmas-burnout-quand-noel-epuise-les-parents\/#primaryimage\"},\"image\":{\"@id\":\"https:\/\/www.uni.lu\/fr\/news\/christmas-burnout-quand-noel-epuise-les-parents\/#primaryimage\"},\"thumbnailUrl\":\"https:\/\/www.uni.lu\/wp-content\/uploads\/sites\/11\/2025\/12\/22083428\/iStock-2247766096-scaled.jpg\",\"datePublished\":\"2025-12-22T07:37:15+00:00\",\"dateModified\":\"2025-12-22T07:39:11+00:00\",\"description\":\"Derri\u00e8re les d\u00e9corations et les sourires, de nombreux parents vivent les f\u00eates de fin d\u2019ann\u00e9e sous pression. Une \u00e9tude r\u00e9cente r\u00e9v\u00e8le comment le stress de\",\"breadcrumb\":{\"@id\":\"https:\/\/www.uni.lu\/fr\/news\/christmas-burnout-quand-noel-epuise-les-parents\/#breadcrumb\"},\"inLanguage\":\"fr-FR\",\"potentialAction\":[{\"@type\":\"ReadAction\",\"target\":[\"https:\/\/www.uni.lu\/fr\/news\/christmas-burnout-quand-noel-epuise-les-parents\/\"]}]},{\"@type\":\"ImageObject\",\"inLanguage\":\"fr-FR\",\"@id\":\"https:\/\/www.uni.lu\/fr\/news\/christmas-burnout-quand-noel-epuise-les-parents\/#primaryimage\",\"url\":\"https:\/\/www.uni.lu\/wp-content\/uploads\/sites\/11\/2025\/12\/22083428\/iStock-2247766096-scaled.jpg\",\"contentUrl\":\"https:\/\/www.uni.lu\/wp-content\/uploads\/sites\/11\/2025\/12\/22083428\/iStock-2247766096-scaled.jpg\",\"width\":2560,\"height\":1350,\"caption\":\"Christmas, home and couple with stress, tired and exhausted with burnout, speed and headache. Xmas, man and woman on couch, tradition and tension with pressure, festive season and relationship\"},{\"@type\":\"BreadcrumbList\",\"@id\":\"https:\/\/www.uni.lu\/fr\/news\/christmas-burnout-quand-noel-epuise-les-parents\/#breadcrumb\",\"itemListElement\":[{\"@type\":\"ListItem\",\"position\":1,\"name\":\"Home\",\"item\":\"https:\/\/www.uni.lu\/fr\/\"},{\"@type\":\"ListItem\",\"position\":2,\"name\":\"News\",\"item\":\"https:\/\/www.uni.lu\/fr\/news\/\"},{\"@type\":\"ListItem\",\"position\":3,\"name\":\"Christmas Burnout : quand No\u00ebl \u00e9puise les parents\"}]},{\"@type\":\"WebSite\",\"@id\":\"https:\/\/www.uni.lu\/fr\/#website\",\"url\":\"https:\/\/www.uni.lu\/fr\/\",\"name\":\"Uni.lu\",\"description\":\"Universit\u00e9 du Luxembourg\",\"publisher\":{\"@id\":\"https:\/\/www.uni.lu\/fr\/#organization\"},\"alternateName\":\"Universit\u00e9 du Luxembourg\",\"potentialAction\":[{\"@type\":\"SearchAction\",\"target\":{\"@type\":\"EntryPoint\",\"urlTemplate\":\"https:\/\/www.uni.lu\/fr\/?s={search_term_string}\"},\"query-input\":\"required name=search_term_string\"}],\"inLanguage\":\"fr-FR\"},{\"@type\":\"Organization\",\"@id\":\"https:\/\/www.uni.lu\/fr\/#organization\",\"name\":\"Universit\u00e9 du Luxembourg\",\"alternateName\":\"Uni.lu\",\"url\":\"https:\/\/www.uni.lu\/fr\/\",\"logo\":{\"@type\":\"ImageObject\",\"inLanguage\":\"fr-FR\",\"@id\":\"https:\/\/www.uni.lu\/fr\/#\/schema\/logo\/image\/\",\"url\":\"https:\/\/www.uni.lu\/wp-content\/uploads\/sites\/11\/2026\/03\/03120045\/UNIV_SM-Profile_1600x1600px-scaled.jpg\",\"contentUrl\":\"https:\/\/www.uni.lu\/wp-content\/uploads\/sites\/11\/2026\/03\/03120045\/UNIV_SM-Profile_1600x1600px-scaled.jpg\",\"width\":2560,\"height\":2560,\"caption\":\"Universit\u00e9 du Luxembourg\"},\"image\":\"https:\/\/www.uni.lu\/wp-content\/uploads\/sites\/11\/2026\/04\/24120552\/20200609-Belval-Campus_Henri-Goergen-23.jpg\",\"sameAs\":[\"https:\/\/www.facebook.com\/uni.lu\",\"https:\/\/www.linkedin.com\/school\/university-of-luxembourg\/\",\"https:\/\/www.instagram.com\/uni.lu\",\"https:\/\/www.youtube.com\/@uni_lu\",\"https:\/\/en.wikipedia.org\/wiki\/University_of_Luxembourg\"],\"email\":\"communication@uni.lu\",\"telephone\":\"+352 46 66 44 1\",\"address\":{\"@type\":\"PostalAddress\",\"streetAddress\":\"2, place de l\u2019Universit\u00e9\",\"addressLocality\":\"Esch-sur-Alzette\",\"postalCode\":\"4365\",\"addressCountry\":\"LU\"},\"description\":\"Universit\u00e9 du Luxembourg\"},{\"@type\":\"Person\",\"@id\":\"https:\/\/www.uni.lu\/fr\/#\/schema\/person\/67d3defa53981502bf9cddb74a850c08\",\"name\":\"Catherine Clesse\",\"image\":{\"@type\":\"ImageObject\",\"inLanguage\":\"fr-FR\",\"@id\":\"https:\/\/www.uni.lu\/fr\/#\/schema\/person\/image\/\",\"url\":\"https:\/\/secure.gravatar.com\/avatar\/6a2e15a24f9036a6aee8753304e46c2d?s=96&d=mm&r=g\",\"contentUrl\":\"https:\/\/secure.gravatar.com\/avatar\/6a2e15a24f9036a6aee8753304e46c2d?s=96&d=mm&r=g\",\"caption\":\"Catherine Clesse\"}}]}<\/script>\n<!-- \/ Yoast SEO Premium plugin. -->","yoast_head_json":{"title":"Christmas Burnout : quand No\u00ebl \u00e9puise les parents - Universit\u00e9 du Luxembourg","description":"Derri\u00e8re les d\u00e9corations et les sourires, de nombreux parents vivent les f\u00eates de fin d\u2019ann\u00e9e sous pression. Une \u00e9tude r\u00e9cente r\u00e9v\u00e8le comment le stress de","robots":{"index":"index","follow":"follow","max-snippet":"max-snippet:-1","max-image-preview":"max-image-preview:large","max-video-preview":"max-video-preview:-1"},"canonical":"https:\/\/www.uni.lu\/fr\/news\/christmas-burnout-quand-noel-epuise-les-parents\/","og_locale":"fr_FR","og_type":"article","og_title":"Christmas Burnout : quand No\u00ebl \u00e9puise les parents","og_description":"Derri\u00e8re les d\u00e9corations et les sourires, de nombreux parents vivent les f\u00eates de fin d\u2019ann\u00e9e sous pression. Une \u00e9tude r\u00e9cente r\u00e9v\u00e8le comment le stress de","og_url":"https:\/\/www.uni.lu\/fr\/news\/christmas-burnout-quand-noel-epuise-les-parents\/","og_site_name":"UNI FR","article_publisher":"https:\/\/www.facebook.com\/uni.lu","article_modified_time":"2025-12-22T07:39:11+00:00","og_image":[{"width":2560,"height":1350,"url":"https:\/\/www.uni.lu\/wp-content\/uploads\/sites\/11\/2025\/12\/22083428\/iStock-2247766096-scaled.jpg","type":"image\/jpeg"}],"twitter_card":"summary_large_image","twitter_misc":{"Dur\u00e9e de lecture estim\u00e9e":"4 minutes"},"schema":{"@context":"https:\/\/schema.org","@graph":[{"@type":"NewsArticle","@id":"https:\/\/www.uni.lu\/fr\/news\/christmas-burnout-quand-noel-epuise-les-parents\/#article","isPartOf":{"@id":"https:\/\/www.uni.lu\/fr\/news\/christmas-burnout-quand-noel-epuise-les-parents\/"},"author":{"name":"Catherine Clesse","@id":"https:\/\/www.uni.lu\/fr\/#\/schema\/person\/67d3defa53981502bf9cddb74a850c08"},"headline":"Christmas Burnout : quand No\u00ebl \u00e9puise les parents","datePublished":"2025-12-22T07:37:15+00:00","dateModified":"2025-12-22T07:39:11+00:00","mainEntityOfPage":{"@id":"https:\/\/www.uni.lu\/fr\/news\/christmas-burnout-quand-noel-epuise-les-parents\/"},"wordCount":726,"publisher":{"@id":"https:\/\/www.uni.lu\/fr\/#organization"},"image":{"@id":"https:\/\/www.uni.lu\/fr\/news\/christmas-burnout-quand-noel-epuise-les-parents\/#primaryimage"},"thumbnailUrl":"https:\/\/www.uni.lu\/wp-content\/uploads\/sites\/11\/2025\/12\/22083428\/iStock-2247766096-scaled.jpg","inLanguage":"fr-FR"},{"@type":"WebPage","@id":"https:\/\/www.uni.lu\/fr\/news\/christmas-burnout-quand-noel-epuise-les-parents\/","url":"https:\/\/www.uni.lu\/fr\/news\/christmas-burnout-quand-noel-epuise-les-parents\/","name":"Christmas Burnout : quand No\u00ebl \u00e9puise les parents - Universit\u00e9 du Luxembourg","isPartOf":{"@id":"https:\/\/www.uni.lu\/fr\/#website"},"primaryImageOfPage":{"@id":"https:\/\/www.uni.lu\/fr\/news\/christmas-burnout-quand-noel-epuise-les-parents\/#primaryimage"},"image":{"@id":"https:\/\/www.uni.lu\/fr\/news\/christmas-burnout-quand-noel-epuise-les-parents\/#primaryimage"},"thumbnailUrl":"https:\/\/www.uni.lu\/wp-content\/uploads\/sites\/11\/2025\/12\/22083428\/iStock-2247766096-scaled.jpg","datePublished":"2025-12-22T07:37:15+00:00","dateModified":"2025-12-22T07:39:11+00:00","description":"Derri\u00e8re les d\u00e9corations et les sourires, de nombreux parents vivent les f\u00eates de fin d\u2019ann\u00e9e sous pression. Une \u00e9tude r\u00e9cente r\u00e9v\u00e8le comment le stress de","breadcrumb":{"@id":"https:\/\/www.uni.lu\/fr\/news\/christmas-burnout-quand-noel-epuise-les-parents\/#breadcrumb"},"inLanguage":"fr-FR","potentialAction":[{"@type":"ReadAction","target":["https:\/\/www.uni.lu\/fr\/news\/christmas-burnout-quand-noel-epuise-les-parents\/"]}]},{"@type":"ImageObject","inLanguage":"fr-FR","@id":"https:\/\/www.uni.lu\/fr\/news\/christmas-burnout-quand-noel-epuise-les-parents\/#primaryimage","url":"https:\/\/www.uni.lu\/wp-content\/uploads\/sites\/11\/2025\/12\/22083428\/iStock-2247766096-scaled.jpg","contentUrl":"https:\/\/www.uni.lu\/wp-content\/uploads\/sites\/11\/2025\/12\/22083428\/iStock-2247766096-scaled.jpg","width":2560,"height":1350,"caption":"Christmas, home and couple with stress, tired and exhausted with burnout, speed and headache. Xmas, man and woman on couch, tradition and tension with pressure, festive season and relationship"},{"@type":"BreadcrumbList","@id":"https:\/\/www.uni.lu\/fr\/news\/christmas-burnout-quand-noel-epuise-les-parents\/#breadcrumb","itemListElement":[{"@type":"ListItem","position":1,"name":"Home","item":"https:\/\/www.uni.lu\/fr\/"},{"@type":"ListItem","position":2,"name":"News","item":"https:\/\/www.uni.lu\/fr\/news\/"},{"@type":"ListItem","position":3,"name":"Christmas Burnout : quand No\u00ebl \u00e9puise les parents"}]},{"@type":"WebSite","@id":"https:\/\/www.uni.lu\/fr\/#website","url":"https:\/\/www.uni.lu\/fr\/","name":"Uni.lu","description":"Universit\u00e9 du Luxembourg","publisher":{"@id":"https:\/\/www.uni.lu\/fr\/#organization"},"alternateName":"Universit\u00e9 du Luxembourg","potentialAction":[{"@type":"SearchAction","target":{"@type":"EntryPoint","urlTemplate":"https:\/\/www.uni.lu\/fr\/?s={search_term_string}"},"query-input":"required name=search_term_string"}],"inLanguage":"fr-FR"},{"@type":"Organization","@id":"https:\/\/www.uni.lu\/fr\/#organization","name":"Universit\u00e9 du Luxembourg","alternateName":"Uni.lu","url":"https:\/\/www.uni.lu\/fr\/","logo":{"@type":"ImageObject","inLanguage":"fr-FR","@id":"https:\/\/www.uni.lu\/fr\/#\/schema\/logo\/image\/","url":"https:\/\/www.uni.lu\/wp-content\/uploads\/sites\/11\/2026\/03\/03120045\/UNIV_SM-Profile_1600x1600px-scaled.jpg","contentUrl":"https:\/\/www.uni.lu\/wp-content\/uploads\/sites\/11\/2026\/03\/03120045\/UNIV_SM-Profile_1600x1600px-scaled.jpg","width":2560,"height":2560,"caption":"Universit\u00e9 du Luxembourg"},"image":"https:\/\/www.uni.lu\/wp-content\/uploads\/sites\/11\/2026\/04\/24120552\/20200609-Belval-Campus_Henri-Goergen-23.jpg","sameAs":["https:\/\/www.facebook.com\/uni.lu","https:\/\/www.linkedin.com\/school\/university-of-luxembourg\/","https:\/\/www.instagram.com\/uni.lu","https:\/\/www.youtube.com\/@uni_lu","https:\/\/en.wikipedia.org\/wiki\/University_of_Luxembourg"],"email":"communication@uni.lu","telephone":"+352 46 66 44 1","address":{"@type":"PostalAddress","streetAddress":"2, place de l\u2019Universit\u00e9","addressLocality":"Esch-sur-Alzette","postalCode":"4365","addressCountry":"LU"},"description":"Universit\u00e9 du Luxembourg"},{"@type":"Person","@id":"https:\/\/www.uni.lu\/fr\/#\/schema\/person\/67d3defa53981502bf9cddb74a850c08","name":"Catherine Clesse","image":{"@type":"ImageObject","inLanguage":"fr-FR","@id":"https:\/\/www.uni.lu\/fr\/#\/schema\/person\/image\/","url":"https:\/\/secure.gravatar.com\/avatar\/6a2e15a24f9036a6aee8753304e46c2d?s=96&d=mm&r=g","contentUrl":"https:\/\/secure.gravatar.com\/avatar\/6a2e15a24f9036a6aee8753304e46c2d?s=96&d=mm&r=g","caption":"Catherine Clesse"}}]}},"blog_id":11,"_links":{"self":[{"href":"https:\/\/www.uni.lu\/fr\/wp-json\/wp\/v2\/news\/17685"}],"collection":[{"href":"https:\/\/www.uni.lu\/fr\/wp-json\/wp\/v2\/news"}],"about":[{"href":"https:\/\/www.uni.lu\/fr\/wp-json\/wp\/v2\/types\/news"}],"author":[{"embeddable":true,"href":"https:\/\/www.uni.lu\/fr\/wp-json\/wp\/v2\/users\/341"}],"version-history":[{"count":3,"href":"https:\/\/www.uni.lu\/fr\/wp-json\/wp\/v2\/news\/17685\/revisions"}],"predecessor-version":[{"id":17689,"href":"https:\/\/www.uni.lu\/fr\/wp-json\/wp\/v2\/news\/17685\/revisions\/17689"}],"wp:authorship":[{"embeddable":true,"href":"https:\/\/www.uni.lu\/fr\/wp-json\/wp\/v2\/users\/341"}],"wp:featuredmedia":[{"embeddable":true,"href":"https:\/\/www.uni.lu\/fr\/wp-json\/wp\/v2\/media\/17687"}],"wp:attachment":[{"href":"https:\/\/www.uni.lu\/fr\/wp-json\/wp\/v2\/media?parent=17685"}],"wp:term":[{"taxonomy":"news-category","embeddable":true,"href":"https:\/\/www.uni.lu\/fr\/wp-json\/wp\/v2\/news-category?post=17685"},{"taxonomy":"news-topic","embeddable":true,"href":"https:\/\/www.uni.lu\/fr\/wp-json\/wp\/v2\/news-topic?post=17685"},{"taxonomy":"organisation","embeddable":true,"href":"https:\/\/www.uni.lu\/fr\/wp-json\/wp\/v2\/organisation?post=17685"}],"curies":[{"name":"wp","href":"https:\/\/api.w.org\/{rel}","templated":true}]}}