{"id":17614,"date":"2025-12-16T14:53:20","date_gmt":"2025-12-16T13:53:20","guid":{"rendered":"https:\/\/www.uni.lu\/fr\/?post_type=news&#038;p=17614"},"modified":"2025-12-18T09:57:34","modified_gmt":"2025-12-18T08:57:34","slug":"un-etudiant-de-l-uni-remporte-un-prix-international-pour-une-nouvelle-sf-sur-l-ia","status":"publish","type":"news","link":"https:\/\/www.uni.lu\/fr\/news\/un-etudiant-de-l-uni-remporte-un-prix-international-pour-une-nouvelle-sf-sur-l-ia\/","title":{"rendered":"Un \u00e9tudiant de l\u2019Uni remporte un prix international pour une nouvelle SF sur l\u2019IA"},"content":{"rendered":"\n<section class=\"wp-block-unilux-blocks-free-section section\"><div class=\"container xl:max-w-screen-xl\">\n<p>Pierre Yvan Belinga Meka, \u00e9tudiant en <a href=\"https:\/\/www.uni.lu\/fhse-fr\/study-programs\/master-en-etudes-parlementaires\/\">\u00e9tudes parlementaires \u00e0 l\u2019Universit\u00e9 du Luxembourg<\/a>, a r\u00e9cemment remport\u00e9 le Prix du public du concours international d\u2019\u00e9criture organis\u00e9 par l\u2019Agence Universitaire de la Francophonie (AUF) et Radio France Internationale (RFI) (<em>RFI-AUF 2025<\/em>), ouvert aux jeunes de moins de 30 ans issus de l\u2019espace francophone. Le th\u00e8me impos\u00e9 \u00e9tait l\u2019oubli, avec 330 textes envoy\u00e9s depuis 44 pays.&nbsp;<\/p>\n\n\n\n<p>Dans sa nouvelle de science-fiction <em>\u00ab Ce que l\u2019oubli enfante \u00bb<\/em>, Pierre Yvan explore la fronti\u00e8re entre m\u00e9moire et fiction et met en sc\u00e8ne Mira, une intelligence artificielle qui apprend des algorithmes \u00e0 partir de souvenirs humains, tout en effa\u00e7ant peu \u00e0 peu l\u2019humanit\u00e9 de son h\u00f4te.\u00a0<\/p>\n\n\n\n<ul class=\"wp-block-unilux-blocks-quick-link-highlight quick-link-list\">\n<li class=\"wp-block-unilux-blocks-quick-link-highlight-item\">\n    <a\n                    href=\"https:\/\/short-edition.com\/fr\/oeuvre\/ce-que-loubli-enfante\"\n                    class=\"quick-link\"\n            target=\"\"\n    >\n            <span class=\"quick-link__container\">\n                <span class=\"quick-link__body\">\n                    <span class=\"quick-link__number\">\n                        Lire l&rsquo;histoire courte                    <\/span>\n                    <span class=\"quick-link__title\">\n                        Ce que l&rsquo;oubli enfante                    <\/span>\n                    <span class=\"quick-link__action\">\n                                            <\/span>\n                <\/span>\n                <svg aria-hidden=\"true\" focusable=\"false\" class=\"icon icon-outline icon--arrow-right \"><use xlink:href=\"https:\/\/www.uni.lu\/wp-content\/themes\/unilux-theme\/assets\/images\/icons\/icons-outline.svg#icon--arrow-right\"><\/use><\/svg>            <\/span>\n    <\/a>\n<\/li>\n<\/ul>\n\n\n\n<section class=\"wp-block-unilux-blocks-quote-people\">\n    <div class=\"quote-people\" role=\"group\">\n        <figure class=\"quote-people__body\">\n            <blockquote class=\"quote-people__blockquote\">\n    <span class=\"quote-people__quote\">\u201f<\/span>\n    L\u2019oubli est int\u00e9ressant parce qu\u2019il se situe \u00e0 la fronti\u00e8re entre la m\u00e9moire et la fiction, entre ce qu\u2019on a v\u00e9cu et ce qu\u2019on peut encore imaginer. On \u00e9crit parce qu\u2019on ne se souvient plus tout \u00e0 fait : il faut combler le manque, r\u00e9inventer ce qui se d\u00e9fait.\u201d\n<\/blockquote>\n<div class=\"wp-block-unilux-blocks-wrapper quote-people__visual\"><figure class=\"wp-block-dev4-reusable-blocks-image  object-fit--cover\">\n    \n<img decoding=\"async\" class=\"wp-block-image unilux-custom-image-block\"\n                alt=\"\"\n            src=\"https:\/\/www.uni.lu\/wp-content\/uploads\/sites\/9\/2025\/12\/16115427\/Pierre_Yvan_Belinga_Meka.jpeg\"\n                    style=\"object-position: 51.00% 18.00%; font-family: &quot;object-fit: cover; object-position: 51.00% 18.00%;&quot;; aspect-ratio: 1\/1; object-fit: cover; width: 100%;\"\n        loading=\"lazy\"\n\/>    <\/figure><\/div>\n\n<div class=\"wp-block-unilux-blocks-wrapper quote-people__figcaption\">\n<p class=\"quote-people__author wp-block-unilux-blocks-plain-text\">Pierre Yvan Belinga Meka<\/p>\n\n\n<p class=\"quote-people__position wp-block-unilux-blocks-plain-text\">Prix du Public des Jeunes \u00e9critures RFI-AUF 2025<\/p>\n\n<div class=\"wp-block-unilux-blocks-simple-cta\">\n    <a\n        href=\"https:\/\/www.linkedin.com\/in\/pierre-yvan-belinga-meka\/\"\n        title=\"View Profile\"\n        class=\"link-text link-text--icon quote-people__link\"\n        target=\"_blank\"\n    >\n        <span class=\"link-text__body\">\n            <span class=\"link-text__name\">View profile<\/span>\n        <\/span>\n        <svg aria-hidden=\"true\" focusable=\"false\" class=\"icon icon-outline icon--external-link \"><use xlink:href=\"https:\/\/www.uni.lu\/wp-content\/themes\/unilux-theme\/assets\/images\/icons\/icons-outline.svg#icon--external-link\"><\/use><\/svg>    <\/a>\n<\/div>\n<\/div>\n        <\/figure>\n    <\/div>\n<\/section>\n\n<div class=\"wp-block-unilux-blocks-spacer is-spacer-size-sm\"><\/div>\n\n\n<h2 class=\"has-text-align-left wp-block-unilux-blocks-heading\"        id=\"lia-oblige-lhumain-a-se-redefinir\"\n    >\nL\u2019IA oblige l\u2019humain \u00e0 se red\u00e9finir<\/h2>\n\n\n\n<p>Pierre Yvan voit dans l\u2019<a href=\"http:\/\/ai.uni.lu\">intelligence artificielle<\/a> une forme de \u00ab tabula rasa contemporaine \u00bb , un outil\u202f\u00ab neutre\u202f\u00bb qui d\u00e9stabilise le r\u00f4le de l\u2019humain comme le seul \u00eatre capable \u00e0 cr\u00e9er, \u00e0 produire de l\u2019art, de la litt\u00e9rature et bien plus encore. Selon Pierre Yvan Belinga Meka, l&rsquo;intelligence artificielle, en d\u00e9stabilisant nos certitudes sur la cr\u00e9ation, nous oblige \u00e0 nous red\u00e9finir. Face aux capacit\u00e9s cr\u00e9atives de l\u2019IA, il affirme l\u2019irr\u00e9ductible : \u00ab <em>La machine produit des r\u00e9sultats ; l\u2019humain ressent et transmet des \u00e9motions. L\u2019IA n\u2019est pas une menace, mais un catalyseur de r\u00e9invention humaine. Elle oblige \u00e0 red\u00e9finir ce qui fait l\u2019unicit\u00e9 de l\u2019homme : sa sensibilit\u00e9<\/em>\u202f\u00bb. Loin d\u2019opposer art et technologie, il plaide pour \u00ab <em>travailler <\/em>avec<em> l\u2019IA, et non <\/em>pour<em> l\u2019IA<\/em> \u00bb \u2014 s\u2019aider des outils sans leur d\u00e9l\u00e9guer l\u2019invention.&nbsp;<\/p>\n\n\n\n<h2 class=\"has-text-align-left wp-block-unilux-blocks-heading\"        id=\"hommage-a-la-polyphonie-linguistique\"\n    >\nHommage \u00e0 la polyphonie linguistique<\/h2>\n\n\n\n<div class=\"wp-block-columns is-layout-flex wp-block-columns-is-layout-flex\">\n<div class=\"wp-block-column is-layout-flow wp-block-column-is-layout-flow\" style=\"flex-basis:33.33%\"><figure class=\"wp-block-dev4-reusable-blocks-image  object-fit--cover\">\n    \n<img decoding=\"async\" class=\"wp-block-image unilux-custom-image-block\"\n                alt=\"\"\n            src=\"https:\/\/www.uni.lu\/wp-content\/uploads\/sites\/9\/2025\/12\/16120029\/pierre-yvan.webp\"\n                    style=\"object-position: 50.00% 50.00%; font-family: &quot;object-fit: cover; object-position: 50.00% 50.00%;&quot;; aspect-ratio: 2\/3; object-fit: cover; width: 100%;\"\n        loading=\"lazy\"\n\/>            <p class=\"wp-block-dev4-reusable-blocks-image-caption\">\n            Photo : Pierre Yvan Belinga Meka        <\/p>\n    <\/figure><\/div>\n\n\n\n<div class=\"wp-block-column is-layout-flow wp-block-column-is-layout-flow\" style=\"flex-basis:66.66%\">\n<p>Son texte tisse une polyphonie de langues, du cr\u00e9ole au malink\u00e9, rendant hommage \u00e0 une m\u00e9moire collective h\u00e9t\u00e9rog\u00e8ne. Cameroun, Alexandrie, Luxembourg : son parcours multiculturel nourrit une \u00e9criture de la travers\u00e9e, entre technologie et po\u00e9sie, entre l\u2019Afrique et l\u2019Europe, m\u00e9moire et anticipation du futur. Une de ses le\u00e7ons les plus importantes quant \u00e0 l\u2019oubli et l\u2019ouverture \u00e0 des nouvelles cultures\u202f? \u00ab <em>Pour mieux apprendre, il faut accepter de d\u00e9sapprendre, pour apprendre comment apprendre. L\u2019oubli nous permet justement de d\u00e9sapprendre, de mettre de c\u00f4t\u00e9 nos pens\u00e9es limitantes \u2014 celles qui nous emp\u00eachent de vivre pleinement avec nos semblables, issus d\u2019autres cultures<\/em>. \u00bb Il d\u00e9fend donc une vision f\u00e9conde de l\u2019oubli : \u00ab <em>Oublier, parfois, permet de d\u00e9sapprendre pour mieux apprendre et s\u2019ouvrir \u00e0 l\u2019autre<\/em>. \u00bb&nbsp;<br>&nbsp;<br>Fort de ce prix, Pierre Yvan pr\u00e9pare un premier roman, prolongement de sa nouvelle, qu\u2019il souhaite publier au Luxembourg : \u00ab <em>Je veux traduire la beaut\u00e9 d\u2019un pays profond\u00e9ment multiculturel et multilingue. Je viens du Cameroun, un pays \u00e0 plus de 280 langues, o\u00f9 la diversit\u00e9 culturelle est une question centrale.&nbsp; Apr\u00e8s mes \u00e9tudes \u00e0 l\u2019Universit\u00e9 Senghor d\u2019Alexandrie, dans un environnement cosmopolite, et mon parcours au Luxembourg, pays profond\u00e9ment multiculturel et multilingue, je suis convaincu que l\u2019avenir du monde appartient \u00e0 la diversit\u00e9 culturelle et linguistique<\/em>.&nbsp;&nbsp;<\/p>\n<\/div>\n<\/div>\n\n\n\n<p>Pierre Yvan vient d&rsquo;entamer un doctorat en sciences politiques \u00e0 l&rsquo;Universit\u00e9 du Luxembourg.<\/p>\n<\/div><\/section>\n\n\n<section class=\"section section wp-block-unilux-blocks-quick-link-discover-section py-0\">\n    <div class=\"container xl:max-w-screen-xl\">\n        \n<h2 class=\"has-text-align-left wp-block-unilux-blocks-heading\"        id=\"decouvrez-egalement\"\n    >\nD\u00e9couvrez \u00e9galement&#8230;<\/h2>\n\n<ul class=\"wp-block-unilux-blocks-quick-link-discover quick-link-list\">\n<li class=\"wp-block-unilux-blocks-quick-link-discover-item\">\n    <a\n                    href=\"https:\/\/www.uni.lu\/fhse-fr\/news\/prix-victor-hugo-trio-gagnant-pour-l-uni\/\"\n                    class=\"quick-link\"\n            target=\"\"\n    >\n            <span class=\"quick-link__container\">\n                <span class=\"quick-link__text\">\n                    Prix Victor Hugo : trio gagnant pour l\u2019Uni                <\/span>\n                <svg aria-hidden=\"true\" focusable=\"false\" class=\"icon icon-outline icon--arrow-right \"><use xlink:href=\"https:\/\/www.uni.lu\/wp-content\/themes\/unilux-theme\/assets\/images\/icons\/icons-outline.svg#icon--arrow-right\"><\/use><\/svg>            <\/span>\n    <\/a>\n<\/li>\n\n\n\n<li class=\"wp-block-unilux-blocks-quick-link-discover-item\">\n    <a\n                    href=\"https:\/\/www.uni.lu\/research-en\/ulide\/\"\n                    class=\"quick-link\"\n            target=\"\"\n    >\n            <span class=\"quick-link__container\">\n                <span class=\"quick-link__text\">\n                    University of Luxembourg Institute for Digital Ethics (ULIDE)                <\/span>\n                <svg aria-hidden=\"true\" focusable=\"false\" class=\"icon icon-outline icon--arrow-right \"><use xlink:href=\"https:\/\/www.uni.lu\/wp-content\/themes\/unilux-theme\/assets\/images\/icons\/icons-outline.svg#icon--arrow-right\"><\/use><\/svg>            <\/span>\n    <\/a>\n<\/li>\n<\/ul>\n    <\/div>\n<\/section>","protected":false},"excerpt":{"rendered":"","protected":false},"author":341,"featured_media":17616,"template":"","format":"standard","meta":{"featured_image_focal_point":{"x":0.49,"y":0.38},"show_featured_caption":false,"ulux_newsletter_groups":"","uluxPostTitle":"","uluxPrePostTitle":"","_trash_the_other_posts":false,"_price":"","_stock":"","_tribe_ticket_header":"","_tribe_default_ticket_provider":"","_tribe_ticket_capacity":"0","_ticket_start_date":"","_ticket_end_date":"","_tribe_ticket_show_description":"","_tribe_ticket_show_not_going":false,"_tribe_ticket_use_global_stock":"","_tribe_ticket_global_stock_level":"","_global_stock_mode":"","_global_stock_cap":"","_tribe_rsvp_for_event":"","_tribe_ticket_going_count":"","_tribe_ticket_not_going_count":"","_tribe_tickets_list":"[]","_tribe_ticket_has_attendee_info_fields":false},"news-category":[8],"news-topic":[17],"organisation":[147],"authorship":[341],"acf":[],"yoast_head":"<!-- This site is optimized with the Yoast SEO Premium plugin v22.3 (Yoast SEO v22.3) - https:\/\/yoast.com\/wordpress\/plugins\/seo\/ -->\n<title>Un \u00e9tudiant de l\u2019Uni remporte un prix international pour une nouvelle SF sur l\u2019IA - Universit\u00e9 du Luxembourg<\/title>\n<meta name=\"description\" content=\"Pierre Yvan Belinga Meka, \u00e9tudiant en \u00e9tudes parlementaires \u00e0 l\u2019Universit\u00e9 du Luxembourg, a r\u00e9cemment remport\u00e9 le Prix du public du concours international\" \/>\n<meta name=\"robots\" content=\"index, follow, max-snippet:-1, max-image-preview:large, max-video-preview:-1\" \/>\n<link rel=\"canonical\" href=\"https:\/\/www.uni.lu\/fr\/news\/un-etudiant-de-l-uni-remporte-un-prix-international-pour-une-nouvelle-sf-sur-l-ia\/\" \/>\n<meta property=\"og:locale\" content=\"fr_FR\" \/>\n<meta property=\"og:type\" content=\"article\" \/>\n<meta property=\"og:title\" content=\"Un \u00e9tudiant de l\u2019Uni remporte un prix international pour une nouvelle SF sur l\u2019IA\" \/>\n<meta property=\"og:description\" content=\"Pierre Yvan Belinga Meka, \u00e9tudiant en \u00e9tudes parlementaires \u00e0 l\u2019Universit\u00e9 du Luxembourg, a r\u00e9cemment remport\u00e9 le Prix du public du concours international\" \/>\n<meta property=\"og:url\" content=\"https:\/\/www.uni.lu\/fr\/news\/un-etudiant-de-l-uni-remporte-un-prix-international-pour-une-nouvelle-sf-sur-l-ia\/\" \/>\n<meta property=\"og:site_name\" content=\"UNI FR\" \/>\n<meta property=\"article:publisher\" content=\"https:\/\/www.facebook.com\/uni.lu\" \/>\n<meta property=\"article:modified_time\" content=\"2025-12-18T08:57:34+00:00\" \/>\n<meta property=\"og:image\" content=\"https:\/\/www.uni.lu\/wp-content\/uploads\/sites\/11\/2025\/12\/16145242\/main-Pierre_Yvan_Belinga_Meka.webp\" \/>\n\t<meta property=\"og:image:width\" content=\"1066\" \/>\n\t<meta property=\"og:image:height\" content=\"1066\" \/>\n\t<meta property=\"og:image:type\" content=\"image\/webp\" \/>\n<meta name=\"twitter:card\" content=\"summary_large_image\" \/>\n<meta name=\"twitter:label1\" content=\"Dur\u00e9e de lecture estim\u00e9e\" \/>\n\t<meta name=\"twitter:data1\" content=\"3 minutes\" \/>\n<script type=\"application\/ld+json\" class=\"yoast-schema-graph\">{\"@context\":\"https:\/\/schema.org\",\"@graph\":[{\"@type\":\"NewsArticle\",\"@id\":\"https:\/\/www.uni.lu\/fr\/news\/un-etudiant-de-l-uni-remporte-un-prix-international-pour-une-nouvelle-sf-sur-l-ia\/#article\",\"isPartOf\":{\"@id\":\"https:\/\/www.uni.lu\/fr\/news\/un-etudiant-de-l-uni-remporte-un-prix-international-pour-une-nouvelle-sf-sur-l-ia\/\"},\"author\":{\"name\":\"Catherine Clesse\",\"@id\":\"https:\/\/www.uni.lu\/fr\/#\/schema\/person\/67d3defa53981502bf9cddb74a850c08\"},\"headline\":\"Un \u00e9tudiant de l\u2019Uni remporte un prix international pour une nouvelle SF sur l\u2019IA\",\"datePublished\":\"2025-12-16T13:53:20+00:00\",\"dateModified\":\"2025-12-18T08:57:34+00:00\",\"mainEntityOfPage\":{\"@id\":\"https:\/\/www.uni.lu\/fr\/news\/un-etudiant-de-l-uni-remporte-un-prix-international-pour-une-nouvelle-sf-sur-l-ia\/\"},\"wordCount\":530,\"publisher\":{\"@id\":\"https:\/\/www.uni.lu\/fr\/#organization\"},\"image\":{\"@id\":\"https:\/\/www.uni.lu\/fr\/news\/un-etudiant-de-l-uni-remporte-un-prix-international-pour-une-nouvelle-sf-sur-l-ia\/#primaryimage\"},\"thumbnailUrl\":\"https:\/\/www.uni.lu\/wp-content\/uploads\/sites\/11\/2025\/12\/16145242\/main-Pierre_Yvan_Belinga_Meka.webp\",\"inLanguage\":\"fr-FR\"},{\"@type\":\"WebPage\",\"@id\":\"https:\/\/www.uni.lu\/fr\/news\/un-etudiant-de-l-uni-remporte-un-prix-international-pour-une-nouvelle-sf-sur-l-ia\/\",\"url\":\"https:\/\/www.uni.lu\/fr\/news\/un-etudiant-de-l-uni-remporte-un-prix-international-pour-une-nouvelle-sf-sur-l-ia\/\",\"name\":\"Un \u00e9tudiant de l\u2019Uni remporte un prix international pour une nouvelle SF sur l\u2019IA - Universit\u00e9 du Luxembourg\",\"isPartOf\":{\"@id\":\"https:\/\/www.uni.lu\/fr\/#website\"},\"primaryImageOfPage\":{\"@id\":\"https:\/\/www.uni.lu\/fr\/news\/un-etudiant-de-l-uni-remporte-un-prix-international-pour-une-nouvelle-sf-sur-l-ia\/#primaryimage\"},\"image\":{\"@id\":\"https:\/\/www.uni.lu\/fr\/news\/un-etudiant-de-l-uni-remporte-un-prix-international-pour-une-nouvelle-sf-sur-l-ia\/#primaryimage\"},\"thumbnailUrl\":\"https:\/\/www.uni.lu\/wp-content\/uploads\/sites\/11\/2025\/12\/16145242\/main-Pierre_Yvan_Belinga_Meka.webp\",\"datePublished\":\"2025-12-16T13:53:20+00:00\",\"dateModified\":\"2025-12-18T08:57:34+00:00\",\"description\":\"Pierre Yvan Belinga Meka, \u00e9tudiant en \u00e9tudes parlementaires \u00e0 l\u2019Universit\u00e9 du Luxembourg, a r\u00e9cemment remport\u00e9 le Prix du public du concours international\",\"breadcrumb\":{\"@id\":\"https:\/\/www.uni.lu\/fr\/news\/un-etudiant-de-l-uni-remporte-un-prix-international-pour-une-nouvelle-sf-sur-l-ia\/#breadcrumb\"},\"inLanguage\":\"fr-FR\",\"potentialAction\":[{\"@type\":\"ReadAction\",\"target\":[\"https:\/\/www.uni.lu\/fr\/news\/un-etudiant-de-l-uni-remporte-un-prix-international-pour-une-nouvelle-sf-sur-l-ia\/\"]}]},{\"@type\":\"ImageObject\",\"inLanguage\":\"fr-FR\",\"@id\":\"https:\/\/www.uni.lu\/fr\/news\/un-etudiant-de-l-uni-remporte-un-prix-international-pour-une-nouvelle-sf-sur-l-ia\/#primaryimage\",\"url\":\"https:\/\/www.uni.lu\/wp-content\/uploads\/sites\/11\/2025\/12\/16145242\/main-Pierre_Yvan_Belinga_Meka.webp\",\"contentUrl\":\"https:\/\/www.uni.lu\/wp-content\/uploads\/sites\/11\/2025\/12\/16145242\/main-Pierre_Yvan_Belinga_Meka.webp\",\"width\":1066,\"height\":1066},{\"@type\":\"BreadcrumbList\",\"@id\":\"https:\/\/www.uni.lu\/fr\/news\/un-etudiant-de-l-uni-remporte-un-prix-international-pour-une-nouvelle-sf-sur-l-ia\/#breadcrumb\",\"itemListElement\":[{\"@type\":\"ListItem\",\"position\":1,\"name\":\"Home\",\"item\":\"https:\/\/www.uni.lu\/fr\/\"},{\"@type\":\"ListItem\",\"position\":2,\"name\":\"News\",\"item\":\"https:\/\/www.uni.lu\/fr\/news\/\"},{\"@type\":\"ListItem\",\"position\":3,\"name\":\"Un \u00e9tudiant de l\u2019Uni remporte un prix international pour une nouvelle SF sur l\u2019IA\"}]},{\"@type\":\"WebSite\",\"@id\":\"https:\/\/www.uni.lu\/fr\/#website\",\"url\":\"https:\/\/www.uni.lu\/fr\/\",\"name\":\"Uni.lu\",\"description\":\"Universit\u00e9 du Luxembourg\",\"publisher\":{\"@id\":\"https:\/\/www.uni.lu\/fr\/#organization\"},\"alternateName\":\"Universit\u00e9 du Luxembourg\",\"potentialAction\":[{\"@type\":\"SearchAction\",\"target\":{\"@type\":\"EntryPoint\",\"urlTemplate\":\"https:\/\/www.uni.lu\/fr\/?s={search_term_string}\"},\"query-input\":\"required name=search_term_string\"}],\"inLanguage\":\"fr-FR\"},{\"@type\":\"Organization\",\"@id\":\"https:\/\/www.uni.lu\/fr\/#organization\",\"name\":\"Universit\u00e9 du Luxembourg\",\"alternateName\":\"Uni.lu\",\"url\":\"https:\/\/www.uni.lu\/fr\/\",\"logo\":{\"@type\":\"ImageObject\",\"inLanguage\":\"fr-FR\",\"@id\":\"https:\/\/www.uni.lu\/fr\/#\/schema\/logo\/image\/\",\"url\":\"https:\/\/www.uni.lu\/wp-content\/uploads\/sites\/11\/2026\/03\/03120045\/UNIV_SM-Profile_1600x1600px-scaled.jpg\",\"contentUrl\":\"https:\/\/www.uni.lu\/wp-content\/uploads\/sites\/11\/2026\/03\/03120045\/UNIV_SM-Profile_1600x1600px-scaled.jpg\",\"width\":2560,\"height\":2560,\"caption\":\"Universit\u00e9 du Luxembourg\"},\"image\":\"https:\/\/www.uni.lu\/wp-content\/uploads\/sites\/11\/2026\/04\/24120552\/20200609-Belval-Campus_Henri-Goergen-23.jpg\",\"sameAs\":[\"https:\/\/www.facebook.com\/uni.lu\",\"https:\/\/www.linkedin.com\/school\/university-of-luxembourg\/\",\"https:\/\/www.instagram.com\/uni.lu\",\"https:\/\/www.youtube.com\/@uni_lu\",\"https:\/\/en.wikipedia.org\/wiki\/University_of_Luxembourg\"],\"email\":\"communication@uni.lu\",\"telephone\":\"+352 46 66 44 1\",\"address\":{\"@type\":\"PostalAddress\",\"streetAddress\":\"2, place de l\u2019Universit\u00e9\",\"addressLocality\":\"Esch-sur-Alzette\",\"postalCode\":\"4365\",\"addressCountry\":\"LU\"},\"description\":\"Universit\u00e9 du Luxembourg\"},{\"@type\":\"Person\",\"@id\":\"https:\/\/www.uni.lu\/fr\/#\/schema\/person\/67d3defa53981502bf9cddb74a850c08\",\"name\":\"Catherine Clesse\",\"image\":{\"@type\":\"ImageObject\",\"inLanguage\":\"fr-FR\",\"@id\":\"https:\/\/www.uni.lu\/fr\/#\/schema\/person\/image\/\",\"url\":\"https:\/\/secure.gravatar.com\/avatar\/6a2e15a24f9036a6aee8753304e46c2d?s=96&d=mm&r=g\",\"contentUrl\":\"https:\/\/secure.gravatar.com\/avatar\/6a2e15a24f9036a6aee8753304e46c2d?s=96&d=mm&r=g\",\"caption\":\"Catherine Clesse\"}}]}<\/script>\n<!-- \/ Yoast SEO Premium plugin. -->","yoast_head_json":{"title":"Un \u00e9tudiant de l\u2019Uni remporte un prix international pour une nouvelle SF sur l\u2019IA - Universit\u00e9 du Luxembourg","description":"Pierre Yvan Belinga Meka, \u00e9tudiant en \u00e9tudes parlementaires \u00e0 l\u2019Universit\u00e9 du Luxembourg, a r\u00e9cemment remport\u00e9 le Prix du public du concours international","robots":{"index":"index","follow":"follow","max-snippet":"max-snippet:-1","max-image-preview":"max-image-preview:large","max-video-preview":"max-video-preview:-1"},"canonical":"https:\/\/www.uni.lu\/fr\/news\/un-etudiant-de-l-uni-remporte-un-prix-international-pour-une-nouvelle-sf-sur-l-ia\/","og_locale":"fr_FR","og_type":"article","og_title":"Un \u00e9tudiant de l\u2019Uni remporte un prix international pour une nouvelle SF sur l\u2019IA","og_description":"Pierre Yvan Belinga Meka, \u00e9tudiant en \u00e9tudes parlementaires \u00e0 l\u2019Universit\u00e9 du Luxembourg, a r\u00e9cemment remport\u00e9 le Prix du public du concours international","og_url":"https:\/\/www.uni.lu\/fr\/news\/un-etudiant-de-l-uni-remporte-un-prix-international-pour-une-nouvelle-sf-sur-l-ia\/","og_site_name":"UNI FR","article_publisher":"https:\/\/www.facebook.com\/uni.lu","article_modified_time":"2025-12-18T08:57:34+00:00","og_image":[{"width":1066,"height":1066,"url":"https:\/\/www.uni.lu\/wp-content\/uploads\/sites\/11\/2025\/12\/16145242\/main-Pierre_Yvan_Belinga_Meka.webp","type":"image\/webp"}],"twitter_card":"summary_large_image","twitter_misc":{"Dur\u00e9e de lecture estim\u00e9e":"3 minutes"},"schema":{"@context":"https:\/\/schema.org","@graph":[{"@type":"NewsArticle","@id":"https:\/\/www.uni.lu\/fr\/news\/un-etudiant-de-l-uni-remporte-un-prix-international-pour-une-nouvelle-sf-sur-l-ia\/#article","isPartOf":{"@id":"https:\/\/www.uni.lu\/fr\/news\/un-etudiant-de-l-uni-remporte-un-prix-international-pour-une-nouvelle-sf-sur-l-ia\/"},"author":{"name":"Catherine Clesse","@id":"https:\/\/www.uni.lu\/fr\/#\/schema\/person\/67d3defa53981502bf9cddb74a850c08"},"headline":"Un \u00e9tudiant de l\u2019Uni remporte un prix international pour une nouvelle SF sur l\u2019IA","datePublished":"2025-12-16T13:53:20+00:00","dateModified":"2025-12-18T08:57:34+00:00","mainEntityOfPage":{"@id":"https:\/\/www.uni.lu\/fr\/news\/un-etudiant-de-l-uni-remporte-un-prix-international-pour-une-nouvelle-sf-sur-l-ia\/"},"wordCount":530,"publisher":{"@id":"https:\/\/www.uni.lu\/fr\/#organization"},"image":{"@id":"https:\/\/www.uni.lu\/fr\/news\/un-etudiant-de-l-uni-remporte-un-prix-international-pour-une-nouvelle-sf-sur-l-ia\/#primaryimage"},"thumbnailUrl":"https:\/\/www.uni.lu\/wp-content\/uploads\/sites\/11\/2025\/12\/16145242\/main-Pierre_Yvan_Belinga_Meka.webp","inLanguage":"fr-FR"},{"@type":"WebPage","@id":"https:\/\/www.uni.lu\/fr\/news\/un-etudiant-de-l-uni-remporte-un-prix-international-pour-une-nouvelle-sf-sur-l-ia\/","url":"https:\/\/www.uni.lu\/fr\/news\/un-etudiant-de-l-uni-remporte-un-prix-international-pour-une-nouvelle-sf-sur-l-ia\/","name":"Un \u00e9tudiant de l\u2019Uni remporte un prix international pour une nouvelle SF sur l\u2019IA - Universit\u00e9 du Luxembourg","isPartOf":{"@id":"https:\/\/www.uni.lu\/fr\/#website"},"primaryImageOfPage":{"@id":"https:\/\/www.uni.lu\/fr\/news\/un-etudiant-de-l-uni-remporte-un-prix-international-pour-une-nouvelle-sf-sur-l-ia\/#primaryimage"},"image":{"@id":"https:\/\/www.uni.lu\/fr\/news\/un-etudiant-de-l-uni-remporte-un-prix-international-pour-une-nouvelle-sf-sur-l-ia\/#primaryimage"},"thumbnailUrl":"https:\/\/www.uni.lu\/wp-content\/uploads\/sites\/11\/2025\/12\/16145242\/main-Pierre_Yvan_Belinga_Meka.webp","datePublished":"2025-12-16T13:53:20+00:00","dateModified":"2025-12-18T08:57:34+00:00","description":"Pierre Yvan Belinga Meka, \u00e9tudiant en \u00e9tudes parlementaires \u00e0 l\u2019Universit\u00e9 du Luxembourg, a r\u00e9cemment remport\u00e9 le Prix du public du concours international","breadcrumb":{"@id":"https:\/\/www.uni.lu\/fr\/news\/un-etudiant-de-l-uni-remporte-un-prix-international-pour-une-nouvelle-sf-sur-l-ia\/#breadcrumb"},"inLanguage":"fr-FR","potentialAction":[{"@type":"ReadAction","target":["https:\/\/www.uni.lu\/fr\/news\/un-etudiant-de-l-uni-remporte-un-prix-international-pour-une-nouvelle-sf-sur-l-ia\/"]}]},{"@type":"ImageObject","inLanguage":"fr-FR","@id":"https:\/\/www.uni.lu\/fr\/news\/un-etudiant-de-l-uni-remporte-un-prix-international-pour-une-nouvelle-sf-sur-l-ia\/#primaryimage","url":"https:\/\/www.uni.lu\/wp-content\/uploads\/sites\/11\/2025\/12\/16145242\/main-Pierre_Yvan_Belinga_Meka.webp","contentUrl":"https:\/\/www.uni.lu\/wp-content\/uploads\/sites\/11\/2025\/12\/16145242\/main-Pierre_Yvan_Belinga_Meka.webp","width":1066,"height":1066},{"@type":"BreadcrumbList","@id":"https:\/\/www.uni.lu\/fr\/news\/un-etudiant-de-l-uni-remporte-un-prix-international-pour-une-nouvelle-sf-sur-l-ia\/#breadcrumb","itemListElement":[{"@type":"ListItem","position":1,"name":"Home","item":"https:\/\/www.uni.lu\/fr\/"},{"@type":"ListItem","position":2,"name":"News","item":"https:\/\/www.uni.lu\/fr\/news\/"},{"@type":"ListItem","position":3,"name":"Un \u00e9tudiant de l\u2019Uni remporte un prix international pour une nouvelle SF sur l\u2019IA"}]},{"@type":"WebSite","@id":"https:\/\/www.uni.lu\/fr\/#website","url":"https:\/\/www.uni.lu\/fr\/","name":"Uni.lu","description":"Universit\u00e9 du Luxembourg","publisher":{"@id":"https:\/\/www.uni.lu\/fr\/#organization"},"alternateName":"Universit\u00e9 du Luxembourg","potentialAction":[{"@type":"SearchAction","target":{"@type":"EntryPoint","urlTemplate":"https:\/\/www.uni.lu\/fr\/?s={search_term_string}"},"query-input":"required name=search_term_string"}],"inLanguage":"fr-FR"},{"@type":"Organization","@id":"https:\/\/www.uni.lu\/fr\/#organization","name":"Universit\u00e9 du Luxembourg","alternateName":"Uni.lu","url":"https:\/\/www.uni.lu\/fr\/","logo":{"@type":"ImageObject","inLanguage":"fr-FR","@id":"https:\/\/www.uni.lu\/fr\/#\/schema\/logo\/image\/","url":"https:\/\/www.uni.lu\/wp-content\/uploads\/sites\/11\/2026\/03\/03120045\/UNIV_SM-Profile_1600x1600px-scaled.jpg","contentUrl":"https:\/\/www.uni.lu\/wp-content\/uploads\/sites\/11\/2026\/03\/03120045\/UNIV_SM-Profile_1600x1600px-scaled.jpg","width":2560,"height":2560,"caption":"Universit\u00e9 du Luxembourg"},"image":"https:\/\/www.uni.lu\/wp-content\/uploads\/sites\/11\/2026\/04\/24120552\/20200609-Belval-Campus_Henri-Goergen-23.jpg","sameAs":["https:\/\/www.facebook.com\/uni.lu","https:\/\/www.linkedin.com\/school\/university-of-luxembourg\/","https:\/\/www.instagram.com\/uni.lu","https:\/\/www.youtube.com\/@uni_lu","https:\/\/en.wikipedia.org\/wiki\/University_of_Luxembourg"],"email":"communication@uni.lu","telephone":"+352 46 66 44 1","address":{"@type":"PostalAddress","streetAddress":"2, place de l\u2019Universit\u00e9","addressLocality":"Esch-sur-Alzette","postalCode":"4365","addressCountry":"LU"},"description":"Universit\u00e9 du Luxembourg"},{"@type":"Person","@id":"https:\/\/www.uni.lu\/fr\/#\/schema\/person\/67d3defa53981502bf9cddb74a850c08","name":"Catherine Clesse","image":{"@type":"ImageObject","inLanguage":"fr-FR","@id":"https:\/\/www.uni.lu\/fr\/#\/schema\/person\/image\/","url":"https:\/\/secure.gravatar.com\/avatar\/6a2e15a24f9036a6aee8753304e46c2d?s=96&d=mm&r=g","contentUrl":"https:\/\/secure.gravatar.com\/avatar\/6a2e15a24f9036a6aee8753304e46c2d?s=96&d=mm&r=g","caption":"Catherine Clesse"}}]}},"blog_id":11,"_links":{"self":[{"href":"https:\/\/www.uni.lu\/fr\/wp-json\/wp\/v2\/news\/17614"}],"collection":[{"href":"https:\/\/www.uni.lu\/fr\/wp-json\/wp\/v2\/news"}],"about":[{"href":"https:\/\/www.uni.lu\/fr\/wp-json\/wp\/v2\/types\/news"}],"author":[{"embeddable":true,"href":"https:\/\/www.uni.lu\/fr\/wp-json\/wp\/v2\/users\/341"}],"version-history":[{"count":3,"href":"https:\/\/www.uni.lu\/fr\/wp-json\/wp\/v2\/news\/17614\/revisions"}],"predecessor-version":[{"id":17648,"href":"https:\/\/www.uni.lu\/fr\/wp-json\/wp\/v2\/news\/17614\/revisions\/17648"}],"wp:authorship":[{"embeddable":true,"href":"https:\/\/www.uni.lu\/fr\/wp-json\/wp\/v2\/users\/341"}],"wp:featuredmedia":[{"embeddable":true,"href":"https:\/\/www.uni.lu\/fr\/wp-json\/wp\/v2\/media\/17616"}],"wp:attachment":[{"href":"https:\/\/www.uni.lu\/fr\/wp-json\/wp\/v2\/media?parent=17614"}],"wp:term":[{"taxonomy":"news-category","embeddable":true,"href":"https:\/\/www.uni.lu\/fr\/wp-json\/wp\/v2\/news-category?post=17614"},{"taxonomy":"news-topic","embeddable":true,"href":"https:\/\/www.uni.lu\/fr\/wp-json\/wp\/v2\/news-topic?post=17614"},{"taxonomy":"organisation","embeddable":true,"href":"https:\/\/www.uni.lu\/fr\/wp-json\/wp\/v2\/organisation?post=17614"}],"curies":[{"name":"wp","href":"https:\/\/api.w.org\/{rel}","templated":true}]}}