{"id":17587,"date":"2025-12-12T12:41:41","date_gmt":"2025-12-12T11:41:41","guid":{"rendered":"https:\/\/www.uni.lu\/fr\/?post_type=news&#038;p=17587"},"modified":"2025-12-12T15:07:00","modified_gmt":"2025-12-12T14:07:00","slug":"external-evaluation-of-medical-education-points-to-promising-start","status":"publish","type":"news","link":"https:\/\/www.uni.lu\/fr\/news\/external-evaluation-of-medical-education-points-to-promising-start\/","title":{"rendered":"L\u2019\u00e9valuation externe de la formation m\u00e9dicale annonce des d\u00e9buts prometteurs"},"content":{"rendered":"\n<section class=\"wp-block-unilux-blocks-free-section section\"><div class=\"container xl:max-w-screen-xl\">\n<p>Les conclusions de l&rsquo;\u00e9valuation externe du Bachelor en m\u00e9decine de l&rsquo;Universit\u00e9 ont \u00e9t\u00e9 pr\u00e9sent\u00e9es \u00e0 la Commission parlementaire de l&rsquo;enseignement sup\u00e9rieur, de la recherche, des m\u00e9dias et des communications le mardi 9 d\u00e9cembre.&nbsp;&nbsp;<\/p>\n\n\n\n<p>L&rsquo;\u00e9valuation a \u00e9t\u00e9 men\u00e9e par un panel international d&rsquo;experts, r\u00e9uni par l&rsquo;Organisation d&rsquo;accr\u00e9ditation des Pays-Bas, de la Flandre et du Luxembourg (NVAO). Sous la pr\u00e9sidence du professeur Eggermont (Facult\u00e9 de m\u00e9decine, KU Leuven), le panel a conclu que le programme d&rsquo;enseignement m\u00e9dical actuel, mis en place en 2020, jouait un r\u00f4le important dans le syst\u00e8me de sant\u00e9 luxembourgeois et garantissait globalement une int\u00e9gration r\u00e9ussie des dipl\u00f4m\u00e9s de licence dans les phases suivantes de leur formation m\u00e9dicale.&nbsp;&nbsp;<\/p>\n\n\n\n<p>\u00ab L&rsquo;universit\u00e9 a r\u00e9ussi \u00e0 mettre en place un programme de licence en m\u00e9decine complet et attractif au Luxembourg, une \u00e9tape importante qui n&rsquo;existait pas avant 2020. L&rsquo;am\u00e9lioration constante&nbsp;du taux de r\u00e9tention des \u00e9tudiants et de leurs r\u00e9sultats scolaires indique que le programme&nbsp;r\u00e9pond efficacement \u00e0 un besoin national et remplit sa mission initiale : renforcer les&nbsp;besoins nationaux en mati\u00e8re de soins de sant\u00e9 et d\u00e9velopper le propre syst\u00e8me d&rsquo;enseignement m\u00e9dical du Luxembourg. \u00bb <em>Rapport d&rsquo;\u00e9valuation, 19 juillet 2025<\/em>&nbsp;&nbsp;<\/p>\n\n\n\n<h2 class=\"has-text-align-left wp-block-unilux-blocks-heading\"        id=\"un-reseau-dacteurs-engages-et-une-infrastructure-exceptionnelle\"\n    >\nUn r\u00e9seau d&rsquo;acteurs engag\u00e9s et une infrastructure exceptionnelle<\/h2>\n\n\n\n<p>Les \u00e9valuateurs ont relev\u00e9 deux facteurs de r\u00e9ussite importants. Tout d&rsquo;abord, un r\u00e9seau de personnel, d&rsquo;\u00e9tudiants et d&rsquo;acteurs d\u00e9vou\u00e9s, engag\u00e9s dans le d\u00e9veloppement et l&rsquo;am\u00e9lioration continue de la licence en m\u00e9decine. Ensuite, une infrastructure remarquable sur le campus, avec une plateforme de simulation de pointe, qui profite aux \u00e9tudiants, aux enseignants et aux chercheurs. Le rapport a \u00e9galement soulign\u00e9 le soutien apport\u00e9 par un large \u00e9ventail d&rsquo;acteurs externes, notamment les h\u00f4pitaux, les professions m\u00e9dicales et le minist\u00e8re de la Recherche et de l&rsquo;Enseignement sup\u00e9rieur.&nbsp;&nbsp;<\/p>\n\n\n\n<p>Le dialogue que les \u00e9valuateurs ont eu avec les \u00e9quipes et les \u00e9tudiants de l&rsquo;Uni.lu a permis d&rsquo;explorer les domaines qui offrent des possibilit\u00e9s d&rsquo;am\u00e9lioration afin de renforcer encore la qualit\u00e9 de l&rsquo;enseignement m\u00e9dical \u00e0 l&rsquo;Uni.lu.&nbsp;<\/p>\n\n\n\n<ul class=\"ulux-list\">\n<li class=\"ulux-list-item\">R\u00e9pondre \u00e0 la n\u00e9cessit\u00e9 d&rsquo;un cadre juridique appropri\u00e9 permettant une formation universitaire dans le milieu clinique, y compris le financement et le temps n\u00e9cessaires \u00e0 l&rsquo;enseignement<\/li>\n\n\n\n<li class=\"ulux-list-item\">Coh\u00e9rence des approches p\u00e9dagogiques et de la documentation<\/li>\n\n\n\n<li class=\"ulux-list-item\">Augmentation du nombre de personnel m\u00e9dical<\/li>\n\n\n\n<li class=\"ulux-list-item\">Investissement dans l&rsquo;expansion des capacit\u00e9s et des infrastructures<\/li>\n\n\n\n<li class=\"ulux-list-item\">Mise en \u0153uvre d&rsquo;une vision commune de la formation m\u00e9dicale parmi toutes les parties prenantes, en particulier l&rsquo;universit\u00e9, le minist\u00e8re de la recherche et de l\u2019enseignement sup\u00e9rieur et les institutions cliniques<\/li>\n\n\n\n<li class=\"ulux-list-item\">Renforcer les \u00e9changes avec les universit\u00e9s partenaires \u00e0 l&rsquo;\u00e9tranger&nbsp;<\/li>\n<\/ul>\n\n\n\n<h2 class=\"has-text-align-left wp-block-unilux-blocks-heading\"        id=\"le-processus-devaluation-externe\"\n    >\nLe processus d&rsquo;\u00e9valuation externe<\/h2>\n\n\n\n<p>L&rsquo;\u00e9valuation a \u00e9t\u00e9 r\u00e9alis\u00e9e par un panel d&rsquo;experts internationaux convoqu\u00e9 par l&rsquo;Organisation d&rsquo;accr\u00e9ditation des Pays-Bas, de la Flandre et du Luxembourg (NVAO). Avant la premi\u00e8re r\u00e9union du panel, les membres avaient re\u00e7u de l&rsquo;universit\u00e9 un rapport d&rsquo;auto-\u00e9valuation, ce qui leur a permis de pr\u00e9parer une liste de questions et d&rsquo;impressions \u00e0 soumettre.&nbsp;<\/p>\n\n\n\n<p>Lors d&rsquo;une r\u00e9union pr\u00e9paratoire en mai 2025, le panel a examin\u00e9 toutes les informations contenues dans le rapport d&rsquo;auto-\u00e9valuation et a pr\u00e9par\u00e9 le dialogue avec le programme. Une visite sur place \u00e0 l&rsquo;universit\u00e9 a eu lieu en juin 2025. Au cours du dialogue, le panel a discut\u00e9 avec plusieurs parties prenantes internes et externes.&nbsp;<\/p>\n\n\n\n<p>\u00c0 l&rsquo;issue de la visite sur place, le panel a discut\u00e9 de toutes les informations, des principales conclusions et recommandations qui sont d\u00e9velopp\u00e9es dans le pr\u00e9sent rapport, lors d&rsquo;une r\u00e9union \u00e0 huis clos. Le rapport d&rsquo;\u00e9valuation final a \u00e9t\u00e9 remis \u00e0 l&rsquo;universit\u00e9 et au MESR en juillet 2025. Il a \u00e9t\u00e9 pr\u00e9sent\u00e9 au conseil d&rsquo;administration le 17 octobre et \u00e0 ministre St\u00e9phanie Obertin le 13 novembre. La NVAO a pr\u00e9sent\u00e9 le rapport \u00e0 la commission parlementaire le 9 d\u00e9cembre 2025.&nbsp;&nbsp;<\/p>\n\n\n\n<ul class=\"wp-block-unilux-blocks-button-list-v2\">\n<li class=\"wp-block-unilux-blocks-button-list-item-v2\"><a class=\"quick-link\" href=\"https:\/\/www.uni.lu\/wp-content\/uploads\/sites\/9\/2025\/12\/12145533\/Evaluation-Bachelor-in-medicine-NVAO-July-2025.pdf\" target=\"_blank\" role=\"link\" rel=\"noopener\" tabindex=\"0\"><span class=\"quick-link__container\">\n<div class=\"wp-block-unilux-blocks-block-inserter quick-link__img\">\n<div class=\"icon--primary icon--secondary-2 icon--xl wp-block-unilux-blocks-icon-picker\">\n    <svg aria-hidden=\"true\" focusable=\"false\" class=\"icon icon-outline icon--download \"><use xlink:href=\"https:\/\/www.uni.lu\/wp-content\/themes\/unilux-theme\/assets\/images\/icons\/icons-outline.svg#icon--download\"><\/use><\/svg><\/div><\/div>\n\n\n\n<span class=\"quick-link__name wp-block-unilux-blocks-plain-text\">T\u00e9l\u00e9charger l&rsquo;\u00e9valuation (EN)<\/span>\n\n<svg aria-hidden=\"true\" focusable=\"false\" class=\"icon icon-outline icon--arrow-right \"><use xlink:href=\"https:\/\/www.uni.lu\/wp-content\/themes\/unilux-theme\/assets\/images\/icons\/icons-outline.svg#icon--arrow-right\"><\/use><\/svg><\/span><\/a><\/li>\n<\/ul>\n<\/div><\/section>\n","protected":false},"excerpt":{"rendered":"<p>Les conclusions de l&rsquo;\u00e9valuation externe du Bachelor en m\u00e9decine de l&rsquo;Universit\u00e9 ont \u00e9t\u00e9 pr\u00e9sent\u00e9es le mardi 9 d\u00e9cembre.  <\/p>\n","protected":false},"author":91,"featured_media":17589,"template":"","format":"standard","meta":{"featured_image_focal_point":{"x":0.46,"y":0.48},"show_featured_caption":false,"ulux_newsletter_groups":"","uluxPostTitle":"","uluxPrePostTitle":"","_trash_the_other_posts":false,"_price":"","_stock":"","_tribe_ticket_header":"","_tribe_default_ticket_provider":"","_tribe_ticket_capacity":"0","_ticket_start_date":"","_ticket_end_date":"","_tribe_ticket_show_description":"","_tribe_ticket_show_not_going":false,"_tribe_ticket_use_global_stock":"","_tribe_ticket_global_stock_level":"","_global_stock_mode":"","_global_stock_cap":"","_tribe_rsvp_for_event":"","_tribe_ticket_going_count":"","_tribe_ticket_not_going_count":"","_tribe_tickets_list":"[]","_tribe_ticket_has_attendee_info_fields":false},"news-category":[5],"news-topic":[19],"organisation":[],"authorship":[91],"acf":[],"yoast_head":"<!-- This site is optimized with the Yoast SEO Premium plugin v22.3 (Yoast SEO v22.3) - https:\/\/yoast.com\/wordpress\/plugins\/seo\/ -->\n<title>L\u2019\u00e9valuation externe de la formation m\u00e9dicale annonce des d\u00e9buts prometteurs - Universit\u00e9 du Luxembourg<\/title>\n<meta name=\"description\" content=\"Les conclusions de l&#039;\u00e9valuation externe du Bachelor en m\u00e9decine de l&#039;Universit\u00e9 ont \u00e9t\u00e9 pr\u00e9sent\u00e9es le mardi 9 d\u00e9cembre.\" \/>\n<meta name=\"robots\" content=\"index, follow, max-snippet:-1, max-image-preview:large, max-video-preview:-1\" \/>\n<link rel=\"canonical\" href=\"https:\/\/www.uni.lu\/fr\/news\/external-evaluation-of-medical-education-points-to-promising-start\/\" \/>\n<meta property=\"og:locale\" content=\"fr_FR\" \/>\n<meta property=\"og:type\" content=\"article\" \/>\n<meta property=\"og:title\" content=\"L\u2019\u00e9valuation externe de la formation m\u00e9dicale annonce des d\u00e9buts prometteurs\" \/>\n<meta property=\"og:description\" content=\"Les conclusions de l&#039;\u00e9valuation externe du Bachelor en m\u00e9decine de l&#039;Universit\u00e9 ont \u00e9t\u00e9 pr\u00e9sent\u00e9es le mardi 9 d\u00e9cembre.\" \/>\n<meta property=\"og:url\" content=\"https:\/\/www.uni.lu\/fr\/news\/external-evaluation-of-medical-education-points-to-promising-start\/\" \/>\n<meta property=\"og:site_name\" content=\"UNI FR\" \/>\n<meta property=\"article:publisher\" content=\"https:\/\/www.facebook.com\/uni.lu\" \/>\n<meta property=\"article:modified_time\" content=\"2025-12-12T14:07:00+00:00\" \/>\n<meta property=\"og:image\" content=\"https:\/\/www.uni.lu\/wp-content\/uploads\/sites\/11\/2025\/12\/12124120\/DSC04160-scaled.jpg\" \/>\n\t<meta property=\"og:image:width\" content=\"2560\" \/>\n\t<meta property=\"og:image:height\" content=\"1560\" \/>\n\t<meta property=\"og:image:type\" content=\"image\/jpeg\" \/>\n<meta name=\"twitter:card\" content=\"summary_large_image\" \/>\n<meta name=\"twitter:label1\" content=\"Dur\u00e9e de lecture estim\u00e9e\" \/>\n\t<meta name=\"twitter:data1\" content=\"4 minutes\" \/>\n<script type=\"application\/ld+json\" class=\"yoast-schema-graph\">{\"@context\":\"https:\/\/schema.org\",\"@graph\":[{\"@type\":\"NewsArticle\",\"@id\":\"https:\/\/www.uni.lu\/fr\/news\/external-evaluation-of-medical-education-points-to-promising-start\/#article\",\"isPartOf\":{\"@id\":\"https:\/\/www.uni.lu\/fr\/news\/external-evaluation-of-medical-education-points-to-promising-start\/\"},\"author\":{\"name\":\"lbianchi\",\"@id\":\"https:\/\/www.uni.lu\/fr\/#\/schema\/person\/d9b86b7c2e53fc03137bac4835036477\"},\"headline\":\"L\u2019\u00e9valuation externe de la formation m\u00e9dicale annonce des d\u00e9buts prometteurs\",\"datePublished\":\"2025-12-12T11:41:41+00:00\",\"dateModified\":\"2025-12-12T14:07:00+00:00\",\"mainEntityOfPage\":{\"@id\":\"https:\/\/www.uni.lu\/fr\/news\/external-evaluation-of-medical-education-points-to-promising-start\/\"},\"wordCount\":708,\"publisher\":{\"@id\":\"https:\/\/www.uni.lu\/fr\/#organization\"},\"image\":{\"@id\":\"https:\/\/www.uni.lu\/fr\/news\/external-evaluation-of-medical-education-points-to-promising-start\/#primaryimage\"},\"thumbnailUrl\":\"https:\/\/www.uni.lu\/wp-content\/uploads\/sites\/11\/2025\/12\/12124120\/DSC04160-scaled.jpg\",\"inLanguage\":\"fr-FR\"},{\"@type\":\"WebPage\",\"@id\":\"https:\/\/www.uni.lu\/fr\/news\/external-evaluation-of-medical-education-points-to-promising-start\/\",\"url\":\"https:\/\/www.uni.lu\/fr\/news\/external-evaluation-of-medical-education-points-to-promising-start\/\",\"name\":\"L\u2019\u00e9valuation externe de la formation m\u00e9dicale annonce des d\u00e9buts prometteurs - Universit\u00e9 du Luxembourg\",\"isPartOf\":{\"@id\":\"https:\/\/www.uni.lu\/fr\/#website\"},\"primaryImageOfPage\":{\"@id\":\"https:\/\/www.uni.lu\/fr\/news\/external-evaluation-of-medical-education-points-to-promising-start\/#primaryimage\"},\"image\":{\"@id\":\"https:\/\/www.uni.lu\/fr\/news\/external-evaluation-of-medical-education-points-to-promising-start\/#primaryimage\"},\"thumbnailUrl\":\"https:\/\/www.uni.lu\/wp-content\/uploads\/sites\/11\/2025\/12\/12124120\/DSC04160-scaled.jpg\",\"datePublished\":\"2025-12-12T11:41:41+00:00\",\"dateModified\":\"2025-12-12T14:07:00+00:00\",\"description\":\"Les conclusions de l'\u00e9valuation externe du Bachelor en m\u00e9decine de l'Universit\u00e9 ont \u00e9t\u00e9 pr\u00e9sent\u00e9es le mardi 9 d\u00e9cembre.\",\"breadcrumb\":{\"@id\":\"https:\/\/www.uni.lu\/fr\/news\/external-evaluation-of-medical-education-points-to-promising-start\/#breadcrumb\"},\"inLanguage\":\"fr-FR\",\"potentialAction\":[{\"@type\":\"ReadAction\",\"target\":[\"https:\/\/www.uni.lu\/fr\/news\/external-evaluation-of-medical-education-points-to-promising-start\/\"]}]},{\"@type\":\"ImageObject\",\"inLanguage\":\"fr-FR\",\"@id\":\"https:\/\/www.uni.lu\/fr\/news\/external-evaluation-of-medical-education-points-to-promising-start\/#primaryimage\",\"url\":\"https:\/\/www.uni.lu\/wp-content\/uploads\/sites\/11\/2025\/12\/12124120\/DSC04160-scaled.jpg\",\"contentUrl\":\"https:\/\/www.uni.lu\/wp-content\/uploads\/sites\/11\/2025\/12\/12124120\/DSC04160-scaled.jpg\",\"width\":2560,\"height\":1560},{\"@type\":\"BreadcrumbList\",\"@id\":\"https:\/\/www.uni.lu\/fr\/news\/external-evaluation-of-medical-education-points-to-promising-start\/#breadcrumb\",\"itemListElement\":[{\"@type\":\"ListItem\",\"position\":1,\"name\":\"Home\",\"item\":\"https:\/\/www.uni.lu\/fr\/\"},{\"@type\":\"ListItem\",\"position\":2,\"name\":\"News\",\"item\":\"https:\/\/www.uni.lu\/fr\/news\/\"},{\"@type\":\"ListItem\",\"position\":3,\"name\":\"L\u2019\u00e9valuation externe de la formation m\u00e9dicale annonce des d\u00e9buts prometteurs\"}]},{\"@type\":\"WebSite\",\"@id\":\"https:\/\/www.uni.lu\/fr\/#website\",\"url\":\"https:\/\/www.uni.lu\/fr\/\",\"name\":\"Uni.lu\",\"description\":\"Universit\u00e9 du Luxembourg\",\"publisher\":{\"@id\":\"https:\/\/www.uni.lu\/fr\/#organization\"},\"alternateName\":\"Universit\u00e9 du Luxembourg\",\"potentialAction\":[{\"@type\":\"SearchAction\",\"target\":{\"@type\":\"EntryPoint\",\"urlTemplate\":\"https:\/\/www.uni.lu\/fr\/?s={search_term_string}\"},\"query-input\":\"required name=search_term_string\"}],\"inLanguage\":\"fr-FR\"},{\"@type\":\"Organization\",\"@id\":\"https:\/\/www.uni.lu\/fr\/#organization\",\"name\":\"Universit\u00e9 du Luxembourg\",\"alternateName\":\"Uni.lu\",\"url\":\"https:\/\/www.uni.lu\/fr\/\",\"logo\":{\"@type\":\"ImageObject\",\"inLanguage\":\"fr-FR\",\"@id\":\"https:\/\/www.uni.lu\/fr\/#\/schema\/logo\/image\/\",\"url\":\"https:\/\/www.uni.lu\/wp-content\/uploads\/sites\/11\/2026\/03\/03120045\/UNIV_SM-Profile_1600x1600px-scaled.jpg\",\"contentUrl\":\"https:\/\/www.uni.lu\/wp-content\/uploads\/sites\/11\/2026\/03\/03120045\/UNIV_SM-Profile_1600x1600px-scaled.jpg\",\"width\":2560,\"height\":2560,\"caption\":\"Universit\u00e9 du Luxembourg\"},\"image\":\"https:\/\/www.uni.lu\/wp-content\/uploads\/sites\/11\/2026\/04\/24120552\/20200609-Belval-Campus_Henri-Goergen-23.jpg\",\"sameAs\":[\"https:\/\/www.facebook.com\/uni.lu\",\"https:\/\/www.linkedin.com\/school\/university-of-luxembourg\/\",\"https:\/\/www.instagram.com\/uni.lu\",\"https:\/\/www.youtube.com\/@uni_lu\",\"https:\/\/en.wikipedia.org\/wiki\/University_of_Luxembourg\"],\"email\":\"communication@uni.lu\",\"telephone\":\"+352 46 66 44 1\",\"address\":{\"@type\":\"PostalAddress\",\"streetAddress\":\"2, place de l\u2019Universit\u00e9\",\"addressLocality\":\"Esch-sur-Alzette\",\"postalCode\":\"4365\",\"addressCountry\":\"LU\"},\"description\":\"Universit\u00e9 du Luxembourg\"},{\"@type\":\"Person\",\"@id\":\"https:\/\/www.uni.lu\/fr\/#\/schema\/person\/d9b86b7c2e53fc03137bac4835036477\",\"name\":\"lbianchi\",\"image\":{\"@type\":\"ImageObject\",\"inLanguage\":\"fr-FR\",\"@id\":\"https:\/\/www.uni.lu\/fr\/#\/schema\/person\/image\/\",\"url\":\"https:\/\/secure.gravatar.com\/avatar\/b95af755d0da6e0201fdf3e2f7318021?s=96&d=mm&r=g\",\"contentUrl\":\"https:\/\/secure.gravatar.com\/avatar\/b95af755d0da6e0201fdf3e2f7318021?s=96&d=mm&r=g\",\"caption\":\"lbianchi\"}}]}<\/script>\n<!-- \/ Yoast SEO Premium plugin. -->","yoast_head_json":{"title":"L\u2019\u00e9valuation externe de la formation m\u00e9dicale annonce des d\u00e9buts prometteurs - Universit\u00e9 du Luxembourg","description":"Les conclusions de l'\u00e9valuation externe du Bachelor en m\u00e9decine de l'Universit\u00e9 ont \u00e9t\u00e9 pr\u00e9sent\u00e9es le mardi 9 d\u00e9cembre.","robots":{"index":"index","follow":"follow","max-snippet":"max-snippet:-1","max-image-preview":"max-image-preview:large","max-video-preview":"max-video-preview:-1"},"canonical":"https:\/\/www.uni.lu\/fr\/news\/external-evaluation-of-medical-education-points-to-promising-start\/","og_locale":"fr_FR","og_type":"article","og_title":"L\u2019\u00e9valuation externe de la formation m\u00e9dicale annonce des d\u00e9buts prometteurs","og_description":"Les conclusions de l'\u00e9valuation externe du Bachelor en m\u00e9decine de l'Universit\u00e9 ont \u00e9t\u00e9 pr\u00e9sent\u00e9es le mardi 9 d\u00e9cembre.","og_url":"https:\/\/www.uni.lu\/fr\/news\/external-evaluation-of-medical-education-points-to-promising-start\/","og_site_name":"UNI FR","article_publisher":"https:\/\/www.facebook.com\/uni.lu","article_modified_time":"2025-12-12T14:07:00+00:00","og_image":[{"width":2560,"height":1560,"url":"https:\/\/www.uni.lu\/wp-content\/uploads\/sites\/11\/2025\/12\/12124120\/DSC04160-scaled.jpg","type":"image\/jpeg"}],"twitter_card":"summary_large_image","twitter_misc":{"Dur\u00e9e de lecture estim\u00e9e":"4 minutes"},"schema":{"@context":"https:\/\/schema.org","@graph":[{"@type":"NewsArticle","@id":"https:\/\/www.uni.lu\/fr\/news\/external-evaluation-of-medical-education-points-to-promising-start\/#article","isPartOf":{"@id":"https:\/\/www.uni.lu\/fr\/news\/external-evaluation-of-medical-education-points-to-promising-start\/"},"author":{"name":"lbianchi","@id":"https:\/\/www.uni.lu\/fr\/#\/schema\/person\/d9b86b7c2e53fc03137bac4835036477"},"headline":"L\u2019\u00e9valuation externe de la formation m\u00e9dicale annonce des d\u00e9buts prometteurs","datePublished":"2025-12-12T11:41:41+00:00","dateModified":"2025-12-12T14:07:00+00:00","mainEntityOfPage":{"@id":"https:\/\/www.uni.lu\/fr\/news\/external-evaluation-of-medical-education-points-to-promising-start\/"},"wordCount":708,"publisher":{"@id":"https:\/\/www.uni.lu\/fr\/#organization"},"image":{"@id":"https:\/\/www.uni.lu\/fr\/news\/external-evaluation-of-medical-education-points-to-promising-start\/#primaryimage"},"thumbnailUrl":"https:\/\/www.uni.lu\/wp-content\/uploads\/sites\/11\/2025\/12\/12124120\/DSC04160-scaled.jpg","inLanguage":"fr-FR"},{"@type":"WebPage","@id":"https:\/\/www.uni.lu\/fr\/news\/external-evaluation-of-medical-education-points-to-promising-start\/","url":"https:\/\/www.uni.lu\/fr\/news\/external-evaluation-of-medical-education-points-to-promising-start\/","name":"L\u2019\u00e9valuation externe de la formation m\u00e9dicale annonce des d\u00e9buts prometteurs - Universit\u00e9 du Luxembourg","isPartOf":{"@id":"https:\/\/www.uni.lu\/fr\/#website"},"primaryImageOfPage":{"@id":"https:\/\/www.uni.lu\/fr\/news\/external-evaluation-of-medical-education-points-to-promising-start\/#primaryimage"},"image":{"@id":"https:\/\/www.uni.lu\/fr\/news\/external-evaluation-of-medical-education-points-to-promising-start\/#primaryimage"},"thumbnailUrl":"https:\/\/www.uni.lu\/wp-content\/uploads\/sites\/11\/2025\/12\/12124120\/DSC04160-scaled.jpg","datePublished":"2025-12-12T11:41:41+00:00","dateModified":"2025-12-12T14:07:00+00:00","description":"Les conclusions de l'\u00e9valuation externe du Bachelor en m\u00e9decine de l'Universit\u00e9 ont \u00e9t\u00e9 pr\u00e9sent\u00e9es le mardi 9 d\u00e9cembre.","breadcrumb":{"@id":"https:\/\/www.uni.lu\/fr\/news\/external-evaluation-of-medical-education-points-to-promising-start\/#breadcrumb"},"inLanguage":"fr-FR","potentialAction":[{"@type":"ReadAction","target":["https:\/\/www.uni.lu\/fr\/news\/external-evaluation-of-medical-education-points-to-promising-start\/"]}]},{"@type":"ImageObject","inLanguage":"fr-FR","@id":"https:\/\/www.uni.lu\/fr\/news\/external-evaluation-of-medical-education-points-to-promising-start\/#primaryimage","url":"https:\/\/www.uni.lu\/wp-content\/uploads\/sites\/11\/2025\/12\/12124120\/DSC04160-scaled.jpg","contentUrl":"https:\/\/www.uni.lu\/wp-content\/uploads\/sites\/11\/2025\/12\/12124120\/DSC04160-scaled.jpg","width":2560,"height":1560},{"@type":"BreadcrumbList","@id":"https:\/\/www.uni.lu\/fr\/news\/external-evaluation-of-medical-education-points-to-promising-start\/#breadcrumb","itemListElement":[{"@type":"ListItem","position":1,"name":"Home","item":"https:\/\/www.uni.lu\/fr\/"},{"@type":"ListItem","position":2,"name":"News","item":"https:\/\/www.uni.lu\/fr\/news\/"},{"@type":"ListItem","position":3,"name":"L\u2019\u00e9valuation externe de la formation m\u00e9dicale annonce des d\u00e9buts prometteurs"}]},{"@type":"WebSite","@id":"https:\/\/www.uni.lu\/fr\/#website","url":"https:\/\/www.uni.lu\/fr\/","name":"Uni.lu","description":"Universit\u00e9 du Luxembourg","publisher":{"@id":"https:\/\/www.uni.lu\/fr\/#organization"},"alternateName":"Universit\u00e9 du Luxembourg","potentialAction":[{"@type":"SearchAction","target":{"@type":"EntryPoint","urlTemplate":"https:\/\/www.uni.lu\/fr\/?s={search_term_string}"},"query-input":"required name=search_term_string"}],"inLanguage":"fr-FR"},{"@type":"Organization","@id":"https:\/\/www.uni.lu\/fr\/#organization","name":"Universit\u00e9 du Luxembourg","alternateName":"Uni.lu","url":"https:\/\/www.uni.lu\/fr\/","logo":{"@type":"ImageObject","inLanguage":"fr-FR","@id":"https:\/\/www.uni.lu\/fr\/#\/schema\/logo\/image\/","url":"https:\/\/www.uni.lu\/wp-content\/uploads\/sites\/11\/2026\/03\/03120045\/UNIV_SM-Profile_1600x1600px-scaled.jpg","contentUrl":"https:\/\/www.uni.lu\/wp-content\/uploads\/sites\/11\/2026\/03\/03120045\/UNIV_SM-Profile_1600x1600px-scaled.jpg","width":2560,"height":2560,"caption":"Universit\u00e9 du Luxembourg"},"image":"https:\/\/www.uni.lu\/wp-content\/uploads\/sites\/11\/2026\/04\/24120552\/20200609-Belval-Campus_Henri-Goergen-23.jpg","sameAs":["https:\/\/www.facebook.com\/uni.lu","https:\/\/www.linkedin.com\/school\/university-of-luxembourg\/","https:\/\/www.instagram.com\/uni.lu","https:\/\/www.youtube.com\/@uni_lu","https:\/\/en.wikipedia.org\/wiki\/University_of_Luxembourg"],"email":"communication@uni.lu","telephone":"+352 46 66 44 1","address":{"@type":"PostalAddress","streetAddress":"2, place de l\u2019Universit\u00e9","addressLocality":"Esch-sur-Alzette","postalCode":"4365","addressCountry":"LU"},"description":"Universit\u00e9 du Luxembourg"},{"@type":"Person","@id":"https:\/\/www.uni.lu\/fr\/#\/schema\/person\/d9b86b7c2e53fc03137bac4835036477","name":"lbianchi","image":{"@type":"ImageObject","inLanguage":"fr-FR","@id":"https:\/\/www.uni.lu\/fr\/#\/schema\/person\/image\/","url":"https:\/\/secure.gravatar.com\/avatar\/b95af755d0da6e0201fdf3e2f7318021?s=96&d=mm&r=g","contentUrl":"https:\/\/secure.gravatar.com\/avatar\/b95af755d0da6e0201fdf3e2f7318021?s=96&d=mm&r=g","caption":"lbianchi"}}]}},"blog_id":11,"_links":{"self":[{"href":"https:\/\/www.uni.lu\/fr\/wp-json\/wp\/v2\/news\/17587"}],"collection":[{"href":"https:\/\/www.uni.lu\/fr\/wp-json\/wp\/v2\/news"}],"about":[{"href":"https:\/\/www.uni.lu\/fr\/wp-json\/wp\/v2\/types\/news"}],"author":[{"embeddable":true,"href":"https:\/\/www.uni.lu\/fr\/wp-json\/wp\/v2\/users\/91"}],"version-history":[{"count":5,"href":"https:\/\/www.uni.lu\/fr\/wp-json\/wp\/v2\/news\/17587\/revisions"}],"predecessor-version":[{"id":17595,"href":"https:\/\/www.uni.lu\/fr\/wp-json\/wp\/v2\/news\/17587\/revisions\/17595"}],"wp:authorship":[{"embeddable":true,"href":"https:\/\/www.uni.lu\/fr\/wp-json\/wp\/v2\/users\/91"}],"wp:featuredmedia":[{"embeddable":true,"href":"https:\/\/www.uni.lu\/fr\/wp-json\/wp\/v2\/media\/17589"}],"wp:attachment":[{"href":"https:\/\/www.uni.lu\/fr\/wp-json\/wp\/v2\/media?parent=17587"}],"wp:term":[{"taxonomy":"news-category","embeddable":true,"href":"https:\/\/www.uni.lu\/fr\/wp-json\/wp\/v2\/news-category?post=17587"},{"taxonomy":"news-topic","embeddable":true,"href":"https:\/\/www.uni.lu\/fr\/wp-json\/wp\/v2\/news-topic?post=17587"},{"taxonomy":"organisation","embeddable":true,"href":"https:\/\/www.uni.lu\/fr\/wp-json\/wp\/v2\/organisation?post=17587"}],"curies":[{"name":"wp","href":"https:\/\/api.w.org\/{rel}","templated":true}]}}