{"id":17504,"date":"2025-12-04T17:40:00","date_gmt":"2025-12-04T16:40:00","guid":{"rendered":"https:\/\/www.uni.lu\/fr\/?post_type=news&#038;p=17504"},"modified":"2025-12-16T16:49:54","modified_gmt":"2025-12-16T15:49:54","slug":"fetes-de-fin-d-annee-qu-est-ce-qui-est-ouvert-ou-ferme","status":"publish","type":"news","link":"https:\/\/www.uni.lu\/fr\/news\/fetes-de-fin-d-annee-qu-est-ce-qui-est-ouvert-ou-ferme\/","title":{"rendered":"L\u2019Universit\u00e9 pendant les f\u00eates de fin d&rsquo;ann\u00e9e : qu\u2019est-ce qui est ouvert ou ferm\u00e9 ?"},"content":{"rendered":"\n<section class=\"wp-block-unilux-blocks-free-section section\"><div class=\"container xl:max-w-screen-xl\">\n<p>Pendant les vacances d&rsquo;hiver, certains services et restaurants de l&rsquo;Universit\u00e9 peuvent \u00eatre ferm\u00e9s ou avoir modifi\u00e9 leurs horaires d&rsquo;ouverture.<\/p>\n\n\n\n<div class=\"wp-block-columns is-layout-flex wp-block-columns-is-layout-flex\">\n<div class=\"wp-block-column is-layout-flow wp-block-column-is-layout-flow\"><div class=\"icon-info-wrapper\">\n    <ul class=\"wp-block-unilux-blocks-icon-info\">\n        <li class=\"wp-block-unilux-blocks-icon-info-item\">\n    \n<div class=\"wp-block-unilux-blocks-wrapper icon-info\">\n<div class=\"icon--primary icon--secondary-2  wp-block-unilux-blocks-icon-picker\">\n    <svg aria-hidden=\"true\" focusable=\"false\" class=\"icon icon-outline icon--arrow-dual-down \"><use xlink:href=\"https:\/\/www.uni.lu\/wp-content\/themes\/unilux-theme\/assets\/images\/icons\/icons-outline.svg#icon--arrow-dual-down\"><\/use><\/svg><\/div>\n\n\n<p class=\"has-1-125-rem-font-size\"><a href=\"#universite-du-luxembourg\">Universit\u00e9 du Luxembourg<\/a><\/p>\n<\/div>\n<\/li>\n    <\/ul>\n<\/div>\n\n\n<div class=\"icon-info-wrapper\">\n    <ul class=\"wp-block-unilux-blocks-icon-info\">\n        <li class=\"wp-block-unilux-blocks-icon-info-item\">\n    \n<div class=\"wp-block-unilux-blocks-wrapper icon-info\">\n<div class=\"icon--primary icon--secondary-2  wp-block-unilux-blocks-icon-picker\">\n    <svg aria-hidden=\"true\" focusable=\"false\" class=\"icon icon-outline icon--arrow-dual-down \"><use xlink:href=\"https:\/\/www.uni.lu\/wp-content\/themes\/unilux-theme\/assets\/images\/icons\/icons-outline.svg#icon--arrow-dual-down\"><\/use><\/svg><\/div>\n\n\n<p class=\"has-1-125-rem-font-size\"><a href=\"#seve\">Student Services<\/a><\/p>\n<\/div>\n<\/li>\n    <\/ul>\n<\/div>\n\n\n<div class=\"icon-info-wrapper\">\n    <ul class=\"wp-block-unilux-blocks-icon-info\">\n        <li class=\"wp-block-unilux-blocks-icon-info-item\">\n    \n<div class=\"wp-block-unilux-blocks-wrapper icon-info\">\n<div class=\"icon--primary icon--secondary-2  wp-block-unilux-blocks-icon-picker\">\n    <svg aria-hidden=\"true\" focusable=\"false\" class=\"icon icon-outline icon--arrow-dual-down \"><use xlink:href=\"https:\/\/www.uni.lu\/wp-content\/themes\/unilux-theme\/assets\/images\/icons\/icons-outline.svg#icon--arrow-dual-down\"><\/use><\/svg><\/div>\n\n\n<p class=\"has-1-125-rem-font-size\"><a href=\"#clinique-du-droit\">Clinique du Droit<\/a><\/p>\n<\/div>\n<\/li>\n    <\/ul>\n<\/div>\n<\/div>\n\n\n\n<div class=\"wp-block-column is-layout-flow wp-block-column-is-layout-flow\"><div class=\"icon-info-wrapper\">\n    <ul class=\"wp-block-unilux-blocks-icon-info\">\n        <li class=\"wp-block-unilux-blocks-icon-info-item\">\n    \n<div class=\"wp-block-unilux-blocks-wrapper icon-info\">\n<div class=\"icon--primary icon--secondary-2  wp-block-unilux-blocks-icon-picker\">\n    <svg aria-hidden=\"true\" focusable=\"false\" class=\"icon icon-outline icon--arrow-dual-down \"><use xlink:href=\"https:\/\/www.uni.lu\/wp-content\/themes\/unilux-theme\/assets\/images\/icons\/icons-outline.svg#icon--arrow-dual-down\"><\/use><\/svg><\/div>\n\n\n<p class=\"has-1-125-rem-font-size\"><a href=\"#restaurants-universitaires\">Restaurants universitaires<\/a><\/p>\n<\/div>\n<\/li>\n    <\/ul>\n<\/div>\n\n\n<div class=\"icon-info-wrapper\">\n    <ul class=\"wp-block-unilux-blocks-icon-info\">\n        <li class=\"wp-block-unilux-blocks-icon-info-item\">\n    \n<div class=\"wp-block-unilux-blocks-wrapper icon-info\">\n<div class=\"icon--primary icon--secondary-2  wp-block-unilux-blocks-icon-picker\">\n    <svg aria-hidden=\"true\" focusable=\"false\" class=\"icon icon-outline icon--arrow-dual-down \"><use xlink:href=\"https:\/\/www.uni.lu\/wp-content\/themes\/unilux-theme\/assets\/images\/icons\/icons-outline.svg#icon--arrow-dual-down\"><\/use><\/svg><\/div>\n\n\n<p class=\"has-1-125-rem-font-size\"><a href=\"#office-of-doctoral-studies\">Office of Doctoral Studies<\/a><\/p>\n<\/div>\n<\/li>\n    <\/ul>\n<\/div>\n\n\n<div class=\"icon-info-wrapper\">\n    <ul class=\"wp-block-unilux-blocks-icon-info\">\n        <li class=\"wp-block-unilux-blocks-icon-info-item\">\n    \n<div class=\"wp-block-unilux-blocks-wrapper icon-info\">\n<div class=\"icon--primary icon--secondary-2  wp-block-unilux-blocks-icon-picker\">\n    <svg aria-hidden=\"true\" focusable=\"false\" class=\"icon icon-outline icon--arrow-dual-down \"><use xlink:href=\"https:\/\/www.uni.lu\/wp-content\/themes\/unilux-theme\/assets\/images\/icons\/icons-outline.svg#icon--arrow-dual-down\"><\/use><\/svg><\/div>\n\n\n<p class=\"has-1-125-rem-font-size\"><a href=\"#llc\">Luxembourg Learning Centre<\/a><\/p>\n<\/div>\n<\/li>\n    <\/ul>\n<\/div>\n<\/div>\n\n\n\n<div class=\"wp-block-column is-layout-flow wp-block-column-is-layout-flow\"><div class=\"icon-info-wrapper\">\n    <ul class=\"wp-block-unilux-blocks-icon-info\">\n        <li class=\"wp-block-unilux-blocks-icon-info-item\">\n    \n<div class=\"wp-block-unilux-blocks-wrapper icon-info\">\n<div class=\"icon--primary icon--secondary-2  wp-block-unilux-blocks-icon-picker\">\n    <svg aria-hidden=\"true\" focusable=\"false\" class=\"icon icon-outline icon--arrow-dual-down \"><use xlink:href=\"https:\/\/www.uni.lu\/wp-content\/themes\/unilux-theme\/assets\/images\/icons\/icons-outline.svg#icon--arrow-dual-down\"><\/use><\/svg><\/div>\n\n\n<p class=\"has-1-125-rem-font-size\"><a href=\"#ressources-humaines\">Ressources humaines<\/a><\/p>\n<\/div>\n<\/li>\n    <\/ul>\n<\/div>\n\n\n<div class=\"icon-info-wrapper\">\n    <ul class=\"wp-block-unilux-blocks-icon-info\">\n        <li class=\"wp-block-unilux-blocks-icon-info-item\">\n    \n<div class=\"wp-block-unilux-blocks-wrapper icon-info\">\n<div class=\"icon--primary icon--secondary-2  wp-block-unilux-blocks-icon-picker\">\n    <svg aria-hidden=\"true\" focusable=\"false\" class=\"icon icon-outline icon--arrow-dual-down \"><use xlink:href=\"https:\/\/www.uni.lu\/wp-content\/themes\/unilux-theme\/assets\/images\/icons\/icons-outline.svg#icon--arrow-dual-down\"><\/use><\/svg><\/div>\n\n\n<p class=\"has-1-125-rem-font-size\"><a href=\"#student-lounges\">Student Lounges<\/a><\/p>\n<\/div>\n<\/li>\n    <\/ul>\n<\/div>\n<\/div>\n<\/div>\n\n\n<div class=\"wp-block-unilux-blocks-spacer is-spacer-size-md\"><\/div>\n\n\n<h2 class=\"has-text-align-left wp-block-unilux-blocks-heading\"        id=\"universite-du-luxembourg\"\n    >\nUniversit\u00e9 du Luxembourg<\/h2>\n\n\n\n<p>L&rsquo;Universit\u00e9 sera ferm\u00e9e <strong>du 24 au 26 d\u00e9cembre<\/strong> 2025.<\/p>\n\n\n<div class=\"wp-block-unilux-blocks-spacer is-spacer-size-lg\"><\/div>\n\n\n<h2 class=\"has-text-align-left wp-block-unilux-blocks-heading\"        id=\"restaurants-universitaires\"\n    >\nRestaurants universitaires<\/h2>\n\n\n\n<div class=\"wp-block-unilux-blocks-accordion accordion accordion--theme accordion-standard\" data-reference=\"919758c6-0294-4a87-8ca8-4e4fb2bac950\" data-accordion-type=\"standard\"><div class=\"accordion__item  wp-block-unilux-blocks-accordion-item\">\n    <h3 class=\"accordion__header\"\n                    id=\"belval-campus\"\n        >\n        <button\n            type=\"button\"\n            id=\"accordion-labelledby-341c1436-39f2-4090-af3f-85c0394ed9d9\"\n            class=\"accordion__button collapsed\"\n            aria-expanded=\"false\"\n            aria-controls=\"accordion-panel-341c1436-39f2-4090-af3f-85c0394ed9d9\"\n            data-bs-toggle=\"collapse\"\n            data-bs-target=\"#accordion-panel-341c1436-39f2-4090-af3f-85c0394ed9d9\"\n        >\n            <span class=\"accordion__title\">\n                                Belval Campus            <\/span>\n\n            <svg aria-hidden=\"true\" focusable=\"false\" class=\"icon icon-outline icon--arrow-down \"><use xlink:href=\"https:\/\/www.uni.lu\/wp-content\/themes\/unilux-theme\/assets\/images\/icons\/icons-outline.svg#icon--arrow-down\"><\/use><\/svg>        <\/button>\n    <\/h3>\n    <div id=\"accordion-panel-341c1436-39f2-4090-af3f-85c0394ed9d9\"\n        class=\"accordion__collapse collapse\"\n        aria-labelledby=\"accordion-labelledby-341c1436-39f2-4090-af3f-85c0394ed9d9\"\n        data-bs-parent=\"[data-reference=&quot;919758c6-0294-4a87-8ca8-4e4fb2bac950&quot;]\"\n    >\n        <div class=\"accordion__body \">\n            \n<ul class=\"wp-block-unilux-blocks-highlighted-list list-highlighted list-highlighted--architectural\"><li class=\"list-highlighted__item  wp-block-unilux-blocks-highlighted-list-item\">\n    <header class=\"list-highlighted__header wp-block-unilux-blocks-highlighted-list-item-header\">\n    \n<h4 class=\"title text-18 font-bold has-text-align-left wp-block-unilux-blocks-heading\"        id=\"food-house\"\n    >\n<strong>Food House<\/strong><\/h4>\n<div class=\"wp-block-unilux-blocks-bigtext\">\n    <span>\n        \n    <\/span>\n<\/div><\/header><div class=\"list-highlighted__body wp-block-unilux-blocks-highlighted-list-item-body\">\n    <div class=\"wp-block-unilux-blocks-highlighted-list-item-free-content-area\">\n    \n<p>Ferm\u00e9 du 20 d\u00e9cembre au 4 janvier<\/p>\n<\/div><\/div><\/li>\n\n<li class=\"list-highlighted__item  wp-block-unilux-blocks-highlighted-list-item\">\n    <header class=\"list-highlighted__header wp-block-unilux-blocks-highlighted-list-item-header\">\n    \n<h4 class=\"title text-18 font-bold has-text-align-left wp-block-unilux-blocks-heading\"        id=\"food-cafe\"\n    >\n<strong><strong><strong>Food Caf\u00e9<\/strong><\/strong><\/strong><\/h4>\n<div class=\"wp-block-unilux-blocks-bigtext\">\n    <span>\n        \n    <\/span>\n<\/div><\/header><div class=\"list-highlighted__body wp-block-unilux-blocks-highlighted-list-item-body\">\n    <div class=\"wp-block-unilux-blocks-highlighted-list-item-free-content-area\">\n    \n<p>Ferm\u00e9 du 20 d\u00e9cembre au 4 janvier<\/p>\n<\/div><\/div><\/li>\n\n<li class=\"list-highlighted__item  wp-block-unilux-blocks-highlighted-list-item\">\n    <header class=\"list-highlighted__header wp-block-unilux-blocks-highlighted-list-item-header\">\n    \n<h4 class=\"title text-18 font-bold has-text-align-left wp-block-unilux-blocks-heading\"        id=\"food-zone\"\n    >\n<strong>Food Zone<\/strong><\/h4>\n<div class=\"wp-block-unilux-blocks-bigtext\">\n    <span>\n        \n    <\/span>\n<\/div><\/header><div class=\"list-highlighted__body wp-block-unilux-blocks-highlighted-list-item-body\">\n    <div class=\"wp-block-unilux-blocks-highlighted-list-item-free-content-area\">\n    \n<p>Ferm\u00e9 du 20 d\u00e9cembre au 4 janvier<\/p>\n<\/div><\/div><\/li>\n\n<li class=\"list-highlighted__item  wp-block-unilux-blocks-highlighted-list-item\">\n    <header class=\"list-highlighted__header wp-block-unilux-blocks-highlighted-list-item-header\">\n    \n<h4 class=\"title text-18 font-bold has-text-align-left wp-block-unilux-blocks-heading\"        id=\"food-lab\"\n    >\n<strong>Food Lab<\/strong><\/h4>\n<div class=\"wp-block-unilux-blocks-bigtext\">\n    <span>\n        \n    <\/span>\n<\/div><\/header><div class=\"list-highlighted__body wp-block-unilux-blocks-highlighted-list-item-body\">\n    <div class=\"wp-block-unilux-blocks-highlighted-list-item-free-content-area\">\n    \n<p>Ferm\u00e9 du 20 d\u00e9cembre au 4 janvier<\/p>\n<\/div><\/div><\/li>\n\n<li class=\"list-highlighted__item  wp-block-unilux-blocks-highlighted-list-item\">\n    <header class=\"list-highlighted__header wp-block-unilux-blocks-highlighted-list-item-header\">\n    \n<h4 class=\"title text-18 font-bold has-text-align-left wp-block-unilux-blocks-heading\"        id=\"food-hub-terres-rouges-building\"\n    >\nFood Hub (Terres Rouges building)<\/h4>\n<div class=\"wp-block-unilux-blocks-bigtext\">\n    <span>\n        \n    <\/span>\n<\/div><\/header><div class=\"list-highlighted__body wp-block-unilux-blocks-highlighted-list-item-body\">\n    <div class=\"wp-block-unilux-blocks-highlighted-list-item-free-content-area\">\n    \n<p>Ferm\u00e9 du 20 d\u00e9cembre au 4 janvier<\/p>\n<\/div><\/div><\/li>\n\n<li class=\"list-highlighted__item  wp-block-unilux-blocks-highlighted-list-item\">\n    <header class=\"list-highlighted__header wp-block-unilux-blocks-highlighted-list-item-header\">\n    \n<h4 class=\"title text-18 font-bold has-text-align-left wp-block-unilux-blocks-heading\"        id=\"food-factory-terres-rouges-building\"\n    >\nFood Factory (Terres Rouges building)<\/h4>\n<div class=\"wp-block-unilux-blocks-bigtext\">\n    <span>\n        \n    <\/span>\n<\/div><\/header><div class=\"list-highlighted__body wp-block-unilux-blocks-highlighted-list-item-body\">\n    <div class=\"wp-block-unilux-blocks-highlighted-list-item-free-content-area\">\n    \n<p>Ferm\u00e9 du 20 d\u00e9cembre au 4 janvier<\/p>\n<\/div><\/div><\/li><\/ul>\n        <\/div>\n    <\/div>\n<\/div>\n\n<div class=\"accordion__item  wp-block-unilux-blocks-accordion-item\">\n    <h3 class=\"accordion__header\"\n                    id=\"kirchberg-campus\"\n        >\n        <button\n            type=\"button\"\n            id=\"accordion-labelledby-953d3daf-c1bb-4a8a-9819-892861073188\"\n            class=\"accordion__button collapsed\"\n            aria-expanded=\"false\"\n            aria-controls=\"accordion-panel-953d3daf-c1bb-4a8a-9819-892861073188\"\n            data-bs-toggle=\"collapse\"\n            data-bs-target=\"#accordion-panel-953d3daf-c1bb-4a8a-9819-892861073188\"\n        >\n            <span class=\"accordion__title\">\n                                Kirchberg Campus            <\/span>\n\n            <svg aria-hidden=\"true\" focusable=\"false\" class=\"icon icon-outline icon--arrow-down \"><use xlink:href=\"https:\/\/www.uni.lu\/wp-content\/themes\/unilux-theme\/assets\/images\/icons\/icons-outline.svg#icon--arrow-down\"><\/use><\/svg>        <\/button>\n    <\/h3>\n    <div id=\"accordion-panel-953d3daf-c1bb-4a8a-9819-892861073188\"\n        class=\"accordion__collapse collapse\"\n        aria-labelledby=\"accordion-labelledby-953d3daf-c1bb-4a8a-9819-892861073188\"\n        data-bs-parent=\"[data-reference=&quot;919758c6-0294-4a87-8ca8-4e4fb2bac950&quot;]\"\n    >\n        <div class=\"accordion__body \">\n            \n<ul class=\"wp-block-unilux-blocks-highlighted-list list-highlighted list-highlighted--architectural\"><li class=\"list-highlighted__item  wp-block-unilux-blocks-highlighted-list-item\">\n    <header class=\"list-highlighted__header wp-block-unilux-blocks-highlighted-list-item-header\">\n    \n<h4 class=\"title text-18 font-bold has-text-align-left wp-block-unilux-blocks-heading\"        id=\"altius\"\n    >\n<strong><strong>Altius<\/strong><\/strong><\/h4>\n<div class=\"wp-block-unilux-blocks-bigtext\">\n    <span>\n        \n    <\/span>\n<\/div><\/header><div class=\"list-highlighted__body wp-block-unilux-blocks-highlighted-list-item-body\">\n    <div class=\"wp-block-unilux-blocks-highlighted-list-item-free-content-area\">\n    \n<p>Ferm\u00e9 du 20 d\u00e9cembre au 4 janvier<\/p>\n<\/div><\/div><\/li>\n\n<li class=\"list-highlighted__item  wp-block-unilux-blocks-highlighted-list-item\">\n    <header class=\"list-highlighted__header wp-block-unilux-blocks-highlighted-list-item-header\">\n    \n<h4 class=\"title text-18 font-bold has-text-align-left wp-block-unilux-blocks-heading\"        id=\"brasserie-johns\"\n    >\n<strong><strong><strong><strong>Brasserie John\u2019s<\/strong><\/strong><\/strong><\/strong><\/h4>\n<div class=\"wp-block-unilux-blocks-bigtext\">\n    <span>\n        \n    <\/span>\n<\/div><\/header><div class=\"list-highlighted__body wp-block-unilux-blocks-highlighted-list-item-body\">\n    <div class=\"wp-block-unilux-blocks-highlighted-list-item-free-content-area\">\n    \n<p>Ferm\u00e9 du 20 d\u00e9cembre au 4 janvier<\/p>\n<\/div><\/div><\/li><\/ul>\n        <\/div>\n    <\/div>\n<\/div>\n\n<div class=\"accordion__item  wp-block-unilux-blocks-accordion-item\">\n    <h3 class=\"accordion__header\"\n                    id=\"limpertsberg-campus\"\n        >\n        <button\n            type=\"button\"\n            id=\"accordion-labelledby-0bc26969-86c9-42f6-94ba-6d541c6a5a17\"\n            class=\"accordion__button collapsed\"\n            aria-expanded=\"false\"\n            aria-controls=\"accordion-panel-0bc26969-86c9-42f6-94ba-6d541c6a5a17\"\n            data-bs-toggle=\"collapse\"\n            data-bs-target=\"#accordion-panel-0bc26969-86c9-42f6-94ba-6d541c6a5a17\"\n        >\n            <span class=\"accordion__title\">\n                                Limpertsberg Campus            <\/span>\n\n            <svg aria-hidden=\"true\" focusable=\"false\" class=\"icon icon-outline icon--arrow-down \"><use xlink:href=\"https:\/\/www.uni.lu\/wp-content\/themes\/unilux-theme\/assets\/images\/icons\/icons-outline.svg#icon--arrow-down\"><\/use><\/svg>        <\/button>\n    <\/h3>\n    <div id=\"accordion-panel-0bc26969-86c9-42f6-94ba-6d541c6a5a17\"\n        class=\"accordion__collapse collapse\"\n        aria-labelledby=\"accordion-labelledby-0bc26969-86c9-42f6-94ba-6d541c6a5a17\"\n        data-bs-parent=\"[data-reference=&quot;919758c6-0294-4a87-8ca8-4e4fb2bac950&quot;]\"\n    >\n        <div class=\"accordion__body \">\n            \n<ul class=\"wp-block-unilux-blocks-highlighted-list list-highlighted list-highlighted--architectural\"><li class=\"list-highlighted__item  wp-block-unilux-blocks-highlighted-list-item\">\n    <header class=\"list-highlighted__header wp-block-unilux-blocks-highlighted-list-item-header\">\n    \n<h4 class=\"title text-18 font-bold has-text-align-left wp-block-unilux-blocks-heading\"        id=\"um-weier\"\n    >\nUm Weier<\/h4>\n<div class=\"wp-block-unilux-blocks-bigtext\">\n    <span>\n        \n    <\/span>\n<\/div><\/header><div class=\"list-highlighted__body wp-block-unilux-blocks-highlighted-list-item-body\">\n    <div class=\"wp-block-unilux-blocks-highlighted-list-item-free-content-area\">\n    \n<p>Ferm\u00e9 du 20 d\u00e9cembre au 4 janvier<\/p>\n<\/div><\/div><\/li><\/ul>\n        <\/div>\n    <\/div>\n<\/div><\/div>\n\n\n<div class=\"wp-block-unilux-blocks-spacer is-spacer-size-lg\"><\/div>\n\n\n<h2 class=\"has-text-align-left wp-block-unilux-blocks-heading\"        id=\"ressources-humaines\"\n    >\nRessources humaines<\/h2>\n\n\n\n<p>Les bureaux des ressources humaines seront ferm\u00e9s du 29 d\u00e9cembre 2025 au 2 janvier 2026 inclus.<\/p>\n\n\n<div class=\"wp-block-unilux-blocks-spacer is-spacer-size-lg\"><\/div>\n\n\n<h2 class=\"has-text-align-left wp-block-unilux-blocks-heading\"        id=\"seve\"\n    >\nStudent Services (SEVE)<\/h2>\n\n\n\n<div class=\"wp-block-unilux-blocks-accordion accordion accordion--theme accordion-standard\" data-reference=\"fc8e2a86-dc97-438d-b81a-376af64ab335\" data-accordion-type=\"standard\"><div class=\"accordion__item  wp-block-unilux-blocks-accordion-item\">\n    <h3 class=\"accordion__header\"\n                    id=\"accommodation-office\"\n        >\n        <button\n            type=\"button\"\n            id=\"accordion-labelledby-9020f6bf-0f7c-4d50-bc56-fe5b201ce872\"\n            class=\"accordion__button collapsed\"\n            aria-expanded=\"false\"\n            aria-controls=\"accordion-panel-9020f6bf-0f7c-4d50-bc56-fe5b201ce872\"\n            data-bs-toggle=\"collapse\"\n            data-bs-target=\"#accordion-panel-9020f6bf-0f7c-4d50-bc56-fe5b201ce872\"\n        >\n            <span class=\"accordion__title\">\n                                Accommodation Office            <\/span>\n\n            <svg aria-hidden=\"true\" focusable=\"false\" class=\"icon icon-outline icon--arrow-down \"><use xlink:href=\"https:\/\/www.uni.lu\/wp-content\/themes\/unilux-theme\/assets\/images\/icons\/icons-outline.svg#icon--arrow-down\"><\/use><\/svg>        <\/button>\n    <\/h3>\n    <div id=\"accordion-panel-9020f6bf-0f7c-4d50-bc56-fe5b201ce872\"\n        class=\"accordion__collapse collapse\"\n        aria-labelledby=\"accordion-labelledby-9020f6bf-0f7c-4d50-bc56-fe5b201ce872\"\n        data-bs-parent=\"[data-reference=&quot;fc8e2a86-dc97-438d-b81a-376af64ab335&quot;]\"\n    >\n        <div class=\"accordion__body \">\n            \n<p>Ouvert pendant toute la p\u00e9riode des f\u00eates sur rendez-vous uniquement.<\/p>\n        <\/div>\n    <\/div>\n<\/div>\n\n<div class=\"accordion__item  wp-block-unilux-blocks-accordion-item\">\n    <h3 class=\"accordion__header\"\n                    id=\"admissions-office\"\n        >\n        <button\n            type=\"button\"\n            id=\"accordion-labelledby-9bc6af78-86bc-4ee4-a9e9-85fa5822738b\"\n            class=\"accordion__button collapsed\"\n            aria-expanded=\"false\"\n            aria-controls=\"accordion-panel-9bc6af78-86bc-4ee4-a9e9-85fa5822738b\"\n            data-bs-toggle=\"collapse\"\n            data-bs-target=\"#accordion-panel-9bc6af78-86bc-4ee4-a9e9-85fa5822738b\"\n        >\n            <span class=\"accordion__title\">\n                                Admissions Office            <\/span>\n\n            <svg aria-hidden=\"true\" focusable=\"false\" class=\"icon icon-outline icon--arrow-down \"><use xlink:href=\"https:\/\/www.uni.lu\/wp-content\/themes\/unilux-theme\/assets\/images\/icons\/icons-outline.svg#icon--arrow-down\"><\/use><\/svg>        <\/button>\n    <\/h3>\n    <div id=\"accordion-panel-9bc6af78-86bc-4ee4-a9e9-85fa5822738b\"\n        class=\"accordion__collapse collapse\"\n        aria-labelledby=\"accordion-labelledby-9bc6af78-86bc-4ee4-a9e9-85fa5822738b\"\n        data-bs-parent=\"[data-reference=&quot;fc8e2a86-dc97-438d-b81a-376af64ab335&quot;]\"\n    >\n        <div class=\"accordion__body \">\n            \n<p>Ouvert les 22, 23, 29 et 30 d\u00e9cembre sur rendez-vous.<\/p>\n\n<p>Ferm\u00e9 le 31 d\u00e9cembre et le 2 janvier.<\/p>\n\n<p>R\u00e9ouverture le 5 janvier.<\/p>\n\n<p>Les horaires d&rsquo;ouverture habituels sont du lundi au vendredi. Veuillez prendre rendez-vous via \u00ab <a href=\"https:\/\/affluences.com\/universite-du-luxembourg-1\/universite-du-luxembourg\/reservation\">Affluences<\/a> \u00bb.<\/p>\n        <\/div>\n    <\/div>\n<\/div>\n\n<div class=\"accordion__item  wp-block-unilux-blocks-accordion-item\">\n    <h3 class=\"accordion__header\"\n                    id=\"office-of-student-life\"\n        >\n        <button\n            type=\"button\"\n            id=\"accordion-labelledby-4876c166-d5ae-40a9-81ca-ae2f2002a76c\"\n            class=\"accordion__button collapsed\"\n            aria-expanded=\"false\"\n            aria-controls=\"accordion-panel-4876c166-d5ae-40a9-81ca-ae2f2002a76c\"\n            data-bs-toggle=\"collapse\"\n            data-bs-target=\"#accordion-panel-4876c166-d5ae-40a9-81ca-ae2f2002a76c\"\n        >\n            <span class=\"accordion__title\">\n                                Office of Student Life            <\/span>\n\n            <svg aria-hidden=\"true\" focusable=\"false\" class=\"icon icon-outline icon--arrow-down \"><use xlink:href=\"https:\/\/www.uni.lu\/wp-content\/themes\/unilux-theme\/assets\/images\/icons\/icons-outline.svg#icon--arrow-down\"><\/use><\/svg>        <\/button>\n    <\/h3>\n    <div id=\"accordion-panel-4876c166-d5ae-40a9-81ca-ae2f2002a76c\"\n        class=\"accordion__collapse collapse\"\n        aria-labelledby=\"accordion-labelledby-4876c166-d5ae-40a9-81ca-ae2f2002a76c\"\n        data-bs-parent=\"[data-reference=&quot;fc8e2a86-dc97-438d-b81a-376af64ab335&quot;]\"\n    >\n        <div class=\"accordion__body \">\n            \n<p>Ouvert les 22 et 29 d\u00e9cembre, ainsi que le 2 janvier.<\/p>\n        <\/div>\n    <\/div>\n<\/div>\n\n<div class=\"accordion__item  wp-block-unilux-blocks-accordion-item\">\n    <h3 class=\"accordion__header\"\n                    id=\"inclusion-office-learning-and-disability-support\"\n        >\n        <button\n            type=\"button\"\n            id=\"accordion-labelledby-8f7aa587-0be5-445f-a2e8-79b15217f040\"\n            class=\"accordion__button collapsed\"\n            aria-expanded=\"false\"\n            aria-controls=\"accordion-panel-8f7aa587-0be5-445f-a2e8-79b15217f040\"\n            data-bs-toggle=\"collapse\"\n            data-bs-target=\"#accordion-panel-8f7aa587-0be5-445f-a2e8-79b15217f040\"\n        >\n            <span class=\"accordion__title\">\n                                Inclusion Office &amp; Learning and Disability Support            <\/span>\n\n            <svg aria-hidden=\"true\" focusable=\"false\" class=\"icon icon-outline icon--arrow-down \"><use xlink:href=\"https:\/\/www.uni.lu\/wp-content\/themes\/unilux-theme\/assets\/images\/icons\/icons-outline.svg#icon--arrow-down\"><\/use><\/svg>        <\/button>\n    <\/h3>\n    <div id=\"accordion-panel-8f7aa587-0be5-445f-a2e8-79b15217f040\"\n        class=\"accordion__collapse collapse\"\n        aria-labelledby=\"accordion-labelledby-8f7aa587-0be5-445f-a2e8-79b15217f040\"\n        data-bs-parent=\"[data-reference=&quot;fc8e2a86-dc97-438d-b81a-376af64ab335&quot;]\"\n    >\n        <div class=\"accordion__body \">\n            \n<p>Ferm\u00e9 jusqu&rsquo;en janvier.<\/p>\n        <\/div>\n    <\/div>\n<\/div>\n\n<div class=\"accordion__item  wp-block-unilux-blocks-accordion-item\">\n    <h3 class=\"accordion__header\"\n                    id=\"psychological-support-services\"\n        >\n        <button\n            type=\"button\"\n            id=\"accordion-labelledby-e431f546-37a1-4638-ac88-7049a2d5520d\"\n            class=\"accordion__button collapsed\"\n            aria-expanded=\"false\"\n            aria-controls=\"accordion-panel-e431f546-37a1-4638-ac88-7049a2d5520d\"\n            data-bs-toggle=\"collapse\"\n            data-bs-target=\"#accordion-panel-e431f546-37a1-4638-ac88-7049a2d5520d\"\n        >\n            <span class=\"accordion__title\">\n                                Psychological Support Services            <\/span>\n\n            <svg aria-hidden=\"true\" focusable=\"false\" class=\"icon icon-outline icon--arrow-down \"><use xlink:href=\"https:\/\/www.uni.lu\/wp-content\/themes\/unilux-theme\/assets\/images\/icons\/icons-outline.svg#icon--arrow-down\"><\/use><\/svg>        <\/button>\n    <\/h3>\n    <div id=\"accordion-panel-e431f546-37a1-4638-ac88-7049a2d5520d\"\n        class=\"accordion__collapse collapse\"\n        aria-labelledby=\"accordion-labelledby-e431f546-37a1-4638-ac88-7049a2d5520d\"\n        data-bs-parent=\"[data-reference=&quot;fc8e2a86-dc97-438d-b81a-376af64ab335&quot;]\"\n    >\n        <div class=\"accordion__body \">\n            \n<p>Disponible uniquement sur rendez-vous pendant toute la p\u00e9riode des f\u00eates.<\/p>\n        <\/div>\n    <\/div>\n<\/div><\/div>\n\n\n<div class=\"wp-block-unilux-blocks-spacer is-spacer-size-lg\"><\/div>\n\n\n<h2 class=\"has-text-align-left wp-block-unilux-blocks-heading\"        id=\"office-of-doctoral-studies\"\n    >\nOffice of Doctoral Studies<\/h2>\n\n\n\n<p>Le Bureau des \u00e9tudes doctorales sera ouvert les jours suivants :<\/p>\n\n\n\n<ul class=\"ulux-list\">\n<li class=\"ulux-list-item\">Lundi 21 d\u00e9cembre et mardi 22 d\u00e9cembre<\/li>\n\n\n\n<li class=\"ulux-list-item\">Lundi 29 d\u00e9cembre et mardi 30 d\u00e9cembre<\/li>\n\n\n\n<li class=\"ulux-list-item\">Mercredi 31 d\u00e9cembre<\/li>\n\n\n\n<li class=\"ulux-list-item\">Vendredi 2 janvier<\/li>\n<\/ul>\n\n\n\n<p>Les horaires d&rsquo;ouverture restent inchang\u00e9s : de 9 h \u00e0 12 h.<\/p>\n\n\n\n<p>Toute exception ou fermeture sera indiqu\u00e9e sur \u00ab <a href=\"https:\/\/affluences.com\/universite-du-luxembourg-1\/universite-du-luxembourg\/reservation?type=699&amp;date=2024-07-11\">Affluences<\/a> \u00bb.<\/p>\n\n\n<div class=\"wp-block-unilux-blocks-spacer is-spacer-size-lg\"><\/div>\n\n\n<h2 class=\"has-text-align-left wp-block-unilux-blocks-heading\"        id=\"student-lounges\"\n    >\nStudent lounges\nBelval &amp; Kirchberg<\/h2>\n\n\n\n<div class=\"wp-block-unilux-blocks-accordion accordion accordion--theme accordion-standard\" data-reference=\"2fc5a5b3-e8ba-43dd-a107-e2e2c9e9ac79\" data-accordion-type=\"standard\"><div class=\"accordion__item  wp-block-unilux-blocks-accordion-item\">\n    <h3 class=\"accordion__header\"\n                    id=\"belval\"\n        >\n        <button\n            type=\"button\"\n            id=\"accordion-labelledby-0230fe61-f6b8-423c-800c-0f45d01e145a\"\n            class=\"accordion__button collapsed\"\n            aria-expanded=\"false\"\n            aria-controls=\"accordion-panel-0230fe61-f6b8-423c-800c-0f45d01e145a\"\n            data-bs-toggle=\"collapse\"\n            data-bs-target=\"#accordion-panel-0230fe61-f6b8-423c-800c-0f45d01e145a\"\n        >\n            <span class=\"accordion__title\">\n                                Belval            <\/span>\n\n            <svg aria-hidden=\"true\" focusable=\"false\" class=\"icon icon-outline icon--arrow-down \"><use xlink:href=\"https:\/\/www.uni.lu\/wp-content\/themes\/unilux-theme\/assets\/images\/icons\/icons-outline.svg#icon--arrow-down\"><\/use><\/svg>        <\/button>\n    <\/h3>\n    <div id=\"accordion-panel-0230fe61-f6b8-423c-800c-0f45d01e145a\"\n        class=\"accordion__collapse collapse\"\n        aria-labelledby=\"accordion-labelledby-0230fe61-f6b8-423c-800c-0f45d01e145a\"\n        data-bs-parent=\"[data-reference=&quot;2fc5a5b3-e8ba-43dd-a107-e2e2c9e9ac79&quot;]\"\n    >\n        <div class=\"accordion__body \">\n            \n<p>Ferm\u00e9 du 20 d\u00e9cembre au 15 f\u00e9vrier.<\/p>\n        <\/div>\n    <\/div>\n<\/div>\n\n<div class=\"accordion__item  wp-block-unilux-blocks-accordion-item\">\n    <h3 class=\"accordion__header\"\n                    id=\"kirchberg\"\n        >\n        <button\n            type=\"button\"\n            id=\"accordion-labelledby-063a81fb-a906-476d-afab-918bd4d1317b\"\n            class=\"accordion__button collapsed\"\n            aria-expanded=\"false\"\n            aria-controls=\"accordion-panel-063a81fb-a906-476d-afab-918bd4d1317b\"\n            data-bs-toggle=\"collapse\"\n            data-bs-target=\"#accordion-panel-063a81fb-a906-476d-afab-918bd4d1317b\"\n        >\n            <span class=\"accordion__title\">\n                                Kirchberg            <\/span>\n\n            <svg aria-hidden=\"true\" focusable=\"false\" class=\"icon icon-outline icon--arrow-down \"><use xlink:href=\"https:\/\/www.uni.lu\/wp-content\/themes\/unilux-theme\/assets\/images\/icons\/icons-outline.svg#icon--arrow-down\"><\/use><\/svg>        <\/button>\n    <\/h3>\n    <div id=\"accordion-panel-063a81fb-a906-476d-afab-918bd4d1317b\"\n        class=\"accordion__collapse collapse\"\n        aria-labelledby=\"accordion-labelledby-063a81fb-a906-476d-afab-918bd4d1317b\"\n        data-bs-parent=\"[data-reference=&quot;2fc5a5b3-e8ba-43dd-a107-e2e2c9e9ac79&quot;]\"\n    >\n        <div class=\"accordion__body \">\n            \n<p>Ferm\u00e9 du 13 d\u00e9cembre au 15 f\u00e9vrier.<\/p>\n        <\/div>\n    <\/div>\n<\/div><\/div>\n\n\n<div class=\"wp-block-unilux-blocks-spacer is-spacer-size-lg\"><\/div>\n\n\n<h2 class=\"has-text-align-left wp-block-unilux-blocks-heading\"        id=\"clinique-du-droit\"\n    >\nClinique du Droit<\/h2>\n\n\n\n<p>Ferm\u00e9 du 16 d\u00e9cembre au 16 f\u00e9vrier.<\/p>\n\n\n<div class=\"wp-block-unilux-blocks-spacer is-spacer-size-lg\"><\/div>\n\n\n<h2 class=\"has-text-align-left wp-block-unilux-blocks-heading\"        id=\"llc\"\n    >\nLuxembourg Learning Centre (LLC)<\/h2>\n\n\n\n<p><strong>Horaires d&rsquo;ouverture du 1er d\u00e9cembre au 25 janvier :<\/strong><\/p>\n\n\n\n<ul class=\"ulux-list\">\n<li class=\"ulux-list-item\">Du lundi au vendredi : de 8 h \u00e0 22 h<\/li>\n\n\n\n<li class=\"ulux-list-item\">Samedi : de 8 h \u00e0 17 h<\/li>\n\n\n\n<li class=\"ulux-list-item\">Dimanche : de 8 h \u00e0 17 h<\/li>\n<\/ul>\n\n\n\n<p>Le LLC sera ferm\u00e9 du 24 au 26 d\u00e9cembre et le 1er janvier.<\/p>\n\n\n\n<p>Heures d&rsquo;ouverture r\u00e9duites le 31 d\u00e9cembre : 8h00 &#8211; 17h00<\/p>\n\n\n\n<p>Pour conna\u00eetre les heures d&rsquo;ouverture d\u00e9taill\u00e9es, veuillez consulter le <a href=\"https:\/\/www.uni.lu\/wp-content\/uploads\/sites\/14\/2025\/09\/01113748\/LLC_calendrier-ouverture_2025-2026-prevision.pdf\"><strong>calendrier d&rsquo;ouverture 2025-2026<\/strong><\/a>.<\/p>\n\n\n\n<div class=\"wp-block-unilux-blocks-accordion accordion accordion--theme accordion-standard\" data-reference=\"ae06717d-5eab-43d1-bfdb-c154f2be8ad0\" data-accordion-type=\"standard\"><div class=\"accordion__item  wp-block-unilux-blocks-accordion-item\">\n    <h3 class=\"accordion__header\"\n                    id=\"lcel-library\"\n        >\n        <button\n            type=\"button\"\n            id=\"accordion-labelledby-2d9d06e8-b224-4e74-9412-4b49b1423e78\"\n            class=\"accordion__button collapsed\"\n            aria-expanded=\"false\"\n            aria-controls=\"accordion-panel-2d9d06e8-b224-4e74-9412-4b49b1423e78\"\n            data-bs-toggle=\"collapse\"\n            data-bs-target=\"#accordion-panel-2d9d06e8-b224-4e74-9412-4b49b1423e78\"\n        >\n            <span class=\"accordion__title\">\n                                LCEL Library            <\/span>\n\n            <svg aria-hidden=\"true\" focusable=\"false\" class=\"icon icon-outline icon--arrow-down \"><use xlink:href=\"https:\/\/www.uni.lu\/wp-content\/themes\/unilux-theme\/assets\/images\/icons\/icons-outline.svg#icon--arrow-down\"><\/use><\/svg>        <\/button>\n    <\/h3>\n    <div id=\"accordion-panel-2d9d06e8-b224-4e74-9412-4b49b1423e78\"\n        class=\"accordion__collapse collapse\"\n        aria-labelledby=\"accordion-labelledby-2d9d06e8-b224-4e74-9412-4b49b1423e78\"\n        data-bs-parent=\"[data-reference=&quot;ae06717d-5eab-43d1-bfdb-c154f2be8ad0&quot;]\"\n    >\n        <div class=\"accordion__body \">\n            \n<p>Heures d&rsquo;ouverture : du lundi au vendredi, de 9 h \u00e0 18 h.<\/p>\n\n<p>Ferm\u00e9 du 24 au 26 d\u00e9cembre et le 1er janvier.<\/p>\n        <\/div>\n    <\/div>\n<\/div><\/div>\n<\/div><\/section>\n","protected":false},"excerpt":{"rendered":"","protected":false},"author":42,"featured_media":17621,"template":"","format":"standard","meta":{"featured_image_focal_point":[],"show_featured_caption":false,"ulux_newsletter_groups":"","uluxPostTitle":"","uluxPrePostTitle":"","_trash_the_other_posts":false,"_price":"","_stock":"","_tribe_ticket_header":"","_tribe_default_ticket_provider":"","_tribe_ticket_capacity":"0","_ticket_start_date":"","_ticket_end_date":"","_tribe_ticket_show_description":"","_tribe_ticket_show_not_going":false,"_tribe_ticket_use_global_stock":"","_tribe_ticket_global_stock_level":"","_global_stock_mode":"","_global_stock_cap":"","_tribe_rsvp_for_event":"","_tribe_ticket_going_count":"","_tribe_ticket_not_going_count":"","_tribe_tickets_list":"[]","_tribe_ticket_has_attendee_info_fields":false},"news-category":[6,3],"news-topic":[],"organisation":[],"authorship":[42],"acf":[],"yoast_head":"<!-- This site is optimized with the Yoast SEO Premium plugin v22.3 (Yoast SEO v22.3) - https:\/\/yoast.com\/wordpress\/plugins\/seo\/ -->\n<title>L\u2019Universit\u00e9 pendant les f\u00eates de fin d&#039;ann\u00e9e : qu\u2019est-ce qui est ouvert ou ferm\u00e9 ? - Universit\u00e9 du Luxembourg<\/title>\n<meta name=\"description\" content=\"Pendant les vacances d&#039;hiver, certains services et restaurants de l&#039;Universit\u00e9 peuvent \u00eatre ferm\u00e9s ou avoir modifi\u00e9 leurs horaires d&#039;ouverture. Universit\u00e9\" \/>\n<meta name=\"robots\" content=\"index, follow, max-snippet:-1, max-image-preview:large, max-video-preview:-1\" \/>\n<link rel=\"canonical\" href=\"https:\/\/www.uni.lu\/fr\/news\/fetes-de-fin-d-annee-qu-est-ce-qui-est-ouvert-ou-ferme\/\" \/>\n<meta property=\"og:locale\" content=\"fr_FR\" \/>\n<meta property=\"og:type\" content=\"article\" \/>\n<meta property=\"og:title\" content=\"L\u2019Universit\u00e9 pendant les f\u00eates de fin d&#039;ann\u00e9e : qu\u2019est-ce qui est ouvert ou ferm\u00e9 ?\" \/>\n<meta property=\"og:description\" content=\"Pendant les vacances d&#039;hiver, certains services et restaurants de l&#039;Universit\u00e9 peuvent \u00eatre ferm\u00e9s ou avoir modifi\u00e9 leurs horaires d&#039;ouverture. Universit\u00e9\" \/>\n<meta property=\"og:url\" content=\"https:\/\/www.uni.lu\/fr\/news\/fetes-de-fin-d-annee-qu-est-ce-qui-est-ouvert-ou-ferme\/\" \/>\n<meta property=\"og:site_name\" content=\"UNI FR\" \/>\n<meta property=\"article:publisher\" content=\"https:\/\/www.facebook.com\/uni.lu\" \/>\n<meta property=\"article:modified_time\" content=\"2025-12-16T15:49:54+00:00\" \/>\n<meta property=\"og:image\" content=\"https:\/\/www.uni.lu\/wp-content\/uploads\/sites\/11\/2025\/12\/16164937\/greetings-2025.png\" \/>\n\t<meta property=\"og:image:width\" content=\"1624\" \/>\n\t<meta property=\"og:image:height\" content=\"1134\" \/>\n\t<meta property=\"og:image:type\" content=\"image\/png\" \/>\n<meta name=\"twitter:card\" content=\"summary_large_image\" \/>\n<meta name=\"twitter:label1\" content=\"Dur\u00e9e de lecture estim\u00e9e\" \/>\n\t<meta name=\"twitter:data1\" content=\"3 minutes\" \/>\n<script type=\"application\/ld+json\" class=\"yoast-schema-graph\">{\"@context\":\"https:\/\/schema.org\",\"@graph\":[{\"@type\":\"NewsArticle\",\"@id\":\"https:\/\/www.uni.lu\/fr\/news\/fetes-de-fin-d-annee-qu-est-ce-qui-est-ouvert-ou-ferme\/#article\",\"isPartOf\":{\"@id\":\"https:\/\/www.uni.lu\/fr\/news\/fetes-de-fin-d-annee-qu-est-ce-qui-est-ouvert-ou-ferme\/\"},\"author\":{\"name\":\"svankelst\",\"@id\":\"https:\/\/www.uni.lu\/fr\/#\/schema\/person\/bbacc9db2c68a323b1a3cbdab743cd0c\"},\"headline\":\"L\u2019Universit\u00e9 pendant les f\u00eates de fin d&rsquo;ann\u00e9e : qu\u2019est-ce qui est ouvert ou ferm\u00e9 ?\",\"datePublished\":\"2025-12-04T16:40:00+00:00\",\"dateModified\":\"2025-12-16T15:49:54+00:00\",\"mainEntityOfPage\":{\"@id\":\"https:\/\/www.uni.lu\/fr\/news\/fetes-de-fin-d-annee-qu-est-ce-qui-est-ouvert-ou-ferme\/\"},\"wordCount\":361,\"publisher\":{\"@id\":\"https:\/\/www.uni.lu\/fr\/#organization\"},\"image\":{\"@id\":\"https:\/\/www.uni.lu\/fr\/news\/fetes-de-fin-d-annee-qu-est-ce-qui-est-ouvert-ou-ferme\/#primaryimage\"},\"thumbnailUrl\":\"https:\/\/www.uni.lu\/wp-content\/uploads\/sites\/11\/2025\/12\/16164937\/greetings-2025.png\",\"inLanguage\":\"fr-FR\"},{\"@type\":\"WebPage\",\"@id\":\"https:\/\/www.uni.lu\/fr\/news\/fetes-de-fin-d-annee-qu-est-ce-qui-est-ouvert-ou-ferme\/\",\"url\":\"https:\/\/www.uni.lu\/fr\/news\/fetes-de-fin-d-annee-qu-est-ce-qui-est-ouvert-ou-ferme\/\",\"name\":\"L\u2019Universit\u00e9 pendant les f\u00eates de fin d'ann\u00e9e : qu\u2019est-ce qui est ouvert ou ferm\u00e9 ? - Universit\u00e9 du Luxembourg\",\"isPartOf\":{\"@id\":\"https:\/\/www.uni.lu\/fr\/#website\"},\"primaryImageOfPage\":{\"@id\":\"https:\/\/www.uni.lu\/fr\/news\/fetes-de-fin-d-annee-qu-est-ce-qui-est-ouvert-ou-ferme\/#primaryimage\"},\"image\":{\"@id\":\"https:\/\/www.uni.lu\/fr\/news\/fetes-de-fin-d-annee-qu-est-ce-qui-est-ouvert-ou-ferme\/#primaryimage\"},\"thumbnailUrl\":\"https:\/\/www.uni.lu\/wp-content\/uploads\/sites\/11\/2025\/12\/16164937\/greetings-2025.png\",\"datePublished\":\"2025-12-04T16:40:00+00:00\",\"dateModified\":\"2025-12-16T15:49:54+00:00\",\"description\":\"Pendant les vacances d'hiver, certains services et restaurants de l'Universit\u00e9 peuvent \u00eatre ferm\u00e9s ou avoir modifi\u00e9 leurs horaires d'ouverture. Universit\u00e9\",\"breadcrumb\":{\"@id\":\"https:\/\/www.uni.lu\/fr\/news\/fetes-de-fin-d-annee-qu-est-ce-qui-est-ouvert-ou-ferme\/#breadcrumb\"},\"inLanguage\":\"fr-FR\",\"potentialAction\":[{\"@type\":\"ReadAction\",\"target\":[\"https:\/\/www.uni.lu\/fr\/news\/fetes-de-fin-d-annee-qu-est-ce-qui-est-ouvert-ou-ferme\/\"]}]},{\"@type\":\"ImageObject\",\"inLanguage\":\"fr-FR\",\"@id\":\"https:\/\/www.uni.lu\/fr\/news\/fetes-de-fin-d-annee-qu-est-ce-qui-est-ouvert-ou-ferme\/#primaryimage\",\"url\":\"https:\/\/www.uni.lu\/wp-content\/uploads\/sites\/11\/2025\/12\/16164937\/greetings-2025.png\",\"contentUrl\":\"https:\/\/www.uni.lu\/wp-content\/uploads\/sites\/11\/2025\/12\/16164937\/greetings-2025.png\",\"width\":1624,\"height\":1134},{\"@type\":\"BreadcrumbList\",\"@id\":\"https:\/\/www.uni.lu\/fr\/news\/fetes-de-fin-d-annee-qu-est-ce-qui-est-ouvert-ou-ferme\/#breadcrumb\",\"itemListElement\":[{\"@type\":\"ListItem\",\"position\":1,\"name\":\"Home\",\"item\":\"https:\/\/www.uni.lu\/fr\/\"},{\"@type\":\"ListItem\",\"position\":2,\"name\":\"News\",\"item\":\"https:\/\/www.uni.lu\/fr\/news\/\"},{\"@type\":\"ListItem\",\"position\":3,\"name\":\"L\u2019Universit\u00e9 pendant les f\u00eates de fin d'ann\u00e9e : qu\u2019est-ce qui est ouvert ou ferm\u00e9 ?\"}]},{\"@type\":\"WebSite\",\"@id\":\"https:\/\/www.uni.lu\/fr\/#website\",\"url\":\"https:\/\/www.uni.lu\/fr\/\",\"name\":\"Uni.lu\",\"description\":\"Universit\u00e9 du Luxembourg\",\"publisher\":{\"@id\":\"https:\/\/www.uni.lu\/fr\/#organization\"},\"alternateName\":\"Universit\u00e9 du Luxembourg\",\"potentialAction\":[{\"@type\":\"SearchAction\",\"target\":{\"@type\":\"EntryPoint\",\"urlTemplate\":\"https:\/\/www.uni.lu\/fr\/?s={search_term_string}\"},\"query-input\":\"required name=search_term_string\"}],\"inLanguage\":\"fr-FR\"},{\"@type\":\"Organization\",\"@id\":\"https:\/\/www.uni.lu\/fr\/#organization\",\"name\":\"Universit\u00e9 du Luxembourg\",\"alternateName\":\"Uni.lu\",\"url\":\"https:\/\/www.uni.lu\/fr\/\",\"logo\":{\"@type\":\"ImageObject\",\"inLanguage\":\"fr-FR\",\"@id\":\"https:\/\/www.uni.lu\/fr\/#\/schema\/logo\/image\/\",\"url\":\"https:\/\/www.uni.lu\/wp-content\/uploads\/sites\/11\/2026\/03\/03120045\/UNIV_SM-Profile_1600x1600px-scaled.jpg\",\"contentUrl\":\"https:\/\/www.uni.lu\/wp-content\/uploads\/sites\/11\/2026\/03\/03120045\/UNIV_SM-Profile_1600x1600px-scaled.jpg\",\"width\":2560,\"height\":2560,\"caption\":\"Universit\u00e9 du Luxembourg\"},\"image\":\"https:\/\/www.uni.lu\/wp-content\/uploads\/sites\/11\/2026\/04\/24120552\/20200609-Belval-Campus_Henri-Goergen-23.jpg\",\"sameAs\":[\"https:\/\/www.facebook.com\/uni.lu\",\"https:\/\/www.linkedin.com\/school\/university-of-luxembourg\/\",\"https:\/\/www.instagram.com\/uni.lu\",\"https:\/\/www.youtube.com\/@uni_lu\",\"https:\/\/en.wikipedia.org\/wiki\/University_of_Luxembourg\"],\"email\":\"communication@uni.lu\",\"telephone\":\"+352 46 66 44 1\",\"address\":{\"@type\":\"PostalAddress\",\"streetAddress\":\"2, place de l\u2019Universit\u00e9\",\"addressLocality\":\"Esch-sur-Alzette\",\"postalCode\":\"4365\",\"addressCountry\":\"LU\"},\"description\":\"Universit\u00e9 du Luxembourg\"},{\"@type\":\"Person\",\"@id\":\"https:\/\/www.uni.lu\/fr\/#\/schema\/person\/bbacc9db2c68a323b1a3cbdab743cd0c\",\"name\":\"svankelst\",\"image\":{\"@type\":\"ImageObject\",\"inLanguage\":\"fr-FR\",\"@id\":\"https:\/\/www.uni.lu\/fr\/#\/schema\/person\/image\/\",\"url\":\"https:\/\/secure.gravatar.com\/avatar\/54b090610f90377561821e2f82f83b9f?s=96&d=mm&r=g\",\"contentUrl\":\"https:\/\/secure.gravatar.com\/avatar\/54b090610f90377561821e2f82f83b9f?s=96&d=mm&r=g\",\"caption\":\"svankelst\"}}]}<\/script>\n<!-- \/ Yoast SEO Premium plugin. -->","yoast_head_json":{"title":"L\u2019Universit\u00e9 pendant les f\u00eates de fin d'ann\u00e9e : qu\u2019est-ce qui est ouvert ou ferm\u00e9 ? - Universit\u00e9 du Luxembourg","description":"Pendant les vacances d'hiver, certains services et restaurants de l'Universit\u00e9 peuvent \u00eatre ferm\u00e9s ou avoir modifi\u00e9 leurs horaires d'ouverture. Universit\u00e9","robots":{"index":"index","follow":"follow","max-snippet":"max-snippet:-1","max-image-preview":"max-image-preview:large","max-video-preview":"max-video-preview:-1"},"canonical":"https:\/\/www.uni.lu\/fr\/news\/fetes-de-fin-d-annee-qu-est-ce-qui-est-ouvert-ou-ferme\/","og_locale":"fr_FR","og_type":"article","og_title":"L\u2019Universit\u00e9 pendant les f\u00eates de fin d'ann\u00e9e : qu\u2019est-ce qui est ouvert ou ferm\u00e9 ?","og_description":"Pendant les vacances d'hiver, certains services et restaurants de l'Universit\u00e9 peuvent \u00eatre ferm\u00e9s ou avoir modifi\u00e9 leurs horaires d'ouverture. Universit\u00e9","og_url":"https:\/\/www.uni.lu\/fr\/news\/fetes-de-fin-d-annee-qu-est-ce-qui-est-ouvert-ou-ferme\/","og_site_name":"UNI FR","article_publisher":"https:\/\/www.facebook.com\/uni.lu","article_modified_time":"2025-12-16T15:49:54+00:00","og_image":[{"width":1624,"height":1134,"url":"https:\/\/www.uni.lu\/wp-content\/uploads\/sites\/11\/2025\/12\/16164937\/greetings-2025.png","type":"image\/png"}],"twitter_card":"summary_large_image","twitter_misc":{"Dur\u00e9e de lecture estim\u00e9e":"3 minutes"},"schema":{"@context":"https:\/\/schema.org","@graph":[{"@type":"NewsArticle","@id":"https:\/\/www.uni.lu\/fr\/news\/fetes-de-fin-d-annee-qu-est-ce-qui-est-ouvert-ou-ferme\/#article","isPartOf":{"@id":"https:\/\/www.uni.lu\/fr\/news\/fetes-de-fin-d-annee-qu-est-ce-qui-est-ouvert-ou-ferme\/"},"author":{"name":"svankelst","@id":"https:\/\/www.uni.lu\/fr\/#\/schema\/person\/bbacc9db2c68a323b1a3cbdab743cd0c"},"headline":"L\u2019Universit\u00e9 pendant les f\u00eates de fin d&rsquo;ann\u00e9e : qu\u2019est-ce qui est ouvert ou ferm\u00e9 ?","datePublished":"2025-12-04T16:40:00+00:00","dateModified":"2025-12-16T15:49:54+00:00","mainEntityOfPage":{"@id":"https:\/\/www.uni.lu\/fr\/news\/fetes-de-fin-d-annee-qu-est-ce-qui-est-ouvert-ou-ferme\/"},"wordCount":361,"publisher":{"@id":"https:\/\/www.uni.lu\/fr\/#organization"},"image":{"@id":"https:\/\/www.uni.lu\/fr\/news\/fetes-de-fin-d-annee-qu-est-ce-qui-est-ouvert-ou-ferme\/#primaryimage"},"thumbnailUrl":"https:\/\/www.uni.lu\/wp-content\/uploads\/sites\/11\/2025\/12\/16164937\/greetings-2025.png","inLanguage":"fr-FR"},{"@type":"WebPage","@id":"https:\/\/www.uni.lu\/fr\/news\/fetes-de-fin-d-annee-qu-est-ce-qui-est-ouvert-ou-ferme\/","url":"https:\/\/www.uni.lu\/fr\/news\/fetes-de-fin-d-annee-qu-est-ce-qui-est-ouvert-ou-ferme\/","name":"L\u2019Universit\u00e9 pendant les f\u00eates de fin d'ann\u00e9e : qu\u2019est-ce qui est ouvert ou ferm\u00e9 ? - Universit\u00e9 du Luxembourg","isPartOf":{"@id":"https:\/\/www.uni.lu\/fr\/#website"},"primaryImageOfPage":{"@id":"https:\/\/www.uni.lu\/fr\/news\/fetes-de-fin-d-annee-qu-est-ce-qui-est-ouvert-ou-ferme\/#primaryimage"},"image":{"@id":"https:\/\/www.uni.lu\/fr\/news\/fetes-de-fin-d-annee-qu-est-ce-qui-est-ouvert-ou-ferme\/#primaryimage"},"thumbnailUrl":"https:\/\/www.uni.lu\/wp-content\/uploads\/sites\/11\/2025\/12\/16164937\/greetings-2025.png","datePublished":"2025-12-04T16:40:00+00:00","dateModified":"2025-12-16T15:49:54+00:00","description":"Pendant les vacances d'hiver, certains services et restaurants de l'Universit\u00e9 peuvent \u00eatre ferm\u00e9s ou avoir modifi\u00e9 leurs horaires d'ouverture. Universit\u00e9","breadcrumb":{"@id":"https:\/\/www.uni.lu\/fr\/news\/fetes-de-fin-d-annee-qu-est-ce-qui-est-ouvert-ou-ferme\/#breadcrumb"},"inLanguage":"fr-FR","potentialAction":[{"@type":"ReadAction","target":["https:\/\/www.uni.lu\/fr\/news\/fetes-de-fin-d-annee-qu-est-ce-qui-est-ouvert-ou-ferme\/"]}]},{"@type":"ImageObject","inLanguage":"fr-FR","@id":"https:\/\/www.uni.lu\/fr\/news\/fetes-de-fin-d-annee-qu-est-ce-qui-est-ouvert-ou-ferme\/#primaryimage","url":"https:\/\/www.uni.lu\/wp-content\/uploads\/sites\/11\/2025\/12\/16164937\/greetings-2025.png","contentUrl":"https:\/\/www.uni.lu\/wp-content\/uploads\/sites\/11\/2025\/12\/16164937\/greetings-2025.png","width":1624,"height":1134},{"@type":"BreadcrumbList","@id":"https:\/\/www.uni.lu\/fr\/news\/fetes-de-fin-d-annee-qu-est-ce-qui-est-ouvert-ou-ferme\/#breadcrumb","itemListElement":[{"@type":"ListItem","position":1,"name":"Home","item":"https:\/\/www.uni.lu\/fr\/"},{"@type":"ListItem","position":2,"name":"News","item":"https:\/\/www.uni.lu\/fr\/news\/"},{"@type":"ListItem","position":3,"name":"L\u2019Universit\u00e9 pendant les f\u00eates de fin d'ann\u00e9e : qu\u2019est-ce qui est ouvert ou ferm\u00e9 ?"}]},{"@type":"WebSite","@id":"https:\/\/www.uni.lu\/fr\/#website","url":"https:\/\/www.uni.lu\/fr\/","name":"Uni.lu","description":"Universit\u00e9 du Luxembourg","publisher":{"@id":"https:\/\/www.uni.lu\/fr\/#organization"},"alternateName":"Universit\u00e9 du Luxembourg","potentialAction":[{"@type":"SearchAction","target":{"@type":"EntryPoint","urlTemplate":"https:\/\/www.uni.lu\/fr\/?s={search_term_string}"},"query-input":"required name=search_term_string"}],"inLanguage":"fr-FR"},{"@type":"Organization","@id":"https:\/\/www.uni.lu\/fr\/#organization","name":"Universit\u00e9 du Luxembourg","alternateName":"Uni.lu","url":"https:\/\/www.uni.lu\/fr\/","logo":{"@type":"ImageObject","inLanguage":"fr-FR","@id":"https:\/\/www.uni.lu\/fr\/#\/schema\/logo\/image\/","url":"https:\/\/www.uni.lu\/wp-content\/uploads\/sites\/11\/2026\/03\/03120045\/UNIV_SM-Profile_1600x1600px-scaled.jpg","contentUrl":"https:\/\/www.uni.lu\/wp-content\/uploads\/sites\/11\/2026\/03\/03120045\/UNIV_SM-Profile_1600x1600px-scaled.jpg","width":2560,"height":2560,"caption":"Universit\u00e9 du Luxembourg"},"image":"https:\/\/www.uni.lu\/wp-content\/uploads\/sites\/11\/2026\/04\/24120552\/20200609-Belval-Campus_Henri-Goergen-23.jpg","sameAs":["https:\/\/www.facebook.com\/uni.lu","https:\/\/www.linkedin.com\/school\/university-of-luxembourg\/","https:\/\/www.instagram.com\/uni.lu","https:\/\/www.youtube.com\/@uni_lu","https:\/\/en.wikipedia.org\/wiki\/University_of_Luxembourg"],"email":"communication@uni.lu","telephone":"+352 46 66 44 1","address":{"@type":"PostalAddress","streetAddress":"2, place de l\u2019Universit\u00e9","addressLocality":"Esch-sur-Alzette","postalCode":"4365","addressCountry":"LU"},"description":"Universit\u00e9 du Luxembourg"},{"@type":"Person","@id":"https:\/\/www.uni.lu\/fr\/#\/schema\/person\/bbacc9db2c68a323b1a3cbdab743cd0c","name":"svankelst","image":{"@type":"ImageObject","inLanguage":"fr-FR","@id":"https:\/\/www.uni.lu\/fr\/#\/schema\/person\/image\/","url":"https:\/\/secure.gravatar.com\/avatar\/54b090610f90377561821e2f82f83b9f?s=96&d=mm&r=g","contentUrl":"https:\/\/secure.gravatar.com\/avatar\/54b090610f90377561821e2f82f83b9f?s=96&d=mm&r=g","caption":"svankelst"}}]}},"blog_id":11,"_links":{"self":[{"href":"https:\/\/www.uni.lu\/fr\/wp-json\/wp\/v2\/news\/17504"}],"collection":[{"href":"https:\/\/www.uni.lu\/fr\/wp-json\/wp\/v2\/news"}],"about":[{"href":"https:\/\/www.uni.lu\/fr\/wp-json\/wp\/v2\/types\/news"}],"author":[{"embeddable":true,"href":"https:\/\/www.uni.lu\/fr\/wp-json\/wp\/v2\/users\/42"}],"version-history":[{"count":4,"href":"https:\/\/www.uni.lu\/fr\/wp-json\/wp\/v2\/news\/17504\/revisions"}],"predecessor-version":[{"id":17569,"href":"https:\/\/www.uni.lu\/fr\/wp-json\/wp\/v2\/news\/17504\/revisions\/17569"}],"wp:authorship":[{"embeddable":true,"href":"https:\/\/www.uni.lu\/fr\/wp-json\/wp\/v2\/users\/42"}],"wp:featuredmedia":[{"embeddable":true,"href":"https:\/\/www.uni.lu\/fr\/wp-json\/wp\/v2\/media\/17621"}],"wp:attachment":[{"href":"https:\/\/www.uni.lu\/fr\/wp-json\/wp\/v2\/media?parent=17504"}],"wp:term":[{"taxonomy":"news-category","embeddable":true,"href":"https:\/\/www.uni.lu\/fr\/wp-json\/wp\/v2\/news-category?post=17504"},{"taxonomy":"news-topic","embeddable":true,"href":"https:\/\/www.uni.lu\/fr\/wp-json\/wp\/v2\/news-topic?post=17504"},{"taxonomy":"organisation","embeddable":true,"href":"https:\/\/www.uni.lu\/fr\/wp-json\/wp\/v2\/organisation?post=17504"}],"curies":[{"name":"wp","href":"https:\/\/api.w.org\/{rel}","templated":true}]}}