{"id":17485,"date":"2025-12-05T17:37:24","date_gmt":"2025-12-05T16:37:24","guid":{"rendered":"https:\/\/www.uni.lu\/fr\/?post_type=news&#038;p=17485"},"modified":"2025-12-05T17:37:49","modified_gmt":"2025-12-05T16:37:49","slug":"un-nouvel-institut-pour-l-innovation-dans-les-etudes","status":"publish","type":"news","link":"https:\/\/www.uni.lu\/fr\/news\/un-nouvel-institut-pour-l-innovation-dans-les-etudes\/","title":{"rendered":"Un nouvel institut pour l&rsquo;innovation p\u00e9dagogique"},"content":{"rendered":"\n<section class=\"wp-block-unilux-blocks-free-section section\"><div class=\"container xl:max-w-screen-xl\">\n<p>L&rsquo;Universit\u00e9 a lanc\u00e9&nbsp;son&nbsp;<a href=\"https:\/\/www.uni.lu\/fr\/etudes\/i2tl\/\">Institute for Innovative Teaching and Learning (I\u00b2TL)<\/a>,&nbsp;afin de&nbsp;tester&nbsp;des approches modernes dans la formation continue des&nbsp;enseignants et de l&rsquo;\u00e9ducation num\u00e9rique. Le centre vient d\u2019ouvrir&nbsp;un fonds d\u00e9di\u00e9 innovations centr\u00e9es sur les \u00e9tudiants dans l&rsquo;enseignement et l&rsquo;apprentissage<\/p>\n\n\n\n<p>S\u2019inspirant&nbsp;dans l&rsquo;enseignement num\u00e9rique de pointe,&nbsp;l&rsquo;I\u00b2TL refl\u00e8te l&rsquo;ambition de l&rsquo;Universit\u00e9 en mati\u00e8re d&rsquo;\u00e9ducation : offrir un environnement d&rsquo;apprentissage dynamique et doter les \u00e9tudiants et les enseignants de m\u00e9thodes&nbsp;et&nbsp;de connaissances innovantes pour relever les d\u00e9fis futurs.&nbsp;&nbsp;<\/p>\n\n\n\n<p>Le&nbsp;20 octobre, le&nbsp;recteur&nbsp;Prof.&nbsp;Jens&nbsp;Kreisel&nbsp;et le vice-recteur&nbsp;des affaires acad\u00e9miques et \u00e9tudiantes&nbsp;Prof&nbsp;Philippe&nbsp;Hiligsmann&nbsp;ont pr\u00e9sent\u00e9 l&rsquo;Institut aux communaut\u00e9s \u00e9tudiante et&nbsp;acad\u00e9mique.&nbsp;<\/p>\n\n\n\n<p>Philippe&nbsp;Hiligsmann&nbsp;insiste&nbsp;que l&rsquo;innovation p\u00e9dagogique ne se r\u00e9sume pas \u00e0 la nouveaut\u00e9, mais&nbsp;refl\u00e8te&nbsp;\u00e9galement un impact sur les&nbsp;personnes&nbsp;: \u00ab L&rsquo;innovation p\u00e9dagogique n&rsquo;a de sens que si elle r\u00e9pond aux besoins r\u00e9els des \u00e9tudiants. Et r\u00e9fl\u00e9chir aux besoins des \u00e9tudiants ne fait du&nbsp;sens qu\u2019\u00e0 travers le&nbsp;dialogue&nbsp;avec eux.&nbsp;Nous souhaitons impliquer activement les \u00e9tudiants en tant que partenaires&nbsp;\u00e0 travers&nbsp;l&rsquo;I\u00b2TL. Ils participeront \u00e0 la&nbsp;co-cr\u00e9ation,&nbsp;au pilotage&nbsp;et \u00e0 la mise en \u0153uvre d&rsquo;initiatives \u00e9ducatives \u00bb.&nbsp;<\/p>\n\n\n\n<p>Jens&nbsp;Kreisel&nbsp;a soulign\u00e9&nbsp;la n\u00e9cessit\u00e9 de prendre&nbsp;en compte&nbsp;l\u2019impact de la rapidit\u00e9 avec laquelle&nbsp;l&rsquo;acc\u00e8s et le processus de connaissance&nbsp;\u00e9voluent.&nbsp;<\/p>\n\n\n\n<section class=\"wp-block-unilux-blocks-quote-people\">\n    <div class=\"quote-people\" role=\"group\">\n        <figure class=\"quote-people__body\">\n            <blockquote class=\"quote-people__blockquote\">\n    <span class=\"quote-people__quote\">\u201f<\/span>\n    Nous vivons une \u00e9poque o\u00f9 le choix est roi. Les \u00e9tudiants choisissent des parcours d&rsquo;\u00e9tudes qui correspondent \u00e0 leurs pr\u00e9f\u00e9rences et leur ouvrent les meilleures opportunit\u00e9s dans la vie. Nous vivons \u00e9galement un moment dans lequel le jeu entre id\u00e9es et num\u00e9risation est essentiel \u00e0 l&rsquo;innovation, les outils num\u00e9riques et l&rsquo;IA facilitant les processus.\u201d\n<\/blockquote><!-- People Item Automated: Quote People -->\n<div class=\"quote-people__visual\">\n    <figure class=\"wp-block-dev4-reusable-blocks-image object-fit--cover\">\n        <!-- Template Image Component: default -->\n<img decoding=\"async\" class=\"w-full\" width=\"\" height=\"\" rel=\"\" alt=\"Prof Jens KREISEL\" src=\"https:\/\/www.uni.lu\/en\/person-image\/NTAwMzE3MzBfX0plbnMgS1JFSVNFTA==\" srcset=\"https:\/\/www.uni.lu\/en\/person-image\/NTAwMzE3MzBfX0plbnMgS1JFSVNFTA==--thumbnail 150w,https:\/\/www.uni.lu\/en\/person-image\/NTAwMzE3MzBfX0plbnMgS1JFSVNFTA==--medium 300w,https:\/\/www.uni.lu\/en\/person-image\/NTAwMzE3MzBfX0plbnMgS1JFSVNFTA==--medium_large 768w,https:\/\/www.uni.lu\/en\/person-image\/NTAwMzE3MzBfX0plbnMgS1JFSVNFTA==--large 1024w,https:\/\/www.uni.lu\/en\/person-image\/NTAwMzE3MzBfX0plbnMgS1JFSVNFTA==--1536x1536 1536w,https:\/\/www.uni.lu\/en\/person-image\/NTAwMzE3MzBfX0plbnMgS1JFSVNFTA==--2048x2048 2048w\" loading=\"lazy\" \/><!-- end Image Component -->\n    <\/figure>\n<\/div>\n<div class=\"quote-people__figcaption\">\n    <p class=\"quote-people__author\">Prof Jens KREISEL<\/p>\n    <p class=\"quote-people__position\">Rector<\/p>\n    <div class=\"wp-block-unilux-blocks-simple-cta wp-block-unilux-blocks-people-item-automated\">\n    <a\n        href=\"https:\/\/www.uni.lu\/fstm-en\/people\/jens-kreisel\/\"\n        title=\"Prof Jens KREISEL\"\n        class=\"link-text link-text--icon quote-people__link\"\n        target=\"\"\n    >\n        <span class=\"link-text__body\">\n            <span class=\"link-text__name\">Voir le profil<\/span>\n        <\/span>\n        <svg aria-hidden=\"true\" focusable=\"false\" class=\"icon icon-outline icon--arrow-right \"><use xlink:href=\"https:\/\/www.uni.lu\/wp-content\/themes\/unilux-theme\/assets\/images\/icons\/icons-outline.svg#icon--arrow-right\"><\/use><\/svg>    <\/a>\n<\/div>\n<\/div>\n<!-- end People Item Automated -->        <\/figure>\n    <\/div>\n<\/section>\n\n<div class=\"wp-block-unilux-blocks-spacer is-spacer-size-sm\"><\/div>\n\n\n<h2 class=\"has-text-align-left wp-block-unilux-blocks-heading\"        id=\"trois-piliers-interconnectes-centres-sur-linnovation\"\n    >\nTrois piliers interconnect\u00e9s, centr\u00e9s sur l&rsquo;innovation<\/h2>\n\n\n\n<div class=\"wp-block-columns is-layout-flex wp-block-columns-is-layout-flex\">\n<div class=\"wp-block-column is-layout-flow wp-block-column-is-layout-flow\">\n<div class=\"icon--primary icon--secondary-2 icon--2xl wp-block-unilux-blocks-icon-picker\">\n    <svg aria-hidden=\"true\" focusable=\"false\" class=\"icon icon-outline icon--subject-librarian \"><use xlink:href=\"https:\/\/www.uni.lu\/wp-content\/themes\/unilux-theme\/assets\/images\/icons\/icons-outline.svg#icon--subject-librarian\"><\/use><\/svg><\/div>\n\n<div class=\"wp-block-unilux-blocks-spacer is-spacer-size-sm\"><\/div>\n\n\n<h3 class=\"has-text-align-left wp-block-unilux-blocks-heading\"        id=\"developpement-des-enseignants\"\n    >\nD\u00e9veloppement des enseignants<\/h3>\n\n\n\n<p>Le&nbsp;<strong>d\u00e9veloppement des enseignants&nbsp;est&nbsp;<\/strong>un int\u00e9r\u00eat central de l&rsquo;I\u00b2TL. Les enseignants ont acc\u00e8s \u00e0 des activit\u00e9s p\u00e9dagogiques sur mesure, \u00e0 des qualifications professionnelles en mati\u00e8re d&rsquo;enseignement et \u00e0 des communaut\u00e9s de pratique.<\/p>\n<\/div>\n\n\n\n<div class=\"wp-block-column is-layout-flow wp-block-column-is-layout-flow\">\n<div class=\"icon--primary icon--secondary-2 icon--2xl wp-block-unilux-blocks-icon-picker\">\n    <svg aria-hidden=\"true\" focusable=\"false\" class=\"icon icon-outline icon--idea \"><use xlink:href=\"https:\/\/www.uni.lu\/wp-content\/themes\/unilux-theme\/assets\/images\/icons\/icons-outline.svg#icon--idea\"><\/use><\/svg><\/div>\n\n<div class=\"wp-block-unilux-blocks-spacer is-spacer-size-sm\"><\/div>\n\n\n<h3 class=\"has-text-align-left wp-block-unilux-blocks-heading\"        id=\"education-numerique\"\n    >\n\u00c9ducation num\u00e9rique<\/h3>\n\n\n\n<p>Gr\u00e2ce au pilier&nbsp;<strong>\u00c9ducation num\u00e9rique<\/strong>, les \u00e9tudiants et les enseignants b\u00e9n\u00e9ficieront d&rsquo;un soutien techno-p\u00e9dagogique,&nbsp;tant pour&nbsp;l&rsquo;enseignement, l&rsquo;apprentissage, l&rsquo;\u00e9valuation ou&nbsp;dans&nbsp;l&rsquo;application des connaissances.<\/p>\n<\/div>\n\n\n\n<div class=\"wp-block-column is-layout-flow wp-block-column-is-layout-flow\">\n<div class=\"icon--primary icon--secondary-2 icon--2xl wp-block-unilux-blocks-icon-picker\">\n    <svg aria-hidden=\"true\" focusable=\"false\" class=\"icon icon-outline icon--funding \"><use xlink:href=\"https:\/\/www.uni.lu\/wp-content\/themes\/unilux-theme\/assets\/images\/icons\/icons-outline.svg#icon--funding\"><\/use><\/svg><\/div>\n\n<div class=\"wp-block-unilux-blocks-spacer is-spacer-size-sm\"><\/div>\n\n\n<h3 class=\"has-text-align-left wp-block-unilux-blocks-heading\"        id=\"fonds-dinnovation-pour-leducation\"\n    >\nFonds d&rsquo;innovation pour l&rsquo;\u00e9ducation<\/h3>\n\n\n\n<p>Le&nbsp;<strong>Fonds d&rsquo;innovation pour l&rsquo;\u00e9ducation&nbsp;<\/strong>soutiendra les initiatives et les collaborations centr\u00e9es sur les \u00e9tudiants et con\u00e7ues pour promouvoir l&rsquo;innovation p\u00e9dagogique. En particulier, le fonds&nbsp;encouragera&nbsp;en particulier les initiatives interdisciplinaires et multilingues dans lesquelles les \u00e9tudiants sont partenaires et&nbsp;co-cr\u00e9ateurs.<\/p>\n<\/div>\n<\/div>\n\n\n\n<h2 class=\"has-text-align-left wp-block-unilux-blocks-heading\"        id=\"lenvironnement-de-lenseignement-superieur-evolue\"\n    >\nL&rsquo;environnement de l&rsquo;enseignement sup\u00e9rieur \u00e9volue<\/h2>\n\n\n\n<p>Prof.&nbsp;Philippe Parmentier, professeur de sciences de l&rsquo;\u00e9ducation et directeur de l&rsquo;administration de l&rsquo;\u00e9ducation et de la formation \u00e0 l&rsquo;UCLouvain, a prononc\u00e9 le discours d&rsquo;ouverture&nbsp;\u00ab Transformation p\u00e9dagogique de l&rsquo;enseignement sup\u00e9rieur \u00bb, soulignant les d\u00e9fis contemporains&nbsp;des \u00e9tablissements d&rsquo;enseignement sup\u00e9rieur.&nbsp;<\/p>\n\n\n\n<div class=\"wp-block-unilux-blocks-accordion accordion accordion--theme accordion-standard\" data-reference=\"d4770bea-41e9-4213-9190-229757fee537\" data-accordion-type=\"standard\"><div class=\"accordion__item  wp-block-unilux-blocks-accordion-item\">\n    <h3 class=\"accordion__header\"\n                    id=\"1-se-projeter-dans-un-monde-incertain\"\n        >\n        <button\n            type=\"button\"\n            id=\"accordion-labelledby-3e7820eb-f22f-4de2-b7c6-2ae4f18a5e12\"\n            class=\"accordion__button collapsed\"\n            aria-expanded=\"false\"\n            aria-controls=\"accordion-panel-3e7820eb-f22f-4de2-b7c6-2ae4f18a5e12\"\n            data-bs-toggle=\"collapse\"\n            data-bs-target=\"#accordion-panel-3e7820eb-f22f-4de2-b7c6-2ae4f18a5e12\"\n        >\n            <span class=\"accordion__title\">\n                                1. <strong><strong>Se projeter dans un monde incertain<\/strong><\/strong>             <\/span>\n\n            <svg aria-hidden=\"true\" focusable=\"false\" class=\"icon icon-outline icon--arrow-down \"><use xlink:href=\"https:\/\/www.uni.lu\/wp-content\/themes\/unilux-theme\/assets\/images\/icons\/icons-outline.svg#icon--arrow-down\"><\/use><\/svg>        <\/button>\n    <\/h3>\n    <div id=\"accordion-panel-3e7820eb-f22f-4de2-b7c6-2ae4f18a5e12\"\n        class=\"accordion__collapse collapse\"\n        aria-labelledby=\"accordion-labelledby-3e7820eb-f22f-4de2-b7c6-2ae4f18a5e12\"\n        data-bs-parent=\"[data-reference=&quot;d4770bea-41e9-4213-9190-229757fee537&quot;]\"\n    >\n        <div class=\"accordion__body \">\n            \n<p>L&rsquo;enseignement sup\u00e9rieur \u00e9volue de plus en plus dans un contexte marqu\u00e9 par les tensions g\u00e9opolitiques, les transitions \u00e9cologiques et sociales, les changements d\u00e9mographiques et les&nbsp;\u00e9volutions technologiques rapides, en particulier dans le domaine de l&rsquo;IA.&nbsp;&nbsp;<\/p>\n\n<p>Ces \u00e9volutions ont une incidence sur les missions des universit\u00e9s en mati\u00e8re de recherche, d&rsquo;enseignement et de service. Les \u00e9tablissements doivent donc \u00eatre capables de se projeter dans un avenir incertain,&nbsp;de g\u00e9rer l&rsquo;impr\u00e9visible, de d\u00e9velopper des visions strat\u00e9giques claires et de construire de nouvelles formes de partenariat tout en restant fid\u00e8les \u00e0 leur r\u00f4le \u00e9ducatif.&nbsp;<\/p>\n        <\/div>\n    <\/div>\n<\/div>\n\n<div class=\"accordion__item  wp-block-unilux-blocks-accordion-item\">\n    <h3 class=\"accordion__header\"\n                    id=\"2-le-monde-evolue-plus-vite-que-les-connaissances\"\n        >\n        <button\n            type=\"button\"\n            id=\"accordion-labelledby-b180f874-7fb4-44aa-a5f2-6d670c87890b\"\n            class=\"accordion__button collapsed\"\n            aria-expanded=\"false\"\n            aria-controls=\"accordion-panel-b180f874-7fb4-44aa-a5f2-6d670c87890b\"\n            data-bs-toggle=\"collapse\"\n            data-bs-target=\"#accordion-panel-b180f874-7fb4-44aa-a5f2-6d670c87890b\"\n        >\n            <span class=\"accordion__title\">\n                                2. <strong>Le monde \u00e9volue plus vite que les connaissances<\/strong>             <\/span>\n\n            <svg aria-hidden=\"true\" focusable=\"false\" class=\"icon icon-outline icon--arrow-down \"><use xlink:href=\"https:\/\/www.uni.lu\/wp-content\/themes\/unilux-theme\/assets\/images\/icons\/icons-outline.svg#icon--arrow-down\"><\/use><\/svg>        <\/button>\n    <\/h3>\n    <div id=\"accordion-panel-b180f874-7fb4-44aa-a5f2-6d670c87890b\"\n        class=\"accordion__collapse collapse\"\n        aria-labelledby=\"accordion-labelledby-b180f874-7fb4-44aa-a5f2-6d670c87890b\"\n        data-bs-parent=\"[data-reference=&quot;d4770bea-41e9-4213-9190-229757fee537&quot;]\"\n    >\n        <div class=\"accordion__body \">\n            \n<p>Prof.&nbsp;Parmentier a soulign\u00e9 que le monde \u00e9volue d\u00e9sormais plus vite que les connaissances elles-m\u00eames. Les universit\u00e9s doivent \u00e0 la fois produire et transmettre de nouvelles connaissances, faire coexister diff\u00e9rentes formes de connaissances et lutter contre la d\u00e9sinformation. Cela implique une interdisciplinarit\u00e9 renforc\u00e9e, la valorisation de la recherche et de la science ouverte, une attention particuli\u00e8re \u00e0 la mesure de l&rsquo;impact et un engagement explicite en faveur de l&rsquo;apprentissage tout au long de la vie. L&rsquo;\u00e9volution des syst\u00e8mes de r\u00e9f\u00e9rence, tels que la pens\u00e9e critique, la cr\u00e9ativit\u00e9 et la diversification de l&rsquo;acc\u00e8s aux connaissances, est au c\u0153ur de cette transformation.&nbsp;<\/p>\n        <\/div>\n    <\/div>\n<\/div>\n\n<div class=\"accordion__item  wp-block-unilux-blocks-accordion-item\">\n    <h3 class=\"accordion__header\"\n                    id=\"3-lenseignement-universitaire-doit-se-tenir-a-la-hauteur-du-defi\"\n        >\n        <button\n            type=\"button\"\n            id=\"accordion-labelledby-4b8eb5c5-0b20-4808-ad1c-8b6f163ade7b\"\n            class=\"accordion__button collapsed\"\n            aria-expanded=\"false\"\n            aria-controls=\"accordion-panel-4b8eb5c5-0b20-4808-ad1c-8b6f163ade7b\"\n            data-bs-toggle=\"collapse\"\n            data-bs-target=\"#accordion-panel-4b8eb5c5-0b20-4808-ad1c-8b6f163ade7b\"\n        >\n            <span class=\"accordion__title\">\n                                3. <strong>L<strong>&lsquo;enseignement universitaire\u00a0doit se tenir\u00a0\u00e0 la hauteur du d\u00e9fi<\/strong><\/strong>            <\/span>\n\n            <svg aria-hidden=\"true\" focusable=\"false\" class=\"icon icon-outline icon--arrow-down \"><use xlink:href=\"https:\/\/www.uni.lu\/wp-content\/themes\/unilux-theme\/assets\/images\/icons\/icons-outline.svg#icon--arrow-down\"><\/use><\/svg>        <\/button>\n    <\/h3>\n    <div id=\"accordion-panel-4b8eb5c5-0b20-4808-ad1c-8b6f163ade7b\"\n        class=\"accordion__collapse collapse\"\n        aria-labelledby=\"accordion-labelledby-4b8eb5c5-0b20-4808-ad1c-8b6f163ade7b\"\n        data-bs-parent=\"[data-reference=&quot;d4770bea-41e9-4213-9190-229757fee537&quot;]\"\n    >\n        <div class=\"accordion__body \">\n            \n<p>Les attentes des soci\u00e9t\u00e9s&nbsp;contemporaines&nbsp;envers l&rsquo;enseignement universitaire&nbsp;incluent:&nbsp;<\/p>\n\n<ul class=\"ulux-list\">\n<li class=\"ulux-list-item\">Les universit\u00e9s doivent&nbsp;adapter&nbsp;en permanence l\u2019enseignement afin de d\u00e9velopper les comp\u00e9tences et les connaissances appropri\u00e9es&nbsp;et&nbsp;de favoriser la r\u00e9ussite des&nbsp;dipl\u00f4m\u00e9s.&nbsp;<\/li>\n\n\n\n<li class=\"ulux-list-item\">Des modes de fonctionnement responsables et respectueux, qui incluent une gestion durable des ressources financi\u00e8res et mat\u00e9rielles, mais aussi une attention particuli\u00e8re au bien-\u00eatre et \u00e0 la sant\u00e9 mentale des \u00e9tudiants et du personnel.&nbsp;<\/li>\n\n\n\n<li class=\"ulux-list-item\">Impact soci\u00e9tal accru de l&rsquo;\u00e9ducation : les enseignants, les chercheurs et les \u00e9tudiants doivent agir en tant qu&rsquo;acteurs positifs du changement dans la soci\u00e9t\u00e9. La&nbsp;recherche, qu&rsquo;elle soit fondamentale ou appliqu\u00e9e,&nbsp;en tant que facteur d\u2019une transformation positive.&nbsp;<\/li>\n<\/ul>\n        <\/div>\n    <\/div>\n<\/div><\/div>\n\n\n\n<p>Ces attentes cr\u00e9ent une \u00ab triple injonction \u00bb : faire mieux, souvent avec moins, tout en r\u00e9pondant aux exigences nouvelles et croissantes de l&rsquo;enseignement sup\u00e9rieur.<\/p>\n\n\n\n<p><strong>Droit d\u2019auteur<\/strong>&nbsp;: Prof. Philippe Parmentier, professeur en sciences de l&rsquo;\u00e9ducation, directeur de l&rsquo;administration de l&rsquo;\u00e9ducation et de la formation, Universit\u00e9 de Louvain-la-Neuve.&nbsp;<\/p>\n\n\n\n<section class=\"wp-block-unilux-blocks-quote-people\">\n    <div class=\"quote-people\" role=\"group\">\n        <figure class=\"quote-people__body\">\n            <blockquote class=\"quote-people__blockquote\">\n    <span class=\"quote-people__quote\">\u201f<\/span>\n    Le monde change, et la mani\u00e8re dont\u00a0des connaissances et des comp\u00e9tences\u00a0sont acquis\u00a0\u00e9voluent\u00a0de m\u00eame. Avec l&rsquo;I\u00b2TL,\u00a0notre Universit\u00e9 vise \u00e0 cr\u00e9er un environnement holistique qui am\u00e9liore constamment l&rsquo;engagement des \u00e9tudiants et leurs r\u00e9sultats d&rsquo;apprentissage. Les enseignants utilisent de mani\u00e8re \u00e9clair\u00e9e les outils p\u00e9dagogiques modernes et partagent activement les meilleures pratiques au sein de leurs communaut\u00e9s.\u00a0Les \u00e9tudiants\u00a0profiteront exp\u00e9rience \u00e9ducative enrichie par la\u00a0num\u00e9risation,\u00a0orient\u00e9 vers les personnes et vers l\u2019\u00e9tendue internationale.\u201d\n<\/blockquote><!-- People Item Automated: Quote People -->\n<div class=\"quote-people__visual\">\n    <figure class=\"wp-block-dev4-reusable-blocks-image object-fit--cover\">\n        <!-- Template Image Component: default -->\n<img decoding=\"async\" class=\"w-full\" width=\"\" height=\"\" rel=\"\" alt=\"Prof Philippe HILIGSMANN\" src=\"https:\/\/www.uni.lu\/en\/person-image\/NTAwODc5NjlfX1BoaWxpcHBlIEhJTElHU01BTk4=\" srcset=\"https:\/\/www.uni.lu\/en\/person-image\/NTAwODc5NjlfX1BoaWxpcHBlIEhJTElHU01BTk4=--thumbnail 150w,https:\/\/www.uni.lu\/en\/person-image\/NTAwODc5NjlfX1BoaWxpcHBlIEhJTElHU01BTk4=--medium 300w,https:\/\/www.uni.lu\/en\/person-image\/NTAwODc5NjlfX1BoaWxpcHBlIEhJTElHU01BTk4=--medium_large 768w,https:\/\/www.uni.lu\/en\/person-image\/NTAwODc5NjlfX1BoaWxpcHBlIEhJTElHU01BTk4=--large 1024w,https:\/\/www.uni.lu\/en\/person-image\/NTAwODc5NjlfX1BoaWxpcHBlIEhJTElHU01BTk4=--1536x1536 1536w,https:\/\/www.uni.lu\/en\/person-image\/NTAwODc5NjlfX1BoaWxpcHBlIEhJTElHU01BTk4=--2048x2048 2048w\" loading=\"lazy\" \/><!-- end Image Component -->\n    <\/figure>\n<\/div>\n<div class=\"quote-people__figcaption\">\n    <p class=\"quote-people__author\">Prof Philippe HILIGSMANN<\/p>\n    <p class=\"quote-people__position\">Vice-Rector for Academic and Student Affairs<\/p>\n    <div class=\"wp-block-unilux-blocks-simple-cta wp-block-unilux-blocks-people-item-automated\">\n    <a\n        href=\"https:\/\/www.uni.lu\/fhse-en\/people\/philippe-hiligsmann\/\"\n        title=\"Prof Philippe HILIGSMANN\"\n        class=\"link-text link-text--icon quote-people__link\"\n        target=\"\"\n    >\n        <span class=\"link-text__body\">\n            <span class=\"link-text__name\">Voir le profil<\/span>\n        <\/span>\n        <svg aria-hidden=\"true\" focusable=\"false\" class=\"icon icon-outline icon--arrow-right \"><use xlink:href=\"https:\/\/www.uni.lu\/wp-content\/themes\/unilux-theme\/assets\/images\/icons\/icons-outline.svg#icon--arrow-right\"><\/use><\/svg>    <\/a>\n<\/div>\n<\/div>\n<!-- end People Item Automated -->        <\/figure>\n    <\/div>\n<\/section><\/div><\/section>\n\n\n<section class=\"section section wp-block-unilux-blocks-quick-link-discover-section\">\n    <div class=\"container xl:max-w-screen-xl\">\n        \n<h2 class=\"has-text-align-left wp-block-unilux-blocks-heading\"        id=\"en-savoir-plus-sur\"\n    >\nEn savoir plus sur&#8230;<\/h2>\n\n<ul class=\"wp-block-unilux-blocks-quick-link-discover quick-link-list\">\n<li class=\"wp-block-unilux-blocks-quick-link-discover-item\">\n    <a\n                    href=\"https:\/\/www.uni.lu\/fr\/etudes\/i2tl\/\"\n                    class=\"quick-link\"\n            target=\"\"\n    >\n            <span class=\"quick-link__container\">\n                <span class=\"quick-link__text\">\n                    Institute for Innovative Teaching and Learning (I\u00b2TL)                <\/span>\n                <svg aria-hidden=\"true\" focusable=\"false\" class=\"icon icon-outline icon--arrow-right \"><use xlink:href=\"https:\/\/www.uni.lu\/wp-content\/themes\/unilux-theme\/assets\/images\/icons\/icons-outline.svg#icon--arrow-right\"><\/use><\/svg>            <\/span>\n    <\/a>\n<\/li>\n<\/ul>\n    <\/div>\n<\/section>","protected":false},"excerpt":{"rendered":"","protected":false},"author":341,"featured_media":17517,"template":"","format":"standard","meta":{"featured_image_focal_point":{"x":0.6,"y":0.59},"show_featured_caption":true,"ulux_newsletter_groups":"","uluxPostTitle":"","uluxPrePostTitle":"","_trash_the_other_posts":false,"_price":"","_stock":"","_tribe_ticket_header":"","_tribe_default_ticket_provider":"","_tribe_ticket_capacity":"0","_ticket_start_date":"","_ticket_end_date":"","_tribe_ticket_show_description":"","_tribe_ticket_show_not_going":false,"_tribe_ticket_use_global_stock":"","_tribe_ticket_global_stock_level":"","_global_stock_mode":"","_global_stock_cap":"","_tribe_rsvp_for_event":"","_tribe_ticket_going_count":"","_tribe_ticket_not_going_count":"","_tribe_tickets_list":"[]","_tribe_ticket_has_attendee_info_fields":false},"news-category":[5],"news-topic":[417],"organisation":[],"authorship":[341],"acf":[],"yoast_head":"<!-- This site is optimized with the Yoast SEO Premium plugin v22.3 (Yoast SEO v22.3) - https:\/\/yoast.com\/wordpress\/plugins\/seo\/ -->\n<title>Un nouvel institut pour l&#039;innovation p\u00e9dagogique - Universit\u00e9 du Luxembourg<\/title>\n<meta name=\"description\" content=\"L&#039;Universit\u00e9 a lanc\u00e9&nbsp;son&nbsp;Institute for Innovative Teaching and Learning (I\u00b2TL),&nbsp;afin de&nbsp;tester&nbsp;des approches modernes dans la\" \/>\n<meta name=\"robots\" content=\"index, follow, max-snippet:-1, max-image-preview:large, max-video-preview:-1\" \/>\n<link rel=\"canonical\" href=\"https:\/\/www.uni.lu\/fr\/news\/un-nouvel-institut-pour-l-innovation-dans-les-etudes\/\" \/>\n<meta property=\"og:locale\" content=\"fr_FR\" \/>\n<meta property=\"og:type\" content=\"article\" \/>\n<meta property=\"og:title\" content=\"Un nouvel institut pour l&#039;innovation p\u00e9dagogique\" \/>\n<meta property=\"og:description\" content=\"L&#039;Universit\u00e9 a lanc\u00e9&nbsp;son&nbsp;Institute for Innovative Teaching and Learning (I\u00b2TL),&nbsp;afin de&nbsp;tester&nbsp;des approches modernes dans la\" \/>\n<meta property=\"og:url\" content=\"https:\/\/www.uni.lu\/fr\/news\/un-nouvel-institut-pour-l-innovation-dans-les-etudes\/\" \/>\n<meta property=\"og:site_name\" content=\"UNI FR\" \/>\n<meta property=\"article:publisher\" content=\"https:\/\/www.facebook.com\/uni.lu\" \/>\n<meta property=\"article:modified_time\" content=\"2025-12-05T16:37:49+00:00\" \/>\n<meta property=\"og:image\" content=\"https:\/\/www.uni.lu\/wp-content\/uploads\/sites\/11\/2025\/12\/05163916\/Workshop3_I2TL.jpeg\" \/>\n\t<meta property=\"og:image:width\" content=\"2048\" \/>\n\t<meta property=\"og:image:height\" content=\"1536\" \/>\n\t<meta property=\"og:image:type\" content=\"image\/jpeg\" \/>\n<meta name=\"twitter:card\" content=\"summary_large_image\" \/>\n<meta name=\"twitter:label1\" content=\"Dur\u00e9e de lecture estim\u00e9e\" \/>\n\t<meta name=\"twitter:data1\" content=\"4 minutes\" \/>\n<script type=\"application\/ld+json\" class=\"yoast-schema-graph\">{\"@context\":\"https:\/\/schema.org\",\"@graph\":[{\"@type\":\"NewsArticle\",\"@id\":\"https:\/\/www.uni.lu\/fr\/news\/un-nouvel-institut-pour-l-innovation-dans-les-etudes\/#article\",\"isPartOf\":{\"@id\":\"https:\/\/www.uni.lu\/fr\/news\/un-nouvel-institut-pour-l-innovation-dans-les-etudes\/\"},\"author\":{\"name\":\"Catherine Clesse\",\"@id\":\"https:\/\/www.uni.lu\/fr\/#\/schema\/person\/67d3defa53981502bf9cddb74a850c08\"},\"headline\":\"Un nouvel institut pour l&rsquo;innovation p\u00e9dagogique\",\"datePublished\":\"2025-12-05T16:37:24+00:00\",\"dateModified\":\"2025-12-05T16:37:49+00:00\",\"mainEntityOfPage\":{\"@id\":\"https:\/\/www.uni.lu\/fr\/news\/un-nouvel-institut-pour-l-innovation-dans-les-etudes\/\"},\"wordCount\":917,\"publisher\":{\"@id\":\"https:\/\/www.uni.lu\/fr\/#organization\"},\"image\":{\"@id\":\"https:\/\/www.uni.lu\/fr\/news\/un-nouvel-institut-pour-l-innovation-dans-les-etudes\/#primaryimage\"},\"thumbnailUrl\":\"https:\/\/www.uni.lu\/wp-content\/uploads\/sites\/11\/2025\/12\/05163916\/Workshop3_I2TL.jpeg\",\"inLanguage\":\"fr-FR\"},{\"@type\":\"WebPage\",\"@id\":\"https:\/\/www.uni.lu\/fr\/news\/un-nouvel-institut-pour-l-innovation-dans-les-etudes\/\",\"url\":\"https:\/\/www.uni.lu\/fr\/news\/un-nouvel-institut-pour-l-innovation-dans-les-etudes\/\",\"name\":\"Un nouvel institut pour l'innovation p\u00e9dagogique - Universit\u00e9 du Luxembourg\",\"isPartOf\":{\"@id\":\"https:\/\/www.uni.lu\/fr\/#website\"},\"primaryImageOfPage\":{\"@id\":\"https:\/\/www.uni.lu\/fr\/news\/un-nouvel-institut-pour-l-innovation-dans-les-etudes\/#primaryimage\"},\"image\":{\"@id\":\"https:\/\/www.uni.lu\/fr\/news\/un-nouvel-institut-pour-l-innovation-dans-les-etudes\/#primaryimage\"},\"thumbnailUrl\":\"https:\/\/www.uni.lu\/wp-content\/uploads\/sites\/11\/2025\/12\/05163916\/Workshop3_I2TL.jpeg\",\"datePublished\":\"2025-12-05T16:37:24+00:00\",\"dateModified\":\"2025-12-05T16:37:49+00:00\",\"description\":\"L'Universit\u00e9 a lanc\u00e9&nbsp;son&nbsp;Institute for Innovative Teaching and Learning (I\u00b2TL),&nbsp;afin de&nbsp;tester&nbsp;des approches modernes dans la\",\"breadcrumb\":{\"@id\":\"https:\/\/www.uni.lu\/fr\/news\/un-nouvel-institut-pour-l-innovation-dans-les-etudes\/#breadcrumb\"},\"inLanguage\":\"fr-FR\",\"potentialAction\":[{\"@type\":\"ReadAction\",\"target\":[\"https:\/\/www.uni.lu\/fr\/news\/un-nouvel-institut-pour-l-innovation-dans-les-etudes\/\"]}]},{\"@type\":\"ImageObject\",\"inLanguage\":\"fr-FR\",\"@id\":\"https:\/\/www.uni.lu\/fr\/news\/un-nouvel-institut-pour-l-innovation-dans-les-etudes\/#primaryimage\",\"url\":\"https:\/\/www.uni.lu\/wp-content\/uploads\/sites\/11\/2025\/12\/05163916\/Workshop3_I2TL.jpeg\",\"contentUrl\":\"https:\/\/www.uni.lu\/wp-content\/uploads\/sites\/11\/2025\/12\/05163916\/Workshop3_I2TL.jpeg\",\"width\":2048,\"height\":1536,\"caption\":\"Institute for Innovative Teaching and Learning (I\u00b2TL),\"},{\"@type\":\"BreadcrumbList\",\"@id\":\"https:\/\/www.uni.lu\/fr\/news\/un-nouvel-institut-pour-l-innovation-dans-les-etudes\/#breadcrumb\",\"itemListElement\":[{\"@type\":\"ListItem\",\"position\":1,\"name\":\"Home\",\"item\":\"https:\/\/www.uni.lu\/fr\/\"},{\"@type\":\"ListItem\",\"position\":2,\"name\":\"News\",\"item\":\"https:\/\/www.uni.lu\/fr\/news\/\"},{\"@type\":\"ListItem\",\"position\":3,\"name\":\"Un nouvel institut pour l'innovation p\u00e9dagogique\"}]},{\"@type\":\"WebSite\",\"@id\":\"https:\/\/www.uni.lu\/fr\/#website\",\"url\":\"https:\/\/www.uni.lu\/fr\/\",\"name\":\"Uni.lu\",\"description\":\"Universit\u00e9 du Luxembourg\",\"publisher\":{\"@id\":\"https:\/\/www.uni.lu\/fr\/#organization\"},\"alternateName\":\"Universit\u00e9 du Luxembourg\",\"potentialAction\":[{\"@type\":\"SearchAction\",\"target\":{\"@type\":\"EntryPoint\",\"urlTemplate\":\"https:\/\/www.uni.lu\/fr\/?s={search_term_string}\"},\"query-input\":\"required name=search_term_string\"}],\"inLanguage\":\"fr-FR\"},{\"@type\":\"Organization\",\"@id\":\"https:\/\/www.uni.lu\/fr\/#organization\",\"name\":\"Universit\u00e9 du Luxembourg\",\"alternateName\":\"Uni.lu\",\"url\":\"https:\/\/www.uni.lu\/fr\/\",\"logo\":{\"@type\":\"ImageObject\",\"inLanguage\":\"fr-FR\",\"@id\":\"https:\/\/www.uni.lu\/fr\/#\/schema\/logo\/image\/\",\"url\":\"https:\/\/www.uni.lu\/wp-content\/uploads\/sites\/11\/2026\/03\/03120045\/UNIV_SM-Profile_1600x1600px-scaled.jpg\",\"contentUrl\":\"https:\/\/www.uni.lu\/wp-content\/uploads\/sites\/11\/2026\/03\/03120045\/UNIV_SM-Profile_1600x1600px-scaled.jpg\",\"width\":2560,\"height\":2560,\"caption\":\"Universit\u00e9 du Luxembourg\"},\"image\":\"https:\/\/www.uni.lu\/wp-content\/uploads\/sites\/11\/2026\/04\/24120552\/20200609-Belval-Campus_Henri-Goergen-23.jpg\",\"sameAs\":[\"https:\/\/www.facebook.com\/uni.lu\",\"https:\/\/www.linkedin.com\/school\/university-of-luxembourg\/\",\"https:\/\/www.instagram.com\/uni.lu\",\"https:\/\/www.youtube.com\/@uni_lu\",\"https:\/\/en.wikipedia.org\/wiki\/University_of_Luxembourg\"],\"email\":\"communication@uni.lu\",\"telephone\":\"+352 46 66 44 1\",\"address\":{\"@type\":\"PostalAddress\",\"streetAddress\":\"2, place de l\u2019Universit\u00e9\",\"addressLocality\":\"Esch-sur-Alzette\",\"postalCode\":\"4365\",\"addressCountry\":\"LU\"},\"description\":\"Universit\u00e9 du Luxembourg\"},{\"@type\":\"Person\",\"@id\":\"https:\/\/www.uni.lu\/fr\/#\/schema\/person\/67d3defa53981502bf9cddb74a850c08\",\"name\":\"Catherine Clesse\",\"image\":{\"@type\":\"ImageObject\",\"inLanguage\":\"fr-FR\",\"@id\":\"https:\/\/www.uni.lu\/fr\/#\/schema\/person\/image\/\",\"url\":\"https:\/\/secure.gravatar.com\/avatar\/6a2e15a24f9036a6aee8753304e46c2d?s=96&d=mm&r=g\",\"contentUrl\":\"https:\/\/secure.gravatar.com\/avatar\/6a2e15a24f9036a6aee8753304e46c2d?s=96&d=mm&r=g\",\"caption\":\"Catherine Clesse\"}}]}<\/script>\n<!-- \/ Yoast SEO Premium plugin. -->","yoast_head_json":{"title":"Un nouvel institut pour l'innovation p\u00e9dagogique - Universit\u00e9 du Luxembourg","description":"L'Universit\u00e9 a lanc\u00e9&nbsp;son&nbsp;Institute for Innovative Teaching and Learning (I\u00b2TL),&nbsp;afin de&nbsp;tester&nbsp;des approches modernes dans la","robots":{"index":"index","follow":"follow","max-snippet":"max-snippet:-1","max-image-preview":"max-image-preview:large","max-video-preview":"max-video-preview:-1"},"canonical":"https:\/\/www.uni.lu\/fr\/news\/un-nouvel-institut-pour-l-innovation-dans-les-etudes\/","og_locale":"fr_FR","og_type":"article","og_title":"Un nouvel institut pour l'innovation p\u00e9dagogique","og_description":"L'Universit\u00e9 a lanc\u00e9&nbsp;son&nbsp;Institute for Innovative Teaching and Learning (I\u00b2TL),&nbsp;afin de&nbsp;tester&nbsp;des approches modernes dans la","og_url":"https:\/\/www.uni.lu\/fr\/news\/un-nouvel-institut-pour-l-innovation-dans-les-etudes\/","og_site_name":"UNI FR","article_publisher":"https:\/\/www.facebook.com\/uni.lu","article_modified_time":"2025-12-05T16:37:49+00:00","og_image":[{"width":2048,"height":1536,"url":"https:\/\/www.uni.lu\/wp-content\/uploads\/sites\/11\/2025\/12\/05163916\/Workshop3_I2TL.jpeg","type":"image\/jpeg"}],"twitter_card":"summary_large_image","twitter_misc":{"Dur\u00e9e de lecture estim\u00e9e":"4 minutes"},"schema":{"@context":"https:\/\/schema.org","@graph":[{"@type":"NewsArticle","@id":"https:\/\/www.uni.lu\/fr\/news\/un-nouvel-institut-pour-l-innovation-dans-les-etudes\/#article","isPartOf":{"@id":"https:\/\/www.uni.lu\/fr\/news\/un-nouvel-institut-pour-l-innovation-dans-les-etudes\/"},"author":{"name":"Catherine Clesse","@id":"https:\/\/www.uni.lu\/fr\/#\/schema\/person\/67d3defa53981502bf9cddb74a850c08"},"headline":"Un nouvel institut pour l&rsquo;innovation p\u00e9dagogique","datePublished":"2025-12-05T16:37:24+00:00","dateModified":"2025-12-05T16:37:49+00:00","mainEntityOfPage":{"@id":"https:\/\/www.uni.lu\/fr\/news\/un-nouvel-institut-pour-l-innovation-dans-les-etudes\/"},"wordCount":917,"publisher":{"@id":"https:\/\/www.uni.lu\/fr\/#organization"},"image":{"@id":"https:\/\/www.uni.lu\/fr\/news\/un-nouvel-institut-pour-l-innovation-dans-les-etudes\/#primaryimage"},"thumbnailUrl":"https:\/\/www.uni.lu\/wp-content\/uploads\/sites\/11\/2025\/12\/05163916\/Workshop3_I2TL.jpeg","inLanguage":"fr-FR"},{"@type":"WebPage","@id":"https:\/\/www.uni.lu\/fr\/news\/un-nouvel-institut-pour-l-innovation-dans-les-etudes\/","url":"https:\/\/www.uni.lu\/fr\/news\/un-nouvel-institut-pour-l-innovation-dans-les-etudes\/","name":"Un nouvel institut pour l'innovation p\u00e9dagogique - Universit\u00e9 du Luxembourg","isPartOf":{"@id":"https:\/\/www.uni.lu\/fr\/#website"},"primaryImageOfPage":{"@id":"https:\/\/www.uni.lu\/fr\/news\/un-nouvel-institut-pour-l-innovation-dans-les-etudes\/#primaryimage"},"image":{"@id":"https:\/\/www.uni.lu\/fr\/news\/un-nouvel-institut-pour-l-innovation-dans-les-etudes\/#primaryimage"},"thumbnailUrl":"https:\/\/www.uni.lu\/wp-content\/uploads\/sites\/11\/2025\/12\/05163916\/Workshop3_I2TL.jpeg","datePublished":"2025-12-05T16:37:24+00:00","dateModified":"2025-12-05T16:37:49+00:00","description":"L'Universit\u00e9 a lanc\u00e9&nbsp;son&nbsp;Institute for Innovative Teaching and Learning (I\u00b2TL),&nbsp;afin de&nbsp;tester&nbsp;des approches modernes dans la","breadcrumb":{"@id":"https:\/\/www.uni.lu\/fr\/news\/un-nouvel-institut-pour-l-innovation-dans-les-etudes\/#breadcrumb"},"inLanguage":"fr-FR","potentialAction":[{"@type":"ReadAction","target":["https:\/\/www.uni.lu\/fr\/news\/un-nouvel-institut-pour-l-innovation-dans-les-etudes\/"]}]},{"@type":"ImageObject","inLanguage":"fr-FR","@id":"https:\/\/www.uni.lu\/fr\/news\/un-nouvel-institut-pour-l-innovation-dans-les-etudes\/#primaryimage","url":"https:\/\/www.uni.lu\/wp-content\/uploads\/sites\/11\/2025\/12\/05163916\/Workshop3_I2TL.jpeg","contentUrl":"https:\/\/www.uni.lu\/wp-content\/uploads\/sites\/11\/2025\/12\/05163916\/Workshop3_I2TL.jpeg","width":2048,"height":1536,"caption":"Institute for Innovative Teaching and Learning (I\u00b2TL),"},{"@type":"BreadcrumbList","@id":"https:\/\/www.uni.lu\/fr\/news\/un-nouvel-institut-pour-l-innovation-dans-les-etudes\/#breadcrumb","itemListElement":[{"@type":"ListItem","position":1,"name":"Home","item":"https:\/\/www.uni.lu\/fr\/"},{"@type":"ListItem","position":2,"name":"News","item":"https:\/\/www.uni.lu\/fr\/news\/"},{"@type":"ListItem","position":3,"name":"Un nouvel institut pour l'innovation p\u00e9dagogique"}]},{"@type":"WebSite","@id":"https:\/\/www.uni.lu\/fr\/#website","url":"https:\/\/www.uni.lu\/fr\/","name":"Uni.lu","description":"Universit\u00e9 du Luxembourg","publisher":{"@id":"https:\/\/www.uni.lu\/fr\/#organization"},"alternateName":"Universit\u00e9 du Luxembourg","potentialAction":[{"@type":"SearchAction","target":{"@type":"EntryPoint","urlTemplate":"https:\/\/www.uni.lu\/fr\/?s={search_term_string}"},"query-input":"required name=search_term_string"}],"inLanguage":"fr-FR"},{"@type":"Organization","@id":"https:\/\/www.uni.lu\/fr\/#organization","name":"Universit\u00e9 du Luxembourg","alternateName":"Uni.lu","url":"https:\/\/www.uni.lu\/fr\/","logo":{"@type":"ImageObject","inLanguage":"fr-FR","@id":"https:\/\/www.uni.lu\/fr\/#\/schema\/logo\/image\/","url":"https:\/\/www.uni.lu\/wp-content\/uploads\/sites\/11\/2026\/03\/03120045\/UNIV_SM-Profile_1600x1600px-scaled.jpg","contentUrl":"https:\/\/www.uni.lu\/wp-content\/uploads\/sites\/11\/2026\/03\/03120045\/UNIV_SM-Profile_1600x1600px-scaled.jpg","width":2560,"height":2560,"caption":"Universit\u00e9 du Luxembourg"},"image":"https:\/\/www.uni.lu\/wp-content\/uploads\/sites\/11\/2026\/04\/24120552\/20200609-Belval-Campus_Henri-Goergen-23.jpg","sameAs":["https:\/\/www.facebook.com\/uni.lu","https:\/\/www.linkedin.com\/school\/university-of-luxembourg\/","https:\/\/www.instagram.com\/uni.lu","https:\/\/www.youtube.com\/@uni_lu","https:\/\/en.wikipedia.org\/wiki\/University_of_Luxembourg"],"email":"communication@uni.lu","telephone":"+352 46 66 44 1","address":{"@type":"PostalAddress","streetAddress":"2, place de l\u2019Universit\u00e9","addressLocality":"Esch-sur-Alzette","postalCode":"4365","addressCountry":"LU"},"description":"Universit\u00e9 du Luxembourg"},{"@type":"Person","@id":"https:\/\/www.uni.lu\/fr\/#\/schema\/person\/67d3defa53981502bf9cddb74a850c08","name":"Catherine Clesse","image":{"@type":"ImageObject","inLanguage":"fr-FR","@id":"https:\/\/www.uni.lu\/fr\/#\/schema\/person\/image\/","url":"https:\/\/secure.gravatar.com\/avatar\/6a2e15a24f9036a6aee8753304e46c2d?s=96&d=mm&r=g","contentUrl":"https:\/\/secure.gravatar.com\/avatar\/6a2e15a24f9036a6aee8753304e46c2d?s=96&d=mm&r=g","caption":"Catherine Clesse"}}]}},"blog_id":11,"_links":{"self":[{"href":"https:\/\/www.uni.lu\/fr\/wp-json\/wp\/v2\/news\/17485"}],"collection":[{"href":"https:\/\/www.uni.lu\/fr\/wp-json\/wp\/v2\/news"}],"about":[{"href":"https:\/\/www.uni.lu\/fr\/wp-json\/wp\/v2\/types\/news"}],"author":[{"embeddable":true,"href":"https:\/\/www.uni.lu\/fr\/wp-json\/wp\/v2\/users\/341"}],"version-history":[{"count":4,"href":"https:\/\/www.uni.lu\/fr\/wp-json\/wp\/v2\/news\/17485\/revisions"}],"predecessor-version":[{"id":17527,"href":"https:\/\/www.uni.lu\/fr\/wp-json\/wp\/v2\/news\/17485\/revisions\/17527"}],"wp:authorship":[{"embeddable":true,"href":"https:\/\/www.uni.lu\/fr\/wp-json\/wp\/v2\/users\/341"}],"wp:featuredmedia":[{"embeddable":true,"href":"https:\/\/www.uni.lu\/fr\/wp-json\/wp\/v2\/media\/17517"}],"wp:attachment":[{"href":"https:\/\/www.uni.lu\/fr\/wp-json\/wp\/v2\/media?parent=17485"}],"wp:term":[{"taxonomy":"news-category","embeddable":true,"href":"https:\/\/www.uni.lu\/fr\/wp-json\/wp\/v2\/news-category?post=17485"},{"taxonomy":"news-topic","embeddable":true,"href":"https:\/\/www.uni.lu\/fr\/wp-json\/wp\/v2\/news-topic?post=17485"},{"taxonomy":"organisation","embeddable":true,"href":"https:\/\/www.uni.lu\/fr\/wp-json\/wp\/v2\/organisation?post=17485"}],"curies":[{"name":"wp","href":"https:\/\/api.w.org\/{rel}","templated":true}]}}