{"id":1741,"date":"2022-04-04T13:08:47","date_gmt":"2022-04-04T13:08:47","guid":{"rendered":"https:\/\/website.prod.unilu.spikeseed.cloud\/fr\/news\/le-prof-ladewig-nomme-paul-wurth-chair-in-energy-process-engineering\/"},"modified":"2024-08-21T07:34:15","modified_gmt":"2024-08-21T05:34:15","slug":"le-prof-ladewig-nomme-paul-wurth-chair-in-energy-process-engineering","status":"publish","type":"news","link":"https:\/\/www.uni.lu\/fr\/news\/le-prof-ladewig-nomme-paul-wurth-chair-in-energy-process-engineering\/","title":{"rendered":"Le Prof. Ladewig nomm\u00e9 Paul Wurth Chair in Energy Process Engineering"},"content":{"rendered":"\n<section class=\"wp-block-unilux-blocks-free-section section\"><div class=\"container xl:max-w-screen-xl\">\n<p>Le 4 mars 2022, l&rsquo;Universit\u00e9 du Luxembourg et la soci\u00e9t\u00e9 luxembourgeoise Paul Wurth, qui fait partie du groupe SMS, ont renouvel\u00e9 leur accord de collaboration en mati\u00e8re de recherche et d&rsquo;enseignement et ont nomm\u00e9 le professeur Bradley Ladewig titulaire de Paul Wurth Chair in Energy Process Engineering, d\u00e9di\u00e9e \u00e0 l\u2019ing\u00e9nierie des processus \u00e9nerg\u00e9tiques. La chaire se focalise sur les mat\u00e9riaux et les syst\u00e8mes avanc\u00e9s des technologies li\u00e9es \u00e0 l&rsquo;hydrog\u00e8ne. Le mandat du titulaire de la chaire est de cinq ans.<\/p>\n\n\n\n<p>Le professeur Bradley Ladewig&nbsp;a \u00e9tudi\u00e9 le g\u00e9nie chimique en Australie. Il a acquis une exp\u00e9rience internationale en Australie, en France, au Royaume-Uni et en Allemagne, o\u00f9 il s&rsquo;est forg\u00e9 une solide exp\u00e9rience dans la recherche sur les mat\u00e9riaux avanc\u00e9s pour les s\u00e9parations mol\u00e9culaires, et a enseign\u00e9 divers sujets li\u00e9s au g\u00e9nie chimique en premier et deuxi\u00e8me cycle de l\u2019enseignement sup\u00e9rieur.<\/p>\n\n\n\n<p>\u00c0 l&rsquo;Universit\u00e9 du Luxembourg, il mettra en place un nouveau laboratoire de recherche ax\u00e9 sur les mat\u00e9riaux et les technologies li\u00e9s \u00e0 l&rsquo;hydrog\u00e8ne, afin de combler les lacunes importantes dans le contexte europ\u00e9en, notamment la n\u00e9cessit\u00e9 de produire une quantit\u00e9 tr\u00e8s importante d&rsquo;hydrog\u00e8ne \u00ab&nbsp;vert&nbsp;\u00bb pour les applications industrielles. En collaboration avec une s\u00e9rie de partenaires de l&rsquo;industrie et de la soci\u00e9t\u00e9, ces technologies seront mises en \u0153uvre et d\u00e9ploy\u00e9es dans une s\u00e9rie d&rsquo;applications.<\/p>\n\n\n\n<p><i>\u00ab&nbsp;Je suis ravi d&rsquo;occuper la <a href=\"https:\/\/wwwfr.uni.lu\/recherche\/fstm\/paul_wurth_chair_in_energy_process_engineering\" target=\"_self\" title=\"\" rel=\"noopener\">chaire Paul Wurth<\/a> \u00e0 l&rsquo;Universit\u00e9 du Luxembourg&nbsp;\u00bb<\/i>, a d\u00e9clar\u00e9 le professeur Bradley Ladewig. \u00ab&nbsp;<i>La<\/i> <i>combinaison d&rsquo;une universit\u00e9 dynamique et du soutien financier et technique de Paul Wurth constitue une excellente base pour r\u00e9aliser des avanc\u00e9es dans les technologies fondamentales et appliqu\u00e9es de l&rsquo;hydrog\u00e8ne. Je suis profond\u00e9ment motiv\u00e9 \u00e0 travailler \u00e0 un avenir durable et l&rsquo;hydrog\u00e8ne y jouera un r\u00f4le essentiel<\/i>.&nbsp;\u00bb<\/p>\n\n\n\n<p><i>\u00ab&nbsp;La chaire Paul Wurth permettra au D\u00e9partement d&rsquo;ing\u00e9nierie de la Facult\u00e9 des Sciences, des Technologies et de M\u00e9decine de mener des recherches de premier rang dans le domaine du g\u00e9nie des proc\u00e9d\u00e9s, et de soutenir encore mieux l&rsquo;industrie luxembourgeoise dans son \u00e9volution vers la transition \u00e9nerg\u00e9tique et l&rsquo;\u00e9conomie de l&rsquo;hydrog\u00e8ne&nbsp;\u00bb<\/i>, a d\u00e9clar\u00e9 le professeur Jean-Marc Schlenker, doyen de la Facult\u00e9 des Sciences, des Technologies et de M\u00e9decine.<\/p>\n\n\n\n<p>Dr Hans-J\u00fcrgen Lessmann, Senior Vice President de Paul Wurth, a d\u00e9clar\u00e9 : \u00ab&nbsp;<i>Nous sommes ravis d&rsquo;accueillir le professeur Ladewig \u00e0 la chaire Paul Wurth. Il aidera la chimie des proc\u00e9d\u00e9s \u00e0 transformer le secteur de la sid\u00e9rurgie au cours des prochaines ann\u00e9es. Paul Wurth a l&rsquo;intention de soutenir le professeur dans ses activit\u00e9s et nous sommes impatients de le voir prendre les r\u00eanes<\/i>.&nbsp;\u00bb<\/p>\n\n\n\n<p><i><\/i><\/p>\n\n\n\n<h5 class=\"has-text-align-left wp-block-unilux-blocks-heading\"        id=\"de-gauche-a-droite-le-professeur-stefan-maas-le-professeur-jens-kreisel-vice-recteur-a-la-recherche-de-luniversite-du-luxembourg-le-professeur-jean-marc-schlenker-doyen-de-la-faculte-des-scienc\"\n    >\nDe gauche \u00e0 droite : le professeur Stefan Maas, le professeur Jens Kreisel, Vice-recteur \u00e0 la recherche de l&rsquo;Universit\u00e9 du Luxembourg, le professeur Jean-Marc Schlenker, doyen de la Facult\u00e9 des Sciences, des Technologies et de M\u00e9decine, le professeur Bradley Ladewig, titulaire de la chaire Paul Wurth, le professeur Stephan Leyer, Dr Hans-J\u00fcrgen Lessmann, Senior Vice President de Paul Wurth.<\/h5>\n\n\n\n<p><\/p>\n<\/div><\/section>\n","protected":false},"excerpt":{"rendered":"<p>Le 4 mars 2022, l&rsquo;Universit\u00e9 du Luxembourg et la soci\u00e9t\u00e9 luxembourgeoise Paul Wurth, qui fait partie du groupe SMS, ont renouvel\u00e9 leur accord de collaboration en mati\u00e8re de recherche et d&rsquo;enseignement et ont nomm\u00e9 le professeur Bradley Ladewig titulaire de Paul Wurth Chair in Energy Process Engineering, d\u00e9di\u00e9e \u00e0 l\u2019ing\u00e9nierie des processus \u00e9nerg\u00e9tiques. La chaire se focalise sur les mat\u00e9riaux et les syst\u00e8mes avanc\u00e9s des technologies li\u00e9es \u00e0 l&rsquo;hydrog\u00e8ne. Le mandat du titulaire de la chaire est de cinq ans.<\/p>\n","protected":false},"author":44,"featured_media":0,"template":"","format":"standard","meta":{"featured_image_focal_point":[],"show_featured_caption":false,"ulux_newsletter_groups":"","uluxPostTitle":"","uluxPrePostTitle":"","_trash_the_other_posts":false,"_price":"","_stock":"","_tribe_ticket_header":"","_tribe_default_ticket_provider":"","_tribe_ticket_capacity":"0","_ticket_start_date":"","_ticket_end_date":"","_tribe_ticket_show_description":"","_tribe_ticket_show_not_going":false,"_tribe_ticket_use_global_stock":"","_tribe_ticket_global_stock_level":"","_global_stock_mode":"","_global_stock_cap":"","_tribe_rsvp_for_event":"","_tribe_ticket_going_count":"","_tribe_ticket_not_going_count":"","_tribe_tickets_list":"[]","_tribe_ticket_has_attendee_info_fields":false},"news-category":[4,3],"news-topic":[13],"organisation":[43,25,59,226],"authorship":[44],"acf":[],"yoast_head":"<!-- This site is optimized with the Yoast SEO Premium plugin v22.3 (Yoast SEO v22.3) - https:\/\/yoast.com\/wordpress\/plugins\/seo\/ -->\n<title>Le Prof. Ladewig nomm\u00e9 Paul Wurth Chair in Energy Process Engineering - Universit\u00e9 du Luxembourg<\/title>\n<meta name=\"description\" content=\"Le 4 mars 2022, l&#039;Universit\u00e9 du Luxembourg et la soci\u00e9t\u00e9 luxembourgeoise Paul Wurth, qui fait partie du groupe SMS, ont renouvel\u00e9 leur accord de collaboration en mati\u00e8re de recherche et d&#039;enseignement et ont nomm\u00e9 le professeur Bradley Ladewig titulaire de Paul Wurth Chair in Energy Process Engineering, d\u00e9di\u00e9e \u00e0 l\u2019ing\u00e9nierie des processus \u00e9nerg\u00e9tiques. La chaire se focalise sur les mat\u00e9riaux et les syst\u00e8mes avanc\u00e9s des technologies li\u00e9es \u00e0 l&#039;hydrog\u00e8ne. Le mandat du titulaire de la chaire est de cinq ans.\" \/>\n<meta name=\"robots\" content=\"index, follow, max-snippet:-1, max-image-preview:large, max-video-preview:-1\" \/>\n<link rel=\"canonical\" href=\"https:\/\/www.uni.lu\/fr\/news\/le-prof-ladewig-nomme-paul-wurth-chair-in-energy-process-engineering\/\" \/>\n<meta property=\"og:locale\" content=\"fr_FR\" \/>\n<meta property=\"og:type\" content=\"article\" \/>\n<meta property=\"og:title\" content=\"Le Prof. Ladewig nomm\u00e9 Paul Wurth Chair in Energy Process Engineering\" \/>\n<meta property=\"og:description\" content=\"Le 4 mars 2022, l&#039;Universit\u00e9 du Luxembourg et la soci\u00e9t\u00e9 luxembourgeoise Paul Wurth, qui fait partie du groupe SMS, ont renouvel\u00e9 leur accord de collaboration en mati\u00e8re de recherche et d&#039;enseignement et ont nomm\u00e9 le professeur Bradley Ladewig titulaire de Paul Wurth Chair in Energy Process Engineering, d\u00e9di\u00e9e \u00e0 l\u2019ing\u00e9nierie des processus \u00e9nerg\u00e9tiques. La chaire se focalise sur les mat\u00e9riaux et les syst\u00e8mes avanc\u00e9s des technologies li\u00e9es \u00e0 l&#039;hydrog\u00e8ne. Le mandat du titulaire de la chaire est de cinq ans.\" \/>\n<meta property=\"og:url\" content=\"https:\/\/www.uni.lu\/fr\/news\/le-prof-ladewig-nomme-paul-wurth-chair-in-energy-process-engineering\/\" \/>\n<meta property=\"og:site_name\" content=\"UNI FR\" \/>\n<meta property=\"article:publisher\" content=\"https:\/\/www.facebook.com\/uni.lu\" \/>\n<meta property=\"article:modified_time\" content=\"2024-08-21T05:34:15+00:00\" \/>\n<meta property=\"og:image\" content=\"https:\/\/www.uni.lu\/wp-content\/uploads\/sites\/11\/2026\/03\/03120045\/UNIV_SM-Profile_1600x1600px-scaled.jpg\" \/>\n\t<meta property=\"og:image:width\" content=\"2560\" \/>\n\t<meta property=\"og:image:height\" content=\"2560\" \/>\n\t<meta property=\"og:image:type\" content=\"image\/jpeg\" \/>\n<meta name=\"twitter:card\" content=\"summary_large_image\" \/>\n<meta name=\"twitter:label1\" content=\"Dur\u00e9e de lecture estim\u00e9e\" \/>\n\t<meta name=\"twitter:data1\" content=\"3 minutes\" \/>\n<script type=\"application\/ld+json\" class=\"yoast-schema-graph\">{\"@context\":\"https:\/\/schema.org\",\"@graph\":[{\"@type\":\"NewsArticle\",\"@id\":\"https:\/\/www.uni.lu\/fr\/news\/le-prof-ladewig-nomme-paul-wurth-chair-in-energy-process-engineering\/#article\",\"isPartOf\":{\"@id\":\"https:\/\/www.uni.lu\/fr\/news\/le-prof-ladewig-nomme-paul-wurth-chair-in-energy-process-engineering\/\"},\"author\":{\"name\":\"Eunice\",\"@id\":\"https:\/\/www.uni.lu\/fr\/#\/schema\/person\/17dbc4a6ec9d969d266bcfb8d8e06279\"},\"headline\":\"Le Prof. Ladewig nomm\u00e9 Paul Wurth Chair in Energy Process Engineering\",\"datePublished\":\"2022-04-04T13:08:47+00:00\",\"dateModified\":\"2024-08-21T05:34:15+00:00\",\"mainEntityOfPage\":{\"@id\":\"https:\/\/www.uni.lu\/fr\/news\/le-prof-ladewig-nomme-paul-wurth-chair-in-energy-process-engineering\/\"},\"wordCount\":501,\"publisher\":{\"@id\":\"https:\/\/www.uni.lu\/fr\/#organization\"},\"inLanguage\":\"fr-FR\"},{\"@type\":\"WebPage\",\"@id\":\"https:\/\/www.uni.lu\/fr\/news\/le-prof-ladewig-nomme-paul-wurth-chair-in-energy-process-engineering\/\",\"url\":\"https:\/\/www.uni.lu\/fr\/news\/le-prof-ladewig-nomme-paul-wurth-chair-in-energy-process-engineering\/\",\"name\":\"Le Prof. Ladewig nomm\u00e9 Paul Wurth Chair in Energy Process Engineering - Universit\u00e9 du Luxembourg\",\"isPartOf\":{\"@id\":\"https:\/\/www.uni.lu\/fr\/#website\"},\"datePublished\":\"2022-04-04T13:08:47+00:00\",\"dateModified\":\"2024-08-21T05:34:15+00:00\",\"description\":\"Le 4 mars 2022, l'Universit\u00e9 du Luxembourg et la soci\u00e9t\u00e9 luxembourgeoise Paul Wurth, qui fait partie du groupe SMS, ont renouvel\u00e9 leur accord de collaboration en mati\u00e8re de recherche et d'enseignement et ont nomm\u00e9 le professeur Bradley Ladewig titulaire de Paul Wurth Chair in Energy Process Engineering, d\u00e9di\u00e9e \u00e0 l\u2019ing\u00e9nierie des processus \u00e9nerg\u00e9tiques. La chaire se focalise sur les mat\u00e9riaux et les syst\u00e8mes avanc\u00e9s des technologies li\u00e9es \u00e0 l'hydrog\u00e8ne. Le mandat du titulaire de la chaire est de cinq ans.\",\"breadcrumb\":{\"@id\":\"https:\/\/www.uni.lu\/fr\/news\/le-prof-ladewig-nomme-paul-wurth-chair-in-energy-process-engineering\/#breadcrumb\"},\"inLanguage\":\"fr-FR\",\"potentialAction\":[{\"@type\":\"ReadAction\",\"target\":[\"https:\/\/www.uni.lu\/fr\/news\/le-prof-ladewig-nomme-paul-wurth-chair-in-energy-process-engineering\/\"]}]},{\"@type\":\"BreadcrumbList\",\"@id\":\"https:\/\/www.uni.lu\/fr\/news\/le-prof-ladewig-nomme-paul-wurth-chair-in-energy-process-engineering\/#breadcrumb\",\"itemListElement\":[{\"@type\":\"ListItem\",\"position\":1,\"name\":\"Home\",\"item\":\"https:\/\/www.uni.lu\/fr\/\"},{\"@type\":\"ListItem\",\"position\":2,\"name\":\"News\",\"item\":\"https:\/\/www.uni.lu\/fr\/news\/\"},{\"@type\":\"ListItem\",\"position\":3,\"name\":\"Le Prof. Ladewig nomm\u00e9 Paul Wurth Chair in Energy Process Engineering\"}]},{\"@type\":\"WebSite\",\"@id\":\"https:\/\/www.uni.lu\/fr\/#website\",\"url\":\"https:\/\/www.uni.lu\/fr\/\",\"name\":\"Uni.lu\",\"description\":\"Universit\u00e9 du Luxembourg\",\"publisher\":{\"@id\":\"https:\/\/www.uni.lu\/fr\/#organization\"},\"alternateName\":\"Universit\u00e9 du Luxembourg\",\"potentialAction\":[{\"@type\":\"SearchAction\",\"target\":{\"@type\":\"EntryPoint\",\"urlTemplate\":\"https:\/\/www.uni.lu\/fr\/?s={search_term_string}\"},\"query-input\":\"required name=search_term_string\"}],\"inLanguage\":\"fr-FR\"},{\"@type\":\"Organization\",\"@id\":\"https:\/\/www.uni.lu\/fr\/#organization\",\"name\":\"Universit\u00e9 du Luxembourg\",\"alternateName\":\"Uni.lu\",\"url\":\"https:\/\/www.uni.lu\/fr\/\",\"logo\":{\"@type\":\"ImageObject\",\"inLanguage\":\"fr-FR\",\"@id\":\"https:\/\/www.uni.lu\/fr\/#\/schema\/logo\/image\/\",\"url\":\"https:\/\/www.uni.lu\/wp-content\/uploads\/sites\/11\/2026\/03\/03120045\/UNIV_SM-Profile_1600x1600px-scaled.jpg\",\"contentUrl\":\"https:\/\/www.uni.lu\/wp-content\/uploads\/sites\/11\/2026\/03\/03120045\/UNIV_SM-Profile_1600x1600px-scaled.jpg\",\"width\":2560,\"height\":2560,\"caption\":\"Universit\u00e9 du Luxembourg\"},\"image\":\"https:\/\/www.uni.lu\/wp-content\/uploads\/sites\/11\/2026\/04\/24120552\/20200609-Belval-Campus_Henri-Goergen-23.jpg\",\"sameAs\":[\"https:\/\/www.facebook.com\/uni.lu\",\"https:\/\/www.linkedin.com\/school\/university-of-luxembourg\/\",\"https:\/\/www.instagram.com\/uni.lu\",\"https:\/\/www.youtube.com\/@uni_lu\",\"https:\/\/en.wikipedia.org\/wiki\/University_of_Luxembourg\"],\"email\":\"communication@uni.lu\",\"telephone\":\"+352 46 66 44 1\",\"address\":{\"@type\":\"PostalAddress\",\"streetAddress\":\"2, place de l\u2019Universit\u00e9\",\"addressLocality\":\"Esch-sur-Alzette\",\"postalCode\":\"4365\",\"addressCountry\":\"LU\"},\"description\":\"Universit\u00e9 du Luxembourg\"},{\"@type\":\"Person\",\"@id\":\"https:\/\/www.uni.lu\/fr\/#\/schema\/person\/17dbc4a6ec9d969d266bcfb8d8e06279\",\"name\":\"Eunice\",\"image\":{\"@type\":\"ImageObject\",\"inLanguage\":\"fr-FR\",\"@id\":\"https:\/\/www.uni.lu\/fr\/#\/schema\/person\/image\/\",\"url\":\"https:\/\/secure.gravatar.com\/avatar\/dff9d86d63de4fa4c270ac204a61e8a8?s=96&d=mm&r=g\",\"contentUrl\":\"https:\/\/secure.gravatar.com\/avatar\/dff9d86d63de4fa4c270ac204a61e8a8?s=96&d=mm&r=g\",\"caption\":\"Eunice\"},\"birthDate\":\"1991-12-20\",\"gender\":\"female\",\"jobTitle\":\"Web editor\",\"worksFor\":\"University of Luxembourg\"}]}<\/script>\n<!-- \/ Yoast SEO Premium plugin. -->","yoast_head_json":{"title":"Le Prof. Ladewig nomm\u00e9 Paul Wurth Chair in Energy Process Engineering - Universit\u00e9 du Luxembourg","description":"Le 4 mars 2022, l'Universit\u00e9 du Luxembourg et la soci\u00e9t\u00e9 luxembourgeoise Paul Wurth, qui fait partie du groupe SMS, ont renouvel\u00e9 leur accord de collaboration en mati\u00e8re de recherche et d'enseignement et ont nomm\u00e9 le professeur Bradley Ladewig titulaire de Paul Wurth Chair in Energy Process Engineering, d\u00e9di\u00e9e \u00e0 l\u2019ing\u00e9nierie des processus \u00e9nerg\u00e9tiques. La chaire se focalise sur les mat\u00e9riaux et les syst\u00e8mes avanc\u00e9s des technologies li\u00e9es \u00e0 l'hydrog\u00e8ne. Le mandat du titulaire de la chaire est de cinq ans.","robots":{"index":"index","follow":"follow","max-snippet":"max-snippet:-1","max-image-preview":"max-image-preview:large","max-video-preview":"max-video-preview:-1"},"canonical":"https:\/\/www.uni.lu\/fr\/news\/le-prof-ladewig-nomme-paul-wurth-chair-in-energy-process-engineering\/","og_locale":"fr_FR","og_type":"article","og_title":"Le Prof. Ladewig nomm\u00e9 Paul Wurth Chair in Energy Process Engineering","og_description":"Le 4 mars 2022, l'Universit\u00e9 du Luxembourg et la soci\u00e9t\u00e9 luxembourgeoise Paul Wurth, qui fait partie du groupe SMS, ont renouvel\u00e9 leur accord de collaboration en mati\u00e8re de recherche et d'enseignement et ont nomm\u00e9 le professeur Bradley Ladewig titulaire de Paul Wurth Chair in Energy Process Engineering, d\u00e9di\u00e9e \u00e0 l\u2019ing\u00e9nierie des processus \u00e9nerg\u00e9tiques. La chaire se focalise sur les mat\u00e9riaux et les syst\u00e8mes avanc\u00e9s des technologies li\u00e9es \u00e0 l'hydrog\u00e8ne. Le mandat du titulaire de la chaire est de cinq ans.","og_url":"https:\/\/www.uni.lu\/fr\/news\/le-prof-ladewig-nomme-paul-wurth-chair-in-energy-process-engineering\/","og_site_name":"UNI FR","article_publisher":"https:\/\/www.facebook.com\/uni.lu","article_modified_time":"2024-08-21T05:34:15+00:00","og_image":[{"width":2560,"height":2560,"url":"https:\/\/www.uni.lu\/wp-content\/uploads\/sites\/11\/2026\/03\/03120045\/UNIV_SM-Profile_1600x1600px-scaled.jpg","type":"image\/jpeg"}],"twitter_card":"summary_large_image","twitter_misc":{"Dur\u00e9e de lecture estim\u00e9e":"3 minutes"},"schema":{"@context":"https:\/\/schema.org","@graph":[{"@type":"NewsArticle","@id":"https:\/\/www.uni.lu\/fr\/news\/le-prof-ladewig-nomme-paul-wurth-chair-in-energy-process-engineering\/#article","isPartOf":{"@id":"https:\/\/www.uni.lu\/fr\/news\/le-prof-ladewig-nomme-paul-wurth-chair-in-energy-process-engineering\/"},"author":{"name":"Eunice","@id":"https:\/\/www.uni.lu\/fr\/#\/schema\/person\/17dbc4a6ec9d969d266bcfb8d8e06279"},"headline":"Le Prof. Ladewig nomm\u00e9 Paul Wurth Chair in Energy Process Engineering","datePublished":"2022-04-04T13:08:47+00:00","dateModified":"2024-08-21T05:34:15+00:00","mainEntityOfPage":{"@id":"https:\/\/www.uni.lu\/fr\/news\/le-prof-ladewig-nomme-paul-wurth-chair-in-energy-process-engineering\/"},"wordCount":501,"publisher":{"@id":"https:\/\/www.uni.lu\/fr\/#organization"},"inLanguage":"fr-FR"},{"@type":"WebPage","@id":"https:\/\/www.uni.lu\/fr\/news\/le-prof-ladewig-nomme-paul-wurth-chair-in-energy-process-engineering\/","url":"https:\/\/www.uni.lu\/fr\/news\/le-prof-ladewig-nomme-paul-wurth-chair-in-energy-process-engineering\/","name":"Le Prof. Ladewig nomm\u00e9 Paul Wurth Chair in Energy Process Engineering - Universit\u00e9 du Luxembourg","isPartOf":{"@id":"https:\/\/www.uni.lu\/fr\/#website"},"datePublished":"2022-04-04T13:08:47+00:00","dateModified":"2024-08-21T05:34:15+00:00","description":"Le 4 mars 2022, l'Universit\u00e9 du Luxembourg et la soci\u00e9t\u00e9 luxembourgeoise Paul Wurth, qui fait partie du groupe SMS, ont renouvel\u00e9 leur accord de collaboration en mati\u00e8re de recherche et d'enseignement et ont nomm\u00e9 le professeur Bradley Ladewig titulaire de Paul Wurth Chair in Energy Process Engineering, d\u00e9di\u00e9e \u00e0 l\u2019ing\u00e9nierie des processus \u00e9nerg\u00e9tiques. La chaire se focalise sur les mat\u00e9riaux et les syst\u00e8mes avanc\u00e9s des technologies li\u00e9es \u00e0 l'hydrog\u00e8ne. Le mandat du titulaire de la chaire est de cinq ans.","breadcrumb":{"@id":"https:\/\/www.uni.lu\/fr\/news\/le-prof-ladewig-nomme-paul-wurth-chair-in-energy-process-engineering\/#breadcrumb"},"inLanguage":"fr-FR","potentialAction":[{"@type":"ReadAction","target":["https:\/\/www.uni.lu\/fr\/news\/le-prof-ladewig-nomme-paul-wurth-chair-in-energy-process-engineering\/"]}]},{"@type":"BreadcrumbList","@id":"https:\/\/www.uni.lu\/fr\/news\/le-prof-ladewig-nomme-paul-wurth-chair-in-energy-process-engineering\/#breadcrumb","itemListElement":[{"@type":"ListItem","position":1,"name":"Home","item":"https:\/\/www.uni.lu\/fr\/"},{"@type":"ListItem","position":2,"name":"News","item":"https:\/\/www.uni.lu\/fr\/news\/"},{"@type":"ListItem","position":3,"name":"Le Prof. Ladewig nomm\u00e9 Paul Wurth Chair in Energy Process Engineering"}]},{"@type":"WebSite","@id":"https:\/\/www.uni.lu\/fr\/#website","url":"https:\/\/www.uni.lu\/fr\/","name":"Uni.lu","description":"Universit\u00e9 du Luxembourg","publisher":{"@id":"https:\/\/www.uni.lu\/fr\/#organization"},"alternateName":"Universit\u00e9 du Luxembourg","potentialAction":[{"@type":"SearchAction","target":{"@type":"EntryPoint","urlTemplate":"https:\/\/www.uni.lu\/fr\/?s={search_term_string}"},"query-input":"required name=search_term_string"}],"inLanguage":"fr-FR"},{"@type":"Organization","@id":"https:\/\/www.uni.lu\/fr\/#organization","name":"Universit\u00e9 du Luxembourg","alternateName":"Uni.lu","url":"https:\/\/www.uni.lu\/fr\/","logo":{"@type":"ImageObject","inLanguage":"fr-FR","@id":"https:\/\/www.uni.lu\/fr\/#\/schema\/logo\/image\/","url":"https:\/\/www.uni.lu\/wp-content\/uploads\/sites\/11\/2026\/03\/03120045\/UNIV_SM-Profile_1600x1600px-scaled.jpg","contentUrl":"https:\/\/www.uni.lu\/wp-content\/uploads\/sites\/11\/2026\/03\/03120045\/UNIV_SM-Profile_1600x1600px-scaled.jpg","width":2560,"height":2560,"caption":"Universit\u00e9 du Luxembourg"},"image":"https:\/\/www.uni.lu\/wp-content\/uploads\/sites\/11\/2026\/04\/24120552\/20200609-Belval-Campus_Henri-Goergen-23.jpg","sameAs":["https:\/\/www.facebook.com\/uni.lu","https:\/\/www.linkedin.com\/school\/university-of-luxembourg\/","https:\/\/www.instagram.com\/uni.lu","https:\/\/www.youtube.com\/@uni_lu","https:\/\/en.wikipedia.org\/wiki\/University_of_Luxembourg"],"email":"communication@uni.lu","telephone":"+352 46 66 44 1","address":{"@type":"PostalAddress","streetAddress":"2, place de l\u2019Universit\u00e9","addressLocality":"Esch-sur-Alzette","postalCode":"4365","addressCountry":"LU"},"description":"Universit\u00e9 du Luxembourg"},{"@type":"Person","@id":"https:\/\/www.uni.lu\/fr\/#\/schema\/person\/17dbc4a6ec9d969d266bcfb8d8e06279","name":"Eunice","image":{"@type":"ImageObject","inLanguage":"fr-FR","@id":"https:\/\/www.uni.lu\/fr\/#\/schema\/person\/image\/","url":"https:\/\/secure.gravatar.com\/avatar\/dff9d86d63de4fa4c270ac204a61e8a8?s=96&d=mm&r=g","contentUrl":"https:\/\/secure.gravatar.com\/avatar\/dff9d86d63de4fa4c270ac204a61e8a8?s=96&d=mm&r=g","caption":"Eunice"},"birthDate":"1991-12-20","gender":"female","jobTitle":"Web editor","worksFor":"University of Luxembourg"}]}},"blog_id":11,"_links":{"self":[{"href":"https:\/\/www.uni.lu\/fr\/wp-json\/wp\/v2\/news\/1741"}],"collection":[{"href":"https:\/\/www.uni.lu\/fr\/wp-json\/wp\/v2\/news"}],"about":[{"href":"https:\/\/www.uni.lu\/fr\/wp-json\/wp\/v2\/types\/news"}],"author":[{"embeddable":true,"href":"https:\/\/www.uni.lu\/fr\/wp-json\/wp\/v2\/users\/44"}],"version-history":[{"count":2,"href":"https:\/\/www.uni.lu\/fr\/wp-json\/wp\/v2\/news\/1741\/revisions"}],"predecessor-version":[{"id":12280,"href":"https:\/\/www.uni.lu\/fr\/wp-json\/wp\/v2\/news\/1741\/revisions\/12280"}],"wp:authorship":[{"embeddable":true,"href":"https:\/\/www.uni.lu\/fr\/wp-json\/wp\/v2\/users\/44"}],"wp:attachment":[{"href":"https:\/\/www.uni.lu\/fr\/wp-json\/wp\/v2\/media?parent=1741"}],"wp:term":[{"taxonomy":"news-category","embeddable":true,"href":"https:\/\/www.uni.lu\/fr\/wp-json\/wp\/v2\/news-category?post=1741"},{"taxonomy":"news-topic","embeddable":true,"href":"https:\/\/www.uni.lu\/fr\/wp-json\/wp\/v2\/news-topic?post=1741"},{"taxonomy":"organisation","embeddable":true,"href":"https:\/\/www.uni.lu\/fr\/wp-json\/wp\/v2\/organisation?post=1741"}],"curies":[{"name":"wp","href":"https:\/\/api.w.org\/{rel}","templated":true}]}}