{"id":1732,"date":"2022-03-24T13:41:38","date_gmt":"2022-03-24T13:41:38","guid":{"rendered":"https:\/\/website.prod.unilu.spikeseed.cloud\/fr\/news\/le-prof-jens-kreisel-nomme-recteur-de-luniversite-a-partir-de-2023\/"},"modified":"2022-03-24T13:41:38","modified_gmt":"2022-03-24T13:41:38","slug":"le-prof-jens-kreisel-nomme-recteur-de-luniversite-a-partir-de-2023","status":"publish","type":"news","link":"https:\/\/www.uni.lu\/fr\/news\/le-prof-jens-kreisel-nomme-recteur-de-luniversite-a-partir-de-2023\/","title":{"rendered":"Le prof. Jens Kreisel nomm\u00e9 recteur de l&rsquo;Universit\u00e9 \u00e0 partir de 2023"},"content":{"rendered":"<section class=\"wp-block-unilux-blocks-free-section section\"><div class=\"container xl:max-w-screen-xl\"><p>Apr\u00e8s avoir recueilli l\u2019avis du Conseil universitaire, le Conseil de Gouvernance de l\u2019Universit\u00e9 du Luxembourg a nomm\u00e9 le professeur Jens Kreisel recteur de l\u2019Universit\u00e9 du Luxembourg, \u00e0 partir du 1<sup>er<\/sup> janvier 2023. Le processus de recrutement international qui a men\u00e9 \u00e0 la nomination du professeur Kreisel a \u00e9t\u00e9 ouvert en octobre 2021, suite \u00e0 la d\u00e9cision du recteur St\u00e9phane Pallage de ne pas briguer un second mandat en tant que recteur de l\u2019Universit\u00e9 du Luxembourg. Le mandat de recteur du prof. Pallage arrivera \u00e0 terme le 31 d\u00e9cembre 2022.<\/p><p><a href=\"https:\/\/wwwfr.uni.lu\/recherche\/jens_kreisel\" target=\"_self\" title=\"\" rel=\"noopener\">Jens Kreisel<\/a>\u00a0est actuellement vice-recteur de l\u2019Universit\u00e9 du Luxembourg. Il est originaire de Dortmund, en Allemagne. Apr\u00e8s des \u00e9tudes de physique en Allemagne et en France, il a obtenu son doctorat en sciences des mat\u00e9riaux \u00e0 l\u2019Institut National Polytechnique de Grenoble en 1999. Son domaine de recherche se situe \u00e0 l\u2019interface de la physique et de la chimie des mat\u00e9riaux et il est internationalement reconnu pour son expertise en spectroscopie optique. Apr\u00e8s avoir men\u00e9 une carri\u00e8re internationale dans l\u2019enseignement sup\u00e9rieur et la recherche \u00e0 Lyon et Grenoble (F), Oxford et Warwick (GB), il a obtenu en 2013 un projet PEARL (Programme Excellence Award for Research in Luxembourg) du Fonds national de la recherche (FNR) et a dirig\u00e9 le d\u00e9partement \u00ab\u00a0Materials Research and Technology\u00a0\u00bb (MRT) au Luxembourg Institute of Science and Technology (LIST) jusqu\u2019\u00e0 sa nomination en tant que vice-recteur de l\u2019Universit\u00e9 du Luxembourg en septembre 2018.<\/p><p>Jens Kreisel vit au Luxembourg avec sa famille et a une connaissance approfondie du paysage de la recherche luxembourgeois et europ\u00e9en.<\/p>\n<h5 class=\"has-text-align-left wp-block-unilux-blocks-heading\"        id=\"universite-du-luxembourg\"\n    >\n\u00a9 Universit\u00e9 du Luxembourg<\/h5>\n<\/div><\/section>","protected":false},"excerpt":{"rendered":"<p>Apr\u00e8s avoir recueilli l\u2019avis du Conseil universitaire, le Conseil de Gouvernance de l\u2019Universit\u00e9 du Luxembourg a nomm\u00e9 le professeur Jens Kreisel recteur de l\u2019Universit\u00e9 du Luxembourg, \u00e0 partir du 1er janvier 2023. Le processus de recrutement international qui a men\u00e9 \u00e0 la nomination du professeur Kreisel a \u00e9t\u00e9 ouvert en octobre 2021, suite \u00e0 la d\u00e9cision du recteur St\u00e9phane Pallage de ne pas briguer un second mandat en tant que recteur de l\u2019Universit\u00e9 du Luxembourg. Le mandat de recteur du prof. Pallage arrivera \u00e0 terme le 31 d\u00e9cembre 2022.<\/p>\n","protected":false},"author":0,"featured_media":0,"template":"","format":"standard","meta":{"featured_image_focal_point":[],"show_featured_caption":false,"ulux_newsletter_groups":"","uluxPostTitle":"","uluxPrePostTitle":"","_trash_the_other_posts":false,"_price":"","_stock":"","_tribe_ticket_header":"","_tribe_default_ticket_provider":"","_tribe_ticket_capacity":"0","_ticket_start_date":"","_ticket_end_date":"","_tribe_ticket_show_description":"","_tribe_ticket_show_not_going":false,"_tribe_ticket_use_global_stock":"","_tribe_ticket_global_stock_level":"","_global_stock_mode":"","_global_stock_cap":"","_tribe_rsvp_for_event":"","_tribe_ticket_going_count":"","_tribe_ticket_not_going_count":"","_tribe_tickets_list":"[]","_tribe_ticket_has_attendee_info_fields":false},"news-category":[3],"news-topic":[],"organisation":[226],"authorship":[],"acf":[],"yoast_head":"<!-- This site is optimized with the Yoast SEO Premium plugin v22.3 (Yoast SEO v22.3) - https:\/\/yoast.com\/wordpress\/plugins\/seo\/ -->\n<title>Le prof. Jens Kreisel nomm\u00e9 recteur de l&#039;Universit\u00e9 \u00e0 partir de 2023 - Universit\u00e9 du Luxembourg<\/title>\n<meta name=\"description\" content=\"Apr\u00e8s avoir recueilli l\u2019avis du Conseil universitaire, le Conseil de Gouvernance de l\u2019Universit\u00e9 du Luxembourg a nomm\u00e9 le professeur Jens Kreisel recteur de l\u2019Universit\u00e9 du Luxembourg, \u00e0 partir du 1er janvier 2023. Le processus de recrutement international qui a men\u00e9 \u00e0 la nomination du professeur Kreisel a \u00e9t\u00e9 ouvert en octobre 2021, suite \u00e0 la d\u00e9cision du recteur St\u00e9phane Pallage de ne pas briguer un second mandat en tant que recteur de l\u2019Universit\u00e9 du Luxembourg. Le mandat de recteur du prof. Pallage arrivera \u00e0 terme le 31 d\u00e9cembre 2022.\" \/>\n<meta name=\"robots\" content=\"index, follow, max-snippet:-1, max-image-preview:large, max-video-preview:-1\" \/>\n<link rel=\"canonical\" href=\"https:\/\/www.uni.lu\/fr\/news\/\" \/>\n<meta property=\"og:locale\" content=\"fr_FR\" \/>\n<meta property=\"og:type\" content=\"article\" \/>\n<meta property=\"og:title\" content=\"Le prof. Jens Kreisel nomm\u00e9 recteur de l&#039;Universit\u00e9 \u00e0 partir de 2023\" \/>\n<meta property=\"og:description\" content=\"Apr\u00e8s avoir recueilli l\u2019avis du Conseil universitaire, le Conseil de Gouvernance de l\u2019Universit\u00e9 du Luxembourg a nomm\u00e9 le professeur Jens Kreisel recteur de l\u2019Universit\u00e9 du Luxembourg, \u00e0 partir du 1er janvier 2023. Le processus de recrutement international qui a men\u00e9 \u00e0 la nomination du professeur Kreisel a \u00e9t\u00e9 ouvert en octobre 2021, suite \u00e0 la d\u00e9cision du recteur St\u00e9phane Pallage de ne pas briguer un second mandat en tant que recteur de l\u2019Universit\u00e9 du Luxembourg. Le mandat de recteur du prof. Pallage arrivera \u00e0 terme le 31 d\u00e9cembre 2022.\" \/>\n<meta property=\"og:url\" content=\"https:\/\/www.uni.lu\/fr\/news\/\" \/>\n<meta property=\"og:site_name\" content=\"UNI FR\" \/>\n<meta property=\"article:publisher\" content=\"https:\/\/www.facebook.com\/uni.lu\" \/>\n<meta property=\"og:image\" content=\"https:\/\/www.uni.lu\/wp-content\/uploads\/sites\/11\/2022\/03\/le_prof_jens_kreisel_nomme_recteur_de_l_universite_a_partir_de_2023.jpg\" \/>\n\t<meta property=\"og:image:width\" content=\"800\" \/>\n\t<meta property=\"og:image:height\" content=\"600\" \/>\n\t<meta property=\"og:image:type\" content=\"image\/jpeg\" \/>\n<meta name=\"twitter:card\" content=\"summary_large_image\" \/>\n<meta name=\"twitter:label1\" content=\"Dur\u00e9e de lecture estim\u00e9e\" \/>\n\t<meta name=\"twitter:data1\" content=\"1 minute\" \/>\n<script type=\"application\/ld+json\" class=\"yoast-schema-graph\">{\"@context\":\"https:\/\/schema.org\",\"@graph\":[{\"@type\":\"NewsArticle\",\"@id\":\"https:\/\/www.uni.lu\/fr\/news\/#article\",\"isPartOf\":{\"@id\":\"https:\/\/www.uni.lu\/fr\/news\/\"},\"author\":{\"name\":\"\",\"@id\":\"\"},\"headline\":\"Le prof. Jens Kreisel nomm\u00e9 recteur de l&rsquo;Universit\u00e9 \u00e0 partir de 2023\",\"datePublished\":\"2022-03-24T13:41:38+00:00\",\"dateModified\":\"2022-03-24T13:41:38+00:00\",\"mainEntityOfPage\":{\"@id\":\"https:\/\/www.uni.lu\/fr\/news\/\"},\"wordCount\":274,\"publisher\":{\"@id\":\"https:\/\/www.uni.lu\/fr\/#organization\"},\"inLanguage\":\"fr-FR\"},{\"@type\":\"WebPage\",\"@id\":\"https:\/\/www.uni.lu\/fr\/news\/\",\"url\":\"https:\/\/www.uni.lu\/fr\/news\/\",\"name\":\"Le prof. Jens Kreisel nomm\u00e9 recteur de l'Universit\u00e9 \u00e0 partir de 2023 - Universit\u00e9 du Luxembourg\",\"isPartOf\":{\"@id\":\"https:\/\/www.uni.lu\/fr\/#website\"},\"datePublished\":\"2022-03-24T13:41:38+00:00\",\"dateModified\":\"2022-03-24T13:41:38+00:00\",\"description\":\"Apr\u00e8s avoir recueilli l\u2019avis du Conseil universitaire, le Conseil de Gouvernance de l\u2019Universit\u00e9 du Luxembourg a nomm\u00e9 le professeur Jens Kreisel recteur de l\u2019Universit\u00e9 du Luxembourg, \u00e0 partir du 1er janvier 2023. Le processus de recrutement international qui a men\u00e9 \u00e0 la nomination du professeur Kreisel a \u00e9t\u00e9 ouvert en octobre 2021, suite \u00e0 la d\u00e9cision du recteur St\u00e9phane Pallage de ne pas briguer un second mandat en tant que recteur de l\u2019Universit\u00e9 du Luxembourg. Le mandat de recteur du prof. Pallage arrivera \u00e0 terme le 31 d\u00e9cembre 2022.\",\"breadcrumb\":{\"@id\":\"https:\/\/www.uni.lu\/fr\/news\/#breadcrumb\"},\"inLanguage\":\"fr-FR\",\"potentialAction\":[{\"@type\":\"ReadAction\",\"target\":[\"https:\/\/www.uni.lu\/fr\/news\/\"]}]},{\"@type\":\"BreadcrumbList\",\"@id\":\"https:\/\/www.uni.lu\/fr\/news\/#breadcrumb\",\"itemListElement\":[{\"@type\":\"ListItem\",\"position\":1,\"name\":\"Home\",\"item\":\"https:\/\/www.uni.lu\/fr\/\"},{\"@type\":\"ListItem\",\"position\":2,\"name\":\"News\",\"item\":\"https:\/\/www.uni.lu\/fr\/news\/\"},{\"@type\":\"ListItem\",\"position\":3,\"name\":\"Le prof. Jens Kreisel nomm\u00e9 recteur de l&#8217;Universit\u00e9 \u00e0 partir de 2023\"}]},{\"@type\":\"WebSite\",\"@id\":\"https:\/\/www.uni.lu\/fr\/#website\",\"url\":\"https:\/\/www.uni.lu\/fr\/\",\"name\":\"Uni.lu\",\"description\":\"Universit\u00e9 du Luxembourg\",\"publisher\":{\"@id\":\"https:\/\/www.uni.lu\/fr\/#organization\"},\"alternateName\":\"Universit\u00e9 du Luxembourg\",\"potentialAction\":[{\"@type\":\"SearchAction\",\"target\":{\"@type\":\"EntryPoint\",\"urlTemplate\":\"https:\/\/www.uni.lu\/fr\/?s={search_term_string}\"},\"query-input\":\"required name=search_term_string\"}],\"inLanguage\":\"fr-FR\"},{\"@type\":\"Organization\",\"@id\":\"https:\/\/www.uni.lu\/fr\/#organization\",\"name\":\"Universit\u00e9 du Luxembourg\",\"alternateName\":\"Uni.lu\",\"url\":\"https:\/\/www.uni.lu\/fr\/\",\"logo\":{\"@type\":\"ImageObject\",\"inLanguage\":\"fr-FR\",\"@id\":\"https:\/\/www.uni.lu\/fr\/#\/schema\/logo\/image\/\",\"url\":\"https:\/\/www.uni.lu\/wp-content\/uploads\/sites\/11\/2026\/03\/03120045\/UNIV_SM-Profile_1600x1600px-scaled.jpg\",\"contentUrl\":\"https:\/\/www.uni.lu\/wp-content\/uploads\/sites\/11\/2026\/03\/03120045\/UNIV_SM-Profile_1600x1600px-scaled.jpg\",\"width\":2560,\"height\":2560,\"caption\":\"Universit\u00e9 du Luxembourg\"},\"image\":\"https:\/\/www.uni.lu\/wp-content\/uploads\/sites\/11\/2026\/04\/24120552\/20200609-Belval-Campus_Henri-Goergen-23.jpg\",\"sameAs\":[\"https:\/\/www.facebook.com\/uni.lu\",\"https:\/\/www.linkedin.com\/school\/university-of-luxembourg\/\",\"https:\/\/www.instagram.com\/uni.lu\",\"https:\/\/www.youtube.com\/@uni_lu\",\"https:\/\/en.wikipedia.org\/wiki\/University_of_Luxembourg\"],\"email\":\"communication@uni.lu\",\"telephone\":\"+352 46 66 44 1\",\"address\":{\"@type\":\"PostalAddress\",\"streetAddress\":\"2, place de l\u2019Universit\u00e9\",\"addressLocality\":\"Esch-sur-Alzette\",\"postalCode\":\"4365\",\"addressCountry\":\"LU\"},\"description\":\"Universit\u00e9 du Luxembourg\"}]}<\/script>\n<!-- \/ Yoast SEO Premium plugin. -->","yoast_head_json":{"title":"Le prof. Jens Kreisel nomm\u00e9 recteur de l'Universit\u00e9 \u00e0 partir de 2023 - Universit\u00e9 du Luxembourg","description":"Apr\u00e8s avoir recueilli l\u2019avis du Conseil universitaire, le Conseil de Gouvernance de l\u2019Universit\u00e9 du Luxembourg a nomm\u00e9 le professeur Jens Kreisel recteur de l\u2019Universit\u00e9 du Luxembourg, \u00e0 partir du 1er janvier 2023. Le processus de recrutement international qui a men\u00e9 \u00e0 la nomination du professeur Kreisel a \u00e9t\u00e9 ouvert en octobre 2021, suite \u00e0 la d\u00e9cision du recteur St\u00e9phane Pallage de ne pas briguer un second mandat en tant que recteur de l\u2019Universit\u00e9 du Luxembourg. Le mandat de recteur du prof. Pallage arrivera \u00e0 terme le 31 d\u00e9cembre 2022.","robots":{"index":"index","follow":"follow","max-snippet":"max-snippet:-1","max-image-preview":"max-image-preview:large","max-video-preview":"max-video-preview:-1"},"canonical":"https:\/\/www.uni.lu\/fr\/news\/","og_locale":"fr_FR","og_type":"article","og_title":"Le prof. Jens Kreisel nomm\u00e9 recteur de l'Universit\u00e9 \u00e0 partir de 2023","og_description":"Apr\u00e8s avoir recueilli l\u2019avis du Conseil universitaire, le Conseil de Gouvernance de l\u2019Universit\u00e9 du Luxembourg a nomm\u00e9 le professeur Jens Kreisel recteur de l\u2019Universit\u00e9 du Luxembourg, \u00e0 partir du 1er janvier 2023. Le processus de recrutement international qui a men\u00e9 \u00e0 la nomination du professeur Kreisel a \u00e9t\u00e9 ouvert en octobre 2021, suite \u00e0 la d\u00e9cision du recteur St\u00e9phane Pallage de ne pas briguer un second mandat en tant que recteur de l\u2019Universit\u00e9 du Luxembourg. Le mandat de recteur du prof. Pallage arrivera \u00e0 terme le 31 d\u00e9cembre 2022.","og_url":"https:\/\/www.uni.lu\/fr\/news\/","og_site_name":"UNI FR","article_publisher":"https:\/\/www.facebook.com\/uni.lu","og_image":[{"width":800,"height":600,"url":"https:\/\/www.uni.lu\/wp-content\/uploads\/sites\/11\/2022\/03\/le_prof_jens_kreisel_nomme_recteur_de_l_universite_a_partir_de_2023.jpg","type":"image\/jpeg"}],"twitter_card":"summary_large_image","twitter_misc":{"Dur\u00e9e de lecture estim\u00e9e":"1 minute"},"schema":{"@context":"https:\/\/schema.org","@graph":[{"@type":"NewsArticle","@id":"https:\/\/www.uni.lu\/fr\/news\/#article","isPartOf":{"@id":"https:\/\/www.uni.lu\/fr\/news\/"},"author":{"name":"","@id":""},"headline":"Le prof. Jens Kreisel nomm\u00e9 recteur de l&rsquo;Universit\u00e9 \u00e0 partir de 2023","datePublished":"2022-03-24T13:41:38+00:00","dateModified":"2022-03-24T13:41:38+00:00","mainEntityOfPage":{"@id":"https:\/\/www.uni.lu\/fr\/news\/"},"wordCount":274,"publisher":{"@id":"https:\/\/www.uni.lu\/fr\/#organization"},"inLanguage":"fr-FR"},{"@type":"WebPage","@id":"https:\/\/www.uni.lu\/fr\/news\/","url":"https:\/\/www.uni.lu\/fr\/news\/","name":"Le prof. Jens Kreisel nomm\u00e9 recteur de l'Universit\u00e9 \u00e0 partir de 2023 - Universit\u00e9 du Luxembourg","isPartOf":{"@id":"https:\/\/www.uni.lu\/fr\/#website"},"datePublished":"2022-03-24T13:41:38+00:00","dateModified":"2022-03-24T13:41:38+00:00","description":"Apr\u00e8s avoir recueilli l\u2019avis du Conseil universitaire, le Conseil de Gouvernance de l\u2019Universit\u00e9 du Luxembourg a nomm\u00e9 le professeur Jens Kreisel recteur de l\u2019Universit\u00e9 du Luxembourg, \u00e0 partir du 1er janvier 2023. Le processus de recrutement international qui a men\u00e9 \u00e0 la nomination du professeur Kreisel a \u00e9t\u00e9 ouvert en octobre 2021, suite \u00e0 la d\u00e9cision du recteur St\u00e9phane Pallage de ne pas briguer un second mandat en tant que recteur de l\u2019Universit\u00e9 du Luxembourg. Le mandat de recteur du prof. Pallage arrivera \u00e0 terme le 31 d\u00e9cembre 2022.","breadcrumb":{"@id":"https:\/\/www.uni.lu\/fr\/news\/#breadcrumb"},"inLanguage":"fr-FR","potentialAction":[{"@type":"ReadAction","target":["https:\/\/www.uni.lu\/fr\/news\/"]}]},{"@type":"BreadcrumbList","@id":"https:\/\/www.uni.lu\/fr\/news\/#breadcrumb","itemListElement":[{"@type":"ListItem","position":1,"name":"Home","item":"https:\/\/www.uni.lu\/fr\/"},{"@type":"ListItem","position":2,"name":"News","item":"https:\/\/www.uni.lu\/fr\/news\/"},{"@type":"ListItem","position":3,"name":"Le prof. Jens Kreisel nomm\u00e9 recteur de l&#8217;Universit\u00e9 \u00e0 partir de 2023"}]},{"@type":"WebSite","@id":"https:\/\/www.uni.lu\/fr\/#website","url":"https:\/\/www.uni.lu\/fr\/","name":"Uni.lu","description":"Universit\u00e9 du Luxembourg","publisher":{"@id":"https:\/\/www.uni.lu\/fr\/#organization"},"alternateName":"Universit\u00e9 du Luxembourg","potentialAction":[{"@type":"SearchAction","target":{"@type":"EntryPoint","urlTemplate":"https:\/\/www.uni.lu\/fr\/?s={search_term_string}"},"query-input":"required name=search_term_string"}],"inLanguage":"fr-FR"},{"@type":"Organization","@id":"https:\/\/www.uni.lu\/fr\/#organization","name":"Universit\u00e9 du Luxembourg","alternateName":"Uni.lu","url":"https:\/\/www.uni.lu\/fr\/","logo":{"@type":"ImageObject","inLanguage":"fr-FR","@id":"https:\/\/www.uni.lu\/fr\/#\/schema\/logo\/image\/","url":"https:\/\/www.uni.lu\/wp-content\/uploads\/sites\/11\/2026\/03\/03120045\/UNIV_SM-Profile_1600x1600px-scaled.jpg","contentUrl":"https:\/\/www.uni.lu\/wp-content\/uploads\/sites\/11\/2026\/03\/03120045\/UNIV_SM-Profile_1600x1600px-scaled.jpg","width":2560,"height":2560,"caption":"Universit\u00e9 du Luxembourg"},"image":"https:\/\/www.uni.lu\/wp-content\/uploads\/sites\/11\/2026\/04\/24120552\/20200609-Belval-Campus_Henri-Goergen-23.jpg","sameAs":["https:\/\/www.facebook.com\/uni.lu","https:\/\/www.linkedin.com\/school\/university-of-luxembourg\/","https:\/\/www.instagram.com\/uni.lu","https:\/\/www.youtube.com\/@uni_lu","https:\/\/en.wikipedia.org\/wiki\/University_of_Luxembourg"],"email":"communication@uni.lu","telephone":"+352 46 66 44 1","address":{"@type":"PostalAddress","streetAddress":"2, place de l\u2019Universit\u00e9","addressLocality":"Esch-sur-Alzette","postalCode":"4365","addressCountry":"LU"},"description":"Universit\u00e9 du Luxembourg"}]}},"blog_id":11,"_links":{"self":[{"href":"https:\/\/www.uni.lu\/fr\/wp-json\/wp\/v2\/news\/1732"}],"collection":[{"href":"https:\/\/www.uni.lu\/fr\/wp-json\/wp\/v2\/news"}],"about":[{"href":"https:\/\/www.uni.lu\/fr\/wp-json\/wp\/v2\/types\/news"}],"version-history":[{"count":0,"href":"https:\/\/www.uni.lu\/fr\/wp-json\/wp\/v2\/news\/1732\/revisions"}],"wp:attachment":[{"href":"https:\/\/www.uni.lu\/fr\/wp-json\/wp\/v2\/media?parent=1732"}],"wp:term":[{"taxonomy":"news-category","embeddable":true,"href":"https:\/\/www.uni.lu\/fr\/wp-json\/wp\/v2\/news-category?post=1732"},{"taxonomy":"news-topic","embeddable":true,"href":"https:\/\/www.uni.lu\/fr\/wp-json\/wp\/v2\/news-topic?post=1732"},{"taxonomy":"organisation","embeddable":true,"href":"https:\/\/www.uni.lu\/fr\/wp-json\/wp\/v2\/organisation?post=1732"}],"curies":[{"name":"wp","href":"https:\/\/api.w.org\/{rel}","templated":true}]}}