{"id":17263,"date":"2025-11-25T12:17:13","date_gmt":"2025-11-25T11:17:13","guid":{"rendered":"https:\/\/www.uni.lu\/fr\/?post_type=news&#038;p=17263"},"modified":"2025-11-25T13:54:17","modified_gmt":"2025-11-25T12:54:17","slug":"orange-week-uni-lu-rejoignez-la-projection-du-film-hors-d-haleine","status":"publish","type":"news","link":"https:\/\/www.uni.lu\/fr\/news\/orange-week-uni-lu-rejoignez-la-projection-du-film-hors-d-haleine\/","title":{"rendered":"Orange Week @Uni.lu : rejoignez la projection du film \u00ab Hors d&rsquo;haleine \u00bb"},"content":{"rendered":"\n<section class=\"wp-block-unilux-blocks-free-section section\"><div class=\"container xl:max-w-screen-xl\">\n<p>\u00c0 l&rsquo;occasion de l&rsquo;Orange Week, l&rsquo;Universit\u00e9 organise une projection du film \u00ab Hors d&rsquo;haleine \u00bb d&rsquo;\u00c9ric Lamh\u00e8ne, un drame qui se d\u00e9roule dans l&rsquo;univers d&rsquo;un refuge pour femmes.<\/p>\n\n\n\n<p>\u00ab Hors d&rsquo;haleine \u00bb est un film luxembourgeois par Eric Lamh\u00e8ne, nomin\u00e9 aux Oscars. L&rsquo;\u00e9v\u00e9nement commence \u00e0 17h30 \u00e0 la Maison du Savoir, sur le campus de Belval. L&rsquo;\u00e9quipe de tournage sera pr\u00e9sente et la projection sera suivie d&rsquo;un \u00e9change sur la lutte contre la violence de genre. D&rsquo;autres surprises attendent les participants \u2013 pour les d\u00e9couvrir, consultez la page de l&rsquo;\u00e9v\u00e9nement :<\/p>\n\n\n\n<ul class=\"wp-block-unilux-blocks-event-card-group flex flex-wrap justify-center sm:justify-start -mx-16\"><li class=\"w-full px-16 sm:w-1\/2 lg:w-1\/3 wp-block-unilux-blocks-event-card\"><div class=\"ulux-card card-event bg-theme \">\n    <div class=\"ulux-card__container\">\n        <div class=\"ulux-card__visual\">\n            <img decoding=\"async\" class=\"w-full\" src=\"https:\/\/www.uni.lu\/wp-content\/uploads\/sites\/9\/2025\/11\/14152000\/2025-OrangeWeeks-Visuals_GEO-WEB-resize-225x300.png\" srcset=\"https:\/\/www.uni.lu\/wp-content\/uploads\/sites\/9\/2025\/11\/14152000\/2025-OrangeWeeks-Visuals_GEO-WEB-resize-768x1024.png 768w, https:\/\/www.uni.lu\/wp-content\/uploads\/sites\/9\/2025\/11\/14152000\/2025-OrangeWeeks-Visuals_GEO-WEB-resize-225x300.png 225w, https:\/\/www.uni.lu\/wp-content\/uploads\/sites\/9\/2025\/11\/14152000\/2025-OrangeWeeks-Visuals_GEO-WEB-resize.png 1125w\" sizes=\"(max-width: 768px) 100vw, 768px\" alt=\"\" \/>\n        <\/div>\n        <div class=\"ulux-card__body\">\n            <div class=\"ulux-card__start-date-container\">\n                <div class=\"ulux-card__start-date\">\n                    <span class=\"ulux-card__start-date__day\">jeudi<\/span>\n                    <span class=\"ulux-card__start-date__number\">04<\/span>\n                    <span class=\"ulux-card__start-date__month\">d\u00e9cembre<\/span>\n                <\/div>\n\n                <div class=\"min-w-0\">\n                    <div class=\"ulux-card__category break-words\">Cultural and social events, Free of charge, In-person event<\/div>\n                    <time class=\"ulux-card__date\" datetime=\"2025-12-04\">\n                        4 d\u00e9cembre 2025, 18.00 &#8211; 20.30                    <\/time>\n                <\/div>\n            <\/div>\n            <h3 class=\"ulux-card__title break-words\">\n                <a class=\"link-absolute\" href=\"https:\/\/www.uni.lu\/en\/events\/orange-weeks-2025-breathing-underwater-a-film-by-eric-lamhene\/\" target=\"_self\">\n                    Orange Weeks 2025: Breathing Underwater, a film by Eric Lamh\u00e8ne                <\/a>\n            <\/h3>\n                        <a class=\"link-text ulux-card__link link-absolute\" href=\"https:\/\/www.uni.lu\/en\/events\/orange-weeks-2025-breathing-underwater-a-film-by-eric-lamhene\/\" target=\"_self\">\n                <span class=\"link-text__name\">En savoir plus<\/span>\n                <svg aria-hidden=\"true\" focusable=\"false\" class=\"icon icon-outline icon--arrow-right icon--2xs\"><use xlink:href=\"https:\/\/www.uni.lu\/wp-content\/themes\/unilux-theme\/assets\/images\/icons\/icons-outline.svg#icon--arrow-right\"><\/use><\/svg>            <\/a>\n        <\/div>\n    <\/div>\n<\/div>\n<\/li class=\"w-full px-16 sm:w-1\/2 lg:w-1\/3 wp-block-unilux-blocks-event-card\"><\/ul>\n\n\n\n<p>L&rsquo;Universit\u00e9 du Luxembourg s&rsquo;engage \u00e0 promouvoir un environnement s\u00fbr et respectueux. Plusieurs initiatives sont en place pour sensibiliser et promouvoir l&rsquo;\u00e9galit\u00e9, par exemple :\u00a0\u00a0<\/p>\n\n\n<ul class=\"flex flex-wrap mt-24 -mx-16  wp-block-unilux-blocks-free-content-card\">\n    <li class=\"w-full sm:w-1\/2 lg:w-1\/3 px-16  wp-block-unilux-blocks-free-content-card-item\">\n    <div class=\"ulux-card card-spin-offs bg-gray-300\">\n        <div class=\"ulux-card__container card__container\">\n                        <div class=\"ulux-card__visual wp-block-unilux-blocks-free-content-card-item-visual\">\n    \n<div class=\"wp-block-unilux-blocks-image-video-wrapper\">\n    <figure class=\"wp-block-dev4-reusable-blocks-image  object-fit--cover\">\n    \n<img decoding=\"async\" class=\"wp-block-image unilux-custom-image-block\"\n                alt=\"\"\n            src=\"https:\/\/www.uni.lu\/wp-content\/uploads\/sites\/9\/2025\/06\/20125158\/2025_GEO_Women-Leaders_website.png\"\n                    style=\"object-position: 50.00% 50.00%; font-family: &quot;object-fit: cover; object-position: 50.00% 50.00%;&quot;; aspect-ratio: 4\/3; object-fit: cover; width: 100%;\"\n        loading=\"lazy\"\n\/>    <\/figure><\/div><\/div><div class=\"ulux-card__body wp-block-unilux-blocks-free-content-card-item-body\">\n    \n<h3 class=\"ulux-card__title has-text-align-left wp-block-unilux-blocks-heading\"        id=\"women-leaders\"\n    >\nWomen Leaders<\/h3>\n<div class=\"ulux-card__description wp-block-unilux-blocks-free-content-card-item-free-content-area\">\n    \n<p>La s\u00e9rie de conf\u00e9rences Women Leaders, durant lesquelles des artistes ou des chercheuses partagent leurs exp\u00e9riences et \u00e9changent leurs points de vue.<\/p>\n<\/div><div class=\"wp-block-unilux-blocks-simple-cta\">\n    <a\n        href=\"https:\/\/www.uni.lu\/en\/about\/gender-equality\/women-leaders\/\"\n        title=\"Learn more\"\n        class=\"link-text link-text--icon ulux-card__link link-text link-absolute\"\n        target=\"\"\n    >\n        <span class=\"link-text__body\">\n            <span class=\"link-text__name\">En savoir plus<\/span>\n        <\/span>\n        <svg aria-hidden=\"true\" focusable=\"false\" class=\"icon icon-outline icon--arrow-right \"><use xlink:href=\"https:\/\/www.uni.lu\/wp-content\/themes\/unilux-theme\/assets\/images\/icons\/icons-outline.svg#icon--arrow-right\"><\/use><\/svg>    <\/a>\n<\/div>\n<\/div>        <\/div>\n    <\/div>\n<\/li><li class=\"w-full sm:w-1\/2 lg:w-1\/3 px-16  wp-block-unilux-blocks-free-content-card-item\">\n    <div class=\"ulux-card card-spin-offs bg-gray-300\">\n        <div class=\"ulux-card__container card__container\">\n                        <div class=\"ulux-card__visual wp-block-unilux-blocks-free-content-card-item-visual\">\n    \n<div class=\"wp-block-unilux-blocks-image-video-wrapper\">\n    <figure class=\"wp-block-dev4-reusable-blocks-image  object-fit--cover\">\n    \n<img decoding=\"async\" class=\"wp-block-image unilux-custom-image-block\"\n                alt=\"\"\n            src=\"https:\/\/www.uni.lu\/wp-content\/uploads\/sites\/9\/2025\/08\/01141612\/ADVANCE_WEB_INTRO-PAGE.jpg\"\n                    style=\"object-position: 50.00% 50.00%; font-family: &quot;object-fit: cover; object-position: 50.00% 50.00%;&quot;; aspect-ratio: 4\/3; object-fit: cover; width: 100%;\"\n        loading=\"lazy\"\n\/>    <\/figure><\/div><\/div><div class=\"ulux-card__body wp-block-unilux-blocks-free-content-card-item-body\">\n    \n<h3 class=\"ulux-card__title has-text-align-left wp-block-unilux-blocks-heading\"        id=\"advance-mentoring-programme\"\n    >\nADVANCE Mentoring Programme<\/h3>\n<div class=\"ulux-card__description wp-block-unilux-blocks-free-content-card-item-free-content-area\">\n    \n<p>Le programme de mentorat ADVANCE, qui met en relation des jeunes chercheuses avec des mentors exp\u00e9riment\u00e9s.<\/p>\n<\/div><div class=\"wp-block-unilux-blocks-simple-cta\">\n    <a\n        href=\"https:\/\/www.uni.lu\/en\/about\/gender-equality\/advance-mentoring-programme\/\"\n        title=\"Learn more\"\n        class=\"link-text link-text--icon ulux-card__link link-text link-absolute\"\n        target=\"\"\n    >\n        <span class=\"link-text__body\">\n            <span class=\"link-text__name\">En savoir plus<\/span>\n        <\/span>\n        <svg aria-hidden=\"true\" focusable=\"false\" class=\"icon icon-outline icon--arrow-right \"><use xlink:href=\"https:\/\/www.uni.lu\/wp-content\/themes\/unilux-theme\/assets\/images\/icons\/icons-outline.svg#icon--arrow-right\"><\/use><\/svg>    <\/a>\n<\/div>\n<\/div>        <\/div>\n    <\/div>\n<\/li><li class=\"w-full sm:w-1\/2 lg:w-1\/3 px-16  wp-block-unilux-blocks-free-content-card-item\">\n    <div class=\"ulux-card card-spin-offs bg-gray-300\">\n        <div class=\"ulux-card__container card__container\">\n                        <div class=\"ulux-card__visual wp-block-unilux-blocks-free-content-card-item-visual\">\n    \n<div class=\"wp-block-unilux-blocks-image-video-wrapper\">\n    <figure class=\"wp-block-dev4-reusable-blocks-image  object-fit--cover\">\n    \n<img decoding=\"async\" class=\"wp-block-image unilux-custom-image-block\"\n                alt=\"Anne Beffort Visual\"\n            src=\"https:\/\/www.uni.lu\/wp-content\/uploads\/sites\/9\/2025\/04\/AnneBeffort-WEB.png\"\n                    style=\"object-position: 50.00% 50.00%; font-family: &quot;object-fit: cover; object-position: 50.00% 50.00%;&quot;; aspect-ratio: 4\/3; object-fit: cover; width: 100%;\"\n        loading=\"lazy\"\n\/>    <\/figure><\/div><\/div><div class=\"ulux-card__body wp-block-unilux-blocks-free-content-card-item-body\">\n    \n<h3 class=\"ulux-card__title has-text-align-left wp-block-unilux-blocks-heading\"        id=\"anne-beffort-positions\"\n    >\nAnne Beffort Positions<\/h3>\n<div class=\"ulux-card__description wp-block-unilux-blocks-free-content-card-item-free-content-area\">\n    \n<p>En \u00e9t\u00e9 2025, l&rsquo;Universit\u00e9 a lanc\u00e9 les Anne Beffort Positions, un programme de recrutement pour des postes de professeurs dans des domaines o\u00f9 les femmes sont sous-repr\u00e9sent\u00e9es.<\/p>\n<\/div><div class=\"wp-block-unilux-blocks-simple-cta\">\n    <a\n        href=\"https:\/\/www.uni.lu\/en\/about\/gender-equality\/anne-beffort-positions\/\"\n        title=\"Learn more\"\n        class=\"link-text link-text--icon ulux-card__link link-text link-absolute\"\n        target=\"\"\n    >\n        <span class=\"link-text__body\">\n            <span class=\"link-text__name\">En savoir plus<\/span>\n        <\/span>\n        <svg aria-hidden=\"true\" focusable=\"false\" class=\"icon icon-outline icon--arrow-right \"><use xlink:href=\"https:\/\/www.uni.lu\/wp-content\/themes\/unilux-theme\/assets\/images\/icons\/icons-outline.svg#icon--arrow-right\"><\/use><\/svg>    <\/a>\n<\/div>\n<\/div>        <\/div>\n    <\/div>\n<\/li><li class=\"w-full sm:w-1\/2 lg:w-1\/3 px-16  wp-block-unilux-blocks-free-content-card-item\">\n    <div class=\"ulux-card card-spin-offs bg-gray-300\">\n        <div class=\"ulux-card__container card__container\">\n                        <div class=\"ulux-card__visual wp-block-unilux-blocks-free-content-card-item-visual\">\n    \n<div class=\"wp-block-unilux-blocks-image-video-wrapper\">\n    <figure class=\"wp-block-dev4-reusable-blocks-image  object-fit--cover\">\n    \n<img decoding=\"async\" class=\"wp-block-image unilux-custom-image-block\"\n                alt=\"Marie\"\n            src=\"https:\/\/www.uni.lu\/wp-content\/uploads\/sites\/9\/2025\/06\/10160059\/Marie-Speyer-Grants_2025.jpg\"\n                    style=\"object-position: 50.00% 50.00%; font-family: &quot;object-fit: cover; object-position: 50.00% 50.00%;&quot;; aspect-ratio: 4\/3; object-fit: cover; width: 100%;\"\n        loading=\"lazy\"\n\/>    <\/figure><\/div><\/div><div class=\"ulux-card__body wp-block-unilux-blocks-free-content-card-item-body\">\n    \n<h3 class=\"ulux-card__title has-text-align-left wp-block-unilux-blocks-heading\"        id=\"marie-speyer-grants\"\n    >\nMarie Speyer Grants<\/h3>\n<div class=\"ulux-card__description wp-block-unilux-blocks-free-content-card-item-free-content-area\">\n    \n<p>Le programme de financement Marie Speyer Excellence Grants apporte un soutien financier \u00e0 d&rsquo;excellents projets de recherche men\u00e9s par des chercheuses.<\/p>\n<\/div><div class=\"wp-block-unilux-blocks-simple-cta\">\n    <a\n        href=\"https:\/\/www.uni.lu\/en\/about\/gender-equality\/marie-speyer-grants\/\"\n        title=\"Learn more\"\n        class=\"link-text link-text--icon ulux-card__link link-text link-absolute\"\n        target=\"\"\n    >\n        <span class=\"link-text__body\">\n            <span class=\"link-text__name\">En savoir plus<\/span>\n        <\/span>\n        <svg aria-hidden=\"true\" focusable=\"false\" class=\"icon icon-outline icon--arrow-right \"><use xlink:href=\"https:\/\/www.uni.lu\/wp-content\/themes\/unilux-theme\/assets\/images\/icons\/icons-outline.svg#icon--arrow-right\"><\/use><\/svg>    <\/a>\n<\/div>\n<\/div>        <\/div>\n    <\/div>\n<\/li><\/ul>\n\n\n<ul class=\"wp-block-unilux-blocks-quick-link-underline\">\n    \n<li class=\"wp-block-unilux-blocks-quick-link-underline-item\">\n    <a\n            href=\"https:\/\/www.uni.lu\/en\/about\/gender-equality\/\"\n            class=\"wp-block-unilux-blocks-anchor\"        target=\"\"\n>\n    \n<span class=\"hero__title__subject wp-block-unilux-blocks-plain-text\">Pour un aper\u00e7u complet, consultez la page \u00c9galit\u00e9 des genres<\/span><svg aria-hidden=\"true\" focusable=\"false\" class=\"icon icon-outline icon--arrow-right \"><use xlink:href=\"https:\/\/www.uni.lu\/wp-content\/themes\/unilux-theme\/assets\/images\/icons\/icons-outline.svg#icon--arrow-right\"><\/use><\/svg><\/a>\n<\/li>\n<\/ul><\/div><\/section>\n\n\n<section class=\"section section wp-block-unilux-blocks-quick-link-discover-section py-0\">\n    <div class=\"container xl:max-w-screen-xl\">\n        \n<h2 class=\"has-text-align-left wp-block-unilux-blocks-heading\"        id=\"decouvrez-egalement\"\n    >\nD\u00e9couvrez \u00e9galement<\/h2>\n\n<ul class=\"wp-block-unilux-blocks-quick-link-discover quick-link-list\">\n<li class=\"wp-block-unilux-blocks-quick-link-discover-item\">\n    <a\n                    href=\"https:\/\/www.uni.lu\/en\/news\/orange-week-2024\/\"\n                    class=\"quick-link\"\n            target=\"\"\n    >\n            <span class=\"quick-link__container\">\n                <span class=\"quick-link__text\">\n                    Orange Week 2024                <\/span>\n                <svg aria-hidden=\"true\" focusable=\"false\" class=\"icon icon-outline icon--arrow-right \"><use xlink:href=\"https:\/\/www.uni.lu\/wp-content\/themes\/unilux-theme\/assets\/images\/icons\/icons-outline.svg#icon--arrow-right\"><\/use><\/svg>            <\/span>\n    <\/a>\n<\/li>\n\n\n\n<li class=\"wp-block-unilux-blocks-quick-link-discover-item\">\n    <a\n                    href=\"https:\/\/www.uni.lu\/en\/news\/empowering-voices-breaking-chains-the-global-pursuit-to-end-violence-against-women\/\"\n                    class=\"quick-link\"\n            target=\"\"\n    >\n            <span class=\"quick-link__container\">\n                <span class=\"quick-link__text\">\n                    Orange Week 2023                <\/span>\n                <svg aria-hidden=\"true\" focusable=\"false\" class=\"icon icon-outline icon--arrow-right \"><use xlink:href=\"https:\/\/www.uni.lu\/wp-content\/themes\/unilux-theme\/assets\/images\/icons\/icons-outline.svg#icon--arrow-right\"><\/use><\/svg>            <\/span>\n    <\/a>\n<\/li>\n<\/ul>\n    <\/div>\n<\/section>","protected":false},"excerpt":{"rendered":"","protected":false},"author":341,"featured_media":17264,"template":"","format":"standard","meta":{"featured_image_focal_point":[],"show_featured_caption":false,"ulux_newsletter_groups":"","uluxPostTitle":"","uluxPrePostTitle":"","_trash_the_other_posts":false,"_price":"","_stock":"","_tribe_ticket_header":"","_tribe_default_ticket_provider":"","_tribe_ticket_capacity":"0","_ticket_start_date":"","_ticket_end_date":"","_tribe_ticket_show_description":"","_tribe_ticket_show_not_going":false,"_tribe_ticket_use_global_stock":"","_tribe_ticket_global_stock_level":"","_global_stock_mode":"","_global_stock_cap":"","_tribe_rsvp_for_event":"","_tribe_ticket_going_count":"","_tribe_ticket_not_going_count":"","_tribe_tickets_list":"[]","_tribe_ticket_has_attendee_info_fields":false},"news-category":[6],"news-topic":[],"organisation":[428,226],"authorship":[341],"acf":[],"yoast_head":"<!-- This site is optimized with the Yoast SEO Premium plugin v22.3 (Yoast SEO v22.3) - https:\/\/yoast.com\/wordpress\/plugins\/seo\/ -->\n<title>Orange Week @Uni.lu : rejoignez la projection du film \u00ab Hors d&#039;haleine \u00bb - Universit\u00e9 du Luxembourg<\/title>\n<meta name=\"description\" content=\"\u00c0 l&#039;occasion de l&#039;Orange Week, l&#039;Universit\u00e9 organise une projection du film \u00ab Hors d&#039;haleine \u00bb d&#039;\u00c9ric Lamh\u00e8ne, un drame qui se d\u00e9roule dans l&#039;univers d&#039;un\" \/>\n<meta name=\"robots\" content=\"index, follow, max-snippet:-1, max-image-preview:large, max-video-preview:-1\" \/>\n<link rel=\"canonical\" href=\"https:\/\/www.uni.lu\/fr\/news\/orange-week-uni-lu-rejoignez-la-projection-du-film-hors-d-haleine\/\" \/>\n<meta property=\"og:locale\" content=\"fr_FR\" \/>\n<meta property=\"og:type\" content=\"article\" \/>\n<meta property=\"og:title\" content=\"Orange Week @Uni.lu : rejoignez la projection du film \u00ab Hors d&#039;haleine \u00bb\" \/>\n<meta property=\"og:description\" content=\"\u00c0 l&#039;occasion de l&#039;Orange Week, l&#039;Universit\u00e9 organise une projection du film \u00ab Hors d&#039;haleine \u00bb d&#039;\u00c9ric Lamh\u00e8ne, un drame qui se d\u00e9roule dans l&#039;univers d&#039;un\" \/>\n<meta property=\"og:url\" content=\"https:\/\/www.uni.lu\/fr\/news\/orange-week-uni-lu-rejoignez-la-projection-du-film-hors-d-haleine\/\" \/>\n<meta property=\"og:site_name\" content=\"UNI FR\" \/>\n<meta property=\"article:publisher\" content=\"https:\/\/www.facebook.com\/uni.lu\" \/>\n<meta property=\"article:modified_time\" content=\"2025-11-25T12:54:17+00:00\" \/>\n<meta property=\"og:image\" content=\"https:\/\/www.uni.lu\/wp-content\/uploads\/sites\/11\/2025\/11\/25121617\/Orange-week-2025-students.webp\" \/>\n\t<meta property=\"og:image:width\" content=\"1536\" \/>\n\t<meta property=\"og:image:height\" content=\"1152\" \/>\n\t<meta property=\"og:image:type\" content=\"image\/webp\" \/>\n<meta name=\"twitter:card\" content=\"summary_large_image\" \/>\n<meta name=\"twitter:label1\" content=\"Dur\u00e9e de lecture estim\u00e9e\" \/>\n\t<meta name=\"twitter:data1\" content=\"2 minutes\" \/>\n<script type=\"application\/ld+json\" class=\"yoast-schema-graph\">{\"@context\":\"https:\/\/schema.org\",\"@graph\":[{\"@type\":\"NewsArticle\",\"@id\":\"https:\/\/www.uni.lu\/fr\/news\/orange-week-uni-lu-rejoignez-la-projection-du-film-hors-d-haleine\/#article\",\"isPartOf\":{\"@id\":\"https:\/\/www.uni.lu\/fr\/news\/orange-week-uni-lu-rejoignez-la-projection-du-film-hors-d-haleine\/\"},\"author\":{\"name\":\"Catherine Clesse\",\"@id\":\"https:\/\/www.uni.lu\/fr\/#\/schema\/person\/67d3defa53981502bf9cddb74a850c08\"},\"headline\":\"Orange Week @Uni.lu : rejoignez la projection du film \u00ab Hors d&rsquo;haleine \u00bb\",\"datePublished\":\"2025-11-25T11:17:13+00:00\",\"dateModified\":\"2025-11-25T12:54:17+00:00\",\"mainEntityOfPage\":{\"@id\":\"https:\/\/www.uni.lu\/fr\/news\/orange-week-uni-lu-rejoignez-la-projection-du-film-hors-d-haleine\/\"},\"wordCount\":234,\"publisher\":{\"@id\":\"https:\/\/www.uni.lu\/fr\/#organization\"},\"image\":{\"@id\":\"https:\/\/www.uni.lu\/fr\/news\/orange-week-uni-lu-rejoignez-la-projection-du-film-hors-d-haleine\/#primaryimage\"},\"thumbnailUrl\":\"https:\/\/www.uni.lu\/wp-content\/uploads\/sites\/11\/2025\/11\/25121617\/Orange-week-2025-students.webp\",\"inLanguage\":\"fr-FR\"},{\"@type\":\"WebPage\",\"@id\":\"https:\/\/www.uni.lu\/fr\/news\/orange-week-uni-lu-rejoignez-la-projection-du-film-hors-d-haleine\/\",\"url\":\"https:\/\/www.uni.lu\/fr\/news\/orange-week-uni-lu-rejoignez-la-projection-du-film-hors-d-haleine\/\",\"name\":\"Orange Week @Uni.lu : rejoignez la projection du film \u00ab Hors d'haleine \u00bb - Universit\u00e9 du Luxembourg\",\"isPartOf\":{\"@id\":\"https:\/\/www.uni.lu\/fr\/#website\"},\"primaryImageOfPage\":{\"@id\":\"https:\/\/www.uni.lu\/fr\/news\/orange-week-uni-lu-rejoignez-la-projection-du-film-hors-d-haleine\/#primaryimage\"},\"image\":{\"@id\":\"https:\/\/www.uni.lu\/fr\/news\/orange-week-uni-lu-rejoignez-la-projection-du-film-hors-d-haleine\/#primaryimage\"},\"thumbnailUrl\":\"https:\/\/www.uni.lu\/wp-content\/uploads\/sites\/11\/2025\/11\/25121617\/Orange-week-2025-students.webp\",\"datePublished\":\"2025-11-25T11:17:13+00:00\",\"dateModified\":\"2025-11-25T12:54:17+00:00\",\"description\":\"\u00c0 l'occasion de l'Orange Week, l'Universit\u00e9 organise une projection du film \u00ab Hors d'haleine \u00bb d'\u00c9ric Lamh\u00e8ne, un drame qui se d\u00e9roule dans l'univers d'un\",\"breadcrumb\":{\"@id\":\"https:\/\/www.uni.lu\/fr\/news\/orange-week-uni-lu-rejoignez-la-projection-du-film-hors-d-haleine\/#breadcrumb\"},\"inLanguage\":\"fr-FR\",\"potentialAction\":[{\"@type\":\"ReadAction\",\"target\":[\"https:\/\/www.uni.lu\/fr\/news\/orange-week-uni-lu-rejoignez-la-projection-du-film-hors-d-haleine\/\"]}]},{\"@type\":\"ImageObject\",\"inLanguage\":\"fr-FR\",\"@id\":\"https:\/\/www.uni.lu\/fr\/news\/orange-week-uni-lu-rejoignez-la-projection-du-film-hors-d-haleine\/#primaryimage\",\"url\":\"https:\/\/www.uni.lu\/wp-content\/uploads\/sites\/11\/2025\/11\/25121617\/Orange-week-2025-students.webp\",\"contentUrl\":\"https:\/\/www.uni.lu\/wp-content\/uploads\/sites\/11\/2025\/11\/25121617\/Orange-week-2025-students.webp\",\"width\":1536,\"height\":1152,\"caption\":\"Orange week at Uni.lu\"},{\"@type\":\"BreadcrumbList\",\"@id\":\"https:\/\/www.uni.lu\/fr\/news\/orange-week-uni-lu-rejoignez-la-projection-du-film-hors-d-haleine\/#breadcrumb\",\"itemListElement\":[{\"@type\":\"ListItem\",\"position\":1,\"name\":\"Home\",\"item\":\"https:\/\/www.uni.lu\/fr\/\"},{\"@type\":\"ListItem\",\"position\":2,\"name\":\"News\",\"item\":\"https:\/\/www.uni.lu\/fr\/news\/\"},{\"@type\":\"ListItem\",\"position\":3,\"name\":\"Orange Week @Uni.lu : rejoignez la projection du film \u00ab Hors d'haleine \u00bb\"}]},{\"@type\":\"WebSite\",\"@id\":\"https:\/\/www.uni.lu\/fr\/#website\",\"url\":\"https:\/\/www.uni.lu\/fr\/\",\"name\":\"Uni.lu\",\"description\":\"Universit\u00e9 du Luxembourg\",\"publisher\":{\"@id\":\"https:\/\/www.uni.lu\/fr\/#organization\"},\"alternateName\":\"Universit\u00e9 du Luxembourg\",\"potentialAction\":[{\"@type\":\"SearchAction\",\"target\":{\"@type\":\"EntryPoint\",\"urlTemplate\":\"https:\/\/www.uni.lu\/fr\/?s={search_term_string}\"},\"query-input\":\"required name=search_term_string\"}],\"inLanguage\":\"fr-FR\"},{\"@type\":\"Organization\",\"@id\":\"https:\/\/www.uni.lu\/fr\/#organization\",\"name\":\"Universit\u00e9 du Luxembourg\",\"alternateName\":\"Uni.lu\",\"url\":\"https:\/\/www.uni.lu\/fr\/\",\"logo\":{\"@type\":\"ImageObject\",\"inLanguage\":\"fr-FR\",\"@id\":\"https:\/\/www.uni.lu\/fr\/#\/schema\/logo\/image\/\",\"url\":\"https:\/\/www.uni.lu\/wp-content\/uploads\/sites\/11\/2026\/03\/03120045\/UNIV_SM-Profile_1600x1600px-scaled.jpg\",\"contentUrl\":\"https:\/\/www.uni.lu\/wp-content\/uploads\/sites\/11\/2026\/03\/03120045\/UNIV_SM-Profile_1600x1600px-scaled.jpg\",\"width\":2560,\"height\":2560,\"caption\":\"Universit\u00e9 du Luxembourg\"},\"image\":\"https:\/\/www.uni.lu\/wp-content\/uploads\/sites\/11\/2026\/04\/24120552\/20200609-Belval-Campus_Henri-Goergen-23.jpg\",\"sameAs\":[\"https:\/\/www.facebook.com\/uni.lu\",\"https:\/\/www.linkedin.com\/school\/university-of-luxembourg\/\",\"https:\/\/www.instagram.com\/uni.lu\",\"https:\/\/www.youtube.com\/@uni_lu\",\"https:\/\/en.wikipedia.org\/wiki\/University_of_Luxembourg\"],\"email\":\"communication@uni.lu\",\"telephone\":\"+352 46 66 44 1\",\"address\":{\"@type\":\"PostalAddress\",\"streetAddress\":\"2, place de l\u2019Universit\u00e9\",\"addressLocality\":\"Esch-sur-Alzette\",\"postalCode\":\"4365\",\"addressCountry\":\"LU\"},\"description\":\"Universit\u00e9 du Luxembourg\"},{\"@type\":\"Person\",\"@id\":\"https:\/\/www.uni.lu\/fr\/#\/schema\/person\/67d3defa53981502bf9cddb74a850c08\",\"name\":\"Catherine Clesse\",\"image\":{\"@type\":\"ImageObject\",\"inLanguage\":\"fr-FR\",\"@id\":\"https:\/\/www.uni.lu\/fr\/#\/schema\/person\/image\/\",\"url\":\"https:\/\/secure.gravatar.com\/avatar\/6a2e15a24f9036a6aee8753304e46c2d?s=96&d=mm&r=g\",\"contentUrl\":\"https:\/\/secure.gravatar.com\/avatar\/6a2e15a24f9036a6aee8753304e46c2d?s=96&d=mm&r=g\",\"caption\":\"Catherine Clesse\"}}]}<\/script>\n<!-- \/ Yoast SEO Premium plugin. -->","yoast_head_json":{"title":"Orange Week @Uni.lu : rejoignez la projection du film \u00ab Hors d'haleine \u00bb - Universit\u00e9 du Luxembourg","description":"\u00c0 l'occasion de l'Orange Week, l'Universit\u00e9 organise une projection du film \u00ab Hors d'haleine \u00bb d'\u00c9ric Lamh\u00e8ne, un drame qui se d\u00e9roule dans l'univers d'un","robots":{"index":"index","follow":"follow","max-snippet":"max-snippet:-1","max-image-preview":"max-image-preview:large","max-video-preview":"max-video-preview:-1"},"canonical":"https:\/\/www.uni.lu\/fr\/news\/orange-week-uni-lu-rejoignez-la-projection-du-film-hors-d-haleine\/","og_locale":"fr_FR","og_type":"article","og_title":"Orange Week @Uni.lu : rejoignez la projection du film \u00ab Hors d'haleine \u00bb","og_description":"\u00c0 l'occasion de l'Orange Week, l'Universit\u00e9 organise une projection du film \u00ab Hors d'haleine \u00bb d'\u00c9ric Lamh\u00e8ne, un drame qui se d\u00e9roule dans l'univers d'un","og_url":"https:\/\/www.uni.lu\/fr\/news\/orange-week-uni-lu-rejoignez-la-projection-du-film-hors-d-haleine\/","og_site_name":"UNI FR","article_publisher":"https:\/\/www.facebook.com\/uni.lu","article_modified_time":"2025-11-25T12:54:17+00:00","og_image":[{"width":1536,"height":1152,"url":"https:\/\/www.uni.lu\/wp-content\/uploads\/sites\/11\/2025\/11\/25121617\/Orange-week-2025-students.webp","type":"image\/webp"}],"twitter_card":"summary_large_image","twitter_misc":{"Dur\u00e9e de lecture estim\u00e9e":"2 minutes"},"schema":{"@context":"https:\/\/schema.org","@graph":[{"@type":"NewsArticle","@id":"https:\/\/www.uni.lu\/fr\/news\/orange-week-uni-lu-rejoignez-la-projection-du-film-hors-d-haleine\/#article","isPartOf":{"@id":"https:\/\/www.uni.lu\/fr\/news\/orange-week-uni-lu-rejoignez-la-projection-du-film-hors-d-haleine\/"},"author":{"name":"Catherine Clesse","@id":"https:\/\/www.uni.lu\/fr\/#\/schema\/person\/67d3defa53981502bf9cddb74a850c08"},"headline":"Orange Week @Uni.lu : rejoignez la projection du film \u00ab Hors d&rsquo;haleine \u00bb","datePublished":"2025-11-25T11:17:13+00:00","dateModified":"2025-11-25T12:54:17+00:00","mainEntityOfPage":{"@id":"https:\/\/www.uni.lu\/fr\/news\/orange-week-uni-lu-rejoignez-la-projection-du-film-hors-d-haleine\/"},"wordCount":234,"publisher":{"@id":"https:\/\/www.uni.lu\/fr\/#organization"},"image":{"@id":"https:\/\/www.uni.lu\/fr\/news\/orange-week-uni-lu-rejoignez-la-projection-du-film-hors-d-haleine\/#primaryimage"},"thumbnailUrl":"https:\/\/www.uni.lu\/wp-content\/uploads\/sites\/11\/2025\/11\/25121617\/Orange-week-2025-students.webp","inLanguage":"fr-FR"},{"@type":"WebPage","@id":"https:\/\/www.uni.lu\/fr\/news\/orange-week-uni-lu-rejoignez-la-projection-du-film-hors-d-haleine\/","url":"https:\/\/www.uni.lu\/fr\/news\/orange-week-uni-lu-rejoignez-la-projection-du-film-hors-d-haleine\/","name":"Orange Week @Uni.lu : rejoignez la projection du film \u00ab Hors d'haleine \u00bb - Universit\u00e9 du Luxembourg","isPartOf":{"@id":"https:\/\/www.uni.lu\/fr\/#website"},"primaryImageOfPage":{"@id":"https:\/\/www.uni.lu\/fr\/news\/orange-week-uni-lu-rejoignez-la-projection-du-film-hors-d-haleine\/#primaryimage"},"image":{"@id":"https:\/\/www.uni.lu\/fr\/news\/orange-week-uni-lu-rejoignez-la-projection-du-film-hors-d-haleine\/#primaryimage"},"thumbnailUrl":"https:\/\/www.uni.lu\/wp-content\/uploads\/sites\/11\/2025\/11\/25121617\/Orange-week-2025-students.webp","datePublished":"2025-11-25T11:17:13+00:00","dateModified":"2025-11-25T12:54:17+00:00","description":"\u00c0 l'occasion de l'Orange Week, l'Universit\u00e9 organise une projection du film \u00ab Hors d'haleine \u00bb d'\u00c9ric Lamh\u00e8ne, un drame qui se d\u00e9roule dans l'univers d'un","breadcrumb":{"@id":"https:\/\/www.uni.lu\/fr\/news\/orange-week-uni-lu-rejoignez-la-projection-du-film-hors-d-haleine\/#breadcrumb"},"inLanguage":"fr-FR","potentialAction":[{"@type":"ReadAction","target":["https:\/\/www.uni.lu\/fr\/news\/orange-week-uni-lu-rejoignez-la-projection-du-film-hors-d-haleine\/"]}]},{"@type":"ImageObject","inLanguage":"fr-FR","@id":"https:\/\/www.uni.lu\/fr\/news\/orange-week-uni-lu-rejoignez-la-projection-du-film-hors-d-haleine\/#primaryimage","url":"https:\/\/www.uni.lu\/wp-content\/uploads\/sites\/11\/2025\/11\/25121617\/Orange-week-2025-students.webp","contentUrl":"https:\/\/www.uni.lu\/wp-content\/uploads\/sites\/11\/2025\/11\/25121617\/Orange-week-2025-students.webp","width":1536,"height":1152,"caption":"Orange week at Uni.lu"},{"@type":"BreadcrumbList","@id":"https:\/\/www.uni.lu\/fr\/news\/orange-week-uni-lu-rejoignez-la-projection-du-film-hors-d-haleine\/#breadcrumb","itemListElement":[{"@type":"ListItem","position":1,"name":"Home","item":"https:\/\/www.uni.lu\/fr\/"},{"@type":"ListItem","position":2,"name":"News","item":"https:\/\/www.uni.lu\/fr\/news\/"},{"@type":"ListItem","position":3,"name":"Orange Week @Uni.lu : rejoignez la projection du film \u00ab Hors d'haleine \u00bb"}]},{"@type":"WebSite","@id":"https:\/\/www.uni.lu\/fr\/#website","url":"https:\/\/www.uni.lu\/fr\/","name":"Uni.lu","description":"Universit\u00e9 du Luxembourg","publisher":{"@id":"https:\/\/www.uni.lu\/fr\/#organization"},"alternateName":"Universit\u00e9 du Luxembourg","potentialAction":[{"@type":"SearchAction","target":{"@type":"EntryPoint","urlTemplate":"https:\/\/www.uni.lu\/fr\/?s={search_term_string}"},"query-input":"required name=search_term_string"}],"inLanguage":"fr-FR"},{"@type":"Organization","@id":"https:\/\/www.uni.lu\/fr\/#organization","name":"Universit\u00e9 du Luxembourg","alternateName":"Uni.lu","url":"https:\/\/www.uni.lu\/fr\/","logo":{"@type":"ImageObject","inLanguage":"fr-FR","@id":"https:\/\/www.uni.lu\/fr\/#\/schema\/logo\/image\/","url":"https:\/\/www.uni.lu\/wp-content\/uploads\/sites\/11\/2026\/03\/03120045\/UNIV_SM-Profile_1600x1600px-scaled.jpg","contentUrl":"https:\/\/www.uni.lu\/wp-content\/uploads\/sites\/11\/2026\/03\/03120045\/UNIV_SM-Profile_1600x1600px-scaled.jpg","width":2560,"height":2560,"caption":"Universit\u00e9 du Luxembourg"},"image":"https:\/\/www.uni.lu\/wp-content\/uploads\/sites\/11\/2026\/04\/24120552\/20200609-Belval-Campus_Henri-Goergen-23.jpg","sameAs":["https:\/\/www.facebook.com\/uni.lu","https:\/\/www.linkedin.com\/school\/university-of-luxembourg\/","https:\/\/www.instagram.com\/uni.lu","https:\/\/www.youtube.com\/@uni_lu","https:\/\/en.wikipedia.org\/wiki\/University_of_Luxembourg"],"email":"communication@uni.lu","telephone":"+352 46 66 44 1","address":{"@type":"PostalAddress","streetAddress":"2, place de l\u2019Universit\u00e9","addressLocality":"Esch-sur-Alzette","postalCode":"4365","addressCountry":"LU"},"description":"Universit\u00e9 du Luxembourg"},{"@type":"Person","@id":"https:\/\/www.uni.lu\/fr\/#\/schema\/person\/67d3defa53981502bf9cddb74a850c08","name":"Catherine Clesse","image":{"@type":"ImageObject","inLanguage":"fr-FR","@id":"https:\/\/www.uni.lu\/fr\/#\/schema\/person\/image\/","url":"https:\/\/secure.gravatar.com\/avatar\/6a2e15a24f9036a6aee8753304e46c2d?s=96&d=mm&r=g","contentUrl":"https:\/\/secure.gravatar.com\/avatar\/6a2e15a24f9036a6aee8753304e46c2d?s=96&d=mm&r=g","caption":"Catherine Clesse"}}]}},"blog_id":11,"_links":{"self":[{"href":"https:\/\/www.uni.lu\/fr\/wp-json\/wp\/v2\/news\/17263"}],"collection":[{"href":"https:\/\/www.uni.lu\/fr\/wp-json\/wp\/v2\/news"}],"about":[{"href":"https:\/\/www.uni.lu\/fr\/wp-json\/wp\/v2\/types\/news"}],"author":[{"embeddable":true,"href":"https:\/\/www.uni.lu\/fr\/wp-json\/wp\/v2\/users\/341"}],"version-history":[{"count":3,"href":"https:\/\/www.uni.lu\/fr\/wp-json\/wp\/v2\/news\/17263\/revisions"}],"predecessor-version":[{"id":17269,"href":"https:\/\/www.uni.lu\/fr\/wp-json\/wp\/v2\/news\/17263\/revisions\/17269"}],"wp:authorship":[{"embeddable":true,"href":"https:\/\/www.uni.lu\/fr\/wp-json\/wp\/v2\/users\/341"}],"wp:featuredmedia":[{"embeddable":true,"href":"https:\/\/www.uni.lu\/fr\/wp-json\/wp\/v2\/media\/17264"}],"wp:attachment":[{"href":"https:\/\/www.uni.lu\/fr\/wp-json\/wp\/v2\/media?parent=17263"}],"wp:term":[{"taxonomy":"news-category","embeddable":true,"href":"https:\/\/www.uni.lu\/fr\/wp-json\/wp\/v2\/news-category?post=17263"},{"taxonomy":"news-topic","embeddable":true,"href":"https:\/\/www.uni.lu\/fr\/wp-json\/wp\/v2\/news-topic?post=17263"},{"taxonomy":"organisation","embeddable":true,"href":"https:\/\/www.uni.lu\/fr\/wp-json\/wp\/v2\/organisation?post=17263"}],"curies":[{"name":"wp","href":"https:\/\/api.w.org\/{rel}","templated":true}]}}