{"id":1726,"date":"2022-03-18T13:37:45","date_gmt":"2022-03-18T13:37:45","guid":{"rendered":"https:\/\/website.prod.unilu.spikeseed.cloud\/fr\/news\/lambassade-ditalie-accorde-un-lectorat-a-luniversite\/"},"modified":"2022-03-18T13:37:45","modified_gmt":"2022-03-18T13:37:45","slug":"lambassade-ditalie-accorde-un-lectorat-a-luniversite","status":"publish","type":"news","link":"https:\/\/www.uni.lu\/fr\/news\/lambassade-ditalie-accorde-un-lectorat-a-luniversite\/","title":{"rendered":"L\u2019Ambassade d\u2019Italie accorde un lectorat \u00e0 l\u2019Universit\u00e9"},"content":{"rendered":"<section class=\"wp-block-unilux-blocks-free-section section\"><div class=\"container xl:max-w-screen-xl\"><p>Un protocole d\u2019accord a \u00e9t\u00e9 sign\u00e9 par l\u2019Universit\u00e9 de Luxembourg et l\u2019Ambassade d\u2019Italie au Luxembourg visant \u00e0 soutenir l\u2019enseignement de la langue italienne au sein de l\u2019Universit\u00e9 et de la formation continue \u00ab\u00a0Langues, cultures et soci\u00e9t\u00e9s italiennes\u00a0\u00bb.<\/p><p>L\u2019accord permet l&rsquo;attribution, par l\u2019Ambassade d\u2019Italie et le Minist\u00e8re italien des Affaires Etrang\u00e8res, d\u2019un enseignant en langue et culture italiennes \u00e0 l&rsquo;Universit\u00e9 du Luxembourg.<\/p><p>L\u2019accord a \u00e9t\u00e9 sign\u00e9 le 16 mars 2022 en pr\u00e9sence de l\u2019ambassadeur d\u2019Italie au Luxembourg, SEM Diego Brasioli, du directeur de la formation continue, le Professeur Claudio Cicotti, du doyen de la Facult\u00e9 des Sciences Humaines, des Sciences de l\u2019\u00c9ducation et des Sciences Sociales\u200b (FHSE), le Professeur <a href=\"https:\/\/wwwfr.uni.lu\/recherche\/fhse\/dhum\/people\/georg_mein\" target=\"_self\" title=\"\" rel=\"noopener\">Georg Mein<\/a>, et du recteur de l\u2019Universit\u00e9 du Luxembourg, le Professeur St\u00e9phane Pallage.<\/p><p>SEM l\u2019Ambassadeur d\u2019Italie au Luxembourg, Diego Brasioli, a salu\u00e9 un \u00ab\u00a0accord important en faveur de l\u2019enseignement de la langue et de la culture italienne dans le domaine acad\u00e9mique, pour permettre \u00e0 de plus en plus de personnes d\u2019\u00e9tudier la langue de Dante non seulement au Grand-Duch\u00e9 de Luxembourg, pays cosmopolite entretenant des liens profonds avec l\u2019Italie, mais \u00e9galement dans la Grande R\u00e9gion.\u00a0\u00bb<\/p><p>\u00ab\u00a0Le Luxembourg et l&rsquo;Italie ont une grande histoire en commun\u00a0\u00bb, a soulign\u00e9 le recteur de l\u2019Universit\u00e9, le Professeur St\u00e9phane Pallage. \u00ab\u00a0Le gouvernement italien et l&rsquo;Ambassade d&rsquo;Italie ont beaucoup contribu\u00e9 au cours des ann\u00e9es \u00e0 l&rsquo;enseignement de la culture italienne \u00e0 l&rsquo;Universit\u00e9 du Luxembourg. Ce nouvel accord renforce la tr\u00e8s belle collaboration entre l&rsquo;Universit\u00e9 et l&rsquo;Ambassade. \u00bb<\/p><figure class=\"wp-block-dev4-reusable-blocks-image  object-fit--contain\">\n    \n<img decoding=\"async\" class=\"wp-block-image unilux-custom-image-block\"\n                alt=\"\"\n            src=\"https:\/\/www.uni.lu\/wp-content\/uploads\/sites\/11\/2023\/07\/ambassador_speech_s.jpg\"\n                    style=\"object-position: 50.00% 50.00%; font-family: &quot;object-fit: contain; object-position: 50.00% 50.00%;&quot;; aspect-ratio: 4\/3; object-fit: contain; width: 100%;\"\n        loading=\"lazy\"\n\/>    <\/figure><figure class=\"wp-block-dev4-reusable-blocks-image  object-fit--contain\">\n    \n<img decoding=\"async\" class=\"wp-block-image unilux-custom-image-block\"\n                alt=\"\"\n            src=\"https:\/\/www.uni.lu\/wp-content\/uploads\/sites\/11\/2023\/07\/group_s.jpg\"\n                    style=\"object-position: 50.00% 50.00%; font-family: &quot;object-fit: contain; object-position: 50.00% 50.00%;&quot;; aspect-ratio: 21\/9; object-fit: contain; width: 100%;\"\n        loading=\"lazy\"\n\/>    <\/figure>\n<h5 class=\"has-text-align-left wp-block-unilux-blocks-heading\"        id=\"universite-du-luxembourg\"\n    >\n\u00a9 Universit\u00e9 du Luxembourg<\/h5>\n<\/div><\/section>","protected":false},"excerpt":{"rendered":"<p>Un protocole d\u2019accord a \u00e9t\u00e9 sign\u00e9 par l\u2019Universit\u00e9 de Luxembourg et l\u2019Ambassade d\u2019Italie au Luxembourg visant \u00e0 soutenir l\u2019enseignement de la langue italienne au sein de l\u2019Universit\u00e9 et de la formation continue \u00ab\u00a0Langues, cultures et soci\u00e9t\u00e9s italiennes\u00a0\u00bb.<\/p>\n","protected":false},"author":0,"featured_media":0,"template":"","format":"standard","meta":{"featured_image_focal_point":[],"show_featured_caption":false,"ulux_newsletter_groups":"","uluxPostTitle":"","uluxPrePostTitle":"","_trash_the_other_posts":false,"_price":"","_stock":"","_tribe_ticket_header":"","_tribe_default_ticket_provider":"","_tribe_ticket_capacity":"0","_ticket_start_date":"","_ticket_end_date":"","_tribe_ticket_show_description":"","_tribe_ticket_show_not_going":false,"_tribe_ticket_use_global_stock":"","_tribe_ticket_global_stock_level":"","_global_stock_mode":"","_global_stock_cap":"","_tribe_rsvp_for_event":"","_tribe_ticket_going_count":"","_tribe_ticket_not_going_count":"","_tribe_tickets_list":"[]","_tribe_ticket_has_attendee_info_fields":false},"news-category":[4,3],"news-topic":[17],"organisation":[171,147,226],"authorship":[],"acf":[],"yoast_head":"<!-- This site is optimized with the Yoast SEO Premium plugin v22.3 (Yoast SEO v22.3) - https:\/\/yoast.com\/wordpress\/plugins\/seo\/ -->\n<title>L\u2019Ambassade d\u2019Italie accorde un lectorat \u00e0 l\u2019Universit\u00e9 - Universit\u00e9 du Luxembourg<\/title>\n<meta name=\"description\" content=\"Un protocole d\u2019accord a \u00e9t\u00e9 sign\u00e9 par l\u2019Universit\u00e9 de Luxembourg et l\u2019Ambassade d\u2019Italie au Luxembourg visant \u00e0 soutenir l\u2019enseignement de la langue italienne au sein de l\u2019Universit\u00e9 et de la formation continue \u00ab\u00a0Langues, cultures et soci\u00e9t\u00e9s italiennes\u00a0\u00bb.\" \/>\n<meta name=\"robots\" content=\"index, follow, max-snippet:-1, max-image-preview:large, max-video-preview:-1\" \/>\n<link rel=\"canonical\" href=\"https:\/\/www.uni.lu\/fr\/news\/lambassade-ditalie-accorde-un-lectorat-a-luniversite\/\" \/>\n<meta property=\"og:locale\" content=\"fr_FR\" \/>\n<meta property=\"og:type\" content=\"article\" \/>\n<meta property=\"og:title\" content=\"L\u2019Ambassade d\u2019Italie accorde un lectorat \u00e0 l\u2019Universit\u00e9\" \/>\n<meta property=\"og:description\" content=\"Un protocole d\u2019accord a \u00e9t\u00e9 sign\u00e9 par l\u2019Universit\u00e9 de Luxembourg et l\u2019Ambassade d\u2019Italie au Luxembourg visant \u00e0 soutenir l\u2019enseignement de la langue italienne au sein de l\u2019Universit\u00e9 et de la formation continue \u00ab\u00a0Langues, cultures et soci\u00e9t\u00e9s italiennes\u00a0\u00bb.\" \/>\n<meta property=\"og:url\" content=\"https:\/\/www.uni.lu\/fr\/news\/lambassade-ditalie-accorde-un-lectorat-a-luniversite\/\" \/>\n<meta property=\"og:site_name\" content=\"UNI FR\" \/>\n<meta property=\"article:publisher\" content=\"https:\/\/www.facebook.com\/uni.lu\" \/>\n<meta property=\"og:image\" content=\"https:\/\/www.uni.lu\/wp-content\/uploads\/sites\/11\/2022\/03\/l_ambassade_d_italie_accorde_un_lectorat_a_l_universite.jpg\" \/>\n\t<meta property=\"og:image:width\" content=\"800\" \/>\n\t<meta property=\"og:image:height\" content=\"600\" \/>\n\t<meta property=\"og:image:type\" content=\"image\/jpeg\" \/>\n<meta name=\"twitter:card\" content=\"summary_large_image\" \/>\n<meta name=\"twitter:label1\" content=\"Dur\u00e9e de lecture estim\u00e9e\" \/>\n\t<meta name=\"twitter:data1\" content=\"1 minute\" \/>\n<script type=\"application\/ld+json\" class=\"yoast-schema-graph\">{\"@context\":\"https:\/\/schema.org\",\"@graph\":[{\"@type\":\"NewsArticle\",\"@id\":\"https:\/\/www.uni.lu\/fr\/news\/lambassade-ditalie-accorde-un-lectorat-a-luniversite\/#article\",\"isPartOf\":{\"@id\":\"https:\/\/www.uni.lu\/fr\/news\/lambassade-ditalie-accorde-un-lectorat-a-luniversite\/\"},\"author\":{\"name\":\"\",\"@id\":\"\"},\"headline\":\"L\u2019Ambassade d\u2019Italie accorde un lectorat \u00e0 l\u2019Universit\u00e9\",\"datePublished\":\"2022-03-18T13:37:45+00:00\",\"dateModified\":\"2022-03-18T13:37:45+00:00\",\"mainEntityOfPage\":{\"@id\":\"https:\/\/www.uni.lu\/fr\/news\/lambassade-ditalie-accorde-un-lectorat-a-luniversite\/\"},\"wordCount\":281,\"publisher\":{\"@id\":\"https:\/\/www.uni.lu\/fr\/#organization\"},\"inLanguage\":\"fr-FR\"},{\"@type\":\"WebPage\",\"@id\":\"https:\/\/www.uni.lu\/fr\/news\/lambassade-ditalie-accorde-un-lectorat-a-luniversite\/\",\"url\":\"https:\/\/www.uni.lu\/fr\/news\/lambassade-ditalie-accorde-un-lectorat-a-luniversite\/\",\"name\":\"L\u2019Ambassade d\u2019Italie accorde un lectorat \u00e0 l\u2019Universit\u00e9 - Universit\u00e9 du Luxembourg\",\"isPartOf\":{\"@id\":\"https:\/\/www.uni.lu\/fr\/#website\"},\"datePublished\":\"2022-03-18T13:37:45+00:00\",\"dateModified\":\"2022-03-18T13:37:45+00:00\",\"description\":\"Un protocole d\u2019accord a \u00e9t\u00e9 sign\u00e9 par l\u2019Universit\u00e9 de Luxembourg et l\u2019Ambassade d\u2019Italie au Luxembourg visant \u00e0 soutenir l\u2019enseignement de la langue italienne au sein de l\u2019Universit\u00e9 et de la formation continue \u00ab\u00a0Langues, cultures et soci\u00e9t\u00e9s italiennes\u00a0\u00bb.\",\"breadcrumb\":{\"@id\":\"https:\/\/www.uni.lu\/fr\/news\/lambassade-ditalie-accorde-un-lectorat-a-luniversite\/#breadcrumb\"},\"inLanguage\":\"fr-FR\",\"potentialAction\":[{\"@type\":\"ReadAction\",\"target\":[\"https:\/\/www.uni.lu\/fr\/news\/lambassade-ditalie-accorde-un-lectorat-a-luniversite\/\"]}]},{\"@type\":\"BreadcrumbList\",\"@id\":\"https:\/\/www.uni.lu\/fr\/news\/lambassade-ditalie-accorde-un-lectorat-a-luniversite\/#breadcrumb\",\"itemListElement\":[{\"@type\":\"ListItem\",\"position\":1,\"name\":\"Home\",\"item\":\"https:\/\/www.uni.lu\/fr\/\"},{\"@type\":\"ListItem\",\"position\":2,\"name\":\"News\",\"item\":\"https:\/\/www.uni.lu\/fr\/news\/\"},{\"@type\":\"ListItem\",\"position\":3,\"name\":\"L\u2019Ambassade d\u2019Italie accorde un lectorat \u00e0 l\u2019Universit\u00e9\"}]},{\"@type\":\"WebSite\",\"@id\":\"https:\/\/www.uni.lu\/fr\/#website\",\"url\":\"https:\/\/www.uni.lu\/fr\/\",\"name\":\"Uni.lu\",\"description\":\"Universit\u00e9 du Luxembourg\",\"publisher\":{\"@id\":\"https:\/\/www.uni.lu\/fr\/#organization\"},\"alternateName\":\"Universit\u00e9 du Luxembourg\",\"potentialAction\":[{\"@type\":\"SearchAction\",\"target\":{\"@type\":\"EntryPoint\",\"urlTemplate\":\"https:\/\/www.uni.lu\/fr\/?s={search_term_string}\"},\"query-input\":\"required name=search_term_string\"}],\"inLanguage\":\"fr-FR\"},{\"@type\":\"Organization\",\"@id\":\"https:\/\/www.uni.lu\/fr\/#organization\",\"name\":\"Universit\u00e9 du Luxembourg\",\"alternateName\":\"Uni.lu\",\"url\":\"https:\/\/www.uni.lu\/fr\/\",\"logo\":{\"@type\":\"ImageObject\",\"inLanguage\":\"fr-FR\",\"@id\":\"https:\/\/www.uni.lu\/fr\/#\/schema\/logo\/image\/\",\"url\":\"https:\/\/www.uni.lu\/wp-content\/uploads\/sites\/11\/2026\/03\/03120045\/UNIV_SM-Profile_1600x1600px-scaled.jpg\",\"contentUrl\":\"https:\/\/www.uni.lu\/wp-content\/uploads\/sites\/11\/2026\/03\/03120045\/UNIV_SM-Profile_1600x1600px-scaled.jpg\",\"width\":2560,\"height\":2560,\"caption\":\"Universit\u00e9 du Luxembourg\"},\"image\":\"https:\/\/www.uni.lu\/wp-content\/uploads\/sites\/11\/2026\/04\/24120552\/20200609-Belval-Campus_Henri-Goergen-23.jpg\",\"sameAs\":[\"https:\/\/www.facebook.com\/uni.lu\",\"https:\/\/www.linkedin.com\/school\/university-of-luxembourg\/\",\"https:\/\/www.instagram.com\/uni.lu\",\"https:\/\/www.youtube.com\/@uni_lu\",\"https:\/\/en.wikipedia.org\/wiki\/University_of_Luxembourg\"],\"email\":\"communication@uni.lu\",\"telephone\":\"+352 46 66 44 1\",\"address\":{\"@type\":\"PostalAddress\",\"streetAddress\":\"2, place de l\u2019Universit\u00e9\",\"addressLocality\":\"Esch-sur-Alzette\",\"postalCode\":\"4365\",\"addressCountry\":\"LU\"},\"description\":\"Universit\u00e9 du Luxembourg\"}]}<\/script>\n<!-- \/ Yoast SEO Premium plugin. -->","yoast_head_json":{"title":"L\u2019Ambassade d\u2019Italie accorde un lectorat \u00e0 l\u2019Universit\u00e9 - Universit\u00e9 du Luxembourg","description":"Un protocole d\u2019accord a \u00e9t\u00e9 sign\u00e9 par l\u2019Universit\u00e9 de Luxembourg et l\u2019Ambassade d\u2019Italie au Luxembourg visant \u00e0 soutenir l\u2019enseignement de la langue italienne au sein de l\u2019Universit\u00e9 et de la formation continue \u00ab\u00a0Langues, cultures et soci\u00e9t\u00e9s italiennes\u00a0\u00bb.","robots":{"index":"index","follow":"follow","max-snippet":"max-snippet:-1","max-image-preview":"max-image-preview:large","max-video-preview":"max-video-preview:-1"},"canonical":"https:\/\/www.uni.lu\/fr\/news\/lambassade-ditalie-accorde-un-lectorat-a-luniversite\/","og_locale":"fr_FR","og_type":"article","og_title":"L\u2019Ambassade d\u2019Italie accorde un lectorat \u00e0 l\u2019Universit\u00e9","og_description":"Un protocole d\u2019accord a \u00e9t\u00e9 sign\u00e9 par l\u2019Universit\u00e9 de Luxembourg et l\u2019Ambassade d\u2019Italie au Luxembourg visant \u00e0 soutenir l\u2019enseignement de la langue italienne au sein de l\u2019Universit\u00e9 et de la formation continue \u00ab\u00a0Langues, cultures et soci\u00e9t\u00e9s italiennes\u00a0\u00bb.","og_url":"https:\/\/www.uni.lu\/fr\/news\/lambassade-ditalie-accorde-un-lectorat-a-luniversite\/","og_site_name":"UNI FR","article_publisher":"https:\/\/www.facebook.com\/uni.lu","og_image":[{"width":800,"height":600,"url":"https:\/\/www.uni.lu\/wp-content\/uploads\/sites\/11\/2022\/03\/l_ambassade_d_italie_accorde_un_lectorat_a_l_universite.jpg","type":"image\/jpeg"}],"twitter_card":"summary_large_image","twitter_misc":{"Dur\u00e9e de lecture estim\u00e9e":"1 minute"},"schema":{"@context":"https:\/\/schema.org","@graph":[{"@type":"NewsArticle","@id":"https:\/\/www.uni.lu\/fr\/news\/lambassade-ditalie-accorde-un-lectorat-a-luniversite\/#article","isPartOf":{"@id":"https:\/\/www.uni.lu\/fr\/news\/lambassade-ditalie-accorde-un-lectorat-a-luniversite\/"},"author":{"name":"","@id":""},"headline":"L\u2019Ambassade d\u2019Italie accorde un lectorat \u00e0 l\u2019Universit\u00e9","datePublished":"2022-03-18T13:37:45+00:00","dateModified":"2022-03-18T13:37:45+00:00","mainEntityOfPage":{"@id":"https:\/\/www.uni.lu\/fr\/news\/lambassade-ditalie-accorde-un-lectorat-a-luniversite\/"},"wordCount":281,"publisher":{"@id":"https:\/\/www.uni.lu\/fr\/#organization"},"inLanguage":"fr-FR"},{"@type":"WebPage","@id":"https:\/\/www.uni.lu\/fr\/news\/lambassade-ditalie-accorde-un-lectorat-a-luniversite\/","url":"https:\/\/www.uni.lu\/fr\/news\/lambassade-ditalie-accorde-un-lectorat-a-luniversite\/","name":"L\u2019Ambassade d\u2019Italie accorde un lectorat \u00e0 l\u2019Universit\u00e9 - Universit\u00e9 du Luxembourg","isPartOf":{"@id":"https:\/\/www.uni.lu\/fr\/#website"},"datePublished":"2022-03-18T13:37:45+00:00","dateModified":"2022-03-18T13:37:45+00:00","description":"Un protocole d\u2019accord a \u00e9t\u00e9 sign\u00e9 par l\u2019Universit\u00e9 de Luxembourg et l\u2019Ambassade d\u2019Italie au Luxembourg visant \u00e0 soutenir l\u2019enseignement de la langue italienne au sein de l\u2019Universit\u00e9 et de la formation continue \u00ab\u00a0Langues, cultures et soci\u00e9t\u00e9s italiennes\u00a0\u00bb.","breadcrumb":{"@id":"https:\/\/www.uni.lu\/fr\/news\/lambassade-ditalie-accorde-un-lectorat-a-luniversite\/#breadcrumb"},"inLanguage":"fr-FR","potentialAction":[{"@type":"ReadAction","target":["https:\/\/www.uni.lu\/fr\/news\/lambassade-ditalie-accorde-un-lectorat-a-luniversite\/"]}]},{"@type":"BreadcrumbList","@id":"https:\/\/www.uni.lu\/fr\/news\/lambassade-ditalie-accorde-un-lectorat-a-luniversite\/#breadcrumb","itemListElement":[{"@type":"ListItem","position":1,"name":"Home","item":"https:\/\/www.uni.lu\/fr\/"},{"@type":"ListItem","position":2,"name":"News","item":"https:\/\/www.uni.lu\/fr\/news\/"},{"@type":"ListItem","position":3,"name":"L\u2019Ambassade d\u2019Italie accorde un lectorat \u00e0 l\u2019Universit\u00e9"}]},{"@type":"WebSite","@id":"https:\/\/www.uni.lu\/fr\/#website","url":"https:\/\/www.uni.lu\/fr\/","name":"Uni.lu","description":"Universit\u00e9 du Luxembourg","publisher":{"@id":"https:\/\/www.uni.lu\/fr\/#organization"},"alternateName":"Universit\u00e9 du Luxembourg","potentialAction":[{"@type":"SearchAction","target":{"@type":"EntryPoint","urlTemplate":"https:\/\/www.uni.lu\/fr\/?s={search_term_string}"},"query-input":"required name=search_term_string"}],"inLanguage":"fr-FR"},{"@type":"Organization","@id":"https:\/\/www.uni.lu\/fr\/#organization","name":"Universit\u00e9 du Luxembourg","alternateName":"Uni.lu","url":"https:\/\/www.uni.lu\/fr\/","logo":{"@type":"ImageObject","inLanguage":"fr-FR","@id":"https:\/\/www.uni.lu\/fr\/#\/schema\/logo\/image\/","url":"https:\/\/www.uni.lu\/wp-content\/uploads\/sites\/11\/2026\/03\/03120045\/UNIV_SM-Profile_1600x1600px-scaled.jpg","contentUrl":"https:\/\/www.uni.lu\/wp-content\/uploads\/sites\/11\/2026\/03\/03120045\/UNIV_SM-Profile_1600x1600px-scaled.jpg","width":2560,"height":2560,"caption":"Universit\u00e9 du Luxembourg"},"image":"https:\/\/www.uni.lu\/wp-content\/uploads\/sites\/11\/2026\/04\/24120552\/20200609-Belval-Campus_Henri-Goergen-23.jpg","sameAs":["https:\/\/www.facebook.com\/uni.lu","https:\/\/www.linkedin.com\/school\/university-of-luxembourg\/","https:\/\/www.instagram.com\/uni.lu","https:\/\/www.youtube.com\/@uni_lu","https:\/\/en.wikipedia.org\/wiki\/University_of_Luxembourg"],"email":"communication@uni.lu","telephone":"+352 46 66 44 1","address":{"@type":"PostalAddress","streetAddress":"2, place de l\u2019Universit\u00e9","addressLocality":"Esch-sur-Alzette","postalCode":"4365","addressCountry":"LU"},"description":"Universit\u00e9 du Luxembourg"}]}},"blog_id":11,"_links":{"self":[{"href":"https:\/\/www.uni.lu\/fr\/wp-json\/wp\/v2\/news\/1726"}],"collection":[{"href":"https:\/\/www.uni.lu\/fr\/wp-json\/wp\/v2\/news"}],"about":[{"href":"https:\/\/www.uni.lu\/fr\/wp-json\/wp\/v2\/types\/news"}],"version-history":[{"count":0,"href":"https:\/\/www.uni.lu\/fr\/wp-json\/wp\/v2\/news\/1726\/revisions"}],"wp:attachment":[{"href":"https:\/\/www.uni.lu\/fr\/wp-json\/wp\/v2\/media?parent=1726"}],"wp:term":[{"taxonomy":"news-category","embeddable":true,"href":"https:\/\/www.uni.lu\/fr\/wp-json\/wp\/v2\/news-category?post=1726"},{"taxonomy":"news-topic","embeddable":true,"href":"https:\/\/www.uni.lu\/fr\/wp-json\/wp\/v2\/news-topic?post=1726"},{"taxonomy":"organisation","embeddable":true,"href":"https:\/\/www.uni.lu\/fr\/wp-json\/wp\/v2\/organisation?post=1726"}],"curies":[{"name":"wp","href":"https:\/\/api.w.org\/{rel}","templated":true}]}}