{"id":17224,"date":"2025-11-20T16:47:03","date_gmt":"2025-11-20T15:47:03","guid":{"rendered":"https:\/\/www.uni.lu\/fr\/?post_type=news&#038;p=17224"},"modified":"2025-11-21T11:33:43","modified_gmt":"2025-11-21T10:33:43","slug":"uni-lu-classee-pour-la-1ere-fois-dans-le-interdisciplinary-science-rankings","status":"publish","type":"news","link":"https:\/\/www.uni.lu\/fr\/news\/uni-lu-classee-pour-la-1ere-fois-dans-le-interdisciplinary-science-rankings\/","title":{"rendered":"Uni.lu class\u00e9e pour la 1\u00e8re fois dans le Interdisciplinary Science Rankings"},"content":{"rendered":"\n<section class=\"wp-block-unilux-blocks-free-section section\"><div class=\"container xl:max-w-screen-xl\"><ul class=\"wp-block-unilux-blocks-facts-figures-icon\">\n    \n<li class=\"wp-block-unilux-blocks-facts-icon\">\n    \n<div class=\"wp-block-unilux-blocks-wrapper figure-visual\">\n<div class=\" -2 icon--3xl wp-block-unilux-blocks-icon-picker\">\n    <svg aria-hidden=\"true\" focusable=\"false\" class=\"icon icon-outline icon--winner \"><use xlink:href=\"https:\/\/www.uni.lu\/wp-content\/themes\/unilux-theme\/assets\/images\/icons\/icons-outline.svg#icon--winner\"><\/use><\/svg><\/div>\n\n\n<p class=\"figure-visual__description wp-block-unilux-blocks-plain-text\">147e sur 911 universit\u00e9s issues de 94 pays<\/p><\/div>\n<\/li>\n\n<li class=\"wp-block-unilux-blocks-facts-icon\">\n    \n<div class=\"wp-block-unilux-blocks-wrapper figure-visual\">\n<div class=\"icon--primary icon--secondary-2 icon--3xl wp-block-unilux-blocks-icon-picker\">\n    <svg aria-hidden=\"true\" focusable=\"false\" class=\"icon icon-outline icon--global \"><use xlink:href=\"https:\/\/www.uni.lu\/wp-content\/themes\/unilux-theme\/assets\/images\/icons\/icons-outline.svg#icon--global\"><\/use><\/svg><\/div>\n\n\n<p class=\"figure-visual__description wp-block-unilux-blocks-plain-text\">26e en Europe<\/p><\/div>\n<\/li>\n<\/ul>\n\n\n\n\n<p>L&rsquo;Universit\u00e9 du Luxembourg figure pour la premi\u00e8re fois dans le classement Times Higher Education Interdisciplinary Science Rankings, se classant 147<sup>e<\/sup> sur 911 universit\u00e9s issues de 94 pays ou territoires et 26<sup>e<\/sup> en Europe. L&rsquo;interdisciplinarit\u00e9 d\u00e9passe les fronti\u00e8res entre les disciplines et les secteurs afin d&rsquo;ouvrir la voie \u00e0 de nouvelles avanc\u00e9es dans le domaine de la recherche et de l&rsquo;innovation internationales. Le concept est au c\u0153ur de l&rsquo;Universit\u00e9 du Luxembourg, qui compte cinq centres interdisciplinaires et un <a href=\"https:\/\/www.uni.lu\/research-en\/ias\/\" target=\"_blank\" rel=\"noreferrer noopener\">Institute for Advanced Studies<\/a> (IAS) qui soutient quatre <a href=\"https:\/\/www.uni.lu\/research-en\/ias\/funding-instruments\/\" target=\"_blank\" rel=\"noreferrer noopener\">instruments de financement<\/a> d\u00e9di\u00e9s.&nbsp;<\/p>\n\n\n\n<div class=\"wp-block-columns are-vertically-aligned-center is-layout-flex wp-block-columns-is-layout-flex\">\n<div class=\"wp-block-column is-vertically-aligned-center is-layout-flow wp-block-column-is-layout-flow\">\n<p>Le classement Interdisciplinary Science Rankings, une collaboration entre Times Higher Education (THE) et Schmidt Science Fellows, vise \u00e0 mesurer les contributions et l&rsquo;engagement en faveur des sciences interdisciplinaires des universit\u00e9s du monde entier. <\/p>\n<\/div>\n\n\n\n<div class=\"wp-block-column is-vertically-aligned-center is-layout-flow wp-block-column-is-layout-flow\"><figure class=\"wp-block-dev4-reusable-blocks-image  object-fit--contain\">\n    \n<img decoding=\"async\" class=\"wp-block-image unilux-custom-image-block\"\n                alt=\"\"\n            src=\"https:\/\/www.uni.lu\/wp-content\/uploads\/sites\/9\/2025\/11\/20160523\/Interdisciplinary-Science-Ranking-2026_THE_SSF_RGB_COL.png\"\n                    style=\"object-position: 50.00% 50.00%; font-family: &quot;object-fit: contain; object-position: 50.00% 50.00%;&quot;; aspect-ratio: 32\/9; object-fit: contain; width: 100%;\"\n        loading=\"lazy\"\n\/>    <\/figure><\/div>\n<\/div>\n\n\n\n<p>Onze indicateurs couvrent trois domaines : les apports (financement) ; les processus (mesures de r\u00e9ussite, installations, soutien administratif et promotion) ; et les r\u00e9sultats (publications, qualit\u00e9 de la recherche et r\u00e9putation). Il se concentre sur \u00ab<em> tout projet de recherche qui comprend plusieurs disciplines scientifiques, ou une ou plusieurs disciplines scientifiques combin\u00e9es \u00e0 une ou plusieurs des disciplines non STEM suivantes : sciences sociales, \u00e9ducation, psychologie, droit, \u00e9conomie ou m\u00e9decine et sant\u00e9<\/em> \u00bb. Le <a href=\"https:\/\/www.timeshighereducation.com\/world-university-rankings\/interdisciplinary-science-rankings\">classement mondial<\/a> et la <a href=\"https:\/\/www.timeshighereducation.com\/world-university-rankings\/interdisciplinary-science-rankings-2026-methodology\">m\u00e9thodologie compl\u00e8te<\/a> sont disponibles sur le site web du THE.&nbsp;<\/p>\n\n\n\n<p>Dans un rapport connexe, la Commission europ\u00e9enne classe le Luxembourg en tant que \u2018strong innovator\u2019 dans son <a href=\"https:\/\/research-and-innovation.ec.europa.eu\/knowledge-publications-tools-and-data\/publications\/all-publications\/european-innovation-scoreboard-2025_en?prefLang=fr\" target=\"_blank\" rel=\"noreferrer noopener\">European Innovation Scoreboard 2025<\/a>, qui repose sur 33 indicateurs. Le pays occupe la septi\u00e8me place parmi les 27 \u00c9tats membres de l&rsquo;UE, gr\u00e2ce aux travaux de recherche men\u00e9s \u00e0 l&rsquo;Universit\u00e9 du Luxembourg et dans les instituts de recherche \u00e0 travers le pays. \u00ab<em> En termes de nouveaux doctorats d\u00e9cern\u00e9s, le Grand-Duch\u00e9 occupe la premi\u00e8re place du classement<\/em> \u00bb, note l\u2019hebdomadaire <a href=\"https:\/\/www.land.lu\/\" target=\"_blank\" rel=\"noreferrer noopener\">Land<\/a> dans sa derni\u00e8re publication. \u00ab <em>Pour les publications scientifiques souvent cit\u00e9es, il occupe la deuxi\u00e8me place. Pour les publications issues de partenariats public-priv\u00e9, il occupe \u00e9galement la deuxi\u00e8me place. Et aucun autre pays de l&rsquo;UE n&rsquo;affiche une proportion de doctorants \u00e9trangers aussi \u00e9lev\u00e9e qu&rsquo;ici<\/em>. \u00bb&nbsp;<\/p>\n<\/div><\/section>\n\n\n<section class=\"section section wp-block-unilux-blocks-quick-link-discover-section py-0\">\n    <div class=\"container xl:max-w-screen-xl\">\n        \n<h2 class=\"has-text-align-left wp-block-unilux-blocks-heading\"        id=\"decouvrez-egalement\"\n    >\nD\u00e9couvrez \u00e9galement<\/h2>\n\n<ul class=\"wp-block-unilux-blocks-quick-link-discover quick-link-list\">\n<li class=\"wp-block-unilux-blocks-quick-link-discover-item\">\n    <a\n                    href=\"https:\/\/www.uni.lu\/fr\/a-propos\/profil\/faits-et-chiffres\/\"\n                    class=\"quick-link\"\n            target=\"\"\n    >\n            <span class=\"quick-link__container\">\n                <span class=\"quick-link__text\">\n                    Faits et chiffres sur Uni.lu                <\/span>\n                <svg aria-hidden=\"true\" focusable=\"false\" class=\"icon icon-outline icon--arrow-right \"><use xlink:href=\"https:\/\/www.uni.lu\/wp-content\/themes\/unilux-theme\/assets\/images\/icons\/icons-outline.svg#icon--arrow-right\"><\/use><\/svg>            <\/span>\n    <\/a>\n<\/li>\n\n\n\n<li class=\"wp-block-unilux-blocks-quick-link-discover-item\">\n    <a\n                    href=\"https:\/\/www.uni.lu\/fr\/a-propos\/profil\/faits-et-chiffres\/diplomes\/\"\n                    class=\"quick-link\"\n            target=\"\"\n    >\n            <span class=\"quick-link__container\">\n                <span class=\"quick-link__text\">\n                    Faits et chiffres sur nos dipl\u00f4m\u00e9s                <\/span>\n                <svg aria-hidden=\"true\" focusable=\"false\" class=\"icon icon-outline icon--arrow-right \"><use xlink:href=\"https:\/\/www.uni.lu\/wp-content\/themes\/unilux-theme\/assets\/images\/icons\/icons-outline.svg#icon--arrow-right\"><\/use><\/svg>            <\/span>\n    <\/a>\n<\/li>\n<\/ul>\n    <\/div>\n<\/section>","protected":false},"excerpt":{"rendered":"","protected":false},"author":341,"featured_media":17225,"template":"","format":"standard","meta":{"featured_image_focal_point":{"x":0.43,"y":0.43},"show_featured_caption":true,"ulux_newsletter_groups":"","uluxPostTitle":"","uluxPrePostTitle":"","_trash_the_other_posts":false,"_price":"","_stock":"","_tribe_ticket_header":"","_tribe_default_ticket_provider":"","_tribe_ticket_capacity":"0","_ticket_start_date":"","_ticket_end_date":"","_tribe_ticket_show_description":"","_tribe_ticket_show_not_going":false,"_tribe_ticket_use_global_stock":"","_tribe_ticket_global_stock_level":"","_global_stock_mode":"","_global_stock_cap":"","_tribe_rsvp_for_event":"","_tribe_ticket_going_count":"","_tribe_ticket_not_going_count":"","_tribe_tickets_list":"[]","_tribe_ticket_has_attendee_info_fields":false},"news-category":[8],"news-topic":[],"organisation":[226],"authorship":[341],"acf":[],"yoast_head":"<!-- This site is optimized with the Yoast SEO Premium plugin v22.3 (Yoast SEO v22.3) - https:\/\/yoast.com\/wordpress\/plugins\/seo\/ -->\n<title>Uni.lu class\u00e9e pour la 1\u00e8re fois dans le Interdisciplinary Science Rankings - Universit\u00e9 du Luxembourg<\/title>\n<meta name=\"description\" content=\"L&#039;Universit\u00e9 du Luxembourg figure pour la premi\u00e8re fois dans le classement Times Higher Education Interdisciplinary Science Rankings, se classant 147e sur\" \/>\n<meta name=\"robots\" content=\"index, follow, max-snippet:-1, max-image-preview:large, max-video-preview:-1\" \/>\n<link rel=\"canonical\" href=\"https:\/\/www.uni.lu\/fr\/news\/uni-lu-classee-pour-la-1ere-fois-dans-le-interdisciplinary-science-rankings\/\" \/>\n<meta property=\"og:locale\" content=\"fr_FR\" \/>\n<meta property=\"og:type\" content=\"article\" \/>\n<meta property=\"og:title\" content=\"Uni.lu class\u00e9e pour la 1\u00e8re fois dans le Interdisciplinary Science Rankings\" \/>\n<meta property=\"og:description\" content=\"L&#039;Universit\u00e9 du Luxembourg figure pour la premi\u00e8re fois dans le classement Times Higher Education Interdisciplinary Science Rankings, se classant 147e sur\" \/>\n<meta property=\"og:url\" content=\"https:\/\/www.uni.lu\/fr\/news\/uni-lu-classee-pour-la-1ere-fois-dans-le-interdisciplinary-science-rankings\/\" \/>\n<meta property=\"og:site_name\" content=\"UNI FR\" \/>\n<meta property=\"article:publisher\" content=\"https:\/\/www.facebook.com\/uni.lu\" \/>\n<meta property=\"article:modified_time\" content=\"2025-11-21T10:33:43+00:00\" \/>\n<meta property=\"og:image\" content=\"https:\/\/www.uni.lu\/wp-content\/uploads\/sites\/11\/2025\/11\/20161617\/the-ranking-2026.webp\" \/>\n\t<meta property=\"og:image:width\" content=\"620\" \/>\n\t<meta property=\"og:image:height\" content=\"413\" \/>\n\t<meta property=\"og:image:type\" content=\"image\/webp\" \/>\n<meta name=\"twitter:card\" content=\"summary_large_image\" \/>\n<meta name=\"twitter:label1\" content=\"Dur\u00e9e de lecture estim\u00e9e\" \/>\n\t<meta name=\"twitter:data1\" content=\"2 minutes\" \/>\n<script type=\"application\/ld+json\" class=\"yoast-schema-graph\">{\"@context\":\"https:\/\/schema.org\",\"@graph\":[{\"@type\":\"NewsArticle\",\"@id\":\"https:\/\/www.uni.lu\/fr\/news\/uni-lu-classee-pour-la-1ere-fois-dans-le-interdisciplinary-science-rankings\/#article\",\"isPartOf\":{\"@id\":\"https:\/\/www.uni.lu\/fr\/news\/uni-lu-classee-pour-la-1ere-fois-dans-le-interdisciplinary-science-rankings\/\"},\"author\":{\"name\":\"Catherine Clesse\",\"@id\":\"https:\/\/www.uni.lu\/fr\/#\/schema\/person\/67d3defa53981502bf9cddb74a850c08\"},\"headline\":\"Uni.lu class\u00e9e pour la 1\u00e8re fois dans le Interdisciplinary Science Rankings\",\"datePublished\":\"2025-11-20T15:47:03+00:00\",\"dateModified\":\"2025-11-21T10:33:43+00:00\",\"mainEntityOfPage\":{\"@id\":\"https:\/\/www.uni.lu\/fr\/news\/uni-lu-classee-pour-la-1ere-fois-dans-le-interdisciplinary-science-rankings\/\"},\"wordCount\":369,\"publisher\":{\"@id\":\"https:\/\/www.uni.lu\/fr\/#organization\"},\"image\":{\"@id\":\"https:\/\/www.uni.lu\/fr\/news\/uni-lu-classee-pour-la-1ere-fois-dans-le-interdisciplinary-science-rankings\/#primaryimage\"},\"thumbnailUrl\":\"https:\/\/www.uni.lu\/wp-content\/uploads\/sites\/11\/2025\/11\/20161617\/the-ranking-2026.webp\",\"inLanguage\":\"fr-FR\"},{\"@type\":\"WebPage\",\"@id\":\"https:\/\/www.uni.lu\/fr\/news\/uni-lu-classee-pour-la-1ere-fois-dans-le-interdisciplinary-science-rankings\/\",\"url\":\"https:\/\/www.uni.lu\/fr\/news\/uni-lu-classee-pour-la-1ere-fois-dans-le-interdisciplinary-science-rankings\/\",\"name\":\"Uni.lu class\u00e9e pour la 1\u00e8re fois dans le Interdisciplinary Science Rankings - Universit\u00e9 du Luxembourg\",\"isPartOf\":{\"@id\":\"https:\/\/www.uni.lu\/fr\/#website\"},\"primaryImageOfPage\":{\"@id\":\"https:\/\/www.uni.lu\/fr\/news\/uni-lu-classee-pour-la-1ere-fois-dans-le-interdisciplinary-science-rankings\/#primaryimage\"},\"image\":{\"@id\":\"https:\/\/www.uni.lu\/fr\/news\/uni-lu-classee-pour-la-1ere-fois-dans-le-interdisciplinary-science-rankings\/#primaryimage\"},\"thumbnailUrl\":\"https:\/\/www.uni.lu\/wp-content\/uploads\/sites\/11\/2025\/11\/20161617\/the-ranking-2026.webp\",\"datePublished\":\"2025-11-20T15:47:03+00:00\",\"dateModified\":\"2025-11-21T10:33:43+00:00\",\"description\":\"L'Universit\u00e9 du Luxembourg figure pour la premi\u00e8re fois dans le classement Times Higher Education Interdisciplinary Science Rankings, se classant 147e sur\",\"breadcrumb\":{\"@id\":\"https:\/\/www.uni.lu\/fr\/news\/uni-lu-classee-pour-la-1ere-fois-dans-le-interdisciplinary-science-rankings\/#breadcrumb\"},\"inLanguage\":\"fr-FR\",\"potentialAction\":[{\"@type\":\"ReadAction\",\"target\":[\"https:\/\/www.uni.lu\/fr\/news\/uni-lu-classee-pour-la-1ere-fois-dans-le-interdisciplinary-science-rankings\/\"]}]},{\"@type\":\"ImageObject\",\"inLanguage\":\"fr-FR\",\"@id\":\"https:\/\/www.uni.lu\/fr\/news\/uni-lu-classee-pour-la-1ere-fois-dans-le-interdisciplinary-science-rankings\/#primaryimage\",\"url\":\"https:\/\/www.uni.lu\/wp-content\/uploads\/sites\/11\/2025\/11\/20161617\/the-ranking-2026.webp\",\"contentUrl\":\"https:\/\/www.uni.lu\/wp-content\/uploads\/sites\/11\/2025\/11\/20161617\/the-ranking-2026.webp\",\"width\":620,\"height\":413,\"caption\":\"\u00a9 THE \u2013 Times Higher Education\"},{\"@type\":\"BreadcrumbList\",\"@id\":\"https:\/\/www.uni.lu\/fr\/news\/uni-lu-classee-pour-la-1ere-fois-dans-le-interdisciplinary-science-rankings\/#breadcrumb\",\"itemListElement\":[{\"@type\":\"ListItem\",\"position\":1,\"name\":\"Home\",\"item\":\"https:\/\/www.uni.lu\/fr\/\"},{\"@type\":\"ListItem\",\"position\":2,\"name\":\"News\",\"item\":\"https:\/\/www.uni.lu\/fr\/news\/\"},{\"@type\":\"ListItem\",\"position\":3,\"name\":\"Uni.lu class\u00e9e pour la 1\u00e8re fois dans le Interdisciplinary Science Rankings\"}]},{\"@type\":\"WebSite\",\"@id\":\"https:\/\/www.uni.lu\/fr\/#website\",\"url\":\"https:\/\/www.uni.lu\/fr\/\",\"name\":\"Uni.lu\",\"description\":\"Universit\u00e9 du Luxembourg\",\"publisher\":{\"@id\":\"https:\/\/www.uni.lu\/fr\/#organization\"},\"alternateName\":\"Universit\u00e9 du Luxembourg\",\"potentialAction\":[{\"@type\":\"SearchAction\",\"target\":{\"@type\":\"EntryPoint\",\"urlTemplate\":\"https:\/\/www.uni.lu\/fr\/?s={search_term_string}\"},\"query-input\":\"required name=search_term_string\"}],\"inLanguage\":\"fr-FR\"},{\"@type\":\"Organization\",\"@id\":\"https:\/\/www.uni.lu\/fr\/#organization\",\"name\":\"Universit\u00e9 du Luxembourg\",\"alternateName\":\"Uni.lu\",\"url\":\"https:\/\/www.uni.lu\/fr\/\",\"logo\":{\"@type\":\"ImageObject\",\"inLanguage\":\"fr-FR\",\"@id\":\"https:\/\/www.uni.lu\/fr\/#\/schema\/logo\/image\/\",\"url\":\"https:\/\/www.uni.lu\/wp-content\/uploads\/sites\/11\/2026\/03\/03120045\/UNIV_SM-Profile_1600x1600px-scaled.jpg\",\"contentUrl\":\"https:\/\/www.uni.lu\/wp-content\/uploads\/sites\/11\/2026\/03\/03120045\/UNIV_SM-Profile_1600x1600px-scaled.jpg\",\"width\":2560,\"height\":2560,\"caption\":\"Universit\u00e9 du Luxembourg\"},\"image\":\"https:\/\/www.uni.lu\/wp-content\/uploads\/sites\/11\/2026\/04\/24120552\/20200609-Belval-Campus_Henri-Goergen-23.jpg\",\"sameAs\":[\"https:\/\/www.facebook.com\/uni.lu\",\"https:\/\/www.linkedin.com\/school\/university-of-luxembourg\/\",\"https:\/\/www.instagram.com\/uni.lu\",\"https:\/\/www.youtube.com\/@uni_lu\",\"https:\/\/en.wikipedia.org\/wiki\/University_of_Luxembourg\"],\"email\":\"communication@uni.lu\",\"telephone\":\"+352 46 66 44 1\",\"address\":{\"@type\":\"PostalAddress\",\"streetAddress\":\"2, place de l\u2019Universit\u00e9\",\"addressLocality\":\"Esch-sur-Alzette\",\"postalCode\":\"4365\",\"addressCountry\":\"LU\"},\"description\":\"Universit\u00e9 du Luxembourg\"},{\"@type\":\"Person\",\"@id\":\"https:\/\/www.uni.lu\/fr\/#\/schema\/person\/67d3defa53981502bf9cddb74a850c08\",\"name\":\"Catherine Clesse\",\"image\":{\"@type\":\"ImageObject\",\"inLanguage\":\"fr-FR\",\"@id\":\"https:\/\/www.uni.lu\/fr\/#\/schema\/person\/image\/\",\"url\":\"https:\/\/secure.gravatar.com\/avatar\/6a2e15a24f9036a6aee8753304e46c2d?s=96&d=mm&r=g\",\"contentUrl\":\"https:\/\/secure.gravatar.com\/avatar\/6a2e15a24f9036a6aee8753304e46c2d?s=96&d=mm&r=g\",\"caption\":\"Catherine Clesse\"}}]}<\/script>\n<!-- \/ Yoast SEO Premium plugin. -->","yoast_head_json":{"title":"Uni.lu class\u00e9e pour la 1\u00e8re fois dans le Interdisciplinary Science Rankings - Universit\u00e9 du Luxembourg","description":"L'Universit\u00e9 du Luxembourg figure pour la premi\u00e8re fois dans le classement Times Higher Education Interdisciplinary Science Rankings, se classant 147e sur","robots":{"index":"index","follow":"follow","max-snippet":"max-snippet:-1","max-image-preview":"max-image-preview:large","max-video-preview":"max-video-preview:-1"},"canonical":"https:\/\/www.uni.lu\/fr\/news\/uni-lu-classee-pour-la-1ere-fois-dans-le-interdisciplinary-science-rankings\/","og_locale":"fr_FR","og_type":"article","og_title":"Uni.lu class\u00e9e pour la 1\u00e8re fois dans le Interdisciplinary Science Rankings","og_description":"L'Universit\u00e9 du Luxembourg figure pour la premi\u00e8re fois dans le classement Times Higher Education Interdisciplinary Science Rankings, se classant 147e sur","og_url":"https:\/\/www.uni.lu\/fr\/news\/uni-lu-classee-pour-la-1ere-fois-dans-le-interdisciplinary-science-rankings\/","og_site_name":"UNI FR","article_publisher":"https:\/\/www.facebook.com\/uni.lu","article_modified_time":"2025-11-21T10:33:43+00:00","og_image":[{"width":620,"height":413,"url":"https:\/\/www.uni.lu\/wp-content\/uploads\/sites\/11\/2025\/11\/20161617\/the-ranking-2026.webp","type":"image\/webp"}],"twitter_card":"summary_large_image","twitter_misc":{"Dur\u00e9e de lecture estim\u00e9e":"2 minutes"},"schema":{"@context":"https:\/\/schema.org","@graph":[{"@type":"NewsArticle","@id":"https:\/\/www.uni.lu\/fr\/news\/uni-lu-classee-pour-la-1ere-fois-dans-le-interdisciplinary-science-rankings\/#article","isPartOf":{"@id":"https:\/\/www.uni.lu\/fr\/news\/uni-lu-classee-pour-la-1ere-fois-dans-le-interdisciplinary-science-rankings\/"},"author":{"name":"Catherine Clesse","@id":"https:\/\/www.uni.lu\/fr\/#\/schema\/person\/67d3defa53981502bf9cddb74a850c08"},"headline":"Uni.lu class\u00e9e pour la 1\u00e8re fois dans le Interdisciplinary Science Rankings","datePublished":"2025-11-20T15:47:03+00:00","dateModified":"2025-11-21T10:33:43+00:00","mainEntityOfPage":{"@id":"https:\/\/www.uni.lu\/fr\/news\/uni-lu-classee-pour-la-1ere-fois-dans-le-interdisciplinary-science-rankings\/"},"wordCount":369,"publisher":{"@id":"https:\/\/www.uni.lu\/fr\/#organization"},"image":{"@id":"https:\/\/www.uni.lu\/fr\/news\/uni-lu-classee-pour-la-1ere-fois-dans-le-interdisciplinary-science-rankings\/#primaryimage"},"thumbnailUrl":"https:\/\/www.uni.lu\/wp-content\/uploads\/sites\/11\/2025\/11\/20161617\/the-ranking-2026.webp","inLanguage":"fr-FR"},{"@type":"WebPage","@id":"https:\/\/www.uni.lu\/fr\/news\/uni-lu-classee-pour-la-1ere-fois-dans-le-interdisciplinary-science-rankings\/","url":"https:\/\/www.uni.lu\/fr\/news\/uni-lu-classee-pour-la-1ere-fois-dans-le-interdisciplinary-science-rankings\/","name":"Uni.lu class\u00e9e pour la 1\u00e8re fois dans le Interdisciplinary Science Rankings - Universit\u00e9 du Luxembourg","isPartOf":{"@id":"https:\/\/www.uni.lu\/fr\/#website"},"primaryImageOfPage":{"@id":"https:\/\/www.uni.lu\/fr\/news\/uni-lu-classee-pour-la-1ere-fois-dans-le-interdisciplinary-science-rankings\/#primaryimage"},"image":{"@id":"https:\/\/www.uni.lu\/fr\/news\/uni-lu-classee-pour-la-1ere-fois-dans-le-interdisciplinary-science-rankings\/#primaryimage"},"thumbnailUrl":"https:\/\/www.uni.lu\/wp-content\/uploads\/sites\/11\/2025\/11\/20161617\/the-ranking-2026.webp","datePublished":"2025-11-20T15:47:03+00:00","dateModified":"2025-11-21T10:33:43+00:00","description":"L'Universit\u00e9 du Luxembourg figure pour la premi\u00e8re fois dans le classement Times Higher Education Interdisciplinary Science Rankings, se classant 147e sur","breadcrumb":{"@id":"https:\/\/www.uni.lu\/fr\/news\/uni-lu-classee-pour-la-1ere-fois-dans-le-interdisciplinary-science-rankings\/#breadcrumb"},"inLanguage":"fr-FR","potentialAction":[{"@type":"ReadAction","target":["https:\/\/www.uni.lu\/fr\/news\/uni-lu-classee-pour-la-1ere-fois-dans-le-interdisciplinary-science-rankings\/"]}]},{"@type":"ImageObject","inLanguage":"fr-FR","@id":"https:\/\/www.uni.lu\/fr\/news\/uni-lu-classee-pour-la-1ere-fois-dans-le-interdisciplinary-science-rankings\/#primaryimage","url":"https:\/\/www.uni.lu\/wp-content\/uploads\/sites\/11\/2025\/11\/20161617\/the-ranking-2026.webp","contentUrl":"https:\/\/www.uni.lu\/wp-content\/uploads\/sites\/11\/2025\/11\/20161617\/the-ranking-2026.webp","width":620,"height":413,"caption":"\u00a9 THE \u2013 Times Higher Education"},{"@type":"BreadcrumbList","@id":"https:\/\/www.uni.lu\/fr\/news\/uni-lu-classee-pour-la-1ere-fois-dans-le-interdisciplinary-science-rankings\/#breadcrumb","itemListElement":[{"@type":"ListItem","position":1,"name":"Home","item":"https:\/\/www.uni.lu\/fr\/"},{"@type":"ListItem","position":2,"name":"News","item":"https:\/\/www.uni.lu\/fr\/news\/"},{"@type":"ListItem","position":3,"name":"Uni.lu class\u00e9e pour la 1\u00e8re fois dans le Interdisciplinary Science Rankings"}]},{"@type":"WebSite","@id":"https:\/\/www.uni.lu\/fr\/#website","url":"https:\/\/www.uni.lu\/fr\/","name":"Uni.lu","description":"Universit\u00e9 du Luxembourg","publisher":{"@id":"https:\/\/www.uni.lu\/fr\/#organization"},"alternateName":"Universit\u00e9 du Luxembourg","potentialAction":[{"@type":"SearchAction","target":{"@type":"EntryPoint","urlTemplate":"https:\/\/www.uni.lu\/fr\/?s={search_term_string}"},"query-input":"required name=search_term_string"}],"inLanguage":"fr-FR"},{"@type":"Organization","@id":"https:\/\/www.uni.lu\/fr\/#organization","name":"Universit\u00e9 du Luxembourg","alternateName":"Uni.lu","url":"https:\/\/www.uni.lu\/fr\/","logo":{"@type":"ImageObject","inLanguage":"fr-FR","@id":"https:\/\/www.uni.lu\/fr\/#\/schema\/logo\/image\/","url":"https:\/\/www.uni.lu\/wp-content\/uploads\/sites\/11\/2026\/03\/03120045\/UNIV_SM-Profile_1600x1600px-scaled.jpg","contentUrl":"https:\/\/www.uni.lu\/wp-content\/uploads\/sites\/11\/2026\/03\/03120045\/UNIV_SM-Profile_1600x1600px-scaled.jpg","width":2560,"height":2560,"caption":"Universit\u00e9 du Luxembourg"},"image":"https:\/\/www.uni.lu\/wp-content\/uploads\/sites\/11\/2026\/04\/24120552\/20200609-Belval-Campus_Henri-Goergen-23.jpg","sameAs":["https:\/\/www.facebook.com\/uni.lu","https:\/\/www.linkedin.com\/school\/university-of-luxembourg\/","https:\/\/www.instagram.com\/uni.lu","https:\/\/www.youtube.com\/@uni_lu","https:\/\/en.wikipedia.org\/wiki\/University_of_Luxembourg"],"email":"communication@uni.lu","telephone":"+352 46 66 44 1","address":{"@type":"PostalAddress","streetAddress":"2, place de l\u2019Universit\u00e9","addressLocality":"Esch-sur-Alzette","postalCode":"4365","addressCountry":"LU"},"description":"Universit\u00e9 du Luxembourg"},{"@type":"Person","@id":"https:\/\/www.uni.lu\/fr\/#\/schema\/person\/67d3defa53981502bf9cddb74a850c08","name":"Catherine Clesse","image":{"@type":"ImageObject","inLanguage":"fr-FR","@id":"https:\/\/www.uni.lu\/fr\/#\/schema\/person\/image\/","url":"https:\/\/secure.gravatar.com\/avatar\/6a2e15a24f9036a6aee8753304e46c2d?s=96&d=mm&r=g","contentUrl":"https:\/\/secure.gravatar.com\/avatar\/6a2e15a24f9036a6aee8753304e46c2d?s=96&d=mm&r=g","caption":"Catherine Clesse"}}]}},"blog_id":11,"_links":{"self":[{"href":"https:\/\/www.uni.lu\/fr\/wp-json\/wp\/v2\/news\/17224"}],"collection":[{"href":"https:\/\/www.uni.lu\/fr\/wp-json\/wp\/v2\/news"}],"about":[{"href":"https:\/\/www.uni.lu\/fr\/wp-json\/wp\/v2\/types\/news"}],"author":[{"embeddable":true,"href":"https:\/\/www.uni.lu\/fr\/wp-json\/wp\/v2\/users\/341"}],"version-history":[{"count":5,"href":"https:\/\/www.uni.lu\/fr\/wp-json\/wp\/v2\/news\/17224\/revisions"}],"predecessor-version":[{"id":17244,"href":"https:\/\/www.uni.lu\/fr\/wp-json\/wp\/v2\/news\/17224\/revisions\/17244"}],"wp:authorship":[{"embeddable":true,"href":"https:\/\/www.uni.lu\/fr\/wp-json\/wp\/v2\/users\/341"}],"wp:featuredmedia":[{"embeddable":true,"href":"https:\/\/www.uni.lu\/fr\/wp-json\/wp\/v2\/media\/17225"}],"wp:attachment":[{"href":"https:\/\/www.uni.lu\/fr\/wp-json\/wp\/v2\/media?parent=17224"}],"wp:term":[{"taxonomy":"news-category","embeddable":true,"href":"https:\/\/www.uni.lu\/fr\/wp-json\/wp\/v2\/news-category?post=17224"},{"taxonomy":"news-topic","embeddable":true,"href":"https:\/\/www.uni.lu\/fr\/wp-json\/wp\/v2\/news-topic?post=17224"},{"taxonomy":"organisation","embeddable":true,"href":"https:\/\/www.uni.lu\/fr\/wp-json\/wp\/v2\/organisation?post=17224"}],"curies":[{"name":"wp","href":"https:\/\/api.w.org\/{rel}","templated":true}]}}