{"id":17156,"date":"2025-11-14T17:17:44","date_gmt":"2025-11-14T16:17:44","guid":{"rendered":"https:\/\/www.uni.lu\/fr\/?post_type=news&#038;p=17156"},"modified":"2026-01-29T12:57:42","modified_gmt":"2026-01-29T11:57:42","slug":"des-professeurs-de-neurologie-et-de-physique-de-l-uni-lu-selectionnes-dans-le-classement-highly-cited-researchers-2025","status":"publish","type":"news","link":"https:\/\/www.uni.lu\/fr\/news\/des-professeurs-de-neurologie-et-de-physique-de-l-uni-lu-selectionnes-dans-le-classement-highly-cited-researchers-2025\/","title":{"rendered":"Des professeurs de neurologie et de physique de l&rsquo;Uni.lu s\u00e9lectionn\u00e9s dans le classement Highly Cited Researchers 2025"},"content":{"rendered":"\n<section class=\"wp-block-unilux-blocks-free-section section\"><div class=\"container xl:max-w-screen-xl\">\n<p>Depuis 2001, la liste <a href=\"https:\/\/clarivate.com\/highly-cited-researchers\/\" target=\"_blank\" rel=\"noreferrer noopener\">Highly Cited Reserachers<\/a> identifie chaque ann\u00e9e les scientifiques du monde entier qui ont exerc\u00e9 une influence significative et \u00e9tendue dans leur(s) disciplines(s). Chaque chercheur s\u00e9lectionn\u00e9 a r\u00e9dig\u00e9 plusieurs articles scientifiques au cours de l&rsquo;ann\u00e9e qui se classent dans le top 1 % des citations, et en 2025 deux d&rsquo;entre eux travaillent actuellement \u00e0 l&rsquo;Universit\u00e9 du Luxembourg.<\/p>\n\n\n\n<h2 class=\"has-text-align-left wp-block-unilux-blocks-heading\"        id=\"citations-impact-innovant-et-etendue-de-la-recherche\"\n    >\nCitations, impact innovant et \u00e9tendue de la recherche<\/h2>\n\n\n\n<p>Clarivate, qui publie la liste, insiste sur le fait que les citations ne sont pas le seul indicateur. \u00ab\u202fNotre m\u00e9thode d&rsquo;identification des chercheurs les plus cit\u00e9s inclut non seulement le nombre de publications et de citations, mais aussi d&rsquo;autres crit\u00e8res qui nous orientent vers les scientifiques et les sp\u00e9cialistes en sciences sociales qui \u00e9largissent les connaissances dans des domaines de recherche de pointe et qui ont une influence et un impact \u00e0 l&rsquo;\u00e9chelle de la communaut\u00e9. L&rsquo;un des aspects du profil de publication qui nous aide \u00e0 s\u00e9lectionner ces contributeurs contemporains de premier plan est la production de recherches originales tr\u00e8s cit\u00e9es plut\u00f4t que d&rsquo;articles de synth\u00e8se. \u00bb&nbsp;<\/p>\n\n\n\n<p>Prof. <a href=\"https:\/\/www.uni.lu\/lcsb-en\/people\/michael-heneka\/\">Michael Heneka<\/a> est neurologue et chercheur. Sp\u00e9cialis\u00e9 en neurologie exp\u00e9rimentale, pr\u00e9clinique et clinique, il s&rsquo;int\u00e9resse aux maladies neurod\u00e9g\u00e9n\u00e9ratives (maladies d\u2019Alzheimer et de Parkinson, scl\u00e9rose lat\u00e9rale amyotrophique) et plus particuli\u00e8rement \u00e0 la neuroinflammation. Depuis janvier 2022, il occupe le poste de directeur du <a href=\"https:\/\/www.uni.lu\/lcsb-fr\/\">Luxembourg Centre for Systems Biomedicine<\/a> (LCSB) \u00e0 l&rsquo;Universit\u00e9 du Luxembourg, o\u00f9 il dirige \u00e9galement l\u2019\u00e9quipe <a href=\"https:\/\/www.uni.lu\/lcsb-en\/research-groups\/neuroinflammation\/\">Neuroinflammation<\/a>. Ses travaux de recherche visent \u00e0 comprendre comment les processus immunitaires et inflammatoires inn\u00e9s contribuent \u00e0 la neurod\u00e9g\u00e9n\u00e9rescence et comment exploiter ces connaissances \u00e0 des fins th\u00e9rapeutiques.&nbsp;<\/p>\n\n\n\n<p>Prof. <a href=\"https:\/\/www.uni.lu\/fstm-en\/people\/alexandre-tkatchenko\/\">Alexandre Tkatchenko<\/a> est professeur de physique chimique th\u00e9orique et directeur du d\u00e9partement de physique et de science des mat\u00e9riaux \u00e0 la <a href=\"https:\/\/www.uni.lu\/fstm-fr\/\">Facult\u00e9 des Sciences, des Technologies et de M\u00e9decine<\/a> (FSTM). Le groupe <a href=\"https:\/\/www.uni.lu\/fstm-en\/research-groups\/theoretical-chemical-physics\/\">Theoretical Chemical Physics<\/a>, compos\u00e9 de scientifiques pluridisciplinaires, d\u00e9veloppe de nouvelles m\u00e9thodologies et entreprend des projets informatiques ambitieux pour aborder les aspects fondamentaux et difficiles des syst\u00e8mes \u00e0 l\u2019intersection de la physique, de la chimie et de la biologie. L\u2019objectif principal de ce travail est d\u2019apporter un niveau de pr\u00e9cision et de compr\u00e9hension de la m\u00e9canique quantique \u00e0 des syst\u00e8mes vastes et complexes. Ses recherches ont \u00e9t\u00e9 g\u00e9n\u00e9reusement financ\u00e9es par le Conseil de recherche Europ\u00e9en (Starting, Consolidator, Advanced, et deux Proof of Concept Grants), le FNR, et par de nombreuses collaborations industrielles. Il est \u00e9galement cofondateur de Quastify GmbH, une start-up qui associe la m\u00e9canique quantique et statistique \u00e0 l\u2019apprentissage automatique pour explorer efficacement les espaces chimiques.&nbsp;<\/p>\n\n\n\n<p>L&rsquo;Universit\u00e9 du Luxembourg tient \u00e0 f\u00e9liciter Prof. Michael Heneka et Prof. Alexandre Tkatchenko pour leur contribution exceptionnelle \u00e0 la science et pour leur impact \u00e0 travers le monde.&nbsp;<\/p>\n\n\n<ul class=\"flex flex-wrap mt-24 -mx-16  wp-block-unilux-blocks-free-content-card\">\n    <li class=\"w-full sm:w-1\/2 lg:w-1\/3 px-16 wp-block-unilux-blocks-people-item-automated\"><div class=\"ulux-card card-people bg-theme\">    <div class=\"ulux-card__container\">\n        <div class=\"ulux-card__visual\">\n            <!-- Template Image Component: default -->\n<img decoding=\"async\" class=\"w-full\" width=\"\" height=\"\" rel=\"\" alt=\"Prof Michael HENEKA\" src=\"https:\/\/www.uni.lu\/en\/person-image\/NTAwNDQ0MTJfX01pY2hhZWwgSEVORUtB\" srcset=\"https:\/\/www.uni.lu\/en\/person-image\/NTAwNDQ0MTJfX01pY2hhZWwgSEVORUtB--thumbnail 150w,https:\/\/www.uni.lu\/en\/person-image\/NTAwNDQ0MTJfX01pY2hhZWwgSEVORUtB--medium 300w,https:\/\/www.uni.lu\/en\/person-image\/NTAwNDQ0MTJfX01pY2hhZWwgSEVORUtB--medium_large 768w,https:\/\/www.uni.lu\/en\/person-image\/NTAwNDQ0MTJfX01pY2hhZWwgSEVORUtB--large 1024w,https:\/\/www.uni.lu\/en\/person-image\/NTAwNDQ0MTJfX01pY2hhZWwgSEVORUtB--1536x1536 1536w,https:\/\/www.uni.lu\/en\/person-image\/NTAwNDQ0MTJfX01pY2hhZWwgSEVORUtB--2048x2048 2048w\" loading=\"lazy\" \/><!-- end Image Component -->\n        <\/div>\n        <div class=\"ulux-card__body card-people\">\n            <h3 class=\"card__name\">Prof Michael HENEKA<\/h3>\n            <div class=\"card__organization\">LCSB<\/div>\n            <div class=\"card__function\">Director of the &quot;Luxembourg Centre for Systems Biomedicine&quot;<\/div>\n            <div class=\"ulux-card__link-wrapper card__link wp-block-unilux-blocks-simple-cta wp-block-unilux-blocks-people-item-automated\">\n    <a\n        href=\"https:\/\/www.uni.lu\/lcsb-en\/people\/michael-heneka\/\"\n        title=\"Prof Michael HENEKA\"\n        class=\"link-text link-text--icon ulux-card__link link-absolute\"\n        target=\"\"\n    >\n        <span class=\"link-text__body\">\n            <span class=\"link-text__name\">Voir le profil<\/span>\n        <\/span>\n        <svg aria-hidden=\"true\" focusable=\"false\" class=\"icon icon-outline icon--arrow-right \"><use xlink:href=\"https:\/\/www.uni.lu\/wp-content\/themes\/unilux-theme\/assets\/images\/icons\/icons-outline.svg#icon--arrow-right\"><\/use><\/svg>    <\/a>\n<\/div>\n        <\/div>\n    <\/div>\n<\/div><\/li><li class=\"w-full sm:w-1\/2 lg:w-1\/3 px-16 wp-block-unilux-blocks-people-item-automated\"><div class=\"ulux-card card-people bg-theme\">    <div class=\"ulux-card__container\">\n        <div class=\"ulux-card__visual\">\n            <!-- Template Image Component: default -->\n<img decoding=\"async\" class=\"w-full\" width=\"\" height=\"\" rel=\"\" alt=\"Prof Alexandre TKATCHENKO\" src=\"https:\/\/www.uni.lu\/en\/person-image\/NTAwMDk1OTZfX0FsZXhhbmRyZSBUS0FUQ0hFTktP\" srcset=\"https:\/\/www.uni.lu\/en\/person-image\/NTAwMDk1OTZfX0FsZXhhbmRyZSBUS0FUQ0hFTktP--thumbnail 150w,https:\/\/www.uni.lu\/en\/person-image\/NTAwMDk1OTZfX0FsZXhhbmRyZSBUS0FUQ0hFTktP--medium 300w,https:\/\/www.uni.lu\/en\/person-image\/NTAwMDk1OTZfX0FsZXhhbmRyZSBUS0FUQ0hFTktP--medium_large 768w,https:\/\/www.uni.lu\/en\/person-image\/NTAwMDk1OTZfX0FsZXhhbmRyZSBUS0FUQ0hFTktP--large 1024w,https:\/\/www.uni.lu\/en\/person-image\/NTAwMDk1OTZfX0FsZXhhbmRyZSBUS0FUQ0hFTktP--1536x1536 1536w,https:\/\/www.uni.lu\/en\/person-image\/NTAwMDk1OTZfX0FsZXhhbmRyZSBUS0FUQ0hFTktP--2048x2048 2048w\" loading=\"lazy\" \/><!-- end Image Component -->\n        <\/div>\n        <div class=\"ulux-card__body card-people\">\n            <h3 class=\"card__name\">Prof Alexandre TKATCHENKO<\/h3>\n            <div class=\"card__organization\">FSTM<\/div>\n            <div class=\"card__function\">Full professor in Theoretical Condensed Matter Physics<\/div>\n            <div class=\"ulux-card__link-wrapper card__link wp-block-unilux-blocks-simple-cta wp-block-unilux-blocks-people-item-automated\">\n    <a\n        href=\"https:\/\/www.uni.lu\/fstm-en\/people\/alexandre-tkatchenko\/\"\n        title=\"Prof Alexandre TKATCHENKO\"\n        class=\"link-text link-text--icon ulux-card__link link-absolute\"\n        target=\"\"\n    >\n        <span class=\"link-text__body\">\n            <span class=\"link-text__name\">Voir le profil<\/span>\n        <\/span>\n        <svg aria-hidden=\"true\" focusable=\"false\" class=\"icon icon-outline icon--arrow-right \"><use xlink:href=\"https:\/\/www.uni.lu\/wp-content\/themes\/unilux-theme\/assets\/images\/icons\/icons-outline.svg#icon--arrow-right\"><\/use><\/svg>    <\/a>\n<\/div>\n        <\/div>\n    <\/div>\n<\/div><\/li><\/ul><\/div><\/section>\n","protected":false},"excerpt":{"rendered":"","protected":false},"author":42,"featured_media":18086,"template":"","format":"standard","meta":{"featured_image_focal_point":{"x":0.52,"y":0.43},"show_featured_caption":false,"ulux_newsletter_groups":"","uluxPostTitle":"","uluxPrePostTitle":"","_trash_the_other_posts":false,"_price":"","_stock":"","_tribe_ticket_header":"","_tribe_default_ticket_provider":"","_tribe_ticket_capacity":"0","_ticket_start_date":"","_ticket_end_date":"","_tribe_ticket_show_description":"","_tribe_ticket_show_not_going":false,"_tribe_ticket_use_global_stock":"","_tribe_ticket_global_stock_level":"","_global_stock_mode":"","_global_stock_cap":"","_tribe_rsvp_for_event":"","_tribe_ticket_going_count":"","_tribe_ticket_not_going_count":"","_tribe_tickets_list":"[]","_tribe_ticket_has_attendee_info_fields":false},"news-category":[8],"news-topic":[21,19],"organisation":[25,202],"authorship":[42],"acf":[],"yoast_head":"<!-- This site is optimized with the Yoast SEO Premium plugin v22.3 (Yoast SEO v22.3) - https:\/\/yoast.com\/wordpress\/plugins\/seo\/ -->\n<title>Des professeurs de neurologie et de physique de l&#039;Uni.lu s\u00e9lectionn\u00e9s dans le classement Highly Cited Researchers 2025 - Universit\u00e9 du Luxembourg<\/title>\n<meta name=\"description\" content=\"Depuis 2001, la liste Highly Cited Reserachers identifie chaque ann\u00e9e les scientifiques du monde entier qui ont exerc\u00e9 une influence significative et\" \/>\n<meta name=\"robots\" content=\"index, follow, max-snippet:-1, max-image-preview:large, max-video-preview:-1\" \/>\n<link rel=\"canonical\" href=\"https:\/\/www.uni.lu\/fr\/news\/des-professeurs-de-neurologie-et-de-physique-de-l-uni-lu-selectionnes-dans-le-classement-highly-cited-researchers-2025\/\" \/>\n<meta property=\"og:locale\" content=\"fr_FR\" \/>\n<meta property=\"og:type\" content=\"article\" \/>\n<meta property=\"og:title\" content=\"Des professeurs de neurologie et de physique de l&#039;Uni.lu s\u00e9lectionn\u00e9s dans le classement Highly Cited Researchers 2025\" \/>\n<meta property=\"og:description\" content=\"Depuis 2001, la liste Highly Cited Reserachers identifie chaque ann\u00e9e les scientifiques du monde entier qui ont exerc\u00e9 une influence significative et\" \/>\n<meta property=\"og:url\" content=\"https:\/\/www.uni.lu\/fr\/news\/des-professeurs-de-neurologie-et-de-physique-de-l-uni-lu-selectionnes-dans-le-classement-highly-cited-researchers-2025\/\" \/>\n<meta property=\"og:site_name\" content=\"UNI FR\" \/>\n<meta property=\"article:publisher\" content=\"https:\/\/www.facebook.com\/uni.lu\" \/>\n<meta property=\"article:modified_time\" content=\"2026-01-29T11:57:42+00:00\" \/>\n<meta property=\"og:image\" content=\"https:\/\/www.uni.lu\/wp-content\/uploads\/sites\/11\/2025\/11\/29125615\/alexandre-tkatchenko-michael-heneka-highly-cited-researchers-2025.jpg\" \/>\n\t<meta property=\"og:image:width\" content=\"2250\" \/>\n\t<meta property=\"og:image:height\" content=\"1687\" \/>\n\t<meta property=\"og:image:type\" content=\"image\/jpeg\" \/>\n<meta name=\"twitter:card\" content=\"summary_large_image\" \/>\n<meta name=\"twitter:label1\" content=\"Dur\u00e9e de lecture estim\u00e9e\" \/>\n\t<meta name=\"twitter:data1\" content=\"3 minutes\" \/>\n<script type=\"application\/ld+json\" class=\"yoast-schema-graph\">{\"@context\":\"https:\/\/schema.org\",\"@graph\":[{\"@type\":\"NewsArticle\",\"@id\":\"https:\/\/www.uni.lu\/fr\/news\/des-professeurs-de-neurologie-et-de-physique-de-l-uni-lu-selectionnes-dans-le-classement-highly-cited-researchers-2025\/#article\",\"isPartOf\":{\"@id\":\"https:\/\/www.uni.lu\/fr\/news\/des-professeurs-de-neurologie-et-de-physique-de-l-uni-lu-selectionnes-dans-le-classement-highly-cited-researchers-2025\/\"},\"author\":{\"name\":\"svankelst\",\"@id\":\"https:\/\/www.uni.lu\/fr\/#\/schema\/person\/bbacc9db2c68a323b1a3cbdab743cd0c\"},\"headline\":\"Des professeurs de neurologie et de physique de l&rsquo;Uni.lu s\u00e9lectionn\u00e9s dans le classement Highly Cited Researchers 2025\",\"datePublished\":\"2025-11-14T16:17:44+00:00\",\"dateModified\":\"2026-01-29T11:57:42+00:00\",\"mainEntityOfPage\":{\"@id\":\"https:\/\/www.uni.lu\/fr\/news\/des-professeurs-de-neurologie-et-de-physique-de-l-uni-lu-selectionnes-dans-le-classement-highly-cited-researchers-2025\/\"},\"wordCount\":498,\"publisher\":{\"@id\":\"https:\/\/www.uni.lu\/fr\/#organization\"},\"image\":{\"@id\":\"https:\/\/www.uni.lu\/fr\/news\/des-professeurs-de-neurologie-et-de-physique-de-l-uni-lu-selectionnes-dans-le-classement-highly-cited-researchers-2025\/#primaryimage\"},\"thumbnailUrl\":\"https:\/\/www.uni.lu\/wp-content\/uploads\/sites\/11\/2025\/11\/29125615\/alexandre-tkatchenko-michael-heneka-highly-cited-researchers-2025.jpg\",\"inLanguage\":\"fr-FR\"},{\"@type\":\"WebPage\",\"@id\":\"https:\/\/www.uni.lu\/fr\/news\/des-professeurs-de-neurologie-et-de-physique-de-l-uni-lu-selectionnes-dans-le-classement-highly-cited-researchers-2025\/\",\"url\":\"https:\/\/www.uni.lu\/fr\/news\/des-professeurs-de-neurologie-et-de-physique-de-l-uni-lu-selectionnes-dans-le-classement-highly-cited-researchers-2025\/\",\"name\":\"Des professeurs de neurologie et de physique de l'Uni.lu s\u00e9lectionn\u00e9s dans le classement Highly Cited Researchers 2025 - Universit\u00e9 du Luxembourg\",\"isPartOf\":{\"@id\":\"https:\/\/www.uni.lu\/fr\/#website\"},\"primaryImageOfPage\":{\"@id\":\"https:\/\/www.uni.lu\/fr\/news\/des-professeurs-de-neurologie-et-de-physique-de-l-uni-lu-selectionnes-dans-le-classement-highly-cited-researchers-2025\/#primaryimage\"},\"image\":{\"@id\":\"https:\/\/www.uni.lu\/fr\/news\/des-professeurs-de-neurologie-et-de-physique-de-l-uni-lu-selectionnes-dans-le-classement-highly-cited-researchers-2025\/#primaryimage\"},\"thumbnailUrl\":\"https:\/\/www.uni.lu\/wp-content\/uploads\/sites\/11\/2025\/11\/29125615\/alexandre-tkatchenko-michael-heneka-highly-cited-researchers-2025.jpg\",\"datePublished\":\"2025-11-14T16:17:44+00:00\",\"dateModified\":\"2026-01-29T11:57:42+00:00\",\"description\":\"Depuis 2001, la liste Highly Cited Reserachers identifie chaque ann\u00e9e les scientifiques du monde entier qui ont exerc\u00e9 une influence significative et\",\"breadcrumb\":{\"@id\":\"https:\/\/www.uni.lu\/fr\/news\/des-professeurs-de-neurologie-et-de-physique-de-l-uni-lu-selectionnes-dans-le-classement-highly-cited-researchers-2025\/#breadcrumb\"},\"inLanguage\":\"fr-FR\",\"potentialAction\":[{\"@type\":\"ReadAction\",\"target\":[\"https:\/\/www.uni.lu\/fr\/news\/des-professeurs-de-neurologie-et-de-physique-de-l-uni-lu-selectionnes-dans-le-classement-highly-cited-researchers-2025\/\"]}]},{\"@type\":\"ImageObject\",\"inLanguage\":\"fr-FR\",\"@id\":\"https:\/\/www.uni.lu\/fr\/news\/des-professeurs-de-neurologie-et-de-physique-de-l-uni-lu-selectionnes-dans-le-classement-highly-cited-researchers-2025\/#primaryimage\",\"url\":\"https:\/\/www.uni.lu\/wp-content\/uploads\/sites\/11\/2025\/11\/29125615\/alexandre-tkatchenko-michael-heneka-highly-cited-researchers-2025.jpg\",\"contentUrl\":\"https:\/\/www.uni.lu\/wp-content\/uploads\/sites\/11\/2025\/11\/29125615\/alexandre-tkatchenko-michael-heneka-highly-cited-researchers-2025.jpg\",\"width\":2250,\"height\":1687,\"caption\":\"Michael Heneka et Alexandre Tkatchenko \u00a9 Universit\u00e9 du Luxembourg\"},{\"@type\":\"BreadcrumbList\",\"@id\":\"https:\/\/www.uni.lu\/fr\/news\/des-professeurs-de-neurologie-et-de-physique-de-l-uni-lu-selectionnes-dans-le-classement-highly-cited-researchers-2025\/#breadcrumb\",\"itemListElement\":[{\"@type\":\"ListItem\",\"position\":1,\"name\":\"Home\",\"item\":\"https:\/\/www.uni.lu\/fr\/\"},{\"@type\":\"ListItem\",\"position\":2,\"name\":\"News\",\"item\":\"https:\/\/www.uni.lu\/fr\/news\/\"},{\"@type\":\"ListItem\",\"position\":3,\"name\":\"Des professeurs de neurologie et de physique de l'Uni.lu s\u00e9lectionn\u00e9s dans le classement Highly Cited Researchers 2025\"}]},{\"@type\":\"WebSite\",\"@id\":\"https:\/\/www.uni.lu\/fr\/#website\",\"url\":\"https:\/\/www.uni.lu\/fr\/\",\"name\":\"Uni.lu\",\"description\":\"Universit\u00e9 du Luxembourg\",\"publisher\":{\"@id\":\"https:\/\/www.uni.lu\/fr\/#organization\"},\"alternateName\":\"Universit\u00e9 du Luxembourg\",\"potentialAction\":[{\"@type\":\"SearchAction\",\"target\":{\"@type\":\"EntryPoint\",\"urlTemplate\":\"https:\/\/www.uni.lu\/fr\/?s={search_term_string}\"},\"query-input\":\"required name=search_term_string\"}],\"inLanguage\":\"fr-FR\"},{\"@type\":\"Organization\",\"@id\":\"https:\/\/www.uni.lu\/fr\/#organization\",\"name\":\"Universit\u00e9 du Luxembourg\",\"alternateName\":\"Uni.lu\",\"url\":\"https:\/\/www.uni.lu\/fr\/\",\"logo\":{\"@type\":\"ImageObject\",\"inLanguage\":\"fr-FR\",\"@id\":\"https:\/\/www.uni.lu\/fr\/#\/schema\/logo\/image\/\",\"url\":\"https:\/\/www.uni.lu\/wp-content\/uploads\/sites\/11\/2026\/03\/03120045\/UNIV_SM-Profile_1600x1600px-scaled.jpg\",\"contentUrl\":\"https:\/\/www.uni.lu\/wp-content\/uploads\/sites\/11\/2026\/03\/03120045\/UNIV_SM-Profile_1600x1600px-scaled.jpg\",\"width\":2560,\"height\":2560,\"caption\":\"Universit\u00e9 du Luxembourg\"},\"image\":\"https:\/\/www.uni.lu\/wp-content\/uploads\/sites\/11\/2026\/04\/24120552\/20200609-Belval-Campus_Henri-Goergen-23.jpg\",\"sameAs\":[\"https:\/\/www.facebook.com\/uni.lu\",\"https:\/\/www.linkedin.com\/school\/university-of-luxembourg\/\",\"https:\/\/www.instagram.com\/uni.lu\",\"https:\/\/www.youtube.com\/@uni_lu\",\"https:\/\/en.wikipedia.org\/wiki\/University_of_Luxembourg\"],\"email\":\"communication@uni.lu\",\"telephone\":\"+352 46 66 44 1\",\"address\":{\"@type\":\"PostalAddress\",\"streetAddress\":\"2, place de l\u2019Universit\u00e9\",\"addressLocality\":\"Esch-sur-Alzette\",\"postalCode\":\"4365\",\"addressCountry\":\"LU\"},\"description\":\"Universit\u00e9 du Luxembourg\"},{\"@type\":\"Person\",\"@id\":\"https:\/\/www.uni.lu\/fr\/#\/schema\/person\/bbacc9db2c68a323b1a3cbdab743cd0c\",\"name\":\"svankelst\",\"image\":{\"@type\":\"ImageObject\",\"inLanguage\":\"fr-FR\",\"@id\":\"https:\/\/www.uni.lu\/fr\/#\/schema\/person\/image\/\",\"url\":\"https:\/\/secure.gravatar.com\/avatar\/54b090610f90377561821e2f82f83b9f?s=96&d=mm&r=g\",\"contentUrl\":\"https:\/\/secure.gravatar.com\/avatar\/54b090610f90377561821e2f82f83b9f?s=96&d=mm&r=g\",\"caption\":\"svankelst\"}}]}<\/script>\n<!-- \/ Yoast SEO Premium plugin. -->","yoast_head_json":{"title":"Des professeurs de neurologie et de physique de l'Uni.lu s\u00e9lectionn\u00e9s dans le classement Highly Cited Researchers 2025 - Universit\u00e9 du Luxembourg","description":"Depuis 2001, la liste Highly Cited Reserachers identifie chaque ann\u00e9e les scientifiques du monde entier qui ont exerc\u00e9 une influence significative et","robots":{"index":"index","follow":"follow","max-snippet":"max-snippet:-1","max-image-preview":"max-image-preview:large","max-video-preview":"max-video-preview:-1"},"canonical":"https:\/\/www.uni.lu\/fr\/news\/des-professeurs-de-neurologie-et-de-physique-de-l-uni-lu-selectionnes-dans-le-classement-highly-cited-researchers-2025\/","og_locale":"fr_FR","og_type":"article","og_title":"Des professeurs de neurologie et de physique de l'Uni.lu s\u00e9lectionn\u00e9s dans le classement Highly Cited Researchers 2025","og_description":"Depuis 2001, la liste Highly Cited Reserachers identifie chaque ann\u00e9e les scientifiques du monde entier qui ont exerc\u00e9 une influence significative et","og_url":"https:\/\/www.uni.lu\/fr\/news\/des-professeurs-de-neurologie-et-de-physique-de-l-uni-lu-selectionnes-dans-le-classement-highly-cited-researchers-2025\/","og_site_name":"UNI FR","article_publisher":"https:\/\/www.facebook.com\/uni.lu","article_modified_time":"2026-01-29T11:57:42+00:00","og_image":[{"width":2250,"height":1687,"url":"https:\/\/www.uni.lu\/wp-content\/uploads\/sites\/11\/2025\/11\/29125615\/alexandre-tkatchenko-michael-heneka-highly-cited-researchers-2025.jpg","type":"image\/jpeg"}],"twitter_card":"summary_large_image","twitter_misc":{"Dur\u00e9e de lecture estim\u00e9e":"3 minutes"},"schema":{"@context":"https:\/\/schema.org","@graph":[{"@type":"NewsArticle","@id":"https:\/\/www.uni.lu\/fr\/news\/des-professeurs-de-neurologie-et-de-physique-de-l-uni-lu-selectionnes-dans-le-classement-highly-cited-researchers-2025\/#article","isPartOf":{"@id":"https:\/\/www.uni.lu\/fr\/news\/des-professeurs-de-neurologie-et-de-physique-de-l-uni-lu-selectionnes-dans-le-classement-highly-cited-researchers-2025\/"},"author":{"name":"svankelst","@id":"https:\/\/www.uni.lu\/fr\/#\/schema\/person\/bbacc9db2c68a323b1a3cbdab743cd0c"},"headline":"Des professeurs de neurologie et de physique de l&rsquo;Uni.lu s\u00e9lectionn\u00e9s dans le classement Highly Cited Researchers 2025","datePublished":"2025-11-14T16:17:44+00:00","dateModified":"2026-01-29T11:57:42+00:00","mainEntityOfPage":{"@id":"https:\/\/www.uni.lu\/fr\/news\/des-professeurs-de-neurologie-et-de-physique-de-l-uni-lu-selectionnes-dans-le-classement-highly-cited-researchers-2025\/"},"wordCount":498,"publisher":{"@id":"https:\/\/www.uni.lu\/fr\/#organization"},"image":{"@id":"https:\/\/www.uni.lu\/fr\/news\/des-professeurs-de-neurologie-et-de-physique-de-l-uni-lu-selectionnes-dans-le-classement-highly-cited-researchers-2025\/#primaryimage"},"thumbnailUrl":"https:\/\/www.uni.lu\/wp-content\/uploads\/sites\/11\/2025\/11\/29125615\/alexandre-tkatchenko-michael-heneka-highly-cited-researchers-2025.jpg","inLanguage":"fr-FR"},{"@type":"WebPage","@id":"https:\/\/www.uni.lu\/fr\/news\/des-professeurs-de-neurologie-et-de-physique-de-l-uni-lu-selectionnes-dans-le-classement-highly-cited-researchers-2025\/","url":"https:\/\/www.uni.lu\/fr\/news\/des-professeurs-de-neurologie-et-de-physique-de-l-uni-lu-selectionnes-dans-le-classement-highly-cited-researchers-2025\/","name":"Des professeurs de neurologie et de physique de l'Uni.lu s\u00e9lectionn\u00e9s dans le classement Highly Cited Researchers 2025 - Universit\u00e9 du Luxembourg","isPartOf":{"@id":"https:\/\/www.uni.lu\/fr\/#website"},"primaryImageOfPage":{"@id":"https:\/\/www.uni.lu\/fr\/news\/des-professeurs-de-neurologie-et-de-physique-de-l-uni-lu-selectionnes-dans-le-classement-highly-cited-researchers-2025\/#primaryimage"},"image":{"@id":"https:\/\/www.uni.lu\/fr\/news\/des-professeurs-de-neurologie-et-de-physique-de-l-uni-lu-selectionnes-dans-le-classement-highly-cited-researchers-2025\/#primaryimage"},"thumbnailUrl":"https:\/\/www.uni.lu\/wp-content\/uploads\/sites\/11\/2025\/11\/29125615\/alexandre-tkatchenko-michael-heneka-highly-cited-researchers-2025.jpg","datePublished":"2025-11-14T16:17:44+00:00","dateModified":"2026-01-29T11:57:42+00:00","description":"Depuis 2001, la liste Highly Cited Reserachers identifie chaque ann\u00e9e les scientifiques du monde entier qui ont exerc\u00e9 une influence significative et","breadcrumb":{"@id":"https:\/\/www.uni.lu\/fr\/news\/des-professeurs-de-neurologie-et-de-physique-de-l-uni-lu-selectionnes-dans-le-classement-highly-cited-researchers-2025\/#breadcrumb"},"inLanguage":"fr-FR","potentialAction":[{"@type":"ReadAction","target":["https:\/\/www.uni.lu\/fr\/news\/des-professeurs-de-neurologie-et-de-physique-de-l-uni-lu-selectionnes-dans-le-classement-highly-cited-researchers-2025\/"]}]},{"@type":"ImageObject","inLanguage":"fr-FR","@id":"https:\/\/www.uni.lu\/fr\/news\/des-professeurs-de-neurologie-et-de-physique-de-l-uni-lu-selectionnes-dans-le-classement-highly-cited-researchers-2025\/#primaryimage","url":"https:\/\/www.uni.lu\/wp-content\/uploads\/sites\/11\/2025\/11\/29125615\/alexandre-tkatchenko-michael-heneka-highly-cited-researchers-2025.jpg","contentUrl":"https:\/\/www.uni.lu\/wp-content\/uploads\/sites\/11\/2025\/11\/29125615\/alexandre-tkatchenko-michael-heneka-highly-cited-researchers-2025.jpg","width":2250,"height":1687,"caption":"Michael Heneka et Alexandre Tkatchenko \u00a9 Universit\u00e9 du Luxembourg"},{"@type":"BreadcrumbList","@id":"https:\/\/www.uni.lu\/fr\/news\/des-professeurs-de-neurologie-et-de-physique-de-l-uni-lu-selectionnes-dans-le-classement-highly-cited-researchers-2025\/#breadcrumb","itemListElement":[{"@type":"ListItem","position":1,"name":"Home","item":"https:\/\/www.uni.lu\/fr\/"},{"@type":"ListItem","position":2,"name":"News","item":"https:\/\/www.uni.lu\/fr\/news\/"},{"@type":"ListItem","position":3,"name":"Des professeurs de neurologie et de physique de l'Uni.lu s\u00e9lectionn\u00e9s dans le classement Highly Cited Researchers 2025"}]},{"@type":"WebSite","@id":"https:\/\/www.uni.lu\/fr\/#website","url":"https:\/\/www.uni.lu\/fr\/","name":"Uni.lu","description":"Universit\u00e9 du Luxembourg","publisher":{"@id":"https:\/\/www.uni.lu\/fr\/#organization"},"alternateName":"Universit\u00e9 du Luxembourg","potentialAction":[{"@type":"SearchAction","target":{"@type":"EntryPoint","urlTemplate":"https:\/\/www.uni.lu\/fr\/?s={search_term_string}"},"query-input":"required name=search_term_string"}],"inLanguage":"fr-FR"},{"@type":"Organization","@id":"https:\/\/www.uni.lu\/fr\/#organization","name":"Universit\u00e9 du Luxembourg","alternateName":"Uni.lu","url":"https:\/\/www.uni.lu\/fr\/","logo":{"@type":"ImageObject","inLanguage":"fr-FR","@id":"https:\/\/www.uni.lu\/fr\/#\/schema\/logo\/image\/","url":"https:\/\/www.uni.lu\/wp-content\/uploads\/sites\/11\/2026\/03\/03120045\/UNIV_SM-Profile_1600x1600px-scaled.jpg","contentUrl":"https:\/\/www.uni.lu\/wp-content\/uploads\/sites\/11\/2026\/03\/03120045\/UNIV_SM-Profile_1600x1600px-scaled.jpg","width":2560,"height":2560,"caption":"Universit\u00e9 du Luxembourg"},"image":"https:\/\/www.uni.lu\/wp-content\/uploads\/sites\/11\/2026\/04\/24120552\/20200609-Belval-Campus_Henri-Goergen-23.jpg","sameAs":["https:\/\/www.facebook.com\/uni.lu","https:\/\/www.linkedin.com\/school\/university-of-luxembourg\/","https:\/\/www.instagram.com\/uni.lu","https:\/\/www.youtube.com\/@uni_lu","https:\/\/en.wikipedia.org\/wiki\/University_of_Luxembourg"],"email":"communication@uni.lu","telephone":"+352 46 66 44 1","address":{"@type":"PostalAddress","streetAddress":"2, place de l\u2019Universit\u00e9","addressLocality":"Esch-sur-Alzette","postalCode":"4365","addressCountry":"LU"},"description":"Universit\u00e9 du Luxembourg"},{"@type":"Person","@id":"https:\/\/www.uni.lu\/fr\/#\/schema\/person\/bbacc9db2c68a323b1a3cbdab743cd0c","name":"svankelst","image":{"@type":"ImageObject","inLanguage":"fr-FR","@id":"https:\/\/www.uni.lu\/fr\/#\/schema\/person\/image\/","url":"https:\/\/secure.gravatar.com\/avatar\/54b090610f90377561821e2f82f83b9f?s=96&d=mm&r=g","contentUrl":"https:\/\/secure.gravatar.com\/avatar\/54b090610f90377561821e2f82f83b9f?s=96&d=mm&r=g","caption":"svankelst"}}]}},"blog_id":11,"_links":{"self":[{"href":"https:\/\/www.uni.lu\/fr\/wp-json\/wp\/v2\/news\/17156"}],"collection":[{"href":"https:\/\/www.uni.lu\/fr\/wp-json\/wp\/v2\/news"}],"about":[{"href":"https:\/\/www.uni.lu\/fr\/wp-json\/wp\/v2\/types\/news"}],"author":[{"embeddable":true,"href":"https:\/\/www.uni.lu\/fr\/wp-json\/wp\/v2\/users\/42"}],"version-history":[{"count":3,"href":"https:\/\/www.uni.lu\/fr\/wp-json\/wp\/v2\/news\/17156\/revisions"}],"predecessor-version":[{"id":18087,"href":"https:\/\/www.uni.lu\/fr\/wp-json\/wp\/v2\/news\/17156\/revisions\/18087"}],"wp:authorship":[{"embeddable":true,"href":"https:\/\/www.uni.lu\/fr\/wp-json\/wp\/v2\/users\/42"}],"wp:featuredmedia":[{"embeddable":true,"href":"https:\/\/www.uni.lu\/fr\/wp-json\/wp\/v2\/media\/18086"}],"wp:attachment":[{"href":"https:\/\/www.uni.lu\/fr\/wp-json\/wp\/v2\/media?parent=17156"}],"wp:term":[{"taxonomy":"news-category","embeddable":true,"href":"https:\/\/www.uni.lu\/fr\/wp-json\/wp\/v2\/news-category?post=17156"},{"taxonomy":"news-topic","embeddable":true,"href":"https:\/\/www.uni.lu\/fr\/wp-json\/wp\/v2\/news-topic?post=17156"},{"taxonomy":"organisation","embeddable":true,"href":"https:\/\/www.uni.lu\/fr\/wp-json\/wp\/v2\/organisation?post=17156"}],"curies":[{"name":"wp","href":"https:\/\/api.w.org\/{rel}","templated":true}]}}