{"id":16558,"date":"2025-09-19T17:21:37","date_gmt":"2025-09-19T15:21:37","guid":{"rendered":"https:\/\/www.uni.lu\/fr\/?post_type=news&#038;p=16558"},"modified":"2025-09-19T17:25:27","modified_gmt":"2025-09-19T15:25:27","slug":"un-nouveau-forum-ou-se-rencontrent-les-esprits-les-idees-et-les-connaissances","status":"publish","type":"news","link":"https:\/\/www.uni.lu\/fr\/news\/un-nouveau-forum-ou-se-rencontrent-les-esprits-les-idees-et-les-connaissances\/","title":{"rendered":"Un nouveau forum o\u00f9 se rencontrent les esprits, les id\u00e9es et les connaissances"},"content":{"rendered":"\n<section class=\"wp-block-unilux-blocks-free-section section\"><div class=\"container xl:max-w-screen-xl\">\n<p>Le 18 septembre, l&rsquo;Universit\u00e9 a accueilli 300 invit\u00e9s issus du monde universitaire et politique, des entreprises et de la soci\u00e9t\u00e9 civile, \u00e0 l&rsquo;occasion de la Rentr\u00e9e acad\u00e9mique, qui marque le d\u00e9but officiel de l&rsquo;ann\u00e9e acad\u00e9mique. L\u2019\u00e9v\u00e9nement vise \u00e0 renforcer l&rsquo;\u00e9cosyst\u00e8me des connaissances et de l&rsquo;innovation au Luxembourg.<\/p>\n\n\n<figure class=\"wp-block-dev4-reusable-blocks-image  object-fit--cover\">\n    \n<img decoding=\"async\" class=\"wp-block-image unilux-custom-image-block\"\n                alt=\"\"\n            src=\"https:\/\/www.uni.lu\/wp-content\/uploads\/sites\/9\/2025\/09\/19160134\/photo-1-scaled.jpg\"\n                    style=\"object-position: 50.00% 50.00%; font-family: &quot;object-fit: cover; object-position: 50.00% 50.00%;&quot;; aspect-ratio: 16\/9; object-fit: cover; width: 100%;\"\n        loading=\"lazy\"\n\/>    <\/figure>\n\n\n<h2 class=\"has-text-align-left wp-block-unilux-blocks-heading\"        id=\"une-universite-ou-les-personnes-se-rencontrent-les-idees-emergent-et-ou-lavenir-commence\"\n    >\n\u00ab Une universit\u00e9 o\u00f9 les personnes se rencontrent, les id\u00e9es \u00e9mergent et o\u00f9 l&rsquo;avenir commence. \u00bb<\/h2>\n\n\n\n<p>Le recteur Prof. Jens Kreisel a ouvert l\u2019\u00e9v\u00e9nement en mettant en avant la mission de l&rsquo;Universit\u00e9 : \u00ab Notre ambition est de contribuer de mani\u00e8re significative \u00e0 la soci\u00e9t\u00e9 et \u00e0 l&rsquo;industrie en donnant aux \u00e9tudiants et aux chercheurs les moyens d&rsquo;apporter des changements positifs et durables. \u00bb<\/p>\n\n\n\n<p>L&rsquo;Universit\u00e9 continuera \u00e0 d\u00e9velopper sa marque de fabrique : l&rsquo;interdisciplinarit\u00e9. \u00ab L&rsquo;interdisciplinarit\u00e9, c\u2019est l\u00e0 o\u00f9 les nouvelles id\u00e9es \u00e9mergent et o\u00f9 le progr\u00e8s prend forme. Avec l<a href=\"https:\/\/www.uni.lu\/en\/artificial-intelligence\/\">&lsquo;intelligence artificielle<\/a> comme moteur, l&rsquo;Universit\u00e9 s&rsquo;engage \u00e0 \u00eatre \u00e0 la pointe des d\u00e9veloppements dans des domaines tels que la sant\u00e9 num\u00e9rique, les sciences humaines num\u00e9riques, la FinTech et la num\u00e9risation de l&rsquo;\u00e9ducation. \u00bb<\/p>\n\n\n\n<p>Deux nouveaux centres de recherche interdisciplinaire permettront de d\u00e9velopper ces capacit\u00e9s. Le <a href=\"https:\/\/www.uni.lu\/lcses-fr\/\">Luxembourg Centre for Socio-Environmental Systems (LCSES)<\/a> guidera des recherches sur l\u2019interaction entre l&rsquo;environnement et la sant\u00e9, tandis que le <a href=\"https:\/\/www.uni.lu\/lcel-fr\/\">Luxembourg Centre for European Law (LCEL)<\/a> abordera les questions de r\u00e9glementation et de droit international \u00e0 l&rsquo;intersection des sciences politiques et d\u2019autres disciplines.&nbsp;<\/p>\n\n\n\n<p>Pour soutenir cette approche, Uni.lu a d\u00e9j\u00e0 mis en place des \u00ab catalyseurs transversaux \u00bb : l\u2019<a href=\"https:\/\/www.uni.lu\/research-en\/ias\/\">Institute of Advanced Studies (IAS)<\/a> pour la promotion de la recherche interdisciplinaire et le <a href=\"https:\/\/www.uni.lu\/research-en\/ulide\/\">University of Luxembourg Institute for Digital Ethics (ULIDE)<\/a> pour guider une transition num\u00e9rique dans le respect de l&rsquo;\u00e9thique. Cette ann\u00e9e verra le lancement d\u2019un troisi\u00e8me pilier : l\u2019Institute for Innovative Teaching and Learning, d\u00e9di\u00e9 \u00e0 l\u2019enseignement pionnier adapt\u00e9e aux besoins futurs.<\/p>\n\n\n\n<p>Mettre en relation des esprits et des allier les int\u00e9r\u00eats reste une priorit\u00e9 pour l&rsquo;Universit\u00e9, comme en t\u00e9moignent ses nombreux partenariats avec des institutions priv\u00e9es et publiques. Tout r\u00e9cemment, <a href=\"https:\/\/www.uni.lu\/research-fr\/news\/l-universite-et-ceratizit-lancent-une-chaire-pour-innover-dans-les-materiaux-et-la-production\/\">Uni.lu a sign\u00e9 un accord avec Ceratizit<\/a> pour faire progresser la recherche sur les mat\u00e9riaux durs et avanc\u00e9s, ainsi que <a href=\"https:\/\/www.uni.lu\/fr\/news\/le-luxembourg-lance-la-convention-cadre-climate-nexus-pour-renforcer-la-preparation-au-changement-climatique-et-la-cooperation-mondiale\/\">la Climate Nexus Convention<\/a>, en collaboration avec le minist\u00e8re de l&rsquo;Environnement, du Climat et de la Biodiversit\u00e9.&nbsp;<\/p>\n\n\n\n<section class=\"wp-block-unilux-blocks-quote-people\">\n    <div class=\"quote-people\" role=\"group\">\n        <figure class=\"quote-people__body\">\n            <blockquote class=\"quote-people__blockquote\">\n    <span class=\"quote-people__quote\">\u201f<\/span>\n    Pour r\u00e9aliser nos ambitions, nous avons besoin des partenaires de taille. Nous avons la chance de collaborer avec des organisations extraordinaires et un gouvernement qui soutient son universit\u00e9.\u201d\n<\/blockquote><!-- People Item Automated: Quote People -->\n<div class=\"quote-people__visual\">\n    <figure class=\"wp-block-dev4-reusable-blocks-image object-fit--cover\">\n        <!-- Template Image Component: default -->\n<img decoding=\"async\" class=\"w-full\" width=\"\" height=\"\" rel=\"\" alt=\"Prof Jens KREISEL\" src=\"https:\/\/www.uni.lu\/en\/person-image\/NTAwMzE3MzBfX0plbnMgS1JFSVNFTA==\" srcset=\"https:\/\/www.uni.lu\/en\/person-image\/NTAwMzE3MzBfX0plbnMgS1JFSVNFTA==--thumbnail 150w,https:\/\/www.uni.lu\/en\/person-image\/NTAwMzE3MzBfX0plbnMgS1JFSVNFTA==--medium 300w,https:\/\/www.uni.lu\/en\/person-image\/NTAwMzE3MzBfX0plbnMgS1JFSVNFTA==--medium_large 768w,https:\/\/www.uni.lu\/en\/person-image\/NTAwMzE3MzBfX0plbnMgS1JFSVNFTA==--large 1024w,https:\/\/www.uni.lu\/en\/person-image\/NTAwMzE3MzBfX0plbnMgS1JFSVNFTA==--1536x1536 1536w,https:\/\/www.uni.lu\/en\/person-image\/NTAwMzE3MzBfX0plbnMgS1JFSVNFTA==--2048x2048 2048w\" loading=\"lazy\" \/><!-- end Image Component -->\n    <\/figure>\n<\/div>\n<div class=\"quote-people__figcaption\">\n    <p class=\"quote-people__author\">Prof Jens KREISEL<\/p>\n    <p class=\"quote-people__position\">Rector<\/p>\n    <div class=\"wp-block-unilux-blocks-simple-cta wp-block-unilux-blocks-people-item-automated\">\n    <a\n        href=\"https:\/\/www.uni.lu\/fstm-en\/people\/jens-kreisel\/\"\n        title=\"Prof Jens KREISEL\"\n        class=\"link-text link-text--icon quote-people__link\"\n        target=\"\"\n    >\n        <span class=\"link-text__body\">\n            <span class=\"link-text__name\">Voir le profil<\/span>\n        <\/span>\n        <svg aria-hidden=\"true\" focusable=\"false\" class=\"icon icon-outline icon--arrow-right \"><use xlink:href=\"https:\/\/www.uni.lu\/wp-content\/themes\/unilux-theme\/assets\/images\/icons\/icons-outline.svg#icon--arrow-right\"><\/use><\/svg>    <\/a>\n<\/div>\n<\/div>\n<!-- end People Item Automated -->        <\/figure>\n    <\/div>\n<\/section>\n\n<div class=\"wp-block-unilux-blocks-spacer is-spacer-size-sm\"><\/div>\n\n\n<p>L&rsquo;engagement du gouvernement se refl\u00e8te dans les efforts de l&rsquo;Universit\u00e9 pour proposer une formation m\u00e9dicale adapt\u00e9e aux besoins en constante \u00e9volution du Luxembourg. \u00ab J\u2019ai le plaisir de partager avec vous que l&rsquo;Universit\u00e9 travaille \u00e0 la mise en place d\u2019un programme complet d\u2019\u00e9ducation et de recherche en mati\u00e8re de sant\u00e9 \u00bb, a d\u00e9clar\u00e9 Jens Kreisel.<\/p>\n\n\n\n<div class=\"wp-block-columns is-layout-flex wp-block-columns-is-layout-flex\">\n<div class=\"wp-block-column is-layout-flow wp-block-column-is-layout-flow\">\n<h2 class=\"has-text-align-left wp-block-unilux-blocks-heading\"        id=\"connecter-les-leaders-de-demain\"\n    >\nConnecter les leaders de demain<\/h2>\n\n\n\n<p>Jonathan Prince, cofondateur et CSO de Finologee, a donn\u00e9 un exemple concret de collaboration fructueuse entre le monde universitaire et l&rsquo;industrie : \u00ab Cette ann\u00e9e, deux chercheurs du <a href=\"https:\/\/www.uni.lu\/snt-fr\/\">Interdisciplinary Centre for Security, Reliability and Trust (SnT)<\/a> rejoindront Finologee pour travailler sur des initiatives d&rsquo;intelligence artificielle et leur mise en \u0153uvre dans nos services. C&rsquo;est pr\u00e9cis\u00e9ment ce type de passerelle entre le monde universitaire et les applications concr\u00e8tes dont nous avons besoin. Il s\u2019agit d\u2019\u00e9changer des connaissances, d\u2019appliquer les r\u00e9sultats de la recherche et d\u2019offrir une exp\u00e9rience inestimable aux dipl\u00f4m\u00e9s. \u00bb<\/p>\n<\/div>\n\n\n\n<div class=\"wp-block-column is-layout-flow wp-block-column-is-layout-flow\"><figure class=\"wp-block-dev4-reusable-blocks-image  object-fit--cover\">\n    \n<img decoding=\"async\" class=\"wp-block-image unilux-custom-image-block\"\n                alt=\"\"\n            src=\"https:\/\/www.uni.lu\/wp-content\/uploads\/sites\/9\/2025\/09\/19161109\/Finologee-scaled.jpg\"\n                    style=\"object-position: 50.00% 50.00%; font-family: &quot;object-fit: cover; object-position: 50.00% 50.00%;&quot;; aspect-ratio: 16\/9; object-fit: cover; width: 100%;\"\n        loading=\"lazy\"\n\/>            <p class=\"wp-block-dev4-reusable-blocks-image-caption\">\n            Jonathan Prince, cofondateur et CSO de Finologee        <\/p>\n    <\/figure><\/div>\n<\/div>\n\n\n\n<h2 class=\"has-text-align-left wp-block-unilux-blocks-heading\"        id=\"focus-sur-les-personnes\"\n    >\nFocus sur les personnes<\/h2>\n\n\n\n<p>\u00ab Lorsqu&rsquo;une universit\u00e9 a quatre ou cinq ans, il est difficile de jouer dans la cour des grands \u00bb, a plaisant\u00e9 le recteur. \u00ab Mais aujourd&rsquo;hui, \u00e0 22 ans, nous sommes fiers d&rsquo;avoir rejoint <a href=\"https:\/\/www.uni.lu\/fr\/news\/universite-luxembourg-rejoint-the-guild-of-european-research-intensive-universities\/\">the Guild, un r\u00e9seau renomm\u00e9 d&rsquo;universit\u00e9s d\u00e9di\u00e9es \u00e0 la recherche<\/a>. Cela nous place au m\u00eame niveau que certaines des meilleures universit\u00e9s d&rsquo;Europe et nous donne une voix au sein des instances qui comptent. \u00bb<\/p>\n\n\n\n<div class=\"wp-block-columns is-layout-flex wp-block-columns-is-layout-flex\">\n<div class=\"wp-block-column is-layout-flow wp-block-column-is-layout-flow\"><figure class=\"wp-block-dev4-reusable-blocks-image  object-fit--cover\">\n    \n<img decoding=\"async\" class=\"wp-block-image unilux-custom-image-block\"\n                alt=\"\"\n            src=\"https:\/\/www.uni.lu\/wp-content\/uploads\/sites\/9\/2025\/09\/19161339\/Markus-Hesse-Michael-Scheuern-Jens-Kreisel-scaled.jpg\"\n                    style=\"object-position: 51.00% 33.00%; font-family: &quot;object-fit: cover; object-position: 51.00% 33.00%;&quot;; aspect-ratio: 16\/9; object-fit: cover; width: 100%;\"\n        loading=\"lazy\"\n\/>            <p class=\"wp-block-dev4-reusable-blocks-image-caption\">\n            Markus Hesse, Michael Scheuern et Jens Kreisel        <\/p>\n    <\/figure><\/div>\n\n\n\n<div class=\"wp-block-column is-layout-flow wp-block-column-is-layout-flow\">\n<p>Les professeurs universitaires sont au c\u0153ur de la mission de l&rsquo;Uni.lu : ils repoussent les limites de la recherche et lient le monde universitaire avec l\u2019\u00e9conomie et la soci\u00e9t\u00e9. La rentr\u00e9e est pour les invit\u00e9s l\u2019occasion de rencontrer nos nouveaux professeurs, qui apportent leur expertise dans des domaines tels que la politique de cybers\u00e9curit\u00e9, la cybers\u00e9curit\u00e9, les sciences environnementales, la m\u00e9decine, le droit ou encore l&rsquo;\u00e9ducation.<\/p>\n\n\n\n<p>La communaut\u00e9 universitaire a \u00e9galement rendu hommage aux professeurs partants Markus Hesse, Bernhard Peters, Sergei Merkulov et Michael Scheuern, en saluant leurs contributions exceptionnelles.<\/p>\n<\/div>\n<\/div>\n\n\n\n<p>\u00ab Chaque ann\u00e9e, l&rsquo;Universit\u00e9 continue d&rsquo;accueillir davantage d&rsquo;\u00e9tudiants, restant attractive malgr\u00e9 les changements de tendance en Europe \u00bb, explique Jens Kreisel. \u00ab Notre force d\u00e9coule de notre ouverture d\u2019esprit, de notre interdisciplinarit\u00e9 et de notre volont\u00e9 constante de faire une r\u00e9elle diff\u00e9rence dans la soci\u00e9t\u00e9. Nous nous engageons \u00e0 former les futurs talents du Luxembourg afin de donner \u00e0 la prochaine g\u00e9n\u00e9ration les moyens de fa\u00e7onner un avenir meilleur. \u00bb&nbsp;<\/p>\n\n\n\n<section class=\"alignfull wp-block-unilux-blocks-gallery-carousel\">\n    <div class=\"swiper swiper-gallery\" aria-roledescription=\"carousel\" aria-label=\"A gallery of images\">\n        <!-- Swiper button Next & Prev -->\n        <div class=\"swiper-nav\">\n            <div class=\"swiper-nav__container\">\n                <div class=\"swiper-nav__grid\">\n                    <button type=\"button\" class=\"swiper-button-next\">\n                        <svg aria-hidden=\"true\" focusable=\"false\" class=\"icon icon-outline icon--arrow-right \"><use xlink:href=\"https:\/\/www.uni.lu\/wp-content\/themes\/unilux-theme\/assets\/images\/icons\/icons-outline.svg#icon--arrow-right\"><\/use><\/svg>                    <\/button>\n                    <button type=\"button\" class=\"swiper-button-prev\">\n                        <svg aria-hidden=\"true\" focusable=\"false\" class=\"icon icon-outline icon--arrow-left \"><use xlink:href=\"https:\/\/www.uni.lu\/wp-content\/themes\/unilux-theme\/assets\/images\/icons\/icons-outline.svg#icon--arrow-left\"><\/use><\/svg>                    <\/button>\n                <\/div>\n            <\/div>\n        <\/div>\n\n        <!-- swiper slides -->\n        <ul class=\"swiper-wrapper\">\n            \n<li class=\"swiper-slide\" aria-roledescription=\"slide\">\n    <figure class=\"wp-block-dev4-reusable-blocks-image swiper-slide__bg object-fit--cover\">\n    \n<img decoding=\"async\" class=\"wp-block-image unilux-custom-image-block\"\n                alt=\"\"\n            src=\"https:\/\/www.uni.lu\/wp-content\/uploads\/sites\/9\/2025\/09\/19161639\/gallery-e-scaled.jpg\"\n                    style=\"object-position: 50.00% 50.00%; font-family: &quot;object-fit: cover; object-position: 50.00% 50.00%;&quot;; aspect-ratio: 16\/9; object-fit: cover; width: 100%;\"\n        loading=\"lazy\"\n\/>    <\/figure><\/li>\n<li class=\"swiper-slide\" aria-roledescription=\"slide\">\n    <figure class=\"wp-block-dev4-reusable-blocks-image swiper-slide__bg object-fit--cover\">\n    \n<img decoding=\"async\" class=\"wp-block-image unilux-custom-image-block\"\n                alt=\"\"\n            src=\"https:\/\/www.uni.lu\/wp-content\/uploads\/sites\/9\/2025\/09\/19161708\/gallery-21-scaled.jpg\"\n                    style=\"object-position: 50.00% 50.00%; font-family: &quot;object-fit: cover; object-position: 50.00% 50.00%;&quot;; aspect-ratio: 16\/9; object-fit: cover; width: 100%;\"\n        loading=\"lazy\"\n\/>    <\/figure><\/li>\n<li class=\"swiper-slide\" aria-roledescription=\"slide\">\n    <figure class=\"wp-block-dev4-reusable-blocks-image swiper-slide__bg object-fit--cover\">\n    \n<img decoding=\"async\" class=\"wp-block-image unilux-custom-image-block\"\n                alt=\"\"\n            src=\"https:\/\/www.uni.lu\/wp-content\/uploads\/sites\/9\/2025\/09\/19161737\/pgallerie-3-scaled.jpg\"\n                    style=\"object-position: 45.00% 14.00%; font-family: &quot;object-fit: cover; object-position: 45.00% 14.00%;&quot;; aspect-ratio: 16\/9; object-fit: cover; width: 100%;\"\n        loading=\"lazy\"\n\/>    <\/figure><\/li>\n<li class=\"swiper-slide\" aria-roledescription=\"slide\">\n    <figure class=\"wp-block-dev4-reusable-blocks-image swiper-slide__bg object-fit--cover\">\n    \n<img decoding=\"async\" class=\"wp-block-image unilux-custom-image-block\"\n                alt=\"\"\n            src=\"https:\/\/www.uni.lu\/wp-content\/uploads\/sites\/9\/2025\/09\/19161822\/gallery4-scaled.jpg\"\n                    style=\"object-position: 50.00% 50.00%; font-family: &quot;object-fit: cover; object-position: 50.00% 50.00%;&quot;; aspect-ratio: 16\/9; object-fit: cover; width: 100%;\"\n        loading=\"lazy\"\n\/>    <\/figure><\/li>        <\/ul>\n\n        <!-- Swiper pagination -->\n        <div class=\"swiper-pagination\">\n            <div class=\"swiper-pagination__bullets\"><\/div>\n        <\/div>\n    <\/div>\n<\/section>\n\n\n<p>Cr\u00e9dit : Toutes les photos de l&rsquo;article sont de Sophie Margue<\/p>\n<\/div><\/section>\n\n\n<section class=\"section section wp-block-unilux-blocks-quick-link-discover-section py-0\">\n    <div class=\"container xl:max-w-screen-xl\">\n        \n<h2 class=\"has-text-align-left wp-block-unilux-blocks-heading\"        id=\"decouvrez-egalement\"\n    >\nD\u00e9couvrez \u00e9galement&#8230;<\/h2>\n\n<ul class=\"wp-block-unilux-blocks-quick-link-discover quick-link-list\">\n<li class=\"wp-block-unilux-blocks-quick-link-discover-item\">\n    <a\n                    href=\"https:\/\/www.uni.lu\/fr\/news\/huit-nouveaux-professeurs-rejoignent-uni-lu-a-la-rentree-2025\/\"\n                    class=\"quick-link\"\n            target=\"\"\n    >\n            <span class=\"quick-link__container\">\n                <span class=\"quick-link__text\">\n                    Huit nouveaux professeurs rejoignent l\u2019Uni.lu \u00e0 la rentr\u00e9e 2025                 <\/span>\n                <svg aria-hidden=\"true\" focusable=\"false\" class=\"icon icon-outline icon--arrow-right \"><use xlink:href=\"https:\/\/www.uni.lu\/wp-content\/themes\/unilux-theme\/assets\/images\/icons\/icons-outline.svg#icon--arrow-right\"><\/use><\/svg>            <\/span>\n    <\/a>\n<\/li>\n\n\n\n<li class=\"wp-block-unilux-blocks-quick-link-discover-item\">\n    <a\n                    href=\"https:\/\/www.uni.lu\/fr\/news\/uni-lu-est-pret-a-accueillir-les-etudiants-pour-le-nouveau-semestre\/\"\n                    class=\"quick-link\"\n            target=\"\"\n    >\n            <span class=\"quick-link__container\">\n                <span class=\"quick-link__text\">\n                    Uni.lu est pr\u00eat \u00e0 accueillir les \u00e9tudiants pour le nouveau semestre                <\/span>\n                <svg aria-hidden=\"true\" focusable=\"false\" class=\"icon icon-outline icon--arrow-right \"><use xlink:href=\"https:\/\/www.uni.lu\/wp-content\/themes\/unilux-theme\/assets\/images\/icons\/icons-outline.svg#icon--arrow-right\"><\/use><\/svg>            <\/span>\n    <\/a>\n<\/li>\n<\/ul>\n    <\/div>\n<\/section>","protected":false},"excerpt":{"rendered":"","protected":false},"author":341,"featured_media":16559,"template":"","format":"standard","meta":{"featured_image_focal_point":{"x":0.42,"y":0.61},"show_featured_caption":false,"ulux_newsletter_groups":"","uluxPostTitle":"","uluxPrePostTitle":"","_trash_the_other_posts":false,"_price":"","_stock":"","_tribe_ticket_header":"","_tribe_default_ticket_provider":"","_tribe_ticket_capacity":"0","_ticket_start_date":"","_ticket_end_date":"","_tribe_ticket_show_description":"","_tribe_ticket_show_not_going":false,"_tribe_ticket_use_global_stock":"","_tribe_ticket_global_stock_level":"","_global_stock_mode":"","_global_stock_cap":"","_tribe_rsvp_for_event":"","_tribe_ticket_going_count":"","_tribe_ticket_not_going_count":"","_tribe_tickets_list":"[]","_tribe_ticket_has_attendee_info_fields":false},"news-category":[3],"news-topic":[],"organisation":[226],"authorship":[341],"acf":[],"yoast_head":"<!-- This site is optimized with the Yoast SEO Premium plugin v22.3 (Yoast SEO v22.3) - https:\/\/yoast.com\/wordpress\/plugins\/seo\/ -->\n<title>Un nouveau forum o\u00f9 se rencontrent les esprits, les id\u00e9es et les connaissances - Universit\u00e9 du Luxembourg<\/title>\n<meta name=\"description\" content=\"Le 18 septembre, l&#039;Universit\u00e9 a accueilli 300 invit\u00e9s issus du monde universitaire et politique, des entreprises et de la soci\u00e9t\u00e9 civile, \u00e0 l&#039;occasion de\" \/>\n<meta name=\"robots\" content=\"index, follow, max-snippet:-1, max-image-preview:large, max-video-preview:-1\" \/>\n<link rel=\"canonical\" href=\"https:\/\/www.uni.lu\/fr\/news\/un-nouveau-forum-ou-se-rencontrent-les-esprits-les-idees-et-les-connaissances\/\" \/>\n<meta property=\"og:locale\" content=\"fr_FR\" \/>\n<meta property=\"og:type\" content=\"article\" \/>\n<meta property=\"og:title\" content=\"Un nouveau forum o\u00f9 se rencontrent les esprits, les id\u00e9es et les connaissances\" \/>\n<meta property=\"og:description\" content=\"Le 18 septembre, l&#039;Universit\u00e9 a accueilli 300 invit\u00e9s issus du monde universitaire et politique, des entreprises et de la soci\u00e9t\u00e9 civile, \u00e0 l&#039;occasion de\" \/>\n<meta property=\"og:url\" content=\"https:\/\/www.uni.lu\/fr\/news\/un-nouveau-forum-ou-se-rencontrent-les-esprits-les-idees-et-les-connaissances\/\" \/>\n<meta property=\"og:site_name\" content=\"UNI FR\" \/>\n<meta property=\"article:publisher\" content=\"https:\/\/www.facebook.com\/uni.lu\" \/>\n<meta property=\"article:modified_time\" content=\"2025-09-19T15:25:27+00:00\" \/>\n<meta property=\"og:image\" content=\"https:\/\/www.uni.lu\/wp-content\/uploads\/sites\/11\/2025\/09\/19163855\/Header_slider-scaled.jpg\" \/>\n\t<meta property=\"og:image:width\" content=\"2560\" \/>\n\t<meta property=\"og:image:height\" content=\"1707\" \/>\n\t<meta property=\"og:image:type\" content=\"image\/jpeg\" \/>\n<meta name=\"twitter:card\" content=\"summary_large_image\" \/>\n<meta name=\"twitter:label1\" content=\"Dur\u00e9e de lecture estim\u00e9e\" \/>\n\t<meta name=\"twitter:data1\" content=\"4 minutes\" \/>\n<script type=\"application\/ld+json\" class=\"yoast-schema-graph\">{\"@context\":\"https:\/\/schema.org\",\"@graph\":[{\"@type\":\"NewsArticle\",\"@id\":\"https:\/\/www.uni.lu\/fr\/news\/un-nouveau-forum-ou-se-rencontrent-les-esprits-les-idees-et-les-connaissances\/#article\",\"isPartOf\":{\"@id\":\"https:\/\/www.uni.lu\/fr\/news\/un-nouveau-forum-ou-se-rencontrent-les-esprits-les-idees-et-les-connaissances\/\"},\"author\":{\"name\":\"Catherine Clesse\",\"@id\":\"https:\/\/www.uni.lu\/fr\/#\/schema\/person\/67d3defa53981502bf9cddb74a850c08\"},\"headline\":\"Un nouveau forum o\u00f9 se rencontrent les esprits, les id\u00e9es et les connaissances\",\"datePublished\":\"2025-09-19T15:21:37+00:00\",\"dateModified\":\"2025-09-19T15:25:27+00:00\",\"mainEntityOfPage\":{\"@id\":\"https:\/\/www.uni.lu\/fr\/news\/un-nouveau-forum-ou-se-rencontrent-les-esprits-les-idees-et-les-connaissances\/\"},\"wordCount\":834,\"publisher\":{\"@id\":\"https:\/\/www.uni.lu\/fr\/#organization\"},\"image\":{\"@id\":\"https:\/\/www.uni.lu\/fr\/news\/un-nouveau-forum-ou-se-rencontrent-les-esprits-les-idees-et-les-connaissances\/#primaryimage\"},\"thumbnailUrl\":\"https:\/\/www.uni.lu\/wp-content\/uploads\/sites\/11\/2025\/09\/19163855\/Header_slider-scaled.jpg\",\"inLanguage\":\"fr-FR\"},{\"@type\":\"WebPage\",\"@id\":\"https:\/\/www.uni.lu\/fr\/news\/un-nouveau-forum-ou-se-rencontrent-les-esprits-les-idees-et-les-connaissances\/\",\"url\":\"https:\/\/www.uni.lu\/fr\/news\/un-nouveau-forum-ou-se-rencontrent-les-esprits-les-idees-et-les-connaissances\/\",\"name\":\"Un nouveau forum o\u00f9 se rencontrent les esprits, les id\u00e9es et les connaissances - Universit\u00e9 du Luxembourg\",\"isPartOf\":{\"@id\":\"https:\/\/www.uni.lu\/fr\/#website\"},\"primaryImageOfPage\":{\"@id\":\"https:\/\/www.uni.lu\/fr\/news\/un-nouveau-forum-ou-se-rencontrent-les-esprits-les-idees-et-les-connaissances\/#primaryimage\"},\"image\":{\"@id\":\"https:\/\/www.uni.lu\/fr\/news\/un-nouveau-forum-ou-se-rencontrent-les-esprits-les-idees-et-les-connaissances\/#primaryimage\"},\"thumbnailUrl\":\"https:\/\/www.uni.lu\/wp-content\/uploads\/sites\/11\/2025\/09\/19163855\/Header_slider-scaled.jpg\",\"datePublished\":\"2025-09-19T15:21:37+00:00\",\"dateModified\":\"2025-09-19T15:25:27+00:00\",\"description\":\"Le 18 septembre, l'Universit\u00e9 a accueilli 300 invit\u00e9s issus du monde universitaire et politique, des entreprises et de la soci\u00e9t\u00e9 civile, \u00e0 l'occasion de\",\"breadcrumb\":{\"@id\":\"https:\/\/www.uni.lu\/fr\/news\/un-nouveau-forum-ou-se-rencontrent-les-esprits-les-idees-et-les-connaissances\/#breadcrumb\"},\"inLanguage\":\"fr-FR\",\"potentialAction\":[{\"@type\":\"ReadAction\",\"target\":[\"https:\/\/www.uni.lu\/fr\/news\/un-nouveau-forum-ou-se-rencontrent-les-esprits-les-idees-et-les-connaissances\/\"]}]},{\"@type\":\"ImageObject\",\"inLanguage\":\"fr-FR\",\"@id\":\"https:\/\/www.uni.lu\/fr\/news\/un-nouveau-forum-ou-se-rencontrent-les-esprits-les-idees-et-les-connaissances\/#primaryimage\",\"url\":\"https:\/\/www.uni.lu\/wp-content\/uploads\/sites\/11\/2025\/09\/19163855\/Header_slider-scaled.jpg\",\"contentUrl\":\"https:\/\/www.uni.lu\/wp-content\/uploads\/sites\/11\/2025\/09\/19163855\/Header_slider-scaled.jpg\",\"width\":2560,\"height\":1707},{\"@type\":\"BreadcrumbList\",\"@id\":\"https:\/\/www.uni.lu\/fr\/news\/un-nouveau-forum-ou-se-rencontrent-les-esprits-les-idees-et-les-connaissances\/#breadcrumb\",\"itemListElement\":[{\"@type\":\"ListItem\",\"position\":1,\"name\":\"Home\",\"item\":\"https:\/\/www.uni.lu\/fr\/\"},{\"@type\":\"ListItem\",\"position\":2,\"name\":\"News\",\"item\":\"https:\/\/www.uni.lu\/fr\/news\/\"},{\"@type\":\"ListItem\",\"position\":3,\"name\":\"Un nouveau forum o\u00f9 se rencontrent les esprits, les id\u00e9es et les connaissances\"}]},{\"@type\":\"WebSite\",\"@id\":\"https:\/\/www.uni.lu\/fr\/#website\",\"url\":\"https:\/\/www.uni.lu\/fr\/\",\"name\":\"Uni.lu\",\"description\":\"Universit\u00e9 du Luxembourg\",\"publisher\":{\"@id\":\"https:\/\/www.uni.lu\/fr\/#organization\"},\"alternateName\":\"Universit\u00e9 du Luxembourg\",\"potentialAction\":[{\"@type\":\"SearchAction\",\"target\":{\"@type\":\"EntryPoint\",\"urlTemplate\":\"https:\/\/www.uni.lu\/fr\/?s={search_term_string}\"},\"query-input\":\"required name=search_term_string\"}],\"inLanguage\":\"fr-FR\"},{\"@type\":\"Organization\",\"@id\":\"https:\/\/www.uni.lu\/fr\/#organization\",\"name\":\"Universit\u00e9 du Luxembourg\",\"alternateName\":\"Uni.lu\",\"url\":\"https:\/\/www.uni.lu\/fr\/\",\"logo\":{\"@type\":\"ImageObject\",\"inLanguage\":\"fr-FR\",\"@id\":\"https:\/\/www.uni.lu\/fr\/#\/schema\/logo\/image\/\",\"url\":\"https:\/\/www.uni.lu\/wp-content\/uploads\/sites\/11\/2026\/03\/03120045\/UNIV_SM-Profile_1600x1600px-scaled.jpg\",\"contentUrl\":\"https:\/\/www.uni.lu\/wp-content\/uploads\/sites\/11\/2026\/03\/03120045\/UNIV_SM-Profile_1600x1600px-scaled.jpg\",\"width\":2560,\"height\":2560,\"caption\":\"Universit\u00e9 du Luxembourg\"},\"image\":\"https:\/\/www.uni.lu\/wp-content\/uploads\/sites\/11\/2026\/04\/24120552\/20200609-Belval-Campus_Henri-Goergen-23.jpg\",\"sameAs\":[\"https:\/\/www.facebook.com\/uni.lu\",\"https:\/\/www.linkedin.com\/school\/university-of-luxembourg\/\",\"https:\/\/www.instagram.com\/uni.lu\",\"https:\/\/www.youtube.com\/@uni_lu\",\"https:\/\/en.wikipedia.org\/wiki\/University_of_Luxembourg\"],\"email\":\"communication@uni.lu\",\"telephone\":\"+352 46 66 44 1\",\"address\":{\"@type\":\"PostalAddress\",\"streetAddress\":\"2, place de l\u2019Universit\u00e9\",\"addressLocality\":\"Esch-sur-Alzette\",\"postalCode\":\"4365\",\"addressCountry\":\"LU\"},\"description\":\"Universit\u00e9 du Luxembourg\"},{\"@type\":\"Person\",\"@id\":\"https:\/\/www.uni.lu\/fr\/#\/schema\/person\/67d3defa53981502bf9cddb74a850c08\",\"name\":\"Catherine Clesse\",\"image\":{\"@type\":\"ImageObject\",\"inLanguage\":\"fr-FR\",\"@id\":\"https:\/\/www.uni.lu\/fr\/#\/schema\/person\/image\/\",\"url\":\"https:\/\/secure.gravatar.com\/avatar\/6a2e15a24f9036a6aee8753304e46c2d?s=96&d=mm&r=g\",\"contentUrl\":\"https:\/\/secure.gravatar.com\/avatar\/6a2e15a24f9036a6aee8753304e46c2d?s=96&d=mm&r=g\",\"caption\":\"Catherine Clesse\"}}]}<\/script>\n<!-- \/ Yoast SEO Premium plugin. -->","yoast_head_json":{"title":"Un nouveau forum o\u00f9 se rencontrent les esprits, les id\u00e9es et les connaissances - Universit\u00e9 du Luxembourg","description":"Le 18 septembre, l'Universit\u00e9 a accueilli 300 invit\u00e9s issus du monde universitaire et politique, des entreprises et de la soci\u00e9t\u00e9 civile, \u00e0 l'occasion de","robots":{"index":"index","follow":"follow","max-snippet":"max-snippet:-1","max-image-preview":"max-image-preview:large","max-video-preview":"max-video-preview:-1"},"canonical":"https:\/\/www.uni.lu\/fr\/news\/un-nouveau-forum-ou-se-rencontrent-les-esprits-les-idees-et-les-connaissances\/","og_locale":"fr_FR","og_type":"article","og_title":"Un nouveau forum o\u00f9 se rencontrent les esprits, les id\u00e9es et les connaissances","og_description":"Le 18 septembre, l'Universit\u00e9 a accueilli 300 invit\u00e9s issus du monde universitaire et politique, des entreprises et de la soci\u00e9t\u00e9 civile, \u00e0 l'occasion de","og_url":"https:\/\/www.uni.lu\/fr\/news\/un-nouveau-forum-ou-se-rencontrent-les-esprits-les-idees-et-les-connaissances\/","og_site_name":"UNI FR","article_publisher":"https:\/\/www.facebook.com\/uni.lu","article_modified_time":"2025-09-19T15:25:27+00:00","og_image":[{"width":2560,"height":1707,"url":"https:\/\/www.uni.lu\/wp-content\/uploads\/sites\/11\/2025\/09\/19163855\/Header_slider-scaled.jpg","type":"image\/jpeg"}],"twitter_card":"summary_large_image","twitter_misc":{"Dur\u00e9e de lecture estim\u00e9e":"4 minutes"},"schema":{"@context":"https:\/\/schema.org","@graph":[{"@type":"NewsArticle","@id":"https:\/\/www.uni.lu\/fr\/news\/un-nouveau-forum-ou-se-rencontrent-les-esprits-les-idees-et-les-connaissances\/#article","isPartOf":{"@id":"https:\/\/www.uni.lu\/fr\/news\/un-nouveau-forum-ou-se-rencontrent-les-esprits-les-idees-et-les-connaissances\/"},"author":{"name":"Catherine Clesse","@id":"https:\/\/www.uni.lu\/fr\/#\/schema\/person\/67d3defa53981502bf9cddb74a850c08"},"headline":"Un nouveau forum o\u00f9 se rencontrent les esprits, les id\u00e9es et les connaissances","datePublished":"2025-09-19T15:21:37+00:00","dateModified":"2025-09-19T15:25:27+00:00","mainEntityOfPage":{"@id":"https:\/\/www.uni.lu\/fr\/news\/un-nouveau-forum-ou-se-rencontrent-les-esprits-les-idees-et-les-connaissances\/"},"wordCount":834,"publisher":{"@id":"https:\/\/www.uni.lu\/fr\/#organization"},"image":{"@id":"https:\/\/www.uni.lu\/fr\/news\/un-nouveau-forum-ou-se-rencontrent-les-esprits-les-idees-et-les-connaissances\/#primaryimage"},"thumbnailUrl":"https:\/\/www.uni.lu\/wp-content\/uploads\/sites\/11\/2025\/09\/19163855\/Header_slider-scaled.jpg","inLanguage":"fr-FR"},{"@type":"WebPage","@id":"https:\/\/www.uni.lu\/fr\/news\/un-nouveau-forum-ou-se-rencontrent-les-esprits-les-idees-et-les-connaissances\/","url":"https:\/\/www.uni.lu\/fr\/news\/un-nouveau-forum-ou-se-rencontrent-les-esprits-les-idees-et-les-connaissances\/","name":"Un nouveau forum o\u00f9 se rencontrent les esprits, les id\u00e9es et les connaissances - Universit\u00e9 du Luxembourg","isPartOf":{"@id":"https:\/\/www.uni.lu\/fr\/#website"},"primaryImageOfPage":{"@id":"https:\/\/www.uni.lu\/fr\/news\/un-nouveau-forum-ou-se-rencontrent-les-esprits-les-idees-et-les-connaissances\/#primaryimage"},"image":{"@id":"https:\/\/www.uni.lu\/fr\/news\/un-nouveau-forum-ou-se-rencontrent-les-esprits-les-idees-et-les-connaissances\/#primaryimage"},"thumbnailUrl":"https:\/\/www.uni.lu\/wp-content\/uploads\/sites\/11\/2025\/09\/19163855\/Header_slider-scaled.jpg","datePublished":"2025-09-19T15:21:37+00:00","dateModified":"2025-09-19T15:25:27+00:00","description":"Le 18 septembre, l'Universit\u00e9 a accueilli 300 invit\u00e9s issus du monde universitaire et politique, des entreprises et de la soci\u00e9t\u00e9 civile, \u00e0 l'occasion de","breadcrumb":{"@id":"https:\/\/www.uni.lu\/fr\/news\/un-nouveau-forum-ou-se-rencontrent-les-esprits-les-idees-et-les-connaissances\/#breadcrumb"},"inLanguage":"fr-FR","potentialAction":[{"@type":"ReadAction","target":["https:\/\/www.uni.lu\/fr\/news\/un-nouveau-forum-ou-se-rencontrent-les-esprits-les-idees-et-les-connaissances\/"]}]},{"@type":"ImageObject","inLanguage":"fr-FR","@id":"https:\/\/www.uni.lu\/fr\/news\/un-nouveau-forum-ou-se-rencontrent-les-esprits-les-idees-et-les-connaissances\/#primaryimage","url":"https:\/\/www.uni.lu\/wp-content\/uploads\/sites\/11\/2025\/09\/19163855\/Header_slider-scaled.jpg","contentUrl":"https:\/\/www.uni.lu\/wp-content\/uploads\/sites\/11\/2025\/09\/19163855\/Header_slider-scaled.jpg","width":2560,"height":1707},{"@type":"BreadcrumbList","@id":"https:\/\/www.uni.lu\/fr\/news\/un-nouveau-forum-ou-se-rencontrent-les-esprits-les-idees-et-les-connaissances\/#breadcrumb","itemListElement":[{"@type":"ListItem","position":1,"name":"Home","item":"https:\/\/www.uni.lu\/fr\/"},{"@type":"ListItem","position":2,"name":"News","item":"https:\/\/www.uni.lu\/fr\/news\/"},{"@type":"ListItem","position":3,"name":"Un nouveau forum o\u00f9 se rencontrent les esprits, les id\u00e9es et les connaissances"}]},{"@type":"WebSite","@id":"https:\/\/www.uni.lu\/fr\/#website","url":"https:\/\/www.uni.lu\/fr\/","name":"Uni.lu","description":"Universit\u00e9 du Luxembourg","publisher":{"@id":"https:\/\/www.uni.lu\/fr\/#organization"},"alternateName":"Universit\u00e9 du Luxembourg","potentialAction":[{"@type":"SearchAction","target":{"@type":"EntryPoint","urlTemplate":"https:\/\/www.uni.lu\/fr\/?s={search_term_string}"},"query-input":"required name=search_term_string"}],"inLanguage":"fr-FR"},{"@type":"Organization","@id":"https:\/\/www.uni.lu\/fr\/#organization","name":"Universit\u00e9 du Luxembourg","alternateName":"Uni.lu","url":"https:\/\/www.uni.lu\/fr\/","logo":{"@type":"ImageObject","inLanguage":"fr-FR","@id":"https:\/\/www.uni.lu\/fr\/#\/schema\/logo\/image\/","url":"https:\/\/www.uni.lu\/wp-content\/uploads\/sites\/11\/2026\/03\/03120045\/UNIV_SM-Profile_1600x1600px-scaled.jpg","contentUrl":"https:\/\/www.uni.lu\/wp-content\/uploads\/sites\/11\/2026\/03\/03120045\/UNIV_SM-Profile_1600x1600px-scaled.jpg","width":2560,"height":2560,"caption":"Universit\u00e9 du Luxembourg"},"image":"https:\/\/www.uni.lu\/wp-content\/uploads\/sites\/11\/2026\/04\/24120552\/20200609-Belval-Campus_Henri-Goergen-23.jpg","sameAs":["https:\/\/www.facebook.com\/uni.lu","https:\/\/www.linkedin.com\/school\/university-of-luxembourg\/","https:\/\/www.instagram.com\/uni.lu","https:\/\/www.youtube.com\/@uni_lu","https:\/\/en.wikipedia.org\/wiki\/University_of_Luxembourg"],"email":"communication@uni.lu","telephone":"+352 46 66 44 1","address":{"@type":"PostalAddress","streetAddress":"2, place de l\u2019Universit\u00e9","addressLocality":"Esch-sur-Alzette","postalCode":"4365","addressCountry":"LU"},"description":"Universit\u00e9 du Luxembourg"},{"@type":"Person","@id":"https:\/\/www.uni.lu\/fr\/#\/schema\/person\/67d3defa53981502bf9cddb74a850c08","name":"Catherine Clesse","image":{"@type":"ImageObject","inLanguage":"fr-FR","@id":"https:\/\/www.uni.lu\/fr\/#\/schema\/person\/image\/","url":"https:\/\/secure.gravatar.com\/avatar\/6a2e15a24f9036a6aee8753304e46c2d?s=96&d=mm&r=g","contentUrl":"https:\/\/secure.gravatar.com\/avatar\/6a2e15a24f9036a6aee8753304e46c2d?s=96&d=mm&r=g","caption":"Catherine Clesse"}}]}},"blog_id":11,"_links":{"self":[{"href":"https:\/\/www.uni.lu\/fr\/wp-json\/wp\/v2\/news\/16558"}],"collection":[{"href":"https:\/\/www.uni.lu\/fr\/wp-json\/wp\/v2\/news"}],"about":[{"href":"https:\/\/www.uni.lu\/fr\/wp-json\/wp\/v2\/types\/news"}],"author":[{"embeddable":true,"href":"https:\/\/www.uni.lu\/fr\/wp-json\/wp\/v2\/users\/341"}],"version-history":[{"count":4,"href":"https:\/\/www.uni.lu\/fr\/wp-json\/wp\/v2\/news\/16558\/revisions"}],"predecessor-version":[{"id":16563,"href":"https:\/\/www.uni.lu\/fr\/wp-json\/wp\/v2\/news\/16558\/revisions\/16563"}],"wp:authorship":[{"embeddable":true,"href":"https:\/\/www.uni.lu\/fr\/wp-json\/wp\/v2\/users\/341"}],"wp:featuredmedia":[{"embeddable":true,"href":"https:\/\/www.uni.lu\/fr\/wp-json\/wp\/v2\/media\/16559"}],"wp:attachment":[{"href":"https:\/\/www.uni.lu\/fr\/wp-json\/wp\/v2\/media?parent=16558"}],"wp:term":[{"taxonomy":"news-category","embeddable":true,"href":"https:\/\/www.uni.lu\/fr\/wp-json\/wp\/v2\/news-category?post=16558"},{"taxonomy":"news-topic","embeddable":true,"href":"https:\/\/www.uni.lu\/fr\/wp-json\/wp\/v2\/news-topic?post=16558"},{"taxonomy":"organisation","embeddable":true,"href":"https:\/\/www.uni.lu\/fr\/wp-json\/wp\/v2\/organisation?post=16558"}],"curies":[{"name":"wp","href":"https:\/\/api.w.org\/{rel}","templated":true}]}}