{"id":16414,"date":"2025-09-09T15:34:16","date_gmt":"2025-09-09T13:34:16","guid":{"rendered":"https:\/\/www.uni.lu\/fr\/?post_type=news&#038;p=16414"},"modified":"2025-09-12T19:18:18","modified_gmt":"2025-09-12T17:18:18","slug":"uni-lu-est-pret-a-accueillir-les-etudiants-pour-le-nouveau-semestre","status":"publish","type":"news","link":"https:\/\/www.uni.lu\/fr\/news\/uni-lu-est-pret-a-accueillir-les-etudiants-pour-le-nouveau-semestre\/","title":{"rendered":"Uni.lu est pr\u00eat \u00e0 accueillir les \u00e9tudiants pour le nouveau semestre"},"content":{"rendered":"\n<section class=\"wp-block-unilux-blocks-free-section section\"><div class=\"container xl:max-w-screen-xl\">\n<p>Pr\u00e8s de 1,500 nouveaux \u00e9tudiants rejoindront l&rsquo;Universit\u00e9 du Luxembourg le 15 septembre. Le d\u00e9but de la vie \u00e9tudiante est un moment passionnant et Uni.lu est pr\u00eate \u00e0 aider les \u00e9tudiants \u00e0 se sentir chez eux.<\/p>\n\n\n\n<div class=\"wp-block-columns are-vertically-aligned-center is-layout-flex wp-block-columns-is-layout-flex\">\n<div class=\"wp-block-column is-vertically-aligned-center is-layout-flow wp-block-column-is-layout-flow\"><figure class=\"wp-block-dev4-reusable-blocks-image  object-fit--contain\">\n    \n<img decoding=\"async\" class=\"wp-block-image unilux-custom-image-block\"\n                alt=\"Our social media manager at the welcome desk for students\"\n            src=\"https:\/\/www.uni.lu\/wp-content\/uploads\/sites\/9\/2025\/09\/08111431\/Image-3-scaled.jpg\"\n                    style=\"object-position: 50.00% 52.00%; font-family: &quot;object-fit: contain; object-position: 50.00% 52.00%;&quot;; aspect-ratio: 4\/3; object-fit: contain; width: 100%;\"\n        loading=\"lazy\"\n\/>    <\/figure><\/div>\n\n\n\n<div class=\"wp-block-column is-vertically-aligned-center is-layout-flow wp-block-column-is-layout-flow\">\n<h2 class=\"has-text-align-left wp-block-unilux-blocks-heading\"        id=\"le-welcome-desk\"\n    >\nLe Welcome Desk<\/h2>\n\n\n\n<p><strong>Jusqu&rsquo;au 30 septembre<\/strong> : rendez-vous au stand d&rsquo;information \u00e0 la Maison du Savoir (entr\u00e9e Auditoires). Des employ\u00e9s et les \u00e9tudiants d&rsquo;Uni.lu seront pr\u00e9sents \u00e0 des heures r\u00e9guli\u00e8res pour r\u00e9pondre aux questions fr\u00e9quentes. <\/p>\n\n\n\n<p>N&rsquo;h\u00e9sitez pas \u00e0 venir nous voir !<\/p>\n\n\n\n<ul class=\"wp-block-unilux-blocks-custom-buttons btn-list\"><li class=\"wp-block-unilux-blocks-custom-button\"    aria-disabled=\"false\"\n    >\n    <a\n        role=\"link\"\n        aria-disabled=\"false\"\n                    href=\"https:\/\/www.instagram.com\/uni.lu\/p\/DOVqDCmiFDP\/\"\n                target=\"_blank\"\n        class=\"btn btn--primary\"\n            >Plus d&rsquo;informations<\/a>\n<\/li>\n<\/ul>\n<\/div>\n<\/div>\n\n\n<div class=\"wp-block-unilux-blocks-spacer is-spacer-size-sm\"><\/div>\n\n\n<div class=\"wp-block-columns are-vertically-aligned-center is-layout-flex wp-block-columns-is-layout-flex\">\n<div class=\"wp-block-column is-vertically-aligned-center is-layout-flow wp-block-column-is-layout-flow\">\n<h2 class=\"has-text-align-left wp-block-unilux-blocks-heading\"        id=\"le-welcome-day\"\n    >\nLe Welcome Day<\/h2>\n\n\n\n<p>Le vendredi 12 septembre, le campus a r\u00e9sonn\u00e9 aux sons de la rentr\u00e9e, accueillant 1,500 nouveaux \u00e9tudiants au Welcome Day.<\/p>\n\n\n\n<p>L\u2019accueil du recteur Jens Kreisel les a tout de suite baign\u00e9s dans l\u2019ambiance de l\u2019Uni.lu : son mot d\u2019accueil \u00e9tait prononc\u00e9 en luxembourgeois, en allemand, en fran\u00e7ais et en anglais.<\/p>\n<\/div>\n\n\n\n<div class=\"wp-block-column is-vertically-aligned-center is-layout-flow wp-block-column-is-layout-flow\">\n<section class=\"alignfull wp-block-unilux-blocks-gallery-carousel\">\n    <div class=\"swiper swiper-gallery\" aria-roledescription=\"carousel\" aria-label=\"A gallery of images\">\n        <!-- Swiper button Next & Prev -->\n        <div class=\"swiper-nav\">\n            <div class=\"swiper-nav__container\">\n                <div class=\"swiper-nav__grid\">\n                    <button type=\"button\" class=\"swiper-button-next\">\n                        <svg aria-hidden=\"true\" focusable=\"false\" class=\"icon icon-outline icon--arrow-right \"><use xlink:href=\"https:\/\/www.uni.lu\/wp-content\/themes\/unilux-theme\/assets\/images\/icons\/icons-outline.svg#icon--arrow-right\"><\/use><\/svg>                    <\/button>\n                    <button type=\"button\" class=\"swiper-button-prev\">\n                        <svg aria-hidden=\"true\" focusable=\"false\" class=\"icon icon-outline icon--arrow-left \"><use xlink:href=\"https:\/\/www.uni.lu\/wp-content\/themes\/unilux-theme\/assets\/images\/icons\/icons-outline.svg#icon--arrow-left\"><\/use><\/svg>                    <\/button>\n                <\/div>\n            <\/div>\n        <\/div>\n\n        <!-- swiper slides -->\n        <ul class=\"swiper-wrapper\">\n            \n<li class=\"swiper-slide\" aria-roledescription=\"slide\">\n    <figure class=\"wp-block-dev4-reusable-blocks-image swiper-slide__bg object-fit--cover\">\n    \n<img decoding=\"async\" class=\"wp-block-image unilux-custom-image-block\"\n                alt=\"\"\n            src=\"https:\/\/www.uni.lu\/wp-content\/uploads\/sites\/11\/2025\/09\/12172758\/WhatsApp-Image-2025-09-12-at-17.24.461.jpeg\"\n                srcset=\"https:\/\/www.uni.lu\/wp-content\/uploads\/sites\/11\/2025\/09\/12172758\/WhatsApp-Image-2025-09-12-at-17.24.461-225x300.jpeg 225w, https:\/\/www.uni.lu\/wp-content\/uploads\/sites\/11\/2025\/09\/12172758\/WhatsApp-Image-2025-09-12-at-17.24.461-768x1024.jpeg 768w, https:\/\/www.uni.lu\/wp-content\/uploads\/sites\/11\/2025\/09\/12172758\/WhatsApp-Image-2025-09-12-at-17.24.461-1152x1536.jpeg 1152w, https:\/\/www.uni.lu\/wp-content\/uploads\/sites\/11\/2025\/09\/12172758\/WhatsApp-Image-2025-09-12-at-17.24.461.jpeg 1200w\"\n                style=\"object-position: 66.00% 69.00%; font-family: &quot;object-fit: cover; object-position: 66.00% 69.00%;&quot;; aspect-ratio: 16\/9; object-fit: cover; width: 100%;\"\n        loading=\"lazy\"\n\/>    <\/figure><\/li>\n<li class=\"swiper-slide\" aria-roledescription=\"slide\">\n    <figure class=\"wp-block-dev4-reusable-blocks-image swiper-slide__bg object-fit--cover\">\n    \n<img decoding=\"async\" class=\"wp-block-image unilux-custom-image-block\"\n                alt=\"\"\n            src=\"https:\/\/www.uni.lu\/wp-content\/uploads\/sites\/11\/2025\/09\/12172847\/WhatsApp-Image-2025-09-12-at-17.24.45.jpeg\"\n                srcset=\"https:\/\/www.uni.lu\/wp-content\/uploads\/sites\/11\/2025\/09\/12172847\/WhatsApp-Image-2025-09-12-at-17.24.45-225x300.jpeg 225w, https:\/\/www.uni.lu\/wp-content\/uploads\/sites\/11\/2025\/09\/12172847\/WhatsApp-Image-2025-09-12-at-17.24.45-768x1024.jpeg 768w, https:\/\/www.uni.lu\/wp-content\/uploads\/sites\/11\/2025\/09\/12172847\/WhatsApp-Image-2025-09-12-at-17.24.45-1152x1536.jpeg 1152w, https:\/\/www.uni.lu\/wp-content\/uploads\/sites\/11\/2025\/09\/12172847\/WhatsApp-Image-2025-09-12-at-17.24.45.jpeg 1200w\"\n                style=\"object-position: 58.00% 85.00%; font-family: &quot;object-fit: cover; object-position: 58.00% 85.00%;&quot;; aspect-ratio: 16\/9; object-fit: cover; width: 100%;\"\n        loading=\"lazy\"\n\/>    <\/figure><\/li>\n<li class=\"swiper-slide\" aria-roledescription=\"slide\">\n    <figure class=\"wp-block-dev4-reusable-blocks-image swiper-slide__bg object-fit--cover\">\n    \n<img decoding=\"async\" class=\"wp-block-image unilux-custom-image-block\"\n                alt=\"\"\n            src=\"https:\/\/www.uni.lu\/wp-content\/uploads\/sites\/11\/2025\/09\/12171702\/Header-or-gallery_image_Jens-Speech-scaled.jpg\"\n                srcset=\"https:\/\/www.uni.lu\/wp-content\/uploads\/sites\/11\/2025\/09\/12171702\/Header-or-gallery_image_Jens-Speech-300x169.jpg 300w, https:\/\/www.uni.lu\/wp-content\/uploads\/sites\/11\/2025\/09\/12171702\/Header-or-gallery_image_Jens-Speech-1024x576.jpg 1024w, https:\/\/www.uni.lu\/wp-content\/uploads\/sites\/11\/2025\/09\/12171702\/Header-or-gallery_image_Jens-Speech-768x432.jpg 768w, https:\/\/www.uni.lu\/wp-content\/uploads\/sites\/11\/2025\/09\/12171702\/Header-or-gallery_image_Jens-Speech-1536x864.jpg 1536w, https:\/\/www.uni.lu\/wp-content\/uploads\/sites\/11\/2025\/09\/12171702\/Header-or-gallery_image_Jens-Speech-2048x1152.jpg 2048w\"\n                style=\"object-position: 56.00% 64.00%; font-family: &quot;object-fit: cover; object-position: 56.00% 64.00%;&quot;; aspect-ratio: 16\/9; object-fit: cover; width: 100%;\"\n        loading=\"lazy\"\n\/>    <\/figure><\/li>\n<li class=\"swiper-slide\" aria-roledescription=\"slide\">\n    <figure class=\"wp-block-dev4-reusable-blocks-image swiper-slide__bg object-fit--cover\">\n    \n<img decoding=\"async\" class=\"wp-block-image unilux-custom-image-block\"\n                alt=\"\"\n            src=\"https:\/\/www.uni.lu\/wp-content\/uploads\/sites\/11\/2025\/09\/12172955\/WhatsApp-Image-2025-09-12-at-17.24.462.jpeg\"\n                srcset=\"https:\/\/www.uni.lu\/wp-content\/uploads\/sites\/11\/2025\/09\/12172955\/WhatsApp-Image-2025-09-12-at-17.24.462-225x300.jpeg 225w, https:\/\/www.uni.lu\/wp-content\/uploads\/sites\/11\/2025\/09\/12172955\/WhatsApp-Image-2025-09-12-at-17.24.462-768x1024.jpeg 768w, https:\/\/www.uni.lu\/wp-content\/uploads\/sites\/11\/2025\/09\/12172955\/WhatsApp-Image-2025-09-12-at-17.24.462-1152x1536.jpeg 1152w, https:\/\/www.uni.lu\/wp-content\/uploads\/sites\/11\/2025\/09\/12172955\/WhatsApp-Image-2025-09-12-at-17.24.462.jpeg 1200w\"\n                style=\"object-position: 54.00% 68.00%; font-family: &quot;object-fit: cover; object-position: 54.00% 68.00%;&quot;; aspect-ratio: 16\/9; object-fit: cover; width: 100%;\"\n        loading=\"lazy\"\n\/>    <\/figure><\/li>        <\/ul>\n\n        <!-- Swiper pagination -->\n        <div class=\"swiper-pagination\">\n            <div class=\"swiper-pagination__bullets\"><\/div>\n        <\/div>\n    <\/div>\n<\/section><\/div>\n<\/div>\n\n\n\n<p>Le recteur a soulign\u00e9 que le premier jour \u00e0 l&rsquo;universit\u00e9 restera grav\u00e9e dans leurs m\u00e9moires, et que des personnes rencontr\u00e9es sur le campus feront partie de leur vie.<\/p>\n\n\n\n<section class=\"wp-block-unilux-blocks-quote-people\">\n    <div class=\"quote-people\" role=\"group\">\n        <figure class=\"quote-people__body\">\n            <blockquote class=\"quote-people__blockquote\">\n    <span class=\"quote-people__quote\">\u201f<\/span>\n    <em>Regardez \u00e0 votre gauche et \u00e0 votre droite. Statistiquement parlant, votre futur conjoint pourrait se trouver dans cette salle, tout comme votre futur m\u00e9decin, les enseignants de vos enfants, ou m\u00eame&#8230; votre futur partenaire astronaute.<\/em>\u201d\n<\/blockquote>\n<div class=\"wp-block-unilux-blocks-wrapper quote-people__visual\"><figure class=\"wp-block-dev4-reusable-blocks-image  object-fit--cover\">\n    \n<img decoding=\"async\" class=\"wp-block-image unilux-custom-image-block\"\n                alt=\"\"\n            src=\"https:\/\/www.uni.lu\/wp-content\/uploads\/sites\/11\/2025\/09\/12180108\/NTAwMzE3MzBfX0plbnMgS1JFSVNFTA-2048x2048-1.jpg\"\n                srcset=\"https:\/\/www.uni.lu\/wp-content\/uploads\/sites\/11\/2025\/09\/12180108\/NTAwMzE3MzBfX0plbnMgS1JFSVNFTA-2048x2048-1-300x200.jpg 300w, https:\/\/www.uni.lu\/wp-content\/uploads\/sites\/11\/2025\/09\/12180108\/NTAwMzE3MzBfX0plbnMgS1JFSVNFTA-2048x2048-1-1024x683.jpg 1024w, https:\/\/www.uni.lu\/wp-content\/uploads\/sites\/11\/2025\/09\/12180108\/NTAwMzE3MzBfX0plbnMgS1JFSVNFTA-2048x2048-1-768x512.jpg 768w, https:\/\/www.uni.lu\/wp-content\/uploads\/sites\/11\/2025\/09\/12180108\/NTAwMzE3MzBfX0plbnMgS1JFSVNFTA-2048x2048-1-1536x1025.jpg 1536w, https:\/\/www.uni.lu\/wp-content\/uploads\/sites\/11\/2025\/09\/12180108\/NTAwMzE3MzBfX0plbnMgS1JFSVNFTA-2048x2048-1.jpg 2048w\"\n                style=\"object-position: 50.00% 50.00%; font-family: &quot;object-fit: cover; object-position: 50.00% 50.00%;&quot;; aspect-ratio: 1\/1; object-fit: cover; width: 100%;\"\n        loading=\"lazy\"\n\/>    <\/figure><\/div>\n\n<div class=\"wp-block-unilux-blocks-wrapper quote-people__figcaption\">\n<p class=\"quote-people__author wp-block-unilux-blocks-plain-text\">Jens Kreisel<\/p>\n\n\n<p class=\"quote-people__position wp-block-unilux-blocks-plain-text\">Rector<\/p>\n\n<div class=\"wp-block-unilux-blocks-simple-cta\">\n    <a\n        href=\"https:\/\/www.uni.lu\/fstm-en\/people\/jens-kreisel\/\"\n        title=\"View Profile\"\n        class=\"link-text link-text--icon quote-people__link\"\n        target=\"\"\n    >\n        <span class=\"link-text__body\">\n            <span class=\"link-text__name\">View profile<\/span>\n        <\/span>\n        <svg aria-hidden=\"true\" focusable=\"false\" class=\"icon icon-outline icon--arrow-right \"><use xlink:href=\"https:\/\/www.uni.lu\/wp-content\/themes\/unilux-theme\/assets\/images\/icons\/icons-outline.svg#icon--arrow-right\"><\/use><\/svg>    <\/a>\n<\/div>\n<\/div>\n        <\/figure>\n    <\/div>\n<\/section>\n\n\n<p>Le recteur a rappel\u00e9 que la vie \u00e9tudiante n\u2019est parfois pas sans d\u00e9fis, et leur a assur\u00e9 que le Service des \u00e9tudiants (SEVE) est \u00e0 leur \u00e9coute. Il n&rsquo;a pas manqu\u00e9 d&rsquo;\u00e9voquer le semestre obligatoire \u00e0 l&rsquo;\u00e9tranger pour tous les bachelors. S&rsquo;appuyant sur sa propre exp\u00e9rience en Allemagne, en France et en Angleterre, il a assur\u00e9 qu&rsquo;une exp\u00e9rience internationale \u00e9largira leurs horizons et enrichirait leurs \u00e9tudes. Pour conclure, Jens Kreisel a encourag\u00e9 les nouveaux \u00e9tudiants \u00e0 participer activement \u00e0 la vie du campus, en rejoignant des clubs ou en s&rsquo;engageant dans des \u00e9v\u00e9nements culturels, sportifs ou communautaires.<\/p>\n\n\n\n<p>Les visiteurs ont pleinement profit\u00e9 de l&rsquo;\u00e9v\u00e9nement pour explorer le campus, rencontrer d&rsquo;autres nouveaux \u00e9tudiants ou enseignants, et d\u00e9couvrir les services d&rsquo;Uni.lu.<\/p>\n\n\n\n<div class=\"wp-block-columns is-layout-flex wp-block-columns-is-layout-flex\">\n<div class=\"wp-block-column is-layout-flow wp-block-column-is-layout-flow\">\n<p>Amy, inscrite au <a href=\"https:\/\/www.uni.lu\/fhse-en\/study-programs\/bachelor-in-psychology\/\">Bachelor en psychologie<\/a>, incarne un aspect essentiel d&rsquo;Uni.lu : allemande n\u00e9e en Belgique, trilingue, elle a particip\u00e9 \u00e0 la <a href=\"https:\/\/www.uni.lu\/fr\/etudes\/decouvrir-l-universite\/journee-portes-ouvertes\/\">Journ\u00e9e portes ouvertes d&rsquo;Uni.lu<\/a> en mars.<\/p>\n<\/div>\n\n\n\n<div class=\"wp-block-column is-layout-flow wp-block-column-is-layout-flow\"><figure class=\"wp-block-dev4-reusable-blocks-image  object-fit--cover\">\n    \n<img decoding=\"async\" class=\"wp-block-image unilux-custom-image-block\"\n                alt=\"Amy au Welcome Day 2025\"\n            src=\"https:\/\/www.uni.lu\/wp-content\/uploads\/sites\/11\/2025\/09\/12191750\/welcome-day-2025-Amy.png\"\n                srcset=\"https:\/\/www.uni.lu\/wp-content\/uploads\/sites\/11\/2025\/09\/12191750\/welcome-day-2025-Amy-225x300.png 225w, https:\/\/www.uni.lu\/wp-content\/uploads\/sites\/11\/2025\/09\/12191750\/welcome-day-2025-Amy-768x1024.png 768w, https:\/\/www.uni.lu\/wp-content\/uploads\/sites\/11\/2025\/09\/12191750\/welcome-day-2025-Amy-1152x1536.png 1152w, https:\/\/www.uni.lu\/wp-content\/uploads\/sites\/11\/2025\/09\/12191750\/welcome-day-2025-Amy.png 1200w\"\n                style=\"object-position: 57.00% 48.00%; font-family: &quot;object-fit: cover; object-position: 57.00% 48.00%;&quot;; aspect-ratio: 16\/9; object-fit: cover; width: 100%;\"\n        loading=\"lazy\"\n\/>    <\/figure><\/div>\n<\/div>\n\n\n\n<section class=\"wp-block-unilux-blocks-quote-people\">\n    <div class=\"quote-people\" role=\"group\">\n        <figure class=\"quote-people__body\">\n            <blockquote class=\"quote-people__blockquote\">\n    <span class=\"quote-people__quote\">\u201f<\/span>\n    Ce qui m&rsquo;a attir\u00e9e, c&rsquo;est l&rsquo;ambiance internationale du campus et le fait que le cursus est en fran\u00e7ais, en allemand et en anglais. Je souhaite am\u00e9liorer mon fran\u00e7ais, car cela m&rsquo;aidera dans mon futur travail.\u201d\n<\/blockquote>\n<div class=\"wp-block-unilux-blocks-wrapper quote-people__figcaption\">\n<p class=\"quote-people__author wp-block-unilux-blocks-plain-text\">Amy<\/p><\/div>\n        <\/figure>\n    <\/div>\n<\/section>\n\n\n<div class=\"wp-block-columns is-layout-flex wp-block-columns-is-layout-flex\">\n<div class=\"wp-block-column is-layout-flow wp-block-column-is-layout-flow\"><figure class=\"wp-block-dev4-reusable-blocks-image  object-fit--cover\">\n    \n<img decoding=\"async\" class=\"wp-block-image unilux-custom-image-block\"\n                alt=\"Miyo and Soreyn at the Welcome Day 2025\"\n            src=\"https:\/\/www.uni.lu\/wp-content\/uploads\/sites\/11\/2025\/09\/12190421\/welcome-day-2025-Miyo-and-Soreyn.png\"\n                srcset=\"https:\/\/www.uni.lu\/wp-content\/uploads\/sites\/11\/2025\/09\/12190421\/welcome-day-2025-Miyo-and-Soreyn-300x200.png 300w, https:\/\/www.uni.lu\/wp-content\/uploads\/sites\/11\/2025\/09\/12190421\/welcome-day-2025-Miyo-and-Soreyn-1024x683.png 1024w, https:\/\/www.uni.lu\/wp-content\/uploads\/sites\/11\/2025\/09\/12190421\/welcome-day-2025-Miyo-and-Soreyn-768x512.png 768w, https:\/\/www.uni.lu\/wp-content\/uploads\/sites\/11\/2025\/09\/12190421\/welcome-day-2025-Miyo-and-Soreyn.png 1200w\"\n                style=\"object-position: 50.00% 50.00%; font-family: &quot;object-fit: cover; object-position: 50.00% 50.00%;&quot;; aspect-ratio: 16\/9; object-fit: cover; width: 100%;\"\n        loading=\"lazy\"\n\/>    <\/figure><\/div>\n\n\n\n<div class=\"wp-block-column is-layout-flow wp-block-column-is-layout-flow\">\n<p>C\u2019est la premi\u00e8re visite au Luxembourg pour Miyu, du Japon, et Soyeon, de la Cor\u00e9e. Toutes deux rayonnantes et souriantes, elles sont ravies de d\u00e9couvrir la diversit\u00e9 culturelle sur le campus et ont h\u00e2te de rencontrer leurs pairs en cours.<\/p>\n<\/div>\n<\/div>\n\n\n\n<div class=\"wp-block-columns is-layout-flex wp-block-columns-is-layout-flex\">\n<div class=\"wp-block-column is-layout-flow wp-block-column-is-layout-flow\">\n<p>Carmen et Trinity sont deux amies luxembourgeoises inscrites au Bachelor en sciences de l\u2019\u00e9ducation. Trinity, \u00e0 qui ses amis \u00e0 l\u2019\u00e9tranger ont confi\u00e9e des difficult\u00e9s rencontr\u00e9s sur des grands campus, a particuli\u00e8rement appr\u00e9ci\u00e9 la taille humaine du campus : <em>\u00ab Il est grand sans \u00eatre \u00e9crasant, et bien organis\u00e9. \u00bb<\/em><\/p>\n<\/div>\n\n\n\n<div class=\"wp-block-column is-layout-flow wp-block-column-is-layout-flow\"><figure class=\"wp-block-dev4-reusable-blocks-image  object-fit--cover\">\n    \n<img decoding=\"async\" class=\"wp-block-image unilux-custom-image-block\"\n                alt=\"Trinity and Carmen at the Welcome Day 2025\"\n            src=\"https:\/\/www.uni.lu\/wp-content\/uploads\/sites\/11\/2025\/09\/12190659\/welcome-day-2025-Trinity-and-Carmen.png\"\n                srcset=\"https:\/\/www.uni.lu\/wp-content\/uploads\/sites\/11\/2025\/09\/12190659\/welcome-day-2025-Trinity-and-Carmen-300x200.png 300w, https:\/\/www.uni.lu\/wp-content\/uploads\/sites\/11\/2025\/09\/12190659\/welcome-day-2025-Trinity-and-Carmen-1024x683.png 1024w, https:\/\/www.uni.lu\/wp-content\/uploads\/sites\/11\/2025\/09\/12190659\/welcome-day-2025-Trinity-and-Carmen-768x512.png 768w, https:\/\/www.uni.lu\/wp-content\/uploads\/sites\/11\/2025\/09\/12190659\/welcome-day-2025-Trinity-and-Carmen.png 1200w\"\n                style=\"object-position: 50.00% 50.00%; font-family: &quot;object-fit: cover; object-position: 50.00% 50.00%;&quot;; aspect-ratio: 16\/9; object-fit: cover; width: 100%;\"\n        loading=\"lazy\"\n\/>    <\/figure><\/div>\n<\/div>\n\n\n\n<p><strong>Partagez vos impressions du Welcome Day sur les r\u00e9seaux sociaux !<\/strong><\/p>\n\n\n\n<ul class=\"ulux-list\">\n<li class=\"ulux-list-item\">Taguez <strong>@uni.lu<\/strong> sur vos photos et vid\u00e9os sur Facebook et Instagram.<\/li>\n\n\n\n<li class=\"ulux-list-item\">Utilisez les hashtags suivants : <strong>#WelcomeDay<\/strong> et <strong>#uni_lu<\/strong>.<\/li>\n<\/ul>\n\n\n\n<div class=\"wp-block-unilux-blocks-icons-group icon--lg has-text-align-left\"><!--- Start template: Component Icon --><a href=\"https:\/\/www.facebook.com\/uni.lu\" class=\"\"> <svg aria-hidden=\"true\" focusable=\"false\" class=\"icon icon-solid icon--facebook \"><use xlink:href=\"https:\/\/www.uni.lu\/wp-content\/themes\/unilux-theme\/assets\/images\/icons\/icons-solid.svg#icon--facebook\"><\/use><\/svg><\/a>\n\n<!--- Start template: Component Icon --><a href=\"https:\/\/www.linkedin.com\/school\/university-of-luxembourg\/mycompany\/\" class=\"\"> <svg aria-hidden=\"true\" focusable=\"false\" class=\"icon icon-solid icon--linkedin \"><use xlink:href=\"https:\/\/www.uni.lu\/wp-content\/themes\/unilux-theme\/assets\/images\/icons\/icons-solid.svg#icon--linkedin\"><\/use><\/svg><\/a>\n\n<!--- Start template: Component Icon --><a href=\"https:\/\/www.instagram.com\/uni.lu\" class=\"\"> <svg aria-hidden=\"true\" focusable=\"false\" class=\"icon icon-solid icon--instagram \"><use xlink:href=\"https:\/\/www.uni.lu\/wp-content\/themes\/unilux-theme\/assets\/images\/icons\/icons-solid.svg#icon--instagram\"><\/use><\/svg><\/a>\n\n<!--- Start template: Component Icon --><a href=\"https:\/\/www.youtube.com\/@uni_lu\" class=\"\"> <svg aria-hidden=\"true\" focusable=\"false\" class=\"icon icon-solid icon--youtube \"><use xlink:href=\"https:\/\/www.uni.lu\/wp-content\/themes\/unilux-theme\/assets\/images\/icons\/icons-solid.svg#icon--youtube\"><\/use><\/svg><\/a>\n\n<!--- Start template: Component Icon --><a href=\"https:\/\/www.threads.net\/@uni.lu\" class=\"\"> <svg aria-hidden=\"true\" focusable=\"false\" class=\"icon icon-solid icon--threads \"><use xlink:href=\"https:\/\/www.uni.lu\/wp-content\/themes\/unilux-theme\/assets\/images\/icons\/icons-solid.svg#icon--threads\"><\/use><\/svg><\/a>\n\n<!--- Start template: Component Icon --><a href=\"https:\/\/bsky.app\/profile\/uni.lu\" class=\"\"> <svg aria-hidden=\"true\" focusable=\"false\" class=\"icon icon-solid icon--bluesky \"><use xlink:href=\"https:\/\/www.uni.lu\/wp-content\/themes\/unilux-theme\/assets\/images\/icons\/icons-solid.svg#icon--bluesky\"><\/use><\/svg><\/a><\/div>\n\n\n<div class=\"wp-block-unilux-blocks-spacer is-spacer-size-md\"><\/div>\n\n\n<h2 class=\"has-text-align-left wp-block-unilux-blocks-heading\"        id=\"besoin-daide\"\n    >\nBesoin d&rsquo;aide ?<\/h2>\n\n\n\n<p>\u00c0 partir du lundi 15 septembre, des services sont disponibles :&nbsp;<\/p>\n\n\n\n<ul class=\"ulux-list\">\n<li class=\"ulux-list-item\">La page web <a href=\"https:\/\/www.uni.lu\/fr\/pour-les-etudiants\/\" target=\"_blank\" rel=\"noreferrer noopener\">students.uni.lu,<\/a> enti\u00e8rement d\u00e9di\u00e9e aux \u00e9tudiants.<\/li>\n\n\n\n<li class=\"ulux-list-item\">Pour tout ce qui concerne l&rsquo;informatique, IT Student Care aura des stands d&rsquo;assistance sur les campus de Belval et du Kirchberg, du lundi au vendredi de 11 \u00e0 15 heures.<\/li>\n\n\n\n<li class=\"ulux-list-item\">Une assistance informatique sera \u00e9galement disponible via le <a href=\"https:\/\/eur01.safelinks.protection.outlook.com\/?url=https%3A%2F%2Fservice.uni.lu%2Fssp&amp;data=05%7C02%7Claura.bianchi%40uni.lu%7C11dc8446a23a4a39344c08dcbab382fa%7C445a9c950f9d49539db1bc4a45dd1220%7C0%7C0%7C638590527353185415%7CUnknown%7CTWFpbGZsb3d8eyJWIjoiMC4wLjAwMDAiLCJQIjoiV2luMzIiLCJBTiI6Ik1haWwiLCJXVCI6Mn0%3D%7C0%7C%7C%7C&amp;sdata=FWuerTbiaaftRC73C77zPrac61SwipXd8au1rpdI4jY%3D&amp;reserved=0\" target=\"_blank\" rel=\"noreferrer noopener\">Portail des services aux \u00e9tudiants<\/a> et un atelier destin\u00e9 aux nouveaux \u00e9tudiants.&nbsp;<\/li>\n\n\n\n<li class=\"ulux-list-item\"><a href=\"https:\/\/www.uni.lu\/life-en\/contacts\/\" target=\"_blank\" rel=\"noreferrer noopener\">SEVE<\/a> \u2013 le d\u00e9partement des \u00e9tudiants \u2013 est ouvert toute l&rsquo;ann\u00e9e et s\u2019occupe de l&rsquo;admission, du logement, du bien-\u00eatre et de l&rsquo;inclusion ou encore de l&rsquo;aide financi\u00e8re.&nbsp;<\/li>\n<\/ul>\n\n\n\n<h2 class=\"has-text-align-left wp-block-unilux-blocks-heading\"        id=\"decouvrez-votre-campus-en-avant-premiere\"\n    >\nD\u00e9couvrez votre campus en avant-premi\u00e8re\u00a0<\/h2>\n\n\n\n<section class=\"alignfull wp-block-unilux-blocks-gallery-carousel\">\n    <div class=\"swiper swiper-gallery\" aria-roledescription=\"carousel\" aria-label=\"A gallery of images\">\n        <!-- Swiper button Next & Prev -->\n        <div class=\"swiper-nav\">\n            <div class=\"swiper-nav__container\">\n                <div class=\"swiper-nav__grid\">\n                    <button type=\"button\" class=\"swiper-button-next\">\n                        <svg aria-hidden=\"true\" focusable=\"false\" class=\"icon icon-outline icon--arrow-right \"><use xlink:href=\"https:\/\/www.uni.lu\/wp-content\/themes\/unilux-theme\/assets\/images\/icons\/icons-outline.svg#icon--arrow-right\"><\/use><\/svg>                    <\/button>\n                    <button type=\"button\" class=\"swiper-button-prev\">\n                        <svg aria-hidden=\"true\" focusable=\"false\" class=\"icon icon-outline icon--arrow-left \"><use xlink:href=\"https:\/\/www.uni.lu\/wp-content\/themes\/unilux-theme\/assets\/images\/icons\/icons-outline.svg#icon--arrow-left\"><\/use><\/svg>                    <\/button>\n                <\/div>\n            <\/div>\n        <\/div>\n\n        <!-- swiper slides -->\n        <ul class=\"swiper-wrapper\">\n            \n<li class=\"swiper-slide\" aria-roledescription=\"slide\">\n    <figure class=\"wp-block-dev4-reusable-blocks-image swiper-slide__bg object-fit--cover\">\n    \n<img decoding=\"async\" class=\"wp-block-image unilux-custom-image-block\"\n                alt=\"\"\n            src=\"https:\/\/www.uni.lu\/wp-content\/uploads\/sites\/9\/2024\/09\/202211-RapportAnnuel-Limpertsberg-9.jpg\"\n                    style=\"object-position: 50.00% 50.00%; font-family: &quot;object-fit: cover; object-position: 50.00% 50.00%;&quot;; aspect-ratio: 16\/9; object-fit: cover; width: 100%;\"\n        loading=\"lazy\"\n\/>    <\/figure><\/li>\n<li class=\"swiper-slide\" aria-roledescription=\"slide\">\n    <figure class=\"wp-block-dev4-reusable-blocks-image swiper-slide__bg object-fit--cover\">\n    \n<img decoding=\"async\" class=\"wp-block-image unilux-custom-image-block\"\n                alt=\"\"\n            src=\"https:\/\/www.uni.lu\/wp-content\/uploads\/sites\/9\/2024\/09\/20220215-CommUni-11.jpg\"\n                    style=\"object-position: 50.00% 50.00%; font-family: &quot;object-fit: cover; object-position: 50.00% 50.00%;&quot;; aspect-ratio: 16\/9; object-fit: cover; width: 100%;\"\n        loading=\"lazy\"\n\/>    <\/figure><\/li>\n<li class=\"swiper-slide\" aria-roledescription=\"slide\">\n    <figure class=\"wp-block-dev4-reusable-blocks-image swiper-slide__bg object-fit--cover\">\n    \n<img decoding=\"async\" class=\"wp-block-image unilux-custom-image-block\"\n                alt=\"\"\n            src=\"https:\/\/www.uni.lu\/wp-content\/uploads\/sites\/9\/2024\/09\/Maison-Des-Etudiants_Sophie-Margue-scaled.jpg\"\n                    style=\"object-position: 50.00% 50.00%; font-family: &quot;object-fit: cover; object-position: 50.00% 50.00%;&quot;; aspect-ratio: 16\/9; object-fit: cover; width: 100%;\"\n        loading=\"lazy\"\n\/>    <\/figure><\/li>\n<li class=\"swiper-slide\" aria-roledescription=\"slide\">\n    <figure class=\"wp-block-dev4-reusable-blocks-image swiper-slide__bg object-fit--cover\">\n    \n<img decoding=\"async\" class=\"wp-block-image unilux-custom-image-block\"\n                alt=\"\"\n            src=\"https:\/\/www.uni.lu\/wp-content\/uploads\/sites\/9\/2024\/09\/202211-RapportAnnuel-Belval-25.jpg\"\n                    style=\"object-position: 50.00% 50.00%; font-family: &quot;object-fit: cover; object-position: 50.00% 50.00%;&quot;; aspect-ratio: 16\/9; object-fit: cover; width: 100%;\"\n        loading=\"lazy\"\n\/>    <\/figure><\/li>\n<li class=\"swiper-slide\" aria-roledescription=\"slide\">\n    <figure class=\"wp-block-dev4-reusable-blocks-image swiper-slide__bg object-fit--cover\">\n    \n<img decoding=\"async\" class=\"wp-block-image unilux-custom-image-block\"\n                alt=\"\"\n            src=\"https:\/\/www.uni.lu\/wp-content\/uploads\/sites\/9\/2024\/09\/202211-RapportAnnuel-Kirchberg-24.jpg\"\n                    style=\"object-position: 50.00% 50.00%; font-family: &quot;object-fit: cover; object-position: 50.00% 50.00%;&quot;; aspect-ratio: 16\/9; object-fit: cover; width: 100%;\"\n        loading=\"lazy\"\n\/>    <\/figure><\/li>\n<li class=\"swiper-slide\" aria-roledescription=\"slide\">\n    <figure class=\"wp-block-dev4-reusable-blocks-image swiper-slide__bg object-fit--cover\">\n    \n<img decoding=\"async\" class=\"wp-block-image unilux-custom-image-block\"\n                alt=\"\"\n            src=\"https:\/\/www.uni.lu\/wp-content\/uploads\/sites\/9\/2024\/09\/20240422-LLC-Photoshooting-Sophie-Margue-56-scaled.jpg\"\n                    style=\"object-position: 50.00% 50.00%; font-family: &quot;object-fit: cover; object-position: 50.00% 50.00%;&quot;; aspect-ratio: 16\/9; object-fit: cover; width: 100%;\"\n        loading=\"lazy\"\n\/>    <\/figure><\/li>\n<li class=\"swiper-slide\" aria-roledescription=\"slide\">\n    <figure class=\"wp-block-dev4-reusable-blocks-image swiper-slide__bg object-fit--cover\">\n    \n<img decoding=\"async\" class=\"wp-block-image unilux-custom-image-block\"\n                alt=\"\"\n            src=\"https:\/\/www.uni.lu\/wp-content\/uploads\/sites\/9\/2024\/09\/202211-RapportAnnuel-Belval-11.jpg\"\n                    style=\"object-position: 50.00% 50.00%; font-family: &quot;object-fit: cover; object-position: 50.00% 50.00%;&quot;; aspect-ratio: 16\/9; object-fit: cover; width: 100%;\"\n        loading=\"lazy\"\n\/>    <\/figure><\/li>        <\/ul>\n\n        <!-- Swiper pagination -->\n        <div class=\"swiper-pagination\">\n            <div class=\"swiper-pagination__bullets\"><\/div>\n        <\/div>\n    <\/div>\n<\/section><\/div><\/section>\n\n\n<section class=\"section section wp-block-unilux-blocks-quick-link-discover-section\">\n    <div class=\"container xl:max-w-screen-xl\">\n        \n<h2 class=\"has-text-align-left wp-block-unilux-blocks-heading\"        id=\"plus-dinformations\"\n    >\nPlus d&rsquo;informations<\/h2>\n\n<ul class=\"wp-block-unilux-blocks-quick-link-discover quick-link-list\">\n<li class=\"wp-block-unilux-blocks-quick-link-discover-item\">\n    <a\n                    href=\"https:\/\/www.uni.lu\/fr\/pour-les-etudiants\/\"\n                    class=\"quick-link\"\n            target=\"\"\n    >\n            <span class=\"quick-link__container\">\n                <span class=\"quick-link__text\">\n                    Student.uni.lu                <\/span>\n                <svg aria-hidden=\"true\" focusable=\"false\" class=\"icon icon-outline icon--arrow-right \"><use xlink:href=\"https:\/\/www.uni.lu\/wp-content\/themes\/unilux-theme\/assets\/images\/icons\/icons-outline.svg#icon--arrow-right\"><\/use><\/svg>            <\/span>\n    <\/a>\n<\/li>\n\n\n\n<li class=\"wp-block-unilux-blocks-quick-link-discover-item\">\n    <a\n                    href=\"https:\/\/www.uni.lu\/life-en\/contacts\/\"\n                    class=\"quick-link\"\n            target=\"\"\n    >\n            <span class=\"quick-link__container\">\n                <span class=\"quick-link__text\">\n                    Student Department (EN)                <\/span>\n                <svg aria-hidden=\"true\" focusable=\"false\" class=\"icon icon-outline icon--arrow-right \"><use xlink:href=\"https:\/\/www.uni.lu\/wp-content\/themes\/unilux-theme\/assets\/images\/icons\/icons-outline.svg#icon--arrow-right\"><\/use><\/svg>            <\/span>\n    <\/a>\n<\/li>\n\n\n\n<li class=\"wp-block-unilux-blocks-quick-link-discover-item\">\n    <a\n                    href=\"https:\/\/www.uni.lu\/fr\/news\/uni-lu-prepare-sa-rentree\/\"\n                    class=\"quick-link\"\n            target=\"\"\n    >\n            <span class=\"quick-link__container\">\n                <span class=\"quick-link__text\">\n                    Rentr\u00e9e 2024                <\/span>\n                <svg aria-hidden=\"true\" focusable=\"false\" class=\"icon icon-outline icon--arrow-right \"><use xlink:href=\"https:\/\/www.uni.lu\/wp-content\/themes\/unilux-theme\/assets\/images\/icons\/icons-outline.svg#icon--arrow-right\"><\/use><\/svg>            <\/span>\n    <\/a>\n<\/li>\n<\/ul>\n    <\/div>\n<\/section>","protected":false},"excerpt":{"rendered":"","protected":false},"author":341,"featured_media":16437,"template":"","format":"standard","meta":{"featured_image_focal_point":{"x":0.54,"y":0.64},"show_featured_caption":false,"ulux_newsletter_groups":"","uluxPostTitle":"","uluxPrePostTitle":"","_trash_the_other_posts":false,"_price":"","_stock":"","_tribe_ticket_header":"","_tribe_default_ticket_provider":"","_tribe_ticket_capacity":"0","_ticket_start_date":"","_ticket_end_date":"","_tribe_ticket_show_description":"","_tribe_ticket_show_not_going":false,"_tribe_ticket_use_global_stock":"","_tribe_ticket_global_stock_level":"","_global_stock_mode":"","_global_stock_cap":"","_tribe_rsvp_for_event":"","_tribe_ticket_going_count":"","_tribe_ticket_not_going_count":"","_tribe_tickets_list":"[]","_tribe_ticket_has_attendee_info_fields":false},"news-category":[3],"news-topic":[],"organisation":[226],"authorship":[341],"acf":[],"yoast_head":"<!-- This site is optimized with the Yoast SEO Premium plugin v22.3 (Yoast SEO v22.3) - https:\/\/yoast.com\/wordpress\/plugins\/seo\/ -->\n<title>Uni.lu est pr\u00eat \u00e0 accueillir les \u00e9tudiants pour le nouveau semestre - Universit\u00e9 du Luxembourg<\/title>\n<meta name=\"description\" content=\"Pr\u00e8s de 1,500 nouveaux \u00e9tudiants rejoindront l&#039;Universit\u00e9 du Luxembourg le 15 septembre. Le d\u00e9but de la vie \u00e9tudiante est un moment passionnant et Uni.lu\" \/>\n<meta name=\"robots\" content=\"index, follow, max-snippet:-1, max-image-preview:large, max-video-preview:-1\" \/>\n<link rel=\"canonical\" href=\"https:\/\/www.uni.lu\/fr\/news\/uni-lu-est-pret-a-accueillir-les-etudiants-pour-le-nouveau-semestre\/\" \/>\n<meta property=\"og:locale\" content=\"fr_FR\" \/>\n<meta property=\"og:type\" content=\"article\" \/>\n<meta property=\"og:title\" content=\"Uni.lu est pr\u00eat \u00e0 accueillir les \u00e9tudiants pour le nouveau semestre\" \/>\n<meta property=\"og:description\" content=\"Pr\u00e8s de 1,500 nouveaux \u00e9tudiants rejoindront l&#039;Universit\u00e9 du Luxembourg le 15 septembre. Le d\u00e9but de la vie \u00e9tudiante est un moment passionnant et Uni.lu\" \/>\n<meta property=\"og:url\" content=\"https:\/\/www.uni.lu\/fr\/news\/uni-lu-est-pret-a-accueillir-les-etudiants-pour-le-nouveau-semestre\/\" \/>\n<meta property=\"og:site_name\" content=\"UNI FR\" \/>\n<meta property=\"article:publisher\" content=\"https:\/\/www.facebook.com\/uni.lu\" \/>\n<meta property=\"article:modified_time\" content=\"2025-09-12T17:18:18+00:00\" \/>\n<meta property=\"og:image\" content=\"https:\/\/www.uni.lu\/wp-content\/uploads\/sites\/11\/2025\/09\/12173031\/WhatsApp-Image-2025-09-12-at-17.24.46.jpeg\" \/>\n\t<meta property=\"og:image:width\" content=\"1200\" \/>\n\t<meta property=\"og:image:height\" content=\"1600\" \/>\n\t<meta property=\"og:image:type\" content=\"image\/jpeg\" \/>\n<meta name=\"twitter:card\" content=\"summary_large_image\" \/>\n<meta name=\"twitter:label1\" content=\"Dur\u00e9e de lecture estim\u00e9e\" \/>\n\t<meta name=\"twitter:data1\" content=\"3 minutes\" \/>\n<script type=\"application\/ld+json\" class=\"yoast-schema-graph\">{\"@context\":\"https:\/\/schema.org\",\"@graph\":[{\"@type\":\"NewsArticle\",\"@id\":\"https:\/\/www.uni.lu\/fr\/news\/uni-lu-est-pret-a-accueillir-les-etudiants-pour-le-nouveau-semestre\/#article\",\"isPartOf\":{\"@id\":\"https:\/\/www.uni.lu\/fr\/news\/uni-lu-est-pret-a-accueillir-les-etudiants-pour-le-nouveau-semestre\/\"},\"author\":{\"name\":\"Catherine Clesse\",\"@id\":\"https:\/\/www.uni.lu\/fr\/#\/schema\/person\/67d3defa53981502bf9cddb74a850c08\"},\"headline\":\"Uni.lu est pr\u00eat \u00e0 accueillir les \u00e9tudiants pour le nouveau semestre\",\"datePublished\":\"2025-09-09T13:34:16+00:00\",\"dateModified\":\"2025-09-12T17:18:18+00:00\",\"mainEntityOfPage\":{\"@id\":\"https:\/\/www.uni.lu\/fr\/news\/uni-lu-est-pret-a-accueillir-les-etudiants-pour-le-nouveau-semestre\/\"},\"wordCount\":581,\"publisher\":{\"@id\":\"https:\/\/www.uni.lu\/fr\/#organization\"},\"image\":{\"@id\":\"https:\/\/www.uni.lu\/fr\/news\/uni-lu-est-pret-a-accueillir-les-etudiants-pour-le-nouveau-semestre\/#primaryimage\"},\"thumbnailUrl\":\"https:\/\/www.uni.lu\/wp-content\/uploads\/sites\/11\/2025\/09\/12173031\/WhatsApp-Image-2025-09-12-at-17.24.46.jpeg\",\"inLanguage\":\"fr-FR\"},{\"@type\":\"WebPage\",\"@id\":\"https:\/\/www.uni.lu\/fr\/news\/uni-lu-est-pret-a-accueillir-les-etudiants-pour-le-nouveau-semestre\/\",\"url\":\"https:\/\/www.uni.lu\/fr\/news\/uni-lu-est-pret-a-accueillir-les-etudiants-pour-le-nouveau-semestre\/\",\"name\":\"Uni.lu est pr\u00eat \u00e0 accueillir les \u00e9tudiants pour le nouveau semestre - Universit\u00e9 du Luxembourg\",\"isPartOf\":{\"@id\":\"https:\/\/www.uni.lu\/fr\/#website\"},\"primaryImageOfPage\":{\"@id\":\"https:\/\/www.uni.lu\/fr\/news\/uni-lu-est-pret-a-accueillir-les-etudiants-pour-le-nouveau-semestre\/#primaryimage\"},\"image\":{\"@id\":\"https:\/\/www.uni.lu\/fr\/news\/uni-lu-est-pret-a-accueillir-les-etudiants-pour-le-nouveau-semestre\/#primaryimage\"},\"thumbnailUrl\":\"https:\/\/www.uni.lu\/wp-content\/uploads\/sites\/11\/2025\/09\/12173031\/WhatsApp-Image-2025-09-12-at-17.24.46.jpeg\",\"datePublished\":\"2025-09-09T13:34:16+00:00\",\"dateModified\":\"2025-09-12T17:18:18+00:00\",\"description\":\"Pr\u00e8s de 1,500 nouveaux \u00e9tudiants rejoindront l'Universit\u00e9 du Luxembourg le 15 septembre. Le d\u00e9but de la vie \u00e9tudiante est un moment passionnant et Uni.lu\",\"breadcrumb\":{\"@id\":\"https:\/\/www.uni.lu\/fr\/news\/uni-lu-est-pret-a-accueillir-les-etudiants-pour-le-nouveau-semestre\/#breadcrumb\"},\"inLanguage\":\"fr-FR\",\"potentialAction\":[{\"@type\":\"ReadAction\",\"target\":[\"https:\/\/www.uni.lu\/fr\/news\/uni-lu-est-pret-a-accueillir-les-etudiants-pour-le-nouveau-semestre\/\"]}]},{\"@type\":\"ImageObject\",\"inLanguage\":\"fr-FR\",\"@id\":\"https:\/\/www.uni.lu\/fr\/news\/uni-lu-est-pret-a-accueillir-les-etudiants-pour-le-nouveau-semestre\/#primaryimage\",\"url\":\"https:\/\/www.uni.lu\/wp-content\/uploads\/sites\/11\/2025\/09\/12173031\/WhatsApp-Image-2025-09-12-at-17.24.46.jpeg\",\"contentUrl\":\"https:\/\/www.uni.lu\/wp-content\/uploads\/sites\/11\/2025\/09\/12173031\/WhatsApp-Image-2025-09-12-at-17.24.46.jpeg\",\"width\":1200,\"height\":1600},{\"@type\":\"BreadcrumbList\",\"@id\":\"https:\/\/www.uni.lu\/fr\/news\/uni-lu-est-pret-a-accueillir-les-etudiants-pour-le-nouveau-semestre\/#breadcrumb\",\"itemListElement\":[{\"@type\":\"ListItem\",\"position\":1,\"name\":\"Home\",\"item\":\"https:\/\/www.uni.lu\/fr\/\"},{\"@type\":\"ListItem\",\"position\":2,\"name\":\"News\",\"item\":\"https:\/\/www.uni.lu\/fr\/news\/\"},{\"@type\":\"ListItem\",\"position\":3,\"name\":\"Uni.lu est pr\u00eat \u00e0 accueillir les \u00e9tudiants pour le nouveau semestre\"}]},{\"@type\":\"WebSite\",\"@id\":\"https:\/\/www.uni.lu\/fr\/#website\",\"url\":\"https:\/\/www.uni.lu\/fr\/\",\"name\":\"Uni.lu\",\"description\":\"Universit\u00e9 du Luxembourg\",\"publisher\":{\"@id\":\"https:\/\/www.uni.lu\/fr\/#organization\"},\"alternateName\":\"Universit\u00e9 du Luxembourg\",\"potentialAction\":[{\"@type\":\"SearchAction\",\"target\":{\"@type\":\"EntryPoint\",\"urlTemplate\":\"https:\/\/www.uni.lu\/fr\/?s={search_term_string}\"},\"query-input\":\"required name=search_term_string\"}],\"inLanguage\":\"fr-FR\"},{\"@type\":\"Organization\",\"@id\":\"https:\/\/www.uni.lu\/fr\/#organization\",\"name\":\"Universit\u00e9 du Luxembourg\",\"alternateName\":\"Uni.lu\",\"url\":\"https:\/\/www.uni.lu\/fr\/\",\"logo\":{\"@type\":\"ImageObject\",\"inLanguage\":\"fr-FR\",\"@id\":\"https:\/\/www.uni.lu\/fr\/#\/schema\/logo\/image\/\",\"url\":\"https:\/\/www.uni.lu\/wp-content\/uploads\/sites\/11\/2026\/03\/03120045\/UNIV_SM-Profile_1600x1600px-scaled.jpg\",\"contentUrl\":\"https:\/\/www.uni.lu\/wp-content\/uploads\/sites\/11\/2026\/03\/03120045\/UNIV_SM-Profile_1600x1600px-scaled.jpg\",\"width\":2560,\"height\":2560,\"caption\":\"Universit\u00e9 du Luxembourg\"},\"image\":\"https:\/\/www.uni.lu\/wp-content\/uploads\/sites\/11\/2026\/04\/24120552\/20200609-Belval-Campus_Henri-Goergen-23.jpg\",\"sameAs\":[\"https:\/\/www.facebook.com\/uni.lu\",\"https:\/\/www.linkedin.com\/school\/university-of-luxembourg\/\",\"https:\/\/www.instagram.com\/uni.lu\",\"https:\/\/www.youtube.com\/@uni_lu\",\"https:\/\/en.wikipedia.org\/wiki\/University_of_Luxembourg\"],\"email\":\"communication@uni.lu\",\"telephone\":\"+352 46 66 44 1\",\"address\":{\"@type\":\"PostalAddress\",\"streetAddress\":\"2, place de l\u2019Universit\u00e9\",\"addressLocality\":\"Esch-sur-Alzette\",\"postalCode\":\"4365\",\"addressCountry\":\"LU\"},\"description\":\"Universit\u00e9 du Luxembourg\"},{\"@type\":\"Person\",\"@id\":\"https:\/\/www.uni.lu\/fr\/#\/schema\/person\/67d3defa53981502bf9cddb74a850c08\",\"name\":\"Catherine Clesse\",\"image\":{\"@type\":\"ImageObject\",\"inLanguage\":\"fr-FR\",\"@id\":\"https:\/\/www.uni.lu\/fr\/#\/schema\/person\/image\/\",\"url\":\"https:\/\/secure.gravatar.com\/avatar\/6a2e15a24f9036a6aee8753304e46c2d?s=96&d=mm&r=g\",\"contentUrl\":\"https:\/\/secure.gravatar.com\/avatar\/6a2e15a24f9036a6aee8753304e46c2d?s=96&d=mm&r=g\",\"caption\":\"Catherine Clesse\"}}]}<\/script>\n<!-- \/ Yoast SEO Premium plugin. -->","yoast_head_json":{"title":"Uni.lu est pr\u00eat \u00e0 accueillir les \u00e9tudiants pour le nouveau semestre - Universit\u00e9 du Luxembourg","description":"Pr\u00e8s de 1,500 nouveaux \u00e9tudiants rejoindront l'Universit\u00e9 du Luxembourg le 15 septembre. Le d\u00e9but de la vie \u00e9tudiante est un moment passionnant et Uni.lu","robots":{"index":"index","follow":"follow","max-snippet":"max-snippet:-1","max-image-preview":"max-image-preview:large","max-video-preview":"max-video-preview:-1"},"canonical":"https:\/\/www.uni.lu\/fr\/news\/uni-lu-est-pret-a-accueillir-les-etudiants-pour-le-nouveau-semestre\/","og_locale":"fr_FR","og_type":"article","og_title":"Uni.lu est pr\u00eat \u00e0 accueillir les \u00e9tudiants pour le nouveau semestre","og_description":"Pr\u00e8s de 1,500 nouveaux \u00e9tudiants rejoindront l'Universit\u00e9 du Luxembourg le 15 septembre. Le d\u00e9but de la vie \u00e9tudiante est un moment passionnant et Uni.lu","og_url":"https:\/\/www.uni.lu\/fr\/news\/uni-lu-est-pret-a-accueillir-les-etudiants-pour-le-nouveau-semestre\/","og_site_name":"UNI FR","article_publisher":"https:\/\/www.facebook.com\/uni.lu","article_modified_time":"2025-09-12T17:18:18+00:00","og_image":[{"width":1200,"height":1600,"url":"https:\/\/www.uni.lu\/wp-content\/uploads\/sites\/11\/2025\/09\/12173031\/WhatsApp-Image-2025-09-12-at-17.24.46.jpeg","type":"image\/jpeg"}],"twitter_card":"summary_large_image","twitter_misc":{"Dur\u00e9e de lecture estim\u00e9e":"3 minutes"},"schema":{"@context":"https:\/\/schema.org","@graph":[{"@type":"NewsArticle","@id":"https:\/\/www.uni.lu\/fr\/news\/uni-lu-est-pret-a-accueillir-les-etudiants-pour-le-nouveau-semestre\/#article","isPartOf":{"@id":"https:\/\/www.uni.lu\/fr\/news\/uni-lu-est-pret-a-accueillir-les-etudiants-pour-le-nouveau-semestre\/"},"author":{"name":"Catherine Clesse","@id":"https:\/\/www.uni.lu\/fr\/#\/schema\/person\/67d3defa53981502bf9cddb74a850c08"},"headline":"Uni.lu est pr\u00eat \u00e0 accueillir les \u00e9tudiants pour le nouveau semestre","datePublished":"2025-09-09T13:34:16+00:00","dateModified":"2025-09-12T17:18:18+00:00","mainEntityOfPage":{"@id":"https:\/\/www.uni.lu\/fr\/news\/uni-lu-est-pret-a-accueillir-les-etudiants-pour-le-nouveau-semestre\/"},"wordCount":581,"publisher":{"@id":"https:\/\/www.uni.lu\/fr\/#organization"},"image":{"@id":"https:\/\/www.uni.lu\/fr\/news\/uni-lu-est-pret-a-accueillir-les-etudiants-pour-le-nouveau-semestre\/#primaryimage"},"thumbnailUrl":"https:\/\/www.uni.lu\/wp-content\/uploads\/sites\/11\/2025\/09\/12173031\/WhatsApp-Image-2025-09-12-at-17.24.46.jpeg","inLanguage":"fr-FR"},{"@type":"WebPage","@id":"https:\/\/www.uni.lu\/fr\/news\/uni-lu-est-pret-a-accueillir-les-etudiants-pour-le-nouveau-semestre\/","url":"https:\/\/www.uni.lu\/fr\/news\/uni-lu-est-pret-a-accueillir-les-etudiants-pour-le-nouveau-semestre\/","name":"Uni.lu est pr\u00eat \u00e0 accueillir les \u00e9tudiants pour le nouveau semestre - Universit\u00e9 du Luxembourg","isPartOf":{"@id":"https:\/\/www.uni.lu\/fr\/#website"},"primaryImageOfPage":{"@id":"https:\/\/www.uni.lu\/fr\/news\/uni-lu-est-pret-a-accueillir-les-etudiants-pour-le-nouveau-semestre\/#primaryimage"},"image":{"@id":"https:\/\/www.uni.lu\/fr\/news\/uni-lu-est-pret-a-accueillir-les-etudiants-pour-le-nouveau-semestre\/#primaryimage"},"thumbnailUrl":"https:\/\/www.uni.lu\/wp-content\/uploads\/sites\/11\/2025\/09\/12173031\/WhatsApp-Image-2025-09-12-at-17.24.46.jpeg","datePublished":"2025-09-09T13:34:16+00:00","dateModified":"2025-09-12T17:18:18+00:00","description":"Pr\u00e8s de 1,500 nouveaux \u00e9tudiants rejoindront l'Universit\u00e9 du Luxembourg le 15 septembre. Le d\u00e9but de la vie \u00e9tudiante est un moment passionnant et Uni.lu","breadcrumb":{"@id":"https:\/\/www.uni.lu\/fr\/news\/uni-lu-est-pret-a-accueillir-les-etudiants-pour-le-nouveau-semestre\/#breadcrumb"},"inLanguage":"fr-FR","potentialAction":[{"@type":"ReadAction","target":["https:\/\/www.uni.lu\/fr\/news\/uni-lu-est-pret-a-accueillir-les-etudiants-pour-le-nouveau-semestre\/"]}]},{"@type":"ImageObject","inLanguage":"fr-FR","@id":"https:\/\/www.uni.lu\/fr\/news\/uni-lu-est-pret-a-accueillir-les-etudiants-pour-le-nouveau-semestre\/#primaryimage","url":"https:\/\/www.uni.lu\/wp-content\/uploads\/sites\/11\/2025\/09\/12173031\/WhatsApp-Image-2025-09-12-at-17.24.46.jpeg","contentUrl":"https:\/\/www.uni.lu\/wp-content\/uploads\/sites\/11\/2025\/09\/12173031\/WhatsApp-Image-2025-09-12-at-17.24.46.jpeg","width":1200,"height":1600},{"@type":"BreadcrumbList","@id":"https:\/\/www.uni.lu\/fr\/news\/uni-lu-est-pret-a-accueillir-les-etudiants-pour-le-nouveau-semestre\/#breadcrumb","itemListElement":[{"@type":"ListItem","position":1,"name":"Home","item":"https:\/\/www.uni.lu\/fr\/"},{"@type":"ListItem","position":2,"name":"News","item":"https:\/\/www.uni.lu\/fr\/news\/"},{"@type":"ListItem","position":3,"name":"Uni.lu est pr\u00eat \u00e0 accueillir les \u00e9tudiants pour le nouveau semestre"}]},{"@type":"WebSite","@id":"https:\/\/www.uni.lu\/fr\/#website","url":"https:\/\/www.uni.lu\/fr\/","name":"Uni.lu","description":"Universit\u00e9 du Luxembourg","publisher":{"@id":"https:\/\/www.uni.lu\/fr\/#organization"},"alternateName":"Universit\u00e9 du Luxembourg","potentialAction":[{"@type":"SearchAction","target":{"@type":"EntryPoint","urlTemplate":"https:\/\/www.uni.lu\/fr\/?s={search_term_string}"},"query-input":"required name=search_term_string"}],"inLanguage":"fr-FR"},{"@type":"Organization","@id":"https:\/\/www.uni.lu\/fr\/#organization","name":"Universit\u00e9 du Luxembourg","alternateName":"Uni.lu","url":"https:\/\/www.uni.lu\/fr\/","logo":{"@type":"ImageObject","inLanguage":"fr-FR","@id":"https:\/\/www.uni.lu\/fr\/#\/schema\/logo\/image\/","url":"https:\/\/www.uni.lu\/wp-content\/uploads\/sites\/11\/2026\/03\/03120045\/UNIV_SM-Profile_1600x1600px-scaled.jpg","contentUrl":"https:\/\/www.uni.lu\/wp-content\/uploads\/sites\/11\/2026\/03\/03120045\/UNIV_SM-Profile_1600x1600px-scaled.jpg","width":2560,"height":2560,"caption":"Universit\u00e9 du Luxembourg"},"image":"https:\/\/www.uni.lu\/wp-content\/uploads\/sites\/11\/2026\/04\/24120552\/20200609-Belval-Campus_Henri-Goergen-23.jpg","sameAs":["https:\/\/www.facebook.com\/uni.lu","https:\/\/www.linkedin.com\/school\/university-of-luxembourg\/","https:\/\/www.instagram.com\/uni.lu","https:\/\/www.youtube.com\/@uni_lu","https:\/\/en.wikipedia.org\/wiki\/University_of_Luxembourg"],"email":"communication@uni.lu","telephone":"+352 46 66 44 1","address":{"@type":"PostalAddress","streetAddress":"2, place de l\u2019Universit\u00e9","addressLocality":"Esch-sur-Alzette","postalCode":"4365","addressCountry":"LU"},"description":"Universit\u00e9 du Luxembourg"},{"@type":"Person","@id":"https:\/\/www.uni.lu\/fr\/#\/schema\/person\/67d3defa53981502bf9cddb74a850c08","name":"Catherine Clesse","image":{"@type":"ImageObject","inLanguage":"fr-FR","@id":"https:\/\/www.uni.lu\/fr\/#\/schema\/person\/image\/","url":"https:\/\/secure.gravatar.com\/avatar\/6a2e15a24f9036a6aee8753304e46c2d?s=96&d=mm&r=g","contentUrl":"https:\/\/secure.gravatar.com\/avatar\/6a2e15a24f9036a6aee8753304e46c2d?s=96&d=mm&r=g","caption":"Catherine Clesse"}}]}},"blog_id":11,"_links":{"self":[{"href":"https:\/\/www.uni.lu\/fr\/wp-json\/wp\/v2\/news\/16414"}],"collection":[{"href":"https:\/\/www.uni.lu\/fr\/wp-json\/wp\/v2\/news"}],"about":[{"href":"https:\/\/www.uni.lu\/fr\/wp-json\/wp\/v2\/types\/news"}],"author":[{"embeddable":true,"href":"https:\/\/www.uni.lu\/fr\/wp-json\/wp\/v2\/users\/341"}],"version-history":[{"count":5,"href":"https:\/\/www.uni.lu\/fr\/wp-json\/wp\/v2\/news\/16414\/revisions"}],"predecessor-version":[{"id":16460,"href":"https:\/\/www.uni.lu\/fr\/wp-json\/wp\/v2\/news\/16414\/revisions\/16460"}],"wp:authorship":[{"embeddable":true,"href":"https:\/\/www.uni.lu\/fr\/wp-json\/wp\/v2\/users\/341"}],"wp:featuredmedia":[{"embeddable":true,"href":"https:\/\/www.uni.lu\/fr\/wp-json\/wp\/v2\/media\/16437"}],"wp:attachment":[{"href":"https:\/\/www.uni.lu\/fr\/wp-json\/wp\/v2\/media?parent=16414"}],"wp:term":[{"taxonomy":"news-category","embeddable":true,"href":"https:\/\/www.uni.lu\/fr\/wp-json\/wp\/v2\/news-category?post=16414"},{"taxonomy":"news-topic","embeddable":true,"href":"https:\/\/www.uni.lu\/fr\/wp-json\/wp\/v2\/news-topic?post=16414"},{"taxonomy":"organisation","embeddable":true,"href":"https:\/\/www.uni.lu\/fr\/wp-json\/wp\/v2\/organisation?post=16414"}],"curies":[{"name":"wp","href":"https:\/\/api.w.org\/{rel}","templated":true}]}}