{"id":16243,"date":"2025-08-25T15:35:54","date_gmt":"2025-08-25T13:35:54","guid":{"rendered":"https:\/\/www.uni.lu\/fr\/?post_type=news&#038;p=16243"},"modified":"2025-08-25T15:35:55","modified_gmt":"2025-08-25T13:35:55","slug":"association-prizma-favorise-l-appartenance-sur-le-campus","status":"publish","type":"news","link":"https:\/\/www.uni.lu\/fr\/news\/association-prizma-favorise-l-appartenance-sur-le-campus\/","title":{"rendered":"Comment l\u2019association PRIZMA favorise l\u2019appartenance sur le campus"},"content":{"rendered":"\n<section class=\"wp-block-unilux-blocks-free-section section\"><div class=\"container xl:max-w-screen-xl\">\n<p>Au sein de l\u2019effort de&nbsp;l\u2019Universit\u00e9 du Luxembourg pour favoriser un environnement inclusif et solidaire, les initiatives port\u00e9es par les \u00e9tudiants jouent un r\u00f4le essentiel dans la culture et la vie sur le campus.&nbsp;<\/p>\n\n\n\n<p>Contribuant \u00e0 cette mission, un petit groupe d\u2019\u00e9tudiants a fond\u00e9 <a href=\"https:\/\/www.uni.lu\/life-en\/social-life\/student-associations-clubs\/lgbt\/\">PRIZMA, l\u2019association LGBTQ+ de l\u2019Uni.lu<\/a>, en 2019. Bien que la pand\u00e9mie de COVID-19 leur a mis des b\u00e2tons dans les roues, la jeune l\u2019association a r\u00e9ussi \u00e0 s\u2019accro\u00eetre de 3 \u00e0 4 membres initiaux \u00e0 une communaut\u00e9 d\u2019environ 100 personnes, nombre qui ne cesse d\u2019augmenter chaque ann\u00e9e.\u00a0<\/p>\n\n\n\n<h2 class=\"has-text-align-left wp-block-unilux-blocks-heading\"        id=\"construire-une-communaute-et-assurer-la-visibilite-sur-le-campus\"\n    >\nConstruire une communaut\u00e9 et assurer la visibilit\u00e9 sur le campus<\/h2>\n\n\n\n<p>PRIZMA a \u00e9t\u00e9 cr\u00e9\u00e9e avec l\u2019objectif pr\u00e9cis d\u2019assurer que les \u00e9tudiants LGBTQIA+ de l\u2019Universit\u00e9 se sentent reconnus, soutenus et connect\u00e9s. Beaucoup vivent une isolation au moment de commencer les \u00e9tudes, surtout lorsqu\u2019on est loin de sa famille ou de ses communaut\u00e9s d\u2019origine. L\u2019association propose un espace accueillant o\u00f9 chacun peut s\u2019exprimer librement dans un cadre solidaire et de confiance.<\/p>\n\n\n\n<p>\u00ab Nous voulons sensibiliser \u00e0 la communaut\u00e9 LGBTQ+, \u00e0 la reconnaissance et \u00e0 l\u2019\u00e9galit\u00e9, et cr\u00e9er un espace de rencontre s\u00fbr o\u00f9 chacun peut \u00eatre soi-m\u00eame sans crainte d&rsquo;\u00eatre jug\u00e9 \u00bb, partage Sarah, membre du comit\u00e9 responsable de l\u2019organisation du groupe.<\/p>\n\n\n\n<p>L\u2019association est ouverte aux \u00e9tudiants, au personnel et aux personnes ext\u00e9rieures \u00e0 l\u2019universit\u00e9. Elle organise r\u00e9guli\u00e8rement des \u00e9v\u00e9nements et des initiatives visant \u00e0 renforcer la communaut\u00e9, \u00e0 sensibiliser le public et \u00e0 promouvoir les droits des personnes LGBTQIA+ au sein et au-del\u00e0 de l&rsquo;Universit\u00e9. Parmi ceux-ci, on peut citer :<\/p>\n\n\n\n<ul class=\"ulux-list\">\n<li class=\"ulux-list-item\">Des rencontres conviviales, comme les r\u00e9unions hebdomadaires \u00ab safe space \u00bb \u00e0 la Maison des Arts et des \u00c9tudiants, des pique-niques, des soir\u00e9es jeux de soci\u00e9t\u00e9, qui permettent aux aux \u00e9tudiants d\u2019\u00e9changer dans une atmosph\u00e8re d\u00e9tendue ; <\/li>\n\n\n\n<li class=\"ulux-list-item\">Des tables rondes organis\u00e9es \u00e0 l\u2019occasion de dates cl\u00e9s telles que des journ\u00e9es internationales ;<\/li>\n\n\n\n<li class=\"ulux-list-item\">Des collaborations avec des organisations nationales LGBTQIA+ comme CIGALE et le Rainbow Center (Rosa L\u00ebtzebuerg) pour apporter ressources et expertise sur le campus ; <\/li>\n\n\n\n<li class=\"ulux-list-item\">Des actions de plaidoyer pour d\u00e9velopper le soutien structurel aux \u00e9tudiants LGBTQIA+ dans les politiques et services de l\u2019universit\u00e9.<\/li>\n<\/ul>\n\n\n\n<h2 class=\"has-text-align-left wp-block-unilux-blocks-heading\"        id=\"premieres-reussites\"\n    >\nPremi\u00e8res r\u00e9ussites<\/h2>\n\n\n\n<p>\u00ab Une r\u00e9alisation dont nous sommes fiers est l\u2019introduction en 2024 de l\u2019option du <em>3e pr\u00e9nom<\/em> (nom pr\u00e9f\u00e9r\u00e9) pour les \u00e9tudiants de Bachelor et de Master. C\u2019\u00e9tait une de nos revendications depuis quelques ann\u00e9es et nous explorons actuellement la possibilit\u00e9 d\u2019\u00e9tendre cette option aux doctorants et au personnel. Nous restons \u00e0 l\u2019\u00e9coute des demandes de nos membres, comme la mise en place de toilettes non genr\u00e9es, et nous avons m\u00eame un lien Telegram pour des questions que chacun peut poser de fa\u00e7on anonyme. \u00bb&nbsp;<\/p>\n\n\n\n<p>Le groupe recherche davantage de membres actifs afin de d\u00e9velopper ses activit\u00e9s. Plusieurs moyens existent pour d\u00e9couvrir PRIZMA :\u00a0un serveur Discord, un groupe WhatsApp et une page <a href=\"https:\/\/www.instagram.com\/lgbtq.uni.lu\/?igsh=MXI3Ymh1YmdlN2ZudA%3D%3D#\" target=\"_blank\" rel=\"noreferrer noopener\">Instagram<\/a>, o\u00f9 est aussi indiqu\u00e9 le lien <a href=\"https:\/\/tellonym.me\/prizma.4622906\" target=\"_blank\" rel=\"noreferrer noopener\">Tellonym<\/a> (pour l\u2019option de poser des questions anonymes).\u00a0Pour plus d&rsquo;informations sur les modalit\u00e9s d&rsquo;adh\u00e9sion, contactez-les par e-mail \u00e0 l&rsquo;adresse\u00a0<a href=\"mailto:LGBT+@uni.lu\" target=\"_blank\" rel=\"noreferrer noopener\">LGBT+@uni.lu<\/a>.\u00a0<br>\u00a0<br>Dans le cadre de la semaine de la Pride au Luxembourg,\u00a0PRIZMA a collabor\u00e9 avec le Bureau de l&rsquo;\u00e9galit\u00e9 des genres\u00a0pour organiser une rencontre\u00a0sur campus\u00a0et participer \u00e0 la Pride Run et \u00e0 la Pride Parade.\u00a0<\/p>\n\n\n\n<section class=\"alignfull wp-block-unilux-blocks-gallery-carousel\">\n    <div class=\"swiper swiper-gallery\" aria-roledescription=\"carousel\" aria-label=\"A gallery of images\">\n        <!-- Swiper button Next & Prev -->\n        <div class=\"swiper-nav\">\n            <div class=\"swiper-nav__container\">\n                <div class=\"swiper-nav__grid\">\n                    <button type=\"button\" class=\"swiper-button-next\">\n                        <svg aria-hidden=\"true\" focusable=\"false\" class=\"icon icon-outline icon--arrow-right \"><use xlink:href=\"https:\/\/www.uni.lu\/wp-content\/themes\/unilux-theme\/assets\/images\/icons\/icons-outline.svg#icon--arrow-right\"><\/use><\/svg>                    <\/button>\n                    <button type=\"button\" class=\"swiper-button-prev\">\n                        <svg aria-hidden=\"true\" focusable=\"false\" class=\"icon icon-outline icon--arrow-left \"><use xlink:href=\"https:\/\/www.uni.lu\/wp-content\/themes\/unilux-theme\/assets\/images\/icons\/icons-outline.svg#icon--arrow-left\"><\/use><\/svg>                    <\/button>\n                <\/div>\n            <\/div>\n        <\/div>\n\n        <!-- swiper slides -->\n        <ul class=\"swiper-wrapper\">\n            \n<li class=\"swiper-slide\" aria-roledescription=\"slide\">\n    <figure class=\"wp-block-dev4-reusable-blocks-image swiper-slide__bg object-fit--cover\">\n    \n<img decoding=\"async\" class=\"wp-block-image unilux-custom-image-block\"\n                alt=\"\"\n            src=\"https:\/\/www.uni.lu\/wp-content\/uploads\/sites\/9\/2025\/08\/25135720\/Parade-2-scaled.jpg\"\n                    style=\"object-position: 50.00% 50.00%; font-family: &quot;object-fit: cover; object-position: 50.00% 50.00%;&quot;; aspect-ratio: 16\/9; object-fit: cover; width: 100%;\"\n        loading=\"lazy\"\n\/>    <\/figure><\/li>\n<li class=\"swiper-slide\" aria-roledescription=\"slide\">\n    <figure class=\"wp-block-dev4-reusable-blocks-image swiper-slide__bg object-fit--cover\">\n    \n<img decoding=\"async\" class=\"wp-block-image unilux-custom-image-block\"\n                alt=\"\"\n            src=\"https:\/\/www.uni.lu\/wp-content\/uploads\/sites\/9\/2025\/08\/25135746\/Lunch-Belval-scaled.jpg\"\n                    style=\"object-position: 50.00% 50.00%; font-family: &quot;object-fit: cover; object-position: 50.00% 50.00%;&quot;; aspect-ratio: 16\/9; object-fit: cover; width: 100%;\"\n        loading=\"lazy\"\n\/>    <\/figure><\/li>\n<li class=\"swiper-slide\" aria-roledescription=\"slide\">\n    <figure class=\"wp-block-dev4-reusable-blocks-image swiper-slide__bg object-fit--cover\">\n    \n<img decoding=\"async\" class=\"wp-block-image unilux-custom-image-block\"\n                alt=\"\"\n            src=\"https:\/\/www.uni.lu\/wp-content\/uploads\/sites\/9\/2025\/08\/25135824\/Reserve-only-scaled.jpg\"\n                    style=\"object-position: 50.00% 50.00%; font-family: &quot;object-fit: cover; object-position: 50.00% 50.00%;&quot;; aspect-ratio: 16\/9; object-fit: cover; width: 100%;\"\n        loading=\"lazy\"\n\/>    <\/figure><\/li>        <\/ul>\n\n        <!-- Swiper pagination -->\n        <div class=\"swiper-pagination\">\n            <div class=\"swiper-pagination__bullets\"><\/div>\n        <\/div>\n    <\/div>\n<\/section>\n\n\n<p>Cet article est le premier d\u2019une nouvelle s\u00e9rie consacr\u00e9e aux groupes et initiatives \u00e9tudiantes de l\u2019Universit\u00e9 du Luxembourg. \u00c0 suivre pour d\u00e9couvrir d\u2019autres \u00e9tudiants qui fa\u00e7onnent la vie du campus et portent un changement positif<\/p>\n<\/div><\/section>\n\n\n<section class=\"section section wp-block-unilux-blocks-quick-link-discover-section py-0\">\n    <div class=\"container xl:max-w-screen-xl\">\n        \n<h2 class=\"has-text-align-left wp-block-unilux-blocks-heading\"        id=\"decouvrez-egalement\"\n    >\nD\u00e9couvrez \u00e9galement&#8230;<\/h2>\n\n<ul class=\"wp-block-unilux-blocks-quick-link-discover quick-link-list\">\n<li class=\"wp-block-unilux-blocks-quick-link-discover-item\">\n    <a\n                    href=\"https:\/\/www.uni.lu\/en\/about\/gender-equality\/lgbt\/\"\n                    class=\"quick-link\"\n            target=\"\"\n    >\n            <span class=\"quick-link__container\">\n                <span class=\"quick-link__text\">\n                    LGBTQ+ @Uni.lu (EN)                <\/span>\n                <svg aria-hidden=\"true\" focusable=\"false\" class=\"icon icon-outline icon--arrow-right \"><use xlink:href=\"https:\/\/www.uni.lu\/wp-content\/themes\/unilux-theme\/assets\/images\/icons\/icons-outline.svg#icon--arrow-right\"><\/use><\/svg>            <\/span>\n    <\/a>\n<\/li>\n<\/ul>\n    <\/div>\n<\/section>","protected":false},"excerpt":{"rendered":"","protected":false},"author":341,"featured_media":16244,"template":"","format":"standard","meta":{"featured_image_focal_point":[],"show_featured_caption":false,"ulux_newsletter_groups":"","uluxPostTitle":"","uluxPrePostTitle":"","_trash_the_other_posts":false,"_price":"","_stock":"","_tribe_ticket_header":"","_tribe_default_ticket_provider":"","_tribe_ticket_capacity":"0","_ticket_start_date":"","_ticket_end_date":"","_tribe_ticket_show_description":"","_tribe_ticket_show_not_going":false,"_tribe_ticket_use_global_stock":"","_tribe_ticket_global_stock_level":"","_global_stock_mode":"","_global_stock_cap":"","_tribe_rsvp_for_event":"","_tribe_ticket_going_count":"","_tribe_ticket_not_going_count":"","_tribe_tickets_list":"[]","_tribe_ticket_has_attendee_info_fields":false},"news-category":[6],"news-topic":[],"organisation":[],"authorship":[341],"acf":[],"yoast_head":"<!-- This site is optimized with the Yoast SEO Premium plugin v22.3 (Yoast SEO v22.3) - https:\/\/yoast.com\/wordpress\/plugins\/seo\/ -->\n<title>Comment l\u2019association PRIZMA favorise l\u2019appartenance sur le campus - Universit\u00e9 du Luxembourg<\/title>\n<meta name=\"description\" content=\"Au sein de l\u2019effort de&nbsp;l\u2019Universit\u00e9 du Luxembourg pour favoriser un environnement inclusif et solidaire, les initiatives port\u00e9es par les \u00e9tudiants\" \/>\n<meta name=\"robots\" content=\"index, follow, max-snippet:-1, max-image-preview:large, max-video-preview:-1\" \/>\n<link rel=\"canonical\" href=\"https:\/\/www.uni.lu\/fr\/news\/association-prizma-favorise-l-appartenance-sur-le-campus\/\" \/>\n<meta property=\"og:locale\" content=\"fr_FR\" \/>\n<meta property=\"og:type\" content=\"article\" \/>\n<meta property=\"og:title\" content=\"Comment l\u2019association PRIZMA favorise l\u2019appartenance sur le campus\" \/>\n<meta property=\"og:description\" content=\"Au sein de l\u2019effort de&nbsp;l\u2019Universit\u00e9 du Luxembourg pour favoriser un environnement inclusif et solidaire, les initiatives port\u00e9es par les \u00e9tudiants\" \/>\n<meta property=\"og:url\" content=\"https:\/\/www.uni.lu\/fr\/news\/association-prizma-favorise-l-appartenance-sur-le-campus\/\" \/>\n<meta property=\"og:site_name\" content=\"UNI FR\" \/>\n<meta property=\"article:publisher\" content=\"https:\/\/www.facebook.com\/uni.lu\" \/>\n<meta property=\"article:modified_time\" content=\"2025-08-25T13:35:55+00:00\" \/>\n<meta property=\"og:image\" content=\"https:\/\/www.uni.lu\/wp-content\/uploads\/sites\/11\/2025\/08\/25153434\/Header-image-scaled.jpg\" \/>\n\t<meta property=\"og:image:width\" content=\"2560\" \/>\n\t<meta property=\"og:image:height\" content=\"2560\" \/>\n\t<meta property=\"og:image:type\" content=\"image\/jpeg\" \/>\n<meta name=\"twitter:card\" content=\"summary_large_image\" \/>\n<meta name=\"twitter:label1\" content=\"Dur\u00e9e de lecture estim\u00e9e\" \/>\n\t<meta name=\"twitter:data1\" content=\"3 minutes\" \/>\n<script type=\"application\/ld+json\" class=\"yoast-schema-graph\">{\"@context\":\"https:\/\/schema.org\",\"@graph\":[{\"@type\":\"NewsArticle\",\"@id\":\"https:\/\/www.uni.lu\/fr\/news\/association-prizma-favorise-l-appartenance-sur-le-campus\/#article\",\"isPartOf\":{\"@id\":\"https:\/\/www.uni.lu\/fr\/news\/association-prizma-favorise-l-appartenance-sur-le-campus\/\"},\"author\":{\"name\":\"Catherine Clesse\",\"@id\":\"https:\/\/www.uni.lu\/fr\/#\/schema\/person\/67d3defa53981502bf9cddb74a850c08\"},\"headline\":\"Comment l\u2019association PRIZMA favorise l\u2019appartenance sur le campus\",\"datePublished\":\"2025-08-25T13:35:54+00:00\",\"dateModified\":\"2025-08-25T13:35:55+00:00\",\"mainEntityOfPage\":{\"@id\":\"https:\/\/www.uni.lu\/fr\/news\/association-prizma-favorise-l-appartenance-sur-le-campus\/\"},\"wordCount\":614,\"publisher\":{\"@id\":\"https:\/\/www.uni.lu\/fr\/#organization\"},\"image\":{\"@id\":\"https:\/\/www.uni.lu\/fr\/news\/association-prizma-favorise-l-appartenance-sur-le-campus\/#primaryimage\"},\"thumbnailUrl\":\"https:\/\/www.uni.lu\/wp-content\/uploads\/sites\/11\/2025\/08\/25153434\/Header-image-scaled.jpg\",\"inLanguage\":\"fr-FR\"},{\"@type\":\"WebPage\",\"@id\":\"https:\/\/www.uni.lu\/fr\/news\/association-prizma-favorise-l-appartenance-sur-le-campus\/\",\"url\":\"https:\/\/www.uni.lu\/fr\/news\/association-prizma-favorise-l-appartenance-sur-le-campus\/\",\"name\":\"Comment l\u2019association PRIZMA favorise l\u2019appartenance sur le campus - Universit\u00e9 du Luxembourg\",\"isPartOf\":{\"@id\":\"https:\/\/www.uni.lu\/fr\/#website\"},\"primaryImageOfPage\":{\"@id\":\"https:\/\/www.uni.lu\/fr\/news\/association-prizma-favorise-l-appartenance-sur-le-campus\/#primaryimage\"},\"image\":{\"@id\":\"https:\/\/www.uni.lu\/fr\/news\/association-prizma-favorise-l-appartenance-sur-le-campus\/#primaryimage\"},\"thumbnailUrl\":\"https:\/\/www.uni.lu\/wp-content\/uploads\/sites\/11\/2025\/08\/25153434\/Header-image-scaled.jpg\",\"datePublished\":\"2025-08-25T13:35:54+00:00\",\"dateModified\":\"2025-08-25T13:35:55+00:00\",\"description\":\"Au sein de l\u2019effort de&nbsp;l\u2019Universit\u00e9 du Luxembourg pour favoriser un environnement inclusif et solidaire, les initiatives port\u00e9es par les \u00e9tudiants\",\"breadcrumb\":{\"@id\":\"https:\/\/www.uni.lu\/fr\/news\/association-prizma-favorise-l-appartenance-sur-le-campus\/#breadcrumb\"},\"inLanguage\":\"fr-FR\",\"potentialAction\":[{\"@type\":\"ReadAction\",\"target\":[\"https:\/\/www.uni.lu\/fr\/news\/association-prizma-favorise-l-appartenance-sur-le-campus\/\"]}]},{\"@type\":\"ImageObject\",\"inLanguage\":\"fr-FR\",\"@id\":\"https:\/\/www.uni.lu\/fr\/news\/association-prizma-favorise-l-appartenance-sur-le-campus\/#primaryimage\",\"url\":\"https:\/\/www.uni.lu\/wp-content\/uploads\/sites\/11\/2025\/08\/25153434\/Header-image-scaled.jpg\",\"contentUrl\":\"https:\/\/www.uni.lu\/wp-content\/uploads\/sites\/11\/2025\/08\/25153434\/Header-image-scaled.jpg\",\"width\":2560,\"height\":2560},{\"@type\":\"BreadcrumbList\",\"@id\":\"https:\/\/www.uni.lu\/fr\/news\/association-prizma-favorise-l-appartenance-sur-le-campus\/#breadcrumb\",\"itemListElement\":[{\"@type\":\"ListItem\",\"position\":1,\"name\":\"Home\",\"item\":\"https:\/\/www.uni.lu\/fr\/\"},{\"@type\":\"ListItem\",\"position\":2,\"name\":\"News\",\"item\":\"https:\/\/www.uni.lu\/fr\/news\/\"},{\"@type\":\"ListItem\",\"position\":3,\"name\":\"Comment l\u2019association PRIZMA favorise l\u2019appartenance sur le campus\"}]},{\"@type\":\"WebSite\",\"@id\":\"https:\/\/www.uni.lu\/fr\/#website\",\"url\":\"https:\/\/www.uni.lu\/fr\/\",\"name\":\"Uni.lu\",\"description\":\"Universit\u00e9 du Luxembourg\",\"publisher\":{\"@id\":\"https:\/\/www.uni.lu\/fr\/#organization\"},\"alternateName\":\"Universit\u00e9 du Luxembourg\",\"potentialAction\":[{\"@type\":\"SearchAction\",\"target\":{\"@type\":\"EntryPoint\",\"urlTemplate\":\"https:\/\/www.uni.lu\/fr\/?s={search_term_string}\"},\"query-input\":\"required name=search_term_string\"}],\"inLanguage\":\"fr-FR\"},{\"@type\":\"Organization\",\"@id\":\"https:\/\/www.uni.lu\/fr\/#organization\",\"name\":\"Universit\u00e9 du Luxembourg\",\"alternateName\":\"Uni.lu\",\"url\":\"https:\/\/www.uni.lu\/fr\/\",\"logo\":{\"@type\":\"ImageObject\",\"inLanguage\":\"fr-FR\",\"@id\":\"https:\/\/www.uni.lu\/fr\/#\/schema\/logo\/image\/\",\"url\":\"https:\/\/www.uni.lu\/wp-content\/uploads\/sites\/11\/2026\/03\/03120045\/UNIV_SM-Profile_1600x1600px-scaled.jpg\",\"contentUrl\":\"https:\/\/www.uni.lu\/wp-content\/uploads\/sites\/11\/2026\/03\/03120045\/UNIV_SM-Profile_1600x1600px-scaled.jpg\",\"width\":2560,\"height\":2560,\"caption\":\"Universit\u00e9 du Luxembourg\"},\"image\":\"https:\/\/www.uni.lu\/wp-content\/uploads\/sites\/11\/2026\/04\/24120552\/20200609-Belval-Campus_Henri-Goergen-23.jpg\",\"sameAs\":[\"https:\/\/www.facebook.com\/uni.lu\",\"https:\/\/www.linkedin.com\/school\/university-of-luxembourg\/\",\"https:\/\/www.instagram.com\/uni.lu\",\"https:\/\/www.youtube.com\/@uni_lu\",\"https:\/\/en.wikipedia.org\/wiki\/University_of_Luxembourg\"],\"email\":\"communication@uni.lu\",\"telephone\":\"+352 46 66 44 1\",\"address\":{\"@type\":\"PostalAddress\",\"streetAddress\":\"2, place de l\u2019Universit\u00e9\",\"addressLocality\":\"Esch-sur-Alzette\",\"postalCode\":\"4365\",\"addressCountry\":\"LU\"},\"description\":\"Universit\u00e9 du Luxembourg\"},{\"@type\":\"Person\",\"@id\":\"https:\/\/www.uni.lu\/fr\/#\/schema\/person\/67d3defa53981502bf9cddb74a850c08\",\"name\":\"Catherine Clesse\",\"image\":{\"@type\":\"ImageObject\",\"inLanguage\":\"fr-FR\",\"@id\":\"https:\/\/www.uni.lu\/fr\/#\/schema\/person\/image\/\",\"url\":\"https:\/\/secure.gravatar.com\/avatar\/6a2e15a24f9036a6aee8753304e46c2d?s=96&d=mm&r=g\",\"contentUrl\":\"https:\/\/secure.gravatar.com\/avatar\/6a2e15a24f9036a6aee8753304e46c2d?s=96&d=mm&r=g\",\"caption\":\"Catherine Clesse\"}}]}<\/script>\n<!-- \/ Yoast SEO Premium plugin. -->","yoast_head_json":{"title":"Comment l\u2019association PRIZMA favorise l\u2019appartenance sur le campus - Universit\u00e9 du Luxembourg","description":"Au sein de l\u2019effort de&nbsp;l\u2019Universit\u00e9 du Luxembourg pour favoriser un environnement inclusif et solidaire, les initiatives port\u00e9es par les \u00e9tudiants","robots":{"index":"index","follow":"follow","max-snippet":"max-snippet:-1","max-image-preview":"max-image-preview:large","max-video-preview":"max-video-preview:-1"},"canonical":"https:\/\/www.uni.lu\/fr\/news\/association-prizma-favorise-l-appartenance-sur-le-campus\/","og_locale":"fr_FR","og_type":"article","og_title":"Comment l\u2019association PRIZMA favorise l\u2019appartenance sur le campus","og_description":"Au sein de l\u2019effort de&nbsp;l\u2019Universit\u00e9 du Luxembourg pour favoriser un environnement inclusif et solidaire, les initiatives port\u00e9es par les \u00e9tudiants","og_url":"https:\/\/www.uni.lu\/fr\/news\/association-prizma-favorise-l-appartenance-sur-le-campus\/","og_site_name":"UNI FR","article_publisher":"https:\/\/www.facebook.com\/uni.lu","article_modified_time":"2025-08-25T13:35:55+00:00","og_image":[{"width":2560,"height":2560,"url":"https:\/\/www.uni.lu\/wp-content\/uploads\/sites\/11\/2025\/08\/25153434\/Header-image-scaled.jpg","type":"image\/jpeg"}],"twitter_card":"summary_large_image","twitter_misc":{"Dur\u00e9e de lecture estim\u00e9e":"3 minutes"},"schema":{"@context":"https:\/\/schema.org","@graph":[{"@type":"NewsArticle","@id":"https:\/\/www.uni.lu\/fr\/news\/association-prizma-favorise-l-appartenance-sur-le-campus\/#article","isPartOf":{"@id":"https:\/\/www.uni.lu\/fr\/news\/association-prizma-favorise-l-appartenance-sur-le-campus\/"},"author":{"name":"Catherine Clesse","@id":"https:\/\/www.uni.lu\/fr\/#\/schema\/person\/67d3defa53981502bf9cddb74a850c08"},"headline":"Comment l\u2019association PRIZMA favorise l\u2019appartenance sur le campus","datePublished":"2025-08-25T13:35:54+00:00","dateModified":"2025-08-25T13:35:55+00:00","mainEntityOfPage":{"@id":"https:\/\/www.uni.lu\/fr\/news\/association-prizma-favorise-l-appartenance-sur-le-campus\/"},"wordCount":614,"publisher":{"@id":"https:\/\/www.uni.lu\/fr\/#organization"},"image":{"@id":"https:\/\/www.uni.lu\/fr\/news\/association-prizma-favorise-l-appartenance-sur-le-campus\/#primaryimage"},"thumbnailUrl":"https:\/\/www.uni.lu\/wp-content\/uploads\/sites\/11\/2025\/08\/25153434\/Header-image-scaled.jpg","inLanguage":"fr-FR"},{"@type":"WebPage","@id":"https:\/\/www.uni.lu\/fr\/news\/association-prizma-favorise-l-appartenance-sur-le-campus\/","url":"https:\/\/www.uni.lu\/fr\/news\/association-prizma-favorise-l-appartenance-sur-le-campus\/","name":"Comment l\u2019association PRIZMA favorise l\u2019appartenance sur le campus - Universit\u00e9 du Luxembourg","isPartOf":{"@id":"https:\/\/www.uni.lu\/fr\/#website"},"primaryImageOfPage":{"@id":"https:\/\/www.uni.lu\/fr\/news\/association-prizma-favorise-l-appartenance-sur-le-campus\/#primaryimage"},"image":{"@id":"https:\/\/www.uni.lu\/fr\/news\/association-prizma-favorise-l-appartenance-sur-le-campus\/#primaryimage"},"thumbnailUrl":"https:\/\/www.uni.lu\/wp-content\/uploads\/sites\/11\/2025\/08\/25153434\/Header-image-scaled.jpg","datePublished":"2025-08-25T13:35:54+00:00","dateModified":"2025-08-25T13:35:55+00:00","description":"Au sein de l\u2019effort de&nbsp;l\u2019Universit\u00e9 du Luxembourg pour favoriser un environnement inclusif et solidaire, les initiatives port\u00e9es par les \u00e9tudiants","breadcrumb":{"@id":"https:\/\/www.uni.lu\/fr\/news\/association-prizma-favorise-l-appartenance-sur-le-campus\/#breadcrumb"},"inLanguage":"fr-FR","potentialAction":[{"@type":"ReadAction","target":["https:\/\/www.uni.lu\/fr\/news\/association-prizma-favorise-l-appartenance-sur-le-campus\/"]}]},{"@type":"ImageObject","inLanguage":"fr-FR","@id":"https:\/\/www.uni.lu\/fr\/news\/association-prizma-favorise-l-appartenance-sur-le-campus\/#primaryimage","url":"https:\/\/www.uni.lu\/wp-content\/uploads\/sites\/11\/2025\/08\/25153434\/Header-image-scaled.jpg","contentUrl":"https:\/\/www.uni.lu\/wp-content\/uploads\/sites\/11\/2025\/08\/25153434\/Header-image-scaled.jpg","width":2560,"height":2560},{"@type":"BreadcrumbList","@id":"https:\/\/www.uni.lu\/fr\/news\/association-prizma-favorise-l-appartenance-sur-le-campus\/#breadcrumb","itemListElement":[{"@type":"ListItem","position":1,"name":"Home","item":"https:\/\/www.uni.lu\/fr\/"},{"@type":"ListItem","position":2,"name":"News","item":"https:\/\/www.uni.lu\/fr\/news\/"},{"@type":"ListItem","position":3,"name":"Comment l\u2019association PRIZMA favorise l\u2019appartenance sur le campus"}]},{"@type":"WebSite","@id":"https:\/\/www.uni.lu\/fr\/#website","url":"https:\/\/www.uni.lu\/fr\/","name":"Uni.lu","description":"Universit\u00e9 du Luxembourg","publisher":{"@id":"https:\/\/www.uni.lu\/fr\/#organization"},"alternateName":"Universit\u00e9 du Luxembourg","potentialAction":[{"@type":"SearchAction","target":{"@type":"EntryPoint","urlTemplate":"https:\/\/www.uni.lu\/fr\/?s={search_term_string}"},"query-input":"required name=search_term_string"}],"inLanguage":"fr-FR"},{"@type":"Organization","@id":"https:\/\/www.uni.lu\/fr\/#organization","name":"Universit\u00e9 du Luxembourg","alternateName":"Uni.lu","url":"https:\/\/www.uni.lu\/fr\/","logo":{"@type":"ImageObject","inLanguage":"fr-FR","@id":"https:\/\/www.uni.lu\/fr\/#\/schema\/logo\/image\/","url":"https:\/\/www.uni.lu\/wp-content\/uploads\/sites\/11\/2026\/03\/03120045\/UNIV_SM-Profile_1600x1600px-scaled.jpg","contentUrl":"https:\/\/www.uni.lu\/wp-content\/uploads\/sites\/11\/2026\/03\/03120045\/UNIV_SM-Profile_1600x1600px-scaled.jpg","width":2560,"height":2560,"caption":"Universit\u00e9 du Luxembourg"},"image":"https:\/\/www.uni.lu\/wp-content\/uploads\/sites\/11\/2026\/04\/24120552\/20200609-Belval-Campus_Henri-Goergen-23.jpg","sameAs":["https:\/\/www.facebook.com\/uni.lu","https:\/\/www.linkedin.com\/school\/university-of-luxembourg\/","https:\/\/www.instagram.com\/uni.lu","https:\/\/www.youtube.com\/@uni_lu","https:\/\/en.wikipedia.org\/wiki\/University_of_Luxembourg"],"email":"communication@uni.lu","telephone":"+352 46 66 44 1","address":{"@type":"PostalAddress","streetAddress":"2, place de l\u2019Universit\u00e9","addressLocality":"Esch-sur-Alzette","postalCode":"4365","addressCountry":"LU"},"description":"Universit\u00e9 du Luxembourg"},{"@type":"Person","@id":"https:\/\/www.uni.lu\/fr\/#\/schema\/person\/67d3defa53981502bf9cddb74a850c08","name":"Catherine Clesse","image":{"@type":"ImageObject","inLanguage":"fr-FR","@id":"https:\/\/www.uni.lu\/fr\/#\/schema\/person\/image\/","url":"https:\/\/secure.gravatar.com\/avatar\/6a2e15a24f9036a6aee8753304e46c2d?s=96&d=mm&r=g","contentUrl":"https:\/\/secure.gravatar.com\/avatar\/6a2e15a24f9036a6aee8753304e46c2d?s=96&d=mm&r=g","caption":"Catherine Clesse"}}]}},"blog_id":11,"_links":{"self":[{"href":"https:\/\/www.uni.lu\/fr\/wp-json\/wp\/v2\/news\/16243"}],"collection":[{"href":"https:\/\/www.uni.lu\/fr\/wp-json\/wp\/v2\/news"}],"about":[{"href":"https:\/\/www.uni.lu\/fr\/wp-json\/wp\/v2\/types\/news"}],"author":[{"embeddable":true,"href":"https:\/\/www.uni.lu\/fr\/wp-json\/wp\/v2\/users\/341"}],"version-history":[{"count":1,"href":"https:\/\/www.uni.lu\/fr\/wp-json\/wp\/v2\/news\/16243\/revisions"}],"predecessor-version":[{"id":16245,"href":"https:\/\/www.uni.lu\/fr\/wp-json\/wp\/v2\/news\/16243\/revisions\/16245"}],"wp:authorship":[{"embeddable":true,"href":"https:\/\/www.uni.lu\/fr\/wp-json\/wp\/v2\/users\/341"}],"wp:featuredmedia":[{"embeddable":true,"href":"https:\/\/www.uni.lu\/fr\/wp-json\/wp\/v2\/media\/16244"}],"wp:attachment":[{"href":"https:\/\/www.uni.lu\/fr\/wp-json\/wp\/v2\/media?parent=16243"}],"wp:term":[{"taxonomy":"news-category","embeddable":true,"href":"https:\/\/www.uni.lu\/fr\/wp-json\/wp\/v2\/news-category?post=16243"},{"taxonomy":"news-topic","embeddable":true,"href":"https:\/\/www.uni.lu\/fr\/wp-json\/wp\/v2\/news-topic?post=16243"},{"taxonomy":"organisation","embeddable":true,"href":"https:\/\/www.uni.lu\/fr\/wp-json\/wp\/v2\/organisation?post=16243"}],"curies":[{"name":"wp","href":"https:\/\/api.w.org\/{rel}","templated":true}]}}