{"id":16223,"date":"2025-08-22T15:27:53","date_gmt":"2025-08-22T13:27:53","guid":{"rendered":"https:\/\/www.uni.lu\/fr\/?post_type=news&#038;p=16223"},"modified":"2025-08-22T17:02:33","modified_gmt":"2025-08-22T15:02:33","slug":"dix-ans-de-lucet-au-luxembourg","status":"publish","type":"news","link":"https:\/\/www.uni.lu\/fr\/news\/dix-ans-de-lucet-au-luxembourg\/","title":{"rendered":"Une d\u00e9cennie d\u2019observation du syst\u00e8me scolaire : 10 ans de LUCET au Luxembourg"},"content":{"rendered":"\n<section class=\"wp-block-unilux-blocks-free-section section\"><div class=\"container xl:max-w-screen-xl\">\n<p>Depuis dix ans, le Luxembourg Centre for Educational Testing (LUCET) est \u00e0 l\u2019avant-garde de l\u2019\u00e9valuation et de l\u2019am\u00e9lioration du syst\u00e8me scolaire du pays. Gr\u00e2ce \u00e0 des tests innovants, une analyse approfondie des donn\u00e9es et une collaboration \u00e9troite avec les chercheurs et les d\u00e9cideurs politiques, le LUCET a contribu\u00e9 \u00e0 fa\u00e7onner un paysage \u00e9ducatif luxembourgeois plus transparent, inclusif et efficace.<\/p>\n\n\n\n<p>Choisir une \u00e9cole pour ses enfants n\u2019est pas une t\u00e2che facile. Au Luxembourg, le multilinguisme et la proximit\u00e9 avec les pays voisins rendent le syst\u00e8me scolaire particuli\u00e8rement complexe. Comment \u00e9valuer la qualit\u00e9 de ce syst\u00e8me \u00e9ducatif et sa gestion de la diversit\u00e9 et de l\u2019inclusion ? Depuis dix ans, le LUCET \u00e9value le syst\u00e8me scolaire au Luxembourg dans le but de contribuer \u00e0 l\u2019am\u00e9lioration continue de l\u2019\u00e9ducation, afin que chaque \u00e9l\u00e8ve puisse atteindre son plein potentiel, quel que soit son point de d\u00e9part.\u00a0<\/p>\n\n\n\n<h2 class=\"has-text-align-left wp-block-unilux-blocks-heading\"        id=\"une-evaluation-transparente-et-independante\"\n    >\nUne \u00e9valuation transparente et ind\u00e9pendante <\/h2>\n\n\n\n<p>En 2009, le Luxembourg a r\u00e9form\u00e9 son syst\u00e8me \u00e9ducatif et a \u00e9tabli la n\u00e9cessit\u00e9 d\u2019\u00e9valuer les \u00e9coles de mani\u00e8re transparente et ind\u00e9pendante. Cette mission est alors confi\u00e9e \u00e0 l\u2019Universit\u00e9 du Luxembourg, et le LUCET est fond\u00e9 quelques ann\u00e9es plus tard. Le centre a alors d\u00e9velopp\u00e9 le programme de suivi scolaire <em>\u00c9pStan<\/em>. Ces tests standardis\u00e9s sont organis\u00e9s chaque ann\u00e9e dans toutes les \u00e9coles du pays, pour \u00e9valuer les comp\u00e9tences des \u00e9l\u00e8ves dans des domaines cl\u00e9s tels que les math\u00e9matiques, les langues et les sciences.&nbsp;<\/p>\n\n\n\n<p>\u00ab <em>Compar\u00e9s aux tests internationaux PISA, les tests \u00c9pStan fournit des donn\u00e9es beaucoup plus d\u00e9taill\u00e9es. Cela permet de mieux comprendre les probl\u00e8mes potentiels et leurs origines, afin d\u2019agir plus efficacement<\/em> \u00bb, explique Sonja Ugen, directrice int\u00e9rimaire du LUCET. Elle ajoute : <em>\u00ab Ces donn\u00e9es sont accessibles \u00e0 tous via le tableau de bord en ligne et sont largement utilis\u00e9es dans la recherche en \u00e9ducation, mais aussi par les journalistes et, bien s\u00fbr, par les d\u00e9cideurs politiques.<\/em> \u00bb&nbsp;<\/p>\n\n\n\n<h2 class=\"has-text-align-left wp-block-unilux-blocks-heading\"        id=\"des-donnees-aux-diagnostics\"\n    >\nDes donn\u00e9es aux diagnostics<\/h2>\n\n\n\n<p>Le centre lui-m\u00eame exploit toutes ces donn\u00e9es, en publiant tous les trois ans le Bildungsbericht, rapport national complet sur l\u2019\u00e9ducation nationale, analysant les tendances, les d\u00e9fis et les \u00e9volutions du syst\u00e8me \u00e9ducatif luxembourgeois. Ce rapport constitue \u00e9galement une ressource cl\u00e9 pour les d\u00e9cideurs politiques, les enseignants et les chercheurs.<\/p>\n\n\n\n<p>Fort de son expertise de terrain et de ses liens avec la recherche en \u00e9ducation, le LUCET s\u2019est \u00e9galement vu confier la mission de d\u00e9velopper des batteries de tests diagnostiques adapt\u00e9es au contexte multilingue et multiculturel du Luxembourg. \u00ab Ces tests permettent d\u2019\u00e9tablir des diagnostics plus pr\u00e9cis concernant certains troubles d\u2019apprentissage, tout en \u00e9vitant les erreurs d\u2019interpr\u00e9tation li\u00e9es \u00e0 la langue, ce qui peut \u00eatre un d\u00e9fi dans un pays o\u00f9 le multilinguisme est la norme \u00bb, pr\u00e9cise Sonja Ugen.<\/p>\n\n\n\n<p>Dix ans se sont \u00e9coul\u00e9s depuis la cr\u00e9ation du centre, et ses nombreux projets ont contribu\u00e9 \u00e0 l\u2019\u00e9volution du syst\u00e8me scolaire luxembourgeois, rapport apr\u00e8s rapport. La directrice du LUCET se dit fi\u00e8re : \u00ab Au fil des ann\u00e9es, je pense que nous avons montr\u00e9 que des donn\u00e9es transparentes et fiables sont essentielles pour une action efficace.\u00bb<\/p>\n\n\n\n<p>Aujourd\u2019hui, de nouveaux d\u00e9fis pour le syst\u00e8me \u00e9ducatif \u00e9mergent.<\/p>\n\n\n\n<section class=\"wp-block-unilux-blocks-quote-people\">\n    <div class=\"quote-people\" role=\"group\">\n        <figure class=\"quote-people__body\">\n            <blockquote class=\"quote-people__blockquote\">\n    <span class=\"quote-people__quote\">\u201f<\/span>\n    Le multilinguisme croissant du pays n\u00e9cessitera davantage de flexibilit\u00e9 dans le choix des langues d\u2019enseignement\u201d\n<\/blockquote><!-- People Item Automated: Quote People -->\n<div class=\"quote-people__visual\">\n    <figure class=\"wp-block-dev4-reusable-blocks-image object-fit--cover\">\n        <!-- Template Image Component: default -->\n<img decoding=\"async\" class=\"w-full\" width=\"\" height=\"\" rel=\"\" alt=\"Assoc. Prof Sonja UGEN\" src=\"https:\/\/www.uni.lu\/en\/person-image\/NTAwMDMyMzNfX1NvbmphIFVHRU4=\" srcset=\"https:\/\/www.uni.lu\/en\/person-image\/NTAwMDMyMzNfX1NvbmphIFVHRU4=--thumbnail 150w,https:\/\/www.uni.lu\/en\/person-image\/NTAwMDMyMzNfX1NvbmphIFVHRU4=--medium 300w,https:\/\/www.uni.lu\/en\/person-image\/NTAwMDMyMzNfX1NvbmphIFVHRU4=--medium_large 768w,https:\/\/www.uni.lu\/en\/person-image\/NTAwMDMyMzNfX1NvbmphIFVHRU4=--large 1024w,https:\/\/www.uni.lu\/en\/person-image\/NTAwMDMyMzNfX1NvbmphIFVHRU4=--1536x1536 1536w,https:\/\/www.uni.lu\/en\/person-image\/NTAwMDMyMzNfX1NvbmphIFVHRU4=--2048x2048 2048w\" loading=\"lazy\" \/><!-- end Image Component -->\n    <\/figure>\n<\/div>\n<div class=\"quote-people__figcaption\">\n    <p class=\"quote-people__author\">Assoc. Prof Sonja UGEN<\/p>\n    <p class=\"quote-people__position\">Head of LUCET &#8211; Associate professor in Educational Testing<\/p>\n    <div class=\"wp-block-unilux-blocks-simple-cta wp-block-unilux-blocks-people-item-automated\">\n    <a\n        href=\"https:\/\/www.uni.lu\/fhse-en\/people\/sonja-ugen\/\"\n        title=\"Assoc. Prof Sonja UGEN\"\n        class=\"link-text link-text--icon quote-people__link\"\n        target=\"\"\n    >\n        <span class=\"link-text__body\">\n            <span class=\"link-text__name\">Voir le profil<\/span>\n        <\/span>\n        <svg aria-hidden=\"true\" focusable=\"false\" class=\"icon icon-outline icon--arrow-right \"><use xlink:href=\"https:\/\/www.uni.lu\/wp-content\/themes\/unilux-theme\/assets\/images\/icons\/icons-outline.svg#icon--arrow-right\"><\/use><\/svg>    <\/a>\n<\/div>\n<\/div>\n<!-- end People Item Automated -->        <\/figure>\n    <\/div>\n<\/section>\n\n<div class=\"wp-block-unilux-blocks-spacer is-spacer-size-sm\"><\/div>\n\n\n<p>Si le LUCET s\u2019est forg\u00e9 une solide r\u00e9putation au Luxembourg, le centre entend poursuivre sa croissance pour accomplir sa mission principale : donner au plus grand nombre possible acc\u00e8s \u00e0 un apprentissage de qualit\u00e9. \u00ab Nous disposons d\u00e9sormais de la premi\u00e8re cohorte compl\u00e8te d\u2019\u00e9l\u00e8ves que nous avons suivis du cycle 1 au cycle 9. Nous aimerions exploiter ces donn\u00e9es pour mieux identifier les moments critiques \u00bb, conclut Sonja Ugen.<\/p>\n<\/div><\/section>\n\n\n<section class=\"section section wp-block-unilux-blocks-quick-link-discover-section py-0\">\n    <div class=\"container xl:max-w-screen-xl\">\n        \n<h2 class=\"has-text-align-left wp-block-unilux-blocks-heading\"        id=\"decouvrez-egalement\"\n    >\nD\u00e9couvrez \u00e9galement<\/h2>\n\n<ul class=\"wp-block-unilux-blocks-quick-link-discover quick-link-list\">\n<li class=\"wp-block-unilux-blocks-quick-link-discover-item\">\n    <a\n                    href=\"https:\/\/www.uni.lu\/fr\/news\/detecter-les-troubles-de-l-apprentissage-les-tests-adaptes-aux-realites-du-luxembourg\/\"\n                    class=\"quick-link\"\n            target=\"\"\n    >\n            <span class=\"quick-link__container\">\n                <span class=\"quick-link__text\">\n                    D\u00e9tecter les troubles de l\u2019apprentissage : les tests adapt\u00e9s aux r\u00e9alit\u00e9s du Luxembourg                <\/span>\n                <svg aria-hidden=\"true\" focusable=\"false\" class=\"icon icon-outline icon--arrow-right \"><use xlink:href=\"https:\/\/www.uni.lu\/wp-content\/themes\/unilux-theme\/assets\/images\/icons\/icons-outline.svg#icon--arrow-right\"><\/use><\/svg>            <\/span>\n    <\/a>\n<\/li>\n\n\n\n<li class=\"wp-block-unilux-blocks-quick-link-discover-item\">\n    <a\n                    href=\"https:\/\/www.uni.lu\/fhse-fr\/news\/rapport-sur-l-education-lumiere-sur-l-inclusion\/\"\n                    class=\"quick-link\"\n            target=\"\"\n    >\n            <span class=\"quick-link__container\">\n                <span class=\"quick-link__text\">\n                    Rapport sur l\u2019\u00e9ducation : lumi\u00e8re sur l\u2019inclusion                <\/span>\n                <svg aria-hidden=\"true\" focusable=\"false\" class=\"icon icon-outline icon--arrow-right \"><use xlink:href=\"https:\/\/www.uni.lu\/wp-content\/themes\/unilux-theme\/assets\/images\/icons\/icons-outline.svg#icon--arrow-right\"><\/use><\/svg>            <\/span>\n    <\/a>\n<\/li>\n<\/ul>\n    <\/div>\n<\/section>","protected":false},"excerpt":{"rendered":"","protected":false},"author":341,"featured_media":16225,"template":"","format":"standard","meta":{"featured_image_focal_point":[],"show_featured_caption":false,"ulux_newsletter_groups":"","uluxPostTitle":"","uluxPrePostTitle":"","_trash_the_other_posts":false,"_price":"","_stock":"","_tribe_ticket_header":"","_tribe_default_ticket_provider":"","_tribe_ticket_capacity":"0","_ticket_start_date":"","_ticket_end_date":"","_tribe_ticket_show_description":"","_tribe_ticket_show_not_going":false,"_tribe_ticket_use_global_stock":"","_tribe_ticket_global_stock_level":"","_global_stock_mode":"","_global_stock_cap":"","_tribe_rsvp_for_event":"","_tribe_ticket_going_count":"","_tribe_ticket_not_going_count":"","_tribe_tickets_list":"[]","_tribe_ticket_has_attendee_info_fields":false},"news-category":[5],"news-topic":[12],"organisation":[147,170],"authorship":[341],"acf":[],"yoast_head":"<!-- This site is optimized with the Yoast SEO Premium plugin v22.3 (Yoast SEO v22.3) - https:\/\/yoast.com\/wordpress\/plugins\/seo\/ -->\n<title>Une d\u00e9cennie d\u2019observation du syst\u00e8me scolaire : 10 ans de LUCET au Luxembourg - Universit\u00e9 du Luxembourg<\/title>\n<meta name=\"description\" content=\"Depuis dix ans, le Luxembourg Centre for Educational Testing (LUCET) est \u00e0 l\u2019avant-garde de l\u2019\u00e9valuation et de l\u2019am\u00e9lioration du syst\u00e8me scolaire du pays.\" \/>\n<meta name=\"robots\" content=\"index, follow, max-snippet:-1, max-image-preview:large, max-video-preview:-1\" \/>\n<link rel=\"canonical\" href=\"https:\/\/www.uni.lu\/fr\/news\/dix-ans-de-lucet-au-luxembourg\/\" \/>\n<meta property=\"og:locale\" content=\"fr_FR\" \/>\n<meta property=\"og:type\" content=\"article\" \/>\n<meta property=\"og:title\" content=\"Une d\u00e9cennie d\u2019observation du syst\u00e8me scolaire : 10 ans de LUCET au Luxembourg\" \/>\n<meta property=\"og:description\" content=\"Depuis dix ans, le Luxembourg Centre for Educational Testing (LUCET) est \u00e0 l\u2019avant-garde de l\u2019\u00e9valuation et de l\u2019am\u00e9lioration du syst\u00e8me scolaire du pays.\" \/>\n<meta property=\"og:url\" content=\"https:\/\/www.uni.lu\/fr\/news\/dix-ans-de-lucet-au-luxembourg\/\" \/>\n<meta property=\"og:site_name\" content=\"UNI FR\" \/>\n<meta property=\"article:publisher\" content=\"https:\/\/www.facebook.com\/uni.lu\" \/>\n<meta property=\"article:modified_time\" content=\"2025-08-22T15:02:33+00:00\" \/>\n<meta property=\"og:image\" content=\"https:\/\/www.uni.lu\/wp-content\/uploads\/sites\/11\/2025\/08\/22152457\/iStock-2152038865-scaled.jpg\" \/>\n\t<meta property=\"og:image:width\" content=\"2560\" \/>\n\t<meta property=\"og:image:height\" content=\"1488\" \/>\n\t<meta property=\"og:image:type\" content=\"image\/jpeg\" \/>\n<meta name=\"twitter:card\" content=\"summary_large_image\" \/>\n<meta name=\"twitter:label1\" content=\"Dur\u00e9e de lecture estim\u00e9e\" \/>\n\t<meta name=\"twitter:data1\" content=\"4 minutes\" \/>\n<script type=\"application\/ld+json\" class=\"yoast-schema-graph\">{\"@context\":\"https:\/\/schema.org\",\"@graph\":[{\"@type\":\"NewsArticle\",\"@id\":\"https:\/\/www.uni.lu\/fr\/news\/dix-ans-de-lucet-au-luxembourg\/#article\",\"isPartOf\":{\"@id\":\"https:\/\/www.uni.lu\/fr\/news\/dix-ans-de-lucet-au-luxembourg\/\"},\"author\":{\"name\":\"Catherine Clesse\",\"@id\":\"https:\/\/www.uni.lu\/fr\/#\/schema\/person\/67d3defa53981502bf9cddb74a850c08\"},\"headline\":\"Une d\u00e9cennie d\u2019observation du syst\u00e8me scolaire : 10 ans de LUCET au Luxembourg\",\"datePublished\":\"2025-08-22T13:27:53+00:00\",\"dateModified\":\"2025-08-22T15:02:33+00:00\",\"mainEntityOfPage\":{\"@id\":\"https:\/\/www.uni.lu\/fr\/news\/dix-ans-de-lucet-au-luxembourg\/\"},\"wordCount\":642,\"publisher\":{\"@id\":\"https:\/\/www.uni.lu\/fr\/#organization\"},\"image\":{\"@id\":\"https:\/\/www.uni.lu\/fr\/news\/dix-ans-de-lucet-au-luxembourg\/#primaryimage\"},\"thumbnailUrl\":\"https:\/\/www.uni.lu\/wp-content\/uploads\/sites\/11\/2025\/08\/22152457\/iStock-2152038865-scaled.jpg\",\"inLanguage\":\"fr-FR\"},{\"@type\":\"WebPage\",\"@id\":\"https:\/\/www.uni.lu\/fr\/news\/dix-ans-de-lucet-au-luxembourg\/\",\"url\":\"https:\/\/www.uni.lu\/fr\/news\/dix-ans-de-lucet-au-luxembourg\/\",\"name\":\"Une d\u00e9cennie d\u2019observation du syst\u00e8me scolaire : 10 ans de LUCET au Luxembourg - Universit\u00e9 du Luxembourg\",\"isPartOf\":{\"@id\":\"https:\/\/www.uni.lu\/fr\/#website\"},\"primaryImageOfPage\":{\"@id\":\"https:\/\/www.uni.lu\/fr\/news\/dix-ans-de-lucet-au-luxembourg\/#primaryimage\"},\"image\":{\"@id\":\"https:\/\/www.uni.lu\/fr\/news\/dix-ans-de-lucet-au-luxembourg\/#primaryimage\"},\"thumbnailUrl\":\"https:\/\/www.uni.lu\/wp-content\/uploads\/sites\/11\/2025\/08\/22152457\/iStock-2152038865-scaled.jpg\",\"datePublished\":\"2025-08-22T13:27:53+00:00\",\"dateModified\":\"2025-08-22T15:02:33+00:00\",\"description\":\"Depuis dix ans, le Luxembourg Centre for Educational Testing (LUCET) est \u00e0 l\u2019avant-garde de l\u2019\u00e9valuation et de l\u2019am\u00e9lioration du syst\u00e8me scolaire du pays.\",\"breadcrumb\":{\"@id\":\"https:\/\/www.uni.lu\/fr\/news\/dix-ans-de-lucet-au-luxembourg\/#breadcrumb\"},\"inLanguage\":\"fr-FR\",\"potentialAction\":[{\"@type\":\"ReadAction\",\"target\":[\"https:\/\/www.uni.lu\/fr\/news\/dix-ans-de-lucet-au-luxembourg\/\"]}]},{\"@type\":\"ImageObject\",\"inLanguage\":\"fr-FR\",\"@id\":\"https:\/\/www.uni.lu\/fr\/news\/dix-ans-de-lucet-au-luxembourg\/#primaryimage\",\"url\":\"https:\/\/www.uni.lu\/wp-content\/uploads\/sites\/11\/2025\/08\/22152457\/iStock-2152038865-scaled.jpg\",\"contentUrl\":\"https:\/\/www.uni.lu\/wp-content\/uploads\/sites\/11\/2025\/08\/22152457\/iStock-2152038865-scaled.jpg\",\"width\":2560,\"height\":1488,\"caption\":\"Students doing a creativity project with their teacher in a classroom. Group of primary school children learning how to draw and colour with the help of their educator.\"},{\"@type\":\"BreadcrumbList\",\"@id\":\"https:\/\/www.uni.lu\/fr\/news\/dix-ans-de-lucet-au-luxembourg\/#breadcrumb\",\"itemListElement\":[{\"@type\":\"ListItem\",\"position\":1,\"name\":\"Home\",\"item\":\"https:\/\/www.uni.lu\/fr\/\"},{\"@type\":\"ListItem\",\"position\":2,\"name\":\"News\",\"item\":\"https:\/\/www.uni.lu\/fr\/news\/\"},{\"@type\":\"ListItem\",\"position\":3,\"name\":\"Une d\u00e9cennie d\u2019observation du syst\u00e8me scolaire : 10 ans de LUCET au Luxembourg\"}]},{\"@type\":\"WebSite\",\"@id\":\"https:\/\/www.uni.lu\/fr\/#website\",\"url\":\"https:\/\/www.uni.lu\/fr\/\",\"name\":\"Uni.lu\",\"description\":\"Universit\u00e9 du Luxembourg\",\"publisher\":{\"@id\":\"https:\/\/www.uni.lu\/fr\/#organization\"},\"alternateName\":\"Universit\u00e9 du Luxembourg\",\"potentialAction\":[{\"@type\":\"SearchAction\",\"target\":{\"@type\":\"EntryPoint\",\"urlTemplate\":\"https:\/\/www.uni.lu\/fr\/?s={search_term_string}\"},\"query-input\":\"required name=search_term_string\"}],\"inLanguage\":\"fr-FR\"},{\"@type\":\"Organization\",\"@id\":\"https:\/\/www.uni.lu\/fr\/#organization\",\"name\":\"Universit\u00e9 du Luxembourg\",\"alternateName\":\"Uni.lu\",\"url\":\"https:\/\/www.uni.lu\/fr\/\",\"logo\":{\"@type\":\"ImageObject\",\"inLanguage\":\"fr-FR\",\"@id\":\"https:\/\/www.uni.lu\/fr\/#\/schema\/logo\/image\/\",\"url\":\"https:\/\/www.uni.lu\/wp-content\/uploads\/sites\/11\/2026\/03\/03120045\/UNIV_SM-Profile_1600x1600px-scaled.jpg\",\"contentUrl\":\"https:\/\/www.uni.lu\/wp-content\/uploads\/sites\/11\/2026\/03\/03120045\/UNIV_SM-Profile_1600x1600px-scaled.jpg\",\"width\":2560,\"height\":2560,\"caption\":\"Universit\u00e9 du Luxembourg\"},\"image\":\"https:\/\/www.uni.lu\/wp-content\/uploads\/sites\/11\/2026\/04\/24120552\/20200609-Belval-Campus_Henri-Goergen-23.jpg\",\"sameAs\":[\"https:\/\/www.facebook.com\/uni.lu\",\"https:\/\/www.linkedin.com\/school\/university-of-luxembourg\/\",\"https:\/\/www.instagram.com\/uni.lu\",\"https:\/\/www.youtube.com\/@uni_lu\",\"https:\/\/en.wikipedia.org\/wiki\/University_of_Luxembourg\"],\"email\":\"communication@uni.lu\",\"telephone\":\"+352 46 66 44 1\",\"address\":{\"@type\":\"PostalAddress\",\"streetAddress\":\"2, place de l\u2019Universit\u00e9\",\"addressLocality\":\"Esch-sur-Alzette\",\"postalCode\":\"4365\",\"addressCountry\":\"LU\"},\"description\":\"Universit\u00e9 du Luxembourg\"},{\"@type\":\"Person\",\"@id\":\"https:\/\/www.uni.lu\/fr\/#\/schema\/person\/67d3defa53981502bf9cddb74a850c08\",\"name\":\"Catherine Clesse\",\"image\":{\"@type\":\"ImageObject\",\"inLanguage\":\"fr-FR\",\"@id\":\"https:\/\/www.uni.lu\/fr\/#\/schema\/person\/image\/\",\"url\":\"https:\/\/secure.gravatar.com\/avatar\/6a2e15a24f9036a6aee8753304e46c2d?s=96&d=mm&r=g\",\"contentUrl\":\"https:\/\/secure.gravatar.com\/avatar\/6a2e15a24f9036a6aee8753304e46c2d?s=96&d=mm&r=g\",\"caption\":\"Catherine Clesse\"}}]}<\/script>\n<!-- \/ Yoast SEO Premium plugin. -->","yoast_head_json":{"title":"Une d\u00e9cennie d\u2019observation du syst\u00e8me scolaire : 10 ans de LUCET au Luxembourg - Universit\u00e9 du Luxembourg","description":"Depuis dix ans, le Luxembourg Centre for Educational Testing (LUCET) est \u00e0 l\u2019avant-garde de l\u2019\u00e9valuation et de l\u2019am\u00e9lioration du syst\u00e8me scolaire du pays.","robots":{"index":"index","follow":"follow","max-snippet":"max-snippet:-1","max-image-preview":"max-image-preview:large","max-video-preview":"max-video-preview:-1"},"canonical":"https:\/\/www.uni.lu\/fr\/news\/dix-ans-de-lucet-au-luxembourg\/","og_locale":"fr_FR","og_type":"article","og_title":"Une d\u00e9cennie d\u2019observation du syst\u00e8me scolaire : 10 ans de LUCET au Luxembourg","og_description":"Depuis dix ans, le Luxembourg Centre for Educational Testing (LUCET) est \u00e0 l\u2019avant-garde de l\u2019\u00e9valuation et de l\u2019am\u00e9lioration du syst\u00e8me scolaire du pays.","og_url":"https:\/\/www.uni.lu\/fr\/news\/dix-ans-de-lucet-au-luxembourg\/","og_site_name":"UNI FR","article_publisher":"https:\/\/www.facebook.com\/uni.lu","article_modified_time":"2025-08-22T15:02:33+00:00","og_image":[{"width":2560,"height":1488,"url":"https:\/\/www.uni.lu\/wp-content\/uploads\/sites\/11\/2025\/08\/22152457\/iStock-2152038865-scaled.jpg","type":"image\/jpeg"}],"twitter_card":"summary_large_image","twitter_misc":{"Dur\u00e9e de lecture estim\u00e9e":"4 minutes"},"schema":{"@context":"https:\/\/schema.org","@graph":[{"@type":"NewsArticle","@id":"https:\/\/www.uni.lu\/fr\/news\/dix-ans-de-lucet-au-luxembourg\/#article","isPartOf":{"@id":"https:\/\/www.uni.lu\/fr\/news\/dix-ans-de-lucet-au-luxembourg\/"},"author":{"name":"Catherine Clesse","@id":"https:\/\/www.uni.lu\/fr\/#\/schema\/person\/67d3defa53981502bf9cddb74a850c08"},"headline":"Une d\u00e9cennie d\u2019observation du syst\u00e8me scolaire : 10 ans de LUCET au Luxembourg","datePublished":"2025-08-22T13:27:53+00:00","dateModified":"2025-08-22T15:02:33+00:00","mainEntityOfPage":{"@id":"https:\/\/www.uni.lu\/fr\/news\/dix-ans-de-lucet-au-luxembourg\/"},"wordCount":642,"publisher":{"@id":"https:\/\/www.uni.lu\/fr\/#organization"},"image":{"@id":"https:\/\/www.uni.lu\/fr\/news\/dix-ans-de-lucet-au-luxembourg\/#primaryimage"},"thumbnailUrl":"https:\/\/www.uni.lu\/wp-content\/uploads\/sites\/11\/2025\/08\/22152457\/iStock-2152038865-scaled.jpg","inLanguage":"fr-FR"},{"@type":"WebPage","@id":"https:\/\/www.uni.lu\/fr\/news\/dix-ans-de-lucet-au-luxembourg\/","url":"https:\/\/www.uni.lu\/fr\/news\/dix-ans-de-lucet-au-luxembourg\/","name":"Une d\u00e9cennie d\u2019observation du syst\u00e8me scolaire : 10 ans de LUCET au Luxembourg - Universit\u00e9 du Luxembourg","isPartOf":{"@id":"https:\/\/www.uni.lu\/fr\/#website"},"primaryImageOfPage":{"@id":"https:\/\/www.uni.lu\/fr\/news\/dix-ans-de-lucet-au-luxembourg\/#primaryimage"},"image":{"@id":"https:\/\/www.uni.lu\/fr\/news\/dix-ans-de-lucet-au-luxembourg\/#primaryimage"},"thumbnailUrl":"https:\/\/www.uni.lu\/wp-content\/uploads\/sites\/11\/2025\/08\/22152457\/iStock-2152038865-scaled.jpg","datePublished":"2025-08-22T13:27:53+00:00","dateModified":"2025-08-22T15:02:33+00:00","description":"Depuis dix ans, le Luxembourg Centre for Educational Testing (LUCET) est \u00e0 l\u2019avant-garde de l\u2019\u00e9valuation et de l\u2019am\u00e9lioration du syst\u00e8me scolaire du pays.","breadcrumb":{"@id":"https:\/\/www.uni.lu\/fr\/news\/dix-ans-de-lucet-au-luxembourg\/#breadcrumb"},"inLanguage":"fr-FR","potentialAction":[{"@type":"ReadAction","target":["https:\/\/www.uni.lu\/fr\/news\/dix-ans-de-lucet-au-luxembourg\/"]}]},{"@type":"ImageObject","inLanguage":"fr-FR","@id":"https:\/\/www.uni.lu\/fr\/news\/dix-ans-de-lucet-au-luxembourg\/#primaryimage","url":"https:\/\/www.uni.lu\/wp-content\/uploads\/sites\/11\/2025\/08\/22152457\/iStock-2152038865-scaled.jpg","contentUrl":"https:\/\/www.uni.lu\/wp-content\/uploads\/sites\/11\/2025\/08\/22152457\/iStock-2152038865-scaled.jpg","width":2560,"height":1488,"caption":"Students doing a creativity project with their teacher in a classroom. Group of primary school children learning how to draw and colour with the help of their educator."},{"@type":"BreadcrumbList","@id":"https:\/\/www.uni.lu\/fr\/news\/dix-ans-de-lucet-au-luxembourg\/#breadcrumb","itemListElement":[{"@type":"ListItem","position":1,"name":"Home","item":"https:\/\/www.uni.lu\/fr\/"},{"@type":"ListItem","position":2,"name":"News","item":"https:\/\/www.uni.lu\/fr\/news\/"},{"@type":"ListItem","position":3,"name":"Une d\u00e9cennie d\u2019observation du syst\u00e8me scolaire : 10 ans de LUCET au Luxembourg"}]},{"@type":"WebSite","@id":"https:\/\/www.uni.lu\/fr\/#website","url":"https:\/\/www.uni.lu\/fr\/","name":"Uni.lu","description":"Universit\u00e9 du Luxembourg","publisher":{"@id":"https:\/\/www.uni.lu\/fr\/#organization"},"alternateName":"Universit\u00e9 du Luxembourg","potentialAction":[{"@type":"SearchAction","target":{"@type":"EntryPoint","urlTemplate":"https:\/\/www.uni.lu\/fr\/?s={search_term_string}"},"query-input":"required name=search_term_string"}],"inLanguage":"fr-FR"},{"@type":"Organization","@id":"https:\/\/www.uni.lu\/fr\/#organization","name":"Universit\u00e9 du Luxembourg","alternateName":"Uni.lu","url":"https:\/\/www.uni.lu\/fr\/","logo":{"@type":"ImageObject","inLanguage":"fr-FR","@id":"https:\/\/www.uni.lu\/fr\/#\/schema\/logo\/image\/","url":"https:\/\/www.uni.lu\/wp-content\/uploads\/sites\/11\/2026\/03\/03120045\/UNIV_SM-Profile_1600x1600px-scaled.jpg","contentUrl":"https:\/\/www.uni.lu\/wp-content\/uploads\/sites\/11\/2026\/03\/03120045\/UNIV_SM-Profile_1600x1600px-scaled.jpg","width":2560,"height":2560,"caption":"Universit\u00e9 du Luxembourg"},"image":"https:\/\/www.uni.lu\/wp-content\/uploads\/sites\/11\/2026\/04\/24120552\/20200609-Belval-Campus_Henri-Goergen-23.jpg","sameAs":["https:\/\/www.facebook.com\/uni.lu","https:\/\/www.linkedin.com\/school\/university-of-luxembourg\/","https:\/\/www.instagram.com\/uni.lu","https:\/\/www.youtube.com\/@uni_lu","https:\/\/en.wikipedia.org\/wiki\/University_of_Luxembourg"],"email":"communication@uni.lu","telephone":"+352 46 66 44 1","address":{"@type":"PostalAddress","streetAddress":"2, place de l\u2019Universit\u00e9","addressLocality":"Esch-sur-Alzette","postalCode":"4365","addressCountry":"LU"},"description":"Universit\u00e9 du Luxembourg"},{"@type":"Person","@id":"https:\/\/www.uni.lu\/fr\/#\/schema\/person\/67d3defa53981502bf9cddb74a850c08","name":"Catherine Clesse","image":{"@type":"ImageObject","inLanguage":"fr-FR","@id":"https:\/\/www.uni.lu\/fr\/#\/schema\/person\/image\/","url":"https:\/\/secure.gravatar.com\/avatar\/6a2e15a24f9036a6aee8753304e46c2d?s=96&d=mm&r=g","contentUrl":"https:\/\/secure.gravatar.com\/avatar\/6a2e15a24f9036a6aee8753304e46c2d?s=96&d=mm&r=g","caption":"Catherine Clesse"}}]}},"blog_id":11,"_links":{"self":[{"href":"https:\/\/www.uni.lu\/fr\/wp-json\/wp\/v2\/news\/16223"}],"collection":[{"href":"https:\/\/www.uni.lu\/fr\/wp-json\/wp\/v2\/news"}],"about":[{"href":"https:\/\/www.uni.lu\/fr\/wp-json\/wp\/v2\/types\/news"}],"author":[{"embeddable":true,"href":"https:\/\/www.uni.lu\/fr\/wp-json\/wp\/v2\/users\/341"}],"version-history":[{"count":2,"href":"https:\/\/www.uni.lu\/fr\/wp-json\/wp\/v2\/news\/16223\/revisions"}],"predecessor-version":[{"id":16238,"href":"https:\/\/www.uni.lu\/fr\/wp-json\/wp\/v2\/news\/16223\/revisions\/16238"}],"wp:authorship":[{"embeddable":true,"href":"https:\/\/www.uni.lu\/fr\/wp-json\/wp\/v2\/users\/341"}],"wp:featuredmedia":[{"embeddable":true,"href":"https:\/\/www.uni.lu\/fr\/wp-json\/wp\/v2\/media\/16225"}],"wp:attachment":[{"href":"https:\/\/www.uni.lu\/fr\/wp-json\/wp\/v2\/media?parent=16223"}],"wp:term":[{"taxonomy":"news-category","embeddable":true,"href":"https:\/\/www.uni.lu\/fr\/wp-json\/wp\/v2\/news-category?post=16223"},{"taxonomy":"news-topic","embeddable":true,"href":"https:\/\/www.uni.lu\/fr\/wp-json\/wp\/v2\/news-topic?post=16223"},{"taxonomy":"organisation","embeddable":true,"href":"https:\/\/www.uni.lu\/fr\/wp-json\/wp\/v2\/organisation?post=16223"}],"curies":[{"name":"wp","href":"https:\/\/api.w.org\/{rel}","templated":true}]}}