{"id":1616,"date":"2021-12-20T08:33:56","date_gmt":"2021-12-20T08:33:56","guid":{"rendered":"https:\/\/website.prod.unilu.spikeseed.cloud\/fr\/news\/luniversite-honore-lexcellence-de-sa-promotion-doctorale-2020-2021\/"},"modified":"2021-12-20T08:33:56","modified_gmt":"2021-12-20T08:33:56","slug":"luniversite-honore-lexcellence-de-sa-promotion-doctorale-2020-2021","status":"publish","type":"news","link":"https:\/\/www.uni.lu\/fr\/news\/luniversite-honore-lexcellence-de-sa-promotion-doctorale-2020-2021\/","title":{"rendered":"L&rsquo;Universit\u00e9 honore l\u2019excellence de sa promotion doctorale 2020\/2021"},"content":{"rendered":"<section class=\"wp-block-unilux-blocks-free-section section\"><div class=\"container xl:max-w-screen-xl\"><p>L&rsquo;Universit\u00e9 a organis\u00e9 sa c\u00e9r\u00e9monie annuelle de remise des dipl\u00f4mes de doctorat le 17 d\u00e9cembre sur le Campus de Belval. Plus de 150 doctorants ont \u00e9t\u00e9 dipl\u00f4m\u00e9s des quatre \u00e9coles doctorales de l&rsquo;Universit\u00e9. La c\u00e9r\u00e9monie a mis \u00e0 l&rsquo;honneur les doctorants et les laur\u00e9ats des Prix d\u2019excellence, qui ont re\u00e7u leur distinction en pr\u00e9sence de leur famille et de leurs invit\u00e9s.<\/p><p>\u00ab\u00a0Aujourd&rsquo;hui, nous c\u00e9l\u00e9brons vos accomplissements en tant que chercheurs, ainsi que les parcours qui s&rsquo;ouvrent \u00e0 vous. Ils sont aussi divers et aussi nombreux que vous le souhaitez.\u00a0Sur le chemin que vous entamez aujourd\u2019hui, n\u2019h\u00e9sitez jamais \u00e0 r\u00eaver. Le monde manque cruellement de r\u00eaveurs. Mais bien s\u00fbr ne vous arr\u00eatez pas au r\u00eave, veillez \u00e0 ce que les meilleurs d\u2019entre eux se r\u00e9alisent. C\u2019est la partie \u00e0 laquelle vos \u00e9tudes universitaires vous ont pr\u00e9par\u00e9 au mieux, ainsi que toute la r\u00e9silience que vous y avez d\u00e9velopp\u00e9e, \u00bb dit le recteur, Prof. St\u00e9phane Pallage.<\/p><p>Le discours d&rsquo;ouverture, \u00ab\u00a0Graduated. And Now? How about working on a \u201cWicked problem\u00a0\u00bb \u00bb,\u00a0a \u00e9t\u00e9 donn\u00e9 par Rudi Balling, ancien directeur du\u00a0<a href=\"https:\/\/wwwfr.uni.lu\/lcsb\" target=\"_self\" title=\"\" rel=\"noopener\">Luxembourg Centre for Systems Biomedicine<\/a>. Il a offert son point de vue sur la fa\u00e7on dont les probl\u00e8mes les plus complexes, identifi\u00e9s par les interactions entre les syst\u00e8mes sociaux et naturels, l&rsquo;incertitude, les cons\u00e9quences impr\u00e9vues, un impact\u00a0 \u00e0 d\u00e9lai incertain et par des retours co\u00fbteux et incertains, ont besoin de solutions bas\u00e9es sur la justice, la confiance et la compr\u00e9hension. Il a encourag\u00e9 les futurs acad\u00e9miciens \u00e0 explorer au-del\u00e0 de leur domaine et \u00e0 cr\u00e9er un pont entre les sciences naturelles et humaines.<\/p><p><a href=\"https:\/\/www.uni.lu\/content\/download\/140826\/1602078\/version\/1\/file\/Graduates_PhD.pdf\" target=\"_self\" title=\"\" rel=\"noopener\">Liste de tous les doctorants dipl\u00f4m\u00e9s<\/a><\/p>\n<h3 class=\"has-text-align-left wp-block-unilux-blocks-heading\"        id=\"prix-dexcellence-aux-meilleures-theses\"\n    >\nPrix d&rsquo;excellence aux meilleures th\u00e8ses<\/h3>\n<p>L&rsquo;Universit\u00e9 du Luxembourg a d\u00e9cern\u00e9 les <strong>Excellent Thesis Awards<\/strong> aux doctorants qui ont fait preuve d&rsquo;excellence, d&rsquo;originalit\u00e9 et de profondeur dans leur th\u00e8se.<\/p><p>17 dipl\u00f4m\u00e9s de la <a href=\"https:\/\/wwwfr.uni.lu\/fstm\/doctoral_school_in_science_and_engineering_dsse\" target=\"_blank\" title=\"\" rel=\"noopener\">Doctoral School of Science and Engineering<\/a>\u00a0(DSSE), de la <a href=\"https:\/\/wwwfr.uni.lu\/formations\/fdef\/doctoral_school_in_economics_finance_and_management_dsefm\" target=\"_blank\" title=\"\" rel=\"noopener\">Doctoral School in Economics, Finance and Management<\/a>\u00a0(DSEFM), de la <a href=\"https:\/\/wwwfr.uni.lu\/fhse\/doctoral_school\" target=\"_blank\" title=\"\" rel=\"noopener\">Doctoral School in Humanities and Social Sciences<\/a>\u00a0(DSHSS) et de l&rsquo;<a href=\"https:\/\/wwwfr.uni.lu\/formations\/fdef\/ecole_doctorale_de_droit\" target=\"_self\" title=\"\" rel=\"noopener\">\u00c9cole doctorale de droit<\/a> ont re\u00e7u ce Prix. Dix des 17 laur\u00e9ats sont des candidates.<\/p>\n<h4 class=\"has-text-align-left wp-block-unilux-blocks-heading\"        id=\"doctoral-school-in-science-and-engineering-dsse\"\n    >\nDoctoral School in Science and Engineering (DSSE)<\/h4>\n<p><ul class=\"ulux-list\"><li class=\"ulux-list-item\">J\u00e9r\u00e9my Dauphin<\/li><li class=\"ulux-list-item\">Khouloud Gaaloul<\/li><li class=\"ulux-list-item\">Alireza Haqiqatnejad<\/li><li class=\"ulux-list-item\">Susana Martinez Arbas<\/li><li class=\"ulux-list-item\">Cosme Milesi-Brault<\/li><li class=\"ulux-list-item\">Yamila Omar<\/li><li class=\"ulux-list-item\">Martin St\u00f6hr<\/li><li class=\"ulux-list-item\">Cui Su<\/li><li class=\"ulux-list-item\">Emiliano Torti<\/li><li class=\"ulux-list-item\">Valentino Vigneri<\/li><li class=\"ulux-list-item\">Hannah Wurzer<\/li><\/ul><\/p>\n<h4 class=\"has-text-align-left wp-block-unilux-blocks-heading\"        id=\"doctoral-school-in-humanities-and-social-sciences-dshss\"\n    >\nDoctoral School in Humanities and Social Sciences (DSHSS)<\/h4>\n<p><ul class=\"ulux-list\"><li class=\"ulux-list-item\">Verena Distler<\/li><li class=\"ulux-list-item\">Christina Haas<\/li><li class=\"ulux-list-item\">Christine Ruppert<\/li><li class=\"ulux-list-item\">Vitus Sproten\u00a0(<a href=\"https:\/\/wwwfr.uni.lu\/universite\/actualites\/diaporama\/the_sound_of_change_the_history_of_free_radio_stations\" target=\"_self\" title=\"\" rel=\"noopener\">d\u00e9couvrir plus dans l&rsquo;article<\/a>)<\/li><\/ul><\/p>\n<h4 class=\"has-text-align-left wp-block-unilux-blocks-heading\"        id=\"doctoral-school-in-economics-finance-and-management-dsefm\"\n    >\nDoctoral School in Economics, Finance and Management (DSEFM)<\/h4>\n<p><ul class=\"ulux-list\"><li class=\"ulux-list-item\">Rana C\u00f6mertpay (<a href=\"https:\/\/wwwfr.uni.lu\/universite\/actualites\/latest_news\/economics_of_forced_displacement_and_conflict\" target=\"_self\" title=\"\" rel=\"noopener\">d\u00e9couvrir plus dans l&rsquo;article<\/a>)<\/li><\/ul><\/p>\n<h4 class=\"has-text-align-left wp-block-unilux-blocks-heading\"        id=\"ecole-doctorale-de-droit\"\n    >\n\u00c9cole doctorale de droit<\/h4>\n<p><ul class=\"ulux-list\"><li class=\"ulux-list-item\">Teresa Quintel\u00a0(<a href=\"https:\/\/wwwfr.uni.lu\/universite\/actualites\/latest_news\/may_third_country_nationals_suffer_from_lower_data_protection\" target=\"_self\" title=\"\" rel=\"noopener\">d\u00e9couvrir plus dans l&rsquo;article<\/a>)<\/li><\/ul><\/p>\n<h3 class=\"has-text-align-left wp-block-unilux-blocks-heading\"        id=\"prix-speciaux\"\n    >\nPrix sp\u00e9ciaux<\/h3>\n<p><strong>Le Prix de la Fondation Auguste Laval<\/strong> a \u00e9t\u00e9 d\u00e9cern\u00e9 \u00e0 T\u00e0i Nguyen, docteur en physique de la Doctoral School in Science and Engineering (DSSE) &#8211; Programme doctoral en physique et science des mat\u00e9riaux, pour sa th\u00e8se sur \u00ab\u00a0les composites magn\u00e9to\u00e9lectriques \u00e0 couches minces pour des applications de collecte d&rsquo;\u00e9nergie\u00a0\u00bb.<\/p>\n<h3 class=\"has-text-align-left wp-block-unilux-blocks-heading\"        id=\"regardez-lenregistrement-de-la-ceremonie\"\n    >\nRegardez l&rsquo;enregistrement de la c\u00e9r\u00e9monie<\/h3>\n<p><iframe loading=\"lazy\" width=\"500\" height=\"281\" src=\"https:\/\/www.youtube-nocookie.com\/embed\/z4opmE5VUME?rel=0\" title=\"YouTube video player\" frameborder=\"0\" allow=\"accelerometer; autoplay; clipboard-write; encrypted-media; gyroscope; picture-in-picture\" allowfullscreen><\/iframe><\/p>\n<h5 class=\"has-text-align-left wp-block-unilux-blocks-heading\"        id=\"univesite-du-luxembourg\"\n    >\n\u00a9 Univesit\u00e9 du Luxembourg<\/h5>\n<\/div><\/section>","protected":false},"excerpt":{"rendered":"<p>L&rsquo;Universit\u00e9 a organis\u00e9 sa c\u00e9r\u00e9monie annuelle de remise des dipl\u00f4mes de doctorat le 17 d\u00e9cembre sur le Campus de Belval. Plus de 150 doctorants ont \u00e9t\u00e9 dipl\u00f4m\u00e9s des quatre \u00e9coles doctorales de l&rsquo;Universit\u00e9. La c\u00e9r\u00e9monie a mis \u00e0 l&rsquo;honneur les doctorants et les laur\u00e9ats des Prix d\u2019excellence, qui ont re\u00e7u leur distinction en pr\u00e9sence de leur famille et de leurs invit\u00e9s.<\/p>\n","protected":false},"author":0,"featured_media":0,"template":"","format":"standard","meta":{"featured_image_focal_point":[],"show_featured_caption":false,"ulux_newsletter_groups":"","uluxPostTitle":"","uluxPrePostTitle":"","_trash_the_other_posts":false,"_price":"","_stock":"","_tribe_ticket_header":"","_tribe_default_ticket_provider":"","_tribe_ticket_capacity":"0","_ticket_start_date":"","_ticket_end_date":"","_tribe_ticket_show_description":"","_tribe_ticket_show_not_going":false,"_tribe_ticket_use_global_stock":"","_tribe_ticket_global_stock_level":"","_global_stock_mode":"","_global_stock_cap":"","_tribe_rsvp_for_event":"","_tribe_ticket_going_count":"","_tribe_ticket_not_going_count":"","_tribe_tickets_list":"[]","_tribe_ticket_has_attendee_info_fields":false},"news-category":[3],"news-topic":[],"organisation":[226],"authorship":[],"acf":[],"yoast_head":"<!-- This site is optimized with the Yoast SEO Premium plugin v22.3 (Yoast SEO v22.3) - https:\/\/yoast.com\/wordpress\/plugins\/seo\/ -->\n<title>L&#039;Universit\u00e9 honore l\u2019excellence de sa promotion doctorale 2020\/2021 - Universit\u00e9 du Luxembourg<\/title>\n<meta name=\"description\" content=\"L&#039;Universit\u00e9 a organis\u00e9 sa c\u00e9r\u00e9monie annuelle de remise des dipl\u00f4mes de doctorat le 17 d\u00e9cembre sur le Campus de Belval. Plus de 150 doctorants ont \u00e9t\u00e9 dipl\u00f4m\u00e9s des quatre \u00e9coles doctorales de l&#039;Universit\u00e9. La c\u00e9r\u00e9monie a mis \u00e0 l&#039;honneur les doctorants et les laur\u00e9ats des Prix d\u2019excellence, qui ont re\u00e7u leur distinction en pr\u00e9sence de leur famille et de leurs invit\u00e9s.\" \/>\n<meta name=\"robots\" content=\"index, follow, max-snippet:-1, max-image-preview:large, max-video-preview:-1\" \/>\n<link rel=\"canonical\" href=\"https:\/\/www.uni.lu\/fr\/news\/\" \/>\n<meta property=\"og:locale\" content=\"fr_FR\" \/>\n<meta property=\"og:type\" content=\"article\" \/>\n<meta property=\"og:title\" content=\"L&#039;Universit\u00e9 honore l\u2019excellence de sa promotion doctorale 2020\/2021\" \/>\n<meta property=\"og:description\" content=\"L&#039;Universit\u00e9 a organis\u00e9 sa c\u00e9r\u00e9monie annuelle de remise des dipl\u00f4mes de doctorat le 17 d\u00e9cembre sur le Campus de Belval. Plus de 150 doctorants ont \u00e9t\u00e9 dipl\u00f4m\u00e9s des quatre \u00e9coles doctorales de l&#039;Universit\u00e9. La c\u00e9r\u00e9monie a mis \u00e0 l&#039;honneur les doctorants et les laur\u00e9ats des Prix d\u2019excellence, qui ont re\u00e7u leur distinction en pr\u00e9sence de leur famille et de leurs invit\u00e9s.\" \/>\n<meta property=\"og:url\" content=\"https:\/\/www.uni.lu\/fr\/news\/\" \/>\n<meta property=\"og:site_name\" content=\"UNI FR\" \/>\n<meta property=\"article:publisher\" content=\"https:\/\/www.facebook.com\/uni.lu\" \/>\n<meta property=\"og:image\" content=\"https:\/\/www.uni.lu\/wp-content\/uploads\/sites\/11\/2021\/12\/l_universite_honore_l_excellence_de_sa_promotion_doctorale_2020_2021.jpg\" \/>\n\t<meta property=\"og:image:width\" content=\"800\" \/>\n\t<meta property=\"og:image:height\" content=\"600\" \/>\n\t<meta property=\"og:image:type\" content=\"image\/jpeg\" \/>\n<meta name=\"twitter:card\" content=\"summary_large_image\" \/>\n<meta name=\"twitter:label1\" content=\"Dur\u00e9e de lecture estim\u00e9e\" \/>\n\t<meta name=\"twitter:data1\" content=\"2 minutes\" \/>\n<script type=\"application\/ld+json\" class=\"yoast-schema-graph\">{\"@context\":\"https:\/\/schema.org\",\"@graph\":[{\"@type\":\"NewsArticle\",\"@id\":\"https:\/\/www.uni.lu\/fr\/news\/#article\",\"isPartOf\":{\"@id\":\"https:\/\/www.uni.lu\/fr\/news\/\"},\"author\":{\"name\":\"\",\"@id\":\"\"},\"headline\":\"L&rsquo;Universit\u00e9 honore l\u2019excellence de sa promotion doctorale 2020\/2021\",\"datePublished\":\"2021-12-20T08:33:56+00:00\",\"dateModified\":\"2021-12-20T08:33:56+00:00\",\"mainEntityOfPage\":{\"@id\":\"https:\/\/www.uni.lu\/fr\/news\/\"},\"wordCount\":507,\"publisher\":{\"@id\":\"https:\/\/www.uni.lu\/fr\/#organization\"},\"inLanguage\":\"fr-FR\"},{\"@type\":\"WebPage\",\"@id\":\"https:\/\/www.uni.lu\/fr\/news\/\",\"url\":\"https:\/\/www.uni.lu\/fr\/news\/\",\"name\":\"L'Universit\u00e9 honore l\u2019excellence de sa promotion doctorale 2020\/2021 - Universit\u00e9 du Luxembourg\",\"isPartOf\":{\"@id\":\"https:\/\/www.uni.lu\/fr\/#website\"},\"datePublished\":\"2021-12-20T08:33:56+00:00\",\"dateModified\":\"2021-12-20T08:33:56+00:00\",\"description\":\"L'Universit\u00e9 a organis\u00e9 sa c\u00e9r\u00e9monie annuelle de remise des dipl\u00f4mes de doctorat le 17 d\u00e9cembre sur le Campus de Belval. Plus de 150 doctorants ont \u00e9t\u00e9 dipl\u00f4m\u00e9s des quatre \u00e9coles doctorales de l'Universit\u00e9. La c\u00e9r\u00e9monie a mis \u00e0 l'honneur les doctorants et les laur\u00e9ats des Prix d\u2019excellence, qui ont re\u00e7u leur distinction en pr\u00e9sence de leur famille et de leurs invit\u00e9s.\",\"breadcrumb\":{\"@id\":\"https:\/\/www.uni.lu\/fr\/news\/#breadcrumb\"},\"inLanguage\":\"fr-FR\",\"potentialAction\":[{\"@type\":\"ReadAction\",\"target\":[\"https:\/\/www.uni.lu\/fr\/news\/\"]}]},{\"@type\":\"BreadcrumbList\",\"@id\":\"https:\/\/www.uni.lu\/fr\/news\/#breadcrumb\",\"itemListElement\":[{\"@type\":\"ListItem\",\"position\":1,\"name\":\"Home\",\"item\":\"https:\/\/www.uni.lu\/fr\/\"},{\"@type\":\"ListItem\",\"position\":2,\"name\":\"News\",\"item\":\"https:\/\/www.uni.lu\/fr\/news\/\"},{\"@type\":\"ListItem\",\"position\":3,\"name\":\"L&#8217;Universit\u00e9 honore l\u2019excellence de sa promotion doctorale 2020\/2021\"}]},{\"@type\":\"WebSite\",\"@id\":\"https:\/\/www.uni.lu\/fr\/#website\",\"url\":\"https:\/\/www.uni.lu\/fr\/\",\"name\":\"Uni.lu\",\"description\":\"Universit\u00e9 du Luxembourg\",\"publisher\":{\"@id\":\"https:\/\/www.uni.lu\/fr\/#organization\"},\"alternateName\":\"Universit\u00e9 du Luxembourg\",\"potentialAction\":[{\"@type\":\"SearchAction\",\"target\":{\"@type\":\"EntryPoint\",\"urlTemplate\":\"https:\/\/www.uni.lu\/fr\/?s={search_term_string}\"},\"query-input\":\"required name=search_term_string\"}],\"inLanguage\":\"fr-FR\"},{\"@type\":\"Organization\",\"@id\":\"https:\/\/www.uni.lu\/fr\/#organization\",\"name\":\"Universit\u00e9 du Luxembourg\",\"alternateName\":\"Uni.lu\",\"url\":\"https:\/\/www.uni.lu\/fr\/\",\"logo\":{\"@type\":\"ImageObject\",\"inLanguage\":\"fr-FR\",\"@id\":\"https:\/\/www.uni.lu\/fr\/#\/schema\/logo\/image\/\",\"url\":\"https:\/\/www.uni.lu\/wp-content\/uploads\/sites\/11\/2026\/03\/03120045\/UNIV_SM-Profile_1600x1600px-scaled.jpg\",\"contentUrl\":\"https:\/\/www.uni.lu\/wp-content\/uploads\/sites\/11\/2026\/03\/03120045\/UNIV_SM-Profile_1600x1600px-scaled.jpg\",\"width\":2560,\"height\":2560,\"caption\":\"Universit\u00e9 du Luxembourg\"},\"image\":\"https:\/\/www.uni.lu\/wp-content\/uploads\/sites\/11\/2026\/04\/24120552\/20200609-Belval-Campus_Henri-Goergen-23.jpg\",\"sameAs\":[\"https:\/\/www.facebook.com\/uni.lu\",\"https:\/\/www.linkedin.com\/school\/university-of-luxembourg\/\",\"https:\/\/www.instagram.com\/uni.lu\",\"https:\/\/www.youtube.com\/@uni_lu\",\"https:\/\/en.wikipedia.org\/wiki\/University_of_Luxembourg\"],\"email\":\"communication@uni.lu\",\"telephone\":\"+352 46 66 44 1\",\"address\":{\"@type\":\"PostalAddress\",\"streetAddress\":\"2, place de l\u2019Universit\u00e9\",\"addressLocality\":\"Esch-sur-Alzette\",\"postalCode\":\"4365\",\"addressCountry\":\"LU\"},\"description\":\"Universit\u00e9 du Luxembourg\"}]}<\/script>\n<!-- \/ Yoast SEO Premium plugin. -->","yoast_head_json":{"title":"L'Universit\u00e9 honore l\u2019excellence de sa promotion doctorale 2020\/2021 - Universit\u00e9 du Luxembourg","description":"L'Universit\u00e9 a organis\u00e9 sa c\u00e9r\u00e9monie annuelle de remise des dipl\u00f4mes de doctorat le 17 d\u00e9cembre sur le Campus de Belval. Plus de 150 doctorants ont \u00e9t\u00e9 dipl\u00f4m\u00e9s des quatre \u00e9coles doctorales de l'Universit\u00e9. La c\u00e9r\u00e9monie a mis \u00e0 l'honneur les doctorants et les laur\u00e9ats des Prix d\u2019excellence, qui ont re\u00e7u leur distinction en pr\u00e9sence de leur famille et de leurs invit\u00e9s.","robots":{"index":"index","follow":"follow","max-snippet":"max-snippet:-1","max-image-preview":"max-image-preview:large","max-video-preview":"max-video-preview:-1"},"canonical":"https:\/\/www.uni.lu\/fr\/news\/","og_locale":"fr_FR","og_type":"article","og_title":"L'Universit\u00e9 honore l\u2019excellence de sa promotion doctorale 2020\/2021","og_description":"L'Universit\u00e9 a organis\u00e9 sa c\u00e9r\u00e9monie annuelle de remise des dipl\u00f4mes de doctorat le 17 d\u00e9cembre sur le Campus de Belval. Plus de 150 doctorants ont \u00e9t\u00e9 dipl\u00f4m\u00e9s des quatre \u00e9coles doctorales de l'Universit\u00e9. La c\u00e9r\u00e9monie a mis \u00e0 l'honneur les doctorants et les laur\u00e9ats des Prix d\u2019excellence, qui ont re\u00e7u leur distinction en pr\u00e9sence de leur famille et de leurs invit\u00e9s.","og_url":"https:\/\/www.uni.lu\/fr\/news\/","og_site_name":"UNI FR","article_publisher":"https:\/\/www.facebook.com\/uni.lu","og_image":[{"width":800,"height":600,"url":"https:\/\/www.uni.lu\/wp-content\/uploads\/sites\/11\/2021\/12\/l_universite_honore_l_excellence_de_sa_promotion_doctorale_2020_2021.jpg","type":"image\/jpeg"}],"twitter_card":"summary_large_image","twitter_misc":{"Dur\u00e9e de lecture estim\u00e9e":"2 minutes"},"schema":{"@context":"https:\/\/schema.org","@graph":[{"@type":"NewsArticle","@id":"https:\/\/www.uni.lu\/fr\/news\/#article","isPartOf":{"@id":"https:\/\/www.uni.lu\/fr\/news\/"},"author":{"name":"","@id":""},"headline":"L&rsquo;Universit\u00e9 honore l\u2019excellence de sa promotion doctorale 2020\/2021","datePublished":"2021-12-20T08:33:56+00:00","dateModified":"2021-12-20T08:33:56+00:00","mainEntityOfPage":{"@id":"https:\/\/www.uni.lu\/fr\/news\/"},"wordCount":507,"publisher":{"@id":"https:\/\/www.uni.lu\/fr\/#organization"},"inLanguage":"fr-FR"},{"@type":"WebPage","@id":"https:\/\/www.uni.lu\/fr\/news\/","url":"https:\/\/www.uni.lu\/fr\/news\/","name":"L'Universit\u00e9 honore l\u2019excellence de sa promotion doctorale 2020\/2021 - Universit\u00e9 du Luxembourg","isPartOf":{"@id":"https:\/\/www.uni.lu\/fr\/#website"},"datePublished":"2021-12-20T08:33:56+00:00","dateModified":"2021-12-20T08:33:56+00:00","description":"L'Universit\u00e9 a organis\u00e9 sa c\u00e9r\u00e9monie annuelle de remise des dipl\u00f4mes de doctorat le 17 d\u00e9cembre sur le Campus de Belval. Plus de 150 doctorants ont \u00e9t\u00e9 dipl\u00f4m\u00e9s des quatre \u00e9coles doctorales de l'Universit\u00e9. La c\u00e9r\u00e9monie a mis \u00e0 l'honneur les doctorants et les laur\u00e9ats des Prix d\u2019excellence, qui ont re\u00e7u leur distinction en pr\u00e9sence de leur famille et de leurs invit\u00e9s.","breadcrumb":{"@id":"https:\/\/www.uni.lu\/fr\/news\/#breadcrumb"},"inLanguage":"fr-FR","potentialAction":[{"@type":"ReadAction","target":["https:\/\/www.uni.lu\/fr\/news\/"]}]},{"@type":"BreadcrumbList","@id":"https:\/\/www.uni.lu\/fr\/news\/#breadcrumb","itemListElement":[{"@type":"ListItem","position":1,"name":"Home","item":"https:\/\/www.uni.lu\/fr\/"},{"@type":"ListItem","position":2,"name":"News","item":"https:\/\/www.uni.lu\/fr\/news\/"},{"@type":"ListItem","position":3,"name":"L&#8217;Universit\u00e9 honore l\u2019excellence de sa promotion doctorale 2020\/2021"}]},{"@type":"WebSite","@id":"https:\/\/www.uni.lu\/fr\/#website","url":"https:\/\/www.uni.lu\/fr\/","name":"Uni.lu","description":"Universit\u00e9 du Luxembourg","publisher":{"@id":"https:\/\/www.uni.lu\/fr\/#organization"},"alternateName":"Universit\u00e9 du Luxembourg","potentialAction":[{"@type":"SearchAction","target":{"@type":"EntryPoint","urlTemplate":"https:\/\/www.uni.lu\/fr\/?s={search_term_string}"},"query-input":"required name=search_term_string"}],"inLanguage":"fr-FR"},{"@type":"Organization","@id":"https:\/\/www.uni.lu\/fr\/#organization","name":"Universit\u00e9 du Luxembourg","alternateName":"Uni.lu","url":"https:\/\/www.uni.lu\/fr\/","logo":{"@type":"ImageObject","inLanguage":"fr-FR","@id":"https:\/\/www.uni.lu\/fr\/#\/schema\/logo\/image\/","url":"https:\/\/www.uni.lu\/wp-content\/uploads\/sites\/11\/2026\/03\/03120045\/UNIV_SM-Profile_1600x1600px-scaled.jpg","contentUrl":"https:\/\/www.uni.lu\/wp-content\/uploads\/sites\/11\/2026\/03\/03120045\/UNIV_SM-Profile_1600x1600px-scaled.jpg","width":2560,"height":2560,"caption":"Universit\u00e9 du Luxembourg"},"image":"https:\/\/www.uni.lu\/wp-content\/uploads\/sites\/11\/2026\/04\/24120552\/20200609-Belval-Campus_Henri-Goergen-23.jpg","sameAs":["https:\/\/www.facebook.com\/uni.lu","https:\/\/www.linkedin.com\/school\/university-of-luxembourg\/","https:\/\/www.instagram.com\/uni.lu","https:\/\/www.youtube.com\/@uni_lu","https:\/\/en.wikipedia.org\/wiki\/University_of_Luxembourg"],"email":"communication@uni.lu","telephone":"+352 46 66 44 1","address":{"@type":"PostalAddress","streetAddress":"2, place de l\u2019Universit\u00e9","addressLocality":"Esch-sur-Alzette","postalCode":"4365","addressCountry":"LU"},"description":"Universit\u00e9 du Luxembourg"}]}},"blog_id":11,"_links":{"self":[{"href":"https:\/\/www.uni.lu\/fr\/wp-json\/wp\/v2\/news\/1616"}],"collection":[{"href":"https:\/\/www.uni.lu\/fr\/wp-json\/wp\/v2\/news"}],"about":[{"href":"https:\/\/www.uni.lu\/fr\/wp-json\/wp\/v2\/types\/news"}],"version-history":[{"count":0,"href":"https:\/\/www.uni.lu\/fr\/wp-json\/wp\/v2\/news\/1616\/revisions"}],"wp:attachment":[{"href":"https:\/\/www.uni.lu\/fr\/wp-json\/wp\/v2\/media?parent=1616"}],"wp:term":[{"taxonomy":"news-category","embeddable":true,"href":"https:\/\/www.uni.lu\/fr\/wp-json\/wp\/v2\/news-category?post=1616"},{"taxonomy":"news-topic","embeddable":true,"href":"https:\/\/www.uni.lu\/fr\/wp-json\/wp\/v2\/news-topic?post=1616"},{"taxonomy":"organisation","embeddable":true,"href":"https:\/\/www.uni.lu\/fr\/wp-json\/wp\/v2\/organisation?post=1616"}],"curies":[{"name":"wp","href":"https:\/\/api.w.org\/{rel}","templated":true}]}}