{"id":1590,"date":"2021-12-09T14:36:12","date_gmt":"2021-12-09T14:36:12","guid":{"rendered":"https:\/\/website.prod.unilu.spikeseed.cloud\/fr\/news\/publication-du-rapport-national-sur-leducation-2021\/"},"modified":"2021-12-09T14:36:12","modified_gmt":"2021-12-09T14:36:12","slug":"publication-du-rapport-national-sur-leducation-2021","status":"publish","type":"news","link":"https:\/\/www.uni.lu\/fr\/news\/publication-du-rapport-national-sur-leducation-2021\/","title":{"rendered":"Publication du Rapport national sur l\u2019\u00e9ducation 2021"},"content":{"rendered":"<section class=\"wp-block-unilux-blocks-free-section section\"><div class=\"container xl:max-w-screen-xl\"><p>L&rsquo;Universit\u00e9 du Luxembourg a publi\u00e9 le troisi\u00e8me Rapport national sur l&rsquo;\u00e9ducation (\u00ab\u00a0Bildungsbericht\u00a0\u00bb), qui pr\u00e9sente un \u00e9tat des lieux du syst\u00e8me scolaire et \u00e9ducatif au Luxembourg.<\/p><p>Le troisi\u00e8me rapport national sur l&rsquo;\u00e9ducation 2021 peut \u00eatre t\u00e9l\u00e9charg\u00e9 sur <a href=\"http:\/\/www.bildungsbericht.lu\/\" target=\"_blank\" title=\"\" rel=\"noopener\">www.bildungsbericht.lu<\/a>.<\/p>\n<h3 class=\"has-text-align-left wp-block-unilux-blocks-heading\"        id=\"principaux-constats-du-rapport\"\n    >\nPrincipaux constats du rapport<\/h3>\n\n<h4 class=\"has-text-align-left wp-block-unilux-blocks-heading\"        id=\"le-luxembourg-a-relativement-bien-resiste-aux-premieres-phases-de-la-pandemie\"\n    >\nLe Luxembourg a relativement bien r\u00e9sist\u00e9 aux premi\u00e8res phases de la pand\u00e9mie<\/h4>\n<p>Les \u00e9coles luxembourgeoises ont \u00e9t\u00e9 relativement peu touch\u00e9es par les fermetures, compar\u00e9 aux autres pays. Elles ont b\u00e9n\u00e9fici\u00e9 de ressources num\u00e9riques install\u00e9es avant la crise et par cons\u00e9quent, l&rsquo;enseignement \u00e0 distance a pu \u00eatre mis en place rapidement par la communaut\u00e9 scolaire. Des mesures ont \u00e9t\u00e9 d\u00e9velopp\u00e9es pour soutenir les \u00e9l\u00e8ves et att\u00e9nuer les effets de la pand\u00e9mie sur le plan national.<\/p>\n<h4 class=\"has-text-align-left wp-block-unilux-blocks-heading\"        id=\"les-bases-dune-culture-scolaire-numerique-au-luxembourg\"\n    >\nLes bases d&rsquo;une culture scolaire num\u00e9rique au Luxembourg<\/h4>\n<p>Apr\u00e8s que l&rsquo;\u00e9tude <a href=\"https:\/\/gouvernement.lu\/fr\/actualites\/toutes_actualites\/communiques\/2019\/11-novembre\/05-icils.html\" target=\"_blank\" title=\"\" rel=\"noopener\">ICILS 2018<\/a> avait montr\u00e9 que les comp\u00e9tences informatiques et num\u00e9riques des \u00e9l\u00e8ves luxembourgeois \u00e9taient inf\u00e9rieures \u00e0 la moyenne de l&rsquo;OCDE, le codage, la strat\u00e9gie one2one et le \u00ab\u00a0Guide de r\u00e9f\u00e9rence pour l\u2019\u00e9ducation aux et par les m\u00e9dias\u00a0\u00bb ont pos\u00e9 les jalons d&rsquo;une culture scolaire num\u00e9rique au Luxembourg. L&rsquo;effet de cette strat\u00e9gie sur les comp\u00e9tences des \u00e9l\u00e8ves sera visible dans les ann\u00e9es \u00e0 venir.<\/p>\n<h4 class=\"has-text-align-left wp-block-unilux-blocks-heading\"        id=\"dans-le-domaine-du-travail-non-formel-avec-les-jeunes-les-references-du-plan-cadre-de-leducation-au-developpement-durable\"\n    >\nDans le domaine du travail non formel avec les jeunes, les r\u00e9f\u00e9rences du plan-cadre de l&rsquo;\u00e9ducation au d\u00e9veloppement durable <\/h4>\n<p>Dans le domaine de l&rsquo;\u00e9ducation au d\u00e9veloppement durable, de nombreux projets, outils et approches p\u00e9dagogiques existent. Dans l&rsquo;\u00e9ducation non formelle, le travail avec les jeunes est qualifi\u00e9 d\u2019exemplaire ; dans l\u2019\u00e9ducation formelle, il manque toutefois un ancrage \u00e9troit de l&rsquo;\u00e9ducation au d\u00e9veloppement durable dans les plans d\u2019\u00e9tudes.<\/p>\n<h4 class=\"has-text-align-left wp-block-unilux-blocks-heading\"        id=\"un-regard-sur-les-anciennes-et-nouvelles-inegalites\"\n    >\nUn regard sur les anciennes et nouvelles in\u00e9galit\u00e9s<\/h4>\n<p>Le contexte socio-\u00e9conomique et social joue un r\u00f4le d\u00e9cisif dans le parcours scolaire des \u00e9l\u00e8ves : l&rsquo;\u00e9cart social continue de se creuser dans le syst\u00e8me scolaire luxembourgeois. Le syst\u00e8me scolaire ne tient pas compte de la diversit\u00e9 sociale et culturelle du pays, l&rsquo;accent est mis de mani\u00e8re trop unilat\u00e9rale sur l&rsquo;alphab\u00e9tisation en allemand, et la promotion des comp\u00e9tences en langue allemande reste d\u00e9terminante pour la r\u00e9ussite. En outre, la strat\u00e9gie de prolongation du cycle pour les enfants qui n&rsquo;atteignent pas le socle de comp\u00e9tences n&rsquo;apporte pas le succ\u00e8s escompt\u00e9.<\/p>\n<h3 class=\"has-text-align-left wp-block-unilux-blocks-heading\"        id=\"une-serie-de-mesures-pour-lutter-contre-les-inegalites\"\n    >\nUne s\u00e9rie de mesures pour lutter contre les in\u00e9galit\u00e9s<\/h3>\n<p>Une s\u00e9rie de mesures ont \u00e9t\u00e9 mises en place suite au premier rapport sur l&rsquo;\u00e9ducation 2015 afin de lutter contre les in\u00e9galit\u00e9s dans le syst\u00e8me \u00e9ducatif. L&rsquo;effet d&rsquo;autres mesures, telles que la diversification de l&rsquo;offre scolaire, le d\u00e9veloppement et la professionnalisation de l\u2019\u00e9ducation de la petite enfance, qui ont \u00e9t\u00e9 mises en place au cours des derni\u00e8res ann\u00e9es, ne se retrouvent pas dans ce rapport sur l&rsquo;\u00e9ducation. En effet, les enfants concern\u00e9s n&rsquo;ont jusqu&rsquo;\u00e0 pr\u00e9sent pas \u00e9t\u00e9 pris en compte dans les enqu\u00eates et les r\u00e9sultats ne sont pas comparables en raison de l&rsquo;impact de la pand\u00e9mie.<\/p><p>Les conclusions du rapport ont \u00e9t\u00e9 pr\u00e9sent\u00e9es le 9 d\u00e9cembre en pr\u00e9sence du ministre de l&rsquo;\u00c9ducation nationale, de l\u2019Enfance et de la Jeunesse, Claude Meisch.<\/p><p>Ce communiqu\u00e9 a \u00e9t\u00e9 publi\u00e9 dans son int\u00e9gralit\u00e9 sur le site du ministre de l&rsquo;\u00c9ducation nationale, de l\u2019Enfance et de la Jeunesse.<\/p><\/div><\/section>","protected":false},"excerpt":{"rendered":"<p>L&rsquo;Universit\u00e9 du Luxembourg a publi\u00e9 le troisi\u00e8me Rapport national sur l&rsquo;\u00e9ducation (\u00ab\u00a0Bildungsbericht\u00a0\u00bb), qui pr\u00e9sente un \u00e9tat des lieux du syst\u00e8me scolaire et \u00e9ducatif au Luxembourg.<\/p>\n","protected":false},"author":0,"featured_media":0,"template":"","format":"standard","meta":{"featured_image_focal_point":[],"show_featured_caption":false,"ulux_newsletter_groups":"","uluxPostTitle":"","uluxPrePostTitle":"","_trash_the_other_posts":false,"_price":"","_stock":"","_tribe_ticket_header":"","_tribe_default_ticket_provider":"","_tribe_ticket_capacity":"0","_ticket_start_date":"","_ticket_end_date":"","_tribe_ticket_show_description":"","_tribe_ticket_show_not_going":false,"_tribe_ticket_use_global_stock":"","_tribe_ticket_global_stock_level":"","_global_stock_mode":"","_global_stock_cap":"","_tribe_rsvp_for_event":"","_tribe_ticket_going_count":"","_tribe_ticket_not_going_count":"","_tribe_tickets_list":"[]","_tribe_ticket_has_attendee_info_fields":false},"news-category":[4,3],"news-topic":[12],"organisation":[147,170,226],"authorship":[],"acf":[],"yoast_head":"<!-- This site is optimized with the Yoast SEO Premium plugin v22.3 (Yoast SEO v22.3) - https:\/\/yoast.com\/wordpress\/plugins\/seo\/ -->\n<title>Publication du Rapport national sur l\u2019\u00e9ducation 2021 - Universit\u00e9 du Luxembourg<\/title>\n<meta name=\"description\" content=\"L&#039;Universit\u00e9 du Luxembourg a publi\u00e9 le troisi\u00e8me Rapport national sur l&#039;\u00e9ducation (\u00ab\u00a0Bildungsbericht\u00a0\u00bb), qui pr\u00e9sente un \u00e9tat des lieux du syst\u00e8me scolaire et \u00e9ducatif au Luxembourg.\" \/>\n<meta name=\"robots\" content=\"index, follow, max-snippet:-1, max-image-preview:large, max-video-preview:-1\" \/>\n<link rel=\"canonical\" href=\"https:\/\/www.uni.lu\/fr\/news\/publication-du-rapport-national-sur-leducation-2021\/\" \/>\n<meta property=\"og:locale\" content=\"fr_FR\" \/>\n<meta property=\"og:type\" content=\"article\" \/>\n<meta property=\"og:title\" content=\"Publication du Rapport national sur l\u2019\u00e9ducation 2021\" \/>\n<meta property=\"og:description\" content=\"L&#039;Universit\u00e9 du Luxembourg a publi\u00e9 le troisi\u00e8me Rapport national sur l&#039;\u00e9ducation (\u00ab\u00a0Bildungsbericht\u00a0\u00bb), qui pr\u00e9sente un \u00e9tat des lieux du syst\u00e8me scolaire et \u00e9ducatif au Luxembourg.\" \/>\n<meta property=\"og:url\" content=\"https:\/\/www.uni.lu\/fr\/news\/publication-du-rapport-national-sur-leducation-2021\/\" \/>\n<meta property=\"og:site_name\" content=\"UNI FR\" \/>\n<meta property=\"article:publisher\" content=\"https:\/\/www.facebook.com\/uni.lu\" \/>\n<meta property=\"og:image\" content=\"https:\/\/www.uni.lu\/wp-content\/uploads\/sites\/11\/2021\/12\/publication_du_rapport_national_sur_l_education_2021.jpg\" \/>\n\t<meta property=\"og:image:width\" content=\"800\" \/>\n\t<meta property=\"og:image:height\" content=\"600\" \/>\n\t<meta property=\"og:image:type\" content=\"image\/jpeg\" \/>\n<meta name=\"twitter:card\" content=\"summary_large_image\" \/>\n<meta name=\"twitter:label1\" content=\"Dur\u00e9e de lecture estim\u00e9e\" \/>\n\t<meta name=\"twitter:data1\" content=\"3 minutes\" \/>\n<script type=\"application\/ld+json\" class=\"yoast-schema-graph\">{\"@context\":\"https:\/\/schema.org\",\"@graph\":[{\"@type\":\"NewsArticle\",\"@id\":\"https:\/\/www.uni.lu\/fr\/news\/publication-du-rapport-national-sur-leducation-2021\/#article\",\"isPartOf\":{\"@id\":\"https:\/\/www.uni.lu\/fr\/news\/publication-du-rapport-national-sur-leducation-2021\/\"},\"author\":{\"name\":\"\",\"@id\":\"\"},\"headline\":\"Publication du Rapport national sur l\u2019\u00e9ducation 2021\",\"datePublished\":\"2021-12-09T14:36:12+00:00\",\"dateModified\":\"2021-12-09T14:36:12+00:00\",\"mainEntityOfPage\":{\"@id\":\"https:\/\/www.uni.lu\/fr\/news\/publication-du-rapport-national-sur-leducation-2021\/\"},\"wordCount\":544,\"publisher\":{\"@id\":\"https:\/\/www.uni.lu\/fr\/#organization\"},\"inLanguage\":\"fr-FR\"},{\"@type\":\"WebPage\",\"@id\":\"https:\/\/www.uni.lu\/fr\/news\/publication-du-rapport-national-sur-leducation-2021\/\",\"url\":\"https:\/\/www.uni.lu\/fr\/news\/publication-du-rapport-national-sur-leducation-2021\/\",\"name\":\"Publication du Rapport national sur l\u2019\u00e9ducation 2021 - Universit\u00e9 du Luxembourg\",\"isPartOf\":{\"@id\":\"https:\/\/www.uni.lu\/fr\/#website\"},\"datePublished\":\"2021-12-09T14:36:12+00:00\",\"dateModified\":\"2021-12-09T14:36:12+00:00\",\"description\":\"L'Universit\u00e9 du Luxembourg a publi\u00e9 le troisi\u00e8me Rapport national sur l'\u00e9ducation (\u00ab\u00a0Bildungsbericht\u00a0\u00bb), qui pr\u00e9sente un \u00e9tat des lieux du syst\u00e8me scolaire et \u00e9ducatif au Luxembourg.\",\"breadcrumb\":{\"@id\":\"https:\/\/www.uni.lu\/fr\/news\/publication-du-rapport-national-sur-leducation-2021\/#breadcrumb\"},\"inLanguage\":\"fr-FR\",\"potentialAction\":[{\"@type\":\"ReadAction\",\"target\":[\"https:\/\/www.uni.lu\/fr\/news\/publication-du-rapport-national-sur-leducation-2021\/\"]}]},{\"@type\":\"BreadcrumbList\",\"@id\":\"https:\/\/www.uni.lu\/fr\/news\/publication-du-rapport-national-sur-leducation-2021\/#breadcrumb\",\"itemListElement\":[{\"@type\":\"ListItem\",\"position\":1,\"name\":\"Home\",\"item\":\"https:\/\/www.uni.lu\/fr\/\"},{\"@type\":\"ListItem\",\"position\":2,\"name\":\"News\",\"item\":\"https:\/\/www.uni.lu\/fr\/news\/\"},{\"@type\":\"ListItem\",\"position\":3,\"name\":\"Publication du Rapport national sur l\u2019\u00e9ducation 2021\"}]},{\"@type\":\"WebSite\",\"@id\":\"https:\/\/www.uni.lu\/fr\/#website\",\"url\":\"https:\/\/www.uni.lu\/fr\/\",\"name\":\"Uni.lu\",\"description\":\"Universit\u00e9 du Luxembourg\",\"publisher\":{\"@id\":\"https:\/\/www.uni.lu\/fr\/#organization\"},\"alternateName\":\"Universit\u00e9 du Luxembourg\",\"potentialAction\":[{\"@type\":\"SearchAction\",\"target\":{\"@type\":\"EntryPoint\",\"urlTemplate\":\"https:\/\/www.uni.lu\/fr\/?s={search_term_string}\"},\"query-input\":\"required name=search_term_string\"}],\"inLanguage\":\"fr-FR\"},{\"@type\":\"Organization\",\"@id\":\"https:\/\/www.uni.lu\/fr\/#organization\",\"name\":\"Universit\u00e9 du Luxembourg\",\"alternateName\":\"Uni.lu\",\"url\":\"https:\/\/www.uni.lu\/fr\/\",\"logo\":{\"@type\":\"ImageObject\",\"inLanguage\":\"fr-FR\",\"@id\":\"https:\/\/www.uni.lu\/fr\/#\/schema\/logo\/image\/\",\"url\":\"https:\/\/www.uni.lu\/wp-content\/uploads\/sites\/11\/2026\/03\/03120045\/UNIV_SM-Profile_1600x1600px-scaled.jpg\",\"contentUrl\":\"https:\/\/www.uni.lu\/wp-content\/uploads\/sites\/11\/2026\/03\/03120045\/UNIV_SM-Profile_1600x1600px-scaled.jpg\",\"width\":2560,\"height\":2560,\"caption\":\"Universit\u00e9 du Luxembourg\"},\"image\":\"https:\/\/www.uni.lu\/wp-content\/uploads\/sites\/11\/2026\/04\/24120552\/20200609-Belval-Campus_Henri-Goergen-23.jpg\",\"sameAs\":[\"https:\/\/www.facebook.com\/uni.lu\",\"https:\/\/www.linkedin.com\/school\/university-of-luxembourg\/\",\"https:\/\/www.instagram.com\/uni.lu\",\"https:\/\/www.youtube.com\/@uni_lu\",\"https:\/\/en.wikipedia.org\/wiki\/University_of_Luxembourg\"],\"email\":\"communication@uni.lu\",\"telephone\":\"+352 46 66 44 1\",\"address\":{\"@type\":\"PostalAddress\",\"streetAddress\":\"2, place de l\u2019Universit\u00e9\",\"addressLocality\":\"Esch-sur-Alzette\",\"postalCode\":\"4365\",\"addressCountry\":\"LU\"},\"description\":\"Universit\u00e9 du Luxembourg\"}]}<\/script>\n<!-- \/ Yoast SEO Premium plugin. -->","yoast_head_json":{"title":"Publication du Rapport national sur l\u2019\u00e9ducation 2021 - Universit\u00e9 du Luxembourg","description":"L'Universit\u00e9 du Luxembourg a publi\u00e9 le troisi\u00e8me Rapport national sur l'\u00e9ducation (\u00ab\u00a0Bildungsbericht\u00a0\u00bb), qui pr\u00e9sente un \u00e9tat des lieux du syst\u00e8me scolaire et \u00e9ducatif au Luxembourg.","robots":{"index":"index","follow":"follow","max-snippet":"max-snippet:-1","max-image-preview":"max-image-preview:large","max-video-preview":"max-video-preview:-1"},"canonical":"https:\/\/www.uni.lu\/fr\/news\/publication-du-rapport-national-sur-leducation-2021\/","og_locale":"fr_FR","og_type":"article","og_title":"Publication du Rapport national sur l\u2019\u00e9ducation 2021","og_description":"L'Universit\u00e9 du Luxembourg a publi\u00e9 le troisi\u00e8me Rapport national sur l'\u00e9ducation (\u00ab\u00a0Bildungsbericht\u00a0\u00bb), qui pr\u00e9sente un \u00e9tat des lieux du syst\u00e8me scolaire et \u00e9ducatif au Luxembourg.","og_url":"https:\/\/www.uni.lu\/fr\/news\/publication-du-rapport-national-sur-leducation-2021\/","og_site_name":"UNI FR","article_publisher":"https:\/\/www.facebook.com\/uni.lu","og_image":[{"width":800,"height":600,"url":"https:\/\/www.uni.lu\/wp-content\/uploads\/sites\/11\/2021\/12\/publication_du_rapport_national_sur_l_education_2021.jpg","type":"image\/jpeg"}],"twitter_card":"summary_large_image","twitter_misc":{"Dur\u00e9e de lecture estim\u00e9e":"3 minutes"},"schema":{"@context":"https:\/\/schema.org","@graph":[{"@type":"NewsArticle","@id":"https:\/\/www.uni.lu\/fr\/news\/publication-du-rapport-national-sur-leducation-2021\/#article","isPartOf":{"@id":"https:\/\/www.uni.lu\/fr\/news\/publication-du-rapport-national-sur-leducation-2021\/"},"author":{"name":"","@id":""},"headline":"Publication du Rapport national sur l\u2019\u00e9ducation 2021","datePublished":"2021-12-09T14:36:12+00:00","dateModified":"2021-12-09T14:36:12+00:00","mainEntityOfPage":{"@id":"https:\/\/www.uni.lu\/fr\/news\/publication-du-rapport-national-sur-leducation-2021\/"},"wordCount":544,"publisher":{"@id":"https:\/\/www.uni.lu\/fr\/#organization"},"inLanguage":"fr-FR"},{"@type":"WebPage","@id":"https:\/\/www.uni.lu\/fr\/news\/publication-du-rapport-national-sur-leducation-2021\/","url":"https:\/\/www.uni.lu\/fr\/news\/publication-du-rapport-national-sur-leducation-2021\/","name":"Publication du Rapport national sur l\u2019\u00e9ducation 2021 - Universit\u00e9 du Luxembourg","isPartOf":{"@id":"https:\/\/www.uni.lu\/fr\/#website"},"datePublished":"2021-12-09T14:36:12+00:00","dateModified":"2021-12-09T14:36:12+00:00","description":"L'Universit\u00e9 du Luxembourg a publi\u00e9 le troisi\u00e8me Rapport national sur l'\u00e9ducation (\u00ab\u00a0Bildungsbericht\u00a0\u00bb), qui pr\u00e9sente un \u00e9tat des lieux du syst\u00e8me scolaire et \u00e9ducatif au Luxembourg.","breadcrumb":{"@id":"https:\/\/www.uni.lu\/fr\/news\/publication-du-rapport-national-sur-leducation-2021\/#breadcrumb"},"inLanguage":"fr-FR","potentialAction":[{"@type":"ReadAction","target":["https:\/\/www.uni.lu\/fr\/news\/publication-du-rapport-national-sur-leducation-2021\/"]}]},{"@type":"BreadcrumbList","@id":"https:\/\/www.uni.lu\/fr\/news\/publication-du-rapport-national-sur-leducation-2021\/#breadcrumb","itemListElement":[{"@type":"ListItem","position":1,"name":"Home","item":"https:\/\/www.uni.lu\/fr\/"},{"@type":"ListItem","position":2,"name":"News","item":"https:\/\/www.uni.lu\/fr\/news\/"},{"@type":"ListItem","position":3,"name":"Publication du Rapport national sur l\u2019\u00e9ducation 2021"}]},{"@type":"WebSite","@id":"https:\/\/www.uni.lu\/fr\/#website","url":"https:\/\/www.uni.lu\/fr\/","name":"Uni.lu","description":"Universit\u00e9 du Luxembourg","publisher":{"@id":"https:\/\/www.uni.lu\/fr\/#organization"},"alternateName":"Universit\u00e9 du Luxembourg","potentialAction":[{"@type":"SearchAction","target":{"@type":"EntryPoint","urlTemplate":"https:\/\/www.uni.lu\/fr\/?s={search_term_string}"},"query-input":"required name=search_term_string"}],"inLanguage":"fr-FR"},{"@type":"Organization","@id":"https:\/\/www.uni.lu\/fr\/#organization","name":"Universit\u00e9 du Luxembourg","alternateName":"Uni.lu","url":"https:\/\/www.uni.lu\/fr\/","logo":{"@type":"ImageObject","inLanguage":"fr-FR","@id":"https:\/\/www.uni.lu\/fr\/#\/schema\/logo\/image\/","url":"https:\/\/www.uni.lu\/wp-content\/uploads\/sites\/11\/2026\/03\/03120045\/UNIV_SM-Profile_1600x1600px-scaled.jpg","contentUrl":"https:\/\/www.uni.lu\/wp-content\/uploads\/sites\/11\/2026\/03\/03120045\/UNIV_SM-Profile_1600x1600px-scaled.jpg","width":2560,"height":2560,"caption":"Universit\u00e9 du Luxembourg"},"image":"https:\/\/www.uni.lu\/wp-content\/uploads\/sites\/11\/2026\/04\/24120552\/20200609-Belval-Campus_Henri-Goergen-23.jpg","sameAs":["https:\/\/www.facebook.com\/uni.lu","https:\/\/www.linkedin.com\/school\/university-of-luxembourg\/","https:\/\/www.instagram.com\/uni.lu","https:\/\/www.youtube.com\/@uni_lu","https:\/\/en.wikipedia.org\/wiki\/University_of_Luxembourg"],"email":"communication@uni.lu","telephone":"+352 46 66 44 1","address":{"@type":"PostalAddress","streetAddress":"2, place de l\u2019Universit\u00e9","addressLocality":"Esch-sur-Alzette","postalCode":"4365","addressCountry":"LU"},"description":"Universit\u00e9 du Luxembourg"}]}},"blog_id":11,"_links":{"self":[{"href":"https:\/\/www.uni.lu\/fr\/wp-json\/wp\/v2\/news\/1590"}],"collection":[{"href":"https:\/\/www.uni.lu\/fr\/wp-json\/wp\/v2\/news"}],"about":[{"href":"https:\/\/www.uni.lu\/fr\/wp-json\/wp\/v2\/types\/news"}],"version-history":[{"count":0,"href":"https:\/\/www.uni.lu\/fr\/wp-json\/wp\/v2\/news\/1590\/revisions"}],"wp:attachment":[{"href":"https:\/\/www.uni.lu\/fr\/wp-json\/wp\/v2\/media?parent=1590"}],"wp:term":[{"taxonomy":"news-category","embeddable":true,"href":"https:\/\/www.uni.lu\/fr\/wp-json\/wp\/v2\/news-category?post=1590"},{"taxonomy":"news-topic","embeddable":true,"href":"https:\/\/www.uni.lu\/fr\/wp-json\/wp\/v2\/news-topic?post=1590"},{"taxonomy":"organisation","embeddable":true,"href":"https:\/\/www.uni.lu\/fr\/wp-json\/wp\/v2\/organisation?post=1590"}],"curies":[{"name":"wp","href":"https:\/\/api.w.org\/{rel}","templated":true}]}}