{"id":1588,"date":"2021-12-08T10:51:32","date_gmt":"2021-12-08T10:51:32","guid":{"rendered":"https:\/\/website.prod.unilu.spikeseed.cloud\/fr\/news\/livre-histoire-de-la-justice-au-luxembourg-1795-a-nos-jours\/"},"modified":"2021-12-08T10:51:32","modified_gmt":"2021-12-08T10:51:32","slug":"livre-histoire-de-la-justice-au-luxembourg-1795-a-nos-jours","status":"publish","type":"news","link":"https:\/\/www.uni.lu\/fr\/news\/livre-histoire-de-la-justice-au-luxembourg-1795-a-nos-jours\/","title":{"rendered":"Livre \u00ab Histoire de la justice au Luxembourg (1795 \u00e0 nos jours) \u00bb"},"content":{"rendered":"<section class=\"wp-block-unilux-blocks-free-section section\"><div class=\"container xl:max-w-screen-xl\"><p>L\u2019ouvrage, \u00e9dit\u00e9 par le Centre for Contemporary and Digital History (C\u00b2DH) de l\u2019Universit\u00e9 du Luxembourg et commandit\u00e9 par le minist\u00e8re de la Justice, retrace l\u2019histoire de la justice au Luxembourg.<\/p><p>\u00c9dit\u00e9 par Vera Fritz, <a href=\"https:\/\/wwwfr.uni.lu\/c2dh\/people\/denis_scuto\" target=\"_self\" title=\"\" rel=\"noopener\">Denis Scuto<\/a> et Elisabeth Wingerter, l\u2019\u00ab\u00a0Histoire de la justice au Luxembourg (1795 \u00e0 nos jours)\u00a0\u00bb constitue un apport in\u00e9dit \u00e0 l\u2019\u00e9tude de la formation de l\u2018\u00c9tat depuis 200 ans. Illustr\u00e9 de photographies et de documents d\u2019archives, il s\u2019adresse tant au connaisseur du sujet qu\u2019au lecteur int\u00e9ress\u00e9 non-sp\u00e9cialiste.<\/p><p>Le livre \u00e9tudie notamment l\u2019introduction des juridictions contemporaines pendant la p\u00e9riode fran\u00e7aise, sous le Directoire, le Consulat et l\u2019Empire, et la mise en place de l\u2019organisation judiciaire dans le Grand-Duch\u00e9 ind\u00e9pendant au 19<sup>e<\/sup> si\u00e8cle, jusqu\u2019\u00e0 la r\u00e9forme constitutionnelle des ann\u00e9es 2000.<\/p><p>L\u2019ouvrage s\u2019int\u00e9resse \u00e9galement \u00e0 l\u2019identit\u00e9 des magistrats et aux modalit\u00e9s de leur recrutement, \u00e0 la justice p\u00e9nale et \u00e0 l\u2019histoire des prisons, \u00e0 la justice en temps de guerre ainsi qu\u2019\u00e0 l\u2019impact du droit international et des juridictions europ\u00e9ennes.<\/p><p>L\u2019initiative avait \u00e9t\u00e9 lanc\u00e9e en 2017 par le ministre de la Justice Felix Braz, et a \u00e9t\u00e9 soutenue par la ministre de la Justice actuelle Sam Tanson. Le cahier de charges de l\u2019\u00e9tude s\u2019inscrit dans une double perspective\u00a0: \u00a0<\/p><ul class=\"ulux-list\"><li class=\"ulux-list-item\">une \u00e9tude de nature chronologique qui retrace l\u2019histoire contemporaine de la justice au Luxembourg \u00e0 partir de 1815,<\/li><li class=\"ulux-list-item\">des \u00e9tudes th\u00e9matiques qui questionnent des aspects sp\u00e9cifiques de cette histoire.<\/li><\/ul><p>Ce nouveau livre constitue une premi\u00e8re phase de publication des r\u00e9sultats. Une exposition virtuelle suivra en 2022.<\/p><p>Le livre s\u2019inscrit dans la s\u00e9rie \u00ab\u00a0\u00c9tudes sur l\u2019histoire contemporaine transnationale du Luxembourg\u00a0\u00bb \u00e9dit\u00e9 par le C\u00b2DH et publi\u00e9 par De Gruyter. Il sera disponible \u00e0 partir du 22 d\u00e9cembre dans les librairies luxembourgeoises et sur le <a href=\"https:\/\/www.degruyter.com\/document\/isbn\/9783110679656\/html?lang=en\" target=\"_blank\" title=\"\" rel=\"noopener\">site de De Gruyter<\/a>, au prix de 49,95 euros.<\/p><\/div><\/section>","protected":false},"excerpt":{"rendered":"<p>L\u2019ouvrage, \u00e9dit\u00e9 par le Centre for Contemporary and Digital History (C\u00b2DH) de l\u2019Universit\u00e9 du Luxembourg et commandit\u00e9 par le minist\u00e8re de la Justice, retrace l\u2019histoire de la justice au Luxembourg.<\/p>\n","protected":false},"author":0,"featured_media":0,"template":"","format":"standard","meta":{"featured_image_focal_point":[],"show_featured_caption":false,"ulux_newsletter_groups":"","uluxPostTitle":"","uluxPrePostTitle":"","_trash_the_other_posts":false,"_price":"","_stock":"","_tribe_ticket_header":"","_tribe_default_ticket_provider":"","_tribe_ticket_capacity":"0","_ticket_start_date":"","_ticket_end_date":"","_tribe_ticket_show_description":"","_tribe_ticket_show_not_going":false,"_tribe_ticket_use_global_stock":"","_tribe_ticket_global_stock_level":"","_global_stock_mode":"","_global_stock_cap":"","_tribe_rsvp_for_event":"","_tribe_ticket_going_count":"","_tribe_ticket_not_going_count":"","_tribe_tickets_list":"[]","_tribe_ticket_has_attendee_info_fields":false},"news-category":[4,3],"news-topic":[17],"organisation":[221,226],"authorship":[],"acf":[],"yoast_head":"<!-- This site is optimized with the Yoast SEO Premium plugin v22.3 (Yoast SEO v22.3) - https:\/\/yoast.com\/wordpress\/plugins\/seo\/ -->\n<title>Livre \u00ab Histoire de la justice au Luxembourg (1795 \u00e0 nos jours) \u00bb - Universit\u00e9 du Luxembourg<\/title>\n<meta name=\"description\" content=\"L\u2019ouvrage, \u00e9dit\u00e9 par le Centre for Contemporary and Digital History (C\u00b2DH) de l\u2019Universit\u00e9 du Luxembourg et commandit\u00e9 par le minist\u00e8re de la Justice, retrace l\u2019histoire de la justice au Luxembourg.\" \/>\n<meta name=\"robots\" content=\"index, follow, max-snippet:-1, max-image-preview:large, max-video-preview:-1\" \/>\n<link rel=\"canonical\" href=\"https:\/\/www.uni.lu\/fr\/news\/\" \/>\n<meta property=\"og:locale\" content=\"fr_FR\" \/>\n<meta property=\"og:type\" content=\"article\" \/>\n<meta property=\"og:title\" content=\"Livre \u00ab Histoire de la justice au Luxembourg (1795 \u00e0 nos jours) \u00bb\" \/>\n<meta property=\"og:description\" content=\"L\u2019ouvrage, \u00e9dit\u00e9 par le Centre for Contemporary and Digital History (C\u00b2DH) de l\u2019Universit\u00e9 du Luxembourg et commandit\u00e9 par le minist\u00e8re de la Justice, retrace l\u2019histoire de la justice au Luxembourg.\" \/>\n<meta property=\"og:url\" content=\"https:\/\/www.uni.lu\/fr\/news\/\" \/>\n<meta property=\"og:site_name\" content=\"UNI FR\" \/>\n<meta property=\"article:publisher\" content=\"https:\/\/www.facebook.com\/uni.lu\" \/>\n<meta property=\"og:image\" content=\"https:\/\/www.uni.lu\/wp-content\/uploads\/sites\/11\/2021\/12\/livre_histoire_de_la_justice_au_luxembourg_1795_a_nos_jours.jpg\" \/>\n\t<meta property=\"og:image:width\" content=\"800\" \/>\n\t<meta property=\"og:image:height\" content=\"600\" \/>\n\t<meta property=\"og:image:type\" content=\"image\/jpeg\" \/>\n<meta name=\"twitter:card\" content=\"summary_large_image\" \/>\n<meta name=\"twitter:label1\" content=\"Dur\u00e9e de lecture estim\u00e9e\" \/>\n\t<meta name=\"twitter:data1\" content=\"2 minutes\" \/>\n<script type=\"application\/ld+json\" class=\"yoast-schema-graph\">{\"@context\":\"https:\/\/schema.org\",\"@graph\":[{\"@type\":\"NewsArticle\",\"@id\":\"https:\/\/www.uni.lu\/fr\/news\/#article\",\"isPartOf\":{\"@id\":\"https:\/\/www.uni.lu\/fr\/news\/\"},\"author\":{\"name\":\"\",\"@id\":\"\"},\"headline\":\"Livre \u00ab Histoire de la justice au Luxembourg (1795 \u00e0 nos jours) \u00bb\",\"datePublished\":\"2021-12-08T10:51:32+00:00\",\"dateModified\":\"2021-12-08T10:51:32+00:00\",\"mainEntityOfPage\":{\"@id\":\"https:\/\/www.uni.lu\/fr\/news\/\"},\"wordCount\":330,\"publisher\":{\"@id\":\"https:\/\/www.uni.lu\/fr\/#organization\"},\"inLanguage\":\"fr-FR\"},{\"@type\":\"WebPage\",\"@id\":\"https:\/\/www.uni.lu\/fr\/news\/\",\"url\":\"https:\/\/www.uni.lu\/fr\/news\/\",\"name\":\"Livre \u00ab Histoire de la justice au Luxembourg (1795 \u00e0 nos jours) \u00bb - Universit\u00e9 du Luxembourg\",\"isPartOf\":{\"@id\":\"https:\/\/www.uni.lu\/fr\/#website\"},\"datePublished\":\"2021-12-08T10:51:32+00:00\",\"dateModified\":\"2021-12-08T10:51:32+00:00\",\"description\":\"L\u2019ouvrage, \u00e9dit\u00e9 par le Centre for Contemporary and Digital History (C\u00b2DH) de l\u2019Universit\u00e9 du Luxembourg et commandit\u00e9 par le minist\u00e8re de la Justice, retrace l\u2019histoire de la justice au Luxembourg.\",\"breadcrumb\":{\"@id\":\"https:\/\/www.uni.lu\/fr\/news\/#breadcrumb\"},\"inLanguage\":\"fr-FR\",\"potentialAction\":[{\"@type\":\"ReadAction\",\"target\":[\"https:\/\/www.uni.lu\/fr\/news\/\"]}]},{\"@type\":\"BreadcrumbList\",\"@id\":\"https:\/\/www.uni.lu\/fr\/news\/#breadcrumb\",\"itemListElement\":[{\"@type\":\"ListItem\",\"position\":1,\"name\":\"Home\",\"item\":\"https:\/\/www.uni.lu\/fr\/\"},{\"@type\":\"ListItem\",\"position\":2,\"name\":\"News\",\"item\":\"https:\/\/www.uni.lu\/fr\/news\/\"},{\"@type\":\"ListItem\",\"position\":3,\"name\":\"Livre \u00ab Histoire de la justice au Luxembourg (1795 \u00e0 nos jours) \u00bb\"}]},{\"@type\":\"WebSite\",\"@id\":\"https:\/\/www.uni.lu\/fr\/#website\",\"url\":\"https:\/\/www.uni.lu\/fr\/\",\"name\":\"Uni.lu\",\"description\":\"Universit\u00e9 du Luxembourg\",\"publisher\":{\"@id\":\"https:\/\/www.uni.lu\/fr\/#organization\"},\"alternateName\":\"Universit\u00e9 du Luxembourg\",\"potentialAction\":[{\"@type\":\"SearchAction\",\"target\":{\"@type\":\"EntryPoint\",\"urlTemplate\":\"https:\/\/www.uni.lu\/fr\/?s={search_term_string}\"},\"query-input\":\"required name=search_term_string\"}],\"inLanguage\":\"fr-FR\"},{\"@type\":\"Organization\",\"@id\":\"https:\/\/www.uni.lu\/fr\/#organization\",\"name\":\"Universit\u00e9 du Luxembourg\",\"alternateName\":\"Uni.lu\",\"url\":\"https:\/\/www.uni.lu\/fr\/\",\"logo\":{\"@type\":\"ImageObject\",\"inLanguage\":\"fr-FR\",\"@id\":\"https:\/\/www.uni.lu\/fr\/#\/schema\/logo\/image\/\",\"url\":\"https:\/\/www.uni.lu\/wp-content\/uploads\/sites\/11\/2026\/03\/03120045\/UNIV_SM-Profile_1600x1600px-scaled.jpg\",\"contentUrl\":\"https:\/\/www.uni.lu\/wp-content\/uploads\/sites\/11\/2026\/03\/03120045\/UNIV_SM-Profile_1600x1600px-scaled.jpg\",\"width\":2560,\"height\":2560,\"caption\":\"Universit\u00e9 du Luxembourg\"},\"image\":\"https:\/\/www.uni.lu\/wp-content\/uploads\/sites\/11\/2026\/04\/24120552\/20200609-Belval-Campus_Henri-Goergen-23.jpg\",\"sameAs\":[\"https:\/\/www.facebook.com\/uni.lu\",\"https:\/\/www.linkedin.com\/school\/university-of-luxembourg\/\",\"https:\/\/www.instagram.com\/uni.lu\",\"https:\/\/www.youtube.com\/@uni_lu\",\"https:\/\/en.wikipedia.org\/wiki\/University_of_Luxembourg\"],\"email\":\"communication@uni.lu\",\"telephone\":\"+352 46 66 44 1\",\"address\":{\"@type\":\"PostalAddress\",\"streetAddress\":\"2, place de l\u2019Universit\u00e9\",\"addressLocality\":\"Esch-sur-Alzette\",\"postalCode\":\"4365\",\"addressCountry\":\"LU\"},\"description\":\"Universit\u00e9 du Luxembourg\"}]}<\/script>\n<!-- \/ Yoast SEO Premium plugin. -->","yoast_head_json":{"title":"Livre \u00ab Histoire de la justice au Luxembourg (1795 \u00e0 nos jours) \u00bb - Universit\u00e9 du Luxembourg","description":"L\u2019ouvrage, \u00e9dit\u00e9 par le Centre for Contemporary and Digital History (C\u00b2DH) de l\u2019Universit\u00e9 du Luxembourg et commandit\u00e9 par le minist\u00e8re de la Justice, retrace l\u2019histoire de la justice au Luxembourg.","robots":{"index":"index","follow":"follow","max-snippet":"max-snippet:-1","max-image-preview":"max-image-preview:large","max-video-preview":"max-video-preview:-1"},"canonical":"https:\/\/www.uni.lu\/fr\/news\/","og_locale":"fr_FR","og_type":"article","og_title":"Livre \u00ab Histoire de la justice au Luxembourg (1795 \u00e0 nos jours) \u00bb","og_description":"L\u2019ouvrage, \u00e9dit\u00e9 par le Centre for Contemporary and Digital History (C\u00b2DH) de l\u2019Universit\u00e9 du Luxembourg et commandit\u00e9 par le minist\u00e8re de la Justice, retrace l\u2019histoire de la justice au Luxembourg.","og_url":"https:\/\/www.uni.lu\/fr\/news\/","og_site_name":"UNI FR","article_publisher":"https:\/\/www.facebook.com\/uni.lu","og_image":[{"width":800,"height":600,"url":"https:\/\/www.uni.lu\/wp-content\/uploads\/sites\/11\/2021\/12\/livre_histoire_de_la_justice_au_luxembourg_1795_a_nos_jours.jpg","type":"image\/jpeg"}],"twitter_card":"summary_large_image","twitter_misc":{"Dur\u00e9e de lecture estim\u00e9e":"2 minutes"},"schema":{"@context":"https:\/\/schema.org","@graph":[{"@type":"NewsArticle","@id":"https:\/\/www.uni.lu\/fr\/news\/#article","isPartOf":{"@id":"https:\/\/www.uni.lu\/fr\/news\/"},"author":{"name":"","@id":""},"headline":"Livre \u00ab Histoire de la justice au Luxembourg (1795 \u00e0 nos jours) \u00bb","datePublished":"2021-12-08T10:51:32+00:00","dateModified":"2021-12-08T10:51:32+00:00","mainEntityOfPage":{"@id":"https:\/\/www.uni.lu\/fr\/news\/"},"wordCount":330,"publisher":{"@id":"https:\/\/www.uni.lu\/fr\/#organization"},"inLanguage":"fr-FR"},{"@type":"WebPage","@id":"https:\/\/www.uni.lu\/fr\/news\/","url":"https:\/\/www.uni.lu\/fr\/news\/","name":"Livre \u00ab Histoire de la justice au Luxembourg (1795 \u00e0 nos jours) \u00bb - Universit\u00e9 du Luxembourg","isPartOf":{"@id":"https:\/\/www.uni.lu\/fr\/#website"},"datePublished":"2021-12-08T10:51:32+00:00","dateModified":"2021-12-08T10:51:32+00:00","description":"L\u2019ouvrage, \u00e9dit\u00e9 par le Centre for Contemporary and Digital History (C\u00b2DH) de l\u2019Universit\u00e9 du Luxembourg et commandit\u00e9 par le minist\u00e8re de la Justice, retrace l\u2019histoire de la justice au Luxembourg.","breadcrumb":{"@id":"https:\/\/www.uni.lu\/fr\/news\/#breadcrumb"},"inLanguage":"fr-FR","potentialAction":[{"@type":"ReadAction","target":["https:\/\/www.uni.lu\/fr\/news\/"]}]},{"@type":"BreadcrumbList","@id":"https:\/\/www.uni.lu\/fr\/news\/#breadcrumb","itemListElement":[{"@type":"ListItem","position":1,"name":"Home","item":"https:\/\/www.uni.lu\/fr\/"},{"@type":"ListItem","position":2,"name":"News","item":"https:\/\/www.uni.lu\/fr\/news\/"},{"@type":"ListItem","position":3,"name":"Livre \u00ab Histoire de la justice au Luxembourg (1795 \u00e0 nos jours) \u00bb"}]},{"@type":"WebSite","@id":"https:\/\/www.uni.lu\/fr\/#website","url":"https:\/\/www.uni.lu\/fr\/","name":"Uni.lu","description":"Universit\u00e9 du Luxembourg","publisher":{"@id":"https:\/\/www.uni.lu\/fr\/#organization"},"alternateName":"Universit\u00e9 du Luxembourg","potentialAction":[{"@type":"SearchAction","target":{"@type":"EntryPoint","urlTemplate":"https:\/\/www.uni.lu\/fr\/?s={search_term_string}"},"query-input":"required name=search_term_string"}],"inLanguage":"fr-FR"},{"@type":"Organization","@id":"https:\/\/www.uni.lu\/fr\/#organization","name":"Universit\u00e9 du Luxembourg","alternateName":"Uni.lu","url":"https:\/\/www.uni.lu\/fr\/","logo":{"@type":"ImageObject","inLanguage":"fr-FR","@id":"https:\/\/www.uni.lu\/fr\/#\/schema\/logo\/image\/","url":"https:\/\/www.uni.lu\/wp-content\/uploads\/sites\/11\/2026\/03\/03120045\/UNIV_SM-Profile_1600x1600px-scaled.jpg","contentUrl":"https:\/\/www.uni.lu\/wp-content\/uploads\/sites\/11\/2026\/03\/03120045\/UNIV_SM-Profile_1600x1600px-scaled.jpg","width":2560,"height":2560,"caption":"Universit\u00e9 du Luxembourg"},"image":"https:\/\/www.uni.lu\/wp-content\/uploads\/sites\/11\/2026\/04\/24120552\/20200609-Belval-Campus_Henri-Goergen-23.jpg","sameAs":["https:\/\/www.facebook.com\/uni.lu","https:\/\/www.linkedin.com\/school\/university-of-luxembourg\/","https:\/\/www.instagram.com\/uni.lu","https:\/\/www.youtube.com\/@uni_lu","https:\/\/en.wikipedia.org\/wiki\/University_of_Luxembourg"],"email":"communication@uni.lu","telephone":"+352 46 66 44 1","address":{"@type":"PostalAddress","streetAddress":"2, place de l\u2019Universit\u00e9","addressLocality":"Esch-sur-Alzette","postalCode":"4365","addressCountry":"LU"},"description":"Universit\u00e9 du Luxembourg"}]}},"blog_id":11,"_links":{"self":[{"href":"https:\/\/www.uni.lu\/fr\/wp-json\/wp\/v2\/news\/1588"}],"collection":[{"href":"https:\/\/www.uni.lu\/fr\/wp-json\/wp\/v2\/news"}],"about":[{"href":"https:\/\/www.uni.lu\/fr\/wp-json\/wp\/v2\/types\/news"}],"version-history":[{"count":0,"href":"https:\/\/www.uni.lu\/fr\/wp-json\/wp\/v2\/news\/1588\/revisions"}],"wp:attachment":[{"href":"https:\/\/www.uni.lu\/fr\/wp-json\/wp\/v2\/media?parent=1588"}],"wp:term":[{"taxonomy":"news-category","embeddable":true,"href":"https:\/\/www.uni.lu\/fr\/wp-json\/wp\/v2\/news-category?post=1588"},{"taxonomy":"news-topic","embeddable":true,"href":"https:\/\/www.uni.lu\/fr\/wp-json\/wp\/v2\/news-topic?post=1588"},{"taxonomy":"organisation","embeddable":true,"href":"https:\/\/www.uni.lu\/fr\/wp-json\/wp\/v2\/organisation?post=1588"}],"curies":[{"name":"wp","href":"https:\/\/api.w.org\/{rel}","templated":true}]}}